{"id":24690,"date":"2021-05-04T15:20:10","date_gmt":"2021-05-04T14:20:10","guid":{"rendered":"https:\/\/about.fb.com\/de\/?p=24690"},"modified":"2021-05-04T15:49:19","modified_gmt":"2021-05-04T14:49:19","slug":"gespraechskreis-digitalitaet-und-verantwortung","status":"publish","type":"post","link":"https:\/\/about.fb.com\/de\/news\/2021\/05\/gespraechskreis-digitalitaet-und-verantwortung\/","title":{"rendered":"Gespr\u00e4chskreis Digitalit\u00e4t und Verantwortung"},"content":{"rendered":"<p>Im Januar 2018 hat Facebook in enger Zusammenarbeit mit dem Theologen und Ethiker Prof. Dr. Peter Dabrock, ehemaliger Vorsitzender des Deutschen Ethikrates, den \u201cGespr\u00e4chskreis Digitalit\u00e4t und Verantwortung\u201d ins Leben gerufen.<\/p>\n<p>Der Gespr\u00e4chskreis Digitalit\u00e4t und Verantwortung agiert unabh\u00e4ngig und dient einem wechselseitigen Austausch zwischen Facebook und ausgew\u00e4hlten Wissenschaftlerinnen und Wissenschaftlern zu unterschiedlichen Themenfeldern des digitalen Wandels. Auf die Auswahl der unentgeltlich Teilnehmenden nimmt Facebook keinen Einfluss.<\/p>\n<p>An diesem Kreis nehmen derzeit teil:<\/p>\n<ul>\n<li>Prof. Peter Dabrock, Universit\u00e4t Erlangen-N\u00fcrnberg, ehemals Vorsitzender des Deutschen Ethikrates<\/li>\n<li>Prof. Steffen Augsberg, Justus-Liebig-Universit\u00e4t Gie\u00dfen<\/li>\n<li>Dr. Thorsten Benner, Global Public Policy Institute (GPPI)<\/li>\n<li>Prof. Irene Bertschek,Justus-Liebig-Universit\u00e4t Gie\u00dfen &amp; Zentrum f\u00fcr Europ\u00e4ische Wirtschaftsforschung (ZEW) in Mannheim<\/li>\n<li>Dr. Wolfgang Gr\u00fcndinger, <span style=\"font-weight: 400\">Cyber Innovation Hub der Bundeswehr<\/span><\/li>\n<li>Prof. Jeanette Hofmann, Freie Universit\u00e4t Berlin<\/li>\n<li>Prof. Tobias Matzner, Universit\u00e4t Paderborn<\/li>\n<li>Dr. Christian Montag, Universit\u00e4t Ulm &amp; UESTC in Chengdu, China<\/li>\n<li>Prof. Armin Nassehi, Ludwig Maximilian Universit\u00e4t M\u00fcnchen<\/li>\n<li>Dr. Matthias Quent, Institut f\u00fcr Demokratie und Zivilgesellschaft Jena<\/li>\n<li>Prof. Henning V\u00f6pel, Hamburger Weltwirtschaftsinstitut (HWWI)<\/li>\n<li>Prof. Wolfgang Schulz, Hans-Bredow-Institut<\/li>\n<\/ul>\n<p><span style=\"font-weight: 400\">Die n\u00e4chste Sitzung wird im Juni 2021 stattfinden.<\/span><\/p>\n<p>Informationen zu bisherigen Aktivit\u00e4ten:<\/p>\n<ul>\n<li><a href=\"https:\/\/about.fb.com\/de\/news\/2021\/03\/gespraechskreis-digitalitaet-und-verantwortung-sitzung-vom-19-maerz-2021\/\">Sitzung vom 19. M\u00e4rz 2021<\/a><\/li>\n<li><a href=\"https:\/\/about.fb.com\/de\/news\/2020\/12\/gespraechskreis-digitalitaet-und-verantwortung-sitzung-vom-4-dezember-2020\/\" target=\"_blank\" rel=\"noopener\">Sitzung vom 4. Dezember 2020<\/a><\/li>\n<li><a href=\"https:\/\/about.fb.com\/de\/news\/h\/gespraechskreis-digitalitaet-und-verantwortung-sitzung-vom-17-juli-2020\/\">Sitzung vom 17. Juli 2020\u00a0<\/a><\/li>\n<li><a href=\"https:\/\/about.fb.com\/de\/news\/h\/gespraechskreis-digitalitaet-und-verantwortung-sitzung-vom-14-februar-2020\/\">Sitzung vom 14. Februar 2020\u00a0<\/a><\/li>\n<li><a href=\"https:\/\/about.fb.com\/de\/news\/h\/sitzung-vom-6-november-2019\/\">Sitzung vom 6. November 2019<\/a><\/li>\n<li><a href=\"https:\/\/about.fb.com\/de\/news\/h\/gespraechskreis-digitalitaet-und-verantwortung-2\/\">Arbeitssitzung in Menlo Park im Oktober 2018<\/a><\/li>\n<li><a href=\"https:\/\/about.fb.com\/de\/news\/h\/gespraechskreis-digitalitaet-und-verantwortung\">Ank\u00fcndigung im Januar 2018<\/a><\/li>\n<\/ul>\n","protected":false},"excerpt":{"rendered":"Im Januar 2018 hat Facebook in enger Zusammenarbeit mit dem Theologen und Ethiker Prof. Dr. Peter Dabrock, ehemaliger Vorsitzender des Deutschen Ethikrates, den \u201cGespr\u00e4chskreis Digitalit\u00e4t und Verantwortung\u201d ins Leben gerufen. Der Gespr\u00e4chskreis Digitalit\u00e4t und Verantwortung agiert unabh\u00e4ngig und dient einem wechselseitigen Austausch zwischen Facebook und ausgew\u00e4hlten Wissenschaftlerinnen und Wissenschaftlern zu unterschiedlichen Themenfeldern des digitalen Wandels. Auf die Auswahl der unentgeltlich Teilnehmenden nimmt Facebook keinen Einfluss. An diesem Kreis nehmen derzeit teil: Prof. Peter Dabrock, Universit\u00e4t Erlangen-N\u00fcrnberg, ehemals Vorsitzender des Deutschen Ethikrates Prof. Steffen Augsberg, Justus-Liebig-Universit\u00e4t Gie\u00dfen Dr. Thorsten Benner, Global Public Policy Institute (GPPI) Prof. Irene Bertschek,Justus-Liebig-Universit\u00e4t Gie\u00dfen &amp; Zentrum f\u00fcr Europ\u00e4ische Wirtschaftsforschung (ZEW) in Mannheim Dr. Wolfgang Gr\u00fcndinger, Cyber Innovation Hub der Bundeswehr Prof. Jeanette Hofmann, Freie Universit\u00e4t Berlin Prof. Tobias Matzner, Universit\u00e4t Paderborn Dr. Christian Montag, Universit\u00e4t Ulm &amp; UESTC in Chengdu, China Prof. Armin Nassehi, Ludwig Maximilian Universit\u00e4t M\u00fcnchen Dr. Matthias Quent, Institut f\u00fcr Demokratie und Zivilgesellschaft Jena Prof. Henning V\u00f6pel, Hamburger Weltwirtschaftsinstitut (HWWI) Prof. Wolfgang Schulz, Hans-Bredow-Institut Die n\u00e4chste Sitzung wird im Juni 2021 stattfinden. Informationen zu bisherigen Aktivit\u00e4ten: Sitzung vom 19. M\u00e4rz 2021 Sitzung vom 4. Dezember 2020 Sitzung vom 17. Juli 2020\u00a0 Sitzung vom 14. Februar 2020\u00a0 Sitzung vom 6. November 2019 Arbeitssitzung in Menlo Park im Oktober 2018 Ank\u00fcndigung im Januar 2018","protected":false},"author":116743763,"featured_media":0,"comment_status":"closed","ping_status":"closed","sticky":false,"template":"","format":"standard","meta":{"_jetpack_memberships_contains_paid_content":false,"footnotes":""},"categories":[555973442],"tags":[555973576,555973577],"class_list":["post-24690","post","type-post","status-publish","format-standard","hentry","category-meta","tag-digitalitaet","tag-verantwortung"],"yoast_head":"<!-- This site is optimized with the Yoast SEO plugin v27.2 - https:\/\/yoast.com\/product\/yoast-seo-wordpress\/ -->\n<title>Gespr\u00e4chskreis Digitalit\u00e4t und Verantwortung | \u00dcber Meta<\/title>\n<meta name=\"robots\" content=\"index, follow, max-snippet:-1, max-image-preview:large, max-video-preview:-1\" \/>\n<link rel=\"canonical\" href=\"https:\/\/about.fb.com\/de\/news\/2021\/05\/gespraechskreis-digitalitaet-und-verantwortung\/\" \/>\n<meta property=\"og:locale\" content=\"de_DE\" \/>\n<meta property=\"og:type\" content=\"article\" \/>\n<meta property=\"og:title\" content=\"Gespr\u00e4chskreis Digitalit\u00e4t und Verantwortung | \u00dcber Meta\" \/>\n<meta property=\"og:description\" content=\"Im Januar 2018 hat Facebook in enger Zusammenarbeit mit dem Theologen und Ethiker Prof. Dr. Peter Dabrock, ehemaliger Vorsitzender des Deutschen Ethikrates, den \u201cGespr\u00e4chskreis Digitalit\u00e4t und Verantwortung\u201d ins Leben gerufen. Der Gespr\u00e4chskreis Digitalit\u00e4t und Verantwortung agiert unabh\u00e4ngig und dient einem wechselseitigen Austausch zwischen Facebook und ausgew\u00e4hlten Wissenschaftlerinnen und Wissenschaftlern zu unterschiedlichen Themenfeldern des digitalen Wandels. Auf die Auswahl der unentgeltlich Teilnehmenden nimmt Facebook keinen Einfluss. An diesem Kreis nehmen derzeit teil: Prof. Peter Dabrock, Universit\u00e4t Erlangen-N\u00fcrnberg, ehemals Vorsitzender des Deutschen Ethikrates Prof. Steffen Augsberg, Justus-Liebig-Universit\u00e4t Gie\u00dfen Dr. Thorsten Benner, Global Public Policy Institute (GPPI) Prof. Irene Bertschek,Justus-Liebig-Universit\u00e4t Gie\u00dfen &amp; Zentrum f\u00fcr Europ\u00e4ische Wirtschaftsforschung (ZEW) in Mannheim Dr. Wolfgang Gr\u00fcndinger, Cyber Innovation Hub der Bundeswehr Prof. Jeanette Hofmann, Freie Universit\u00e4t Berlin Prof. Tobias Matzner, Universit\u00e4t Paderborn Dr. Christian Montag, Universit\u00e4t Ulm &amp; UESTC in Chengdu, China Prof. Armin Nassehi, Ludwig Maximilian Universit\u00e4t M\u00fcnchen Dr. Matthias Quent, Institut f\u00fcr Demokratie und Zivilgesellschaft Jena Prof. Henning V\u00f6pel, Hamburger Weltwirtschaftsinstitut (HWWI) Prof. Wolfgang Schulz, Hans-Bredow-Institut Die n\u00e4chste Sitzung wird im Juni 2021 stattfinden. Informationen zu bisherigen Aktivit\u00e4ten: Sitzung vom 19. M\u00e4rz 2021 Sitzung vom 4. Dezember 2020 Sitzung vom 17. Juli 2020\u00a0 Sitzung vom 14. Februar 2020\u00a0 Sitzung vom 6. November 2019 Arbeitssitzung in Menlo Park im Oktober 2018 Ank\u00fcndigung im Januar 2018\" \/>\n<meta property=\"og:url\" content=\"https:\/\/about.fb.com\/de\/news\/2021\/05\/gespraechskreis-digitalitaet-und-verantwortung\/\" \/>\n<meta property=\"og:site_name\" content=\"\u00dcber Meta\" \/>\n<meta property=\"article:published_time\" content=\"2021-05-04T14:20:10+00:00\" \/>\n<meta property=\"article:modified_time\" content=\"2021-05-04T14:49:19+00:00\" \/>\n<meta property=\"og:image\" content=\"https:\/\/about.fb.com\/de\/wp-content\/uploads\/sites\/10\/2021\/10\/meta-social-16x9-1.jpg?resize=1024,576\" \/>\n\t<meta property=\"og:image:width\" content=\"1024\" \/>\n\t<meta property=\"og:image:height\" content=\"576\" \/>\n\t<meta property=\"og:image:type\" content=\"image\/jpeg\" \/>\n<meta name=\"author\" content=\"Trilligent\" \/>\n<meta name=\"twitter:card\" content=\"summary_large_image\" \/>\n<meta name=\"twitter:label1\" content=\"Written by\" \/>\n\t<meta name=\"twitter:data1\" content=\"Meta\" \/>\n\t<meta name=\"twitter:label2\" content=\"Est. reading time\" \/>\n\t<meta name=\"twitter:data2\" content=\"1 Minute\" \/>\n<script type=\"application\/ld+json\" class=\"yoast-schema-graph\">{\"@context\":\"https:\/\/schema.org\",\"@graph\":[{\"@type\":\"Article\",\"@id\":\"https:\/\/about.fb.com\/de\/news\/2021\/05\/gespraechskreis-digitalitaet-und-verantwortung\/#article\",\"isPartOf\":{\"@id\":\"https:\/\/about.fb.com\/de\/news\/2021\/05\/gespraechskreis-digitalitaet-und-verantwortung\/\"},\"author\":\"Facebook company\",\"headline\":\"Gespr\u00e4chskreis Digitalit\u00e4t und Verantwortung\",\"datePublished\":\"2021-05-04T14:20:10+00:00\",\"dateModified\":\"2021-05-04T14:49:19+00:00\",\"mainEntityOfPage\":{\"@id\":\"https:\/\/about.fb.com\/de\/news\/2021\/05\/gespraechskreis-digitalitaet-und-verantwortung\/\"},\"wordCount\":228,\"publisher\":{\"@id\":\"https:\/\/about.fb.com\/de\/#organization\"},\"keywords\":[\"Digitalit\u00e4t\",\"Verantwortung\"],\"articleSection\":[\"Meta\"],\"inLanguage\":\"de-DE\"},{\"@type\":\"WebPage\",\"@id\":\"https:\/\/about.fb.com\/de\/news\/2021\/05\/gespraechskreis-digitalitaet-und-verantwortung\/\",\"url\":\"https:\/\/about.fb.com\/de\/news\/2021\/05\/gespraechskreis-digitalitaet-und-verantwortung\/\",\"name\":\"Gespr\u00e4chskreis Digitalit\u00e4t und Verantwortung | \u00dcber Meta\",\"isPartOf\":{\"@id\":\"https:\/\/about.fb.com\/de\/#website\"},\"datePublished\":\"2021-05-04T14:20:10+00:00\",\"dateModified\":\"2021-05-04T14:49:19+00:00\",\"breadcrumb\":{\"@id\":\"https:\/\/about.fb.com\/de\/news\/2021\/05\/gespraechskreis-digitalitaet-und-verantwortung\/#breadcrumb\"},\"inLanguage\":\"de-DE\",\"potentialAction\":[{\"@type\":\"ReadAction\",\"target\":[\"https:\/\/about.fb.com\/de\/news\/2021\/05\/gespraechskreis-digitalitaet-und-verantwortung\/\"]}],\"author\":\"\u00dcber Meta\"},{\"@type\":\"BreadcrumbList\",\"@id\":\"https:\/\/about.fb.com\/de\/news\/2021\/05\/gespraechskreis-digitalitaet-und-verantwortung\/#breadcrumb\",\"itemListElement\":[{\"@type\":\"ListItem\",\"position\":1,\"name\":\"Home\",\"item\":\"https:\/\/about.fb.com\/de\/\"},{\"@type\":\"ListItem\",\"position\":2,\"name\":\"Gespr\u00e4chskreis Digitalit\u00e4t und Verantwortung\"}]},{\"@type\":\"WebSite\",\"@id\":\"https:\/\/about.fb.com\/de\/#website\",\"url\":\"https:\/\/about.fb.com\/news\/\",\"name\":\"\u00dcber Meta\",\"description\":\"\",\"publisher\":{\"@id\":\"https:\/\/about.fb.com\/de\/#organization\"},\"potentialAction\":[{\"@type\":\"SearchAction\",\"target\":{\"@type\":\"EntryPoint\",\"urlTemplate\":\"https:\/\/about.fb.com\/de\/?s={search_term_string}\"},\"query-input\":{\"@type\":\"PropertyValueSpecification\",\"valueRequired\":true,\"valueName\":\"search_term_string\"}}],\"inLanguage\":\"de-DE\",\"alternateName\":[\"Meta Newsroom\",\"Meta\"]},{\"@type\":\"Organization\",\"@id\":\"https:\/\/about.fb.com\/de\/#organization\",\"name\":\"Meta\",\"url\":\"https:\/\/about.fb.com\/de\/\",\"logo\":{\"@type\":\"ImageObject\",\"inLanguage\":\"de-DE\",\"@id\":\"https:\/\/about.fb.com\/de\/#\/schema\/logo\/image\/\",\"url\":\"https:\/\/about.fb.com\/de\/wp-content\/uploads\/sites\/10\/2021\/10\/meta-social-16x9-1.jpg?fit=8000%2C4500\",\"contentUrl\":\"https:\/\/about.fb.com\/de\/wp-content\/uploads\/sites\/10\/2021\/10\/meta-social-16x9-1.jpg?fit=8000%2C4500\",\"width\":8000,\"height\":4500,\"caption\":\"Meta\"},\"image\":{\"@id\":\"https:\/\/about.fb.com\/de\/#\/schema\/logo\/image\/\"}}]}<\/script>\n<!-- \/ Yoast SEO plugin. -->","yoast_head_json":{"title":"Gespr\u00e4chskreis Digitalit\u00e4t und Verantwortung | \u00dcber Meta","robots":{"index":"index","follow":"follow","max-snippet":"max-snippet:-1","max-image-preview":"max-image-preview:large","max-video-preview":"max-video-preview:-1"},"canonical":"https:\/\/about.fb.com\/de\/news\/2021\/05\/gespraechskreis-digitalitaet-und-verantwortung\/","og_locale":"de_DE","og_type":"article","og_title":"Gespr\u00e4chskreis Digitalit\u00e4t und Verantwortung | \u00dcber Meta","og_description":"Im Januar 2018 hat Facebook in enger Zusammenarbeit mit dem Theologen und Ethiker Prof. Dr. Peter Dabrock, ehemaliger Vorsitzender des Deutschen Ethikrates, den \u201cGespr\u00e4chskreis Digitalit\u00e4t und Verantwortung\u201d ins Leben gerufen. Der Gespr\u00e4chskreis Digitalit\u00e4t und Verantwortung agiert unabh\u00e4ngig und dient einem wechselseitigen Austausch zwischen Facebook und ausgew\u00e4hlten Wissenschaftlerinnen und Wissenschaftlern zu unterschiedlichen Themenfeldern des digitalen Wandels. Auf die Auswahl der unentgeltlich Teilnehmenden nimmt Facebook keinen Einfluss. An diesem Kreis nehmen derzeit teil: Prof. Peter Dabrock, Universit\u00e4t Erlangen-N\u00fcrnberg, ehemals Vorsitzender des Deutschen Ethikrates Prof. Steffen Augsberg, Justus-Liebig-Universit\u00e4t Gie\u00dfen Dr. Thorsten Benner, Global Public Policy Institute (GPPI) Prof. Irene Bertschek,Justus-Liebig-Universit\u00e4t Gie\u00dfen &amp; Zentrum f\u00fcr Europ\u00e4ische Wirtschaftsforschung (ZEW) in Mannheim Dr. Wolfgang Gr\u00fcndinger, Cyber Innovation Hub der Bundeswehr Prof. Jeanette Hofmann, Freie Universit\u00e4t Berlin Prof. Tobias Matzner, Universit\u00e4t Paderborn Dr. Christian Montag, Universit\u00e4t Ulm &amp; UESTC in Chengdu, China Prof. Armin Nassehi, Ludwig Maximilian Universit\u00e4t M\u00fcnchen Dr. Matthias Quent, Institut f\u00fcr Demokratie und Zivilgesellschaft Jena Prof. Henning V\u00f6pel, Hamburger Weltwirtschaftsinstitut (HWWI) Prof. Wolfgang Schulz, Hans-Bredow-Institut Die n\u00e4chste Sitzung wird im Juni 2021 stattfinden. Informationen zu bisherigen Aktivit\u00e4ten: Sitzung vom 19. M\u00e4rz 2021 Sitzung vom 4. Dezember 2020 Sitzung vom 17. Juli 2020\u00a0 Sitzung vom 14. Februar 2020\u00a0 Sitzung vom 6. November 2019 Arbeitssitzung in Menlo Park im Oktober 2018 Ank\u00fcndigung im Januar 2018","og_url":"https:\/\/about.fb.com\/de\/news\/2021\/05\/gespraechskreis-digitalitaet-und-verantwortung\/","og_site_name":"\u00dcber Meta","article_published_time":"2021-05-04T14:20:10+00:00","article_modified_time":"2021-05-04T14:49:19+00:00","og_image":[{"width":1024,"height":576,"url":"https:\/\/about.fb.com\/de\/wp-content\/uploads\/sites\/10\/2021\/10\/meta-social-16x9-1.jpg?resize=1024,576","type":"image\/jpeg"}],"author":"Trilligent","twitter_card":"summary_large_image","twitter_misc":{"Written by":"Meta","Est. reading time":"1 Minute"},"schema":{"@context":"https:\/\/schema.org","@graph":[{"@type":"Article","@id":"https:\/\/about.fb.com\/de\/news\/2021\/05\/gespraechskreis-digitalitaet-und-verantwortung\/#article","isPartOf":{"@id":"https:\/\/about.fb.com\/de\/news\/2021\/05\/gespraechskreis-digitalitaet-und-verantwortung\/"},"author":"Facebook company","headline":"Gespr\u00e4chskreis Digitalit\u00e4t und Verantwortung","datePublished":"2021-05-04T14:20:10+00:00","dateModified":"2021-05-04T14:49:19+00:00","mainEntityOfPage":{"@id":"https:\/\/about.fb.com\/de\/news\/2021\/05\/gespraechskreis-digitalitaet-und-verantwortung\/"},"wordCount":228,"publisher":{"@id":"https:\/\/about.fb.com\/de\/#organization"},"keywords":["Digitalit\u00e4t","Verantwortung"],"articleSection":["Meta"],"inLanguage":"de-DE"},{"@type":"WebPage","@id":"https:\/\/about.fb.com\/de\/news\/2021\/05\/gespraechskreis-digitalitaet-und-verantwortung\/","url":"https:\/\/about.fb.com\/de\/news\/2021\/05\/gespraechskreis-digitalitaet-und-verantwortung\/","name":"Gespr\u00e4chskreis Digitalit\u00e4t und Verantwortung | \u00dcber Meta","isPartOf":{"@id":"https:\/\/about.fb.com\/de\/#website"},"datePublished":"2021-05-04T14:20:10+00:00","dateModified":"2021-05-04T14:49:19+00:00","breadcrumb":{"@id":"https:\/\/about.fb.com\/de\/news\/2021\/05\/gespraechskreis-digitalitaet-und-verantwortung\/#breadcrumb"},"inLanguage":"de-DE","potentialAction":[{"@type":"ReadAction","target":["https:\/\/about.fb.com\/de\/news\/2021\/05\/gespraechskreis-digitalitaet-und-verantwortung\/"]}],"author":"\u00dcber Meta"},{"@type":"BreadcrumbList","@id":"https:\/\/about.fb.com\/de\/news\/2021\/05\/gespraechskreis-digitalitaet-und-verantwortung\/#breadcrumb","itemListElement":[{"@type":"ListItem","position":1,"name":"Home","item":"https:\/\/about.fb.com\/de\/"},{"@type":"ListItem","position":2,"name":"Gespr\u00e4chskreis Digitalit\u00e4t und Verantwortung"}]},{"@type":"WebSite","@id":"https:\/\/about.fb.com\/de\/#website","url":"https:\/\/about.fb.com\/news\/","name":"\u00dcber Meta","description":"","publisher":{"@id":"https:\/\/about.fb.com\/de\/#organization"},"potentialAction":[{"@type":"SearchAction","target":{"@type":"EntryPoint","urlTemplate":"https:\/\/about.fb.com\/de\/?s={search_term_string}"},"query-input":{"@type":"PropertyValueSpecification","valueRequired":true,"valueName":"search_term_string"}}],"inLanguage":"de-DE","alternateName":["Meta Newsroom","Meta"]},{"@type":"Organization","@id":"https:\/\/about.fb.com\/de\/#organization","name":"Meta","url":"https:\/\/about.fb.com\/de\/","logo":{"@type":"ImageObject","inLanguage":"de-DE","@id":"https:\/\/about.fb.com\/de\/#\/schema\/logo\/image\/","url":"https:\/\/about.fb.com\/de\/wp-content\/uploads\/sites\/10\/2021\/10\/meta-social-16x9-1.jpg?fit=8000%2C4500","contentUrl":"https:\/\/about.fb.com\/de\/wp-content\/uploads\/sites\/10\/2021\/10\/meta-social-16x9-1.jpg?fit=8000%2C4500","width":8000,"height":4500,"caption":"Meta"},"image":{"@id":"https:\/\/about.fb.com\/de\/#\/schema\/logo\/image\/"}}]}},"jetpack_featured_media_url":"","jetpack-related-posts":[],"jetpack_sharing_enabled":true,"amp_enabled":true,"_links":{"self":[{"href":"https:\/\/about.fb.com\/de\/wp-json\/wp\/v2\/posts\/24690","targetHints":{"allow":["GET"]}}],"collection":[{"href":"https:\/\/about.fb.com\/de\/wp-json\/wp\/v2\/posts"}],"about":[{"href":"https:\/\/about.fb.com\/de\/wp-json\/wp\/v2\/types\/post"}],"author":[{"embeddable":true,"href":"https:\/\/about.fb.com\/de\/wp-json\/wp\/v2\/users\/116743763"}],"replies":[{"embeddable":true,"href":"https:\/\/about.fb.com\/de\/wp-json\/wp\/v2\/comments?post=24690"}],"version-history":[{"count":9,"href":"https:\/\/about.fb.com\/de\/wp-json\/wp\/v2\/posts\/24690\/revisions"}],"predecessor-version":[{"id":25844,"href":"https:\/\/about.fb.com\/de\/wp-json\/wp\/v2\/posts\/24690\/revisions\/25844"}],"wp:attachment":[{"href":"https:\/\/about.fb.com\/de\/wp-json\/wp\/v2\/media?parent=24690"}],"wp:term":[{"taxonomy":"category","embeddable":true,"href":"https:\/\/about.fb.com\/de\/wp-json\/wp\/v2\/categories?post=24690"},{"taxonomy":"post_tag","embeddable":true,"href":"https:\/\/about.fb.com\/de\/wp-json\/wp\/v2\/tags?post=24690"}],"curies":[{"name":"wp","href":"https:\/\/api.w.org\/{rel}","templated":true}]}}