{"id":10718,"date":"2019-10-15T11:09:45","date_gmt":"2019-10-15T10:09:45","guid":{"rendered":"http:\/\/de.newsroom.fb.com\/?p=10718"},"modified":"2021-06-04T08:19:42","modified_gmt":"2021-06-04T07:19:42","slug":"facebook-watch-bringt-publisher-und-creators-in-europa-zusammen","status":"publish","type":"post","link":"https:\/\/about.fb.com\/de\/news\/2019\/10\/facebook-watch-bringt-publisher-und-creators-in-europa-zusammen\/","title":{"rendered":"Facebook Watch bringt Publisher und Creators in Europa zusammen"},"content":{"rendered":"<p><span style=\"font-weight: 400\">Unser Video-Angebot bei <\/span><a href=\"https:\/\/de.newsroom.fb.com\/news\/2018\/12\/facebook-watch-was-wir-erreicht-haben-und-wie-die-reise-weitergeht\/\"><span style=\"font-weight: 400\">Facebook Watch<\/span><\/a><span style=\"font-weight: 400\"> hat sich stark weiterentwickelt, seit wir im Rahmen der letztj\u00e4hrigen MIPCOM unsere Vision f\u00fcr neue Formate pr\u00e4sentiert haben. Innerhalb von zw\u00f6lf Monaten haben wir nicht nur interessanten Original Content vorgestellt, sondern dank der Einf\u00fchrung von Ad Breaks auch \u00fcberzeugende organische Inhalte f\u00fcr uns gewinnen k\u00f6nnen. Dar\u00fcber hinaus haben wir damit begonnen, in den Bereichen Nachrichten, Sport und Entertainment direkt in Inhalte mit Partnern zu investieren. Als n\u00e4chsten Schritt starten wir in Deutschland nun eine neue Initiative, die digitale Publisher mit beliebten Creators und <\/span><span style=\"font-weight: 400\">Personen wie z.B. <\/span><span style=\"font-weight: 400\">Prominenten zusammenbringt. Brainpool und Burda sind die ersten deutschen Partner im Rahmen dieser neuen Initiative.\u00a0<\/span><\/p>\n<p><b>Spannende Neuheiten und Inhalte f\u00fcr Facebook Watch<\/b><\/p>\n<p><span style=\"font-weight: 400\">Brainpool wird f\u00fcr Watch w\u00f6chentlich jeweils ein viermin\u00fctiges Video mit dem Rapper Eko Fresh und der Schauspielerin Joyce Ilg produzieren. Burda pr\u00e4sentiert unter seiner Marke Bunte.de \u00e4hnliche Formate unter anderem mit Ilka Bessin, die als \u201eCindy aus Marzahn\u201c bekannt wurde. Bis zum Jahresende werden noch zahlreiche Partnerschaften dieser Art folgen.<\/span><\/p>\n<p><span style=\"font-weight: 400\">Unsere Initiative baut auf den Erfolgen unserer bisherigen Zusammenarbeit mit etablierten Publishern weltweit auf, um neuen, lokalen Content f\u00fcr Facebook Watch zu schaffen. Wir investieren strategisch in die Produktion von Formaten, die die bereits bestehenden, origin\u00e4ren Inhalte der Publisher erg\u00e4nzen und auf ihren bereits aktiven Facebook Communities und Fans aufbauen. K\u00fcrzlich haben wir eine <\/span><a href=\"https:\/\/de.newsroom.fb.com\/news\/2019\/06\/neuigkeiten-rund-um-facebook-watch-prosiebensat-1-und-facebook-schliessen-kooperation-fuer-content-und-produktion\/\"><span style=\"font-weight: 400\">Entertainment-Partnerschaft mit ProSiebenSat.1<\/span><\/a><span style=\"font-weight: 400\"> angek\u00fcndigt, die mit exklusiven Pre- und After-Shows sowie Interviews und Spin-Offs t beliebte Shows wie <\/span><i><span style=\"font-weight: 400\">The Voice of Germany<\/span><\/i><span style=\"font-weight: 400\"> auch auf Facebook Watch ausweitet. Dar\u00fcber hinaus konnten wir in Deutschland bereits <\/span><a href=\"https:\/\/de.newsroom.fb.com\/news\/2019\/07\/watch_rtl2\/\"><span style=\"font-weight: 400\">RTL II f\u00fcr exklusive Entertainment-Inhalte<\/span><\/a><span style=\"font-weight: 400\"> sowie die Verlagsh\u00e4user <\/span><a href=\"https:\/\/de.newsroom.fb.com\/news\/2019\/09\/video-inhalte-deutscher-verlagshaeuser-auf-facebook-watch\/\"><span style=\"font-weight: 400\">Axel Springer, Burda und Gruner + Jahr<\/span><\/a><span style=\"font-weight: 400\"> f\u00fcr Nachrichten-Inhalte auf Facebook Watch gewinnen.\u00a0<\/span><\/p>\n<p><b>Individual Creators und People Publisher<\/b><\/p>\n<p><span style=\"font-weight: 400\">Wir wollen, dass Menschen auf der ganzen Welt bei Facebook Watch genau die Videos finden, die f\u00fcr sie relevant sind. Und da Videos in sozialen Medien auch eine zentrale Rolle spielen, wollen wir unsere Zusammenarbeit mit Publishern weiter ausbauen, um sie dabei zu unterst\u00fctzen, noch mehr Menschen zu erreichen, noch st\u00e4rker mit ihnen zu interagieren und so nachhaltige Gesch\u00e4ftsmodelle aufzubauen.\u00a0<\/span><\/p>\n<p><span style=\"font-weight: 400\">Hierf\u00fcr starten wir nun diese neue Initiative, die digitale Publisher mit beliebten Creators und <\/span><span style=\"font-weight: 400\">Top-Talenten wie <\/span><span style=\"font-weight: 400\">Social Influencern, Kreativen oder Prominenten zusammenbringen soll, welche bereits eine Fangemeinde bei Facebook aufgebaut haben. Diese Verbindung von Kreativit\u00e4t und Leidenschaft auf Seiten der Publisher und den individuellen Communities der Creators wird nun in Europa erstmals getestet.\u00a0<\/span><\/p>\n<p><span style=\"font-weight: 400\">Wir werden diese Zusammenarbeit finanziell unterst\u00fctzen, damit exklusive Inhalte f\u00fcr Facebook Watch entstehen. Wir freuen uns, dass wir, neben Deutschland, heute die ersten Partnerschaften in\u00a0 Frankreich, Italien, Spanien und im Vereinigten K\u00f6nigreich ank\u00fcndigen k\u00f6nnen.\u00a0<\/span><\/p>\n<p><b>Bisherige Entwicklungen<\/b><\/p>\n<p><span style=\"font-weight: 400\">Wir haben in diesem Jahr damit begonnen, diese Initiative in den USA zu testen und freuen uns sehr \u00fcber die erzielten Fortschritte. Hier ist ein \u00dcberblick unserer bisherigen Erfahrungen:<\/span><\/p>\n<ul>\n<li style=\"font-weight: 400\"><b>Creators und People Publisher<\/b><span style=\"font-weight: 400\"> ver\u00e4ndern das Erlebnis der Fanbeziehung, indem sie mit ihrem Zielpublikum &#8211; dank Facebook-Gruppen, Fan-Badges, Stories und einer nahtlos integrierten Nutzung von Instagram \u2013 wesentlich intensiver in Kontakt treten k\u00f6nnen. Nehmen wir zum Beispiel die weltweit erfolgreiche Selbsthilfe-Ikone Maria Marin: Jede Woche haben ihre 2,5 Millionen Facebook-Follower die M\u00f6glichkeit, ihre motivierenden Botschaften Live auf Facebook in ihrer innovativen Show <\/span><i><span style=\"font-weight: 400\">Maria Marin Live<\/span><\/i><span style=\"font-weight: 400\"> zu erleben \u2013 und mit ihr zu interagieren.<\/span><\/li>\n<li style=\"font-weight: 400\"><b>Creators<\/b><span style=\"font-weight: 400\"> verlassen ihre Komfortzone und experimentieren mit neuen Formaten, w\u00e4hrend Publisher ihre Beziehungen mit neu gewonnenen Fans pflegen und vertiefen. Ein tolles Beispiel hierf\u00fcr ist <\/span><a href=\"https:\/\/www.facebook.com\/theplayerstribune\/\"><span style=\"font-weight: 400\">The Players&#8216; Tribune&#8217;s House Guests<\/span><\/a><span style=\"font-weight: 400\">, eine Show, in der Gastgeber und NBA-Star <\/span><a href=\"https:\/\/www.facebook.com\/NateRobinson\/\"><span style=\"font-weight: 400\">Nate Robinson<\/span><\/a><span style=\"font-weight: 400\"> Prominente wie Rick Ross, Tony Hawk und DeAndre Jordan besucht. Dabei gew\u00e4hrt er den Fans Einblicke in das pers\u00f6nliche Leben ihrer Stars und zeigt was ihre Idole antreibt.\u00a0<\/span><\/li>\n<\/ul>\n<p><span style=\"font-weight: 400\">Auf Facebook lassen sich aktuell zwei wichtige Entwicklungen mit riesigem Potenzial beobachten: Das Wachstum von digital-first Videos f\u00fchrender internationaler Marken sowie der steigende Einfluss und die wachsende kulturelle Bedeutung von Creators und People Publisher.\u00a0<\/span><\/p>\n<p><span style=\"font-weight: 400\">Nach einem erfolgreichen ersten Jahr freuen wir uns darauf zu erleben, welche abwechslungsreichen und spannenden Formate diese neuen Partnerschaften bei Facebook Watch weltweit hervorbringen werden.<\/span><\/p>\n<p>***<\/p>\n<p><strong>Hier ein \u00dcberblick zu den Shows, die von Creators bei Facebook Watch in Deutschland starten:<\/strong><\/p>\n<ul>\n<li><span style=\"font-weight: 400\">Brainpoo<\/span><span style=\"font-weight: 400\">l: \u201eEk to the Roots\u201c mit <\/span><a href=\"https:\/\/www.facebook.com\/ekofreezy\/\"><span style=\"font-weight: 400\">Eko Fresh<\/span><\/a><span style=\"font-weight: 400\">. Eko Fresh ist seit 20 Jahren im Rap-Business aktiv. In der Show schwelgt er mit anderen aus der Branche in Erinnerungen. W\u00f6chentliche Episoden mit einer L\u00e4nge von 4 Minuten.<\/span><\/li>\n<li><span style=\"font-weight: 400\">Brainpool<\/span><span style=\"font-weight: 400\">: \u201eFake Date\u201c mit<\/span> <a href=\"https:\/\/www.facebook.com\/joyceilg\/\">Joyce Ilg<\/a><span style=\"font-weight: 400\">. Ahnungslose M\u00e4nner, die auf Dating-Apps unterwegs sind, erleben das schlimmste Date aller Zeiten. Bei manipulierten Dates, die \u00fcber In-Ear-Kopfh\u00f6rer von Joyce Ilg angeleitet werden, werden sie an der Nase herumgef\u00fchrt. W\u00f6chentliche Episoden mit einer L\u00e4nge von 4 Minuten.<\/span><\/li>\n<li><span style=\"font-weight: 400\">Burda<\/span><span style=\"font-weight: 400\">: \u201eIlka \u2013 EXTRA scharf\u201c mit Ilka Bessin. Ilka Bessin trifft bei einem Blind-Date in einem Fast-Food-Restaurant andere Prominente und bringt sie beim Essen einer extrascharfen Currywurst mit Wahrheit- oder Pflicht-Fragen zum Schwitzen. W\u00f6chentliche Episoden mit einer L\u00e4nge von 4 Minuten.<\/span><\/li>\n<li>Burda<span style=\"font-weight: 400\">: \u201eNo Drama, Mama\u201c mit <\/span><a href=\"https:\/\/www.facebook.com\/pg\/Monica-Meier-Ivancan-106168402755048\/about\/?ref=page_internal\"><span style=\"font-weight: 400\">Monica Ivancan, Isabell Horn<\/span><\/a><span style=\"font-weight: 400\"> und <\/span><a href=\"https:\/\/www.facebook.com\/n.ochsenknecht\/\"><span style=\"font-weight: 400\">Natascha Ochsenknecht<\/span><\/a><span style=\"font-weight: 400\">. Drei prominente M\u00fctter beantworten in einem lebhaften, gemeinsamen Gespr\u00e4ch mit einem Zuschauer Fragen rund um das Thema Kindererziehung \u2013 inklusive praktischer Ratschl\u00e4ge der Experten. W\u00f6chentliche Episoden mit einer L\u00e4nge von 4 Minuten.<\/span><\/li>\n<li>Burda: <span style=\"font-weight: 400\">\u201eEin Herz f\u00fcr Streuner\u201c mit <\/span><a href=\"https:\/\/www.facebook.com\/Betty.Topmodel.2014\/\"><span style=\"font-weight: 400\">Betty Taube<\/span><\/a><span style=\"font-weight: 400\">. Betty Taube trifft drei Hunde aus einem Tierheim und versucht im Laufe der Show ein neues Zuhause f\u00fcr sie zu finden. W\u00f6chentliche Episoden mit einer L\u00e4nge von 4 Minuten.<\/span><\/li>\n<li>Burda: &#8222;<span style=\"font-weight: 400\">Kim\u2018s Famous 5\u201c mit <\/span><a href=\"https:\/\/www.facebook.com\/kimgloss\/\"><span style=\"font-weight: 400\">Kim Gloss<\/span><\/a><span style=\"font-weight: 400\">. Kim Gloss pr\u00e4sentiert die Top 5 der \u00fcberraschendsten Beitr\u00e4ge von Prominenten einer Woche \u2013 und erh\u00e4lt dabei Unterst\u00fctzung von verschiedenen G\u00e4sten. W\u00f6chentliche Episoden mit einer L\u00e4nge von 4 Minuten.<\/span><\/li>\n<\/ul>\n","protected":false},"excerpt":{"rendered":"Unser Video-Angebot bei Facebook Watch hat sich stark weiterentwickelt, seit wir im Rahmen der letztj\u00e4hrigen MIPCOM unsere Vision f\u00fcr neue Formate pr\u00e4sentiert haben.","protected":false},"author":119732082,"featured_media":0,"comment_status":"closed","ping_status":"closed","sticky":false,"template":"","format":"standard","meta":{"_jetpack_memberships_contains_paid_content":false,"footnotes":""},"categories":[555973479,555973611,555973266,243889734,518,30697048,555973324],"tags":[],"class_list":["post-10718","post","type-post","status-publish","format-standard","hentry","category-facebook-app","category-urheberschutz","category-medienpartnerschaften","category-produktnachrichten","category-trends","category-unternehmensmeldungen","category-video"],"yoast_head":"<!-- This site is optimized with the Yoast SEO plugin v27.2 - https:\/\/yoast.com\/product\/yoast-seo-wordpress\/ -->\n<title>Facebook Watch bringt Publisher und Creators in Europa zusammen | \u00dcber Meta<\/title>\n<meta name=\"robots\" content=\"index, follow, max-snippet:-1, max-image-preview:large, max-video-preview:-1\" \/>\n<link rel=\"canonical\" href=\"https:\/\/about.fb.com\/de\/news\/2019\/10\/facebook-watch-bringt-publisher-und-creators-in-europa-zusammen\/\" \/>\n<meta property=\"og:locale\" content=\"de_DE\" \/>\n<meta property=\"og:type\" content=\"article\" \/>\n<meta property=\"og:title\" content=\"Facebook Watch bringt Publisher und Creators in Europa zusammen | \u00dcber Meta\" \/>\n<meta property=\"og:description\" content=\"Unser Video-Angebot bei Facebook Watch hat sich stark weiterentwickelt, seit wir im Rahmen der letztj\u00e4hrigen MIPCOM unsere Vision f\u00fcr neue Formate pr\u00e4sentiert haben.\" \/>\n<meta property=\"og:url\" content=\"https:\/\/about.fb.com\/de\/news\/2019\/10\/facebook-watch-bringt-publisher-und-creators-in-europa-zusammen\/\" \/>\n<meta property=\"og:site_name\" content=\"\u00dcber Meta\" \/>\n<meta property=\"article:published_time\" content=\"2019-10-15T10:09:45+00:00\" \/>\n<meta property=\"article:modified_time\" content=\"2021-06-04T07:19:42+00:00\" \/>\n<meta property=\"og:image\" content=\"https:\/\/about.fb.com\/de\/wp-content\/uploads\/sites\/10\/2021\/10\/meta-social-16x9-1.jpg?resize=1024,576\" \/>\n\t<meta property=\"og:image:width\" content=\"1024\" \/>\n\t<meta property=\"og:image:height\" content=\"576\" \/>\n\t<meta property=\"og:image:type\" content=\"image\/jpeg\" \/>\n<meta name=\"author\" content=\"apcoworldwide\" \/>\n<meta name=\"twitter:card\" content=\"summary_large_image\" \/>\n<meta name=\"twitter:label1\" content=\"Written by\" \/>\n\t<meta name=\"twitter:data1\" content=\"Meta\" \/>\n\t<meta name=\"twitter:label2\" content=\"Est. reading time\" \/>\n\t<meta name=\"twitter:data2\" content=\"5 Minuten\" \/>\n<script type=\"application\/ld+json\" class=\"yoast-schema-graph\">{\"@context\":\"https:\/\/schema.org\",\"@graph\":[{\"@type\":\"Article\",\"@id\":\"https:\/\/about.fb.com\/de\/news\/2019\/10\/facebook-watch-bringt-publisher-und-creators-in-europa-zusammen\/#article\",\"isPartOf\":{\"@id\":\"https:\/\/about.fb.com\/de\/news\/2019\/10\/facebook-watch-bringt-publisher-und-creators-in-europa-zusammen\/\"},\"author\":\"Facebook company\",\"headline\":\"Facebook Watch bringt Publisher und Creators in Europa zusammen\",\"datePublished\":\"2019-10-15T10:09:45+00:00\",\"dateModified\":\"2021-06-04T07:19:42+00:00\",\"mainEntityOfPage\":{\"@id\":\"https:\/\/about.fb.com\/de\/news\/2019\/10\/facebook-watch-bringt-publisher-und-creators-in-europa-zusammen\/\"},\"wordCount\":973,\"publisher\":{\"@id\":\"https:\/\/about.fb.com\/de\/#organization\"},\"articleSection\":[\"Facebook\",\"Facebook unterst\u00fctzt die Verlags- und Kreativbranche\",\"Medienpartnerschaften\",\"Produktnachrichten\",\"Trends\",\"Unternehmensmeldungen\",\"Video\"],\"inLanguage\":\"de-DE\"},{\"@type\":\"WebPage\",\"@id\":\"https:\/\/about.fb.com\/de\/news\/2019\/10\/facebook-watch-bringt-publisher-und-creators-in-europa-zusammen\/\",\"url\":\"https:\/\/about.fb.com\/de\/news\/2019\/10\/facebook-watch-bringt-publisher-und-creators-in-europa-zusammen\/\",\"name\":\"Facebook Watch bringt Publisher und Creators in Europa zusammen | \u00dcber Meta\",\"isPartOf\":{\"@id\":\"https:\/\/about.fb.com\/de\/#website\"},\"datePublished\":\"2019-10-15T10:09:45+00:00\",\"dateModified\":\"2021-06-04T07:19:42+00:00\",\"breadcrumb\":{\"@id\":\"https:\/\/about.fb.com\/de\/news\/2019\/10\/facebook-watch-bringt-publisher-und-creators-in-europa-zusammen\/#breadcrumb\"},\"inLanguage\":\"de-DE\",\"potentialAction\":[{\"@type\":\"ReadAction\",\"target\":[\"https:\/\/about.fb.com\/de\/news\/2019\/10\/facebook-watch-bringt-publisher-und-creators-in-europa-zusammen\/\"]}],\"author\":\"\u00dcber Meta\"},{\"@type\":\"BreadcrumbList\",\"@id\":\"https:\/\/about.fb.com\/de\/news\/2019\/10\/facebook-watch-bringt-publisher-und-creators-in-europa-zusammen\/#breadcrumb\",\"itemListElement\":[{\"@type\":\"ListItem\",\"position\":1,\"name\":\"Home\",\"item\":\"https:\/\/about.fb.com\/de\/\"},{\"@type\":\"ListItem\",\"position\":2,\"name\":\"Facebook Watch bringt Publisher und Creators in Europa zusammen\"}]},{\"@type\":\"WebSite\",\"@id\":\"https:\/\/about.fb.com\/de\/#website\",\"url\":\"https:\/\/about.fb.com\/news\/\",\"name\":\"\u00dcber Meta\",\"description\":\"\",\"publisher\":{\"@id\":\"https:\/\/about.fb.com\/de\/#organization\"},\"potentialAction\":[{\"@type\":\"SearchAction\",\"target\":{\"@type\":\"EntryPoint\",\"urlTemplate\":\"https:\/\/about.fb.com\/de\/?s={search_term_string}\"},\"query-input\":{\"@type\":\"PropertyValueSpecification\",\"valueRequired\":true,\"valueName\":\"search_term_string\"}}],\"inLanguage\":\"de-DE\",\"alternateName\":[\"Meta Newsroom\",\"Meta\"]},{\"@type\":\"Organization\",\"@id\":\"https:\/\/about.fb.com\/de\/#organization\",\"name\":\"Meta\",\"url\":\"https:\/\/about.fb.com\/de\/\",\"logo\":{\"@type\":\"ImageObject\",\"inLanguage\":\"de-DE\",\"@id\":\"https:\/\/about.fb.com\/de\/#\/schema\/logo\/image\/\",\"url\":\"https:\/\/about.fb.com\/de\/wp-content\/uploads\/sites\/10\/2021\/10\/meta-social-16x9-1.jpg?fit=8000%2C4500\",\"contentUrl\":\"https:\/\/about.fb.com\/de\/wp-content\/uploads\/sites\/10\/2021\/10\/meta-social-16x9-1.jpg?fit=8000%2C4500\",\"width\":8000,\"height\":4500,\"caption\":\"Meta\"},\"image\":{\"@id\":\"https:\/\/about.fb.com\/de\/#\/schema\/logo\/image\/\"}}]}<\/script>\n<!-- \/ Yoast SEO plugin. -->","yoast_head_json":{"title":"Facebook Watch bringt Publisher und Creators in Europa zusammen | \u00dcber Meta","robots":{"index":"index","follow":"follow","max-snippet":"max-snippet:-1","max-image-preview":"max-image-preview:large","max-video-preview":"max-video-preview:-1"},"canonical":"https:\/\/about.fb.com\/de\/news\/2019\/10\/facebook-watch-bringt-publisher-und-creators-in-europa-zusammen\/","og_locale":"de_DE","og_type":"article","og_title":"Facebook Watch bringt Publisher und Creators in Europa zusammen | \u00dcber Meta","og_description":"Unser Video-Angebot bei Facebook Watch hat sich stark weiterentwickelt, seit wir im Rahmen der letztj\u00e4hrigen MIPCOM unsere Vision f\u00fcr neue Formate pr\u00e4sentiert haben.","og_url":"https:\/\/about.fb.com\/de\/news\/2019\/10\/facebook-watch-bringt-publisher-und-creators-in-europa-zusammen\/","og_site_name":"\u00dcber Meta","article_published_time":"2019-10-15T10:09:45+00:00","article_modified_time":"2021-06-04T07:19:42+00:00","og_image":[{"width":1024,"height":576,"url":"https:\/\/about.fb.com\/de\/wp-content\/uploads\/sites\/10\/2021\/10\/meta-social-16x9-1.jpg?resize=1024,576","type":"image\/jpeg"}],"author":"apcoworldwide","twitter_card":"summary_large_image","twitter_misc":{"Written by":"Meta","Est. reading time":"5 Minuten"},"schema":{"@context":"https:\/\/schema.org","@graph":[{"@type":"Article","@id":"https:\/\/about.fb.com\/de\/news\/2019\/10\/facebook-watch-bringt-publisher-und-creators-in-europa-zusammen\/#article","isPartOf":{"@id":"https:\/\/about.fb.com\/de\/news\/2019\/10\/facebook-watch-bringt-publisher-und-creators-in-europa-zusammen\/"},"author":"Facebook company","headline":"Facebook Watch bringt Publisher und Creators in Europa zusammen","datePublished":"2019-10-15T10:09:45+00:00","dateModified":"2021-06-04T07:19:42+00:00","mainEntityOfPage":{"@id":"https:\/\/about.fb.com\/de\/news\/2019\/10\/facebook-watch-bringt-publisher-und-creators-in-europa-zusammen\/"},"wordCount":973,"publisher":{"@id":"https:\/\/about.fb.com\/de\/#organization"},"articleSection":["Facebook","Facebook unterst\u00fctzt die Verlags- und Kreativbranche","Medienpartnerschaften","Produktnachrichten","Trends","Unternehmensmeldungen","Video"],"inLanguage":"de-DE"},{"@type":"WebPage","@id":"https:\/\/about.fb.com\/de\/news\/2019\/10\/facebook-watch-bringt-publisher-und-creators-in-europa-zusammen\/","url":"https:\/\/about.fb.com\/de\/news\/2019\/10\/facebook-watch-bringt-publisher-und-creators-in-europa-zusammen\/","name":"Facebook Watch bringt Publisher und Creators in Europa zusammen | \u00dcber Meta","isPartOf":{"@id":"https:\/\/about.fb.com\/de\/#website"},"datePublished":"2019-10-15T10:09:45+00:00","dateModified":"2021-06-04T07:19:42+00:00","breadcrumb":{"@id":"https:\/\/about.fb.com\/de\/news\/2019\/10\/facebook-watch-bringt-publisher-und-creators-in-europa-zusammen\/#breadcrumb"},"inLanguage":"de-DE","potentialAction":[{"@type":"ReadAction","target":["https:\/\/about.fb.com\/de\/news\/2019\/10\/facebook-watch-bringt-publisher-und-creators-in-europa-zusammen\/"]}],"author":"\u00dcber Meta"},{"@type":"BreadcrumbList","@id":"https:\/\/about.fb.com\/de\/news\/2019\/10\/facebook-watch-bringt-publisher-und-creators-in-europa-zusammen\/#breadcrumb","itemListElement":[{"@type":"ListItem","position":1,"name":"Home","item":"https:\/\/about.fb.com\/de\/"},{"@type":"ListItem","position":2,"name":"Facebook Watch bringt Publisher und Creators in Europa zusammen"}]},{"@type":"WebSite","@id":"https:\/\/about.fb.com\/de\/#website","url":"https:\/\/about.fb.com\/news\/","name":"\u00dcber Meta","description":"","publisher":{"@id":"https:\/\/about.fb.com\/de\/#organization"},"potentialAction":[{"@type":"SearchAction","target":{"@type":"EntryPoint","urlTemplate":"https:\/\/about.fb.com\/de\/?s={search_term_string}"},"query-input":{"@type":"PropertyValueSpecification","valueRequired":true,"valueName":"search_term_string"}}],"inLanguage":"de-DE","alternateName":["Meta Newsroom","Meta"]},{"@type":"Organization","@id":"https:\/\/about.fb.com\/de\/#organization","name":"Meta","url":"https:\/\/about.fb.com\/de\/","logo":{"@type":"ImageObject","inLanguage":"de-DE","@id":"https:\/\/about.fb.com\/de\/#\/schema\/logo\/image\/","url":"https:\/\/about.fb.com\/de\/wp-content\/uploads\/sites\/10\/2021\/10\/meta-social-16x9-1.jpg?fit=8000%2C4500","contentUrl":"https:\/\/about.fb.com\/de\/wp-content\/uploads\/sites\/10\/2021\/10\/meta-social-16x9-1.jpg?fit=8000%2C4500","width":8000,"height":4500,"caption":"Meta"},"image":{"@id":"https:\/\/about.fb.com\/de\/#\/schema\/logo\/image\/"}}]}},"jetpack_featured_media_url":"","jetpack-related-posts":[],"jetpack_sharing_enabled":true,"amp_enabled":true,"_links":{"self":[{"href":"https:\/\/about.fb.com\/de\/wp-json\/wp\/v2\/posts\/10718","targetHints":{"allow":["GET"]}}],"collection":[{"href":"https:\/\/about.fb.com\/de\/wp-json\/wp\/v2\/posts"}],"about":[{"href":"https:\/\/about.fb.com\/de\/wp-json\/wp\/v2\/types\/post"}],"author":[{"embeddable":true,"href":"https:\/\/about.fb.com\/de\/wp-json\/wp\/v2\/users\/119732082"}],"replies":[{"embeddable":true,"href":"https:\/\/about.fb.com\/de\/wp-json\/wp\/v2\/comments?post=10718"}],"version-history":[{"count":1,"href":"https:\/\/about.fb.com\/de\/wp-json\/wp\/v2\/posts\/10718\/revisions"}],"predecessor-version":[{"id":25995,"href":"https:\/\/about.fb.com\/de\/wp-json\/wp\/v2\/posts\/10718\/revisions\/25995"}],"wp:attachment":[{"href":"https:\/\/about.fb.com\/de\/wp-json\/wp\/v2\/media?parent=10718"}],"wp:term":[{"taxonomy":"category","embeddable":true,"href":"https:\/\/about.fb.com\/de\/wp-json\/wp\/v2\/categories?post=10718"},{"taxonomy":"post_tag","embeddable":true,"href":"https:\/\/about.fb.com\/de\/wp-json\/wp\/v2\/tags?post=10718"}],"curies":[{"name":"wp","href":"https:\/\/api.w.org\/{rel}","templated":true}]}}