{"id":10573,"date":"2019-09-10T09:08:56","date_gmt":"2019-09-10T08:08:56","guid":{"rendered":"http:\/\/de.newsroom.fb.com\/?p=10573"},"modified":"2019-09-10T09:08:56","modified_gmt":"2019-09-10T08:08:56","slug":"facebook-bei-der-dmexco","status":"publish","type":"post","link":"https:\/\/about.fb.com\/de\/news\/2019\/09\/facebook-bei-der-dmexco\/","title":{"rendered":"Facebook bei der DMEXCO"},"content":{"rendered":"<p><span style=\"font-weight:400\">Am 11. und 12. September sind wir wieder bei der DMEXCO in K\u00f6ln mit einem Stand und spannenden Beitr\u00e4gen auf den Konferenzb\u00fchnen vertreten. Ihr findet uns in Halle 6.1, Stand A041\/B040. Ein besonderes Highlight sind in diesem Jahr die Auftritte von Mark D\u2019Arcy, Vice President Global Business Marketing und Chief Creative Officer bei Facebook, und Ashley Yuki, Product Manager Lead bei Instagram. Dar\u00fcber hinaus wird Tino Krause bei der DMEXCO zum ersten Mal in seiner neuen Funktion als Country Manager DACH auftreten.<\/span><\/p>\n<p><span style=\"font-weight:400\">Die diesj\u00e4hrige DMEXCO steht unter dem Motto \u201cTrust in You\u201d \u2013 ein Thema, das auch f\u00fcr uns sehr wichtig ist. Vertrauen ist f\u00fcr uns vor allem in Bezug auf die Menschen, die unsere Plattformen nutzen, ein relevantes Thema. Wir m\u00f6chten, dass sich die Menschen auf unseren Plattformen wohl f\u00fchlen und wir wollen daf\u00fcr Sorge tragen, dass ihre Daten sicher sind. Privatsph\u00e4re und Datensicherheit stehen nicht im Widerspruch zum Gesch\u00e4ftserfolg von Unternehmen. Dazu spricht am Donnerstag unter anderem Mark D\u2019Arcy gemeinsam mit Ogilvy CSO Isabelle Schnellb\u00fcgel.<\/span><\/p>\n<p><b>Unser Programm vor Ort<br \/>\n<\/b><span style=\"font-weight:400\">An unserem Stand finden an beiden Messetagen praxisorientierte Workshops statt und es stehen Experten bereit, um alle Fragen zu beantworten. Dar\u00fcber hinaus werden Speaker von Facebook und Instagram auf den DMEXCO-B\u00fchnen zu Themen wie Werbewirkung, Generation Z und technologischem Fortschritt sprechen.\u00a0<\/span><\/p>\n<p><b>Hier einige besondere Highlights<\/b><span style=\"font-weight:400\">:<br \/>\n<\/span><\/p>\n<ul>\n<li style=\"font-weight:400\"><i><span style=\"font-weight:400\">Mittwoch, 11. September, 15:50-16:20 Uhr | Congress Stage<\/span><\/i><span style=\"font-weight:400\"><br \/>\n<\/span><b>Instagram and the Cultural Conversation<\/b><span style=\"font-weight:400\">: Highlight des ersten Tages ist die Keynote von Ashley Yuki, Product Manager Lead bei Instagram. Sie spricht dar\u00fcber, wie Instagram nicht nur die Kultur pr\u00e4gt, sondern die Communities auf Instagram den aktuellen kulturellen Diskurs aktiv mitgestalten.\u00a0<\/span><\/li>\n<li style=\"font-weight:400\"><i><span style=\"font-weight:400\">Mittwoch, 11. September, 16:00-16:45 Uhr | Seminar 8<\/span><\/i><i><span style=\"font-weight:400\"><br \/>\n<\/span><\/i><b>Cross-mediale Video-Wirkungsstudie Facebook &amp; TV f\u00fcr Retail und FMCG<\/b><span style=\"font-weight:400\">:<\/span> <span style=\"font-weight:400\">In ihrem Seminar geben Jin Choi, Group Director DACH &#8211; FMCG \/ Retail \/ Entertainment &amp; Media \/ Tech &amp; Telco, und Torsten M\u00fcller-Klockmann, Marketing Science Lead DACH, Einblicke in unsere neue Studie zur Wirkung mobiler Videowerbung f\u00fcr den Lebensmitteleinzelhandel. N\u00e4here Informationen zu der Studie gibt es auch <\/span><a href=\"https:\/\/about-fb-preprod.go-vip.net\/de\/2019\/09\/video-impact-studie-retail\/\"><span style=\"font-weight:400\">in diesem Blogpost<\/span><\/a><span style=\"font-weight:400\">.<\/span><\/li>\n<li style=\"font-weight:400\"><i><span style=\"font-weight:400\">Donnerstag, 12. September, 12:30-13:00 Uhr | Congress Stage<\/span><\/i><span style=\"font-weight:400\"><br \/>\n<\/span><b>Customer Trust<\/b><span style=\"font-weight:400\">:<\/span> <span style=\"font-weight:400\">Bei einer Paneldiskussion wird Tino Krause sich in seiner neuen Rolle als Country Director DACH dem Thema Vertrauen widmen. Gemeinsam mit Jason Rose, Chief Marketing Officer bei SAP Customer Experience, und Chris Denson, Co-Founder von Crush Industries, wird er unter anderem dazu sprechen, dass Kunden sich heute besonders vertrauensw\u00fcrdige, personalisierte und vernetzte Erfahrungen im digitalen Bereich w\u00fcnschen.\u00a0<\/span><\/li>\n<li style=\"font-weight:400\"><i><span style=\"font-weight:400\">Donnerstag, 12. September, 13:30-13:55 Uhr | Congress Stage<\/span><\/i><span style=\"font-weight:400\"><br \/>\n<\/span><b>Finding Your Purpose as a Brand<\/b><span style=\"font-weight:400\">: Bei einem Fireside Chat spricht Mark D\u2019Arcy, Vice President Global Business Marketing und Chief Creative Officer bei Facebook, mit Isabelle Schnellb\u00fcgel, Chief Security Officer bei Ogilvy Germany, dar\u00fcber, wie Brands ihren Purpose finden k\u00f6nnen.\u00a0<\/span><\/li>\n<\/ul>\n<p><span style=\"font-weight:400\">Alle weiteren Informationen rund um den DMEXCO-Auftritt von Facebook gibt es auf dieser Microsite: <\/span><a href=\"https:\/\/www.facebook.com\/business\/events\/dmexco\"><span style=\"font-weight:400\">https:\/\/www.facebook.com\/business\/events\/dmexco<\/span><\/a><span style=\"font-weight:400\">.\u00a0<\/span><\/p>\n","protected":false},"excerpt":{"rendered":"Am 11. und 12. September sind wir wieder bei der DMEXCO in K\u00f6ln mit einem Stand und spannenden Beitr\u00e4gen auf den Konferenzb\u00fchnen vertreten. Ihr findet uns in Halle 6.1, Stand A041\/B040. Ein besonderes Highlight sind in diesem Jahr die Auftritte von Mark D\u2019Arcy, Vice President Global Business Marketing und Chief Creative Officer bei Facebook, und Ashley Yuki, Product Manager Lead bei Instagram. Dar\u00fcber hinaus wird Tino Krause bei der DMEXCO zum ersten Mal in seiner neuen Funktion als Country Manager DACH auftreten. Die diesj\u00e4hrige DMEXCO steht unter dem Motto \u201cTrust in You\u201d \u2013 ein Thema, das auch f\u00fcr uns sehr wichtig ist. Vertrauen ist f\u00fcr uns vor allem in Bezug auf die Menschen, die unsere Plattformen nutzen, ein relevantes Thema. Wir m\u00f6chten, dass sich die Menschen auf unseren Plattformen wohl f\u00fchlen und wir wollen daf\u00fcr Sorge tragen, dass ihre Daten sicher sind. Privatsph\u00e4re und Datensicherheit stehen nicht im Widerspruch zum Gesch\u00e4ftserfolg von Unternehmen. Dazu spricht am Donnerstag unter anderem Mark D\u2019Arcy gemeinsam mit Ogilvy CSO Isabelle Schnellb\u00fcgel. Unser Programm vor Ort An unserem Stand finden an beiden Messetagen praxisorientierte Workshops statt und es stehen Experten bereit, um alle Fragen zu beantworten. Dar\u00fcber hinaus werden Speaker von Facebook und Instagram auf den DMEXCO-B\u00fchnen zu Themen wie Werbewirkung, Generation Z und technologischem Fortschritt sprechen.\u00a0 Hier einige besondere Highlights: Mittwoch, 11. September, 15:50-16:20 Uhr | Congress Stage Instagram and the Cultural Conversation: Highlight des ersten Tages ist die Keynote von Ashley Yuki, Product Manager Lead bei Instagram. Sie spricht dar\u00fcber, wie Instagram nicht nur die Kultur pr\u00e4gt, sondern die Communities auf Instagram den aktuellen kulturellen Diskurs aktiv mitgestalten.\u00a0 Mittwoch, 11. September, 16:00-16:45 Uhr | Seminar 8 Cross-mediale Video-Wirkungsstudie Facebook &amp; TV f\u00fcr Retail und FMCG: In ihrem Seminar geben Jin Choi, Group Director DACH &#8211; FMCG \/ Retail \/ Entertainment &amp; Media \/ Tech &amp; Telco, und Torsten M\u00fcller-Klockmann, Marketing Science Lead DACH, Einblicke in unsere neue Studie zur Wirkung mobiler Videowerbung f\u00fcr den Lebensmitteleinzelhandel. N\u00e4here Informationen zu der Studie gibt es auch in diesem Blogpost. Donnerstag, 12. September, 12:30-13:00 Uhr | Congress Stage Customer Trust: Bei einer Paneldiskussion wird Tino Krause sich in seiner neuen Rolle als Country Director DACH dem Thema Vertrauen widmen. Gemeinsam mit Jason Rose, Chief Marketing Officer bei SAP Customer Experience, und Chris Denson, Co-Founder von Crush Industries, wird er unter anderem dazu sprechen, dass Kunden sich heute besonders vertrauensw\u00fcrdige, personalisierte und vernetzte Erfahrungen im digitalen Bereich w\u00fcnschen.\u00a0 Donnerstag, 12. September, 13:30-13:55 Uhr | Congress Stage Finding Your Purpose as a Brand: Bei einem Fireside Chat spricht Mark D\u2019Arcy, Vice President Global Business Marketing und Chief Creative Officer bei Facebook, mit Isabelle Schnellb\u00fcgel, Chief Security Officer bei Ogilvy Germany, dar\u00fcber, wie Brands ihren Purpose finden k\u00f6nnen.\u00a0 Alle weiteren Informationen rund um den DMEXCO-Auftritt von Facebook gibt es auf dieser Microsite: <a href=\"https:\/\/www.facebook.com\/business\/events\/dmexco.\u00a0\" rel=\"nofollow\">https:\/\/www.facebook.com\/business\/events\/dmexco.\u00a0<\/a>","protected":false},"author":116770500,"featured_media":10575,"comment_status":"closed","ping_status":"closed","sticky":false,"template":"","format":"standard","meta":{"_jetpack_memberships_contains_paid_content":false,"footnotes":""},"categories":[555973388,7350],"tags":[],"class_list":["post-10573","post","type-post","status-publish","format-standard","has-post-thumbnail","hentry","category-dmexco","category-veranstaltungen"],"yoast_head":"<!-- This site is optimized with the Yoast SEO plugin v27.2 - https:\/\/yoast.com\/product\/yoast-seo-wordpress\/ -->\n<title>Facebook bei der DMEXCO | \u00dcber Meta<\/title>\n<meta name=\"robots\" content=\"index, follow, max-snippet:-1, max-image-preview:large, max-video-preview:-1\" \/>\n<link rel=\"canonical\" href=\"https:\/\/about.fb.com\/de\/news\/2019\/09\/facebook-bei-der-dmexco\/\" \/>\n<meta property=\"og:locale\" content=\"de_DE\" \/>\n<meta property=\"og:type\" content=\"article\" \/>\n<meta property=\"og:title\" content=\"Facebook bei der DMEXCO | \u00dcber Meta\" \/>\n<meta property=\"og:description\" content=\"Am 11. und 12. September sind wir wieder bei der DMEXCO in K\u00f6ln mit einem Stand und spannenden Beitr\u00e4gen auf den Konferenzb\u00fchnen vertreten. Ihr findet uns in Halle 6.1, Stand A041\/B040. Ein besonderes Highlight sind in diesem Jahr die Auftritte von Mark D\u2019Arcy, Vice President Global Business Marketing und Chief Creative Officer bei Facebook, und Ashley Yuki, Product Manager Lead bei Instagram. Dar\u00fcber hinaus wird Tino Krause bei der DMEXCO zum ersten Mal in seiner neuen Funktion als Country Manager DACH auftreten. Die diesj\u00e4hrige DMEXCO steht unter dem Motto \u201cTrust in You\u201d \u2013 ein Thema, das auch f\u00fcr uns sehr wichtig ist. Vertrauen ist f\u00fcr uns vor allem in Bezug auf die Menschen, die unsere Plattformen nutzen, ein relevantes Thema. Wir m\u00f6chten, dass sich die Menschen auf unseren Plattformen wohl f\u00fchlen und wir wollen daf\u00fcr Sorge tragen, dass ihre Daten sicher sind. Privatsph\u00e4re und Datensicherheit stehen nicht im Widerspruch zum Gesch\u00e4ftserfolg von Unternehmen. Dazu spricht am Donnerstag unter anderem Mark D\u2019Arcy gemeinsam mit Ogilvy CSO Isabelle Schnellb\u00fcgel. Unser Programm vor Ort An unserem Stand finden an beiden Messetagen praxisorientierte Workshops statt und es stehen Experten bereit, um alle Fragen zu beantworten. Dar\u00fcber hinaus werden Speaker von Facebook und Instagram auf den DMEXCO-B\u00fchnen zu Themen wie Werbewirkung, Generation Z und technologischem Fortschritt sprechen.\u00a0 Hier einige besondere Highlights: Mittwoch, 11. September, 15:50-16:20 Uhr | Congress Stage Instagram and the Cultural Conversation: Highlight des ersten Tages ist die Keynote von Ashley Yuki, Product Manager Lead bei Instagram. Sie spricht dar\u00fcber, wie Instagram nicht nur die Kultur pr\u00e4gt, sondern die Communities auf Instagram den aktuellen kulturellen Diskurs aktiv mitgestalten.\u00a0 Mittwoch, 11. September, 16:00-16:45 Uhr | Seminar 8 Cross-mediale Video-Wirkungsstudie Facebook &amp; TV f\u00fcr Retail und FMCG: In ihrem Seminar geben Jin Choi, Group Director DACH &#8211; FMCG \/ Retail \/ Entertainment &amp; Media \/ Tech &amp; Telco, und Torsten M\u00fcller-Klockmann, Marketing Science Lead DACH, Einblicke in unsere neue Studie zur Wirkung mobiler Videowerbung f\u00fcr den Lebensmitteleinzelhandel. N\u00e4here Informationen zu der Studie gibt es auch in diesem Blogpost. Donnerstag, 12. September, 12:30-13:00 Uhr | Congress Stage Customer Trust: Bei einer Paneldiskussion wird Tino Krause sich in seiner neuen Rolle als Country Director DACH dem Thema Vertrauen widmen. Gemeinsam mit Jason Rose, Chief Marketing Officer bei SAP Customer Experience, und Chris Denson, Co-Founder von Crush Industries, wird er unter anderem dazu sprechen, dass Kunden sich heute besonders vertrauensw\u00fcrdige, personalisierte und vernetzte Erfahrungen im digitalen Bereich w\u00fcnschen.\u00a0 Donnerstag, 12. September, 13:30-13:55 Uhr | Congress Stage Finding Your Purpose as a Brand: Bei einem Fireside Chat spricht Mark D\u2019Arcy, Vice President Global Business Marketing und Chief Creative Officer bei Facebook, mit Isabelle Schnellb\u00fcgel, Chief Security Officer bei Ogilvy Germany, dar\u00fcber, wie Brands ihren Purpose finden k\u00f6nnen.\u00a0 Alle weiteren Informationen rund um den DMEXCO-Auftritt von Facebook gibt es auf dieser Microsite: https:\/\/www.facebook.com\/business\/events\/dmexco.\u00a0\" \/>\n<meta property=\"og:url\" content=\"https:\/\/about.fb.com\/de\/news\/2019\/09\/facebook-bei-der-dmexco\/\" \/>\n<meta property=\"og:site_name\" content=\"\u00dcber Meta\" \/>\n<meta property=\"article:published_time\" content=\"2019-09-10T08:08:56+00:00\" \/>\n<meta property=\"og:image\" content=\"https:\/\/about.fb.com\/de\/wp-content\/uploads\/sites\/10\/2019\/09\/69974072_1689577354508513_7098961945306333184_n-1.png?resize=1024,443\" \/>\n\t<meta property=\"og:image:width\" content=\"1024\" \/>\n\t<meta property=\"og:image:height\" content=\"443\" \/>\n\t<meta property=\"og:image:type\" content=\"image\/png\" \/>\n<meta name=\"author\" content=\"segmentafacebook\" \/>\n<meta name=\"twitter:card\" content=\"summary_large_image\" \/>\n<meta name=\"twitter:label1\" content=\"Written by\" \/>\n\t<meta name=\"twitter:data1\" content=\"Meta\" \/>\n\t<meta name=\"twitter:label2\" content=\"Est. reading time\" \/>\n\t<meta name=\"twitter:data2\" content=\"2 Minuten\" \/>\n<script type=\"application\/ld+json\" class=\"yoast-schema-graph\">{\"@context\":\"https:\/\/schema.org\",\"@graph\":[{\"@type\":\"Article\",\"@id\":\"https:\/\/about.fb.com\/de\/news\/2019\/09\/facebook-bei-der-dmexco\/#article\",\"isPartOf\":{\"@id\":\"https:\/\/about.fb.com\/de\/news\/2019\/09\/facebook-bei-der-dmexco\/\"},\"author\":\"Facebook company\",\"headline\":\"Facebook bei der DMEXCO\",\"datePublished\":\"2019-09-10T08:08:56+00:00\",\"mainEntityOfPage\":{\"@id\":\"https:\/\/about.fb.com\/de\/news\/2019\/09\/facebook-bei-der-dmexco\/\"},\"wordCount\":487,\"publisher\":{\"@id\":\"https:\/\/about.fb.com\/de\/#organization\"},\"image\":{\"@id\":\"https:\/\/about.fb.com\/de\/news\/2019\/09\/facebook-bei-der-dmexco\/#primaryimage\"},\"thumbnailUrl\":\"https:\/\/about.fb.com\/de\/wp-content\/uploads\/sites\/10\/2019\/09\/69974072_1689577354508513_7098961945306333184_n-1.png?fit=1440%2C623\",\"articleSection\":[\"DMEXCO\",\"Veranstaltungen\"],\"inLanguage\":\"de-DE\"},{\"@type\":\"WebPage\",\"@id\":\"https:\/\/about.fb.com\/de\/news\/2019\/09\/facebook-bei-der-dmexco\/\",\"url\":\"https:\/\/about.fb.com\/de\/news\/2019\/09\/facebook-bei-der-dmexco\/\",\"name\":\"Facebook bei der DMEXCO | \u00dcber Meta\",\"isPartOf\":{\"@id\":\"https:\/\/about.fb.com\/de\/#website\"},\"primaryImageOfPage\":{\"@id\":\"https:\/\/about.fb.com\/de\/news\/2019\/09\/facebook-bei-der-dmexco\/#primaryimage\"},\"image\":{\"@id\":\"https:\/\/about.fb.com\/de\/news\/2019\/09\/facebook-bei-der-dmexco\/#primaryimage\"},\"thumbnailUrl\":\"https:\/\/about.fb.com\/de\/wp-content\/uploads\/sites\/10\/2019\/09\/69974072_1689577354508513_7098961945306333184_n-1.png?fit=1440%2C623\",\"datePublished\":\"2019-09-10T08:08:56+00:00\",\"breadcrumb\":{\"@id\":\"https:\/\/about.fb.com\/de\/news\/2019\/09\/facebook-bei-der-dmexco\/#breadcrumb\"},\"inLanguage\":\"de-DE\",\"potentialAction\":[{\"@type\":\"ReadAction\",\"target\":[\"https:\/\/about.fb.com\/de\/news\/2019\/09\/facebook-bei-der-dmexco\/\"]}],\"author\":\"\u00dcber Meta\"},{\"@type\":\"ImageObject\",\"inLanguage\":\"de-DE\",\"@id\":\"https:\/\/about.fb.com\/de\/news\/2019\/09\/facebook-bei-der-dmexco\/#primaryimage\",\"url\":\"https:\/\/about.fb.com\/de\/wp-content\/uploads\/sites\/10\/2019\/09\/69974072_1689577354508513_7098961945306333184_n-1.png?fit=1440%2C623\",\"contentUrl\":\"https:\/\/about.fb.com\/de\/wp-content\/uploads\/sites\/10\/2019\/09\/69974072_1689577354508513_7098961945306333184_n-1.png?fit=1440%2C623\",\"width\":1440,\"height\":623},{\"@type\":\"BreadcrumbList\",\"@id\":\"https:\/\/about.fb.com\/de\/news\/2019\/09\/facebook-bei-der-dmexco\/#breadcrumb\",\"itemListElement\":[{\"@type\":\"ListItem\",\"position\":1,\"name\":\"Home\",\"item\":\"https:\/\/about.fb.com\/de\/\"},{\"@type\":\"ListItem\",\"position\":2,\"name\":\"Facebook bei der DMEXCO\"}]},{\"@type\":\"WebSite\",\"@id\":\"https:\/\/about.fb.com\/de\/#website\",\"url\":\"https:\/\/about.fb.com\/news\/\",\"name\":\"\u00dcber Meta\",\"description\":\"\",\"publisher\":{\"@id\":\"https:\/\/about.fb.com\/de\/#organization\"},\"potentialAction\":[{\"@type\":\"SearchAction\",\"target\":{\"@type\":\"EntryPoint\",\"urlTemplate\":\"https:\/\/about.fb.com\/de\/?s={search_term_string}\"},\"query-input\":{\"@type\":\"PropertyValueSpecification\",\"valueRequired\":true,\"valueName\":\"search_term_string\"}}],\"inLanguage\":\"de-DE\",\"alternateName\":[\"Meta Newsroom\",\"Meta\"]},{\"@type\":\"Organization\",\"@id\":\"https:\/\/about.fb.com\/de\/#organization\",\"name\":\"Meta\",\"url\":\"https:\/\/about.fb.com\/de\/\",\"logo\":{\"@type\":\"ImageObject\",\"inLanguage\":\"de-DE\",\"@id\":\"https:\/\/about.fb.com\/de\/#\/schema\/logo\/image\/\",\"url\":\"https:\/\/about.fb.com\/de\/wp-content\/uploads\/sites\/10\/2021\/10\/meta-social-16x9-1.jpg?fit=8000%2C4500\",\"contentUrl\":\"https:\/\/about.fb.com\/de\/wp-content\/uploads\/sites\/10\/2021\/10\/meta-social-16x9-1.jpg?fit=8000%2C4500\",\"width\":8000,\"height\":4500,\"caption\":\"Meta\"},\"image\":{\"@id\":\"https:\/\/about.fb.com\/de\/#\/schema\/logo\/image\/\"}}]}<\/script>\n<!-- \/ Yoast SEO plugin. -->","yoast_head_json":{"title":"Facebook bei der DMEXCO | \u00dcber Meta","robots":{"index":"index","follow":"follow","max-snippet":"max-snippet:-1","max-image-preview":"max-image-preview:large","max-video-preview":"max-video-preview:-1"},"canonical":"https:\/\/about.fb.com\/de\/news\/2019\/09\/facebook-bei-der-dmexco\/","og_locale":"de_DE","og_type":"article","og_title":"Facebook bei der DMEXCO | \u00dcber Meta","og_description":"Am 11. und 12. September sind wir wieder bei der DMEXCO in K\u00f6ln mit einem Stand und spannenden Beitr\u00e4gen auf den Konferenzb\u00fchnen vertreten. Ihr findet uns in Halle 6.1, Stand A041\/B040. Ein besonderes Highlight sind in diesem Jahr die Auftritte von Mark D\u2019Arcy, Vice President Global Business Marketing und Chief Creative Officer bei Facebook, und Ashley Yuki, Product Manager Lead bei Instagram. Dar\u00fcber hinaus wird Tino Krause bei der DMEXCO zum ersten Mal in seiner neuen Funktion als Country Manager DACH auftreten. Die diesj\u00e4hrige DMEXCO steht unter dem Motto \u201cTrust in You\u201d \u2013 ein Thema, das auch f\u00fcr uns sehr wichtig ist. Vertrauen ist f\u00fcr uns vor allem in Bezug auf die Menschen, die unsere Plattformen nutzen, ein relevantes Thema. Wir m\u00f6chten, dass sich die Menschen auf unseren Plattformen wohl f\u00fchlen und wir wollen daf\u00fcr Sorge tragen, dass ihre Daten sicher sind. Privatsph\u00e4re und Datensicherheit stehen nicht im Widerspruch zum Gesch\u00e4ftserfolg von Unternehmen. Dazu spricht am Donnerstag unter anderem Mark D\u2019Arcy gemeinsam mit Ogilvy CSO Isabelle Schnellb\u00fcgel. Unser Programm vor Ort An unserem Stand finden an beiden Messetagen praxisorientierte Workshops statt und es stehen Experten bereit, um alle Fragen zu beantworten. Dar\u00fcber hinaus werden Speaker von Facebook und Instagram auf den DMEXCO-B\u00fchnen zu Themen wie Werbewirkung, Generation Z und technologischem Fortschritt sprechen.\u00a0 Hier einige besondere Highlights: Mittwoch, 11. September, 15:50-16:20 Uhr | Congress Stage Instagram and the Cultural Conversation: Highlight des ersten Tages ist die Keynote von Ashley Yuki, Product Manager Lead bei Instagram. Sie spricht dar\u00fcber, wie Instagram nicht nur die Kultur pr\u00e4gt, sondern die Communities auf Instagram den aktuellen kulturellen Diskurs aktiv mitgestalten.\u00a0 Mittwoch, 11. September, 16:00-16:45 Uhr | Seminar 8 Cross-mediale Video-Wirkungsstudie Facebook &amp; TV f\u00fcr Retail und FMCG: In ihrem Seminar geben Jin Choi, Group Director DACH &#8211; FMCG \/ Retail \/ Entertainment &amp; Media \/ Tech &amp; Telco, und Torsten M\u00fcller-Klockmann, Marketing Science Lead DACH, Einblicke in unsere neue Studie zur Wirkung mobiler Videowerbung f\u00fcr den Lebensmitteleinzelhandel. N\u00e4here Informationen zu der Studie gibt es auch in diesem Blogpost. Donnerstag, 12. September, 12:30-13:00 Uhr | Congress Stage Customer Trust: Bei einer Paneldiskussion wird Tino Krause sich in seiner neuen Rolle als Country Director DACH dem Thema Vertrauen widmen. Gemeinsam mit Jason Rose, Chief Marketing Officer bei SAP Customer Experience, und Chris Denson, Co-Founder von Crush Industries, wird er unter anderem dazu sprechen, dass Kunden sich heute besonders vertrauensw\u00fcrdige, personalisierte und vernetzte Erfahrungen im digitalen Bereich w\u00fcnschen.\u00a0 Donnerstag, 12. September, 13:30-13:55 Uhr | Congress Stage Finding Your Purpose as a Brand: Bei einem Fireside Chat spricht Mark D\u2019Arcy, Vice President Global Business Marketing und Chief Creative Officer bei Facebook, mit Isabelle Schnellb\u00fcgel, Chief Security Officer bei Ogilvy Germany, dar\u00fcber, wie Brands ihren Purpose finden k\u00f6nnen.\u00a0 Alle weiteren Informationen rund um den DMEXCO-Auftritt von Facebook gibt es auf dieser Microsite: https:\/\/www.facebook.com\/business\/events\/dmexco.\u00a0","og_url":"https:\/\/about.fb.com\/de\/news\/2019\/09\/facebook-bei-der-dmexco\/","og_site_name":"\u00dcber Meta","article_published_time":"2019-09-10T08:08:56+00:00","og_image":[{"width":1024,"height":443,"url":"https:\/\/about.fb.com\/de\/wp-content\/uploads\/sites\/10\/2019\/09\/69974072_1689577354508513_7098961945306333184_n-1.png?resize=1024,443","type":"image\/png"}],"author":"segmentafacebook","twitter_card":"summary_large_image","twitter_misc":{"Written by":"Meta","Est. reading time":"2 Minuten"},"schema":{"@context":"https:\/\/schema.org","@graph":[{"@type":"Article","@id":"https:\/\/about.fb.com\/de\/news\/2019\/09\/facebook-bei-der-dmexco\/#article","isPartOf":{"@id":"https:\/\/about.fb.com\/de\/news\/2019\/09\/facebook-bei-der-dmexco\/"},"author":"Facebook company","headline":"Facebook bei der DMEXCO","datePublished":"2019-09-10T08:08:56+00:00","mainEntityOfPage":{"@id":"https:\/\/about.fb.com\/de\/news\/2019\/09\/facebook-bei-der-dmexco\/"},"wordCount":487,"publisher":{"@id":"https:\/\/about.fb.com\/de\/#organization"},"image":{"@id":"https:\/\/about.fb.com\/de\/news\/2019\/09\/facebook-bei-der-dmexco\/#primaryimage"},"thumbnailUrl":"https:\/\/about.fb.com\/de\/wp-content\/uploads\/sites\/10\/2019\/09\/69974072_1689577354508513_7098961945306333184_n-1.png?fit=1440%2C623","articleSection":["DMEXCO","Veranstaltungen"],"inLanguage":"de-DE"},{"@type":"WebPage","@id":"https:\/\/about.fb.com\/de\/news\/2019\/09\/facebook-bei-der-dmexco\/","url":"https:\/\/about.fb.com\/de\/news\/2019\/09\/facebook-bei-der-dmexco\/","name":"Facebook bei der DMEXCO | \u00dcber Meta","isPartOf":{"@id":"https:\/\/about.fb.com\/de\/#website"},"primaryImageOfPage":{"@id":"https:\/\/about.fb.com\/de\/news\/2019\/09\/facebook-bei-der-dmexco\/#primaryimage"},"image":{"@id":"https:\/\/about.fb.com\/de\/news\/2019\/09\/facebook-bei-der-dmexco\/#primaryimage"},"thumbnailUrl":"https:\/\/about.fb.com\/de\/wp-content\/uploads\/sites\/10\/2019\/09\/69974072_1689577354508513_7098961945306333184_n-1.png?fit=1440%2C623","datePublished":"2019-09-10T08:08:56+00:00","breadcrumb":{"@id":"https:\/\/about.fb.com\/de\/news\/2019\/09\/facebook-bei-der-dmexco\/#breadcrumb"},"inLanguage":"de-DE","potentialAction":[{"@type":"ReadAction","target":["https:\/\/about.fb.com\/de\/news\/2019\/09\/facebook-bei-der-dmexco\/"]}],"author":"\u00dcber Meta"},{"@type":"ImageObject","inLanguage":"de-DE","@id":"https:\/\/about.fb.com\/de\/news\/2019\/09\/facebook-bei-der-dmexco\/#primaryimage","url":"https:\/\/about.fb.com\/de\/wp-content\/uploads\/sites\/10\/2019\/09\/69974072_1689577354508513_7098961945306333184_n-1.png?fit=1440%2C623","contentUrl":"https:\/\/about.fb.com\/de\/wp-content\/uploads\/sites\/10\/2019\/09\/69974072_1689577354508513_7098961945306333184_n-1.png?fit=1440%2C623","width":1440,"height":623},{"@type":"BreadcrumbList","@id":"https:\/\/about.fb.com\/de\/news\/2019\/09\/facebook-bei-der-dmexco\/#breadcrumb","itemListElement":[{"@type":"ListItem","position":1,"name":"Home","item":"https:\/\/about.fb.com\/de\/"},{"@type":"ListItem","position":2,"name":"Facebook bei der DMEXCO"}]},{"@type":"WebSite","@id":"https:\/\/about.fb.com\/de\/#website","url":"https:\/\/about.fb.com\/news\/","name":"\u00dcber Meta","description":"","publisher":{"@id":"https:\/\/about.fb.com\/de\/#organization"},"potentialAction":[{"@type":"SearchAction","target":{"@type":"EntryPoint","urlTemplate":"https:\/\/about.fb.com\/de\/?s={search_term_string}"},"query-input":{"@type":"PropertyValueSpecification","valueRequired":true,"valueName":"search_term_string"}}],"inLanguage":"de-DE","alternateName":["Meta Newsroom","Meta"]},{"@type":"Organization","@id":"https:\/\/about.fb.com\/de\/#organization","name":"Meta","url":"https:\/\/about.fb.com\/de\/","logo":{"@type":"ImageObject","inLanguage":"de-DE","@id":"https:\/\/about.fb.com\/de\/#\/schema\/logo\/image\/","url":"https:\/\/about.fb.com\/de\/wp-content\/uploads\/sites\/10\/2021\/10\/meta-social-16x9-1.jpg?fit=8000%2C4500","contentUrl":"https:\/\/about.fb.com\/de\/wp-content\/uploads\/sites\/10\/2021\/10\/meta-social-16x9-1.jpg?fit=8000%2C4500","width":8000,"height":4500,"caption":"Meta"},"image":{"@id":"https:\/\/about.fb.com\/de\/#\/schema\/logo\/image\/"}}]}},"jetpack_featured_media_url":"https:\/\/about.fb.com\/de\/wp-content\/uploads\/sites\/10\/2019\/09\/69974072_1689577354508513_7098961945306333184_n-1.png?fit=1440%2C623","jetpack-related-posts":[],"jetpack_sharing_enabled":true,"amp_enabled":true,"_links":{"self":[{"href":"https:\/\/about.fb.com\/de\/wp-json\/wp\/v2\/posts\/10573","targetHints":{"allow":["GET"]}}],"collection":[{"href":"https:\/\/about.fb.com\/de\/wp-json\/wp\/v2\/posts"}],"about":[{"href":"https:\/\/about.fb.com\/de\/wp-json\/wp\/v2\/types\/post"}],"author":[{"embeddable":true,"href":"https:\/\/about.fb.com\/de\/wp-json\/wp\/v2\/users\/116770500"}],"replies":[{"embeddable":true,"href":"https:\/\/about.fb.com\/de\/wp-json\/wp\/v2\/comments?post=10573"}],"version-history":[{"count":0,"href":"https:\/\/about.fb.com\/de\/wp-json\/wp\/v2\/posts\/10573\/revisions"}],"wp:featuredmedia":[{"embeddable":true,"href":"https:\/\/about.fb.com\/de\/wp-json\/wp\/v2\/media\/10575"}],"wp:attachment":[{"href":"https:\/\/about.fb.com\/de\/wp-json\/wp\/v2\/media?parent=10573"}],"wp:term":[{"taxonomy":"category","embeddable":true,"href":"https:\/\/about.fb.com\/de\/wp-json\/wp\/v2\/categories?post=10573"},{"taxonomy":"post_tag","embeddable":true,"href":"https:\/\/about.fb.com\/de\/wp-json\/wp\/v2\/tags?post=10573"}],"curies":[{"name":"wp","href":"https:\/\/api.w.org\/{rel}","templated":true}]}}