{"id":10281,"date":"2019-04-15T09:40:48","date_gmt":"2019-04-15T08:40:48","guid":{"rendered":"http:\/\/de.newsroom.fb.com\/?p=10281"},"modified":"2019-04-15T09:40:48","modified_gmt":"2019-04-15T08:40:48","slug":"jetzt-reinhoeren-facebook-startet-soundbites-in-deutschland","status":"publish","type":"post","link":"https:\/\/about.fb.com\/de\/news\/2019\/04\/jetzt-reinhoeren-facebook-startet-soundbites-in-deutschland\/","title":{"rendered":"Jetzt reinh\u00f6ren: Facebook startet Soundbites in Deutschland"},"content":{"rendered":"<p>Unter dem Titel \u201c<a href=\"https:\/\/about-fb-preprod.go-vip.net\/de\/2018\/08\/start-der-videokampagne-meet-facebook-ihr-fragt-wir-antworten\/\">Meet Facebook. Ihr fragt. Wir antworten.<\/a>\u201d sind Facebook-Mitarbeiter aus Deutschland im vergangenen Jahr vor die Kamera gegangen, um einige der am h\u00e4ufigsten gestellten Fragen pers\u00f6nlich zu beantworten und Menschen so die M\u00f6glichkeit zu geben, Facebook besser kennenzulernen.<b> <\/b>Die Schwerpunkte der einzelnen Videos reichten von viel diskutierten Themen wie Datenschutz und den Gemeinschaftsstandards bis hin zu allgemeinen Fragen zu unserem Engagement im Bereich digitale Bildung.<\/p>\n<p>Wir erweitern nun die \u201cMeet Facebook\u201d-Kampagne um Soundbites, in denen Facebook-Mitarbeiter Fragen zu aktuellen und wiederkehrenden Themen beantworten. Mit diesem Format wollen wir dem Wunsch vieler Redaktionen nach Audio-Statements gerecht werden und gleichzeitig die Bem\u00fchungen, unsere Arbeit noch besser zu erkl\u00e4ren und transparent zu sein, fortsetzen.<\/p>\n<p>Die etwa dreimin\u00fctigen Beitr\u00e4ge werden <a href=\"http:\/\/de.newsroom.fb.com\/soundbites\/\">im Newsroom<\/a> ver\u00f6ffentlicht. Vereinzelt werden auch Themen in englischer Sprache behandelt. Wir freuen uns auf Feedback und sammeln weiterhin Fragen, die wir in kommenden Episoden beantworten werden.<\/p>\n","protected":false},"excerpt":{"rendered":"Unter dem Titel \u201cMeet Facebook. Ihr fragt. Wir antworten.\u201d sind Facebook-Mitarbeiter aus Deutschland im vergangenen Jahr vor die Kamera gegangen, um einige der am h\u00e4ufigsten gestellten Fragen pers\u00f6nlich zu beantworten und Menschen so die M\u00f6glichkeit zu geben, Facebook besser kennenzulernen. Die Schwerpunkte der einzelnen Videos reichten von viel diskutierten Themen wie Datenschutz und den Gemeinschaftsstandards bis hin zu allgemeinen Fragen zu unserem Engagement im Bereich digitale Bildung. Wir erweitern nun die \u201cMeet Facebook\u201d-Kampagne um Soundbites, in denen Facebook-Mitarbeiter Fragen zu aktuellen und wiederkehrenden Themen beantworten. Mit diesem Format wollen wir dem Wunsch vieler Redaktionen nach Audio-Statements gerecht werden und gleichzeitig die Bem\u00fchungen, unsere Arbeit noch besser zu erkl\u00e4ren und transparent zu sein, fortsetzen. Die etwa dreimin\u00fctigen Beitr\u00e4ge werden im Newsroom ver\u00f6ffentlicht. Vereinzelt werden auch Themen in englischer Sprache behandelt. Wir freuen uns auf Feedback und sammeln weiterhin Fragen, die wir in kommenden Episoden beantworten werden.","protected":false},"author":119732082,"featured_media":10265,"comment_status":"closed","ping_status":"closed","sticky":false,"template":"","format":"standard","meta":{"_jetpack_memberships_contains_paid_content":false,"footnotes":""},"categories":[518,30697048],"tags":[555973354,81819,555973357,555973355,555973358,555973356],"class_list":["post-10281","post","type-post","status-publish","format-standard","has-post-thumbnail","hentry","category-trends","category-unternehmensmeldungen","tag-audio","tag-facebook","tag-mitarbeiter","tag-soundbites","tag-statements","tag-zitate"],"yoast_head":"<!-- This site is optimized with the Yoast SEO plugin v27.2 - https:\/\/yoast.com\/product\/yoast-seo-wordpress\/ -->\n<title>Jetzt reinh\u00f6ren: Facebook startet Soundbites in Deutschland | \u00dcber Meta<\/title>\n<meta name=\"robots\" content=\"index, follow, max-snippet:-1, max-image-preview:large, max-video-preview:-1\" \/>\n<link rel=\"canonical\" href=\"https:\/\/about.fb.com\/de\/news\/2019\/04\/jetzt-reinhoeren-facebook-startet-soundbites-in-deutschland\/\" \/>\n<meta property=\"og:locale\" content=\"de_DE\" \/>\n<meta property=\"og:type\" content=\"article\" \/>\n<meta property=\"og:title\" content=\"Jetzt reinh\u00f6ren: Facebook startet Soundbites in Deutschland | \u00dcber Meta\" \/>\n<meta property=\"og:description\" content=\"Unter dem Titel \u201cMeet Facebook. Ihr fragt. Wir antworten.\u201d sind Facebook-Mitarbeiter aus Deutschland im vergangenen Jahr vor die Kamera gegangen, um einige der am h\u00e4ufigsten gestellten Fragen pers\u00f6nlich zu beantworten und Menschen so die M\u00f6glichkeit zu geben, Facebook besser kennenzulernen. Die Schwerpunkte der einzelnen Videos reichten von viel diskutierten Themen wie Datenschutz und den Gemeinschaftsstandards bis hin zu allgemeinen Fragen zu unserem Engagement im Bereich digitale Bildung. Wir erweitern nun die \u201cMeet Facebook\u201d-Kampagne um Soundbites, in denen Facebook-Mitarbeiter Fragen zu aktuellen und wiederkehrenden Themen beantworten. Mit diesem Format wollen wir dem Wunsch vieler Redaktionen nach Audio-Statements gerecht werden und gleichzeitig die Bem\u00fchungen, unsere Arbeit noch besser zu erkl\u00e4ren und transparent zu sein, fortsetzen. Die etwa dreimin\u00fctigen Beitr\u00e4ge werden im Newsroom ver\u00f6ffentlicht. Vereinzelt werden auch Themen in englischer Sprache behandelt. Wir freuen uns auf Feedback und sammeln weiterhin Fragen, die wir in kommenden Episoden beantworten werden.\" \/>\n<meta property=\"og:url\" content=\"https:\/\/about.fb.com\/de\/news\/2019\/04\/jetzt-reinhoeren-facebook-startet-soundbites-in-deutschland\/\" \/>\n<meta property=\"og:site_name\" content=\"\u00dcber Meta\" \/>\n<meta property=\"article:published_time\" content=\"2019-04-15T08:40:48+00:00\" \/>\n<meta property=\"og:image\" content=\"https:\/\/about.fb.com\/de\/wp-content\/uploads\/sites\/10\/2019\/04\/podcast-logo_zeichenflc3a4che-1.png?resize=1024,577\" \/>\n\t<meta property=\"og:image:width\" content=\"1024\" \/>\n\t<meta property=\"og:image:height\" content=\"577\" \/>\n\t<meta property=\"og:image:type\" content=\"image\/png\" \/>\n<meta name=\"author\" content=\"apcoworldwide\" \/>\n<meta name=\"twitter:card\" content=\"summary_large_image\" \/>\n<meta name=\"twitter:label1\" content=\"Written by\" \/>\n\t<meta name=\"twitter:data1\" content=\"Meta\" \/>\n\t<meta name=\"twitter:label2\" content=\"Est. reading time\" \/>\n\t<meta name=\"twitter:data2\" content=\"1 Minute\" \/>\n<script type=\"application\/ld+json\" class=\"yoast-schema-graph\">{\"@context\":\"https:\/\/schema.org\",\"@graph\":[{\"@type\":\"Article\",\"@id\":\"https:\/\/about.fb.com\/de\/news\/2019\/04\/jetzt-reinhoeren-facebook-startet-soundbites-in-deutschland\/#article\",\"isPartOf\":{\"@id\":\"https:\/\/about.fb.com\/de\/news\/2019\/04\/jetzt-reinhoeren-facebook-startet-soundbites-in-deutschland\/\"},\"author\":\"Facebook company\",\"headline\":\"Jetzt reinh\u00f6ren: Facebook startet Soundbites in Deutschland\",\"datePublished\":\"2019-04-15T08:40:48+00:00\",\"mainEntityOfPage\":{\"@id\":\"https:\/\/about.fb.com\/de\/news\/2019\/04\/jetzt-reinhoeren-facebook-startet-soundbites-in-deutschland\/\"},\"wordCount\":162,\"publisher\":{\"@id\":\"https:\/\/about.fb.com\/de\/#organization\"},\"image\":{\"@id\":\"https:\/\/about.fb.com\/de\/news\/2019\/04\/jetzt-reinhoeren-facebook-startet-soundbites-in-deutschland\/#primaryimage\"},\"thumbnailUrl\":\"https:\/\/about.fb.com\/de\/wp-content\/uploads\/sites\/10\/2019\/04\/podcast-logo_zeichenflc3a4che-1.png?fit=3508%2C1975\",\"keywords\":[\"Audio\",\"Facebook\",\"Mitarbeiter\",\"Soundbites\",\"Statements\",\"Zitate\"],\"articleSection\":[\"Trends\",\"Unternehmensmeldungen\"],\"inLanguage\":\"de-DE\"},{\"@type\":\"WebPage\",\"@id\":\"https:\/\/about.fb.com\/de\/news\/2019\/04\/jetzt-reinhoeren-facebook-startet-soundbites-in-deutschland\/\",\"url\":\"https:\/\/about.fb.com\/de\/news\/2019\/04\/jetzt-reinhoeren-facebook-startet-soundbites-in-deutschland\/\",\"name\":\"Jetzt reinh\u00f6ren: Facebook startet Soundbites in Deutschland | \u00dcber Meta\",\"isPartOf\":{\"@id\":\"https:\/\/about.fb.com\/de\/#website\"},\"primaryImageOfPage\":{\"@id\":\"https:\/\/about.fb.com\/de\/news\/2019\/04\/jetzt-reinhoeren-facebook-startet-soundbites-in-deutschland\/#primaryimage\"},\"image\":{\"@id\":\"https:\/\/about.fb.com\/de\/news\/2019\/04\/jetzt-reinhoeren-facebook-startet-soundbites-in-deutschland\/#primaryimage\"},\"thumbnailUrl\":\"https:\/\/about.fb.com\/de\/wp-content\/uploads\/sites\/10\/2019\/04\/podcast-logo_zeichenflc3a4che-1.png?fit=3508%2C1975\",\"datePublished\":\"2019-04-15T08:40:48+00:00\",\"breadcrumb\":{\"@id\":\"https:\/\/about.fb.com\/de\/news\/2019\/04\/jetzt-reinhoeren-facebook-startet-soundbites-in-deutschland\/#breadcrumb\"},\"inLanguage\":\"de-DE\",\"potentialAction\":[{\"@type\":\"ReadAction\",\"target\":[\"https:\/\/about.fb.com\/de\/news\/2019\/04\/jetzt-reinhoeren-facebook-startet-soundbites-in-deutschland\/\"]}],\"author\":\"\u00dcber Meta\"},{\"@type\":\"ImageObject\",\"inLanguage\":\"de-DE\",\"@id\":\"https:\/\/about.fb.com\/de\/news\/2019\/04\/jetzt-reinhoeren-facebook-startet-soundbites-in-deutschland\/#primaryimage\",\"url\":\"https:\/\/about.fb.com\/de\/wp-content\/uploads\/sites\/10\/2019\/04\/podcast-logo_zeichenflc3a4che-1.png?fit=3508%2C1975\",\"contentUrl\":\"https:\/\/about.fb.com\/de\/wp-content\/uploads\/sites\/10\/2019\/04\/podcast-logo_zeichenflc3a4che-1.png?fit=3508%2C1975\",\"width\":3508,\"height\":1975},{\"@type\":\"BreadcrumbList\",\"@id\":\"https:\/\/about.fb.com\/de\/news\/2019\/04\/jetzt-reinhoeren-facebook-startet-soundbites-in-deutschland\/#breadcrumb\",\"itemListElement\":[{\"@type\":\"ListItem\",\"position\":1,\"name\":\"Home\",\"item\":\"https:\/\/about.fb.com\/de\/\"},{\"@type\":\"ListItem\",\"position\":2,\"name\":\"Jetzt reinh\u00f6ren: Facebook startet Soundbites in Deutschland\"}]},{\"@type\":\"WebSite\",\"@id\":\"https:\/\/about.fb.com\/de\/#website\",\"url\":\"https:\/\/about.fb.com\/news\/\",\"name\":\"\u00dcber Meta\",\"description\":\"\",\"publisher\":{\"@id\":\"https:\/\/about.fb.com\/de\/#organization\"},\"potentialAction\":[{\"@type\":\"SearchAction\",\"target\":{\"@type\":\"EntryPoint\",\"urlTemplate\":\"https:\/\/about.fb.com\/de\/?s={search_term_string}\"},\"query-input\":{\"@type\":\"PropertyValueSpecification\",\"valueRequired\":true,\"valueName\":\"search_term_string\"}}],\"inLanguage\":\"de-DE\",\"alternateName\":[\"Meta Newsroom\",\"Meta\"]},{\"@type\":\"Organization\",\"@id\":\"https:\/\/about.fb.com\/de\/#organization\",\"name\":\"Meta\",\"url\":\"https:\/\/about.fb.com\/de\/\",\"logo\":{\"@type\":\"ImageObject\",\"inLanguage\":\"de-DE\",\"@id\":\"https:\/\/about.fb.com\/de\/#\/schema\/logo\/image\/\",\"url\":\"https:\/\/about.fb.com\/de\/wp-content\/uploads\/sites\/10\/2021\/10\/meta-social-16x9-1.jpg?fit=8000%2C4500\",\"contentUrl\":\"https:\/\/about.fb.com\/de\/wp-content\/uploads\/sites\/10\/2021\/10\/meta-social-16x9-1.jpg?fit=8000%2C4500\",\"width\":8000,\"height\":4500,\"caption\":\"Meta\"},\"image\":{\"@id\":\"https:\/\/about.fb.com\/de\/#\/schema\/logo\/image\/\"}}]}<\/script>\n<!-- \/ Yoast SEO plugin. -->","yoast_head_json":{"title":"Jetzt reinh\u00f6ren: Facebook startet Soundbites in Deutschland | \u00dcber Meta","robots":{"index":"index","follow":"follow","max-snippet":"max-snippet:-1","max-image-preview":"max-image-preview:large","max-video-preview":"max-video-preview:-1"},"canonical":"https:\/\/about.fb.com\/de\/news\/2019\/04\/jetzt-reinhoeren-facebook-startet-soundbites-in-deutschland\/","og_locale":"de_DE","og_type":"article","og_title":"Jetzt reinh\u00f6ren: Facebook startet Soundbites in Deutschland | \u00dcber Meta","og_description":"Unter dem Titel \u201cMeet Facebook. Ihr fragt. Wir antworten.\u201d sind Facebook-Mitarbeiter aus Deutschland im vergangenen Jahr vor die Kamera gegangen, um einige der am h\u00e4ufigsten gestellten Fragen pers\u00f6nlich zu beantworten und Menschen so die M\u00f6glichkeit zu geben, Facebook besser kennenzulernen. Die Schwerpunkte der einzelnen Videos reichten von viel diskutierten Themen wie Datenschutz und den Gemeinschaftsstandards bis hin zu allgemeinen Fragen zu unserem Engagement im Bereich digitale Bildung. Wir erweitern nun die \u201cMeet Facebook\u201d-Kampagne um Soundbites, in denen Facebook-Mitarbeiter Fragen zu aktuellen und wiederkehrenden Themen beantworten. Mit diesem Format wollen wir dem Wunsch vieler Redaktionen nach Audio-Statements gerecht werden und gleichzeitig die Bem\u00fchungen, unsere Arbeit noch besser zu erkl\u00e4ren und transparent zu sein, fortsetzen. Die etwa dreimin\u00fctigen Beitr\u00e4ge werden im Newsroom ver\u00f6ffentlicht. Vereinzelt werden auch Themen in englischer Sprache behandelt. Wir freuen uns auf Feedback und sammeln weiterhin Fragen, die wir in kommenden Episoden beantworten werden.","og_url":"https:\/\/about.fb.com\/de\/news\/2019\/04\/jetzt-reinhoeren-facebook-startet-soundbites-in-deutschland\/","og_site_name":"\u00dcber Meta","article_published_time":"2019-04-15T08:40:48+00:00","og_image":[{"width":1024,"height":577,"url":"https:\/\/about.fb.com\/de\/wp-content\/uploads\/sites\/10\/2019\/04\/podcast-logo_zeichenflc3a4che-1.png?resize=1024,577","type":"image\/png"}],"author":"apcoworldwide","twitter_card":"summary_large_image","twitter_misc":{"Written by":"Meta","Est. reading time":"1 Minute"},"schema":{"@context":"https:\/\/schema.org","@graph":[{"@type":"Article","@id":"https:\/\/about.fb.com\/de\/news\/2019\/04\/jetzt-reinhoeren-facebook-startet-soundbites-in-deutschland\/#article","isPartOf":{"@id":"https:\/\/about.fb.com\/de\/news\/2019\/04\/jetzt-reinhoeren-facebook-startet-soundbites-in-deutschland\/"},"author":"Facebook company","headline":"Jetzt reinh\u00f6ren: Facebook startet Soundbites in Deutschland","datePublished":"2019-04-15T08:40:48+00:00","mainEntityOfPage":{"@id":"https:\/\/about.fb.com\/de\/news\/2019\/04\/jetzt-reinhoeren-facebook-startet-soundbites-in-deutschland\/"},"wordCount":162,"publisher":{"@id":"https:\/\/about.fb.com\/de\/#organization"},"image":{"@id":"https:\/\/about.fb.com\/de\/news\/2019\/04\/jetzt-reinhoeren-facebook-startet-soundbites-in-deutschland\/#primaryimage"},"thumbnailUrl":"https:\/\/about.fb.com\/de\/wp-content\/uploads\/sites\/10\/2019\/04\/podcast-logo_zeichenflc3a4che-1.png?fit=3508%2C1975","keywords":["Audio","Facebook","Mitarbeiter","Soundbites","Statements","Zitate"],"articleSection":["Trends","Unternehmensmeldungen"],"inLanguage":"de-DE"},{"@type":"WebPage","@id":"https:\/\/about.fb.com\/de\/news\/2019\/04\/jetzt-reinhoeren-facebook-startet-soundbites-in-deutschland\/","url":"https:\/\/about.fb.com\/de\/news\/2019\/04\/jetzt-reinhoeren-facebook-startet-soundbites-in-deutschland\/","name":"Jetzt reinh\u00f6ren: Facebook startet Soundbites in Deutschland | \u00dcber Meta","isPartOf":{"@id":"https:\/\/about.fb.com\/de\/#website"},"primaryImageOfPage":{"@id":"https:\/\/about.fb.com\/de\/news\/2019\/04\/jetzt-reinhoeren-facebook-startet-soundbites-in-deutschland\/#primaryimage"},"image":{"@id":"https:\/\/about.fb.com\/de\/news\/2019\/04\/jetzt-reinhoeren-facebook-startet-soundbites-in-deutschland\/#primaryimage"},"thumbnailUrl":"https:\/\/about.fb.com\/de\/wp-content\/uploads\/sites\/10\/2019\/04\/podcast-logo_zeichenflc3a4che-1.png?fit=3508%2C1975","datePublished":"2019-04-15T08:40:48+00:00","breadcrumb":{"@id":"https:\/\/about.fb.com\/de\/news\/2019\/04\/jetzt-reinhoeren-facebook-startet-soundbites-in-deutschland\/#breadcrumb"},"inLanguage":"de-DE","potentialAction":[{"@type":"ReadAction","target":["https:\/\/about.fb.com\/de\/news\/2019\/04\/jetzt-reinhoeren-facebook-startet-soundbites-in-deutschland\/"]}],"author":"\u00dcber Meta"},{"@type":"ImageObject","inLanguage":"de-DE","@id":"https:\/\/about.fb.com\/de\/news\/2019\/04\/jetzt-reinhoeren-facebook-startet-soundbites-in-deutschland\/#primaryimage","url":"https:\/\/about.fb.com\/de\/wp-content\/uploads\/sites\/10\/2019\/04\/podcast-logo_zeichenflc3a4che-1.png?fit=3508%2C1975","contentUrl":"https:\/\/about.fb.com\/de\/wp-content\/uploads\/sites\/10\/2019\/04\/podcast-logo_zeichenflc3a4che-1.png?fit=3508%2C1975","width":3508,"height":1975},{"@type":"BreadcrumbList","@id":"https:\/\/about.fb.com\/de\/news\/2019\/04\/jetzt-reinhoeren-facebook-startet-soundbites-in-deutschland\/#breadcrumb","itemListElement":[{"@type":"ListItem","position":1,"name":"Home","item":"https:\/\/about.fb.com\/de\/"},{"@type":"ListItem","position":2,"name":"Jetzt reinh\u00f6ren: Facebook startet Soundbites in Deutschland"}]},{"@type":"WebSite","@id":"https:\/\/about.fb.com\/de\/#website","url":"https:\/\/about.fb.com\/news\/","name":"\u00dcber Meta","description":"","publisher":{"@id":"https:\/\/about.fb.com\/de\/#organization"},"potentialAction":[{"@type":"SearchAction","target":{"@type":"EntryPoint","urlTemplate":"https:\/\/about.fb.com\/de\/?s={search_term_string}"},"query-input":{"@type":"PropertyValueSpecification","valueRequired":true,"valueName":"search_term_string"}}],"inLanguage":"de-DE","alternateName":["Meta Newsroom","Meta"]},{"@type":"Organization","@id":"https:\/\/about.fb.com\/de\/#organization","name":"Meta","url":"https:\/\/about.fb.com\/de\/","logo":{"@type":"ImageObject","inLanguage":"de-DE","@id":"https:\/\/about.fb.com\/de\/#\/schema\/logo\/image\/","url":"https:\/\/about.fb.com\/de\/wp-content\/uploads\/sites\/10\/2021\/10\/meta-social-16x9-1.jpg?fit=8000%2C4500","contentUrl":"https:\/\/about.fb.com\/de\/wp-content\/uploads\/sites\/10\/2021\/10\/meta-social-16x9-1.jpg?fit=8000%2C4500","width":8000,"height":4500,"caption":"Meta"},"image":{"@id":"https:\/\/about.fb.com\/de\/#\/schema\/logo\/image\/"}}]}},"jetpack_featured_media_url":"https:\/\/about.fb.com\/de\/wp-content\/uploads\/sites\/10\/2019\/04\/podcast-logo_zeichenflc3a4che-1.png?fit=3508%2C1975","jetpack-related-posts":[],"jetpack_sharing_enabled":true,"amp_enabled":true,"_links":{"self":[{"href":"https:\/\/about.fb.com\/de\/wp-json\/wp\/v2\/posts\/10281","targetHints":{"allow":["GET"]}}],"collection":[{"href":"https:\/\/about.fb.com\/de\/wp-json\/wp\/v2\/posts"}],"about":[{"href":"https:\/\/about.fb.com\/de\/wp-json\/wp\/v2\/types\/post"}],"author":[{"embeddable":true,"href":"https:\/\/about.fb.com\/de\/wp-json\/wp\/v2\/users\/119732082"}],"replies":[{"embeddable":true,"href":"https:\/\/about.fb.com\/de\/wp-json\/wp\/v2\/comments?post=10281"}],"version-history":[{"count":0,"href":"https:\/\/about.fb.com\/de\/wp-json\/wp\/v2\/posts\/10281\/revisions"}],"wp:featuredmedia":[{"embeddable":true,"href":"https:\/\/about.fb.com\/de\/wp-json\/wp\/v2\/media\/10265"}],"wp:attachment":[{"href":"https:\/\/about.fb.com\/de\/wp-json\/wp\/v2\/media?parent=10281"}],"wp:term":[{"taxonomy":"category","embeddable":true,"href":"https:\/\/about.fb.com\/de\/wp-json\/wp\/v2\/categories?post=10281"},{"taxonomy":"post_tag","embeddable":true,"href":"https:\/\/about.fb.com\/de\/wp-json\/wp\/v2\/tags?post=10281"}],"curies":[{"name":"wp","href":"https:\/\/api.w.org\/{rel}","templated":true}]}}