{"id":10152,"date":"2019-03-25T09:00:19","date_gmt":"2019-03-25T08:00:19","guid":{"rendered":"http:\/\/de.newsroom.fb.com\/?p=10152"},"modified":"2019-03-25T09:00:19","modified_gmt":"2019-03-25T08:00:19","slug":"bewerbungsphase-verlaengert","status":"publish","type":"post","link":"https:\/\/about.fb.com\/de\/news\/2019\/03\/bewerbungsphase-verlaengert\/","title":{"rendered":"Bewerbungsphase des Smart Hero Award bis Ostern verl\u00e4ngert!"},"content":{"rendered":"<h5>Hochkar\u00e4tig besetzte Jury steht fest und wird Sonderpreis vergeben<\/h5>\n<p>Seit Anfang Januar suchen die Stiftung Digitale Chancen und Facebook wie jedes Jahr Menschen, die sich engagieren, anderen helfen und Br\u00fccken f\u00fcr ein gemeinschaftliches Miteinander bauen &#8211; diesmal unter dem Schwerpunktthema <i>\u201cEine demokratische Gesellschaft\u201d. <\/i>Nachdem in den vergangenen Wochen bereits zahlreiche Wettbewerbsbeitr\u00e4ge f\u00fcr den Smart Hero Award eingegangen sind, <b>wird die Bewerbungsphase noch einmal verl\u00e4ngert: Bis zum 22. April<\/b> k\u00f6nnen Projekte unter <a href=\"http:\/\/www.smart-hero-award.de\/bewerbung\">www.smart-hero-award.de\/bewerbung<\/a> ins Rennen geschickt werden. Projekte und Initiativen k\u00f6nnen sich entweder selbst bewerben oder von anderen f\u00fcr die Auszeichnung vorgeschlagen werden.<\/p>\n<p><i>\u201cSmart Heroes leisten einen wichtigen Beitrag f\u00fcr demokratische Werte und den gesellschaftlichen Zusammenhalt in unserem Land. Sie vollbringen jeden Tag kleine und gro\u00dfe Heldentaten\u201d,<\/i> betont<b> Staatsministerin Dorothee B\u00e4r, Beauftragte der Bundesregierung f\u00fcr Digitalisierung und Schirmherrin des Awards<\/b>. <i>\u201cIhr tatkr\u00e4ftiger Einsatz verdient hohe Anerkennung, bindet aber innerhalb der Projekte auch erhebliche Ressourcen\u201d, <\/i>so B\u00e4r weiter. <i>\u201cMit der verl\u00e4ngerten Bewerbungsphase kommen wir daher dem Wunsch vieler Menschen nach, etwas mehr Zeit zu bekommen f\u00fcr die eigene Bewerbung oder um Projekte vorzuschlagen\u201d, <\/i>erg\u00e4nzt <b>Jutta Croll, Vorstandsvorsitzende der Stiftung Digitale Chancen. <\/b><\/p>\n<p>Die Stiftung Digitale Chancen und ein Expertengremium bewerten anschlie\u00dfend in einem mehrstufigen Verfahren alle Wettbewerbsbeitr\u00e4ge anhand eines umfassenden Kriterienkatalogs und nominieren die Finalisten. Anschlie\u00dfend entscheidet eine hochrangig besetzte Jury \u00fcber die Preistr\u00e4ger und vergibt w\u00e4hrend einer feierlichen Preisverleihung im September in Berlin erstmals einen Jurypreis <i>\u201ef\u00fcr den besonderen Einsatz f\u00fcr demokratische Werte\u201c.<\/i><\/p>\n<p>F\u00fcr die Jury konnten bislang die folgenden Personen gewonnen werden:<\/p>\n<ul>\n<li><b>Kerstin Andreae<\/b>, Stellvertretende Vorsitzende der Bundestagsfraktion B\u00fcndnis 90\/Die Gr\u00fcnen<\/li>\n<li><b>Prof. Dr. Maria B\u00f6hmer,<\/b> Pr\u00e4sidentin der Deutschen UNESCO-Kommission<\/li>\n<li><b>J\u00fcrgen Dusel<\/b>, Beauftragter der Bundesregierung f\u00fcr die Belange von Menschen mit Behinderungen<\/li>\n<li><b>Saskia Esken<\/b>, SPD, Mitglied des Deutschen Bundestags<\/li>\n<li><b>K\u00fcbra G\u00fcm\u00fc\u015fay<\/b>, Journalistin und Aktivistin<\/li>\n<li><b>Thomas Kr\u00fcger<\/b>, Pr\u00e4sident der Bundeszentrale f\u00fcr politische Bildung<\/li>\n<li><b>Hannes Ley<\/b>, Gr\u00fcnder von #ichbinhier<\/li>\n<li><b>Philipp Otto<\/b>, Direktor irights.lab<\/li>\n<li><b>Dr. Ferdinand Mirbach<\/b>, Senior Projektmanager bei der Robert Bosch Stiftung<\/li>\n<li><b>Donata Freifrau Schenck zu Schweinsberg<\/b><\/li>\n<li><b>Dr. Marie-Agnes Strack-Zimmermann<\/b>, Stellvertretende Bundesvorsitzende der FDP<\/li>\n<li><b>Annette Widmann-Mauz,<\/b> CDU, Beauftragte der Bundesregierung f\u00fcr Migration, Fl\u00fcchtlinge und Integration<\/li>\n<li><b>Brigitte Zypries<\/b>, SPD, Bundesministerin a.D.<\/li>\n<\/ul>\n<p>Weitere Informationen zum Smart Hero Award, dem Bewerbungsverfahren sowie den Preistr\u00e4gern der letzten Jahre, finden Sie unter <a href=\"https:\/\/www.smart-hero-award.de\/\">www.smart-hero-award.de<\/a><\/p>\n","protected":false},"excerpt":{"rendered":"Hochkar\u00e4tig besetzte Jury steht fest und wird Sonderpreis vergeben Seit Anfang Januar suchen die Stiftung Digitale Chancen und Facebook wie jedes Jahr Menschen, die sich engagieren, anderen helfen und Br\u00fccken f\u00fcr ein gemeinschaftliches Miteinander bauen &#8211; diesmal unter dem Schwerpunktthema \u201cEine demokratische Gesellschaft\u201d. Nachdem in den vergangenen Wochen bereits zahlreiche Wettbewerbsbeitr\u00e4ge f\u00fcr den Smart Hero Award eingegangen sind, wird die Bewerbungsphase noch einmal verl\u00e4ngert: Bis zum 22. April k\u00f6nnen Projekte unter <a href=\"http:\/\/www.smart-hero-award.de\/bewerbung\" rel=\"nofollow\">http:\/\/www.smart-hero-award.de\/bewerbung<\/a> ins Rennen geschickt werden. Projekte und Initiativen k\u00f6nnen sich entweder selbst bewerben oder von anderen f\u00fcr die Auszeichnung vorgeschlagen werden. \u201cSmart Heroes leisten einen wichtigen Beitrag f\u00fcr demokratische Werte und den gesellschaftlichen Zusammenhalt in unserem Land. Sie vollbringen jeden Tag kleine und gro\u00dfe Heldentaten\u201d, betont Staatsministerin Dorothee B\u00e4r, Beauftragte der Bundesregierung f\u00fcr Digitalisierung und Schirmherrin des Awards. \u201cIhr tatkr\u00e4ftiger Einsatz verdient hohe Anerkennung, bindet aber innerhalb der Projekte auch erhebliche Ressourcen\u201d, so B\u00e4r weiter. \u201cMit der verl\u00e4ngerten Bewerbungsphase kommen wir daher dem Wunsch vieler Menschen nach, etwas mehr Zeit zu bekommen f\u00fcr die eigene Bewerbung oder um Projekte vorzuschlagen\u201d, erg\u00e4nzt Jutta Croll, Vorstandsvorsitzende der Stiftung Digitale Chancen. Die Stiftung Digitale Chancen und ein Expertengremium bewerten anschlie\u00dfend in einem mehrstufigen Verfahren alle Wettbewerbsbeitr\u00e4ge anhand eines umfassenden Kriterienkatalogs und nominieren die Finalisten. Anschlie\u00dfend entscheidet eine hochrangig besetzte Jury \u00fcber die Preistr\u00e4ger und vergibt w\u00e4hrend einer feierlichen Preisverleihung im September in Berlin erstmals einen Jurypreis \u201ef\u00fcr den besonderen Einsatz f\u00fcr demokratische Werte\u201c. F\u00fcr die Jury konnten bislang die folgenden Personen gewonnen werden: Kerstin Andreae, Stellvertretende Vorsitzende der Bundestagsfraktion B\u00fcndnis 90\/Die Gr\u00fcnen Prof. Dr. Maria B\u00f6hmer, Pr\u00e4sidentin der Deutschen UNESCO-Kommission J\u00fcrgen Dusel, Beauftragter der Bundesregierung f\u00fcr die Belange von Menschen mit Behinderungen Saskia Esken, SPD, Mitglied des Deutschen Bundestags K\u00fcbra G\u00fcm\u00fc\u015fay, Journalistin und Aktivistin Thomas Kr\u00fcger, Pr\u00e4sident der Bundeszentrale f\u00fcr politische Bildung Hannes Ley, Gr\u00fcnder von #ichbinhier Philipp Otto, Direktor irights.lab Dr. Ferdinand Mirbach, Senior Projektmanager bei der Robert Bosch Stiftung Donata Freifrau Schenck zu Schweinsberg Dr. Marie-Agnes Strack-Zimmermann, Stellvertretende Bundesvorsitzende der FDP Annette Widmann-Mauz, CDU, Beauftragte der Bundesregierung f\u00fcr Migration, Fl\u00fcchtlinge und Integration Brigitte Zypries, SPD, Bundesministerin a.D. Weitere Informationen zum Smart Hero Award, dem Bewerbungsverfahren sowie den Preistr\u00e4gern der letzten Jahre, finden Sie unter <a href=\"http:\/\/www.smart-hero-award.de\" rel=\"nofollow\">http:\/\/www.smart-hero-award.de<\/a>","protected":false},"author":119732082,"featured_media":10157,"comment_status":"closed","ping_status":"closed","sticky":false,"template":"","format":"standard","meta":{"_jetpack_memberships_contains_paid_content":false,"footnotes":""},"categories":[555973269,389306059,518,7350,671998],"tags":[555973334,555973338,555973336,555973337,555973333,555973311,555973335],"class_list":["post-10152","post","type-post","status-publish","format-standard","has-post-thumbnail","hentry","category-gruppen","category-hassrede","category-trends","category-veranstaltungen","category-vielfalt","tag-engagement","tag-jury","tag-preis","tag-preisverleihung","tag-sha","tag-smart-hero-award","tag-social-media"],"yoast_head":"<!-- This site is optimized with the Yoast SEO plugin v27.2 - https:\/\/yoast.com\/product\/yoast-seo-wordpress\/ -->\n<title>Bewerbungsphase des Smart Hero Award bis Ostern verl\u00e4ngert! | \u00dcber Meta<\/title>\n<meta name=\"robots\" content=\"index, follow, max-snippet:-1, max-image-preview:large, max-video-preview:-1\" \/>\n<link rel=\"canonical\" href=\"https:\/\/about.fb.com\/de\/news\/2019\/03\/bewerbungsphase-verlaengert\/\" \/>\n<meta property=\"og:locale\" content=\"de_DE\" \/>\n<meta property=\"og:type\" content=\"article\" \/>\n<meta property=\"og:title\" content=\"Bewerbungsphase des Smart Hero Award bis Ostern verl\u00e4ngert! | \u00dcber Meta\" \/>\n<meta property=\"og:description\" content=\"Hochkar\u00e4tig besetzte Jury steht fest und wird Sonderpreis vergeben Seit Anfang Januar suchen die Stiftung Digitale Chancen und Facebook wie jedes Jahr Menschen, die sich engagieren, anderen helfen und Br\u00fccken f\u00fcr ein gemeinschaftliches Miteinander bauen &#8211; diesmal unter dem Schwerpunktthema \u201cEine demokratische Gesellschaft\u201d. Nachdem in den vergangenen Wochen bereits zahlreiche Wettbewerbsbeitr\u00e4ge f\u00fcr den Smart Hero Award eingegangen sind, wird die Bewerbungsphase noch einmal verl\u00e4ngert: Bis zum 22. April k\u00f6nnen Projekte unter www.smart-hero-award.de\/bewerbung ins Rennen geschickt werden. Projekte und Initiativen k\u00f6nnen sich entweder selbst bewerben oder von anderen f\u00fcr die Auszeichnung vorgeschlagen werden. \u201cSmart Heroes leisten einen wichtigen Beitrag f\u00fcr demokratische Werte und den gesellschaftlichen Zusammenhalt in unserem Land. Sie vollbringen jeden Tag kleine und gro\u00dfe Heldentaten\u201d, betont Staatsministerin Dorothee B\u00e4r, Beauftragte der Bundesregierung f\u00fcr Digitalisierung und Schirmherrin des Awards. \u201cIhr tatkr\u00e4ftiger Einsatz verdient hohe Anerkennung, bindet aber innerhalb der Projekte auch erhebliche Ressourcen\u201d, so B\u00e4r weiter. \u201cMit der verl\u00e4ngerten Bewerbungsphase kommen wir daher dem Wunsch vieler Menschen nach, etwas mehr Zeit zu bekommen f\u00fcr die eigene Bewerbung oder um Projekte vorzuschlagen\u201d, erg\u00e4nzt Jutta Croll, Vorstandsvorsitzende der Stiftung Digitale Chancen. Die Stiftung Digitale Chancen und ein Expertengremium bewerten anschlie\u00dfend in einem mehrstufigen Verfahren alle Wettbewerbsbeitr\u00e4ge anhand eines umfassenden Kriterienkatalogs und nominieren die Finalisten. Anschlie\u00dfend entscheidet eine hochrangig besetzte Jury \u00fcber die Preistr\u00e4ger und vergibt w\u00e4hrend einer feierlichen Preisverleihung im September in Berlin erstmals einen Jurypreis \u201ef\u00fcr den besonderen Einsatz f\u00fcr demokratische Werte\u201c. F\u00fcr die Jury konnten bislang die folgenden Personen gewonnen werden: Kerstin Andreae, Stellvertretende Vorsitzende der Bundestagsfraktion B\u00fcndnis 90\/Die Gr\u00fcnen Prof. Dr. Maria B\u00f6hmer, Pr\u00e4sidentin der Deutschen UNESCO-Kommission J\u00fcrgen Dusel, Beauftragter der Bundesregierung f\u00fcr die Belange von Menschen mit Behinderungen Saskia Esken, SPD, Mitglied des Deutschen Bundestags K\u00fcbra G\u00fcm\u00fc\u015fay, Journalistin und Aktivistin Thomas Kr\u00fcger, Pr\u00e4sident der Bundeszentrale f\u00fcr politische Bildung Hannes Ley, Gr\u00fcnder von #ichbinhier Philipp Otto, Direktor irights.lab Dr. Ferdinand Mirbach, Senior Projektmanager bei der Robert Bosch Stiftung Donata Freifrau Schenck zu Schweinsberg Dr. Marie-Agnes Strack-Zimmermann, Stellvertretende Bundesvorsitzende der FDP Annette Widmann-Mauz, CDU, Beauftragte der Bundesregierung f\u00fcr Migration, Fl\u00fcchtlinge und Integration Brigitte Zypries, SPD, Bundesministerin a.D. Weitere Informationen zum Smart Hero Award, dem Bewerbungsverfahren sowie den Preistr\u00e4gern der letzten Jahre, finden Sie unter www.smart-hero-award.de\" \/>\n<meta property=\"og:url\" content=\"https:\/\/about.fb.com\/de\/news\/2019\/03\/bewerbungsphase-verlaengert\/\" \/>\n<meta property=\"og:site_name\" content=\"\u00dcber Meta\" \/>\n<meta property=\"article:published_time\" content=\"2019-03-25T08:00:19+00:00\" \/>\n<meta property=\"og:image\" content=\"https:\/\/about.fb.com\/de\/wp-content\/uploads\/sites\/10\/2019\/03\/sha_041.jpg?resize=1024,684\" \/>\n\t<meta property=\"og:image:width\" content=\"1024\" \/>\n\t<meta property=\"og:image:height\" content=\"684\" \/>\n\t<meta property=\"og:image:type\" content=\"image\/jpeg\" \/>\n<meta name=\"author\" content=\"apcoworldwide\" \/>\n<meta name=\"twitter:card\" content=\"summary_large_image\" \/>\n<meta name=\"twitter:label1\" content=\"Written by\" \/>\n\t<meta name=\"twitter:data1\" content=\"Meta\" \/>\n\t<meta name=\"twitter:label2\" content=\"Est. reading time\" \/>\n\t<meta name=\"twitter:data2\" content=\"2 Minuten\" \/>\n<script type=\"application\/ld+json\" class=\"yoast-schema-graph\">{\"@context\":\"https:\/\/schema.org\",\"@graph\":[{\"@type\":\"Article\",\"@id\":\"https:\/\/about.fb.com\/de\/news\/2019\/03\/bewerbungsphase-verlaengert\/#article\",\"isPartOf\":{\"@id\":\"https:\/\/about.fb.com\/de\/news\/2019\/03\/bewerbungsphase-verlaengert\/\"},\"author\":\"Facebook company\",\"headline\":\"Bewerbungsphase des Smart Hero Award bis Ostern verl\u00e4ngert!\",\"datePublished\":\"2019-03-25T08:00:19+00:00\",\"mainEntityOfPage\":{\"@id\":\"https:\/\/about.fb.com\/de\/news\/2019\/03\/bewerbungsphase-verlaengert\/\"},\"wordCount\":412,\"publisher\":{\"@id\":\"https:\/\/about.fb.com\/de\/#organization\"},\"image\":{\"@id\":\"https:\/\/about.fb.com\/de\/news\/2019\/03\/bewerbungsphase-verlaengert\/#primaryimage\"},\"thumbnailUrl\":\"https:\/\/about.fb.com\/de\/wp-content\/uploads\/sites\/10\/2019\/03\/sha_041.jpg?fit=2000%2C1335\",\"keywords\":[\"Engagement\",\"Jury\",\"Preis\",\"Preisverleihung\",\"SHA\",\"Smart Hero Award\",\"Social Media\"],\"articleSection\":[\"Gruppen\",\"Hassrede\",\"Trends\",\"Veranstaltungen\",\"Vielfalt\"],\"inLanguage\":\"de-DE\"},{\"@type\":\"WebPage\",\"@id\":\"https:\/\/about.fb.com\/de\/news\/2019\/03\/bewerbungsphase-verlaengert\/\",\"url\":\"https:\/\/about.fb.com\/de\/news\/2019\/03\/bewerbungsphase-verlaengert\/\",\"name\":\"Bewerbungsphase des Smart Hero Award bis Ostern verl\u00e4ngert! | \u00dcber Meta\",\"isPartOf\":{\"@id\":\"https:\/\/about.fb.com\/de\/#website\"},\"primaryImageOfPage\":{\"@id\":\"https:\/\/about.fb.com\/de\/news\/2019\/03\/bewerbungsphase-verlaengert\/#primaryimage\"},\"image\":{\"@id\":\"https:\/\/about.fb.com\/de\/news\/2019\/03\/bewerbungsphase-verlaengert\/#primaryimage\"},\"thumbnailUrl\":\"https:\/\/about.fb.com\/de\/wp-content\/uploads\/sites\/10\/2019\/03\/sha_041.jpg?fit=2000%2C1335\",\"datePublished\":\"2019-03-25T08:00:19+00:00\",\"breadcrumb\":{\"@id\":\"https:\/\/about.fb.com\/de\/news\/2019\/03\/bewerbungsphase-verlaengert\/#breadcrumb\"},\"inLanguage\":\"de-DE\",\"potentialAction\":[{\"@type\":\"ReadAction\",\"target\":[\"https:\/\/about.fb.com\/de\/news\/2019\/03\/bewerbungsphase-verlaengert\/\"]}],\"author\":\"\u00dcber Meta\"},{\"@type\":\"ImageObject\",\"inLanguage\":\"de-DE\",\"@id\":\"https:\/\/about.fb.com\/de\/news\/2019\/03\/bewerbungsphase-verlaengert\/#primaryimage\",\"url\":\"https:\/\/about.fb.com\/de\/wp-content\/uploads\/sites\/10\/2019\/03\/sha_041.jpg?fit=2000%2C1335\",\"contentUrl\":\"https:\/\/about.fb.com\/de\/wp-content\/uploads\/sites\/10\/2019\/03\/sha_041.jpg?fit=2000%2C1335\",\"width\":2000,\"height\":1335},{\"@type\":\"BreadcrumbList\",\"@id\":\"https:\/\/about.fb.com\/de\/news\/2019\/03\/bewerbungsphase-verlaengert\/#breadcrumb\",\"itemListElement\":[{\"@type\":\"ListItem\",\"position\":1,\"name\":\"Home\",\"item\":\"https:\/\/about.fb.com\/de\/\"},{\"@type\":\"ListItem\",\"position\":2,\"name\":\"Bewerbungsphase des Smart Hero Award bis Ostern verl\u00e4ngert!\"}]},{\"@type\":\"WebSite\",\"@id\":\"https:\/\/about.fb.com\/de\/#website\",\"url\":\"https:\/\/about.fb.com\/news\/\",\"name\":\"\u00dcber Meta\",\"description\":\"\",\"publisher\":{\"@id\":\"https:\/\/about.fb.com\/de\/#organization\"},\"potentialAction\":[{\"@type\":\"SearchAction\",\"target\":{\"@type\":\"EntryPoint\",\"urlTemplate\":\"https:\/\/about.fb.com\/de\/?s={search_term_string}\"},\"query-input\":{\"@type\":\"PropertyValueSpecification\",\"valueRequired\":true,\"valueName\":\"search_term_string\"}}],\"inLanguage\":\"de-DE\",\"alternateName\":[\"Meta Newsroom\",\"Meta\"]},{\"@type\":\"Organization\",\"@id\":\"https:\/\/about.fb.com\/de\/#organization\",\"name\":\"Meta\",\"url\":\"https:\/\/about.fb.com\/de\/\",\"logo\":{\"@type\":\"ImageObject\",\"inLanguage\":\"de-DE\",\"@id\":\"https:\/\/about.fb.com\/de\/#\/schema\/logo\/image\/\",\"url\":\"https:\/\/about.fb.com\/de\/wp-content\/uploads\/sites\/10\/2021\/10\/meta-social-16x9-1.jpg?fit=8000%2C4500\",\"contentUrl\":\"https:\/\/about.fb.com\/de\/wp-content\/uploads\/sites\/10\/2021\/10\/meta-social-16x9-1.jpg?fit=8000%2C4500\",\"width\":8000,\"height\":4500,\"caption\":\"Meta\"},\"image\":{\"@id\":\"https:\/\/about.fb.com\/de\/#\/schema\/logo\/image\/\"}}]}<\/script>\n<!-- \/ Yoast SEO plugin. -->","yoast_head_json":{"title":"Bewerbungsphase des Smart Hero Award bis Ostern verl\u00e4ngert! | \u00dcber Meta","robots":{"index":"index","follow":"follow","max-snippet":"max-snippet:-1","max-image-preview":"max-image-preview:large","max-video-preview":"max-video-preview:-1"},"canonical":"https:\/\/about.fb.com\/de\/news\/2019\/03\/bewerbungsphase-verlaengert\/","og_locale":"de_DE","og_type":"article","og_title":"Bewerbungsphase des Smart Hero Award bis Ostern verl\u00e4ngert! | \u00dcber Meta","og_description":"Hochkar\u00e4tig besetzte Jury steht fest und wird Sonderpreis vergeben Seit Anfang Januar suchen die Stiftung Digitale Chancen und Facebook wie jedes Jahr Menschen, die sich engagieren, anderen helfen und Br\u00fccken f\u00fcr ein gemeinschaftliches Miteinander bauen &#8211; diesmal unter dem Schwerpunktthema \u201cEine demokratische Gesellschaft\u201d. Nachdem in den vergangenen Wochen bereits zahlreiche Wettbewerbsbeitr\u00e4ge f\u00fcr den Smart Hero Award eingegangen sind, wird die Bewerbungsphase noch einmal verl\u00e4ngert: Bis zum 22. April k\u00f6nnen Projekte unter www.smart-hero-award.de\/bewerbung ins Rennen geschickt werden. Projekte und Initiativen k\u00f6nnen sich entweder selbst bewerben oder von anderen f\u00fcr die Auszeichnung vorgeschlagen werden. \u201cSmart Heroes leisten einen wichtigen Beitrag f\u00fcr demokratische Werte und den gesellschaftlichen Zusammenhalt in unserem Land. Sie vollbringen jeden Tag kleine und gro\u00dfe Heldentaten\u201d, betont Staatsministerin Dorothee B\u00e4r, Beauftragte der Bundesregierung f\u00fcr Digitalisierung und Schirmherrin des Awards. \u201cIhr tatkr\u00e4ftiger Einsatz verdient hohe Anerkennung, bindet aber innerhalb der Projekte auch erhebliche Ressourcen\u201d, so B\u00e4r weiter. \u201cMit der verl\u00e4ngerten Bewerbungsphase kommen wir daher dem Wunsch vieler Menschen nach, etwas mehr Zeit zu bekommen f\u00fcr die eigene Bewerbung oder um Projekte vorzuschlagen\u201d, erg\u00e4nzt Jutta Croll, Vorstandsvorsitzende der Stiftung Digitale Chancen. Die Stiftung Digitale Chancen und ein Expertengremium bewerten anschlie\u00dfend in einem mehrstufigen Verfahren alle Wettbewerbsbeitr\u00e4ge anhand eines umfassenden Kriterienkatalogs und nominieren die Finalisten. Anschlie\u00dfend entscheidet eine hochrangig besetzte Jury \u00fcber die Preistr\u00e4ger und vergibt w\u00e4hrend einer feierlichen Preisverleihung im September in Berlin erstmals einen Jurypreis \u201ef\u00fcr den besonderen Einsatz f\u00fcr demokratische Werte\u201c. F\u00fcr die Jury konnten bislang die folgenden Personen gewonnen werden: Kerstin Andreae, Stellvertretende Vorsitzende der Bundestagsfraktion B\u00fcndnis 90\/Die Gr\u00fcnen Prof. Dr. Maria B\u00f6hmer, Pr\u00e4sidentin der Deutschen UNESCO-Kommission J\u00fcrgen Dusel, Beauftragter der Bundesregierung f\u00fcr die Belange von Menschen mit Behinderungen Saskia Esken, SPD, Mitglied des Deutschen Bundestags K\u00fcbra G\u00fcm\u00fc\u015fay, Journalistin und Aktivistin Thomas Kr\u00fcger, Pr\u00e4sident der Bundeszentrale f\u00fcr politische Bildung Hannes Ley, Gr\u00fcnder von #ichbinhier Philipp Otto, Direktor irights.lab Dr. Ferdinand Mirbach, Senior Projektmanager bei der Robert Bosch Stiftung Donata Freifrau Schenck zu Schweinsberg Dr. Marie-Agnes Strack-Zimmermann, Stellvertretende Bundesvorsitzende der FDP Annette Widmann-Mauz, CDU, Beauftragte der Bundesregierung f\u00fcr Migration, Fl\u00fcchtlinge und Integration Brigitte Zypries, SPD, Bundesministerin a.D. Weitere Informationen zum Smart Hero Award, dem Bewerbungsverfahren sowie den Preistr\u00e4gern der letzten Jahre, finden Sie unter www.smart-hero-award.de","og_url":"https:\/\/about.fb.com\/de\/news\/2019\/03\/bewerbungsphase-verlaengert\/","og_site_name":"\u00dcber Meta","article_published_time":"2019-03-25T08:00:19+00:00","og_image":[{"width":1024,"height":684,"url":"https:\/\/about.fb.com\/de\/wp-content\/uploads\/sites\/10\/2019\/03\/sha_041.jpg?resize=1024,684","type":"image\/jpeg"}],"author":"apcoworldwide","twitter_card":"summary_large_image","twitter_misc":{"Written by":"Meta","Est. reading time":"2 Minuten"},"schema":{"@context":"https:\/\/schema.org","@graph":[{"@type":"Article","@id":"https:\/\/about.fb.com\/de\/news\/2019\/03\/bewerbungsphase-verlaengert\/#article","isPartOf":{"@id":"https:\/\/about.fb.com\/de\/news\/2019\/03\/bewerbungsphase-verlaengert\/"},"author":"Facebook company","headline":"Bewerbungsphase des Smart Hero Award bis Ostern verl\u00e4ngert!","datePublished":"2019-03-25T08:00:19+00:00","mainEntityOfPage":{"@id":"https:\/\/about.fb.com\/de\/news\/2019\/03\/bewerbungsphase-verlaengert\/"},"wordCount":412,"publisher":{"@id":"https:\/\/about.fb.com\/de\/#organization"},"image":{"@id":"https:\/\/about.fb.com\/de\/news\/2019\/03\/bewerbungsphase-verlaengert\/#primaryimage"},"thumbnailUrl":"https:\/\/about.fb.com\/de\/wp-content\/uploads\/sites\/10\/2019\/03\/sha_041.jpg?fit=2000%2C1335","keywords":["Engagement","Jury","Preis","Preisverleihung","SHA","Smart Hero Award","Social Media"],"articleSection":["Gruppen","Hassrede","Trends","Veranstaltungen","Vielfalt"],"inLanguage":"de-DE"},{"@type":"WebPage","@id":"https:\/\/about.fb.com\/de\/news\/2019\/03\/bewerbungsphase-verlaengert\/","url":"https:\/\/about.fb.com\/de\/news\/2019\/03\/bewerbungsphase-verlaengert\/","name":"Bewerbungsphase des Smart Hero Award bis Ostern verl\u00e4ngert! | \u00dcber Meta","isPartOf":{"@id":"https:\/\/about.fb.com\/de\/#website"},"primaryImageOfPage":{"@id":"https:\/\/about.fb.com\/de\/news\/2019\/03\/bewerbungsphase-verlaengert\/#primaryimage"},"image":{"@id":"https:\/\/about.fb.com\/de\/news\/2019\/03\/bewerbungsphase-verlaengert\/#primaryimage"},"thumbnailUrl":"https:\/\/about.fb.com\/de\/wp-content\/uploads\/sites\/10\/2019\/03\/sha_041.jpg?fit=2000%2C1335","datePublished":"2019-03-25T08:00:19+00:00","breadcrumb":{"@id":"https:\/\/about.fb.com\/de\/news\/2019\/03\/bewerbungsphase-verlaengert\/#breadcrumb"},"inLanguage":"de-DE","potentialAction":[{"@type":"ReadAction","target":["https:\/\/about.fb.com\/de\/news\/2019\/03\/bewerbungsphase-verlaengert\/"]}],"author":"\u00dcber Meta"},{"@type":"ImageObject","inLanguage":"de-DE","@id":"https:\/\/about.fb.com\/de\/news\/2019\/03\/bewerbungsphase-verlaengert\/#primaryimage","url":"https:\/\/about.fb.com\/de\/wp-content\/uploads\/sites\/10\/2019\/03\/sha_041.jpg?fit=2000%2C1335","contentUrl":"https:\/\/about.fb.com\/de\/wp-content\/uploads\/sites\/10\/2019\/03\/sha_041.jpg?fit=2000%2C1335","width":2000,"height":1335},{"@type":"BreadcrumbList","@id":"https:\/\/about.fb.com\/de\/news\/2019\/03\/bewerbungsphase-verlaengert\/#breadcrumb","itemListElement":[{"@type":"ListItem","position":1,"name":"Home","item":"https:\/\/about.fb.com\/de\/"},{"@type":"ListItem","position":2,"name":"Bewerbungsphase des Smart Hero Award bis Ostern verl\u00e4ngert!"}]},{"@type":"WebSite","@id":"https:\/\/about.fb.com\/de\/#website","url":"https:\/\/about.fb.com\/news\/","name":"\u00dcber Meta","description":"","publisher":{"@id":"https:\/\/about.fb.com\/de\/#organization"},"potentialAction":[{"@type":"SearchAction","target":{"@type":"EntryPoint","urlTemplate":"https:\/\/about.fb.com\/de\/?s={search_term_string}"},"query-input":{"@type":"PropertyValueSpecification","valueRequired":true,"valueName":"search_term_string"}}],"inLanguage":"de-DE","alternateName":["Meta Newsroom","Meta"]},{"@type":"Organization","@id":"https:\/\/about.fb.com\/de\/#organization","name":"Meta","url":"https:\/\/about.fb.com\/de\/","logo":{"@type":"ImageObject","inLanguage":"de-DE","@id":"https:\/\/about.fb.com\/de\/#\/schema\/logo\/image\/","url":"https:\/\/about.fb.com\/de\/wp-content\/uploads\/sites\/10\/2021\/10\/meta-social-16x9-1.jpg?fit=8000%2C4500","contentUrl":"https:\/\/about.fb.com\/de\/wp-content\/uploads\/sites\/10\/2021\/10\/meta-social-16x9-1.jpg?fit=8000%2C4500","width":8000,"height":4500,"caption":"Meta"},"image":{"@id":"https:\/\/about.fb.com\/de\/#\/schema\/logo\/image\/"}}]}},"jetpack_featured_media_url":"https:\/\/about.fb.com\/de\/wp-content\/uploads\/sites\/10\/2019\/03\/sha_041.jpg?fit=2000%2C1335","jetpack-related-posts":[],"jetpack_sharing_enabled":true,"amp_enabled":true,"_links":{"self":[{"href":"https:\/\/about.fb.com\/de\/wp-json\/wp\/v2\/posts\/10152","targetHints":{"allow":["GET"]}}],"collection":[{"href":"https:\/\/about.fb.com\/de\/wp-json\/wp\/v2\/posts"}],"about":[{"href":"https:\/\/about.fb.com\/de\/wp-json\/wp\/v2\/types\/post"}],"author":[{"embeddable":true,"href":"https:\/\/about.fb.com\/de\/wp-json\/wp\/v2\/users\/119732082"}],"replies":[{"embeddable":true,"href":"https:\/\/about.fb.com\/de\/wp-json\/wp\/v2\/comments?post=10152"}],"version-history":[{"count":0,"href":"https:\/\/about.fb.com\/de\/wp-json\/wp\/v2\/posts\/10152\/revisions"}],"wp:featuredmedia":[{"embeddable":true,"href":"https:\/\/about.fb.com\/de\/wp-json\/wp\/v2\/media\/10157"}],"wp:attachment":[{"href":"https:\/\/about.fb.com\/de\/wp-json\/wp\/v2\/media?parent=10152"}],"wp:term":[{"taxonomy":"category","embeddable":true,"href":"https:\/\/about.fb.com\/de\/wp-json\/wp\/v2\/categories?post=10152"},{"taxonomy":"post_tag","embeddable":true,"href":"https:\/\/about.fb.com\/de\/wp-json\/wp\/v2\/tags?post=10152"}],"curies":[{"name":"wp","href":"https:\/\/api.w.org\/{rel}","templated":true}]}}