{"id":7497,"date":"2019-09-04T13:08:28","date_gmt":"2019-09-04T16:08:28","guid":{"rendered":"http:\/\/br.newsroom.fb.com\/?p=7497"},"modified":"2021-06-17T10:09:51","modified_gmt":"2021-06-17T13:09:51","slug":"um-caminho-para-a-privacidade-e-portabilidade-de-dados","status":"publish","type":"post","link":"https:\/\/about.fb.com\/br\/news\/2019\/09\/um-caminho-para-a-privacidade-e-portabilidade-de-dados\/","title":{"rendered":"Um caminho para a privacidade e portabilidade de dados"},"content":{"rendered":"<p><span style=\"font-weight:400\"><em>Por Erin Egan, Vice-presidente de Privacidade<\/em><\/span><\/p>\n<p><span style=\"font-weight:400\"><img data-recalc-dims=\"1\" loading=\"lazy\" decoding=\"async\" src=\"https:\/\/about.fb.com\/br\/wp-content\/uploads\/sites\/3\/2019\/09\/img_6528-2.gif?resize=960%2C315\" class=\"size-full wp-image-7503\" width=\"960\" height=\"315\"><\/span><\/p>\n<p><span style=\"font-weight:400\">No Facebook, acreditamos que parte de ter uma internet livre e aberta significa que as pessoas possam compartilhar suas informa\u00e7\u00f5es com os aplicativos ou servi\u00e7os que elas mais gostam. Como nosso CEO Mark Zuckerberg disse recentemente, se voc\u00ea compartilha dados com um servi\u00e7o, deveria ser capaz de transferi-los para outro. Isso d\u00e1 \u00e0s pessoas controle e poder de escolha, al\u00e9m de promover inova\u00e7\u00e3o. \u00c9 por isso que apoiamos o princ\u00edpio da portabilidade de dados.<\/span><\/p>\n<p><span style=\"font-weight:400\">H\u00e1 quase uma d\u00e9cada, permitimos que as pessoas fa\u00e7am o <\/span><span style=\"font-weight:400\"><a href=\"https:\/\/www.facebook.com\/help\/1701730696756992?helpref=hc_global_nav\">download de suas informa\u00e7\u00f5es<\/a><\/span><span style=\"font-weight:400\"> no Facebook. Recentemente, aprimoramos nossas ferramentas para facilitar a transfer\u00eancia dessas informa\u00e7\u00f5es para outro servi\u00e7o. Mas estamos confiantes de que podemos oferecer \u00e0s pessoas ainda mais controle por meio de uma nova gera\u00e7\u00e3o de ferramentas de portabilidade de dados que proteja a privacidade e d\u00ea suporte \u00e0 inova\u00e7\u00e3o. Para fazer isso, no entanto, n\u00f3s e outros servi\u00e7os online precisamos demonstrar \u00e0s pessoas que elas podem confiar que seus dados ser\u00e3o protegidos \u00e0 medida que elas movimentam seus dados entre diferentes servi\u00e7os.<\/span><\/p>\n<p><span style=\"font-weight:400\">Para criar ferramentas de portabilidade que as pessoas possam confiar e usar efetivamente, os servi\u00e7os online precisam de regras claras sobre quais tipos de dados devem ser port\u00e1veis e quem \u00e9 respons\u00e1vel por proteger esses dados \u00e0 medida que eles se deslocam para diferentes servi\u00e7os. Embora algumas leis, como o <\/span><span style=\"font-weight:400\">Regulamento Geral de Prote\u00e7\u00e3o de Dados da Uni\u00e3o Europeia (<\/span><span style=\"font-weight:400\">GDPR) e a Lei de Privacidade da Calif\u00f3rnia (CCPA), j\u00e1 garantam o direito \u00e0 portabilidade, acreditamos que as empresas e as pessoas se beneficiariam de orienta\u00e7\u00f5es adicionais sobre o que significa colocar essas regras em pr\u00e1tica.<\/span><\/p>\n<p><b>Portabilidade de Dados<\/b><\/p>\n<p><span style=\"font-weight:400\">\u00c9 por isso que hoje publicamos um relat\u00f3rio que aborda cinco quest\u00f5es sobre portabilidade de dados e privacidade que, esperamos, ajudem a promover uma conversa global sobre o que significa criar portabilidade de dados com prote\u00e7\u00e3o \u00e0 privacidade. Essas s\u00e3o <\/span><span style=\"font-weight:400\"><a href=\"https:\/\/newsroom.fb.com\/news\/2018\/07\/sharing-info-with-apps\/\">perguntas complexas<\/a><\/span><span style=\"font-weight:400\"> e esperamos dar uma pequena contribui\u00e7\u00e3o a pesquisas de especialistas em privacidade, consultorias e reguladores que j\u00e1 trabalham na portabilidade de dados.<\/span><\/p>\n<p><span style=\"font-weight:400\">O download do relat\u00f3rio pode ser realizado <\/span><span style=\"font-weight:400\"><a href=\"https:\/\/about.fb.com\/br\/wp-content\/uploads\/sites\/3\/2019\/09\/data-portability-privacy-white-paper.pdf\">aqui<\/a><\/span><span style=\"font-weight:400\">.<\/span><\/p>\n<p><span style=\"font-weight:400\">Esperamos que o documento ajude a identificar as quest\u00f5es que n\u00f3s e outras plataformas enfrentamos &#8211; e ofere\u00e7a algumas ideias sobre como super\u00e1-las.<\/span><\/p>\n<p><img data-recalc-dims=\"1\" loading=\"lazy\" decoding=\"async\" src=\"https:\/\/about.fb.com\/br\/wp-content\/uploads\/sites\/3\/2019\/09\/67630275_1100349393487931_7752312284474507264_n-2.gif?resize=960%2C906\" class=\"alignnone size-full wp-image-7501\" alt=\"67630275_1100349393487931_7752312284474507264_n\" width=\"960\" height=\"906\"><\/p>\n<ol>\n<li style=\"font-weight:400\"><b>O que \u00e9 portabilidade de dados? <\/b><span style=\"font-weight:400\">Embora \u201cportabilidade de dados\u201d j\u00e1 esteja inclu\u00edda em leis em alguns lugares, o conceito ainda tem significados diferentes para pessoas distintas. Tentamos estabelecer uma taxonomia para distinguir diferentes tipos de transfer\u00eancias de dados com o objetivo de identificar o que \u00e9 &#8211; e n\u00e3o \u00e9 &#8211; \u201cportabilidade de dados\u201d.&nbsp;<\/span><\/li>\n<li style=\"font-weight:400\"><b>Quais dados devem ser port\u00e1veis?<\/b><span style=\"font-weight:400\"> Analisamos diferentes opini\u00f5es sobre o que significa para uma pessoa portar os dados que ela \u201cforneceu\u201d a um servi\u00e7o e quais fatores as partes interessadas devem considerar para definir o escopo dos dados port\u00e1veis.<\/span><\/li>\n<li style=\"font-weight:400\"><b>Os dados de quais pessoas devem ser port\u00e1veis? <\/b><span style=\"font-weight:400\">Os dados est\u00e3o frequentemente associados a mais de uma pessoa nos servi\u00e7os digitais, como fotos, v\u00eddeos e listas de contato. As empresas que est\u00e3o transferindo os dados para outra devem limitar a portabilidade de dados nesses casos? Como os provedores podem garantir que os direitos de cada indiv\u00edduo sejam considerados?&nbsp;<\/span><\/li>\n<li style=\"font-weight:400\"><b>Como devemos proteger a privacidade e, ao mesmo tempo, permitir a portabilidade de dados?<\/b><span style=\"font-weight:400\"> Quais responsabilidades, se houver, as empresas que est\u00e3o transferindo os dados devem ter em rela\u00e7\u00e3o \u00e0s pessoas que solicitam ou recebem transfer\u00eancias de dados e \u00e0s pessoas cujos interesses podem estar envolvidos em uma transfer\u00eancia?&nbsp;<\/span><\/li>\n<li style=\"font-weight:400\"><b>Ap\u00f3s os dados das pessoas serem transferidos, quem ser\u00e1 respons\u00e1vel se eles forem usados de forma indevida ou se estiverem desprotegidos?<\/b><span style=\"font-weight:400\"> As empresas que transferirem ou receberem os dados devem ter qual responsabilidade? Os pr\u00f3prios usu\u00e1rios devem ser respons\u00e1veis por quest\u00f5es que afetam os dados deles (ou de seus amigos)?<\/span><\/li>\n<\/ol>\n<p><b>Pr\u00f3ximos passos<\/b><\/p>\n<p><span style=\"font-weight:400\">A portabilidade de dados tem o potencial de beneficiar a todos, de usu\u00e1rios a startups at\u00e9 empresas j\u00e1 estabelecidas. Esperamos que este relat\u00f3rio seja o in\u00edcio de uma s\u00e9rie de conversas com especialistas em privacidade, formuladores de pol\u00edticas, autoridades reguladoras e outras empresas em todo o mundo sobre como a portabilidade de dados deve ser implementada para maximizar os benef\u00edcios e mitigar riscos.<\/span><\/p>\n<p><span style=\"font-weight:400\">Mas n\u00e3o estamos apenas fazendo perguntas. Esperamos atuar com outros para desenvolver regras, mas j\u00e1 estamos trabalhando em algumas iniciativas:<\/span><\/p>\n<ol>\n<li style=\"font-weight:400\"><b>Explorando futuras ferramentas de portabilidade<\/b><span style=\"font-weight:400\">. Em 2018, aprimoramos nossa ferramenta de portabilidade de dados, <\/span><span style=\"font-weight:400\"><a href=\"https:\/\/www.facebook.com\/help\/1701730696756992?helpref=hc_global_nav\">Download Your Information<\/a><\/span><span style=\"font-weight:400\">. Agora, estamos explorando como deve ser a pr\u00f3xima gera\u00e7\u00e3o de ferramentas de portabilidade.<\/span><\/li>\n<li style=\"font-weight:400\"><b>Desenvolvendo novos padr\u00f5es como parte do Projeto de Transfer\u00eancia de Dados.<\/b><span style=\"font-weight:400\"> Em 2018, nos juntamos ao Google, Microsoft e Twitter no <\/span><span style=\"font-weight:400\"><a href=\"https:\/\/newsroom.fb.com\/news\/2018\/07\/data-transfer-project\/\">Projeto de Transfer\u00eancia de Dados<\/a><\/span><span style=\"font-weight:400\"> para encontrar uma maneira comum de as pessoas transferirem suas informa\u00e7\u00f5es sempre que desejarem. Desde ent\u00e3o, empresas como a Apple se uniram aos nossos esfor\u00e7os.<\/span><\/li>\n<li style=\"font-weight:400\"><b>Organizando conversas com especialistas e formuladores de pol\u00edticas em todo o mundo.<\/b><span style=\"font-weight:400\"> Vamos organizar e participar de uma s\u00e9rie de mesas-redondas e workshops com formuladores de pol\u00edticas e especialistas em portabilidade de dados em todo o mundo &#8211; de Washington a Cingapura, Buenos Aires e Berlim &#8211; para avan\u00e7ar na regulamenta\u00e7\u00e3o. Nestes workshops, aproveitaremos os ensinamentos da nossa s\u00e9rie global <\/span><span style=\"font-weight:400\"><a href=\"https:\/\/www.ttclabs.net\/about\">Confian\u00e7a, Transpar\u00eancia e Controle de Design Jam<\/a><\/span><span style=\"font-weight:400\"> para explorar op\u00e7\u00f5es para novas ferramentas de portabilidade de dados. Esperamos que mais pessoas participem dessas conversas.<\/span><\/li>\n<li style=\"font-weight:400\"><b>Contribuindo para projetos inovadores, como o <a href=\"https:\/\/www.ctrl-shift.co.uk\/news\/2019\/06\/17\/release-of-data-mobility-infrastructure-sandbox-report\/\">Data Mobility Sandbox<\/a>, do Reino Unido.<\/b><span style=\"font-weight:400\"> Globalmente, estamos trabalhando com especialistas, ONGs e governos em iniciativas destinadas a responder a algumas das quest\u00f5es levantadas no relat\u00f3rio que estamos divulgando hoje.<\/span><\/li>\n<\/ol>\n","protected":false},"excerpt":{"rendered":"Por Erin Egan, Vice-presidente de Privacidade No Facebook, acreditamos que parte de ter uma internet livre e aberta significa que as pessoas possam compartilhar suas informa\u00e7\u00f5es com os aplicativos ou servi\u00e7os que elas mais gostam. Como nosso CEO Mark Zuckerberg disse recentemente, se voc\u00ea compartilha dados com um servi\u00e7o, deveria ser capaz de transferi-los para outro. Isso d\u00e1 \u00e0s pessoas controle e poder de escolha, al\u00e9m de promover inova\u00e7\u00e3o. \u00c9 por isso que apoiamos o princ\u00edpio da portabilidade de dados. H\u00e1 quase uma d\u00e9cada, permitimos que as pessoas fa\u00e7am o download de suas informa\u00e7\u00f5es no Facebook. Recentemente, aprimoramos nossas ferramentas para facilitar a transfer\u00eancia dessas informa\u00e7\u00f5es para outro servi\u00e7o. Mas estamos confiantes de que podemos oferecer \u00e0s pessoas ainda mais controle por meio de uma nova gera\u00e7\u00e3o de ferramentas de portabilidade de dados que proteja a privacidade e d\u00ea suporte \u00e0 inova\u00e7\u00e3o. Para fazer isso, no entanto, n\u00f3s e outros servi\u00e7os online precisamos demonstrar \u00e0s pessoas que elas podem confiar que seus dados ser\u00e3o protegidos \u00e0 medida que elas movimentam seus dados entre diferentes servi\u00e7os. Para criar ferramentas de portabilidade que as pessoas possam confiar e usar efetivamente, os servi\u00e7os online precisam de regras claras sobre quais tipos de dados devem ser port\u00e1veis e quem \u00e9 respons\u00e1vel por proteger esses dados \u00e0 medida que eles se deslocam para diferentes servi\u00e7os. Embora algumas leis, como o Regulamento Geral de Prote\u00e7\u00e3o de Dados da Uni\u00e3o Europeia (GDPR) e a Lei de Privacidade da Calif\u00f3rnia (CCPA), j\u00e1 garantam o direito \u00e0 portabilidade, acreditamos que as empresas e as pessoas se beneficiariam de orienta\u00e7\u00f5es adicionais sobre o que significa colocar essas regras em pr\u00e1tica. Portabilidade de Dados \u00c9 por isso que hoje publicamos um relat\u00f3rio que aborda cinco quest\u00f5es sobre portabilidade de dados e privacidade que, esperamos, ajudem a promover uma conversa global sobre o que significa criar portabilidade de dados com prote\u00e7\u00e3o \u00e0 privacidade. Essas s\u00e3o perguntas complexas e esperamos dar uma pequena contribui\u00e7\u00e3o a pesquisas de especialistas em privacidade, consultorias e reguladores que j\u00e1 trabalham na portabilidade de dados. O download do relat\u00f3rio pode ser realizado aqui. Esperamos que o documento ajude a identificar as quest\u00f5es que n\u00f3s e outras plataformas enfrentamos &#8211; e ofere\u00e7a algumas ideias sobre como super\u00e1-las. O que \u00e9 portabilidade de dados? Embora \u201cportabilidade de dados\u201d j\u00e1 esteja inclu\u00edda em leis em alguns lugares, o conceito ainda tem significados diferentes para pessoas distintas. Tentamos estabelecer uma taxonomia para distinguir diferentes tipos de transfer\u00eancias de dados com o objetivo de identificar o que \u00e9 &#8211; e n\u00e3o \u00e9 &#8211; \u201cportabilidade de dados\u201d.&nbsp; Quais dados devem ser port\u00e1veis? Analisamos diferentes opini\u00f5es sobre o que significa para uma pessoa portar os dados que ela \u201cforneceu\u201d a um servi\u00e7o e quais fatores as partes interessadas devem considerar para definir o escopo dos dados port\u00e1veis. Os dados de quais pessoas devem ser port\u00e1veis? Os dados est\u00e3o frequentemente associados a mais de uma pessoa nos servi\u00e7os digitais, como fotos, v\u00eddeos e listas de contato. As empresas que est\u00e3o transferindo os dados para outra devem limitar a portabilidade de dados nesses casos? Como os provedores podem garantir que os direitos de cada indiv\u00edduo sejam considerados?&nbsp; Como devemos proteger a privacidade e, ao mesmo tempo, permitir a portabilidade de dados? Quais responsabilidades, se houver, as empresas que est\u00e3o transferindo os dados devem ter em rela\u00e7\u00e3o \u00e0s pessoas que solicitam ou recebem transfer\u00eancias de dados e \u00e0s pessoas cujos interesses podem estar envolvidos em uma transfer\u00eancia?&nbsp; Ap\u00f3s os dados das pessoas serem transferidos, quem ser\u00e1 respons\u00e1vel se eles forem usados de forma indevida ou se estiverem desprotegidos? As empresas que transferirem ou receberem os dados devem ter qual responsabilidade? Os pr\u00f3prios usu\u00e1rios devem ser respons\u00e1veis por quest\u00f5es que afetam os dados deles (ou de seus amigos)? Pr\u00f3ximos passos A portabilidade de dados tem o potencial de beneficiar a todos, de usu\u00e1rios a startups at\u00e9 empresas j\u00e1 estabelecidas. Esperamos que este relat\u00f3rio seja o in\u00edcio de uma s\u00e9rie de conversas com especialistas em privacidade, formuladores de pol\u00edticas, autoridades reguladoras e outras empresas em todo o mundo sobre como a portabilidade de dados deve ser implementada para maximizar os benef\u00edcios e mitigar riscos. Mas n\u00e3o estamos apenas fazendo perguntas. Esperamos atuar com outros para desenvolver regras, mas j\u00e1 estamos trabalhando em algumas iniciativas: Explorando futuras ferramentas de portabilidade. Em 2018, aprimoramos nossa ferramenta de portabilidade de dados, Download Your Information. Agora, estamos explorando como deve ser a pr\u00f3xima gera\u00e7\u00e3o de ferramentas de portabilidade. Desenvolvendo novos padr\u00f5es como parte do Projeto de Transfer\u00eancia de Dados. Em 2018, nos juntamos ao Google, Microsoft e Twitter no Projeto de Transfer\u00eancia de Dados para encontrar uma maneira comum de as pessoas transferirem suas informa\u00e7\u00f5es sempre que desejarem. Desde ent\u00e3o, empresas como a Apple se uniram aos nossos esfor\u00e7os. Organizando conversas com especialistas e formuladores de pol\u00edticas em todo o mundo. Vamos organizar e participar de uma s\u00e9rie de mesas-redondas e workshops com formuladores de pol\u00edticas e especialistas em portabilidade de dados em todo o mundo &#8211; de Washington a Cingapura, Buenos Aires e Berlim &#8211; para avan\u00e7ar na regulamenta\u00e7\u00e3o. Nestes workshops, aproveitaremos os ensinamentos da nossa s\u00e9rie global Confian\u00e7a, Transpar\u00eancia e Controle de Design Jam para explorar op\u00e7\u00f5es para novas ferramentas de portabilidade de dados. Esperamos que mais pessoas participem dessas conversas. Contribuindo para projetos inovadores, como o Data Mobility Sandbox, do Reino Unido. Globalmente, estamos trabalhando com especialistas, ONGs e governos em iniciativas destinadas a responder a algumas das quest\u00f5es levantadas no relat\u00f3rio que estamos divulgando hoje.","protected":false},"author":81109636,"featured_media":0,"comment_status":"closed","ping_status":"closed","sticky":false,"template":"","format":"standard","meta":{"_jetpack_memberships_contains_paid_content":false,"footnotes":""},"categories":[1],"tags":[],"class_list":["post-7497","post","type-post","status-publish","format-standard","hentry","category-recent-news"],"yoast_head":"<!-- This site is optimized with the Yoast SEO plugin v27.2 - https:\/\/yoast.com\/product\/yoast-seo-wordpress\/ -->\n<title>Um caminho para a privacidade e portabilidade de dados | Sobre a Meta<\/title>\n<meta name=\"robots\" content=\"index, follow, max-snippet:-1, max-image-preview:large, max-video-preview:-1\" \/>\n<link rel=\"canonical\" href=\"https:\/\/about.fb.com\/br\/news\/2019\/09\/um-caminho-para-a-privacidade-e-portabilidade-de-dados\/\" \/>\n<meta property=\"og:locale\" content=\"pt_BR\" \/>\n<meta property=\"og:type\" content=\"article\" \/>\n<meta property=\"og:title\" content=\"Um caminho para a privacidade e portabilidade de dados | Sobre a Meta\" \/>\n<meta property=\"og:description\" content=\"Por Erin Egan, Vice-presidente de Privacidade No Facebook, acreditamos que parte de ter uma internet livre e aberta significa que as pessoas possam compartilhar suas informa\u00e7\u00f5es com os aplicativos ou servi\u00e7os que elas mais gostam. Como nosso CEO Mark Zuckerberg disse recentemente, se voc\u00ea compartilha dados com um servi\u00e7o, deveria ser capaz de transferi-los para outro. Isso d\u00e1 \u00e0s pessoas controle e poder de escolha, al\u00e9m de promover inova\u00e7\u00e3o. \u00c9 por isso que apoiamos o princ\u00edpio da portabilidade de dados. H\u00e1 quase uma d\u00e9cada, permitimos que as pessoas fa\u00e7am o download de suas informa\u00e7\u00f5es no Facebook. Recentemente, aprimoramos nossas ferramentas para facilitar a transfer\u00eancia dessas informa\u00e7\u00f5es para outro servi\u00e7o. Mas estamos confiantes de que podemos oferecer \u00e0s pessoas ainda mais controle por meio de uma nova gera\u00e7\u00e3o de ferramentas de portabilidade de dados que proteja a privacidade e d\u00ea suporte \u00e0 inova\u00e7\u00e3o. Para fazer isso, no entanto, n\u00f3s e outros servi\u00e7os online precisamos demonstrar \u00e0s pessoas que elas podem confiar que seus dados ser\u00e3o protegidos \u00e0 medida que elas movimentam seus dados entre diferentes servi\u00e7os. Para criar ferramentas de portabilidade que as pessoas possam confiar e usar efetivamente, os servi\u00e7os online precisam de regras claras sobre quais tipos de dados devem ser port\u00e1veis e quem \u00e9 respons\u00e1vel por proteger esses dados \u00e0 medida que eles se deslocam para diferentes servi\u00e7os. Embora algumas leis, como o Regulamento Geral de Prote\u00e7\u00e3o de Dados da Uni\u00e3o Europeia (GDPR) e a Lei de Privacidade da Calif\u00f3rnia (CCPA), j\u00e1 garantam o direito \u00e0 portabilidade, acreditamos que as empresas e as pessoas se beneficiariam de orienta\u00e7\u00f5es adicionais sobre o que significa colocar essas regras em pr\u00e1tica. Portabilidade de Dados \u00c9 por isso que hoje publicamos um relat\u00f3rio que aborda cinco quest\u00f5es sobre portabilidade de dados e privacidade que, esperamos, ajudem a promover uma conversa global sobre o que significa criar portabilidade de dados com prote\u00e7\u00e3o \u00e0 privacidade. Essas s\u00e3o perguntas complexas e esperamos dar uma pequena contribui\u00e7\u00e3o a pesquisas de especialistas em privacidade, consultorias e reguladores que j\u00e1 trabalham na portabilidade de dados. O download do relat\u00f3rio pode ser realizado aqui. Esperamos que o documento ajude a identificar as quest\u00f5es que n\u00f3s e outras plataformas enfrentamos &#8211; e ofere\u00e7a algumas ideias sobre como super\u00e1-las. O que \u00e9 portabilidade de dados? Embora \u201cportabilidade de dados\u201d j\u00e1 esteja inclu\u00edda em leis em alguns lugares, o conceito ainda tem significados diferentes para pessoas distintas. Tentamos estabelecer uma taxonomia para distinguir diferentes tipos de transfer\u00eancias de dados com o objetivo de identificar o que \u00e9 &#8211; e n\u00e3o \u00e9 &#8211; \u201cportabilidade de dados\u201d.&nbsp; Quais dados devem ser port\u00e1veis? Analisamos diferentes opini\u00f5es sobre o que significa para uma pessoa portar os dados que ela \u201cforneceu\u201d a um servi\u00e7o e quais fatores as partes interessadas devem considerar para definir o escopo dos dados port\u00e1veis. Os dados de quais pessoas devem ser port\u00e1veis? Os dados est\u00e3o frequentemente associados a mais de uma pessoa nos servi\u00e7os digitais, como fotos, v\u00eddeos e listas de contato. As empresas que est\u00e3o transferindo os dados para outra devem limitar a portabilidade de dados nesses casos? Como os provedores podem garantir que os direitos de cada indiv\u00edduo sejam considerados?&nbsp; Como devemos proteger a privacidade e, ao mesmo tempo, permitir a portabilidade de dados? Quais responsabilidades, se houver, as empresas que est\u00e3o transferindo os dados devem ter em rela\u00e7\u00e3o \u00e0s pessoas que solicitam ou recebem transfer\u00eancias de dados e \u00e0s pessoas cujos interesses podem estar envolvidos em uma transfer\u00eancia?&nbsp; Ap\u00f3s os dados das pessoas serem transferidos, quem ser\u00e1 respons\u00e1vel se eles forem usados de forma indevida ou se estiverem desprotegidos? As empresas que transferirem ou receberem os dados devem ter qual responsabilidade? Os pr\u00f3prios usu\u00e1rios devem ser respons\u00e1veis por quest\u00f5es que afetam os dados deles (ou de seus amigos)? Pr\u00f3ximos passos A portabilidade de dados tem o potencial de beneficiar a todos, de usu\u00e1rios a startups at\u00e9 empresas j\u00e1 estabelecidas. Esperamos que este relat\u00f3rio seja o in\u00edcio de uma s\u00e9rie de conversas com especialistas em privacidade, formuladores de pol\u00edticas, autoridades reguladoras e outras empresas em todo o mundo sobre como a portabilidade de dados deve ser implementada para maximizar os benef\u00edcios e mitigar riscos. Mas n\u00e3o estamos apenas fazendo perguntas. Esperamos atuar com outros para desenvolver regras, mas j\u00e1 estamos trabalhando em algumas iniciativas: Explorando futuras ferramentas de portabilidade. Em 2018, aprimoramos nossa ferramenta de portabilidade de dados, Download Your Information. Agora, estamos explorando como deve ser a pr\u00f3xima gera\u00e7\u00e3o de ferramentas de portabilidade. Desenvolvendo novos padr\u00f5es como parte do Projeto de Transfer\u00eancia de Dados. Em 2018, nos juntamos ao Google, Microsoft e Twitter no Projeto de Transfer\u00eancia de Dados para encontrar uma maneira comum de as pessoas transferirem suas informa\u00e7\u00f5es sempre que desejarem. Desde ent\u00e3o, empresas como a Apple se uniram aos nossos esfor\u00e7os. Organizando conversas com especialistas e formuladores de pol\u00edticas em todo o mundo. Vamos organizar e participar de uma s\u00e9rie de mesas-redondas e workshops com formuladores de pol\u00edticas e especialistas em portabilidade de dados em todo o mundo &#8211; de Washington a Cingapura, Buenos Aires e Berlim &#8211; para avan\u00e7ar na regulamenta\u00e7\u00e3o. Nestes workshops, aproveitaremos os ensinamentos da nossa s\u00e9rie global Confian\u00e7a, Transpar\u00eancia e Controle de Design Jam para explorar op\u00e7\u00f5es para novas ferramentas de portabilidade de dados. Esperamos que mais pessoas participem dessas conversas. Contribuindo para projetos inovadores, como o Data Mobility Sandbox, do Reino Unido. Globalmente, estamos trabalhando com especialistas, ONGs e governos em iniciativas destinadas a responder a algumas das quest\u00f5es levantadas no relat\u00f3rio que estamos divulgando hoje.\" \/>\n<meta property=\"og:url\" content=\"https:\/\/about.fb.com\/br\/news\/2019\/09\/um-caminho-para-a-privacidade-e-portabilidade-de-dados\/\" \/>\n<meta property=\"og:site_name\" content=\"Sobre a Meta\" \/>\n<meta property=\"article:published_time\" content=\"2019-09-04T16:08:28+00:00\" \/>\n<meta property=\"article:modified_time\" content=\"2021-06-17T13:09:51+00:00\" \/>\n<meta property=\"og:image\" content=\"https:\/\/about.fb.com\/br\/wp-content\/uploads\/sites\/3\/2019\/09\/img_6528-2.gif\" \/>\n<meta name=\"author\" content=\"facebookbr\" \/>\n<meta name=\"twitter:card\" content=\"summary_large_image\" \/>\n<meta name=\"twitter:label1\" content=\"Written by\" \/>\n\t<meta name=\"twitter:data1\" content=\"Meta\" \/>\n\t<meta name=\"twitter:label2\" content=\"Est. reading time\" \/>\n\t<meta name=\"twitter:data2\" content=\"5 minutos\" \/>\n<script type=\"application\/ld+json\" class=\"yoast-schema-graph\">{\"@context\":\"https:\/\/schema.org\",\"@graph\":[{\"@type\":\"Article\",\"@id\":\"https:\/\/about.fb.com\/br\/news\/2019\/09\/um-caminho-para-a-privacidade-e-portabilidade-de-dados\/#article\",\"isPartOf\":{\"@id\":\"https:\/\/about.fb.com\/br\/news\/2019\/09\/um-caminho-para-a-privacidade-e-portabilidade-de-dados\/\"},\"author\":\"Facebook company\",\"headline\":\"Um caminho para a privacidade e portabilidade de dados\",\"datePublished\":\"2019-09-04T16:08:28+00:00\",\"dateModified\":\"2021-06-17T13:09:51+00:00\",\"mainEntityOfPage\":{\"@id\":\"https:\/\/about.fb.com\/br\/news\/2019\/09\/um-caminho-para-a-privacidade-e-portabilidade-de-dados\/\"},\"wordCount\":991,\"publisher\":{\"@id\":\"https:\/\/about.fb.com\/br\/#organization\"},\"image\":{\"@id\":\"https:\/\/about.fb.com\/br\/news\/2019\/09\/um-caminho-para-a-privacidade-e-portabilidade-de-dados\/#primaryimage\"},\"thumbnailUrl\":\"https:\/\/about.fb.com\/br\/wp-content\/uploads\/sites\/3\/2019\/09\/img_6528-2.gif\",\"articleSection\":[\"Recent News\"],\"inLanguage\":\"pt-BR\"},{\"@type\":\"WebPage\",\"@id\":\"https:\/\/about.fb.com\/br\/news\/2019\/09\/um-caminho-para-a-privacidade-e-portabilidade-de-dados\/\",\"url\":\"https:\/\/about.fb.com\/br\/news\/2019\/09\/um-caminho-para-a-privacidade-e-portabilidade-de-dados\/\",\"name\":\"Um caminho para a privacidade e portabilidade de dados | Sobre a Meta\",\"isPartOf\":{\"@id\":\"https:\/\/about.fb.com\/br\/#website\"},\"primaryImageOfPage\":{\"@id\":\"https:\/\/about.fb.com\/br\/news\/2019\/09\/um-caminho-para-a-privacidade-e-portabilidade-de-dados\/#primaryimage\"},\"image\":{\"@id\":\"https:\/\/about.fb.com\/br\/news\/2019\/09\/um-caminho-para-a-privacidade-e-portabilidade-de-dados\/#primaryimage\"},\"thumbnailUrl\":\"https:\/\/about.fb.com\/br\/wp-content\/uploads\/sites\/3\/2019\/09\/img_6528-2.gif\",\"datePublished\":\"2019-09-04T16:08:28+00:00\",\"dateModified\":\"2021-06-17T13:09:51+00:00\",\"breadcrumb\":{\"@id\":\"https:\/\/about.fb.com\/br\/news\/2019\/09\/um-caminho-para-a-privacidade-e-portabilidade-de-dados\/#breadcrumb\"},\"inLanguage\":\"pt-BR\",\"potentialAction\":[{\"@type\":\"ReadAction\",\"target\":[\"https:\/\/about.fb.com\/br\/news\/2019\/09\/um-caminho-para-a-privacidade-e-portabilidade-de-dados\/\"]}],\"author\":\"Sobre a Meta\"},{\"@type\":\"ImageObject\",\"inLanguage\":\"pt-BR\",\"@id\":\"https:\/\/about.fb.com\/br\/news\/2019\/09\/um-caminho-para-a-privacidade-e-portabilidade-de-dados\/#primaryimage\",\"url\":\"https:\/\/about.fb.com\/br\/wp-content\/uploads\/sites\/3\/2019\/09\/img_6528-2.gif\",\"contentUrl\":\"https:\/\/about.fb.com\/br\/wp-content\/uploads\/sites\/3\/2019\/09\/img_6528-2.gif\"},{\"@type\":\"BreadcrumbList\",\"@id\":\"https:\/\/about.fb.com\/br\/news\/2019\/09\/um-caminho-para-a-privacidade-e-portabilidade-de-dados\/#breadcrumb\",\"itemListElement\":[{\"@type\":\"ListItem\",\"position\":1,\"name\":\"Home\",\"item\":\"https:\/\/about.fb.com\/br\/\"},{\"@type\":\"ListItem\",\"position\":2,\"name\":\"Um caminho para a privacidade e portabilidade de dados\"}]},{\"@type\":\"WebSite\",\"@id\":\"https:\/\/about.fb.com\/br\/#website\",\"url\":\"https:\/\/about.fb.com\/news\/\",\"name\":\"Sobre a Meta\",\"description\":\"\",\"publisher\":{\"@id\":\"https:\/\/about.fb.com\/br\/#organization\"},\"potentialAction\":[{\"@type\":\"SearchAction\",\"target\":{\"@type\":\"EntryPoint\",\"urlTemplate\":\"https:\/\/about.fb.com\/br\/?s={search_term_string}\"},\"query-input\":{\"@type\":\"PropertyValueSpecification\",\"valueRequired\":true,\"valueName\":\"search_term_string\"}}],\"inLanguage\":\"pt-BR\",\"alternateName\":[\"Meta Newsroom\",\"Meta\"]},{\"@type\":\"Organization\",\"@id\":\"https:\/\/about.fb.com\/br\/#organization\",\"name\":\"Meta\",\"url\":\"https:\/\/about.fb.com\/br\/\",\"logo\":{\"@type\":\"ImageObject\",\"inLanguage\":\"pt-BR\",\"@id\":\"https:\/\/about.fb.com\/br\/#\/schema\/logo\/image\/\",\"url\":\"https:\/\/about.fb.com\/br\/wp-content\/uploads\/sites\/11\/2021\/10\/meta-social-16x9-1.jpg?fit=8000%2C4500\",\"contentUrl\":\"https:\/\/about.fb.com\/br\/wp-content\/uploads\/sites\/11\/2021\/10\/meta-social-16x9-1.jpg?fit=8000%2C4500\",\"width\":8000,\"height\":4500,\"caption\":\"Meta\"},\"image\":{\"@id\":\"https:\/\/about.fb.com\/br\/#\/schema\/logo\/image\/\"}}]}<\/script>\n<!-- \/ Yoast SEO plugin. -->","yoast_head_json":{"title":"Um caminho para a privacidade e portabilidade de dados | Sobre a Meta","robots":{"index":"index","follow":"follow","max-snippet":"max-snippet:-1","max-image-preview":"max-image-preview:large","max-video-preview":"max-video-preview:-1"},"canonical":"https:\/\/about.fb.com\/br\/news\/2019\/09\/um-caminho-para-a-privacidade-e-portabilidade-de-dados\/","og_locale":"pt_BR","og_type":"article","og_title":"Um caminho para a privacidade e portabilidade de dados | Sobre a Meta","og_description":"Por Erin Egan, Vice-presidente de Privacidade No Facebook, acreditamos que parte de ter uma internet livre e aberta significa que as pessoas possam compartilhar suas informa\u00e7\u00f5es com os aplicativos ou servi\u00e7os que elas mais gostam. Como nosso CEO Mark Zuckerberg disse recentemente, se voc\u00ea compartilha dados com um servi\u00e7o, deveria ser capaz de transferi-los para outro. Isso d\u00e1 \u00e0s pessoas controle e poder de escolha, al\u00e9m de promover inova\u00e7\u00e3o. \u00c9 por isso que apoiamos o princ\u00edpio da portabilidade de dados. H\u00e1 quase uma d\u00e9cada, permitimos que as pessoas fa\u00e7am o download de suas informa\u00e7\u00f5es no Facebook. Recentemente, aprimoramos nossas ferramentas para facilitar a transfer\u00eancia dessas informa\u00e7\u00f5es para outro servi\u00e7o. Mas estamos confiantes de que podemos oferecer \u00e0s pessoas ainda mais controle por meio de uma nova gera\u00e7\u00e3o de ferramentas de portabilidade de dados que proteja a privacidade e d\u00ea suporte \u00e0 inova\u00e7\u00e3o. Para fazer isso, no entanto, n\u00f3s e outros servi\u00e7os online precisamos demonstrar \u00e0s pessoas que elas podem confiar que seus dados ser\u00e3o protegidos \u00e0 medida que elas movimentam seus dados entre diferentes servi\u00e7os. Para criar ferramentas de portabilidade que as pessoas possam confiar e usar efetivamente, os servi\u00e7os online precisam de regras claras sobre quais tipos de dados devem ser port\u00e1veis e quem \u00e9 respons\u00e1vel por proteger esses dados \u00e0 medida que eles se deslocam para diferentes servi\u00e7os. Embora algumas leis, como o Regulamento Geral de Prote\u00e7\u00e3o de Dados da Uni\u00e3o Europeia (GDPR) e a Lei de Privacidade da Calif\u00f3rnia (CCPA), j\u00e1 garantam o direito \u00e0 portabilidade, acreditamos que as empresas e as pessoas se beneficiariam de orienta\u00e7\u00f5es adicionais sobre o que significa colocar essas regras em pr\u00e1tica. Portabilidade de Dados \u00c9 por isso que hoje publicamos um relat\u00f3rio que aborda cinco quest\u00f5es sobre portabilidade de dados e privacidade que, esperamos, ajudem a promover uma conversa global sobre o que significa criar portabilidade de dados com prote\u00e7\u00e3o \u00e0 privacidade. Essas s\u00e3o perguntas complexas e esperamos dar uma pequena contribui\u00e7\u00e3o a pesquisas de especialistas em privacidade, consultorias e reguladores que j\u00e1 trabalham na portabilidade de dados. O download do relat\u00f3rio pode ser realizado aqui. Esperamos que o documento ajude a identificar as quest\u00f5es que n\u00f3s e outras plataformas enfrentamos &#8211; e ofere\u00e7a algumas ideias sobre como super\u00e1-las. O que \u00e9 portabilidade de dados? Embora \u201cportabilidade de dados\u201d j\u00e1 esteja inclu\u00edda em leis em alguns lugares, o conceito ainda tem significados diferentes para pessoas distintas. Tentamos estabelecer uma taxonomia para distinguir diferentes tipos de transfer\u00eancias de dados com o objetivo de identificar o que \u00e9 &#8211; e n\u00e3o \u00e9 &#8211; \u201cportabilidade de dados\u201d.&nbsp; Quais dados devem ser port\u00e1veis? Analisamos diferentes opini\u00f5es sobre o que significa para uma pessoa portar os dados que ela \u201cforneceu\u201d a um servi\u00e7o e quais fatores as partes interessadas devem considerar para definir o escopo dos dados port\u00e1veis. Os dados de quais pessoas devem ser port\u00e1veis? Os dados est\u00e3o frequentemente associados a mais de uma pessoa nos servi\u00e7os digitais, como fotos, v\u00eddeos e listas de contato. As empresas que est\u00e3o transferindo os dados para outra devem limitar a portabilidade de dados nesses casos? Como os provedores podem garantir que os direitos de cada indiv\u00edduo sejam considerados?&nbsp; Como devemos proteger a privacidade e, ao mesmo tempo, permitir a portabilidade de dados? Quais responsabilidades, se houver, as empresas que est\u00e3o transferindo os dados devem ter em rela\u00e7\u00e3o \u00e0s pessoas que solicitam ou recebem transfer\u00eancias de dados e \u00e0s pessoas cujos interesses podem estar envolvidos em uma transfer\u00eancia?&nbsp; Ap\u00f3s os dados das pessoas serem transferidos, quem ser\u00e1 respons\u00e1vel se eles forem usados de forma indevida ou se estiverem desprotegidos? As empresas que transferirem ou receberem os dados devem ter qual responsabilidade? Os pr\u00f3prios usu\u00e1rios devem ser respons\u00e1veis por quest\u00f5es que afetam os dados deles (ou de seus amigos)? Pr\u00f3ximos passos A portabilidade de dados tem o potencial de beneficiar a todos, de usu\u00e1rios a startups at\u00e9 empresas j\u00e1 estabelecidas. Esperamos que este relat\u00f3rio seja o in\u00edcio de uma s\u00e9rie de conversas com especialistas em privacidade, formuladores de pol\u00edticas, autoridades reguladoras e outras empresas em todo o mundo sobre como a portabilidade de dados deve ser implementada para maximizar os benef\u00edcios e mitigar riscos. Mas n\u00e3o estamos apenas fazendo perguntas. Esperamos atuar com outros para desenvolver regras, mas j\u00e1 estamos trabalhando em algumas iniciativas: Explorando futuras ferramentas de portabilidade. Em 2018, aprimoramos nossa ferramenta de portabilidade de dados, Download Your Information. Agora, estamos explorando como deve ser a pr\u00f3xima gera\u00e7\u00e3o de ferramentas de portabilidade. Desenvolvendo novos padr\u00f5es como parte do Projeto de Transfer\u00eancia de Dados. Em 2018, nos juntamos ao Google, Microsoft e Twitter no Projeto de Transfer\u00eancia de Dados para encontrar uma maneira comum de as pessoas transferirem suas informa\u00e7\u00f5es sempre que desejarem. Desde ent\u00e3o, empresas como a Apple se uniram aos nossos esfor\u00e7os. Organizando conversas com especialistas e formuladores de pol\u00edticas em todo o mundo. Vamos organizar e participar de uma s\u00e9rie de mesas-redondas e workshops com formuladores de pol\u00edticas e especialistas em portabilidade de dados em todo o mundo &#8211; de Washington a Cingapura, Buenos Aires e Berlim &#8211; para avan\u00e7ar na regulamenta\u00e7\u00e3o. Nestes workshops, aproveitaremos os ensinamentos da nossa s\u00e9rie global Confian\u00e7a, Transpar\u00eancia e Controle de Design Jam para explorar op\u00e7\u00f5es para novas ferramentas de portabilidade de dados. Esperamos que mais pessoas participem dessas conversas. Contribuindo para projetos inovadores, como o Data Mobility Sandbox, do Reino Unido. Globalmente, estamos trabalhando com especialistas, ONGs e governos em iniciativas destinadas a responder a algumas das quest\u00f5es levantadas no relat\u00f3rio que estamos divulgando hoje.","og_url":"https:\/\/about.fb.com\/br\/news\/2019\/09\/um-caminho-para-a-privacidade-e-portabilidade-de-dados\/","og_site_name":"Sobre a Meta","article_published_time":"2019-09-04T16:08:28+00:00","article_modified_time":"2021-06-17T13:09:51+00:00","og_image":[{"url":"https:\/\/about.fb.com\/br\/wp-content\/uploads\/sites\/3\/2019\/09\/img_6528-2.gif","type":"","width":"","height":""}],"author":"facebookbr","twitter_card":"summary_large_image","twitter_misc":{"Written by":"Meta","Est. reading time":"5 minutos"},"schema":{"@context":"https:\/\/schema.org","@graph":[{"@type":"Article","@id":"https:\/\/about.fb.com\/br\/news\/2019\/09\/um-caminho-para-a-privacidade-e-portabilidade-de-dados\/#article","isPartOf":{"@id":"https:\/\/about.fb.com\/br\/news\/2019\/09\/um-caminho-para-a-privacidade-e-portabilidade-de-dados\/"},"author":"Facebook company","headline":"Um caminho para a privacidade e portabilidade de dados","datePublished":"2019-09-04T16:08:28+00:00","dateModified":"2021-06-17T13:09:51+00:00","mainEntityOfPage":{"@id":"https:\/\/about.fb.com\/br\/news\/2019\/09\/um-caminho-para-a-privacidade-e-portabilidade-de-dados\/"},"wordCount":991,"publisher":{"@id":"https:\/\/about.fb.com\/br\/#organization"},"image":{"@id":"https:\/\/about.fb.com\/br\/news\/2019\/09\/um-caminho-para-a-privacidade-e-portabilidade-de-dados\/#primaryimage"},"thumbnailUrl":"https:\/\/about.fb.com\/br\/wp-content\/uploads\/sites\/3\/2019\/09\/img_6528-2.gif","articleSection":["Recent News"],"inLanguage":"pt-BR"},{"@type":"WebPage","@id":"https:\/\/about.fb.com\/br\/news\/2019\/09\/um-caminho-para-a-privacidade-e-portabilidade-de-dados\/","url":"https:\/\/about.fb.com\/br\/news\/2019\/09\/um-caminho-para-a-privacidade-e-portabilidade-de-dados\/","name":"Um caminho para a privacidade e portabilidade de dados | Sobre a Meta","isPartOf":{"@id":"https:\/\/about.fb.com\/br\/#website"},"primaryImageOfPage":{"@id":"https:\/\/about.fb.com\/br\/news\/2019\/09\/um-caminho-para-a-privacidade-e-portabilidade-de-dados\/#primaryimage"},"image":{"@id":"https:\/\/about.fb.com\/br\/news\/2019\/09\/um-caminho-para-a-privacidade-e-portabilidade-de-dados\/#primaryimage"},"thumbnailUrl":"https:\/\/about.fb.com\/br\/wp-content\/uploads\/sites\/3\/2019\/09\/img_6528-2.gif","datePublished":"2019-09-04T16:08:28+00:00","dateModified":"2021-06-17T13:09:51+00:00","breadcrumb":{"@id":"https:\/\/about.fb.com\/br\/news\/2019\/09\/um-caminho-para-a-privacidade-e-portabilidade-de-dados\/#breadcrumb"},"inLanguage":"pt-BR","potentialAction":[{"@type":"ReadAction","target":["https:\/\/about.fb.com\/br\/news\/2019\/09\/um-caminho-para-a-privacidade-e-portabilidade-de-dados\/"]}],"author":"Sobre a Meta"},{"@type":"ImageObject","inLanguage":"pt-BR","@id":"https:\/\/about.fb.com\/br\/news\/2019\/09\/um-caminho-para-a-privacidade-e-portabilidade-de-dados\/#primaryimage","url":"https:\/\/about.fb.com\/br\/wp-content\/uploads\/sites\/3\/2019\/09\/img_6528-2.gif","contentUrl":"https:\/\/about.fb.com\/br\/wp-content\/uploads\/sites\/3\/2019\/09\/img_6528-2.gif"},{"@type":"BreadcrumbList","@id":"https:\/\/about.fb.com\/br\/news\/2019\/09\/um-caminho-para-a-privacidade-e-portabilidade-de-dados\/#breadcrumb","itemListElement":[{"@type":"ListItem","position":1,"name":"Home","item":"https:\/\/about.fb.com\/br\/"},{"@type":"ListItem","position":2,"name":"Um caminho para a privacidade e portabilidade de dados"}]},{"@type":"WebSite","@id":"https:\/\/about.fb.com\/br\/#website","url":"https:\/\/about.fb.com\/news\/","name":"Sobre a Meta","description":"","publisher":{"@id":"https:\/\/about.fb.com\/br\/#organization"},"potentialAction":[{"@type":"SearchAction","target":{"@type":"EntryPoint","urlTemplate":"https:\/\/about.fb.com\/br\/?s={search_term_string}"},"query-input":{"@type":"PropertyValueSpecification","valueRequired":true,"valueName":"search_term_string"}}],"inLanguage":"pt-BR","alternateName":["Meta Newsroom","Meta"]},{"@type":"Organization","@id":"https:\/\/about.fb.com\/br\/#organization","name":"Meta","url":"https:\/\/about.fb.com\/br\/","logo":{"@type":"ImageObject","inLanguage":"pt-BR","@id":"https:\/\/about.fb.com\/br\/#\/schema\/logo\/image\/","url":"https:\/\/about.fb.com\/br\/wp-content\/uploads\/sites\/11\/2021\/10\/meta-social-16x9-1.jpg?fit=8000%2C4500","contentUrl":"https:\/\/about.fb.com\/br\/wp-content\/uploads\/sites\/11\/2021\/10\/meta-social-16x9-1.jpg?fit=8000%2C4500","width":8000,"height":4500,"caption":"Meta"},"image":{"@id":"https:\/\/about.fb.com\/br\/#\/schema\/logo\/image\/"}}]}},"jetpack_featured_media_url":"","jetpack-related-posts":[{"id":26752,"url":"https:\/\/about.fb.com\/br\/news\/2025\/10\/mes-da-conscientizacao-sobre-ciberseguranca-ajudando-idosos-a-evitar-golpes-online\/","url_meta":{"origin":7497,"position":0},"title":"M\u00eas da Conscientiza\u00e7\u00e3o sobre Ciberseguran\u00e7a: Ajudando idosos a evitar golpes online","author":"Meta","date":"21\/10\/2025","format":false,"excerpt":"O Relat\u00f3rio de Crimes Cibern\u00e9ticos de 2024 do FBI indica que adultos com 60 anos ou mais nos EUA perderam um valor combinado de 4,8 bilh\u00f5es de d\u00f3lares em golpes somente em\u00a0 2024. Criminosos usam uma variedade de t\u00e1ticas para ganhar a confian\u00e7a das pessoas e, em determinadas circunst\u00e2ncias, comprometem\u2026","rel":"","context":"In &quot;Dados e Privacidade&quot;","block_context":{"text":"Dados e Privacidade","link":"https:\/\/about.fb.com\/br\/news\/category\/temas-home\/dados-e-privacidade\/"},"img":{"alt_text":"","src":"https:\/\/about.fb.com\/br\/wp-content\/uploads\/sites\/11\/2025\/10\/Cybersecurity-Awareness-Month_Header.jpg?fit=1920%2C1080&resize=350%2C200","width":350,"height":200,"srcset":"https:\/\/about.fb.com\/br\/wp-content\/uploads\/sites\/11\/2025\/10\/Cybersecurity-Awareness-Month_Header.jpg?fit=1920%2C1080&resize=350%2C200 1x, https:\/\/about.fb.com\/br\/wp-content\/uploads\/sites\/11\/2025\/10\/Cybersecurity-Awareness-Month_Header.jpg?fit=1920%2C1080&resize=525%2C300 1.5x, https:\/\/about.fb.com\/br\/wp-content\/uploads\/sites\/11\/2025\/10\/Cybersecurity-Awareness-Month_Header.jpg?fit=1920%2C1080&resize=700%2C400 2x, https:\/\/about.fb.com\/br\/wp-content\/uploads\/sites\/11\/2025\/10\/Cybersecurity-Awareness-Month_Header.jpg?fit=1920%2C1080&resize=1050%2C600 3x, https:\/\/about.fb.com\/br\/wp-content\/uploads\/sites\/11\/2025\/10\/Cybersecurity-Awareness-Month_Header.jpg?fit=1920%2C1080&resize=1400%2C800 4x"},"classes":[]},{"id":26118,"url":"https:\/\/about.fb.com\/br\/news\/2025\/01\/refletindo-sobre-o-investimento-de-us-8-bilhoes-da-meta-em-privacidade\/","url_meta":{"origin":7497,"position":1},"title":"Refletindo sobre o investimento de US$ 8 bilh\u00f5es da Meta em privacidade","author":"Meta","date":"28\/01\/2025","format":false,"excerpt":"Nos \u00faltimos anos, na Meta, destacamos o Dia da Privacidade de Dados com uma retrospectiva de nossos marcos de privacidade do ano anterior. Quando olhamos para tr\u00e1s, para nossas inova\u00e7\u00f5es tecnol\u00f3gicas de 2024, o denominador comum em todas elas \u00e9 uma base s\u00f3lida de privacidade. Essa base s\u00f3 foi poss\u00edvel\u2026","rel":"","context":"In &quot;Recent News&quot;","block_context":{"text":"Recent News","link":"https:\/\/about.fb.com\/br\/news\/category\/recent-news\/"},"img":{"alt_text":"","src":"","width":0,"height":0},"classes":[]},{"id":26975,"url":"https:\/\/about.fb.com\/br\/news\/2026\/01\/protecao-de-privacidade-mais-recente-do-whatsapp-configuracoes-rigorosas-da-conta\/","url_meta":{"origin":7497,"position":2},"title":"Prote\u00e7\u00e3o de privacidade mais recente do WhatsApp: configura\u00e7\u00f5es rigorosas da conta","author":"Meta","date":"27\/01\/2026","format":false,"excerpt":"N\u00f3s acreditamos que as pessoas devem conseguir ter conversas privadas no WhatsApp, assim como fazem na vida real. Sempre defenderemos o direito \u00e0 privacidade para todos, come\u00e7ando com a criptografia de ponta a ponta padr\u00e3o. Contudo, para al\u00e9m disso, sabemos que algumas pessoas que usam nossos servi\u00e7os, como jornalistas ou\u2026","rel":"","context":"In &quot;WhatsApp&quot;","block_context":{"text":"WhatsApp","link":"https:\/\/about.fb.com\/br\/news\/category\/technologies\/whatsapp\/"},"img":{"alt_text":"","src":"https:\/\/about.fb.com\/br\/wp-content\/uploads\/sites\/11\/2026\/01\/WhatsApp_Protecao-de-Seguranca.jpg?fit=1920%2C1080&resize=350%2C200","width":350,"height":200,"srcset":"https:\/\/about.fb.com\/br\/wp-content\/uploads\/sites\/11\/2026\/01\/WhatsApp_Protecao-de-Seguranca.jpg?fit=1920%2C1080&resize=350%2C200 1x, https:\/\/about.fb.com\/br\/wp-content\/uploads\/sites\/11\/2026\/01\/WhatsApp_Protecao-de-Seguranca.jpg?fit=1920%2C1080&resize=525%2C300 1.5x, https:\/\/about.fb.com\/br\/wp-content\/uploads\/sites\/11\/2026\/01\/WhatsApp_Protecao-de-Seguranca.jpg?fit=1920%2C1080&resize=700%2C400 2x, https:\/\/about.fb.com\/br\/wp-content\/uploads\/sites\/11\/2026\/01\/WhatsApp_Protecao-de-Seguranca.jpg?fit=1920%2C1080&resize=1050%2C600 3x, https:\/\/about.fb.com\/br\/wp-content\/uploads\/sites\/11\/2026\/01\/WhatsApp_Protecao-de-Seguranca.jpg?fit=1920%2C1080&resize=1400%2C800 4x"},"classes":[]},{"id":26470,"url":"https:\/\/about.fb.com\/br\/news\/2025\/06\/ajudamos-voce-a-encontrar-mais-canais-e-empresas-no-whatsapp\/","url_meta":{"origin":7497,"position":3},"title":"Ajudamos voc\u00ea a encontrar mais canais e empresas no WhatsApp","author":"Meta","date":"16\/06\/2025","format":false,"excerpt":"Estamos lan\u00e7ando hoje novos recursos para a aba Atualiza\u00e7\u00f5es, onde voc\u00ea encontra os canais e o status. Nos \u00faltimos dois anos, trabalhamos para que essa aba se tornasse um espa\u00e7o em que voc\u00ea pode encontrar coisas novas no WhatsApp. Agora, ela j\u00e1 \u00e9 usada por 1,5 bilh\u00e3o de pessoas todos\u2026","rel":"","context":"In &quot;Recent News&quot;","block_context":{"text":"Recent News","link":"https:\/\/about.fb.com\/br\/news\/category\/recent-news\/"},"img":{"alt_text":"","src":"https:\/\/about.fb.com\/br\/wp-content\/uploads\/sites\/11\/2025\/06\/Brazilian-Portuguese_helping-you-find-more-channels-and-businesses-on-whatsapp-1.pt_BR.png?fit=1920%2C1080&resize=350%2C200","width":350,"height":200,"srcset":"https:\/\/about.fb.com\/br\/wp-content\/uploads\/sites\/11\/2025\/06\/Brazilian-Portuguese_helping-you-find-more-channels-and-businesses-on-whatsapp-1.pt_BR.png?fit=1920%2C1080&resize=350%2C200 1x, https:\/\/about.fb.com\/br\/wp-content\/uploads\/sites\/11\/2025\/06\/Brazilian-Portuguese_helping-you-find-more-channels-and-businesses-on-whatsapp-1.pt_BR.png?fit=1920%2C1080&resize=525%2C300 1.5x, https:\/\/about.fb.com\/br\/wp-content\/uploads\/sites\/11\/2025\/06\/Brazilian-Portuguese_helping-you-find-more-channels-and-businesses-on-whatsapp-1.pt_BR.png?fit=1920%2C1080&resize=700%2C400 2x, https:\/\/about.fb.com\/br\/wp-content\/uploads\/sites\/11\/2025\/06\/Brazilian-Portuguese_helping-you-find-more-channels-and-businesses-on-whatsapp-1.pt_BR.png?fit=1920%2C1080&resize=1050%2C600 3x, https:\/\/about.fb.com\/br\/wp-content\/uploads\/sites\/11\/2025\/06\/Brazilian-Portuguese_helping-you-find-more-channels-and-businesses-on-whatsapp-1.pt_BR.png?fit=1920%2C1080&resize=1400%2C800 4x"},"classes":[]},{"id":26358,"url":"https:\/\/about.fb.com\/br\/news\/2025\/04\/tudo-o-que-anunciamos-no-nosso-primeiro-llamacon\/","url_meta":{"origin":7497,"position":4},"title":"Tudo o que anunciamos no nosso primeiro LlamaCon","author":"Meta","date":"29\/04\/2025","format":false,"excerpt":"O LlamaCon come\u00e7ou oficialmente. Nosso evento inaugural integra desenvolvedores do mundo todo que t\u00eam algo em comum: a paix\u00e3o por construir com o Llama. J\u00e1 se passaram pouco mais de dois anos desde o lan\u00e7amento do Llama. Nesse per\u00edodo, ultrapassamos a marca de um bilh\u00e3o de downloads e, o mais\u2026","rel":"","context":"In &quot;Recent News&quot;","block_context":{"text":"Recent News","link":"https:\/\/about.fb.com\/br\/news\/category\/recent-news\/"},"img":{"alt_text":"","src":"https:\/\/about.fb.com\/br\/wp-content\/uploads\/sites\/11\/2025\/04\/493340882_1363289474727356_6058337847885698893_n.png?fit=1920%2C1080&resize=350%2C200","width":350,"height":200,"srcset":"https:\/\/about.fb.com\/br\/wp-content\/uploads\/sites\/11\/2025\/04\/493340882_1363289474727356_6058337847885698893_n.png?fit=1920%2C1080&resize=350%2C200 1x, https:\/\/about.fb.com\/br\/wp-content\/uploads\/sites\/11\/2025\/04\/493340882_1363289474727356_6058337847885698893_n.png?fit=1920%2C1080&resize=525%2C300 1.5x, https:\/\/about.fb.com\/br\/wp-content\/uploads\/sites\/11\/2025\/04\/493340882_1363289474727356_6058337847885698893_n.png?fit=1920%2C1080&resize=700%2C400 2x, https:\/\/about.fb.com\/br\/wp-content\/uploads\/sites\/11\/2025\/04\/493340882_1363289474727356_6058337847885698893_n.png?fit=1920%2C1080&resize=1050%2C600 3x, https:\/\/about.fb.com\/br\/wp-content\/uploads\/sites\/11\/2025\/04\/493340882_1363289474727356_6058337847885698893_n.png?fit=1920%2C1080&resize=1400%2C800 4x"},"classes":[]},{"id":26692,"url":"https:\/\/about.fb.com\/br\/news\/2025\/10\/melhorando-suas-recomendacoes-em-nossos-aplicativos-com-ia-na-meta\/","url_meta":{"origin":7497,"position":5},"title":"Melhorando suas recomenda\u00e7\u00f5es em nossos aplicativos com IA na Meta","author":"Meta","date":"01\/10\/2025","format":false,"excerpt":"Mais de 1 bilh\u00e3o de pessoas usam Meta AI todo m\u00eas. Continuamos a melhorar a forma como nossos produtos de IA se mostram relevantes para voc\u00ea, entendem seus objetivos e ajudam a realizar tarefas de maneira mais eficiente. Tamb\u00e9m estamos usando Meta AI, bem como outros recursos de IA para\u2026","rel":"","context":"In &quot;Meta&quot;","block_context":{"text":"Meta","link":"https:\/\/about.fb.com\/br\/news\/category\/temas-home\/meta\/"},"img":{"alt_text":"","src":"https:\/\/about.fb.com\/br\/wp-content\/uploads\/sites\/11\/2025\/10\/Meta-Privacy-Update_Header.jpg?fit=1920%2C1080&resize=350%2C200","width":350,"height":200,"srcset":"https:\/\/about.fb.com\/br\/wp-content\/uploads\/sites\/11\/2025\/10\/Meta-Privacy-Update_Header.jpg?fit=1920%2C1080&resize=350%2C200 1x, https:\/\/about.fb.com\/br\/wp-content\/uploads\/sites\/11\/2025\/10\/Meta-Privacy-Update_Header.jpg?fit=1920%2C1080&resize=525%2C300 1.5x, https:\/\/about.fb.com\/br\/wp-content\/uploads\/sites\/11\/2025\/10\/Meta-Privacy-Update_Header.jpg?fit=1920%2C1080&resize=700%2C400 2x, https:\/\/about.fb.com\/br\/wp-content\/uploads\/sites\/11\/2025\/10\/Meta-Privacy-Update_Header.jpg?fit=1920%2C1080&resize=1050%2C600 3x, https:\/\/about.fb.com\/br\/wp-content\/uploads\/sites\/11\/2025\/10\/Meta-Privacy-Update_Header.jpg?fit=1920%2C1080&resize=1400%2C800 4x"},"classes":[]}],"jetpack_sharing_enabled":true,"amp_enabled":true,"_links":{"self":[{"href":"https:\/\/about.fb.com\/br\/wp-json\/wp\/v2\/posts\/7497","targetHints":{"allow":["GET"]}}],"collection":[{"href":"https:\/\/about.fb.com\/br\/wp-json\/wp\/v2\/posts"}],"about":[{"href":"https:\/\/about.fb.com\/br\/wp-json\/wp\/v2\/types\/post"}],"author":[{"embeddable":true,"href":"https:\/\/about.fb.com\/br\/wp-json\/wp\/v2\/users\/81109636"}],"replies":[{"embeddable":true,"href":"https:\/\/about.fb.com\/br\/wp-json\/wp\/v2\/comments?post=7497"}],"version-history":[{"count":1,"href":"https:\/\/about.fb.com\/br\/wp-json\/wp\/v2\/posts\/7497\/revisions"}],"predecessor-version":[{"id":7673,"href":"https:\/\/about.fb.com\/br\/wp-json\/wp\/v2\/posts\/7497\/revisions\/7673"}],"wp:attachment":[{"href":"https:\/\/about.fb.com\/br\/wp-json\/wp\/v2\/media?parent=7497"}],"wp:term":[{"taxonomy":"category","embeddable":true,"href":"https:\/\/about.fb.com\/br\/wp-json\/wp\/v2\/categories?post=7497"},{"taxonomy":"post_tag","embeddable":true,"href":"https:\/\/about.fb.com\/br\/wp-json\/wp\/v2\/tags?post=7497"}],"curies":[{"name":"wp","href":"https:\/\/api.w.org\/{rel}","templated":true}]}}