{"id":7431,"date":"2019-07-02T10:43:06","date_gmt":"2019-07-02T13:43:06","guid":{"rendered":"http:\/\/br.newsroom.fb.com\/?p=7431"},"modified":"2021-06-17T10:09:52","modified_gmt":"2021-06-17T13:09:52","slug":"lidando-com-conteudos-sensacionalistas-sobre-saude","status":"publish","type":"post","link":"https:\/\/about.fb.com\/br\/news\/2019\/07\/lidando-com-conteudos-sensacionalistas-sobre-saude\/","title":{"rendered":"Lidando com conte\u00fados sensacionalistas sobre sa\u00fade"},"content":{"rendered":"<p><img data-recalc-dims=\"1\" loading=\"lazy\" decoding=\"async\" class=\"alignnone size-full wp-image-7430\" src=\"https:\/\/about.fb.com\/br\/wp-content\/uploads\/sites\/3\/2019\/07\/health-claims-1.png?resize=960%2C659\" alt=\"health-claims.png\" width=\"960\" height=\"659\" \/><\/p>\n<p><i><span style=\"font-weight:400;\">Por Travis Yeh, Gerente de Produto<\/span><\/i><\/p>\n<p><span style=\"font-weight:400;\">As pessoas se re\u00fanem no Facebook para conversar, defender e se conectar em torno de assuntos como nutri\u00e7\u00e3o, condicionamento f\u00edsico e outras quest\u00f5es relacionadas \u00e0 sa\u00fade. Mas, para ajudar as pessoas a se conectar com informa\u00e7\u00f5es precisas e ter o suporte que precisam, \u00e9 imprescind\u00edvel que minimizemos os conte\u00fados sensacionalistas ou enganosos sobre sa\u00fade.<\/span><\/p>\n<p><span style=\"font-weight:400;\">Em nossos <\/span><a href=\"https:\/\/about.fb.com\/br\/2019\/04\/pessoas-publishers-e-a-comunidade\/\"><span style=\"font-weight:400;\">constantes esfor\u00e7os<\/span><\/a><span style=\"font-weight:400;\"> para melhorar a qualidade das informa\u00e7\u00f5es no Feed de Not\u00edcias, consideramos as altera\u00e7\u00f5es na classifica\u00e7\u00e3o com base em como elas afetam pessoas, publishers e a nossa comunidade como um todo. Sabemos que as pessoas n\u00e3o gostam de postagens sensacionalistas ou de spam, e que conte\u00fados enganosos sobre sa\u00fade s\u00e3o particularmente ruins para nossa comunidade. Assim, no \u00faltimo m\u00eas fizemos duas atualiza\u00e7\u00f5es na classifica\u00e7\u00e3o para reduzir (1) posts com afirma\u00e7\u00f5es exageradas ou sensacionalistas sobre sa\u00fade e (2) posts tentando vender produtos ou servi\u00e7os com base em alega\u00e7\u00f5es relacionadas \u00e0 sa\u00fade.<\/span><\/p>\n<ul>\n<li style=\"font-weight:400;\"><span style=\"font-weight:400;\">Para a primeira atualiza\u00e7\u00e3o, avaliamos se uma publica\u00e7\u00e3o sobre sa\u00fade exagera ou engana <\/span><span style=\"font-weight:400;\">\u2014<\/span><span style=\"font-weight:400;\"> por exemplo, fazendo uma afirma\u00e7\u00e3o sensacionalista sobre uma cura milagrosa.<\/span><\/li>\n<li style=\"font-weight:400;\"><span style=\"font-weight:400;\">Para a segunda atualiza\u00e7\u00e3o, avaliamos se uma publica\u00e7\u00e3o promove um produto ou servi\u00e7o com base em uma alega\u00e7\u00e3o relacionada \u00e0 sa\u00fade \u2014 por exemplo, promovendo uma medica\u00e7\u00e3o ou p\u00edlula para ajudar voc\u00ea a perder peso.<\/span><\/li>\n<\/ul>\n<p><span style=\"font-weight:400;\">N\u00f3s lidamos com isso de maneira semelhante a <\/span><a href=\"https:\/\/newsroom.fb.com\/news\/2016\/08\/news-feed-fyi-further-reducing-clickbait-in-feed\/\"><span style=\"font-weight:400;\">quando<\/span><\/a><span style=\"font-weight:400;\"> reduzimos os conte\u00fados de baixa qualidade, como \u2018<\/span><a href=\"https:\/\/about.fb.com\/br\/2017\/05\/nova-atualizacao-no-feed-de-noticias-para-reduzir-manchetes-caca-cliques\/\"><span style=\"font-weight:400;\">ca\u00e7a-cliques<\/span><\/a><span style=\"font-weight:400;\">\u2019: identificando frases que eram comumente usadas nessas publica\u00e7\u00f5es para prever quais mensagens poderiam incluir afirma\u00e7\u00f5es de sa\u00fade sensacionalistas ou promo\u00e7\u00e3o de produtos com alega\u00e7\u00f5es relacionadas \u00e0 sa\u00fade, e classific\u00e1-las mais abaixo no Feed de Not\u00edcias.<\/span><\/p>\n<p><span style=\"font-weight:400;\">Continuaremos trabalhando para diminuir os conte\u00fados de baixa qualidade sobre sa\u00fade no Facebook.<\/span><\/p>\n<p><b>Isso impactar\u00e1 minha P\u00e1gina?<\/b><\/p>\n<p><span style=\"font-weight:400;\">Prevemos que a maioria das P\u00e1ginas n\u00e3o ter\u00e1 altera\u00e7\u00f5es significativas em sua distribui\u00e7\u00e3o no Feed de Not\u00edcias com essa atualiza\u00e7\u00e3o.<\/span><\/p>\n<p><span style=\"font-weight:400;\">Publica\u00e7\u00f5es com alega\u00e7\u00f5es de sa\u00fade sensacionalistas ou promovendo algum produto com alega\u00e7\u00f5es relacionadas \u00e0 sa\u00fade ter\u00e3o sua distribui\u00e7\u00e3o reduzida. As P\u00e1ginas devem evitar postagens sobre sa\u00fade que exagerem ou desinformem pessoas ou que tentem vender produtos com alega\u00e7\u00f5es relacionadas \u00e0 sa\u00fade. Se uma P\u00e1gina parar de publicar esse tipo de conte\u00fado, suas publica\u00e7\u00f5es n\u00e3o ser\u00e3o mais afetadas com essa altera\u00e7\u00e3o.<\/span><\/p>\n<p>&nbsp;<\/p>\n","protected":false},"excerpt":{"rendered":"Por Travis Yeh, Gerente de Produto As pessoas se re\u00fanem no Facebook para conversar, defender e se conectar em torno de assuntos como nutri\u00e7\u00e3o, condicionamento f\u00edsico e outras quest\u00f5es relacionadas \u00e0 sa\u00fade. Mas, para ajudar as pessoas a se conectar com informa\u00e7\u00f5es precisas e ter o suporte que precisam, \u00e9 imprescind\u00edvel que minimizemos os conte\u00fados sensacionalistas ou enganosos sobre sa\u00fade. Em nossos constantes esfor\u00e7os para melhorar a qualidade das informa\u00e7\u00f5es no Feed de Not\u00edcias, consideramos as altera\u00e7\u00f5es na classifica\u00e7\u00e3o com base em como elas afetam pessoas, publishers e a nossa comunidade como um todo. Sabemos que as pessoas n\u00e3o gostam de postagens sensacionalistas ou de spam, e que conte\u00fados enganosos sobre sa\u00fade s\u00e3o particularmente ruins para nossa comunidade. Assim, no \u00faltimo m\u00eas fizemos duas atualiza\u00e7\u00f5es na classifica\u00e7\u00e3o para reduzir (1) posts com afirma\u00e7\u00f5es exageradas ou sensacionalistas sobre sa\u00fade e (2) posts tentando vender produtos ou servi\u00e7os com base em alega\u00e7\u00f5es relacionadas \u00e0 sa\u00fade. Para a primeira atualiza\u00e7\u00e3o, avaliamos se uma publica\u00e7\u00e3o sobre sa\u00fade exagera ou engana \u2014 por exemplo, fazendo uma afirma\u00e7\u00e3o sensacionalista sobre uma cura milagrosa. Para a segunda atualiza\u00e7\u00e3o, avaliamos se uma publica\u00e7\u00e3o promove um produto ou servi\u00e7o com base em uma alega\u00e7\u00e3o relacionada \u00e0 sa\u00fade \u2014 por exemplo, promovendo uma medica\u00e7\u00e3o ou p\u00edlula para ajudar voc\u00ea a perder peso. N\u00f3s lidamos com isso de maneira semelhante a quando reduzimos os conte\u00fados de baixa qualidade, como \u2018ca\u00e7a-cliques\u2019: identificando frases que eram comumente usadas nessas publica\u00e7\u00f5es para prever quais mensagens poderiam incluir afirma\u00e7\u00f5es de sa\u00fade sensacionalistas ou promo\u00e7\u00e3o de produtos com alega\u00e7\u00f5es relacionadas \u00e0 sa\u00fade, e classific\u00e1-las mais abaixo no Feed de Not\u00edcias. Continuaremos trabalhando para diminuir os conte\u00fados de baixa qualidade sobre sa\u00fade no Facebook. Isso impactar\u00e1 minha P\u00e1gina? Prevemos que a maioria das P\u00e1ginas n\u00e3o ter\u00e1 altera\u00e7\u00f5es significativas em sua distribui\u00e7\u00e3o no Feed de Not\u00edcias com essa atualiza\u00e7\u00e3o. Publica\u00e7\u00f5es com alega\u00e7\u00f5es de sa\u00fade sensacionalistas ou promovendo algum produto com alega\u00e7\u00f5es relacionadas \u00e0 sa\u00fade ter\u00e3o sua distribui\u00e7\u00e3o reduzida. As P\u00e1ginas devem evitar postagens sobre sa\u00fade que exagerem ou desinformem pessoas ou que tentem vender produtos com alega\u00e7\u00f5es relacionadas \u00e0 sa\u00fade. Se uma P\u00e1gina parar de publicar esse tipo de conte\u00fado, suas publica\u00e7\u00f5es n\u00e3o ser\u00e3o mais afetadas com essa altera\u00e7\u00e3o. &nbsp;","protected":false},"author":81109636,"featured_media":0,"comment_status":"closed","ping_status":"closed","sticky":false,"template":"","format":"standard","meta":{"_jetpack_memberships_contains_paid_content":false,"footnotes":""},"categories":[1],"tags":[],"class_list":["post-7431","post","type-post","status-publish","format-standard","hentry","category-recent-news"],"yoast_head":"<!-- This site is optimized with the Yoast SEO plugin v27.2 - https:\/\/yoast.com\/product\/yoast-seo-wordpress\/ -->\n<title>Lidando com conte\u00fados sensacionalistas sobre sa\u00fade | Sobre a Meta<\/title>\n<meta name=\"robots\" content=\"index, follow, max-snippet:-1, max-image-preview:large, max-video-preview:-1\" \/>\n<link rel=\"canonical\" href=\"https:\/\/about.fb.com\/br\/news\/2019\/07\/lidando-com-conteudos-sensacionalistas-sobre-saude\/\" \/>\n<meta property=\"og:locale\" content=\"pt_BR\" \/>\n<meta property=\"og:type\" content=\"article\" \/>\n<meta property=\"og:title\" content=\"Lidando com conte\u00fados sensacionalistas sobre sa\u00fade | Sobre a Meta\" \/>\n<meta property=\"og:description\" content=\"Por Travis Yeh, Gerente de Produto As pessoas se re\u00fanem no Facebook para conversar, defender e se conectar em torno de assuntos como nutri\u00e7\u00e3o, condicionamento f\u00edsico e outras quest\u00f5es relacionadas \u00e0 sa\u00fade. Mas, para ajudar as pessoas a se conectar com informa\u00e7\u00f5es precisas e ter o suporte que precisam, \u00e9 imprescind\u00edvel que minimizemos os conte\u00fados sensacionalistas ou enganosos sobre sa\u00fade. Em nossos constantes esfor\u00e7os para melhorar a qualidade das informa\u00e7\u00f5es no Feed de Not\u00edcias, consideramos as altera\u00e7\u00f5es na classifica\u00e7\u00e3o com base em como elas afetam pessoas, publishers e a nossa comunidade como um todo. Sabemos que as pessoas n\u00e3o gostam de postagens sensacionalistas ou de spam, e que conte\u00fados enganosos sobre sa\u00fade s\u00e3o particularmente ruins para nossa comunidade. Assim, no \u00faltimo m\u00eas fizemos duas atualiza\u00e7\u00f5es na classifica\u00e7\u00e3o para reduzir (1) posts com afirma\u00e7\u00f5es exageradas ou sensacionalistas sobre sa\u00fade e (2) posts tentando vender produtos ou servi\u00e7os com base em alega\u00e7\u00f5es relacionadas \u00e0 sa\u00fade. Para a primeira atualiza\u00e7\u00e3o, avaliamos se uma publica\u00e7\u00e3o sobre sa\u00fade exagera ou engana \u2014 por exemplo, fazendo uma afirma\u00e7\u00e3o sensacionalista sobre uma cura milagrosa. Para a segunda atualiza\u00e7\u00e3o, avaliamos se uma publica\u00e7\u00e3o promove um produto ou servi\u00e7o com base em uma alega\u00e7\u00e3o relacionada \u00e0 sa\u00fade \u2014 por exemplo, promovendo uma medica\u00e7\u00e3o ou p\u00edlula para ajudar voc\u00ea a perder peso. N\u00f3s lidamos com isso de maneira semelhante a quando reduzimos os conte\u00fados de baixa qualidade, como \u2018ca\u00e7a-cliques\u2019: identificando frases que eram comumente usadas nessas publica\u00e7\u00f5es para prever quais mensagens poderiam incluir afirma\u00e7\u00f5es de sa\u00fade sensacionalistas ou promo\u00e7\u00e3o de produtos com alega\u00e7\u00f5es relacionadas \u00e0 sa\u00fade, e classific\u00e1-las mais abaixo no Feed de Not\u00edcias. Continuaremos trabalhando para diminuir os conte\u00fados de baixa qualidade sobre sa\u00fade no Facebook. Isso impactar\u00e1 minha P\u00e1gina? Prevemos que a maioria das P\u00e1ginas n\u00e3o ter\u00e1 altera\u00e7\u00f5es significativas em sua distribui\u00e7\u00e3o no Feed de Not\u00edcias com essa atualiza\u00e7\u00e3o. Publica\u00e7\u00f5es com alega\u00e7\u00f5es de sa\u00fade sensacionalistas ou promovendo algum produto com alega\u00e7\u00f5es relacionadas \u00e0 sa\u00fade ter\u00e3o sua distribui\u00e7\u00e3o reduzida. As P\u00e1ginas devem evitar postagens sobre sa\u00fade que exagerem ou desinformem pessoas ou que tentem vender produtos com alega\u00e7\u00f5es relacionadas \u00e0 sa\u00fade. Se uma P\u00e1gina parar de publicar esse tipo de conte\u00fado, suas publica\u00e7\u00f5es n\u00e3o ser\u00e3o mais afetadas com essa altera\u00e7\u00e3o. &nbsp;\" \/>\n<meta property=\"og:url\" content=\"https:\/\/about.fb.com\/br\/news\/2019\/07\/lidando-com-conteudos-sensacionalistas-sobre-saude\/\" \/>\n<meta property=\"og:site_name\" content=\"Sobre a Meta\" \/>\n<meta property=\"article:published_time\" content=\"2019-07-02T13:43:06+00:00\" \/>\n<meta property=\"article:modified_time\" content=\"2021-06-17T13:09:52+00:00\" \/>\n<meta property=\"og:image\" content=\"https:\/\/about.fb.com\/br\/wp-content\/uploads\/sites\/3\/2019\/07\/health-claims-1.png\" \/>\n<meta name=\"author\" content=\"facebookbr\" \/>\n<meta name=\"twitter:card\" content=\"summary_large_image\" \/>\n<meta name=\"twitter:label1\" content=\"Written by\" \/>\n\t<meta name=\"twitter:data1\" content=\"Meta\" \/>\n\t<meta name=\"twitter:label2\" content=\"Est. reading time\" \/>\n\t<meta name=\"twitter:data2\" content=\"2 minutos\" \/>\n<script type=\"application\/ld+json\" class=\"yoast-schema-graph\">{\"@context\":\"https:\/\/schema.org\",\"@graph\":[{\"@type\":\"Article\",\"@id\":\"https:\/\/about.fb.com\/br\/news\/2019\/07\/lidando-com-conteudos-sensacionalistas-sobre-saude\/#article\",\"isPartOf\":{\"@id\":\"https:\/\/about.fb.com\/br\/news\/2019\/07\/lidando-com-conteudos-sensacionalistas-sobre-saude\/\"},\"author\":\"Facebook company\",\"headline\":\"Lidando com conte\u00fados sensacionalistas sobre sa\u00fade\",\"datePublished\":\"2019-07-02T13:43:06+00:00\",\"dateModified\":\"2021-06-17T13:09:52+00:00\",\"mainEntityOfPage\":{\"@id\":\"https:\/\/about.fb.com\/br\/news\/2019\/07\/lidando-com-conteudos-sensacionalistas-sobre-saude\/\"},\"wordCount\":433,\"publisher\":{\"@id\":\"https:\/\/about.fb.com\/br\/#organization\"},\"image\":{\"@id\":\"https:\/\/about.fb.com\/br\/news\/2019\/07\/lidando-com-conteudos-sensacionalistas-sobre-saude\/#primaryimage\"},\"thumbnailUrl\":\"https:\/\/about.fb.com\/br\/wp-content\/uploads\/sites\/3\/2019\/07\/health-claims-1.png\",\"articleSection\":[\"Recent News\"],\"inLanguage\":\"pt-BR\"},{\"@type\":\"WebPage\",\"@id\":\"https:\/\/about.fb.com\/br\/news\/2019\/07\/lidando-com-conteudos-sensacionalistas-sobre-saude\/\",\"url\":\"https:\/\/about.fb.com\/br\/news\/2019\/07\/lidando-com-conteudos-sensacionalistas-sobre-saude\/\",\"name\":\"Lidando com conte\u00fados sensacionalistas sobre sa\u00fade | Sobre a Meta\",\"isPartOf\":{\"@id\":\"https:\/\/about.fb.com\/br\/#website\"},\"primaryImageOfPage\":{\"@id\":\"https:\/\/about.fb.com\/br\/news\/2019\/07\/lidando-com-conteudos-sensacionalistas-sobre-saude\/#primaryimage\"},\"image\":{\"@id\":\"https:\/\/about.fb.com\/br\/news\/2019\/07\/lidando-com-conteudos-sensacionalistas-sobre-saude\/#primaryimage\"},\"thumbnailUrl\":\"https:\/\/about.fb.com\/br\/wp-content\/uploads\/sites\/3\/2019\/07\/health-claims-1.png\",\"datePublished\":\"2019-07-02T13:43:06+00:00\",\"dateModified\":\"2021-06-17T13:09:52+00:00\",\"breadcrumb\":{\"@id\":\"https:\/\/about.fb.com\/br\/news\/2019\/07\/lidando-com-conteudos-sensacionalistas-sobre-saude\/#breadcrumb\"},\"inLanguage\":\"pt-BR\",\"potentialAction\":[{\"@type\":\"ReadAction\",\"target\":[\"https:\/\/about.fb.com\/br\/news\/2019\/07\/lidando-com-conteudos-sensacionalistas-sobre-saude\/\"]}],\"author\":\"Sobre a Meta\"},{\"@type\":\"ImageObject\",\"inLanguage\":\"pt-BR\",\"@id\":\"https:\/\/about.fb.com\/br\/news\/2019\/07\/lidando-com-conteudos-sensacionalistas-sobre-saude\/#primaryimage\",\"url\":\"https:\/\/about.fb.com\/br\/wp-content\/uploads\/sites\/3\/2019\/07\/health-claims-1.png\",\"contentUrl\":\"https:\/\/about.fb.com\/br\/wp-content\/uploads\/sites\/3\/2019\/07\/health-claims-1.png\"},{\"@type\":\"BreadcrumbList\",\"@id\":\"https:\/\/about.fb.com\/br\/news\/2019\/07\/lidando-com-conteudos-sensacionalistas-sobre-saude\/#breadcrumb\",\"itemListElement\":[{\"@type\":\"ListItem\",\"position\":1,\"name\":\"Home\",\"item\":\"https:\/\/about.fb.com\/br\/\"},{\"@type\":\"ListItem\",\"position\":2,\"name\":\"Lidando com conte\u00fados sensacionalistas sobre sa\u00fade\"}]},{\"@type\":\"WebSite\",\"@id\":\"https:\/\/about.fb.com\/br\/#website\",\"url\":\"https:\/\/about.fb.com\/news\/\",\"name\":\"Sobre a Meta\",\"description\":\"\",\"publisher\":{\"@id\":\"https:\/\/about.fb.com\/br\/#organization\"},\"potentialAction\":[{\"@type\":\"SearchAction\",\"target\":{\"@type\":\"EntryPoint\",\"urlTemplate\":\"https:\/\/about.fb.com\/br\/?s={search_term_string}\"},\"query-input\":{\"@type\":\"PropertyValueSpecification\",\"valueRequired\":true,\"valueName\":\"search_term_string\"}}],\"inLanguage\":\"pt-BR\",\"alternateName\":[\"Meta Newsroom\",\"Meta\"]},{\"@type\":\"Organization\",\"@id\":\"https:\/\/about.fb.com\/br\/#organization\",\"name\":\"Meta\",\"url\":\"https:\/\/about.fb.com\/br\/\",\"logo\":{\"@type\":\"ImageObject\",\"inLanguage\":\"pt-BR\",\"@id\":\"https:\/\/about.fb.com\/br\/#\/schema\/logo\/image\/\",\"url\":\"https:\/\/about.fb.com\/br\/wp-content\/uploads\/sites\/11\/2021\/10\/meta-social-16x9-1.jpg?fit=8000%2C4500\",\"contentUrl\":\"https:\/\/about.fb.com\/br\/wp-content\/uploads\/sites\/11\/2021\/10\/meta-social-16x9-1.jpg?fit=8000%2C4500\",\"width\":8000,\"height\":4500,\"caption\":\"Meta\"},\"image\":{\"@id\":\"https:\/\/about.fb.com\/br\/#\/schema\/logo\/image\/\"}}]}<\/script>\n<!-- \/ Yoast SEO plugin. -->","yoast_head_json":{"title":"Lidando com conte\u00fados sensacionalistas sobre sa\u00fade | Sobre a Meta","robots":{"index":"index","follow":"follow","max-snippet":"max-snippet:-1","max-image-preview":"max-image-preview:large","max-video-preview":"max-video-preview:-1"},"canonical":"https:\/\/about.fb.com\/br\/news\/2019\/07\/lidando-com-conteudos-sensacionalistas-sobre-saude\/","og_locale":"pt_BR","og_type":"article","og_title":"Lidando com conte\u00fados sensacionalistas sobre sa\u00fade | Sobre a Meta","og_description":"Por Travis Yeh, Gerente de Produto As pessoas se re\u00fanem no Facebook para conversar, defender e se conectar em torno de assuntos como nutri\u00e7\u00e3o, condicionamento f\u00edsico e outras quest\u00f5es relacionadas \u00e0 sa\u00fade. Mas, para ajudar as pessoas a se conectar com informa\u00e7\u00f5es precisas e ter o suporte que precisam, \u00e9 imprescind\u00edvel que minimizemos os conte\u00fados sensacionalistas ou enganosos sobre sa\u00fade. Em nossos constantes esfor\u00e7os para melhorar a qualidade das informa\u00e7\u00f5es no Feed de Not\u00edcias, consideramos as altera\u00e7\u00f5es na classifica\u00e7\u00e3o com base em como elas afetam pessoas, publishers e a nossa comunidade como um todo. Sabemos que as pessoas n\u00e3o gostam de postagens sensacionalistas ou de spam, e que conte\u00fados enganosos sobre sa\u00fade s\u00e3o particularmente ruins para nossa comunidade. Assim, no \u00faltimo m\u00eas fizemos duas atualiza\u00e7\u00f5es na classifica\u00e7\u00e3o para reduzir (1) posts com afirma\u00e7\u00f5es exageradas ou sensacionalistas sobre sa\u00fade e (2) posts tentando vender produtos ou servi\u00e7os com base em alega\u00e7\u00f5es relacionadas \u00e0 sa\u00fade. Para a primeira atualiza\u00e7\u00e3o, avaliamos se uma publica\u00e7\u00e3o sobre sa\u00fade exagera ou engana \u2014 por exemplo, fazendo uma afirma\u00e7\u00e3o sensacionalista sobre uma cura milagrosa. Para a segunda atualiza\u00e7\u00e3o, avaliamos se uma publica\u00e7\u00e3o promove um produto ou servi\u00e7o com base em uma alega\u00e7\u00e3o relacionada \u00e0 sa\u00fade \u2014 por exemplo, promovendo uma medica\u00e7\u00e3o ou p\u00edlula para ajudar voc\u00ea a perder peso. N\u00f3s lidamos com isso de maneira semelhante a quando reduzimos os conte\u00fados de baixa qualidade, como \u2018ca\u00e7a-cliques\u2019: identificando frases que eram comumente usadas nessas publica\u00e7\u00f5es para prever quais mensagens poderiam incluir afirma\u00e7\u00f5es de sa\u00fade sensacionalistas ou promo\u00e7\u00e3o de produtos com alega\u00e7\u00f5es relacionadas \u00e0 sa\u00fade, e classific\u00e1-las mais abaixo no Feed de Not\u00edcias. Continuaremos trabalhando para diminuir os conte\u00fados de baixa qualidade sobre sa\u00fade no Facebook. Isso impactar\u00e1 minha P\u00e1gina? Prevemos que a maioria das P\u00e1ginas n\u00e3o ter\u00e1 altera\u00e7\u00f5es significativas em sua distribui\u00e7\u00e3o no Feed de Not\u00edcias com essa atualiza\u00e7\u00e3o. Publica\u00e7\u00f5es com alega\u00e7\u00f5es de sa\u00fade sensacionalistas ou promovendo algum produto com alega\u00e7\u00f5es relacionadas \u00e0 sa\u00fade ter\u00e3o sua distribui\u00e7\u00e3o reduzida. As P\u00e1ginas devem evitar postagens sobre sa\u00fade que exagerem ou desinformem pessoas ou que tentem vender produtos com alega\u00e7\u00f5es relacionadas \u00e0 sa\u00fade. Se uma P\u00e1gina parar de publicar esse tipo de conte\u00fado, suas publica\u00e7\u00f5es n\u00e3o ser\u00e3o mais afetadas com essa altera\u00e7\u00e3o. &nbsp;","og_url":"https:\/\/about.fb.com\/br\/news\/2019\/07\/lidando-com-conteudos-sensacionalistas-sobre-saude\/","og_site_name":"Sobre a Meta","article_published_time":"2019-07-02T13:43:06+00:00","article_modified_time":"2021-06-17T13:09:52+00:00","og_image":[{"url":"https:\/\/about.fb.com\/br\/wp-content\/uploads\/sites\/3\/2019\/07\/health-claims-1.png","type":"","width":"","height":""}],"author":"facebookbr","twitter_card":"summary_large_image","twitter_misc":{"Written by":"Meta","Est. reading time":"2 minutos"},"schema":{"@context":"https:\/\/schema.org","@graph":[{"@type":"Article","@id":"https:\/\/about.fb.com\/br\/news\/2019\/07\/lidando-com-conteudos-sensacionalistas-sobre-saude\/#article","isPartOf":{"@id":"https:\/\/about.fb.com\/br\/news\/2019\/07\/lidando-com-conteudos-sensacionalistas-sobre-saude\/"},"author":"Facebook company","headline":"Lidando com conte\u00fados sensacionalistas sobre sa\u00fade","datePublished":"2019-07-02T13:43:06+00:00","dateModified":"2021-06-17T13:09:52+00:00","mainEntityOfPage":{"@id":"https:\/\/about.fb.com\/br\/news\/2019\/07\/lidando-com-conteudos-sensacionalistas-sobre-saude\/"},"wordCount":433,"publisher":{"@id":"https:\/\/about.fb.com\/br\/#organization"},"image":{"@id":"https:\/\/about.fb.com\/br\/news\/2019\/07\/lidando-com-conteudos-sensacionalistas-sobre-saude\/#primaryimage"},"thumbnailUrl":"https:\/\/about.fb.com\/br\/wp-content\/uploads\/sites\/3\/2019\/07\/health-claims-1.png","articleSection":["Recent News"],"inLanguage":"pt-BR"},{"@type":"WebPage","@id":"https:\/\/about.fb.com\/br\/news\/2019\/07\/lidando-com-conteudos-sensacionalistas-sobre-saude\/","url":"https:\/\/about.fb.com\/br\/news\/2019\/07\/lidando-com-conteudos-sensacionalistas-sobre-saude\/","name":"Lidando com conte\u00fados sensacionalistas sobre sa\u00fade | Sobre a Meta","isPartOf":{"@id":"https:\/\/about.fb.com\/br\/#website"},"primaryImageOfPage":{"@id":"https:\/\/about.fb.com\/br\/news\/2019\/07\/lidando-com-conteudos-sensacionalistas-sobre-saude\/#primaryimage"},"image":{"@id":"https:\/\/about.fb.com\/br\/news\/2019\/07\/lidando-com-conteudos-sensacionalistas-sobre-saude\/#primaryimage"},"thumbnailUrl":"https:\/\/about.fb.com\/br\/wp-content\/uploads\/sites\/3\/2019\/07\/health-claims-1.png","datePublished":"2019-07-02T13:43:06+00:00","dateModified":"2021-06-17T13:09:52+00:00","breadcrumb":{"@id":"https:\/\/about.fb.com\/br\/news\/2019\/07\/lidando-com-conteudos-sensacionalistas-sobre-saude\/#breadcrumb"},"inLanguage":"pt-BR","potentialAction":[{"@type":"ReadAction","target":["https:\/\/about.fb.com\/br\/news\/2019\/07\/lidando-com-conteudos-sensacionalistas-sobre-saude\/"]}],"author":"Sobre a Meta"},{"@type":"ImageObject","inLanguage":"pt-BR","@id":"https:\/\/about.fb.com\/br\/news\/2019\/07\/lidando-com-conteudos-sensacionalistas-sobre-saude\/#primaryimage","url":"https:\/\/about.fb.com\/br\/wp-content\/uploads\/sites\/3\/2019\/07\/health-claims-1.png","contentUrl":"https:\/\/about.fb.com\/br\/wp-content\/uploads\/sites\/3\/2019\/07\/health-claims-1.png"},{"@type":"BreadcrumbList","@id":"https:\/\/about.fb.com\/br\/news\/2019\/07\/lidando-com-conteudos-sensacionalistas-sobre-saude\/#breadcrumb","itemListElement":[{"@type":"ListItem","position":1,"name":"Home","item":"https:\/\/about.fb.com\/br\/"},{"@type":"ListItem","position":2,"name":"Lidando com conte\u00fados sensacionalistas sobre sa\u00fade"}]},{"@type":"WebSite","@id":"https:\/\/about.fb.com\/br\/#website","url":"https:\/\/about.fb.com\/news\/","name":"Sobre a Meta","description":"","publisher":{"@id":"https:\/\/about.fb.com\/br\/#organization"},"potentialAction":[{"@type":"SearchAction","target":{"@type":"EntryPoint","urlTemplate":"https:\/\/about.fb.com\/br\/?s={search_term_string}"},"query-input":{"@type":"PropertyValueSpecification","valueRequired":true,"valueName":"search_term_string"}}],"inLanguage":"pt-BR","alternateName":["Meta Newsroom","Meta"]},{"@type":"Organization","@id":"https:\/\/about.fb.com\/br\/#organization","name":"Meta","url":"https:\/\/about.fb.com\/br\/","logo":{"@type":"ImageObject","inLanguage":"pt-BR","@id":"https:\/\/about.fb.com\/br\/#\/schema\/logo\/image\/","url":"https:\/\/about.fb.com\/br\/wp-content\/uploads\/sites\/11\/2021\/10\/meta-social-16x9-1.jpg?fit=8000%2C4500","contentUrl":"https:\/\/about.fb.com\/br\/wp-content\/uploads\/sites\/11\/2021\/10\/meta-social-16x9-1.jpg?fit=8000%2C4500","width":8000,"height":4500,"caption":"Meta"},"image":{"@id":"https:\/\/about.fb.com\/br\/#\/schema\/logo\/image\/"}}]}},"jetpack_featured_media_url":"","jetpack-related-posts":[{"id":27074,"url":"https:\/\/about.fb.com\/br\/news\/2026\/04\/apresentamos-o-muse-spark-o-primeiro-modelo-do-msl-desenvolvido-para-priorizar-as-pessoas\/","url_meta":{"origin":7431,"position":0},"title":"Apresentamos o Muse Spark: O Primeiro Modelo do MSL, Desenvolvido para Priorizar as Pessoas","author":"Meta","date":"08\/04\/2026","format":false,"excerpt":"Hoje anunciamos o Muse Spark, o primeiro de uma nova s\u00e9rie de grandes modelos de linguagem criados pelo Meta Superintelligence Labs. Estamos a caminho da superintelig\u00eancia pessoal: um assistente capaz de ajudar qualquer pessoa, em qualquer lugar, com o que mais importa para ela. Um Novo Modelo: Muse Spark Nos\u2026","rel":"","context":"In &quot;Meta&quot;","block_context":{"text":"Meta","link":"https:\/\/about.fb.com\/br\/news\/category\/temas-home\/meta\/"},"img":{"alt_text":"","src":"https:\/\/about.fb.com\/br\/wp-content\/uploads\/sites\/11\/2026\/04\/Introducing-Muse-Spark_Header.gif?fit=1920%2C1080&resize=350%2C200","width":350,"height":200,"srcset":"https:\/\/about.fb.com\/br\/wp-content\/uploads\/sites\/11\/2026\/04\/Introducing-Muse-Spark_Header.gif?fit=1920%2C1080&resize=350%2C200 1x, https:\/\/about.fb.com\/br\/wp-content\/uploads\/sites\/11\/2026\/04\/Introducing-Muse-Spark_Header.gif?fit=1920%2C1080&resize=525%2C300 1.5x, https:\/\/about.fb.com\/br\/wp-content\/uploads\/sites\/11\/2026\/04\/Introducing-Muse-Spark_Header.gif?fit=1920%2C1080&resize=700%2C400 2x, https:\/\/about.fb.com\/br\/wp-content\/uploads\/sites\/11\/2026\/04\/Introducing-Muse-Spark_Header.gif?fit=1920%2C1080&resize=1050%2C600 3x, https:\/\/about.fb.com\/br\/wp-content\/uploads\/sites\/11\/2026\/04\/Introducing-Muse-Spark_Header.gif?fit=1920%2C1080&resize=1400%2C800 4x"},"classes":[]},{"id":26169,"url":"https:\/\/about.fb.com\/br\/news\/2025\/02\/introduzindo-conta-de-adolescente-no-brasil\/","url_meta":{"origin":7431,"position":1},"title":"Introduzindo Conta de Adolescente no Brasil","author":"Meta","date":"11\/02\/2025","format":false,"excerpt":"Hoje, estamos animados em anunciar que come\u00e7amos a implementar gradualmente a Conta de Adolescente do Instagram no Brasil. Pensamos constantemente em como podemos continuar a promover experi\u00eancias adequadas \u00e0 idade para os adolescentes\u00a0 e, ao mesmo tempo, dar aos pais a tranquilidade de saber que seus filhos est\u00e3o seguros e\u2026","rel":"","context":"In &quot;Recent News&quot;","block_context":{"text":"Recent News","link":"https:\/\/about.fb.com\/br\/news\/category\/recent-news\/"},"img":{"alt_text":"","src":"https:\/\/about.fb.com\/br\/wp-content\/uploads\/sites\/11\/2025\/02\/Copy-of-ROW_Teen_QPs_pt_BR.png?fit=5760%2C3840&resize=350%2C200","width":350,"height":200,"srcset":"https:\/\/about.fb.com\/br\/wp-content\/uploads\/sites\/11\/2025\/02\/Copy-of-ROW_Teen_QPs_pt_BR.png?fit=5760%2C3840&resize=350%2C200 1x, https:\/\/about.fb.com\/br\/wp-content\/uploads\/sites\/11\/2025\/02\/Copy-of-ROW_Teen_QPs_pt_BR.png?fit=5760%2C3840&resize=525%2C300 1.5x, https:\/\/about.fb.com\/br\/wp-content\/uploads\/sites\/11\/2025\/02\/Copy-of-ROW_Teen_QPs_pt_BR.png?fit=5760%2C3840&resize=700%2C400 2x, https:\/\/about.fb.com\/br\/wp-content\/uploads\/sites\/11\/2025\/02\/Copy-of-ROW_Teen_QPs_pt_BR.png?fit=5760%2C3840&resize=1050%2C600 3x, https:\/\/about.fb.com\/br\/wp-content\/uploads\/sites\/11\/2025\/02\/Copy-of-ROW_Teen_QPs_pt_BR.png?fit=5760%2C3840&resize=1400%2C800 4x"},"classes":[]},{"id":26987,"url":"https:\/\/about.fb.com\/br\/news\/2026\/02\/novos-alertas-para-informar-aos-pais-se-seus-filhos-adolescentes-precisam-de-apoio\/","url_meta":{"origin":7431,"position":2},"title":"Novos alertas para informar aos pais se seus filhos adolescentes precisam de apoio","author":"Meta","date":"26\/02\/2026","format":false,"excerpt":"Nas pr\u00f3ximas semanas, o Instagram come\u00e7ar\u00e1 a notificar os pais se seus filhos adolescentes tentarem repetidamente pesquisar termos relacionados a suic\u00eddio ou automutila\u00e7\u00e3o em um curto per\u00edodo. Essa \u00e9 a mais recente funcionalidade da Conta de Adolescente e dos recursos de supervis\u00e3o parental do Instagram.\u00a0 Entendemos como essas quest\u00f5es s\u00e3o\u2026","rel":"","context":"In &quot;Fortalecendo Comunidades&quot;","block_context":{"text":"Fortalecendo Comunidades","link":"https:\/\/about.fb.com\/br\/news\/category\/temas-home\/comunidades\/"},"img":{"alt_text":"","src":"https:\/\/about.fb.com\/br\/wp-content\/uploads\/sites\/11\/2026\/02\/New-Alerts-to-Let-Parents-Know-if-Their-Teen-May-Need-Support_Header.jpg?fit=1920%2C1080&resize=350%2C200","width":350,"height":200,"srcset":"https:\/\/about.fb.com\/br\/wp-content\/uploads\/sites\/11\/2026\/02\/New-Alerts-to-Let-Parents-Know-if-Their-Teen-May-Need-Support_Header.jpg?fit=1920%2C1080&resize=350%2C200 1x, https:\/\/about.fb.com\/br\/wp-content\/uploads\/sites\/11\/2026\/02\/New-Alerts-to-Let-Parents-Know-if-Their-Teen-May-Need-Support_Header.jpg?fit=1920%2C1080&resize=525%2C300 1.5x, https:\/\/about.fb.com\/br\/wp-content\/uploads\/sites\/11\/2026\/02\/New-Alerts-to-Let-Parents-Know-if-Their-Teen-May-Need-Support_Header.jpg?fit=1920%2C1080&resize=700%2C400 2x, https:\/\/about.fb.com\/br\/wp-content\/uploads\/sites\/11\/2026\/02\/New-Alerts-to-Let-Parents-Know-if-Their-Teen-May-Need-Support_Header.jpg?fit=1920%2C1080&resize=1050%2C600 3x, https:\/\/about.fb.com\/br\/wp-content\/uploads\/sites\/11\/2026\/02\/New-Alerts-to-Let-Parents-Know-if-Their-Teen-May-Need-Support_Header.jpg?fit=1920%2C1080&resize=1400%2C800 4x"},"classes":[]},{"id":26992,"url":"https:\/\/about.fb.com\/br\/news\/2026\/02\/meta-toma-medidas-legais-contra-anunciantes-fraudulentos-no-brasil\/","url_meta":{"origin":7431,"position":3},"title":"Meta toma medidas legais contra anunciantes fraudulentos no Brasil","author":"Meta","date":"26\/02\/2026","format":false,"excerpt":"Trabalhamos de forma ostensiva para identificar e interromper golpes \u2013 dentro e fora de nossas plataformas. Recentemente, trabalhamos em estreita colabora\u00e7\u00e3o com as autoridades do Reino Unido e da Nig\u00e9ria para ajudar a desmantelar um centro de golpes, o que resultou em sete pris\u00f5es. E hoje, entramos com a\u00e7\u00f5es judiciais\u2026","rel":"","context":"In &quot;Fortalecendo Comunidades&quot;","block_context":{"text":"Fortalecendo Comunidades","link":"https:\/\/about.fb.com\/br\/news\/category\/temas-home\/comunidades\/"},"img":{"alt_text":"","src":"https:\/\/about.fb.com\/br\/wp-content\/uploads\/sites\/11\/2026\/02\/Protect-People-and-Brands-from-Fraud_Header.jpg?fit=1920%2C1080&resize=350%2C200","width":350,"height":200,"srcset":"https:\/\/about.fb.com\/br\/wp-content\/uploads\/sites\/11\/2026\/02\/Protect-People-and-Brands-from-Fraud_Header.jpg?fit=1920%2C1080&resize=350%2C200 1x, https:\/\/about.fb.com\/br\/wp-content\/uploads\/sites\/11\/2026\/02\/Protect-People-and-Brands-from-Fraud_Header.jpg?fit=1920%2C1080&resize=525%2C300 1.5x, https:\/\/about.fb.com\/br\/wp-content\/uploads\/sites\/11\/2026\/02\/Protect-People-and-Brands-from-Fraud_Header.jpg?fit=1920%2C1080&resize=700%2C400 2x, https:\/\/about.fb.com\/br\/wp-content\/uploads\/sites\/11\/2026\/02\/Protect-People-and-Brands-from-Fraud_Header.jpg?fit=1920%2C1080&resize=1050%2C600 3x, https:\/\/about.fb.com\/br\/wp-content\/uploads\/sites\/11\/2026\/02\/Protect-People-and-Brands-from-Fraud_Header.jpg?fit=1920%2C1080&resize=1400%2C800 4x"},"classes":[]},{"id":26692,"url":"https:\/\/about.fb.com\/br\/news\/2025\/10\/melhorando-suas-recomendacoes-em-nossos-aplicativos-com-ia-na-meta\/","url_meta":{"origin":7431,"position":4},"title":"Melhorando suas recomenda\u00e7\u00f5es em nossos aplicativos com IA na Meta","author":"Meta","date":"01\/10\/2025","format":false,"excerpt":"Mais de 1 bilh\u00e3o de pessoas usam Meta AI todo m\u00eas. Continuamos a melhorar a forma como nossos produtos de IA se mostram relevantes para voc\u00ea, entendem seus objetivos e ajudam a realizar tarefas de maneira mais eficiente. Tamb\u00e9m estamos usando Meta AI, bem como outros recursos de IA para\u2026","rel":"","context":"In &quot;Meta&quot;","block_context":{"text":"Meta","link":"https:\/\/about.fb.com\/br\/news\/category\/temas-home\/meta\/"},"img":{"alt_text":"","src":"https:\/\/about.fb.com\/br\/wp-content\/uploads\/sites\/11\/2025\/10\/Meta-Privacy-Update_Header.jpg?fit=1920%2C1080&resize=350%2C200","width":350,"height":200,"srcset":"https:\/\/about.fb.com\/br\/wp-content\/uploads\/sites\/11\/2025\/10\/Meta-Privacy-Update_Header.jpg?fit=1920%2C1080&resize=350%2C200 1x, https:\/\/about.fb.com\/br\/wp-content\/uploads\/sites\/11\/2025\/10\/Meta-Privacy-Update_Header.jpg?fit=1920%2C1080&resize=525%2C300 1.5x, https:\/\/about.fb.com\/br\/wp-content\/uploads\/sites\/11\/2025\/10\/Meta-Privacy-Update_Header.jpg?fit=1920%2C1080&resize=700%2C400 2x, https:\/\/about.fb.com\/br\/wp-content\/uploads\/sites\/11\/2025\/10\/Meta-Privacy-Update_Header.jpg?fit=1920%2C1080&resize=1050%2C600 3x, https:\/\/about.fb.com\/br\/wp-content\/uploads\/sites\/11\/2025\/10\/Meta-Privacy-Update_Header.jpg?fit=1920%2C1080&resize=1400%2C800 4x"},"classes":[]},{"id":26552,"url":"https:\/\/about.fb.com\/br\/news\/2025\/07\/superinteligencia-pessoal-para-todos\/","url_meta":{"origin":7431,"position":5},"title":"Superintelig\u00eancia pessoal para todos","author":"Meta","date":"30\/07\/2025","format":false,"excerpt":"Hoje, o fundador e CEO da Meta, Mark Zuckerberg, compartilhou sua vis\u00e3o de levar superintelig\u00eancia pessoal a todos. Acreditamos em colocar esse poder nas m\u00e3os das pessoas para direcion\u00e1-lo ao que elas valorizam em suas pr\u00f3prias vidas. Leia aqui a carta original na \u00edntegra e confira abaixo a tradu\u00e7\u00e3o para\u2026","rel":"","context":"In &quot;Meta&quot;","block_context":{"text":"Meta","link":"https:\/\/about.fb.com\/br\/news\/category\/temas-home\/meta\/"},"img":{"alt_text":"","src":"https:\/\/about.fb.com\/br\/wp-content\/uploads\/sites\/11\/2025\/07\/Logo-Meta-1.jpg?fit=633%2C356&resize=350%2C200","width":350,"height":200,"srcset":"https:\/\/about.fb.com\/br\/wp-content\/uploads\/sites\/11\/2025\/07\/Logo-Meta-1.jpg?fit=633%2C356&resize=350%2C200 1x, https:\/\/about.fb.com\/br\/wp-content\/uploads\/sites\/11\/2025\/07\/Logo-Meta-1.jpg?fit=633%2C356&resize=525%2C300 1.5x"},"classes":[]}],"jetpack_sharing_enabled":true,"amp_enabled":true,"_links":{"self":[{"href":"https:\/\/about.fb.com\/br\/wp-json\/wp\/v2\/posts\/7431","targetHints":{"allow":["GET"]}}],"collection":[{"href":"https:\/\/about.fb.com\/br\/wp-json\/wp\/v2\/posts"}],"about":[{"href":"https:\/\/about.fb.com\/br\/wp-json\/wp\/v2\/types\/post"}],"author":[{"embeddable":true,"href":"https:\/\/about.fb.com\/br\/wp-json\/wp\/v2\/users\/81109636"}],"replies":[{"embeddable":true,"href":"https:\/\/about.fb.com\/br\/wp-json\/wp\/v2\/comments?post=7431"}],"version-history":[{"count":2,"href":"https:\/\/about.fb.com\/br\/wp-json\/wp\/v2\/posts\/7431\/revisions"}],"predecessor-version":[{"id":7680,"href":"https:\/\/about.fb.com\/br\/wp-json\/wp\/v2\/posts\/7431\/revisions\/7680"}],"wp:attachment":[{"href":"https:\/\/about.fb.com\/br\/wp-json\/wp\/v2\/media?parent=7431"}],"wp:term":[{"taxonomy":"category","embeddable":true,"href":"https:\/\/about.fb.com\/br\/wp-json\/wp\/v2\/categories?post=7431"},{"taxonomy":"post_tag","embeddable":true,"href":"https:\/\/about.fb.com\/br\/wp-json\/wp\/v2\/tags?post=7431"}],"curies":[{"name":"wp","href":"https:\/\/api.w.org\/{rel}","templated":true}]}}