{"id":7241,"date":"2019-05-09T11:51:43","date_gmt":"2019-05-09T14:51:43","guid":{"rendered":"http:\/\/br.newsroom.fb.com\/?p=7241"},"modified":"2021-06-17T10:10:01","modified_gmt":"2021-06-17T13:10:01","slug":"facebook-stories-anima-aniversarios-com-novo-recurso","status":"publish","type":"post","link":"https:\/\/about.fb.com\/br\/news\/2019\/05\/facebook-stories-anima-aniversarios-com-novo-recurso\/","title":{"rendered":"Facebook Stories anima anivers\u00e1rios com novo recurso"},"content":{"rendered":"<p><em>Por Jehan Damji, Gerente de Produto<\/em><\/p>\n<p><span style=\"font-weight:400;\">As pessoas sempre vieram ao Facebook para se conectar com amigos e comemorar momentos importantes, como anivers\u00e1rios. Hoje, estamos lan\u00e7ando globalmente os Stories de Anivers\u00e1rio <\/span><span style=\"font-weight:400;\">\u2014 uma forma para amigos, familiares e todos na sua comunidade adicionarem cart\u00f5es digitais de anivers\u00e1rio, fotos ou v\u00eddeos a um Story para celebrar o seu grande dia. <\/span><span style=\"font-weight:400;\">O resultado \u00e9 uma feliz mensagem comemorativa que \u00e9 visual, memor\u00e1vel, interativa e divertida <\/span><span style=\"font-weight:400;\">\u2014 <\/span><span style=\"font-weight:400;\">\u00a0\u00e9 como receber um cart\u00e3o de anivers\u00e1rio personalizado de todas as pessoas importantes para voc\u00ea, n\u00e3o importa onde elas estejam no mundo.<\/span><\/p>\n<p><span style=\"font-weight:400;\">S\u00e3o 500 milh\u00f5es de pessoas usando o Facebook Stories todos os dias. Essa comunidade j\u00e1 nos mostrou como as mensagens de anivers\u00e1rio nos Stories podem ser criativas e gentis <\/span><span style=\"font-weight:400;\">\u2014 \u00a0seja com<\/span><span style=\"font-weight:400;\"> uma s\u00e9rie de fotos engra\u00e7adas ou um v\u00eddeo relembrando anivers\u00e1rios passados comemorados junto com seus amigos. Compartilhar essas fotos, v\u00eddeos e lembran\u00e7as divertidas pode tornar o seu dia ainda mais especial. <\/span><\/p>\n<p><span style=\"font-weight:400;\">Basta tocar na notifica\u00e7\u00e3o de anivers\u00e1rio, capturar ou carregar uma foto ou um v\u00eddeo curto, ou usar um dos nossos cart\u00f5es virtuais, e voc\u00ea ter\u00e1 imediatamente uma mensagem incr\u00edvel. Em seguida, ela ser\u00e1 adicionada ao Story de anivers\u00e1rio do seu amigo, criando uma apresenta\u00e7\u00e3o multim\u00eddia personalizada para ele.<\/span><\/p>\n","protected":false},"excerpt":{"rendered":"Por Jehan Damji, Gerente de Produto As pessoas sempre vieram ao Facebook para se conectar com amigos e comemorar momentos importantes, como anivers\u00e1rios. Hoje, estamos lan\u00e7ando globalmente os Stories de Anivers\u00e1rio \u2014 uma forma para amigos, familiares e todos na sua comunidade adicionarem cart\u00f5es digitais de anivers\u00e1rio, fotos ou v\u00eddeos a um Story para celebrar o seu grande dia. O resultado \u00e9 uma feliz mensagem comemorativa que \u00e9 visual, memor\u00e1vel, interativa e divertida \u2014 \u00a0\u00e9 como receber um cart\u00e3o de anivers\u00e1rio personalizado de todas as pessoas importantes para voc\u00ea, n\u00e3o importa onde elas estejam no mundo. S\u00e3o 500 milh\u00f5es de pessoas usando o Facebook Stories todos os dias. Essa comunidade j\u00e1 nos mostrou como as mensagens de anivers\u00e1rio nos Stories podem ser criativas e gentis \u2014 \u00a0seja com uma s\u00e9rie de fotos engra\u00e7adas ou um v\u00eddeo relembrando anivers\u00e1rios passados comemorados junto com seus amigos. Compartilhar essas fotos, v\u00eddeos e lembran\u00e7as divertidas pode tornar o seu dia ainda mais especial. Basta tocar na notifica\u00e7\u00e3o de anivers\u00e1rio, capturar ou carregar uma foto ou um v\u00eddeo curto, ou usar um dos nossos cart\u00f5es virtuais, e voc\u00ea ter\u00e1 imediatamente uma mensagem incr\u00edvel. Em seguida, ela ser\u00e1 adicionada ao Story de anivers\u00e1rio do seu amigo, criando uma apresenta\u00e7\u00e3o multim\u00eddia personalizada para ele.","protected":false},"author":81109636,"featured_media":7242,"comment_status":"closed","ping_status":"closed","sticky":false,"template":"","format":"standard","meta":{"_jetpack_memberships_contains_paid_content":false,"footnotes":""},"categories":[1],"tags":[],"class_list":["post-7241","post","type-post","status-publish","format-standard","has-post-thumbnail","hentry","category-recent-news"],"yoast_head":"<!-- This site is optimized with the Yoast SEO plugin v27.2 - https:\/\/yoast.com\/product\/yoast-seo-wordpress\/ -->\n<title>Facebook Stories anima anivers\u00e1rios com novo recurso | Sobre a Meta<\/title>\n<meta name=\"robots\" content=\"index, follow, max-snippet:-1, max-image-preview:large, max-video-preview:-1\" \/>\n<link rel=\"canonical\" href=\"https:\/\/about.fb.com\/br\/news\/2019\/05\/facebook-stories-anima-aniversarios-com-novo-recurso\/\" \/>\n<meta property=\"og:locale\" content=\"pt_BR\" \/>\n<meta property=\"og:type\" content=\"article\" \/>\n<meta property=\"og:title\" content=\"Facebook Stories anima anivers\u00e1rios com novo recurso | Sobre a Meta\" \/>\n<meta property=\"og:description\" content=\"Por Jehan Damji, Gerente de Produto As pessoas sempre vieram ao Facebook para se conectar com amigos e comemorar momentos importantes, como anivers\u00e1rios. Hoje, estamos lan\u00e7ando globalmente os Stories de Anivers\u00e1rio \u2014 uma forma para amigos, familiares e todos na sua comunidade adicionarem cart\u00f5es digitais de anivers\u00e1rio, fotos ou v\u00eddeos a um Story para celebrar o seu grande dia. O resultado \u00e9 uma feliz mensagem comemorativa que \u00e9 visual, memor\u00e1vel, interativa e divertida \u2014 \u00a0\u00e9 como receber um cart\u00e3o de anivers\u00e1rio personalizado de todas as pessoas importantes para voc\u00ea, n\u00e3o importa onde elas estejam no mundo. S\u00e3o 500 milh\u00f5es de pessoas usando o Facebook Stories todos os dias. Essa comunidade j\u00e1 nos mostrou como as mensagens de anivers\u00e1rio nos Stories podem ser criativas e gentis \u2014 \u00a0seja com uma s\u00e9rie de fotos engra\u00e7adas ou um v\u00eddeo relembrando anivers\u00e1rios passados comemorados junto com seus amigos. Compartilhar essas fotos, v\u00eddeos e lembran\u00e7as divertidas pode tornar o seu dia ainda mais especial. Basta tocar na notifica\u00e7\u00e3o de anivers\u00e1rio, capturar ou carregar uma foto ou um v\u00eddeo curto, ou usar um dos nossos cart\u00f5es virtuais, e voc\u00ea ter\u00e1 imediatamente uma mensagem incr\u00edvel. Em seguida, ela ser\u00e1 adicionada ao Story de anivers\u00e1rio do seu amigo, criando uma apresenta\u00e7\u00e3o multim\u00eddia personalizada para ele.\" \/>\n<meta property=\"og:url\" content=\"https:\/\/about.fb.com\/br\/news\/2019\/05\/facebook-stories-anima-aniversarios-com-novo-recurso\/\" \/>\n<meta property=\"og:site_name\" content=\"Sobre a Meta\" \/>\n<meta property=\"article:published_time\" content=\"2019-05-09T14:51:43+00:00\" \/>\n<meta property=\"article:modified_time\" content=\"2021-06-17T13:10:01+00:00\" \/>\n<meta property=\"og:image\" content=\"https:\/\/about.fb.com\/br\/wp-content\/uploads\/sites\/11\/2019\/05\/en-birthday-stories-3-screens_pt_br.png?resize=1024,630\" \/>\n\t<meta property=\"og:image:width\" content=\"1024\" \/>\n\t<meta property=\"og:image:height\" content=\"630\" \/>\n\t<meta property=\"og:image:type\" content=\"image\/png\" \/>\n<meta name=\"author\" content=\"facebookbr\" \/>\n<meta name=\"twitter:card\" content=\"summary_large_image\" \/>\n<meta name=\"twitter:label1\" content=\"Written by\" \/>\n\t<meta name=\"twitter:data1\" content=\"Meta\" \/>\n\t<meta name=\"twitter:label2\" content=\"Est. reading time\" \/>\n\t<meta name=\"twitter:data2\" content=\"1 minuto\" \/>\n<script type=\"application\/ld+json\" class=\"yoast-schema-graph\">{\"@context\":\"https:\/\/schema.org\",\"@graph\":[{\"@type\":\"Article\",\"@id\":\"https:\/\/about.fb.com\/br\/news\/2019\/05\/facebook-stories-anima-aniversarios-com-novo-recurso\/#article\",\"isPartOf\":{\"@id\":\"https:\/\/about.fb.com\/br\/news\/2019\/05\/facebook-stories-anima-aniversarios-com-novo-recurso\/\"},\"author\":\"Facebook company\",\"headline\":\"Facebook Stories anima anivers\u00e1rios com novo recurso\",\"datePublished\":\"2019-05-09T14:51:43+00:00\",\"dateModified\":\"2021-06-17T13:10:01+00:00\",\"mainEntityOfPage\":{\"@id\":\"https:\/\/about.fb.com\/br\/news\/2019\/05\/facebook-stories-anima-aniversarios-com-novo-recurso\/\"},\"wordCount\":235,\"publisher\":{\"@id\":\"https:\/\/about.fb.com\/br\/#organization\"},\"image\":{\"@id\":\"https:\/\/about.fb.com\/br\/news\/2019\/05\/facebook-stories-anima-aniversarios-com-novo-recurso\/#primaryimage\"},\"thumbnailUrl\":\"https:\/\/about.fb.com\/br\/wp-content\/uploads\/sites\/11\/2019\/05\/en-birthday-stories-3-screens_pt_br.png?fit=5198%2C3198\",\"articleSection\":[\"Recent News\"],\"inLanguage\":\"pt-BR\"},{\"@type\":\"WebPage\",\"@id\":\"https:\/\/about.fb.com\/br\/news\/2019\/05\/facebook-stories-anima-aniversarios-com-novo-recurso\/\",\"url\":\"https:\/\/about.fb.com\/br\/news\/2019\/05\/facebook-stories-anima-aniversarios-com-novo-recurso\/\",\"name\":\"Facebook Stories anima anivers\u00e1rios com novo recurso | Sobre a Meta\",\"isPartOf\":{\"@id\":\"https:\/\/about.fb.com\/br\/#website\"},\"primaryImageOfPage\":{\"@id\":\"https:\/\/about.fb.com\/br\/news\/2019\/05\/facebook-stories-anima-aniversarios-com-novo-recurso\/#primaryimage\"},\"image\":{\"@id\":\"https:\/\/about.fb.com\/br\/news\/2019\/05\/facebook-stories-anima-aniversarios-com-novo-recurso\/#primaryimage\"},\"thumbnailUrl\":\"https:\/\/about.fb.com\/br\/wp-content\/uploads\/sites\/11\/2019\/05\/en-birthday-stories-3-screens_pt_br.png?fit=5198%2C3198\",\"datePublished\":\"2019-05-09T14:51:43+00:00\",\"dateModified\":\"2021-06-17T13:10:01+00:00\",\"breadcrumb\":{\"@id\":\"https:\/\/about.fb.com\/br\/news\/2019\/05\/facebook-stories-anima-aniversarios-com-novo-recurso\/#breadcrumb\"},\"inLanguage\":\"pt-BR\",\"potentialAction\":[{\"@type\":\"ReadAction\",\"target\":[\"https:\/\/about.fb.com\/br\/news\/2019\/05\/facebook-stories-anima-aniversarios-com-novo-recurso\/\"]}],\"author\":\"Sobre a Meta\"},{\"@type\":\"ImageObject\",\"inLanguage\":\"pt-BR\",\"@id\":\"https:\/\/about.fb.com\/br\/news\/2019\/05\/facebook-stories-anima-aniversarios-com-novo-recurso\/#primaryimage\",\"url\":\"https:\/\/about.fb.com\/br\/wp-content\/uploads\/sites\/11\/2019\/05\/en-birthday-stories-3-screens_pt_br.png?fit=5198%2C3198\",\"contentUrl\":\"https:\/\/about.fb.com\/br\/wp-content\/uploads\/sites\/11\/2019\/05\/en-birthday-stories-3-screens_pt_br.png?fit=5198%2C3198\",\"width\":5198,\"height\":3198},{\"@type\":\"BreadcrumbList\",\"@id\":\"https:\/\/about.fb.com\/br\/news\/2019\/05\/facebook-stories-anima-aniversarios-com-novo-recurso\/#breadcrumb\",\"itemListElement\":[{\"@type\":\"ListItem\",\"position\":1,\"name\":\"Home\",\"item\":\"https:\/\/about.fb.com\/br\/\"},{\"@type\":\"ListItem\",\"position\":2,\"name\":\"Facebook Stories anima anivers\u00e1rios com novo recurso\"}]},{\"@type\":\"WebSite\",\"@id\":\"https:\/\/about.fb.com\/br\/#website\",\"url\":\"https:\/\/about.fb.com\/news\/\",\"name\":\"Sobre a Meta\",\"description\":\"\",\"publisher\":{\"@id\":\"https:\/\/about.fb.com\/br\/#organization\"},\"potentialAction\":[{\"@type\":\"SearchAction\",\"target\":{\"@type\":\"EntryPoint\",\"urlTemplate\":\"https:\/\/about.fb.com\/br\/?s={search_term_string}\"},\"query-input\":{\"@type\":\"PropertyValueSpecification\",\"valueRequired\":true,\"valueName\":\"search_term_string\"}}],\"inLanguage\":\"pt-BR\",\"alternateName\":[\"Meta Newsroom\",\"Meta\"]},{\"@type\":\"Organization\",\"@id\":\"https:\/\/about.fb.com\/br\/#organization\",\"name\":\"Meta\",\"url\":\"https:\/\/about.fb.com\/br\/\",\"logo\":{\"@type\":\"ImageObject\",\"inLanguage\":\"pt-BR\",\"@id\":\"https:\/\/about.fb.com\/br\/#\/schema\/logo\/image\/\",\"url\":\"https:\/\/about.fb.com\/br\/wp-content\/uploads\/sites\/11\/2021\/10\/meta-social-16x9-1.jpg?fit=8000%2C4500\",\"contentUrl\":\"https:\/\/about.fb.com\/br\/wp-content\/uploads\/sites\/11\/2021\/10\/meta-social-16x9-1.jpg?fit=8000%2C4500\",\"width\":8000,\"height\":4500,\"caption\":\"Meta\"},\"image\":{\"@id\":\"https:\/\/about.fb.com\/br\/#\/schema\/logo\/image\/\"}}]}<\/script>\n<!-- \/ Yoast SEO plugin. -->","yoast_head_json":{"title":"Facebook Stories anima anivers\u00e1rios com novo recurso | Sobre a Meta","robots":{"index":"index","follow":"follow","max-snippet":"max-snippet:-1","max-image-preview":"max-image-preview:large","max-video-preview":"max-video-preview:-1"},"canonical":"https:\/\/about.fb.com\/br\/news\/2019\/05\/facebook-stories-anima-aniversarios-com-novo-recurso\/","og_locale":"pt_BR","og_type":"article","og_title":"Facebook Stories anima anivers\u00e1rios com novo recurso | Sobre a Meta","og_description":"Por Jehan Damji, Gerente de Produto As pessoas sempre vieram ao Facebook para se conectar com amigos e comemorar momentos importantes, como anivers\u00e1rios. Hoje, estamos lan\u00e7ando globalmente os Stories de Anivers\u00e1rio \u2014 uma forma para amigos, familiares e todos na sua comunidade adicionarem cart\u00f5es digitais de anivers\u00e1rio, fotos ou v\u00eddeos a um Story para celebrar o seu grande dia. O resultado \u00e9 uma feliz mensagem comemorativa que \u00e9 visual, memor\u00e1vel, interativa e divertida \u2014 \u00a0\u00e9 como receber um cart\u00e3o de anivers\u00e1rio personalizado de todas as pessoas importantes para voc\u00ea, n\u00e3o importa onde elas estejam no mundo. S\u00e3o 500 milh\u00f5es de pessoas usando o Facebook Stories todos os dias. Essa comunidade j\u00e1 nos mostrou como as mensagens de anivers\u00e1rio nos Stories podem ser criativas e gentis \u2014 \u00a0seja com uma s\u00e9rie de fotos engra\u00e7adas ou um v\u00eddeo relembrando anivers\u00e1rios passados comemorados junto com seus amigos. Compartilhar essas fotos, v\u00eddeos e lembran\u00e7as divertidas pode tornar o seu dia ainda mais especial. Basta tocar na notifica\u00e7\u00e3o de anivers\u00e1rio, capturar ou carregar uma foto ou um v\u00eddeo curto, ou usar um dos nossos cart\u00f5es virtuais, e voc\u00ea ter\u00e1 imediatamente uma mensagem incr\u00edvel. Em seguida, ela ser\u00e1 adicionada ao Story de anivers\u00e1rio do seu amigo, criando uma apresenta\u00e7\u00e3o multim\u00eddia personalizada para ele.","og_url":"https:\/\/about.fb.com\/br\/news\/2019\/05\/facebook-stories-anima-aniversarios-com-novo-recurso\/","og_site_name":"Sobre a Meta","article_published_time":"2019-05-09T14:51:43+00:00","article_modified_time":"2021-06-17T13:10:01+00:00","og_image":[{"width":1024,"height":630,"url":"https:\/\/about.fb.com\/br\/wp-content\/uploads\/sites\/11\/2019\/05\/en-birthday-stories-3-screens_pt_br.png?resize=1024,630","type":"image\/png"}],"author":"facebookbr","twitter_card":"summary_large_image","twitter_misc":{"Written by":"Meta","Est. reading time":"1 minuto"},"schema":{"@context":"https:\/\/schema.org","@graph":[{"@type":"Article","@id":"https:\/\/about.fb.com\/br\/news\/2019\/05\/facebook-stories-anima-aniversarios-com-novo-recurso\/#article","isPartOf":{"@id":"https:\/\/about.fb.com\/br\/news\/2019\/05\/facebook-stories-anima-aniversarios-com-novo-recurso\/"},"author":"Facebook company","headline":"Facebook Stories anima anivers\u00e1rios com novo recurso","datePublished":"2019-05-09T14:51:43+00:00","dateModified":"2021-06-17T13:10:01+00:00","mainEntityOfPage":{"@id":"https:\/\/about.fb.com\/br\/news\/2019\/05\/facebook-stories-anima-aniversarios-com-novo-recurso\/"},"wordCount":235,"publisher":{"@id":"https:\/\/about.fb.com\/br\/#organization"},"image":{"@id":"https:\/\/about.fb.com\/br\/news\/2019\/05\/facebook-stories-anima-aniversarios-com-novo-recurso\/#primaryimage"},"thumbnailUrl":"https:\/\/about.fb.com\/br\/wp-content\/uploads\/sites\/11\/2019\/05\/en-birthday-stories-3-screens_pt_br.png?fit=5198%2C3198","articleSection":["Recent News"],"inLanguage":"pt-BR"},{"@type":"WebPage","@id":"https:\/\/about.fb.com\/br\/news\/2019\/05\/facebook-stories-anima-aniversarios-com-novo-recurso\/","url":"https:\/\/about.fb.com\/br\/news\/2019\/05\/facebook-stories-anima-aniversarios-com-novo-recurso\/","name":"Facebook Stories anima anivers\u00e1rios com novo recurso | Sobre a Meta","isPartOf":{"@id":"https:\/\/about.fb.com\/br\/#website"},"primaryImageOfPage":{"@id":"https:\/\/about.fb.com\/br\/news\/2019\/05\/facebook-stories-anima-aniversarios-com-novo-recurso\/#primaryimage"},"image":{"@id":"https:\/\/about.fb.com\/br\/news\/2019\/05\/facebook-stories-anima-aniversarios-com-novo-recurso\/#primaryimage"},"thumbnailUrl":"https:\/\/about.fb.com\/br\/wp-content\/uploads\/sites\/11\/2019\/05\/en-birthday-stories-3-screens_pt_br.png?fit=5198%2C3198","datePublished":"2019-05-09T14:51:43+00:00","dateModified":"2021-06-17T13:10:01+00:00","breadcrumb":{"@id":"https:\/\/about.fb.com\/br\/news\/2019\/05\/facebook-stories-anima-aniversarios-com-novo-recurso\/#breadcrumb"},"inLanguage":"pt-BR","potentialAction":[{"@type":"ReadAction","target":["https:\/\/about.fb.com\/br\/news\/2019\/05\/facebook-stories-anima-aniversarios-com-novo-recurso\/"]}],"author":"Sobre a Meta"},{"@type":"ImageObject","inLanguage":"pt-BR","@id":"https:\/\/about.fb.com\/br\/news\/2019\/05\/facebook-stories-anima-aniversarios-com-novo-recurso\/#primaryimage","url":"https:\/\/about.fb.com\/br\/wp-content\/uploads\/sites\/11\/2019\/05\/en-birthday-stories-3-screens_pt_br.png?fit=5198%2C3198","contentUrl":"https:\/\/about.fb.com\/br\/wp-content\/uploads\/sites\/11\/2019\/05\/en-birthday-stories-3-screens_pt_br.png?fit=5198%2C3198","width":5198,"height":3198},{"@type":"BreadcrumbList","@id":"https:\/\/about.fb.com\/br\/news\/2019\/05\/facebook-stories-anima-aniversarios-com-novo-recurso\/#breadcrumb","itemListElement":[{"@type":"ListItem","position":1,"name":"Home","item":"https:\/\/about.fb.com\/br\/"},{"@type":"ListItem","position":2,"name":"Facebook Stories anima anivers\u00e1rios com novo recurso"}]},{"@type":"WebSite","@id":"https:\/\/about.fb.com\/br\/#website","url":"https:\/\/about.fb.com\/news\/","name":"Sobre a Meta","description":"","publisher":{"@id":"https:\/\/about.fb.com\/br\/#organization"},"potentialAction":[{"@type":"SearchAction","target":{"@type":"EntryPoint","urlTemplate":"https:\/\/about.fb.com\/br\/?s={search_term_string}"},"query-input":{"@type":"PropertyValueSpecification","valueRequired":true,"valueName":"search_term_string"}}],"inLanguage":"pt-BR","alternateName":["Meta Newsroom","Meta"]},{"@type":"Organization","@id":"https:\/\/about.fb.com\/br\/#organization","name":"Meta","url":"https:\/\/about.fb.com\/br\/","logo":{"@type":"ImageObject","inLanguage":"pt-BR","@id":"https:\/\/about.fb.com\/br\/#\/schema\/logo\/image\/","url":"https:\/\/about.fb.com\/br\/wp-content\/uploads\/sites\/11\/2021\/10\/meta-social-16x9-1.jpg?fit=8000%2C4500","contentUrl":"https:\/\/about.fb.com\/br\/wp-content\/uploads\/sites\/11\/2021\/10\/meta-social-16x9-1.jpg?fit=8000%2C4500","width":8000,"height":4500,"caption":"Meta"},"image":{"@id":"https:\/\/about.fb.com\/br\/#\/schema\/logo\/image\/"}}]}},"jetpack_featured_media_url":"https:\/\/about.fb.com\/br\/wp-content\/uploads\/sites\/11\/2019\/05\/en-birthday-stories-3-screens_pt_br.png?fit=5198%2C3198","jetpack-related-posts":[{"id":26854,"url":"https:\/\/about.fb.com\/br\/news\/2025\/12\/facilitando-a-criacao-descoberta-e-compartilhamento-de-conteudo-no-facebook\/","url_meta":{"origin":7241,"position":0},"title":"Facilitando a cria\u00e7\u00e3o, descoberta e compartilhamento de conte\u00fado no Facebook","author":"Meta","date":"09\/12\/2025","format":false,"excerpt":"O foco do Facebook sempre foi facilitar a conex\u00e3o com as pessoas e coisas que voc\u00ea ama. Hoje, apresentamos melhorias que ajudam a eliminar distra\u00e7\u00f5es, permitindo que voc\u00ea atualize seu perfil, encontre novos conte\u00fados pela busca e aproveite fotos e v\u00eddeos no Feed. Feed mais inteligente, limpo e navega\u00e7\u00e3o simplificada\u2026","rel":"","context":"In &quot;Facebook&quot;","block_context":{"text":"Facebook","link":"https:\/\/about.fb.com\/br\/news\/category\/technologies\/facebook\/"},"img":{"alt_text":"","src":"https:\/\/about.fb.com\/br\/wp-content\/uploads\/sites\/11\/2025\/12\/Facebook-Profile-Simplification_Header.png?fit=1920%2C1080&resize=350%2C200","width":350,"height":200,"srcset":"https:\/\/about.fb.com\/br\/wp-content\/uploads\/sites\/11\/2025\/12\/Facebook-Profile-Simplification_Header.png?fit=1920%2C1080&resize=350%2C200 1x, https:\/\/about.fb.com\/br\/wp-content\/uploads\/sites\/11\/2025\/12\/Facebook-Profile-Simplification_Header.png?fit=1920%2C1080&resize=525%2C300 1.5x, https:\/\/about.fb.com\/br\/wp-content\/uploads\/sites\/11\/2025\/12\/Facebook-Profile-Simplification_Header.png?fit=1920%2C1080&resize=700%2C400 2x, https:\/\/about.fb.com\/br\/wp-content\/uploads\/sites\/11\/2025\/12\/Facebook-Profile-Simplification_Header.png?fit=1920%2C1080&resize=1050%2C600 3x, https:\/\/about.fb.com\/br\/wp-content\/uploads\/sites\/11\/2025\/12\/Facebook-Profile-Simplification_Header.png?fit=1920%2C1080&resize=1400%2C800 4x"},"classes":[]},{"id":26696,"url":"https:\/\/about.fb.com\/br\/news\/2025\/10\/desempenho-potencializado-por-ia-para-o-agora-e-o-futuro\/","url_meta":{"origin":7241,"position":1},"title":"Desempenho potencializado por IA para o agora e o futuro","author":"Meta","date":"02\/10\/2025","format":false,"excerpt":"Para os profissionais de marketing, cada ponto de desempenho incremental pode significar a diferen\u00e7a entre empatar e bater recordes. Por isso, a Meta continua investindo em solu\u00e7\u00f5es l\u00edderes com IA, incluindo o Advantage+ e a infraestrutura que o sustenta, para ajudar empresas, anunciantes e ag\u00eancias a expandirem rapidamente. Estamos escrevendo\u2026","rel":"","context":"In &quot;Meta&quot;","block_context":{"text":"Meta","link":"https:\/\/about.fb.com\/br\/news\/category\/temas-home\/meta\/"},"img":{"alt_text":"","src":"https:\/\/about.fb.com\/br\/wp-content\/uploads\/sites\/11\/2025\/07\/Logo-Meta-1.jpg?fit=633%2C356&resize=350%2C200","width":350,"height":200,"srcset":"https:\/\/about.fb.com\/br\/wp-content\/uploads\/sites\/11\/2025\/07\/Logo-Meta-1.jpg?fit=633%2C356&resize=350%2C200 1x, https:\/\/about.fb.com\/br\/wp-content\/uploads\/sites\/11\/2025\/07\/Logo-Meta-1.jpg?fit=633%2C356&resize=525%2C300 1.5x"},"classes":[]},{"id":26090,"url":"https:\/\/about.fb.com\/br\/news\/2025\/01\/nova-opcao-para-adicionar-seu-whatsapp-a-central-de-contas\/","url_meta":{"origin":7241,"position":2},"title":"Nova op\u00e7\u00e3o para adicionar seu WhatsApp \u00e0 Central de Contas","author":"Meta","date":"21\/01\/2025","format":false,"excerpt":"Desde que lan\u00e7amos a Central de Contas em 2020, ela tem ajudado as pessoas a gerenciar experi\u00eancias conectadas no Facebook, no Instagram e no Meta Quest. Hoje, temos o prazer de anunciar que implementaremos uma nova op\u00e7\u00e3o para adicionar o WhatsApp \u00e0 Central de Contas nos pr\u00f3ximos meses. Nossa abordagem\u2026","rel":"","context":"In &quot;Recent News&quot;","block_context":{"text":"Recent News","link":"https:\/\/about.fb.com\/br\/news\/category\/recent-news\/"},"img":{"alt_text":"","src":"https:\/\/about.fb.com\/br\/wp-content\/uploads\/sites\/11\/2025\/01\/Portuguese-BR_WA-Accounts-Center-Integration_Header.jpg?fit=1920%2C1080&resize=350%2C200","width":350,"height":200,"srcset":"https:\/\/about.fb.com\/br\/wp-content\/uploads\/sites\/11\/2025\/01\/Portuguese-BR_WA-Accounts-Center-Integration_Header.jpg?fit=1920%2C1080&resize=350%2C200 1x, https:\/\/about.fb.com\/br\/wp-content\/uploads\/sites\/11\/2025\/01\/Portuguese-BR_WA-Accounts-Center-Integration_Header.jpg?fit=1920%2C1080&resize=525%2C300 1.5x, https:\/\/about.fb.com\/br\/wp-content\/uploads\/sites\/11\/2025\/01\/Portuguese-BR_WA-Accounts-Center-Integration_Header.jpg?fit=1920%2C1080&resize=700%2C400 2x, https:\/\/about.fb.com\/br\/wp-content\/uploads\/sites\/11\/2025\/01\/Portuguese-BR_WA-Accounts-Center-Integration_Header.jpg?fit=1920%2C1080&resize=1050%2C600 3x, https:\/\/about.fb.com\/br\/wp-content\/uploads\/sites\/11\/2025\/01\/Portuguese-BR_WA-Accounts-Center-Integration_Header.jpg?fit=1920%2C1080&resize=1400%2C800 4x"},"classes":[]},{"id":27025,"url":"https:\/\/about.fb.com\/br\/news\/2026\/03\/apresentando-uma-nova-era-de-descoberta-de-produtos-impulsionada-por-ia-e-criadores\/","url_meta":{"origin":7241,"position":3},"title":"Apresentando uma nova era de descoberta de produtos impulsionada por IA e criadores","author":"Meta","date":"25\/03\/2026","format":false,"excerpt":"Todos os dias, bilh\u00f5es de pessoas acessam os aplicativos da Meta para descobrir algo novo \u2014 um produto que um criador adora, uma marca que chama sua aten\u00e7\u00e3o ou um estilo que elas nem sabiam que estavam procurando.A IA est\u00e1 ajudando a impulsionar esses momentos de descoberta, seja exibindo conte\u00fados\u2026","rel":"","context":"In &quot;Recent News&quot;","block_context":{"text":"Recent News","link":"https:\/\/about.fb.com\/br\/news\/category\/recent-news\/"},"img":{"alt_text":"","src":"https:\/\/about.fb.com\/br\/wp-content\/uploads\/sites\/11\/2026\/03\/newsroom-shoptalk.gif?w=312&resize=350%2C200","width":350,"height":200},"classes":[]},{"id":26678,"url":"https:\/\/about.fb.com\/br\/news\/2025\/09\/apresentando-o-vibes-uma-nova-forma-de-descobrir-e-criar-videos-com-ia\/","url_meta":{"origin":7241,"position":4},"title":"Apresentando o Vibes: uma nova forma de descobrir e criar v\u00eddeos com IA","author":"Meta","date":"25\/09\/2025","format":false,"excerpt":"Hoje estamos lan\u00e7ando a pr\u00f3xima vers\u00e3o do app Meta AI, incluindo uma pr\u00e9via do Vibes e um novo feed \u2013 tamb\u00e9m dispon\u00edvel em meta.ai \u2013, onde voc\u00ea pode criar e compartilhar v\u00eddeos curtos gerados por IA. O Vibes foi pensado para facilitar a busca por inspira\u00e7\u00e3o criativa e experimentar as\u2026","rel":"","context":"In &quot;Meta AI&quot;","block_context":{"text":"Meta AI","link":"https:\/\/about.fb.com\/br\/news\/category\/technologies\/meta-ai\/"},"img":{"alt_text":"","src":"https:\/\/about.fb.com\/br\/wp-content\/uploads\/sites\/11\/2025\/09\/Vibes_header.gif?fit=960%2C538&resize=350%2C200","width":350,"height":200,"srcset":"https:\/\/about.fb.com\/br\/wp-content\/uploads\/sites\/11\/2025\/09\/Vibes_header.gif?fit=960%2C538&resize=350%2C200 1x, https:\/\/about.fb.com\/br\/wp-content\/uploads\/sites\/11\/2025\/09\/Vibes_header.gif?fit=960%2C538&resize=525%2C300 1.5x, https:\/\/about.fb.com\/br\/wp-content\/uploads\/sites\/11\/2025\/09\/Vibes_header.gif?fit=960%2C538&resize=700%2C400 2x"},"classes":[]},{"id":26476,"url":"https:\/\/about.fb.com\/br\/news\/2025\/06\/cannes-lions-2025-a-nova-era-da-ia-generativa-para-anunciantes-e-agencias-com-foco-em-personalizacao-em-escala\/","url_meta":{"origin":7241,"position":5},"title":"Cannes Lions 2025: A nova era da IA generativa para anunciantes e ag\u00eancias com foco em personaliza\u00e7\u00e3o em escala","author":"Meta","date":"17\/06\/2025","format":false,"excerpt":"Nesta semana, durante o Festival Internacional de Criatividade Cannes Lions, estamos apresentando a nova era das solu\u00e7\u00f5es de IA generativa para anunciantes e ag\u00eancias, com o objetivo de melhorar o desempenho das campanhas publicit\u00e1rias e impulsionar o crescimento dos neg\u00f3cios. \u00c0 medida que a IA continua evoluindo, ela abre novos\u2026","rel":"","context":"In &quot;Meta&quot;","block_context":{"text":"Meta","link":"https:\/\/about.fb.com\/br\/news\/category\/temas-home\/meta\/"},"img":{"alt_text":"","src":"https:\/\/about.fb.com\/br\/wp-content\/uploads\/sites\/11\/2025\/07\/Logo-Meta-1.jpg?fit=633%2C356&resize=350%2C200","width":350,"height":200,"srcset":"https:\/\/about.fb.com\/br\/wp-content\/uploads\/sites\/11\/2025\/07\/Logo-Meta-1.jpg?fit=633%2C356&resize=350%2C200 1x, https:\/\/about.fb.com\/br\/wp-content\/uploads\/sites\/11\/2025\/07\/Logo-Meta-1.jpg?fit=633%2C356&resize=525%2C300 1.5x"},"classes":[]}],"jetpack_sharing_enabled":true,"amp_enabled":true,"_links":{"self":[{"href":"https:\/\/about.fb.com\/br\/wp-json\/wp\/v2\/posts\/7241","targetHints":{"allow":["GET"]}}],"collection":[{"href":"https:\/\/about.fb.com\/br\/wp-json\/wp\/v2\/posts"}],"about":[{"href":"https:\/\/about.fb.com\/br\/wp-json\/wp\/v2\/types\/post"}],"author":[{"embeddable":true,"href":"https:\/\/about.fb.com\/br\/wp-json\/wp\/v2\/users\/81109636"}],"replies":[{"embeddable":true,"href":"https:\/\/about.fb.com\/br\/wp-json\/wp\/v2\/comments?post=7241"}],"version-history":[{"count":1,"href":"https:\/\/about.fb.com\/br\/wp-json\/wp\/v2\/posts\/7241\/revisions"}],"predecessor-version":[{"id":7243,"href":"https:\/\/about.fb.com\/br\/wp-json\/wp\/v2\/posts\/7241\/revisions\/7243"}],"wp:featuredmedia":[{"embeddable":true,"href":"https:\/\/about.fb.com\/br\/wp-json\/wp\/v2\/media\/7242"}],"wp:attachment":[{"href":"https:\/\/about.fb.com\/br\/wp-json\/wp\/v2\/media?parent=7241"}],"wp:term":[{"taxonomy":"category","embeddable":true,"href":"https:\/\/about.fb.com\/br\/wp-json\/wp\/v2\/categories?post=7241"},{"taxonomy":"post_tag","embeddable":true,"href":"https:\/\/about.fb.com\/br\/wp-json\/wp\/v2\/tags?post=7241"}],"curies":[{"name":"wp","href":"https:\/\/api.w.org\/{rel}","templated":true}]}}