{"id":7181,"date":"2019-04-25T10:00:37","date_gmt":"2019-04-25T13:00:37","guid":{"rendered":"http:\/\/br.newsroom.fb.com\/?p=7181"},"modified":"2021-06-17T10:10:02","modified_gmt":"2021-06-17T13:10:02","slug":"facebook-traz-para-o-brasil-programas-para-apoiar-iniciativas-de-video-digital-e-noticias-locais-de-publishers","status":"publish","type":"post","link":"https:\/\/about.fb.com\/br\/news\/2019\/04\/facebook-traz-para-o-brasil-programas-para-apoiar-iniciativas-de-video-digital-e-noticias-locais-de-publishers\/","title":{"rendered":"Facebook traz para o Brasil programas para apoiar iniciativas de v\u00eddeo digital e not\u00edcias locais de publishers"},"content":{"rendered":"<p>Dois programas do <a href=\"https:\/\/urldefense.proofpoint.com\/v2\/url?u=https-3A__br.newsroom.fb.com_news_2017_01_apresentando-2Dprojeto-2Dfacebook-2Dpara-2Djornalismo_&amp;d=DwMFAw&amp;c=5oszCido4egZ9x-32Pvn-g&amp;r=N4KuU6xU6DgRQ7VOMGqF2ls1GlITrPdGg9WUByFJp_4&amp;m=E8E5BvPyilNyAGDHd0gP_jODlmu1AiOc1BZi2zVXGCY&amp;s=tJzYJNCAByIJCrd-APdyBhJNRuMLHrG4hKcdlzPEwLg&amp;e=\"><em>Projeto Facebook para Jornalismo<\/em><\/a> para apoiar ve\u00edculos de comunica\u00e7\u00e3o na busca de novas formas de se conectar com o p\u00fablico est\u00e3o sendo expandidos para o Brasil, como parte do <a href=\"https:\/\/urldefense.proofpoint.com\/v2\/url?u=https-3A__br.newsroom.fb.com_news_2019_01_fazendo-2Dmais-2Dpara-2Dapoiar-2Dnoticias-2Dlocais_&amp;d=DwMFAw&amp;c=5oszCido4egZ9x-32Pvn-g&amp;r=N4KuU6xU6DgRQ7VOMGqF2ls1GlITrPdGg9WUByFJp_4&amp;m=E8E5BvPyilNyAGDHd0gP_jODlmu1AiOc1BZi2zVXGCY&amp;s=BZVD4xrAq5TEdTg9CaW2TP2dKum_wlNnVUyAGnEADbw&amp;e=\">investimento global de US$300 milh\u00f5es da empresa em tr\u00eas anos<\/a> para dar suporte \u00e0 ind\u00fastria de not\u00edcias, parceiros e produ\u00e7\u00e3o de conte\u00fado.<\/p>\n<p>A partir deste m\u00eas, mais de 30 ve\u00edculos brasileiros ir\u00e3o participar dos <em>Aceleradores de V\u00eddeo Digital<\/em> e <em>de Not\u00edcias Locais<\/em>.<\/p>\n<p>Durante os programas, o Facebook reunir\u00e1 especialistas nesses temas e vai oferecer ferramentas, recursos e treinamento espec\u00edfico para que os ve\u00edculos de comunica\u00e7\u00e3o brasileiros possam inovar e desenvolver projetos que tornem seus modelos de neg\u00f3cio mais sustent\u00e1veis.<\/p>\n<p>Os programas est\u00e3o sendo desenvolvidos em parceira com o <a href=\"https:\/\/urldefense.proofpoint.com\/v2\/url?u=https-3A__www.icfj.org_&amp;d=DwMFAw&amp;c=5oszCido4egZ9x-32Pvn-g&amp;r=N4KuU6xU6DgRQ7VOMGqF2ls1GlITrPdGg9WUByFJp_4&amp;m=E8E5BvPyilNyAGDHd0gP_jODlmu1AiOc1BZi2zVXGCY&amp;s=Vc1kTotCP-1n2Ns4H-X0FxSwl1cBmkk0ChhgsiySmhE&amp;e=\">Centro Internacional para Jornalistas<\/a> (ICFJ), uma organiza\u00e7\u00e3o sem fins lucrativos para promover o jornalismo de qualidade em todo o mundo. O ICFJ vai oferecer os mentores especialistas e outros apoios para os participantes.<\/p>\n<p>&#8220;Atrav\u00e9s destes programas, n\u00f3s podemos dar um impulso aos ve\u00edculos de comunica\u00e7\u00e3o do Brasil&#8221;, afirma a presidente do ICFJ, Joyce Barnathan. &#8220;Eles estar\u00e3o melhor equipados para atingir audi\u00eancias com v\u00eddeos atrativos e fortalecer os modelos de neg\u00f3cio. Esse trabalho amplia nossos esfor\u00e7os para ajudar organiza\u00e7\u00f5es de not\u00edcias a crescer em tempos desafiadores.&#8221;<\/p>\n<p>Segundo o diretor de Not\u00edcias do Facebook, Jason White, trazer as duas iniciativas para o Brasil faz parte da estrat\u00e9gia da empresa &#8220;de apoiar o importante trabalho feito pelos ve\u00edculos de comunica\u00e7\u00e3o e <em>publishers <\/em>locais&#8221;.<\/p>\n<p>&#8220;Acreditamos que eles t\u00eam um importante papel na cria\u00e7\u00e3o do senso de comunidade e queremos que este seja um ecossistema inovador e esteja cada vez mais fortalecido&#8221;, afirma White.<\/p>\n<p><strong>Acelerador de V\u00eddeo Digital<\/strong><\/p>\n<p>O Facebook vai oferecer treinamento e palestras durante seis semanas sobre estrat\u00e9gias de v\u00eddeo no jornalismo digital para 20 ve\u00edculos brasileiros. Ser\u00e3o seis encontros com profissionais que s\u00e3o refer\u00eancia no mercado mundial.<\/p>\n<p>A influ\u00eancia do v\u00eddeo digital na forma como consumimos, produzimos e compartilhamos conte\u00fado est\u00e1 crescendo diariamente. At\u00e9 2021, estima-se que<a href=\"https:\/\/urldefense.proofpoint.com\/v2\/url?u=https-3A__www.cisco.com_c_en_us_solutions_collateral_service-2Dprovider_visual-2Dnetworking-2Dindex-2Dvni_mobile-2Dwhite-2Dpaper-2Dc11-2D520862.html&amp;d=DwMFAw&amp;c=5oszCido4egZ9x-32Pvn-g&amp;r=N4KuU6xU6DgRQ7VOMGqF2ls1GlITrPdGg9WUByFJp_4&amp;m=E8E5BvPyilNyAGDHd0gP_jODlmu1AiOc1BZi2zVXGCY&amp;s=9P1xytqMhNzb7DAMZJEC8NZblq2qqZj0X46yG5KDmaE&amp;e=\"> 78% dos dados gerados no ambiente m\u00f3vel<\/a> ser\u00e3o de v\u00eddeo.<\/p>\n<p>A primeira edi\u00e7\u00e3o do programa <em>Acelerador de V\u00eddeo<\/em> <em>Digital<\/em> foi realizada na Argentina no segundo semestre de 2018 e reuniu 25 <em>publishers<\/em>, com a participa\u00e7\u00e3o de especialistas internacionais de ve\u00edculos de comunica\u00e7\u00e3o que s\u00e3o refer\u00eancia global em narrativas de v\u00eddeo digital, como: <strong>Now This, Vice, AJ+ e The Washington Post<\/strong>.<\/p>\n<p><strong>Acelerador de Not\u00edcias Locais<\/strong><\/p>\n<p>O <em>Acelerador de Not\u00edcias Locais<\/em> ser\u00e1 realizado no segundo semestre e ter\u00e1 como foco apoiar ve\u00edculos brasileiros de not\u00edcias locais para tornar seus modelos de neg\u00f3cio mais sustent\u00e1veis.<\/p>\n<p>Para esse programa, o Facebook est\u00e1 trazendo representantes de 12 ve\u00edculos de Estados diferentes, das cinco regi\u00f5es do Brasil, para ajud\u00e1-los a encontrar e fidelizar a audi\u00eancia. Um dos objetivos \u00e9 chegar em lugares onde h\u00e1 escassez de ve\u00edculos de not\u00edcias locais, os chamados desertos de not\u00edcias. No ano passado, o Facebook apoiou o <a href=\"https:\/\/urldefense.proofpoint.com\/v2\/url?u=https-3A__www.atlas.jor.br_estatisticas_-23desertos-2Dde-2Dnot-25C3-25ADcias&amp;d=DwMFAw&amp;c=5oszCido4egZ9x-32Pvn-g&amp;r=N4KuU6xU6DgRQ7VOMGqF2ls1GlITrPdGg9WUByFJp_4&amp;m=E8E5BvPyilNyAGDHd0gP_jODlmu1AiOc1BZi2zVXGCY&amp;s=OaO8AMrLMgDj4ekjj7L_lv-Iw4uwdsyg8s2m__fG0Pg&amp;e=\">Atlas da Not\u00edcia<\/a>, que fez um mapeamento de locais no pa\u00eds sem cobertura significativa de imprensa.<\/p>\n<p>Durante o treinamento de 12 semanas, os representantes dos ve\u00edculos de comunica\u00e7\u00e3o ter\u00e3o encontros presenciais e participar\u00e3o de webinars com especialistas de grupos de not\u00edcias internacionais. Eles tamb\u00e9m v\u00e3o trabalhar com mentores para criar seus pr\u00f3prios projetos, elaborados para enfrentar os problemas espec\u00edficos de cada um deles.<\/p>\n<p>O projeto teve um piloto nos EUA no ano passado e, agora, est\u00e1 sendo expandido para pa\u00edses como Alemanha, Canad\u00e1 e Austr\u00e1lia, al\u00e9m do Brasil.<\/p>\n","protected":false},"excerpt":{"rendered":"Dois programas do Projeto Facebook para Jornalismo para apoiar ve\u00edculos de comunica\u00e7\u00e3o na busca de novas formas de se conectar com o p\u00fablico est\u00e3o sendo expandidos para o Brasil, como parte do investimento global de US$300 milh\u00f5es da empresa em tr\u00eas anos para dar suporte \u00e0 ind\u00fastria de not\u00edcias, parceiros e produ\u00e7\u00e3o de conte\u00fado. A partir deste m\u00eas, mais de 30 ve\u00edculos brasileiros ir\u00e3o participar dos Aceleradores de V\u00eddeo Digital e de Not\u00edcias Locais. Durante os programas, o Facebook reunir\u00e1 especialistas nesses temas e vai oferecer ferramentas, recursos e treinamento espec\u00edfico para que os ve\u00edculos de comunica\u00e7\u00e3o brasileiros possam inovar e desenvolver projetos que tornem seus modelos de neg\u00f3cio mais sustent\u00e1veis. Os programas est\u00e3o sendo desenvolvidos em parceira com o Centro Internacional para Jornalistas (ICFJ), uma organiza\u00e7\u00e3o sem fins lucrativos para promover o jornalismo de qualidade em todo o mundo. O ICFJ vai oferecer os mentores especialistas e outros apoios para os participantes. &#8220;Atrav\u00e9s destes programas, n\u00f3s podemos dar um impulso aos ve\u00edculos de comunica\u00e7\u00e3o do Brasil&#8221;, afirma a presidente do ICFJ, Joyce Barnathan. &#8220;Eles estar\u00e3o melhor equipados para atingir audi\u00eancias com v\u00eddeos atrativos e fortalecer os modelos de neg\u00f3cio. Esse trabalho amplia nossos esfor\u00e7os para ajudar organiza\u00e7\u00f5es de not\u00edcias a crescer em tempos desafiadores.&#8221; Segundo o diretor de Not\u00edcias do Facebook, Jason White, trazer as duas iniciativas para o Brasil faz parte da estrat\u00e9gia da empresa &#8220;de apoiar o importante trabalho feito pelos ve\u00edculos de comunica\u00e7\u00e3o e publishers locais&#8221;. &#8220;Acreditamos que eles t\u00eam um importante papel na cria\u00e7\u00e3o do senso de comunidade e queremos que este seja um ecossistema inovador e esteja cada vez mais fortalecido&#8221;, afirma White. Acelerador de V\u00eddeo Digital O Facebook vai oferecer treinamento e palestras durante seis semanas sobre estrat\u00e9gias de v\u00eddeo no jornalismo digital para 20 ve\u00edculos brasileiros. Ser\u00e3o seis encontros com profissionais que s\u00e3o refer\u00eancia no mercado mundial. A influ\u00eancia do v\u00eddeo digital na forma como consumimos, produzimos e compartilhamos conte\u00fado est\u00e1 crescendo diariamente. At\u00e9 2021, estima-se que 78% dos dados gerados no ambiente m\u00f3vel ser\u00e3o de v\u00eddeo. A primeira edi\u00e7\u00e3o do programa Acelerador de V\u00eddeo Digital foi realizada na Argentina no segundo semestre de 2018 e reuniu 25 publishers, com a participa\u00e7\u00e3o de especialistas internacionais de ve\u00edculos de comunica\u00e7\u00e3o que s\u00e3o refer\u00eancia global em narrativas de v\u00eddeo digital, como: Now This, Vice, AJ+ e The Washington Post. Acelerador de Not\u00edcias Locais O Acelerador de Not\u00edcias Locais ser\u00e1 realizado no segundo semestre e ter\u00e1 como foco apoiar ve\u00edculos brasileiros de not\u00edcias locais para tornar seus modelos de neg\u00f3cio mais sustent\u00e1veis. Para esse programa, o Facebook est\u00e1 trazendo representantes de 12 ve\u00edculos de Estados diferentes, das cinco regi\u00f5es do Brasil, para ajud\u00e1-los a encontrar e fidelizar a audi\u00eancia. Um dos objetivos \u00e9 chegar em lugares onde h\u00e1 escassez de ve\u00edculos de not\u00edcias locais, os chamados desertos de not\u00edcias. No ano passado, o Facebook apoiou o Atlas da Not\u00edcia, que fez um mapeamento de locais no pa\u00eds sem cobertura significativa de imprensa. Durante o treinamento de 12 semanas, os representantes dos ve\u00edculos de comunica\u00e7\u00e3o ter\u00e3o encontros presenciais e participar\u00e3o de webinars com especialistas de grupos de not\u00edcias internacionais. Eles tamb\u00e9m v\u00e3o trabalhar com mentores para criar seus pr\u00f3prios projetos, elaborados para enfrentar os problemas espec\u00edficos de cada um deles. O projeto teve um piloto nos EUA no ano passado e, agora, est\u00e1 sendo expandido para pa\u00edses como Alemanha, Canad\u00e1 e Austr\u00e1lia, al\u00e9m do Brasil.","protected":false},"author":81109636,"featured_media":0,"comment_status":"closed","ping_status":"closed","sticky":false,"template":"","format":"standard","meta":{"_jetpack_memberships_contains_paid_content":false,"footnotes":""},"categories":[1],"tags":[],"class_list":["post-7181","post","type-post","status-publish","format-standard","hentry","category-recent-news"],"yoast_head":"<!-- This site is optimized with the Yoast SEO plugin v27.2 - https:\/\/yoast.com\/product\/yoast-seo-wordpress\/ -->\n<title>Facebook traz para o Brasil programas para apoiar iniciativas de v\u00eddeo digital e not\u00edcias locais de publishers | Sobre a Meta<\/title>\n<meta name=\"robots\" content=\"index, follow, max-snippet:-1, max-image-preview:large, max-video-preview:-1\" \/>\n<link rel=\"canonical\" href=\"https:\/\/about.fb.com\/br\/news\/2019\/04\/facebook-traz-para-o-brasil-programas-para-apoiar-iniciativas-de-video-digital-e-noticias-locais-de-publishers\/\" \/>\n<meta property=\"og:locale\" content=\"pt_BR\" \/>\n<meta property=\"og:type\" content=\"article\" \/>\n<meta property=\"og:title\" content=\"Facebook traz para o Brasil programas para apoiar iniciativas de v\u00eddeo digital e not\u00edcias locais de publishers | Sobre a Meta\" \/>\n<meta property=\"og:description\" content=\"Dois programas do Projeto Facebook para Jornalismo para apoiar ve\u00edculos de comunica\u00e7\u00e3o na busca de novas formas de se conectar com o p\u00fablico est\u00e3o sendo expandidos para o Brasil, como parte do investimento global de US$300 milh\u00f5es da empresa em tr\u00eas anos para dar suporte \u00e0 ind\u00fastria de not\u00edcias, parceiros e produ\u00e7\u00e3o de conte\u00fado. A partir deste m\u00eas, mais de 30 ve\u00edculos brasileiros ir\u00e3o participar dos Aceleradores de V\u00eddeo Digital e de Not\u00edcias Locais. Durante os programas, o Facebook reunir\u00e1 especialistas nesses temas e vai oferecer ferramentas, recursos e treinamento espec\u00edfico para que os ve\u00edculos de comunica\u00e7\u00e3o brasileiros possam inovar e desenvolver projetos que tornem seus modelos de neg\u00f3cio mais sustent\u00e1veis. Os programas est\u00e3o sendo desenvolvidos em parceira com o Centro Internacional para Jornalistas (ICFJ), uma organiza\u00e7\u00e3o sem fins lucrativos para promover o jornalismo de qualidade em todo o mundo. O ICFJ vai oferecer os mentores especialistas e outros apoios para os participantes. &#8220;Atrav\u00e9s destes programas, n\u00f3s podemos dar um impulso aos ve\u00edculos de comunica\u00e7\u00e3o do Brasil&#8221;, afirma a presidente do ICFJ, Joyce Barnathan. &#8220;Eles estar\u00e3o melhor equipados para atingir audi\u00eancias com v\u00eddeos atrativos e fortalecer os modelos de neg\u00f3cio. Esse trabalho amplia nossos esfor\u00e7os para ajudar organiza\u00e7\u00f5es de not\u00edcias a crescer em tempos desafiadores.&#8221; Segundo o diretor de Not\u00edcias do Facebook, Jason White, trazer as duas iniciativas para o Brasil faz parte da estrat\u00e9gia da empresa &#8220;de apoiar o importante trabalho feito pelos ve\u00edculos de comunica\u00e7\u00e3o e publishers locais&#8221;. &#8220;Acreditamos que eles t\u00eam um importante papel na cria\u00e7\u00e3o do senso de comunidade e queremos que este seja um ecossistema inovador e esteja cada vez mais fortalecido&#8221;, afirma White. Acelerador de V\u00eddeo Digital O Facebook vai oferecer treinamento e palestras durante seis semanas sobre estrat\u00e9gias de v\u00eddeo no jornalismo digital para 20 ve\u00edculos brasileiros. Ser\u00e3o seis encontros com profissionais que s\u00e3o refer\u00eancia no mercado mundial. A influ\u00eancia do v\u00eddeo digital na forma como consumimos, produzimos e compartilhamos conte\u00fado est\u00e1 crescendo diariamente. At\u00e9 2021, estima-se que 78% dos dados gerados no ambiente m\u00f3vel ser\u00e3o de v\u00eddeo. A primeira edi\u00e7\u00e3o do programa Acelerador de V\u00eddeo Digital foi realizada na Argentina no segundo semestre de 2018 e reuniu 25 publishers, com a participa\u00e7\u00e3o de especialistas internacionais de ve\u00edculos de comunica\u00e7\u00e3o que s\u00e3o refer\u00eancia global em narrativas de v\u00eddeo digital, como: Now This, Vice, AJ+ e The Washington Post. Acelerador de Not\u00edcias Locais O Acelerador de Not\u00edcias Locais ser\u00e1 realizado no segundo semestre e ter\u00e1 como foco apoiar ve\u00edculos brasileiros de not\u00edcias locais para tornar seus modelos de neg\u00f3cio mais sustent\u00e1veis. Para esse programa, o Facebook est\u00e1 trazendo representantes de 12 ve\u00edculos de Estados diferentes, das cinco regi\u00f5es do Brasil, para ajud\u00e1-los a encontrar e fidelizar a audi\u00eancia. Um dos objetivos \u00e9 chegar em lugares onde h\u00e1 escassez de ve\u00edculos de not\u00edcias locais, os chamados desertos de not\u00edcias. No ano passado, o Facebook apoiou o Atlas da Not\u00edcia, que fez um mapeamento de locais no pa\u00eds sem cobertura significativa de imprensa. Durante o treinamento de 12 semanas, os representantes dos ve\u00edculos de comunica\u00e7\u00e3o ter\u00e3o encontros presenciais e participar\u00e3o de webinars com especialistas de grupos de not\u00edcias internacionais. Eles tamb\u00e9m v\u00e3o trabalhar com mentores para criar seus pr\u00f3prios projetos, elaborados para enfrentar os problemas espec\u00edficos de cada um deles. O projeto teve um piloto nos EUA no ano passado e, agora, est\u00e1 sendo expandido para pa\u00edses como Alemanha, Canad\u00e1 e Austr\u00e1lia, al\u00e9m do Brasil.\" \/>\n<meta property=\"og:url\" content=\"https:\/\/about.fb.com\/br\/news\/2019\/04\/facebook-traz-para-o-brasil-programas-para-apoiar-iniciativas-de-video-digital-e-noticias-locais-de-publishers\/\" \/>\n<meta property=\"og:site_name\" content=\"Sobre a Meta\" \/>\n<meta property=\"article:published_time\" content=\"2019-04-25T13:00:37+00:00\" \/>\n<meta property=\"article:modified_time\" content=\"2021-06-17T13:10:02+00:00\" \/>\n<meta property=\"og:image\" content=\"https:\/\/about.fb.com\/br\/wp-content\/uploads\/sites\/11\/2021\/10\/meta-social-16x9-1.jpg?resize=1024,576\" \/>\n\t<meta property=\"og:image:width\" content=\"1024\" \/>\n\t<meta property=\"og:image:height\" content=\"576\" \/>\n\t<meta property=\"og:image:type\" content=\"image\/jpeg\" \/>\n<meta name=\"author\" content=\"facebookbr\" \/>\n<meta name=\"twitter:card\" content=\"summary_large_image\" \/>\n<meta name=\"twitter:label1\" content=\"Written by\" \/>\n\t<meta name=\"twitter:data1\" content=\"Meta\" \/>\n\t<meta name=\"twitter:label2\" content=\"Est. reading time\" \/>\n\t<meta name=\"twitter:data2\" content=\"3 minutos\" \/>\n<script type=\"application\/ld+json\" class=\"yoast-schema-graph\">{\"@context\":\"https:\/\/schema.org\",\"@graph\":[{\"@type\":\"Article\",\"@id\":\"https:\/\/about.fb.com\/br\/news\/2019\/04\/facebook-traz-para-o-brasil-programas-para-apoiar-iniciativas-de-video-digital-e-noticias-locais-de-publishers\/#article\",\"isPartOf\":{\"@id\":\"https:\/\/about.fb.com\/br\/news\/2019\/04\/facebook-traz-para-o-brasil-programas-para-apoiar-iniciativas-de-video-digital-e-noticias-locais-de-publishers\/\"},\"author\":\"Facebook company\",\"headline\":\"Facebook traz para o Brasil programas para apoiar iniciativas de v\u00eddeo digital e not\u00edcias locais de publishers\",\"datePublished\":\"2019-04-25T13:00:37+00:00\",\"dateModified\":\"2021-06-17T13:10:02+00:00\",\"mainEntityOfPage\":{\"@id\":\"https:\/\/about.fb.com\/br\/news\/2019\/04\/facebook-traz-para-o-brasil-programas-para-apoiar-iniciativas-de-video-digital-e-noticias-locais-de-publishers\/\"},\"wordCount\":655,\"publisher\":{\"@id\":\"https:\/\/about.fb.com\/br\/#organization\"},\"articleSection\":[\"Recent News\"],\"inLanguage\":\"pt-BR\"},{\"@type\":\"WebPage\",\"@id\":\"https:\/\/about.fb.com\/br\/news\/2019\/04\/facebook-traz-para-o-brasil-programas-para-apoiar-iniciativas-de-video-digital-e-noticias-locais-de-publishers\/\",\"url\":\"https:\/\/about.fb.com\/br\/news\/2019\/04\/facebook-traz-para-o-brasil-programas-para-apoiar-iniciativas-de-video-digital-e-noticias-locais-de-publishers\/\",\"name\":\"Facebook traz para o Brasil programas para apoiar iniciativas de v\u00eddeo digital e not\u00edcias locais de publishers | Sobre a Meta\",\"isPartOf\":{\"@id\":\"https:\/\/about.fb.com\/br\/#website\"},\"datePublished\":\"2019-04-25T13:00:37+00:00\",\"dateModified\":\"2021-06-17T13:10:02+00:00\",\"breadcrumb\":{\"@id\":\"https:\/\/about.fb.com\/br\/news\/2019\/04\/facebook-traz-para-o-brasil-programas-para-apoiar-iniciativas-de-video-digital-e-noticias-locais-de-publishers\/#breadcrumb\"},\"inLanguage\":\"pt-BR\",\"potentialAction\":[{\"@type\":\"ReadAction\",\"target\":[\"https:\/\/about.fb.com\/br\/news\/2019\/04\/facebook-traz-para-o-brasil-programas-para-apoiar-iniciativas-de-video-digital-e-noticias-locais-de-publishers\/\"]}],\"author\":\"Sobre a Meta\"},{\"@type\":\"BreadcrumbList\",\"@id\":\"https:\/\/about.fb.com\/br\/news\/2019\/04\/facebook-traz-para-o-brasil-programas-para-apoiar-iniciativas-de-video-digital-e-noticias-locais-de-publishers\/#breadcrumb\",\"itemListElement\":[{\"@type\":\"ListItem\",\"position\":1,\"name\":\"Home\",\"item\":\"https:\/\/about.fb.com\/br\/\"},{\"@type\":\"ListItem\",\"position\":2,\"name\":\"Facebook traz para o Brasil programas para apoiar iniciativas de v\u00eddeo digital e not\u00edcias locais de publishers\"}]},{\"@type\":\"WebSite\",\"@id\":\"https:\/\/about.fb.com\/br\/#website\",\"url\":\"https:\/\/about.fb.com\/news\/\",\"name\":\"Sobre a Meta\",\"description\":\"\",\"publisher\":{\"@id\":\"https:\/\/about.fb.com\/br\/#organization\"},\"potentialAction\":[{\"@type\":\"SearchAction\",\"target\":{\"@type\":\"EntryPoint\",\"urlTemplate\":\"https:\/\/about.fb.com\/br\/?s={search_term_string}\"},\"query-input\":{\"@type\":\"PropertyValueSpecification\",\"valueRequired\":true,\"valueName\":\"search_term_string\"}}],\"inLanguage\":\"pt-BR\",\"alternateName\":[\"Meta Newsroom\",\"Meta\"]},{\"@type\":\"Organization\",\"@id\":\"https:\/\/about.fb.com\/br\/#organization\",\"name\":\"Meta\",\"url\":\"https:\/\/about.fb.com\/br\/\",\"logo\":{\"@type\":\"ImageObject\",\"inLanguage\":\"pt-BR\",\"@id\":\"https:\/\/about.fb.com\/br\/#\/schema\/logo\/image\/\",\"url\":\"https:\/\/about.fb.com\/br\/wp-content\/uploads\/sites\/11\/2021\/10\/meta-social-16x9-1.jpg?fit=8000%2C4500\",\"contentUrl\":\"https:\/\/about.fb.com\/br\/wp-content\/uploads\/sites\/11\/2021\/10\/meta-social-16x9-1.jpg?fit=8000%2C4500\",\"width\":8000,\"height\":4500,\"caption\":\"Meta\"},\"image\":{\"@id\":\"https:\/\/about.fb.com\/br\/#\/schema\/logo\/image\/\"}}]}<\/script>\n<!-- \/ Yoast SEO plugin. -->","yoast_head_json":{"title":"Facebook traz para o Brasil programas para apoiar iniciativas de v\u00eddeo digital e not\u00edcias locais de publishers | Sobre a Meta","robots":{"index":"index","follow":"follow","max-snippet":"max-snippet:-1","max-image-preview":"max-image-preview:large","max-video-preview":"max-video-preview:-1"},"canonical":"https:\/\/about.fb.com\/br\/news\/2019\/04\/facebook-traz-para-o-brasil-programas-para-apoiar-iniciativas-de-video-digital-e-noticias-locais-de-publishers\/","og_locale":"pt_BR","og_type":"article","og_title":"Facebook traz para o Brasil programas para apoiar iniciativas de v\u00eddeo digital e not\u00edcias locais de publishers | Sobre a Meta","og_description":"Dois programas do Projeto Facebook para Jornalismo para apoiar ve\u00edculos de comunica\u00e7\u00e3o na busca de novas formas de se conectar com o p\u00fablico est\u00e3o sendo expandidos para o Brasil, como parte do investimento global de US$300 milh\u00f5es da empresa em tr\u00eas anos para dar suporte \u00e0 ind\u00fastria de not\u00edcias, parceiros e produ\u00e7\u00e3o de conte\u00fado. A partir deste m\u00eas, mais de 30 ve\u00edculos brasileiros ir\u00e3o participar dos Aceleradores de V\u00eddeo Digital e de Not\u00edcias Locais. Durante os programas, o Facebook reunir\u00e1 especialistas nesses temas e vai oferecer ferramentas, recursos e treinamento espec\u00edfico para que os ve\u00edculos de comunica\u00e7\u00e3o brasileiros possam inovar e desenvolver projetos que tornem seus modelos de neg\u00f3cio mais sustent\u00e1veis. Os programas est\u00e3o sendo desenvolvidos em parceira com o Centro Internacional para Jornalistas (ICFJ), uma organiza\u00e7\u00e3o sem fins lucrativos para promover o jornalismo de qualidade em todo o mundo. O ICFJ vai oferecer os mentores especialistas e outros apoios para os participantes. &#8220;Atrav\u00e9s destes programas, n\u00f3s podemos dar um impulso aos ve\u00edculos de comunica\u00e7\u00e3o do Brasil&#8221;, afirma a presidente do ICFJ, Joyce Barnathan. &#8220;Eles estar\u00e3o melhor equipados para atingir audi\u00eancias com v\u00eddeos atrativos e fortalecer os modelos de neg\u00f3cio. Esse trabalho amplia nossos esfor\u00e7os para ajudar organiza\u00e7\u00f5es de not\u00edcias a crescer em tempos desafiadores.&#8221; Segundo o diretor de Not\u00edcias do Facebook, Jason White, trazer as duas iniciativas para o Brasil faz parte da estrat\u00e9gia da empresa &#8220;de apoiar o importante trabalho feito pelos ve\u00edculos de comunica\u00e7\u00e3o e publishers locais&#8221;. &#8220;Acreditamos que eles t\u00eam um importante papel na cria\u00e7\u00e3o do senso de comunidade e queremos que este seja um ecossistema inovador e esteja cada vez mais fortalecido&#8221;, afirma White. Acelerador de V\u00eddeo Digital O Facebook vai oferecer treinamento e palestras durante seis semanas sobre estrat\u00e9gias de v\u00eddeo no jornalismo digital para 20 ve\u00edculos brasileiros. Ser\u00e3o seis encontros com profissionais que s\u00e3o refer\u00eancia no mercado mundial. A influ\u00eancia do v\u00eddeo digital na forma como consumimos, produzimos e compartilhamos conte\u00fado est\u00e1 crescendo diariamente. At\u00e9 2021, estima-se que 78% dos dados gerados no ambiente m\u00f3vel ser\u00e3o de v\u00eddeo. A primeira edi\u00e7\u00e3o do programa Acelerador de V\u00eddeo Digital foi realizada na Argentina no segundo semestre de 2018 e reuniu 25 publishers, com a participa\u00e7\u00e3o de especialistas internacionais de ve\u00edculos de comunica\u00e7\u00e3o que s\u00e3o refer\u00eancia global em narrativas de v\u00eddeo digital, como: Now This, Vice, AJ+ e The Washington Post. Acelerador de Not\u00edcias Locais O Acelerador de Not\u00edcias Locais ser\u00e1 realizado no segundo semestre e ter\u00e1 como foco apoiar ve\u00edculos brasileiros de not\u00edcias locais para tornar seus modelos de neg\u00f3cio mais sustent\u00e1veis. Para esse programa, o Facebook est\u00e1 trazendo representantes de 12 ve\u00edculos de Estados diferentes, das cinco regi\u00f5es do Brasil, para ajud\u00e1-los a encontrar e fidelizar a audi\u00eancia. Um dos objetivos \u00e9 chegar em lugares onde h\u00e1 escassez de ve\u00edculos de not\u00edcias locais, os chamados desertos de not\u00edcias. No ano passado, o Facebook apoiou o Atlas da Not\u00edcia, que fez um mapeamento de locais no pa\u00eds sem cobertura significativa de imprensa. Durante o treinamento de 12 semanas, os representantes dos ve\u00edculos de comunica\u00e7\u00e3o ter\u00e3o encontros presenciais e participar\u00e3o de webinars com especialistas de grupos de not\u00edcias internacionais. Eles tamb\u00e9m v\u00e3o trabalhar com mentores para criar seus pr\u00f3prios projetos, elaborados para enfrentar os problemas espec\u00edficos de cada um deles. O projeto teve um piloto nos EUA no ano passado e, agora, est\u00e1 sendo expandido para pa\u00edses como Alemanha, Canad\u00e1 e Austr\u00e1lia, al\u00e9m do Brasil.","og_url":"https:\/\/about.fb.com\/br\/news\/2019\/04\/facebook-traz-para-o-brasil-programas-para-apoiar-iniciativas-de-video-digital-e-noticias-locais-de-publishers\/","og_site_name":"Sobre a Meta","article_published_time":"2019-04-25T13:00:37+00:00","article_modified_time":"2021-06-17T13:10:02+00:00","og_image":[{"width":1024,"height":576,"url":"https:\/\/about.fb.com\/br\/wp-content\/uploads\/sites\/11\/2021\/10\/meta-social-16x9-1.jpg?resize=1024,576","type":"image\/jpeg"}],"author":"facebookbr","twitter_card":"summary_large_image","twitter_misc":{"Written by":"Meta","Est. reading time":"3 minutos"},"schema":{"@context":"https:\/\/schema.org","@graph":[{"@type":"Article","@id":"https:\/\/about.fb.com\/br\/news\/2019\/04\/facebook-traz-para-o-brasil-programas-para-apoiar-iniciativas-de-video-digital-e-noticias-locais-de-publishers\/#article","isPartOf":{"@id":"https:\/\/about.fb.com\/br\/news\/2019\/04\/facebook-traz-para-o-brasil-programas-para-apoiar-iniciativas-de-video-digital-e-noticias-locais-de-publishers\/"},"author":"Facebook company","headline":"Facebook traz para o Brasil programas para apoiar iniciativas de v\u00eddeo digital e not\u00edcias locais de publishers","datePublished":"2019-04-25T13:00:37+00:00","dateModified":"2021-06-17T13:10:02+00:00","mainEntityOfPage":{"@id":"https:\/\/about.fb.com\/br\/news\/2019\/04\/facebook-traz-para-o-brasil-programas-para-apoiar-iniciativas-de-video-digital-e-noticias-locais-de-publishers\/"},"wordCount":655,"publisher":{"@id":"https:\/\/about.fb.com\/br\/#organization"},"articleSection":["Recent News"],"inLanguage":"pt-BR"},{"@type":"WebPage","@id":"https:\/\/about.fb.com\/br\/news\/2019\/04\/facebook-traz-para-o-brasil-programas-para-apoiar-iniciativas-de-video-digital-e-noticias-locais-de-publishers\/","url":"https:\/\/about.fb.com\/br\/news\/2019\/04\/facebook-traz-para-o-brasil-programas-para-apoiar-iniciativas-de-video-digital-e-noticias-locais-de-publishers\/","name":"Facebook traz para o Brasil programas para apoiar iniciativas de v\u00eddeo digital e not\u00edcias locais de publishers | Sobre a Meta","isPartOf":{"@id":"https:\/\/about.fb.com\/br\/#website"},"datePublished":"2019-04-25T13:00:37+00:00","dateModified":"2021-06-17T13:10:02+00:00","breadcrumb":{"@id":"https:\/\/about.fb.com\/br\/news\/2019\/04\/facebook-traz-para-o-brasil-programas-para-apoiar-iniciativas-de-video-digital-e-noticias-locais-de-publishers\/#breadcrumb"},"inLanguage":"pt-BR","potentialAction":[{"@type":"ReadAction","target":["https:\/\/about.fb.com\/br\/news\/2019\/04\/facebook-traz-para-o-brasil-programas-para-apoiar-iniciativas-de-video-digital-e-noticias-locais-de-publishers\/"]}],"author":"Sobre a Meta"},{"@type":"BreadcrumbList","@id":"https:\/\/about.fb.com\/br\/news\/2019\/04\/facebook-traz-para-o-brasil-programas-para-apoiar-iniciativas-de-video-digital-e-noticias-locais-de-publishers\/#breadcrumb","itemListElement":[{"@type":"ListItem","position":1,"name":"Home","item":"https:\/\/about.fb.com\/br\/"},{"@type":"ListItem","position":2,"name":"Facebook traz para o Brasil programas para apoiar iniciativas de v\u00eddeo digital e not\u00edcias locais de publishers"}]},{"@type":"WebSite","@id":"https:\/\/about.fb.com\/br\/#website","url":"https:\/\/about.fb.com\/news\/","name":"Sobre a Meta","description":"","publisher":{"@id":"https:\/\/about.fb.com\/br\/#organization"},"potentialAction":[{"@type":"SearchAction","target":{"@type":"EntryPoint","urlTemplate":"https:\/\/about.fb.com\/br\/?s={search_term_string}"},"query-input":{"@type":"PropertyValueSpecification","valueRequired":true,"valueName":"search_term_string"}}],"inLanguage":"pt-BR","alternateName":["Meta Newsroom","Meta"]},{"@type":"Organization","@id":"https:\/\/about.fb.com\/br\/#organization","name":"Meta","url":"https:\/\/about.fb.com\/br\/","logo":{"@type":"ImageObject","inLanguage":"pt-BR","@id":"https:\/\/about.fb.com\/br\/#\/schema\/logo\/image\/","url":"https:\/\/about.fb.com\/br\/wp-content\/uploads\/sites\/11\/2021\/10\/meta-social-16x9-1.jpg?fit=8000%2C4500","contentUrl":"https:\/\/about.fb.com\/br\/wp-content\/uploads\/sites\/11\/2021\/10\/meta-social-16x9-1.jpg?fit=8000%2C4500","width":8000,"height":4500,"caption":"Meta"},"image":{"@id":"https:\/\/about.fb.com\/br\/#\/schema\/logo\/image\/"}}]}},"jetpack_featured_media_url":"","jetpack-related-posts":[{"id":27019,"url":"https:\/\/about.fb.com\/br\/news\/2026\/03\/nossas-medidas-para-dar-apoio-as-familias-no-brasil\/","url_meta":{"origin":7181,"position":0},"title":"Nossas medidas para dar apoio \u00e0s fam\u00edlias no Brasil","author":"Meta","date":"17\/03\/2026","format":false,"excerpt":"O Estatuto Digital da Crian\u00e7a e do Adolescente (ECA Digital) entra em vigor hoje (17) no Brasil. Como parte do nosso trabalho para cumprir a lei, estamos implementando recursos adicionais \u00e0s prote\u00e7\u00f5es j\u00e1 existentes nas Contas de Adolescentes para dar aos pais mais formas de supervisionar o uso que seus\u2026","rel":"","context":"In &quot;Recent News&quot;","block_context":{"text":"Recent News","link":"https:\/\/about.fb.com\/br\/news\/category\/recent-news\/"},"img":{"alt_text":"","src":"","width":0,"height":0},"classes":[]},{"id":26363,"url":"https:\/\/about.fb.com\/br\/news\/2025\/04\/nova-escola-esta-entre-os-vencedores-do-llama-impact-grants-usando-ia-para-impulsionar-educacao-publica-no-brasil\/","url_meta":{"origin":7181,"position":1},"title":"Nova Escola est\u00e1 entre os vencedores do Llama Impact Grants, usando IA para impulsionar educa\u00e7\u00e3o p\u00fablica no Brasil","author":"Meta","date":"29\/04\/2025","format":false,"excerpt":"Estamos animados em anunciar os 10 vencedores internacionais da segunda edi\u00e7\u00e3o do Llama Impact Grants. As bolsas somam mais de US$ 1,5 milh\u00e3o em premia\u00e7\u00f5es e t\u00eam como objetivo impulsionar a inova\u00e7\u00e3o em empresas, startups e universidades que utilizam o Llama para gerar valor econ\u00f4mico e social. Representando o Brasil\u2026","rel":"","context":"In &quot;Recent News&quot;","block_context":{"text":"Recent News","link":"https:\/\/about.fb.com\/br\/news\/category\/recent-news\/"},"img":{"alt_text":"","src":"https:\/\/about.fb.com\/br\/wp-content\/uploads\/sites\/11\/2025\/04\/Llama-Grant-Winners_Header.png?fit=1920%2C1080&resize=350%2C200","width":350,"height":200,"srcset":"https:\/\/about.fb.com\/br\/wp-content\/uploads\/sites\/11\/2025\/04\/Llama-Grant-Winners_Header.png?fit=1920%2C1080&resize=350%2C200 1x, https:\/\/about.fb.com\/br\/wp-content\/uploads\/sites\/11\/2025\/04\/Llama-Grant-Winners_Header.png?fit=1920%2C1080&resize=525%2C300 1.5x, https:\/\/about.fb.com\/br\/wp-content\/uploads\/sites\/11\/2025\/04\/Llama-Grant-Winners_Header.png?fit=1920%2C1080&resize=700%2C400 2x, https:\/\/about.fb.com\/br\/wp-content\/uploads\/sites\/11\/2025\/04\/Llama-Grant-Winners_Header.png?fit=1920%2C1080&resize=1050%2C600 3x, https:\/\/about.fb.com\/br\/wp-content\/uploads\/sites\/11\/2025\/04\/Llama-Grant-Winners_Header.png?fit=1920%2C1080&resize=1400%2C800 4x"},"classes":[]},{"id":26834,"url":"https:\/\/about.fb.com\/br\/news\/2025\/12\/golpes-sao-ruins-para-os-negocios-nossos-esforcos-continuos-para-combater-fraudes\/","url_meta":{"origin":7181,"position":2},"title":"Golpes S\u00e3o Ruins para os Neg\u00f3cios: Nossos esfor\u00e7os cont\u00ednuos para combater fraudes","author":"Meta","date":"03\/12\/2025","format":false,"excerpt":"O aumento dos golpes est\u00e1 ocorrendo em toda a internet \u2014 desde aplicativos de namoro e jogos online, at\u00e9 plataformas de criptomoedas e mensagens de texto. Ningu\u00e9m gosta disso. Nem as pessoas que utilizam nossos servi\u00e7os. Nem os anunciantes. E certamente nem n\u00f3s. Os criminosos sofisticados por tr\u00e1s dos golpes\u2026","rel":"","context":"In &quot;Fortalecendo Comunidades&quot;","block_context":{"text":"Fortalecendo Comunidades","link":"https:\/\/about.fb.com\/br\/news\/category\/temas-home\/comunidades\/"},"img":{"alt_text":"","src":"https:\/\/about.fb.com\/br\/wp-content\/uploads\/sites\/11\/2025\/12\/GASA-Scams-Work_Header.jpg?fit=1920%2C1080&resize=350%2C200","width":350,"height":200,"srcset":"https:\/\/about.fb.com\/br\/wp-content\/uploads\/sites\/11\/2025\/12\/GASA-Scams-Work_Header.jpg?fit=1920%2C1080&resize=350%2C200 1x, https:\/\/about.fb.com\/br\/wp-content\/uploads\/sites\/11\/2025\/12\/GASA-Scams-Work_Header.jpg?fit=1920%2C1080&resize=525%2C300 1.5x, https:\/\/about.fb.com\/br\/wp-content\/uploads\/sites\/11\/2025\/12\/GASA-Scams-Work_Header.jpg?fit=1920%2C1080&resize=700%2C400 2x, https:\/\/about.fb.com\/br\/wp-content\/uploads\/sites\/11\/2025\/12\/GASA-Scams-Work_Header.jpg?fit=1920%2C1080&resize=1050%2C600 3x, https:\/\/about.fb.com\/br\/wp-content\/uploads\/sites\/11\/2025\/12\/GASA-Scams-Work_Header.jpg?fit=1920%2C1080&resize=1400%2C800 4x"},"classes":[]},{"id":26166,"url":"https:\/\/about.fb.com\/br\/news\/2025\/02\/anunciando-o-programa-de-parceria-em-tecnologia-de-linguagem\/","url_meta":{"origin":7181,"position":3},"title":"Anunciando o Programa de Parceria em Tecnologia de Linguagem","author":"Meta","date":"07\/02\/2025","format":false,"excerpt":"A equipe do Fundamental AI Research (FAIR) da Meta est\u00e1 focada em alcan\u00e7ar a intelig\u00eancia avan\u00e7ada de m\u00e1quina (AMI, na sigla em ingl\u00eas) \u2014 uma IA que pode usar o racioc\u00ednio humano para realizar tarefas cognitivamente exigentes, como a tradu\u00e7\u00e3o \u2014 e us\u00e1-la para impulsionar produtos e inova\u00e7\u00f5es que beneficiem\u2026","rel":"","context":"In &quot;Meta&quot;","block_context":{"text":"Meta","link":"https:\/\/about.fb.com\/br\/news\/category\/temas-home\/meta\/"},"img":{"alt_text":"","src":"","width":0,"height":0},"classes":[]},{"id":26491,"url":"https:\/\/about.fb.com\/br\/news\/2025\/06\/tela-consciente-em-brasilia-caminhos-para-facilitar-a-supervisao-parental-online-de-adolescentes\/","url_meta":{"origin":7181,"position":4},"title":"Tela Consciente em Bras\u00edlia: caminhos para facilitar a supervis\u00e3o parental online de adolescentes","author":"Meta","date":"17\/06\/2025","format":false,"excerpt":"Em 12 de junho, a Meta reuniu em Bras\u00edlia autoridades, executivos de empresas e representantes da academia e sociedade civil para a segunda edi\u00e7\u00e3o do Tela Consciente, um debate sobre como apoiar as fam\u00edlias no uso consciente das plataformas digitais por adolescentes. O evento teve como foco os desafios e\u2026","rel":"","context":"In &quot;Recent News&quot;","block_context":{"text":"Recent News","link":"https:\/\/about.fb.com\/br\/news\/category\/recent-news\/"},"img":{"alt_text":"","src":"https:\/\/about.fb.com\/br\/wp-content\/uploads\/sites\/11\/2025\/06\/@leannabdon-1.jpg?fit=4500%2C3000&resize=350%2C200","width":350,"height":200,"srcset":"https:\/\/about.fb.com\/br\/wp-content\/uploads\/sites\/11\/2025\/06\/@leannabdon-1.jpg?fit=4500%2C3000&resize=350%2C200 1x, https:\/\/about.fb.com\/br\/wp-content\/uploads\/sites\/11\/2025\/06\/@leannabdon-1.jpg?fit=4500%2C3000&resize=525%2C300 1.5x, https:\/\/about.fb.com\/br\/wp-content\/uploads\/sites\/11\/2025\/06\/@leannabdon-1.jpg?fit=4500%2C3000&resize=700%2C400 2x, https:\/\/about.fb.com\/br\/wp-content\/uploads\/sites\/11\/2025\/06\/@leannabdon-1.jpg?fit=4500%2C3000&resize=1050%2C600 3x, https:\/\/about.fb.com\/br\/wp-content\/uploads\/sites\/11\/2025\/06\/@leannabdon-1.jpg?fit=4500%2C3000&resize=1400%2C800 4x"},"classes":[]},{"id":26380,"url":"https:\/\/about.fb.com\/br\/news\/2025\/05\/protecao-contra-golpes-de-investimento-e-pagamento-on-line\/","url_meta":{"origin":7181,"position":5},"title":"Prote\u00e7\u00e3o contra golpes de investimento e pagamento on-line","author":"Meta","date":"07\/05\/2025","format":false,"excerpt":"Geralmente, golpistas tentam tirar vantagem de eventos e cen\u00e1rios atuais para aplicar golpes relacionados a investimentos e pagamentos. Eles se aproveitam de temores de recess\u00e3o, mudan\u00e7as no com\u00e9rcio global, volatilidade do mercado de a\u00e7\u00f5es ou novos comportamentos em rela\u00e7\u00e3o a criptomoedas para buscar seus alvos. Esses golpes s\u00e3o projetados para\u2026","rel":"","context":"In &quot;Recent News&quot;","block_context":{"text":"Recent News","link":"https:\/\/about.fb.com\/br\/news\/category\/recent-news\/"},"img":{"alt_text":"","src":"https:\/\/about.fb.com\/br\/wp-content\/uploads\/sites\/11\/2025\/05\/WhatsApp-Image-2025-05-06-at-17.56.41.jpeg?resize=350%2C200","width":350,"height":200,"srcset":"https:\/\/about.fb.com\/br\/wp-content\/uploads\/sites\/11\/2025\/05\/WhatsApp-Image-2025-05-06-at-17.56.41.jpeg?resize=350%2C200 1x, https:\/\/about.fb.com\/br\/wp-content\/uploads\/sites\/11\/2025\/05\/WhatsApp-Image-2025-05-06-at-17.56.41.jpeg?resize=525%2C300 1.5x, https:\/\/about.fb.com\/br\/wp-content\/uploads\/sites\/11\/2025\/05\/WhatsApp-Image-2025-05-06-at-17.56.41.jpeg?resize=700%2C400 2x, https:\/\/about.fb.com\/br\/wp-content\/uploads\/sites\/11\/2025\/05\/WhatsApp-Image-2025-05-06-at-17.56.41.jpeg?resize=1050%2C600 3x, https:\/\/about.fb.com\/br\/wp-content\/uploads\/sites\/11\/2025\/05\/WhatsApp-Image-2025-05-06-at-17.56.41.jpeg?resize=1400%2C800 4x"},"classes":[]}],"jetpack_sharing_enabled":true,"amp_enabled":true,"_links":{"self":[{"href":"https:\/\/about.fb.com\/br\/wp-json\/wp\/v2\/posts\/7181","targetHints":{"allow":["GET"]}}],"collection":[{"href":"https:\/\/about.fb.com\/br\/wp-json\/wp\/v2\/posts"}],"about":[{"href":"https:\/\/about.fb.com\/br\/wp-json\/wp\/v2\/types\/post"}],"author":[{"embeddable":true,"href":"https:\/\/about.fb.com\/br\/wp-json\/wp\/v2\/users\/81109636"}],"replies":[{"embeddable":true,"href":"https:\/\/about.fb.com\/br\/wp-json\/wp\/v2\/comments?post=7181"}],"version-history":[{"count":2,"href":"https:\/\/about.fb.com\/br\/wp-json\/wp\/v2\/posts\/7181\/revisions"}],"predecessor-version":[{"id":7184,"href":"https:\/\/about.fb.com\/br\/wp-json\/wp\/v2\/posts\/7181\/revisions\/7184"}],"wp:attachment":[{"href":"https:\/\/about.fb.com\/br\/wp-json\/wp\/v2\/media?parent=7181"}],"wp:term":[{"taxonomy":"category","embeddable":true,"href":"https:\/\/about.fb.com\/br\/wp-json\/wp\/v2\/categories?post=7181"},{"taxonomy":"post_tag","embeddable":true,"href":"https:\/\/about.fb.com\/br\/wp-json\/wp\/v2\/tags?post=7181"}],"curies":[{"name":"wp","href":"https:\/\/api.w.org\/{rel}","templated":true}]}}