{"id":7021,"date":"2019-02-13T08:11:20","date_gmt":"2019-02-13T11:11:20","guid":{"rendered":"http:\/\/br.newsroom.fb.com\/?p=7021"},"modified":"2021-06-17T10:10:04","modified_gmt":"2021-06-17T13:10:04","slug":"facebook-lanca-anuncios-em-videos-no-brasil","status":"publish","type":"post","link":"https:\/\/about.fb.com\/br\/news\/2019\/02\/facebook-lanca-anuncios-em-videos-no-brasil\/","title":{"rendered":"Facebook lan\u00e7a an\u00fancios em v\u00eddeos no Brasil"},"content":{"rendered":"<p>Para ajudar publishers e criadores de v\u00eddeo a construir um neg\u00f3cio e monetizar seu conte\u00fado na plataforma, o Facebook lan\u00e7a hoje no Brasil os Ad Breaks.<\/p>\n<p>Ad Breaks \u00e9 um formato de pequenos intervalos comerciais que s\u00e3o colocados nos v\u00eddeos no Facebook. Sempre que um Ad Break \u00e9 mostrado, o publisher ou criador do v\u00eddeo recebe 55% da receita do an\u00fancio. O lan\u00e7amento da ferramenta visa ajudar criadores e publishers que compartilham v\u00eddeos aut\u00eanticos e mais longos, que fazem as pessoas retornarem e criam comunidades engajadas ao redor do seu conte\u00fado. Hoje, mais de 70% dos an\u00fancios que s\u00e3o exibidos durante os v\u00eddeos s\u00e3o vistos at\u00e9 o final no Facebook.<\/p>\n<p>&#8220;N\u00f3s lan\u00e7amos o Watch, uma plataforma de v\u00eddeo no Facebook, em agosto no Brasil, nosso objetivo era fazer do Watch um lugar onde todos os criadores e publishers pudessem encontrar uma audi\u00eancia e ganhar dinheiro pelo seu trabalho. Nos \u00faltimos meses, estivemos focados em disponibilizar os Ad Breaks ao redor do mundo e estamos agora entusiasmados em anunciar que, a partir de hoje, os Ad Breaks est\u00e3o dispon\u00edveis no pa\u00eds&#8221;, diz a diretora de Monetiza\u00e7\u00e3o de Media do Facebook, Kate Orseth.<\/p>\n<p>Ad Breaks podem ter tr\u00eas formatos:<\/p>\n<ul>\n<li>An\u00fancios que s\u00e3o mostrados durante o v\u00eddeo<\/li>\n<li>An\u00fancios que s\u00e3o mostrados antes do in\u00edcio do v\u00eddeo<\/li>\n<li>Um an\u00fancio em imagem que \u00e9 posicionado logo abaixo do v\u00eddeo<\/li>\n<\/ul>\n<p>Publishers e criadores podem usar a ferramenta de inser\u00e7\u00e3o autom\u00e1tica, na qual o Facebook seleciona automaticamente o melhor lugar para os an\u00fancios no v\u00eddeo, ou selecionar diretamente espa\u00e7os em potencial.<\/p>\n<p>Quais P\u00e1ginas est\u00e3o eleg\u00edveis para os Ad Breaks?<\/p>\n<ul>\n<li>P\u00e1ginas que tenham criado v\u00eddeos de 3 minutos e que, juntos, tenham gerado mais de 30.000 visualiza\u00e7\u00f5es de 1 minuto nos \u00faltimos dois meses;<\/li>\n<li>P\u00e1ginas com mais de 10.000 seguidores no Facebook;<\/li>\n<li>P\u00e1ginas que estejam de acordo com nossos <a href=\"https:\/\/www.facebook.com\/help\/publisher\/monetization-eligibility\">Padr\u00f5es de Qualifica\u00e7\u00e3o para Monetiza\u00e7\u00e3o<\/a>.<\/li>\n<\/ul>\n<p>Criadores de conte\u00fado e publishers podem checar se est\u00e3o eleg\u00edveis em <a href=\"http:\/\/fb.me\/joinadbreaks\">fb.me\/joinadbreaks<\/a>.<\/p>\n","protected":false},"excerpt":{"rendered":"Para ajudar publishers e criadores de v\u00eddeo a construir um neg\u00f3cio e monetizar seu conte\u00fado na plataforma, o Facebook lan\u00e7a hoje no Brasil os Ad Breaks. Ad Breaks \u00e9 um formato de pequenos intervalos comerciais que s\u00e3o colocados nos v\u00eddeos no Facebook. Sempre que um Ad Break \u00e9 mostrado, o publisher ou criador do v\u00eddeo recebe 55% da receita do an\u00fancio. O lan\u00e7amento da ferramenta visa ajudar criadores e publishers que compartilham v\u00eddeos aut\u00eanticos e mais longos, que fazem as pessoas retornarem e criam comunidades engajadas ao redor do seu conte\u00fado. Hoje, mais de 70% dos an\u00fancios que s\u00e3o exibidos durante os v\u00eddeos s\u00e3o vistos at\u00e9 o final no Facebook. &#8220;N\u00f3s lan\u00e7amos o Watch, uma plataforma de v\u00eddeo no Facebook, em agosto no Brasil, nosso objetivo era fazer do Watch um lugar onde todos os criadores e publishers pudessem encontrar uma audi\u00eancia e ganhar dinheiro pelo seu trabalho. Nos \u00faltimos meses, estivemos focados em disponibilizar os Ad Breaks ao redor do mundo e estamos agora entusiasmados em anunciar que, a partir de hoje, os Ad Breaks est\u00e3o dispon\u00edveis no pa\u00eds&#8221;, diz a diretora de Monetiza\u00e7\u00e3o de Media do Facebook, Kate Orseth. Ad Breaks podem ter tr\u00eas formatos: An\u00fancios que s\u00e3o mostrados durante o v\u00eddeo An\u00fancios que s\u00e3o mostrados antes do in\u00edcio do v\u00eddeo Um an\u00fancio em imagem que \u00e9 posicionado logo abaixo do v\u00eddeo Publishers e criadores podem usar a ferramenta de inser\u00e7\u00e3o autom\u00e1tica, na qual o Facebook seleciona automaticamente o melhor lugar para os an\u00fancios no v\u00eddeo, ou selecionar diretamente espa\u00e7os em potencial. Quais P\u00e1ginas est\u00e3o eleg\u00edveis para os Ad Breaks? P\u00e1ginas que tenham criado v\u00eddeos de 3 minutos e que, juntos, tenham gerado mais de 30.000 visualiza\u00e7\u00f5es de 1 minuto nos \u00faltimos dois meses; P\u00e1ginas com mais de 10.000 seguidores no Facebook; P\u00e1ginas que estejam de acordo com nossos Padr\u00f5es de Qualifica\u00e7\u00e3o para Monetiza\u00e7\u00e3o. Criadores de conte\u00fado e publishers podem checar se est\u00e3o eleg\u00edveis em fb.me\/joinadbreaks.","protected":false},"author":81109636,"featured_media":0,"comment_status":"closed","ping_status":"closed","sticky":false,"template":"","format":"standard","meta":{"_jetpack_newsletter_access":"","_jetpack_dont_email_post_to_subs":false,"_jetpack_newsletter_tier_id":0,"_jetpack_memberships_contains_paywalled_content":false,"_jetpack_feature_clip_id":0,"_jetpack_memberships_contains_paid_content":false,"footnotes":"","jetpack_post_was_ever_published":false},"categories":[1],"tags":[],"class_list":["post-7021","post","type-post","status-publish","format-standard","hentry","category-recent-news"],"yoast_head":"<!-- This site is optimized with the Yoast SEO plugin v27.2 - https:\/\/yoast.com\/product\/yoast-seo-wordpress\/ -->\n<title>Facebook lan\u00e7a an\u00fancios em v\u00eddeos no Brasil | Sobre a Meta<\/title>\n<meta name=\"robots\" content=\"index, follow, max-snippet:-1, max-image-preview:large, max-video-preview:-1\" \/>\n<link rel=\"canonical\" href=\"https:\/\/about.fb.com\/br\/news\/2019\/02\/facebook-lanca-anuncios-em-videos-no-brasil\/\" \/>\n<meta property=\"og:locale\" content=\"pt_BR\" \/>\n<meta property=\"og:type\" content=\"article\" \/>\n<meta property=\"og:title\" content=\"Facebook lan\u00e7a an\u00fancios em v\u00eddeos no Brasil | Sobre a Meta\" \/>\n<meta property=\"og:description\" content=\"Para ajudar publishers e criadores de v\u00eddeo a construir um neg\u00f3cio e monetizar seu conte\u00fado na plataforma, o Facebook lan\u00e7a hoje no Brasil os Ad Breaks. Ad Breaks \u00e9 um formato de pequenos intervalos comerciais que s\u00e3o colocados nos v\u00eddeos no Facebook. Sempre que um Ad Break \u00e9 mostrado, o publisher ou criador do v\u00eddeo recebe 55% da receita do an\u00fancio. O lan\u00e7amento da ferramenta visa ajudar criadores e publishers que compartilham v\u00eddeos aut\u00eanticos e mais longos, que fazem as pessoas retornarem e criam comunidades engajadas ao redor do seu conte\u00fado. Hoje, mais de 70% dos an\u00fancios que s\u00e3o exibidos durante os v\u00eddeos s\u00e3o vistos at\u00e9 o final no Facebook. &#8220;N\u00f3s lan\u00e7amos o Watch, uma plataforma de v\u00eddeo no Facebook, em agosto no Brasil, nosso objetivo era fazer do Watch um lugar onde todos os criadores e publishers pudessem encontrar uma audi\u00eancia e ganhar dinheiro pelo seu trabalho. Nos \u00faltimos meses, estivemos focados em disponibilizar os Ad Breaks ao redor do mundo e estamos agora entusiasmados em anunciar que, a partir de hoje, os Ad Breaks est\u00e3o dispon\u00edveis no pa\u00eds&#8221;, diz a diretora de Monetiza\u00e7\u00e3o de Media do Facebook, Kate Orseth. Ad Breaks podem ter tr\u00eas formatos: An\u00fancios que s\u00e3o mostrados durante o v\u00eddeo An\u00fancios que s\u00e3o mostrados antes do in\u00edcio do v\u00eddeo Um an\u00fancio em imagem que \u00e9 posicionado logo abaixo do v\u00eddeo Publishers e criadores podem usar a ferramenta de inser\u00e7\u00e3o autom\u00e1tica, na qual o Facebook seleciona automaticamente o melhor lugar para os an\u00fancios no v\u00eddeo, ou selecionar diretamente espa\u00e7os em potencial. Quais P\u00e1ginas est\u00e3o eleg\u00edveis para os Ad Breaks? P\u00e1ginas que tenham criado v\u00eddeos de 3 minutos e que, juntos, tenham gerado mais de 30.000 visualiza\u00e7\u00f5es de 1 minuto nos \u00faltimos dois meses; P\u00e1ginas com mais de 10.000 seguidores no Facebook; P\u00e1ginas que estejam de acordo com nossos Padr\u00f5es de Qualifica\u00e7\u00e3o para Monetiza\u00e7\u00e3o. Criadores de conte\u00fado e publishers podem checar se est\u00e3o eleg\u00edveis em fb.me\/joinadbreaks.\" \/>\n<meta property=\"og:url\" content=\"https:\/\/about.fb.com\/br\/news\/2019\/02\/facebook-lanca-anuncios-em-videos-no-brasil\/\" \/>\n<meta property=\"og:site_name\" content=\"Sobre a Meta\" \/>\n<meta property=\"article:published_time\" content=\"2019-02-13T11:11:20+00:00\" \/>\n<meta property=\"article:modified_time\" content=\"2021-06-17T13:10:04+00:00\" \/>\n<meta property=\"og:image\" content=\"https:\/\/about.fb.com\/br\/wp-content\/uploads\/sites\/11\/2021\/10\/meta-social-16x9-1.jpg?resize=1024,576\" \/>\n\t<meta property=\"og:image:width\" content=\"1024\" \/>\n\t<meta property=\"og:image:height\" content=\"576\" \/>\n\t<meta property=\"og:image:type\" content=\"image\/jpeg\" \/>\n<meta name=\"author\" content=\"facebookbr\" \/>\n<meta name=\"twitter:card\" content=\"summary_large_image\" \/>\n<meta name=\"twitter:label1\" content=\"Written by\" \/>\n\t<meta name=\"twitter:data1\" content=\"Meta\" \/>\n\t<meta name=\"twitter:label2\" content=\"Est. reading time\" \/>\n\t<meta name=\"twitter:data2\" content=\"2 minutos\" \/>\n<script type=\"application\/ld+json\" class=\"yoast-schema-graph\">{\"@context\":\"https:\/\/schema.org\",\"@graph\":[{\"@type\":\"Article\",\"@id\":\"https:\/\/about.fb.com\/br\/news\/2019\/02\/facebook-lanca-anuncios-em-videos-no-brasil\/#article\",\"isPartOf\":{\"@id\":\"https:\/\/about.fb.com\/br\/news\/2019\/02\/facebook-lanca-anuncios-em-videos-no-brasil\/\"},\"author\":\"Facebook company\",\"headline\":\"Facebook lan\u00e7a an\u00fancios em v\u00eddeos no Brasil\",\"datePublished\":\"2019-02-13T11:11:20+00:00\",\"dateModified\":\"2021-06-17T13:10:04+00:00\",\"mainEntityOfPage\":{\"@id\":\"https:\/\/about.fb.com\/br\/news\/2019\/02\/facebook-lanca-anuncios-em-videos-no-brasil\/\"},\"wordCount\":374,\"publisher\":{\"@id\":\"https:\/\/about.fb.com\/br\/#organization\"},\"articleSection\":[\"Recent News\"],\"inLanguage\":\"pt-BR\"},{\"@type\":\"WebPage\",\"@id\":\"https:\/\/about.fb.com\/br\/news\/2019\/02\/facebook-lanca-anuncios-em-videos-no-brasil\/\",\"url\":\"https:\/\/about.fb.com\/br\/news\/2019\/02\/facebook-lanca-anuncios-em-videos-no-brasil\/\",\"name\":\"Facebook lan\u00e7a an\u00fancios em v\u00eddeos no Brasil | Sobre a Meta\",\"isPartOf\":{\"@id\":\"https:\/\/about.fb.com\/br\/#website\"},\"datePublished\":\"2019-02-13T11:11:20+00:00\",\"dateModified\":\"2021-06-17T13:10:04+00:00\",\"breadcrumb\":{\"@id\":\"https:\/\/about.fb.com\/br\/news\/2019\/02\/facebook-lanca-anuncios-em-videos-no-brasil\/#breadcrumb\"},\"inLanguage\":\"pt-BR\",\"potentialAction\":[{\"@type\":\"ReadAction\",\"target\":[\"https:\/\/about.fb.com\/br\/news\/2019\/02\/facebook-lanca-anuncios-em-videos-no-brasil\/\"]}],\"author\":\"Sobre a Meta\"},{\"@type\":\"BreadcrumbList\",\"@id\":\"https:\/\/about.fb.com\/br\/news\/2019\/02\/facebook-lanca-anuncios-em-videos-no-brasil\/#breadcrumb\",\"itemListElement\":[{\"@type\":\"ListItem\",\"position\":1,\"name\":\"Home\",\"item\":\"https:\/\/about.fb.com\/br\/\"},{\"@type\":\"ListItem\",\"position\":2,\"name\":\"Facebook lan\u00e7a an\u00fancios em v\u00eddeos no Brasil\"}]},{\"@type\":\"WebSite\",\"@id\":\"https:\/\/about.fb.com\/br\/#website\",\"url\":\"https:\/\/about.fb.com\/news\/\",\"name\":\"Sobre a Meta\",\"description\":\"\",\"publisher\":{\"@id\":\"https:\/\/about.fb.com\/br\/#organization\"},\"potentialAction\":[{\"@type\":\"SearchAction\",\"target\":{\"@type\":\"EntryPoint\",\"urlTemplate\":\"https:\/\/about.fb.com\/br\/?s={search_term_string}\"},\"query-input\":{\"@type\":\"PropertyValueSpecification\",\"valueRequired\":true,\"valueName\":\"search_term_string\"}}],\"inLanguage\":\"pt-BR\",\"alternateName\":[\"Meta Newsroom\",\"Meta\"]},{\"@type\":\"Organization\",\"@id\":\"https:\/\/about.fb.com\/br\/#organization\",\"name\":\"Meta\",\"url\":\"https:\/\/about.fb.com\/br\/\",\"logo\":{\"@type\":\"ImageObject\",\"inLanguage\":\"pt-BR\",\"@id\":\"https:\/\/about.fb.com\/br\/#\/schema\/logo\/image\/\",\"url\":\"https:\/\/about.fb.com\/br\/wp-content\/uploads\/sites\/11\/2021\/10\/meta-social-16x9-1.jpg?fit=8000%2C4500\",\"contentUrl\":\"https:\/\/about.fb.com\/br\/wp-content\/uploads\/sites\/11\/2021\/10\/meta-social-16x9-1.jpg?fit=8000%2C4500\",\"width\":8000,\"height\":4500,\"caption\":\"Meta\"},\"image\":{\"@id\":\"https:\/\/about.fb.com\/br\/#\/schema\/logo\/image\/\"}}]}<\/script>\n<!-- \/ Yoast SEO plugin. -->","yoast_head_json":{"title":"Facebook lan\u00e7a an\u00fancios em v\u00eddeos no Brasil | Sobre a Meta","robots":{"index":"index","follow":"follow","max-snippet":"max-snippet:-1","max-image-preview":"max-image-preview:large","max-video-preview":"max-video-preview:-1"},"canonical":"https:\/\/about.fb.com\/br\/news\/2019\/02\/facebook-lanca-anuncios-em-videos-no-brasil\/","og_locale":"pt_BR","og_type":"article","og_title":"Facebook lan\u00e7a an\u00fancios em v\u00eddeos no Brasil | Sobre a Meta","og_description":"Para ajudar publishers e criadores de v\u00eddeo a construir um neg\u00f3cio e monetizar seu conte\u00fado na plataforma, o Facebook lan\u00e7a hoje no Brasil os Ad Breaks. Ad Breaks \u00e9 um formato de pequenos intervalos comerciais que s\u00e3o colocados nos v\u00eddeos no Facebook. Sempre que um Ad Break \u00e9 mostrado, o publisher ou criador do v\u00eddeo recebe 55% da receita do an\u00fancio. O lan\u00e7amento da ferramenta visa ajudar criadores e publishers que compartilham v\u00eddeos aut\u00eanticos e mais longos, que fazem as pessoas retornarem e criam comunidades engajadas ao redor do seu conte\u00fado. Hoje, mais de 70% dos an\u00fancios que s\u00e3o exibidos durante os v\u00eddeos s\u00e3o vistos at\u00e9 o final no Facebook. &#8220;N\u00f3s lan\u00e7amos o Watch, uma plataforma de v\u00eddeo no Facebook, em agosto no Brasil, nosso objetivo era fazer do Watch um lugar onde todos os criadores e publishers pudessem encontrar uma audi\u00eancia e ganhar dinheiro pelo seu trabalho. Nos \u00faltimos meses, estivemos focados em disponibilizar os Ad Breaks ao redor do mundo e estamos agora entusiasmados em anunciar que, a partir de hoje, os Ad Breaks est\u00e3o dispon\u00edveis no pa\u00eds&#8221;, diz a diretora de Monetiza\u00e7\u00e3o de Media do Facebook, Kate Orseth. Ad Breaks podem ter tr\u00eas formatos: An\u00fancios que s\u00e3o mostrados durante o v\u00eddeo An\u00fancios que s\u00e3o mostrados antes do in\u00edcio do v\u00eddeo Um an\u00fancio em imagem que \u00e9 posicionado logo abaixo do v\u00eddeo Publishers e criadores podem usar a ferramenta de inser\u00e7\u00e3o autom\u00e1tica, na qual o Facebook seleciona automaticamente o melhor lugar para os an\u00fancios no v\u00eddeo, ou selecionar diretamente espa\u00e7os em potencial. Quais P\u00e1ginas est\u00e3o eleg\u00edveis para os Ad Breaks? P\u00e1ginas que tenham criado v\u00eddeos de 3 minutos e que, juntos, tenham gerado mais de 30.000 visualiza\u00e7\u00f5es de 1 minuto nos \u00faltimos dois meses; P\u00e1ginas com mais de 10.000 seguidores no Facebook; P\u00e1ginas que estejam de acordo com nossos Padr\u00f5es de Qualifica\u00e7\u00e3o para Monetiza\u00e7\u00e3o. Criadores de conte\u00fado e publishers podem checar se est\u00e3o eleg\u00edveis em fb.me\/joinadbreaks.","og_url":"https:\/\/about.fb.com\/br\/news\/2019\/02\/facebook-lanca-anuncios-em-videos-no-brasil\/","og_site_name":"Sobre a Meta","article_published_time":"2019-02-13T11:11:20+00:00","article_modified_time":"2021-06-17T13:10:04+00:00","og_image":[{"width":1024,"height":576,"url":"https:\/\/about.fb.com\/br\/wp-content\/uploads\/sites\/11\/2021\/10\/meta-social-16x9-1.jpg?resize=1024,576","type":"image\/jpeg"}],"author":"facebookbr","twitter_card":"summary_large_image","twitter_misc":{"Written by":"Meta","Est. reading time":"2 minutos"},"schema":{"@context":"https:\/\/schema.org","@graph":[{"@type":"Article","@id":"https:\/\/about.fb.com\/br\/news\/2019\/02\/facebook-lanca-anuncios-em-videos-no-brasil\/#article","isPartOf":{"@id":"https:\/\/about.fb.com\/br\/news\/2019\/02\/facebook-lanca-anuncios-em-videos-no-brasil\/"},"author":"Facebook company","headline":"Facebook lan\u00e7a an\u00fancios em v\u00eddeos no Brasil","datePublished":"2019-02-13T11:11:20+00:00","dateModified":"2021-06-17T13:10:04+00:00","mainEntityOfPage":{"@id":"https:\/\/about.fb.com\/br\/news\/2019\/02\/facebook-lanca-anuncios-em-videos-no-brasil\/"},"wordCount":374,"publisher":{"@id":"https:\/\/about.fb.com\/br\/#organization"},"articleSection":["Recent News"],"inLanguage":"pt-BR"},{"@type":"WebPage","@id":"https:\/\/about.fb.com\/br\/news\/2019\/02\/facebook-lanca-anuncios-em-videos-no-brasil\/","url":"https:\/\/about.fb.com\/br\/news\/2019\/02\/facebook-lanca-anuncios-em-videos-no-brasil\/","name":"Facebook lan\u00e7a an\u00fancios em v\u00eddeos no Brasil | Sobre a Meta","isPartOf":{"@id":"https:\/\/about.fb.com\/br\/#website"},"datePublished":"2019-02-13T11:11:20+00:00","dateModified":"2021-06-17T13:10:04+00:00","breadcrumb":{"@id":"https:\/\/about.fb.com\/br\/news\/2019\/02\/facebook-lanca-anuncios-em-videos-no-brasil\/#breadcrumb"},"inLanguage":"pt-BR","potentialAction":[{"@type":"ReadAction","target":["https:\/\/about.fb.com\/br\/news\/2019\/02\/facebook-lanca-anuncios-em-videos-no-brasil\/"]}],"author":"Sobre a Meta"},{"@type":"BreadcrumbList","@id":"https:\/\/about.fb.com\/br\/news\/2019\/02\/facebook-lanca-anuncios-em-videos-no-brasil\/#breadcrumb","itemListElement":[{"@type":"ListItem","position":1,"name":"Home","item":"https:\/\/about.fb.com\/br\/"},{"@type":"ListItem","position":2,"name":"Facebook lan\u00e7a an\u00fancios em v\u00eddeos no Brasil"}]},{"@type":"WebSite","@id":"https:\/\/about.fb.com\/br\/#website","url":"https:\/\/about.fb.com\/news\/","name":"Sobre a Meta","description":"","publisher":{"@id":"https:\/\/about.fb.com\/br\/#organization"},"potentialAction":[{"@type":"SearchAction","target":{"@type":"EntryPoint","urlTemplate":"https:\/\/about.fb.com\/br\/?s={search_term_string}"},"query-input":{"@type":"PropertyValueSpecification","valueRequired":true,"valueName":"search_term_string"}}],"inLanguage":"pt-BR","alternateName":["Meta Newsroom","Meta"]},{"@type":"Organization","@id":"https:\/\/about.fb.com\/br\/#organization","name":"Meta","url":"https:\/\/about.fb.com\/br\/","logo":{"@type":"ImageObject","inLanguage":"pt-BR","@id":"https:\/\/about.fb.com\/br\/#\/schema\/logo\/image\/","url":"https:\/\/about.fb.com\/br\/wp-content\/uploads\/sites\/11\/2021\/10\/meta-social-16x9-1.jpg?fit=8000%2C4500","contentUrl":"https:\/\/about.fb.com\/br\/wp-content\/uploads\/sites\/11\/2021\/10\/meta-social-16x9-1.jpg?fit=8000%2C4500","width":8000,"height":4500,"caption":"Meta"},"image":{"@id":"https:\/\/about.fb.com\/br\/#\/schema\/logo\/image\/"}}]}},"jetpack-related-posts":[{"id":27047,"url":"https:\/\/about.fb.com\/br\/news\/2026\/03\/da-cultura-aos-negocios-como-a-ia-esta-impulsionando-conexoes-personalizadas-e-crescimento\/","url_meta":{"origin":7021,"position":0},"title":"Da cultura aos neg\u00f3cios: como a IA est\u00e1 impulsionando conex\u00f5es personalizadas e crescimento","author":"Meta","date":"26\/03\/2026","format":false,"excerpt":"Esta semana, a ind\u00fastria publicit\u00e1ria se reuniu no\u00a0Shoptalk\u00a0e no\u00a0IAB Newfronts\u00a0para explorar o futuro do e-commerce e da publicidade. Embora esses eventos foquem em diferentes partes da jornada do cliente, eles enfatizam um desafio compartilhado por todos os profissionais de marketing: capturar a aten\u00e7\u00e3o e transform\u00e1-la em a\u00e7\u00e3o significativa est\u00e1 mais\u2026","rel":"","context":"In &quot;Recent News&quot;","block_context":{"text":"Recent News","link":"https:\/\/about.fb.com\/br\/news\/category\/recent-news\/"},"img":{"alt_text":"","src":"https:\/\/about.fb.com\/br\/wp-content\/uploads\/sites\/11\/2026\/03\/Product-video-generation-tool-for-catalog-product-video.gif?resize=350%2C200","width":350,"height":200,"srcset":"https:\/\/about.fb.com\/br\/wp-content\/uploads\/sites\/11\/2026\/03\/Product-video-generation-tool-for-catalog-product-video.gif?resize=350%2C200 1x, https:\/\/about.fb.com\/br\/wp-content\/uploads\/sites\/11\/2026\/03\/Product-video-generation-tool-for-catalog-product-video.gif?resize=525%2C300 1.5x, https:\/\/about.fb.com\/br\/wp-content\/uploads\/sites\/11\/2026\/03\/Product-video-generation-tool-for-catalog-product-video.gif?resize=700%2C400 2x, https:\/\/about.fb.com\/br\/wp-content\/uploads\/sites\/11\/2026\/03\/Product-video-generation-tool-for-catalog-product-video.gif?resize=1050%2C600 3x"},"classes":[]},{"id":27272,"url":"https:\/\/about.fb.com\/br\/news\/2026\/06\/cannes-2026-novas-maneiras-de-transformar-a-descoberta-em-compra-na-meta\/","url_meta":{"origin":7021,"position":1},"title":"Cannes 2026: Novas Maneiras de Transformar a Descoberta em Compra na Meta","author":"Meta","date":"17\/06\/2026","format":false,"excerpt":"Destaques Expans\u00e3o de Afiliados: Estamos expandindo nosso programa de Parceiros Afiliados com a Flipkart e a Lazada, e trazendo Mercado Livre para mais pa\u00edses. An\u00fancios de V\u00eddeo ao Vivo (Live Video Ads): Estamos ampliando a disponibilidade dos An\u00fancios de v\u00eddeo ao vivo, ajudando os profissionais de marketing a alcan\u00e7ar p\u00fablicos\u2026","rel":"","context":"In &quot;Facebook&quot;","block_context":{"text":"Facebook","link":"https:\/\/about.fb.com\/br\/news\/category\/technologies\/facebook\/"},"img":{"alt_text":"","src":"https:\/\/about.fb.com\/br\/wp-content\/uploads\/sites\/11\/2026\/06\/download.gif?resize=350%2C200","width":350,"height":200,"srcset":"https:\/\/about.fb.com\/br\/wp-content\/uploads\/sites\/11\/2026\/06\/download.gif?resize=350%2C200 1x, https:\/\/about.fb.com\/br\/wp-content\/uploads\/sites\/11\/2026\/06\/download.gif?resize=525%2C300 1.5x, https:\/\/about.fb.com\/br\/wp-content\/uploads\/sites\/11\/2026\/06\/download.gif?resize=700%2C400 2x, https:\/\/about.fb.com\/br\/wp-content\/uploads\/sites\/11\/2026\/06\/download.gif?resize=1050%2C600 3x, https:\/\/about.fb.com\/br\/wp-content\/uploads\/sites\/11\/2026\/06\/download.gif?resize=1400%2C800 4x"},"classes":[]},{"id":26696,"url":"https:\/\/about.fb.com\/br\/news\/2025\/10\/desempenho-potencializado-por-ia-para-o-agora-e-o-futuro\/","url_meta":{"origin":7021,"position":2},"title":"Desempenho potencializado por IA para o agora e o futuro","author":"Meta","date":"02\/10\/2025","format":false,"excerpt":"Para os profissionais de marketing, cada ponto de desempenho incremental pode significar a diferen\u00e7a entre empatar e bater recordes. Por isso, a Meta continua investindo em solu\u00e7\u00f5es l\u00edderes com IA, incluindo o Advantage+ e a infraestrutura que o sustenta, para ajudar empresas, anunciantes e ag\u00eancias a expandirem rapidamente. Estamos escrevendo\u2026","rel":"","context":"In &quot;Meta&quot;","block_context":{"text":"Meta","link":"https:\/\/about.fb.com\/br\/news\/category\/temas-home\/meta\/"},"img":{"alt_text":"","src":"https:\/\/about.fb.com\/br\/wp-content\/uploads\/sites\/11\/2025\/07\/Logo-Meta-1.jpg?fit=633%2C356&resize=350%2C200","width":350,"height":200,"srcset":"https:\/\/about.fb.com\/br\/wp-content\/uploads\/sites\/11\/2025\/07\/Logo-Meta-1.jpg?fit=633%2C356&resize=350%2C200 1x, https:\/\/about.fb.com\/br\/wp-content\/uploads\/sites\/11\/2025\/07\/Logo-Meta-1.jpg?fit=633%2C356&resize=525%2C300 1.5x"},"classes":[]},{"id":26869,"url":"https:\/\/about.fb.com\/br\/news\/2025\/12\/novas-ferramentas-com-ia-para-escalar-parcerias-entre-criadores-e-marcas\/","url_meta":{"origin":7021,"position":3},"title":"Novas ferramentas com IA para escalar parcerias entre criadores e marcas","author":"Meta","date":"11\/12\/2025","format":false,"excerpt":"[Atualizado em 30 de janeiro de 2026] Estamos compartilhando atualiza\u00e7\u00f5es adicionais que facilitam para as marcas descobrirem, avaliarem e se conectarem com criadores para campanhas de an\u00fancios em parceria usando o Marketplace de Criadores do Instagram. Expandindo o Marketplace de Criadores para empresas globalmente: A partir de hoje, estamos ampliando\u2026","rel":"","context":"In &quot;Meta&quot;","block_context":{"text":"Meta","link":"https:\/\/about.fb.com\/br\/news\/category\/temas-home\/meta\/"},"img":{"alt_text":"","src":"https:\/\/about.fb.com\/br\/wp-content\/uploads\/sites\/11\/2025\/07\/Logo-Meta-1.jpg?fit=633%2C356&resize=350%2C200","width":350,"height":200,"srcset":"https:\/\/about.fb.com\/br\/wp-content\/uploads\/sites\/11\/2025\/07\/Logo-Meta-1.jpg?fit=633%2C356&resize=350%2C200 1x, https:\/\/about.fb.com\/br\/wp-content\/uploads\/sites\/11\/2025\/07\/Logo-Meta-1.jpg?fit=633%2C356&resize=525%2C300 1.5x"},"classes":[]},{"id":27025,"url":"https:\/\/about.fb.com\/br\/news\/2026\/03\/apresentando-uma-nova-era-de-descoberta-de-produtos-impulsionada-por-ia-e-criadores\/","url_meta":{"origin":7021,"position":4},"title":"Apresentando uma nova era de descoberta de produtos impulsionada por IA e criadores","author":"Meta","date":"25\/03\/2026","format":false,"excerpt":"Todos os dias, bilh\u00f5es de pessoas acessam os aplicativos da Meta para descobrir algo novo \u2014 um produto que um criador adora, uma marca que chama sua aten\u00e7\u00e3o ou um estilo que elas nem sabiam que estavam procurando.A IA est\u00e1 ajudando a impulsionar esses momentos de descoberta, seja exibindo conte\u00fados\u2026","rel":"","context":"In &quot;Recent News&quot;","block_context":{"text":"Recent News","link":"https:\/\/about.fb.com\/br\/news\/category\/recent-news\/"},"img":{"alt_text":"","src":"https:\/\/about.fb.com\/br\/wp-content\/uploads\/sites\/11\/2026\/03\/newsroom-shoptalk.gif?w=312&resize=350%2C200","width":350,"height":200},"classes":[]},{"id":26809,"url":"https:\/\/about.fb.com\/br\/news\/2025\/11\/protecao-de-conteudo-seu-novo-guardiao-da-criatividade-no-facebook\/","url_meta":{"origin":7021,"position":5},"title":"Prote\u00e7\u00e3o de conte\u00fado: Seu novo guardi\u00e3o da criatividade no Facebook","author":"Meta","date":"17\/11\/2025","format":false,"excerpt":"O Facebook est\u00e1 lan\u00e7ando a prote\u00e7\u00e3o de conte\u00fado, uma nova ferramenta para criadores que protege automaticamente seus Reels originais, alerta quando conte\u00fados correspondentes a esses Reels s\u00e3o detectados no Facebook ou Instagram e ajuda voc\u00ea a tomar medidas caso seu trabalho seja usado sem permiss\u00e3o. Seu trabalho original \u00e9 a\u2026","rel":"","context":"In &quot;Facebook&quot;","block_context":{"text":"Facebook","link":"https:\/\/about.fb.com\/br\/news\/category\/technologies\/facebook\/"},"img":{"alt_text":"","src":"https:\/\/about.fb.com\/br\/wp-content\/uploads\/sites\/11\/2025\/07\/Logo-Meta-1.jpg?fit=633%2C356&resize=350%2C200","width":350,"height":200,"srcset":"https:\/\/about.fb.com\/br\/wp-content\/uploads\/sites\/11\/2025\/07\/Logo-Meta-1.jpg?fit=633%2C356&resize=350%2C200 1x, https:\/\/about.fb.com\/br\/wp-content\/uploads\/sites\/11\/2025\/07\/Logo-Meta-1.jpg?fit=633%2C356&resize=525%2C300 1.5x"},"classes":[]}],"jetpack_sharing_enabled":true,"amp_enabled":true,"jetpack_featured_media_url":"","_links":{"self":[{"href":"https:\/\/about.fb.com\/br\/wp-json\/wp\/v2\/posts\/7021","targetHints":{"allow":["GET"]}}],"collection":[{"href":"https:\/\/about.fb.com\/br\/wp-json\/wp\/v2\/posts"}],"about":[{"href":"https:\/\/about.fb.com\/br\/wp-json\/wp\/v2\/types\/post"}],"author":[{"embeddable":true,"href":"https:\/\/about.fb.com\/br\/wp-json\/wp\/v2\/users\/81109636"}],"replies":[{"embeddable":true,"href":"https:\/\/about.fb.com\/br\/wp-json\/wp\/v2\/comments?post=7021"}],"version-history":[{"count":1,"href":"https:\/\/about.fb.com\/br\/wp-json\/wp\/v2\/posts\/7021\/revisions"}],"predecessor-version":[{"id":7022,"href":"https:\/\/about.fb.com\/br\/wp-json\/wp\/v2\/posts\/7021\/revisions\/7022"}],"wp:attachment":[{"href":"https:\/\/about.fb.com\/br\/wp-json\/wp\/v2\/media?parent=7021"}],"wp:term":[{"taxonomy":"category","embeddable":true,"href":"https:\/\/about.fb.com\/br\/wp-json\/wp\/v2\/categories?post=7021"},{"taxonomy":"post_tag","embeddable":true,"href":"https:\/\/about.fb.com\/br\/wp-json\/wp\/v2\/tags?post=7021"}],"curies":[{"name":"wp","href":"https:\/\/api.w.org\/{rel}","templated":true}]}}