{"id":7013,"date":"2019-02-05T16:34:30","date_gmt":"2019-02-05T19:34:30","guid":{"rendered":"http:\/\/br.newsroom.fb.com\/?p=7013"},"modified":"2021-06-17T10:10:04","modified_gmt":"2021-06-17T13:10:04","slug":"nova-funcao-do-messenger-permite-que-voce-apague-mensagens-para-todos","status":"publish","type":"post","link":"https:\/\/about.fb.com\/br\/news\/2019\/02\/nova-funcao-do-messenger-permite-que-voce-apague-mensagens-para-todos\/","title":{"rendered":"Nova fun\u00e7\u00e3o do Messenger permite que voc\u00ea apague mensagens para todos"},"content":{"rendered":"<p>Por Anna Iskikian, gerente de produtos, Messenger<\/p>\n<p>Voc\u00ea j\u00e1 enviou uma mensagem acidentalmente para um grupo errado de amigos, digitou algo incorretamente ou simplesmente quis remover um texto em uma conversa? Voc\u00ea n\u00e3o est\u00e1 sozinho! A partir de hoje, n\u00f3s estamos lan\u00e7ando uma fun\u00e7\u00e3o para que voc\u00ea apague facilmente sua mensagem no Messenger \u2014 seja para uma pessoa ou para um Grupo.<\/p>\n<p>Para usar o recurso, basca tocar na mensagem que voc\u00ea quer apagar e selecionar a op\u00e7\u00e3o \u201cRemover para todos\u201d. A mensagem removida ser\u00e1 substitu\u00edda por um aviso a todos na conversa de que o texto foi apagado. Voc\u00ea ter\u00e1 at\u00e9 dez minutos para remover um conte\u00fado ap\u00f3s o seu envio.<\/p>\n<p>Caso queira apagar uma mensagem apenas para voc\u00ea, \u00e9 poss\u00edvel fazer isso a qualquer hora, selecionando \u201cRemover para voc\u00ea\u201d. Ao escolher esta op\u00e7\u00e3o, o texto ser\u00e1 removido para voc\u00ea, mas n\u00e3o para os demais membros da conversa.<\/p>\n<p>Como sempre, voc\u00ea pode <a href=\"https:\/\/about.fb.com\/br\/2018\/05\/agora-e-mais-facil-reportar-no-messenger\/\">reportar<\/a> uma conversa que viola os nossos <a href=\"https:\/\/www.facebook.com\/communitystandards\/\">Padr\u00f5es de Comunidade<\/a>. A fun\u00e7\u00e3o \u201cRemover para todos\u201d est\u00e1 dispon\u00edvel para os usu\u00e1rios do Messenger ao redor do mundo nas \u00faltimas vers\u00f5es para <a href=\"https:\/\/itunes.apple.com\/us\/app\/messenger\/id454638411?mt%3D8\">iOS<\/a> e <a href=\"https:\/\/play.google.com\/store\/apps\/details?id=com.facebook.orca\">Android<\/a>.<\/p>\n","protected":false},"excerpt":{"rendered":"Por Anna Iskikian, gerente de produtos, Messenger Voc\u00ea j\u00e1 enviou uma mensagem acidentalmente para um grupo errado de amigos, digitou algo incorretamente ou simplesmente quis remover um texto em uma conversa? Voc\u00ea n\u00e3o est\u00e1 sozinho! A partir de hoje, n\u00f3s estamos lan\u00e7ando uma fun\u00e7\u00e3o para que voc\u00ea apague facilmente sua mensagem no Messenger \u2014 seja para uma pessoa ou para um Grupo. Para usar o recurso, basca tocar na mensagem que voc\u00ea quer apagar e selecionar a op\u00e7\u00e3o \u201cRemover para todos\u201d. A mensagem removida ser\u00e1 substitu\u00edda por um aviso a todos na conversa de que o texto foi apagado. Voc\u00ea ter\u00e1 at\u00e9 dez minutos para remover um conte\u00fado ap\u00f3s o seu envio. Caso queira apagar uma mensagem apenas para voc\u00ea, \u00e9 poss\u00edvel fazer isso a qualquer hora, selecionando \u201cRemover para voc\u00ea\u201d. Ao escolher esta op\u00e7\u00e3o, o texto ser\u00e1 removido para voc\u00ea, mas n\u00e3o para os demais membros da conversa. Como sempre, voc\u00ea pode reportar uma conversa que viola os nossos Padr\u00f5es de Comunidade. A fun\u00e7\u00e3o \u201cRemover para todos\u201d est\u00e1 dispon\u00edvel para os usu\u00e1rios do Messenger ao redor do mundo nas \u00faltimas vers\u00f5es para iOS e Android.","protected":false},"author":81109636,"featured_media":0,"comment_status":"closed","ping_status":"closed","sticky":false,"template":"","format":"standard","meta":{"_jetpack_memberships_contains_paid_content":false,"footnotes":""},"categories":[1],"tags":[],"class_list":["post-7013","post","type-post","status-publish","format-standard","hentry","category-recent-news"],"yoast_head":"<!-- This site is optimized with the Yoast SEO plugin v27.2 - https:\/\/yoast.com\/product\/yoast-seo-wordpress\/ -->\n<title>Nova fun\u00e7\u00e3o do Messenger permite que voc\u00ea apague mensagens para todos | Sobre a Meta<\/title>\n<meta name=\"robots\" content=\"index, follow, max-snippet:-1, max-image-preview:large, max-video-preview:-1\" \/>\n<link rel=\"canonical\" href=\"https:\/\/about.fb.com\/br\/news\/2019\/02\/nova-funcao-do-messenger-permite-que-voce-apague-mensagens-para-todos\/\" \/>\n<meta property=\"og:locale\" content=\"pt_BR\" \/>\n<meta property=\"og:type\" content=\"article\" \/>\n<meta property=\"og:title\" content=\"Nova fun\u00e7\u00e3o do Messenger permite que voc\u00ea apague mensagens para todos | Sobre a Meta\" \/>\n<meta property=\"og:description\" content=\"Por Anna Iskikian, gerente de produtos, Messenger Voc\u00ea j\u00e1 enviou uma mensagem acidentalmente para um grupo errado de amigos, digitou algo incorretamente ou simplesmente quis remover um texto em uma conversa? Voc\u00ea n\u00e3o est\u00e1 sozinho! A partir de hoje, n\u00f3s estamos lan\u00e7ando uma fun\u00e7\u00e3o para que voc\u00ea apague facilmente sua mensagem no Messenger \u2014 seja para uma pessoa ou para um Grupo. Para usar o recurso, basca tocar na mensagem que voc\u00ea quer apagar e selecionar a op\u00e7\u00e3o \u201cRemover para todos\u201d. A mensagem removida ser\u00e1 substitu\u00edda por um aviso a todos na conversa de que o texto foi apagado. Voc\u00ea ter\u00e1 at\u00e9 dez minutos para remover um conte\u00fado ap\u00f3s o seu envio. Caso queira apagar uma mensagem apenas para voc\u00ea, \u00e9 poss\u00edvel fazer isso a qualquer hora, selecionando \u201cRemover para voc\u00ea\u201d. Ao escolher esta op\u00e7\u00e3o, o texto ser\u00e1 removido para voc\u00ea, mas n\u00e3o para os demais membros da conversa. Como sempre, voc\u00ea pode reportar uma conversa que viola os nossos Padr\u00f5es de Comunidade. A fun\u00e7\u00e3o \u201cRemover para todos\u201d est\u00e1 dispon\u00edvel para os usu\u00e1rios do Messenger ao redor do mundo nas \u00faltimas vers\u00f5es para iOS e Android.\" \/>\n<meta property=\"og:url\" content=\"https:\/\/about.fb.com\/br\/news\/2019\/02\/nova-funcao-do-messenger-permite-que-voce-apague-mensagens-para-todos\/\" \/>\n<meta property=\"og:site_name\" content=\"Sobre a Meta\" \/>\n<meta property=\"article:published_time\" content=\"2019-02-05T19:34:30+00:00\" \/>\n<meta property=\"article:modified_time\" content=\"2021-06-17T13:10:04+00:00\" \/>\n<meta property=\"og:image\" content=\"https:\/\/about.fb.com\/br\/wp-content\/uploads\/sites\/11\/2021\/10\/meta-social-16x9-1.jpg?resize=1024,576\" \/>\n\t<meta property=\"og:image:width\" content=\"1024\" \/>\n\t<meta property=\"og:image:height\" content=\"576\" \/>\n\t<meta property=\"og:image:type\" content=\"image\/jpeg\" \/>\n<meta name=\"author\" content=\"facebookbr\" \/>\n<meta name=\"twitter:card\" content=\"summary_large_image\" \/>\n<meta name=\"twitter:label1\" content=\"Written by\" \/>\n\t<meta name=\"twitter:data1\" content=\"Meta\" \/>\n\t<meta name=\"twitter:label2\" content=\"Est. reading time\" \/>\n\t<meta name=\"twitter:data2\" content=\"1 minuto\" \/>\n<script type=\"application\/ld+json\" class=\"yoast-schema-graph\">{\"@context\":\"https:\/\/schema.org\",\"@graph\":[{\"@type\":\"Article\",\"@id\":\"https:\/\/about.fb.com\/br\/news\/2019\/02\/nova-funcao-do-messenger-permite-que-voce-apague-mensagens-para-todos\/#article\",\"isPartOf\":{\"@id\":\"https:\/\/about.fb.com\/br\/news\/2019\/02\/nova-funcao-do-messenger-permite-que-voce-apague-mensagens-para-todos\/\"},\"author\":\"Facebook company\",\"headline\":\"Nova fun\u00e7\u00e3o do Messenger permite que voc\u00ea apague mensagens para todos\",\"datePublished\":\"2019-02-05T19:34:30+00:00\",\"dateModified\":\"2021-06-17T13:10:04+00:00\",\"mainEntityOfPage\":{\"@id\":\"https:\/\/about.fb.com\/br\/news\/2019\/02\/nova-funcao-do-messenger-permite-que-voce-apague-mensagens-para-todos\/\"},\"wordCount\":212,\"publisher\":{\"@id\":\"https:\/\/about.fb.com\/br\/#organization\"},\"articleSection\":[\"Recent News\"],\"inLanguage\":\"pt-BR\"},{\"@type\":\"WebPage\",\"@id\":\"https:\/\/about.fb.com\/br\/news\/2019\/02\/nova-funcao-do-messenger-permite-que-voce-apague-mensagens-para-todos\/\",\"url\":\"https:\/\/about.fb.com\/br\/news\/2019\/02\/nova-funcao-do-messenger-permite-que-voce-apague-mensagens-para-todos\/\",\"name\":\"Nova fun\u00e7\u00e3o do Messenger permite que voc\u00ea apague mensagens para todos | Sobre a Meta\",\"isPartOf\":{\"@id\":\"https:\/\/about.fb.com\/br\/#website\"},\"datePublished\":\"2019-02-05T19:34:30+00:00\",\"dateModified\":\"2021-06-17T13:10:04+00:00\",\"breadcrumb\":{\"@id\":\"https:\/\/about.fb.com\/br\/news\/2019\/02\/nova-funcao-do-messenger-permite-que-voce-apague-mensagens-para-todos\/#breadcrumb\"},\"inLanguage\":\"pt-BR\",\"potentialAction\":[{\"@type\":\"ReadAction\",\"target\":[\"https:\/\/about.fb.com\/br\/news\/2019\/02\/nova-funcao-do-messenger-permite-que-voce-apague-mensagens-para-todos\/\"]}],\"author\":\"Sobre a Meta\"},{\"@type\":\"BreadcrumbList\",\"@id\":\"https:\/\/about.fb.com\/br\/news\/2019\/02\/nova-funcao-do-messenger-permite-que-voce-apague-mensagens-para-todos\/#breadcrumb\",\"itemListElement\":[{\"@type\":\"ListItem\",\"position\":1,\"name\":\"Home\",\"item\":\"https:\/\/about.fb.com\/br\/\"},{\"@type\":\"ListItem\",\"position\":2,\"name\":\"Nova fun\u00e7\u00e3o do Messenger permite que voc\u00ea apague mensagens para todos\"}]},{\"@type\":\"WebSite\",\"@id\":\"https:\/\/about.fb.com\/br\/#website\",\"url\":\"https:\/\/about.fb.com\/news\/\",\"name\":\"Sobre a Meta\",\"description\":\"\",\"publisher\":{\"@id\":\"https:\/\/about.fb.com\/br\/#organization\"},\"potentialAction\":[{\"@type\":\"SearchAction\",\"target\":{\"@type\":\"EntryPoint\",\"urlTemplate\":\"https:\/\/about.fb.com\/br\/?s={search_term_string}\"},\"query-input\":{\"@type\":\"PropertyValueSpecification\",\"valueRequired\":true,\"valueName\":\"search_term_string\"}}],\"inLanguage\":\"pt-BR\",\"alternateName\":[\"Meta Newsroom\",\"Meta\"]},{\"@type\":\"Organization\",\"@id\":\"https:\/\/about.fb.com\/br\/#organization\",\"name\":\"Meta\",\"url\":\"https:\/\/about.fb.com\/br\/\",\"logo\":{\"@type\":\"ImageObject\",\"inLanguage\":\"pt-BR\",\"@id\":\"https:\/\/about.fb.com\/br\/#\/schema\/logo\/image\/\",\"url\":\"https:\/\/about.fb.com\/br\/wp-content\/uploads\/sites\/11\/2021\/10\/meta-social-16x9-1.jpg?fit=8000%2C4500\",\"contentUrl\":\"https:\/\/about.fb.com\/br\/wp-content\/uploads\/sites\/11\/2021\/10\/meta-social-16x9-1.jpg?fit=8000%2C4500\",\"width\":8000,\"height\":4500,\"caption\":\"Meta\"},\"image\":{\"@id\":\"https:\/\/about.fb.com\/br\/#\/schema\/logo\/image\/\"}}]}<\/script>\n<!-- \/ Yoast SEO plugin. -->","yoast_head_json":{"title":"Nova fun\u00e7\u00e3o do Messenger permite que voc\u00ea apague mensagens para todos | Sobre a Meta","robots":{"index":"index","follow":"follow","max-snippet":"max-snippet:-1","max-image-preview":"max-image-preview:large","max-video-preview":"max-video-preview:-1"},"canonical":"https:\/\/about.fb.com\/br\/news\/2019\/02\/nova-funcao-do-messenger-permite-que-voce-apague-mensagens-para-todos\/","og_locale":"pt_BR","og_type":"article","og_title":"Nova fun\u00e7\u00e3o do Messenger permite que voc\u00ea apague mensagens para todos | Sobre a Meta","og_description":"Por Anna Iskikian, gerente de produtos, Messenger Voc\u00ea j\u00e1 enviou uma mensagem acidentalmente para um grupo errado de amigos, digitou algo incorretamente ou simplesmente quis remover um texto em uma conversa? Voc\u00ea n\u00e3o est\u00e1 sozinho! A partir de hoje, n\u00f3s estamos lan\u00e7ando uma fun\u00e7\u00e3o para que voc\u00ea apague facilmente sua mensagem no Messenger \u2014 seja para uma pessoa ou para um Grupo. Para usar o recurso, basca tocar na mensagem que voc\u00ea quer apagar e selecionar a op\u00e7\u00e3o \u201cRemover para todos\u201d. A mensagem removida ser\u00e1 substitu\u00edda por um aviso a todos na conversa de que o texto foi apagado. Voc\u00ea ter\u00e1 at\u00e9 dez minutos para remover um conte\u00fado ap\u00f3s o seu envio. Caso queira apagar uma mensagem apenas para voc\u00ea, \u00e9 poss\u00edvel fazer isso a qualquer hora, selecionando \u201cRemover para voc\u00ea\u201d. Ao escolher esta op\u00e7\u00e3o, o texto ser\u00e1 removido para voc\u00ea, mas n\u00e3o para os demais membros da conversa. Como sempre, voc\u00ea pode reportar uma conversa que viola os nossos Padr\u00f5es de Comunidade. A fun\u00e7\u00e3o \u201cRemover para todos\u201d est\u00e1 dispon\u00edvel para os usu\u00e1rios do Messenger ao redor do mundo nas \u00faltimas vers\u00f5es para iOS e Android.","og_url":"https:\/\/about.fb.com\/br\/news\/2019\/02\/nova-funcao-do-messenger-permite-que-voce-apague-mensagens-para-todos\/","og_site_name":"Sobre a Meta","article_published_time":"2019-02-05T19:34:30+00:00","article_modified_time":"2021-06-17T13:10:04+00:00","og_image":[{"width":1024,"height":576,"url":"https:\/\/about.fb.com\/br\/wp-content\/uploads\/sites\/11\/2021\/10\/meta-social-16x9-1.jpg?resize=1024,576","type":"image\/jpeg"}],"author":"facebookbr","twitter_card":"summary_large_image","twitter_misc":{"Written by":"Meta","Est. reading time":"1 minuto"},"schema":{"@context":"https:\/\/schema.org","@graph":[{"@type":"Article","@id":"https:\/\/about.fb.com\/br\/news\/2019\/02\/nova-funcao-do-messenger-permite-que-voce-apague-mensagens-para-todos\/#article","isPartOf":{"@id":"https:\/\/about.fb.com\/br\/news\/2019\/02\/nova-funcao-do-messenger-permite-que-voce-apague-mensagens-para-todos\/"},"author":"Facebook company","headline":"Nova fun\u00e7\u00e3o do Messenger permite que voc\u00ea apague mensagens para todos","datePublished":"2019-02-05T19:34:30+00:00","dateModified":"2021-06-17T13:10:04+00:00","mainEntityOfPage":{"@id":"https:\/\/about.fb.com\/br\/news\/2019\/02\/nova-funcao-do-messenger-permite-que-voce-apague-mensagens-para-todos\/"},"wordCount":212,"publisher":{"@id":"https:\/\/about.fb.com\/br\/#organization"},"articleSection":["Recent News"],"inLanguage":"pt-BR"},{"@type":"WebPage","@id":"https:\/\/about.fb.com\/br\/news\/2019\/02\/nova-funcao-do-messenger-permite-que-voce-apague-mensagens-para-todos\/","url":"https:\/\/about.fb.com\/br\/news\/2019\/02\/nova-funcao-do-messenger-permite-que-voce-apague-mensagens-para-todos\/","name":"Nova fun\u00e7\u00e3o do Messenger permite que voc\u00ea apague mensagens para todos | Sobre a Meta","isPartOf":{"@id":"https:\/\/about.fb.com\/br\/#website"},"datePublished":"2019-02-05T19:34:30+00:00","dateModified":"2021-06-17T13:10:04+00:00","breadcrumb":{"@id":"https:\/\/about.fb.com\/br\/news\/2019\/02\/nova-funcao-do-messenger-permite-que-voce-apague-mensagens-para-todos\/#breadcrumb"},"inLanguage":"pt-BR","potentialAction":[{"@type":"ReadAction","target":["https:\/\/about.fb.com\/br\/news\/2019\/02\/nova-funcao-do-messenger-permite-que-voce-apague-mensagens-para-todos\/"]}],"author":"Sobre a Meta"},{"@type":"BreadcrumbList","@id":"https:\/\/about.fb.com\/br\/news\/2019\/02\/nova-funcao-do-messenger-permite-que-voce-apague-mensagens-para-todos\/#breadcrumb","itemListElement":[{"@type":"ListItem","position":1,"name":"Home","item":"https:\/\/about.fb.com\/br\/"},{"@type":"ListItem","position":2,"name":"Nova fun\u00e7\u00e3o do Messenger permite que voc\u00ea apague mensagens para todos"}]},{"@type":"WebSite","@id":"https:\/\/about.fb.com\/br\/#website","url":"https:\/\/about.fb.com\/news\/","name":"Sobre a Meta","description":"","publisher":{"@id":"https:\/\/about.fb.com\/br\/#organization"},"potentialAction":[{"@type":"SearchAction","target":{"@type":"EntryPoint","urlTemplate":"https:\/\/about.fb.com\/br\/?s={search_term_string}"},"query-input":{"@type":"PropertyValueSpecification","valueRequired":true,"valueName":"search_term_string"}}],"inLanguage":"pt-BR","alternateName":["Meta Newsroom","Meta"]},{"@type":"Organization","@id":"https:\/\/about.fb.com\/br\/#organization","name":"Meta","url":"https:\/\/about.fb.com\/br\/","logo":{"@type":"ImageObject","inLanguage":"pt-BR","@id":"https:\/\/about.fb.com\/br\/#\/schema\/logo\/image\/","url":"https:\/\/about.fb.com\/br\/wp-content\/uploads\/sites\/11\/2021\/10\/meta-social-16x9-1.jpg?fit=8000%2C4500","contentUrl":"https:\/\/about.fb.com\/br\/wp-content\/uploads\/sites\/11\/2021\/10\/meta-social-16x9-1.jpg?fit=8000%2C4500","width":8000,"height":4500,"caption":"Meta"},"image":{"@id":"https:\/\/about.fb.com\/br\/#\/schema\/logo\/image\/"}}]}},"jetpack_featured_media_url":"","jetpack-related-posts":[{"id":27049,"url":"https:\/\/about.fb.com\/br\/news\/2026\/03\/resumo-de-novos-recursos-libere-espaco-use-varias-contas-faca-transferencias-entre-plataformas-e-muito-mais\/","url_meta":{"origin":7013,"position":0},"title":"Novos recursos no WhatsApp: libere espa\u00e7o, use v\u00e1rias contas, fa\u00e7a transfer\u00eancias entre plataformas e muito mais","author":"Meta","date":"26\/03\/2026","format":false,"excerpt":"Com\u00a0o tempo, nossas conversas se transformam em um registro de momentos importantes: trocas com a fam\u00edlia, risadas com os amigos, fotos e v\u00eddeos que precis\u00e1vamos compartilhar. Para ajudar voc\u00ea a aproveitar ao m\u00e1ximo todas essas possibilidades, estamos lan\u00e7ando novos recursos que deixar\u00e3o o WhatsApp ainda mais f\u00e1cil de usar: seja\u2026","rel":"","context":"In &quot;WhatsApp&quot;","block_context":{"text":"WhatsApp","link":"https:\/\/about.fb.com\/br\/news\/category\/technologies\/whatsapp\/"},"img":{"alt_text":"","src":"https:\/\/about.fb.com\/br\/wp-content\/uploads\/sites\/11\/2026\/03\/657625945_26392696943750981_1050068346748916903_n.png?fit=1920%2C1080&resize=350%2C200","width":350,"height":200,"srcset":"https:\/\/about.fb.com\/br\/wp-content\/uploads\/sites\/11\/2026\/03\/657625945_26392696943750981_1050068346748916903_n.png?fit=1920%2C1080&resize=350%2C200 1x, https:\/\/about.fb.com\/br\/wp-content\/uploads\/sites\/11\/2026\/03\/657625945_26392696943750981_1050068346748916903_n.png?fit=1920%2C1080&resize=525%2C300 1.5x, https:\/\/about.fb.com\/br\/wp-content\/uploads\/sites\/11\/2026\/03\/657625945_26392696943750981_1050068346748916903_n.png?fit=1920%2C1080&resize=700%2C400 2x, https:\/\/about.fb.com\/br\/wp-content\/uploads\/sites\/11\/2026\/03\/657625945_26392696943750981_1050068346748916903_n.png?fit=1920%2C1080&resize=1050%2C600 3x, https:\/\/about.fb.com\/br\/wp-content\/uploads\/sites\/11\/2026\/03\/657625945_26392696943750981_1050068346748916903_n.png?fit=1920%2C1080&resize=1400%2C800 4x"},"classes":[]},{"id":26916,"url":"https:\/\/about.fb.com\/br\/news\/2026\/01\/eleve-o-nivel-das-suas-conversas-em-grupo-do-whatsapp-com-as-novas-etiquetas-de-membros-figurinhas-de-texto-e-muito-mais\/","url_meta":{"origin":7013,"position":1},"title":"Eleve o n\u00edvel das suas conversas em grupo do WhatsApp com as novas etiquetas de membros, figurinhas de texto e muito mais","author":"Meta","date":"07\/01\/2026","format":false,"excerpt":"O novo ano \u00e9 um excelente momento para fazer algumas melhorias nas suas conversas em grupo. Os grupos do WhatsApp facilitam a conex\u00e3o com as pessoas que fazem parte da sua vida, com qualquer dispositivo. Seja para compartilhar suas metas para o ano novo, se preparar para uma ocasi\u00e3o especial\u2026","rel":"","context":"In &quot;Recent News&quot;","block_context":{"text":"Recent News","link":"https:\/\/about.fb.com\/br\/news\/category\/recent-news\/"},"img":{"alt_text":"","src":"https:\/\/about.fb.com\/br\/wp-content\/uploads\/sites\/11\/2026\/01\/WhatsApp_Etiquetas-de-membros-figurinhas-de-texto-e-muito-mais.jpg?fit=960%2C540&resize=350%2C200","width":350,"height":200,"srcset":"https:\/\/about.fb.com\/br\/wp-content\/uploads\/sites\/11\/2026\/01\/WhatsApp_Etiquetas-de-membros-figurinhas-de-texto-e-muito-mais.jpg?fit=960%2C540&resize=350%2C200 1x, https:\/\/about.fb.com\/br\/wp-content\/uploads\/sites\/11\/2026\/01\/WhatsApp_Etiquetas-de-membros-figurinhas-de-texto-e-muito-mais.jpg?fit=960%2C540&resize=525%2C300 1.5x, https:\/\/about.fb.com\/br\/wp-content\/uploads\/sites\/11\/2026\/01\/WhatsApp_Etiquetas-de-membros-figurinhas-de-texto-e-muito-mais.jpg?fit=960%2C540&resize=700%2C400 2x"},"classes":[]},{"id":26558,"url":"https:\/\/about.fb.com\/br\/news\/2025\/08\/novas-ferramentas-e-dicas-do-whatsapp-para-combater-os-golpes-por-mensagem\/","url_meta":{"origin":7013,"position":2},"title":"Novas ferramentas e dicas do WhatsApp para combater os golpes por mensagem","author":"Meta","date":"05\/08\/2025","format":false,"excerpt":"Todos os dias, criminosos que aplicam golpes tentam se aproveitar da ansiedade das pessoas em rela\u00e7\u00e3o \u00e0 economia para engan\u00e1-las (dispon\u00edvel em ingl\u00eas) com ofertas que s\u00e3o boas demais para ser verdade e esquemas de pir\u00e2mide para ganhar dinheiro f\u00e1cil. Como parte dos nossos esfor\u00e7os cont\u00ednuos para proteger as pessoas\u2026","rel":"","context":"In &quot;Recent News&quot;","block_context":{"text":"Recent News","link":"https:\/\/about.fb.com\/br\/news\/category\/recent-news\/"},"img":{"alt_text":"","src":"https:\/\/about.fb.com\/br\/wp-content\/uploads\/sites\/11\/2025\/08\/Anti-Scam-Bundle-PSA_Whatsapp_Header.jpg?fit=1920%2C1080&resize=350%2C200","width":350,"height":200,"srcset":"https:\/\/about.fb.com\/br\/wp-content\/uploads\/sites\/11\/2025\/08\/Anti-Scam-Bundle-PSA_Whatsapp_Header.jpg?fit=1920%2C1080&resize=350%2C200 1x, https:\/\/about.fb.com\/br\/wp-content\/uploads\/sites\/11\/2025\/08\/Anti-Scam-Bundle-PSA_Whatsapp_Header.jpg?fit=1920%2C1080&resize=525%2C300 1.5x, https:\/\/about.fb.com\/br\/wp-content\/uploads\/sites\/11\/2025\/08\/Anti-Scam-Bundle-PSA_Whatsapp_Header.jpg?fit=1920%2C1080&resize=700%2C400 2x, https:\/\/about.fb.com\/br\/wp-content\/uploads\/sites\/11\/2025\/08\/Anti-Scam-Bundle-PSA_Whatsapp_Header.jpg?fit=1920%2C1080&resize=1050%2C600 3x, https:\/\/about.fb.com\/br\/wp-content\/uploads\/sites\/11\/2025\/08\/Anti-Scam-Bundle-PSA_Whatsapp_Header.jpg?fit=1920%2C1080&resize=1400%2C800 4x"},"classes":[]},{"id":26513,"url":"https:\/\/about.fb.com\/br\/news\/2025\/07\/apresentando-dms-e-destaques-no-threads\/","url_meta":{"origin":7013,"position":3},"title":"Apresentando DMs e Destaques no Threads","author":"Meta","date":"01\/07\/2025","format":false,"excerpt":"Atualiza\u00e7\u00e3o em 12 de setembro de 2025 \u00e0s 14h15 (hor\u00e1rio do Pac\u00edfico): Em breve, voc\u00ea poder\u00e1 enviar mensagens diretas para pessoas que voc\u00ea n\u00e3o segue. Para criadores, isso pode abrir portas para colabora\u00e7\u00f5es com outros criadores e oportunidades de monetiza\u00e7\u00e3o. Mas sabemos que nem todo mundo quer uma caixa de\u2026","rel":"","context":"In &quot;Recent News&quot;","block_context":{"text":"Recent News","link":"https:\/\/about.fb.com\/br\/news\/category\/recent-news\/"},"img":{"alt_text":"","src":"https:\/\/about.fb.com\/br\/wp-content\/uploads\/sites\/11\/2025\/07\/Threads_1.jpg?fit=1280%2C720&resize=350%2C200","width":350,"height":200,"srcset":"https:\/\/about.fb.com\/br\/wp-content\/uploads\/sites\/11\/2025\/07\/Threads_1.jpg?fit=1280%2C720&resize=350%2C200 1x, https:\/\/about.fb.com\/br\/wp-content\/uploads\/sites\/11\/2025\/07\/Threads_1.jpg?fit=1280%2C720&resize=525%2C300 1.5x, https:\/\/about.fb.com\/br\/wp-content\/uploads\/sites\/11\/2025\/07\/Threads_1.jpg?fit=1280%2C720&resize=700%2C400 2x, https:\/\/about.fb.com\/br\/wp-content\/uploads\/sites\/11\/2025\/07\/Threads_1.jpg?fit=1280%2C720&resize=1050%2C600 3x"},"classes":[]},{"id":26264,"url":"https:\/\/about.fb.com\/br\/news\/2025\/03\/crie-sua-propria-ia-personalizada-com-o-meta-ai-studio\/","url_meta":{"origin":7013,"position":4},"title":"Crie sua pr\u00f3pria IA personalizada com o Meta AI Studio","author":"Meta","date":"26\/03\/2025","format":false,"excerpt":"Hoje, estamos abrindo o acesso ao Meta AI Studio no Brasil e em Portugu\u00eas, permitindo que mais pessoas criem facilmente IAs personalizadas que atendam aos seus interesses e necessidades \u00fanicas. Tamb\u00e9m estamos disponibilizando em mais plataformas e de mais maneiras. Crie uma IA baseada em seus interesses Com o Meta\u2026","rel":"","context":"In &quot;Meta&quot;","block_context":{"text":"Meta","link":"https:\/\/about.fb.com\/br\/news\/category\/temas-home\/meta\/"},"img":{"alt_text":"","src":"https:\/\/about.fb.com\/br\/wp-content\/uploads\/sites\/11\/2025\/03\/portuguese-create-ai-flow-step-01.png?resize=350%2C200","width":350,"height":200,"srcset":"https:\/\/about.fb.com\/br\/wp-content\/uploads\/sites\/11\/2025\/03\/portuguese-create-ai-flow-step-01.png?resize=350%2C200 1x, https:\/\/about.fb.com\/br\/wp-content\/uploads\/sites\/11\/2025\/03\/portuguese-create-ai-flow-step-01.png?resize=525%2C300 1.5x, https:\/\/about.fb.com\/br\/wp-content\/uploads\/sites\/11\/2025\/03\/portuguese-create-ai-flow-step-01.png?resize=700%2C400 2x, https:\/\/about.fb.com\/br\/wp-content\/uploads\/sites\/11\/2025\/03\/portuguese-create-ai-flow-step-01.png?resize=1050%2C600 3x"},"classes":[]},{"id":26670,"url":"https:\/\/about.fb.com\/br\/news\/2025\/09\/oculos-ray-ban-meta-gen-2-chegam-ao-brasil\/","url_meta":{"origin":7013,"position":5},"title":"\u00d3culos Ray-Ban Meta (Gen 2) chegam ao Brasil","author":"Meta","date":"23\/09\/2025","format":false,"excerpt":"Os \u00f3culos Ray-Ban Meta (Gen 2) j\u00e1 est\u00e3o dispon\u00edveis no Brasil, para que as pessoas possam realizar tarefas, encontrar inspira\u00e7\u00e3o, viver o momento e capturar o que \u00e9 mais importante para elas. Anunciados no Connect, os Ray-Ban Meta (Gen 2) oferecem at\u00e9 8 horas de bateria e captura de v\u00eddeo\u2026","rel":"","context":"In &quot;Meta&quot;","block_context":{"text":"Meta","link":"https:\/\/about.fb.com\/br\/news\/category\/temas-home\/meta\/"},"img":{"alt_text":"","src":"https:\/\/about.fb.com\/br\/wp-content\/uploads\/sites\/11\/2025\/09\/Lifestyle-Still-10.jpg?fit=7680%2C4320&resize=350%2C200","width":350,"height":200,"srcset":"https:\/\/about.fb.com\/br\/wp-content\/uploads\/sites\/11\/2025\/09\/Lifestyle-Still-10.jpg?fit=7680%2C4320&resize=350%2C200 1x, https:\/\/about.fb.com\/br\/wp-content\/uploads\/sites\/11\/2025\/09\/Lifestyle-Still-10.jpg?fit=7680%2C4320&resize=525%2C300 1.5x, https:\/\/about.fb.com\/br\/wp-content\/uploads\/sites\/11\/2025\/09\/Lifestyle-Still-10.jpg?fit=7680%2C4320&resize=700%2C400 2x, https:\/\/about.fb.com\/br\/wp-content\/uploads\/sites\/11\/2025\/09\/Lifestyle-Still-10.jpg?fit=7680%2C4320&resize=1050%2C600 3x, https:\/\/about.fb.com\/br\/wp-content\/uploads\/sites\/11\/2025\/09\/Lifestyle-Still-10.jpg?fit=7680%2C4320&resize=1400%2C800 4x"},"classes":[]}],"jetpack_sharing_enabled":true,"amp_enabled":true,"_links":{"self":[{"href":"https:\/\/about.fb.com\/br\/wp-json\/wp\/v2\/posts\/7013","targetHints":{"allow":["GET"]}}],"collection":[{"href":"https:\/\/about.fb.com\/br\/wp-json\/wp\/v2\/posts"}],"about":[{"href":"https:\/\/about.fb.com\/br\/wp-json\/wp\/v2\/types\/post"}],"author":[{"embeddable":true,"href":"https:\/\/about.fb.com\/br\/wp-json\/wp\/v2\/users\/81109636"}],"replies":[{"embeddable":true,"href":"https:\/\/about.fb.com\/br\/wp-json\/wp\/v2\/comments?post=7013"}],"version-history":[{"count":1,"href":"https:\/\/about.fb.com\/br\/wp-json\/wp\/v2\/posts\/7013\/revisions"}],"predecessor-version":[{"id":7014,"href":"https:\/\/about.fb.com\/br\/wp-json\/wp\/v2\/posts\/7013\/revisions\/7014"}],"wp:attachment":[{"href":"https:\/\/about.fb.com\/br\/wp-json\/wp\/v2\/media?parent=7013"}],"wp:term":[{"taxonomy":"category","embeddable":true,"href":"https:\/\/about.fb.com\/br\/wp-json\/wp\/v2\/categories?post=7013"},{"taxonomy":"post_tag","embeddable":true,"href":"https:\/\/about.fb.com\/br\/wp-json\/wp\/v2\/tags?post=7013"}],"curies":[{"name":"wp","href":"https:\/\/api.w.org\/{rel}","templated":true}]}}