{"id":7011,"date":"2019-01-24T10:12:35","date_gmt":"2019-01-24T13:12:35","guid":{"rendered":"http:\/\/br.newsroom.fb.com\/?p=7011"},"modified":"2021-06-17T10:10:09","modified_gmt":"2021-06-17T13:10:09","slug":"um-olhar-sobre-o-modelo-de-negocio-do-facebook","status":"publish","type":"post","link":"https:\/\/about.fb.com\/br\/news\/2019\/01\/um-olhar-sobre-o-modelo-de-negocio-do-facebook\/","title":{"rendered":"Um olhar sobre o modelo de neg\u00f3cio do Facebook"},"content":{"rendered":"<p><i>Por Mark Zuckerberg, CEO e fundador do Facebook<\/i><\/p>\n<p>No pr\u00f3ximo m\u00eas, o Facebook completa 15 anos. Quando comecei o Facebook, n\u00e3o estava tentando construir uma empresa global. Naquela \u00e9poca, percebi que era poss\u00edvel encontrar quase tudo na internet &#8212; m\u00fasicas, livros, informa\u00e7\u00f5es&#8211;, exceto o que mais importa: as pessoas. Ent\u00e3o criei um servi\u00e7o que as pessoas pudessem usar para se conectar e saber mais umas sobre as outras. Ao longo dos anos, bilh\u00f5es de pessoas acharam isso \u00fatil, e constru\u00edmos mais servi\u00e7os que as pessoas em todo o mundo amam e usam todos os dias.<\/p>\n<p>Recentemente, tenho visto muitas perguntas sobre nosso modelo de neg\u00f3cio, ent\u00e3o quero explicar os princ\u00edpios sobre como n\u00f3s operamos.<\/p>\n<p>Acredito que todos devam ter voz e se conectar. Se estamos comprometidos em servir a todos, ent\u00e3o precisamos de um servi\u00e7o que seja acess\u00edvel a todos. A melhor maneira de fazer isso \u00e9 oferecer servi\u00e7os gratuitos, algo que os an\u00fancios nos permitem fazer.<\/p>\n<p>As pessoas sempre nos dizem que, se v\u00e3o ver an\u00fancios, querem que eles sejam relevantes para elas. Isso significa que precisamos entender no que elas est\u00e3o interessadas.<\/p>\n<p>Acredito que todos devem ter voz e se conectar. Se estamos comprometidos em servir a todos, ent\u00e3o precisamos de um servi\u00e7o que seja acess\u00edvel a todos. A melhor maneira de fazer isso \u00e9 oferecer servi\u00e7os gratuitos, algo que os an\u00fancios nos permitem fazer.<\/p>\n<p>Ent\u00e3o, com base no que as pessoas clicam, quais p\u00e1ginas curtem e outros sinais, criamos categorias &#8211;por exemplo, pessoas que gostam de p\u00e1ginas sobre jardinagem e vivem na Espanha&#8211; e ent\u00e3o cobramos de anunciantes para mostrar an\u00fancios para esse grupo de pessoas. Embora propaganda para grupos espec\u00edficos exista muito antes de a internet existir, a publicidade online permite um direcionamento muito mais preciso e, assim, an\u00fancios mais relevantes.<\/p>\n<p>A internet tamb\u00e9m nos permite oferecer mais transpar\u00eancia e controle sobre quais an\u00fancios voc\u00ea v\u00ea do que \u00e9 poss\u00edvel na TV, r\u00e1dio ou m\u00eddia impressa. Em nossos servi\u00e7os, voc\u00ea tem controle sobre qual informa\u00e7\u00e3o n\u00f3s usamos para lhe mostrar an\u00fancios, e voc\u00ea pode bloquear qualquer anunciante.<\/p>\n<p>Voc\u00ea pode saber por que est\u00e1 vendo um an\u00fancio e mudar suas prefer\u00eancias para receber an\u00fancios que sejam mais interessantes para voc\u00ea. E voc\u00ea pode usar nossas ferramentas de transpar\u00eancia para ver todas as propagandas que um anunciante est\u00e1 fazendo, mesmo que voc\u00ea n\u00e3o seja o p\u00fablico-alvo daquela campanha.<\/p>\n<p>Ainda assim, alguns est\u00e3o preocupados com a complexidade desse modelo de neg\u00f3cio. Em uma transa\u00e7\u00e3o comum, voc\u00ea paga uma empresa por um produto ou servi\u00e7o que ela fornece. Isso \u00e9 simples.<\/p>\n<p>Mas aqui voc\u00ea pode usar nossos servi\u00e7os gratuitamente &#8211; e trabalhamos separadamente com os anunciantes para mostrar an\u00fancios relevantes para voc\u00ea. Esse modelo pode parecer opaco, e todos n\u00f3s naturalmente desconfiamos de sistemas que n\u00e3o entendemos.<\/p>\n<p>\u00c0s vezes, isso faz com que as pessoas pensem que n\u00f3s fazemos coisas que n\u00e3o fazemos. Por exemplo, n\u00f3s n\u00e3o vendemos dados das pessoas, apesar de isso ser dito com frequ\u00eancia. Na verdade, vender informa\u00e7\u00f5es das pessoas seria contr\u00e1rio aos nossos interesses de neg\u00f3cio, porque isso reduziria o valor do nosso servi\u00e7o para anunciantes. Temos um forte incentivo para proteger as informa\u00e7\u00f5es das pessoas de serem acessadas por qualquer outra pessoa.<\/p>\n<p>Alguns temem que os an\u00fancios criem um desalinhamento de interesses entre n\u00f3s e as pessoas que usam nossos produtos. Muitas vezes me perguntam se temos um incentivo para aumentar o engajamento no Facebook porque isso cria mais espa\u00e7o para an\u00fancios &#8211;mesmo se isso n\u00e3o for o mais interessante para as pessoas.<\/p>\n<p>Eu quero ser claro: estamos focados em ajudar as pessoas a compartilhar e se conectar mais, porque o objetivo de nosso servi\u00e7o \u00e9 ajudar as pessoas a manter contato com a fam\u00edlia, os amigos e as comunidades. Mas, do ponto de vista do neg\u00f3cio, \u00e9 importante que o tempo das pessoas seja bem gasto, ou elas n\u00e3o usar\u00e3o nossos servi\u00e7os da mesma maneira no longo prazo. Conte\u00fados ruins ou ca\u00e7a-clique podem gerar engajamento no curto prazo, mas seria insensatez mostrarmos isso intencionalmente porque n\u00e3o \u00e9 o que as pessoas querem.<\/p>\n<p>Outra quest\u00e3o \u00e9 se mantemos nas nossas plataformas conte\u00fados divisivos ou nocivos porque eles geram engajamento. N\u00f3s n\u00e3o fazemos isso. As pessoas sempre nos dizem que n\u00e3o querem ver esse tipo de conte\u00fado.<\/p>\n<p>Os anunciantes tamb\u00e9m n\u00e3o querem suas marcas perto desse tipo de conte\u00fado. A \u00fanica raz\u00e3o pela qual conte\u00fados ruins est\u00e3o dispon\u00edveis \u00e9 porque as pessoas e os sistemas de intelig\u00eancia artificial que usamos para revis\u00e1-los n\u00e3o s\u00e3o perfeitos &#8211;n\u00e3o porque temos um incentivo para ignorar esses conte\u00fados. Nossos sistemas ainda est\u00e3o evoluindo e melhorando.<\/p>\n<p>Finalmente, h\u00e1 a importante quest\u00e3o sobre o modelo de an\u00fancios, se ele incentiva empresas como a nossa a usar e armazenar mais informa\u00e7\u00f5es do que precisar\u00edamos para oferecer nossos servi\u00e7os.<\/p>\n<p>Sobre isso, n\u00e3o h\u00e1 d\u00favidas de que coletamos algumas informa\u00e7\u00f5es para exibir an\u00fancios &#8211; mas essas informa\u00e7\u00f5es tamb\u00e9m s\u00e3o normalmente importantes para a opera\u00e7\u00e3o e a seguran\u00e7a de nossos servi\u00e7os.<\/p>\n<p>Por exemplo, as empresas frequentemente colocam um c\u00f3digo em seus aplicativos e sites para que, quando uma pessoa inclua um determinado produto em seu carrinho de compra online, elas possam exibir an\u00fancios posteriormente para lembrar a pessoa de concluir a compra. Mas esse tipo de sinal tamb\u00e9m pode ser importante para detectar fraudes ou contas falsas.<\/p>\n<p>N\u00f3s damos \u00e0s pessoas controle completo sobre o uso dessa informa\u00e7\u00e3o para an\u00fancios, mas n\u00e3o deixamos as pessoas controlarem como usamos essa informa\u00e7\u00e3o para a opera\u00e7\u00e3o ou seguran\u00e7a de nossos servi\u00e7os. E quando n\u00f3s pedimos \u00e0s pessoas permiss\u00e3o para usar essa informa\u00e7\u00e3o para melhorar os an\u00fancios que elas veem, para cumprir com a nova legisla\u00e7\u00e3o de prote\u00e7\u00e3o de dados europeia (GDPR), a ampla maioria delas nos disse que queria isso porque elas preferem ver an\u00fancios mais relevantes.<\/p>\n<p>Em \u00faltima an\u00e1lise, acredito que os princ\u00edpios mais importantes em torno de dados sejam transpar\u00eancia, escolha e controle. Precisamos ser claros sobre como estamos usando a informa\u00e7\u00e3o, e as pessoas precisam ter claras escolhas sobre como querem que a informa\u00e7\u00e3o seja usada. Acreditamos que regula\u00e7\u00f5es que considerem esses princ\u00edpios para toda a internet sejam boas para todos.<\/p>\n<p>\u00c9 importante fazermos tudo isso da maneira adequada, porque h\u00e1 benef\u00edcios claros com esse modelo de neg\u00f3cio. Bilh\u00f5es de pessoas possuem um servi\u00e7o gratuito para se manter conectadas \u00e0s pessoas com as quais se importam e para se expressar. Pequenos neg\u00f3cios em todo o mundo t\u00eam acesso a ferramentas para crescer e criar empregos.<\/p>\n<p>Mais de 90 milh\u00f5es de pequenas empresas t\u00eam presen\u00e7a no Facebook, e elas representam uma parte importante do nosso neg\u00f3cio. Muitas delas n\u00e3o tinham condi\u00e7\u00f5es de pagar por an\u00fancios na TV ou outdoors, mas agora t\u00eam acesso \u00e0s mesmas ferramentas que antes s\u00f3 as grandes empresas tinham.<\/p>\n<p>Isso cria enormes oportunidades, j\u00e1 que as pequenas empresas s\u00e3o respons\u00e1veis pela maior parte dos novos empregos e crescimento econ\u00f4mico em todo o mundo.<\/p>\n<p>Em uma pesquisa global, metade das empresas disse ter contratado mais funcion\u00e1rios desde que est\u00e3o presentes no Facebook. Isso significa que elas est\u00e3o usando nossos servi\u00e7os para criar milh\u00f5es de empregos.<\/p>\n<p>Para n\u00f3s, tecnologia sempre foi colocar o poder nas m\u00e3os do maior n\u00famero poss\u00edvel de pessoas. Se voc\u00ea acredita em um mundo onde todos conseguem usar sua voz e t\u00eam a mesma chance de ser ouvido, onde todos podem come\u00e7ar um neg\u00f3cio do zero, ent\u00e3o \u00e9 importante construir uma tecnologia que sirva a todos.<\/p>\n<p>Esse \u00e9 o mundo que estamos construindo todos os dias, e o nosso modelo de neg\u00f3cio torna isso poss\u00edvel.<\/p>\n","protected":false},"excerpt":{"rendered":"Por Mark Zuckerberg, CEO e fundador do Facebook No pr\u00f3ximo m\u00eas, o Facebook completa 15 anos. Quando comecei o Facebook, n\u00e3o estava tentando construir uma empresa global. Naquela \u00e9poca, percebi que era poss\u00edvel encontrar quase tudo na internet &#8212; m\u00fasicas, livros, informa\u00e7\u00f5es&#8211;, exceto o que mais importa: as pessoas. Ent\u00e3o criei um servi\u00e7o que as pessoas pudessem usar para se conectar e saber mais umas sobre as outras. Ao longo dos anos, bilh\u00f5es de pessoas acharam isso \u00fatil, e constru\u00edmos mais servi\u00e7os que as pessoas em todo o mundo amam e usam todos os dias. Recentemente, tenho visto muitas perguntas sobre nosso modelo de neg\u00f3cio, ent\u00e3o quero explicar os princ\u00edpios sobre como n\u00f3s operamos. Acredito que todos devam ter voz e se conectar. Se estamos comprometidos em servir a todos, ent\u00e3o precisamos de um servi\u00e7o que seja acess\u00edvel a todos. A melhor maneira de fazer isso \u00e9 oferecer servi\u00e7os gratuitos, algo que os an\u00fancios nos permitem fazer. As pessoas sempre nos dizem que, se v\u00e3o ver an\u00fancios, querem que eles sejam relevantes para elas. Isso significa que precisamos entender no que elas est\u00e3o interessadas. Acredito que todos devem ter voz e se conectar. Se estamos comprometidos em servir a todos, ent\u00e3o precisamos de um servi\u00e7o que seja acess\u00edvel a todos. A melhor maneira de fazer isso \u00e9 oferecer servi\u00e7os gratuitos, algo que os an\u00fancios nos permitem fazer. Ent\u00e3o, com base no que as pessoas clicam, quais p\u00e1ginas curtem e outros sinais, criamos categorias &#8211;por exemplo, pessoas que gostam de p\u00e1ginas sobre jardinagem e vivem na Espanha&#8211; e ent\u00e3o cobramos de anunciantes para mostrar an\u00fancios para esse grupo de pessoas. Embora propaganda para grupos espec\u00edficos exista muito antes de a internet existir, a publicidade online permite um direcionamento muito mais preciso e, assim, an\u00fancios mais relevantes. A internet tamb\u00e9m nos permite oferecer mais transpar\u00eancia e controle sobre quais an\u00fancios voc\u00ea v\u00ea do que \u00e9 poss\u00edvel na TV, r\u00e1dio ou m\u00eddia impressa. Em nossos servi\u00e7os, voc\u00ea tem controle sobre qual informa\u00e7\u00e3o n\u00f3s usamos para lhe mostrar an\u00fancios, e voc\u00ea pode bloquear qualquer anunciante. Voc\u00ea pode saber por que est\u00e1 vendo um an\u00fancio e mudar suas prefer\u00eancias para receber an\u00fancios que sejam mais interessantes para voc\u00ea. E voc\u00ea pode usar nossas ferramentas de transpar\u00eancia para ver todas as propagandas que um anunciante est\u00e1 fazendo, mesmo que voc\u00ea n\u00e3o seja o p\u00fablico-alvo daquela campanha. Ainda assim, alguns est\u00e3o preocupados com a complexidade desse modelo de neg\u00f3cio. Em uma transa\u00e7\u00e3o comum, voc\u00ea paga uma empresa por um produto ou servi\u00e7o que ela fornece. Isso \u00e9 simples. Mas aqui voc\u00ea pode usar nossos servi\u00e7os gratuitamente &#8211; e trabalhamos separadamente com os anunciantes para mostrar an\u00fancios relevantes para voc\u00ea. Esse modelo pode parecer opaco, e todos n\u00f3s naturalmente desconfiamos de sistemas que n\u00e3o entendemos. \u00c0s vezes, isso faz com que as pessoas pensem que n\u00f3s fazemos coisas que n\u00e3o fazemos. Por exemplo, n\u00f3s n\u00e3o vendemos dados das pessoas, apesar de isso ser dito com frequ\u00eancia. Na verdade, vender informa\u00e7\u00f5es das pessoas seria contr\u00e1rio aos nossos interesses de neg\u00f3cio, porque isso reduziria o valor do nosso servi\u00e7o para anunciantes. Temos um forte incentivo para proteger as informa\u00e7\u00f5es das pessoas de serem acessadas por qualquer outra pessoa. Alguns temem que os an\u00fancios criem um desalinhamento de interesses entre n\u00f3s e as pessoas que usam nossos produtos. Muitas vezes me perguntam se temos um incentivo para aumentar o engajamento no Facebook porque isso cria mais espa\u00e7o para an\u00fancios &#8211;mesmo se isso n\u00e3o for o mais interessante para as pessoas. Eu quero ser claro: estamos focados em ajudar as pessoas a compartilhar e se conectar mais, porque o objetivo de nosso servi\u00e7o \u00e9 ajudar as pessoas a manter contato com a fam\u00edlia, os amigos e as comunidades. Mas, do ponto de vista do neg\u00f3cio, \u00e9 importante que o tempo das pessoas seja bem gasto, ou elas n\u00e3o usar\u00e3o nossos servi\u00e7os da mesma maneira no longo prazo. Conte\u00fados ruins ou ca\u00e7a-clique podem gerar engajamento no curto prazo, mas seria insensatez mostrarmos isso intencionalmente porque n\u00e3o \u00e9 o que as pessoas querem. Outra quest\u00e3o \u00e9 se mantemos nas nossas plataformas conte\u00fados divisivos ou nocivos porque eles geram engajamento. N\u00f3s n\u00e3o fazemos isso. As pessoas sempre nos dizem que n\u00e3o querem ver esse tipo de conte\u00fado. Os anunciantes tamb\u00e9m n\u00e3o querem suas marcas perto desse tipo de conte\u00fado. A \u00fanica raz\u00e3o pela qual conte\u00fados ruins est\u00e3o dispon\u00edveis \u00e9 porque as pessoas e os sistemas de intelig\u00eancia artificial que usamos para revis\u00e1-los n\u00e3o s\u00e3o perfeitos &#8211;n\u00e3o porque temos um incentivo para ignorar esses conte\u00fados. Nossos sistemas ainda est\u00e3o evoluindo e melhorando. Finalmente, h\u00e1 a importante quest\u00e3o sobre o modelo de an\u00fancios, se ele incentiva empresas como a nossa a usar e armazenar mais informa\u00e7\u00f5es do que precisar\u00edamos para oferecer nossos servi\u00e7os. Sobre isso, n\u00e3o h\u00e1 d\u00favidas de que coletamos algumas informa\u00e7\u00f5es para exibir an\u00fancios &#8211; mas essas informa\u00e7\u00f5es tamb\u00e9m s\u00e3o normalmente importantes para a opera\u00e7\u00e3o e a seguran\u00e7a de nossos servi\u00e7os. Por exemplo, as empresas frequentemente colocam um c\u00f3digo em seus aplicativos e sites para que, quando uma pessoa inclua um determinado produto em seu carrinho de compra online, elas possam exibir an\u00fancios posteriormente para lembrar a pessoa de concluir a compra. Mas esse tipo de sinal tamb\u00e9m pode ser importante para detectar fraudes ou contas falsas. N\u00f3s damos \u00e0s pessoas controle completo sobre o uso dessa informa\u00e7\u00e3o para an\u00fancios, mas n\u00e3o deixamos as pessoas controlarem como usamos essa informa\u00e7\u00e3o para a opera\u00e7\u00e3o ou seguran\u00e7a de nossos servi\u00e7os. E quando n\u00f3s pedimos \u00e0s pessoas permiss\u00e3o para usar essa informa\u00e7\u00e3o para melhorar os an\u00fancios que elas veem, para cumprir com a nova legisla\u00e7\u00e3o de prote\u00e7\u00e3o de dados europeia (GDPR), a ampla maioria delas nos disse que queria isso porque elas preferem ver an\u00fancios mais relevantes. Em \u00faltima an\u00e1lise, acredito que os princ\u00edpios mais importantes em torno de dados sejam transpar\u00eancia, escolha e controle. Precisamos ser claros sobre como estamos usando a informa\u00e7\u00e3o, e as pessoas precisam ter claras escolhas sobre como querem que a informa\u00e7\u00e3o seja usada. Acreditamos que regula\u00e7\u00f5es que considerem esses princ\u00edpios para toda a internet sejam boas para todos. \u00c9 importante fazermos tudo isso da maneira adequada, porque h\u00e1 benef\u00edcios claros com esse modelo de neg\u00f3cio. Bilh\u00f5es de pessoas possuem um servi\u00e7o gratuito para se manter conectadas \u00e0s pessoas com as quais se importam e para se expressar. Pequenos neg\u00f3cios em todo o mundo t\u00eam acesso a ferramentas para crescer e criar empregos. Mais de 90 milh\u00f5es de pequenas empresas t\u00eam presen\u00e7a no Facebook, e elas representam uma parte importante do nosso neg\u00f3cio. Muitas delas n\u00e3o tinham condi\u00e7\u00f5es de pagar por an\u00fancios na TV ou outdoors, mas agora t\u00eam acesso \u00e0s mesmas ferramentas que antes s\u00f3 as grandes empresas tinham. Isso cria enormes oportunidades, j\u00e1 que as pequenas empresas s\u00e3o respons\u00e1veis pela maior parte dos novos empregos e crescimento econ\u00f4mico em todo o mundo. Em uma pesquisa global, metade das empresas disse ter contratado mais funcion\u00e1rios desde que est\u00e3o presentes no Facebook. Isso significa que elas est\u00e3o usando nossos servi\u00e7os para criar milh\u00f5es de empregos. Para n\u00f3s, tecnologia sempre foi colocar o poder nas m\u00e3os do maior n\u00famero poss\u00edvel de pessoas. Se voc\u00ea acredita em um mundo onde todos conseguem usar sua voz e t\u00eam a mesma chance de ser ouvido, onde todos podem come\u00e7ar um neg\u00f3cio do zero, ent\u00e3o \u00e9 importante construir uma tecnologia que sirva a todos. Esse \u00e9 o mundo que estamos construindo todos os dias, e o nosso modelo de neg\u00f3cio torna isso poss\u00edvel.","protected":false},"author":81109636,"featured_media":0,"comment_status":"closed","ping_status":"closed","sticky":false,"template":"","format":"standard","meta":{"_jetpack_memberships_contains_paid_content":false,"footnotes":""},"categories":[1],"tags":[],"class_list":["post-7011","post","type-post","status-publish","format-standard","hentry","category-recent-news"],"yoast_head":"<!-- This site is optimized with the Yoast SEO plugin v27.2 - https:\/\/yoast.com\/product\/yoast-seo-wordpress\/ -->\n<title>Um olhar sobre o modelo de neg\u00f3cio do Facebook | Sobre a Meta<\/title>\n<meta name=\"robots\" content=\"index, follow, max-snippet:-1, max-image-preview:large, max-video-preview:-1\" \/>\n<link rel=\"canonical\" href=\"https:\/\/about.fb.com\/br\/news\/2019\/01\/um-olhar-sobre-o-modelo-de-negocio-do-facebook\/\" \/>\n<meta property=\"og:locale\" content=\"pt_BR\" \/>\n<meta property=\"og:type\" content=\"article\" \/>\n<meta property=\"og:title\" content=\"Um olhar sobre o modelo de neg\u00f3cio do Facebook | Sobre a Meta\" \/>\n<meta property=\"og:description\" content=\"Por Mark Zuckerberg, CEO e fundador do Facebook No pr\u00f3ximo m\u00eas, o Facebook completa 15 anos. Quando comecei o Facebook, n\u00e3o estava tentando construir uma empresa global. Naquela \u00e9poca, percebi que era poss\u00edvel encontrar quase tudo na internet &#8212; m\u00fasicas, livros, informa\u00e7\u00f5es&#8211;, exceto o que mais importa: as pessoas. Ent\u00e3o criei um servi\u00e7o que as pessoas pudessem usar para se conectar e saber mais umas sobre as outras. Ao longo dos anos, bilh\u00f5es de pessoas acharam isso \u00fatil, e constru\u00edmos mais servi\u00e7os que as pessoas em todo o mundo amam e usam todos os dias. Recentemente, tenho visto muitas perguntas sobre nosso modelo de neg\u00f3cio, ent\u00e3o quero explicar os princ\u00edpios sobre como n\u00f3s operamos. Acredito que todos devam ter voz e se conectar. Se estamos comprometidos em servir a todos, ent\u00e3o precisamos de um servi\u00e7o que seja acess\u00edvel a todos. A melhor maneira de fazer isso \u00e9 oferecer servi\u00e7os gratuitos, algo que os an\u00fancios nos permitem fazer. As pessoas sempre nos dizem que, se v\u00e3o ver an\u00fancios, querem que eles sejam relevantes para elas. Isso significa que precisamos entender no que elas est\u00e3o interessadas. Acredito que todos devem ter voz e se conectar. Se estamos comprometidos em servir a todos, ent\u00e3o precisamos de um servi\u00e7o que seja acess\u00edvel a todos. A melhor maneira de fazer isso \u00e9 oferecer servi\u00e7os gratuitos, algo que os an\u00fancios nos permitem fazer. Ent\u00e3o, com base no que as pessoas clicam, quais p\u00e1ginas curtem e outros sinais, criamos categorias &#8211;por exemplo, pessoas que gostam de p\u00e1ginas sobre jardinagem e vivem na Espanha&#8211; e ent\u00e3o cobramos de anunciantes para mostrar an\u00fancios para esse grupo de pessoas. Embora propaganda para grupos espec\u00edficos exista muito antes de a internet existir, a publicidade online permite um direcionamento muito mais preciso e, assim, an\u00fancios mais relevantes. A internet tamb\u00e9m nos permite oferecer mais transpar\u00eancia e controle sobre quais an\u00fancios voc\u00ea v\u00ea do que \u00e9 poss\u00edvel na TV, r\u00e1dio ou m\u00eddia impressa. Em nossos servi\u00e7os, voc\u00ea tem controle sobre qual informa\u00e7\u00e3o n\u00f3s usamos para lhe mostrar an\u00fancios, e voc\u00ea pode bloquear qualquer anunciante. Voc\u00ea pode saber por que est\u00e1 vendo um an\u00fancio e mudar suas prefer\u00eancias para receber an\u00fancios que sejam mais interessantes para voc\u00ea. E voc\u00ea pode usar nossas ferramentas de transpar\u00eancia para ver todas as propagandas que um anunciante est\u00e1 fazendo, mesmo que voc\u00ea n\u00e3o seja o p\u00fablico-alvo daquela campanha. Ainda assim, alguns est\u00e3o preocupados com a complexidade desse modelo de neg\u00f3cio. Em uma transa\u00e7\u00e3o comum, voc\u00ea paga uma empresa por um produto ou servi\u00e7o que ela fornece. Isso \u00e9 simples. Mas aqui voc\u00ea pode usar nossos servi\u00e7os gratuitamente &#8211; e trabalhamos separadamente com os anunciantes para mostrar an\u00fancios relevantes para voc\u00ea. Esse modelo pode parecer opaco, e todos n\u00f3s naturalmente desconfiamos de sistemas que n\u00e3o entendemos. \u00c0s vezes, isso faz com que as pessoas pensem que n\u00f3s fazemos coisas que n\u00e3o fazemos. Por exemplo, n\u00f3s n\u00e3o vendemos dados das pessoas, apesar de isso ser dito com frequ\u00eancia. Na verdade, vender informa\u00e7\u00f5es das pessoas seria contr\u00e1rio aos nossos interesses de neg\u00f3cio, porque isso reduziria o valor do nosso servi\u00e7o para anunciantes. Temos um forte incentivo para proteger as informa\u00e7\u00f5es das pessoas de serem acessadas por qualquer outra pessoa. Alguns temem que os an\u00fancios criem um desalinhamento de interesses entre n\u00f3s e as pessoas que usam nossos produtos. Muitas vezes me perguntam se temos um incentivo para aumentar o engajamento no Facebook porque isso cria mais espa\u00e7o para an\u00fancios &#8211;mesmo se isso n\u00e3o for o mais interessante para as pessoas. Eu quero ser claro: estamos focados em ajudar as pessoas a compartilhar e se conectar mais, porque o objetivo de nosso servi\u00e7o \u00e9 ajudar as pessoas a manter contato com a fam\u00edlia, os amigos e as comunidades. Mas, do ponto de vista do neg\u00f3cio, \u00e9 importante que o tempo das pessoas seja bem gasto, ou elas n\u00e3o usar\u00e3o nossos servi\u00e7os da mesma maneira no longo prazo. Conte\u00fados ruins ou ca\u00e7a-clique podem gerar engajamento no curto prazo, mas seria insensatez mostrarmos isso intencionalmente porque n\u00e3o \u00e9 o que as pessoas querem. Outra quest\u00e3o \u00e9 se mantemos nas nossas plataformas conte\u00fados divisivos ou nocivos porque eles geram engajamento. N\u00f3s n\u00e3o fazemos isso. As pessoas sempre nos dizem que n\u00e3o querem ver esse tipo de conte\u00fado. Os anunciantes tamb\u00e9m n\u00e3o querem suas marcas perto desse tipo de conte\u00fado. A \u00fanica raz\u00e3o pela qual conte\u00fados ruins est\u00e3o dispon\u00edveis \u00e9 porque as pessoas e os sistemas de intelig\u00eancia artificial que usamos para revis\u00e1-los n\u00e3o s\u00e3o perfeitos &#8211;n\u00e3o porque temos um incentivo para ignorar esses conte\u00fados. Nossos sistemas ainda est\u00e3o evoluindo e melhorando. Finalmente, h\u00e1 a importante quest\u00e3o sobre o modelo de an\u00fancios, se ele incentiva empresas como a nossa a usar e armazenar mais informa\u00e7\u00f5es do que precisar\u00edamos para oferecer nossos servi\u00e7os. Sobre isso, n\u00e3o h\u00e1 d\u00favidas de que coletamos algumas informa\u00e7\u00f5es para exibir an\u00fancios &#8211; mas essas informa\u00e7\u00f5es tamb\u00e9m s\u00e3o normalmente importantes para a opera\u00e7\u00e3o e a seguran\u00e7a de nossos servi\u00e7os. Por exemplo, as empresas frequentemente colocam um c\u00f3digo em seus aplicativos e sites para que, quando uma pessoa inclua um determinado produto em seu carrinho de compra online, elas possam exibir an\u00fancios posteriormente para lembrar a pessoa de concluir a compra. Mas esse tipo de sinal tamb\u00e9m pode ser importante para detectar fraudes ou contas falsas. N\u00f3s damos \u00e0s pessoas controle completo sobre o uso dessa informa\u00e7\u00e3o para an\u00fancios, mas n\u00e3o deixamos as pessoas controlarem como usamos essa informa\u00e7\u00e3o para a opera\u00e7\u00e3o ou seguran\u00e7a de nossos servi\u00e7os. E quando n\u00f3s pedimos \u00e0s pessoas permiss\u00e3o para usar essa informa\u00e7\u00e3o para melhorar os an\u00fancios que elas veem, para cumprir com a nova legisla\u00e7\u00e3o de prote\u00e7\u00e3o de dados europeia (GDPR), a ampla maioria delas nos disse que queria isso porque elas preferem ver an\u00fancios mais relevantes. Em \u00faltima an\u00e1lise, acredito que os princ\u00edpios mais importantes em torno de dados sejam transpar\u00eancia, escolha e controle. Precisamos ser claros sobre como estamos usando a informa\u00e7\u00e3o, e as pessoas precisam ter claras escolhas sobre como querem que a informa\u00e7\u00e3o seja usada. Acreditamos que regula\u00e7\u00f5es que considerem esses princ\u00edpios para toda a internet sejam boas para todos. \u00c9 importante fazermos tudo isso da maneira adequada, porque h\u00e1 benef\u00edcios claros com esse modelo de neg\u00f3cio. Bilh\u00f5es de pessoas possuem um servi\u00e7o gratuito para se manter conectadas \u00e0s pessoas com as quais se importam e para se expressar. Pequenos neg\u00f3cios em todo o mundo t\u00eam acesso a ferramentas para crescer e criar empregos. Mais de 90 milh\u00f5es de pequenas empresas t\u00eam presen\u00e7a no Facebook, e elas representam uma parte importante do nosso neg\u00f3cio. Muitas delas n\u00e3o tinham condi\u00e7\u00f5es de pagar por an\u00fancios na TV ou outdoors, mas agora t\u00eam acesso \u00e0s mesmas ferramentas que antes s\u00f3 as grandes empresas tinham. Isso cria enormes oportunidades, j\u00e1 que as pequenas empresas s\u00e3o respons\u00e1veis pela maior parte dos novos empregos e crescimento econ\u00f4mico em todo o mundo. Em uma pesquisa global, metade das empresas disse ter contratado mais funcion\u00e1rios desde que est\u00e3o presentes no Facebook. Isso significa que elas est\u00e3o usando nossos servi\u00e7os para criar milh\u00f5es de empregos. Para n\u00f3s, tecnologia sempre foi colocar o poder nas m\u00e3os do maior n\u00famero poss\u00edvel de pessoas. Se voc\u00ea acredita em um mundo onde todos conseguem usar sua voz e t\u00eam a mesma chance de ser ouvido, onde todos podem come\u00e7ar um neg\u00f3cio do zero, ent\u00e3o \u00e9 importante construir uma tecnologia que sirva a todos. Esse \u00e9 o mundo que estamos construindo todos os dias, e o nosso modelo de neg\u00f3cio torna isso poss\u00edvel.\" \/>\n<meta property=\"og:url\" content=\"https:\/\/about.fb.com\/br\/news\/2019\/01\/um-olhar-sobre-o-modelo-de-negocio-do-facebook\/\" \/>\n<meta property=\"og:site_name\" content=\"Sobre a Meta\" \/>\n<meta property=\"article:published_time\" content=\"2019-01-24T13:12:35+00:00\" \/>\n<meta property=\"article:modified_time\" content=\"2021-06-17T13:10:09+00:00\" \/>\n<meta property=\"og:image\" content=\"https:\/\/about.fb.com\/br\/wp-content\/uploads\/sites\/11\/2021\/10\/meta-social-16x9-1.jpg?resize=1024,576\" \/>\n\t<meta property=\"og:image:width\" content=\"1024\" \/>\n\t<meta property=\"og:image:height\" content=\"576\" \/>\n\t<meta property=\"og:image:type\" content=\"image\/jpeg\" \/>\n<meta name=\"author\" content=\"facebookbr\" \/>\n<meta name=\"twitter:card\" content=\"summary_large_image\" \/>\n<meta name=\"twitter:label1\" content=\"Written by\" \/>\n\t<meta name=\"twitter:data1\" content=\"Meta\" \/>\n\t<meta name=\"twitter:label2\" content=\"Est. reading time\" \/>\n\t<meta name=\"twitter:data2\" content=\"7 minutos\" \/>\n<script type=\"application\/ld+json\" class=\"yoast-schema-graph\">{\"@context\":\"https:\/\/schema.org\",\"@graph\":[{\"@type\":\"Article\",\"@id\":\"https:\/\/about.fb.com\/br\/news\/2019\/01\/um-olhar-sobre-o-modelo-de-negocio-do-facebook\/#article\",\"isPartOf\":{\"@id\":\"https:\/\/about.fb.com\/br\/news\/2019\/01\/um-olhar-sobre-o-modelo-de-negocio-do-facebook\/\"},\"author\":\"Facebook company\",\"headline\":\"Um olhar sobre o modelo de neg\u00f3cio do Facebook\",\"datePublished\":\"2019-01-24T13:12:35+00:00\",\"dateModified\":\"2021-06-17T13:10:09+00:00\",\"mainEntityOfPage\":{\"@id\":\"https:\/\/about.fb.com\/br\/news\/2019\/01\/um-olhar-sobre-o-modelo-de-negocio-do-facebook\/\"},\"wordCount\":1406,\"publisher\":{\"@id\":\"https:\/\/about.fb.com\/br\/#organization\"},\"articleSection\":[\"Recent News\"],\"inLanguage\":\"pt-BR\"},{\"@type\":\"WebPage\",\"@id\":\"https:\/\/about.fb.com\/br\/news\/2019\/01\/um-olhar-sobre-o-modelo-de-negocio-do-facebook\/\",\"url\":\"https:\/\/about.fb.com\/br\/news\/2019\/01\/um-olhar-sobre-o-modelo-de-negocio-do-facebook\/\",\"name\":\"Um olhar sobre o modelo de neg\u00f3cio do Facebook | Sobre a Meta\",\"isPartOf\":{\"@id\":\"https:\/\/about.fb.com\/br\/#website\"},\"datePublished\":\"2019-01-24T13:12:35+00:00\",\"dateModified\":\"2021-06-17T13:10:09+00:00\",\"breadcrumb\":{\"@id\":\"https:\/\/about.fb.com\/br\/news\/2019\/01\/um-olhar-sobre-o-modelo-de-negocio-do-facebook\/#breadcrumb\"},\"inLanguage\":\"pt-BR\",\"potentialAction\":[{\"@type\":\"ReadAction\",\"target\":[\"https:\/\/about.fb.com\/br\/news\/2019\/01\/um-olhar-sobre-o-modelo-de-negocio-do-facebook\/\"]}],\"author\":\"Sobre a Meta\"},{\"@type\":\"BreadcrumbList\",\"@id\":\"https:\/\/about.fb.com\/br\/news\/2019\/01\/um-olhar-sobre-o-modelo-de-negocio-do-facebook\/#breadcrumb\",\"itemListElement\":[{\"@type\":\"ListItem\",\"position\":1,\"name\":\"Home\",\"item\":\"https:\/\/about.fb.com\/br\/\"},{\"@type\":\"ListItem\",\"position\":2,\"name\":\"Um olhar sobre o modelo de neg\u00f3cio do Facebook\"}]},{\"@type\":\"WebSite\",\"@id\":\"https:\/\/about.fb.com\/br\/#website\",\"url\":\"https:\/\/about.fb.com\/news\/\",\"name\":\"Sobre a Meta\",\"description\":\"\",\"publisher\":{\"@id\":\"https:\/\/about.fb.com\/br\/#organization\"},\"potentialAction\":[{\"@type\":\"SearchAction\",\"target\":{\"@type\":\"EntryPoint\",\"urlTemplate\":\"https:\/\/about.fb.com\/br\/?s={search_term_string}\"},\"query-input\":{\"@type\":\"PropertyValueSpecification\",\"valueRequired\":true,\"valueName\":\"search_term_string\"}}],\"inLanguage\":\"pt-BR\",\"alternateName\":[\"Meta Newsroom\",\"Meta\"]},{\"@type\":\"Organization\",\"@id\":\"https:\/\/about.fb.com\/br\/#organization\",\"name\":\"Meta\",\"url\":\"https:\/\/about.fb.com\/br\/\",\"logo\":{\"@type\":\"ImageObject\",\"inLanguage\":\"pt-BR\",\"@id\":\"https:\/\/about.fb.com\/br\/#\/schema\/logo\/image\/\",\"url\":\"https:\/\/about.fb.com\/br\/wp-content\/uploads\/sites\/11\/2021\/10\/meta-social-16x9-1.jpg?fit=8000%2C4500\",\"contentUrl\":\"https:\/\/about.fb.com\/br\/wp-content\/uploads\/sites\/11\/2021\/10\/meta-social-16x9-1.jpg?fit=8000%2C4500\",\"width\":8000,\"height\":4500,\"caption\":\"Meta\"},\"image\":{\"@id\":\"https:\/\/about.fb.com\/br\/#\/schema\/logo\/image\/\"}}]}<\/script>\n<!-- \/ Yoast SEO plugin. -->","yoast_head_json":{"title":"Um olhar sobre o modelo de neg\u00f3cio do Facebook | Sobre a Meta","robots":{"index":"index","follow":"follow","max-snippet":"max-snippet:-1","max-image-preview":"max-image-preview:large","max-video-preview":"max-video-preview:-1"},"canonical":"https:\/\/about.fb.com\/br\/news\/2019\/01\/um-olhar-sobre-o-modelo-de-negocio-do-facebook\/","og_locale":"pt_BR","og_type":"article","og_title":"Um olhar sobre o modelo de neg\u00f3cio do Facebook | Sobre a Meta","og_description":"Por Mark Zuckerberg, CEO e fundador do Facebook No pr\u00f3ximo m\u00eas, o Facebook completa 15 anos. Quando comecei o Facebook, n\u00e3o estava tentando construir uma empresa global. Naquela \u00e9poca, percebi que era poss\u00edvel encontrar quase tudo na internet &#8212; m\u00fasicas, livros, informa\u00e7\u00f5es&#8211;, exceto o que mais importa: as pessoas. Ent\u00e3o criei um servi\u00e7o que as pessoas pudessem usar para se conectar e saber mais umas sobre as outras. Ao longo dos anos, bilh\u00f5es de pessoas acharam isso \u00fatil, e constru\u00edmos mais servi\u00e7os que as pessoas em todo o mundo amam e usam todos os dias. Recentemente, tenho visto muitas perguntas sobre nosso modelo de neg\u00f3cio, ent\u00e3o quero explicar os princ\u00edpios sobre como n\u00f3s operamos. Acredito que todos devam ter voz e se conectar. Se estamos comprometidos em servir a todos, ent\u00e3o precisamos de um servi\u00e7o que seja acess\u00edvel a todos. A melhor maneira de fazer isso \u00e9 oferecer servi\u00e7os gratuitos, algo que os an\u00fancios nos permitem fazer. As pessoas sempre nos dizem que, se v\u00e3o ver an\u00fancios, querem que eles sejam relevantes para elas. Isso significa que precisamos entender no que elas est\u00e3o interessadas. Acredito que todos devem ter voz e se conectar. Se estamos comprometidos em servir a todos, ent\u00e3o precisamos de um servi\u00e7o que seja acess\u00edvel a todos. A melhor maneira de fazer isso \u00e9 oferecer servi\u00e7os gratuitos, algo que os an\u00fancios nos permitem fazer. Ent\u00e3o, com base no que as pessoas clicam, quais p\u00e1ginas curtem e outros sinais, criamos categorias &#8211;por exemplo, pessoas que gostam de p\u00e1ginas sobre jardinagem e vivem na Espanha&#8211; e ent\u00e3o cobramos de anunciantes para mostrar an\u00fancios para esse grupo de pessoas. Embora propaganda para grupos espec\u00edficos exista muito antes de a internet existir, a publicidade online permite um direcionamento muito mais preciso e, assim, an\u00fancios mais relevantes. A internet tamb\u00e9m nos permite oferecer mais transpar\u00eancia e controle sobre quais an\u00fancios voc\u00ea v\u00ea do que \u00e9 poss\u00edvel na TV, r\u00e1dio ou m\u00eddia impressa. Em nossos servi\u00e7os, voc\u00ea tem controle sobre qual informa\u00e7\u00e3o n\u00f3s usamos para lhe mostrar an\u00fancios, e voc\u00ea pode bloquear qualquer anunciante. Voc\u00ea pode saber por que est\u00e1 vendo um an\u00fancio e mudar suas prefer\u00eancias para receber an\u00fancios que sejam mais interessantes para voc\u00ea. E voc\u00ea pode usar nossas ferramentas de transpar\u00eancia para ver todas as propagandas que um anunciante est\u00e1 fazendo, mesmo que voc\u00ea n\u00e3o seja o p\u00fablico-alvo daquela campanha. Ainda assim, alguns est\u00e3o preocupados com a complexidade desse modelo de neg\u00f3cio. Em uma transa\u00e7\u00e3o comum, voc\u00ea paga uma empresa por um produto ou servi\u00e7o que ela fornece. Isso \u00e9 simples. Mas aqui voc\u00ea pode usar nossos servi\u00e7os gratuitamente &#8211; e trabalhamos separadamente com os anunciantes para mostrar an\u00fancios relevantes para voc\u00ea. Esse modelo pode parecer opaco, e todos n\u00f3s naturalmente desconfiamos de sistemas que n\u00e3o entendemos. \u00c0s vezes, isso faz com que as pessoas pensem que n\u00f3s fazemos coisas que n\u00e3o fazemos. Por exemplo, n\u00f3s n\u00e3o vendemos dados das pessoas, apesar de isso ser dito com frequ\u00eancia. Na verdade, vender informa\u00e7\u00f5es das pessoas seria contr\u00e1rio aos nossos interesses de neg\u00f3cio, porque isso reduziria o valor do nosso servi\u00e7o para anunciantes. Temos um forte incentivo para proteger as informa\u00e7\u00f5es das pessoas de serem acessadas por qualquer outra pessoa. Alguns temem que os an\u00fancios criem um desalinhamento de interesses entre n\u00f3s e as pessoas que usam nossos produtos. Muitas vezes me perguntam se temos um incentivo para aumentar o engajamento no Facebook porque isso cria mais espa\u00e7o para an\u00fancios &#8211;mesmo se isso n\u00e3o for o mais interessante para as pessoas. Eu quero ser claro: estamos focados em ajudar as pessoas a compartilhar e se conectar mais, porque o objetivo de nosso servi\u00e7o \u00e9 ajudar as pessoas a manter contato com a fam\u00edlia, os amigos e as comunidades. Mas, do ponto de vista do neg\u00f3cio, \u00e9 importante que o tempo das pessoas seja bem gasto, ou elas n\u00e3o usar\u00e3o nossos servi\u00e7os da mesma maneira no longo prazo. Conte\u00fados ruins ou ca\u00e7a-clique podem gerar engajamento no curto prazo, mas seria insensatez mostrarmos isso intencionalmente porque n\u00e3o \u00e9 o que as pessoas querem. Outra quest\u00e3o \u00e9 se mantemos nas nossas plataformas conte\u00fados divisivos ou nocivos porque eles geram engajamento. N\u00f3s n\u00e3o fazemos isso. As pessoas sempre nos dizem que n\u00e3o querem ver esse tipo de conte\u00fado. Os anunciantes tamb\u00e9m n\u00e3o querem suas marcas perto desse tipo de conte\u00fado. A \u00fanica raz\u00e3o pela qual conte\u00fados ruins est\u00e3o dispon\u00edveis \u00e9 porque as pessoas e os sistemas de intelig\u00eancia artificial que usamos para revis\u00e1-los n\u00e3o s\u00e3o perfeitos &#8211;n\u00e3o porque temos um incentivo para ignorar esses conte\u00fados. Nossos sistemas ainda est\u00e3o evoluindo e melhorando. Finalmente, h\u00e1 a importante quest\u00e3o sobre o modelo de an\u00fancios, se ele incentiva empresas como a nossa a usar e armazenar mais informa\u00e7\u00f5es do que precisar\u00edamos para oferecer nossos servi\u00e7os. Sobre isso, n\u00e3o h\u00e1 d\u00favidas de que coletamos algumas informa\u00e7\u00f5es para exibir an\u00fancios &#8211; mas essas informa\u00e7\u00f5es tamb\u00e9m s\u00e3o normalmente importantes para a opera\u00e7\u00e3o e a seguran\u00e7a de nossos servi\u00e7os. Por exemplo, as empresas frequentemente colocam um c\u00f3digo em seus aplicativos e sites para que, quando uma pessoa inclua um determinado produto em seu carrinho de compra online, elas possam exibir an\u00fancios posteriormente para lembrar a pessoa de concluir a compra. Mas esse tipo de sinal tamb\u00e9m pode ser importante para detectar fraudes ou contas falsas. N\u00f3s damos \u00e0s pessoas controle completo sobre o uso dessa informa\u00e7\u00e3o para an\u00fancios, mas n\u00e3o deixamos as pessoas controlarem como usamos essa informa\u00e7\u00e3o para a opera\u00e7\u00e3o ou seguran\u00e7a de nossos servi\u00e7os. E quando n\u00f3s pedimos \u00e0s pessoas permiss\u00e3o para usar essa informa\u00e7\u00e3o para melhorar os an\u00fancios que elas veem, para cumprir com a nova legisla\u00e7\u00e3o de prote\u00e7\u00e3o de dados europeia (GDPR), a ampla maioria delas nos disse que queria isso porque elas preferem ver an\u00fancios mais relevantes. Em \u00faltima an\u00e1lise, acredito que os princ\u00edpios mais importantes em torno de dados sejam transpar\u00eancia, escolha e controle. Precisamos ser claros sobre como estamos usando a informa\u00e7\u00e3o, e as pessoas precisam ter claras escolhas sobre como querem que a informa\u00e7\u00e3o seja usada. Acreditamos que regula\u00e7\u00f5es que considerem esses princ\u00edpios para toda a internet sejam boas para todos. \u00c9 importante fazermos tudo isso da maneira adequada, porque h\u00e1 benef\u00edcios claros com esse modelo de neg\u00f3cio. Bilh\u00f5es de pessoas possuem um servi\u00e7o gratuito para se manter conectadas \u00e0s pessoas com as quais se importam e para se expressar. Pequenos neg\u00f3cios em todo o mundo t\u00eam acesso a ferramentas para crescer e criar empregos. Mais de 90 milh\u00f5es de pequenas empresas t\u00eam presen\u00e7a no Facebook, e elas representam uma parte importante do nosso neg\u00f3cio. Muitas delas n\u00e3o tinham condi\u00e7\u00f5es de pagar por an\u00fancios na TV ou outdoors, mas agora t\u00eam acesso \u00e0s mesmas ferramentas que antes s\u00f3 as grandes empresas tinham. Isso cria enormes oportunidades, j\u00e1 que as pequenas empresas s\u00e3o respons\u00e1veis pela maior parte dos novos empregos e crescimento econ\u00f4mico em todo o mundo. Em uma pesquisa global, metade das empresas disse ter contratado mais funcion\u00e1rios desde que est\u00e3o presentes no Facebook. Isso significa que elas est\u00e3o usando nossos servi\u00e7os para criar milh\u00f5es de empregos. Para n\u00f3s, tecnologia sempre foi colocar o poder nas m\u00e3os do maior n\u00famero poss\u00edvel de pessoas. Se voc\u00ea acredita em um mundo onde todos conseguem usar sua voz e t\u00eam a mesma chance de ser ouvido, onde todos podem come\u00e7ar um neg\u00f3cio do zero, ent\u00e3o \u00e9 importante construir uma tecnologia que sirva a todos. Esse \u00e9 o mundo que estamos construindo todos os dias, e o nosso modelo de neg\u00f3cio torna isso poss\u00edvel.","og_url":"https:\/\/about.fb.com\/br\/news\/2019\/01\/um-olhar-sobre-o-modelo-de-negocio-do-facebook\/","og_site_name":"Sobre a Meta","article_published_time":"2019-01-24T13:12:35+00:00","article_modified_time":"2021-06-17T13:10:09+00:00","og_image":[{"width":1024,"height":576,"url":"https:\/\/about.fb.com\/br\/wp-content\/uploads\/sites\/11\/2021\/10\/meta-social-16x9-1.jpg?resize=1024,576","type":"image\/jpeg"}],"author":"facebookbr","twitter_card":"summary_large_image","twitter_misc":{"Written by":"Meta","Est. reading time":"7 minutos"},"schema":{"@context":"https:\/\/schema.org","@graph":[{"@type":"Article","@id":"https:\/\/about.fb.com\/br\/news\/2019\/01\/um-olhar-sobre-o-modelo-de-negocio-do-facebook\/#article","isPartOf":{"@id":"https:\/\/about.fb.com\/br\/news\/2019\/01\/um-olhar-sobre-o-modelo-de-negocio-do-facebook\/"},"author":"Facebook company","headline":"Um olhar sobre o modelo de neg\u00f3cio do Facebook","datePublished":"2019-01-24T13:12:35+00:00","dateModified":"2021-06-17T13:10:09+00:00","mainEntityOfPage":{"@id":"https:\/\/about.fb.com\/br\/news\/2019\/01\/um-olhar-sobre-o-modelo-de-negocio-do-facebook\/"},"wordCount":1406,"publisher":{"@id":"https:\/\/about.fb.com\/br\/#organization"},"articleSection":["Recent News"],"inLanguage":"pt-BR"},{"@type":"WebPage","@id":"https:\/\/about.fb.com\/br\/news\/2019\/01\/um-olhar-sobre-o-modelo-de-negocio-do-facebook\/","url":"https:\/\/about.fb.com\/br\/news\/2019\/01\/um-olhar-sobre-o-modelo-de-negocio-do-facebook\/","name":"Um olhar sobre o modelo de neg\u00f3cio do Facebook | Sobre a Meta","isPartOf":{"@id":"https:\/\/about.fb.com\/br\/#website"},"datePublished":"2019-01-24T13:12:35+00:00","dateModified":"2021-06-17T13:10:09+00:00","breadcrumb":{"@id":"https:\/\/about.fb.com\/br\/news\/2019\/01\/um-olhar-sobre-o-modelo-de-negocio-do-facebook\/#breadcrumb"},"inLanguage":"pt-BR","potentialAction":[{"@type":"ReadAction","target":["https:\/\/about.fb.com\/br\/news\/2019\/01\/um-olhar-sobre-o-modelo-de-negocio-do-facebook\/"]}],"author":"Sobre a Meta"},{"@type":"BreadcrumbList","@id":"https:\/\/about.fb.com\/br\/news\/2019\/01\/um-olhar-sobre-o-modelo-de-negocio-do-facebook\/#breadcrumb","itemListElement":[{"@type":"ListItem","position":1,"name":"Home","item":"https:\/\/about.fb.com\/br\/"},{"@type":"ListItem","position":2,"name":"Um olhar sobre o modelo de neg\u00f3cio do Facebook"}]},{"@type":"WebSite","@id":"https:\/\/about.fb.com\/br\/#website","url":"https:\/\/about.fb.com\/news\/","name":"Sobre a Meta","description":"","publisher":{"@id":"https:\/\/about.fb.com\/br\/#organization"},"potentialAction":[{"@type":"SearchAction","target":{"@type":"EntryPoint","urlTemplate":"https:\/\/about.fb.com\/br\/?s={search_term_string}"},"query-input":{"@type":"PropertyValueSpecification","valueRequired":true,"valueName":"search_term_string"}}],"inLanguage":"pt-BR","alternateName":["Meta Newsroom","Meta"]},{"@type":"Organization","@id":"https:\/\/about.fb.com\/br\/#organization","name":"Meta","url":"https:\/\/about.fb.com\/br\/","logo":{"@type":"ImageObject","inLanguage":"pt-BR","@id":"https:\/\/about.fb.com\/br\/#\/schema\/logo\/image\/","url":"https:\/\/about.fb.com\/br\/wp-content\/uploads\/sites\/11\/2021\/10\/meta-social-16x9-1.jpg?fit=8000%2C4500","contentUrl":"https:\/\/about.fb.com\/br\/wp-content\/uploads\/sites\/11\/2021\/10\/meta-social-16x9-1.jpg?fit=8000%2C4500","width":8000,"height":4500,"caption":"Meta"},"image":{"@id":"https:\/\/about.fb.com\/br\/#\/schema\/logo\/image\/"}}]}},"jetpack_featured_media_url":"","jetpack-related-posts":[{"id":26313,"url":"https:\/\/about.fb.com\/br\/news\/2025\/04\/o-caso-da-ftc-contra-a-meta-e-fragil-e-ignora-a-realidade\/","url_meta":{"origin":7011,"position":0},"title":"O caso da FTC contra a Meta \u00e9 fr\u00e1gil e ignora a realidade","author":"Meta","date":"14\/04\/2025","format":false,"excerpt":"Por Jennifer Newstead, Chief Legal Officer Na segunda-feira, 14 de abril, come\u00e7ar\u00e1 o julgamento do fr\u00e1gil processo antitruste movido pela FTC, tentando desfazer as aquisi\u00e7\u00f5es do Instagram e do WhatsApp que foram aprovadas h\u00e1 mais de 10 anos. O caso da FTC ignora como o mercado realmente funciona e busca\u2026","rel":"","context":"In &quot;Facebook&quot;","block_context":{"text":"Facebook","link":"https:\/\/about.fb.com\/br\/news\/category\/technologies\/facebook\/"},"img":{"alt_text":"","src":"https:\/\/about.fb.com\/br\/wp-content\/uploads\/sites\/11\/2025\/04\/Screenshot-2025-04-14-at-10.35.14.png?fit=1568%2C878&resize=350%2C200","width":350,"height":200,"srcset":"https:\/\/about.fb.com\/br\/wp-content\/uploads\/sites\/11\/2025\/04\/Screenshot-2025-04-14-at-10.35.14.png?fit=1568%2C878&resize=350%2C200 1x, https:\/\/about.fb.com\/br\/wp-content\/uploads\/sites\/11\/2025\/04\/Screenshot-2025-04-14-at-10.35.14.png?fit=1568%2C878&resize=525%2C300 1.5x, https:\/\/about.fb.com\/br\/wp-content\/uploads\/sites\/11\/2025\/04\/Screenshot-2025-04-14-at-10.35.14.png?fit=1568%2C878&resize=700%2C400 2x, https:\/\/about.fb.com\/br\/wp-content\/uploads\/sites\/11\/2025\/04\/Screenshot-2025-04-14-at-10.35.14.png?fit=1568%2C878&resize=1050%2C600 3x, https:\/\/about.fb.com\/br\/wp-content\/uploads\/sites\/11\/2025\/04\/Screenshot-2025-04-14-at-10.35.14.png?fit=1568%2C878&resize=1400%2C800 4x"},"classes":[]},{"id":26367,"url":"https:\/\/about.fb.com\/br\/news\/2025\/05\/insights-dos-resultados-do-1o-trimestre-da-meta-para-impulsionar-o-desempenho-dos-negocios\/","url_meta":{"origin":7011,"position":1},"title":"Insights dos resultados do 1\u00ba trimestre da Meta para impulsionar o desempenho dos neg\u00f3cios","author":"Meta","date":"02\/05\/2025","format":false,"excerpt":"Hoje, estamos compartilhando alguns insights importantes sobre ganhos de performance com o uso de produtos de an\u00fancios baseados em intelig\u00eancia artificial, v\u00eddeos e Reels, al\u00e9m de a\u00e7\u00f5es que as empresas podem adotar para atrair mais clientes e aproveitar ao m\u00e1ximo cada investimento em marketing. As dicas se baseiam nos destaques\u2026","rel":"","context":"In &quot;Meta&quot;","block_context":{"text":"Meta","link":"https:\/\/about.fb.com\/br\/news\/category\/temas-home\/meta\/"},"img":{"alt_text":"","src":"https:\/\/about.fb.com\/br\/wp-content\/uploads\/sites\/11\/2025\/05\/capa.png?fit=1920%2C1080&resize=350%2C200","width":350,"height":200,"srcset":"https:\/\/about.fb.com\/br\/wp-content\/uploads\/sites\/11\/2025\/05\/capa.png?fit=1920%2C1080&resize=350%2C200 1x, https:\/\/about.fb.com\/br\/wp-content\/uploads\/sites\/11\/2025\/05\/capa.png?fit=1920%2C1080&resize=525%2C300 1.5x, https:\/\/about.fb.com\/br\/wp-content\/uploads\/sites\/11\/2025\/05\/capa.png?fit=1920%2C1080&resize=700%2C400 2x, https:\/\/about.fb.com\/br\/wp-content\/uploads\/sites\/11\/2025\/05\/capa.png?fit=1920%2C1080&resize=1050%2C600 3x, https:\/\/about.fb.com\/br\/wp-content\/uploads\/sites\/11\/2025\/05\/capa.png?fit=1920%2C1080&resize=1400%2C800 4x"},"classes":[]},{"id":27074,"url":"https:\/\/about.fb.com\/br\/news\/2026\/04\/apresentamos-o-muse-spark-o-primeiro-modelo-do-msl-desenvolvido-para-priorizar-as-pessoas\/","url_meta":{"origin":7011,"position":2},"title":"Apresentamos o Muse Spark: O Primeiro Modelo do MSL, Desenvolvido para Priorizar as Pessoas","author":"Meta","date":"08\/04\/2026","format":false,"excerpt":"Hoje anunciamos o Muse Spark, o primeiro de uma nova s\u00e9rie de grandes modelos de linguagem criados pelo Meta Superintelligence Labs. Estamos a caminho da superintelig\u00eancia pessoal: um assistente capaz de ajudar qualquer pessoa, em qualquer lugar, com o que mais importa para ela. Um Novo Modelo: Muse Spark Nos\u2026","rel":"","context":"In &quot;Meta&quot;","block_context":{"text":"Meta","link":"https:\/\/about.fb.com\/br\/news\/category\/temas-home\/meta\/"},"img":{"alt_text":"","src":"https:\/\/about.fb.com\/br\/wp-content\/uploads\/sites\/11\/2026\/04\/Introducing-Muse-Spark_Header.gif?fit=1920%2C1080&resize=350%2C200","width":350,"height":200,"srcset":"https:\/\/about.fb.com\/br\/wp-content\/uploads\/sites\/11\/2026\/04\/Introducing-Muse-Spark_Header.gif?fit=1920%2C1080&resize=350%2C200 1x, https:\/\/about.fb.com\/br\/wp-content\/uploads\/sites\/11\/2026\/04\/Introducing-Muse-Spark_Header.gif?fit=1920%2C1080&resize=525%2C300 1.5x, https:\/\/about.fb.com\/br\/wp-content\/uploads\/sites\/11\/2026\/04\/Introducing-Muse-Spark_Header.gif?fit=1920%2C1080&resize=700%2C400 2x, https:\/\/about.fb.com\/br\/wp-content\/uploads\/sites\/11\/2026\/04\/Introducing-Muse-Spark_Header.gif?fit=1920%2C1080&resize=1050%2C600 3x, https:\/\/about.fb.com\/br\/wp-content\/uploads\/sites\/11\/2026\/04\/Introducing-Muse-Spark_Header.gif?fit=1920%2C1080&resize=1400%2C800 4x"},"classes":[]},{"id":26476,"url":"https:\/\/about.fb.com\/br\/news\/2025\/06\/cannes-lions-2025-a-nova-era-da-ia-generativa-para-anunciantes-e-agencias-com-foco-em-personalizacao-em-escala\/","url_meta":{"origin":7011,"position":3},"title":"Cannes Lions 2025: A nova era da IA generativa para anunciantes e ag\u00eancias com foco em personaliza\u00e7\u00e3o em escala","author":"Meta","date":"17\/06\/2025","format":false,"excerpt":"Nesta semana, durante o Festival Internacional de Criatividade Cannes Lions, estamos apresentando a nova era das solu\u00e7\u00f5es de IA generativa para anunciantes e ag\u00eancias, com o objetivo de melhorar o desempenho das campanhas publicit\u00e1rias e impulsionar o crescimento dos neg\u00f3cios. \u00c0 medida que a IA continua evoluindo, ela abre novos\u2026","rel":"","context":"In &quot;Meta&quot;","block_context":{"text":"Meta","link":"https:\/\/about.fb.com\/br\/news\/category\/temas-home\/meta\/"},"img":{"alt_text":"","src":"https:\/\/about.fb.com\/br\/wp-content\/uploads\/sites\/11\/2025\/07\/Logo-Meta-1.jpg?fit=633%2C356&resize=350%2C200","width":350,"height":200,"srcset":"https:\/\/about.fb.com\/br\/wp-content\/uploads\/sites\/11\/2025\/07\/Logo-Meta-1.jpg?fit=633%2C356&resize=350%2C200 1x, https:\/\/about.fb.com\/br\/wp-content\/uploads\/sites\/11\/2025\/07\/Logo-Meta-1.jpg?fit=633%2C356&resize=525%2C300 1.5x"},"classes":[]},{"id":26927,"url":"https:\/\/about.fb.com\/br\/news\/2026\/01\/anuncios-no-threads-um-ano-depois-agora-alcancando-todos-os-usuarios-e-mercados-globalmente\/","url_meta":{"origin":7011,"position":4},"title":"An\u00fancios no Threads: um ano depois \u2013 agora alcan\u00e7ando todos os usu\u00e1rios e mercados globalmente","author":"Meta","date":"21\/01\/2026","format":false,"excerpt":"Dois anos ap\u00f3s seu lan\u00e7amento, o Threads deixou de ser apenas um novo aplicativo social para se tornar uma plataforma de conversas em r\u00e1pida expans\u00e3o, com comunidades e vozes pr\u00f3prias. Com mais de 400 milh\u00f5es de usu\u00e1rios ativos mensais, o Threads est\u00e1 se consolidando como um dos principais espa\u00e7os para\u2026","rel":"","context":"In &quot;Recent News&quot;","block_context":{"text":"Recent News","link":"https:\/\/about.fb.com\/br\/news\/category\/recent-news\/"},"img":{"alt_text":"","src":"https:\/\/about.fb.com\/br\/wp-content\/uploads\/sites\/11\/2026\/01\/download.gif?fit=640%2C360&resize=350%2C200","width":350,"height":200,"srcset":"https:\/\/about.fb.com\/br\/wp-content\/uploads\/sites\/11\/2026\/01\/download.gif?fit=640%2C360&resize=350%2C200 1x, https:\/\/about.fb.com\/br\/wp-content\/uploads\/sites\/11\/2026\/01\/download.gif?fit=640%2C360&resize=525%2C300 1.5x"},"classes":[]},{"id":26358,"url":"https:\/\/about.fb.com\/br\/news\/2025\/04\/tudo-o-que-anunciamos-no-nosso-primeiro-llamacon\/","url_meta":{"origin":7011,"position":5},"title":"Tudo o que anunciamos no nosso primeiro LlamaCon","author":"Meta","date":"29\/04\/2025","format":false,"excerpt":"O LlamaCon come\u00e7ou oficialmente. Nosso evento inaugural integra desenvolvedores do mundo todo que t\u00eam algo em comum: a paix\u00e3o por construir com o Llama. J\u00e1 se passaram pouco mais de dois anos desde o lan\u00e7amento do Llama. Nesse per\u00edodo, ultrapassamos a marca de um bilh\u00e3o de downloads e, o mais\u2026","rel":"","context":"In &quot;Recent News&quot;","block_context":{"text":"Recent News","link":"https:\/\/about.fb.com\/br\/news\/category\/recent-news\/"},"img":{"alt_text":"","src":"https:\/\/about.fb.com\/br\/wp-content\/uploads\/sites\/11\/2025\/04\/493340882_1363289474727356_6058337847885698893_n.png?fit=1920%2C1080&resize=350%2C200","width":350,"height":200,"srcset":"https:\/\/about.fb.com\/br\/wp-content\/uploads\/sites\/11\/2025\/04\/493340882_1363289474727356_6058337847885698893_n.png?fit=1920%2C1080&resize=350%2C200 1x, https:\/\/about.fb.com\/br\/wp-content\/uploads\/sites\/11\/2025\/04\/493340882_1363289474727356_6058337847885698893_n.png?fit=1920%2C1080&resize=525%2C300 1.5x, https:\/\/about.fb.com\/br\/wp-content\/uploads\/sites\/11\/2025\/04\/493340882_1363289474727356_6058337847885698893_n.png?fit=1920%2C1080&resize=700%2C400 2x, https:\/\/about.fb.com\/br\/wp-content\/uploads\/sites\/11\/2025\/04\/493340882_1363289474727356_6058337847885698893_n.png?fit=1920%2C1080&resize=1050%2C600 3x, https:\/\/about.fb.com\/br\/wp-content\/uploads\/sites\/11\/2025\/04\/493340882_1363289474727356_6058337847885698893_n.png?fit=1920%2C1080&resize=1400%2C800 4x"},"classes":[]}],"jetpack_sharing_enabled":true,"amp_enabled":true,"_links":{"self":[{"href":"https:\/\/about.fb.com\/br\/wp-json\/wp\/v2\/posts\/7011","targetHints":{"allow":["GET"]}}],"collection":[{"href":"https:\/\/about.fb.com\/br\/wp-json\/wp\/v2\/posts"}],"about":[{"href":"https:\/\/about.fb.com\/br\/wp-json\/wp\/v2\/types\/post"}],"author":[{"embeddable":true,"href":"https:\/\/about.fb.com\/br\/wp-json\/wp\/v2\/users\/81109636"}],"replies":[{"embeddable":true,"href":"https:\/\/about.fb.com\/br\/wp-json\/wp\/v2\/comments?post=7011"}],"version-history":[{"count":1,"href":"https:\/\/about.fb.com\/br\/wp-json\/wp\/v2\/posts\/7011\/revisions"}],"predecessor-version":[{"id":7012,"href":"https:\/\/about.fb.com\/br\/wp-json\/wp\/v2\/posts\/7011\/revisions\/7012"}],"wp:attachment":[{"href":"https:\/\/about.fb.com\/br\/wp-json\/wp\/v2\/media?parent=7011"}],"wp:term":[{"taxonomy":"category","embeddable":true,"href":"https:\/\/about.fb.com\/br\/wp-json\/wp\/v2\/categories?post=7011"},{"taxonomy":"post_tag","embeddable":true,"href":"https:\/\/about.fb.com\/br\/wp-json\/wp\/v2\/tags?post=7011"}],"curies":[{"name":"wp","href":"https:\/\/api.w.org\/{rel}","templated":true}]}}