{"id":6833,"date":"2018-10-08T12:37:45","date_gmt":"2018-10-08T15:37:45","guid":{"rendered":"http:\/\/br.newsroom.fb.com\/?p=6833"},"modified":"2021-06-17T10:10:11","modified_gmt":"2021-06-17T13:10:11","slug":"facebook-lanca-o-portal-do-cidadao-para-ajudar-os-brasileiros-a-falarem-com-seus-representantes-eleitos","status":"publish","type":"post","link":"https:\/\/about.fb.com\/br\/news\/2018\/10\/facebook-lanca-o-portal-do-cidadao-para-ajudar-os-brasileiros-a-falarem-com-seus-representantes-eleitos\/","title":{"rendered":"Facebook lan\u00e7a o Portal do Cidad\u00e3o para ajudar os brasileiros a falarem com seus representantes eleitos"},"content":{"rendered":"<p>Hoje, o Facebook lan\u00e7a o Portal do Cidad\u00e3o, uma ferramenta para ajudar as pessoas a facilmente encontrar, seguir e entrar em contato com seus representantes eleitos e ag\u00eancias governamentais, as aproximando dos pol\u00edticos e organiza\u00e7\u00f5es que atendem suas comunidades.<\/p>\n<p>O Portal do Cidad\u00e3o permitir\u00e1 \u00e0s pessoas entrar em contato com autoridades municipais, estaduais e federais, al\u00e9m de descobrir e engajar com entidades de servi\u00e7os locais, como por exemplo a Companhia de Engenharia de Trafego (CET) ou a Pol\u00edcia Civil. A ferramenta mostrar\u00e1 tanto os representantes atuais como os representantes eleitos, no caso, por exemplo, de Deputados Estaduais e Federais. As pessoas tamb\u00e9m poder\u00e3o ver um Feed s\u00f3 com aquilo que seu governo est\u00e1 publicando no Facebook.<\/p>\n<div id='gallery-1' class='gallery galleryid-6833 gallery-columns-2 gallery-size-thumbnail'><figure class='gallery-item'>\n\t\t\t<div class='gallery-icon portrait'>\n\t\t\t\t<a href='https:\/\/about.fb.com\/br\/news\/2018\/10\/facebook-lanca-o-portal-do-cidadao-para-ajudar-os-brasileiros-a-falarem-com-seus-representantes-eleitos\/43242519_2170761803250351_5810648210942722048_n\/'><img data-recalc-dims=\"1\" loading=\"lazy\" decoding=\"async\" width=\"197\" height=\"400\" src=\"https:\/\/about.fb.com\/br\/wp-content\/uploads\/sites\/11\/2018\/10\/43242519_2170761803250351_5810648210942722048_n.png?fit=197%2C400&#038;resize=197%2C400\" class=\"attachment-thumbnail size-thumbnail\" alt=\"\" srcset=\"https:\/\/about.fb.com\/br\/wp-content\/uploads\/sites\/11\/2018\/10\/43242519_2170761803250351_5810648210942722048_n.png?w=1213 1213w, https:\/\/about.fb.com\/br\/wp-content\/uploads\/sites\/11\/2018\/10\/43242519_2170761803250351_5810648210942722048_n.png?w=197 197w, https:\/\/about.fb.com\/br\/wp-content\/uploads\/sites\/11\/2018\/10\/43242519_2170761803250351_5810648210942722048_n.png?w=148 148w, https:\/\/about.fb.com\/br\/wp-content\/uploads\/sites\/11\/2018\/10\/43242519_2170761803250351_5810648210942722048_n.png?w=768 768w, https:\/\/about.fb.com\/br\/wp-content\/uploads\/sites\/11\/2018\/10\/43242519_2170761803250351_5810648210942722048_n.png?w=505 505w, https:\/\/about.fb.com\/br\/wp-content\/uploads\/sites\/11\/2018\/10\/43242519_2170761803250351_5810648210942722048_n.png?w=758 758w, https:\/\/about.fb.com\/br\/wp-content\/uploads\/sites\/11\/2018\/10\/43242519_2170761803250351_5810648210942722048_n.png?w=1011 1011w, https:\/\/about.fb.com\/br\/wp-content\/uploads\/sites\/11\/2018\/10\/43242519_2170761803250351_5810648210942722048_n.png?w=533 533w, https:\/\/about.fb.com\/br\/wp-content\/uploads\/sites\/11\/2018\/10\/43242519_2170761803250351_5810648210942722048_n.png?w=1066 1066w, https:\/\/about.fb.com\/br\/wp-content\/uploads\/sites\/11\/2018\/10\/43242519_2170761803250351_5810648210942722048_n.png?w=296 296w\" sizes=\"auto, (max-width: 197px) 100vw, 197px\" \/><\/a>\n\t\t\t<\/div><\/figure><figure class='gallery-item'>\n\t\t\t<div class='gallery-icon portrait'>\n\t\t\t\t<a href='https:\/\/about.fb.com\/br\/news\/2018\/10\/facebook-lanca-o-portal-do-cidadao-para-ajudar-os-brasileiros-a-falarem-com-seus-representantes-eleitos\/43392940_1919516771465448_7355877534514282496_n\/'><img data-recalc-dims=\"1\" loading=\"lazy\" decoding=\"async\" width=\"197\" height=\"400\" src=\"https:\/\/about.fb.com\/br\/wp-content\/uploads\/sites\/11\/2018\/10\/43392940_1919516771465448_7355877534514282496_n.png?fit=197%2C400&#038;resize=197%2C400\" class=\"attachment-thumbnail size-thumbnail\" alt=\"\" srcset=\"https:\/\/about.fb.com\/br\/wp-content\/uploads\/sites\/11\/2018\/10\/43392940_1919516771465448_7355877534514282496_n.png?w=1213 1213w, https:\/\/about.fb.com\/br\/wp-content\/uploads\/sites\/11\/2018\/10\/43392940_1919516771465448_7355877534514282496_n.png?w=197 197w, https:\/\/about.fb.com\/br\/wp-content\/uploads\/sites\/11\/2018\/10\/43392940_1919516771465448_7355877534514282496_n.png?w=148 148w, https:\/\/about.fb.com\/br\/wp-content\/uploads\/sites\/11\/2018\/10\/43392940_1919516771465448_7355877534514282496_n.png?w=768 768w, https:\/\/about.fb.com\/br\/wp-content\/uploads\/sites\/11\/2018\/10\/43392940_1919516771465448_7355877534514282496_n.png?w=505 505w, https:\/\/about.fb.com\/br\/wp-content\/uploads\/sites\/11\/2018\/10\/43392940_1919516771465448_7355877534514282496_n.png?w=758 758w, https:\/\/about.fb.com\/br\/wp-content\/uploads\/sites\/11\/2018\/10\/43392940_1919516771465448_7355877534514282496_n.png?w=1011 1011w, https:\/\/about.fb.com\/br\/wp-content\/uploads\/sites\/11\/2018\/10\/43392940_1919516771465448_7355877534514282496_n.png?w=533 533w, https:\/\/about.fb.com\/br\/wp-content\/uploads\/sites\/11\/2018\/10\/43392940_1919516771465448_7355877534514282496_n.png?w=1066 1066w, https:\/\/about.fb.com\/br\/wp-content\/uploads\/sites\/11\/2018\/10\/43392940_1919516771465448_7355877534514282496_n.png?w=296 296w\" sizes=\"auto, (max-width: 197px) 100vw, 197px\" \/><\/a>\n\t\t\t<\/div><\/figure><figure class='gallery-item'>\n\t\t\t<div class='gallery-icon portrait'>\n\t\t\t\t<a href='https:\/\/about.fb.com\/br\/news\/2018\/10\/facebook-lanca-o-portal-do-cidadao-para-ajudar-os-brasileiros-a-falarem-com-seus-representantes-eleitos\/43450087_249975112332712_9179018545244143616_n\/'><img data-recalc-dims=\"1\" loading=\"lazy\" decoding=\"async\" width=\"197\" height=\"400\" src=\"https:\/\/about.fb.com\/br\/wp-content\/uploads\/sites\/11\/2018\/10\/43450087_249975112332712_9179018545244143616_n.png?fit=197%2C400&#038;resize=197%2C400\" class=\"attachment-thumbnail size-thumbnail\" alt=\"\" srcset=\"https:\/\/about.fb.com\/br\/wp-content\/uploads\/sites\/11\/2018\/10\/43450087_249975112332712_9179018545244143616_n.png?w=1213 1213w, https:\/\/about.fb.com\/br\/wp-content\/uploads\/sites\/11\/2018\/10\/43450087_249975112332712_9179018545244143616_n.png?w=197 197w, https:\/\/about.fb.com\/br\/wp-content\/uploads\/sites\/11\/2018\/10\/43450087_249975112332712_9179018545244143616_n.png?w=148 148w, https:\/\/about.fb.com\/br\/wp-content\/uploads\/sites\/11\/2018\/10\/43450087_249975112332712_9179018545244143616_n.png?w=768 768w, https:\/\/about.fb.com\/br\/wp-content\/uploads\/sites\/11\/2018\/10\/43450087_249975112332712_9179018545244143616_n.png?w=505 505w, https:\/\/about.fb.com\/br\/wp-content\/uploads\/sites\/11\/2018\/10\/43450087_249975112332712_9179018545244143616_n.png?w=758 758w, https:\/\/about.fb.com\/br\/wp-content\/uploads\/sites\/11\/2018\/10\/43450087_249975112332712_9179018545244143616_n.png?w=1011 1011w, https:\/\/about.fb.com\/br\/wp-content\/uploads\/sites\/11\/2018\/10\/43450087_249975112332712_9179018545244143616_n.png?w=533 533w, https:\/\/about.fb.com\/br\/wp-content\/uploads\/sites\/11\/2018\/10\/43450087_249975112332712_9179018545244143616_n.png?w=1066 1066w, https:\/\/about.fb.com\/br\/wp-content\/uploads\/sites\/11\/2018\/10\/43450087_249975112332712_9179018545244143616_n.png?w=296 296w\" sizes=\"auto, (max-width: 197px) 100vw, 197px\" \/><\/a>\n\t\t\t<\/div><\/figure><figure class='gallery-item'>\n\t\t\t<div class='gallery-icon portrait'>\n\t\t\t\t<a href='https:\/\/about.fb.com\/br\/news\/2018\/10\/facebook-lanca-o-portal-do-cidadao-para-ajudar-os-brasileiros-a-falarem-com-seus-representantes-eleitos\/43527170_325081638301201_4080565054024450048_n\/'><img data-recalc-dims=\"1\" loading=\"lazy\" decoding=\"async\" width=\"197\" height=\"400\" src=\"https:\/\/about.fb.com\/br\/wp-content\/uploads\/sites\/11\/2018\/10\/43527170_325081638301201_4080565054024450048_n.png?fit=197%2C400&#038;resize=197%2C400\" class=\"attachment-thumbnail size-thumbnail\" alt=\"\" srcset=\"https:\/\/about.fb.com\/br\/wp-content\/uploads\/sites\/11\/2018\/10\/43527170_325081638301201_4080565054024450048_n.png?w=1213 1213w, https:\/\/about.fb.com\/br\/wp-content\/uploads\/sites\/11\/2018\/10\/43527170_325081638301201_4080565054024450048_n.png?w=197 197w, https:\/\/about.fb.com\/br\/wp-content\/uploads\/sites\/11\/2018\/10\/43527170_325081638301201_4080565054024450048_n.png?w=148 148w, https:\/\/about.fb.com\/br\/wp-content\/uploads\/sites\/11\/2018\/10\/43527170_325081638301201_4080565054024450048_n.png?w=768 768w, https:\/\/about.fb.com\/br\/wp-content\/uploads\/sites\/11\/2018\/10\/43527170_325081638301201_4080565054024450048_n.png?w=505 505w, https:\/\/about.fb.com\/br\/wp-content\/uploads\/sites\/11\/2018\/10\/43527170_325081638301201_4080565054024450048_n.png?w=758 758w, https:\/\/about.fb.com\/br\/wp-content\/uploads\/sites\/11\/2018\/10\/43527170_325081638301201_4080565054024450048_n.png?w=1011 1011w, https:\/\/about.fb.com\/br\/wp-content\/uploads\/sites\/11\/2018\/10\/43527170_325081638301201_4080565054024450048_n.png?w=533 533w, https:\/\/about.fb.com\/br\/wp-content\/uploads\/sites\/11\/2018\/10\/43527170_325081638301201_4080565054024450048_n.png?w=1066 1066w, https:\/\/about.fb.com\/br\/wp-content\/uploads\/sites\/11\/2018\/10\/43527170_325081638301201_4080565054024450048_n.png?w=296 296w\" sizes=\"auto, (max-width: 197px) 100vw, 197px\" \/><\/a>\n\t\t\t<\/div><\/figure>\n\t\t<\/div>\n\n<p>\u00c9 poss\u00edvel acessar o recurso por meio do Menu do Facebook. Se os usu\u00e1rios escolherem &#8220;entrar em contato&#8221; com um determinado representante ou ag\u00eancia, eles ver\u00e3o os meios de contato listados pela P\u00e1gina oficial, incluindo a possibilidade de enviar uma mensagem diretamente pelo Facebook.<\/p>\n<p>O Brasil \u00e9 o segundo pa\u00eds no mundo onde lan\u00e7amos o Portal do Cidad\u00e3o, depois dos Estados Unidos, onde o recurso ja possibilitou milh\u00f5es de conex\u00f5es entre eleitores e autoridades eleitas desde 2016.<\/p>\n<p>Proporcionar uma via de comunica\u00e7\u00e3o f\u00e1cil pode ajudar as pessoas a terem voz no governo, al\u00e9m de ajudar a manter os representantes eleitos e ag\u00eancias governamentais mais acess\u00edveis e transparentes. Isso faz parte do nosso trabalho para construir uma comunidade informada e civicamente engajada.<\/p>\n","protected":false},"excerpt":{"rendered":"Hoje, o Facebook lan\u00e7a o Portal do Cidad\u00e3o, uma ferramenta para ajudar as pessoas a facilmente encontrar, seguir e entrar em contato com seus representantes eleitos e ag\u00eancias governamentais, as aproximando dos pol\u00edticos e organiza\u00e7\u00f5es que atendem suas comunidades. O Portal do Cidad\u00e3o permitir\u00e1 \u00e0s pessoas entrar em contato com autoridades municipais, estaduais e federais, al\u00e9m de descobrir e engajar com entidades de servi\u00e7os locais, como por exemplo a Companhia de Engenharia de Trafego (CET) ou a Pol\u00edcia Civil. A ferramenta mostrar\u00e1 tanto os representantes atuais como os representantes eleitos, no caso, por exemplo, de Deputados Estaduais e Federais. As pessoas tamb\u00e9m poder\u00e3o ver um Feed s\u00f3 com aquilo que seu governo est\u00e1 publicando no Facebook. \u00c9 poss\u00edvel acessar o recurso por meio do Menu do Facebook. Se os usu\u00e1rios escolherem &#8220;entrar em contato&#8221; com um determinado representante ou ag\u00eancia, eles ver\u00e3o os meios de contato listados pela P\u00e1gina oficial, incluindo a possibilidade de enviar uma mensagem diretamente pelo Facebook. O Brasil \u00e9 o segundo pa\u00eds no mundo onde lan\u00e7amos o Portal do Cidad\u00e3o, depois dos Estados Unidos, onde o recurso ja possibilitou milh\u00f5es de conex\u00f5es entre eleitores e autoridades eleitas desde 2016. Proporcionar uma via de comunica\u00e7\u00e3o f\u00e1cil pode ajudar as pessoas a terem voz no governo, al\u00e9m de ajudar a manter os representantes eleitos e ag\u00eancias governamentais mais acess\u00edveis e transparentes. Isso faz parte do nosso trabalho para construir uma comunidade informada e civicamente engajada.","protected":false},"author":81109636,"featured_media":0,"comment_status":"closed","ping_status":"closed","sticky":false,"template":"","format":"standard","meta":{"_jetpack_memberships_contains_paid_content":false,"footnotes":""},"categories":[1],"tags":[],"class_list":["post-6833","post","type-post","status-publish","format-standard","hentry","category-recent-news"],"yoast_head":"<!-- This site is optimized with the Yoast SEO plugin v27.2 - https:\/\/yoast.com\/product\/yoast-seo-wordpress\/ -->\n<title>Facebook lan\u00e7a o Portal do Cidad\u00e3o para ajudar os brasileiros a falarem com seus representantes eleitos | Sobre a Meta<\/title>\n<meta name=\"robots\" content=\"index, follow, max-snippet:-1, max-image-preview:large, max-video-preview:-1\" \/>\n<link rel=\"canonical\" href=\"https:\/\/about.fb.com\/br\/news\/2018\/10\/facebook-lanca-o-portal-do-cidadao-para-ajudar-os-brasileiros-a-falarem-com-seus-representantes-eleitos\/\" \/>\n<meta property=\"og:locale\" content=\"pt_BR\" \/>\n<meta property=\"og:type\" content=\"article\" \/>\n<meta property=\"og:title\" content=\"Facebook lan\u00e7a o Portal do Cidad\u00e3o para ajudar os brasileiros a falarem com seus representantes eleitos | Sobre a Meta\" \/>\n<meta property=\"og:description\" content=\"Hoje, o Facebook lan\u00e7a o Portal do Cidad\u00e3o, uma ferramenta para ajudar as pessoas a facilmente encontrar, seguir e entrar em contato com seus representantes eleitos e ag\u00eancias governamentais, as aproximando dos pol\u00edticos e organiza\u00e7\u00f5es que atendem suas comunidades. O Portal do Cidad\u00e3o permitir\u00e1 \u00e0s pessoas entrar em contato com autoridades municipais, estaduais e federais, al\u00e9m de descobrir e engajar com entidades de servi\u00e7os locais, como por exemplo a Companhia de Engenharia de Trafego (CET) ou a Pol\u00edcia Civil. A ferramenta mostrar\u00e1 tanto os representantes atuais como os representantes eleitos, no caso, por exemplo, de Deputados Estaduais e Federais. As pessoas tamb\u00e9m poder\u00e3o ver um Feed s\u00f3 com aquilo que seu governo est\u00e1 publicando no Facebook. \u00c9 poss\u00edvel acessar o recurso por meio do Menu do Facebook. Se os usu\u00e1rios escolherem &#8220;entrar em contato&#8221; com um determinado representante ou ag\u00eancia, eles ver\u00e3o os meios de contato listados pela P\u00e1gina oficial, incluindo a possibilidade de enviar uma mensagem diretamente pelo Facebook. O Brasil \u00e9 o segundo pa\u00eds no mundo onde lan\u00e7amos o Portal do Cidad\u00e3o, depois dos Estados Unidos, onde o recurso ja possibilitou milh\u00f5es de conex\u00f5es entre eleitores e autoridades eleitas desde 2016. Proporcionar uma via de comunica\u00e7\u00e3o f\u00e1cil pode ajudar as pessoas a terem voz no governo, al\u00e9m de ajudar a manter os representantes eleitos e ag\u00eancias governamentais mais acess\u00edveis e transparentes. Isso faz parte do nosso trabalho para construir uma comunidade informada e civicamente engajada.\" \/>\n<meta property=\"og:url\" content=\"https:\/\/about.fb.com\/br\/news\/2018\/10\/facebook-lanca-o-portal-do-cidadao-para-ajudar-os-brasileiros-a-falarem-com-seus-representantes-eleitos\/\" \/>\n<meta property=\"og:site_name\" content=\"Sobre a Meta\" \/>\n<meta property=\"article:published_time\" content=\"2018-10-08T15:37:45+00:00\" \/>\n<meta property=\"article:modified_time\" content=\"2021-06-17T13:10:11+00:00\" \/>\n<meta property=\"og:image\" content=\"https:\/\/about.fb.com\/br\/wp-content\/uploads\/sites\/11\/2018\/10\/43242519_2170761803250351_5810648210942722048_n.png?fit=197%2C400\" \/>\n<meta name=\"author\" content=\"facebookbr\" \/>\n<meta name=\"twitter:card\" content=\"summary_large_image\" \/>\n<meta name=\"twitter:label1\" content=\"Written by\" \/>\n\t<meta name=\"twitter:data1\" content=\"Meta\" \/>\n\t<meta name=\"twitter:label2\" content=\"Est. reading time\" \/>\n\t<meta name=\"twitter:data2\" content=\"1 minuto\" \/>\n<script type=\"application\/ld+json\" class=\"yoast-schema-graph\">{\"@context\":\"https:\/\/schema.org\",\"@graph\":[{\"@type\":\"Article\",\"@id\":\"https:\/\/about.fb.com\/br\/news\/2018\/10\/facebook-lanca-o-portal-do-cidadao-para-ajudar-os-brasileiros-a-falarem-com-seus-representantes-eleitos\/#article\",\"isPartOf\":{\"@id\":\"https:\/\/about.fb.com\/br\/news\/2018\/10\/facebook-lanca-o-portal-do-cidadao-para-ajudar-os-brasileiros-a-falarem-com-seus-representantes-eleitos\/\"},\"author\":\"Facebook company\",\"headline\":\"Facebook lan\u00e7a o Portal do Cidad\u00e3o para ajudar os brasileiros a falarem com seus representantes eleitos\",\"datePublished\":\"2018-10-08T15:37:45+00:00\",\"dateModified\":\"2021-06-17T13:10:11+00:00\",\"mainEntityOfPage\":{\"@id\":\"https:\/\/about.fb.com\/br\/news\/2018\/10\/facebook-lanca-o-portal-do-cidadao-para-ajudar-os-brasileiros-a-falarem-com-seus-representantes-eleitos\/\"},\"wordCount\":281,\"publisher\":{\"@id\":\"https:\/\/about.fb.com\/br\/#organization\"},\"articleSection\":[\"Recent News\"],\"inLanguage\":\"pt-BR\"},{\"@type\":\"WebPage\",\"@id\":\"https:\/\/about.fb.com\/br\/news\/2018\/10\/facebook-lanca-o-portal-do-cidadao-para-ajudar-os-brasileiros-a-falarem-com-seus-representantes-eleitos\/\",\"url\":\"https:\/\/about.fb.com\/br\/news\/2018\/10\/facebook-lanca-o-portal-do-cidadao-para-ajudar-os-brasileiros-a-falarem-com-seus-representantes-eleitos\/\",\"name\":\"Facebook lan\u00e7a o Portal do Cidad\u00e3o para ajudar os brasileiros a falarem com seus representantes eleitos | Sobre a Meta\",\"isPartOf\":{\"@id\":\"https:\/\/about.fb.com\/br\/#website\"},\"datePublished\":\"2018-10-08T15:37:45+00:00\",\"dateModified\":\"2021-06-17T13:10:11+00:00\",\"breadcrumb\":{\"@id\":\"https:\/\/about.fb.com\/br\/news\/2018\/10\/facebook-lanca-o-portal-do-cidadao-para-ajudar-os-brasileiros-a-falarem-com-seus-representantes-eleitos\/#breadcrumb\"},\"inLanguage\":\"pt-BR\",\"potentialAction\":[{\"@type\":\"ReadAction\",\"target\":[\"https:\/\/about.fb.com\/br\/news\/2018\/10\/facebook-lanca-o-portal-do-cidadao-para-ajudar-os-brasileiros-a-falarem-com-seus-representantes-eleitos\/\"]}],\"author\":\"Sobre a Meta\"},{\"@type\":\"BreadcrumbList\",\"@id\":\"https:\/\/about.fb.com\/br\/news\/2018\/10\/facebook-lanca-o-portal-do-cidadao-para-ajudar-os-brasileiros-a-falarem-com-seus-representantes-eleitos\/#breadcrumb\",\"itemListElement\":[{\"@type\":\"ListItem\",\"position\":1,\"name\":\"Home\",\"item\":\"https:\/\/about.fb.com\/br\/\"},{\"@type\":\"ListItem\",\"position\":2,\"name\":\"Facebook lan\u00e7a o Portal do Cidad\u00e3o para ajudar os brasileiros a falarem com seus representantes eleitos\"}]},{\"@type\":\"WebSite\",\"@id\":\"https:\/\/about.fb.com\/br\/#website\",\"url\":\"https:\/\/about.fb.com\/news\/\",\"name\":\"Sobre a Meta\",\"description\":\"\",\"publisher\":{\"@id\":\"https:\/\/about.fb.com\/br\/#organization\"},\"potentialAction\":[{\"@type\":\"SearchAction\",\"target\":{\"@type\":\"EntryPoint\",\"urlTemplate\":\"https:\/\/about.fb.com\/br\/?s={search_term_string}\"},\"query-input\":{\"@type\":\"PropertyValueSpecification\",\"valueRequired\":true,\"valueName\":\"search_term_string\"}}],\"inLanguage\":\"pt-BR\",\"alternateName\":[\"Meta Newsroom\",\"Meta\"]},{\"@type\":\"Organization\",\"@id\":\"https:\/\/about.fb.com\/br\/#organization\",\"name\":\"Meta\",\"url\":\"https:\/\/about.fb.com\/br\/\",\"logo\":{\"@type\":\"ImageObject\",\"inLanguage\":\"pt-BR\",\"@id\":\"https:\/\/about.fb.com\/br\/#\/schema\/logo\/image\/\",\"url\":\"https:\/\/about.fb.com\/br\/wp-content\/uploads\/sites\/11\/2021\/10\/meta-social-16x9-1.jpg?fit=8000%2C4500\",\"contentUrl\":\"https:\/\/about.fb.com\/br\/wp-content\/uploads\/sites\/11\/2021\/10\/meta-social-16x9-1.jpg?fit=8000%2C4500\",\"width\":8000,\"height\":4500,\"caption\":\"Meta\"},\"image\":{\"@id\":\"https:\/\/about.fb.com\/br\/#\/schema\/logo\/image\/\"}}]}<\/script>\n<!-- \/ Yoast SEO plugin. -->","yoast_head_json":{"title":"Facebook lan\u00e7a o Portal do Cidad\u00e3o para ajudar os brasileiros a falarem com seus representantes eleitos | Sobre a Meta","robots":{"index":"index","follow":"follow","max-snippet":"max-snippet:-1","max-image-preview":"max-image-preview:large","max-video-preview":"max-video-preview:-1"},"canonical":"https:\/\/about.fb.com\/br\/news\/2018\/10\/facebook-lanca-o-portal-do-cidadao-para-ajudar-os-brasileiros-a-falarem-com-seus-representantes-eleitos\/","og_locale":"pt_BR","og_type":"article","og_title":"Facebook lan\u00e7a o Portal do Cidad\u00e3o para ajudar os brasileiros a falarem com seus representantes eleitos | Sobre a Meta","og_description":"Hoje, o Facebook lan\u00e7a o Portal do Cidad\u00e3o, uma ferramenta para ajudar as pessoas a facilmente encontrar, seguir e entrar em contato com seus representantes eleitos e ag\u00eancias governamentais, as aproximando dos pol\u00edticos e organiza\u00e7\u00f5es que atendem suas comunidades. O Portal do Cidad\u00e3o permitir\u00e1 \u00e0s pessoas entrar em contato com autoridades municipais, estaduais e federais, al\u00e9m de descobrir e engajar com entidades de servi\u00e7os locais, como por exemplo a Companhia de Engenharia de Trafego (CET) ou a Pol\u00edcia Civil. A ferramenta mostrar\u00e1 tanto os representantes atuais como os representantes eleitos, no caso, por exemplo, de Deputados Estaduais e Federais. As pessoas tamb\u00e9m poder\u00e3o ver um Feed s\u00f3 com aquilo que seu governo est\u00e1 publicando no Facebook. \u00c9 poss\u00edvel acessar o recurso por meio do Menu do Facebook. Se os usu\u00e1rios escolherem &#8220;entrar em contato&#8221; com um determinado representante ou ag\u00eancia, eles ver\u00e3o os meios de contato listados pela P\u00e1gina oficial, incluindo a possibilidade de enviar uma mensagem diretamente pelo Facebook. O Brasil \u00e9 o segundo pa\u00eds no mundo onde lan\u00e7amos o Portal do Cidad\u00e3o, depois dos Estados Unidos, onde o recurso ja possibilitou milh\u00f5es de conex\u00f5es entre eleitores e autoridades eleitas desde 2016. Proporcionar uma via de comunica\u00e7\u00e3o f\u00e1cil pode ajudar as pessoas a terem voz no governo, al\u00e9m de ajudar a manter os representantes eleitos e ag\u00eancias governamentais mais acess\u00edveis e transparentes. Isso faz parte do nosso trabalho para construir uma comunidade informada e civicamente engajada.","og_url":"https:\/\/about.fb.com\/br\/news\/2018\/10\/facebook-lanca-o-portal-do-cidadao-para-ajudar-os-brasileiros-a-falarem-com-seus-representantes-eleitos\/","og_site_name":"Sobre a Meta","article_published_time":"2018-10-08T15:37:45+00:00","article_modified_time":"2021-06-17T13:10:11+00:00","og_image":[{"url":"https:\/\/about.fb.com\/br\/wp-content\/uploads\/sites\/11\/2018\/10\/43242519_2170761803250351_5810648210942722048_n.png?fit=197%2C400","type":"","width":"","height":""}],"author":"facebookbr","twitter_card":"summary_large_image","twitter_misc":{"Written by":"Meta","Est. reading time":"1 minuto"},"schema":{"@context":"https:\/\/schema.org","@graph":[{"@type":"Article","@id":"https:\/\/about.fb.com\/br\/news\/2018\/10\/facebook-lanca-o-portal-do-cidadao-para-ajudar-os-brasileiros-a-falarem-com-seus-representantes-eleitos\/#article","isPartOf":{"@id":"https:\/\/about.fb.com\/br\/news\/2018\/10\/facebook-lanca-o-portal-do-cidadao-para-ajudar-os-brasileiros-a-falarem-com-seus-representantes-eleitos\/"},"author":"Facebook company","headline":"Facebook lan\u00e7a o Portal do Cidad\u00e3o para ajudar os brasileiros a falarem com seus representantes eleitos","datePublished":"2018-10-08T15:37:45+00:00","dateModified":"2021-06-17T13:10:11+00:00","mainEntityOfPage":{"@id":"https:\/\/about.fb.com\/br\/news\/2018\/10\/facebook-lanca-o-portal-do-cidadao-para-ajudar-os-brasileiros-a-falarem-com-seus-representantes-eleitos\/"},"wordCount":281,"publisher":{"@id":"https:\/\/about.fb.com\/br\/#organization"},"articleSection":["Recent News"],"inLanguage":"pt-BR"},{"@type":"WebPage","@id":"https:\/\/about.fb.com\/br\/news\/2018\/10\/facebook-lanca-o-portal-do-cidadao-para-ajudar-os-brasileiros-a-falarem-com-seus-representantes-eleitos\/","url":"https:\/\/about.fb.com\/br\/news\/2018\/10\/facebook-lanca-o-portal-do-cidadao-para-ajudar-os-brasileiros-a-falarem-com-seus-representantes-eleitos\/","name":"Facebook lan\u00e7a o Portal do Cidad\u00e3o para ajudar os brasileiros a falarem com seus representantes eleitos | Sobre a Meta","isPartOf":{"@id":"https:\/\/about.fb.com\/br\/#website"},"datePublished":"2018-10-08T15:37:45+00:00","dateModified":"2021-06-17T13:10:11+00:00","breadcrumb":{"@id":"https:\/\/about.fb.com\/br\/news\/2018\/10\/facebook-lanca-o-portal-do-cidadao-para-ajudar-os-brasileiros-a-falarem-com-seus-representantes-eleitos\/#breadcrumb"},"inLanguage":"pt-BR","potentialAction":[{"@type":"ReadAction","target":["https:\/\/about.fb.com\/br\/news\/2018\/10\/facebook-lanca-o-portal-do-cidadao-para-ajudar-os-brasileiros-a-falarem-com-seus-representantes-eleitos\/"]}],"author":"Sobre a Meta"},{"@type":"BreadcrumbList","@id":"https:\/\/about.fb.com\/br\/news\/2018\/10\/facebook-lanca-o-portal-do-cidadao-para-ajudar-os-brasileiros-a-falarem-com-seus-representantes-eleitos\/#breadcrumb","itemListElement":[{"@type":"ListItem","position":1,"name":"Home","item":"https:\/\/about.fb.com\/br\/"},{"@type":"ListItem","position":2,"name":"Facebook lan\u00e7a o Portal do Cidad\u00e3o para ajudar os brasileiros a falarem com seus representantes eleitos"}]},{"@type":"WebSite","@id":"https:\/\/about.fb.com\/br\/#website","url":"https:\/\/about.fb.com\/news\/","name":"Sobre a Meta","description":"","publisher":{"@id":"https:\/\/about.fb.com\/br\/#organization"},"potentialAction":[{"@type":"SearchAction","target":{"@type":"EntryPoint","urlTemplate":"https:\/\/about.fb.com\/br\/?s={search_term_string}"},"query-input":{"@type":"PropertyValueSpecification","valueRequired":true,"valueName":"search_term_string"}}],"inLanguage":"pt-BR","alternateName":["Meta Newsroom","Meta"]},{"@type":"Organization","@id":"https:\/\/about.fb.com\/br\/#organization","name":"Meta","url":"https:\/\/about.fb.com\/br\/","logo":{"@type":"ImageObject","inLanguage":"pt-BR","@id":"https:\/\/about.fb.com\/br\/#\/schema\/logo\/image\/","url":"https:\/\/about.fb.com\/br\/wp-content\/uploads\/sites\/11\/2021\/10\/meta-social-16x9-1.jpg?fit=8000%2C4500","contentUrl":"https:\/\/about.fb.com\/br\/wp-content\/uploads\/sites\/11\/2021\/10\/meta-social-16x9-1.jpg?fit=8000%2C4500","width":8000,"height":4500,"caption":"Meta"},"image":{"@id":"https:\/\/about.fb.com\/br\/#\/schema\/logo\/image\/"}}]}},"jetpack_featured_media_url":"","jetpack-related-posts":[{"id":26752,"url":"https:\/\/about.fb.com\/br\/news\/2025\/10\/mes-da-conscientizacao-sobre-ciberseguranca-ajudando-idosos-a-evitar-golpes-online\/","url_meta":{"origin":6833,"position":0},"title":"M\u00eas da Conscientiza\u00e7\u00e3o sobre Ciberseguran\u00e7a: Ajudando idosos a evitar golpes online","author":"Meta","date":"21\/10\/2025","format":false,"excerpt":"O Relat\u00f3rio de Crimes Cibern\u00e9ticos de 2024 do FBI indica que adultos com 60 anos ou mais nos EUA perderam um valor combinado de 4,8 bilh\u00f5es de d\u00f3lares em golpes somente em\u00a0 2024. Criminosos usam uma variedade de t\u00e1ticas para ganhar a confian\u00e7a das pessoas e, em determinadas circunst\u00e2ncias, comprometem\u2026","rel":"","context":"In &quot;Dados e Privacidade&quot;","block_context":{"text":"Dados e Privacidade","link":"https:\/\/about.fb.com\/br\/news\/category\/temas-home\/dados-e-privacidade\/"},"img":{"alt_text":"","src":"https:\/\/about.fb.com\/br\/wp-content\/uploads\/sites\/11\/2025\/10\/Cybersecurity-Awareness-Month_Header.jpg?fit=1920%2C1080&resize=350%2C200","width":350,"height":200,"srcset":"https:\/\/about.fb.com\/br\/wp-content\/uploads\/sites\/11\/2025\/10\/Cybersecurity-Awareness-Month_Header.jpg?fit=1920%2C1080&resize=350%2C200 1x, https:\/\/about.fb.com\/br\/wp-content\/uploads\/sites\/11\/2025\/10\/Cybersecurity-Awareness-Month_Header.jpg?fit=1920%2C1080&resize=525%2C300 1.5x, https:\/\/about.fb.com\/br\/wp-content\/uploads\/sites\/11\/2025\/10\/Cybersecurity-Awareness-Month_Header.jpg?fit=1920%2C1080&resize=700%2C400 2x, https:\/\/about.fb.com\/br\/wp-content\/uploads\/sites\/11\/2025\/10\/Cybersecurity-Awareness-Month_Header.jpg?fit=1920%2C1080&resize=1050%2C600 3x, https:\/\/about.fb.com\/br\/wp-content\/uploads\/sites\/11\/2025\/10\/Cybersecurity-Awareness-Month_Header.jpg?fit=1920%2C1080&resize=1400%2C800 4x"},"classes":[]},{"id":26130,"url":"https:\/\/about.fb.com\/br\/news\/2025\/02\/aumentando-a-transparencia-da-ia-generativa-nos-produtos-de-anuncios-da-meta\/","url_meta":{"origin":6833,"position":1},"title":"Aumentando a transpar\u00eancia da IA generativa nos produtos de an\u00fancios da Meta","author":"Meta","date":"03\/02\/2025","format":false,"excerpt":"Na Meta, continuamos priorizando a transpar\u00eancia e a responsabilidade em nossas diretrizes para anunciantes. Desde o ano passado, come\u00e7amos a rotular os an\u00fancios criados ou significativamente editados com o uso dos nossos recursos de criativo de IA generativa, que est\u00e3o dispon\u00edveis nas ferramentas de marketing para anunciantes. Vou explicar a\u2026","rel":"","context":"In &quot;Meta&quot;","block_context":{"text":"Meta","link":"https:\/\/about.fb.com\/br\/news\/category\/temas-home\/meta\/"},"img":{"alt_text":"","src":"https:\/\/about.fb.com\/br\/wp-content\/uploads\/sites\/11\/2025\/02\/Transparency-Labels-for-Ads_Header.jpg?fit=1920%2C1080&resize=350%2C200","width":350,"height":200,"srcset":"https:\/\/about.fb.com\/br\/wp-content\/uploads\/sites\/11\/2025\/02\/Transparency-Labels-for-Ads_Header.jpg?fit=1920%2C1080&resize=350%2C200 1x, https:\/\/about.fb.com\/br\/wp-content\/uploads\/sites\/11\/2025\/02\/Transparency-Labels-for-Ads_Header.jpg?fit=1920%2C1080&resize=525%2C300 1.5x, https:\/\/about.fb.com\/br\/wp-content\/uploads\/sites\/11\/2025\/02\/Transparency-Labels-for-Ads_Header.jpg?fit=1920%2C1080&resize=700%2C400 2x, https:\/\/about.fb.com\/br\/wp-content\/uploads\/sites\/11\/2025\/02\/Transparency-Labels-for-Ads_Header.jpg?fit=1920%2C1080&resize=1050%2C600 3x, https:\/\/about.fb.com\/br\/wp-content\/uploads\/sites\/11\/2025\/02\/Transparency-Labels-for-Ads_Header.jpg?fit=1920%2C1080&resize=1400%2C800 4x"},"classes":[]},{"id":27001,"url":"https:\/\/about.fb.com\/br\/news\/2026\/03\/combatendo-golpistas-e-protegendo-pessoas-com-novas-tecnologias-e-parcerias\/","url_meta":{"origin":6833,"position":2},"title":"Combatendo golpistas e protegendo pessoas com novas tecnologias e parcerias","author":"Meta","date":"11\/03\/2026","format":false,"excerpt":"Os golpistas est\u00e3o constantemente evoluindo suas t\u00e1ticas \u2014 e n\u00f3s tamb\u00e9m. Todos os dias, criminosos usam m\u00e9todos cada vez mais sofisticados para enganar pessoas em nossas plataformas e pela Internet. Por isso, estamos anunciando novos investimentos em IA avan\u00e7ada, ferramentas para ajudar as pessoas a identificarem e evitarem golpistas, al\u00e9m\u2026","rel":"","context":"In &quot;Combatendo Desinforma\u00e7\u00e3o&quot;","block_context":{"text":"Combatendo Desinforma\u00e7\u00e3o","link":"https:\/\/about.fb.com\/br\/news\/category\/temas-home\/combatendo-desinformacao\/"},"img":{"alt_text":"","src":"https:\/\/about.fb.com\/br\/wp-content\/uploads\/sites\/11\/2026\/03\/Scams.jpg?fit=819%2C460&resize=350%2C200","width":350,"height":200,"srcset":"https:\/\/about.fb.com\/br\/wp-content\/uploads\/sites\/11\/2026\/03\/Scams.jpg?fit=819%2C460&resize=350%2C200 1x, https:\/\/about.fb.com\/br\/wp-content\/uploads\/sites\/11\/2026\/03\/Scams.jpg?fit=819%2C460&resize=525%2C300 1.5x, https:\/\/about.fb.com\/br\/wp-content\/uploads\/sites\/11\/2026\/03\/Scams.jpg?fit=819%2C460&resize=700%2C400 2x"},"classes":[]},{"id":26380,"url":"https:\/\/about.fb.com\/br\/news\/2025\/05\/protecao-contra-golpes-de-investimento-e-pagamento-on-line\/","url_meta":{"origin":6833,"position":3},"title":"Prote\u00e7\u00e3o contra golpes de investimento e pagamento on-line","author":"Meta","date":"07\/05\/2025","format":false,"excerpt":"Geralmente, golpistas tentam tirar vantagem de eventos e cen\u00e1rios atuais para aplicar golpes relacionados a investimentos e pagamentos. Eles se aproveitam de temores de recess\u00e3o, mudan\u00e7as no com\u00e9rcio global, volatilidade do mercado de a\u00e7\u00f5es ou novos comportamentos em rela\u00e7\u00e3o a criptomoedas para buscar seus alvos. Esses golpes s\u00e3o projetados para\u2026","rel":"","context":"In &quot;Recent News&quot;","block_context":{"text":"Recent News","link":"https:\/\/about.fb.com\/br\/news\/category\/recent-news\/"},"img":{"alt_text":"","src":"https:\/\/about.fb.com\/br\/wp-content\/uploads\/sites\/11\/2025\/05\/WhatsApp-Image-2025-05-06-at-17.56.41.jpeg?resize=350%2C200","width":350,"height":200,"srcset":"https:\/\/about.fb.com\/br\/wp-content\/uploads\/sites\/11\/2025\/05\/WhatsApp-Image-2025-05-06-at-17.56.41.jpeg?resize=350%2C200 1x, https:\/\/about.fb.com\/br\/wp-content\/uploads\/sites\/11\/2025\/05\/WhatsApp-Image-2025-05-06-at-17.56.41.jpeg?resize=525%2C300 1.5x, https:\/\/about.fb.com\/br\/wp-content\/uploads\/sites\/11\/2025\/05\/WhatsApp-Image-2025-05-06-at-17.56.41.jpeg?resize=700%2C400 2x, https:\/\/about.fb.com\/br\/wp-content\/uploads\/sites\/11\/2025\/05\/WhatsApp-Image-2025-05-06-at-17.56.41.jpeg?resize=1050%2C600 3x, https:\/\/about.fb.com\/br\/wp-content\/uploads\/sites\/11\/2025\/05\/WhatsApp-Image-2025-05-06-at-17.56.41.jpeg?resize=1400%2C800 4x"},"classes":[]},{"id":26275,"url":"https:\/\/about.fb.com\/br\/news\/2025\/04\/aproveitando-o-poder-da-ia-para-alcancar-os-clientes-onde-quer-que-eles-estejam\/","url_meta":{"origin":6833,"position":4},"title":"Aproveitando o poder da IA para alcan\u00e7ar os clientes onde quer que eles estejam","author":"Meta","date":"03\/04\/2025","format":false,"excerpt":"O crescimento de qualquer neg\u00f3cio de varejo ou e-commerce depende da capacidade de manter suas margens conforme o neg\u00f3cio cresce. Por isso, os profissionais de marketing precisam estar sempre em busca de ganhos incrementais de performance. Para ajudar cada empresa a crescer de forma lucrativa, continuamos investindo em modelos de\u2026","rel":"","context":"In &quot;Meta&quot;","block_context":{"text":"Meta","link":"https:\/\/about.fb.com\/br\/news\/category\/temas-home\/meta\/"},"img":{"alt_text":"","src":"https:\/\/about.fb.com\/br\/wp-content\/uploads\/sites\/11\/2025\/04\/485121855_1189326955964321_7014225153082356620_n.gif?resize=350%2C200","width":350,"height":200,"srcset":"https:\/\/about.fb.com\/br\/wp-content\/uploads\/sites\/11\/2025\/04\/485121855_1189326955964321_7014225153082356620_n.gif?resize=350%2C200 1x, https:\/\/about.fb.com\/br\/wp-content\/uploads\/sites\/11\/2025\/04\/485121855_1189326955964321_7014225153082356620_n.gif?resize=525%2C300 1.5x, https:\/\/about.fb.com\/br\/wp-content\/uploads\/sites\/11\/2025\/04\/485121855_1189326955964321_7014225153082356620_n.gif?resize=700%2C400 2x"},"classes":[]},{"id":26182,"url":"https:\/\/about.fb.com\/br\/news\/2025\/02\/atualizando-nossa-politica-de-armazenamento-de-lives-no-facebook\/","url_meta":{"origin":6833,"position":5},"title":"Atualizando nossa pol\u00edtica de armazenamento de Lives no Facebook","author":"Meta","date":"18\/02\/2025","format":false,"excerpt":"Pessoas em todo o mundo usam o Facebook Live para compartilhar suas experi\u00eancias com suas comunidades em tempo real. Como a maioria das visualiza\u00e7\u00f5es de v\u00eddeos ao vivo ocorrem nas primeiras semanas ap\u00f3s a transmiss\u00e3o, estamos atualizando por quanto tempo as Lives podem ser armazenadas no Facebook. A partir de\u2026","rel":"","context":"In &quot;Facebook&quot;","block_context":{"text":"Facebook","link":"https:\/\/about.fb.com\/br\/news\/category\/technologies\/facebook\/"},"img":{"alt_text":"","src":"https:\/\/about.fb.com\/br\/wp-content\/uploads\/sites\/11\/2025\/02\/Download-Live-Videos.jpg?fit=1280%2C720&resize=350%2C200","width":350,"height":200,"srcset":"https:\/\/about.fb.com\/br\/wp-content\/uploads\/sites\/11\/2025\/02\/Download-Live-Videos.jpg?fit=1280%2C720&resize=350%2C200 1x, https:\/\/about.fb.com\/br\/wp-content\/uploads\/sites\/11\/2025\/02\/Download-Live-Videos.jpg?fit=1280%2C720&resize=525%2C300 1.5x, https:\/\/about.fb.com\/br\/wp-content\/uploads\/sites\/11\/2025\/02\/Download-Live-Videos.jpg?fit=1280%2C720&resize=700%2C400 2x, https:\/\/about.fb.com\/br\/wp-content\/uploads\/sites\/11\/2025\/02\/Download-Live-Videos.jpg?fit=1280%2C720&resize=1050%2C600 3x"},"classes":[]}],"jetpack_sharing_enabled":true,"amp_enabled":true,"_links":{"self":[{"href":"https:\/\/about.fb.com\/br\/wp-json\/wp\/v2\/posts\/6833","targetHints":{"allow":["GET"]}}],"collection":[{"href":"https:\/\/about.fb.com\/br\/wp-json\/wp\/v2\/posts"}],"about":[{"href":"https:\/\/about.fb.com\/br\/wp-json\/wp\/v2\/types\/post"}],"author":[{"embeddable":true,"href":"https:\/\/about.fb.com\/br\/wp-json\/wp\/v2\/users\/81109636"}],"replies":[{"embeddable":true,"href":"https:\/\/about.fb.com\/br\/wp-json\/wp\/v2\/comments?post=6833"}],"version-history":[{"count":2,"href":"https:\/\/about.fb.com\/br\/wp-json\/wp\/v2\/posts\/6833\/revisions"}],"predecessor-version":[{"id":6839,"href":"https:\/\/about.fb.com\/br\/wp-json\/wp\/v2\/posts\/6833\/revisions\/6839"}],"wp:attachment":[{"href":"https:\/\/about.fb.com\/br\/wp-json\/wp\/v2\/media?parent=6833"}],"wp:term":[{"taxonomy":"category","embeddable":true,"href":"https:\/\/about.fb.com\/br\/wp-json\/wp\/v2\/categories?post=6833"},{"taxonomy":"post_tag","embeddable":true,"href":"https:\/\/about.fb.com\/br\/wp-json\/wp\/v2\/tags?post=6833"}],"curies":[{"name":"wp","href":"https:\/\/api.w.org\/{rel}","templated":true}]}}