{"id":6802,"date":"2018-10-02T10:41:23","date_gmt":"2018-10-02T13:41:23","guid":{"rendered":"http:\/\/br.newsroom.fb.com\/?p=6802"},"modified":"2021-06-17T10:10:12","modified_gmt":"2021-06-17T13:10:12","slug":"conheca-os-candidatos-no-facebook","status":"publish","type":"post","link":"https:\/\/about.fb.com\/br\/news\/2018\/10\/conheca-os-candidatos-no-facebook\/","title":{"rendered":"Facebook lan\u00e7a ferramenta para ajudar os brasileiros a conhecer seus candidatos"},"content":{"rendered":"<p>Hoje, o Facebook lan\u00e7a uma ferramenta para ajudar os brasileiros a conhecer mais sobre os candidatos e seus programas de governo antes das elei\u00e7\u00f5es no pr\u00f3ximo domingo. A nova ferramenta centraliza as informa\u00e7\u00f5es dos candidatos em um s\u00f3 lugar, para ajudar os eleitores a descobrir mais sobre os candidatos a presidente, governador e senador.<\/p>\n<p>Os candidatos poder\u00e3o apresentar seus projetos nas suas pr\u00f3prias palavras e as pessoas poder\u00e3o conhec\u00ea-los e suas plataformas. A ferramenta aparecer\u00e1 no Feed de Not\u00edcias para todos os usu\u00e1rios brasileiros na semana que antecede a elei\u00e7\u00e3o. L\u00e1, as pessoas podem descobrir quem s\u00e3o os candidatos concorrendo a cada cargo, visitar suas P\u00e1ginas no Facebook e assistir a v\u00eddeos curtos, nos quais eles falam sobre quest\u00f5es importantes.<\/p>\n<p><img data-recalc-dims=\"1\" loading=\"lazy\" decoding=\"async\" class=\"alignnone size-full wp-image-6803\" src=\"https:\/\/about.fb.com\/br\/wp-content\/uploads\/sites\/3\/2018\/10\/screen-shot-2018-09-19-at-10-03-35-pm-1.png?resize=960%2C496\" alt=\"Screen Shot 2018-09-19 at 10.03.35 PM.png\" width=\"960\" height=\"496\" \/><\/p>\n<p>Os candidatos t\u00eam a oportunidade de criar quatro v\u00eddeos de 20 segundos, se apresentando e respondendo a perguntas-chave:<\/p>\n<ul>\n<li>O que te motivou a concorrer a presidente \/ governador \/ senador?<\/li>\n<li>Se eleito, o que \u00e9 mais importante aprovar nos primeiros 100 dias do seu mandato?<\/li>\n<li>Por que essas elei\u00e7\u00f5es s\u00e3o importantes?<\/li>\n<\/ul>\n<p>Trabalhamos com a ONG apartid\u00e1ria <a href=\"https:\/\/www.transparencia.org.br\/\">Transpar\u00eancia Brasil<\/a> para escolher as perguntas que os candidatos podem responder. Os v\u00eddeos s\u00e3o gravados pelos candidatos e suas equipes, e o Facebook n\u00e3o tem participa\u00e7\u00e3o nos conte\u00fados.<\/p>\n<p>Isso faz parte do nosso trabalho cont\u00ednuo para construir uma comunidade bem informada e engajada civicamente. Acreditamos que ajudar as pessoas a conhecerem melhor os candidatos pode colaborar para a constru\u00e7\u00e3o de comunidades mais bem informadas. Todos os dias vemos pessoas usando o Facebook para conversar sobre pol\u00edtica &#8211; mais de 62 milh\u00f5es de brasileiros comentaram sobre quest\u00f5es relacionadas \u00e0s elei\u00e7\u00f5es de 2018 somente no primeiro m\u00eas da campanha eleitoral. Estamos trabalhando para tornar mais f\u00e1cil para as pessoas encontrar as informa\u00e7\u00f5es necess\u00e1rias para tomar decis\u00f5es informadas antes das elei\u00e7\u00f5es.<\/p>\n","protected":false},"excerpt":{"rendered":"Hoje, o Facebook lan\u00e7a uma ferramenta para ajudar os brasileiros a conhecer mais sobre os candidatos e seus programas de governo antes das elei\u00e7\u00f5es no pr\u00f3ximo domingo. A nova ferramenta centraliza as informa\u00e7\u00f5es dos candidatos em um s\u00f3 lugar, para ajudar os eleitores a descobrir mais sobre os candidatos a presidente, governador e senador. Os candidatos poder\u00e3o apresentar seus projetos nas suas pr\u00f3prias palavras e as pessoas poder\u00e3o conhec\u00ea-los e suas plataformas. A ferramenta aparecer\u00e1 no Feed de Not\u00edcias para todos os usu\u00e1rios brasileiros na semana que antecede a elei\u00e7\u00e3o. L\u00e1, as pessoas podem descobrir quem s\u00e3o os candidatos concorrendo a cada cargo, visitar suas P\u00e1ginas no Facebook e assistir a v\u00eddeos curtos, nos quais eles falam sobre quest\u00f5es importantes. Os candidatos t\u00eam a oportunidade de criar quatro v\u00eddeos de 20 segundos, se apresentando e respondendo a perguntas-chave: O que te motivou a concorrer a presidente \/ governador \/ senador? Se eleito, o que \u00e9 mais importante aprovar nos primeiros 100 dias do seu mandato? Por que essas elei\u00e7\u00f5es s\u00e3o importantes? Trabalhamos com a ONG apartid\u00e1ria Transpar\u00eancia Brasil para escolher as perguntas que os candidatos podem responder. Os v\u00eddeos s\u00e3o gravados pelos candidatos e suas equipes, e o Facebook n\u00e3o tem participa\u00e7\u00e3o nos conte\u00fados. Isso faz parte do nosso trabalho cont\u00ednuo para construir uma comunidade bem informada e engajada civicamente. Acreditamos que ajudar as pessoas a conhecerem melhor os candidatos pode colaborar para a constru\u00e7\u00e3o de comunidades mais bem informadas. Todos os dias vemos pessoas usando o Facebook para conversar sobre pol\u00edtica &#8211; mais de 62 milh\u00f5es de brasileiros comentaram sobre quest\u00f5es relacionadas \u00e0s elei\u00e7\u00f5es de 2018 somente no primeiro m\u00eas da campanha eleitoral. Estamos trabalhando para tornar mais f\u00e1cil para as pessoas encontrar as informa\u00e7\u00f5es necess\u00e1rias para tomar decis\u00f5es informadas antes das elei\u00e7\u00f5es.","protected":false},"author":81109636,"featured_media":0,"comment_status":"closed","ping_status":"closed","sticky":false,"template":"","format":"standard","meta":{"_jetpack_memberships_contains_paid_content":false,"footnotes":""},"categories":[1],"tags":[],"class_list":["post-6802","post","type-post","status-publish","format-standard","hentry","category-recent-news"],"yoast_head":"<!-- This site is optimized with the Yoast SEO plugin v27.2 - https:\/\/yoast.com\/product\/yoast-seo-wordpress\/ -->\n<title>Facebook lan\u00e7a ferramenta para ajudar os brasileiros a conhecer seus candidatos | Sobre a Meta<\/title>\n<meta name=\"robots\" content=\"index, follow, max-snippet:-1, max-image-preview:large, max-video-preview:-1\" \/>\n<link rel=\"canonical\" href=\"https:\/\/about.fb.com\/br\/news\/2018\/10\/conheca-os-candidatos-no-facebook\/\" \/>\n<meta property=\"og:locale\" content=\"pt_BR\" \/>\n<meta property=\"og:type\" content=\"article\" \/>\n<meta property=\"og:title\" content=\"Facebook lan\u00e7a ferramenta para ajudar os brasileiros a conhecer seus candidatos | Sobre a Meta\" \/>\n<meta property=\"og:description\" content=\"Hoje, o Facebook lan\u00e7a uma ferramenta para ajudar os brasileiros a conhecer mais sobre os candidatos e seus programas de governo antes das elei\u00e7\u00f5es no pr\u00f3ximo domingo. A nova ferramenta centraliza as informa\u00e7\u00f5es dos candidatos em um s\u00f3 lugar, para ajudar os eleitores a descobrir mais sobre os candidatos a presidente, governador e senador. Os candidatos poder\u00e3o apresentar seus projetos nas suas pr\u00f3prias palavras e as pessoas poder\u00e3o conhec\u00ea-los e suas plataformas. A ferramenta aparecer\u00e1 no Feed de Not\u00edcias para todos os usu\u00e1rios brasileiros na semana que antecede a elei\u00e7\u00e3o. L\u00e1, as pessoas podem descobrir quem s\u00e3o os candidatos concorrendo a cada cargo, visitar suas P\u00e1ginas no Facebook e assistir a v\u00eddeos curtos, nos quais eles falam sobre quest\u00f5es importantes. Os candidatos t\u00eam a oportunidade de criar quatro v\u00eddeos de 20 segundos, se apresentando e respondendo a perguntas-chave: O que te motivou a concorrer a presidente \/ governador \/ senador? Se eleito, o que \u00e9 mais importante aprovar nos primeiros 100 dias do seu mandato? Por que essas elei\u00e7\u00f5es s\u00e3o importantes? Trabalhamos com a ONG apartid\u00e1ria Transpar\u00eancia Brasil para escolher as perguntas que os candidatos podem responder. Os v\u00eddeos s\u00e3o gravados pelos candidatos e suas equipes, e o Facebook n\u00e3o tem participa\u00e7\u00e3o nos conte\u00fados. Isso faz parte do nosso trabalho cont\u00ednuo para construir uma comunidade bem informada e engajada civicamente. Acreditamos que ajudar as pessoas a conhecerem melhor os candidatos pode colaborar para a constru\u00e7\u00e3o de comunidades mais bem informadas. Todos os dias vemos pessoas usando o Facebook para conversar sobre pol\u00edtica &#8211; mais de 62 milh\u00f5es de brasileiros comentaram sobre quest\u00f5es relacionadas \u00e0s elei\u00e7\u00f5es de 2018 somente no primeiro m\u00eas da campanha eleitoral. Estamos trabalhando para tornar mais f\u00e1cil para as pessoas encontrar as informa\u00e7\u00f5es necess\u00e1rias para tomar decis\u00f5es informadas antes das elei\u00e7\u00f5es.\" \/>\n<meta property=\"og:url\" content=\"https:\/\/about.fb.com\/br\/news\/2018\/10\/conheca-os-candidatos-no-facebook\/\" \/>\n<meta property=\"og:site_name\" content=\"Sobre a Meta\" \/>\n<meta property=\"article:published_time\" content=\"2018-10-02T13:41:23+00:00\" \/>\n<meta property=\"article:modified_time\" content=\"2021-06-17T13:10:12+00:00\" \/>\n<meta property=\"og:image\" content=\"https:\/\/about.fb.com\/br\/wp-content\/uploads\/sites\/3\/2018\/10\/screen-shot-2018-09-19-at-10-03-35-pm-1.png\" \/>\n<meta name=\"author\" content=\"facebookbr\" \/>\n<meta name=\"twitter:card\" content=\"summary_large_image\" \/>\n<meta name=\"twitter:label1\" content=\"Written by\" \/>\n\t<meta name=\"twitter:data1\" content=\"Meta\" \/>\n\t<meta name=\"twitter:label2\" content=\"Est. reading time\" \/>\n\t<meta name=\"twitter:data2\" content=\"2 minutos\" \/>\n<script type=\"application\/ld+json\" class=\"yoast-schema-graph\">{\"@context\":\"https:\/\/schema.org\",\"@graph\":[{\"@type\":\"Article\",\"@id\":\"https:\/\/about.fb.com\/br\/news\/2018\/10\/conheca-os-candidatos-no-facebook\/#article\",\"isPartOf\":{\"@id\":\"https:\/\/about.fb.com\/br\/news\/2018\/10\/conheca-os-candidatos-no-facebook\/\"},\"author\":\"Facebook company\",\"headline\":\"Facebook lan\u00e7a ferramenta para ajudar os brasileiros a conhecer seus candidatos\",\"datePublished\":\"2018-10-02T13:41:23+00:00\",\"dateModified\":\"2021-06-17T13:10:12+00:00\",\"mainEntityOfPage\":{\"@id\":\"https:\/\/about.fb.com\/br\/news\/2018\/10\/conheca-os-candidatos-no-facebook\/\"},\"wordCount\":337,\"publisher\":{\"@id\":\"https:\/\/about.fb.com\/br\/#organization\"},\"image\":{\"@id\":\"https:\/\/about.fb.com\/br\/news\/2018\/10\/conheca-os-candidatos-no-facebook\/#primaryimage\"},\"thumbnailUrl\":\"https:\/\/about.fb.com\/br\/wp-content\/uploads\/sites\/3\/2018\/10\/screen-shot-2018-09-19-at-10-03-35-pm-1.png\",\"articleSection\":[\"Recent News\"],\"inLanguage\":\"pt-BR\"},{\"@type\":\"WebPage\",\"@id\":\"https:\/\/about.fb.com\/br\/news\/2018\/10\/conheca-os-candidatos-no-facebook\/\",\"url\":\"https:\/\/about.fb.com\/br\/news\/2018\/10\/conheca-os-candidatos-no-facebook\/\",\"name\":\"Facebook lan\u00e7a ferramenta para ajudar os brasileiros a conhecer seus candidatos | Sobre a Meta\",\"isPartOf\":{\"@id\":\"https:\/\/about.fb.com\/br\/#website\"},\"primaryImageOfPage\":{\"@id\":\"https:\/\/about.fb.com\/br\/news\/2018\/10\/conheca-os-candidatos-no-facebook\/#primaryimage\"},\"image\":{\"@id\":\"https:\/\/about.fb.com\/br\/news\/2018\/10\/conheca-os-candidatos-no-facebook\/#primaryimage\"},\"thumbnailUrl\":\"https:\/\/about.fb.com\/br\/wp-content\/uploads\/sites\/3\/2018\/10\/screen-shot-2018-09-19-at-10-03-35-pm-1.png\",\"datePublished\":\"2018-10-02T13:41:23+00:00\",\"dateModified\":\"2021-06-17T13:10:12+00:00\",\"breadcrumb\":{\"@id\":\"https:\/\/about.fb.com\/br\/news\/2018\/10\/conheca-os-candidatos-no-facebook\/#breadcrumb\"},\"inLanguage\":\"pt-BR\",\"potentialAction\":[{\"@type\":\"ReadAction\",\"target\":[\"https:\/\/about.fb.com\/br\/news\/2018\/10\/conheca-os-candidatos-no-facebook\/\"]}],\"author\":\"Sobre a Meta\"},{\"@type\":\"ImageObject\",\"inLanguage\":\"pt-BR\",\"@id\":\"https:\/\/about.fb.com\/br\/news\/2018\/10\/conheca-os-candidatos-no-facebook\/#primaryimage\",\"url\":\"https:\/\/about.fb.com\/br\/wp-content\/uploads\/sites\/3\/2018\/10\/screen-shot-2018-09-19-at-10-03-35-pm-1.png\",\"contentUrl\":\"https:\/\/about.fb.com\/br\/wp-content\/uploads\/sites\/3\/2018\/10\/screen-shot-2018-09-19-at-10-03-35-pm-1.png\"},{\"@type\":\"BreadcrumbList\",\"@id\":\"https:\/\/about.fb.com\/br\/news\/2018\/10\/conheca-os-candidatos-no-facebook\/#breadcrumb\",\"itemListElement\":[{\"@type\":\"ListItem\",\"position\":1,\"name\":\"Home\",\"item\":\"https:\/\/about.fb.com\/br\/\"},{\"@type\":\"ListItem\",\"position\":2,\"name\":\"Facebook lan\u00e7a ferramenta para ajudar os brasileiros a conhecer seus candidatos\"}]},{\"@type\":\"WebSite\",\"@id\":\"https:\/\/about.fb.com\/br\/#website\",\"url\":\"https:\/\/about.fb.com\/news\/\",\"name\":\"Sobre a Meta\",\"description\":\"\",\"publisher\":{\"@id\":\"https:\/\/about.fb.com\/br\/#organization\"},\"potentialAction\":[{\"@type\":\"SearchAction\",\"target\":{\"@type\":\"EntryPoint\",\"urlTemplate\":\"https:\/\/about.fb.com\/br\/?s={search_term_string}\"},\"query-input\":{\"@type\":\"PropertyValueSpecification\",\"valueRequired\":true,\"valueName\":\"search_term_string\"}}],\"inLanguage\":\"pt-BR\",\"alternateName\":[\"Meta Newsroom\",\"Meta\"]},{\"@type\":\"Organization\",\"@id\":\"https:\/\/about.fb.com\/br\/#organization\",\"name\":\"Meta\",\"url\":\"https:\/\/about.fb.com\/br\/\",\"logo\":{\"@type\":\"ImageObject\",\"inLanguage\":\"pt-BR\",\"@id\":\"https:\/\/about.fb.com\/br\/#\/schema\/logo\/image\/\",\"url\":\"https:\/\/about.fb.com\/br\/wp-content\/uploads\/sites\/11\/2021\/10\/meta-social-16x9-1.jpg?fit=8000%2C4500\",\"contentUrl\":\"https:\/\/about.fb.com\/br\/wp-content\/uploads\/sites\/11\/2021\/10\/meta-social-16x9-1.jpg?fit=8000%2C4500\",\"width\":8000,\"height\":4500,\"caption\":\"Meta\"},\"image\":{\"@id\":\"https:\/\/about.fb.com\/br\/#\/schema\/logo\/image\/\"}}]}<\/script>\n<!-- \/ Yoast SEO plugin. -->","yoast_head_json":{"title":"Facebook lan\u00e7a ferramenta para ajudar os brasileiros a conhecer seus candidatos | Sobre a Meta","robots":{"index":"index","follow":"follow","max-snippet":"max-snippet:-1","max-image-preview":"max-image-preview:large","max-video-preview":"max-video-preview:-1"},"canonical":"https:\/\/about.fb.com\/br\/news\/2018\/10\/conheca-os-candidatos-no-facebook\/","og_locale":"pt_BR","og_type":"article","og_title":"Facebook lan\u00e7a ferramenta para ajudar os brasileiros a conhecer seus candidatos | Sobre a Meta","og_description":"Hoje, o Facebook lan\u00e7a uma ferramenta para ajudar os brasileiros a conhecer mais sobre os candidatos e seus programas de governo antes das elei\u00e7\u00f5es no pr\u00f3ximo domingo. A nova ferramenta centraliza as informa\u00e7\u00f5es dos candidatos em um s\u00f3 lugar, para ajudar os eleitores a descobrir mais sobre os candidatos a presidente, governador e senador. Os candidatos poder\u00e3o apresentar seus projetos nas suas pr\u00f3prias palavras e as pessoas poder\u00e3o conhec\u00ea-los e suas plataformas. A ferramenta aparecer\u00e1 no Feed de Not\u00edcias para todos os usu\u00e1rios brasileiros na semana que antecede a elei\u00e7\u00e3o. L\u00e1, as pessoas podem descobrir quem s\u00e3o os candidatos concorrendo a cada cargo, visitar suas P\u00e1ginas no Facebook e assistir a v\u00eddeos curtos, nos quais eles falam sobre quest\u00f5es importantes. Os candidatos t\u00eam a oportunidade de criar quatro v\u00eddeos de 20 segundos, se apresentando e respondendo a perguntas-chave: O que te motivou a concorrer a presidente \/ governador \/ senador? Se eleito, o que \u00e9 mais importante aprovar nos primeiros 100 dias do seu mandato? Por que essas elei\u00e7\u00f5es s\u00e3o importantes? Trabalhamos com a ONG apartid\u00e1ria Transpar\u00eancia Brasil para escolher as perguntas que os candidatos podem responder. Os v\u00eddeos s\u00e3o gravados pelos candidatos e suas equipes, e o Facebook n\u00e3o tem participa\u00e7\u00e3o nos conte\u00fados. Isso faz parte do nosso trabalho cont\u00ednuo para construir uma comunidade bem informada e engajada civicamente. Acreditamos que ajudar as pessoas a conhecerem melhor os candidatos pode colaborar para a constru\u00e7\u00e3o de comunidades mais bem informadas. Todos os dias vemos pessoas usando o Facebook para conversar sobre pol\u00edtica &#8211; mais de 62 milh\u00f5es de brasileiros comentaram sobre quest\u00f5es relacionadas \u00e0s elei\u00e7\u00f5es de 2018 somente no primeiro m\u00eas da campanha eleitoral. Estamos trabalhando para tornar mais f\u00e1cil para as pessoas encontrar as informa\u00e7\u00f5es necess\u00e1rias para tomar decis\u00f5es informadas antes das elei\u00e7\u00f5es.","og_url":"https:\/\/about.fb.com\/br\/news\/2018\/10\/conheca-os-candidatos-no-facebook\/","og_site_name":"Sobre a Meta","article_published_time":"2018-10-02T13:41:23+00:00","article_modified_time":"2021-06-17T13:10:12+00:00","og_image":[{"url":"https:\/\/about.fb.com\/br\/wp-content\/uploads\/sites\/3\/2018\/10\/screen-shot-2018-09-19-at-10-03-35-pm-1.png","type":"","width":"","height":""}],"author":"facebookbr","twitter_card":"summary_large_image","twitter_misc":{"Written by":"Meta","Est. reading time":"2 minutos"},"schema":{"@context":"https:\/\/schema.org","@graph":[{"@type":"Article","@id":"https:\/\/about.fb.com\/br\/news\/2018\/10\/conheca-os-candidatos-no-facebook\/#article","isPartOf":{"@id":"https:\/\/about.fb.com\/br\/news\/2018\/10\/conheca-os-candidatos-no-facebook\/"},"author":"Facebook company","headline":"Facebook lan\u00e7a ferramenta para ajudar os brasileiros a conhecer seus candidatos","datePublished":"2018-10-02T13:41:23+00:00","dateModified":"2021-06-17T13:10:12+00:00","mainEntityOfPage":{"@id":"https:\/\/about.fb.com\/br\/news\/2018\/10\/conheca-os-candidatos-no-facebook\/"},"wordCount":337,"publisher":{"@id":"https:\/\/about.fb.com\/br\/#organization"},"image":{"@id":"https:\/\/about.fb.com\/br\/news\/2018\/10\/conheca-os-candidatos-no-facebook\/#primaryimage"},"thumbnailUrl":"https:\/\/about.fb.com\/br\/wp-content\/uploads\/sites\/3\/2018\/10\/screen-shot-2018-09-19-at-10-03-35-pm-1.png","articleSection":["Recent News"],"inLanguage":"pt-BR"},{"@type":"WebPage","@id":"https:\/\/about.fb.com\/br\/news\/2018\/10\/conheca-os-candidatos-no-facebook\/","url":"https:\/\/about.fb.com\/br\/news\/2018\/10\/conheca-os-candidatos-no-facebook\/","name":"Facebook lan\u00e7a ferramenta para ajudar os brasileiros a conhecer seus candidatos | Sobre a Meta","isPartOf":{"@id":"https:\/\/about.fb.com\/br\/#website"},"primaryImageOfPage":{"@id":"https:\/\/about.fb.com\/br\/news\/2018\/10\/conheca-os-candidatos-no-facebook\/#primaryimage"},"image":{"@id":"https:\/\/about.fb.com\/br\/news\/2018\/10\/conheca-os-candidatos-no-facebook\/#primaryimage"},"thumbnailUrl":"https:\/\/about.fb.com\/br\/wp-content\/uploads\/sites\/3\/2018\/10\/screen-shot-2018-09-19-at-10-03-35-pm-1.png","datePublished":"2018-10-02T13:41:23+00:00","dateModified":"2021-06-17T13:10:12+00:00","breadcrumb":{"@id":"https:\/\/about.fb.com\/br\/news\/2018\/10\/conheca-os-candidatos-no-facebook\/#breadcrumb"},"inLanguage":"pt-BR","potentialAction":[{"@type":"ReadAction","target":["https:\/\/about.fb.com\/br\/news\/2018\/10\/conheca-os-candidatos-no-facebook\/"]}],"author":"Sobre a Meta"},{"@type":"ImageObject","inLanguage":"pt-BR","@id":"https:\/\/about.fb.com\/br\/news\/2018\/10\/conheca-os-candidatos-no-facebook\/#primaryimage","url":"https:\/\/about.fb.com\/br\/wp-content\/uploads\/sites\/3\/2018\/10\/screen-shot-2018-09-19-at-10-03-35-pm-1.png","contentUrl":"https:\/\/about.fb.com\/br\/wp-content\/uploads\/sites\/3\/2018\/10\/screen-shot-2018-09-19-at-10-03-35-pm-1.png"},{"@type":"BreadcrumbList","@id":"https:\/\/about.fb.com\/br\/news\/2018\/10\/conheca-os-candidatos-no-facebook\/#breadcrumb","itemListElement":[{"@type":"ListItem","position":1,"name":"Home","item":"https:\/\/about.fb.com\/br\/"},{"@type":"ListItem","position":2,"name":"Facebook lan\u00e7a ferramenta para ajudar os brasileiros a conhecer seus candidatos"}]},{"@type":"WebSite","@id":"https:\/\/about.fb.com\/br\/#website","url":"https:\/\/about.fb.com\/news\/","name":"Sobre a Meta","description":"","publisher":{"@id":"https:\/\/about.fb.com\/br\/#organization"},"potentialAction":[{"@type":"SearchAction","target":{"@type":"EntryPoint","urlTemplate":"https:\/\/about.fb.com\/br\/?s={search_term_string}"},"query-input":{"@type":"PropertyValueSpecification","valueRequired":true,"valueName":"search_term_string"}}],"inLanguage":"pt-BR","alternateName":["Meta Newsroom","Meta"]},{"@type":"Organization","@id":"https:\/\/about.fb.com\/br\/#organization","name":"Meta","url":"https:\/\/about.fb.com\/br\/","logo":{"@type":"ImageObject","inLanguage":"pt-BR","@id":"https:\/\/about.fb.com\/br\/#\/schema\/logo\/image\/","url":"https:\/\/about.fb.com\/br\/wp-content\/uploads\/sites\/11\/2021\/10\/meta-social-16x9-1.jpg?fit=8000%2C4500","contentUrl":"https:\/\/about.fb.com\/br\/wp-content\/uploads\/sites\/11\/2021\/10\/meta-social-16x9-1.jpg?fit=8000%2C4500","width":8000,"height":4500,"caption":"Meta"},"image":{"@id":"https:\/\/about.fb.com\/br\/#\/schema\/logo\/image\/"}}]}},"jetpack_featured_media_url":"","jetpack-related-posts":[{"id":26541,"url":"https:\/\/about.fb.com\/br\/news\/2025\/07\/encerramento-da-publicidade-politica-eleitoral-e-de-questoes-sociais-na-ue-em-resposta-a-nova-regulacao-europeia\/","url_meta":{"origin":6802,"position":0},"title":"Encerramento da publicidade pol\u00edtica, eleitoral e de temas sociais na UE em resposta \u00e0 nova regula\u00e7\u00e3o europeia","author":"Meta","date":"25\/07\/2025","format":false,"excerpt":"A partir do in\u00edcio de outubro de 2025, deixaremos de permitir an\u00fancios pol\u00edticos, eleitorais e sobre temas sociais em nossas plataformas na Uni\u00e3o Europeia. Esta \u00e9 uma decis\u00e3o dif\u00edcil \u2013 tomada em resposta \u00e0 nova regula\u00e7\u00e3o da UE sobre Transpar\u00eancia e Segmenta\u00e7\u00e3o da Publicidade Pol\u00edtica (TTPA), que imp\u00f5e desafios operacionais\u2026","rel":"","context":"In &quot;Homepage - Hidden&quot;","block_context":{"text":"Homepage - Hidden","link":"https:\/\/about.fb.com\/br\/news\/category\/homepage-hidden\/"},"img":{"alt_text":"","src":"","width":0,"height":0},"classes":[]},{"id":26854,"url":"https:\/\/about.fb.com\/br\/news\/2025\/12\/facilitando-a-criacao-descoberta-e-compartilhamento-de-conteudo-no-facebook\/","url_meta":{"origin":6802,"position":1},"title":"Facilitando a cria\u00e7\u00e3o, descoberta e compartilhamento de conte\u00fado no Facebook","author":"Meta","date":"09\/12\/2025","format":false,"excerpt":"O foco do Facebook sempre foi facilitar a conex\u00e3o com as pessoas e coisas que voc\u00ea ama. Hoje, apresentamos melhorias que ajudam a eliminar distra\u00e7\u00f5es, permitindo que voc\u00ea atualize seu perfil, encontre novos conte\u00fados pela busca e aproveite fotos e v\u00eddeos no Feed. Feed mais inteligente, limpo e navega\u00e7\u00e3o simplificada\u2026","rel":"","context":"In &quot;Facebook&quot;","block_context":{"text":"Facebook","link":"https:\/\/about.fb.com\/br\/news\/category\/technologies\/facebook\/"},"img":{"alt_text":"","src":"https:\/\/about.fb.com\/br\/wp-content\/uploads\/sites\/11\/2025\/12\/Facebook-Profile-Simplification_Header.png?fit=1920%2C1080&resize=350%2C200","width":350,"height":200,"srcset":"https:\/\/about.fb.com\/br\/wp-content\/uploads\/sites\/11\/2025\/12\/Facebook-Profile-Simplification_Header.png?fit=1920%2C1080&resize=350%2C200 1x, https:\/\/about.fb.com\/br\/wp-content\/uploads\/sites\/11\/2025\/12\/Facebook-Profile-Simplification_Header.png?fit=1920%2C1080&resize=525%2C300 1.5x, https:\/\/about.fb.com\/br\/wp-content\/uploads\/sites\/11\/2025\/12\/Facebook-Profile-Simplification_Header.png?fit=1920%2C1080&resize=700%2C400 2x, https:\/\/about.fb.com\/br\/wp-content\/uploads\/sites\/11\/2025\/12\/Facebook-Profile-Simplification_Header.png?fit=1920%2C1080&resize=1050%2C600 3x, https:\/\/about.fb.com\/br\/wp-content\/uploads\/sites\/11\/2025\/12\/Facebook-Profile-Simplification_Header.png?fit=1920%2C1080&resize=1400%2C800 4x"},"classes":[]},{"id":27025,"url":"https:\/\/about.fb.com\/br\/news\/2026\/03\/apresentando-uma-nova-era-de-descoberta-de-produtos-impulsionada-por-ia-e-criadores\/","url_meta":{"origin":6802,"position":2},"title":"Apresentando uma nova era de descoberta de produtos impulsionada por IA e criadores","author":"Meta","date":"25\/03\/2026","format":false,"excerpt":"Todos os dias, bilh\u00f5es de pessoas acessam os aplicativos da Meta para descobrir algo novo \u2014 um produto que um criador adora, uma marca que chama sua aten\u00e7\u00e3o ou um estilo que elas nem sabiam que estavam procurando.A IA est\u00e1 ajudando a impulsionar esses momentos de descoberta, seja exibindo conte\u00fados\u2026","rel":"","context":"In &quot;Recent News&quot;","block_context":{"text":"Recent News","link":"https:\/\/about.fb.com\/br\/news\/category\/recent-news\/"},"img":{"alt_text":"","src":"https:\/\/about.fb.com\/br\/wp-content\/uploads\/sites\/11\/2026\/03\/newsroom-shoptalk.gif?w=312&resize=350%2C200","width":350,"height":200},"classes":[]},{"id":26390,"url":"https:\/\/about.fb.com\/br\/news\/2025\/05\/meta-apresenta-novas-solucoes-para-criadores-e-marcas\/","url_meta":{"origin":6802,"position":3},"title":"Meta apresenta novas solu\u00e7\u00f5es para criadores e marcas","author":"Meta","date":"08\/05\/2025","format":false,"excerpt":"Com bilh\u00f5es de intera\u00e7\u00f5es di\u00e1rias, a Meta \u00e9 o lugar onde as pessoas descobrem, se conectam e compram. Nossos diversos formatos e posicionamentos de an\u00fancios ajudam as mensagens a serem vistas e ouvidas. Somente os Reels geram 4,5 bilh\u00f5es de compartilhamentos por dia. Hoje, anunciamos novas solu\u00e7\u00f5es de marketing com\u2026","rel":"","context":"In &quot;Meta&quot;","block_context":{"text":"Meta","link":"https:\/\/about.fb.com\/br\/news\/category\/temas-home\/meta\/"},"img":{"alt_text":"","src":"https:\/\/about.fb.com\/br\/wp-content\/uploads\/sites\/11\/2025\/05\/495518465_1208029907787418_2711818781208175959_n.gif?resize=350%2C200","width":350,"height":200},"classes":[]},{"id":26696,"url":"https:\/\/about.fb.com\/br\/news\/2025\/10\/desempenho-potencializado-por-ia-para-o-agora-e-o-futuro\/","url_meta":{"origin":6802,"position":4},"title":"Desempenho potencializado por IA para o agora e o futuro","author":"Meta","date":"02\/10\/2025","format":false,"excerpt":"Para os profissionais de marketing, cada ponto de desempenho incremental pode significar a diferen\u00e7a entre empatar e bater recordes. Por isso, a Meta continua investindo em solu\u00e7\u00f5es l\u00edderes com IA, incluindo o Advantage+ e a infraestrutura que o sustenta, para ajudar empresas, anunciantes e ag\u00eancias a expandirem rapidamente. Estamos escrevendo\u2026","rel":"","context":"In &quot;Meta&quot;","block_context":{"text":"Meta","link":"https:\/\/about.fb.com\/br\/news\/category\/temas-home\/meta\/"},"img":{"alt_text":"","src":"https:\/\/about.fb.com\/br\/wp-content\/uploads\/sites\/11\/2025\/07\/Logo-Meta-1.jpg?fit=633%2C356&resize=350%2C200","width":350,"height":200,"srcset":"https:\/\/about.fb.com\/br\/wp-content\/uploads\/sites\/11\/2025\/07\/Logo-Meta-1.jpg?fit=633%2C356&resize=350%2C200 1x, https:\/\/about.fb.com\/br\/wp-content\/uploads\/sites\/11\/2025\/07\/Logo-Meta-1.jpg?fit=633%2C356&resize=525%2C300 1.5x"},"classes":[]},{"id":27012,"url":"https:\/\/about.fb.com\/br\/news\/2026\/03\/recompensando-criadores-originais-no-facebook\/","url_meta":{"origin":6802,"position":5},"title":"Recompensando Criadores Originais no Facebook","author":"Meta","date":"13\/03\/2026","format":false,"excerpt":"No \u00faltimo ano, tornamos o Feed e o Reels do Facebook mais relevantes ao reduzir conte\u00fados com caracter\u00edsticas de spam e dificultar que copycats e imitadores abafem as vozes aut\u00eanticas de criadores. Hoje, estamos compartilhando nosso progresso e destacando como criadores que publicam conte\u00fado original est\u00e3o sendo recompensados no Facebook.\u2026","rel":"","context":"In &quot;Facebook&quot;","block_context":{"text":"Facebook","link":"https:\/\/about.fb.com\/br\/news\/category\/technologies\/facebook\/"},"img":{"alt_text":"","src":"https:\/\/about.fb.com\/br\/wp-content\/uploads\/sites\/11\/2026\/03\/Originality-on-Facebook_Header.jpg?fit=1920%2C1080&resize=350%2C200","width":350,"height":200,"srcset":"https:\/\/about.fb.com\/br\/wp-content\/uploads\/sites\/11\/2026\/03\/Originality-on-Facebook_Header.jpg?fit=1920%2C1080&resize=350%2C200 1x, https:\/\/about.fb.com\/br\/wp-content\/uploads\/sites\/11\/2026\/03\/Originality-on-Facebook_Header.jpg?fit=1920%2C1080&resize=525%2C300 1.5x, https:\/\/about.fb.com\/br\/wp-content\/uploads\/sites\/11\/2026\/03\/Originality-on-Facebook_Header.jpg?fit=1920%2C1080&resize=700%2C400 2x, https:\/\/about.fb.com\/br\/wp-content\/uploads\/sites\/11\/2026\/03\/Originality-on-Facebook_Header.jpg?fit=1920%2C1080&resize=1050%2C600 3x, https:\/\/about.fb.com\/br\/wp-content\/uploads\/sites\/11\/2026\/03\/Originality-on-Facebook_Header.jpg?fit=1920%2C1080&resize=1400%2C800 4x"},"classes":[]}],"jetpack_sharing_enabled":true,"amp_enabled":true,"_links":{"self":[{"href":"https:\/\/about.fb.com\/br\/wp-json\/wp\/v2\/posts\/6802","targetHints":{"allow":["GET"]}}],"collection":[{"href":"https:\/\/about.fb.com\/br\/wp-json\/wp\/v2\/posts"}],"about":[{"href":"https:\/\/about.fb.com\/br\/wp-json\/wp\/v2\/types\/post"}],"author":[{"embeddable":true,"href":"https:\/\/about.fb.com\/br\/wp-json\/wp\/v2\/users\/81109636"}],"replies":[{"embeddable":true,"href":"https:\/\/about.fb.com\/br\/wp-json\/wp\/v2\/comments?post=6802"}],"version-history":[{"count":6,"href":"https:\/\/about.fb.com\/br\/wp-json\/wp\/v2\/posts\/6802\/revisions"}],"predecessor-version":[{"id":7826,"href":"https:\/\/about.fb.com\/br\/wp-json\/wp\/v2\/posts\/6802\/revisions\/7826"}],"wp:attachment":[{"href":"https:\/\/about.fb.com\/br\/wp-json\/wp\/v2\/media?parent=6802"}],"wp:term":[{"taxonomy":"category","embeddable":true,"href":"https:\/\/about.fb.com\/br\/wp-json\/wp\/v2\/categories?post=6802"},{"taxonomy":"post_tag","embeddable":true,"href":"https:\/\/about.fb.com\/br\/wp-json\/wp\/v2\/tags?post=6802"}],"curies":[{"name":"wp","href":"https:\/\/api.w.org\/{rel}","templated":true}]}}