{"id":6796,"date":"2018-09-28T16:34:52","date_gmt":"2018-09-28T19:34:52","guid":{"rendered":"http:\/\/br.newsroom.fb.com\/?p=6796"},"modified":"2021-06-17T10:10:12","modified_gmt":"2021-06-17T13:10:12","slug":"removendo-a-empresa-de-marketing-digital-follow-do-facebook","status":"publish","type":"post","link":"https:\/\/about.fb.com\/br\/news\/2018\/09\/removendo-a-empresa-de-marketing-digital-follow-do-facebook\/","title":{"rendered":"Removendo a empresa de marketing digital Follow do Facebook"},"content":{"rendered":"<p>Trabalhamos muito para proteger a integridade da nossa plataforma, e sabemos que isso \u00e9 especialmente importante perto de elei\u00e7\u00f5es. Recentemente, foi noticiado que uma empresa brasileira de marketing digital chamada Follow estaria recrutando pessoas no Brasil para distribuir conte\u00fado pol\u00edtico que simula ser org\u00e2nico para nossa comunidade.<\/p>\n<p>Ap\u00f3s uma investiga\u00e7\u00e3o, hoje n\u00f3s removemos 11 P\u00e1ginas e 42 Perfis diretamente associados com a atividade da Follow por violarem as nossas pol\u00edticas de autenticidade.<\/p>\n<p>Embora neste momento n\u00f3s n\u00e3o estejamos agindo contra as pessoas que podem ter sido contratadas por esta empresa, n\u00f3s estamos tomando medidas para remover o conte\u00fado associado \u00e0 Follow.<\/p>\n<p>N\u00f3s queremos que as pessoas possam confiar nas conex\u00f5es que elas t\u00eam no Facebook e, por isso, nossos <a href=\"https:\/\/www.facebook.com\/communitystandards\/misrepresentation\/\">Padr\u00f5es da Comunidade<\/a> n\u00e3o permitem que contas operem de maneira coordenada para enganar as pessoas sobre a origem de conte\u00fados ou para permitir outras viola\u00e7\u00f5es de nossas pol\u00edticas. Tamb\u00e9m n\u00e3o permitimos contas falsas.<\/p>\n<p>N\u00f3s continuamos a progredir em nossas iniciativas para evitar interfer\u00eancia em processos eleitorais, e reconhecemos que temos mais trabalho a fazer. \u00c9 por isso que estamos investindo muito em tecnologia e pessoas nesta \u00e1rea.<\/p>\n<p><img data-recalc-dims=\"1\" loading=\"lazy\" decoding=\"async\" class=\"size-large wp-image-6797 aligncenter\" src=\"https:\/\/about.fb.com\/br\/wp-content\/uploads\/sites\/3\/2018\/09\/follow-pt-1.jpg?resize=960%2C582\" alt=\"\" width=\"960\" height=\"582\" \/><\/p>\n","protected":false},"excerpt":{"rendered":"Trabalhamos muito para proteger a integridade da nossa plataforma, e sabemos que isso \u00e9 especialmente importante perto de elei\u00e7\u00f5es. Recentemente, foi noticiado que uma empresa brasileira de marketing digital chamada Follow estaria recrutando pessoas no Brasil para distribuir conte\u00fado pol\u00edtico que simula ser org\u00e2nico para nossa comunidade. Ap\u00f3s uma investiga\u00e7\u00e3o, hoje n\u00f3s removemos 11 P\u00e1ginas e 42 Perfis diretamente associados com a atividade da Follow por violarem as nossas pol\u00edticas de autenticidade. Embora neste momento n\u00f3s n\u00e3o estejamos agindo contra as pessoas que podem ter sido contratadas por esta empresa, n\u00f3s estamos tomando medidas para remover o conte\u00fado associado \u00e0 Follow. N\u00f3s queremos que as pessoas possam confiar nas conex\u00f5es que elas t\u00eam no Facebook e, por isso, nossos Padr\u00f5es da Comunidade n\u00e3o permitem que contas operem de maneira coordenada para enganar as pessoas sobre a origem de conte\u00fados ou para permitir outras viola\u00e7\u00f5es de nossas pol\u00edticas. Tamb\u00e9m n\u00e3o permitimos contas falsas. N\u00f3s continuamos a progredir em nossas iniciativas para evitar interfer\u00eancia em processos eleitorais, e reconhecemos que temos mais trabalho a fazer. \u00c9 por isso que estamos investindo muito em tecnologia e pessoas nesta \u00e1rea.","protected":false},"author":123719055,"featured_media":0,"comment_status":"closed","ping_status":"closed","sticky":false,"template":"","format":"standard","meta":{"_jetpack_memberships_contains_paid_content":false,"footnotes":""},"categories":[1],"tags":[],"class_list":["post-6796","post","type-post","status-publish","format-standard","hentry","category-recent-news"],"yoast_head":"<!-- This site is optimized with the Yoast SEO plugin v27.2 - https:\/\/yoast.com\/product\/yoast-seo-wordpress\/ -->\n<title>Removendo a empresa de marketing digital Follow do Facebook | Sobre a Meta<\/title>\n<meta name=\"robots\" content=\"index, follow, max-snippet:-1, max-image-preview:large, max-video-preview:-1\" \/>\n<link rel=\"canonical\" href=\"https:\/\/about.fb.com\/br\/news\/2018\/09\/removendo-a-empresa-de-marketing-digital-follow-do-facebook\/\" \/>\n<meta property=\"og:locale\" content=\"pt_BR\" \/>\n<meta property=\"og:type\" content=\"article\" \/>\n<meta property=\"og:title\" content=\"Removendo a empresa de marketing digital Follow do Facebook | Sobre a Meta\" \/>\n<meta property=\"og:description\" content=\"Trabalhamos muito para proteger a integridade da nossa plataforma, e sabemos que isso \u00e9 especialmente importante perto de elei\u00e7\u00f5es. Recentemente, foi noticiado que uma empresa brasileira de marketing digital chamada Follow estaria recrutando pessoas no Brasil para distribuir conte\u00fado pol\u00edtico que simula ser org\u00e2nico para nossa comunidade. Ap\u00f3s uma investiga\u00e7\u00e3o, hoje n\u00f3s removemos 11 P\u00e1ginas e 42 Perfis diretamente associados com a atividade da Follow por violarem as nossas pol\u00edticas de autenticidade. Embora neste momento n\u00f3s n\u00e3o estejamos agindo contra as pessoas que podem ter sido contratadas por esta empresa, n\u00f3s estamos tomando medidas para remover o conte\u00fado associado \u00e0 Follow. N\u00f3s queremos que as pessoas possam confiar nas conex\u00f5es que elas t\u00eam no Facebook e, por isso, nossos Padr\u00f5es da Comunidade n\u00e3o permitem que contas operem de maneira coordenada para enganar as pessoas sobre a origem de conte\u00fados ou para permitir outras viola\u00e7\u00f5es de nossas pol\u00edticas. Tamb\u00e9m n\u00e3o permitimos contas falsas. N\u00f3s continuamos a progredir em nossas iniciativas para evitar interfer\u00eancia em processos eleitorais, e reconhecemos que temos mais trabalho a fazer. \u00c9 por isso que estamos investindo muito em tecnologia e pessoas nesta \u00e1rea.\" \/>\n<meta property=\"og:url\" content=\"https:\/\/about.fb.com\/br\/news\/2018\/09\/removendo-a-empresa-de-marketing-digital-follow-do-facebook\/\" \/>\n<meta property=\"og:site_name\" content=\"Sobre a Meta\" \/>\n<meta property=\"article:published_time\" content=\"2018-09-28T19:34:52+00:00\" \/>\n<meta property=\"article:modified_time\" content=\"2021-06-17T13:10:12+00:00\" \/>\n<meta property=\"og:image\" content=\"https:\/\/about.fb.com\/br\/wp-content\/uploads\/sites\/3\/2018\/09\/follow-pt-1.jpg\" \/>\n<meta name=\"author\" content=\"cesarbianconi\" \/>\n<meta name=\"twitter:card\" content=\"summary_large_image\" \/>\n<meta name=\"twitter:label1\" content=\"Written by\" \/>\n\t<meta name=\"twitter:data1\" content=\"Meta\" \/>\n\t<meta name=\"twitter:label2\" content=\"Est. reading time\" \/>\n\t<meta name=\"twitter:data2\" content=\"1 minuto\" \/>\n<script type=\"application\/ld+json\" class=\"yoast-schema-graph\">{\"@context\":\"https:\/\/schema.org\",\"@graph\":[{\"@type\":\"Article\",\"@id\":\"https:\/\/about.fb.com\/br\/news\/2018\/09\/removendo-a-empresa-de-marketing-digital-follow-do-facebook\/#article\",\"isPartOf\":{\"@id\":\"https:\/\/about.fb.com\/br\/news\/2018\/09\/removendo-a-empresa-de-marketing-digital-follow-do-facebook\/\"},\"author\":\"Facebook company\",\"headline\":\"Removendo a empresa de marketing digital Follow do Facebook\",\"datePublished\":\"2018-09-28T19:34:52+00:00\",\"dateModified\":\"2021-06-17T13:10:12+00:00\",\"mainEntityOfPage\":{\"@id\":\"https:\/\/about.fb.com\/br\/news\/2018\/09\/removendo-a-empresa-de-marketing-digital-follow-do-facebook\/\"},\"wordCount\":215,\"publisher\":{\"@id\":\"https:\/\/about.fb.com\/br\/#organization\"},\"image\":{\"@id\":\"https:\/\/about.fb.com\/br\/news\/2018\/09\/removendo-a-empresa-de-marketing-digital-follow-do-facebook\/#primaryimage\"},\"thumbnailUrl\":\"https:\/\/about.fb.com\/br\/wp-content\/uploads\/sites\/3\/2018\/09\/follow-pt-1.jpg\",\"articleSection\":[\"Recent News\"],\"inLanguage\":\"pt-BR\"},{\"@type\":\"WebPage\",\"@id\":\"https:\/\/about.fb.com\/br\/news\/2018\/09\/removendo-a-empresa-de-marketing-digital-follow-do-facebook\/\",\"url\":\"https:\/\/about.fb.com\/br\/news\/2018\/09\/removendo-a-empresa-de-marketing-digital-follow-do-facebook\/\",\"name\":\"Removendo a empresa de marketing digital Follow do Facebook | Sobre a Meta\",\"isPartOf\":{\"@id\":\"https:\/\/about.fb.com\/br\/#website\"},\"primaryImageOfPage\":{\"@id\":\"https:\/\/about.fb.com\/br\/news\/2018\/09\/removendo-a-empresa-de-marketing-digital-follow-do-facebook\/#primaryimage\"},\"image\":{\"@id\":\"https:\/\/about.fb.com\/br\/news\/2018\/09\/removendo-a-empresa-de-marketing-digital-follow-do-facebook\/#primaryimage\"},\"thumbnailUrl\":\"https:\/\/about.fb.com\/br\/wp-content\/uploads\/sites\/3\/2018\/09\/follow-pt-1.jpg\",\"datePublished\":\"2018-09-28T19:34:52+00:00\",\"dateModified\":\"2021-06-17T13:10:12+00:00\",\"breadcrumb\":{\"@id\":\"https:\/\/about.fb.com\/br\/news\/2018\/09\/removendo-a-empresa-de-marketing-digital-follow-do-facebook\/#breadcrumb\"},\"inLanguage\":\"pt-BR\",\"potentialAction\":[{\"@type\":\"ReadAction\",\"target\":[\"https:\/\/about.fb.com\/br\/news\/2018\/09\/removendo-a-empresa-de-marketing-digital-follow-do-facebook\/\"]}],\"author\":\"Sobre a Meta\"},{\"@type\":\"ImageObject\",\"inLanguage\":\"pt-BR\",\"@id\":\"https:\/\/about.fb.com\/br\/news\/2018\/09\/removendo-a-empresa-de-marketing-digital-follow-do-facebook\/#primaryimage\",\"url\":\"https:\/\/about.fb.com\/br\/wp-content\/uploads\/sites\/3\/2018\/09\/follow-pt-1.jpg\",\"contentUrl\":\"https:\/\/about.fb.com\/br\/wp-content\/uploads\/sites\/3\/2018\/09\/follow-pt-1.jpg\"},{\"@type\":\"BreadcrumbList\",\"@id\":\"https:\/\/about.fb.com\/br\/news\/2018\/09\/removendo-a-empresa-de-marketing-digital-follow-do-facebook\/#breadcrumb\",\"itemListElement\":[{\"@type\":\"ListItem\",\"position\":1,\"name\":\"Home\",\"item\":\"https:\/\/about.fb.com\/br\/\"},{\"@type\":\"ListItem\",\"position\":2,\"name\":\"Removendo a empresa de marketing digital Follow do Facebook\"}]},{\"@type\":\"WebSite\",\"@id\":\"https:\/\/about.fb.com\/br\/#website\",\"url\":\"https:\/\/about.fb.com\/news\/\",\"name\":\"Sobre a Meta\",\"description\":\"\",\"publisher\":{\"@id\":\"https:\/\/about.fb.com\/br\/#organization\"},\"potentialAction\":[{\"@type\":\"SearchAction\",\"target\":{\"@type\":\"EntryPoint\",\"urlTemplate\":\"https:\/\/about.fb.com\/br\/?s={search_term_string}\"},\"query-input\":{\"@type\":\"PropertyValueSpecification\",\"valueRequired\":true,\"valueName\":\"search_term_string\"}}],\"inLanguage\":\"pt-BR\",\"alternateName\":[\"Meta Newsroom\",\"Meta\"]},{\"@type\":\"Organization\",\"@id\":\"https:\/\/about.fb.com\/br\/#organization\",\"name\":\"Meta\",\"url\":\"https:\/\/about.fb.com\/br\/\",\"logo\":{\"@type\":\"ImageObject\",\"inLanguage\":\"pt-BR\",\"@id\":\"https:\/\/about.fb.com\/br\/#\/schema\/logo\/image\/\",\"url\":\"https:\/\/about.fb.com\/br\/wp-content\/uploads\/sites\/11\/2021\/10\/meta-social-16x9-1.jpg?fit=8000%2C4500\",\"contentUrl\":\"https:\/\/about.fb.com\/br\/wp-content\/uploads\/sites\/11\/2021\/10\/meta-social-16x9-1.jpg?fit=8000%2C4500\",\"width\":8000,\"height\":4500,\"caption\":\"Meta\"},\"image\":{\"@id\":\"https:\/\/about.fb.com\/br\/#\/schema\/logo\/image\/\"}}]}<\/script>\n<!-- \/ Yoast SEO plugin. -->","yoast_head_json":{"title":"Removendo a empresa de marketing digital Follow do Facebook | Sobre a Meta","robots":{"index":"index","follow":"follow","max-snippet":"max-snippet:-1","max-image-preview":"max-image-preview:large","max-video-preview":"max-video-preview:-1"},"canonical":"https:\/\/about.fb.com\/br\/news\/2018\/09\/removendo-a-empresa-de-marketing-digital-follow-do-facebook\/","og_locale":"pt_BR","og_type":"article","og_title":"Removendo a empresa de marketing digital Follow do Facebook | Sobre a Meta","og_description":"Trabalhamos muito para proteger a integridade da nossa plataforma, e sabemos que isso \u00e9 especialmente importante perto de elei\u00e7\u00f5es. Recentemente, foi noticiado que uma empresa brasileira de marketing digital chamada Follow estaria recrutando pessoas no Brasil para distribuir conte\u00fado pol\u00edtico que simula ser org\u00e2nico para nossa comunidade. Ap\u00f3s uma investiga\u00e7\u00e3o, hoje n\u00f3s removemos 11 P\u00e1ginas e 42 Perfis diretamente associados com a atividade da Follow por violarem as nossas pol\u00edticas de autenticidade. Embora neste momento n\u00f3s n\u00e3o estejamos agindo contra as pessoas que podem ter sido contratadas por esta empresa, n\u00f3s estamos tomando medidas para remover o conte\u00fado associado \u00e0 Follow. N\u00f3s queremos que as pessoas possam confiar nas conex\u00f5es que elas t\u00eam no Facebook e, por isso, nossos Padr\u00f5es da Comunidade n\u00e3o permitem que contas operem de maneira coordenada para enganar as pessoas sobre a origem de conte\u00fados ou para permitir outras viola\u00e7\u00f5es de nossas pol\u00edticas. Tamb\u00e9m n\u00e3o permitimos contas falsas. N\u00f3s continuamos a progredir em nossas iniciativas para evitar interfer\u00eancia em processos eleitorais, e reconhecemos que temos mais trabalho a fazer. \u00c9 por isso que estamos investindo muito em tecnologia e pessoas nesta \u00e1rea.","og_url":"https:\/\/about.fb.com\/br\/news\/2018\/09\/removendo-a-empresa-de-marketing-digital-follow-do-facebook\/","og_site_name":"Sobre a Meta","article_published_time":"2018-09-28T19:34:52+00:00","article_modified_time":"2021-06-17T13:10:12+00:00","og_image":[{"url":"https:\/\/about.fb.com\/br\/wp-content\/uploads\/sites\/3\/2018\/09\/follow-pt-1.jpg","type":"","width":"","height":""}],"author":"cesarbianconi","twitter_card":"summary_large_image","twitter_misc":{"Written by":"Meta","Est. reading time":"1 minuto"},"schema":{"@context":"https:\/\/schema.org","@graph":[{"@type":"Article","@id":"https:\/\/about.fb.com\/br\/news\/2018\/09\/removendo-a-empresa-de-marketing-digital-follow-do-facebook\/#article","isPartOf":{"@id":"https:\/\/about.fb.com\/br\/news\/2018\/09\/removendo-a-empresa-de-marketing-digital-follow-do-facebook\/"},"author":"Facebook company","headline":"Removendo a empresa de marketing digital Follow do Facebook","datePublished":"2018-09-28T19:34:52+00:00","dateModified":"2021-06-17T13:10:12+00:00","mainEntityOfPage":{"@id":"https:\/\/about.fb.com\/br\/news\/2018\/09\/removendo-a-empresa-de-marketing-digital-follow-do-facebook\/"},"wordCount":215,"publisher":{"@id":"https:\/\/about.fb.com\/br\/#organization"},"image":{"@id":"https:\/\/about.fb.com\/br\/news\/2018\/09\/removendo-a-empresa-de-marketing-digital-follow-do-facebook\/#primaryimage"},"thumbnailUrl":"https:\/\/about.fb.com\/br\/wp-content\/uploads\/sites\/3\/2018\/09\/follow-pt-1.jpg","articleSection":["Recent News"],"inLanguage":"pt-BR"},{"@type":"WebPage","@id":"https:\/\/about.fb.com\/br\/news\/2018\/09\/removendo-a-empresa-de-marketing-digital-follow-do-facebook\/","url":"https:\/\/about.fb.com\/br\/news\/2018\/09\/removendo-a-empresa-de-marketing-digital-follow-do-facebook\/","name":"Removendo a empresa de marketing digital Follow do Facebook | Sobre a Meta","isPartOf":{"@id":"https:\/\/about.fb.com\/br\/#website"},"primaryImageOfPage":{"@id":"https:\/\/about.fb.com\/br\/news\/2018\/09\/removendo-a-empresa-de-marketing-digital-follow-do-facebook\/#primaryimage"},"image":{"@id":"https:\/\/about.fb.com\/br\/news\/2018\/09\/removendo-a-empresa-de-marketing-digital-follow-do-facebook\/#primaryimage"},"thumbnailUrl":"https:\/\/about.fb.com\/br\/wp-content\/uploads\/sites\/3\/2018\/09\/follow-pt-1.jpg","datePublished":"2018-09-28T19:34:52+00:00","dateModified":"2021-06-17T13:10:12+00:00","breadcrumb":{"@id":"https:\/\/about.fb.com\/br\/news\/2018\/09\/removendo-a-empresa-de-marketing-digital-follow-do-facebook\/#breadcrumb"},"inLanguage":"pt-BR","potentialAction":[{"@type":"ReadAction","target":["https:\/\/about.fb.com\/br\/news\/2018\/09\/removendo-a-empresa-de-marketing-digital-follow-do-facebook\/"]}],"author":"Sobre a Meta"},{"@type":"ImageObject","inLanguage":"pt-BR","@id":"https:\/\/about.fb.com\/br\/news\/2018\/09\/removendo-a-empresa-de-marketing-digital-follow-do-facebook\/#primaryimage","url":"https:\/\/about.fb.com\/br\/wp-content\/uploads\/sites\/3\/2018\/09\/follow-pt-1.jpg","contentUrl":"https:\/\/about.fb.com\/br\/wp-content\/uploads\/sites\/3\/2018\/09\/follow-pt-1.jpg"},{"@type":"BreadcrumbList","@id":"https:\/\/about.fb.com\/br\/news\/2018\/09\/removendo-a-empresa-de-marketing-digital-follow-do-facebook\/#breadcrumb","itemListElement":[{"@type":"ListItem","position":1,"name":"Home","item":"https:\/\/about.fb.com\/br\/"},{"@type":"ListItem","position":2,"name":"Removendo a empresa de marketing digital Follow do Facebook"}]},{"@type":"WebSite","@id":"https:\/\/about.fb.com\/br\/#website","url":"https:\/\/about.fb.com\/news\/","name":"Sobre a Meta","description":"","publisher":{"@id":"https:\/\/about.fb.com\/br\/#organization"},"potentialAction":[{"@type":"SearchAction","target":{"@type":"EntryPoint","urlTemplate":"https:\/\/about.fb.com\/br\/?s={search_term_string}"},"query-input":{"@type":"PropertyValueSpecification","valueRequired":true,"valueName":"search_term_string"}}],"inLanguage":"pt-BR","alternateName":["Meta Newsroom","Meta"]},{"@type":"Organization","@id":"https:\/\/about.fb.com\/br\/#organization","name":"Meta","url":"https:\/\/about.fb.com\/br\/","logo":{"@type":"ImageObject","inLanguage":"pt-BR","@id":"https:\/\/about.fb.com\/br\/#\/schema\/logo\/image\/","url":"https:\/\/about.fb.com\/br\/wp-content\/uploads\/sites\/11\/2021\/10\/meta-social-16x9-1.jpg?fit=8000%2C4500","contentUrl":"https:\/\/about.fb.com\/br\/wp-content\/uploads\/sites\/11\/2021\/10\/meta-social-16x9-1.jpg?fit=8000%2C4500","width":8000,"height":4500,"caption":"Meta"},"image":{"@id":"https:\/\/about.fb.com\/br\/#\/schema\/logo\/image\/"}}]}},"jetpack_featured_media_url":"","jetpack-related-posts":[{"id":26084,"url":"https:\/\/about.fb.com\/br\/news\/2025\/01\/mais-expressao-e-menos-erros\/","url_meta":{"origin":6796,"position":0},"title":"Mais express\u00e3o e menos erros","author":"Meta","date":"07\/01\/2025","format":false,"excerpt":"As plataformas da Meta s\u00e3o constru\u00eddas para serem lugares em que as pessoas podem se expressar livremente. Isso pode ser um pouco ca\u00f3tico. Em plataformas nas quais bilh\u00f5es de pessoas podem ter voz, tudo o que \u00e9 bom, ruim e feio est\u00e1 exposto. Mas isso \u00e9 a livre express\u00e3o.\u00a0 Em\u2026","rel":"","context":"In &quot;Recent News&quot;","block_context":{"text":"Recent News","link":"https:\/\/about.fb.com\/br\/news\/category\/recent-news\/"},"img":{"alt_text":"","src":"","width":0,"height":0},"classes":[]},{"id":26182,"url":"https:\/\/about.fb.com\/br\/news\/2025\/02\/atualizando-nossa-politica-de-armazenamento-de-lives-no-facebook\/","url_meta":{"origin":6796,"position":1},"title":"Atualizando nossa pol\u00edtica de armazenamento de Lives no Facebook","author":"Meta","date":"18\/02\/2025","format":false,"excerpt":"Pessoas em todo o mundo usam o Facebook Live para compartilhar suas experi\u00eancias com suas comunidades em tempo real. Como a maioria das visualiza\u00e7\u00f5es de v\u00eddeos ao vivo ocorrem nas primeiras semanas ap\u00f3s a transmiss\u00e3o, estamos atualizando por quanto tempo as Lives podem ser armazenadas no Facebook. A partir de\u2026","rel":"","context":"In &quot;Facebook&quot;","block_context":{"text":"Facebook","link":"https:\/\/about.fb.com\/br\/news\/category\/technologies\/facebook\/"},"img":{"alt_text":"","src":"https:\/\/about.fb.com\/br\/wp-content\/uploads\/sites\/11\/2025\/02\/Download-Live-Videos.jpg?fit=1280%2C720&resize=350%2C200","width":350,"height":200,"srcset":"https:\/\/about.fb.com\/br\/wp-content\/uploads\/sites\/11\/2025\/02\/Download-Live-Videos.jpg?fit=1280%2C720&resize=350%2C200 1x, https:\/\/about.fb.com\/br\/wp-content\/uploads\/sites\/11\/2025\/02\/Download-Live-Videos.jpg?fit=1280%2C720&resize=525%2C300 1.5x, https:\/\/about.fb.com\/br\/wp-content\/uploads\/sites\/11\/2025\/02\/Download-Live-Videos.jpg?fit=1280%2C720&resize=700%2C400 2x, https:\/\/about.fb.com\/br\/wp-content\/uploads\/sites\/11\/2025\/02\/Download-Live-Videos.jpg?fit=1280%2C720&resize=1050%2C600 3x"},"classes":[]},{"id":27001,"url":"https:\/\/about.fb.com\/br\/news\/2026\/03\/combatendo-golpistas-e-protegendo-pessoas-com-novas-tecnologias-e-parcerias\/","url_meta":{"origin":6796,"position":2},"title":"Combatendo golpistas e protegendo pessoas com novas tecnologias e parcerias","author":"Meta","date":"11\/03\/2026","format":false,"excerpt":"Os golpistas est\u00e3o constantemente evoluindo suas t\u00e1ticas \u2014 e n\u00f3s tamb\u00e9m. Todos os dias, criminosos usam m\u00e9todos cada vez mais sofisticados para enganar pessoas em nossas plataformas e pela Internet. Por isso, estamos anunciando novos investimentos em IA avan\u00e7ada, ferramentas para ajudar as pessoas a identificarem e evitarem golpistas, al\u00e9m\u2026","rel":"","context":"In &quot;Combatendo Desinforma\u00e7\u00e3o&quot;","block_context":{"text":"Combatendo Desinforma\u00e7\u00e3o","link":"https:\/\/about.fb.com\/br\/news\/category\/temas-home\/combatendo-desinformacao\/"},"img":{"alt_text":"","src":"https:\/\/about.fb.com\/br\/wp-content\/uploads\/sites\/11\/2026\/03\/Scams.jpg?fit=819%2C460&resize=350%2C200","width":350,"height":200,"srcset":"https:\/\/about.fb.com\/br\/wp-content\/uploads\/sites\/11\/2026\/03\/Scams.jpg?fit=819%2C460&resize=350%2C200 1x, https:\/\/about.fb.com\/br\/wp-content\/uploads\/sites\/11\/2026\/03\/Scams.jpg?fit=819%2C460&resize=525%2C300 1.5x, https:\/\/about.fb.com\/br\/wp-content\/uploads\/sites\/11\/2026\/03\/Scams.jpg?fit=819%2C460&resize=700%2C400 2x"},"classes":[]},{"id":26109,"url":"https:\/\/about.fb.com\/br\/news\/2025\/01\/apresentando-anuncios-no-threads-amplie-suas-campanhas-para-uma-comunidade-em-constante-crescimento\/","url_meta":{"origin":6796,"position":3},"title":"Apresentando an\u00fancios no Threads: Amplie suas campanhas para uma comunidade em constante crescimento","author":"Meta","date":"24\/01\/2025","format":false,"excerpt":"Atualiza\u00e7\u00e3o em 23 de abril de 2025: As pessoas v\u00eam aos aplicativos da Meta em busca de uma experi\u00eancia personalizada, que as ajude a descobrir neg\u00f3cios e conte\u00fados de que gostam \u2014 e os an\u00fancios s\u00e3o uma parte essencial para tornar isso poss\u00edvel. Para ajudar as pessoas a se conectarem\u2026","rel":"","context":"In &quot;Meta&quot;","block_context":{"text":"Meta","link":"https:\/\/about.fb.com\/br\/news\/category\/temas-home\/meta\/"},"img":{"alt_text":"","src":"https:\/\/about.fb.com\/br\/wp-content\/uploads\/sites\/11\/2025\/01\/asasasas.png?resize=350%2C200","width":350,"height":200},"classes":[]},{"id":26343,"url":"https:\/\/about.fb.com\/br\/news\/2025\/04\/reduzindo-conteudo-com-spam-no-facebook\/","url_meta":{"origin":6796,"position":4},"title":"Reduzindo conte\u00fado com spam no Facebook","author":"Meta","date":"24\/04\/2025","format":false,"excerpt":"Sua opini\u00e3o \u00e9 importante para n\u00f3s. O Feed do Facebook nem sempre oferece posts novos e envolventes, dos quais voc\u00ea sempre gosta. Estamos trabalhando em uma s\u00e9rie de mudan\u00e7as este ano para melhorar o Feed, ajudar os criadores de conte\u00fado a se destacar e dar \u00e0s pessoas mais controle sobre\u2026","rel":"","context":"In &quot;Facebook&quot;","block_context":{"text":"Facebook","link":"https:\/\/about.fb.com\/br\/news\/category\/technologies\/facebook\/"},"img":{"alt_text":"","src":"https:\/\/about.fb.com\/br\/wp-content\/uploads\/sites\/11\/2025\/04\/FB-Spam.jpg?fit=1280%2C720&resize=350%2C200","width":350,"height":200,"srcset":"https:\/\/about.fb.com\/br\/wp-content\/uploads\/sites\/11\/2025\/04\/FB-Spam.jpg?fit=1280%2C720&resize=350%2C200 1x, https:\/\/about.fb.com\/br\/wp-content\/uploads\/sites\/11\/2025\/04\/FB-Spam.jpg?fit=1280%2C720&resize=525%2C300 1.5x, https:\/\/about.fb.com\/br\/wp-content\/uploads\/sites\/11\/2025\/04\/FB-Spam.jpg?fit=1280%2C720&resize=700%2C400 2x, https:\/\/about.fb.com\/br\/wp-content\/uploads\/sites\/11\/2025\/04\/FB-Spam.jpg?fit=1280%2C720&resize=1050%2C600 3x"},"classes":[]},{"id":27025,"url":"https:\/\/about.fb.com\/br\/news\/2026\/03\/apresentando-uma-nova-era-de-descoberta-de-produtos-impulsionada-por-ia-e-criadores\/","url_meta":{"origin":6796,"position":5},"title":"Apresentando uma nova era de descoberta de produtos impulsionada por IA e criadores","author":"Meta","date":"25\/03\/2026","format":false,"excerpt":"Todos os dias, bilh\u00f5es de pessoas acessam os aplicativos da Meta para descobrir algo novo \u2014 um produto que um criador adora, uma marca que chama sua aten\u00e7\u00e3o ou um estilo que elas nem sabiam que estavam procurando.A IA est\u00e1 ajudando a impulsionar esses momentos de descoberta, seja exibindo conte\u00fados\u2026","rel":"","context":"In &quot;Recent News&quot;","block_context":{"text":"Recent News","link":"https:\/\/about.fb.com\/br\/news\/category\/recent-news\/"},"img":{"alt_text":"","src":"https:\/\/about.fb.com\/br\/wp-content\/uploads\/sites\/11\/2026\/03\/newsroom-shoptalk.gif?w=312&resize=350%2C200","width":350,"height":200},"classes":[]}],"jetpack_sharing_enabled":true,"amp_enabled":true,"_links":{"self":[{"href":"https:\/\/about.fb.com\/br\/wp-json\/wp\/v2\/posts\/6796","targetHints":{"allow":["GET"]}}],"collection":[{"href":"https:\/\/about.fb.com\/br\/wp-json\/wp\/v2\/posts"}],"about":[{"href":"https:\/\/about.fb.com\/br\/wp-json\/wp\/v2\/types\/post"}],"author":[{"embeddable":true,"href":"https:\/\/about.fb.com\/br\/wp-json\/wp\/v2\/users\/123719055"}],"replies":[{"embeddable":true,"href":"https:\/\/about.fb.com\/br\/wp-json\/wp\/v2\/comments?post=6796"}],"version-history":[{"count":2,"href":"https:\/\/about.fb.com\/br\/wp-json\/wp\/v2\/posts\/6796\/revisions"}],"predecessor-version":[{"id":7828,"href":"https:\/\/about.fb.com\/br\/wp-json\/wp\/v2\/posts\/6796\/revisions\/7828"}],"wp:attachment":[{"href":"https:\/\/about.fb.com\/br\/wp-json\/wp\/v2\/media?parent=6796"}],"wp:term":[{"taxonomy":"category","embeddable":true,"href":"https:\/\/about.fb.com\/br\/wp-json\/wp\/v2\/categories?post=6796"},{"taxonomy":"post_tag","embeddable":true,"href":"https:\/\/about.fb.com\/br\/wp-json\/wp\/v2\/tags?post=6796"}],"curies":[{"name":"wp","href":"https:\/\/api.w.org\/{rel}","templated":true}]}}