{"id":6519,"date":"2018-05-10T16:01:03","date_gmt":"2018-05-10T19:01:03","guid":{"rendered":"http:\/\/br.newsroom.fb.com\/?p=6519"},"modified":"2021-06-17T10:10:23","modified_gmt":"2021-06-17T13:10:23","slug":"facebook-lanca-produto-de-verificacao-de-noticias-no-brasil-em-parceria-com-aos-fatos-e-agencia-lupa","status":"publish","type":"post","link":"https:\/\/about.fb.com\/br\/news\/2018\/05\/facebook-lanca-produto-de-verificacao-de-noticias-no-brasil-em-parceria-com-aos-fatos-e-agencia-lupa\/","title":{"rendered":"Facebook lan\u00e7a produto de verifica\u00e7\u00e3o de not\u00edcias no Brasil em parceria com Aos Fatos e Ag\u00eancia Lupa"},"content":{"rendered":"<p>O Facebook lan\u00e7a no Brasil, na pr\u00f3xima semana, seu programa de verifica\u00e7\u00e3o de not\u00edcias, em parceria com as ag\u00eancias de checagem <a href=\"https:\/\/aosfatos.org\/\">Aos Fatos<\/a> e <a href=\"http:\/\/www.lupa.news\/\">Ag\u00eancia Lupa<\/a>.<\/p>\n<p>As duas ag\u00eancias de verifica\u00e7\u00e3o ter\u00e3o acesso \u00e0s not\u00edcias denunciadas como falsas pela comunidade no Facebook para analisar sua veracidade. Os conte\u00fados classificados como falsos ter\u00e3o sua distribui\u00e7\u00e3o org\u00e2nica reduzida de forma significativa no Feed de Not\u00edcias. P\u00e1ginas no Facebook que repetidamente compartilharem not\u00edcias falsas ter\u00e3o todo o seu alcance diminu\u00eddo.<\/p>\n<p><img data-recalc-dims=\"1\" loading=\"lazy\" decoding=\"async\" class=\"aligncenter size-large wp-image-6520\" src=\"https:\/\/about.fb.com\/br\/wp-content\/uploads\/sites\/11\/2018\/05\/fact-check_1-1.png?resize=960%2C406\" alt=\"\" width=\"960\" height=\"406\" \/><br \/>\nEsse mecanismo permitiu cortar em at\u00e9 80% a distribui\u00e7\u00e3o org\u00e2nica de not\u00edcias consideradas falsas por ag\u00eancias de verifica\u00e7\u00e3o parceiras nos Estados Unidos, onde a ferramenta j\u00e1 est\u00e1 funcionando h\u00e1 algum tempo.<\/p>\n<p>\u201cEstamos comprometidos em combater a dissemina\u00e7\u00e3o de not\u00edcias falsas no Facebook. Essa parceria com Aos Fatos e Ag\u00eancia Lupa \u00e9 mais um passo em nossos esfor\u00e7os para combater a desinforma\u00e7\u00e3o e melhorar a qualidade das not\u00edcias que as pessoas encontram no Facebook\u201d, afirma a l\u00edder de parcerias com ve\u00edculos de m\u00eddia do Facebook para Am\u00e9rica Latina, Cl\u00e1udia Gurfinkel.<\/p>\n<p>&#8220;Aos Fatos foi criado sob a premissa de que todas as pessoas t\u00eam direito \u00e0 informa\u00e7\u00e3o verificada. Essa iniciativa casa bem com essa filosofia, al\u00e9m de amplificar o necess\u00e1rio trabalho dos checadores de fatos durante um per\u00edodo cr\u00edtico da hist\u00f3ria brasileira&#8221;, diz a diretora de Aos Fatos, Tai Nalon.<\/p>\n<p>\u201cEntramos neste projeto com muita energia e acreditando fortemente no impacto que ele ter\u00e1, ainda mais num ano eleitoral. Melhorar a qualidade do debate p\u00fablico \u00e9 um desafio para toda a sociedade, e estamos felizes em participar desta iniciativa junto com o Facebook\u201d, diz a diretora da Ag\u00eancia Lupa, Cristina Tard\u00e1guila.<\/p>\n<p><img data-recalc-dims=\"1\" loading=\"lazy\" decoding=\"async\" class=\"aligncenter size-full wp-image-6521\" src=\"https:\/\/about.fb.com\/br\/wp-content\/uploads\/sites\/11\/2018\/05\/fact-check_2-1.png?resize=937%2C495\" alt=\"\" width=\"937\" height=\"495\" \/><\/p>\n<p>Al\u00e9m de reduzir o alcance de conte\u00fados considerados falsos, o Facebook enviar\u00e1 notifica\u00e7\u00f5es para pessoas e administradores de P\u00e1ginas que tentarem compartilhar esse conte\u00fado, alertando-os que a sua veracidade foi questionada por ag\u00eancias de verifica\u00e7\u00e3o.<\/p>\n<p>Not\u00edcias consideradas falsas pelas ag\u00eancias de verifica\u00e7\u00e3o n\u00e3o poder\u00e3o ser impulsionadas no Facebook. E as P\u00e1ginas que publicarem com frequ\u00eancia tais conte\u00fados n\u00e3o ter\u00e3o mais a op\u00e7\u00e3o de usar an\u00fancios para construir suas audi\u00eancias.<\/p>\n<p><b>Artigos Relacionados<\/b><\/p>\n<p>Aos Fatos e Ag\u00eancia Lupa poder\u00e3o, ainda, associar a sua checagem a uma not\u00edcia que tenha sido questionada. Esse texto com a checagem ser\u00e1 mostrado no Feed de Not\u00edcias por meio do recurso <i>Artigos Relacionados<\/i>, fornecendo mais contexto \u00e0s pessoas para que tomem decis\u00f5es mais informadas sobre o conte\u00fado que consomem.<\/p>\n<p>O programa de verifica\u00e7\u00e3o de not\u00edcias do Facebook est\u00e1 dispon\u00edvel em alguns pa\u00edses e conta com a parceria de organiza\u00e7\u00f5es de checagem integrantes da International Fact-Checking Network (IFCN), da <a href=\"https:\/\/www.poynter.org\/\">Poynter<\/a>.<\/p>\n","protected":false},"excerpt":{"rendered":"O Facebook lan\u00e7a no Brasil, na pr\u00f3xima semana, seu programa de verifica\u00e7\u00e3o de not\u00edcias, em parceria com as ag\u00eancias de checagem Aos Fatos e Ag\u00eancia Lupa. As duas ag\u00eancias de verifica\u00e7\u00e3o ter\u00e3o acesso \u00e0s not\u00edcias denunciadas como falsas pela comunidade no Facebook para analisar sua veracidade. Os conte\u00fados classificados como falsos ter\u00e3o sua distribui\u00e7\u00e3o org\u00e2nica reduzida de forma significativa no Feed de Not\u00edcias. P\u00e1ginas no Facebook que repetidamente compartilharem not\u00edcias falsas ter\u00e3o todo o seu alcance diminu\u00eddo. Esse mecanismo permitiu cortar em at\u00e9 80% a distribui\u00e7\u00e3o org\u00e2nica de not\u00edcias consideradas falsas por ag\u00eancias de verifica\u00e7\u00e3o parceiras nos Estados Unidos, onde a ferramenta j\u00e1 est\u00e1 funcionando h\u00e1 algum tempo. \u201cEstamos comprometidos em combater a dissemina\u00e7\u00e3o de not\u00edcias falsas no Facebook. Essa parceria com Aos Fatos e Ag\u00eancia Lupa \u00e9 mais um passo em nossos esfor\u00e7os para combater a desinforma\u00e7\u00e3o e melhorar a qualidade das not\u00edcias que as pessoas encontram no Facebook\u201d, afirma a l\u00edder de parcerias com ve\u00edculos de m\u00eddia do Facebook para Am\u00e9rica Latina, Cl\u00e1udia Gurfinkel. &#8220;Aos Fatos foi criado sob a premissa de que todas as pessoas t\u00eam direito \u00e0 informa\u00e7\u00e3o verificada. Essa iniciativa casa bem com essa filosofia, al\u00e9m de amplificar o necess\u00e1rio trabalho dos checadores de fatos durante um per\u00edodo cr\u00edtico da hist\u00f3ria brasileira&#8221;, diz a diretora de Aos Fatos, Tai Nalon. \u201cEntramos neste projeto com muita energia e acreditando fortemente no impacto que ele ter\u00e1, ainda mais num ano eleitoral. Melhorar a qualidade do debate p\u00fablico \u00e9 um desafio para toda a sociedade, e estamos felizes em participar desta iniciativa junto com o Facebook\u201d, diz a diretora da Ag\u00eancia Lupa, Cristina Tard\u00e1guila. Al\u00e9m de reduzir o alcance de conte\u00fados considerados falsos, o Facebook enviar\u00e1 notifica\u00e7\u00f5es para pessoas e administradores de P\u00e1ginas que tentarem compartilhar esse conte\u00fado, alertando-os que a sua veracidade foi questionada por ag\u00eancias de verifica\u00e7\u00e3o. Not\u00edcias consideradas falsas pelas ag\u00eancias de verifica\u00e7\u00e3o n\u00e3o poder\u00e3o ser impulsionadas no Facebook. E as P\u00e1ginas que publicarem com frequ\u00eancia tais conte\u00fados n\u00e3o ter\u00e3o mais a op\u00e7\u00e3o de usar an\u00fancios para construir suas audi\u00eancias. Artigos Relacionados Aos Fatos e Ag\u00eancia Lupa poder\u00e3o, ainda, associar a sua checagem a uma not\u00edcia que tenha sido questionada. Esse texto com a checagem ser\u00e1 mostrado no Feed de Not\u00edcias por meio do recurso Artigos Relacionados, fornecendo mais contexto \u00e0s pessoas para que tomem decis\u00f5es mais informadas sobre o conte\u00fado que consomem. O programa de verifica\u00e7\u00e3o de not\u00edcias do Facebook est\u00e1 dispon\u00edvel em alguns pa\u00edses e conta com a parceria de organiza\u00e7\u00f5es de checagem integrantes da International Fact-Checking Network (IFCN), da Poynter.","protected":false},"author":81109636,"featured_media":0,"comment_status":"closed","ping_status":"closed","sticky":false,"template":"","format":"standard","meta":{"_jetpack_newsletter_access":"","_jetpack_dont_email_post_to_subs":false,"_jetpack_newsletter_tier_id":0,"_jetpack_memberships_contains_paywalled_content":false,"_jetpack_feature_clip_id":0,"_jetpack_memberships_contains_paid_content":false,"footnotes":"","jetpack_post_was_ever_published":false},"categories":[1],"tags":[396542046,396542045,396542047,396542043,396542044],"class_list":["post-6519","post","type-post","status-publish","format-standard","hentry","category-recent-news","tag-agencia-lupa","tag-aos-fatos","tag-artigos-relacionados","tag-fact-checking","tag-verificacao-de-noticias"],"yoast_head":"<!-- This site is optimized with the Yoast SEO plugin v27.2 - https:\/\/yoast.com\/product\/yoast-seo-wordpress\/ -->\n<title>Facebook lan\u00e7a produto de verifica\u00e7\u00e3o de not\u00edcias no Brasil em parceria com Aos Fatos e Ag\u00eancia Lupa | Sobre a Meta<\/title>\n<meta name=\"robots\" content=\"index, follow, max-snippet:-1, max-image-preview:large, max-video-preview:-1\" \/>\n<link rel=\"canonical\" href=\"https:\/\/about.fb.com\/br\/news\/2018\/05\/facebook-lanca-produto-de-verificacao-de-noticias-no-brasil-em-parceria-com-aos-fatos-e-agencia-lupa\/\" \/>\n<meta property=\"og:locale\" content=\"pt_BR\" \/>\n<meta property=\"og:type\" content=\"article\" \/>\n<meta property=\"og:title\" content=\"Facebook lan\u00e7a produto de verifica\u00e7\u00e3o de not\u00edcias no Brasil em parceria com Aos Fatos e Ag\u00eancia Lupa | Sobre a Meta\" \/>\n<meta property=\"og:description\" content=\"O Facebook lan\u00e7a no Brasil, na pr\u00f3xima semana, seu programa de verifica\u00e7\u00e3o de not\u00edcias, em parceria com as ag\u00eancias de checagem Aos Fatos e Ag\u00eancia Lupa. As duas ag\u00eancias de verifica\u00e7\u00e3o ter\u00e3o acesso \u00e0s not\u00edcias denunciadas como falsas pela comunidade no Facebook para analisar sua veracidade. Os conte\u00fados classificados como falsos ter\u00e3o sua distribui\u00e7\u00e3o org\u00e2nica reduzida de forma significativa no Feed de Not\u00edcias. P\u00e1ginas no Facebook que repetidamente compartilharem not\u00edcias falsas ter\u00e3o todo o seu alcance diminu\u00eddo. Esse mecanismo permitiu cortar em at\u00e9 80% a distribui\u00e7\u00e3o org\u00e2nica de not\u00edcias consideradas falsas por ag\u00eancias de verifica\u00e7\u00e3o parceiras nos Estados Unidos, onde a ferramenta j\u00e1 est\u00e1 funcionando h\u00e1 algum tempo. \u201cEstamos comprometidos em combater a dissemina\u00e7\u00e3o de not\u00edcias falsas no Facebook. Essa parceria com Aos Fatos e Ag\u00eancia Lupa \u00e9 mais um passo em nossos esfor\u00e7os para combater a desinforma\u00e7\u00e3o e melhorar a qualidade das not\u00edcias que as pessoas encontram no Facebook\u201d, afirma a l\u00edder de parcerias com ve\u00edculos de m\u00eddia do Facebook para Am\u00e9rica Latina, Cl\u00e1udia Gurfinkel. &#8220;Aos Fatos foi criado sob a premissa de que todas as pessoas t\u00eam direito \u00e0 informa\u00e7\u00e3o verificada. Essa iniciativa casa bem com essa filosofia, al\u00e9m de amplificar o necess\u00e1rio trabalho dos checadores de fatos durante um per\u00edodo cr\u00edtico da hist\u00f3ria brasileira&#8221;, diz a diretora de Aos Fatos, Tai Nalon. \u201cEntramos neste projeto com muita energia e acreditando fortemente no impacto que ele ter\u00e1, ainda mais num ano eleitoral. Melhorar a qualidade do debate p\u00fablico \u00e9 um desafio para toda a sociedade, e estamos felizes em participar desta iniciativa junto com o Facebook\u201d, diz a diretora da Ag\u00eancia Lupa, Cristina Tard\u00e1guila. Al\u00e9m de reduzir o alcance de conte\u00fados considerados falsos, o Facebook enviar\u00e1 notifica\u00e7\u00f5es para pessoas e administradores de P\u00e1ginas que tentarem compartilhar esse conte\u00fado, alertando-os que a sua veracidade foi questionada por ag\u00eancias de verifica\u00e7\u00e3o. Not\u00edcias consideradas falsas pelas ag\u00eancias de verifica\u00e7\u00e3o n\u00e3o poder\u00e3o ser impulsionadas no Facebook. E as P\u00e1ginas que publicarem com frequ\u00eancia tais conte\u00fados n\u00e3o ter\u00e3o mais a op\u00e7\u00e3o de usar an\u00fancios para construir suas audi\u00eancias. Artigos Relacionados Aos Fatos e Ag\u00eancia Lupa poder\u00e3o, ainda, associar a sua checagem a uma not\u00edcia que tenha sido questionada. Esse texto com a checagem ser\u00e1 mostrado no Feed de Not\u00edcias por meio do recurso Artigos Relacionados, fornecendo mais contexto \u00e0s pessoas para que tomem decis\u00f5es mais informadas sobre o conte\u00fado que consomem. O programa de verifica\u00e7\u00e3o de not\u00edcias do Facebook est\u00e1 dispon\u00edvel em alguns pa\u00edses e conta com a parceria de organiza\u00e7\u00f5es de checagem integrantes da International Fact-Checking Network (IFCN), da Poynter.\" \/>\n<meta property=\"og:url\" content=\"https:\/\/about.fb.com\/br\/news\/2018\/05\/facebook-lanca-produto-de-verificacao-de-noticias-no-brasil-em-parceria-com-aos-fatos-e-agencia-lupa\/\" \/>\n<meta property=\"og:site_name\" content=\"Sobre a Meta\" \/>\n<meta property=\"article:published_time\" content=\"2018-05-10T19:01:03+00:00\" \/>\n<meta property=\"article:modified_time\" content=\"2021-06-17T13:10:23+00:00\" \/>\n<meta property=\"og:image\" content=\"https:\/\/about.fb.com\/br\/wp-content\/uploads\/sites\/11\/2018\/05\/fact-check_1-1.png\" \/>\n<meta name=\"author\" content=\"facebookbr\" \/>\n<meta name=\"twitter:card\" content=\"summary_large_image\" \/>\n<meta name=\"twitter:label1\" content=\"Written by\" \/>\n\t<meta name=\"twitter:data1\" content=\"Meta\" \/>\n\t<meta name=\"twitter:label2\" content=\"Est. reading time\" \/>\n\t<meta name=\"twitter:data2\" content=\"2 minutos\" \/>\n<script type=\"application\/ld+json\" class=\"yoast-schema-graph\">{\"@context\":\"https:\/\/schema.org\",\"@graph\":[{\"@type\":\"Article\",\"@id\":\"https:\/\/about.fb.com\/br\/news\/2018\/05\/facebook-lanca-produto-de-verificacao-de-noticias-no-brasil-em-parceria-com-aos-fatos-e-agencia-lupa\/#article\",\"isPartOf\":{\"@id\":\"https:\/\/about.fb.com\/br\/news\/2018\/05\/facebook-lanca-produto-de-verificacao-de-noticias-no-brasil-em-parceria-com-aos-fatos-e-agencia-lupa\/\"},\"author\":\"Facebook company\",\"headline\":\"Facebook lan\u00e7a produto de verifica\u00e7\u00e3o de not\u00edcias no Brasil em parceria com Aos Fatos e Ag\u00eancia Lupa\",\"datePublished\":\"2018-05-10T19:01:03+00:00\",\"dateModified\":\"2021-06-17T13:10:23+00:00\",\"mainEntityOfPage\":{\"@id\":\"https:\/\/about.fb.com\/br\/news\/2018\/05\/facebook-lanca-produto-de-verificacao-de-noticias-no-brasil-em-parceria-com-aos-fatos-e-agencia-lupa\/\"},\"wordCount\":511,\"publisher\":{\"@id\":\"https:\/\/about.fb.com\/br\/#organization\"},\"image\":{\"@id\":\"https:\/\/about.fb.com\/br\/news\/2018\/05\/facebook-lanca-produto-de-verificacao-de-noticias-no-brasil-em-parceria-com-aos-fatos-e-agencia-lupa\/#primaryimage\"},\"thumbnailUrl\":\"https:\/\/about.fb.com\/br\/wp-content\/uploads\/sites\/11\/2018\/05\/fact-check_1-1.png\",\"keywords\":[\"Ag\u00eancia Lupa\",\"Aos Fatos\",\"Artigos Relacionados\",\"fact checking\",\"verifica\u00e7\u00e3o de not\u00edcias\"],\"articleSection\":[\"Recent News\"],\"inLanguage\":\"pt-BR\"},{\"@type\":\"WebPage\",\"@id\":\"https:\/\/about.fb.com\/br\/news\/2018\/05\/facebook-lanca-produto-de-verificacao-de-noticias-no-brasil-em-parceria-com-aos-fatos-e-agencia-lupa\/\",\"url\":\"https:\/\/about.fb.com\/br\/news\/2018\/05\/facebook-lanca-produto-de-verificacao-de-noticias-no-brasil-em-parceria-com-aos-fatos-e-agencia-lupa\/\",\"name\":\"Facebook lan\u00e7a produto de verifica\u00e7\u00e3o de not\u00edcias no Brasil em parceria com Aos Fatos e Ag\u00eancia Lupa | Sobre a Meta\",\"isPartOf\":{\"@id\":\"https:\/\/about.fb.com\/br\/#website\"},\"primaryImageOfPage\":{\"@id\":\"https:\/\/about.fb.com\/br\/news\/2018\/05\/facebook-lanca-produto-de-verificacao-de-noticias-no-brasil-em-parceria-com-aos-fatos-e-agencia-lupa\/#primaryimage\"},\"image\":{\"@id\":\"https:\/\/about.fb.com\/br\/news\/2018\/05\/facebook-lanca-produto-de-verificacao-de-noticias-no-brasil-em-parceria-com-aos-fatos-e-agencia-lupa\/#primaryimage\"},\"thumbnailUrl\":\"https:\/\/about.fb.com\/br\/wp-content\/uploads\/sites\/11\/2018\/05\/fact-check_1-1.png\",\"datePublished\":\"2018-05-10T19:01:03+00:00\",\"dateModified\":\"2021-06-17T13:10:23+00:00\",\"breadcrumb\":{\"@id\":\"https:\/\/about.fb.com\/br\/news\/2018\/05\/facebook-lanca-produto-de-verificacao-de-noticias-no-brasil-em-parceria-com-aos-fatos-e-agencia-lupa\/#breadcrumb\"},\"inLanguage\":\"pt-BR\",\"potentialAction\":[{\"@type\":\"ReadAction\",\"target\":[\"https:\/\/about.fb.com\/br\/news\/2018\/05\/facebook-lanca-produto-de-verificacao-de-noticias-no-brasil-em-parceria-com-aos-fatos-e-agencia-lupa\/\"]}],\"author\":\"Sobre a Meta\"},{\"@type\":\"ImageObject\",\"inLanguage\":\"pt-BR\",\"@id\":\"https:\/\/about.fb.com\/br\/news\/2018\/05\/facebook-lanca-produto-de-verificacao-de-noticias-no-brasil-em-parceria-com-aos-fatos-e-agencia-lupa\/#primaryimage\",\"url\":\"https:\/\/about.fb.com\/br\/wp-content\/uploads\/sites\/11\/2018\/05\/fact-check_1-1.png?fit=960%2C405\",\"contentUrl\":\"https:\/\/about.fb.com\/br\/wp-content\/uploads\/sites\/11\/2018\/05\/fact-check_1-1.png?fit=960%2C405\",\"width\":960,\"height\":405},{\"@type\":\"BreadcrumbList\",\"@id\":\"https:\/\/about.fb.com\/br\/news\/2018\/05\/facebook-lanca-produto-de-verificacao-de-noticias-no-brasil-em-parceria-com-aos-fatos-e-agencia-lupa\/#breadcrumb\",\"itemListElement\":[{\"@type\":\"ListItem\",\"position\":1,\"name\":\"Home\",\"item\":\"https:\/\/about.fb.com\/br\/\"},{\"@type\":\"ListItem\",\"position\":2,\"name\":\"Facebook lan\u00e7a produto de verifica\u00e7\u00e3o de not\u00edcias no Brasil em parceria com Aos Fatos e Ag\u00eancia Lupa\"}]},{\"@type\":\"WebSite\",\"@id\":\"https:\/\/about.fb.com\/br\/#website\",\"url\":\"https:\/\/about.fb.com\/news\/\",\"name\":\"Sobre a Meta\",\"description\":\"\",\"publisher\":{\"@id\":\"https:\/\/about.fb.com\/br\/#organization\"},\"potentialAction\":[{\"@type\":\"SearchAction\",\"target\":{\"@type\":\"EntryPoint\",\"urlTemplate\":\"https:\/\/about.fb.com\/br\/?s={search_term_string}\"},\"query-input\":{\"@type\":\"PropertyValueSpecification\",\"valueRequired\":true,\"valueName\":\"search_term_string\"}}],\"inLanguage\":\"pt-BR\",\"alternateName\":[\"Meta Newsroom\",\"Meta\"]},{\"@type\":\"Organization\",\"@id\":\"https:\/\/about.fb.com\/br\/#organization\",\"name\":\"Meta\",\"url\":\"https:\/\/about.fb.com\/br\/\",\"logo\":{\"@type\":\"ImageObject\",\"inLanguage\":\"pt-BR\",\"@id\":\"https:\/\/about.fb.com\/br\/#\/schema\/logo\/image\/\",\"url\":\"https:\/\/about.fb.com\/br\/wp-content\/uploads\/sites\/11\/2021\/10\/meta-social-16x9-1.jpg?fit=8000%2C4500\",\"contentUrl\":\"https:\/\/about.fb.com\/br\/wp-content\/uploads\/sites\/11\/2021\/10\/meta-social-16x9-1.jpg?fit=8000%2C4500\",\"width\":8000,\"height\":4500,\"caption\":\"Meta\"},\"image\":{\"@id\":\"https:\/\/about.fb.com\/br\/#\/schema\/logo\/image\/\"}}]}<\/script>\n<!-- \/ Yoast SEO plugin. -->","yoast_head_json":{"title":"Facebook lan\u00e7a produto de verifica\u00e7\u00e3o de not\u00edcias no Brasil em parceria com Aos Fatos e Ag\u00eancia Lupa | Sobre a Meta","robots":{"index":"index","follow":"follow","max-snippet":"max-snippet:-1","max-image-preview":"max-image-preview:large","max-video-preview":"max-video-preview:-1"},"canonical":"https:\/\/about.fb.com\/br\/news\/2018\/05\/facebook-lanca-produto-de-verificacao-de-noticias-no-brasil-em-parceria-com-aos-fatos-e-agencia-lupa\/","og_locale":"pt_BR","og_type":"article","og_title":"Facebook lan\u00e7a produto de verifica\u00e7\u00e3o de not\u00edcias no Brasil em parceria com Aos Fatos e Ag\u00eancia Lupa | Sobre a Meta","og_description":"O Facebook lan\u00e7a no Brasil, na pr\u00f3xima semana, seu programa de verifica\u00e7\u00e3o de not\u00edcias, em parceria com as ag\u00eancias de checagem Aos Fatos e Ag\u00eancia Lupa. As duas ag\u00eancias de verifica\u00e7\u00e3o ter\u00e3o acesso \u00e0s not\u00edcias denunciadas como falsas pela comunidade no Facebook para analisar sua veracidade. Os conte\u00fados classificados como falsos ter\u00e3o sua distribui\u00e7\u00e3o org\u00e2nica reduzida de forma significativa no Feed de Not\u00edcias. P\u00e1ginas no Facebook que repetidamente compartilharem not\u00edcias falsas ter\u00e3o todo o seu alcance diminu\u00eddo. Esse mecanismo permitiu cortar em at\u00e9 80% a distribui\u00e7\u00e3o org\u00e2nica de not\u00edcias consideradas falsas por ag\u00eancias de verifica\u00e7\u00e3o parceiras nos Estados Unidos, onde a ferramenta j\u00e1 est\u00e1 funcionando h\u00e1 algum tempo. \u201cEstamos comprometidos em combater a dissemina\u00e7\u00e3o de not\u00edcias falsas no Facebook. Essa parceria com Aos Fatos e Ag\u00eancia Lupa \u00e9 mais um passo em nossos esfor\u00e7os para combater a desinforma\u00e7\u00e3o e melhorar a qualidade das not\u00edcias que as pessoas encontram no Facebook\u201d, afirma a l\u00edder de parcerias com ve\u00edculos de m\u00eddia do Facebook para Am\u00e9rica Latina, Cl\u00e1udia Gurfinkel. &#8220;Aos Fatos foi criado sob a premissa de que todas as pessoas t\u00eam direito \u00e0 informa\u00e7\u00e3o verificada. Essa iniciativa casa bem com essa filosofia, al\u00e9m de amplificar o necess\u00e1rio trabalho dos checadores de fatos durante um per\u00edodo cr\u00edtico da hist\u00f3ria brasileira&#8221;, diz a diretora de Aos Fatos, Tai Nalon. \u201cEntramos neste projeto com muita energia e acreditando fortemente no impacto que ele ter\u00e1, ainda mais num ano eleitoral. Melhorar a qualidade do debate p\u00fablico \u00e9 um desafio para toda a sociedade, e estamos felizes em participar desta iniciativa junto com o Facebook\u201d, diz a diretora da Ag\u00eancia Lupa, Cristina Tard\u00e1guila. Al\u00e9m de reduzir o alcance de conte\u00fados considerados falsos, o Facebook enviar\u00e1 notifica\u00e7\u00f5es para pessoas e administradores de P\u00e1ginas que tentarem compartilhar esse conte\u00fado, alertando-os que a sua veracidade foi questionada por ag\u00eancias de verifica\u00e7\u00e3o. Not\u00edcias consideradas falsas pelas ag\u00eancias de verifica\u00e7\u00e3o n\u00e3o poder\u00e3o ser impulsionadas no Facebook. E as P\u00e1ginas que publicarem com frequ\u00eancia tais conte\u00fados n\u00e3o ter\u00e3o mais a op\u00e7\u00e3o de usar an\u00fancios para construir suas audi\u00eancias. Artigos Relacionados Aos Fatos e Ag\u00eancia Lupa poder\u00e3o, ainda, associar a sua checagem a uma not\u00edcia que tenha sido questionada. Esse texto com a checagem ser\u00e1 mostrado no Feed de Not\u00edcias por meio do recurso Artigos Relacionados, fornecendo mais contexto \u00e0s pessoas para que tomem decis\u00f5es mais informadas sobre o conte\u00fado que consomem. O programa de verifica\u00e7\u00e3o de not\u00edcias do Facebook est\u00e1 dispon\u00edvel em alguns pa\u00edses e conta com a parceria de organiza\u00e7\u00f5es de checagem integrantes da International Fact-Checking Network (IFCN), da Poynter.","og_url":"https:\/\/about.fb.com\/br\/news\/2018\/05\/facebook-lanca-produto-de-verificacao-de-noticias-no-brasil-em-parceria-com-aos-fatos-e-agencia-lupa\/","og_site_name":"Sobre a Meta","article_published_time":"2018-05-10T19:01:03+00:00","article_modified_time":"2021-06-17T13:10:23+00:00","og_image":[{"url":"https:\/\/about.fb.com\/br\/wp-content\/uploads\/sites\/11\/2018\/05\/fact-check_1-1.png","type":"","width":"","height":""}],"author":"facebookbr","twitter_card":"summary_large_image","twitter_misc":{"Written by":"Meta","Est. reading time":"2 minutos"},"schema":{"@context":"https:\/\/schema.org","@graph":[{"@type":"Article","@id":"https:\/\/about.fb.com\/br\/news\/2018\/05\/facebook-lanca-produto-de-verificacao-de-noticias-no-brasil-em-parceria-com-aos-fatos-e-agencia-lupa\/#article","isPartOf":{"@id":"https:\/\/about.fb.com\/br\/news\/2018\/05\/facebook-lanca-produto-de-verificacao-de-noticias-no-brasil-em-parceria-com-aos-fatos-e-agencia-lupa\/"},"author":"Facebook company","headline":"Facebook lan\u00e7a produto de verifica\u00e7\u00e3o de not\u00edcias no Brasil em parceria com Aos Fatos e Ag\u00eancia Lupa","datePublished":"2018-05-10T19:01:03+00:00","dateModified":"2021-06-17T13:10:23+00:00","mainEntityOfPage":{"@id":"https:\/\/about.fb.com\/br\/news\/2018\/05\/facebook-lanca-produto-de-verificacao-de-noticias-no-brasil-em-parceria-com-aos-fatos-e-agencia-lupa\/"},"wordCount":511,"publisher":{"@id":"https:\/\/about.fb.com\/br\/#organization"},"image":{"@id":"https:\/\/about.fb.com\/br\/news\/2018\/05\/facebook-lanca-produto-de-verificacao-de-noticias-no-brasil-em-parceria-com-aos-fatos-e-agencia-lupa\/#primaryimage"},"thumbnailUrl":"https:\/\/about.fb.com\/br\/wp-content\/uploads\/sites\/11\/2018\/05\/fact-check_1-1.png","keywords":["Ag\u00eancia Lupa","Aos Fatos","Artigos Relacionados","fact checking","verifica\u00e7\u00e3o de not\u00edcias"],"articleSection":["Recent News"],"inLanguage":"pt-BR"},{"@type":"WebPage","@id":"https:\/\/about.fb.com\/br\/news\/2018\/05\/facebook-lanca-produto-de-verificacao-de-noticias-no-brasil-em-parceria-com-aos-fatos-e-agencia-lupa\/","url":"https:\/\/about.fb.com\/br\/news\/2018\/05\/facebook-lanca-produto-de-verificacao-de-noticias-no-brasil-em-parceria-com-aos-fatos-e-agencia-lupa\/","name":"Facebook lan\u00e7a produto de verifica\u00e7\u00e3o de not\u00edcias no Brasil em parceria com Aos Fatos e Ag\u00eancia Lupa | Sobre a Meta","isPartOf":{"@id":"https:\/\/about.fb.com\/br\/#website"},"primaryImageOfPage":{"@id":"https:\/\/about.fb.com\/br\/news\/2018\/05\/facebook-lanca-produto-de-verificacao-de-noticias-no-brasil-em-parceria-com-aos-fatos-e-agencia-lupa\/#primaryimage"},"image":{"@id":"https:\/\/about.fb.com\/br\/news\/2018\/05\/facebook-lanca-produto-de-verificacao-de-noticias-no-brasil-em-parceria-com-aos-fatos-e-agencia-lupa\/#primaryimage"},"thumbnailUrl":"https:\/\/about.fb.com\/br\/wp-content\/uploads\/sites\/11\/2018\/05\/fact-check_1-1.png","datePublished":"2018-05-10T19:01:03+00:00","dateModified":"2021-06-17T13:10:23+00:00","breadcrumb":{"@id":"https:\/\/about.fb.com\/br\/news\/2018\/05\/facebook-lanca-produto-de-verificacao-de-noticias-no-brasil-em-parceria-com-aos-fatos-e-agencia-lupa\/#breadcrumb"},"inLanguage":"pt-BR","potentialAction":[{"@type":"ReadAction","target":["https:\/\/about.fb.com\/br\/news\/2018\/05\/facebook-lanca-produto-de-verificacao-de-noticias-no-brasil-em-parceria-com-aos-fatos-e-agencia-lupa\/"]}],"author":"Sobre a Meta"},{"@type":"ImageObject","inLanguage":"pt-BR","@id":"https:\/\/about.fb.com\/br\/news\/2018\/05\/facebook-lanca-produto-de-verificacao-de-noticias-no-brasil-em-parceria-com-aos-fatos-e-agencia-lupa\/#primaryimage","url":"https:\/\/about.fb.com\/br\/wp-content\/uploads\/sites\/11\/2018\/05\/fact-check_1-1.png?fit=960%2C405","contentUrl":"https:\/\/about.fb.com\/br\/wp-content\/uploads\/sites\/11\/2018\/05\/fact-check_1-1.png?fit=960%2C405","width":960,"height":405},{"@type":"BreadcrumbList","@id":"https:\/\/about.fb.com\/br\/news\/2018\/05\/facebook-lanca-produto-de-verificacao-de-noticias-no-brasil-em-parceria-com-aos-fatos-e-agencia-lupa\/#breadcrumb","itemListElement":[{"@type":"ListItem","position":1,"name":"Home","item":"https:\/\/about.fb.com\/br\/"},{"@type":"ListItem","position":2,"name":"Facebook lan\u00e7a produto de verifica\u00e7\u00e3o de not\u00edcias no Brasil em parceria com Aos Fatos e Ag\u00eancia Lupa"}]},{"@type":"WebSite","@id":"https:\/\/about.fb.com\/br\/#website","url":"https:\/\/about.fb.com\/news\/","name":"Sobre a Meta","description":"","publisher":{"@id":"https:\/\/about.fb.com\/br\/#organization"},"potentialAction":[{"@type":"SearchAction","target":{"@type":"EntryPoint","urlTemplate":"https:\/\/about.fb.com\/br\/?s={search_term_string}"},"query-input":{"@type":"PropertyValueSpecification","valueRequired":true,"valueName":"search_term_string"}}],"inLanguage":"pt-BR","alternateName":["Meta Newsroom","Meta"]},{"@type":"Organization","@id":"https:\/\/about.fb.com\/br\/#organization","name":"Meta","url":"https:\/\/about.fb.com\/br\/","logo":{"@type":"ImageObject","inLanguage":"pt-BR","@id":"https:\/\/about.fb.com\/br\/#\/schema\/logo\/image\/","url":"https:\/\/about.fb.com\/br\/wp-content\/uploads\/sites\/11\/2021\/10\/meta-social-16x9-1.jpg?fit=8000%2C4500","contentUrl":"https:\/\/about.fb.com\/br\/wp-content\/uploads\/sites\/11\/2021\/10\/meta-social-16x9-1.jpg?fit=8000%2C4500","width":8000,"height":4500,"caption":"Meta"},"image":{"@id":"https:\/\/about.fb.com\/br\/#\/schema\/logo\/image\/"}}]}},"jetpack-related-posts":[{"id":26696,"url":"https:\/\/about.fb.com\/br\/news\/2025\/10\/desempenho-potencializado-por-ia-para-o-agora-e-o-futuro\/","url_meta":{"origin":6519,"position":0},"title":"Desempenho potencializado por IA para o agora e o futuro","author":"Meta","date":"02\/10\/2025","format":false,"excerpt":"Para os profissionais de marketing, cada ponto de desempenho incremental pode significar a diferen\u00e7a entre empatar e bater recordes. Por isso, a Meta continua investindo em solu\u00e7\u00f5es l\u00edderes com IA, incluindo o Advantage+ e a infraestrutura que o sustenta, para ajudar empresas, anunciantes e ag\u00eancias a expandirem rapidamente. Estamos escrevendo\u2026","rel":"","context":"In &quot;Meta&quot;","block_context":{"text":"Meta","link":"https:\/\/about.fb.com\/br\/news\/category\/temas-home\/meta\/"},"img":{"alt_text":"","src":"https:\/\/about.fb.com\/br\/wp-content\/uploads\/sites\/11\/2025\/07\/Logo-Meta-1.jpg?fit=633%2C356&resize=350%2C200","width":350,"height":200,"srcset":"https:\/\/about.fb.com\/br\/wp-content\/uploads\/sites\/11\/2025\/07\/Logo-Meta-1.jpg?fit=633%2C356&resize=350%2C200 1x, https:\/\/about.fb.com\/br\/wp-content\/uploads\/sites\/11\/2025\/07\/Logo-Meta-1.jpg?fit=633%2C356&resize=525%2C300 1.5x"},"classes":[]},{"id":27001,"url":"https:\/\/about.fb.com\/br\/news\/2026\/03\/combatendo-golpistas-e-protegendo-pessoas-com-novas-tecnologias-e-parcerias\/","url_meta":{"origin":6519,"position":1},"title":"Combatendo golpistas e protegendo pessoas com novas tecnologias e parcerias","author":"Meta","date":"11\/03\/2026","format":false,"excerpt":"Os golpistas est\u00e3o constantemente evoluindo suas t\u00e1ticas \u2014 e n\u00f3s tamb\u00e9m. Todos os dias, criminosos usam m\u00e9todos cada vez mais sofisticados para enganar pessoas em nossas plataformas e pela Internet. Por isso, estamos anunciando novos investimentos em IA avan\u00e7ada, ferramentas para ajudar as pessoas a identificarem e evitarem golpistas, al\u00e9m\u2026","rel":"","context":"In &quot;Combatendo Desinforma\u00e7\u00e3o&quot;","block_context":{"text":"Combatendo Desinforma\u00e7\u00e3o","link":"https:\/\/about.fb.com\/br\/news\/category\/temas-home\/combatendo-desinformacao\/"},"img":{"alt_text":"","src":"https:\/\/about.fb.com\/br\/wp-content\/uploads\/sites\/11\/2026\/03\/Scams.jpg?fit=819%2C460&resize=350%2C200","width":350,"height":200,"srcset":"https:\/\/about.fb.com\/br\/wp-content\/uploads\/sites\/11\/2026\/03\/Scams.jpg?fit=819%2C460&resize=350%2C200 1x, https:\/\/about.fb.com\/br\/wp-content\/uploads\/sites\/11\/2026\/03\/Scams.jpg?fit=819%2C460&resize=525%2C300 1.5x, https:\/\/about.fb.com\/br\/wp-content\/uploads\/sites\/11\/2026\/03\/Scams.jpg?fit=819%2C460&resize=700%2C400 2x"},"classes":[]},{"id":26752,"url":"https:\/\/about.fb.com\/br\/news\/2025\/10\/mes-da-conscientizacao-sobre-ciberseguranca-ajudando-idosos-a-evitar-golpes-online\/","url_meta":{"origin":6519,"position":2},"title":"M\u00eas da Conscientiza\u00e7\u00e3o sobre Ciberseguran\u00e7a: Ajudando idosos a evitar golpes online","author":"Meta","date":"21\/10\/2025","format":false,"excerpt":"O Relat\u00f3rio de Crimes Cibern\u00e9ticos de 2024 do FBI indica que adultos com 60 anos ou mais nos EUA perderam um valor combinado de 4,8 bilh\u00f5es de d\u00f3lares em golpes somente em\u00a0 2024. Criminosos usam uma variedade de t\u00e1ticas para ganhar a confian\u00e7a das pessoas e, em determinadas circunst\u00e2ncias, comprometem\u2026","rel":"","context":"In &quot;Dados e Privacidade&quot;","block_context":{"text":"Dados e Privacidade","link":"https:\/\/about.fb.com\/br\/news\/category\/temas-home\/dados-e-privacidade\/"},"img":{"alt_text":"","src":"https:\/\/about.fb.com\/br\/wp-content\/uploads\/sites\/11\/2025\/10\/Cybersecurity-Awareness-Month_Header.jpg?fit=1920%2C1080&resize=350%2C200","width":350,"height":200,"srcset":"https:\/\/about.fb.com\/br\/wp-content\/uploads\/sites\/11\/2025\/10\/Cybersecurity-Awareness-Month_Header.jpg?fit=1920%2C1080&resize=350%2C200 1x, https:\/\/about.fb.com\/br\/wp-content\/uploads\/sites\/11\/2025\/10\/Cybersecurity-Awareness-Month_Header.jpg?fit=1920%2C1080&resize=525%2C300 1.5x, https:\/\/about.fb.com\/br\/wp-content\/uploads\/sites\/11\/2025\/10\/Cybersecurity-Awareness-Month_Header.jpg?fit=1920%2C1080&resize=700%2C400 2x, https:\/\/about.fb.com\/br\/wp-content\/uploads\/sites\/11\/2025\/10\/Cybersecurity-Awareness-Month_Header.jpg?fit=1920%2C1080&resize=1050%2C600 3x, https:\/\/about.fb.com\/br\/wp-content\/uploads\/sites\/11\/2025\/10\/Cybersecurity-Awareness-Month_Header.jpg?fit=1920%2C1080&resize=1400%2C800 4x"},"classes":[]},{"id":26525,"url":"https:\/\/about.fb.com\/br\/news\/2025\/07\/combatendo-conteudo-nao-original-para-proteger-e-elevar-criadores-no-facebook\/","url_meta":{"origin":6519,"position":3},"title":"Combatendo conte\u00fado n\u00e3o original para proteger e elevar Criadores no Facebook","author":"Meta","date":"14\/07\/2025","format":false,"excerpt":"Acreditamos que os criadores devem ser celebrados por suas vozes e perspectivas \u00fanicas, e n\u00e3o ofuscados por imitadores e contas falsas. Recentemente, lan\u00e7amos uma iniciativa de longo prazo para tornar o Feed mais relevante e ajudar criadores aut\u00eanticos a se destacarem, come\u00e7ando pela redu\u00e7\u00e3o do conte\u00fado com spam. Estamos avan\u00e7ando\u2026","rel":"","context":"In &quot;Facebook&quot;","block_context":{"text":"Facebook","link":"https:\/\/about.fb.com\/br\/news\/category\/technologies\/facebook\/"},"img":{"alt_text":"","src":"https:\/\/about.fb.com\/br\/wp-content\/uploads\/sites\/11\/2025\/07\/Logo-Meta-1.jpg?fit=633%2C356&resize=350%2C200","width":350,"height":200,"srcset":"https:\/\/about.fb.com\/br\/wp-content\/uploads\/sites\/11\/2025\/07\/Logo-Meta-1.jpg?fit=633%2C356&resize=350%2C200 1x, https:\/\/about.fb.com\/br\/wp-content\/uploads\/sites\/11\/2025\/07\/Logo-Meta-1.jpg?fit=633%2C356&resize=525%2C300 1.5x"},"classes":[]},{"id":26869,"url":"https:\/\/about.fb.com\/br\/news\/2025\/12\/novas-ferramentas-com-ia-para-escalar-parcerias-entre-criadores-e-marcas\/","url_meta":{"origin":6519,"position":4},"title":"Novas ferramentas com IA para escalar parcerias entre criadores e marcas","author":"Meta","date":"11\/12\/2025","format":false,"excerpt":"[Atualizado em 30 de janeiro de 2026] Estamos compartilhando atualiza\u00e7\u00f5es adicionais que facilitam para as marcas descobrirem, avaliarem e se conectarem com criadores para campanhas de an\u00fancios em parceria usando o Marketplace de Criadores do Instagram. Expandindo o Marketplace de Criadores para empresas globalmente: A partir de hoje, estamos ampliando\u2026","rel":"","context":"In &quot;Meta&quot;","block_context":{"text":"Meta","link":"https:\/\/about.fb.com\/br\/news\/category\/temas-home\/meta\/"},"img":{"alt_text":"","src":"https:\/\/about.fb.com\/br\/wp-content\/uploads\/sites\/11\/2025\/07\/Logo-Meta-1.jpg?fit=633%2C356&resize=350%2C200","width":350,"height":200,"srcset":"https:\/\/about.fb.com\/br\/wp-content\/uploads\/sites\/11\/2025\/07\/Logo-Meta-1.jpg?fit=633%2C356&resize=350%2C200 1x, https:\/\/about.fb.com\/br\/wp-content\/uploads\/sites\/11\/2025\/07\/Logo-Meta-1.jpg?fit=633%2C356&resize=525%2C300 1.5x"},"classes":[]},{"id":27268,"url":"https:\/\/about.fb.com\/br\/news\/2026\/06\/nosso-trabalho-para-as-eleicoes-de-2026-no-brasil\/","url_meta":{"origin":6519,"position":5},"title":"Nosso trabalho para proteger as elei\u00e7\u00f5es de 2026 no Brasil","author":"Meta","date":"08\/06\/2026","format":false,"excerpt":"Atualizado em 04 de setembro de 2026 Atualizamos o guia \"Combatendo a viol\u00eancia pol\u00edtica contra as mulheres\", lan\u00e7ado originalmente em 2022. A nova vers\u00e3o traz orienta\u00e7\u00f5es sobre as ferramentas de seguran\u00e7a e privacidade dispon\u00edveis, informa\u00e7\u00f5es revisadas sobre nossas pol\u00edticas de conduta de \u00f3dio, bullying e ass\u00e9dio e desinforma\u00e7\u00e3o, e uma\u2026","rel":"","context":"In &quot;Meta&quot;","block_context":{"text":"Meta","link":"https:\/\/about.fb.com\/br\/news\/category\/temas-home\/meta\/"},"img":{"alt_text":"","src":"https:\/\/about.fb.com\/br\/wp-content\/uploads\/sites\/11\/2026\/06\/Captura-de-tela-2026-07-06-124959.png?resize=350%2C200","width":350,"height":200},"classes":[]}],"jetpack_sharing_enabled":true,"amp_enabled":true,"jetpack_featured_media_url":"","_links":{"self":[{"href":"https:\/\/about.fb.com\/br\/wp-json\/wp\/v2\/posts\/6519","targetHints":{"allow":["GET"]}}],"collection":[{"href":"https:\/\/about.fb.com\/br\/wp-json\/wp\/v2\/posts"}],"about":[{"href":"https:\/\/about.fb.com\/br\/wp-json\/wp\/v2\/types\/post"}],"author":[{"embeddable":true,"href":"https:\/\/about.fb.com\/br\/wp-json\/wp\/v2\/users\/81109636"}],"replies":[{"embeddable":true,"href":"https:\/\/about.fb.com\/br\/wp-json\/wp\/v2\/comments?post=6519"}],"version-history":[{"count":3,"href":"https:\/\/about.fb.com\/br\/wp-json\/wp\/v2\/posts\/6519\/revisions"}],"predecessor-version":[{"id":22907,"href":"https:\/\/about.fb.com\/br\/wp-json\/wp\/v2\/posts\/6519\/revisions\/22907"}],"wp:attachment":[{"href":"https:\/\/about.fb.com\/br\/wp-json\/wp\/v2\/media?parent=6519"}],"wp:term":[{"taxonomy":"category","embeddable":true,"href":"https:\/\/about.fb.com\/br\/wp-json\/wp\/v2\/categories?post=6519"},{"taxonomy":"post_tag","embeddable":true,"href":"https:\/\/about.fb.com\/br\/wp-json\/wp\/v2\/tags?post=6519"}],"curies":[{"name":"wp","href":"https:\/\/api.w.org\/{rel}","templated":true}]}}