{"id":6444,"date":"2018-03-21T15:11:38","date_gmt":"2018-03-21T18:11:38","guid":{"rendered":"http:\/\/br.newsroom.fb.com\/?p=6444"},"modified":"2021-06-17T10:10:29","modified_gmt":"2021-06-17T13:10:29","slug":"questoes-complexas-atualizacao-sobre-cambridge-analytica","status":"publish","type":"post","link":"https:\/\/about.fb.com\/br\/news\/2018\/03\/questoes-complexas-atualizacao-sobre-cambridge-analytica\/","title":{"rendered":"Quest\u00f5es complexas: Atualiza\u00e7\u00e3o sobre Cambridge Analytica"},"content":{"rendered":"<p>Hoje, Marck Zuckerberg <a href=\"https:\/\/www.facebook.com\/zuck\/posts\/10104712037900071\">anunciou<\/a> medidas que o Facebook est\u00e1 adotando para proteger mais os dados das pessoas, ap\u00f3s relatos de que a Cambridge Analytica pode ainda ter dados de pessoas do Facebook que foram obtidos de forma impr\u00f3pria. N\u00f3s compartilhamos mais informa\u00e7\u00f5es sobre nossas a\u00e7\u00f5es para prevenir abuso na nossa plataforma em um <a href=\"https:\/\/about.fb.com\/br\/2018\/03\/novas-medidas-contra-uso-abusivo-da-plataforma\/\">blog post na nossa Newsroom<\/a>.<\/p>\n<div class=\"fb-post\" data-href=\"https:\/\/www.facebook.com\/zuck\/posts\/10104712037900071\" data-width=\"552\" style=\"background-color: #fff; display: inline-block;\"><\/div>\n<p>Mark tamb\u00e9m falou com jornalistas hoje. Voc\u00ea pode ler as perguntas e respostas \u00e0 WIRED <a href=\"https:\/\/www.wired.com\/story\/mark-zuckerberg-talks-to-wired-about-facebooks-privacy-problem\/\">aqui<\/a>, as declara\u00e7\u00f5es ao The New York Times <a href=\"https:\/\/www.nytimes.com\/2018\/03\/21\/technology\/mark-zuckerberg-q-and-a.html\">aqui<\/a>, e os coment\u00e1rios \u00e0 Recode <a href=\"https:\/\/www.recode.net\/2018\/3\/22\/17150814\/transcript-interview-facebook-mark-zuckerberg-cambridge-analytica-controversy\">aqui<\/a>. Ele tamb\u00e9m deu uma entrevista \u00e0 CNN, dispon\u00edvel <a href=\"http:\/\/money.cnn.com\/2018\/03\/21\/technology\/mark-zuckerberg-cnn-interview-transcript\/index.html\">aqui<\/a>.<\/p>\n<div class=\"fb-video\" data-allowfullscreen=\"true\" data-href=\"https:\/\/www.facebook.com\/cnn\/videos\/10158152484776509\/\" style=\"background-color: #fff; display: inline-block;\"><\/div>\n<p>Leia mais sobre nossa s\u00e9rie de blog posts <a href=\"https:\/\/about.fb.com\/br\/category\/questoes-complexas\/\">Quest\u00f5es complexas<\/a>. Queremos sua opini\u00e3o sobre quais temas dever\u00edamos discutir \u2013 e seu feedback a respeito do que poder\u00edamos estar fazendo melhor. Por favor, envie sugest\u00f5es para <em><a href=\"mailto:hardquestions@fb.com\">hardquestions@fb.com<\/a>.<\/em><\/p>\n","protected":false},"excerpt":{"rendered":"Hoje, Marck Zuckerberg anunciou medidas que o Facebook est\u00e1 adotando para proteger mais os dados das pessoas, ap\u00f3s relatos de que a Cambridge Analytica pode ainda ter dados de pessoas do Facebook que foram obtidos de forma impr\u00f3pria. N\u00f3s compartilhamos mais informa\u00e7\u00f5es sobre nossas a\u00e7\u00f5es para prevenir abuso na nossa plataforma em um blog post na nossa Newsroom. Mark tamb\u00e9m falou com jornalistas hoje. Voc\u00ea pode ler as perguntas e respostas \u00e0 WIRED aqui, as declara\u00e7\u00f5es ao The New York Times aqui, e os coment\u00e1rios \u00e0 Recode aqui. Ele tamb\u00e9m deu uma entrevista \u00e0 CNN, dispon\u00edvel aqui. Leia mais sobre nossa s\u00e9rie de blog posts Quest\u00f5es complexas. Queremos sua opini\u00e3o sobre quais temas dever\u00edamos discutir \u2013 e seu feedback a respeito do que poder\u00edamos estar fazendo melhor. Por favor, envie sugest\u00f5es para hardquestions@fb.com.","protected":false},"author":123719055,"featured_media":0,"comment_status":"closed","ping_status":"closed","sticky":false,"template":"","format":"standard","meta":{"_jetpack_memberships_contains_paid_content":false,"footnotes":""},"categories":[396542015,1],"tags":[],"class_list":["post-6444","post","type-post","status-publish","format-standard","hentry","category-questoes-complexas","category-recent-news"],"yoast_head":"<!-- This site is optimized with the Yoast SEO plugin v27.2 - https:\/\/yoast.com\/product\/yoast-seo-wordpress\/ -->\n<title>Quest\u00f5es complexas: Atualiza\u00e7\u00e3o sobre Cambridge Analytica | Sobre a Meta<\/title>\n<meta name=\"robots\" content=\"index, follow, max-snippet:-1, max-image-preview:large, max-video-preview:-1\" \/>\n<link rel=\"canonical\" href=\"https:\/\/about.fb.com\/br\/news\/2018\/03\/questoes-complexas-atualizacao-sobre-cambridge-analytica\/\" \/>\n<meta property=\"og:locale\" content=\"pt_BR\" \/>\n<meta property=\"og:type\" content=\"article\" \/>\n<meta property=\"og:title\" content=\"Quest\u00f5es complexas: Atualiza\u00e7\u00e3o sobre Cambridge Analytica | Sobre a Meta\" \/>\n<meta property=\"og:description\" content=\"Hoje, Marck Zuckerberg anunciou medidas que o Facebook est\u00e1 adotando para proteger mais os dados das pessoas, ap\u00f3s relatos de que a Cambridge Analytica pode ainda ter dados de pessoas do Facebook que foram obtidos de forma impr\u00f3pria. N\u00f3s compartilhamos mais informa\u00e7\u00f5es sobre nossas a\u00e7\u00f5es para prevenir abuso na nossa plataforma em um blog post na nossa Newsroom. Mark tamb\u00e9m falou com jornalistas hoje. Voc\u00ea pode ler as perguntas e respostas \u00e0 WIRED aqui, as declara\u00e7\u00f5es ao The New York Times aqui, e os coment\u00e1rios \u00e0 Recode aqui. Ele tamb\u00e9m deu uma entrevista \u00e0 CNN, dispon\u00edvel aqui. Leia mais sobre nossa s\u00e9rie de blog posts Quest\u00f5es complexas. Queremos sua opini\u00e3o sobre quais temas dever\u00edamos discutir \u2013 e seu feedback a respeito do que poder\u00edamos estar fazendo melhor. Por favor, envie sugest\u00f5es para hardquestions@fb.com.\" \/>\n<meta property=\"og:url\" content=\"https:\/\/about.fb.com\/br\/news\/2018\/03\/questoes-complexas-atualizacao-sobre-cambridge-analytica\/\" \/>\n<meta property=\"og:site_name\" content=\"Sobre a Meta\" \/>\n<meta property=\"article:published_time\" content=\"2018-03-21T18:11:38+00:00\" \/>\n<meta property=\"article:modified_time\" content=\"2021-06-17T13:10:29+00:00\" \/>\n<meta property=\"og:image\" content=\"https:\/\/about.fb.com\/br\/wp-content\/uploads\/sites\/11\/2021\/10\/meta-social-16x9-1.jpg?resize=1024,576\" \/>\n\t<meta property=\"og:image:width\" content=\"1024\" \/>\n\t<meta property=\"og:image:height\" content=\"576\" \/>\n\t<meta property=\"og:image:type\" content=\"image\/jpeg\" \/>\n<meta name=\"author\" content=\"cesarbianconi\" \/>\n<meta name=\"twitter:card\" content=\"summary_large_image\" \/>\n<meta name=\"twitter:label1\" content=\"Written by\" \/>\n\t<meta name=\"twitter:data1\" content=\"Meta\" \/>\n\t<meta name=\"twitter:label2\" content=\"Est. reading time\" \/>\n\t<meta name=\"twitter:data2\" content=\"1 minuto\" \/>\n<script type=\"application\/ld+json\" class=\"yoast-schema-graph\">{\"@context\":\"https:\/\/schema.org\",\"@graph\":[{\"@type\":\"Article\",\"@id\":\"https:\/\/about.fb.com\/br\/news\/2018\/03\/questoes-complexas-atualizacao-sobre-cambridge-analytica\/#article\",\"isPartOf\":{\"@id\":\"https:\/\/about.fb.com\/br\/news\/2018\/03\/questoes-complexas-atualizacao-sobre-cambridge-analytica\/\"},\"author\":\"Facebook company\",\"headline\":\"Quest\u00f5es complexas: Atualiza\u00e7\u00e3o sobre Cambridge Analytica\",\"datePublished\":\"2018-03-21T18:11:38+00:00\",\"dateModified\":\"2021-06-17T13:10:29+00:00\",\"mainEntityOfPage\":{\"@id\":\"https:\/\/about.fb.com\/br\/news\/2018\/03\/questoes-complexas-atualizacao-sobre-cambridge-analytica\/\"},\"wordCount\":167,\"publisher\":{\"@id\":\"https:\/\/about.fb.com\/br\/#organization\"},\"articleSection\":[\"Quest\u00f5es complexas\",\"Recent News\"],\"inLanguage\":\"pt-BR\"},{\"@type\":\"WebPage\",\"@id\":\"https:\/\/about.fb.com\/br\/news\/2018\/03\/questoes-complexas-atualizacao-sobre-cambridge-analytica\/\",\"url\":\"https:\/\/about.fb.com\/br\/news\/2018\/03\/questoes-complexas-atualizacao-sobre-cambridge-analytica\/\",\"name\":\"Quest\u00f5es complexas: Atualiza\u00e7\u00e3o sobre Cambridge Analytica | Sobre a Meta\",\"isPartOf\":{\"@id\":\"https:\/\/about.fb.com\/br\/#website\"},\"datePublished\":\"2018-03-21T18:11:38+00:00\",\"dateModified\":\"2021-06-17T13:10:29+00:00\",\"breadcrumb\":{\"@id\":\"https:\/\/about.fb.com\/br\/news\/2018\/03\/questoes-complexas-atualizacao-sobre-cambridge-analytica\/#breadcrumb\"},\"inLanguage\":\"pt-BR\",\"potentialAction\":[{\"@type\":\"ReadAction\",\"target\":[\"https:\/\/about.fb.com\/br\/news\/2018\/03\/questoes-complexas-atualizacao-sobre-cambridge-analytica\/\"]}],\"author\":\"Sobre a Meta\"},{\"@type\":\"BreadcrumbList\",\"@id\":\"https:\/\/about.fb.com\/br\/news\/2018\/03\/questoes-complexas-atualizacao-sobre-cambridge-analytica\/#breadcrumb\",\"itemListElement\":[{\"@type\":\"ListItem\",\"position\":1,\"name\":\"Home\",\"item\":\"https:\/\/about.fb.com\/br\/\"},{\"@type\":\"ListItem\",\"position\":2,\"name\":\"Quest\u00f5es complexas: Atualiza\u00e7\u00e3o sobre Cambridge Analytica\"}]},{\"@type\":\"WebSite\",\"@id\":\"https:\/\/about.fb.com\/br\/#website\",\"url\":\"https:\/\/about.fb.com\/news\/\",\"name\":\"Sobre a Meta\",\"description\":\"\",\"publisher\":{\"@id\":\"https:\/\/about.fb.com\/br\/#organization\"},\"potentialAction\":[{\"@type\":\"SearchAction\",\"target\":{\"@type\":\"EntryPoint\",\"urlTemplate\":\"https:\/\/about.fb.com\/br\/?s={search_term_string}\"},\"query-input\":{\"@type\":\"PropertyValueSpecification\",\"valueRequired\":true,\"valueName\":\"search_term_string\"}}],\"inLanguage\":\"pt-BR\",\"alternateName\":[\"Meta Newsroom\",\"Meta\"]},{\"@type\":\"Organization\",\"@id\":\"https:\/\/about.fb.com\/br\/#organization\",\"name\":\"Meta\",\"url\":\"https:\/\/about.fb.com\/br\/\",\"logo\":{\"@type\":\"ImageObject\",\"inLanguage\":\"pt-BR\",\"@id\":\"https:\/\/about.fb.com\/br\/#\/schema\/logo\/image\/\",\"url\":\"https:\/\/about.fb.com\/br\/wp-content\/uploads\/sites\/11\/2021\/10\/meta-social-16x9-1.jpg?fit=8000%2C4500\",\"contentUrl\":\"https:\/\/about.fb.com\/br\/wp-content\/uploads\/sites\/11\/2021\/10\/meta-social-16x9-1.jpg?fit=8000%2C4500\",\"width\":8000,\"height\":4500,\"caption\":\"Meta\"},\"image\":{\"@id\":\"https:\/\/about.fb.com\/br\/#\/schema\/logo\/image\/\"}}]}<\/script>\n<!-- \/ Yoast SEO plugin. -->","yoast_head_json":{"title":"Quest\u00f5es complexas: Atualiza\u00e7\u00e3o sobre Cambridge Analytica | Sobre a Meta","robots":{"index":"index","follow":"follow","max-snippet":"max-snippet:-1","max-image-preview":"max-image-preview:large","max-video-preview":"max-video-preview:-1"},"canonical":"https:\/\/about.fb.com\/br\/news\/2018\/03\/questoes-complexas-atualizacao-sobre-cambridge-analytica\/","og_locale":"pt_BR","og_type":"article","og_title":"Quest\u00f5es complexas: Atualiza\u00e7\u00e3o sobre Cambridge Analytica | Sobre a Meta","og_description":"Hoje, Marck Zuckerberg anunciou medidas que o Facebook est\u00e1 adotando para proteger mais os dados das pessoas, ap\u00f3s relatos de que a Cambridge Analytica pode ainda ter dados de pessoas do Facebook que foram obtidos de forma impr\u00f3pria. N\u00f3s compartilhamos mais informa\u00e7\u00f5es sobre nossas a\u00e7\u00f5es para prevenir abuso na nossa plataforma em um blog post na nossa Newsroom. Mark tamb\u00e9m falou com jornalistas hoje. Voc\u00ea pode ler as perguntas e respostas \u00e0 WIRED aqui, as declara\u00e7\u00f5es ao The New York Times aqui, e os coment\u00e1rios \u00e0 Recode aqui. Ele tamb\u00e9m deu uma entrevista \u00e0 CNN, dispon\u00edvel aqui. Leia mais sobre nossa s\u00e9rie de blog posts Quest\u00f5es complexas. Queremos sua opini\u00e3o sobre quais temas dever\u00edamos discutir \u2013 e seu feedback a respeito do que poder\u00edamos estar fazendo melhor. Por favor, envie sugest\u00f5es para hardquestions@fb.com.","og_url":"https:\/\/about.fb.com\/br\/news\/2018\/03\/questoes-complexas-atualizacao-sobre-cambridge-analytica\/","og_site_name":"Sobre a Meta","article_published_time":"2018-03-21T18:11:38+00:00","article_modified_time":"2021-06-17T13:10:29+00:00","og_image":[{"width":1024,"height":576,"url":"https:\/\/about.fb.com\/br\/wp-content\/uploads\/sites\/11\/2021\/10\/meta-social-16x9-1.jpg?resize=1024,576","type":"image\/jpeg"}],"author":"cesarbianconi","twitter_card":"summary_large_image","twitter_misc":{"Written by":"Meta","Est. reading time":"1 minuto"},"schema":{"@context":"https:\/\/schema.org","@graph":[{"@type":"Article","@id":"https:\/\/about.fb.com\/br\/news\/2018\/03\/questoes-complexas-atualizacao-sobre-cambridge-analytica\/#article","isPartOf":{"@id":"https:\/\/about.fb.com\/br\/news\/2018\/03\/questoes-complexas-atualizacao-sobre-cambridge-analytica\/"},"author":"Facebook company","headline":"Quest\u00f5es complexas: Atualiza\u00e7\u00e3o sobre Cambridge Analytica","datePublished":"2018-03-21T18:11:38+00:00","dateModified":"2021-06-17T13:10:29+00:00","mainEntityOfPage":{"@id":"https:\/\/about.fb.com\/br\/news\/2018\/03\/questoes-complexas-atualizacao-sobre-cambridge-analytica\/"},"wordCount":167,"publisher":{"@id":"https:\/\/about.fb.com\/br\/#organization"},"articleSection":["Quest\u00f5es complexas","Recent News"],"inLanguage":"pt-BR"},{"@type":"WebPage","@id":"https:\/\/about.fb.com\/br\/news\/2018\/03\/questoes-complexas-atualizacao-sobre-cambridge-analytica\/","url":"https:\/\/about.fb.com\/br\/news\/2018\/03\/questoes-complexas-atualizacao-sobre-cambridge-analytica\/","name":"Quest\u00f5es complexas: Atualiza\u00e7\u00e3o sobre Cambridge Analytica | Sobre a Meta","isPartOf":{"@id":"https:\/\/about.fb.com\/br\/#website"},"datePublished":"2018-03-21T18:11:38+00:00","dateModified":"2021-06-17T13:10:29+00:00","breadcrumb":{"@id":"https:\/\/about.fb.com\/br\/news\/2018\/03\/questoes-complexas-atualizacao-sobre-cambridge-analytica\/#breadcrumb"},"inLanguage":"pt-BR","potentialAction":[{"@type":"ReadAction","target":["https:\/\/about.fb.com\/br\/news\/2018\/03\/questoes-complexas-atualizacao-sobre-cambridge-analytica\/"]}],"author":"Sobre a Meta"},{"@type":"BreadcrumbList","@id":"https:\/\/about.fb.com\/br\/news\/2018\/03\/questoes-complexas-atualizacao-sobre-cambridge-analytica\/#breadcrumb","itemListElement":[{"@type":"ListItem","position":1,"name":"Home","item":"https:\/\/about.fb.com\/br\/"},{"@type":"ListItem","position":2,"name":"Quest\u00f5es complexas: Atualiza\u00e7\u00e3o sobre Cambridge Analytica"}]},{"@type":"WebSite","@id":"https:\/\/about.fb.com\/br\/#website","url":"https:\/\/about.fb.com\/news\/","name":"Sobre a Meta","description":"","publisher":{"@id":"https:\/\/about.fb.com\/br\/#organization"},"potentialAction":[{"@type":"SearchAction","target":{"@type":"EntryPoint","urlTemplate":"https:\/\/about.fb.com\/br\/?s={search_term_string}"},"query-input":{"@type":"PropertyValueSpecification","valueRequired":true,"valueName":"search_term_string"}}],"inLanguage":"pt-BR","alternateName":["Meta Newsroom","Meta"]},{"@type":"Organization","@id":"https:\/\/about.fb.com\/br\/#organization","name":"Meta","url":"https:\/\/about.fb.com\/br\/","logo":{"@type":"ImageObject","inLanguage":"pt-BR","@id":"https:\/\/about.fb.com\/br\/#\/schema\/logo\/image\/","url":"https:\/\/about.fb.com\/br\/wp-content\/uploads\/sites\/11\/2021\/10\/meta-social-16x9-1.jpg?fit=8000%2C4500","contentUrl":"https:\/\/about.fb.com\/br\/wp-content\/uploads\/sites\/11\/2021\/10\/meta-social-16x9-1.jpg?fit=8000%2C4500","width":8000,"height":4500,"caption":"Meta"},"image":{"@id":"https:\/\/about.fb.com\/br\/#\/schema\/logo\/image\/"}}]}},"jetpack_featured_media_url":"","jetpack-related-posts":[{"id":27074,"url":"https:\/\/about.fb.com\/br\/news\/2026\/04\/apresentamos-o-muse-spark-o-primeiro-modelo-do-msl-desenvolvido-para-priorizar-as-pessoas\/","url_meta":{"origin":6444,"position":0},"title":"Apresentamos o Muse Spark: O Primeiro Modelo do MSL, Desenvolvido para Priorizar as Pessoas","author":"Meta","date":"08\/04\/2026","format":false,"excerpt":"Hoje anunciamos o Muse Spark, o primeiro de uma nova s\u00e9rie de grandes modelos de linguagem criados pelo Meta Superintelligence Labs. Estamos a caminho da superintelig\u00eancia pessoal: um assistente capaz de ajudar qualquer pessoa, em qualquer lugar, com o que mais importa para ela. Um Novo Modelo: Muse Spark Nos\u2026","rel":"","context":"In &quot;Meta&quot;","block_context":{"text":"Meta","link":"https:\/\/about.fb.com\/br\/news\/category\/temas-home\/meta\/"},"img":{"alt_text":"","src":"https:\/\/about.fb.com\/br\/wp-content\/uploads\/sites\/11\/2026\/04\/Introducing-Muse-Spark_Header.gif?fit=1920%2C1080&resize=350%2C200","width":350,"height":200,"srcset":"https:\/\/about.fb.com\/br\/wp-content\/uploads\/sites\/11\/2026\/04\/Introducing-Muse-Spark_Header.gif?fit=1920%2C1080&resize=350%2C200 1x, https:\/\/about.fb.com\/br\/wp-content\/uploads\/sites\/11\/2026\/04\/Introducing-Muse-Spark_Header.gif?fit=1920%2C1080&resize=525%2C300 1.5x, https:\/\/about.fb.com\/br\/wp-content\/uploads\/sites\/11\/2026\/04\/Introducing-Muse-Spark_Header.gif?fit=1920%2C1080&resize=700%2C400 2x, https:\/\/about.fb.com\/br\/wp-content\/uploads\/sites\/11\/2026\/04\/Introducing-Muse-Spark_Header.gif?fit=1920%2C1080&resize=1050%2C600 3x, https:\/\/about.fb.com\/br\/wp-content\/uploads\/sites\/11\/2026\/04\/Introducing-Muse-Spark_Header.gif?fit=1920%2C1080&resize=1400%2C800 4x"},"classes":[]},{"id":26118,"url":"https:\/\/about.fb.com\/br\/news\/2025\/01\/refletindo-sobre-o-investimento-de-us-8-bilhoes-da-meta-em-privacidade\/","url_meta":{"origin":6444,"position":1},"title":"Refletindo sobre o investimento de US$ 8 bilh\u00f5es da Meta em privacidade","author":"Meta","date":"28\/01\/2025","format":false,"excerpt":"Nos \u00faltimos anos, na Meta, destacamos o Dia da Privacidade de Dados com uma retrospectiva de nossos marcos de privacidade do ano anterior. Quando olhamos para tr\u00e1s, para nossas inova\u00e7\u00f5es tecnol\u00f3gicas de 2024, o denominador comum em todas elas \u00e9 uma base s\u00f3lida de privacidade. Essa base s\u00f3 foi poss\u00edvel\u2026","rel":"","context":"In &quot;Recent News&quot;","block_context":{"text":"Recent News","link":"https:\/\/about.fb.com\/br\/news\/category\/recent-news\/"},"img":{"alt_text":"","src":"","width":0,"height":0},"classes":[]},{"id":26084,"url":"https:\/\/about.fb.com\/br\/news\/2025\/01\/mais-expressao-e-menos-erros\/","url_meta":{"origin":6444,"position":2},"title":"Mais express\u00e3o e menos erros","author":"Meta","date":"07\/01\/2025","format":false,"excerpt":"As plataformas da Meta s\u00e3o constru\u00eddas para serem lugares em que as pessoas podem se expressar livremente. Isso pode ser um pouco ca\u00f3tico. Em plataformas nas quais bilh\u00f5es de pessoas podem ter voz, tudo o que \u00e9 bom, ruim e feio est\u00e1 exposto. Mas isso \u00e9 a livre express\u00e3o.\u00a0 Em\u2026","rel":"","context":"In &quot;Recent News&quot;","block_context":{"text":"Recent News","link":"https:\/\/about.fb.com\/br\/news\/category\/recent-news\/"},"img":{"alt_text":"","src":"","width":0,"height":0},"classes":[]},{"id":26823,"url":"https:\/\/about.fb.com\/br\/news\/2025\/11\/nossos-novos-modelos-sam-facilitam-a-deteccao-de-objetos-e-a-criacao-de-reconstrucoes-3d\/","url_meta":{"origin":6444,"position":3},"title":"Nossos Novos Modelos SAM Facilitam a Detec\u00e7\u00e3o de Objetos e a Cria\u00e7\u00e3o de Reconstru\u00e7\u00f5es 3D","author":"Meta","date":"19\/11\/2025","format":false,"excerpt":"Hoje, estamos animados em anunciar o SAM 3 e o SAM 3D, as mais novas adi\u00e7\u00f5es \u00e0 nossa Segment Anything Collection. O SAM 3 permite a detec\u00e7\u00e3o e o rastreamento de objetos em imagens e v\u00eddeos usando prompts de texto, e o SAM 3D possibilita a reconstru\u00e7\u00e3o 3D de objetos\u2026","rel":"","context":"In &quot;Meta&quot;","block_context":{"text":"Meta","link":"https:\/\/about.fb.com\/br\/news\/category\/temas-home\/meta\/"},"img":{"alt_text":"","src":"https:\/\/about.fb.com\/br\/wp-content\/uploads\/sites\/11\/2025\/11\/SAM3_Header-1-1.gif?fit=960%2C540&resize=350%2C200","width":350,"height":200,"srcset":"https:\/\/about.fb.com\/br\/wp-content\/uploads\/sites\/11\/2025\/11\/SAM3_Header-1-1.gif?fit=960%2C540&resize=350%2C200 1x, https:\/\/about.fb.com\/br\/wp-content\/uploads\/sites\/11\/2025\/11\/SAM3_Header-1-1.gif?fit=960%2C540&resize=525%2C300 1.5x, https:\/\/about.fb.com\/br\/wp-content\/uploads\/sites\/11\/2025\/11\/SAM3_Header-1-1.gif?fit=960%2C540&resize=700%2C400 2x"},"classes":[]},{"id":27104,"url":"https:\/\/about.fb.com\/br\/news\/2026\/04\/conta-meta-a-maneira-mais-simples-de-acessar-seus-apps-e-dispositivos\/","url_meta":{"origin":6444,"position":4},"title":"Conta Meta: a maneira mais simples de acessar seus apps e dispositivos","author":"Meta","date":"23\/04\/2026","format":false,"excerpt":"Mais pessoas do que nunca est\u00e3o usando as tecnologias da Meta, e nos \u00faltimos anos criamos novos apps e dispositivos que se tornaram parte da forma como as pessoas se conectam \u2014 do Threads \u00e0 Meta AI e aos \u00f3culos com IA. Com tantas maneiras de criar, aprender e se\u2026","rel":"","context":"In &quot;Meta&quot;","block_context":{"text":"Meta","link":"https:\/\/about.fb.com\/br\/news\/category\/temas-home\/meta\/"},"img":{"alt_text":"","src":"https:\/\/about.fb.com\/br\/wp-content\/uploads\/sites\/11\/2026\/04\/02_A-Central-Place-for-Settings_Carousel-01.jpg?resize=350%2C200","width":350,"height":200,"srcset":"https:\/\/about.fb.com\/br\/wp-content\/uploads\/sites\/11\/2026\/04\/02_A-Central-Place-for-Settings_Carousel-01.jpg?resize=350%2C200 1x, https:\/\/about.fb.com\/br\/wp-content\/uploads\/sites\/11\/2026\/04\/02_A-Central-Place-for-Settings_Carousel-01.jpg?resize=525%2C300 1.5x, https:\/\/about.fb.com\/br\/wp-content\/uploads\/sites\/11\/2026\/04\/02_A-Central-Place-for-Settings_Carousel-01.jpg?resize=700%2C400 2x, https:\/\/about.fb.com\/br\/wp-content\/uploads\/sites\/11\/2026\/04\/02_A-Central-Place-for-Settings_Carousel-01.jpg?resize=1050%2C600 3x, https:\/\/about.fb.com\/br\/wp-content\/uploads\/sites\/11\/2026\/04\/02_A-Central-Place-for-Settings_Carousel-01.jpg?resize=1400%2C800 4x"},"classes":[]},{"id":26090,"url":"https:\/\/about.fb.com\/br\/news\/2025\/01\/nova-opcao-para-adicionar-seu-whatsapp-a-central-de-contas\/","url_meta":{"origin":6444,"position":5},"title":"Nova op\u00e7\u00e3o para adicionar seu WhatsApp \u00e0 Central de Contas","author":"Meta","date":"21\/01\/2025","format":false,"excerpt":"Desde que lan\u00e7amos a Central de Contas em 2020, ela tem ajudado as pessoas a gerenciar experi\u00eancias conectadas no Facebook, no Instagram e no Meta Quest. Hoje, temos o prazer de anunciar que implementaremos uma nova op\u00e7\u00e3o para adicionar o WhatsApp \u00e0 Central de Contas nos pr\u00f3ximos meses. Nossa abordagem\u2026","rel":"","context":"In &quot;Recent News&quot;","block_context":{"text":"Recent News","link":"https:\/\/about.fb.com\/br\/news\/category\/recent-news\/"},"img":{"alt_text":"","src":"https:\/\/about.fb.com\/br\/wp-content\/uploads\/sites\/11\/2025\/01\/Portuguese-BR_WA-Accounts-Center-Integration_Header.jpg?fit=1920%2C1080&resize=350%2C200","width":350,"height":200,"srcset":"https:\/\/about.fb.com\/br\/wp-content\/uploads\/sites\/11\/2025\/01\/Portuguese-BR_WA-Accounts-Center-Integration_Header.jpg?fit=1920%2C1080&resize=350%2C200 1x, https:\/\/about.fb.com\/br\/wp-content\/uploads\/sites\/11\/2025\/01\/Portuguese-BR_WA-Accounts-Center-Integration_Header.jpg?fit=1920%2C1080&resize=525%2C300 1.5x, https:\/\/about.fb.com\/br\/wp-content\/uploads\/sites\/11\/2025\/01\/Portuguese-BR_WA-Accounts-Center-Integration_Header.jpg?fit=1920%2C1080&resize=700%2C400 2x, https:\/\/about.fb.com\/br\/wp-content\/uploads\/sites\/11\/2025\/01\/Portuguese-BR_WA-Accounts-Center-Integration_Header.jpg?fit=1920%2C1080&resize=1050%2C600 3x, https:\/\/about.fb.com\/br\/wp-content\/uploads\/sites\/11\/2025\/01\/Portuguese-BR_WA-Accounts-Center-Integration_Header.jpg?fit=1920%2C1080&resize=1400%2C800 4x"},"classes":[]}],"jetpack_sharing_enabled":true,"amp_enabled":true,"_links":{"self":[{"href":"https:\/\/about.fb.com\/br\/wp-json\/wp\/v2\/posts\/6444","targetHints":{"allow":["GET"]}}],"collection":[{"href":"https:\/\/about.fb.com\/br\/wp-json\/wp\/v2\/posts"}],"about":[{"href":"https:\/\/about.fb.com\/br\/wp-json\/wp\/v2\/types\/post"}],"author":[{"embeddable":true,"href":"https:\/\/about.fb.com\/br\/wp-json\/wp\/v2\/users\/123719055"}],"replies":[{"embeddable":true,"href":"https:\/\/about.fb.com\/br\/wp-json\/wp\/v2\/comments?post=6444"}],"version-history":[{"count":3,"href":"https:\/\/about.fb.com\/br\/wp-json\/wp\/v2\/posts\/6444\/revisions"}],"predecessor-version":[{"id":6447,"href":"https:\/\/about.fb.com\/br\/wp-json\/wp\/v2\/posts\/6444\/revisions\/6447"}],"wp:attachment":[{"href":"https:\/\/about.fb.com\/br\/wp-json\/wp\/v2\/media?parent=6444"}],"wp:term":[{"taxonomy":"category","embeddable":true,"href":"https:\/\/about.fb.com\/br\/wp-json\/wp\/v2\/categories?post=6444"},{"taxonomy":"post_tag","embeddable":true,"href":"https:\/\/about.fb.com\/br\/wp-json\/wp\/v2\/tags?post=6444"}],"curies":[{"name":"wp","href":"https:\/\/api.w.org\/{rel}","templated":true}]}}