{"id":6317,"date":"2018-01-23T15:55:24","date_gmt":"2018-01-23T18:55:24","guid":{"rendered":"http:\/\/br.newsroom.fb.com\/?p=6317"},"modified":"2021-06-17T10:10:30","modified_gmt":"2021-06-17T13:10:30","slug":"questoes-complexas-redes-sociais-e-democracia","status":"publish","type":"post","link":"https:\/\/about.fb.com\/br\/news\/2018\/01\/questoes-complexas-redes-sociais-e-democracia\/","title":{"rendered":"Quest\u00f5es complexas: Redes sociais e democracia"},"content":{"rendered":"<p><img data-recalc-dims=\"1\" decoding=\"async\" src=\"https:\/\/about.fb.com\/br\/wp-content\/uploads\/sites\/3\/2018\/01\/democracy.png?w=960\" \/><\/p>\n<p><i>Por <a href=\"https:\/\/www.facebook.com\/katieharbath\">Katie Harbath<\/a>, Diretora Global de Engajamento com Pol\u00edticos e Governos<\/i><\/p>\n<p>Para o pr\u00f3ximo assunto da nossa s\u00e9rie Quest\u00f5es Complexas, decidimos confrontar uma quest\u00e3o que tem sido importante para muitos de n\u00f3s aqui, incluindo eu mesma: qual o efeito das redes sociais sobre a democracia?<\/p>\n<p>Como algu\u00e9m que trabalha h\u00e1 mais de 14 anos com engajamento c\u00edvico digital &#8211; os \u00faltimos quatro no Facebook &#8211; vejo essa quest\u00e3o com bastante import\u00e2ncia. Durante muitos anos, a resposta pareceu mais f\u00e1cil. Da Primavera \u00c1rabe a elei\u00e7\u00f5es importantes em todo o mundo, as redes sociais pareciam positivas. A \u00faltima campanha presidencial dos Estados Unidos mudou isso, com interfer\u00eancia estrangeira que o Facebook deveria ter identificado mais rapidamente, com uma ascens\u00e3o de not\u00edcias falsas e c\u00e2maras de eco.<\/p>\n<p>Agora, estamos mais determinados do que nunca a lutar contra as influ\u00eancias negativas e garantir que nossa plataforma seja, sem d\u00favida, uma fonte para o bem da democracia. H\u00e1 muito a construir sobre esse aspecto, do papel que as redes sociais desempenham ao dar \u00e0s pessoas uma voz no processo democr\u00e1tico at\u00e9 sua capacidade de fornecer informa\u00e7\u00f5es em uma escala sem precedentes. Nosso papel \u00e9 garantir que o bem supere as for\u00e7as que podem comprometer um discurso saud\u00e1vel.<\/p>\n<p>Esse \u00e9 o tema que estamos abordando nos pr\u00f3ximos textos. Come\u00e7amos com uma perspectiva de Samidh Chakrabarti, que lidera a equipe de Produtos de Engajamento C\u00edvico do Facebook. E, pela primeira vez desde que lan\u00e7amos a s\u00e9rie Quest\u00f5es Complexas, publicaremos as opini\u00f5es de tr\u00eas proeminentes especialistas externos &#8211; nem todos concordam com a perspectiva do Facebook e oferecem algumas cr\u00edticas diretas. Estamos fazendo isso porque uma discuss\u00e3o s\u00e9ria sobre essas quest\u00f5es n\u00e3o pode ocorrer sem um debate robusto. E pedimos a eles que respondessem a uma quest\u00e3o ampla e direta: as m\u00eddias sociais s\u00e3o boas ou ruins para a democracia? Os especialistas externos s\u00e3o o professor de Harvard e autor Cass Sunstein; o ex-presidente da Est\u00f4nia e estudioso de redes sociais, Toomas Hendrik Ilves; e a professora de participa\u00e7\u00e3o pol\u00edtica na Universidade de Sydney, Ariadne Vromen. A s\u00e9rie completa de textos estar\u00e1 dispon\u00edvel <a href=\"https:\/\/newsroom.fb.com\/news\/2018\/01\/hard-questions-democracy\/\">aqui<\/a>.<\/p>\n<p>Esperamos que esta s\u00e9rie de artigos possa oferecer algumas perspectivas que voc\u00ea talvez n\u00e3o tenha pensado antes e desencadeie uma discuss\u00e3o sobre o tema. Suas vis\u00f5es s\u00e3o bem-vindas e enencorajamos voc\u00ea a compartilh\u00e1-las conosco pelo e-mail <a href=\"mailto:hardquestions@fb.com\">hardquestions@fb.com<\/a>.<\/p>\n<p><img data-recalc-dims=\"1\" decoding=\"async\" class=\" size-full wp-image-8904 alignleft\" src=\"https:\/\/about.fb.com\/br\/wp-content\/uploads\/sites\/3\/2018\/01\/dividers-171.png?w=960\" alt=\"Dividers-17\" \/><\/p>\n<p>&nbsp;<\/p>\n<p><em><strong>Samidh Chakrabarti, gerente de Produto, Engajamento C\u00edvico<\/strong><\/em><\/p>\n<p>Em todo o mundo, as m\u00eddias sociais est\u00e3o permitindo que as pessoas tenham uma voz nos governos &#8211; para discutir quest\u00f5es, se organizar ao redor de suas causas e cobrar de seus l\u00edderes pol\u00edticos. Ainda recentemente, em 2011, as redes sociais desempenharam um papel cr\u00edtico na Primavera \u00c1rabe em lugares como a Tun\u00edsia, e foram vistas como uma tecnologia para a liberta\u00e7\u00e3o.<\/p>\n<p><a href=\"https:\/\/about.fb.com\/br\/h\/questoes-complexas-quais-efeitos-as-redes-sociais-tem-sobre-a-democracia\/\">[Leia mais]<\/a><\/p>\n","protected":false},"excerpt":{"rendered":"Por Katie Harbath, Diretora Global de Engajamento com Pol\u00edticos e Governos Para o pr\u00f3ximo assunto da nossa s\u00e9rie Quest\u00f5es Complexas, decidimos confrontar uma quest\u00e3o que tem sido importante para muitos de n\u00f3s aqui, incluindo eu mesma: qual o efeito das redes sociais sobre a democracia? Como algu\u00e9m que trabalha h\u00e1 mais de 14 anos com engajamento c\u00edvico digital &#8211; os \u00faltimos quatro no Facebook &#8211; vejo essa quest\u00e3o com bastante import\u00e2ncia. Durante muitos anos, a resposta pareceu mais f\u00e1cil. Da Primavera \u00c1rabe a elei\u00e7\u00f5es importantes em todo o mundo, as redes sociais pareciam positivas. A \u00faltima campanha presidencial dos Estados Unidos mudou isso, com interfer\u00eancia estrangeira que o Facebook deveria ter identificado mais rapidamente, com uma ascens\u00e3o de not\u00edcias falsas e c\u00e2maras de eco. Agora, estamos mais determinados do que nunca a lutar contra as influ\u00eancias negativas e garantir que nossa plataforma seja, sem d\u00favida, uma fonte para o bem da democracia. H\u00e1 muito a construir sobre esse aspecto, do papel que as redes sociais desempenham ao dar \u00e0s pessoas uma voz no processo democr\u00e1tico at\u00e9 sua capacidade de fornecer informa\u00e7\u00f5es em uma escala sem precedentes. Nosso papel \u00e9 garantir que o bem supere as for\u00e7as que podem comprometer um discurso saud\u00e1vel. Esse \u00e9 o tema que estamos abordando nos pr\u00f3ximos textos. Come\u00e7amos com uma perspectiva de Samidh Chakrabarti, que lidera a equipe de Produtos de Engajamento C\u00edvico do Facebook. E, pela primeira vez desde que lan\u00e7amos a s\u00e9rie Quest\u00f5es Complexas, publicaremos as opini\u00f5es de tr\u00eas proeminentes especialistas externos &#8211; nem todos concordam com a perspectiva do Facebook e oferecem algumas cr\u00edticas diretas. Estamos fazendo isso porque uma discuss\u00e3o s\u00e9ria sobre essas quest\u00f5es n\u00e3o pode ocorrer sem um debate robusto. E pedimos a eles que respondessem a uma quest\u00e3o ampla e direta: as m\u00eddias sociais s\u00e3o boas ou ruins para a democracia? Os especialistas externos s\u00e3o o professor de Harvard e autor Cass Sunstein; o ex-presidente da Est\u00f4nia e estudioso de redes sociais, Toomas Hendrik Ilves; e a professora de participa\u00e7\u00e3o pol\u00edtica na Universidade de Sydney, Ariadne Vromen. A s\u00e9rie completa de textos estar\u00e1 dispon\u00edvel aqui. Esperamos que esta s\u00e9rie de artigos possa oferecer algumas perspectivas que voc\u00ea talvez n\u00e3o tenha pensado antes e desencadeie uma discuss\u00e3o sobre o tema. Suas vis\u00f5es s\u00e3o bem-vindas e enencorajamos voc\u00ea a compartilh\u00e1-las conosco pelo e-mail hardquestions@fb.com. &nbsp; Samidh Chakrabarti, gerente de Produto, Engajamento C\u00edvico Em todo o mundo, as m\u00eddias sociais est\u00e3o permitindo que as pessoas tenham uma voz nos governos &#8211; para discutir quest\u00f5es, se organizar ao redor de suas causas e cobrar de seus l\u00edderes pol\u00edticos. Ainda recentemente, em 2011, as redes sociais desempenharam um papel cr\u00edtico na Primavera \u00c1rabe em lugares como a Tun\u00edsia, e foram vistas como uma tecnologia para a liberta\u00e7\u00e3o. [Leia mais]","protected":false},"author":123719055,"featured_media":0,"comment_status":"closed","ping_status":"closed","sticky":false,"template":"","format":"standard","meta":{"_jetpack_memberships_contains_paid_content":false,"footnotes":""},"categories":[396542015,1],"tags":[],"class_list":["post-6317","post","type-post","status-publish","format-standard","hentry","category-questoes-complexas","category-recent-news"],"yoast_head":"<!-- This site is optimized with the Yoast SEO plugin v27.2 - https:\/\/yoast.com\/product\/yoast-seo-wordpress\/ -->\n<title>Quest\u00f5es complexas: Redes sociais e democracia | Sobre a Meta<\/title>\n<meta name=\"robots\" content=\"index, follow, max-snippet:-1, max-image-preview:large, max-video-preview:-1\" \/>\n<link rel=\"canonical\" href=\"https:\/\/about.fb.com\/br\/news\/2018\/01\/questoes-complexas-redes-sociais-e-democracia\/\" \/>\n<meta property=\"og:locale\" content=\"pt_BR\" \/>\n<meta property=\"og:type\" content=\"article\" \/>\n<meta property=\"og:title\" content=\"Quest\u00f5es complexas: Redes sociais e democracia | Sobre a Meta\" \/>\n<meta property=\"og:description\" content=\"Por Katie Harbath, Diretora Global de Engajamento com Pol\u00edticos e Governos Para o pr\u00f3ximo assunto da nossa s\u00e9rie Quest\u00f5es Complexas, decidimos confrontar uma quest\u00e3o que tem sido importante para muitos de n\u00f3s aqui, incluindo eu mesma: qual o efeito das redes sociais sobre a democracia? Como algu\u00e9m que trabalha h\u00e1 mais de 14 anos com engajamento c\u00edvico digital &#8211; os \u00faltimos quatro no Facebook &#8211; vejo essa quest\u00e3o com bastante import\u00e2ncia. Durante muitos anos, a resposta pareceu mais f\u00e1cil. Da Primavera \u00c1rabe a elei\u00e7\u00f5es importantes em todo o mundo, as redes sociais pareciam positivas. A \u00faltima campanha presidencial dos Estados Unidos mudou isso, com interfer\u00eancia estrangeira que o Facebook deveria ter identificado mais rapidamente, com uma ascens\u00e3o de not\u00edcias falsas e c\u00e2maras de eco. Agora, estamos mais determinados do que nunca a lutar contra as influ\u00eancias negativas e garantir que nossa plataforma seja, sem d\u00favida, uma fonte para o bem da democracia. H\u00e1 muito a construir sobre esse aspecto, do papel que as redes sociais desempenham ao dar \u00e0s pessoas uma voz no processo democr\u00e1tico at\u00e9 sua capacidade de fornecer informa\u00e7\u00f5es em uma escala sem precedentes. Nosso papel \u00e9 garantir que o bem supere as for\u00e7as que podem comprometer um discurso saud\u00e1vel. Esse \u00e9 o tema que estamos abordando nos pr\u00f3ximos textos. Come\u00e7amos com uma perspectiva de Samidh Chakrabarti, que lidera a equipe de Produtos de Engajamento C\u00edvico do Facebook. E, pela primeira vez desde que lan\u00e7amos a s\u00e9rie Quest\u00f5es Complexas, publicaremos as opini\u00f5es de tr\u00eas proeminentes especialistas externos &#8211; nem todos concordam com a perspectiva do Facebook e oferecem algumas cr\u00edticas diretas. Estamos fazendo isso porque uma discuss\u00e3o s\u00e9ria sobre essas quest\u00f5es n\u00e3o pode ocorrer sem um debate robusto. E pedimos a eles que respondessem a uma quest\u00e3o ampla e direta: as m\u00eddias sociais s\u00e3o boas ou ruins para a democracia? Os especialistas externos s\u00e3o o professor de Harvard e autor Cass Sunstein; o ex-presidente da Est\u00f4nia e estudioso de redes sociais, Toomas Hendrik Ilves; e a professora de participa\u00e7\u00e3o pol\u00edtica na Universidade de Sydney, Ariadne Vromen. A s\u00e9rie completa de textos estar\u00e1 dispon\u00edvel aqui. Esperamos que esta s\u00e9rie de artigos possa oferecer algumas perspectivas que voc\u00ea talvez n\u00e3o tenha pensado antes e desencadeie uma discuss\u00e3o sobre o tema. Suas vis\u00f5es s\u00e3o bem-vindas e enencorajamos voc\u00ea a compartilh\u00e1-las conosco pelo e-mail hardquestions@fb.com. &nbsp; Samidh Chakrabarti, gerente de Produto, Engajamento C\u00edvico Em todo o mundo, as m\u00eddias sociais est\u00e3o permitindo que as pessoas tenham uma voz nos governos &#8211; para discutir quest\u00f5es, se organizar ao redor de suas causas e cobrar de seus l\u00edderes pol\u00edticos. Ainda recentemente, em 2011, as redes sociais desempenharam um papel cr\u00edtico na Primavera \u00c1rabe em lugares como a Tun\u00edsia, e foram vistas como uma tecnologia para a liberta\u00e7\u00e3o. [Leia mais]\" \/>\n<meta property=\"og:url\" content=\"https:\/\/about.fb.com\/br\/news\/2018\/01\/questoes-complexas-redes-sociais-e-democracia\/\" \/>\n<meta property=\"og:site_name\" content=\"Sobre a Meta\" \/>\n<meta property=\"article:published_time\" content=\"2018-01-23T18:55:24+00:00\" \/>\n<meta property=\"article:modified_time\" content=\"2021-06-17T13:10:30+00:00\" \/>\n<meta property=\"og:image\" content=\"https:\/\/about.fb.com\/br\/wp-content\/uploads\/sites\/3\/2018\/01\/democracy.png\" \/>\n<meta name=\"author\" content=\"cesarbianconi\" \/>\n<meta name=\"twitter:card\" content=\"summary_large_image\" \/>\n<meta name=\"twitter:label1\" content=\"Written by\" \/>\n\t<meta name=\"twitter:data1\" content=\"Meta\" \/>\n\t<meta name=\"twitter:label2\" content=\"Est. reading time\" \/>\n\t<meta name=\"twitter:data2\" content=\"3 minutos\" \/>\n<script type=\"application\/ld+json\" class=\"yoast-schema-graph\">{\"@context\":\"https:\/\/schema.org\",\"@graph\":[{\"@type\":\"Article\",\"@id\":\"https:\/\/about.fb.com\/br\/news\/2018\/01\/questoes-complexas-redes-sociais-e-democracia\/#article\",\"isPartOf\":{\"@id\":\"https:\/\/about.fb.com\/br\/news\/2018\/01\/questoes-complexas-redes-sociais-e-democracia\/\"},\"author\":\"Facebook company\",\"headline\":\"Quest\u00f5es complexas: Redes sociais e democracia\",\"datePublished\":\"2018-01-23T18:55:24+00:00\",\"dateModified\":\"2021-06-17T13:10:30+00:00\",\"mainEntityOfPage\":{\"@id\":\"https:\/\/about.fb.com\/br\/news\/2018\/01\/questoes-complexas-redes-sociais-e-democracia\/\"},\"wordCount\":519,\"publisher\":{\"@id\":\"https:\/\/about.fb.com\/br\/#organization\"},\"image\":{\"@id\":\"https:\/\/about.fb.com\/br\/news\/2018\/01\/questoes-complexas-redes-sociais-e-democracia\/#primaryimage\"},\"thumbnailUrl\":\"https:\/\/about.fb.com\/br\/wp-content\/uploads\/sites\/3\/2018\/01\/democracy.png\",\"articleSection\":[\"Quest\u00f5es complexas\",\"Recent News\"],\"inLanguage\":\"pt-BR\"},{\"@type\":\"WebPage\",\"@id\":\"https:\/\/about.fb.com\/br\/news\/2018\/01\/questoes-complexas-redes-sociais-e-democracia\/\",\"url\":\"https:\/\/about.fb.com\/br\/news\/2018\/01\/questoes-complexas-redes-sociais-e-democracia\/\",\"name\":\"Quest\u00f5es complexas: Redes sociais e democracia | Sobre a Meta\",\"isPartOf\":{\"@id\":\"https:\/\/about.fb.com\/br\/#website\"},\"primaryImageOfPage\":{\"@id\":\"https:\/\/about.fb.com\/br\/news\/2018\/01\/questoes-complexas-redes-sociais-e-democracia\/#primaryimage\"},\"image\":{\"@id\":\"https:\/\/about.fb.com\/br\/news\/2018\/01\/questoes-complexas-redes-sociais-e-democracia\/#primaryimage\"},\"thumbnailUrl\":\"https:\/\/about.fb.com\/br\/wp-content\/uploads\/sites\/3\/2018\/01\/democracy.png\",\"datePublished\":\"2018-01-23T18:55:24+00:00\",\"dateModified\":\"2021-06-17T13:10:30+00:00\",\"breadcrumb\":{\"@id\":\"https:\/\/about.fb.com\/br\/news\/2018\/01\/questoes-complexas-redes-sociais-e-democracia\/#breadcrumb\"},\"inLanguage\":\"pt-BR\",\"potentialAction\":[{\"@type\":\"ReadAction\",\"target\":[\"https:\/\/about.fb.com\/br\/news\/2018\/01\/questoes-complexas-redes-sociais-e-democracia\/\"]}],\"author\":\"Sobre a Meta\"},{\"@type\":\"ImageObject\",\"inLanguage\":\"pt-BR\",\"@id\":\"https:\/\/about.fb.com\/br\/news\/2018\/01\/questoes-complexas-redes-sociais-e-democracia\/#primaryimage\",\"url\":\"https:\/\/about.fb.com\/br\/wp-content\/uploads\/sites\/3\/2018\/01\/democracy.png\",\"contentUrl\":\"https:\/\/about.fb.com\/br\/wp-content\/uploads\/sites\/3\/2018\/01\/democracy.png\"},{\"@type\":\"BreadcrumbList\",\"@id\":\"https:\/\/about.fb.com\/br\/news\/2018\/01\/questoes-complexas-redes-sociais-e-democracia\/#breadcrumb\",\"itemListElement\":[{\"@type\":\"ListItem\",\"position\":1,\"name\":\"Home\",\"item\":\"https:\/\/about.fb.com\/br\/\"},{\"@type\":\"ListItem\",\"position\":2,\"name\":\"Quest\u00f5es complexas: Redes sociais e democracia\"}]},{\"@type\":\"WebSite\",\"@id\":\"https:\/\/about.fb.com\/br\/#website\",\"url\":\"https:\/\/about.fb.com\/news\/\",\"name\":\"Sobre a Meta\",\"description\":\"\",\"publisher\":{\"@id\":\"https:\/\/about.fb.com\/br\/#organization\"},\"potentialAction\":[{\"@type\":\"SearchAction\",\"target\":{\"@type\":\"EntryPoint\",\"urlTemplate\":\"https:\/\/about.fb.com\/br\/?s={search_term_string}\"},\"query-input\":{\"@type\":\"PropertyValueSpecification\",\"valueRequired\":true,\"valueName\":\"search_term_string\"}}],\"inLanguage\":\"pt-BR\",\"alternateName\":[\"Meta Newsroom\",\"Meta\"]},{\"@type\":\"Organization\",\"@id\":\"https:\/\/about.fb.com\/br\/#organization\",\"name\":\"Meta\",\"url\":\"https:\/\/about.fb.com\/br\/\",\"logo\":{\"@type\":\"ImageObject\",\"inLanguage\":\"pt-BR\",\"@id\":\"https:\/\/about.fb.com\/br\/#\/schema\/logo\/image\/\",\"url\":\"https:\/\/about.fb.com\/br\/wp-content\/uploads\/sites\/11\/2021\/10\/meta-social-16x9-1.jpg?fit=8000%2C4500\",\"contentUrl\":\"https:\/\/about.fb.com\/br\/wp-content\/uploads\/sites\/11\/2021\/10\/meta-social-16x9-1.jpg?fit=8000%2C4500\",\"width\":8000,\"height\":4500,\"caption\":\"Meta\"},\"image\":{\"@id\":\"https:\/\/about.fb.com\/br\/#\/schema\/logo\/image\/\"}}]}<\/script>\n<!-- \/ Yoast SEO plugin. -->","yoast_head_json":{"title":"Quest\u00f5es complexas: Redes sociais e democracia | Sobre a Meta","robots":{"index":"index","follow":"follow","max-snippet":"max-snippet:-1","max-image-preview":"max-image-preview:large","max-video-preview":"max-video-preview:-1"},"canonical":"https:\/\/about.fb.com\/br\/news\/2018\/01\/questoes-complexas-redes-sociais-e-democracia\/","og_locale":"pt_BR","og_type":"article","og_title":"Quest\u00f5es complexas: Redes sociais e democracia | Sobre a Meta","og_description":"Por Katie Harbath, Diretora Global de Engajamento com Pol\u00edticos e Governos Para o pr\u00f3ximo assunto da nossa s\u00e9rie Quest\u00f5es Complexas, decidimos confrontar uma quest\u00e3o que tem sido importante para muitos de n\u00f3s aqui, incluindo eu mesma: qual o efeito das redes sociais sobre a democracia? Como algu\u00e9m que trabalha h\u00e1 mais de 14 anos com engajamento c\u00edvico digital &#8211; os \u00faltimos quatro no Facebook &#8211; vejo essa quest\u00e3o com bastante import\u00e2ncia. Durante muitos anos, a resposta pareceu mais f\u00e1cil. Da Primavera \u00c1rabe a elei\u00e7\u00f5es importantes em todo o mundo, as redes sociais pareciam positivas. A \u00faltima campanha presidencial dos Estados Unidos mudou isso, com interfer\u00eancia estrangeira que o Facebook deveria ter identificado mais rapidamente, com uma ascens\u00e3o de not\u00edcias falsas e c\u00e2maras de eco. Agora, estamos mais determinados do que nunca a lutar contra as influ\u00eancias negativas e garantir que nossa plataforma seja, sem d\u00favida, uma fonte para o bem da democracia. H\u00e1 muito a construir sobre esse aspecto, do papel que as redes sociais desempenham ao dar \u00e0s pessoas uma voz no processo democr\u00e1tico at\u00e9 sua capacidade de fornecer informa\u00e7\u00f5es em uma escala sem precedentes. Nosso papel \u00e9 garantir que o bem supere as for\u00e7as que podem comprometer um discurso saud\u00e1vel. Esse \u00e9 o tema que estamos abordando nos pr\u00f3ximos textos. Come\u00e7amos com uma perspectiva de Samidh Chakrabarti, que lidera a equipe de Produtos de Engajamento C\u00edvico do Facebook. E, pela primeira vez desde que lan\u00e7amos a s\u00e9rie Quest\u00f5es Complexas, publicaremos as opini\u00f5es de tr\u00eas proeminentes especialistas externos &#8211; nem todos concordam com a perspectiva do Facebook e oferecem algumas cr\u00edticas diretas. Estamos fazendo isso porque uma discuss\u00e3o s\u00e9ria sobre essas quest\u00f5es n\u00e3o pode ocorrer sem um debate robusto. E pedimos a eles que respondessem a uma quest\u00e3o ampla e direta: as m\u00eddias sociais s\u00e3o boas ou ruins para a democracia? Os especialistas externos s\u00e3o o professor de Harvard e autor Cass Sunstein; o ex-presidente da Est\u00f4nia e estudioso de redes sociais, Toomas Hendrik Ilves; e a professora de participa\u00e7\u00e3o pol\u00edtica na Universidade de Sydney, Ariadne Vromen. A s\u00e9rie completa de textos estar\u00e1 dispon\u00edvel aqui. Esperamos que esta s\u00e9rie de artigos possa oferecer algumas perspectivas que voc\u00ea talvez n\u00e3o tenha pensado antes e desencadeie uma discuss\u00e3o sobre o tema. Suas vis\u00f5es s\u00e3o bem-vindas e enencorajamos voc\u00ea a compartilh\u00e1-las conosco pelo e-mail hardquestions@fb.com. &nbsp; Samidh Chakrabarti, gerente de Produto, Engajamento C\u00edvico Em todo o mundo, as m\u00eddias sociais est\u00e3o permitindo que as pessoas tenham uma voz nos governos &#8211; para discutir quest\u00f5es, se organizar ao redor de suas causas e cobrar de seus l\u00edderes pol\u00edticos. Ainda recentemente, em 2011, as redes sociais desempenharam um papel cr\u00edtico na Primavera \u00c1rabe em lugares como a Tun\u00edsia, e foram vistas como uma tecnologia para a liberta\u00e7\u00e3o. [Leia mais]","og_url":"https:\/\/about.fb.com\/br\/news\/2018\/01\/questoes-complexas-redes-sociais-e-democracia\/","og_site_name":"Sobre a Meta","article_published_time":"2018-01-23T18:55:24+00:00","article_modified_time":"2021-06-17T13:10:30+00:00","og_image":[{"url":"https:\/\/about.fb.com\/br\/wp-content\/uploads\/sites\/3\/2018\/01\/democracy.png","type":"","width":"","height":""}],"author":"cesarbianconi","twitter_card":"summary_large_image","twitter_misc":{"Written by":"Meta","Est. reading time":"3 minutos"},"schema":{"@context":"https:\/\/schema.org","@graph":[{"@type":"Article","@id":"https:\/\/about.fb.com\/br\/news\/2018\/01\/questoes-complexas-redes-sociais-e-democracia\/#article","isPartOf":{"@id":"https:\/\/about.fb.com\/br\/news\/2018\/01\/questoes-complexas-redes-sociais-e-democracia\/"},"author":"Facebook company","headline":"Quest\u00f5es complexas: Redes sociais e democracia","datePublished":"2018-01-23T18:55:24+00:00","dateModified":"2021-06-17T13:10:30+00:00","mainEntityOfPage":{"@id":"https:\/\/about.fb.com\/br\/news\/2018\/01\/questoes-complexas-redes-sociais-e-democracia\/"},"wordCount":519,"publisher":{"@id":"https:\/\/about.fb.com\/br\/#organization"},"image":{"@id":"https:\/\/about.fb.com\/br\/news\/2018\/01\/questoes-complexas-redes-sociais-e-democracia\/#primaryimage"},"thumbnailUrl":"https:\/\/about.fb.com\/br\/wp-content\/uploads\/sites\/3\/2018\/01\/democracy.png","articleSection":["Quest\u00f5es complexas","Recent News"],"inLanguage":"pt-BR"},{"@type":"WebPage","@id":"https:\/\/about.fb.com\/br\/news\/2018\/01\/questoes-complexas-redes-sociais-e-democracia\/","url":"https:\/\/about.fb.com\/br\/news\/2018\/01\/questoes-complexas-redes-sociais-e-democracia\/","name":"Quest\u00f5es complexas: Redes sociais e democracia | Sobre a Meta","isPartOf":{"@id":"https:\/\/about.fb.com\/br\/#website"},"primaryImageOfPage":{"@id":"https:\/\/about.fb.com\/br\/news\/2018\/01\/questoes-complexas-redes-sociais-e-democracia\/#primaryimage"},"image":{"@id":"https:\/\/about.fb.com\/br\/news\/2018\/01\/questoes-complexas-redes-sociais-e-democracia\/#primaryimage"},"thumbnailUrl":"https:\/\/about.fb.com\/br\/wp-content\/uploads\/sites\/3\/2018\/01\/democracy.png","datePublished":"2018-01-23T18:55:24+00:00","dateModified":"2021-06-17T13:10:30+00:00","breadcrumb":{"@id":"https:\/\/about.fb.com\/br\/news\/2018\/01\/questoes-complexas-redes-sociais-e-democracia\/#breadcrumb"},"inLanguage":"pt-BR","potentialAction":[{"@type":"ReadAction","target":["https:\/\/about.fb.com\/br\/news\/2018\/01\/questoes-complexas-redes-sociais-e-democracia\/"]}],"author":"Sobre a Meta"},{"@type":"ImageObject","inLanguage":"pt-BR","@id":"https:\/\/about.fb.com\/br\/news\/2018\/01\/questoes-complexas-redes-sociais-e-democracia\/#primaryimage","url":"https:\/\/about.fb.com\/br\/wp-content\/uploads\/sites\/3\/2018\/01\/democracy.png","contentUrl":"https:\/\/about.fb.com\/br\/wp-content\/uploads\/sites\/3\/2018\/01\/democracy.png"},{"@type":"BreadcrumbList","@id":"https:\/\/about.fb.com\/br\/news\/2018\/01\/questoes-complexas-redes-sociais-e-democracia\/#breadcrumb","itemListElement":[{"@type":"ListItem","position":1,"name":"Home","item":"https:\/\/about.fb.com\/br\/"},{"@type":"ListItem","position":2,"name":"Quest\u00f5es complexas: Redes sociais e democracia"}]},{"@type":"WebSite","@id":"https:\/\/about.fb.com\/br\/#website","url":"https:\/\/about.fb.com\/news\/","name":"Sobre a Meta","description":"","publisher":{"@id":"https:\/\/about.fb.com\/br\/#organization"},"potentialAction":[{"@type":"SearchAction","target":{"@type":"EntryPoint","urlTemplate":"https:\/\/about.fb.com\/br\/?s={search_term_string}"},"query-input":{"@type":"PropertyValueSpecification","valueRequired":true,"valueName":"search_term_string"}}],"inLanguage":"pt-BR","alternateName":["Meta Newsroom","Meta"]},{"@type":"Organization","@id":"https:\/\/about.fb.com\/br\/#organization","name":"Meta","url":"https:\/\/about.fb.com\/br\/","logo":{"@type":"ImageObject","inLanguage":"pt-BR","@id":"https:\/\/about.fb.com\/br\/#\/schema\/logo\/image\/","url":"https:\/\/about.fb.com\/br\/wp-content\/uploads\/sites\/11\/2021\/10\/meta-social-16x9-1.jpg?fit=8000%2C4500","contentUrl":"https:\/\/about.fb.com\/br\/wp-content\/uploads\/sites\/11\/2021\/10\/meta-social-16x9-1.jpg?fit=8000%2C4500","width":8000,"height":4500,"caption":"Meta"},"image":{"@id":"https:\/\/about.fb.com\/br\/#\/schema\/logo\/image\/"}}]}},"jetpack_featured_media_url":"","jetpack-related-posts":[{"id":26919,"url":"https:\/\/about.fb.com\/br\/news\/2026\/01\/a-trajetoria-da-meta-na-protecao-dos-adolescentes-e-no-apoio-aos-pais\/","url_meta":{"origin":6317,"position":0},"title":"A trajet\u00f3ria da Meta na prote\u00e7\u00e3o dos adolescentes e no apoio aos pais","author":"Meta","date":"16\/01\/2026","format":false,"excerpt":"Recentemente, v\u00e1rias a\u00e7\u00f5es judiciais nos Estados Unidos tentaram colocar a culpa pelos problemas de sa\u00fade mental dos adolescentes exclusivamente nas empresas de redes sociais. Mas isso simplifica demais uma quest\u00e3o s\u00e9ria. Cl\u00ednicos e pesquisadores afirmam que a sa\u00fade mental \u00e9 um tema profundamente complexo e multifacetado, e as tend\u00eancias sobre\u2026","rel":"","context":"In &quot;Fortalecendo Comunidades&quot;","block_context":{"text":"Fortalecendo Comunidades","link":"https:\/\/about.fb.com\/br\/news\/category\/temas-home\/comunidades\/"},"img":{"alt_text":"","src":"https:\/\/about.fb.com\/br\/wp-content\/uploads\/sites\/11\/2026\/01\/Metas-Record-of-Protecting-Teens-and-Supporting-Parents_Header.jpg?fit=1920%2C1080&resize=350%2C200","width":350,"height":200,"srcset":"https:\/\/about.fb.com\/br\/wp-content\/uploads\/sites\/11\/2026\/01\/Metas-Record-of-Protecting-Teens-and-Supporting-Parents_Header.jpg?fit=1920%2C1080&resize=350%2C200 1x, https:\/\/about.fb.com\/br\/wp-content\/uploads\/sites\/11\/2026\/01\/Metas-Record-of-Protecting-Teens-and-Supporting-Parents_Header.jpg?fit=1920%2C1080&resize=525%2C300 1.5x, https:\/\/about.fb.com\/br\/wp-content\/uploads\/sites\/11\/2026\/01\/Metas-Record-of-Protecting-Teens-and-Supporting-Parents_Header.jpg?fit=1920%2C1080&resize=700%2C400 2x, https:\/\/about.fb.com\/br\/wp-content\/uploads\/sites\/11\/2026\/01\/Metas-Record-of-Protecting-Teens-and-Supporting-Parents_Header.jpg?fit=1920%2C1080&resize=1050%2C600 3x, https:\/\/about.fb.com\/br\/wp-content\/uploads\/sites\/11\/2026\/01\/Metas-Record-of-Protecting-Teens-and-Supporting-Parents_Header.jpg?fit=1920%2C1080&resize=1400%2C800 4x"},"classes":[]},{"id":26997,"url":"https:\/\/about.fb.com\/br\/news\/2026\/03\/simplificando-a-mensuracao-de-anuncios-para-um-mundo-social-first\/","url_meta":{"origin":6317,"position":1},"title":"Simplificando a Mensura\u00e7\u00e3o de An\u00fancios para um Mundo Social-First","author":"Meta","date":"03\/03\/2026","format":false,"excerpt":"Ao mensurar o impacto dos seus an\u00fancios digitais, os anunciantes devem buscar responder \u00e0 pergunta: \"Quais resultados este an\u00fancio ou campanha gerou que n\u00e3o teriam acontecido de outra forma?\" Experimentos de incrementalidade, como o Conversion Lift da Meta, s\u00e3o a melhor maneira de abordar essa quest\u00e3o, e acreditamos que testes\u2026","rel":"","context":"In &quot;Recent News&quot;","block_context":{"text":"Recent News","link":"https:\/\/about.fb.com\/br\/news\/category\/recent-news\/"},"img":{"alt_text":"","src":"","width":0,"height":0},"classes":[]},{"id":26541,"url":"https:\/\/about.fb.com\/br\/news\/2025\/07\/encerramento-da-publicidade-politica-eleitoral-e-de-questoes-sociais-na-ue-em-resposta-a-nova-regulacao-europeia\/","url_meta":{"origin":6317,"position":2},"title":"Encerramento da publicidade pol\u00edtica, eleitoral e de temas sociais na UE em resposta \u00e0 nova regula\u00e7\u00e3o europeia","author":"Meta","date":"25\/07\/2025","format":false,"excerpt":"A partir do in\u00edcio de outubro de 2025, deixaremos de permitir an\u00fancios pol\u00edticos, eleitorais e sobre temas sociais em nossas plataformas na Uni\u00e3o Europeia. Esta \u00e9 uma decis\u00e3o dif\u00edcil \u2013 tomada em resposta \u00e0 nova regula\u00e7\u00e3o da UE sobre Transpar\u00eancia e Segmenta\u00e7\u00e3o da Publicidade Pol\u00edtica (TTPA), que imp\u00f5e desafios operacionais\u2026","rel":"","context":"In &quot;Homepage - Hidden&quot;","block_context":{"text":"Homepage - Hidden","link":"https:\/\/about.fb.com\/br\/news\/category\/homepage-hidden\/"},"img":{"alt_text":"","src":"","width":0,"height":0},"classes":[]},{"id":26432,"url":"https:\/\/about.fb.com\/br\/news\/2025\/05\/pais-brasileiros-apoiam-aprovacao-parental-para-download-de-apps-via-lojas-de-aplicativos\/","url_meta":{"origin":6317,"position":3},"title":"Pais brasileiros apoiam aprova\u00e7\u00e3o parental para download de apps via lojas de aplicativos","author":"Meta","date":"27\/05\/2025","format":false,"excerpt":"Criar filhos adolescentes no mundo digital n\u00e3o \u00e9 uma tarefa f\u00e1cil. Estudos recentes feitos nos Estados Unidos mostram que os adolescentes hoje usam, em m\u00e9dia, 40 aplicativos por semana, mudando de um para o outro com fluidez. Pode parecer imposs\u00edvel para os pais acompanhar todos os aplicativos que seus filhos\u2026","rel":"","context":"In &quot;Recent News&quot;","block_context":{"text":"Recent News","link":"https:\/\/about.fb.com\/br\/news\/category\/recent-news\/"},"img":{"alt_text":"","src":"","width":0,"height":0},"classes":[]},{"id":26834,"url":"https:\/\/about.fb.com\/br\/news\/2025\/12\/golpes-sao-ruins-para-os-negocios-nossos-esforcos-continuos-para-combater-fraudes\/","url_meta":{"origin":6317,"position":4},"title":"Golpes S\u00e3o Ruins para os Neg\u00f3cios: Nossos esfor\u00e7os cont\u00ednuos para combater fraudes","author":"Meta","date":"03\/12\/2025","format":false,"excerpt":"O aumento dos golpes est\u00e1 ocorrendo em toda a internet \u2014 desde aplicativos de namoro e jogos online, at\u00e9 plataformas de criptomoedas e mensagens de texto. Ningu\u00e9m gosta disso. Nem as pessoas que utilizam nossos servi\u00e7os. Nem os anunciantes. E certamente nem n\u00f3s. Os criminosos sofisticados por tr\u00e1s dos golpes\u2026","rel":"","context":"In &quot;Fortalecendo Comunidades&quot;","block_context":{"text":"Fortalecendo Comunidades","link":"https:\/\/about.fb.com\/br\/news\/category\/temas-home\/comunidades\/"},"img":{"alt_text":"","src":"https:\/\/about.fb.com\/br\/wp-content\/uploads\/sites\/11\/2025\/12\/GASA-Scams-Work_Header.jpg?fit=1920%2C1080&resize=350%2C200","width":350,"height":200,"srcset":"https:\/\/about.fb.com\/br\/wp-content\/uploads\/sites\/11\/2025\/12\/GASA-Scams-Work_Header.jpg?fit=1920%2C1080&resize=350%2C200 1x, https:\/\/about.fb.com\/br\/wp-content\/uploads\/sites\/11\/2025\/12\/GASA-Scams-Work_Header.jpg?fit=1920%2C1080&resize=525%2C300 1.5x, https:\/\/about.fb.com\/br\/wp-content\/uploads\/sites\/11\/2025\/12\/GASA-Scams-Work_Header.jpg?fit=1920%2C1080&resize=700%2C400 2x, https:\/\/about.fb.com\/br\/wp-content\/uploads\/sites\/11\/2025\/12\/GASA-Scams-Work_Header.jpg?fit=1920%2C1080&resize=1050%2C600 3x, https:\/\/about.fb.com\/br\/wp-content\/uploads\/sites\/11\/2025\/12\/GASA-Scams-Work_Header.jpg?fit=1920%2C1080&resize=1400%2C800 4x"},"classes":[]},{"id":26343,"url":"https:\/\/about.fb.com\/br\/news\/2025\/04\/reduzindo-conteudo-com-spam-no-facebook\/","url_meta":{"origin":6317,"position":5},"title":"Reduzindo conte\u00fado com spam no Facebook","author":"Meta","date":"24\/04\/2025","format":false,"excerpt":"Sua opini\u00e3o \u00e9 importante para n\u00f3s. O Feed do Facebook nem sempre oferece posts novos e envolventes, dos quais voc\u00ea sempre gosta. Estamos trabalhando em uma s\u00e9rie de mudan\u00e7as este ano para melhorar o Feed, ajudar os criadores de conte\u00fado a se destacar e dar \u00e0s pessoas mais controle sobre\u2026","rel":"","context":"In &quot;Facebook&quot;","block_context":{"text":"Facebook","link":"https:\/\/about.fb.com\/br\/news\/category\/technologies\/facebook\/"},"img":{"alt_text":"","src":"https:\/\/about.fb.com\/br\/wp-content\/uploads\/sites\/11\/2025\/04\/FB-Spam.jpg?fit=1280%2C720&resize=350%2C200","width":350,"height":200,"srcset":"https:\/\/about.fb.com\/br\/wp-content\/uploads\/sites\/11\/2025\/04\/FB-Spam.jpg?fit=1280%2C720&resize=350%2C200 1x, https:\/\/about.fb.com\/br\/wp-content\/uploads\/sites\/11\/2025\/04\/FB-Spam.jpg?fit=1280%2C720&resize=525%2C300 1.5x, https:\/\/about.fb.com\/br\/wp-content\/uploads\/sites\/11\/2025\/04\/FB-Spam.jpg?fit=1280%2C720&resize=700%2C400 2x, https:\/\/about.fb.com\/br\/wp-content\/uploads\/sites\/11\/2025\/04\/FB-Spam.jpg?fit=1280%2C720&resize=1050%2C600 3x"},"classes":[]}],"jetpack_sharing_enabled":true,"amp_enabled":true,"_links":{"self":[{"href":"https:\/\/about.fb.com\/br\/wp-json\/wp\/v2\/posts\/6317","targetHints":{"allow":["GET"]}}],"collection":[{"href":"https:\/\/about.fb.com\/br\/wp-json\/wp\/v2\/posts"}],"about":[{"href":"https:\/\/about.fb.com\/br\/wp-json\/wp\/v2\/types\/post"}],"author":[{"embeddable":true,"href":"https:\/\/about.fb.com\/br\/wp-json\/wp\/v2\/users\/123719055"}],"replies":[{"embeddable":true,"href":"https:\/\/about.fb.com\/br\/wp-json\/wp\/v2\/comments?post=6317"}],"version-history":[{"count":6,"href":"https:\/\/about.fb.com\/br\/wp-json\/wp\/v2\/posts\/6317\/revisions"}],"predecessor-version":[{"id":7984,"href":"https:\/\/about.fb.com\/br\/wp-json\/wp\/v2\/posts\/6317\/revisions\/7984"}],"wp:attachment":[{"href":"https:\/\/about.fb.com\/br\/wp-json\/wp\/v2\/media?parent=6317"}],"wp:term":[{"taxonomy":"category","embeddable":true,"href":"https:\/\/about.fb.com\/br\/wp-json\/wp\/v2\/categories?post=6317"},{"taxonomy":"post_tag","embeddable":true,"href":"https:\/\/about.fb.com\/br\/wp-json\/wp\/v2\/tags?post=6317"}],"curies":[{"name":"wp","href":"https:\/\/api.w.org\/{rel}","templated":true}]}}