{"id":6271,"date":"2017-12-11T13:28:23","date_gmt":"2017-12-11T16:28:23","guid":{"rendered":"http:\/\/br.newsroom.fb.com\/?p=6271"},"modified":"2021-06-17T10:10:37","modified_gmt":"2021-06-17T13:10:37","slug":"facebook-abre-estacao-hack-para-capacitar-jovens-brasileiros","status":"publish","type":"post","link":"https:\/\/about.fb.com\/br\/news\/2017\/12\/facebook-abre-estacao-hack-para-capacitar-jovens-brasileiros\/","title":{"rendered":"Facebook abre Esta\u00e7\u00e3o Hack para capacitar jovens brasileiros"},"content":{"rendered":"<p><i>Centro para inova\u00e7\u00e3o do Facebook em S\u00e3o Paulo inicia cursos gratuitos de capacita\u00e7\u00e3o tecnol\u00f3gica para jovens e divulga lista das primeiras 10 startups nacionais que ser\u00e3o aceleradas no espa\u00e7o. Projeto Cineastas 360 \u00e9 lan\u00e7ado no local<\/i><\/p>\n<p>O Facebook abre nesta segunda-feira (11) a Esta\u00e7\u00e3o Hack, seu primeiro centro de apoio \u00e0 inova\u00e7\u00e3o no mundo com bolsas para cursos de programa\u00e7\u00e3o, desenvolvimento de aplicativos e empreendedorismo digital, ajudando a preparar os jovens brasileiros para as profiss\u00f5es do futuro. A empresa tamb\u00e9m divulga as primeiras 10 startups de impacto social que ser\u00e3o aceleradas no espa\u00e7o em S\u00e3o Paulo.<\/p>\n<p>\u201cO Brasil \u00e9 um pa\u00eds muito importante para o Facebook. Com a Esta\u00e7\u00e3o Hack, refor\u00e7amos ainda mais nosso compromisso com o desenvolvimento do Brasil, ajudando a formar jovens talentos na \u00e1rea de tecnologia, apoiando o empreendedorismo e estimulando a inova\u00e7\u00e3o\u201d, afirma Diego Dzodan, Vice-Presidente do Facebook e Instagram para America Latina.<\/p>\n<p>A capacita\u00e7\u00e3o digital \u00e9 cada vez mais importante para a empregabilidade do jovem brasileiro. Pesquisa feita pela Morning Consult, encomendada pelo Facebook, mostrou que 82% das micro e pequenas empresas no Brasil acreditam que as habilidades digitais s\u00e3o mais importantes na hora de contratar do que a escola onde algu\u00e9m estudou. Para 85% delas, recrutar profissionais capacitados \u00e9 considerado um desafio.<\/p>\n<p>As aulas das primeiras turmas de cursos de programa\u00e7\u00e3o e de desenvolvimento de aplicativos na Esta\u00e7\u00e3o Hack come\u00e7am no dia 12. Por ano, ser\u00e3o oferecidas 7.400 bolsas a jovens como Let\u00edcia de Morais Celestino, de 20 anos<b>. \u201c<\/b>Aprender uma linguagem de programa\u00e7\u00e3o vai me abrir portas no futuro e gerar oportunidades de carreira\u201d, afirma ela.<\/p>\n<p>Al\u00e9m do pilar educacional, a Esta\u00e7\u00e3o Hack hospedar\u00e1 startups que fazem uso intensivo de dados em suas solu\u00e7\u00f5es e com potencial de gerar transforma\u00e7\u00f5es positivas \u00e0 sociedade em larga escala.<\/p>\n<p>Foram selecionadas 10 startups para a primeira etapa de acelera\u00e7\u00e3o, que acontece de janeiro a junho de 2018. Ao todo, mais de 760 startups se inscreveram em busca de uma vaga no programa. As startups escolhidas oferecem solu\u00e7\u00f5es voltadas \u00e0 empregabilidade de jovens e adultos de baixa renda, educa\u00e7\u00e3o, seguran\u00e7a de dados, engajamento c\u00edvico, servi\u00e7os financeiros para inclus\u00e3o ou educa\u00e7\u00e3o financeira e microempreendedorismo.<\/p>\n<p>Para Rodolfo Fiori, fundador da Muove, uma das startups aceleradas na Esta\u00e7\u00e3o Hack, \u201cestar aqui \u00e9 um orgulho porque s\u00e3o empresas que est\u00e3o pensando de alguma forma em mudar o Brasil e melhorar a vida das pessoas, principalmente as de baixa renda. Ter um projeto do Facebook que pode nos ajudar a fomentar esse ecossistema \u00e9 super importante e ficamos felizes com o impacto que esse programa vai ter na vida dos empreendedores sociais.\u201d<\/p>\n<p>A Esta\u00e7\u00e3o Hack representa o maior investimento j\u00e1 feito pelo Facebook na Am\u00e9rica Latina e est\u00e1 localizada no cora\u00e7\u00e3o da cidade de S\u00e3o Paulo, a Avenida Paulista. O espa\u00e7o colaborativo fica em uma \u00e1rea exclusiva dentro da WeWork.<\/p>\n<p>Os cursos e os workshops ser\u00e3o ministrados por parceiros reconhecidos em suas \u00e1reas de atua\u00e7\u00e3o: Mastertech, MadCode, Reprograma, JuniorAchievement e Centro de Empreendedorismo e Neg\u00f3cios da FGV (FGVcenn). A Artemisia, organiza\u00e7\u00e3o sem fins lucrativos pioneira no fomento de neg\u00f3cios, trabalhar\u00e1 com o Facebook no programa de acelera\u00e7\u00e3o de startups.<\/p>\n<p>A Esta\u00e7\u00e3o Hack oferecer\u00e1, ainda, curso de gest\u00e3o de empresas em parceria com o FGVcenn e sess\u00f5es dos programas de marketing digital do pr\u00f3prio Facebook<i>.<\/i> Desde 2015, esses programas j\u00e1 capacitaram mais de 200 mil pequenos e m\u00e9dios empreendedores brasileiros, por meio de workshops presenciais e online.<\/p>\n<p><i><b>Projeto Cineastas 360<\/b><\/i><\/p>\n<p>Na abertura da Esta\u00e7\u00e3o Hack, o Facebook tamb\u00e9m anuncia que lan\u00e7ar\u00e1 em 2018 o Projeto Cineastas 360, voltado a rede p\u00fablica de ensino. As escolas ganhar\u00e3o equipamentos para a produ\u00e7\u00e3o de v\u00eddeos usando tecnologia 360 e os professores ter\u00e3o treinamento realizado em parceria com a ONG Recode, voltada ao empoderamento digital e que trabalha com institui\u00e7\u00f5es comunit\u00e1rias, bibliotecas e escolas p\u00fablicas. No desafio, grupos de alunos competir\u00e3o pelo melhor v\u00eddeo 360.<\/p>\n<p>&nbsp;<\/p>\n<h3>As dez startups selecionadas para o programa de acelera\u00e7\u00e3o da Esta\u00e7\u00e3o Hack<\/h3>\n<h4>Empregabilidade<\/h4>\n<p><b>Kunla (<a href=\"http:\/\/www.kunla.social\/\">http:\/\/www.kunla.social\/<\/a>) <\/b><br \/>\nFundada em 2014, a Kunla desenvolveu uma plataforma que permite que m\u00e3es possam trabalhar de maneira aut\u00f4noma em suas pr\u00f3prias comunidades e gerar a pr\u00f3pria renda, por meio da atividade de recrutamento e sele\u00e7\u00e3o de profissionais. As m\u00e3es tornam-se agentes de recrutamento e indicam profissionais moradores de suas comunidades para vagas nas empresas que contratam os servi\u00e7os da Kunla.<br \/>\n<i>Empreendedores:<\/i> Leonardo Carneiro e Marcelino Badin<\/p>\n<p><b>TAQE (<a href=\"http:\/\/taqe.com.br\">http:\/\/taqe.com.br<\/a>)<\/b><br \/>\nTAQE \u00e9 um jogo criado em 2016 que prepara as pessoas para o mercado de trabalho e oferece vagas de emprego que tenham a ver com o perfil do candidato. Com aulas e testes interativos a partir de um app, as pessoas descobrem seu potencial, ganham pontos e desbloqueiam vagas de emprego reais, tornando a qualifica\u00e7\u00e3o e a busca por trabalho algo divertido.<br \/>\n<i>Empreendedores:<\/i> Renato Dias, Denise Asnis e Ernesto van Peborgh<\/p>\n<h4>Servi\u00e7os Financeiros<\/h4>\n<p><b>Banco Mar\u00e9 (<a href=\"http:\/\/bancomare.com.br\">http:\/\/bancomare.com.br<\/a>)<\/b><br \/>\nFundado em 2016, o Banco Mar\u00e9 \u00e9 uma startup social que oferece servi\u00e7os banc\u00e1rios para regi\u00f5es que normalmente n\u00e3o teriam acesso ao sistema financeiro. O Mar\u00e9 tem sua moeda digital pr\u00f3pria, a Palafita, e por meio de um app permite que as pessoas paguem suas pr\u00f3prias contas, transfiram valores e fa\u00e7am compras sem perder o controle de seus gastos.<br \/>\n<i>Empreendedores:<\/i> Alexander Albuquerque, Vitor Knipp, Benjamin Drouin e Ronaldo de Albuquerque<\/p>\n<p><b>SmartS\u00edndico (<a href=\"http:\/\/www.smartsindico.com.br\/\">http:\/\/www.smartsindico.com.br\/<\/a>)<\/b><br \/>\nO SmartS\u00edndico \u00e9 um app que ajuda s\u00edndicos e moradores de condom\u00ednios a fazer uma administra\u00e7\u00e3o mais simples e econ\u00f4mica, zelando pela manuten\u00e7\u00e3o e pela redu\u00e7\u00e3o de custos e de conflitos. A partir de aulas online sobre sustentabilidade, finan\u00e7as e temas relacionados, a startup d\u00e1 a autonomia necess\u00e1ria para melhorar a gest\u00e3o de um condom\u00ednio, com foco em habita\u00e7\u00f5es de interesse sociais, como CDHU e Cohabs.<br \/>\n<i>Empreendedores:<\/i> Laerte Temple, C\u00e1ssio Thut, Guilherme Ribeiro, B\u00e1rbara Garcia e Juraci B. Garcia<\/p>\n<h4>Educa\u00e7\u00e3o<\/h4>\n<p><b>Reda\u00e7\u00e3o Online (<a href=\"http:\/\/redacaonline.com.br\/lp\/\">http:\/\/redacaonline.com.br\/lp\/<\/a>)<\/b><br \/>\nA Reda\u00e7\u00e3o Online \u00e9 uma solu\u00e7\u00e3o que viabiliza corre\u00e7\u00f5es de reda\u00e7\u00f5es preparat\u00f3rias para ENEM, Vestibulares e Concursos, com qualidade e em escala nacional, com coment\u00e1rios detalhados, recomenda\u00e7\u00f5es de reescrita e chat para conversar com professores e corretores. O servi\u00e7o atende a 32 mil alunos, sendo 35% oriundos de escolas p\u00fablicas.<br \/>\n<i>Empreendedores:<\/i> Ot\u00e1vio Rodrigues e Edson Mayer<\/p>\n<h4>Microempreendedorismo<\/h4>\n<p><b>Diaspora.Black (<a href=\"https:\/\/diaspora.black\/\">https:\/\/diaspora.black\/<\/a>)<\/b><br \/>\nA Diaspora.Black \u00e9 uma plataforma de hospedagem focada em viajantes e anfitri\u00f5es interessados em promover a cultura negra, com foco no empoderamento e fortalecimento econ\u00f4mico da comunidade negra. A plataforma realiza a media\u00e7\u00e3o de oferta e procura de acomoda\u00e7\u00f5es por temporada e venda de produtos e servi\u00e7os.<br \/>\n<i>Empreendedores:<\/i> Carlos Humberto da Silva Filho, Antonio Pita e Andr\u00e9 Ribeiro<\/p>\n<p><b>YouTrendz (<a href=\"http:\/\/youtrendz.com\/\">http:\/\/youtrendz.com\/<\/a>)<\/b><br \/>\nA Youtrendz \u00e9 uma rede voltada \u00e0 venda, compra e compartilhamento, com foco no micro e pequeno empreendedor. Funciona como um marketplace para exposi\u00e7\u00e3o de produtos de forma gratuita, que apoia o aumento de renda desse p\u00fablico, permitindo que qualquer empreendedor possua sua pr\u00f3pria loja virtual.<br \/>\n<i>Empreendedores:<\/i> Nanda Carvalho e Rodrigo Antunes<\/p>\n<h4>Engajamento C\u00edvico<\/h4>\n<p><b>Pluvi.On (<a href=\"http:\/\/www.pluvion.com.br\">www.pluvion.com.br<\/a>)<\/b><br \/>\nA Pluvi.On utiliza uma rede de esta\u00e7\u00f5es meteorol\u00f3gicas propriet\u00e1rias para gerar alertas antecipados e em tempo real para a popula\u00e7\u00e3o em rela\u00e7\u00e3o a eventos clim\u00e1ticos extremos, como enchentes e deslizamentos. Para os neg\u00f3cios, cria redes de sensores que ajudam a aumentar a previsibilidade e resist\u00eancia a fatores clim\u00e1ticos que afetam suas opera\u00e7\u00f5es.<br \/>\n<i>Empreendedores: <\/i>Diogo Tolezano, Pedro Godoy, Mariana Marcilio, Murilo Souza e Hugo Santos<\/p>\n<p><b>Muove (<a href=\"https:\/\/www.muovebrasil.com\">https:\/\/www.muovebrasil.com<\/a>)<\/b><br \/>\nA plataforma e-Muove identifica inefici\u00eancias nas finan\u00e7as municipais e sugere a\u00e7\u00f5es de melhoria ao gestor p\u00fablico, atrav\u00e9s de uma plataforma fechada. A plataforma possui ainda uma \u00e1rea aberta que funciona como um mecanismo de transpar\u00eancia, permitindo maior controle da sociedade civil.<br \/>\n<i>Empreendedores: <\/i>Ricardo Ramos e Rodolfo Fiori<\/p>\n<p><b>Simbiose Social (<a href=\"https:\/\/www.simbiose.social\/\">https:\/\/www.simbiose.social\/<\/a>)<\/b><br \/>\nA Simbiose Social \u00e9 uma plataforma criada a partir do cruzamento de todos os dados p\u00fablicos referentes a Leis de Incentivo no pa\u00eds. De um lado, o Sistema de Empresas otimiza a gest\u00e3o do recurso e permite buscar os projetos. Do outro, o Sistema de Projetos empodera projetos sociais ao munici\u00e1-los com informa\u00e7\u00f5es referentes ao perfil das empresas.<br \/>\n<i>Empreendedores: <\/i>Raphael Mayer e Mathieu Anduze<\/p>\n","protected":false},"excerpt":{"rendered":"Centro para inova\u00e7\u00e3o do Facebook em S\u00e3o Paulo inicia cursos gratuitos de capacita\u00e7\u00e3o tecnol\u00f3gica para jovens e divulga lista das primeiras 10 startups nacionais que ser\u00e3o aceleradas no espa\u00e7o. Projeto Cineastas 360 \u00e9 lan\u00e7ado no local O Facebook abre nesta segunda-feira (11) a Esta\u00e7\u00e3o Hack, seu primeiro centro de apoio \u00e0 inova\u00e7\u00e3o no mundo com bolsas para cursos de programa\u00e7\u00e3o, desenvolvimento de aplicativos e empreendedorismo digital, ajudando a preparar os jovens brasileiros para as profiss\u00f5es do futuro. A empresa tamb\u00e9m divulga as primeiras 10 startups de impacto social que ser\u00e3o aceleradas no espa\u00e7o em S\u00e3o Paulo. \u201cO Brasil \u00e9 um pa\u00eds muito importante para o Facebook. Com a Esta\u00e7\u00e3o Hack, refor\u00e7amos ainda mais nosso compromisso com o desenvolvimento do Brasil, ajudando a formar jovens talentos na \u00e1rea de tecnologia, apoiando o empreendedorismo e estimulando a inova\u00e7\u00e3o\u201d, afirma Diego Dzodan, Vice-Presidente do Facebook e Instagram para America Latina. A capacita\u00e7\u00e3o digital \u00e9 cada vez mais importante para a empregabilidade do jovem brasileiro. Pesquisa feita pela Morning Consult, encomendada pelo Facebook, mostrou que 82% das micro e pequenas empresas no Brasil acreditam que as habilidades digitais s\u00e3o mais importantes na hora de contratar do que a escola onde algu\u00e9m estudou. Para 85% delas, recrutar profissionais capacitados \u00e9 considerado um desafio. As aulas das primeiras turmas de cursos de programa\u00e7\u00e3o e de desenvolvimento de aplicativos na Esta\u00e7\u00e3o Hack come\u00e7am no dia 12. Por ano, ser\u00e3o oferecidas 7.400 bolsas a jovens como Let\u00edcia de Morais Celestino, de 20 anos. \u201cAprender uma linguagem de programa\u00e7\u00e3o vai me abrir portas no futuro e gerar oportunidades de carreira\u201d, afirma ela. Al\u00e9m do pilar educacional, a Esta\u00e7\u00e3o Hack hospedar\u00e1 startups que fazem uso intensivo de dados em suas solu\u00e7\u00f5es e com potencial de gerar transforma\u00e7\u00f5es positivas \u00e0 sociedade em larga escala. Foram selecionadas 10 startups para a primeira etapa de acelera\u00e7\u00e3o, que acontece de janeiro a junho de 2018. Ao todo, mais de 760 startups se inscreveram em busca de uma vaga no programa. As startups escolhidas oferecem solu\u00e7\u00f5es voltadas \u00e0 empregabilidade de jovens e adultos de baixa renda, educa\u00e7\u00e3o, seguran\u00e7a de dados, engajamento c\u00edvico, servi\u00e7os financeiros para inclus\u00e3o ou educa\u00e7\u00e3o financeira e microempreendedorismo. Para Rodolfo Fiori, fundador da Muove, uma das startups aceleradas na Esta\u00e7\u00e3o Hack, \u201cestar aqui \u00e9 um orgulho porque s\u00e3o empresas que est\u00e3o pensando de alguma forma em mudar o Brasil e melhorar a vida das pessoas, principalmente as de baixa renda. Ter um projeto do Facebook que pode nos ajudar a fomentar esse ecossistema \u00e9 super importante e ficamos felizes com o impacto que esse programa vai ter na vida dos empreendedores sociais.\u201d A Esta\u00e7\u00e3o Hack representa o maior investimento j\u00e1 feito pelo Facebook na Am\u00e9rica Latina e est\u00e1 localizada no cora\u00e7\u00e3o da cidade de S\u00e3o Paulo, a Avenida Paulista. O espa\u00e7o colaborativo fica em uma \u00e1rea exclusiva dentro da WeWork. Os cursos e os workshops ser\u00e3o ministrados por parceiros reconhecidos em suas \u00e1reas de atua\u00e7\u00e3o: Mastertech, MadCode, Reprograma, JuniorAchievement e Centro de Empreendedorismo e Neg\u00f3cios da FGV (FGVcenn). A Artemisia, organiza\u00e7\u00e3o sem fins lucrativos pioneira no fomento de neg\u00f3cios, trabalhar\u00e1 com o Facebook no programa de acelera\u00e7\u00e3o de startups. A Esta\u00e7\u00e3o Hack oferecer\u00e1, ainda, curso de gest\u00e3o de empresas em parceria com o FGVcenn e sess\u00f5es dos programas de marketing digital do pr\u00f3prio Facebook. Desde 2015, esses programas j\u00e1 capacitaram mais de 200 mil pequenos e m\u00e9dios empreendedores brasileiros, por meio de workshops presenciais e online. Projeto Cineastas 360 Na abertura da Esta\u00e7\u00e3o Hack, o Facebook tamb\u00e9m anuncia que lan\u00e7ar\u00e1 em 2018 o Projeto Cineastas 360, voltado a rede p\u00fablica de ensino. As escolas ganhar\u00e3o equipamentos para a produ\u00e7\u00e3o de v\u00eddeos usando tecnologia 360 e os professores ter\u00e3o treinamento realizado em parceria com a ONG Recode, voltada ao empoderamento digital e que trabalha com institui\u00e7\u00f5es comunit\u00e1rias, bibliotecas e escolas p\u00fablicas. No desafio, grupos de alunos competir\u00e3o pelo melhor v\u00eddeo 360. &nbsp; As dez startups selecionadas para o programa de acelera\u00e7\u00e3o da Esta\u00e7\u00e3o Hack Empregabilidade Kunla (<a href=\"http:\/\/www.kunla.social\/\" rel=\"nofollow\">http:\/\/www.kunla.social\/<\/a>) Fundada em 2014, a Kunla desenvolveu uma plataforma que permite que m\u00e3es possam trabalhar de maneira aut\u00f4noma em suas pr\u00f3prias comunidades e gerar a pr\u00f3pria renda, por meio da atividade de recrutamento e sele\u00e7\u00e3o de profissionais. As m\u00e3es tornam-se agentes de recrutamento e indicam profissionais moradores de suas comunidades para vagas nas empresas que contratam os servi\u00e7os da Kunla. Empreendedores: Leonardo Carneiro e Marcelino Badin TAQE (<a href=\"http:\/\/taqe.com.br\" rel=\"nofollow\">http:\/\/taqe.com.br<\/a>) TAQE \u00e9 um jogo criado em 2016 que prepara as pessoas para o mercado de trabalho e oferece vagas de emprego que tenham a ver com o perfil do candidato. Com aulas e testes interativos a partir de um app, as pessoas descobrem seu potencial, ganham pontos e desbloqueiam vagas de emprego reais, tornando a qualifica\u00e7\u00e3o e a busca por trabalho algo divertido. Empreendedores: Renato Dias, Denise Asnis e Ernesto van Peborgh Servi\u00e7os Financeiros Banco Mar\u00e9 (<a href=\"http:\/\/bancomare.com.br\" rel=\"nofollow\">http:\/\/bancomare.com.br<\/a>) Fundado em 2016, o Banco Mar\u00e9 \u00e9 uma startup social que oferece servi\u00e7os banc\u00e1rios para regi\u00f5es que normalmente n\u00e3o teriam acesso ao sistema financeiro. O Mar\u00e9 tem sua moeda digital pr\u00f3pria, a Palafita, e por meio de um app permite que as pessoas paguem suas pr\u00f3prias contas, transfiram valores e fa\u00e7am compras sem perder o controle de seus gastos. Empreendedores: Alexander Albuquerque, Vitor Knipp, Benjamin Drouin e Ronaldo de Albuquerque SmartS\u00edndico (<a href=\"http:\/\/www.smartsindico.com.br\/\" rel=\"nofollow\">http:\/\/www.smartsindico.com.br\/<\/a>) O SmartS\u00edndico \u00e9 um app que ajuda s\u00edndicos e moradores de condom\u00ednios a fazer uma administra\u00e7\u00e3o mais simples e econ\u00f4mica, zelando pela manuten\u00e7\u00e3o e pela redu\u00e7\u00e3o de custos e de conflitos. A partir de aulas online sobre sustentabilidade, finan\u00e7as e temas relacionados, a startup d\u00e1 a autonomia necess\u00e1ria para melhorar a gest\u00e3o de um condom\u00ednio, com foco em habita\u00e7\u00f5es de interesse sociais, como CDHU e Cohabs. Empreendedores: Laerte Temple, C\u00e1ssio Thut, Guilherme Ribeiro, B\u00e1rbara Garcia e Juraci B. Garcia Educa\u00e7\u00e3o Reda\u00e7\u00e3o Online (<a href=\"http:\/\/redacaonline.com.br\/lp\/\" rel=\"nofollow\">http:\/\/redacaonline.com.br\/lp\/<\/a>) A Reda\u00e7\u00e3o Online \u00e9 uma solu\u00e7\u00e3o que viabiliza corre\u00e7\u00f5es de reda\u00e7\u00f5es preparat\u00f3rias para ENEM, Vestibulares e Concursos, com qualidade e em escala nacional, com coment\u00e1rios detalhados, recomenda\u00e7\u00f5es de reescrita e chat para conversar com professores e corretores. O servi\u00e7o atende a 32 mil alunos, sendo 35% oriundos de escolas p\u00fablicas. Empreendedores: Ot\u00e1vio Rodrigues e Edson Mayer Microempreendedorismo Diaspora.Black (<a href=\"https:\/\/diaspora.black\/\" rel=\"nofollow\">https:\/\/diaspora.black\/<\/a>) A Diaspora.Black \u00e9 uma plataforma de hospedagem focada em viajantes e anfitri\u00f5es interessados em promover a cultura negra, com foco no empoderamento e fortalecimento econ\u00f4mico da comunidade negra. A plataforma realiza a media\u00e7\u00e3o de oferta e procura de acomoda\u00e7\u00f5es por temporada e venda de produtos e servi\u00e7os. Empreendedores: Carlos Humberto da Silva Filho, Antonio Pita e Andr\u00e9 Ribeiro YouTrendz (<a href=\"http:\/\/youtrendz.com\/\" rel=\"nofollow\">http:\/\/youtrendz.com\/<\/a>) A Youtrendz \u00e9 uma rede voltada \u00e0 venda, compra e compartilhamento, com foco no micro e pequeno empreendedor. Funciona como um marketplace para exposi\u00e7\u00e3o de produtos de forma gratuita, que apoia o aumento de renda desse p\u00fablico, permitindo que qualquer empreendedor possua sua pr\u00f3pria loja virtual. Empreendedores: Nanda Carvalho e Rodrigo Antunes Engajamento C\u00edvico Pluvi.On (www.pluvion.com.br) A Pluvi.On utiliza uma rede de esta\u00e7\u00f5es meteorol\u00f3gicas propriet\u00e1rias para gerar alertas antecipados e em tempo real para a popula\u00e7\u00e3o em rela\u00e7\u00e3o a eventos clim\u00e1ticos extremos, como enchentes e deslizamentos. Para os neg\u00f3cios, cria redes de sensores que ajudam a aumentar a previsibilidade e resist\u00eancia a fatores clim\u00e1ticos que afetam suas opera\u00e7\u00f5es. Empreendedores: Diogo Tolezano, Pedro Godoy, Mariana Marcilio, Murilo Souza e Hugo Santos Muove (<a href=\"https:\/\/www.muovebrasil.com\" rel=\"nofollow\">https:\/\/www.muovebrasil.com<\/a>) A plataforma e-Muove identifica inefici\u00eancias nas finan\u00e7as municipais e sugere a\u00e7\u00f5es de melhoria ao gestor p\u00fablico, atrav\u00e9s de uma plataforma fechada. A plataforma possui ainda uma \u00e1rea aberta que funciona como um mecanismo de transpar\u00eancia, permitindo maior controle da sociedade civil. Empreendedores: Ricardo Ramos e Rodolfo Fiori Simbiose Social (<a href=\"https:\/\/www.simbiose.social\/\" rel=\"nofollow\">https:\/\/www.simbiose.social\/<\/a>) A Simbiose Social \u00e9 uma plataforma criada a partir do cruzamento de todos os dados p\u00fablicos referentes a Leis de Incentivo no pa\u00eds. De um lado, o Sistema de Empresas otimiza a gest\u00e3o do recurso e permite buscar os projetos. Do outro, o Sistema de Projetos empodera projetos sociais ao munici\u00e1-los com informa\u00e7\u00f5es referentes ao perfil das empresas. Empreendedores: Raphael Mayer e Mathieu Anduze","protected":false},"author":81109636,"featured_media":6278,"comment_status":"closed","ping_status":"closed","sticky":false,"template":"","format":"standard","meta":{"_jetpack_newsletter_access":"","_jetpack_dont_email_post_to_subs":false,"_jetpack_newsletter_tier_id":0,"_jetpack_memberships_contains_paywalled_content":false,"_jetpack_feature_clip_id":0,"_jetpack_memberships_contains_paid_content":false,"footnotes":"","jetpack_post_was_ever_published":false},"categories":[1],"tags":[396542005,396542003,396542001,396542004,396542002],"class_list":["post-6271","post","type-post","status-publish","format-standard","has-post-thumbnail","hentry","category-recent-news","tag-educacao","tag-empreendedorismo","tag-estacao-hack","tag-estudantes","tag-facebook-brasil"],"yoast_head":"<!-- This site is optimized with the Yoast SEO plugin v27.2 - https:\/\/yoast.com\/product\/yoast-seo-wordpress\/ -->\n<title>Facebook abre Esta\u00e7\u00e3o Hack para capacitar jovens brasileiros | Sobre a Meta<\/title>\n<meta name=\"robots\" content=\"index, follow, max-snippet:-1, max-image-preview:large, max-video-preview:-1\" \/>\n<link rel=\"canonical\" href=\"https:\/\/about.fb.com\/br\/news\/2017\/12\/facebook-abre-estacao-hack-para-capacitar-jovens-brasileiros\/\" \/>\n<meta property=\"og:locale\" content=\"pt_BR\" \/>\n<meta property=\"og:type\" content=\"article\" \/>\n<meta property=\"og:title\" content=\"Facebook abre Esta\u00e7\u00e3o Hack para capacitar jovens brasileiros | Sobre a Meta\" \/>\n<meta property=\"og:description\" content=\"Centro para inova\u00e7\u00e3o do Facebook em S\u00e3o Paulo inicia cursos gratuitos de capacita\u00e7\u00e3o tecnol\u00f3gica para jovens e divulga lista das primeiras 10 startups nacionais que ser\u00e3o aceleradas no espa\u00e7o. Projeto Cineastas 360 \u00e9 lan\u00e7ado no local O Facebook abre nesta segunda-feira (11) a Esta\u00e7\u00e3o Hack, seu primeiro centro de apoio \u00e0 inova\u00e7\u00e3o no mundo com bolsas para cursos de programa\u00e7\u00e3o, desenvolvimento de aplicativos e empreendedorismo digital, ajudando a preparar os jovens brasileiros para as profiss\u00f5es do futuro. A empresa tamb\u00e9m divulga as primeiras 10 startups de impacto social que ser\u00e3o aceleradas no espa\u00e7o em S\u00e3o Paulo. \u201cO Brasil \u00e9 um pa\u00eds muito importante para o Facebook. Com a Esta\u00e7\u00e3o Hack, refor\u00e7amos ainda mais nosso compromisso com o desenvolvimento do Brasil, ajudando a formar jovens talentos na \u00e1rea de tecnologia, apoiando o empreendedorismo e estimulando a inova\u00e7\u00e3o\u201d, afirma Diego Dzodan, Vice-Presidente do Facebook e Instagram para America Latina. A capacita\u00e7\u00e3o digital \u00e9 cada vez mais importante para a empregabilidade do jovem brasileiro. Pesquisa feita pela Morning Consult, encomendada pelo Facebook, mostrou que 82% das micro e pequenas empresas no Brasil acreditam que as habilidades digitais s\u00e3o mais importantes na hora de contratar do que a escola onde algu\u00e9m estudou. Para 85% delas, recrutar profissionais capacitados \u00e9 considerado um desafio. As aulas das primeiras turmas de cursos de programa\u00e7\u00e3o e de desenvolvimento de aplicativos na Esta\u00e7\u00e3o Hack come\u00e7am no dia 12. Por ano, ser\u00e3o oferecidas 7.400 bolsas a jovens como Let\u00edcia de Morais Celestino, de 20 anos. \u201cAprender uma linguagem de programa\u00e7\u00e3o vai me abrir portas no futuro e gerar oportunidades de carreira\u201d, afirma ela. Al\u00e9m do pilar educacional, a Esta\u00e7\u00e3o Hack hospedar\u00e1 startups que fazem uso intensivo de dados em suas solu\u00e7\u00f5es e com potencial de gerar transforma\u00e7\u00f5es positivas \u00e0 sociedade em larga escala. Foram selecionadas 10 startups para a primeira etapa de acelera\u00e7\u00e3o, que acontece de janeiro a junho de 2018. Ao todo, mais de 760 startups se inscreveram em busca de uma vaga no programa. As startups escolhidas oferecem solu\u00e7\u00f5es voltadas \u00e0 empregabilidade de jovens e adultos de baixa renda, educa\u00e7\u00e3o, seguran\u00e7a de dados, engajamento c\u00edvico, servi\u00e7os financeiros para inclus\u00e3o ou educa\u00e7\u00e3o financeira e microempreendedorismo. Para Rodolfo Fiori, fundador da Muove, uma das startups aceleradas na Esta\u00e7\u00e3o Hack, \u201cestar aqui \u00e9 um orgulho porque s\u00e3o empresas que est\u00e3o pensando de alguma forma em mudar o Brasil e melhorar a vida das pessoas, principalmente as de baixa renda. Ter um projeto do Facebook que pode nos ajudar a fomentar esse ecossistema \u00e9 super importante e ficamos felizes com o impacto que esse programa vai ter na vida dos empreendedores sociais.\u201d A Esta\u00e7\u00e3o Hack representa o maior investimento j\u00e1 feito pelo Facebook na Am\u00e9rica Latina e est\u00e1 localizada no cora\u00e7\u00e3o da cidade de S\u00e3o Paulo, a Avenida Paulista. O espa\u00e7o colaborativo fica em uma \u00e1rea exclusiva dentro da WeWork. Os cursos e os workshops ser\u00e3o ministrados por parceiros reconhecidos em suas \u00e1reas de atua\u00e7\u00e3o: Mastertech, MadCode, Reprograma, JuniorAchievement e Centro de Empreendedorismo e Neg\u00f3cios da FGV (FGVcenn). A Artemisia, organiza\u00e7\u00e3o sem fins lucrativos pioneira no fomento de neg\u00f3cios, trabalhar\u00e1 com o Facebook no programa de acelera\u00e7\u00e3o de startups. A Esta\u00e7\u00e3o Hack oferecer\u00e1, ainda, curso de gest\u00e3o de empresas em parceria com o FGVcenn e sess\u00f5es dos programas de marketing digital do pr\u00f3prio Facebook. Desde 2015, esses programas j\u00e1 capacitaram mais de 200 mil pequenos e m\u00e9dios empreendedores brasileiros, por meio de workshops presenciais e online. Projeto Cineastas 360 Na abertura da Esta\u00e7\u00e3o Hack, o Facebook tamb\u00e9m anuncia que lan\u00e7ar\u00e1 em 2018 o Projeto Cineastas 360, voltado a rede p\u00fablica de ensino. As escolas ganhar\u00e3o equipamentos para a produ\u00e7\u00e3o de v\u00eddeos usando tecnologia 360 e os professores ter\u00e3o treinamento realizado em parceria com a ONG Recode, voltada ao empoderamento digital e que trabalha com institui\u00e7\u00f5es comunit\u00e1rias, bibliotecas e escolas p\u00fablicas. No desafio, grupos de alunos competir\u00e3o pelo melhor v\u00eddeo 360. &nbsp; As dez startups selecionadas para o programa de acelera\u00e7\u00e3o da Esta\u00e7\u00e3o Hack Empregabilidade Kunla (http:\/\/www.kunla.social\/) Fundada em 2014, a Kunla desenvolveu uma plataforma que permite que m\u00e3es possam trabalhar de maneira aut\u00f4noma em suas pr\u00f3prias comunidades e gerar a pr\u00f3pria renda, por meio da atividade de recrutamento e sele\u00e7\u00e3o de profissionais. As m\u00e3es tornam-se agentes de recrutamento e indicam profissionais moradores de suas comunidades para vagas nas empresas que contratam os servi\u00e7os da Kunla. Empreendedores: Leonardo Carneiro e Marcelino Badin TAQE (http:\/\/taqe.com.br) TAQE \u00e9 um jogo criado em 2016 que prepara as pessoas para o mercado de trabalho e oferece vagas de emprego que tenham a ver com o perfil do candidato. Com aulas e testes interativos a partir de um app, as pessoas descobrem seu potencial, ganham pontos e desbloqueiam vagas de emprego reais, tornando a qualifica\u00e7\u00e3o e a busca por trabalho algo divertido. Empreendedores: Renato Dias, Denise Asnis e Ernesto van Peborgh Servi\u00e7os Financeiros Banco Mar\u00e9 (http:\/\/bancomare.com.br) Fundado em 2016, o Banco Mar\u00e9 \u00e9 uma startup social que oferece servi\u00e7os banc\u00e1rios para regi\u00f5es que normalmente n\u00e3o teriam acesso ao sistema financeiro. O Mar\u00e9 tem sua moeda digital pr\u00f3pria, a Palafita, e por meio de um app permite que as pessoas paguem suas pr\u00f3prias contas, transfiram valores e fa\u00e7am compras sem perder o controle de seus gastos. Empreendedores: Alexander Albuquerque, Vitor Knipp, Benjamin Drouin e Ronaldo de Albuquerque SmartS\u00edndico (http:\/\/www.smartsindico.com.br\/) O SmartS\u00edndico \u00e9 um app que ajuda s\u00edndicos e moradores de condom\u00ednios a fazer uma administra\u00e7\u00e3o mais simples e econ\u00f4mica, zelando pela manuten\u00e7\u00e3o e pela redu\u00e7\u00e3o de custos e de conflitos. A partir de aulas online sobre sustentabilidade, finan\u00e7as e temas relacionados, a startup d\u00e1 a autonomia necess\u00e1ria para melhorar a gest\u00e3o de um condom\u00ednio, com foco em habita\u00e7\u00f5es de interesse sociais, como CDHU e Cohabs. Empreendedores: Laerte Temple, C\u00e1ssio Thut, Guilherme Ribeiro, B\u00e1rbara Garcia e Juraci B. Garcia Educa\u00e7\u00e3o Reda\u00e7\u00e3o Online (http:\/\/redacaonline.com.br\/lp\/) A Reda\u00e7\u00e3o Online \u00e9 uma solu\u00e7\u00e3o que viabiliza corre\u00e7\u00f5es de reda\u00e7\u00f5es preparat\u00f3rias para ENEM, Vestibulares e Concursos, com qualidade e em escala nacional, com coment\u00e1rios detalhados, recomenda\u00e7\u00f5es de reescrita e chat para conversar com professores e corretores. O servi\u00e7o atende a 32 mil alunos, sendo 35% oriundos de escolas p\u00fablicas. Empreendedores: Ot\u00e1vio Rodrigues e Edson Mayer Microempreendedorismo Diaspora.Black (https:\/\/diaspora.black\/) A Diaspora.Black \u00e9 uma plataforma de hospedagem focada em viajantes e anfitri\u00f5es interessados em promover a cultura negra, com foco no empoderamento e fortalecimento econ\u00f4mico da comunidade negra. A plataforma realiza a media\u00e7\u00e3o de oferta e procura de acomoda\u00e7\u00f5es por temporada e venda de produtos e servi\u00e7os. Empreendedores: Carlos Humberto da Silva Filho, Antonio Pita e Andr\u00e9 Ribeiro YouTrendz (http:\/\/youtrendz.com\/) A Youtrendz \u00e9 uma rede voltada \u00e0 venda, compra e compartilhamento, com foco no micro e pequeno empreendedor. Funciona como um marketplace para exposi\u00e7\u00e3o de produtos de forma gratuita, que apoia o aumento de renda desse p\u00fablico, permitindo que qualquer empreendedor possua sua pr\u00f3pria loja virtual. Empreendedores: Nanda Carvalho e Rodrigo Antunes Engajamento C\u00edvico Pluvi.On (www.pluvion.com.br) A Pluvi.On utiliza uma rede de esta\u00e7\u00f5es meteorol\u00f3gicas propriet\u00e1rias para gerar alertas antecipados e em tempo real para a popula\u00e7\u00e3o em rela\u00e7\u00e3o a eventos clim\u00e1ticos extremos, como enchentes e deslizamentos. Para os neg\u00f3cios, cria redes de sensores que ajudam a aumentar a previsibilidade e resist\u00eancia a fatores clim\u00e1ticos que afetam suas opera\u00e7\u00f5es. Empreendedores: Diogo Tolezano, Pedro Godoy, Mariana Marcilio, Murilo Souza e Hugo Santos Muove (https:\/\/www.muovebrasil.com) A plataforma e-Muove identifica inefici\u00eancias nas finan\u00e7as municipais e sugere a\u00e7\u00f5es de melhoria ao gestor p\u00fablico, atrav\u00e9s de uma plataforma fechada. A plataforma possui ainda uma \u00e1rea aberta que funciona como um mecanismo de transpar\u00eancia, permitindo maior controle da sociedade civil. Empreendedores: Ricardo Ramos e Rodolfo Fiori Simbiose Social (https:\/\/www.simbiose.social\/) A Simbiose Social \u00e9 uma plataforma criada a partir do cruzamento de todos os dados p\u00fablicos referentes a Leis de Incentivo no pa\u00eds. De um lado, o Sistema de Empresas otimiza a gest\u00e3o do recurso e permite buscar os projetos. Do outro, o Sistema de Projetos empodera projetos sociais ao munici\u00e1-los com informa\u00e7\u00f5es referentes ao perfil das empresas. Empreendedores: Raphael Mayer e Mathieu Anduze\" \/>\n<meta property=\"og:url\" content=\"https:\/\/about.fb.com\/br\/news\/2017\/12\/facebook-abre-estacao-hack-para-capacitar-jovens-brasileiros\/\" \/>\n<meta property=\"og:site_name\" content=\"Sobre a Meta\" \/>\n<meta property=\"article:published_time\" content=\"2017-12-11T16:28:23+00:00\" \/>\n<meta property=\"article:modified_time\" content=\"2021-06-17T13:10:37+00:00\" \/>\n<meta property=\"og:image\" content=\"https:\/\/about.fb.com\/br\/wp-content\/uploads\/sites\/11\/2017\/12\/marco_torelli-facebook-inauguracao_estacao_hack-69-of-185.jpg?resize=1024,683\" \/>\n\t<meta property=\"og:image:width\" content=\"1024\" \/>\n\t<meta property=\"og:image:height\" content=\"683\" \/>\n\t<meta property=\"og:image:type\" content=\"image\/jpeg\" \/>\n<meta name=\"author\" content=\"facebookbr\" \/>\n<meta name=\"twitter:card\" content=\"summary_large_image\" \/>\n<meta name=\"twitter:label1\" content=\"Written by\" \/>\n\t<meta name=\"twitter:data1\" content=\"Meta\" \/>\n\t<meta name=\"twitter:label2\" content=\"Est. reading time\" \/>\n\t<meta name=\"twitter:data2\" content=\"7 minutos\" \/>\n<script type=\"application\/ld+json\" class=\"yoast-schema-graph\">{\"@context\":\"https:\/\/schema.org\",\"@graph\":[{\"@type\":\"Article\",\"@id\":\"https:\/\/about.fb.com\/br\/news\/2017\/12\/facebook-abre-estacao-hack-para-capacitar-jovens-brasileiros\/#article\",\"isPartOf\":{\"@id\":\"https:\/\/about.fb.com\/br\/news\/2017\/12\/facebook-abre-estacao-hack-para-capacitar-jovens-brasileiros\/\"},\"author\":\"Facebook company\",\"headline\":\"Facebook abre Esta\u00e7\u00e3o Hack para capacitar jovens brasileiros\",\"datePublished\":\"2017-12-11T16:28:23+00:00\",\"dateModified\":\"2021-06-17T13:10:37+00:00\",\"mainEntityOfPage\":{\"@id\":\"https:\/\/about.fb.com\/br\/news\/2017\/12\/facebook-abre-estacao-hack-para-capacitar-jovens-brasileiros\/\"},\"wordCount\":1457,\"publisher\":{\"@id\":\"https:\/\/about.fb.com\/br\/#organization\"},\"image\":{\"@id\":\"https:\/\/about.fb.com\/br\/news\/2017\/12\/facebook-abre-estacao-hack-para-capacitar-jovens-brasileiros\/#primaryimage\"},\"thumbnailUrl\":\"https:\/\/about.fb.com\/br\/wp-content\/uploads\/sites\/11\/2017\/12\/marco_torelli-facebook-inauguracao_estacao_hack-69-of-185.jpg?fit=5472%2C3648\",\"keywords\":[\"educa\u00e7\u00e3o\",\"empreendedorismo\",\"Esta\u00e7\u00e3o Hack\",\"estudantes\",\"Facebook Brasil\"],\"articleSection\":[\"Recent News\"],\"inLanguage\":\"pt-BR\"},{\"@type\":\"WebPage\",\"@id\":\"https:\/\/about.fb.com\/br\/news\/2017\/12\/facebook-abre-estacao-hack-para-capacitar-jovens-brasileiros\/\",\"url\":\"https:\/\/about.fb.com\/br\/news\/2017\/12\/facebook-abre-estacao-hack-para-capacitar-jovens-brasileiros\/\",\"name\":\"Facebook abre Esta\u00e7\u00e3o Hack para capacitar jovens brasileiros | Sobre a Meta\",\"isPartOf\":{\"@id\":\"https:\/\/about.fb.com\/br\/#website\"},\"primaryImageOfPage\":{\"@id\":\"https:\/\/about.fb.com\/br\/news\/2017\/12\/facebook-abre-estacao-hack-para-capacitar-jovens-brasileiros\/#primaryimage\"},\"image\":{\"@id\":\"https:\/\/about.fb.com\/br\/news\/2017\/12\/facebook-abre-estacao-hack-para-capacitar-jovens-brasileiros\/#primaryimage\"},\"thumbnailUrl\":\"https:\/\/about.fb.com\/br\/wp-content\/uploads\/sites\/11\/2017\/12\/marco_torelli-facebook-inauguracao_estacao_hack-69-of-185.jpg?fit=5472%2C3648\",\"datePublished\":\"2017-12-11T16:28:23+00:00\",\"dateModified\":\"2021-06-17T13:10:37+00:00\",\"breadcrumb\":{\"@id\":\"https:\/\/about.fb.com\/br\/news\/2017\/12\/facebook-abre-estacao-hack-para-capacitar-jovens-brasileiros\/#breadcrumb\"},\"inLanguage\":\"pt-BR\",\"potentialAction\":[{\"@type\":\"ReadAction\",\"target\":[\"https:\/\/about.fb.com\/br\/news\/2017\/12\/facebook-abre-estacao-hack-para-capacitar-jovens-brasileiros\/\"]}],\"author\":\"Sobre a Meta\"},{\"@type\":\"ImageObject\",\"inLanguage\":\"pt-BR\",\"@id\":\"https:\/\/about.fb.com\/br\/news\/2017\/12\/facebook-abre-estacao-hack-para-capacitar-jovens-brasileiros\/#primaryimage\",\"url\":\"https:\/\/about.fb.com\/br\/wp-content\/uploads\/sites\/11\/2017\/12\/marco_torelli-facebook-inauguracao_estacao_hack-69-of-185.jpg?fit=5472%2C3648\",\"contentUrl\":\"https:\/\/about.fb.com\/br\/wp-content\/uploads\/sites\/11\/2017\/12\/marco_torelli-facebook-inauguracao_estacao_hack-69-of-185.jpg?fit=5472%2C3648\",\"width\":5472,\"height\":3648},{\"@type\":\"BreadcrumbList\",\"@id\":\"https:\/\/about.fb.com\/br\/news\/2017\/12\/facebook-abre-estacao-hack-para-capacitar-jovens-brasileiros\/#breadcrumb\",\"itemListElement\":[{\"@type\":\"ListItem\",\"position\":1,\"name\":\"Home\",\"item\":\"https:\/\/about.fb.com\/br\/\"},{\"@type\":\"ListItem\",\"position\":2,\"name\":\"Facebook abre Esta\u00e7\u00e3o Hack para capacitar jovens brasileiros\"}]},{\"@type\":\"WebSite\",\"@id\":\"https:\/\/about.fb.com\/br\/#website\",\"url\":\"https:\/\/about.fb.com\/news\/\",\"name\":\"Sobre a Meta\",\"description\":\"\",\"publisher\":{\"@id\":\"https:\/\/about.fb.com\/br\/#organization\"},\"potentialAction\":[{\"@type\":\"SearchAction\",\"target\":{\"@type\":\"EntryPoint\",\"urlTemplate\":\"https:\/\/about.fb.com\/br\/?s={search_term_string}\"},\"query-input\":{\"@type\":\"PropertyValueSpecification\",\"valueRequired\":true,\"valueName\":\"search_term_string\"}}],\"inLanguage\":\"pt-BR\",\"alternateName\":[\"Meta Newsroom\",\"Meta\"]},{\"@type\":\"Organization\",\"@id\":\"https:\/\/about.fb.com\/br\/#organization\",\"name\":\"Meta\",\"url\":\"https:\/\/about.fb.com\/br\/\",\"logo\":{\"@type\":\"ImageObject\",\"inLanguage\":\"pt-BR\",\"@id\":\"https:\/\/about.fb.com\/br\/#\/schema\/logo\/image\/\",\"url\":\"https:\/\/about.fb.com\/br\/wp-content\/uploads\/sites\/11\/2021\/10\/meta-social-16x9-1.jpg?fit=8000%2C4500\",\"contentUrl\":\"https:\/\/about.fb.com\/br\/wp-content\/uploads\/sites\/11\/2021\/10\/meta-social-16x9-1.jpg?fit=8000%2C4500\",\"width\":8000,\"height\":4500,\"caption\":\"Meta\"},\"image\":{\"@id\":\"https:\/\/about.fb.com\/br\/#\/schema\/logo\/image\/\"}}]}<\/script>\n<!-- \/ Yoast SEO plugin. -->","yoast_head_json":{"title":"Facebook abre Esta\u00e7\u00e3o Hack para capacitar jovens brasileiros | Sobre a Meta","robots":{"index":"index","follow":"follow","max-snippet":"max-snippet:-1","max-image-preview":"max-image-preview:large","max-video-preview":"max-video-preview:-1"},"canonical":"https:\/\/about.fb.com\/br\/news\/2017\/12\/facebook-abre-estacao-hack-para-capacitar-jovens-brasileiros\/","og_locale":"pt_BR","og_type":"article","og_title":"Facebook abre Esta\u00e7\u00e3o Hack para capacitar jovens brasileiros | Sobre a Meta","og_description":"Centro para inova\u00e7\u00e3o do Facebook em S\u00e3o Paulo inicia cursos gratuitos de capacita\u00e7\u00e3o tecnol\u00f3gica para jovens e divulga lista das primeiras 10 startups nacionais que ser\u00e3o aceleradas no espa\u00e7o. Projeto Cineastas 360 \u00e9 lan\u00e7ado no local O Facebook abre nesta segunda-feira (11) a Esta\u00e7\u00e3o Hack, seu primeiro centro de apoio \u00e0 inova\u00e7\u00e3o no mundo com bolsas para cursos de programa\u00e7\u00e3o, desenvolvimento de aplicativos e empreendedorismo digital, ajudando a preparar os jovens brasileiros para as profiss\u00f5es do futuro. A empresa tamb\u00e9m divulga as primeiras 10 startups de impacto social que ser\u00e3o aceleradas no espa\u00e7o em S\u00e3o Paulo. \u201cO Brasil \u00e9 um pa\u00eds muito importante para o Facebook. Com a Esta\u00e7\u00e3o Hack, refor\u00e7amos ainda mais nosso compromisso com o desenvolvimento do Brasil, ajudando a formar jovens talentos na \u00e1rea de tecnologia, apoiando o empreendedorismo e estimulando a inova\u00e7\u00e3o\u201d, afirma Diego Dzodan, Vice-Presidente do Facebook e Instagram para America Latina. A capacita\u00e7\u00e3o digital \u00e9 cada vez mais importante para a empregabilidade do jovem brasileiro. Pesquisa feita pela Morning Consult, encomendada pelo Facebook, mostrou que 82% das micro e pequenas empresas no Brasil acreditam que as habilidades digitais s\u00e3o mais importantes na hora de contratar do que a escola onde algu\u00e9m estudou. Para 85% delas, recrutar profissionais capacitados \u00e9 considerado um desafio. As aulas das primeiras turmas de cursos de programa\u00e7\u00e3o e de desenvolvimento de aplicativos na Esta\u00e7\u00e3o Hack come\u00e7am no dia 12. Por ano, ser\u00e3o oferecidas 7.400 bolsas a jovens como Let\u00edcia de Morais Celestino, de 20 anos. \u201cAprender uma linguagem de programa\u00e7\u00e3o vai me abrir portas no futuro e gerar oportunidades de carreira\u201d, afirma ela. Al\u00e9m do pilar educacional, a Esta\u00e7\u00e3o Hack hospedar\u00e1 startups que fazem uso intensivo de dados em suas solu\u00e7\u00f5es e com potencial de gerar transforma\u00e7\u00f5es positivas \u00e0 sociedade em larga escala. Foram selecionadas 10 startups para a primeira etapa de acelera\u00e7\u00e3o, que acontece de janeiro a junho de 2018. Ao todo, mais de 760 startups se inscreveram em busca de uma vaga no programa. As startups escolhidas oferecem solu\u00e7\u00f5es voltadas \u00e0 empregabilidade de jovens e adultos de baixa renda, educa\u00e7\u00e3o, seguran\u00e7a de dados, engajamento c\u00edvico, servi\u00e7os financeiros para inclus\u00e3o ou educa\u00e7\u00e3o financeira e microempreendedorismo. Para Rodolfo Fiori, fundador da Muove, uma das startups aceleradas na Esta\u00e7\u00e3o Hack, \u201cestar aqui \u00e9 um orgulho porque s\u00e3o empresas que est\u00e3o pensando de alguma forma em mudar o Brasil e melhorar a vida das pessoas, principalmente as de baixa renda. Ter um projeto do Facebook que pode nos ajudar a fomentar esse ecossistema \u00e9 super importante e ficamos felizes com o impacto que esse programa vai ter na vida dos empreendedores sociais.\u201d A Esta\u00e7\u00e3o Hack representa o maior investimento j\u00e1 feito pelo Facebook na Am\u00e9rica Latina e est\u00e1 localizada no cora\u00e7\u00e3o da cidade de S\u00e3o Paulo, a Avenida Paulista. O espa\u00e7o colaborativo fica em uma \u00e1rea exclusiva dentro da WeWork. Os cursos e os workshops ser\u00e3o ministrados por parceiros reconhecidos em suas \u00e1reas de atua\u00e7\u00e3o: Mastertech, MadCode, Reprograma, JuniorAchievement e Centro de Empreendedorismo e Neg\u00f3cios da FGV (FGVcenn). A Artemisia, organiza\u00e7\u00e3o sem fins lucrativos pioneira no fomento de neg\u00f3cios, trabalhar\u00e1 com o Facebook no programa de acelera\u00e7\u00e3o de startups. A Esta\u00e7\u00e3o Hack oferecer\u00e1, ainda, curso de gest\u00e3o de empresas em parceria com o FGVcenn e sess\u00f5es dos programas de marketing digital do pr\u00f3prio Facebook. Desde 2015, esses programas j\u00e1 capacitaram mais de 200 mil pequenos e m\u00e9dios empreendedores brasileiros, por meio de workshops presenciais e online. Projeto Cineastas 360 Na abertura da Esta\u00e7\u00e3o Hack, o Facebook tamb\u00e9m anuncia que lan\u00e7ar\u00e1 em 2018 o Projeto Cineastas 360, voltado a rede p\u00fablica de ensino. As escolas ganhar\u00e3o equipamentos para a produ\u00e7\u00e3o de v\u00eddeos usando tecnologia 360 e os professores ter\u00e3o treinamento realizado em parceria com a ONG Recode, voltada ao empoderamento digital e que trabalha com institui\u00e7\u00f5es comunit\u00e1rias, bibliotecas e escolas p\u00fablicas. No desafio, grupos de alunos competir\u00e3o pelo melhor v\u00eddeo 360. &nbsp; As dez startups selecionadas para o programa de acelera\u00e7\u00e3o da Esta\u00e7\u00e3o Hack Empregabilidade Kunla (http:\/\/www.kunla.social\/) Fundada em 2014, a Kunla desenvolveu uma plataforma que permite que m\u00e3es possam trabalhar de maneira aut\u00f4noma em suas pr\u00f3prias comunidades e gerar a pr\u00f3pria renda, por meio da atividade de recrutamento e sele\u00e7\u00e3o de profissionais. As m\u00e3es tornam-se agentes de recrutamento e indicam profissionais moradores de suas comunidades para vagas nas empresas que contratam os servi\u00e7os da Kunla. Empreendedores: Leonardo Carneiro e Marcelino Badin TAQE (http:\/\/taqe.com.br) TAQE \u00e9 um jogo criado em 2016 que prepara as pessoas para o mercado de trabalho e oferece vagas de emprego que tenham a ver com o perfil do candidato. Com aulas e testes interativos a partir de um app, as pessoas descobrem seu potencial, ganham pontos e desbloqueiam vagas de emprego reais, tornando a qualifica\u00e7\u00e3o e a busca por trabalho algo divertido. Empreendedores: Renato Dias, Denise Asnis e Ernesto van Peborgh Servi\u00e7os Financeiros Banco Mar\u00e9 (http:\/\/bancomare.com.br) Fundado em 2016, o Banco Mar\u00e9 \u00e9 uma startup social que oferece servi\u00e7os banc\u00e1rios para regi\u00f5es que normalmente n\u00e3o teriam acesso ao sistema financeiro. O Mar\u00e9 tem sua moeda digital pr\u00f3pria, a Palafita, e por meio de um app permite que as pessoas paguem suas pr\u00f3prias contas, transfiram valores e fa\u00e7am compras sem perder o controle de seus gastos. Empreendedores: Alexander Albuquerque, Vitor Knipp, Benjamin Drouin e Ronaldo de Albuquerque SmartS\u00edndico (http:\/\/www.smartsindico.com.br\/) O SmartS\u00edndico \u00e9 um app que ajuda s\u00edndicos e moradores de condom\u00ednios a fazer uma administra\u00e7\u00e3o mais simples e econ\u00f4mica, zelando pela manuten\u00e7\u00e3o e pela redu\u00e7\u00e3o de custos e de conflitos. A partir de aulas online sobre sustentabilidade, finan\u00e7as e temas relacionados, a startup d\u00e1 a autonomia necess\u00e1ria para melhorar a gest\u00e3o de um condom\u00ednio, com foco em habita\u00e7\u00f5es de interesse sociais, como CDHU e Cohabs. Empreendedores: Laerte Temple, C\u00e1ssio Thut, Guilherme Ribeiro, B\u00e1rbara Garcia e Juraci B. Garcia Educa\u00e7\u00e3o Reda\u00e7\u00e3o Online (http:\/\/redacaonline.com.br\/lp\/) A Reda\u00e7\u00e3o Online \u00e9 uma solu\u00e7\u00e3o que viabiliza corre\u00e7\u00f5es de reda\u00e7\u00f5es preparat\u00f3rias para ENEM, Vestibulares e Concursos, com qualidade e em escala nacional, com coment\u00e1rios detalhados, recomenda\u00e7\u00f5es de reescrita e chat para conversar com professores e corretores. O servi\u00e7o atende a 32 mil alunos, sendo 35% oriundos de escolas p\u00fablicas. Empreendedores: Ot\u00e1vio Rodrigues e Edson Mayer Microempreendedorismo Diaspora.Black (https:\/\/diaspora.black\/) A Diaspora.Black \u00e9 uma plataforma de hospedagem focada em viajantes e anfitri\u00f5es interessados em promover a cultura negra, com foco no empoderamento e fortalecimento econ\u00f4mico da comunidade negra. A plataforma realiza a media\u00e7\u00e3o de oferta e procura de acomoda\u00e7\u00f5es por temporada e venda de produtos e servi\u00e7os. Empreendedores: Carlos Humberto da Silva Filho, Antonio Pita e Andr\u00e9 Ribeiro YouTrendz (http:\/\/youtrendz.com\/) A Youtrendz \u00e9 uma rede voltada \u00e0 venda, compra e compartilhamento, com foco no micro e pequeno empreendedor. Funciona como um marketplace para exposi\u00e7\u00e3o de produtos de forma gratuita, que apoia o aumento de renda desse p\u00fablico, permitindo que qualquer empreendedor possua sua pr\u00f3pria loja virtual. Empreendedores: Nanda Carvalho e Rodrigo Antunes Engajamento C\u00edvico Pluvi.On (www.pluvion.com.br) A Pluvi.On utiliza uma rede de esta\u00e7\u00f5es meteorol\u00f3gicas propriet\u00e1rias para gerar alertas antecipados e em tempo real para a popula\u00e7\u00e3o em rela\u00e7\u00e3o a eventos clim\u00e1ticos extremos, como enchentes e deslizamentos. Para os neg\u00f3cios, cria redes de sensores que ajudam a aumentar a previsibilidade e resist\u00eancia a fatores clim\u00e1ticos que afetam suas opera\u00e7\u00f5es. Empreendedores: Diogo Tolezano, Pedro Godoy, Mariana Marcilio, Murilo Souza e Hugo Santos Muove (https:\/\/www.muovebrasil.com) A plataforma e-Muove identifica inefici\u00eancias nas finan\u00e7as municipais e sugere a\u00e7\u00f5es de melhoria ao gestor p\u00fablico, atrav\u00e9s de uma plataforma fechada. A plataforma possui ainda uma \u00e1rea aberta que funciona como um mecanismo de transpar\u00eancia, permitindo maior controle da sociedade civil. Empreendedores: Ricardo Ramos e Rodolfo Fiori Simbiose Social (https:\/\/www.simbiose.social\/) A Simbiose Social \u00e9 uma plataforma criada a partir do cruzamento de todos os dados p\u00fablicos referentes a Leis de Incentivo no pa\u00eds. De um lado, o Sistema de Empresas otimiza a gest\u00e3o do recurso e permite buscar os projetos. Do outro, o Sistema de Projetos empodera projetos sociais ao munici\u00e1-los com informa\u00e7\u00f5es referentes ao perfil das empresas. Empreendedores: Raphael Mayer e Mathieu Anduze","og_url":"https:\/\/about.fb.com\/br\/news\/2017\/12\/facebook-abre-estacao-hack-para-capacitar-jovens-brasileiros\/","og_site_name":"Sobre a Meta","article_published_time":"2017-12-11T16:28:23+00:00","article_modified_time":"2021-06-17T13:10:37+00:00","og_image":[{"width":1024,"height":683,"url":"https:\/\/about.fb.com\/br\/wp-content\/uploads\/sites\/11\/2017\/12\/marco_torelli-facebook-inauguracao_estacao_hack-69-of-185.jpg?resize=1024,683","type":"image\/jpeg"}],"author":"facebookbr","twitter_card":"summary_large_image","twitter_misc":{"Written by":"Meta","Est. reading time":"7 minutos"},"schema":{"@context":"https:\/\/schema.org","@graph":[{"@type":"Article","@id":"https:\/\/about.fb.com\/br\/news\/2017\/12\/facebook-abre-estacao-hack-para-capacitar-jovens-brasileiros\/#article","isPartOf":{"@id":"https:\/\/about.fb.com\/br\/news\/2017\/12\/facebook-abre-estacao-hack-para-capacitar-jovens-brasileiros\/"},"author":"Facebook company","headline":"Facebook abre Esta\u00e7\u00e3o Hack para capacitar jovens brasileiros","datePublished":"2017-12-11T16:28:23+00:00","dateModified":"2021-06-17T13:10:37+00:00","mainEntityOfPage":{"@id":"https:\/\/about.fb.com\/br\/news\/2017\/12\/facebook-abre-estacao-hack-para-capacitar-jovens-brasileiros\/"},"wordCount":1457,"publisher":{"@id":"https:\/\/about.fb.com\/br\/#organization"},"image":{"@id":"https:\/\/about.fb.com\/br\/news\/2017\/12\/facebook-abre-estacao-hack-para-capacitar-jovens-brasileiros\/#primaryimage"},"thumbnailUrl":"https:\/\/about.fb.com\/br\/wp-content\/uploads\/sites\/11\/2017\/12\/marco_torelli-facebook-inauguracao_estacao_hack-69-of-185.jpg?fit=5472%2C3648","keywords":["educa\u00e7\u00e3o","empreendedorismo","Esta\u00e7\u00e3o Hack","estudantes","Facebook Brasil"],"articleSection":["Recent News"],"inLanguage":"pt-BR"},{"@type":"WebPage","@id":"https:\/\/about.fb.com\/br\/news\/2017\/12\/facebook-abre-estacao-hack-para-capacitar-jovens-brasileiros\/","url":"https:\/\/about.fb.com\/br\/news\/2017\/12\/facebook-abre-estacao-hack-para-capacitar-jovens-brasileiros\/","name":"Facebook abre Esta\u00e7\u00e3o Hack para capacitar jovens brasileiros | Sobre a Meta","isPartOf":{"@id":"https:\/\/about.fb.com\/br\/#website"},"primaryImageOfPage":{"@id":"https:\/\/about.fb.com\/br\/news\/2017\/12\/facebook-abre-estacao-hack-para-capacitar-jovens-brasileiros\/#primaryimage"},"image":{"@id":"https:\/\/about.fb.com\/br\/news\/2017\/12\/facebook-abre-estacao-hack-para-capacitar-jovens-brasileiros\/#primaryimage"},"thumbnailUrl":"https:\/\/about.fb.com\/br\/wp-content\/uploads\/sites\/11\/2017\/12\/marco_torelli-facebook-inauguracao_estacao_hack-69-of-185.jpg?fit=5472%2C3648","datePublished":"2017-12-11T16:28:23+00:00","dateModified":"2021-06-17T13:10:37+00:00","breadcrumb":{"@id":"https:\/\/about.fb.com\/br\/news\/2017\/12\/facebook-abre-estacao-hack-para-capacitar-jovens-brasileiros\/#breadcrumb"},"inLanguage":"pt-BR","potentialAction":[{"@type":"ReadAction","target":["https:\/\/about.fb.com\/br\/news\/2017\/12\/facebook-abre-estacao-hack-para-capacitar-jovens-brasileiros\/"]}],"author":"Sobre a Meta"},{"@type":"ImageObject","inLanguage":"pt-BR","@id":"https:\/\/about.fb.com\/br\/news\/2017\/12\/facebook-abre-estacao-hack-para-capacitar-jovens-brasileiros\/#primaryimage","url":"https:\/\/about.fb.com\/br\/wp-content\/uploads\/sites\/11\/2017\/12\/marco_torelli-facebook-inauguracao_estacao_hack-69-of-185.jpg?fit=5472%2C3648","contentUrl":"https:\/\/about.fb.com\/br\/wp-content\/uploads\/sites\/11\/2017\/12\/marco_torelli-facebook-inauguracao_estacao_hack-69-of-185.jpg?fit=5472%2C3648","width":5472,"height":3648},{"@type":"BreadcrumbList","@id":"https:\/\/about.fb.com\/br\/news\/2017\/12\/facebook-abre-estacao-hack-para-capacitar-jovens-brasileiros\/#breadcrumb","itemListElement":[{"@type":"ListItem","position":1,"name":"Home","item":"https:\/\/about.fb.com\/br\/"},{"@type":"ListItem","position":2,"name":"Facebook abre Esta\u00e7\u00e3o Hack para capacitar jovens brasileiros"}]},{"@type":"WebSite","@id":"https:\/\/about.fb.com\/br\/#website","url":"https:\/\/about.fb.com\/news\/","name":"Sobre a Meta","description":"","publisher":{"@id":"https:\/\/about.fb.com\/br\/#organization"},"potentialAction":[{"@type":"SearchAction","target":{"@type":"EntryPoint","urlTemplate":"https:\/\/about.fb.com\/br\/?s={search_term_string}"},"query-input":{"@type":"PropertyValueSpecification","valueRequired":true,"valueName":"search_term_string"}}],"inLanguage":"pt-BR","alternateName":["Meta Newsroom","Meta"]},{"@type":"Organization","@id":"https:\/\/about.fb.com\/br\/#organization","name":"Meta","url":"https:\/\/about.fb.com\/br\/","logo":{"@type":"ImageObject","inLanguage":"pt-BR","@id":"https:\/\/about.fb.com\/br\/#\/schema\/logo\/image\/","url":"https:\/\/about.fb.com\/br\/wp-content\/uploads\/sites\/11\/2021\/10\/meta-social-16x9-1.jpg?fit=8000%2C4500","contentUrl":"https:\/\/about.fb.com\/br\/wp-content\/uploads\/sites\/11\/2021\/10\/meta-social-16x9-1.jpg?fit=8000%2C4500","width":8000,"height":4500,"caption":"Meta"},"image":{"@id":"https:\/\/about.fb.com\/br\/#\/schema\/logo\/image\/"}}]}},"jetpack-related-posts":[{"id":27268,"url":"https:\/\/about.fb.com\/br\/news\/2026\/06\/nosso-trabalho-para-as-eleicoes-de-2026-no-brasil\/","url_meta":{"origin":6271,"position":0},"title":"Nosso trabalho para proteger as elei\u00e7\u00f5es de 2026 no Brasil","author":"Meta","date":"08\/06\/2026","format":false,"excerpt":"Atualizado em 04 de setembro de 2026 Atualizamos o guia \"Combatendo a viol\u00eancia pol\u00edtica contra as mulheres\", lan\u00e7ado originalmente em 2022. A nova vers\u00e3o traz orienta\u00e7\u00f5es sobre as ferramentas de seguran\u00e7a e privacidade dispon\u00edveis, informa\u00e7\u00f5es revisadas sobre nossas pol\u00edticas de conduta de \u00f3dio, bullying e ass\u00e9dio e desinforma\u00e7\u00e3o, e uma\u2026","rel":"","context":"In &quot;Meta&quot;","block_context":{"text":"Meta","link":"https:\/\/about.fb.com\/br\/news\/category\/temas-home\/meta\/"},"img":{"alt_text":"","src":"https:\/\/about.fb.com\/br\/wp-content\/uploads\/sites\/11\/2026\/06\/Captura-de-tela-2026-07-06-124959.png?resize=350%2C200","width":350,"height":200},"classes":[]},{"id":26670,"url":"https:\/\/about.fb.com\/br\/news\/2025\/09\/oculos-ray-ban-meta-gen-2-chegam-ao-brasil\/","url_meta":{"origin":6271,"position":1},"title":"\u00d3culos Ray-Ban Meta (Gen 2) chegam ao Brasil","author":"Meta","date":"23\/09\/2025","format":false,"excerpt":"Os \u00f3culos Ray-Ban Meta (Gen 2) j\u00e1 est\u00e3o dispon\u00edveis no Brasil, para que as pessoas possam realizar tarefas, encontrar inspira\u00e7\u00e3o, viver o momento e capturar o que \u00e9 mais importante para elas. Anunciados no Connect, os Ray-Ban Meta (Gen 2) oferecem at\u00e9 8 horas de bateria e captura de v\u00eddeo\u2026","rel":"","context":"In &quot;Meta&quot;","block_context":{"text":"Meta","link":"https:\/\/about.fb.com\/br\/news\/category\/temas-home\/meta\/"},"img":{"alt_text":"","src":"https:\/\/about.fb.com\/br\/wp-content\/uploads\/sites\/11\/2025\/09\/Lifestyle-Still-10.jpg?fit=7680%2C4320&resize=350%2C200","width":350,"height":200,"srcset":"https:\/\/about.fb.com\/br\/wp-content\/uploads\/sites\/11\/2025\/09\/Lifestyle-Still-10.jpg?fit=7680%2C4320&resize=350%2C200 1x, https:\/\/about.fb.com\/br\/wp-content\/uploads\/sites\/11\/2025\/09\/Lifestyle-Still-10.jpg?fit=7680%2C4320&resize=525%2C300 1.5x, https:\/\/about.fb.com\/br\/wp-content\/uploads\/sites\/11\/2025\/09\/Lifestyle-Still-10.jpg?fit=7680%2C4320&resize=700%2C400 2x, https:\/\/about.fb.com\/br\/wp-content\/uploads\/sites\/11\/2025\/09\/Lifestyle-Still-10.jpg?fit=7680%2C4320&resize=1050%2C600 3x, https:\/\/about.fb.com\/br\/wp-content\/uploads\/sites\/11\/2025\/09\/Lifestyle-Still-10.jpg?fit=7680%2C4320&resize=1400%2C800 4x"},"classes":[]},{"id":26476,"url":"https:\/\/about.fb.com\/br\/news\/2025\/06\/cannes-lions-2025-a-nova-era-da-ia-generativa-para-anunciantes-e-agencias-com-foco-em-personalizacao-em-escala\/","url_meta":{"origin":6271,"position":2},"title":"Cannes Lions 2025: A nova era da IA generativa para anunciantes e ag\u00eancias com foco em personaliza\u00e7\u00e3o em escala","author":"Meta","date":"17\/06\/2025","format":false,"excerpt":"Nesta semana, durante o Festival Internacional de Criatividade Cannes Lions, estamos apresentando a nova era das solu\u00e7\u00f5es de IA generativa para anunciantes e ag\u00eancias, com o objetivo de melhorar o desempenho das campanhas publicit\u00e1rias e impulsionar o crescimento dos neg\u00f3cios. \u00c0 medida que a IA continua evoluindo, ela abre novos\u2026","rel":"","context":"In &quot;Meta&quot;","block_context":{"text":"Meta","link":"https:\/\/about.fb.com\/br\/news\/category\/temas-home\/meta\/"},"img":{"alt_text":"","src":"https:\/\/about.fb.com\/br\/wp-content\/uploads\/sites\/11\/2025\/07\/Logo-Meta-1.jpg?fit=633%2C356&resize=350%2C200","width":350,"height":200,"srcset":"https:\/\/about.fb.com\/br\/wp-content\/uploads\/sites\/11\/2025\/07\/Logo-Meta-1.jpg?fit=633%2C356&resize=350%2C200 1x, https:\/\/about.fb.com\/br\/wp-content\/uploads\/sites\/11\/2025\/07\/Logo-Meta-1.jpg?fit=633%2C356&resize=525%2C300 1.5x"},"classes":[]},{"id":27019,"url":"https:\/\/about.fb.com\/br\/news\/2026\/03\/nossas-medidas-para-dar-apoio-as-familias-no-brasil\/","url_meta":{"origin":6271,"position":3},"title":"Nossas medidas para dar apoio \u00e0s fam\u00edlias no Brasil","author":"Meta","date":"17\/03\/2026","format":false,"excerpt":"O Estatuto Digital da Crian\u00e7a e do Adolescente (ECA Digital) entra em vigor hoje (17) no Brasil. Como parte do nosso trabalho para cumprir a lei, estamos implementando recursos adicionais \u00e0s prote\u00e7\u00f5es j\u00e1 existentes nas Contas de Adolescentes para dar aos pais mais formas de supervisionar o uso que seus\u2026","rel":"","context":"In &quot;Recent News&quot;","block_context":{"text":"Recent News","link":"https:\/\/about.fb.com\/br\/news\/category\/recent-news\/"},"img":{"alt_text":"","src":"","width":0,"height":0},"classes":[]},{"id":26491,"url":"https:\/\/about.fb.com\/br\/news\/2025\/06\/tela-consciente-em-brasilia-caminhos-para-facilitar-a-supervisao-parental-online-de-adolescentes\/","url_meta":{"origin":6271,"position":4},"title":"Tela Consciente em Bras\u00edlia: caminhos para facilitar a supervis\u00e3o parental online de adolescentes","author":"Meta","date":"17\/06\/2025","format":false,"excerpt":"Em 12 de junho, a Meta reuniu em Bras\u00edlia autoridades, executivos de empresas e representantes da academia e sociedade civil para a segunda edi\u00e7\u00e3o do Tela Consciente, um debate sobre como apoiar as fam\u00edlias no uso consciente das plataformas digitais por adolescentes. O evento teve como foco os desafios e\u2026","rel":"","context":"In &quot;Recent News&quot;","block_context":{"text":"Recent News","link":"https:\/\/about.fb.com\/br\/news\/category\/recent-news\/"},"img":{"alt_text":"","src":"https:\/\/about.fb.com\/br\/wp-content\/uploads\/sites\/11\/2025\/06\/@leannabdon-1.jpg?fit=4500%2C3000&resize=350%2C200","width":350,"height":200,"srcset":"https:\/\/about.fb.com\/br\/wp-content\/uploads\/sites\/11\/2025\/06\/@leannabdon-1.jpg?fit=4500%2C3000&resize=350%2C200 1x, https:\/\/about.fb.com\/br\/wp-content\/uploads\/sites\/11\/2025\/06\/@leannabdon-1.jpg?fit=4500%2C3000&resize=525%2C300 1.5x, https:\/\/about.fb.com\/br\/wp-content\/uploads\/sites\/11\/2025\/06\/@leannabdon-1.jpg?fit=4500%2C3000&resize=700%2C400 2x, https:\/\/about.fb.com\/br\/wp-content\/uploads\/sites\/11\/2025\/06\/@leannabdon-1.jpg?fit=4500%2C3000&resize=1050%2C600 3x, https:\/\/about.fb.com\/br\/wp-content\/uploads\/sites\/11\/2025\/06\/@leannabdon-1.jpg?fit=4500%2C3000&resize=1400%2C800 4x"},"classes":[]},{"id":27284,"url":"https:\/\/about.fb.com\/br\/news\/2026\/06\/iniciativas-para-manter-pais-brasileiros-informados-sobre-as-contas-de-adolescente-e-supervisao-parental-no-instagram\/","url_meta":{"origin":6271,"position":5},"title":"Iniciativas para manter pais brasileiros informados sobre as Contas de Adolescente e supervis\u00e3o parental no Instagram","author":"Meta","date":"15\/06\/2026","format":false,"excerpt":"Um dos principais objetivos do trabalho da Meta voltado \u00e0 seguran\u00e7a dos adolescentes que utilizam nossos aplicativos \u00e9 dar mais tranquilidade aos pais. Primeiro, com uma experi\u00eancia desenvolvida especificamente para jovens de 13 a 17 anos que j\u00e1 tem configura\u00e7\u00f5es mais protegidas por padr\u00e3o, sem que pais e respons\u00e1veis precisem\u2026","rel":"","context":"In &quot;Instagram&quot;","block_context":{"text":"Instagram","link":"https:\/\/about.fb.com\/br\/news\/category\/technologies\/instagram\/"},"img":{"alt_text":"","src":"https:\/\/about.fb.com\/br\/wp-content\/uploads\/sites\/11\/2026\/06\/Screenshot-2026-06-15-at-15.06.47.png?fit=1730%2C952&resize=350%2C200","width":350,"height":200,"srcset":"https:\/\/about.fb.com\/br\/wp-content\/uploads\/sites\/11\/2026\/06\/Screenshot-2026-06-15-at-15.06.47.png?fit=1730%2C952&resize=350%2C200 1x, https:\/\/about.fb.com\/br\/wp-content\/uploads\/sites\/11\/2026\/06\/Screenshot-2026-06-15-at-15.06.47.png?fit=1730%2C952&resize=525%2C300 1.5x, https:\/\/about.fb.com\/br\/wp-content\/uploads\/sites\/11\/2026\/06\/Screenshot-2026-06-15-at-15.06.47.png?fit=1730%2C952&resize=700%2C400 2x, https:\/\/about.fb.com\/br\/wp-content\/uploads\/sites\/11\/2026\/06\/Screenshot-2026-06-15-at-15.06.47.png?fit=1730%2C952&resize=1050%2C600 3x, https:\/\/about.fb.com\/br\/wp-content\/uploads\/sites\/11\/2026\/06\/Screenshot-2026-06-15-at-15.06.47.png?fit=1730%2C952&resize=1400%2C800 4x"},"classes":[]}],"jetpack_sharing_enabled":true,"amp_enabled":true,"jetpack_featured_media_url":"https:\/\/about.fb.com\/br\/wp-content\/uploads\/sites\/11\/2017\/12\/marco_torelli-facebook-inauguracao_estacao_hack-69-of-185.jpg?fit=5472%2C3648","_links":{"self":[{"href":"https:\/\/about.fb.com\/br\/wp-json\/wp\/v2\/posts\/6271","targetHints":{"allow":["GET"]}}],"collection":[{"href":"https:\/\/about.fb.com\/br\/wp-json\/wp\/v2\/posts"}],"about":[{"href":"https:\/\/about.fb.com\/br\/wp-json\/wp\/v2\/types\/post"}],"author":[{"embeddable":true,"href":"https:\/\/about.fb.com\/br\/wp-json\/wp\/v2\/users\/81109636"}],"replies":[{"embeddable":true,"href":"https:\/\/about.fb.com\/br\/wp-json\/wp\/v2\/comments?post=6271"}],"version-history":[{"count":3,"href":"https:\/\/about.fb.com\/br\/wp-json\/wp\/v2\/posts\/6271\/revisions"}],"predecessor-version":[{"id":6274,"href":"https:\/\/about.fb.com\/br\/wp-json\/wp\/v2\/posts\/6271\/revisions\/6274"}],"wp:featuredmedia":[{"embeddable":true,"href":"https:\/\/about.fb.com\/br\/wp-json\/wp\/v2\/media\/6278"}],"wp:attachment":[{"href":"https:\/\/about.fb.com\/br\/wp-json\/wp\/v2\/media?parent=6271"}],"wp:term":[{"taxonomy":"category","embeddable":true,"href":"https:\/\/about.fb.com\/br\/wp-json\/wp\/v2\/categories?post=6271"},{"taxonomy":"post_tag","embeddable":true,"href":"https:\/\/about.fb.com\/br\/wp-json\/wp\/v2\/tags?post=6271"}],"curies":[{"name":"wp","href":"https:\/\/api.w.org\/{rel}","templated":true}]}}