{"id":6257,"date":"2017-11-23T09:25:25","date_gmt":"2017-11-23T12:25:25","guid":{"rendered":"http:\/\/br.newsroom.fb.com\/?p=6257"},"modified":"2021-06-17T10:10:38","modified_gmt":"2021-06-17T13:10:38","slug":"facebook-ajuda-pequenos-negocios-a-crescer-e-gerar-empregos-no-brasil","status":"publish","type":"post","link":"https:\/\/about.fb.com\/br\/news\/2017\/11\/facebook-ajuda-pequenos-negocios-a-crescer-e-gerar-empregos-no-brasil\/","title":{"rendered":"Facebook ajuda pequenos neg\u00f3cios a crescer e gerar empregos no Brasil"},"content":{"rendered":"<p><i>Por Patrick Hruby, Vice-Presidente de Pequenos e M\u00e9dios Neg\u00f3cios do Facebook na Am\u00e9rica Latina<\/i><\/p>\n<p>Hoje, milh\u00f5es de pequenas empresas brasileiras usam a ferramenta gratuita de P\u00e1ginas do Facebook para criar e fortalecer sua presen\u00e7a online. Para entender como o Facebook ajuda os neg\u00f3cios brasileiros, recentemente contratamos a consultoria Morning Consult para fazer uma pesquisa. E os dados revelam que a plataforma est\u00e1 auxiliando as micro e pequenas empresas no Brasil a superar barreiras e crescer, mesmo em condi\u00e7\u00f5es desafiadoras, <b>com sete em cada dez delas afirmando que seu neg\u00f3cio \u00e9 mais forte hoje devido ao Facebook, e metade delas dizendo que constru\u00edram seus neg\u00f3cios na plataforma. <\/b><\/p>\n<p>Os resultados mostram tamb\u00e9m que o Facebook est\u00e1 ajudando essas empresas a crescer e a criar empregos &#8211; <b>75% das micro e pequenas empresas no Facebook dizem que aumentaram as vendas por causa da plataforma, e <\/b><b>dois ter\u00e7os afirmam que contrataram mais funcion\u00e1rios devido ao crescimento de demanda<\/b>. Para se ter ideia da relev\u00e2ncia desses neg\u00f3cios como motor da cria\u00e7\u00e3o de postos de trabalho no Brasil, de janeiro a setembro deste ano os micro e pequenos neg\u00f3cios acumularam saldo positivo de quase 400 mil empregos gerados, segundo <a href=\"https:\/\/about.fb.com\/br\/wp-content\/uploads\/sites\/3\/2017\/11\/cagedset2017.pdf\">relat\u00f3rio<\/a> do Sebrae com base em dados do Minist\u00e9rio do Trabalho. Enquanto isso, no mesmo per\u00edodo as m\u00e9dias e grandes empresas extinguiram 198,4 mil postos de trabalho.<\/p>\n<p>Os n\u00fameros indicam ainda que o Facebook est\u00e1 ajudando <b>8 de cada 10 micro e pequenas empresas no Brasil com presen\u00e7a na plataforma a expandir seu alcance geogr\u00e1fico. Gra\u00e7as ao Facebook, elas conseguem vender seus produtos ou servi\u00e7os em outras cidades, Estados ou pa\u00edses<\/b>.<\/p>\n<p>Veja abaixo os principais resultados da pesquisa com micro e pequenas empresas no Brasil:<\/p>\n<ul>\n<li><b>84% de todas<\/b> as micro e pequenas empresas Brasileiras (incluindo aquelas que est\u00e3o no Facebook) acreditam que o Facebook ajuda a <b>criar empregos e oportunidade econ\u00f4mica nas comunidades locais<\/b>.<\/li>\n<li><b>1 em cada 2 <\/b>das micro e pequenas empresas que est\u00e3o no Facebook <b>constru\u00edram seus neg\u00f3cios na plataforma<\/b>.<\/li>\n<li><b>75%<\/b> das micro e pequenas empresas no Facebook dizem que<b> aumentaram as vendas <\/b>devido ao Facebook.<\/li>\n<li><b>Quase 70%<\/b> das micro e pequenas empresas <b>usam o Facebook para fazer neg\u00f3cios diariamente.<\/b><\/li>\n<li><b>81%<\/b> das micro e pequenas empresas no Facebook afirmam que a plataforma os ajuda a <b>alcan\u00e7ar clientes que, de outra forma, seriam dif\u00edceis de acessar<\/b>.<\/li>\n<li><b>Dois ter\u00e7os<\/b> das micro e pequenas empresas no Facebook afirmam que <b>contrataram mais funcion\u00e1rios <\/b>devido ao crescimento de demanda desde que aderiram \u00e0 plataforma.<\/li>\n<li><b>80%<\/b> das micro e pequenas empresas no Facebook acreditam que a plataforma lhes permite <b>vender seus produtos ou servi\u00e7os em outras cidades, Estados ou pa\u00edses<\/b>.<\/li>\n<li><b>7 em 10<\/b> micro e pequenas empresas afirmam que seu <b>neg\u00f3cio \u00e9 mais forte hoje<\/b> devido ao Facebook.<\/li>\n<\/ul>\n<p>No Facebook, sabemos do poder transformador da tecnologia na vida das pessoas e nos neg\u00f3cios. J\u00e1 capacitamos mais de 200 mil empreendedores no Brasil por meio de diferentes programas, como o <i>Impulsione Seu Neg\u00f3cio<\/i> e o #<i>ElaFazHist\u00f3ria<\/i>, e nos laborat\u00f3rios que mantemos nas comunidades de Heli\u00f3polis, em S\u00e3o Paulo, e de Madureira, no Rio de Janeiro. Recentemente, anunciamos mais de 7 mil bolsas anuais para treinar jovens e empreendedores brasileiros no nosso primeiro Centro para Inova\u00e7\u00e3o no mundo, a Esta\u00e7\u00e3o Hack, em S\u00e3o Paulo.<\/p>\n<p>Estamos comprometidos em continuar investindo em ferramentas para que os empreendedores desenvolvam seus neg\u00f3cios em uma economia cada vez mais digital.<\/p>\n<p>Para mais informa\u00e7\u00f5es sobre a pesquisa e conhecer hist\u00f3rias de alguns desses empreendedores brasileiros, visite o site <a href=\"http:\/\/economy.fb.com\/brazil\">economy.fb.com\/brazil<\/a><\/p>\n<p><i>**Mais de mil micro e pequenos neg\u00f3cios de todo Brasil responderam a pesquisa, que foi realizada em agosto deste ano. Das empresas entrevistadas, 37% t\u00eam at\u00e9 10 funcion\u00e1rios e 54% t\u00eam at\u00e9 20 funcion\u00e1rios. A margem de erro \u00e9 de 3 pontos percentuais.<\/i><\/p>\n","protected":false},"excerpt":{"rendered":"Por Patrick Hruby, Vice-Presidente de Pequenos e M\u00e9dios Neg\u00f3cios do Facebook na Am\u00e9rica Latina Hoje, milh\u00f5es de pequenas empresas brasileiras usam a ferramenta gratuita de P\u00e1ginas do Facebook para criar e fortalecer sua presen\u00e7a online. Para entender como o Facebook ajuda os neg\u00f3cios brasileiros, recentemente contratamos a consultoria Morning Consult para fazer uma pesquisa. E os dados revelam que a plataforma est\u00e1 auxiliando as micro e pequenas empresas no Brasil a superar barreiras e crescer, mesmo em condi\u00e7\u00f5es desafiadoras, com sete em cada dez delas afirmando que seu neg\u00f3cio \u00e9 mais forte hoje devido ao Facebook, e metade delas dizendo que constru\u00edram seus neg\u00f3cios na plataforma. Os resultados mostram tamb\u00e9m que o Facebook est\u00e1 ajudando essas empresas a crescer e a criar empregos &#8211; 75% das micro e pequenas empresas no Facebook dizem que aumentaram as vendas por causa da plataforma, e dois ter\u00e7os afirmam que contrataram mais funcion\u00e1rios devido ao crescimento de demanda. Para se ter ideia da relev\u00e2ncia desses neg\u00f3cios como motor da cria\u00e7\u00e3o de postos de trabalho no Brasil, de janeiro a setembro deste ano os micro e pequenos neg\u00f3cios acumularam saldo positivo de quase 400 mil empregos gerados, segundo relat\u00f3rio do Sebrae com base em dados do Minist\u00e9rio do Trabalho. Enquanto isso, no mesmo per\u00edodo as m\u00e9dias e grandes empresas extinguiram 198,4 mil postos de trabalho. Os n\u00fameros indicam ainda que o Facebook est\u00e1 ajudando 8 de cada 10 micro e pequenas empresas no Brasil com presen\u00e7a na plataforma a expandir seu alcance geogr\u00e1fico. Gra\u00e7as ao Facebook, elas conseguem vender seus produtos ou servi\u00e7os em outras cidades, Estados ou pa\u00edses. Veja abaixo os principais resultados da pesquisa com micro e pequenas empresas no Brasil: 84% de todas as micro e pequenas empresas Brasileiras (incluindo aquelas que est\u00e3o no Facebook) acreditam que o Facebook ajuda a criar empregos e oportunidade econ\u00f4mica nas comunidades locais. 1 em cada 2 das micro e pequenas empresas que est\u00e3o no Facebook constru\u00edram seus neg\u00f3cios na plataforma. 75% das micro e pequenas empresas no Facebook dizem que aumentaram as vendas devido ao Facebook. Quase 70% das micro e pequenas empresas usam o Facebook para fazer neg\u00f3cios diariamente. 81% das micro e pequenas empresas no Facebook afirmam que a plataforma os ajuda a alcan\u00e7ar clientes que, de outra forma, seriam dif\u00edceis de acessar. Dois ter\u00e7os das micro e pequenas empresas no Facebook afirmam que contrataram mais funcion\u00e1rios devido ao crescimento de demanda desde que aderiram \u00e0 plataforma. 80% das micro e pequenas empresas no Facebook acreditam que a plataforma lhes permite vender seus produtos ou servi\u00e7os em outras cidades, Estados ou pa\u00edses. 7 em 10 micro e pequenas empresas afirmam que seu neg\u00f3cio \u00e9 mais forte hoje devido ao Facebook. No Facebook, sabemos do poder transformador da tecnologia na vida das pessoas e nos neg\u00f3cios. J\u00e1 capacitamos mais de 200 mil empreendedores no Brasil por meio de diferentes programas, como o Impulsione Seu Neg\u00f3cio e o #ElaFazHist\u00f3ria, e nos laborat\u00f3rios que mantemos nas comunidades de Heli\u00f3polis, em S\u00e3o Paulo, e de Madureira, no Rio de Janeiro. Recentemente, anunciamos mais de 7 mil bolsas anuais para treinar jovens e empreendedores brasileiros no nosso primeiro Centro para Inova\u00e7\u00e3o no mundo, a Esta\u00e7\u00e3o Hack, em S\u00e3o Paulo. Estamos comprometidos em continuar investindo em ferramentas para que os empreendedores desenvolvam seus neg\u00f3cios em uma economia cada vez mais digital. Para mais informa\u00e7\u00f5es sobre a pesquisa e conhecer hist\u00f3rias de alguns desses empreendedores brasileiros, visite o site economy.fb.com\/brazil **Mais de mil micro e pequenos neg\u00f3cios de todo Brasil responderam a pesquisa, que foi realizada em agosto deste ano. Das empresas entrevistadas, 37% t\u00eam at\u00e9 10 funcion\u00e1rios e 54% t\u00eam at\u00e9 20 funcion\u00e1rios. A margem de erro \u00e9 de 3 pontos percentuais.","protected":false},"author":81109636,"featured_media":0,"comment_status":"closed","ping_status":"closed","sticky":false,"template":"","format":"standard","meta":{"_jetpack_memberships_contains_paid_content":false,"footnotes":""},"categories":[1],"tags":[],"class_list":["post-6257","post","type-post","status-publish","format-standard","hentry","category-recent-news"],"yoast_head":"<!-- This site is optimized with the Yoast SEO plugin v27.2 - https:\/\/yoast.com\/product\/yoast-seo-wordpress\/ -->\n<title>Facebook ajuda pequenos neg\u00f3cios a crescer e gerar empregos no Brasil | Sobre a Meta<\/title>\n<meta name=\"robots\" content=\"index, follow, max-snippet:-1, max-image-preview:large, max-video-preview:-1\" \/>\n<link rel=\"canonical\" href=\"https:\/\/about.fb.com\/br\/news\/2017\/11\/facebook-ajuda-pequenos-negocios-a-crescer-e-gerar-empregos-no-brasil\/\" \/>\n<meta property=\"og:locale\" content=\"pt_BR\" \/>\n<meta property=\"og:type\" content=\"article\" \/>\n<meta property=\"og:title\" content=\"Facebook ajuda pequenos neg\u00f3cios a crescer e gerar empregos no Brasil | Sobre a Meta\" \/>\n<meta property=\"og:description\" content=\"Por Patrick Hruby, Vice-Presidente de Pequenos e M\u00e9dios Neg\u00f3cios do Facebook na Am\u00e9rica Latina Hoje, milh\u00f5es de pequenas empresas brasileiras usam a ferramenta gratuita de P\u00e1ginas do Facebook para criar e fortalecer sua presen\u00e7a online. Para entender como o Facebook ajuda os neg\u00f3cios brasileiros, recentemente contratamos a consultoria Morning Consult para fazer uma pesquisa. E os dados revelam que a plataforma est\u00e1 auxiliando as micro e pequenas empresas no Brasil a superar barreiras e crescer, mesmo em condi\u00e7\u00f5es desafiadoras, com sete em cada dez delas afirmando que seu neg\u00f3cio \u00e9 mais forte hoje devido ao Facebook, e metade delas dizendo que constru\u00edram seus neg\u00f3cios na plataforma. Os resultados mostram tamb\u00e9m que o Facebook est\u00e1 ajudando essas empresas a crescer e a criar empregos &#8211; 75% das micro e pequenas empresas no Facebook dizem que aumentaram as vendas por causa da plataforma, e dois ter\u00e7os afirmam que contrataram mais funcion\u00e1rios devido ao crescimento de demanda. Para se ter ideia da relev\u00e2ncia desses neg\u00f3cios como motor da cria\u00e7\u00e3o de postos de trabalho no Brasil, de janeiro a setembro deste ano os micro e pequenos neg\u00f3cios acumularam saldo positivo de quase 400 mil empregos gerados, segundo relat\u00f3rio do Sebrae com base em dados do Minist\u00e9rio do Trabalho. Enquanto isso, no mesmo per\u00edodo as m\u00e9dias e grandes empresas extinguiram 198,4 mil postos de trabalho. Os n\u00fameros indicam ainda que o Facebook est\u00e1 ajudando 8 de cada 10 micro e pequenas empresas no Brasil com presen\u00e7a na plataforma a expandir seu alcance geogr\u00e1fico. Gra\u00e7as ao Facebook, elas conseguem vender seus produtos ou servi\u00e7os em outras cidades, Estados ou pa\u00edses. Veja abaixo os principais resultados da pesquisa com micro e pequenas empresas no Brasil: 84% de todas as micro e pequenas empresas Brasileiras (incluindo aquelas que est\u00e3o no Facebook) acreditam que o Facebook ajuda a criar empregos e oportunidade econ\u00f4mica nas comunidades locais. 1 em cada 2 das micro e pequenas empresas que est\u00e3o no Facebook constru\u00edram seus neg\u00f3cios na plataforma. 75% das micro e pequenas empresas no Facebook dizem que aumentaram as vendas devido ao Facebook. Quase 70% das micro e pequenas empresas usam o Facebook para fazer neg\u00f3cios diariamente. 81% das micro e pequenas empresas no Facebook afirmam que a plataforma os ajuda a alcan\u00e7ar clientes que, de outra forma, seriam dif\u00edceis de acessar. Dois ter\u00e7os das micro e pequenas empresas no Facebook afirmam que contrataram mais funcion\u00e1rios devido ao crescimento de demanda desde que aderiram \u00e0 plataforma. 80% das micro e pequenas empresas no Facebook acreditam que a plataforma lhes permite vender seus produtos ou servi\u00e7os em outras cidades, Estados ou pa\u00edses. 7 em 10 micro e pequenas empresas afirmam que seu neg\u00f3cio \u00e9 mais forte hoje devido ao Facebook. No Facebook, sabemos do poder transformador da tecnologia na vida das pessoas e nos neg\u00f3cios. J\u00e1 capacitamos mais de 200 mil empreendedores no Brasil por meio de diferentes programas, como o Impulsione Seu Neg\u00f3cio e o #ElaFazHist\u00f3ria, e nos laborat\u00f3rios que mantemos nas comunidades de Heli\u00f3polis, em S\u00e3o Paulo, e de Madureira, no Rio de Janeiro. Recentemente, anunciamos mais de 7 mil bolsas anuais para treinar jovens e empreendedores brasileiros no nosso primeiro Centro para Inova\u00e7\u00e3o no mundo, a Esta\u00e7\u00e3o Hack, em S\u00e3o Paulo. Estamos comprometidos em continuar investindo em ferramentas para que os empreendedores desenvolvam seus neg\u00f3cios em uma economia cada vez mais digital. Para mais informa\u00e7\u00f5es sobre a pesquisa e conhecer hist\u00f3rias de alguns desses empreendedores brasileiros, visite o site economy.fb.com\/brazil **Mais de mil micro e pequenos neg\u00f3cios de todo Brasil responderam a pesquisa, que foi realizada em agosto deste ano. Das empresas entrevistadas, 37% t\u00eam at\u00e9 10 funcion\u00e1rios e 54% t\u00eam at\u00e9 20 funcion\u00e1rios. A margem de erro \u00e9 de 3 pontos percentuais.\" \/>\n<meta property=\"og:url\" content=\"https:\/\/about.fb.com\/br\/news\/2017\/11\/facebook-ajuda-pequenos-negocios-a-crescer-e-gerar-empregos-no-brasil\/\" \/>\n<meta property=\"og:site_name\" content=\"Sobre a Meta\" \/>\n<meta property=\"article:published_time\" content=\"2017-11-23T12:25:25+00:00\" \/>\n<meta property=\"article:modified_time\" content=\"2021-06-17T13:10:38+00:00\" \/>\n<meta property=\"og:image\" content=\"https:\/\/about.fb.com\/br\/wp-content\/uploads\/sites\/11\/2021\/10\/meta-social-16x9-1.jpg?resize=1024,576\" \/>\n\t<meta property=\"og:image:width\" content=\"1024\" \/>\n\t<meta property=\"og:image:height\" content=\"576\" \/>\n\t<meta property=\"og:image:type\" content=\"image\/jpeg\" \/>\n<meta name=\"author\" content=\"facebookbr\" \/>\n<meta name=\"twitter:card\" content=\"summary_large_image\" \/>\n<meta name=\"twitter:label1\" content=\"Written by\" \/>\n\t<meta name=\"twitter:data1\" content=\"Meta\" \/>\n\t<meta name=\"twitter:label2\" content=\"Est. reading time\" \/>\n\t<meta name=\"twitter:data2\" content=\"3 minutos\" \/>\n<script type=\"application\/ld+json\" class=\"yoast-schema-graph\">{\"@context\":\"https:\/\/schema.org\",\"@graph\":[{\"@type\":\"Article\",\"@id\":\"https:\/\/about.fb.com\/br\/news\/2017\/11\/facebook-ajuda-pequenos-negocios-a-crescer-e-gerar-empregos-no-brasil\/#article\",\"isPartOf\":{\"@id\":\"https:\/\/about.fb.com\/br\/news\/2017\/11\/facebook-ajuda-pequenos-negocios-a-crescer-e-gerar-empregos-no-brasil\/\"},\"author\":\"Facebook company\",\"headline\":\"Facebook ajuda pequenos neg\u00f3cios a crescer e gerar empregos no Brasil\",\"datePublished\":\"2017-11-23T12:25:25+00:00\",\"dateModified\":\"2021-06-17T13:10:38+00:00\",\"mainEntityOfPage\":{\"@id\":\"https:\/\/about.fb.com\/br\/news\/2017\/11\/facebook-ajuda-pequenos-negocios-a-crescer-e-gerar-empregos-no-brasil\/\"},\"wordCount\":661,\"publisher\":{\"@id\":\"https:\/\/about.fb.com\/br\/#organization\"},\"articleSection\":[\"Recent News\"],\"inLanguage\":\"pt-BR\"},{\"@type\":\"WebPage\",\"@id\":\"https:\/\/about.fb.com\/br\/news\/2017\/11\/facebook-ajuda-pequenos-negocios-a-crescer-e-gerar-empregos-no-brasil\/\",\"url\":\"https:\/\/about.fb.com\/br\/news\/2017\/11\/facebook-ajuda-pequenos-negocios-a-crescer-e-gerar-empregos-no-brasil\/\",\"name\":\"Facebook ajuda pequenos neg\u00f3cios a crescer e gerar empregos no Brasil | Sobre a Meta\",\"isPartOf\":{\"@id\":\"https:\/\/about.fb.com\/br\/#website\"},\"datePublished\":\"2017-11-23T12:25:25+00:00\",\"dateModified\":\"2021-06-17T13:10:38+00:00\",\"breadcrumb\":{\"@id\":\"https:\/\/about.fb.com\/br\/news\/2017\/11\/facebook-ajuda-pequenos-negocios-a-crescer-e-gerar-empregos-no-brasil\/#breadcrumb\"},\"inLanguage\":\"pt-BR\",\"potentialAction\":[{\"@type\":\"ReadAction\",\"target\":[\"https:\/\/about.fb.com\/br\/news\/2017\/11\/facebook-ajuda-pequenos-negocios-a-crescer-e-gerar-empregos-no-brasil\/\"]}],\"author\":\"Sobre a Meta\"},{\"@type\":\"BreadcrumbList\",\"@id\":\"https:\/\/about.fb.com\/br\/news\/2017\/11\/facebook-ajuda-pequenos-negocios-a-crescer-e-gerar-empregos-no-brasil\/#breadcrumb\",\"itemListElement\":[{\"@type\":\"ListItem\",\"position\":1,\"name\":\"Home\",\"item\":\"https:\/\/about.fb.com\/br\/\"},{\"@type\":\"ListItem\",\"position\":2,\"name\":\"Facebook ajuda pequenos neg\u00f3cios a crescer e gerar empregos no Brasil\"}]},{\"@type\":\"WebSite\",\"@id\":\"https:\/\/about.fb.com\/br\/#website\",\"url\":\"https:\/\/about.fb.com\/news\/\",\"name\":\"Sobre a Meta\",\"description\":\"\",\"publisher\":{\"@id\":\"https:\/\/about.fb.com\/br\/#organization\"},\"potentialAction\":[{\"@type\":\"SearchAction\",\"target\":{\"@type\":\"EntryPoint\",\"urlTemplate\":\"https:\/\/about.fb.com\/br\/?s={search_term_string}\"},\"query-input\":{\"@type\":\"PropertyValueSpecification\",\"valueRequired\":true,\"valueName\":\"search_term_string\"}}],\"inLanguage\":\"pt-BR\",\"alternateName\":[\"Meta Newsroom\",\"Meta\"]},{\"@type\":\"Organization\",\"@id\":\"https:\/\/about.fb.com\/br\/#organization\",\"name\":\"Meta\",\"url\":\"https:\/\/about.fb.com\/br\/\",\"logo\":{\"@type\":\"ImageObject\",\"inLanguage\":\"pt-BR\",\"@id\":\"https:\/\/about.fb.com\/br\/#\/schema\/logo\/image\/\",\"url\":\"https:\/\/about.fb.com\/br\/wp-content\/uploads\/sites\/11\/2021\/10\/meta-social-16x9-1.jpg?fit=8000%2C4500\",\"contentUrl\":\"https:\/\/about.fb.com\/br\/wp-content\/uploads\/sites\/11\/2021\/10\/meta-social-16x9-1.jpg?fit=8000%2C4500\",\"width\":8000,\"height\":4500,\"caption\":\"Meta\"},\"image\":{\"@id\":\"https:\/\/about.fb.com\/br\/#\/schema\/logo\/image\/\"}}]}<\/script>\n<!-- \/ Yoast SEO plugin. -->","yoast_head_json":{"title":"Facebook ajuda pequenos neg\u00f3cios a crescer e gerar empregos no Brasil | Sobre a Meta","robots":{"index":"index","follow":"follow","max-snippet":"max-snippet:-1","max-image-preview":"max-image-preview:large","max-video-preview":"max-video-preview:-1"},"canonical":"https:\/\/about.fb.com\/br\/news\/2017\/11\/facebook-ajuda-pequenos-negocios-a-crescer-e-gerar-empregos-no-brasil\/","og_locale":"pt_BR","og_type":"article","og_title":"Facebook ajuda pequenos neg\u00f3cios a crescer e gerar empregos no Brasil | Sobre a Meta","og_description":"Por Patrick Hruby, Vice-Presidente de Pequenos e M\u00e9dios Neg\u00f3cios do Facebook na Am\u00e9rica Latina Hoje, milh\u00f5es de pequenas empresas brasileiras usam a ferramenta gratuita de P\u00e1ginas do Facebook para criar e fortalecer sua presen\u00e7a online. Para entender como o Facebook ajuda os neg\u00f3cios brasileiros, recentemente contratamos a consultoria Morning Consult para fazer uma pesquisa. E os dados revelam que a plataforma est\u00e1 auxiliando as micro e pequenas empresas no Brasil a superar barreiras e crescer, mesmo em condi\u00e7\u00f5es desafiadoras, com sete em cada dez delas afirmando que seu neg\u00f3cio \u00e9 mais forte hoje devido ao Facebook, e metade delas dizendo que constru\u00edram seus neg\u00f3cios na plataforma. Os resultados mostram tamb\u00e9m que o Facebook est\u00e1 ajudando essas empresas a crescer e a criar empregos &#8211; 75% das micro e pequenas empresas no Facebook dizem que aumentaram as vendas por causa da plataforma, e dois ter\u00e7os afirmam que contrataram mais funcion\u00e1rios devido ao crescimento de demanda. Para se ter ideia da relev\u00e2ncia desses neg\u00f3cios como motor da cria\u00e7\u00e3o de postos de trabalho no Brasil, de janeiro a setembro deste ano os micro e pequenos neg\u00f3cios acumularam saldo positivo de quase 400 mil empregos gerados, segundo relat\u00f3rio do Sebrae com base em dados do Minist\u00e9rio do Trabalho. Enquanto isso, no mesmo per\u00edodo as m\u00e9dias e grandes empresas extinguiram 198,4 mil postos de trabalho. Os n\u00fameros indicam ainda que o Facebook est\u00e1 ajudando 8 de cada 10 micro e pequenas empresas no Brasil com presen\u00e7a na plataforma a expandir seu alcance geogr\u00e1fico. Gra\u00e7as ao Facebook, elas conseguem vender seus produtos ou servi\u00e7os em outras cidades, Estados ou pa\u00edses. Veja abaixo os principais resultados da pesquisa com micro e pequenas empresas no Brasil: 84% de todas as micro e pequenas empresas Brasileiras (incluindo aquelas que est\u00e3o no Facebook) acreditam que o Facebook ajuda a criar empregos e oportunidade econ\u00f4mica nas comunidades locais. 1 em cada 2 das micro e pequenas empresas que est\u00e3o no Facebook constru\u00edram seus neg\u00f3cios na plataforma. 75% das micro e pequenas empresas no Facebook dizem que aumentaram as vendas devido ao Facebook. Quase 70% das micro e pequenas empresas usam o Facebook para fazer neg\u00f3cios diariamente. 81% das micro e pequenas empresas no Facebook afirmam que a plataforma os ajuda a alcan\u00e7ar clientes que, de outra forma, seriam dif\u00edceis de acessar. Dois ter\u00e7os das micro e pequenas empresas no Facebook afirmam que contrataram mais funcion\u00e1rios devido ao crescimento de demanda desde que aderiram \u00e0 plataforma. 80% das micro e pequenas empresas no Facebook acreditam que a plataforma lhes permite vender seus produtos ou servi\u00e7os em outras cidades, Estados ou pa\u00edses. 7 em 10 micro e pequenas empresas afirmam que seu neg\u00f3cio \u00e9 mais forte hoje devido ao Facebook. No Facebook, sabemos do poder transformador da tecnologia na vida das pessoas e nos neg\u00f3cios. J\u00e1 capacitamos mais de 200 mil empreendedores no Brasil por meio de diferentes programas, como o Impulsione Seu Neg\u00f3cio e o #ElaFazHist\u00f3ria, e nos laborat\u00f3rios que mantemos nas comunidades de Heli\u00f3polis, em S\u00e3o Paulo, e de Madureira, no Rio de Janeiro. Recentemente, anunciamos mais de 7 mil bolsas anuais para treinar jovens e empreendedores brasileiros no nosso primeiro Centro para Inova\u00e7\u00e3o no mundo, a Esta\u00e7\u00e3o Hack, em S\u00e3o Paulo. Estamos comprometidos em continuar investindo em ferramentas para que os empreendedores desenvolvam seus neg\u00f3cios em uma economia cada vez mais digital. Para mais informa\u00e7\u00f5es sobre a pesquisa e conhecer hist\u00f3rias de alguns desses empreendedores brasileiros, visite o site economy.fb.com\/brazil **Mais de mil micro e pequenos neg\u00f3cios de todo Brasil responderam a pesquisa, que foi realizada em agosto deste ano. Das empresas entrevistadas, 37% t\u00eam at\u00e9 10 funcion\u00e1rios e 54% t\u00eam at\u00e9 20 funcion\u00e1rios. A margem de erro \u00e9 de 3 pontos percentuais.","og_url":"https:\/\/about.fb.com\/br\/news\/2017\/11\/facebook-ajuda-pequenos-negocios-a-crescer-e-gerar-empregos-no-brasil\/","og_site_name":"Sobre a Meta","article_published_time":"2017-11-23T12:25:25+00:00","article_modified_time":"2021-06-17T13:10:38+00:00","og_image":[{"width":1024,"height":576,"url":"https:\/\/about.fb.com\/br\/wp-content\/uploads\/sites\/11\/2021\/10\/meta-social-16x9-1.jpg?resize=1024,576","type":"image\/jpeg"}],"author":"facebookbr","twitter_card":"summary_large_image","twitter_misc":{"Written by":"Meta","Est. reading time":"3 minutos"},"schema":{"@context":"https:\/\/schema.org","@graph":[{"@type":"Article","@id":"https:\/\/about.fb.com\/br\/news\/2017\/11\/facebook-ajuda-pequenos-negocios-a-crescer-e-gerar-empregos-no-brasil\/#article","isPartOf":{"@id":"https:\/\/about.fb.com\/br\/news\/2017\/11\/facebook-ajuda-pequenos-negocios-a-crescer-e-gerar-empregos-no-brasil\/"},"author":"Facebook company","headline":"Facebook ajuda pequenos neg\u00f3cios a crescer e gerar empregos no Brasil","datePublished":"2017-11-23T12:25:25+00:00","dateModified":"2021-06-17T13:10:38+00:00","mainEntityOfPage":{"@id":"https:\/\/about.fb.com\/br\/news\/2017\/11\/facebook-ajuda-pequenos-negocios-a-crescer-e-gerar-empregos-no-brasil\/"},"wordCount":661,"publisher":{"@id":"https:\/\/about.fb.com\/br\/#organization"},"articleSection":["Recent News"],"inLanguage":"pt-BR"},{"@type":"WebPage","@id":"https:\/\/about.fb.com\/br\/news\/2017\/11\/facebook-ajuda-pequenos-negocios-a-crescer-e-gerar-empregos-no-brasil\/","url":"https:\/\/about.fb.com\/br\/news\/2017\/11\/facebook-ajuda-pequenos-negocios-a-crescer-e-gerar-empregos-no-brasil\/","name":"Facebook ajuda pequenos neg\u00f3cios a crescer e gerar empregos no Brasil | Sobre a Meta","isPartOf":{"@id":"https:\/\/about.fb.com\/br\/#website"},"datePublished":"2017-11-23T12:25:25+00:00","dateModified":"2021-06-17T13:10:38+00:00","breadcrumb":{"@id":"https:\/\/about.fb.com\/br\/news\/2017\/11\/facebook-ajuda-pequenos-negocios-a-crescer-e-gerar-empregos-no-brasil\/#breadcrumb"},"inLanguage":"pt-BR","potentialAction":[{"@type":"ReadAction","target":["https:\/\/about.fb.com\/br\/news\/2017\/11\/facebook-ajuda-pequenos-negocios-a-crescer-e-gerar-empregos-no-brasil\/"]}],"author":"Sobre a Meta"},{"@type":"BreadcrumbList","@id":"https:\/\/about.fb.com\/br\/news\/2017\/11\/facebook-ajuda-pequenos-negocios-a-crescer-e-gerar-empregos-no-brasil\/#breadcrumb","itemListElement":[{"@type":"ListItem","position":1,"name":"Home","item":"https:\/\/about.fb.com\/br\/"},{"@type":"ListItem","position":2,"name":"Facebook ajuda pequenos neg\u00f3cios a crescer e gerar empregos no Brasil"}]},{"@type":"WebSite","@id":"https:\/\/about.fb.com\/br\/#website","url":"https:\/\/about.fb.com\/news\/","name":"Sobre a Meta","description":"","publisher":{"@id":"https:\/\/about.fb.com\/br\/#organization"},"potentialAction":[{"@type":"SearchAction","target":{"@type":"EntryPoint","urlTemplate":"https:\/\/about.fb.com\/br\/?s={search_term_string}"},"query-input":{"@type":"PropertyValueSpecification","valueRequired":true,"valueName":"search_term_string"}}],"inLanguage":"pt-BR","alternateName":["Meta Newsroom","Meta"]},{"@type":"Organization","@id":"https:\/\/about.fb.com\/br\/#organization","name":"Meta","url":"https:\/\/about.fb.com\/br\/","logo":{"@type":"ImageObject","inLanguage":"pt-BR","@id":"https:\/\/about.fb.com\/br\/#\/schema\/logo\/image\/","url":"https:\/\/about.fb.com\/br\/wp-content\/uploads\/sites\/11\/2021\/10\/meta-social-16x9-1.jpg?fit=8000%2C4500","contentUrl":"https:\/\/about.fb.com\/br\/wp-content\/uploads\/sites\/11\/2021\/10\/meta-social-16x9-1.jpg?fit=8000%2C4500","width":8000,"height":4500,"caption":"Meta"},"image":{"@id":"https:\/\/about.fb.com\/br\/#\/schema\/logo\/image\/"}}]}},"jetpack_featured_media_url":"","jetpack-related-posts":[{"id":26407,"url":"https:\/\/about.fb.com\/br\/news\/2025\/05\/mais-de-meio-trilhao-de-dolares-e-34-milhoes-de-empregos-nos-eua-estao-ligados-as-tecnologias-de-anuncios-com-ia-da-meta\/","url_meta":{"origin":6257,"position":0},"title":"Mais de meio trilh\u00e3o de d\u00f3lares e 3,4 milh\u00f5es de empregos nos EUA est\u00e3o ligados \u00e0s tecnologias de publicidade com IA da Meta","author":"Meta","date":"13\/05\/2025","format":false,"excerpt":"Milh\u00f5es de empresas nos Estados Unidos - desde com\u00e9rcios familiares at\u00e9 grandes marcas globais - usam nossas ferramentas de publicidade personalizada para alcan\u00e7ar clientes e crescer. Nos \u00faltimos anos, temos aprimorado os sistemas de Intelig\u00eancia Artificial (IA) que alimentam essas ferramentas para torn\u00e1-las mais simples e eficientes de usar e\u2026","rel":"","context":"In &quot;Recent News&quot;","block_context":{"text":"Recent News","link":"https:\/\/about.fb.com\/br\/news\/category\/recent-news\/"},"img":{"alt_text":"","src":"","width":0,"height":0},"classes":[]},{"id":26367,"url":"https:\/\/about.fb.com\/br\/news\/2025\/05\/insights-dos-resultados-do-1o-trimestre-da-meta-para-impulsionar-o-desempenho-dos-negocios\/","url_meta":{"origin":6257,"position":1},"title":"Insights dos resultados do 1\u00ba trimestre da Meta para impulsionar o desempenho dos neg\u00f3cios","author":"Meta","date":"02\/05\/2025","format":false,"excerpt":"Hoje, estamos compartilhando alguns insights importantes sobre ganhos de performance com o uso de produtos de an\u00fancios baseados em intelig\u00eancia artificial, v\u00eddeos e Reels, al\u00e9m de a\u00e7\u00f5es que as empresas podem adotar para atrair mais clientes e aproveitar ao m\u00e1ximo cada investimento em marketing. As dicas se baseiam nos destaques\u2026","rel":"","context":"In &quot;Meta&quot;","block_context":{"text":"Meta","link":"https:\/\/about.fb.com\/br\/news\/category\/temas-home\/meta\/"},"img":{"alt_text":"","src":"https:\/\/about.fb.com\/br\/wp-content\/uploads\/sites\/11\/2025\/05\/capa.png?fit=1920%2C1080&resize=350%2C200","width":350,"height":200,"srcset":"https:\/\/about.fb.com\/br\/wp-content\/uploads\/sites\/11\/2025\/05\/capa.png?fit=1920%2C1080&resize=350%2C200 1x, https:\/\/about.fb.com\/br\/wp-content\/uploads\/sites\/11\/2025\/05\/capa.png?fit=1920%2C1080&resize=525%2C300 1.5x, https:\/\/about.fb.com\/br\/wp-content\/uploads\/sites\/11\/2025\/05\/capa.png?fit=1920%2C1080&resize=700%2C400 2x, https:\/\/about.fb.com\/br\/wp-content\/uploads\/sites\/11\/2025\/05\/capa.png?fit=1920%2C1080&resize=1050%2C600 3x, https:\/\/about.fb.com\/br\/wp-content\/uploads\/sites\/11\/2025\/05\/capa.png?fit=1920%2C1080&resize=1400%2C800 4x"},"classes":[]},{"id":26313,"url":"https:\/\/about.fb.com\/br\/news\/2025\/04\/o-caso-da-ftc-contra-a-meta-e-fragil-e-ignora-a-realidade\/","url_meta":{"origin":6257,"position":2},"title":"O caso da FTC contra a Meta \u00e9 fr\u00e1gil e ignora a realidade","author":"Meta","date":"14\/04\/2025","format":false,"excerpt":"Por Jennifer Newstead, Chief Legal Officer Na segunda-feira, 14 de abril, come\u00e7ar\u00e1 o julgamento do fr\u00e1gil processo antitruste movido pela FTC, tentando desfazer as aquisi\u00e7\u00f5es do Instagram e do WhatsApp que foram aprovadas h\u00e1 mais de 10 anos. O caso da FTC ignora como o mercado realmente funciona e busca\u2026","rel":"","context":"In &quot;Facebook&quot;","block_context":{"text":"Facebook","link":"https:\/\/about.fb.com\/br\/news\/category\/technologies\/facebook\/"},"img":{"alt_text":"","src":"https:\/\/about.fb.com\/br\/wp-content\/uploads\/sites\/11\/2025\/04\/Screenshot-2025-04-14-at-10.35.14.png?fit=1568%2C878&resize=350%2C200","width":350,"height":200,"srcset":"https:\/\/about.fb.com\/br\/wp-content\/uploads\/sites\/11\/2025\/04\/Screenshot-2025-04-14-at-10.35.14.png?fit=1568%2C878&resize=350%2C200 1x, https:\/\/about.fb.com\/br\/wp-content\/uploads\/sites\/11\/2025\/04\/Screenshot-2025-04-14-at-10.35.14.png?fit=1568%2C878&resize=525%2C300 1.5x, https:\/\/about.fb.com\/br\/wp-content\/uploads\/sites\/11\/2025\/04\/Screenshot-2025-04-14-at-10.35.14.png?fit=1568%2C878&resize=700%2C400 2x, https:\/\/about.fb.com\/br\/wp-content\/uploads\/sites\/11\/2025\/04\/Screenshot-2025-04-14-at-10.35.14.png?fit=1568%2C878&resize=1050%2C600 3x, https:\/\/about.fb.com\/br\/wp-content\/uploads\/sites\/11\/2025\/04\/Screenshot-2025-04-14-at-10.35.14.png?fit=1568%2C878&resize=1400%2C800 4x"},"classes":[]},{"id":26598,"url":"https:\/\/about.fb.com\/br\/news\/2025\/08\/26598-pesquisa-revela-o-impacto-da-meta-nas-mpmes-da-america-latina\/","url_meta":{"origin":6257,"position":3},"title":"Pesquisa revela o impacto da Meta nas MPMEs da Am\u00e9rica Latina","author":"Meta","date":"26\/08\/2025","format":false,"excerpt":"As ferramentas da Meta n\u00e3o apenas conectam as MPMEs da Am\u00e9rica Latina aos seus clientes, como tamb\u00e9m criam novas oportunidades de crescimento. 9 em cada 10 empresas que utilizaram um ou mais produtos da Meta relataram aumento de receita. Aumento de receita por pa\u00eds: Argentina: 84% das empresas que usam\u2026","rel":"","context":"In &quot;Meta&quot;","block_context":{"text":"Meta","link":"https:\/\/about.fb.com\/br\/news\/category\/temas-home\/meta\/"},"img":{"alt_text":"","src":"https:\/\/about.fb.com\/br\/wp-content\/uploads\/sites\/11\/2025\/08\/Portada_Sin-texto.jpg?fit=3544%2C3544&resize=350%2C200","width":350,"height":200,"srcset":"https:\/\/about.fb.com\/br\/wp-content\/uploads\/sites\/11\/2025\/08\/Portada_Sin-texto.jpg?fit=3544%2C3544&resize=350%2C200 1x, https:\/\/about.fb.com\/br\/wp-content\/uploads\/sites\/11\/2025\/08\/Portada_Sin-texto.jpg?fit=3544%2C3544&resize=525%2C300 1.5x, https:\/\/about.fb.com\/br\/wp-content\/uploads\/sites\/11\/2025\/08\/Portada_Sin-texto.jpg?fit=3544%2C3544&resize=700%2C400 2x, https:\/\/about.fb.com\/br\/wp-content\/uploads\/sites\/11\/2025\/08\/Portada_Sin-texto.jpg?fit=3544%2C3544&resize=1050%2C600 3x, https:\/\/about.fb.com\/br\/wp-content\/uploads\/sites\/11\/2025\/08\/Portada_Sin-texto.jpg?fit=3544%2C3544&resize=1400%2C800 4x"},"classes":[]},{"id":26275,"url":"https:\/\/about.fb.com\/br\/news\/2025\/04\/aproveitando-o-poder-da-ia-para-alcancar-os-clientes-onde-quer-que-eles-estejam\/","url_meta":{"origin":6257,"position":4},"title":"Aproveitando o poder da IA para alcan\u00e7ar os clientes onde quer que eles estejam","author":"Meta","date":"03\/04\/2025","format":false,"excerpt":"O crescimento de qualquer neg\u00f3cio de varejo ou e-commerce depende da capacidade de manter suas margens conforme o neg\u00f3cio cresce. Por isso, os profissionais de marketing precisam estar sempre em busca de ganhos incrementais de performance. Para ajudar cada empresa a crescer de forma lucrativa, continuamos investindo em modelos de\u2026","rel":"","context":"In &quot;Meta&quot;","block_context":{"text":"Meta","link":"https:\/\/about.fb.com\/br\/news\/category\/temas-home\/meta\/"},"img":{"alt_text":"","src":"https:\/\/about.fb.com\/br\/wp-content\/uploads\/sites\/11\/2025\/04\/485121855_1189326955964321_7014225153082356620_n.gif?resize=350%2C200","width":350,"height":200,"srcset":"https:\/\/about.fb.com\/br\/wp-content\/uploads\/sites\/11\/2025\/04\/485121855_1189326955964321_7014225153082356620_n.gif?resize=350%2C200 1x, https:\/\/about.fb.com\/br\/wp-content\/uploads\/sites\/11\/2025\/04\/485121855_1189326955964321_7014225153082356620_n.gif?resize=525%2C300 1.5x, https:\/\/about.fb.com\/br\/wp-content\/uploads\/sites\/11\/2025\/04\/485121855_1189326955964321_7014225153082356620_n.gif?resize=700%2C400 2x"},"classes":[]},{"id":26927,"url":"https:\/\/about.fb.com\/br\/news\/2026\/01\/anuncios-no-threads-um-ano-depois-agora-alcancando-todos-os-usuarios-e-mercados-globalmente\/","url_meta":{"origin":6257,"position":5},"title":"An\u00fancios no Threads: um ano depois \u2013 agora alcan\u00e7ando todos os usu\u00e1rios e mercados globalmente","author":"Meta","date":"21\/01\/2026","format":false,"excerpt":"Dois anos ap\u00f3s seu lan\u00e7amento, o Threads deixou de ser apenas um novo aplicativo social para se tornar uma plataforma de conversas em r\u00e1pida expans\u00e3o, com comunidades e vozes pr\u00f3prias. Com mais de 400 milh\u00f5es de usu\u00e1rios ativos mensais, o Threads est\u00e1 se consolidando como um dos principais espa\u00e7os para\u2026","rel":"","context":"In &quot;Recent News&quot;","block_context":{"text":"Recent News","link":"https:\/\/about.fb.com\/br\/news\/category\/recent-news\/"},"img":{"alt_text":"","src":"https:\/\/about.fb.com\/br\/wp-content\/uploads\/sites\/11\/2026\/01\/download.gif?fit=640%2C360&resize=350%2C200","width":350,"height":200,"srcset":"https:\/\/about.fb.com\/br\/wp-content\/uploads\/sites\/11\/2026\/01\/download.gif?fit=640%2C360&resize=350%2C200 1x, https:\/\/about.fb.com\/br\/wp-content\/uploads\/sites\/11\/2026\/01\/download.gif?fit=640%2C360&resize=525%2C300 1.5x"},"classes":[]}],"jetpack_sharing_enabled":true,"amp_enabled":true,"_links":{"self":[{"href":"https:\/\/about.fb.com\/br\/wp-json\/wp\/v2\/posts\/6257","targetHints":{"allow":["GET"]}}],"collection":[{"href":"https:\/\/about.fb.com\/br\/wp-json\/wp\/v2\/posts"}],"about":[{"href":"https:\/\/about.fb.com\/br\/wp-json\/wp\/v2\/types\/post"}],"author":[{"embeddable":true,"href":"https:\/\/about.fb.com\/br\/wp-json\/wp\/v2\/users\/81109636"}],"replies":[{"embeddable":true,"href":"https:\/\/about.fb.com\/br\/wp-json\/wp\/v2\/comments?post=6257"}],"version-history":[{"count":2,"href":"https:\/\/about.fb.com\/br\/wp-json\/wp\/v2\/posts\/6257\/revisions"}],"predecessor-version":[{"id":8001,"href":"https:\/\/about.fb.com\/br\/wp-json\/wp\/v2\/posts\/6257\/revisions\/8001"}],"wp:attachment":[{"href":"https:\/\/about.fb.com\/br\/wp-json\/wp\/v2\/media?parent=6257"}],"wp:term":[{"taxonomy":"category","embeddable":true,"href":"https:\/\/about.fb.com\/br\/wp-json\/wp\/v2\/categories?post=6257"},{"taxonomy":"post_tag","embeddable":true,"href":"https:\/\/about.fb.com\/br\/wp-json\/wp\/v2\/tags?post=6257"}],"curies":[{"name":"wp","href":"https:\/\/api.w.org\/{rel}","templated":true}]}}