{"id":6193,"date":"2017-08-25T18:22:58","date_gmt":"2017-08-25T21:22:58","guid":{"rendered":"http:\/\/br.newsroom.fb.com\/?p=6193"},"modified":"2021-06-17T10:10:39","modified_gmt":"2021-06-17T13:10:39","slug":"facebook-apresenta-novas-maneiras-para-celebrar-memorias-com-amigos","status":"publish","type":"post","link":"https:\/\/about.fb.com\/br\/news\/2017\/08\/facebook-apresenta-novas-maneiras-para-celebrar-memorias-com-amigos\/","title":{"rendered":"Facebook apresenta novas maneiras para celebrar mem\u00f3rias com amigos"},"content":{"rendered":"<p><i>Por <a href=\"https:\/\/www.facebook.com\/oren.hod.90\">Oren Hod<\/a>, gerente de produto<\/i><\/p>\n<p>As pessoas v\u00eam ao Facebook para experimentar, compartilhar e falar sobre alguns dos momentos mais importantes que acontecem em suas vidas, comunidades e em todo o mundo. E muitos desses momentos s\u00e3o de lembran\u00e7as e momentos com amigos.<\/p>\n<p>Desde que lan\u00e7amos o recurso Neste Dia h\u00e1 mais de dois anos, aprendemos que existem diversos tipos de mem\u00f3rias e momentos que as pessoas gostam de revisitar e celebrar, e \u00e9 por isso que estamos trazendo duas novas maneiras para as pessoas reviverem mem\u00f3rias significativas e celebrarem momentos especiais no Facebook.<\/p>\n<p><b>Reunindo suas mem\u00f3rias<\/b><\/p>\n<p>Lan\u00e7amos uma nova experi\u00eancia que re\u00fane suas mem\u00f3rias recentes no Facebook de uma maneira divertida que voc\u00ea pode aproveitar e compartilhar. Para as lembran\u00e7as relacionadas, vamos agrup\u00e1-las em uma hist\u00f3ria com uma retrospectiva mensal ou sazonal de suas mem\u00f3rias. Assim como no recurso Neste Dia, essas hist\u00f3rias aparecer\u00e3o no Feed de Not\u00edcias e ser\u00e3o compartilh\u00e1veis.<\/p>\n<p><img data-recalc-dims=\"1\" loading=\"lazy\" decoding=\"async\" class=\"aligncenter size-large wp-image-6194\" src=\"https:\/\/about.fb.com\/br\/wp-content\/uploads\/sites\/3\/2017\/08\/recap_seasonal_and_monthly-1.png?resize=960%2C762\" alt=\"\" width=\"960\" height=\"762\" \/><\/p>\n<p><b>Comemore suas amizades<\/b><\/p>\n<p>Apresentamos tamb\u00e9m uma nova maneira de celebrar as a\u00e7\u00f5es que conectam voc\u00ea e sua comunidade no Facebook. Voc\u00ea poder\u00e1 ver essas mensagens de comemora\u00e7\u00e3o em dois tipos de momentos &#8211; quando voc\u00ea atingir um n\u00famero not\u00e1vel de amigos no Facebook e quando seus amigos curtirem suas postagens. N\u00f3s planejamos lan\u00e7ar mais mensagens assim nos pr\u00f3ximos meses. Essas mensagens s\u00e3o exibidas apenas para voc\u00ea, mas poder\u00e3o ser compartilhadas em breve.<\/p>\n<p><img data-recalc-dims=\"1\" loading=\"lazy\" decoding=\"async\" class=\"aligncenter size-large wp-image-6195\" src=\"https:\/\/about.fb.com\/br\/wp-content\/uploads\/sites\/3\/2017\/08\/milestone_3phone_static-1.png?resize=960%2C763\" alt=\"\" width=\"960\" height=\"763\" \/><\/p>\n<p><b>Atualiza\u00e7\u00f5es nos recursos Neste Dia e Prefer\u00eancias de Mem\u00f3ria<\/b><\/p>\n<p>Nos \u00faltimos dois anos recebemos coment\u00e1rios das pessoas e trabalhamos para melhorar o recurso Neste Dia, tornando por exemplo os controles e as prefer\u00eancias mais f\u00e1ceis de acessar. O recurso Neste Dia \u00e9 uma das experi\u00eancias mais populares no Facebook e est\u00e1 agora dispon\u00edvel para todos na plataforma.<\/p>\n<p>Sabemos tamb\u00e9m que ocasionalmente algumas mem\u00f3rias podem provocar sentimentos negativos que voc\u00ea preferiria evitar. Temos investido muito no desenvolvimento de formas para selecionar as fotos que acreditamos ser as mais relevantes e agrad\u00e1veis para voc\u00ea.<\/p>\n<p>N\u00f3s sabemos o quanto as pessoas valorizam suas amizades e mem\u00f3rias, e \u00e9 por isso que tratamos essas experi\u00eancias com cuidado. Nosso objetivo \u00e9 criar um ambiente que possibilite \u00e0s pessoas expressar seus sentimentos e se conectar com o que mais interessa para elas e suas comunidades.<\/p>\n","protected":false},"excerpt":{"rendered":"Por Oren Hod, gerente de produto As pessoas v\u00eam ao Facebook para experimentar, compartilhar e falar sobre alguns dos momentos mais importantes que acontecem em suas vidas, comunidades e em todo o mundo. E muitos desses momentos s\u00e3o de lembran\u00e7as e momentos com amigos. Desde que lan\u00e7amos o recurso Neste Dia h\u00e1 mais de dois anos, aprendemos que existem diversos tipos de mem\u00f3rias e momentos que as pessoas gostam de revisitar e celebrar, e \u00e9 por isso que estamos trazendo duas novas maneiras para as pessoas reviverem mem\u00f3rias significativas e celebrarem momentos especiais no Facebook. Reunindo suas mem\u00f3rias Lan\u00e7amos uma nova experi\u00eancia que re\u00fane suas mem\u00f3rias recentes no Facebook de uma maneira divertida que voc\u00ea pode aproveitar e compartilhar. Para as lembran\u00e7as relacionadas, vamos agrup\u00e1-las em uma hist\u00f3ria com uma retrospectiva mensal ou sazonal de suas mem\u00f3rias. Assim como no recurso Neste Dia, essas hist\u00f3rias aparecer\u00e3o no Feed de Not\u00edcias e ser\u00e3o compartilh\u00e1veis. Comemore suas amizades Apresentamos tamb\u00e9m uma nova maneira de celebrar as a\u00e7\u00f5es que conectam voc\u00ea e sua comunidade no Facebook. Voc\u00ea poder\u00e1 ver essas mensagens de comemora\u00e7\u00e3o em dois tipos de momentos &#8211; quando voc\u00ea atingir um n\u00famero not\u00e1vel de amigos no Facebook e quando seus amigos curtirem suas postagens. N\u00f3s planejamos lan\u00e7ar mais mensagens assim nos pr\u00f3ximos meses. Essas mensagens s\u00e3o exibidas apenas para voc\u00ea, mas poder\u00e3o ser compartilhadas em breve. Atualiza\u00e7\u00f5es nos recursos Neste Dia e Prefer\u00eancias de Mem\u00f3ria Nos \u00faltimos dois anos recebemos coment\u00e1rios das pessoas e trabalhamos para melhorar o recurso Neste Dia, tornando por exemplo os controles e as prefer\u00eancias mais f\u00e1ceis de acessar. O recurso Neste Dia \u00e9 uma das experi\u00eancias mais populares no Facebook e est\u00e1 agora dispon\u00edvel para todos na plataforma. Sabemos tamb\u00e9m que ocasionalmente algumas mem\u00f3rias podem provocar sentimentos negativos que voc\u00ea preferiria evitar. Temos investido muito no desenvolvimento de formas para selecionar as fotos que acreditamos ser as mais relevantes e agrad\u00e1veis para voc\u00ea. N\u00f3s sabemos o quanto as pessoas valorizam suas amizades e mem\u00f3rias, e \u00e9 por isso que tratamos essas experi\u00eancias com cuidado. Nosso objetivo \u00e9 criar um ambiente que possibilite \u00e0s pessoas expressar seus sentimentos e se conectar com o que mais interessa para elas e suas comunidades.","protected":false},"author":81109636,"featured_media":0,"comment_status":"closed","ping_status":"closed","sticky":false,"template":"","format":"standard","meta":{"_jetpack_memberships_contains_paid_content":false,"footnotes":""},"categories":[1],"tags":[],"class_list":["post-6193","post","type-post","status-publish","format-standard","hentry","category-recent-news"],"yoast_head":"<!-- This site is optimized with the Yoast SEO plugin v27.2 - https:\/\/yoast.com\/product\/yoast-seo-wordpress\/ -->\n<title>Facebook apresenta novas maneiras para celebrar mem\u00f3rias com amigos | Sobre a Meta<\/title>\n<meta name=\"robots\" content=\"index, follow, max-snippet:-1, max-image-preview:large, max-video-preview:-1\" \/>\n<link rel=\"canonical\" href=\"https:\/\/about.fb.com\/br\/news\/2017\/08\/facebook-apresenta-novas-maneiras-para-celebrar-memorias-com-amigos\/\" \/>\n<meta property=\"og:locale\" content=\"pt_BR\" \/>\n<meta property=\"og:type\" content=\"article\" \/>\n<meta property=\"og:title\" content=\"Facebook apresenta novas maneiras para celebrar mem\u00f3rias com amigos | Sobre a Meta\" \/>\n<meta property=\"og:description\" content=\"Por Oren Hod, gerente de produto As pessoas v\u00eam ao Facebook para experimentar, compartilhar e falar sobre alguns dos momentos mais importantes que acontecem em suas vidas, comunidades e em todo o mundo. E muitos desses momentos s\u00e3o de lembran\u00e7as e momentos com amigos. Desde que lan\u00e7amos o recurso Neste Dia h\u00e1 mais de dois anos, aprendemos que existem diversos tipos de mem\u00f3rias e momentos que as pessoas gostam de revisitar e celebrar, e \u00e9 por isso que estamos trazendo duas novas maneiras para as pessoas reviverem mem\u00f3rias significativas e celebrarem momentos especiais no Facebook. Reunindo suas mem\u00f3rias Lan\u00e7amos uma nova experi\u00eancia que re\u00fane suas mem\u00f3rias recentes no Facebook de uma maneira divertida que voc\u00ea pode aproveitar e compartilhar. Para as lembran\u00e7as relacionadas, vamos agrup\u00e1-las em uma hist\u00f3ria com uma retrospectiva mensal ou sazonal de suas mem\u00f3rias. Assim como no recurso Neste Dia, essas hist\u00f3rias aparecer\u00e3o no Feed de Not\u00edcias e ser\u00e3o compartilh\u00e1veis. Comemore suas amizades Apresentamos tamb\u00e9m uma nova maneira de celebrar as a\u00e7\u00f5es que conectam voc\u00ea e sua comunidade no Facebook. Voc\u00ea poder\u00e1 ver essas mensagens de comemora\u00e7\u00e3o em dois tipos de momentos &#8211; quando voc\u00ea atingir um n\u00famero not\u00e1vel de amigos no Facebook e quando seus amigos curtirem suas postagens. N\u00f3s planejamos lan\u00e7ar mais mensagens assim nos pr\u00f3ximos meses. Essas mensagens s\u00e3o exibidas apenas para voc\u00ea, mas poder\u00e3o ser compartilhadas em breve. Atualiza\u00e7\u00f5es nos recursos Neste Dia e Prefer\u00eancias de Mem\u00f3ria Nos \u00faltimos dois anos recebemos coment\u00e1rios das pessoas e trabalhamos para melhorar o recurso Neste Dia, tornando por exemplo os controles e as prefer\u00eancias mais f\u00e1ceis de acessar. O recurso Neste Dia \u00e9 uma das experi\u00eancias mais populares no Facebook e est\u00e1 agora dispon\u00edvel para todos na plataforma. Sabemos tamb\u00e9m que ocasionalmente algumas mem\u00f3rias podem provocar sentimentos negativos que voc\u00ea preferiria evitar. Temos investido muito no desenvolvimento de formas para selecionar as fotos que acreditamos ser as mais relevantes e agrad\u00e1veis para voc\u00ea. N\u00f3s sabemos o quanto as pessoas valorizam suas amizades e mem\u00f3rias, e \u00e9 por isso que tratamos essas experi\u00eancias com cuidado. Nosso objetivo \u00e9 criar um ambiente que possibilite \u00e0s pessoas expressar seus sentimentos e se conectar com o que mais interessa para elas e suas comunidades.\" \/>\n<meta property=\"og:url\" content=\"https:\/\/about.fb.com\/br\/news\/2017\/08\/facebook-apresenta-novas-maneiras-para-celebrar-memorias-com-amigos\/\" \/>\n<meta property=\"og:site_name\" content=\"Sobre a Meta\" \/>\n<meta property=\"article:published_time\" content=\"2017-08-25T21:22:58+00:00\" \/>\n<meta property=\"article:modified_time\" content=\"2021-06-17T13:10:39+00:00\" \/>\n<meta property=\"og:image\" content=\"https:\/\/about.fb.com\/br\/wp-content\/uploads\/sites\/3\/2017\/08\/recap_seasonal_and_monthly-1.png\" \/>\n<meta name=\"author\" content=\"facebookbr\" \/>\n<meta name=\"twitter:card\" content=\"summary_large_image\" \/>\n<meta name=\"twitter:label1\" content=\"Written by\" \/>\n\t<meta name=\"twitter:data1\" content=\"Meta\" \/>\n\t<meta name=\"twitter:label2\" content=\"Est. reading time\" \/>\n\t<meta name=\"twitter:data2\" content=\"2 minutos\" \/>\n<script type=\"application\/ld+json\" class=\"yoast-schema-graph\">{\"@context\":\"https:\/\/schema.org\",\"@graph\":[{\"@type\":\"Article\",\"@id\":\"https:\/\/about.fb.com\/br\/news\/2017\/08\/facebook-apresenta-novas-maneiras-para-celebrar-memorias-com-amigos\/#article\",\"isPartOf\":{\"@id\":\"https:\/\/about.fb.com\/br\/news\/2017\/08\/facebook-apresenta-novas-maneiras-para-celebrar-memorias-com-amigos\/\"},\"author\":\"Facebook company\",\"headline\":\"Facebook apresenta novas maneiras para celebrar mem\u00f3rias com amigos\",\"datePublished\":\"2017-08-25T21:22:58+00:00\",\"dateModified\":\"2021-06-17T13:10:39+00:00\",\"mainEntityOfPage\":{\"@id\":\"https:\/\/about.fb.com\/br\/news\/2017\/08\/facebook-apresenta-novas-maneiras-para-celebrar-memorias-com-amigos\/\"},\"wordCount\":414,\"publisher\":{\"@id\":\"https:\/\/about.fb.com\/br\/#organization\"},\"image\":{\"@id\":\"https:\/\/about.fb.com\/br\/news\/2017\/08\/facebook-apresenta-novas-maneiras-para-celebrar-memorias-com-amigos\/#primaryimage\"},\"thumbnailUrl\":\"https:\/\/about.fb.com\/br\/wp-content\/uploads\/sites\/3\/2017\/08\/recap_seasonal_and_monthly-1.png\",\"articleSection\":[\"Recent News\"],\"inLanguage\":\"pt-BR\"},{\"@type\":\"WebPage\",\"@id\":\"https:\/\/about.fb.com\/br\/news\/2017\/08\/facebook-apresenta-novas-maneiras-para-celebrar-memorias-com-amigos\/\",\"url\":\"https:\/\/about.fb.com\/br\/news\/2017\/08\/facebook-apresenta-novas-maneiras-para-celebrar-memorias-com-amigos\/\",\"name\":\"Facebook apresenta novas maneiras para celebrar mem\u00f3rias com amigos | Sobre a Meta\",\"isPartOf\":{\"@id\":\"https:\/\/about.fb.com\/br\/#website\"},\"primaryImageOfPage\":{\"@id\":\"https:\/\/about.fb.com\/br\/news\/2017\/08\/facebook-apresenta-novas-maneiras-para-celebrar-memorias-com-amigos\/#primaryimage\"},\"image\":{\"@id\":\"https:\/\/about.fb.com\/br\/news\/2017\/08\/facebook-apresenta-novas-maneiras-para-celebrar-memorias-com-amigos\/#primaryimage\"},\"thumbnailUrl\":\"https:\/\/about.fb.com\/br\/wp-content\/uploads\/sites\/3\/2017\/08\/recap_seasonal_and_monthly-1.png\",\"datePublished\":\"2017-08-25T21:22:58+00:00\",\"dateModified\":\"2021-06-17T13:10:39+00:00\",\"breadcrumb\":{\"@id\":\"https:\/\/about.fb.com\/br\/news\/2017\/08\/facebook-apresenta-novas-maneiras-para-celebrar-memorias-com-amigos\/#breadcrumb\"},\"inLanguage\":\"pt-BR\",\"potentialAction\":[{\"@type\":\"ReadAction\",\"target\":[\"https:\/\/about.fb.com\/br\/news\/2017\/08\/facebook-apresenta-novas-maneiras-para-celebrar-memorias-com-amigos\/\"]}],\"author\":\"Sobre a Meta\"},{\"@type\":\"ImageObject\",\"inLanguage\":\"pt-BR\",\"@id\":\"https:\/\/about.fb.com\/br\/news\/2017\/08\/facebook-apresenta-novas-maneiras-para-celebrar-memorias-com-amigos\/#primaryimage\",\"url\":\"https:\/\/about.fb.com\/br\/wp-content\/uploads\/sites\/3\/2017\/08\/recap_seasonal_and_monthly-1.png\",\"contentUrl\":\"https:\/\/about.fb.com\/br\/wp-content\/uploads\/sites\/3\/2017\/08\/recap_seasonal_and_monthly-1.png\"},{\"@type\":\"BreadcrumbList\",\"@id\":\"https:\/\/about.fb.com\/br\/news\/2017\/08\/facebook-apresenta-novas-maneiras-para-celebrar-memorias-com-amigos\/#breadcrumb\",\"itemListElement\":[{\"@type\":\"ListItem\",\"position\":1,\"name\":\"Home\",\"item\":\"https:\/\/about.fb.com\/br\/\"},{\"@type\":\"ListItem\",\"position\":2,\"name\":\"Facebook apresenta novas maneiras para celebrar mem\u00f3rias com amigos\"}]},{\"@type\":\"WebSite\",\"@id\":\"https:\/\/about.fb.com\/br\/#website\",\"url\":\"https:\/\/about.fb.com\/news\/\",\"name\":\"Sobre a Meta\",\"description\":\"\",\"publisher\":{\"@id\":\"https:\/\/about.fb.com\/br\/#organization\"},\"potentialAction\":[{\"@type\":\"SearchAction\",\"target\":{\"@type\":\"EntryPoint\",\"urlTemplate\":\"https:\/\/about.fb.com\/br\/?s={search_term_string}\"},\"query-input\":{\"@type\":\"PropertyValueSpecification\",\"valueRequired\":true,\"valueName\":\"search_term_string\"}}],\"inLanguage\":\"pt-BR\",\"alternateName\":[\"Meta Newsroom\",\"Meta\"]},{\"@type\":\"Organization\",\"@id\":\"https:\/\/about.fb.com\/br\/#organization\",\"name\":\"Meta\",\"url\":\"https:\/\/about.fb.com\/br\/\",\"logo\":{\"@type\":\"ImageObject\",\"inLanguage\":\"pt-BR\",\"@id\":\"https:\/\/about.fb.com\/br\/#\/schema\/logo\/image\/\",\"url\":\"https:\/\/about.fb.com\/br\/wp-content\/uploads\/sites\/11\/2021\/10\/meta-social-16x9-1.jpg?fit=8000%2C4500\",\"contentUrl\":\"https:\/\/about.fb.com\/br\/wp-content\/uploads\/sites\/11\/2021\/10\/meta-social-16x9-1.jpg?fit=8000%2C4500\",\"width\":8000,\"height\":4500,\"caption\":\"Meta\"},\"image\":{\"@id\":\"https:\/\/about.fb.com\/br\/#\/schema\/logo\/image\/\"}}]}<\/script>\n<!-- \/ Yoast SEO plugin. -->","yoast_head_json":{"title":"Facebook apresenta novas maneiras para celebrar mem\u00f3rias com amigos | Sobre a Meta","robots":{"index":"index","follow":"follow","max-snippet":"max-snippet:-1","max-image-preview":"max-image-preview:large","max-video-preview":"max-video-preview:-1"},"canonical":"https:\/\/about.fb.com\/br\/news\/2017\/08\/facebook-apresenta-novas-maneiras-para-celebrar-memorias-com-amigos\/","og_locale":"pt_BR","og_type":"article","og_title":"Facebook apresenta novas maneiras para celebrar mem\u00f3rias com amigos | Sobre a Meta","og_description":"Por Oren Hod, gerente de produto As pessoas v\u00eam ao Facebook para experimentar, compartilhar e falar sobre alguns dos momentos mais importantes que acontecem em suas vidas, comunidades e em todo o mundo. E muitos desses momentos s\u00e3o de lembran\u00e7as e momentos com amigos. Desde que lan\u00e7amos o recurso Neste Dia h\u00e1 mais de dois anos, aprendemos que existem diversos tipos de mem\u00f3rias e momentos que as pessoas gostam de revisitar e celebrar, e \u00e9 por isso que estamos trazendo duas novas maneiras para as pessoas reviverem mem\u00f3rias significativas e celebrarem momentos especiais no Facebook. Reunindo suas mem\u00f3rias Lan\u00e7amos uma nova experi\u00eancia que re\u00fane suas mem\u00f3rias recentes no Facebook de uma maneira divertida que voc\u00ea pode aproveitar e compartilhar. Para as lembran\u00e7as relacionadas, vamos agrup\u00e1-las em uma hist\u00f3ria com uma retrospectiva mensal ou sazonal de suas mem\u00f3rias. Assim como no recurso Neste Dia, essas hist\u00f3rias aparecer\u00e3o no Feed de Not\u00edcias e ser\u00e3o compartilh\u00e1veis. Comemore suas amizades Apresentamos tamb\u00e9m uma nova maneira de celebrar as a\u00e7\u00f5es que conectam voc\u00ea e sua comunidade no Facebook. Voc\u00ea poder\u00e1 ver essas mensagens de comemora\u00e7\u00e3o em dois tipos de momentos &#8211; quando voc\u00ea atingir um n\u00famero not\u00e1vel de amigos no Facebook e quando seus amigos curtirem suas postagens. N\u00f3s planejamos lan\u00e7ar mais mensagens assim nos pr\u00f3ximos meses. Essas mensagens s\u00e3o exibidas apenas para voc\u00ea, mas poder\u00e3o ser compartilhadas em breve. Atualiza\u00e7\u00f5es nos recursos Neste Dia e Prefer\u00eancias de Mem\u00f3ria Nos \u00faltimos dois anos recebemos coment\u00e1rios das pessoas e trabalhamos para melhorar o recurso Neste Dia, tornando por exemplo os controles e as prefer\u00eancias mais f\u00e1ceis de acessar. O recurso Neste Dia \u00e9 uma das experi\u00eancias mais populares no Facebook e est\u00e1 agora dispon\u00edvel para todos na plataforma. Sabemos tamb\u00e9m que ocasionalmente algumas mem\u00f3rias podem provocar sentimentos negativos que voc\u00ea preferiria evitar. Temos investido muito no desenvolvimento de formas para selecionar as fotos que acreditamos ser as mais relevantes e agrad\u00e1veis para voc\u00ea. N\u00f3s sabemos o quanto as pessoas valorizam suas amizades e mem\u00f3rias, e \u00e9 por isso que tratamos essas experi\u00eancias com cuidado. Nosso objetivo \u00e9 criar um ambiente que possibilite \u00e0s pessoas expressar seus sentimentos e se conectar com o que mais interessa para elas e suas comunidades.","og_url":"https:\/\/about.fb.com\/br\/news\/2017\/08\/facebook-apresenta-novas-maneiras-para-celebrar-memorias-com-amigos\/","og_site_name":"Sobre a Meta","article_published_time":"2017-08-25T21:22:58+00:00","article_modified_time":"2021-06-17T13:10:39+00:00","og_image":[{"url":"https:\/\/about.fb.com\/br\/wp-content\/uploads\/sites\/3\/2017\/08\/recap_seasonal_and_monthly-1.png","type":"","width":"","height":""}],"author":"facebookbr","twitter_card":"summary_large_image","twitter_misc":{"Written by":"Meta","Est. reading time":"2 minutos"},"schema":{"@context":"https:\/\/schema.org","@graph":[{"@type":"Article","@id":"https:\/\/about.fb.com\/br\/news\/2017\/08\/facebook-apresenta-novas-maneiras-para-celebrar-memorias-com-amigos\/#article","isPartOf":{"@id":"https:\/\/about.fb.com\/br\/news\/2017\/08\/facebook-apresenta-novas-maneiras-para-celebrar-memorias-com-amigos\/"},"author":"Facebook company","headline":"Facebook apresenta novas maneiras para celebrar mem\u00f3rias com amigos","datePublished":"2017-08-25T21:22:58+00:00","dateModified":"2021-06-17T13:10:39+00:00","mainEntityOfPage":{"@id":"https:\/\/about.fb.com\/br\/news\/2017\/08\/facebook-apresenta-novas-maneiras-para-celebrar-memorias-com-amigos\/"},"wordCount":414,"publisher":{"@id":"https:\/\/about.fb.com\/br\/#organization"},"image":{"@id":"https:\/\/about.fb.com\/br\/news\/2017\/08\/facebook-apresenta-novas-maneiras-para-celebrar-memorias-com-amigos\/#primaryimage"},"thumbnailUrl":"https:\/\/about.fb.com\/br\/wp-content\/uploads\/sites\/3\/2017\/08\/recap_seasonal_and_monthly-1.png","articleSection":["Recent News"],"inLanguage":"pt-BR"},{"@type":"WebPage","@id":"https:\/\/about.fb.com\/br\/news\/2017\/08\/facebook-apresenta-novas-maneiras-para-celebrar-memorias-com-amigos\/","url":"https:\/\/about.fb.com\/br\/news\/2017\/08\/facebook-apresenta-novas-maneiras-para-celebrar-memorias-com-amigos\/","name":"Facebook apresenta novas maneiras para celebrar mem\u00f3rias com amigos | Sobre a Meta","isPartOf":{"@id":"https:\/\/about.fb.com\/br\/#website"},"primaryImageOfPage":{"@id":"https:\/\/about.fb.com\/br\/news\/2017\/08\/facebook-apresenta-novas-maneiras-para-celebrar-memorias-com-amigos\/#primaryimage"},"image":{"@id":"https:\/\/about.fb.com\/br\/news\/2017\/08\/facebook-apresenta-novas-maneiras-para-celebrar-memorias-com-amigos\/#primaryimage"},"thumbnailUrl":"https:\/\/about.fb.com\/br\/wp-content\/uploads\/sites\/3\/2017\/08\/recap_seasonal_and_monthly-1.png","datePublished":"2017-08-25T21:22:58+00:00","dateModified":"2021-06-17T13:10:39+00:00","breadcrumb":{"@id":"https:\/\/about.fb.com\/br\/news\/2017\/08\/facebook-apresenta-novas-maneiras-para-celebrar-memorias-com-amigos\/#breadcrumb"},"inLanguage":"pt-BR","potentialAction":[{"@type":"ReadAction","target":["https:\/\/about.fb.com\/br\/news\/2017\/08\/facebook-apresenta-novas-maneiras-para-celebrar-memorias-com-amigos\/"]}],"author":"Sobre a Meta"},{"@type":"ImageObject","inLanguage":"pt-BR","@id":"https:\/\/about.fb.com\/br\/news\/2017\/08\/facebook-apresenta-novas-maneiras-para-celebrar-memorias-com-amigos\/#primaryimage","url":"https:\/\/about.fb.com\/br\/wp-content\/uploads\/sites\/3\/2017\/08\/recap_seasonal_and_monthly-1.png","contentUrl":"https:\/\/about.fb.com\/br\/wp-content\/uploads\/sites\/3\/2017\/08\/recap_seasonal_and_monthly-1.png"},{"@type":"BreadcrumbList","@id":"https:\/\/about.fb.com\/br\/news\/2017\/08\/facebook-apresenta-novas-maneiras-para-celebrar-memorias-com-amigos\/#breadcrumb","itemListElement":[{"@type":"ListItem","position":1,"name":"Home","item":"https:\/\/about.fb.com\/br\/"},{"@type":"ListItem","position":2,"name":"Facebook apresenta novas maneiras para celebrar mem\u00f3rias com amigos"}]},{"@type":"WebSite","@id":"https:\/\/about.fb.com\/br\/#website","url":"https:\/\/about.fb.com\/news\/","name":"Sobre a Meta","description":"","publisher":{"@id":"https:\/\/about.fb.com\/br\/#organization"},"potentialAction":[{"@type":"SearchAction","target":{"@type":"EntryPoint","urlTemplate":"https:\/\/about.fb.com\/br\/?s={search_term_string}"},"query-input":{"@type":"PropertyValueSpecification","valueRequired":true,"valueName":"search_term_string"}}],"inLanguage":"pt-BR","alternateName":["Meta Newsroom","Meta"]},{"@type":"Organization","@id":"https:\/\/about.fb.com\/br\/#organization","name":"Meta","url":"https:\/\/about.fb.com\/br\/","logo":{"@type":"ImageObject","inLanguage":"pt-BR","@id":"https:\/\/about.fb.com\/br\/#\/schema\/logo\/image\/","url":"https:\/\/about.fb.com\/br\/wp-content\/uploads\/sites\/11\/2021\/10\/meta-social-16x9-1.jpg?fit=8000%2C4500","contentUrl":"https:\/\/about.fb.com\/br\/wp-content\/uploads\/sites\/11\/2021\/10\/meta-social-16x9-1.jpg?fit=8000%2C4500","width":8000,"height":4500,"caption":"Meta"},"image":{"@id":"https:\/\/about.fb.com\/br\/#\/schema\/logo\/image\/"}}]}},"jetpack_featured_media_url":"","jetpack-related-posts":[{"id":26121,"url":"https:\/\/about.fb.com\/br\/news\/2025\/01\/construindo-um-assistente-mais-inteligente-e-personalizado\/","url_meta":{"origin":6193,"position":0},"title":"Construindo um assistente mais inteligente e personalizado","author":"Meta","date":"30\/01\/2025","format":false,"excerpt":"\u00c0 medida que a Meta AI est\u00e1 no caminho para se tornar o assistente de IA mais usado, nossa vis\u00e3o \u00e9 transform\u00e1-la em uma das experi\u00eancias de intelig\u00eancia artificial mais personalizadas j\u00e1 criadas. Uma das \u00e1reas em que estamos come\u00e7ando a focar s\u00e3o novos recursos que oferecem informa\u00e7\u00f5es e recomenda\u00e7\u00f5es\u2026","rel":"","context":"In &quot;Meta&quot;","block_context":{"text":"Meta","link":"https:\/\/about.fb.com\/br\/news\/category\/temas-home\/meta\/"},"img":{"alt_text":"","src":"https:\/\/about.fb.com\/br\/wp-content\/uploads\/sites\/11\/2025\/01\/Meta-AI-Personalization-Intro_Header.jpg?fit=1920%2C1080&resize=350%2C200","width":350,"height":200,"srcset":"https:\/\/about.fb.com\/br\/wp-content\/uploads\/sites\/11\/2025\/01\/Meta-AI-Personalization-Intro_Header.jpg?fit=1920%2C1080&resize=350%2C200 1x, https:\/\/about.fb.com\/br\/wp-content\/uploads\/sites\/11\/2025\/01\/Meta-AI-Personalization-Intro_Header.jpg?fit=1920%2C1080&resize=525%2C300 1.5x, https:\/\/about.fb.com\/br\/wp-content\/uploads\/sites\/11\/2025\/01\/Meta-AI-Personalization-Intro_Header.jpg?fit=1920%2C1080&resize=700%2C400 2x, https:\/\/about.fb.com\/br\/wp-content\/uploads\/sites\/11\/2025\/01\/Meta-AI-Personalization-Intro_Header.jpg?fit=1920%2C1080&resize=1050%2C600 3x, https:\/\/about.fb.com\/br\/wp-content\/uploads\/sites\/11\/2025\/01\/Meta-AI-Personalization-Intro_Header.jpg?fit=1920%2C1080&resize=1400%2C800 4x"},"classes":[]},{"id":26895,"url":"https:\/\/about.fb.com\/br\/news\/2025\/12\/ajudando-bilhoes-de-pessoas-a-celebrar-o-ano-novo-no-whatsapp\/","url_meta":{"origin":6193,"position":1},"title":"Ajudando bilh\u00f5es de pessoas a celebrar o Ano Novo no WhatsApp","author":"Meta","date":"29\/12\/2025","format":false,"excerpt":"O Ano Novo \u00e9 o dia mais importante para o WhatsApp. A cada ano, batemos novos recordes de mensagens e liga\u00e7\u00f5es entre amigos e familiares. Em um dia comum, promovemos o envio de 100 bilh\u00f5es de mensagens e 2 bilh\u00f5es de liga\u00e7\u00f5es, mas as 24 horas em que o mundo\u2026","rel":"","context":"In &quot;Recent News&quot;","block_context":{"text":"Recent News","link":"https:\/\/about.fb.com\/br\/news\/category\/recent-news\/"},"img":{"alt_text":"","src":"https:\/\/about.fb.com\/br\/wp-content\/uploads\/sites\/11\/2025\/12\/597777742_1672249653829860_6610202159098060728_n.jpg?fit=1600%2C900&resize=350%2C200","width":350,"height":200,"srcset":"https:\/\/about.fb.com\/br\/wp-content\/uploads\/sites\/11\/2025\/12\/597777742_1672249653829860_6610202159098060728_n.jpg?fit=1600%2C900&resize=350%2C200 1x, https:\/\/about.fb.com\/br\/wp-content\/uploads\/sites\/11\/2025\/12\/597777742_1672249653829860_6610202159098060728_n.jpg?fit=1600%2C900&resize=525%2C300 1.5x, https:\/\/about.fb.com\/br\/wp-content\/uploads\/sites\/11\/2025\/12\/597777742_1672249653829860_6610202159098060728_n.jpg?fit=1600%2C900&resize=700%2C400 2x, https:\/\/about.fb.com\/br\/wp-content\/uploads\/sites\/11\/2025\/12\/597777742_1672249653829860_6610202159098060728_n.jpg?fit=1600%2C900&resize=1050%2C600 3x, https:\/\/about.fb.com\/br\/wp-content\/uploads\/sites\/11\/2025\/12\/597777742_1672249653829860_6610202159098060728_n.jpg?fit=1600%2C900&resize=1400%2C800 4x"},"classes":[]},{"id":26738,"url":"https:\/\/about.fb.com\/br\/news\/2025\/10\/apresentando-o-instagram-rings-reconhecendo-e-celebrando-a-criatividade\/","url_meta":{"origin":6193,"position":2},"title":"Apresentando o Instagram Rings: Reconhecendo e Celebrando a Criatividade","author":"Meta","date":"16\/10\/2025","format":false,"excerpt":"Estamos animados para compartilhar uma novidade: Rings \u2013 um pr\u00eamio do Instagram que celebra quem n\u00e3o tem medo de ousar criativamente e faz as coisas do seu jeito. Pessoas que unem outras atrav\u00e9s da criatividade e merecem reconhecimento. Rings n\u00e3o \u00e9 sobre homenagear um tipo espec\u00edfico de conte\u00fado \u2013 \u00e9\u2026","rel":"","context":"In &quot;Recent News&quot;","block_context":{"text":"Recent News","link":"https:\/\/about.fb.com\/br\/news\/category\/recent-news\/"},"img":{"alt_text":"","src":"https:\/\/about.fb.com\/br\/wp-content\/uploads\/sites\/11\/2025\/10\/RINGS_Hero-Comms-Image_16-9.png?fit=4000%2C2250&resize=350%2C200","width":350,"height":200,"srcset":"https:\/\/about.fb.com\/br\/wp-content\/uploads\/sites\/11\/2025\/10\/RINGS_Hero-Comms-Image_16-9.png?fit=4000%2C2250&resize=350%2C200 1x, https:\/\/about.fb.com\/br\/wp-content\/uploads\/sites\/11\/2025\/10\/RINGS_Hero-Comms-Image_16-9.png?fit=4000%2C2250&resize=525%2C300 1.5x, https:\/\/about.fb.com\/br\/wp-content\/uploads\/sites\/11\/2025\/10\/RINGS_Hero-Comms-Image_16-9.png?fit=4000%2C2250&resize=700%2C400 2x, https:\/\/about.fb.com\/br\/wp-content\/uploads\/sites\/11\/2025\/10\/RINGS_Hero-Comms-Image_16-9.png?fit=4000%2C2250&resize=1050%2C600 3x, https:\/\/about.fb.com\/br\/wp-content\/uploads\/sites\/11\/2025\/10\/RINGS_Hero-Comms-Image_16-9.png?fit=4000%2C2250&resize=1400%2C800 4x"},"classes":[]},{"id":26182,"url":"https:\/\/about.fb.com\/br\/news\/2025\/02\/atualizando-nossa-politica-de-armazenamento-de-lives-no-facebook\/","url_meta":{"origin":6193,"position":3},"title":"Atualizando nossa pol\u00edtica de armazenamento de Lives no Facebook","author":"Meta","date":"18\/02\/2025","format":false,"excerpt":"Pessoas em todo o mundo usam o Facebook Live para compartilhar suas experi\u00eancias com suas comunidades em tempo real. Como a maioria das visualiza\u00e7\u00f5es de v\u00eddeos ao vivo ocorrem nas primeiras semanas ap\u00f3s a transmiss\u00e3o, estamos atualizando por quanto tempo as Lives podem ser armazenadas no Facebook. A partir de\u2026","rel":"","context":"In &quot;Facebook&quot;","block_context":{"text":"Facebook","link":"https:\/\/about.fb.com\/br\/news\/category\/technologies\/facebook\/"},"img":{"alt_text":"","src":"https:\/\/about.fb.com\/br\/wp-content\/uploads\/sites\/11\/2025\/02\/Download-Live-Videos.jpg?fit=1280%2C720&resize=350%2C200","width":350,"height":200,"srcset":"https:\/\/about.fb.com\/br\/wp-content\/uploads\/sites\/11\/2025\/02\/Download-Live-Videos.jpg?fit=1280%2C720&resize=350%2C200 1x, https:\/\/about.fb.com\/br\/wp-content\/uploads\/sites\/11\/2025\/02\/Download-Live-Videos.jpg?fit=1280%2C720&resize=525%2C300 1.5x, https:\/\/about.fb.com\/br\/wp-content\/uploads\/sites\/11\/2025\/02\/Download-Live-Videos.jpg?fit=1280%2C720&resize=700%2C400 2x, https:\/\/about.fb.com\/br\/wp-content\/uploads\/sites\/11\/2025\/02\/Download-Live-Videos.jpg?fit=1280%2C720&resize=1050%2C600 3x"},"classes":[]},{"id":26838,"url":"https:\/\/about.fb.com\/br\/news\/2025\/12\/facilitando-o-acesso-ao-suporte-de-conta-no-facebook-e-instagram\/","url_meta":{"origin":6193,"position":4},"title":"Facilitando o acesso ao suporte de conta no Facebook e Instagram","author":"Meta","date":"04\/12\/2025","format":false,"excerpt":"\u00a0 Destaque Estamos tornando mais f\u00e1cil\u00a0 o acesso ao\u00a0 nosso\u00a0 suporte de conta 24 horas no Facebook e Instagram,com novas ferramentas,\u00a0 incluindo\u00a0 um hub de suporte centralizado. No \u00faltimo ano, novos casos de invas\u00e3o de contas diminu\u00edram mais de 30% globalmente no Facebook e Instagram, e a recupera\u00e7\u00e3o de contas\u2026","rel":"","context":"In &quot;Feed - Categorias&quot;","block_context":{"text":"Feed - Categorias","link":"https:\/\/about.fb.com\/br\/news\/category\/technologies\/"},"img":{"alt_text":"","src":"https:\/\/about.fb.com\/br\/wp-content\/uploads\/sites\/11\/2025\/12\/01_Support-Hubsmall-entry_Carousel-01.gif?resize=350%2C200","width":350,"height":200,"srcset":"https:\/\/about.fb.com\/br\/wp-content\/uploads\/sites\/11\/2025\/12\/01_Support-Hubsmall-entry_Carousel-01.gif?resize=350%2C200 1x, https:\/\/about.fb.com\/br\/wp-content\/uploads\/sites\/11\/2025\/12\/01_Support-Hubsmall-entry_Carousel-01.gif?resize=525%2C300 1.5x, https:\/\/about.fb.com\/br\/wp-content\/uploads\/sites\/11\/2025\/12\/01_Support-Hubsmall-entry_Carousel-01.gif?resize=700%2C400 2x"},"classes":[]},{"id":27025,"url":"https:\/\/about.fb.com\/br\/news\/2026\/03\/apresentando-uma-nova-era-de-descoberta-de-produtos-impulsionada-por-ia-e-criadores\/","url_meta":{"origin":6193,"position":5},"title":"Apresentando uma nova era de descoberta de produtos impulsionada por IA e criadores","author":"Meta","date":"25\/03\/2026","format":false,"excerpt":"Todos os dias, bilh\u00f5es de pessoas acessam os aplicativos da Meta para descobrir algo novo \u2014 um produto que um criador adora, uma marca que chama sua aten\u00e7\u00e3o ou um estilo que elas nem sabiam que estavam procurando.A IA est\u00e1 ajudando a impulsionar esses momentos de descoberta, seja exibindo conte\u00fados\u2026","rel":"","context":"In &quot;Recent News&quot;","block_context":{"text":"Recent News","link":"https:\/\/about.fb.com\/br\/news\/category\/recent-news\/"},"img":{"alt_text":"","src":"https:\/\/about.fb.com\/br\/wp-content\/uploads\/sites\/11\/2026\/03\/newsroom-shoptalk.gif?w=312&resize=350%2C200","width":350,"height":200},"classes":[]}],"jetpack_sharing_enabled":true,"amp_enabled":true,"_links":{"self":[{"href":"https:\/\/about.fb.com\/br\/wp-json\/wp\/v2\/posts\/6193","targetHints":{"allow":["GET"]}}],"collection":[{"href":"https:\/\/about.fb.com\/br\/wp-json\/wp\/v2\/posts"}],"about":[{"href":"https:\/\/about.fb.com\/br\/wp-json\/wp\/v2\/types\/post"}],"author":[{"embeddable":true,"href":"https:\/\/about.fb.com\/br\/wp-json\/wp\/v2\/users\/81109636"}],"replies":[{"embeddable":true,"href":"https:\/\/about.fb.com\/br\/wp-json\/wp\/v2\/comments?post=6193"}],"version-history":[{"count":2,"href":"https:\/\/about.fb.com\/br\/wp-json\/wp\/v2\/posts\/6193\/revisions"}],"predecessor-version":[{"id":8016,"href":"https:\/\/about.fb.com\/br\/wp-json\/wp\/v2\/posts\/6193\/revisions\/8016"}],"wp:attachment":[{"href":"https:\/\/about.fb.com\/br\/wp-json\/wp\/v2\/media?parent=6193"}],"wp:term":[{"taxonomy":"category","embeddable":true,"href":"https:\/\/about.fb.com\/br\/wp-json\/wp\/v2\/categories?post=6193"},{"taxonomy":"post_tag","embeddable":true,"href":"https:\/\/about.fb.com\/br\/wp-json\/wp\/v2\/tags?post=6193"}],"curies":[{"name":"wp","href":"https:\/\/api.w.org\/{rel}","templated":true}]}}