{"id":6159,"date":"2017-08-02T14:45:00","date_gmt":"2017-08-02T17:45:00","guid":{"rendered":"http:\/\/br.newsroom.fb.com\/?p=6159"},"modified":"2021-06-17T10:10:40","modified_gmt":"2021-06-17T13:10:40","slug":"construindo-uma-empresa-mais-diversa-e-inclusiva","status":"publish","type":"post","link":"https:\/\/about.fb.com\/br\/news\/2017\/08\/construindo-uma-empresa-mais-diversa-e-inclusiva\/","title":{"rendered":"Construindo uma empresa mais diversa e inclusiva"},"content":{"rendered":"<h5><i>Saiba mais sobre nossas pessoas, programas e avan\u00e7os em 2017<\/i><\/h5>\n<p><i>Por <a href=\"https:\/\/www.facebook.com\/maxine.williams.5205\">Maxine Williams<\/a>, Diretora Global de Diversidade<\/i><\/p>\n<p>Com uma comunidade global de mais de 2 bilh\u00f5es de pessoas, o Facebook sabe da import\u00e2ncia de ser uma empresa mais diversa e inclusiva. A diversidade nos ajuda a construir melhores produtos, a tomar melhores decis\u00f5es e a servir melhor nossa comunidade.<\/p>\n<p>Ainda n\u00e3o estamos onde gostar\u00edamos, mas estamos otimistas por termos aumentado a diversidade dentro da nossa empresa. No per\u00edodo de 12 meses, o n\u00famero de mulheres no nosso quadro global de funcion\u00e1rios subiu de 33% para 35%, e o n\u00famero de mulheres na \u00e1rea de tecnologia subiu de 17% para 19%. No mundo, as mulheres agora representam 27% das contrata\u00e7\u00f5es de graduados no time de engenharia e 21% de todas as novas contrata\u00e7\u00f5es em \u00e1reas t\u00e9cnicas no Facebook.<\/p>\n<p>Nos Estados Unidos, os hisp\u00e2nicos e os negros representam agora 5% e 3% dos funcion\u00e1rios, acima de 4% e 2%, respectivamente, um ano antes.<\/p>\n<p>N\u00f3s j\u00e1 estamos vendo impacto tang\u00edvel de mais diversidade no Facebook &#8211; e queremos continuar a encontrar e a manter os melhores talentos.<\/p>\n<p>Estamos comprometidos em construir uma empresa mais diversa e inclusiva. Assim como fazemos quando lan\u00e7amos novos produtos em nossa plataforma, estamos experimentando e queremos ouvir feedback. Queremos destacar tr\u00eas programas em particular relacionados \u00e0 diversidade:<\/p>\n<ul>\n<li><b>Diversidade de candidatos: <\/b>Quanto mais pessoas voc\u00ea entrevistar que n\u00e3o se pare\u00e7am com voc\u00ea, maior a chance de voc\u00ea contratar algu\u00e9m com um background diverso. Para fomentar essa mentalidade no Facebook, em 2015 n\u00f3s introduzimos o \u201cDiverse Slate Approach (DSA), que passamos a adotar globalmente. O DSA determina que qualquer gestor vai considerar candidatos de grupos sub-representados durante o processo de entrevistas para uma vaga.<\/li>\n<li><b>Detectando o preconceito inconsciente:<\/b> Nossas sess\u00f5es sobre como <a href=\"https:\/\/managingbias.fb.com\/\">gerenciar o preconceito inconsciente<\/a> &#8211; abertas e dispon\u00edveis a todos, e n\u00e3o apenas a funcion\u00e1rios &#8211; encoraja as pessoas a desafiarem os outros e a si mesmas para corrigir qualquer preconceito assim que isso \u00e9 identificado. N\u00f3s tamb\u00e9m criamos dois novos programas internos: \u201cGerenciando a Inclus\u00e3o\u201d, que capacita os gerentes a compreender os problemas que afetam comunidades marginalizadas, e \u201cSeja um Aliado\u201d, que oferece a todos a linguagem comum, as ferramentas e o espa\u00e7o para apoiar uns aos outros.<\/li>\n<li><b>Universidade do Facebook: <\/b>N\u00f3s queremos aumentar o acesso e as oportunidades para estudantes interessados em engenharia de software e neg\u00f3cios. A Universidade do Facebook \u00e9 um programa para oferecer a estudantes de grupos sub-representados treinamento e mentoria nos Estados Unidos. Iniciamos a Universidade do Facebook em 2013 com 30 estudantes, e desde ent\u00e3o mais de 500 estudantes se formaram no programa, com muitos deles retornando ao Facebook como estagi\u00e1rios ou funcion\u00e1rios.<\/li>\n<\/ul>\n<p>Voc\u00ea pode ver os n\u00fameros sobre funcion\u00e1rios e ler mais sobre nossas pessoas, bem como sobre nossos esfor\u00e7os de curto, m\u00e9dio e longo prazo para aumentar a diversidade <a href=\"https:\/\/about.fb.com\/br\/wp-content\/uploads\/sites\/3\/2017\/08\/fb_diversity_2017_final.pdf\">aqui<\/a>.<\/p>\n","protected":false},"excerpt":{"rendered":"Saiba mais sobre nossas pessoas, programas e avan\u00e7os em 2017 Por Maxine Williams, Diretora Global de Diversidade Com uma comunidade global de mais de 2 bilh\u00f5es de pessoas, o Facebook sabe da import\u00e2ncia de ser uma empresa mais diversa e inclusiva. A diversidade nos ajuda a construir melhores produtos, a tomar melhores decis\u00f5es e a servir melhor nossa comunidade. Ainda n\u00e3o estamos onde gostar\u00edamos, mas estamos otimistas por termos aumentado a diversidade dentro da nossa empresa. No per\u00edodo de 12 meses, o n\u00famero de mulheres no nosso quadro global de funcion\u00e1rios subiu de 33% para 35%, e o n\u00famero de mulheres na \u00e1rea de tecnologia subiu de 17% para 19%. No mundo, as mulheres agora representam 27% das contrata\u00e7\u00f5es de graduados no time de engenharia e 21% de todas as novas contrata\u00e7\u00f5es em \u00e1reas t\u00e9cnicas no Facebook. Nos Estados Unidos, os hisp\u00e2nicos e os negros representam agora 5% e 3% dos funcion\u00e1rios, acima de 4% e 2%, respectivamente, um ano antes. N\u00f3s j\u00e1 estamos vendo impacto tang\u00edvel de mais diversidade no Facebook &#8211; e queremos continuar a encontrar e a manter os melhores talentos. Estamos comprometidos em construir uma empresa mais diversa e inclusiva. Assim como fazemos quando lan\u00e7amos novos produtos em nossa plataforma, estamos experimentando e queremos ouvir feedback. Queremos destacar tr\u00eas programas em particular relacionados \u00e0 diversidade: Diversidade de candidatos: Quanto mais pessoas voc\u00ea entrevistar que n\u00e3o se pare\u00e7am com voc\u00ea, maior a chance de voc\u00ea contratar algu\u00e9m com um background diverso. Para fomentar essa mentalidade no Facebook, em 2015 n\u00f3s introduzimos o \u201cDiverse Slate Approach (DSA), que passamos a adotar globalmente. O DSA determina que qualquer gestor vai considerar candidatos de grupos sub-representados durante o processo de entrevistas para uma vaga. Detectando o preconceito inconsciente: Nossas sess\u00f5es sobre como gerenciar o preconceito inconsciente &#8211; abertas e dispon\u00edveis a todos, e n\u00e3o apenas a funcion\u00e1rios &#8211; encoraja as pessoas a desafiarem os outros e a si mesmas para corrigir qualquer preconceito assim que isso \u00e9 identificado. N\u00f3s tamb\u00e9m criamos dois novos programas internos: \u201cGerenciando a Inclus\u00e3o\u201d, que capacita os gerentes a compreender os problemas que afetam comunidades marginalizadas, e \u201cSeja um Aliado\u201d, que oferece a todos a linguagem comum, as ferramentas e o espa\u00e7o para apoiar uns aos outros. Universidade do Facebook: N\u00f3s queremos aumentar o acesso e as oportunidades para estudantes interessados em engenharia de software e neg\u00f3cios. A Universidade do Facebook \u00e9 um programa para oferecer a estudantes de grupos sub-representados treinamento e mentoria nos Estados Unidos. Iniciamos a Universidade do Facebook em 2013 com 30 estudantes, e desde ent\u00e3o mais de 500 estudantes se formaram no programa, com muitos deles retornando ao Facebook como estagi\u00e1rios ou funcion\u00e1rios. Voc\u00ea pode ver os n\u00fameros sobre funcion\u00e1rios e ler mais sobre nossas pessoas, bem como sobre nossos esfor\u00e7os de curto, m\u00e9dio e longo prazo para aumentar a diversidade aqui.","protected":false},"author":81109636,"featured_media":0,"comment_status":"closed","ping_status":"closed","sticky":false,"template":"","format":"standard","meta":{"_jetpack_memberships_contains_paid_content":false,"footnotes":""},"categories":[1],"tags":[396541920,396541982,396541981,396541956],"class_list":["post-6159","post","type-post","status-publish","format-standard","hentry","category-recent-news","tag-diversidade","tag-diversity","tag-funcionarios","tag-lgbtq"],"yoast_head":"<!-- This site is optimized with the Yoast SEO plugin v27.2 - https:\/\/yoast.com\/product\/yoast-seo-wordpress\/ -->\n<title>Construindo uma empresa mais diversa e inclusiva | Sobre a Meta<\/title>\n<meta name=\"robots\" content=\"index, follow, max-snippet:-1, max-image-preview:large, max-video-preview:-1\" \/>\n<link rel=\"canonical\" href=\"https:\/\/about.fb.com\/br\/news\/2017\/08\/construindo-uma-empresa-mais-diversa-e-inclusiva\/\" \/>\n<meta property=\"og:locale\" content=\"pt_BR\" \/>\n<meta property=\"og:type\" content=\"article\" \/>\n<meta property=\"og:title\" content=\"Construindo uma empresa mais diversa e inclusiva | Sobre a Meta\" \/>\n<meta property=\"og:description\" content=\"Saiba mais sobre nossas pessoas, programas e avan\u00e7os em 2017 Por Maxine Williams, Diretora Global de Diversidade Com uma comunidade global de mais de 2 bilh\u00f5es de pessoas, o Facebook sabe da import\u00e2ncia de ser uma empresa mais diversa e inclusiva. A diversidade nos ajuda a construir melhores produtos, a tomar melhores decis\u00f5es e a servir melhor nossa comunidade. Ainda n\u00e3o estamos onde gostar\u00edamos, mas estamos otimistas por termos aumentado a diversidade dentro da nossa empresa. No per\u00edodo de 12 meses, o n\u00famero de mulheres no nosso quadro global de funcion\u00e1rios subiu de 33% para 35%, e o n\u00famero de mulheres na \u00e1rea de tecnologia subiu de 17% para 19%. No mundo, as mulheres agora representam 27% das contrata\u00e7\u00f5es de graduados no time de engenharia e 21% de todas as novas contrata\u00e7\u00f5es em \u00e1reas t\u00e9cnicas no Facebook. Nos Estados Unidos, os hisp\u00e2nicos e os negros representam agora 5% e 3% dos funcion\u00e1rios, acima de 4% e 2%, respectivamente, um ano antes. N\u00f3s j\u00e1 estamos vendo impacto tang\u00edvel de mais diversidade no Facebook &#8211; e queremos continuar a encontrar e a manter os melhores talentos. Estamos comprometidos em construir uma empresa mais diversa e inclusiva. Assim como fazemos quando lan\u00e7amos novos produtos em nossa plataforma, estamos experimentando e queremos ouvir feedback. Queremos destacar tr\u00eas programas em particular relacionados \u00e0 diversidade: Diversidade de candidatos: Quanto mais pessoas voc\u00ea entrevistar que n\u00e3o se pare\u00e7am com voc\u00ea, maior a chance de voc\u00ea contratar algu\u00e9m com um background diverso. Para fomentar essa mentalidade no Facebook, em 2015 n\u00f3s introduzimos o \u201cDiverse Slate Approach (DSA), que passamos a adotar globalmente. O DSA determina que qualquer gestor vai considerar candidatos de grupos sub-representados durante o processo de entrevistas para uma vaga. Detectando o preconceito inconsciente: Nossas sess\u00f5es sobre como gerenciar o preconceito inconsciente &#8211; abertas e dispon\u00edveis a todos, e n\u00e3o apenas a funcion\u00e1rios &#8211; encoraja as pessoas a desafiarem os outros e a si mesmas para corrigir qualquer preconceito assim que isso \u00e9 identificado. N\u00f3s tamb\u00e9m criamos dois novos programas internos: \u201cGerenciando a Inclus\u00e3o\u201d, que capacita os gerentes a compreender os problemas que afetam comunidades marginalizadas, e \u201cSeja um Aliado\u201d, que oferece a todos a linguagem comum, as ferramentas e o espa\u00e7o para apoiar uns aos outros. Universidade do Facebook: N\u00f3s queremos aumentar o acesso e as oportunidades para estudantes interessados em engenharia de software e neg\u00f3cios. A Universidade do Facebook \u00e9 um programa para oferecer a estudantes de grupos sub-representados treinamento e mentoria nos Estados Unidos. Iniciamos a Universidade do Facebook em 2013 com 30 estudantes, e desde ent\u00e3o mais de 500 estudantes se formaram no programa, com muitos deles retornando ao Facebook como estagi\u00e1rios ou funcion\u00e1rios. Voc\u00ea pode ver os n\u00fameros sobre funcion\u00e1rios e ler mais sobre nossas pessoas, bem como sobre nossos esfor\u00e7os de curto, m\u00e9dio e longo prazo para aumentar a diversidade aqui.\" \/>\n<meta property=\"og:url\" content=\"https:\/\/about.fb.com\/br\/news\/2017\/08\/construindo-uma-empresa-mais-diversa-e-inclusiva\/\" \/>\n<meta property=\"og:site_name\" content=\"Sobre a Meta\" \/>\n<meta property=\"article:published_time\" content=\"2017-08-02T17:45:00+00:00\" \/>\n<meta property=\"article:modified_time\" content=\"2021-06-17T13:10:40+00:00\" \/>\n<meta property=\"og:image\" content=\"https:\/\/about.fb.com\/br\/wp-content\/uploads\/sites\/11\/2021\/10\/meta-social-16x9-1.jpg?resize=1024,576\" \/>\n\t<meta property=\"og:image:width\" content=\"1024\" \/>\n\t<meta property=\"og:image:height\" content=\"576\" \/>\n\t<meta property=\"og:image:type\" content=\"image\/jpeg\" \/>\n<meta name=\"author\" content=\"facebookbr\" \/>\n<meta name=\"twitter:card\" content=\"summary_large_image\" \/>\n<meta name=\"twitter:label1\" content=\"Written by\" \/>\n\t<meta name=\"twitter:data1\" content=\"Meta\" \/>\n\t<meta name=\"twitter:label2\" content=\"Est. reading time\" \/>\n\t<meta name=\"twitter:data2\" content=\"2 minutos\" \/>\n<script type=\"application\/ld+json\" class=\"yoast-schema-graph\">{\"@context\":\"https:\/\/schema.org\",\"@graph\":[{\"@type\":\"Article\",\"@id\":\"https:\/\/about.fb.com\/br\/news\/2017\/08\/construindo-uma-empresa-mais-diversa-e-inclusiva\/#article\",\"isPartOf\":{\"@id\":\"https:\/\/about.fb.com\/br\/news\/2017\/08\/construindo-uma-empresa-mais-diversa-e-inclusiva\/\"},\"author\":\"Facebook company\",\"headline\":\"Construindo uma empresa mais diversa e inclusiva\",\"datePublished\":\"2017-08-02T17:45:00+00:00\",\"dateModified\":\"2021-06-17T13:10:40+00:00\",\"mainEntityOfPage\":{\"@id\":\"https:\/\/about.fb.com\/br\/news\/2017\/08\/construindo-uma-empresa-mais-diversa-e-inclusiva\/\"},\"wordCount\":498,\"publisher\":{\"@id\":\"https:\/\/about.fb.com\/br\/#organization\"},\"keywords\":[\"Diversidade\",\"diversity\",\"funcion\u00e1rios\",\"LGBTQ\"],\"articleSection\":[\"Recent News\"],\"inLanguage\":\"pt-BR\"},{\"@type\":\"WebPage\",\"@id\":\"https:\/\/about.fb.com\/br\/news\/2017\/08\/construindo-uma-empresa-mais-diversa-e-inclusiva\/\",\"url\":\"https:\/\/about.fb.com\/br\/news\/2017\/08\/construindo-uma-empresa-mais-diversa-e-inclusiva\/\",\"name\":\"Construindo uma empresa mais diversa e inclusiva | Sobre a Meta\",\"isPartOf\":{\"@id\":\"https:\/\/about.fb.com\/br\/#website\"},\"datePublished\":\"2017-08-02T17:45:00+00:00\",\"dateModified\":\"2021-06-17T13:10:40+00:00\",\"breadcrumb\":{\"@id\":\"https:\/\/about.fb.com\/br\/news\/2017\/08\/construindo-uma-empresa-mais-diversa-e-inclusiva\/#breadcrumb\"},\"inLanguage\":\"pt-BR\",\"potentialAction\":[{\"@type\":\"ReadAction\",\"target\":[\"https:\/\/about.fb.com\/br\/news\/2017\/08\/construindo-uma-empresa-mais-diversa-e-inclusiva\/\"]}],\"author\":\"Sobre a Meta\"},{\"@type\":\"BreadcrumbList\",\"@id\":\"https:\/\/about.fb.com\/br\/news\/2017\/08\/construindo-uma-empresa-mais-diversa-e-inclusiva\/#breadcrumb\",\"itemListElement\":[{\"@type\":\"ListItem\",\"position\":1,\"name\":\"Home\",\"item\":\"https:\/\/about.fb.com\/br\/\"},{\"@type\":\"ListItem\",\"position\":2,\"name\":\"Construindo uma empresa mais diversa e inclusiva\"}]},{\"@type\":\"WebSite\",\"@id\":\"https:\/\/about.fb.com\/br\/#website\",\"url\":\"https:\/\/about.fb.com\/news\/\",\"name\":\"Sobre a Meta\",\"description\":\"\",\"publisher\":{\"@id\":\"https:\/\/about.fb.com\/br\/#organization\"},\"potentialAction\":[{\"@type\":\"SearchAction\",\"target\":{\"@type\":\"EntryPoint\",\"urlTemplate\":\"https:\/\/about.fb.com\/br\/?s={search_term_string}\"},\"query-input\":{\"@type\":\"PropertyValueSpecification\",\"valueRequired\":true,\"valueName\":\"search_term_string\"}}],\"inLanguage\":\"pt-BR\",\"alternateName\":[\"Meta Newsroom\",\"Meta\"]},{\"@type\":\"Organization\",\"@id\":\"https:\/\/about.fb.com\/br\/#organization\",\"name\":\"Meta\",\"url\":\"https:\/\/about.fb.com\/br\/\",\"logo\":{\"@type\":\"ImageObject\",\"inLanguage\":\"pt-BR\",\"@id\":\"https:\/\/about.fb.com\/br\/#\/schema\/logo\/image\/\",\"url\":\"https:\/\/about.fb.com\/br\/wp-content\/uploads\/sites\/11\/2021\/10\/meta-social-16x9-1.jpg?fit=8000%2C4500\",\"contentUrl\":\"https:\/\/about.fb.com\/br\/wp-content\/uploads\/sites\/11\/2021\/10\/meta-social-16x9-1.jpg?fit=8000%2C4500\",\"width\":8000,\"height\":4500,\"caption\":\"Meta\"},\"image\":{\"@id\":\"https:\/\/about.fb.com\/br\/#\/schema\/logo\/image\/\"}}]}<\/script>\n<!-- \/ Yoast SEO plugin. -->","yoast_head_json":{"title":"Construindo uma empresa mais diversa e inclusiva | Sobre a Meta","robots":{"index":"index","follow":"follow","max-snippet":"max-snippet:-1","max-image-preview":"max-image-preview:large","max-video-preview":"max-video-preview:-1"},"canonical":"https:\/\/about.fb.com\/br\/news\/2017\/08\/construindo-uma-empresa-mais-diversa-e-inclusiva\/","og_locale":"pt_BR","og_type":"article","og_title":"Construindo uma empresa mais diversa e inclusiva | Sobre a Meta","og_description":"Saiba mais sobre nossas pessoas, programas e avan\u00e7os em 2017 Por Maxine Williams, Diretora Global de Diversidade Com uma comunidade global de mais de 2 bilh\u00f5es de pessoas, o Facebook sabe da import\u00e2ncia de ser uma empresa mais diversa e inclusiva. A diversidade nos ajuda a construir melhores produtos, a tomar melhores decis\u00f5es e a servir melhor nossa comunidade. Ainda n\u00e3o estamos onde gostar\u00edamos, mas estamos otimistas por termos aumentado a diversidade dentro da nossa empresa. No per\u00edodo de 12 meses, o n\u00famero de mulheres no nosso quadro global de funcion\u00e1rios subiu de 33% para 35%, e o n\u00famero de mulheres na \u00e1rea de tecnologia subiu de 17% para 19%. No mundo, as mulheres agora representam 27% das contrata\u00e7\u00f5es de graduados no time de engenharia e 21% de todas as novas contrata\u00e7\u00f5es em \u00e1reas t\u00e9cnicas no Facebook. Nos Estados Unidos, os hisp\u00e2nicos e os negros representam agora 5% e 3% dos funcion\u00e1rios, acima de 4% e 2%, respectivamente, um ano antes. N\u00f3s j\u00e1 estamos vendo impacto tang\u00edvel de mais diversidade no Facebook &#8211; e queremos continuar a encontrar e a manter os melhores talentos. Estamos comprometidos em construir uma empresa mais diversa e inclusiva. Assim como fazemos quando lan\u00e7amos novos produtos em nossa plataforma, estamos experimentando e queremos ouvir feedback. Queremos destacar tr\u00eas programas em particular relacionados \u00e0 diversidade: Diversidade de candidatos: Quanto mais pessoas voc\u00ea entrevistar que n\u00e3o se pare\u00e7am com voc\u00ea, maior a chance de voc\u00ea contratar algu\u00e9m com um background diverso. Para fomentar essa mentalidade no Facebook, em 2015 n\u00f3s introduzimos o \u201cDiverse Slate Approach (DSA), que passamos a adotar globalmente. O DSA determina que qualquer gestor vai considerar candidatos de grupos sub-representados durante o processo de entrevistas para uma vaga. Detectando o preconceito inconsciente: Nossas sess\u00f5es sobre como gerenciar o preconceito inconsciente &#8211; abertas e dispon\u00edveis a todos, e n\u00e3o apenas a funcion\u00e1rios &#8211; encoraja as pessoas a desafiarem os outros e a si mesmas para corrigir qualquer preconceito assim que isso \u00e9 identificado. N\u00f3s tamb\u00e9m criamos dois novos programas internos: \u201cGerenciando a Inclus\u00e3o\u201d, que capacita os gerentes a compreender os problemas que afetam comunidades marginalizadas, e \u201cSeja um Aliado\u201d, que oferece a todos a linguagem comum, as ferramentas e o espa\u00e7o para apoiar uns aos outros. Universidade do Facebook: N\u00f3s queremos aumentar o acesso e as oportunidades para estudantes interessados em engenharia de software e neg\u00f3cios. A Universidade do Facebook \u00e9 um programa para oferecer a estudantes de grupos sub-representados treinamento e mentoria nos Estados Unidos. Iniciamos a Universidade do Facebook em 2013 com 30 estudantes, e desde ent\u00e3o mais de 500 estudantes se formaram no programa, com muitos deles retornando ao Facebook como estagi\u00e1rios ou funcion\u00e1rios. Voc\u00ea pode ver os n\u00fameros sobre funcion\u00e1rios e ler mais sobre nossas pessoas, bem como sobre nossos esfor\u00e7os de curto, m\u00e9dio e longo prazo para aumentar a diversidade aqui.","og_url":"https:\/\/about.fb.com\/br\/news\/2017\/08\/construindo-uma-empresa-mais-diversa-e-inclusiva\/","og_site_name":"Sobre a Meta","article_published_time":"2017-08-02T17:45:00+00:00","article_modified_time":"2021-06-17T13:10:40+00:00","og_image":[{"width":1024,"height":576,"url":"https:\/\/about.fb.com\/br\/wp-content\/uploads\/sites\/11\/2021\/10\/meta-social-16x9-1.jpg?resize=1024,576","type":"image\/jpeg"}],"author":"facebookbr","twitter_card":"summary_large_image","twitter_misc":{"Written by":"Meta","Est. reading time":"2 minutos"},"schema":{"@context":"https:\/\/schema.org","@graph":[{"@type":"Article","@id":"https:\/\/about.fb.com\/br\/news\/2017\/08\/construindo-uma-empresa-mais-diversa-e-inclusiva\/#article","isPartOf":{"@id":"https:\/\/about.fb.com\/br\/news\/2017\/08\/construindo-uma-empresa-mais-diversa-e-inclusiva\/"},"author":"Facebook company","headline":"Construindo uma empresa mais diversa e inclusiva","datePublished":"2017-08-02T17:45:00+00:00","dateModified":"2021-06-17T13:10:40+00:00","mainEntityOfPage":{"@id":"https:\/\/about.fb.com\/br\/news\/2017\/08\/construindo-uma-empresa-mais-diversa-e-inclusiva\/"},"wordCount":498,"publisher":{"@id":"https:\/\/about.fb.com\/br\/#organization"},"keywords":["Diversidade","diversity","funcion\u00e1rios","LGBTQ"],"articleSection":["Recent News"],"inLanguage":"pt-BR"},{"@type":"WebPage","@id":"https:\/\/about.fb.com\/br\/news\/2017\/08\/construindo-uma-empresa-mais-diversa-e-inclusiva\/","url":"https:\/\/about.fb.com\/br\/news\/2017\/08\/construindo-uma-empresa-mais-diversa-e-inclusiva\/","name":"Construindo uma empresa mais diversa e inclusiva | Sobre a Meta","isPartOf":{"@id":"https:\/\/about.fb.com\/br\/#website"},"datePublished":"2017-08-02T17:45:00+00:00","dateModified":"2021-06-17T13:10:40+00:00","breadcrumb":{"@id":"https:\/\/about.fb.com\/br\/news\/2017\/08\/construindo-uma-empresa-mais-diversa-e-inclusiva\/#breadcrumb"},"inLanguage":"pt-BR","potentialAction":[{"@type":"ReadAction","target":["https:\/\/about.fb.com\/br\/news\/2017\/08\/construindo-uma-empresa-mais-diversa-e-inclusiva\/"]}],"author":"Sobre a Meta"},{"@type":"BreadcrumbList","@id":"https:\/\/about.fb.com\/br\/news\/2017\/08\/construindo-uma-empresa-mais-diversa-e-inclusiva\/#breadcrumb","itemListElement":[{"@type":"ListItem","position":1,"name":"Home","item":"https:\/\/about.fb.com\/br\/"},{"@type":"ListItem","position":2,"name":"Construindo uma empresa mais diversa e inclusiva"}]},{"@type":"WebSite","@id":"https:\/\/about.fb.com\/br\/#website","url":"https:\/\/about.fb.com\/news\/","name":"Sobre a Meta","description":"","publisher":{"@id":"https:\/\/about.fb.com\/br\/#organization"},"potentialAction":[{"@type":"SearchAction","target":{"@type":"EntryPoint","urlTemplate":"https:\/\/about.fb.com\/br\/?s={search_term_string}"},"query-input":{"@type":"PropertyValueSpecification","valueRequired":true,"valueName":"search_term_string"}}],"inLanguage":"pt-BR","alternateName":["Meta Newsroom","Meta"]},{"@type":"Organization","@id":"https:\/\/about.fb.com\/br\/#organization","name":"Meta","url":"https:\/\/about.fb.com\/br\/","logo":{"@type":"ImageObject","inLanguage":"pt-BR","@id":"https:\/\/about.fb.com\/br\/#\/schema\/logo\/image\/","url":"https:\/\/about.fb.com\/br\/wp-content\/uploads\/sites\/11\/2021\/10\/meta-social-16x9-1.jpg?fit=8000%2C4500","contentUrl":"https:\/\/about.fb.com\/br\/wp-content\/uploads\/sites\/11\/2021\/10\/meta-social-16x9-1.jpg?fit=8000%2C4500","width":8000,"height":4500,"caption":"Meta"},"image":{"@id":"https:\/\/about.fb.com\/br\/#\/schema\/logo\/image\/"}}]}},"jetpack_featured_media_url":"","jetpack-related-posts":[{"id":26407,"url":"https:\/\/about.fb.com\/br\/news\/2025\/05\/mais-de-meio-trilhao-de-dolares-e-34-milhoes-de-empregos-nos-eua-estao-ligados-as-tecnologias-de-anuncios-com-ia-da-meta\/","url_meta":{"origin":6159,"position":0},"title":"Mais de meio trilh\u00e3o de d\u00f3lares e 3,4 milh\u00f5es de empregos nos EUA est\u00e3o ligados \u00e0s tecnologias de publicidade com IA da Meta","author":"Meta","date":"13\/05\/2025","format":false,"excerpt":"Milh\u00f5es de empresas nos Estados Unidos - desde com\u00e9rcios familiares at\u00e9 grandes marcas globais - usam nossas ferramentas de publicidade personalizada para alcan\u00e7ar clientes e crescer. Nos \u00faltimos anos, temos aprimorado os sistemas de Intelig\u00eancia Artificial (IA) que alimentam essas ferramentas para torn\u00e1-las mais simples e eficientes de usar e\u2026","rel":"","context":"In &quot;Recent News&quot;","block_context":{"text":"Recent News","link":"https:\/\/about.fb.com\/br\/news\/category\/recent-news\/"},"img":{"alt_text":"","src":"","width":0,"height":0},"classes":[]},{"id":26583,"url":"https:\/\/about.fb.com\/br\/news\/2025\/08\/maximize-seus-resultados-com-novas-formas-de-impulsionar-as-vendas-nesta-temporada-de-compras\/","url_meta":{"origin":6159,"position":1},"title":"Maximize seus resultados com novas formas de impulsionar as vendas nesta temporada de compras","author":"Meta","date":"21\/08\/2025","format":false,"excerpt":"O ritmo da inova\u00e7\u00e3o em IA continua acelerando, e na Meta estamos investindo em pessoas, infraestrutura e ferramentas para levar a superintelig\u00eancia pessoal a todos. Para as empresas no ecossistema da Meta, isso significa investimentos em infraestruturas como Andromeda, GEM, Lattice, a su\u00edte Advantage+ e ferramentas de an\u00fancios com IA\u2026","rel":"","context":"In &quot;Meta&quot;","block_context":{"text":"Meta","link":"https:\/\/about.fb.com\/br\/news\/category\/temas-home\/meta\/"},"img":{"alt_text":"","src":"https:\/\/about.fb.com\/br\/wp-content\/uploads\/sites\/11\/2025\/07\/Logo-Meta-1.jpg?fit=633%2C356&resize=350%2C200","width":350,"height":200,"srcset":"https:\/\/about.fb.com\/br\/wp-content\/uploads\/sites\/11\/2025\/07\/Logo-Meta-1.jpg?fit=633%2C356&resize=350%2C200 1x, https:\/\/about.fb.com\/br\/wp-content\/uploads\/sites\/11\/2025\/07\/Logo-Meta-1.jpg?fit=633%2C356&resize=525%2C300 1.5x"},"classes":[]},{"id":26166,"url":"https:\/\/about.fb.com\/br\/news\/2025\/02\/anunciando-o-programa-de-parceria-em-tecnologia-de-linguagem\/","url_meta":{"origin":6159,"position":2},"title":"Anunciando o Programa de Parceria em Tecnologia de Linguagem","author":"Meta","date":"07\/02\/2025","format":false,"excerpt":"A equipe do Fundamental AI Research (FAIR) da Meta est\u00e1 focada em alcan\u00e7ar a intelig\u00eancia avan\u00e7ada de m\u00e1quina (AMI, na sigla em ingl\u00eas) \u2014 uma IA que pode usar o racioc\u00ednio humano para realizar tarefas cognitivamente exigentes, como a tradu\u00e7\u00e3o \u2014 e us\u00e1-la para impulsionar produtos e inova\u00e7\u00f5es que beneficiem\u2026","rel":"","context":"In &quot;Meta&quot;","block_context":{"text":"Meta","link":"https:\/\/about.fb.com\/br\/news\/category\/temas-home\/meta\/"},"img":{"alt_text":"","src":"","width":0,"height":0},"classes":[]},{"id":26157,"url":"https:\/\/about.fb.com\/br\/news\/2025\/02\/avancando-na-inteligencia-de-maquina-por-meio-de-pesquisas-centradas-no-ser-humano\/","url_meta":{"origin":6159,"position":3},"title":"Avan\u00e7ando na intelig\u00eancia de m\u00e1quina por meio de pesquisas centradas no ser humano","author":"Meta","date":"07\/02\/2025","format":false,"excerpt":"A equipe do Fundamental AI Research (FAIR) da Meta est\u00e1 focada em alcan\u00e7ar intelig\u00eancia avan\u00e7ada de m\u00e1quina (AMI na sigla em ingl\u00eas) e us\u00e1-la para impulsionar produtos e inova\u00e7\u00e3o para o benef\u00edcio de todos. Hoje, estamos animados em compartilhar algumas de nossas pesquisas e modelos mais recentes que apoiam nossa\u2026","rel":"","context":"In &quot;Meta&quot;","block_context":{"text":"Meta","link":"https:\/\/about.fb.com\/br\/news\/category\/temas-home\/meta\/"},"img":{"alt_text":"","src":"https:\/\/about.fb.com\/br\/wp-content\/uploads\/sites\/11\/2025\/02\/476277621_1657111108571585_1619174158963619715_n.jpg?fit=1920%2C1080&resize=350%2C200","width":350,"height":200,"srcset":"https:\/\/about.fb.com\/br\/wp-content\/uploads\/sites\/11\/2025\/02\/476277621_1657111108571585_1619174158963619715_n.jpg?fit=1920%2C1080&resize=350%2C200 1x, https:\/\/about.fb.com\/br\/wp-content\/uploads\/sites\/11\/2025\/02\/476277621_1657111108571585_1619174158963619715_n.jpg?fit=1920%2C1080&resize=525%2C300 1.5x, https:\/\/about.fb.com\/br\/wp-content\/uploads\/sites\/11\/2025\/02\/476277621_1657111108571585_1619174158963619715_n.jpg?fit=1920%2C1080&resize=700%2C400 2x, https:\/\/about.fb.com\/br\/wp-content\/uploads\/sites\/11\/2025\/02\/476277621_1657111108571585_1619174158963619715_n.jpg?fit=1920%2C1080&resize=1050%2C600 3x, https:\/\/about.fb.com\/br\/wp-content\/uploads\/sites\/11\/2025\/02\/476277621_1657111108571585_1619174158963619715_n.jpg?fit=1920%2C1080&resize=1400%2C800 4x"},"classes":[]},{"id":26598,"url":"https:\/\/about.fb.com\/br\/news\/2025\/08\/26598-pesquisa-revela-o-impacto-da-meta-nas-mpmes-da-america-latina\/","url_meta":{"origin":6159,"position":4},"title":"Pesquisa revela o impacto da Meta nas MPMEs da Am\u00e9rica Latina","author":"Meta","date":"26\/08\/2025","format":false,"excerpt":"As ferramentas da Meta n\u00e3o apenas conectam as MPMEs da Am\u00e9rica Latina aos seus clientes, como tamb\u00e9m criam novas oportunidades de crescimento. 9 em cada 10 empresas que utilizaram um ou mais produtos da Meta relataram aumento de receita. Aumento de receita por pa\u00eds: Argentina: 84% das empresas que usam\u2026","rel":"","context":"In &quot;Meta&quot;","block_context":{"text":"Meta","link":"https:\/\/about.fb.com\/br\/news\/category\/temas-home\/meta\/"},"img":{"alt_text":"","src":"https:\/\/about.fb.com\/br\/wp-content\/uploads\/sites\/11\/2025\/08\/Portada_Sin-texto.jpg?fit=3544%2C3544&resize=350%2C200","width":350,"height":200,"srcset":"https:\/\/about.fb.com\/br\/wp-content\/uploads\/sites\/11\/2025\/08\/Portada_Sin-texto.jpg?fit=3544%2C3544&resize=350%2C200 1x, https:\/\/about.fb.com\/br\/wp-content\/uploads\/sites\/11\/2025\/08\/Portada_Sin-texto.jpg?fit=3544%2C3544&resize=525%2C300 1.5x, https:\/\/about.fb.com\/br\/wp-content\/uploads\/sites\/11\/2025\/08\/Portada_Sin-texto.jpg?fit=3544%2C3544&resize=700%2C400 2x, https:\/\/about.fb.com\/br\/wp-content\/uploads\/sites\/11\/2025\/08\/Portada_Sin-texto.jpg?fit=3544%2C3544&resize=1050%2C600 3x, https:\/\/about.fb.com\/br\/wp-content\/uploads\/sites\/11\/2025\/08\/Portada_Sin-texto.jpg?fit=3544%2C3544&resize=1400%2C800 4x"},"classes":[]},{"id":26413,"url":"https:\/\/about.fb.com\/br\/news\/2025\/05\/expandindo-o-cabo-submarino-malbec-para-o-sul-do-brasil\/","url_meta":{"origin":6159,"position":5},"title":"Expandindo o cabo submarino Malbec para o sul do Brasil","author":"Meta","date":"20\/05\/2025","format":false,"excerpt":"Hoje, estamos animados em anunciar a expans\u00e3o do Malbec, um cabo submarino de 2,5 mil quil\u00f4metros que fornece conectividade entre o Cone Sul da Am\u00e9rica do Sul e o Brasil, at\u00e9 a cidade de Porto Alegre (RS). Desenvolvido pela Meta em conjunto com a empresa de infraestrutura digital neutra V.tal,\u2026","rel":"","context":"In &quot;Recent News&quot;","block_context":{"text":"Recent News","link":"https:\/\/about.fb.com\/br\/news\/category\/recent-news\/"},"img":{"alt_text":"","src":"https:\/\/about.fb.com\/br\/wp-content\/uploads\/sites\/11\/2025\/05\/WhatsApp-Image-2025-05-20-at-09.36.21.jpeg?fit=4160%2C2773&resize=350%2C200","width":350,"height":200,"srcset":"https:\/\/about.fb.com\/br\/wp-content\/uploads\/sites\/11\/2025\/05\/WhatsApp-Image-2025-05-20-at-09.36.21.jpeg?fit=4160%2C2773&resize=350%2C200 1x, https:\/\/about.fb.com\/br\/wp-content\/uploads\/sites\/11\/2025\/05\/WhatsApp-Image-2025-05-20-at-09.36.21.jpeg?fit=4160%2C2773&resize=525%2C300 1.5x, https:\/\/about.fb.com\/br\/wp-content\/uploads\/sites\/11\/2025\/05\/WhatsApp-Image-2025-05-20-at-09.36.21.jpeg?fit=4160%2C2773&resize=700%2C400 2x, https:\/\/about.fb.com\/br\/wp-content\/uploads\/sites\/11\/2025\/05\/WhatsApp-Image-2025-05-20-at-09.36.21.jpeg?fit=4160%2C2773&resize=1050%2C600 3x, https:\/\/about.fb.com\/br\/wp-content\/uploads\/sites\/11\/2025\/05\/WhatsApp-Image-2025-05-20-at-09.36.21.jpeg?fit=4160%2C2773&resize=1400%2C800 4x"},"classes":[]}],"jetpack_sharing_enabled":true,"amp_enabled":true,"_links":{"self":[{"href":"https:\/\/about.fb.com\/br\/wp-json\/wp\/v2\/posts\/6159","targetHints":{"allow":["GET"]}}],"collection":[{"href":"https:\/\/about.fb.com\/br\/wp-json\/wp\/v2\/posts"}],"about":[{"href":"https:\/\/about.fb.com\/br\/wp-json\/wp\/v2\/types\/post"}],"author":[{"embeddable":true,"href":"https:\/\/about.fb.com\/br\/wp-json\/wp\/v2\/users\/81109636"}],"replies":[{"embeddable":true,"href":"https:\/\/about.fb.com\/br\/wp-json\/wp\/v2\/comments?post=6159"}],"version-history":[{"count":3,"href":"https:\/\/about.fb.com\/br\/wp-json\/wp\/v2\/posts\/6159\/revisions"}],"predecessor-version":[{"id":8032,"href":"https:\/\/about.fb.com\/br\/wp-json\/wp\/v2\/posts\/6159\/revisions\/8032"}],"wp:attachment":[{"href":"https:\/\/about.fb.com\/br\/wp-json\/wp\/v2\/media?parent=6159"}],"wp:term":[{"taxonomy":"category","embeddable":true,"href":"https:\/\/about.fb.com\/br\/wp-json\/wp\/v2\/categories?post=6159"},{"taxonomy":"post_tag","embeddable":true,"href":"https:\/\/about.fb.com\/br\/wp-json\/wp\/v2\/tags?post=6159"}],"curies":[{"name":"wp","href":"https:\/\/api.w.org\/{rel}","templated":true}]}}