{"id":6082,"date":"2017-06-26T12:44:40","date_gmt":"2017-06-26T15:44:40","guid":{"rendered":"http:\/\/br.newsroom.fb.com\/?p=6082"},"modified":"2021-06-17T10:10:46","modified_gmt":"2021-06-17T13:10:46","slug":"messenger-lanca-novos-recursos-para-chats-em-videos","status":"publish","type":"post","link":"https:\/\/about.fb.com\/br\/news\/2017\/06\/messenger-lanca-novos-recursos-para-chats-em-videos\/","title":{"rendered":"Messenger lan\u00e7a novos recursos para chats em v\u00eddeos"},"content":{"rendered":"<p><img data-recalc-dims=\"1\" loading=\"lazy\" decoding=\"async\" class=\"aligncenter size-full wp-image-6085\" src=\"https:\/\/about.fb.com\/br\/wp-content\/uploads\/sites\/3\/2017\/06\/capa-messenger-1.jpg?resize=960%2C760\" alt=\"\" width=\"960\" height=\"760\" \/><\/p>\n<p><i>Por Nora Micheva, gerente de produto, Messenger<\/i><\/p>\n<p>Hoje anunciamos novos recursos &#8211; como rea\u00e7\u00f5es animadas, filtros, m\u00e1scaras e efeitos, e a capacidade de capturar telas &#8211; para bate-papos com v\u00eddeo no Messenger.<\/p>\n<div class=\"fb-video\" data-allowfullscreen=\"true\" data-href=\"https:\/\/www.facebook.com\/messenger\/videos\/1375587622560914\/\" style=\"background-color: #fff; display: inline-block;\"><\/div>\n<p><b><u>Bate-papo em v\u00eddeo com emoji<\/u><\/b><br \/>\nEscolha um dos cinco \u00edcones de emoji do Messenger para amplificar suas emo\u00e7\u00f5es e expressar amor, alegria, surpresa, tristeza ou raiva. Essas rea\u00e7\u00f5es criar\u00e3o uma anima\u00e7\u00e3o na tela e depois desaparecer\u00e3o, para que voc\u00ea possa se expressar naquele momento. A maioria das rea\u00e7\u00f5es tem vers\u00f5es diferentes, dependendo se seu rosto est\u00e1 ou n\u00e3o na tela. Para experimentar, clique na rea\u00e7\u00e3o \u2018amor\u2019 quando seu rosto estiver voltado para a c\u00e2mera e clique novamente quando n\u00e3o estiver para ver a diferen\u00e7a.<\/p>\n<p><img data-recalc-dims=\"1\" loading=\"lazy\" decoding=\"async\" class=\"aligncenter size-full wp-image-6086\" src=\"https:\/\/about.fb.com\/br\/wp-content\/uploads\/sites\/3\/2017\/06\/news-1-1.gif?resize=520%2C513\" alt=\"\" width=\"520\" height=\"513\" \/><\/p>\n<p><b><u>Adicione um filtro<\/u><\/b><br \/>\nEscolha entre uma variedade de filtros, desde ajustes de ilumina\u00e7\u00e3o sutis a mudan\u00e7as de cor &#8211; como preto e branco, vermelho ou amarelo. Vermelho n\u00e3o \u00e9 a sua cor? N\u00e3o se preocupe, voc\u00ea pode testar o filtro em voc\u00ea antes de mostrar para os outros.<\/p>\n<p><img data-recalc-dims=\"1\" loading=\"lazy\" decoding=\"async\" class=\"aligncenter size-full wp-image-6087\" src=\"https:\/\/about.fb.com\/br\/wp-content\/uploads\/sites\/3\/2017\/06\/news-2-1.png?resize=520%2C513\" alt=\"\" width=\"520\" height=\"513\" \/><\/p>\n<p><b><u>Anime suas conversas<\/u><\/b><br \/>\nM\u00e1scaras no Messenger est\u00e3o dispon\u00edveis h\u00e1 algum tempo, mas elas est\u00e3o ainda mais divertidas agora com diversas novas op\u00e7\u00f5es para escolher. Algumas m\u00e1scaras t\u00eam efeitos ocultos, como rea\u00e7\u00e3o aos movimentos faciais. (Dica: tente abrir a boca enquanto usa a m\u00e1scara de coelho&#8230;). N\u00f3s tamb\u00e9m adicionamos efeitos animados, como cora\u00e7\u00f5es caindo e estrelas cintilantes, para dar mais expressividade aos seus bate-papos em v\u00eddeo. Veja o que acontece quando voc\u00ea agita seu bra\u00e7o na frente da c\u00e2mera enquanto usa um desses efeitos. Ao contr\u00e1rio das rea\u00e7\u00f5es, m\u00e1scaras e efeitos permanecem na tela durante todo o bate-papo ou at\u00e9 que voc\u00ea os retire ou mude para outro.<\/p>\n<p><img data-recalc-dims=\"1\" loading=\"lazy\" decoding=\"async\" class=\"aligncenter size-full wp-image-6088\" src=\"https:\/\/about.fb.com\/br\/wp-content\/uploads\/sites\/3\/2017\/06\/news-3-1.gif?resize=520%2C513\" alt=\"\" width=\"520\" height=\"513\" \/><\/p>\n<p><b><u>Salve e envie imagens de seus bate-papos em v\u00eddeo<\/u><\/b><br \/>\nAs pessoas gostam de tirar capturas de tela de seus bate-papos em v\u00eddeo e compartilh\u00e1-las com amigos. O bate-papo em v\u00eddeo do Messenger agora possui um novo recurso para capturar e compartilhar facilmente suas mem\u00f3rias. Basta tocar no \u00edcone da c\u00e2mera para tirar uma foto do seu bate-papo e salv\u00e1-lo no rolo da c\u00e2mera do seu telefone ou publicar em seu <a href=\"https:\/\/about.fb.com\/br\/2017\/03\/compartilhe-seu-dia-no-messenger\/\">Messenger Day<\/a>. Voc\u00ea tamb\u00e9m pode enviar a imagem para a pessoa ou grupo com o qual voc\u00ea est\u00e1 conversando em v\u00eddeo.<\/p>\n<p><img data-recalc-dims=\"1\" loading=\"lazy\" decoding=\"async\" class=\"aligncenter size-full wp-image-6089\" src=\"https:\/\/about.fb.com\/br\/wp-content\/uploads\/sites\/3\/2017\/06\/news-4-1.gif?resize=250%2C504\" alt=\"\" width=\"250\" height=\"504\" \/><\/p>\n<p><em><strong>Download:<\/strong><\/em><\/p>\n<ul class=\"download-list\">\n<li><a href=\"https:\/\/www.facebook.com\/602814669838217\/videos\/1375587622560914\/\" target=\"_blank\" rel=\"noopener noreferrer\">Messenger Video Chat Video<\/a><\/li>\n<li><a href=\"https:\/\/about.fb.com\/br\/wp-content\/uploads\/sites\/3\/2017\/06\/2_newsroom_reactions_2x.gif\" target=\"_blank\" rel=\"noopener noreferrer\"><i><\/i>Messenger Video Chat Rea\u00e7\u00f5es<\/a><\/li>\n<li><a href=\"https:\/\/about.fb.com\/br\/wp-content\/uploads\/sites\/3\/2017\/06\/3_newsroom_filters_2x.png\" target=\"_blank\" rel=\"noopener noreferrer\"><i><\/i>Messenger Video Chat Filtros<\/a><\/li>\n<li><a href=\"https:\/\/about.fb.com\/br\/wp-content\/uploads\/sites\/3\/2017\/06\/4_newsroom_masks-effects_2x.gif\" target=\"_blank\" rel=\"noopener noreferrer\"><i><\/i>Messenger Video Chat M\u00e1scaras &amp; Efeitos<\/a><\/li>\n<li><a href=\"https:\/\/about.fb.com\/br\/wp-content\/uploads\/sites\/3\/2017\/06\/2-7-press-statics_reactions1.gif\" target=\"_blank\" rel=\"noopener noreferrer\"><i><\/i>Messenger Video Chat Capturar &amp; Enviar Imagens<\/a><\/li>\n<\/ul>\n","protected":false},"excerpt":{"rendered":"Por Nora Micheva, gerente de produto, Messenger Hoje anunciamos novos recursos &#8211; como rea\u00e7\u00f5es animadas, filtros, m\u00e1scaras e efeitos, e a capacidade de capturar telas &#8211; para bate-papos com v\u00eddeo no Messenger. Bate-papo em v\u00eddeo com emoji Escolha um dos cinco \u00edcones de emoji do Messenger para amplificar suas emo\u00e7\u00f5es e expressar amor, alegria, surpresa, tristeza ou raiva. Essas rea\u00e7\u00f5es criar\u00e3o uma anima\u00e7\u00e3o na tela e depois desaparecer\u00e3o, para que voc\u00ea possa se expressar naquele momento. A maioria das rea\u00e7\u00f5es tem vers\u00f5es diferentes, dependendo se seu rosto est\u00e1 ou n\u00e3o na tela. Para experimentar, clique na rea\u00e7\u00e3o \u2018amor\u2019 quando seu rosto estiver voltado para a c\u00e2mera e clique novamente quando n\u00e3o estiver para ver a diferen\u00e7a. Adicione um filtro Escolha entre uma variedade de filtros, desde ajustes de ilumina\u00e7\u00e3o sutis a mudan\u00e7as de cor &#8211; como preto e branco, vermelho ou amarelo. Vermelho n\u00e3o \u00e9 a sua cor? N\u00e3o se preocupe, voc\u00ea pode testar o filtro em voc\u00ea antes de mostrar para os outros. Anime suas conversas M\u00e1scaras no Messenger est\u00e3o dispon\u00edveis h\u00e1 algum tempo, mas elas est\u00e3o ainda mais divertidas agora com diversas novas op\u00e7\u00f5es para escolher. Algumas m\u00e1scaras t\u00eam efeitos ocultos, como rea\u00e7\u00e3o aos movimentos faciais. (Dica: tente abrir a boca enquanto usa a m\u00e1scara de coelho&#8230;). N\u00f3s tamb\u00e9m adicionamos efeitos animados, como cora\u00e7\u00f5es caindo e estrelas cintilantes, para dar mais expressividade aos seus bate-papos em v\u00eddeo. Veja o que acontece quando voc\u00ea agita seu bra\u00e7o na frente da c\u00e2mera enquanto usa um desses efeitos. Ao contr\u00e1rio das rea\u00e7\u00f5es, m\u00e1scaras e efeitos permanecem na tela durante todo o bate-papo ou at\u00e9 que voc\u00ea os retire ou mude para outro. Salve e envie imagens de seus bate-papos em v\u00eddeo As pessoas gostam de tirar capturas de tela de seus bate-papos em v\u00eddeo e compartilh\u00e1-las com amigos. O bate-papo em v\u00eddeo do Messenger agora possui um novo recurso para capturar e compartilhar facilmente suas mem\u00f3rias. Basta tocar no \u00edcone da c\u00e2mera para tirar uma foto do seu bate-papo e salv\u00e1-lo no rolo da c\u00e2mera do seu telefone ou publicar em seu Messenger Day. Voc\u00ea tamb\u00e9m pode enviar a imagem para a pessoa ou grupo com o qual voc\u00ea est\u00e1 conversando em v\u00eddeo. Download: Messenger Video Chat Video Messenger Video Chat Rea\u00e7\u00f5es Messenger Video Chat Filtros Messenger Video Chat M\u00e1scaras &amp; Efeitos Messenger Video Chat Capturar &amp; Enviar Imagens","protected":false},"author":81109636,"featured_media":0,"comment_status":"closed","ping_status":"closed","sticky":false,"template":"","format":"standard","meta":{"_jetpack_memberships_contains_paid_content":false,"footnotes":""},"categories":[1],"tags":[396541969,396541887],"class_list":["post-6082","post","type-post","status-publish","format-standard","hentry","category-recent-news","tag-chat-em-video","tag-messenger"],"yoast_head":"<!-- This site is optimized with the Yoast SEO plugin v27.2 - https:\/\/yoast.com\/product\/yoast-seo-wordpress\/ -->\n<title>Messenger lan\u00e7a novos recursos para chats em v\u00eddeos | Sobre a Meta<\/title>\n<meta name=\"robots\" content=\"index, follow, max-snippet:-1, max-image-preview:large, max-video-preview:-1\" \/>\n<link rel=\"canonical\" href=\"https:\/\/about.fb.com\/br\/news\/2017\/06\/messenger-lanca-novos-recursos-para-chats-em-videos\/\" \/>\n<meta property=\"og:locale\" content=\"pt_BR\" \/>\n<meta property=\"og:type\" content=\"article\" \/>\n<meta property=\"og:title\" content=\"Messenger lan\u00e7a novos recursos para chats em v\u00eddeos | Sobre a Meta\" \/>\n<meta property=\"og:description\" content=\"Por Nora Micheva, gerente de produto, Messenger Hoje anunciamos novos recursos &#8211; como rea\u00e7\u00f5es animadas, filtros, m\u00e1scaras e efeitos, e a capacidade de capturar telas &#8211; para bate-papos com v\u00eddeo no Messenger. Bate-papo em v\u00eddeo com emoji Escolha um dos cinco \u00edcones de emoji do Messenger para amplificar suas emo\u00e7\u00f5es e expressar amor, alegria, surpresa, tristeza ou raiva. Essas rea\u00e7\u00f5es criar\u00e3o uma anima\u00e7\u00e3o na tela e depois desaparecer\u00e3o, para que voc\u00ea possa se expressar naquele momento. A maioria das rea\u00e7\u00f5es tem vers\u00f5es diferentes, dependendo se seu rosto est\u00e1 ou n\u00e3o na tela. Para experimentar, clique na rea\u00e7\u00e3o \u2018amor\u2019 quando seu rosto estiver voltado para a c\u00e2mera e clique novamente quando n\u00e3o estiver para ver a diferen\u00e7a. Adicione um filtro Escolha entre uma variedade de filtros, desde ajustes de ilumina\u00e7\u00e3o sutis a mudan\u00e7as de cor &#8211; como preto e branco, vermelho ou amarelo. Vermelho n\u00e3o \u00e9 a sua cor? N\u00e3o se preocupe, voc\u00ea pode testar o filtro em voc\u00ea antes de mostrar para os outros. Anime suas conversas M\u00e1scaras no Messenger est\u00e3o dispon\u00edveis h\u00e1 algum tempo, mas elas est\u00e3o ainda mais divertidas agora com diversas novas op\u00e7\u00f5es para escolher. Algumas m\u00e1scaras t\u00eam efeitos ocultos, como rea\u00e7\u00e3o aos movimentos faciais. (Dica: tente abrir a boca enquanto usa a m\u00e1scara de coelho&#8230;). N\u00f3s tamb\u00e9m adicionamos efeitos animados, como cora\u00e7\u00f5es caindo e estrelas cintilantes, para dar mais expressividade aos seus bate-papos em v\u00eddeo. Veja o que acontece quando voc\u00ea agita seu bra\u00e7o na frente da c\u00e2mera enquanto usa um desses efeitos. Ao contr\u00e1rio das rea\u00e7\u00f5es, m\u00e1scaras e efeitos permanecem na tela durante todo o bate-papo ou at\u00e9 que voc\u00ea os retire ou mude para outro. Salve e envie imagens de seus bate-papos em v\u00eddeo As pessoas gostam de tirar capturas de tela de seus bate-papos em v\u00eddeo e compartilh\u00e1-las com amigos. O bate-papo em v\u00eddeo do Messenger agora possui um novo recurso para capturar e compartilhar facilmente suas mem\u00f3rias. Basta tocar no \u00edcone da c\u00e2mera para tirar uma foto do seu bate-papo e salv\u00e1-lo no rolo da c\u00e2mera do seu telefone ou publicar em seu Messenger Day. Voc\u00ea tamb\u00e9m pode enviar a imagem para a pessoa ou grupo com o qual voc\u00ea est\u00e1 conversando em v\u00eddeo. Download: Messenger Video Chat Video Messenger Video Chat Rea\u00e7\u00f5es Messenger Video Chat Filtros Messenger Video Chat M\u00e1scaras &amp; Efeitos Messenger Video Chat Capturar &amp; Enviar Imagens\" \/>\n<meta property=\"og:url\" content=\"https:\/\/about.fb.com\/br\/news\/2017\/06\/messenger-lanca-novos-recursos-para-chats-em-videos\/\" \/>\n<meta property=\"og:site_name\" content=\"Sobre a Meta\" \/>\n<meta property=\"article:published_time\" content=\"2017-06-26T15:44:40+00:00\" \/>\n<meta property=\"article:modified_time\" content=\"2021-06-17T13:10:46+00:00\" \/>\n<meta property=\"og:image\" content=\"https:\/\/about.fb.com\/br\/wp-content\/uploads\/sites\/3\/2017\/06\/capa-messenger-1.jpg\" \/>\n<meta name=\"author\" content=\"facebookbr\" \/>\n<meta name=\"twitter:card\" content=\"summary_large_image\" \/>\n<meta name=\"twitter:label1\" content=\"Written by\" \/>\n\t<meta name=\"twitter:data1\" content=\"Meta\" \/>\n\t<meta name=\"twitter:label2\" content=\"Est. reading time\" \/>\n\t<meta name=\"twitter:data2\" content=\"2 minutos\" \/>\n<script type=\"application\/ld+json\" class=\"yoast-schema-graph\">{\"@context\":\"https:\/\/schema.org\",\"@graph\":[{\"@type\":\"Article\",\"@id\":\"https:\/\/about.fb.com\/br\/news\/2017\/06\/messenger-lanca-novos-recursos-para-chats-em-videos\/#article\",\"isPartOf\":{\"@id\":\"https:\/\/about.fb.com\/br\/news\/2017\/06\/messenger-lanca-novos-recursos-para-chats-em-videos\/\"},\"author\":\"Facebook company\",\"headline\":\"Messenger lan\u00e7a novos recursos para chats em v\u00eddeos\",\"datePublished\":\"2017-06-26T15:44:40+00:00\",\"dateModified\":\"2021-06-17T13:10:46+00:00\",\"mainEntityOfPage\":{\"@id\":\"https:\/\/about.fb.com\/br\/news\/2017\/06\/messenger-lanca-novos-recursos-para-chats-em-videos\/\"},\"wordCount\":455,\"publisher\":{\"@id\":\"https:\/\/about.fb.com\/br\/#organization\"},\"image\":{\"@id\":\"https:\/\/about.fb.com\/br\/news\/2017\/06\/messenger-lanca-novos-recursos-para-chats-em-videos\/#primaryimage\"},\"thumbnailUrl\":\"https:\/\/about.fb.com\/br\/wp-content\/uploads\/sites\/3\/2017\/06\/capa-messenger-1.jpg\",\"keywords\":[\"chat em v\u00eddeo\",\"Messenger\"],\"articleSection\":[\"Recent News\"],\"inLanguage\":\"pt-BR\"},{\"@type\":\"WebPage\",\"@id\":\"https:\/\/about.fb.com\/br\/news\/2017\/06\/messenger-lanca-novos-recursos-para-chats-em-videos\/\",\"url\":\"https:\/\/about.fb.com\/br\/news\/2017\/06\/messenger-lanca-novos-recursos-para-chats-em-videos\/\",\"name\":\"Messenger lan\u00e7a novos recursos para chats em v\u00eddeos | Sobre a Meta\",\"isPartOf\":{\"@id\":\"https:\/\/about.fb.com\/br\/#website\"},\"primaryImageOfPage\":{\"@id\":\"https:\/\/about.fb.com\/br\/news\/2017\/06\/messenger-lanca-novos-recursos-para-chats-em-videos\/#primaryimage\"},\"image\":{\"@id\":\"https:\/\/about.fb.com\/br\/news\/2017\/06\/messenger-lanca-novos-recursos-para-chats-em-videos\/#primaryimage\"},\"thumbnailUrl\":\"https:\/\/about.fb.com\/br\/wp-content\/uploads\/sites\/3\/2017\/06\/capa-messenger-1.jpg\",\"datePublished\":\"2017-06-26T15:44:40+00:00\",\"dateModified\":\"2021-06-17T13:10:46+00:00\",\"breadcrumb\":{\"@id\":\"https:\/\/about.fb.com\/br\/news\/2017\/06\/messenger-lanca-novos-recursos-para-chats-em-videos\/#breadcrumb\"},\"inLanguage\":\"pt-BR\",\"potentialAction\":[{\"@type\":\"ReadAction\",\"target\":[\"https:\/\/about.fb.com\/br\/news\/2017\/06\/messenger-lanca-novos-recursos-para-chats-em-videos\/\"]}],\"author\":\"Sobre a Meta\"},{\"@type\":\"ImageObject\",\"inLanguage\":\"pt-BR\",\"@id\":\"https:\/\/about.fb.com\/br\/news\/2017\/06\/messenger-lanca-novos-recursos-para-chats-em-videos\/#primaryimage\",\"url\":\"https:\/\/about.fb.com\/br\/wp-content\/uploads\/sites\/3\/2017\/06\/capa-messenger-1.jpg\",\"contentUrl\":\"https:\/\/about.fb.com\/br\/wp-content\/uploads\/sites\/3\/2017\/06\/capa-messenger-1.jpg\"},{\"@type\":\"BreadcrumbList\",\"@id\":\"https:\/\/about.fb.com\/br\/news\/2017\/06\/messenger-lanca-novos-recursos-para-chats-em-videos\/#breadcrumb\",\"itemListElement\":[{\"@type\":\"ListItem\",\"position\":1,\"name\":\"Home\",\"item\":\"https:\/\/about.fb.com\/br\/\"},{\"@type\":\"ListItem\",\"position\":2,\"name\":\"Messenger lan\u00e7a novos recursos para chats em v\u00eddeos\"}]},{\"@type\":\"WebSite\",\"@id\":\"https:\/\/about.fb.com\/br\/#website\",\"url\":\"https:\/\/about.fb.com\/news\/\",\"name\":\"Sobre a Meta\",\"description\":\"\",\"publisher\":{\"@id\":\"https:\/\/about.fb.com\/br\/#organization\"},\"potentialAction\":[{\"@type\":\"SearchAction\",\"target\":{\"@type\":\"EntryPoint\",\"urlTemplate\":\"https:\/\/about.fb.com\/br\/?s={search_term_string}\"},\"query-input\":{\"@type\":\"PropertyValueSpecification\",\"valueRequired\":true,\"valueName\":\"search_term_string\"}}],\"inLanguage\":\"pt-BR\",\"alternateName\":[\"Meta Newsroom\",\"Meta\"]},{\"@type\":\"Organization\",\"@id\":\"https:\/\/about.fb.com\/br\/#organization\",\"name\":\"Meta\",\"url\":\"https:\/\/about.fb.com\/br\/\",\"logo\":{\"@type\":\"ImageObject\",\"inLanguage\":\"pt-BR\",\"@id\":\"https:\/\/about.fb.com\/br\/#\/schema\/logo\/image\/\",\"url\":\"https:\/\/about.fb.com\/br\/wp-content\/uploads\/sites\/11\/2021\/10\/meta-social-16x9-1.jpg?fit=8000%2C4500\",\"contentUrl\":\"https:\/\/about.fb.com\/br\/wp-content\/uploads\/sites\/11\/2021\/10\/meta-social-16x9-1.jpg?fit=8000%2C4500\",\"width\":8000,\"height\":4500,\"caption\":\"Meta\"},\"image\":{\"@id\":\"https:\/\/about.fb.com\/br\/#\/schema\/logo\/image\/\"}}]}<\/script>\n<!-- \/ Yoast SEO plugin. -->","yoast_head_json":{"title":"Messenger lan\u00e7a novos recursos para chats em v\u00eddeos | Sobre a Meta","robots":{"index":"index","follow":"follow","max-snippet":"max-snippet:-1","max-image-preview":"max-image-preview:large","max-video-preview":"max-video-preview:-1"},"canonical":"https:\/\/about.fb.com\/br\/news\/2017\/06\/messenger-lanca-novos-recursos-para-chats-em-videos\/","og_locale":"pt_BR","og_type":"article","og_title":"Messenger lan\u00e7a novos recursos para chats em v\u00eddeos | Sobre a Meta","og_description":"Por Nora Micheva, gerente de produto, Messenger Hoje anunciamos novos recursos &#8211; como rea\u00e7\u00f5es animadas, filtros, m\u00e1scaras e efeitos, e a capacidade de capturar telas &#8211; para bate-papos com v\u00eddeo no Messenger. Bate-papo em v\u00eddeo com emoji Escolha um dos cinco \u00edcones de emoji do Messenger para amplificar suas emo\u00e7\u00f5es e expressar amor, alegria, surpresa, tristeza ou raiva. Essas rea\u00e7\u00f5es criar\u00e3o uma anima\u00e7\u00e3o na tela e depois desaparecer\u00e3o, para que voc\u00ea possa se expressar naquele momento. A maioria das rea\u00e7\u00f5es tem vers\u00f5es diferentes, dependendo se seu rosto est\u00e1 ou n\u00e3o na tela. Para experimentar, clique na rea\u00e7\u00e3o \u2018amor\u2019 quando seu rosto estiver voltado para a c\u00e2mera e clique novamente quando n\u00e3o estiver para ver a diferen\u00e7a. Adicione um filtro Escolha entre uma variedade de filtros, desde ajustes de ilumina\u00e7\u00e3o sutis a mudan\u00e7as de cor &#8211; como preto e branco, vermelho ou amarelo. Vermelho n\u00e3o \u00e9 a sua cor? N\u00e3o se preocupe, voc\u00ea pode testar o filtro em voc\u00ea antes de mostrar para os outros. Anime suas conversas M\u00e1scaras no Messenger est\u00e3o dispon\u00edveis h\u00e1 algum tempo, mas elas est\u00e3o ainda mais divertidas agora com diversas novas op\u00e7\u00f5es para escolher. Algumas m\u00e1scaras t\u00eam efeitos ocultos, como rea\u00e7\u00e3o aos movimentos faciais. (Dica: tente abrir a boca enquanto usa a m\u00e1scara de coelho&#8230;). N\u00f3s tamb\u00e9m adicionamos efeitos animados, como cora\u00e7\u00f5es caindo e estrelas cintilantes, para dar mais expressividade aos seus bate-papos em v\u00eddeo. Veja o que acontece quando voc\u00ea agita seu bra\u00e7o na frente da c\u00e2mera enquanto usa um desses efeitos. Ao contr\u00e1rio das rea\u00e7\u00f5es, m\u00e1scaras e efeitos permanecem na tela durante todo o bate-papo ou at\u00e9 que voc\u00ea os retire ou mude para outro. Salve e envie imagens de seus bate-papos em v\u00eddeo As pessoas gostam de tirar capturas de tela de seus bate-papos em v\u00eddeo e compartilh\u00e1-las com amigos. O bate-papo em v\u00eddeo do Messenger agora possui um novo recurso para capturar e compartilhar facilmente suas mem\u00f3rias. Basta tocar no \u00edcone da c\u00e2mera para tirar uma foto do seu bate-papo e salv\u00e1-lo no rolo da c\u00e2mera do seu telefone ou publicar em seu Messenger Day. Voc\u00ea tamb\u00e9m pode enviar a imagem para a pessoa ou grupo com o qual voc\u00ea est\u00e1 conversando em v\u00eddeo. Download: Messenger Video Chat Video Messenger Video Chat Rea\u00e7\u00f5es Messenger Video Chat Filtros Messenger Video Chat M\u00e1scaras &amp; Efeitos Messenger Video Chat Capturar &amp; Enviar Imagens","og_url":"https:\/\/about.fb.com\/br\/news\/2017\/06\/messenger-lanca-novos-recursos-para-chats-em-videos\/","og_site_name":"Sobre a Meta","article_published_time":"2017-06-26T15:44:40+00:00","article_modified_time":"2021-06-17T13:10:46+00:00","og_image":[{"url":"https:\/\/about.fb.com\/br\/wp-content\/uploads\/sites\/3\/2017\/06\/capa-messenger-1.jpg","type":"","width":"","height":""}],"author":"facebookbr","twitter_card":"summary_large_image","twitter_misc":{"Written by":"Meta","Est. reading time":"2 minutos"},"schema":{"@context":"https:\/\/schema.org","@graph":[{"@type":"Article","@id":"https:\/\/about.fb.com\/br\/news\/2017\/06\/messenger-lanca-novos-recursos-para-chats-em-videos\/#article","isPartOf":{"@id":"https:\/\/about.fb.com\/br\/news\/2017\/06\/messenger-lanca-novos-recursos-para-chats-em-videos\/"},"author":"Facebook company","headline":"Messenger lan\u00e7a novos recursos para chats em v\u00eddeos","datePublished":"2017-06-26T15:44:40+00:00","dateModified":"2021-06-17T13:10:46+00:00","mainEntityOfPage":{"@id":"https:\/\/about.fb.com\/br\/news\/2017\/06\/messenger-lanca-novos-recursos-para-chats-em-videos\/"},"wordCount":455,"publisher":{"@id":"https:\/\/about.fb.com\/br\/#organization"},"image":{"@id":"https:\/\/about.fb.com\/br\/news\/2017\/06\/messenger-lanca-novos-recursos-para-chats-em-videos\/#primaryimage"},"thumbnailUrl":"https:\/\/about.fb.com\/br\/wp-content\/uploads\/sites\/3\/2017\/06\/capa-messenger-1.jpg","keywords":["chat em v\u00eddeo","Messenger"],"articleSection":["Recent News"],"inLanguage":"pt-BR"},{"@type":"WebPage","@id":"https:\/\/about.fb.com\/br\/news\/2017\/06\/messenger-lanca-novos-recursos-para-chats-em-videos\/","url":"https:\/\/about.fb.com\/br\/news\/2017\/06\/messenger-lanca-novos-recursos-para-chats-em-videos\/","name":"Messenger lan\u00e7a novos recursos para chats em v\u00eddeos | Sobre a Meta","isPartOf":{"@id":"https:\/\/about.fb.com\/br\/#website"},"primaryImageOfPage":{"@id":"https:\/\/about.fb.com\/br\/news\/2017\/06\/messenger-lanca-novos-recursos-para-chats-em-videos\/#primaryimage"},"image":{"@id":"https:\/\/about.fb.com\/br\/news\/2017\/06\/messenger-lanca-novos-recursos-para-chats-em-videos\/#primaryimage"},"thumbnailUrl":"https:\/\/about.fb.com\/br\/wp-content\/uploads\/sites\/3\/2017\/06\/capa-messenger-1.jpg","datePublished":"2017-06-26T15:44:40+00:00","dateModified":"2021-06-17T13:10:46+00:00","breadcrumb":{"@id":"https:\/\/about.fb.com\/br\/news\/2017\/06\/messenger-lanca-novos-recursos-para-chats-em-videos\/#breadcrumb"},"inLanguage":"pt-BR","potentialAction":[{"@type":"ReadAction","target":["https:\/\/about.fb.com\/br\/news\/2017\/06\/messenger-lanca-novos-recursos-para-chats-em-videos\/"]}],"author":"Sobre a Meta"},{"@type":"ImageObject","inLanguage":"pt-BR","@id":"https:\/\/about.fb.com\/br\/news\/2017\/06\/messenger-lanca-novos-recursos-para-chats-em-videos\/#primaryimage","url":"https:\/\/about.fb.com\/br\/wp-content\/uploads\/sites\/3\/2017\/06\/capa-messenger-1.jpg","contentUrl":"https:\/\/about.fb.com\/br\/wp-content\/uploads\/sites\/3\/2017\/06\/capa-messenger-1.jpg"},{"@type":"BreadcrumbList","@id":"https:\/\/about.fb.com\/br\/news\/2017\/06\/messenger-lanca-novos-recursos-para-chats-em-videos\/#breadcrumb","itemListElement":[{"@type":"ListItem","position":1,"name":"Home","item":"https:\/\/about.fb.com\/br\/"},{"@type":"ListItem","position":2,"name":"Messenger lan\u00e7a novos recursos para chats em v\u00eddeos"}]},{"@type":"WebSite","@id":"https:\/\/about.fb.com\/br\/#website","url":"https:\/\/about.fb.com\/news\/","name":"Sobre a Meta","description":"","publisher":{"@id":"https:\/\/about.fb.com\/br\/#organization"},"potentialAction":[{"@type":"SearchAction","target":{"@type":"EntryPoint","urlTemplate":"https:\/\/about.fb.com\/br\/?s={search_term_string}"},"query-input":{"@type":"PropertyValueSpecification","valueRequired":true,"valueName":"search_term_string"}}],"inLanguage":"pt-BR","alternateName":["Meta Newsroom","Meta"]},{"@type":"Organization","@id":"https:\/\/about.fb.com\/br\/#organization","name":"Meta","url":"https:\/\/about.fb.com\/br\/","logo":{"@type":"ImageObject","inLanguage":"pt-BR","@id":"https:\/\/about.fb.com\/br\/#\/schema\/logo\/image\/","url":"https:\/\/about.fb.com\/br\/wp-content\/uploads\/sites\/11\/2021\/10\/meta-social-16x9-1.jpg?fit=8000%2C4500","contentUrl":"https:\/\/about.fb.com\/br\/wp-content\/uploads\/sites\/11\/2021\/10\/meta-social-16x9-1.jpg?fit=8000%2C4500","width":8000,"height":4500,"caption":"Meta"},"image":{"@id":"https:\/\/about.fb.com\/br\/#\/schema\/logo\/image\/"}}]}},"jetpack_featured_media_url":"","jetpack-related-posts":[{"id":26895,"url":"https:\/\/about.fb.com\/br\/news\/2025\/12\/ajudando-bilhoes-de-pessoas-a-celebrar-o-ano-novo-no-whatsapp\/","url_meta":{"origin":6082,"position":0},"title":"Ajudando bilh\u00f5es de pessoas a celebrar o Ano Novo no WhatsApp","author":"Meta","date":"29\/12\/2025","format":false,"excerpt":"O Ano Novo \u00e9 o dia mais importante para o WhatsApp. A cada ano, batemos novos recordes de mensagens e liga\u00e7\u00f5es entre amigos e familiares. Em um dia comum, promovemos o envio de 100 bilh\u00f5es de mensagens e 2 bilh\u00f5es de liga\u00e7\u00f5es, mas as 24 horas em que o mundo\u2026","rel":"","context":"In &quot;Recent News&quot;","block_context":{"text":"Recent News","link":"https:\/\/about.fb.com\/br\/news\/category\/recent-news\/"},"img":{"alt_text":"","src":"https:\/\/about.fb.com\/br\/wp-content\/uploads\/sites\/11\/2025\/12\/597777742_1672249653829860_6610202159098060728_n.jpg?fit=1600%2C900&resize=350%2C200","width":350,"height":200,"srcset":"https:\/\/about.fb.com\/br\/wp-content\/uploads\/sites\/11\/2025\/12\/597777742_1672249653829860_6610202159098060728_n.jpg?fit=1600%2C900&resize=350%2C200 1x, https:\/\/about.fb.com\/br\/wp-content\/uploads\/sites\/11\/2025\/12\/597777742_1672249653829860_6610202159098060728_n.jpg?fit=1600%2C900&resize=525%2C300 1.5x, https:\/\/about.fb.com\/br\/wp-content\/uploads\/sites\/11\/2025\/12\/597777742_1672249653829860_6610202159098060728_n.jpg?fit=1600%2C900&resize=700%2C400 2x, https:\/\/about.fb.com\/br\/wp-content\/uploads\/sites\/11\/2025\/12\/597777742_1672249653829860_6610202159098060728_n.jpg?fit=1600%2C900&resize=1050%2C600 3x, https:\/\/about.fb.com\/br\/wp-content\/uploads\/sites\/11\/2025\/12\/597777742_1672249653829860_6610202159098060728_n.jpg?fit=1600%2C900&resize=1400%2C800 4x"},"classes":[]},{"id":26872,"url":"https:\/\/about.fb.com\/br\/news\/2025\/12\/resumo-dos-novos-recursos-recados-para-ligacoes-nao-atendidas-novas-figurinhas-de-status-e-muito-mais\/","url_meta":{"origin":6082,"position":1},"title":"Resumo dos novos recursos: recados para liga\u00e7\u00f5es n\u00e3o atendidas, novas figurinhas de status e muito mais!","author":"Meta","date":"11\/12\/2025","format":false,"excerpt":"Estamos lan\u00e7ando mais um pacote de recursos a tempo das festas de fim de ano. Esta edi\u00e7\u00e3o est\u00e1 repleta de novas atualiza\u00e7\u00f5es interessantes, incluindo recados para liga\u00e7\u00f5es n\u00e3o atendidas, figurinhas divertidas para o status, gera\u00e7\u00e3o de imagens com a Meta AI aprimorada e muito mais. Tudo isso para facilitar ainda\u2026","rel":"","context":"In &quot;Feed - Categorias&quot;","block_context":{"text":"Feed - Categorias","link":"https:\/\/about.fb.com\/br\/news\/category\/technologies\/"},"img":{"alt_text":"","src":"https:\/\/about.fb.com\/br\/wp-content\/uploads\/sites\/11\/2025\/12\/596387419_1360761639062906_2694588393236778653_n.png?fit=1920%2C1080&resize=350%2C200","width":350,"height":200,"srcset":"https:\/\/about.fb.com\/br\/wp-content\/uploads\/sites\/11\/2025\/12\/596387419_1360761639062906_2694588393236778653_n.png?fit=1920%2C1080&resize=350%2C200 1x, https:\/\/about.fb.com\/br\/wp-content\/uploads\/sites\/11\/2025\/12\/596387419_1360761639062906_2694588393236778653_n.png?fit=1920%2C1080&resize=525%2C300 1.5x, https:\/\/about.fb.com\/br\/wp-content\/uploads\/sites\/11\/2025\/12\/596387419_1360761639062906_2694588393236778653_n.png?fit=1920%2C1080&resize=700%2C400 2x, https:\/\/about.fb.com\/br\/wp-content\/uploads\/sites\/11\/2025\/12\/596387419_1360761639062906_2694588393236778653_n.png?fit=1920%2C1080&resize=1050%2C600 3x, https:\/\/about.fb.com\/br\/wp-content\/uploads\/sites\/11\/2025\/12\/596387419_1360761639062906_2694588393236778653_n.png?fit=1920%2C1080&resize=1400%2C800 4x"},"classes":[]},{"id":26574,"url":"https:\/\/about.fb.com\/br\/news\/2025\/08\/apresentando-o-app-meta-ai-uma-nova-forma-de-acessar-seu-assistente-de-inteligencia-artificial\/","url_meta":{"origin":6082,"position":2},"title":"Apresentando o app Meta AI: uma nova forma de acessar seu assistente de intelig\u00eancia artificial","author":"Meta","date":"11\/08\/2025","format":false,"excerpt":"Estamos lan\u00e7ando no Brasil o novo app Meta AI, desenvolvido com o Llama, um primeiro passo na constru\u00e7\u00e3o de uma IA mais pessoal. Pessoas ao redor do mundo j\u00e1 utilizam a Meta AI diariamente no WhatsApp, Instagram, Facebook e Messenger. Agora, elas tamb\u00e9m poder\u00e3o optar por interagir com uma IA\u2026","rel":"","context":"In &quot;Meta AI&quot;","block_context":{"text":"Meta AI","link":"https:\/\/about.fb.com\/br\/news\/category\/technologies\/meta-ai\/"},"img":{"alt_text":"","src":"https:\/\/about.fb.com\/br\/wp-content\/uploads\/sites\/11\/2025\/08\/C50-Brazil-Launch_Header.gif?fit=1920%2C1080&resize=350%2C200","width":350,"height":200,"srcset":"https:\/\/about.fb.com\/br\/wp-content\/uploads\/sites\/11\/2025\/08\/C50-Brazil-Launch_Header.gif?fit=1920%2C1080&resize=350%2C200 1x, https:\/\/about.fb.com\/br\/wp-content\/uploads\/sites\/11\/2025\/08\/C50-Brazil-Launch_Header.gif?fit=1920%2C1080&resize=525%2C300 1.5x, https:\/\/about.fb.com\/br\/wp-content\/uploads\/sites\/11\/2025\/08\/C50-Brazil-Launch_Header.gif?fit=1920%2C1080&resize=700%2C400 2x, https:\/\/about.fb.com\/br\/wp-content\/uploads\/sites\/11\/2025\/08\/C50-Brazil-Launch_Header.gif?fit=1920%2C1080&resize=1050%2C600 3x, https:\/\/about.fb.com\/br\/wp-content\/uploads\/sites\/11\/2025\/08\/C50-Brazil-Launch_Header.gif?fit=1920%2C1080&resize=1400%2C800 4x"},"classes":[]},{"id":26367,"url":"https:\/\/about.fb.com\/br\/news\/2025\/05\/insights-dos-resultados-do-1o-trimestre-da-meta-para-impulsionar-o-desempenho-dos-negocios\/","url_meta":{"origin":6082,"position":3},"title":"Insights dos resultados do 1\u00ba trimestre da Meta para impulsionar o desempenho dos neg\u00f3cios","author":"Meta","date":"02\/05\/2025","format":false,"excerpt":"Hoje, estamos compartilhando alguns insights importantes sobre ganhos de performance com o uso de produtos de an\u00fancios baseados em intelig\u00eancia artificial, v\u00eddeos e Reels, al\u00e9m de a\u00e7\u00f5es que as empresas podem adotar para atrair mais clientes e aproveitar ao m\u00e1ximo cada investimento em marketing. As dicas se baseiam nos destaques\u2026","rel":"","context":"In &quot;Meta&quot;","block_context":{"text":"Meta","link":"https:\/\/about.fb.com\/br\/news\/category\/temas-home\/meta\/"},"img":{"alt_text":"","src":"https:\/\/about.fb.com\/br\/wp-content\/uploads\/sites\/11\/2025\/05\/capa.png?fit=1920%2C1080&resize=350%2C200","width":350,"height":200,"srcset":"https:\/\/about.fb.com\/br\/wp-content\/uploads\/sites\/11\/2025\/05\/capa.png?fit=1920%2C1080&resize=350%2C200 1x, https:\/\/about.fb.com\/br\/wp-content\/uploads\/sites\/11\/2025\/05\/capa.png?fit=1920%2C1080&resize=525%2C300 1.5x, https:\/\/about.fb.com\/br\/wp-content\/uploads\/sites\/11\/2025\/05\/capa.png?fit=1920%2C1080&resize=700%2C400 2x, https:\/\/about.fb.com\/br\/wp-content\/uploads\/sites\/11\/2025\/05\/capa.png?fit=1920%2C1080&resize=1050%2C600 3x, https:\/\/about.fb.com\/br\/wp-content\/uploads\/sites\/11\/2025\/05\/capa.png?fit=1920%2C1080&resize=1400%2C800 4x"},"classes":[]},{"id":26264,"url":"https:\/\/about.fb.com\/br\/news\/2025\/03\/crie-sua-propria-ia-personalizada-com-o-meta-ai-studio\/","url_meta":{"origin":6082,"position":4},"title":"Crie sua pr\u00f3pria IA personalizada com o Meta AI Studio","author":"Meta","date":"26\/03\/2025","format":false,"excerpt":"Hoje, estamos abrindo o acesso ao Meta AI Studio no Brasil e em Portugu\u00eas, permitindo que mais pessoas criem facilmente IAs personalizadas que atendam aos seus interesses e necessidades \u00fanicas. Tamb\u00e9m estamos disponibilizando em mais plataformas e de mais maneiras. Crie uma IA baseada em seus interesses Com o Meta\u2026","rel":"","context":"In &quot;Meta&quot;","block_context":{"text":"Meta","link":"https:\/\/about.fb.com\/br\/news\/category\/temas-home\/meta\/"},"img":{"alt_text":"","src":"https:\/\/about.fb.com\/br\/wp-content\/uploads\/sites\/11\/2025\/03\/portuguese-create-ai-flow-step-01.png?resize=350%2C200","width":350,"height":200,"srcset":"https:\/\/about.fb.com\/br\/wp-content\/uploads\/sites\/11\/2025\/03\/portuguese-create-ai-flow-step-01.png?resize=350%2C200 1x, https:\/\/about.fb.com\/br\/wp-content\/uploads\/sites\/11\/2025\/03\/portuguese-create-ai-flow-step-01.png?resize=525%2C300 1.5x, https:\/\/about.fb.com\/br\/wp-content\/uploads\/sites\/11\/2025\/03\/portuguese-create-ai-flow-step-01.png?resize=700%2C400 2x, https:\/\/about.fb.com\/br\/wp-content\/uploads\/sites\/11\/2025\/03\/portuguese-create-ai-flow-step-01.png?resize=1050%2C600 3x"},"classes":[]},{"id":26295,"url":"https:\/\/about.fb.com\/br\/news\/2025\/04\/conta-de-adolescente-no-instagram-tera-novas-restricoes-e-chega-ao-facebook-e-o-messenger\/","url_meta":{"origin":6082,"position":5},"title":"Conta de Adolescente no Instagram ter\u00e1 novas restri\u00e7\u00f5es e chega ao Facebook e o Messenger","author":"Meta","date":"08\/04\/2025","format":false,"excerpt":"Atualiza\u00e7\u00e3o 25\/09\/2025: H\u00e1 um ano, lan\u00e7amos as Contas de Adolescente \u2014 um passo significativo para ajudar a manter os adolescentes seguros em nossos aplicativos. As Contas de Adolescente j\u00e1 foram implementadas globalmente no Instagram e est\u00e3o se expandindo tamb\u00e9m para adolescentes em todo o mundo no Facebook e Messenger. As\u2026","rel":"","context":"In &quot;Recent News&quot;","block_context":{"text":"Recent News","link":"https:\/\/about.fb.com\/br\/news\/category\/recent-news\/"},"img":{"alt_text":"","src":"https:\/\/about.fb.com\/br\/wp-content\/uploads\/sites\/11\/2025\/04\/05_pt_BR.png?resize=350%2C200","width":350,"height":200},"classes":[]}],"jetpack_sharing_enabled":true,"amp_enabled":true,"_links":{"self":[{"href":"https:\/\/about.fb.com\/br\/wp-json\/wp\/v2\/posts\/6082","targetHints":{"allow":["GET"]}}],"collection":[{"href":"https:\/\/about.fb.com\/br\/wp-json\/wp\/v2\/posts"}],"about":[{"href":"https:\/\/about.fb.com\/br\/wp-json\/wp\/v2\/types\/post"}],"author":[{"embeddable":true,"href":"https:\/\/about.fb.com\/br\/wp-json\/wp\/v2\/users\/81109636"}],"replies":[{"embeddable":true,"href":"https:\/\/about.fb.com\/br\/wp-json\/wp\/v2\/comments?post=6082"}],"version-history":[{"count":6,"href":"https:\/\/about.fb.com\/br\/wp-json\/wp\/v2\/posts\/6082\/revisions"}],"predecessor-version":[{"id":8054,"href":"https:\/\/about.fb.com\/br\/wp-json\/wp\/v2\/posts\/6082\/revisions\/8054"}],"wp:attachment":[{"href":"https:\/\/about.fb.com\/br\/wp-json\/wp\/v2\/media?parent=6082"}],"wp:term":[{"taxonomy":"category","embeddable":true,"href":"https:\/\/about.fb.com\/br\/wp-json\/wp\/v2\/categories?post=6082"},{"taxonomy":"post_tag","embeddable":true,"href":"https:\/\/about.fb.com\/br\/wp-json\/wp\/v2\/tags?post=6082"}],"curies":[{"name":"wp","href":"https:\/\/api.w.org\/{rel}","templated":true}]}}