{"id":6044,"date":"2017-06-14T16:04:07","date_gmt":"2017-06-14T19:04:07","guid":{"rendered":"http:\/\/br.newsroom.fb.com\/?p=6044"},"modified":"2021-06-17T10:10:47","modified_gmt":"2021-06-17T13:10:47","slug":"facebook-comemora-o-mes-do-orgulho-lgbtq","status":"publish","type":"post","link":"https:\/\/about.fb.com\/br\/news\/2017\/06\/facebook-comemora-o-mes-do-orgulho-lgbtq\/","title":{"rendered":"Facebook comemora o m\u00eas do orgulho LGBTQ"},"content":{"rendered":"<p><img data-recalc-dims=\"1\" loading=\"lazy\" decoding=\"async\" class=\"aligncenter size-full wp-image-6045\" src=\"https:\/\/about.fb.com\/br\/wp-content\/uploads\/sites\/3\/2017\/06\/pride_reaction-1.png?resize=867%2C727\" alt=\"\" width=\"867\" height=\"727\" \/><\/p>\n<p><i>Molduras, uma nova rea\u00e7\u00e3o de arco-\u00edris e filtros s\u00e3o lan\u00e7ados para celebrar a data <\/i><\/p>\n<p>As celebra\u00e7\u00f5es do orgulho LGBTQ come\u00e7aram em todo o mundo, e o Facebook orgulha-se de apoiar uma comunidade diversa, incluindo aqueles que se identificaram no Facebook como gay, l\u00e9sbica, bissexual, transg\u00eaneros ou de g\u00eanero n\u00e3o conforme.<\/p>\n<p>Mais de 12 milh\u00f5es de pessoas em todo o mundo participam de um dos 76 mil Grupos do Facebook em apoio \u00e0 comunidade LGBTQ, e mais de 1,5 milh\u00e3o de pessoas planejam participar este ano de um dos mais de 7.500 eventos relacionados ao Orgulho LGBTQ no Facebook.<\/p>\n<p>O Facebook traz novos recursos ao Brasil para que as pessoas demonstrem seu orgulho e apoio para a comunidade LGBTQ na plataforma:<\/p>\n<ul>\n<li><b>Reaja com Orgulho: <\/b>As pessoas podem visualizar e utilizar o novo bot\u00e3o de rea\u00e7\u00e3o de \u201cOrgulho\u201d com o s\u00edmbolo do arco-\u00edris, que ficar\u00e1 dispon\u00edvel at\u00e9 o final do m\u00eas de junho. Para usar, basta curtir a P\u00e1gina <a href=\"https:\/\/www.facebook.com\/LGBTQ\/\">LGBTQ@Facebook<\/a> para ativar a op\u00e7\u00e3o de arco-\u00edris.<\/li>\n<li><b>Moldura para as fotos de perfil:<\/b> Durante todo o m\u00eas de junho, voc\u00ea poder\u00e1 adicionar uma moldura colorida com o tema de arco-\u00edris para celebrar o Orgulho LGBTQ. Voc\u00ea pode acessar a nova moldura visitando o link: <a href=\"https:\/\/facebook.com\/celebratepride\">https:\/\/facebook.com\/celebratepride<\/a>.<\/li>\n<li><b>Personalize suas fotos: <\/b> A partir desta semana, a C\u00e2mera do Facebook trar\u00e1 tamb\u00e9m m\u00e1scaras e molduras coloridas com tema do orgulho LGBTQ. Na tela inicial do seu Feed de Not\u00edcias no aplicativo do Facebook, deslize a tela direita e clique no \u00edcone da varinha m\u00e1gica para ver os efeitos dispon\u00edveis na categoria de m\u00e1scaras e molduras. As op\u00e7\u00f5es ficar\u00e3o dispon\u00edveis para todos at\u00e9 o final do m\u00eas de junho.<\/li>\n<li><b>Celebre com o Messenger:<\/b> Nesse per\u00edodo ser\u00e1 poss\u00edvel tamb\u00e9m usar molduras, stickers e efeitos especiais pela C\u00e2mera do Messenger com o tema do orgulho LGBTQ.<\/li>\n<\/ul>\n<p><strong>Download:<\/strong><\/p>\n<ul>\n<li><a href=\"https:\/\/d1a.app.box.com\/v\/FacebookPride2017\">Imagens e v\u00eddeos<\/a><\/li>\n<\/ul>\n","protected":false},"excerpt":{"rendered":"Molduras, uma nova rea\u00e7\u00e3o de arco-\u00edris e filtros s\u00e3o lan\u00e7ados para celebrar a data As celebra\u00e7\u00f5es do orgulho LGBTQ come\u00e7aram em todo o mundo, e o Facebook orgulha-se de apoiar uma comunidade diversa, incluindo aqueles que se identificaram no Facebook como gay, l\u00e9sbica, bissexual, transg\u00eaneros ou de g\u00eanero n\u00e3o conforme. Mais de 12 milh\u00f5es de pessoas em todo o mundo participam de um dos 76 mil Grupos do Facebook em apoio \u00e0 comunidade LGBTQ, e mais de 1,5 milh\u00e3o de pessoas planejam participar este ano de um dos mais de 7.500 eventos relacionados ao Orgulho LGBTQ no Facebook. O Facebook traz novos recursos ao Brasil para que as pessoas demonstrem seu orgulho e apoio para a comunidade LGBTQ na plataforma: Reaja com Orgulho: As pessoas podem visualizar e utilizar o novo bot\u00e3o de rea\u00e7\u00e3o de \u201cOrgulho\u201d com o s\u00edmbolo do arco-\u00edris, que ficar\u00e1 dispon\u00edvel at\u00e9 o final do m\u00eas de junho. Para usar, basta curtir a P\u00e1gina LGBTQ@Facebook para ativar a op\u00e7\u00e3o de arco-\u00edris. Moldura para as fotos de perfil: Durante todo o m\u00eas de junho, voc\u00ea poder\u00e1 adicionar uma moldura colorida com o tema de arco-\u00edris para celebrar o Orgulho LGBTQ. Voc\u00ea pode acessar a nova moldura visitando o link: <a href=\"https:\/\/facebook.com\/celebratepride\" rel=\"nofollow\">https:\/\/facebook.com\/celebratepride<\/a>. Personalize suas fotos: A partir desta semana, a C\u00e2mera do Facebook trar\u00e1 tamb\u00e9m m\u00e1scaras e molduras coloridas com tema do orgulho LGBTQ. Na tela inicial do seu Feed de Not\u00edcias no aplicativo do Facebook, deslize a tela direita e clique no \u00edcone da varinha m\u00e1gica para ver os efeitos dispon\u00edveis na categoria de m\u00e1scaras e molduras. As op\u00e7\u00f5es ficar\u00e3o dispon\u00edveis para todos at\u00e9 o final do m\u00eas de junho. Celebre com o Messenger: Nesse per\u00edodo ser\u00e1 poss\u00edvel tamb\u00e9m usar molduras, stickers e efeitos especiais pela C\u00e2mera do Messenger com o tema do orgulho LGBTQ. Download: Imagens e v\u00eddeos","protected":false},"author":81109636,"featured_media":0,"comment_status":"closed","ping_status":"closed","sticky":false,"template":"","format":"standard","meta":{"_jetpack_memberships_contains_paid_content":false,"footnotes":""},"categories":[1],"tags":[396541929,396541956,396541955],"class_list":["post-6044","post","type-post","status-publish","format-standard","hentry","category-recent-news","tag-facebook-camera","tag-lgbtq","tag-pride"],"yoast_head":"<!-- This site is optimized with the Yoast SEO plugin v27.2 - https:\/\/yoast.com\/product\/yoast-seo-wordpress\/ -->\n<title>Facebook comemora o m\u00eas do orgulho LGBTQ | Sobre a Meta<\/title>\n<meta name=\"robots\" content=\"index, follow, max-snippet:-1, max-image-preview:large, max-video-preview:-1\" \/>\n<link rel=\"canonical\" href=\"https:\/\/about.fb.com\/br\/news\/2017\/06\/facebook-comemora-o-mes-do-orgulho-lgbtq\/\" \/>\n<meta property=\"og:locale\" content=\"pt_BR\" \/>\n<meta property=\"og:type\" content=\"article\" \/>\n<meta property=\"og:title\" content=\"Facebook comemora o m\u00eas do orgulho LGBTQ | Sobre a Meta\" \/>\n<meta property=\"og:description\" content=\"Molduras, uma nova rea\u00e7\u00e3o de arco-\u00edris e filtros s\u00e3o lan\u00e7ados para celebrar a data As celebra\u00e7\u00f5es do orgulho LGBTQ come\u00e7aram em todo o mundo, e o Facebook orgulha-se de apoiar uma comunidade diversa, incluindo aqueles que se identificaram no Facebook como gay, l\u00e9sbica, bissexual, transg\u00eaneros ou de g\u00eanero n\u00e3o conforme. Mais de 12 milh\u00f5es de pessoas em todo o mundo participam de um dos 76 mil Grupos do Facebook em apoio \u00e0 comunidade LGBTQ, e mais de 1,5 milh\u00e3o de pessoas planejam participar este ano de um dos mais de 7.500 eventos relacionados ao Orgulho LGBTQ no Facebook. O Facebook traz novos recursos ao Brasil para que as pessoas demonstrem seu orgulho e apoio para a comunidade LGBTQ na plataforma: Reaja com Orgulho: As pessoas podem visualizar e utilizar o novo bot\u00e3o de rea\u00e7\u00e3o de \u201cOrgulho\u201d com o s\u00edmbolo do arco-\u00edris, que ficar\u00e1 dispon\u00edvel at\u00e9 o final do m\u00eas de junho. Para usar, basta curtir a P\u00e1gina LGBTQ@Facebook para ativar a op\u00e7\u00e3o de arco-\u00edris. Moldura para as fotos de perfil: Durante todo o m\u00eas de junho, voc\u00ea poder\u00e1 adicionar uma moldura colorida com o tema de arco-\u00edris para celebrar o Orgulho LGBTQ. Voc\u00ea pode acessar a nova moldura visitando o link: https:\/\/facebook.com\/celebratepride. Personalize suas fotos: A partir desta semana, a C\u00e2mera do Facebook trar\u00e1 tamb\u00e9m m\u00e1scaras e molduras coloridas com tema do orgulho LGBTQ. Na tela inicial do seu Feed de Not\u00edcias no aplicativo do Facebook, deslize a tela direita e clique no \u00edcone da varinha m\u00e1gica para ver os efeitos dispon\u00edveis na categoria de m\u00e1scaras e molduras. As op\u00e7\u00f5es ficar\u00e3o dispon\u00edveis para todos at\u00e9 o final do m\u00eas de junho. Celebre com o Messenger: Nesse per\u00edodo ser\u00e1 poss\u00edvel tamb\u00e9m usar molduras, stickers e efeitos especiais pela C\u00e2mera do Messenger com o tema do orgulho LGBTQ. Download: Imagens e v\u00eddeos\" \/>\n<meta property=\"og:url\" content=\"https:\/\/about.fb.com\/br\/news\/2017\/06\/facebook-comemora-o-mes-do-orgulho-lgbtq\/\" \/>\n<meta property=\"og:site_name\" content=\"Sobre a Meta\" \/>\n<meta property=\"article:published_time\" content=\"2017-06-14T19:04:07+00:00\" \/>\n<meta property=\"article:modified_time\" content=\"2021-06-17T13:10:47+00:00\" \/>\n<meta property=\"og:image\" content=\"https:\/\/about.fb.com\/br\/wp-content\/uploads\/sites\/3\/2017\/06\/pride_reaction-1.png\" \/>\n<meta name=\"author\" content=\"facebookbr\" \/>\n<meta name=\"twitter:card\" content=\"summary_large_image\" \/>\n<meta name=\"twitter:label1\" content=\"Written by\" \/>\n\t<meta name=\"twitter:data1\" content=\"Meta\" \/>\n\t<meta name=\"twitter:label2\" content=\"Est. reading time\" \/>\n\t<meta name=\"twitter:data2\" content=\"2 minutos\" \/>\n<script type=\"application\/ld+json\" class=\"yoast-schema-graph\">{\"@context\":\"https:\/\/schema.org\",\"@graph\":[{\"@type\":\"Article\",\"@id\":\"https:\/\/about.fb.com\/br\/news\/2017\/06\/facebook-comemora-o-mes-do-orgulho-lgbtq\/#article\",\"isPartOf\":{\"@id\":\"https:\/\/about.fb.com\/br\/news\/2017\/06\/facebook-comemora-o-mes-do-orgulho-lgbtq\/\"},\"author\":\"Facebook company\",\"headline\":\"Facebook comemora o m\u00eas do orgulho LGBTQ\",\"datePublished\":\"2017-06-14T19:04:07+00:00\",\"dateModified\":\"2021-06-17T13:10:47+00:00\",\"mainEntityOfPage\":{\"@id\":\"https:\/\/about.fb.com\/br\/news\/2017\/06\/facebook-comemora-o-mes-do-orgulho-lgbtq\/\"},\"wordCount\":346,\"publisher\":{\"@id\":\"https:\/\/about.fb.com\/br\/#organization\"},\"image\":{\"@id\":\"https:\/\/about.fb.com\/br\/news\/2017\/06\/facebook-comemora-o-mes-do-orgulho-lgbtq\/#primaryimage\"},\"thumbnailUrl\":\"https:\/\/about.fb.com\/br\/wp-content\/uploads\/sites\/3\/2017\/06\/pride_reaction-1.png\",\"keywords\":[\"Facebook Camera\",\"LGBTQ\",\"Pride\"],\"articleSection\":[\"Recent News\"],\"inLanguage\":\"pt-BR\"},{\"@type\":\"WebPage\",\"@id\":\"https:\/\/about.fb.com\/br\/news\/2017\/06\/facebook-comemora-o-mes-do-orgulho-lgbtq\/\",\"url\":\"https:\/\/about.fb.com\/br\/news\/2017\/06\/facebook-comemora-o-mes-do-orgulho-lgbtq\/\",\"name\":\"Facebook comemora o m\u00eas do orgulho LGBTQ | Sobre a Meta\",\"isPartOf\":{\"@id\":\"https:\/\/about.fb.com\/br\/#website\"},\"primaryImageOfPage\":{\"@id\":\"https:\/\/about.fb.com\/br\/news\/2017\/06\/facebook-comemora-o-mes-do-orgulho-lgbtq\/#primaryimage\"},\"image\":{\"@id\":\"https:\/\/about.fb.com\/br\/news\/2017\/06\/facebook-comemora-o-mes-do-orgulho-lgbtq\/#primaryimage\"},\"thumbnailUrl\":\"https:\/\/about.fb.com\/br\/wp-content\/uploads\/sites\/3\/2017\/06\/pride_reaction-1.png\",\"datePublished\":\"2017-06-14T19:04:07+00:00\",\"dateModified\":\"2021-06-17T13:10:47+00:00\",\"breadcrumb\":{\"@id\":\"https:\/\/about.fb.com\/br\/news\/2017\/06\/facebook-comemora-o-mes-do-orgulho-lgbtq\/#breadcrumb\"},\"inLanguage\":\"pt-BR\",\"potentialAction\":[{\"@type\":\"ReadAction\",\"target\":[\"https:\/\/about.fb.com\/br\/news\/2017\/06\/facebook-comemora-o-mes-do-orgulho-lgbtq\/\"]}],\"author\":\"Sobre a Meta\"},{\"@type\":\"ImageObject\",\"inLanguage\":\"pt-BR\",\"@id\":\"https:\/\/about.fb.com\/br\/news\/2017\/06\/facebook-comemora-o-mes-do-orgulho-lgbtq\/#primaryimage\",\"url\":\"https:\/\/about.fb.com\/br\/wp-content\/uploads\/sites\/3\/2017\/06\/pride_reaction-1.png\",\"contentUrl\":\"https:\/\/about.fb.com\/br\/wp-content\/uploads\/sites\/3\/2017\/06\/pride_reaction-1.png\"},{\"@type\":\"BreadcrumbList\",\"@id\":\"https:\/\/about.fb.com\/br\/news\/2017\/06\/facebook-comemora-o-mes-do-orgulho-lgbtq\/#breadcrumb\",\"itemListElement\":[{\"@type\":\"ListItem\",\"position\":1,\"name\":\"Home\",\"item\":\"https:\/\/about.fb.com\/br\/\"},{\"@type\":\"ListItem\",\"position\":2,\"name\":\"Facebook comemora o m\u00eas do orgulho LGBTQ\"}]},{\"@type\":\"WebSite\",\"@id\":\"https:\/\/about.fb.com\/br\/#website\",\"url\":\"https:\/\/about.fb.com\/news\/\",\"name\":\"Sobre a Meta\",\"description\":\"\",\"publisher\":{\"@id\":\"https:\/\/about.fb.com\/br\/#organization\"},\"potentialAction\":[{\"@type\":\"SearchAction\",\"target\":{\"@type\":\"EntryPoint\",\"urlTemplate\":\"https:\/\/about.fb.com\/br\/?s={search_term_string}\"},\"query-input\":{\"@type\":\"PropertyValueSpecification\",\"valueRequired\":true,\"valueName\":\"search_term_string\"}}],\"inLanguage\":\"pt-BR\",\"alternateName\":[\"Meta Newsroom\",\"Meta\"]},{\"@type\":\"Organization\",\"@id\":\"https:\/\/about.fb.com\/br\/#organization\",\"name\":\"Meta\",\"url\":\"https:\/\/about.fb.com\/br\/\",\"logo\":{\"@type\":\"ImageObject\",\"inLanguage\":\"pt-BR\",\"@id\":\"https:\/\/about.fb.com\/br\/#\/schema\/logo\/image\/\",\"url\":\"https:\/\/about.fb.com\/br\/wp-content\/uploads\/sites\/11\/2021\/10\/meta-social-16x9-1.jpg?fit=8000%2C4500\",\"contentUrl\":\"https:\/\/about.fb.com\/br\/wp-content\/uploads\/sites\/11\/2021\/10\/meta-social-16x9-1.jpg?fit=8000%2C4500\",\"width\":8000,\"height\":4500,\"caption\":\"Meta\"},\"image\":{\"@id\":\"https:\/\/about.fb.com\/br\/#\/schema\/logo\/image\/\"}}]}<\/script>\n<!-- \/ Yoast SEO plugin. -->","yoast_head_json":{"title":"Facebook comemora o m\u00eas do orgulho LGBTQ | Sobre a Meta","robots":{"index":"index","follow":"follow","max-snippet":"max-snippet:-1","max-image-preview":"max-image-preview:large","max-video-preview":"max-video-preview:-1"},"canonical":"https:\/\/about.fb.com\/br\/news\/2017\/06\/facebook-comemora-o-mes-do-orgulho-lgbtq\/","og_locale":"pt_BR","og_type":"article","og_title":"Facebook comemora o m\u00eas do orgulho LGBTQ | Sobre a Meta","og_description":"Molduras, uma nova rea\u00e7\u00e3o de arco-\u00edris e filtros s\u00e3o lan\u00e7ados para celebrar a data As celebra\u00e7\u00f5es do orgulho LGBTQ come\u00e7aram em todo o mundo, e o Facebook orgulha-se de apoiar uma comunidade diversa, incluindo aqueles que se identificaram no Facebook como gay, l\u00e9sbica, bissexual, transg\u00eaneros ou de g\u00eanero n\u00e3o conforme. Mais de 12 milh\u00f5es de pessoas em todo o mundo participam de um dos 76 mil Grupos do Facebook em apoio \u00e0 comunidade LGBTQ, e mais de 1,5 milh\u00e3o de pessoas planejam participar este ano de um dos mais de 7.500 eventos relacionados ao Orgulho LGBTQ no Facebook. O Facebook traz novos recursos ao Brasil para que as pessoas demonstrem seu orgulho e apoio para a comunidade LGBTQ na plataforma: Reaja com Orgulho: As pessoas podem visualizar e utilizar o novo bot\u00e3o de rea\u00e7\u00e3o de \u201cOrgulho\u201d com o s\u00edmbolo do arco-\u00edris, que ficar\u00e1 dispon\u00edvel at\u00e9 o final do m\u00eas de junho. Para usar, basta curtir a P\u00e1gina LGBTQ@Facebook para ativar a op\u00e7\u00e3o de arco-\u00edris. Moldura para as fotos de perfil: Durante todo o m\u00eas de junho, voc\u00ea poder\u00e1 adicionar uma moldura colorida com o tema de arco-\u00edris para celebrar o Orgulho LGBTQ. Voc\u00ea pode acessar a nova moldura visitando o link: https:\/\/facebook.com\/celebratepride. Personalize suas fotos: A partir desta semana, a C\u00e2mera do Facebook trar\u00e1 tamb\u00e9m m\u00e1scaras e molduras coloridas com tema do orgulho LGBTQ. Na tela inicial do seu Feed de Not\u00edcias no aplicativo do Facebook, deslize a tela direita e clique no \u00edcone da varinha m\u00e1gica para ver os efeitos dispon\u00edveis na categoria de m\u00e1scaras e molduras. As op\u00e7\u00f5es ficar\u00e3o dispon\u00edveis para todos at\u00e9 o final do m\u00eas de junho. Celebre com o Messenger: Nesse per\u00edodo ser\u00e1 poss\u00edvel tamb\u00e9m usar molduras, stickers e efeitos especiais pela C\u00e2mera do Messenger com o tema do orgulho LGBTQ. Download: Imagens e v\u00eddeos","og_url":"https:\/\/about.fb.com\/br\/news\/2017\/06\/facebook-comemora-o-mes-do-orgulho-lgbtq\/","og_site_name":"Sobre a Meta","article_published_time":"2017-06-14T19:04:07+00:00","article_modified_time":"2021-06-17T13:10:47+00:00","og_image":[{"url":"https:\/\/about.fb.com\/br\/wp-content\/uploads\/sites\/3\/2017\/06\/pride_reaction-1.png","type":"","width":"","height":""}],"author":"facebookbr","twitter_card":"summary_large_image","twitter_misc":{"Written by":"Meta","Est. reading time":"2 minutos"},"schema":{"@context":"https:\/\/schema.org","@graph":[{"@type":"Article","@id":"https:\/\/about.fb.com\/br\/news\/2017\/06\/facebook-comemora-o-mes-do-orgulho-lgbtq\/#article","isPartOf":{"@id":"https:\/\/about.fb.com\/br\/news\/2017\/06\/facebook-comemora-o-mes-do-orgulho-lgbtq\/"},"author":"Facebook company","headline":"Facebook comemora o m\u00eas do orgulho LGBTQ","datePublished":"2017-06-14T19:04:07+00:00","dateModified":"2021-06-17T13:10:47+00:00","mainEntityOfPage":{"@id":"https:\/\/about.fb.com\/br\/news\/2017\/06\/facebook-comemora-o-mes-do-orgulho-lgbtq\/"},"wordCount":346,"publisher":{"@id":"https:\/\/about.fb.com\/br\/#organization"},"image":{"@id":"https:\/\/about.fb.com\/br\/news\/2017\/06\/facebook-comemora-o-mes-do-orgulho-lgbtq\/#primaryimage"},"thumbnailUrl":"https:\/\/about.fb.com\/br\/wp-content\/uploads\/sites\/3\/2017\/06\/pride_reaction-1.png","keywords":["Facebook Camera","LGBTQ","Pride"],"articleSection":["Recent News"],"inLanguage":"pt-BR"},{"@type":"WebPage","@id":"https:\/\/about.fb.com\/br\/news\/2017\/06\/facebook-comemora-o-mes-do-orgulho-lgbtq\/","url":"https:\/\/about.fb.com\/br\/news\/2017\/06\/facebook-comemora-o-mes-do-orgulho-lgbtq\/","name":"Facebook comemora o m\u00eas do orgulho LGBTQ | Sobre a Meta","isPartOf":{"@id":"https:\/\/about.fb.com\/br\/#website"},"primaryImageOfPage":{"@id":"https:\/\/about.fb.com\/br\/news\/2017\/06\/facebook-comemora-o-mes-do-orgulho-lgbtq\/#primaryimage"},"image":{"@id":"https:\/\/about.fb.com\/br\/news\/2017\/06\/facebook-comemora-o-mes-do-orgulho-lgbtq\/#primaryimage"},"thumbnailUrl":"https:\/\/about.fb.com\/br\/wp-content\/uploads\/sites\/3\/2017\/06\/pride_reaction-1.png","datePublished":"2017-06-14T19:04:07+00:00","dateModified":"2021-06-17T13:10:47+00:00","breadcrumb":{"@id":"https:\/\/about.fb.com\/br\/news\/2017\/06\/facebook-comemora-o-mes-do-orgulho-lgbtq\/#breadcrumb"},"inLanguage":"pt-BR","potentialAction":[{"@type":"ReadAction","target":["https:\/\/about.fb.com\/br\/news\/2017\/06\/facebook-comemora-o-mes-do-orgulho-lgbtq\/"]}],"author":"Sobre a Meta"},{"@type":"ImageObject","inLanguage":"pt-BR","@id":"https:\/\/about.fb.com\/br\/news\/2017\/06\/facebook-comemora-o-mes-do-orgulho-lgbtq\/#primaryimage","url":"https:\/\/about.fb.com\/br\/wp-content\/uploads\/sites\/3\/2017\/06\/pride_reaction-1.png","contentUrl":"https:\/\/about.fb.com\/br\/wp-content\/uploads\/sites\/3\/2017\/06\/pride_reaction-1.png"},{"@type":"BreadcrumbList","@id":"https:\/\/about.fb.com\/br\/news\/2017\/06\/facebook-comemora-o-mes-do-orgulho-lgbtq\/#breadcrumb","itemListElement":[{"@type":"ListItem","position":1,"name":"Home","item":"https:\/\/about.fb.com\/br\/"},{"@type":"ListItem","position":2,"name":"Facebook comemora o m\u00eas do orgulho LGBTQ"}]},{"@type":"WebSite","@id":"https:\/\/about.fb.com\/br\/#website","url":"https:\/\/about.fb.com\/news\/","name":"Sobre a Meta","description":"","publisher":{"@id":"https:\/\/about.fb.com\/br\/#organization"},"potentialAction":[{"@type":"SearchAction","target":{"@type":"EntryPoint","urlTemplate":"https:\/\/about.fb.com\/br\/?s={search_term_string}"},"query-input":{"@type":"PropertyValueSpecification","valueRequired":true,"valueName":"search_term_string"}}],"inLanguage":"pt-BR","alternateName":["Meta Newsroom","Meta"]},{"@type":"Organization","@id":"https:\/\/about.fb.com\/br\/#organization","name":"Meta","url":"https:\/\/about.fb.com\/br\/","logo":{"@type":"ImageObject","inLanguage":"pt-BR","@id":"https:\/\/about.fb.com\/br\/#\/schema\/logo\/image\/","url":"https:\/\/about.fb.com\/br\/wp-content\/uploads\/sites\/11\/2021\/10\/meta-social-16x9-1.jpg?fit=8000%2C4500","contentUrl":"https:\/\/about.fb.com\/br\/wp-content\/uploads\/sites\/11\/2021\/10\/meta-social-16x9-1.jpg?fit=8000%2C4500","width":8000,"height":4500,"caption":"Meta"},"image":{"@id":"https:\/\/about.fb.com\/br\/#\/schema\/logo\/image\/"}}]}},"jetpack_featured_media_url":"","jetpack-related-posts":[{"id":26927,"url":"https:\/\/about.fb.com\/br\/news\/2026\/01\/anuncios-no-threads-um-ano-depois-agora-alcancando-todos-os-usuarios-e-mercados-globalmente\/","url_meta":{"origin":6044,"position":0},"title":"An\u00fancios no Threads: um ano depois \u2013 agora alcan\u00e7ando todos os usu\u00e1rios e mercados globalmente","author":"Meta","date":"21\/01\/2026","format":false,"excerpt":"Dois anos ap\u00f3s seu lan\u00e7amento, o Threads deixou de ser apenas um novo aplicativo social para se tornar uma plataforma de conversas em r\u00e1pida expans\u00e3o, com comunidades e vozes pr\u00f3prias. Com mais de 400 milh\u00f5es de usu\u00e1rios ativos mensais, o Threads est\u00e1 se consolidando como um dos principais espa\u00e7os para\u2026","rel":"","context":"In &quot;Recent News&quot;","block_context":{"text":"Recent News","link":"https:\/\/about.fb.com\/br\/news\/category\/recent-news\/"},"img":{"alt_text":"","src":"https:\/\/about.fb.com\/br\/wp-content\/uploads\/sites\/11\/2026\/01\/download.gif?fit=640%2C360&resize=350%2C200","width":350,"height":200,"srcset":"https:\/\/about.fb.com\/br\/wp-content\/uploads\/sites\/11\/2026\/01\/download.gif?fit=640%2C360&resize=350%2C200 1x, https:\/\/about.fb.com\/br\/wp-content\/uploads\/sites\/11\/2026\/01\/download.gif?fit=640%2C360&resize=525%2C300 1.5x"},"classes":[]},{"id":26363,"url":"https:\/\/about.fb.com\/br\/news\/2025\/04\/nova-escola-esta-entre-os-vencedores-do-llama-impact-grants-usando-ia-para-impulsionar-educacao-publica-no-brasil\/","url_meta":{"origin":6044,"position":1},"title":"Nova Escola est\u00e1 entre os vencedores do Llama Impact Grants, usando IA para impulsionar educa\u00e7\u00e3o p\u00fablica no Brasil","author":"Meta","date":"29\/04\/2025","format":false,"excerpt":"Estamos animados em anunciar os 10 vencedores internacionais da segunda edi\u00e7\u00e3o do Llama Impact Grants. As bolsas somam mais de US$ 1,5 milh\u00e3o em premia\u00e7\u00f5es e t\u00eam como objetivo impulsionar a inova\u00e7\u00e3o em empresas, startups e universidades que utilizam o Llama para gerar valor econ\u00f4mico e social. Representando o Brasil\u2026","rel":"","context":"In &quot;Recent News&quot;","block_context":{"text":"Recent News","link":"https:\/\/about.fb.com\/br\/news\/category\/recent-news\/"},"img":{"alt_text":"","src":"https:\/\/about.fb.com\/br\/wp-content\/uploads\/sites\/11\/2025\/04\/Llama-Grant-Winners_Header.png?fit=1920%2C1080&resize=350%2C200","width":350,"height":200,"srcset":"https:\/\/about.fb.com\/br\/wp-content\/uploads\/sites\/11\/2025\/04\/Llama-Grant-Winners_Header.png?fit=1920%2C1080&resize=350%2C200 1x, https:\/\/about.fb.com\/br\/wp-content\/uploads\/sites\/11\/2025\/04\/Llama-Grant-Winners_Header.png?fit=1920%2C1080&resize=525%2C300 1.5x, https:\/\/about.fb.com\/br\/wp-content\/uploads\/sites\/11\/2025\/04\/Llama-Grant-Winners_Header.png?fit=1920%2C1080&resize=700%2C400 2x, https:\/\/about.fb.com\/br\/wp-content\/uploads\/sites\/11\/2025\/04\/Llama-Grant-Winners_Header.png?fit=1920%2C1080&resize=1050%2C600 3x, https:\/\/about.fb.com\/br\/wp-content\/uploads\/sites\/11\/2025\/04\/Llama-Grant-Winners_Header.png?fit=1920%2C1080&resize=1400%2C800 4x"},"classes":[]},{"id":26525,"url":"https:\/\/about.fb.com\/br\/news\/2025\/07\/combatendo-conteudo-nao-original-para-proteger-e-elevar-criadores-no-facebook\/","url_meta":{"origin":6044,"position":2},"title":"Combatendo conte\u00fado n\u00e3o original para proteger e elevar Criadores no Facebook","author":"Meta","date":"14\/07\/2025","format":false,"excerpt":"Acreditamos que os criadores devem ser celebrados por suas vozes e perspectivas \u00fanicas, e n\u00e3o ofuscados por imitadores e contas falsas. Recentemente, lan\u00e7amos uma iniciativa de longo prazo para tornar o Feed mais relevante e ajudar criadores aut\u00eanticos a se destacarem, come\u00e7ando pela redu\u00e7\u00e3o do conte\u00fado com spam. Estamos avan\u00e7ando\u2026","rel":"","context":"In &quot;Facebook&quot;","block_context":{"text":"Facebook","link":"https:\/\/about.fb.com\/br\/news\/category\/technologies\/facebook\/"},"img":{"alt_text":"","src":"https:\/\/about.fb.com\/br\/wp-content\/uploads\/sites\/11\/2025\/07\/Logo-Meta-1.jpg?fit=633%2C356&resize=350%2C200","width":350,"height":200,"srcset":"https:\/\/about.fb.com\/br\/wp-content\/uploads\/sites\/11\/2025\/07\/Logo-Meta-1.jpg?fit=633%2C356&resize=350%2C200 1x, https:\/\/about.fb.com\/br\/wp-content\/uploads\/sites\/11\/2025\/07\/Logo-Meta-1.jpg?fit=633%2C356&resize=525%2C300 1.5x"},"classes":[]},{"id":26118,"url":"https:\/\/about.fb.com\/br\/news\/2025\/01\/refletindo-sobre-o-investimento-de-us-8-bilhoes-da-meta-em-privacidade\/","url_meta":{"origin":6044,"position":3},"title":"Refletindo sobre o investimento de US$ 8 bilh\u00f5es da Meta em privacidade","author":"Meta","date":"28\/01\/2025","format":false,"excerpt":"Nos \u00faltimos anos, na Meta, destacamos o Dia da Privacidade de Dados com uma retrospectiva de nossos marcos de privacidade do ano anterior. Quando olhamos para tr\u00e1s, para nossas inova\u00e7\u00f5es tecnol\u00f3gicas de 2024, o denominador comum em todas elas \u00e9 uma base s\u00f3lida de privacidade. Essa base s\u00f3 foi poss\u00edvel\u2026","rel":"","context":"In &quot;Recent News&quot;","block_context":{"text":"Recent News","link":"https:\/\/about.fb.com\/br\/news\/category\/recent-news\/"},"img":{"alt_text":"","src":"","width":0,"height":0},"classes":[]},{"id":26214,"url":"https:\/\/about.fb.com\/br\/news\/2025\/03\/26214\/","url_meta":{"origin":6044,"position":4},"title":"Iniciando os testes para Notas da Comunidade no Facebook, Instagram e Threads","author":"Meta","date":"13\/03\/2025","format":false,"excerpt":"Em janeiro, a Meta anunciou que encerrar\u00e1 o programa com organiza\u00e7\u00f5es independentes de verifica\u00e7\u00e3o de fatos e passar\u00e1 a adotar um sistema de Notas da Comunidade baseado em colabora\u00e7\u00e3o coletiva, come\u00e7ando nos Estados Unidos. A partir de 18 de mar\u00e7o, vamos come\u00e7ar a testar essa nova abordagem, permitindo que os\u2026","rel":"","context":"In &quot;Recent News&quot;","block_context":{"text":"Recent News","link":"https:\/\/about.fb.com\/br\/news\/category\/recent-news\/"},"img":{"alt_text":"","src":"https:\/\/about.fb.com\/br\/wp-content\/uploads\/sites\/11\/2025\/03\/03_Rating_Carousel-030.jpg?resize=350%2C200","width":350,"height":200,"srcset":"https:\/\/about.fb.com\/br\/wp-content\/uploads\/sites\/11\/2025\/03\/03_Rating_Carousel-030.jpg?resize=350%2C200 1x, https:\/\/about.fb.com\/br\/wp-content\/uploads\/sites\/11\/2025\/03\/03_Rating_Carousel-030.jpg?resize=525%2C300 1.5x, https:\/\/about.fb.com\/br\/wp-content\/uploads\/sites\/11\/2025\/03\/03_Rating_Carousel-030.jpg?resize=700%2C400 2x, https:\/\/about.fb.com\/br\/wp-content\/uploads\/sites\/11\/2025\/03\/03_Rating_Carousel-030.jpg?resize=1050%2C600 3x, https:\/\/about.fb.com\/br\/wp-content\/uploads\/sites\/11\/2025\/03\/03_Rating_Carousel-030.jpg?resize=1400%2C800 4x"},"classes":[]},{"id":26720,"url":"https:\/\/about.fb.com\/br\/news\/2025\/10\/descubra-mais-reels-do-mundo-todo-com-traducao-da-meta-ai\/","url_meta":{"origin":6044,"position":5},"title":"Descubra Mais Reels do Mundo Todo com Tradu\u00e7\u00e3o da Meta AI","author":"Meta","date":"09\/10\/2025","format":false,"excerpt":"Imagine descobrir um reel que te faz rir, te inspira ou te ensina algo novo, n\u00e3o importa onde ele foi criado ou em que idioma foi gravado. Esse \u00e9 o futuro que estamos construindo na Meta. No m\u00eas passado, ampliamos o acesso \u00e0s tradu\u00e7\u00f5es entre ingl\u00eas e espanhol (e vice-versa)\u2026","rel":"","context":"In &quot;Facebook&quot;","block_context":{"text":"Facebook","link":"https:\/\/about.fb.com\/br\/news\/category\/technologies\/facebook\/"},"img":{"alt_text":"","src":"https:\/\/about.fb.com\/br\/wp-content\/uploads\/sites\/11\/2025\/10\/Hero-Image_pt_BR.png?fit=1400%2C1000&resize=350%2C200","width":350,"height":200,"srcset":"https:\/\/about.fb.com\/br\/wp-content\/uploads\/sites\/11\/2025\/10\/Hero-Image_pt_BR.png?fit=1400%2C1000&resize=350%2C200 1x, https:\/\/about.fb.com\/br\/wp-content\/uploads\/sites\/11\/2025\/10\/Hero-Image_pt_BR.png?fit=1400%2C1000&resize=525%2C300 1.5x, https:\/\/about.fb.com\/br\/wp-content\/uploads\/sites\/11\/2025\/10\/Hero-Image_pt_BR.png?fit=1400%2C1000&resize=700%2C400 2x, https:\/\/about.fb.com\/br\/wp-content\/uploads\/sites\/11\/2025\/10\/Hero-Image_pt_BR.png?fit=1400%2C1000&resize=1050%2C600 3x, https:\/\/about.fb.com\/br\/wp-content\/uploads\/sites\/11\/2025\/10\/Hero-Image_pt_BR.png?fit=1400%2C1000&resize=1400%2C800 4x"},"classes":[]}],"jetpack_sharing_enabled":true,"amp_enabled":true,"_links":{"self":[{"href":"https:\/\/about.fb.com\/br\/wp-json\/wp\/v2\/posts\/6044","targetHints":{"allow":["GET"]}}],"collection":[{"href":"https:\/\/about.fb.com\/br\/wp-json\/wp\/v2\/posts"}],"about":[{"href":"https:\/\/about.fb.com\/br\/wp-json\/wp\/v2\/types\/post"}],"author":[{"embeddable":true,"href":"https:\/\/about.fb.com\/br\/wp-json\/wp\/v2\/users\/81109636"}],"replies":[{"embeddable":true,"href":"https:\/\/about.fb.com\/br\/wp-json\/wp\/v2\/comments?post=6044"}],"version-history":[{"count":2,"href":"https:\/\/about.fb.com\/br\/wp-json\/wp\/v2\/posts\/6044\/revisions"}],"predecessor-version":[{"id":8066,"href":"https:\/\/about.fb.com\/br\/wp-json\/wp\/v2\/posts\/6044\/revisions\/8066"}],"wp:attachment":[{"href":"https:\/\/about.fb.com\/br\/wp-json\/wp\/v2\/media?parent=6044"}],"wp:term":[{"taxonomy":"category","embeddable":true,"href":"https:\/\/about.fb.com\/br\/wp-json\/wp\/v2\/categories?post=6044"},{"taxonomy":"post_tag","embeddable":true,"href":"https:\/\/about.fb.com\/br\/wp-json\/wp\/v2\/tags?post=6044"}],"curies":[{"name":"wp","href":"https:\/\/api.w.org\/{rel}","templated":true}]}}