{"id":6012,"date":"2017-06-01T12:58:09","date_gmt":"2017-06-01T15:58:09","guid":{"rendered":"http:\/\/br.newsroom.fb.com\/?p=6012"},"modified":"2021-06-17T10:10:48","modified_gmt":"2021-06-17T13:10:48","slug":"facebook-redesenha-pagina-de-configuracoes-de-seguranca","status":"publish","type":"post","link":"https:\/\/about.fb.com\/br\/news\/2017\/06\/facebook-redesenha-pagina-de-configuracoes-de-seguranca\/","title":{"rendered":"Facebook redesenha p\u00e1gina de configura\u00e7\u00f5es de seguran\u00e7a"},"content":{"rendered":"<p><img data-recalc-dims=\"1\" loading=\"lazy\" decoding=\"async\" class=\"aligncenter size-full wp-image-6013\" src=\"https:\/\/about.fb.com\/br\/wp-content\/uploads\/sites\/3\/2017\/06\/screen-shot-2017-06-01-at-12-50-33-pm-1.png?resize=882%2C326\" alt=\"\" width=\"882\" height=\"326\" \/> <i><\/i><\/p>\n<p><i>Por Heidi Shin, gerente de produto, Protect and Care<\/i><\/p>\n<p>No Facebook, trabalhamos o tempo todo para criar uma comunidade segura para as pessoas que usam nosso produtos. E seguran\u00e7a vai muito al\u00e9m de ter uma infraestrutura s\u00f3lida. Seguran\u00e7a significa tamb\u00e9m dar \u00e0s pessoas ferramentas simples e \u00fateis para ajud\u00e1-las a se proteger. Por isso, estamos disponibilizando uma nova p\u00e1gina para que voc\u00ea gerencie suas configura\u00e7\u00f5es de seguran\u00e7a, tornando mais f\u00e1cil o controle de sua prote\u00e7\u00e3o no Facebook.<\/p>\n<p>N\u00f3s sempre buscamos colocar as pessoas no centro das decis\u00f5es. Recentemente, fizemos pesquisas para compreender melhor como as pessoas usam as configura\u00e7\u00f5es de seguran\u00e7a oferecidas pelo Facebook. N\u00f3s identificamos dois temas comuns:<\/p>\n<ol>\n<li>As ferramentas mais importantes relacionadas \u00e0 seguran\u00e7a devem ser facilmente identificadas.<\/li>\n<li>As configura\u00e7\u00f5es de seguran\u00e7a precisam ser facilmente compreendidas.<\/li>\n<\/ol>\n<p><b>Destacando as op\u00e7\u00f5es de configura\u00e7\u00e3o<\/b><br \/>\nMuitas pessoas querem melhorar sua seguran\u00e7a, mas simplesmente n\u00e3o sabem por onde come\u00e7ar. Por essa raz\u00e3o, estamos destacando algumas ferramentas, para que elas fiquem mais acess\u00edveis \u00e0s pessoas.<\/p>\n<p>Agora, quando voc\u00ea entrar em sua p\u00e1gina de configura\u00e7\u00f5es de seguran\u00e7a, voc\u00ea ver\u00e1 itens como a autentica\u00e7\u00e3o em duas etapas do Facebook e os Contatos de Confian\u00e7a no topo das recomenda\u00e7\u00f5es da se\u00e7\u00e3o. Essas recomenda\u00e7\u00f5es s\u00e3o customizadas para atender \u00e0s necessidades de cada pessoa. N\u00f3s tamb\u00e9m agrupamos ferramentas similares em m\u00f3dulos, simplificando o layout da p\u00e1gina para um uso mais f\u00e1cil.<\/p>\n<p><b>Aumentando a usabilidade<\/b><br \/>\nTornamos os termos usados na nossa configura\u00e7\u00e3o de seguran\u00e7a mais consistentes com os de outros servi\u00e7os online. Nosso sistema de \u201cTwo-factor authentication\u201d (\u201cautentica\u00e7\u00e3o em duas etapas\u201d) era originalmente chamado de \u201clogin approvals\u201d (\u201caprova\u00e7\u00f5es de login\u201d). Ap\u00f3s nossa pesquisa mostrar que o termo mais conhecido era a express\u00e3o \u201cautentica\u00e7\u00e3o em duas etapas\u201d, ajustamos o nome da ferramenta na p\u00e1gina de configura\u00e7\u00e3o de seguran\u00e7a. O objetivo \u00e9 fazer com que as pessoas encontrem as funcionalidades mais facilmente e habilitem essas e outras fun\u00e7\u00f5es para ampliar sua seguran\u00e7a no Facebook, como fazem em outros servi\u00e7os online.<\/p>\n<p>Tamb\u00e9m analisamos fun\u00e7\u00f5es que as pessoas costumavam clicar, mas normalmente n\u00e3o habilitavam. Descobrimos que era a descri\u00e7\u00e3o da ferramenta, e n\u00e3o ela mesma, que estava desencorajando as pessoas a concluir a a\u00e7\u00e3o. Isso motivou um redesenho completo da se\u00e7\u00e3o \u201cOnde voc\u00ea est\u00e1 conectado\u201d, que agora tem um formato mais simples. A se\u00e7\u00e3o agora mostra diretamente o dispositivo, a localiza\u00e7\u00e3o e a data de login de cada lugar que voc\u00ea se conectou ao Facebook, ent\u00e3o voc\u00ea facilmente pode identificar se h\u00e1 algo errado ali.<\/p>\n<p>A colabora\u00e7\u00e3o entre engenharia, pesquisa, design e outras fun\u00e7\u00f5es \u00e9 fundamental para garantir uma formata\u00e7\u00e3o inteligente de produto. Mais que isso, \u00e9 essencial o envolvimento das pessoas que est\u00e3o usando esses produtos, ent\u00e3o vamos continuar a ouvir suas necessidades e usar o feedback que recebemos para melhorar as ferramentas que oferecemos. Para encontrar suas configura\u00e7\u00f5es no Facebook, clique na seta do lado superior direito da tela, selecione \u201cConfigura\u00e7\u00f5es\u201d e, ent\u00e3o, clique em \u201cSeguran\u00e7a\u201d na barra de op\u00e7\u00f5es do lado esquerdo da tela. Se tiver coment\u00e1rios ou quiser aprender mais sobre como se manter seguro no Facebook, visite nossa P\u00e1gina de Seguran\u00e7a: <a href=\"https:\/\/l.facebook.com\/l.php?u=https%3A%2F%2Furldefense.proofpoint.com%2Fv2%2Furl%3Fu%3Dhttps-3A__www.facebook.com_security_%26d%3DDwMGaQ%26c%3DW8uiIUydLnv14aAum3Oieg%26r%3DfCQn_fS327HMj33lQPpBUo4uuEBIB2QOuZe1WjsGu8E%26m%3D1ZOLA-xiCsYNWUO2UbpEUqJ6LGEgWavT66Vxdquf5fs%26s%3DSLe5jnueCveEzD8wpXOGiFYqm8nUqP8fqDRAzOxKTLI%26e%3D&amp;h=ATPG-c1g_01s1HaSc09Asm0Owi_eQdMOcId8IyH_PSFzZsHvBfm0VKV4hloBHffIPT8f44KMWlDJNDLpXpRubc2gy5Q1rND6BgNAaOCcJpeTWQyuRAzDEPTOLMW87qjuC1PQ7up2bwb0VkHK0kdrse7BEu-OMUKU\">https:\/\/www.facebook.com\/security\/<\/a>.<\/p>\n","protected":false},"excerpt":{"rendered":"Por Heidi Shin, gerente de produto, Protect and Care No Facebook, trabalhamos o tempo todo para criar uma comunidade segura para as pessoas que usam nosso produtos. E seguran\u00e7a vai muito al\u00e9m de ter uma infraestrutura s\u00f3lida. Seguran\u00e7a significa tamb\u00e9m dar \u00e0s pessoas ferramentas simples e \u00fateis para ajud\u00e1-las a se proteger. Por isso, estamos disponibilizando uma nova p\u00e1gina para que voc\u00ea gerencie suas configura\u00e7\u00f5es de seguran\u00e7a, tornando mais f\u00e1cil o controle de sua prote\u00e7\u00e3o no Facebook. N\u00f3s sempre buscamos colocar as pessoas no centro das decis\u00f5es. Recentemente, fizemos pesquisas para compreender melhor como as pessoas usam as configura\u00e7\u00f5es de seguran\u00e7a oferecidas pelo Facebook. N\u00f3s identificamos dois temas comuns: As ferramentas mais importantes relacionadas \u00e0 seguran\u00e7a devem ser facilmente identificadas. As configura\u00e7\u00f5es de seguran\u00e7a precisam ser facilmente compreendidas. Destacando as op\u00e7\u00f5es de configura\u00e7\u00e3o Muitas pessoas querem melhorar sua seguran\u00e7a, mas simplesmente n\u00e3o sabem por onde come\u00e7ar. Por essa raz\u00e3o, estamos destacando algumas ferramentas, para que elas fiquem mais acess\u00edveis \u00e0s pessoas. Agora, quando voc\u00ea entrar em sua p\u00e1gina de configura\u00e7\u00f5es de seguran\u00e7a, voc\u00ea ver\u00e1 itens como a autentica\u00e7\u00e3o em duas etapas do Facebook e os Contatos de Confian\u00e7a no topo das recomenda\u00e7\u00f5es da se\u00e7\u00e3o. Essas recomenda\u00e7\u00f5es s\u00e3o customizadas para atender \u00e0s necessidades de cada pessoa. N\u00f3s tamb\u00e9m agrupamos ferramentas similares em m\u00f3dulos, simplificando o layout da p\u00e1gina para um uso mais f\u00e1cil. Aumentando a usabilidade Tornamos os termos usados na nossa configura\u00e7\u00e3o de seguran\u00e7a mais consistentes com os de outros servi\u00e7os online. Nosso sistema de \u201cTwo-factor authentication\u201d (\u201cautentica\u00e7\u00e3o em duas etapas\u201d) era originalmente chamado de \u201clogin approvals\u201d (\u201caprova\u00e7\u00f5es de login\u201d). Ap\u00f3s nossa pesquisa mostrar que o termo mais conhecido era a express\u00e3o \u201cautentica\u00e7\u00e3o em duas etapas\u201d, ajustamos o nome da ferramenta na p\u00e1gina de configura\u00e7\u00e3o de seguran\u00e7a. O objetivo \u00e9 fazer com que as pessoas encontrem as funcionalidades mais facilmente e habilitem essas e outras fun\u00e7\u00f5es para ampliar sua seguran\u00e7a no Facebook, como fazem em outros servi\u00e7os online. Tamb\u00e9m analisamos fun\u00e7\u00f5es que as pessoas costumavam clicar, mas normalmente n\u00e3o habilitavam. Descobrimos que era a descri\u00e7\u00e3o da ferramenta, e n\u00e3o ela mesma, que estava desencorajando as pessoas a concluir a a\u00e7\u00e3o. Isso motivou um redesenho completo da se\u00e7\u00e3o \u201cOnde voc\u00ea est\u00e1 conectado\u201d, que agora tem um formato mais simples. A se\u00e7\u00e3o agora mostra diretamente o dispositivo, a localiza\u00e7\u00e3o e a data de login de cada lugar que voc\u00ea se conectou ao Facebook, ent\u00e3o voc\u00ea facilmente pode identificar se h\u00e1 algo errado ali. A colabora\u00e7\u00e3o entre engenharia, pesquisa, design e outras fun\u00e7\u00f5es \u00e9 fundamental para garantir uma formata\u00e7\u00e3o inteligente de produto. Mais que isso, \u00e9 essencial o envolvimento das pessoas que est\u00e3o usando esses produtos, ent\u00e3o vamos continuar a ouvir suas necessidades e usar o feedback que recebemos para melhorar as ferramentas que oferecemos. Para encontrar suas configura\u00e7\u00f5es no Facebook, clique na seta do lado superior direito da tela, selecione \u201cConfigura\u00e7\u00f5es\u201d e, ent\u00e3o, clique em \u201cSeguran\u00e7a\u201d na barra de op\u00e7\u00f5es do lado esquerdo da tela. Se tiver coment\u00e1rios ou quiser aprender mais sobre como se manter seguro no Facebook, visite nossa P\u00e1gina de Seguran\u00e7a: <a href=\"https:\/\/www.facebook.com\/security\/\" rel=\"nofollow\">https:\/\/www.facebook.com\/security\/<\/a>.","protected":false},"author":81109636,"featured_media":0,"comment_status":"closed","ping_status":"closed","sticky":false,"template":"","format":"standard","meta":{"_jetpack_memberships_contains_paid_content":false,"footnotes":""},"categories":[1],"tags":[396541886,17789372],"class_list":["post-6012","post","type-post","status-publish","format-standard","hentry","category-recent-news","tag-central-de-seguranca","tag-verificacao-de-seguranca"],"yoast_head":"<!-- This site is optimized with the Yoast SEO plugin v27.2 - https:\/\/yoast.com\/product\/yoast-seo-wordpress\/ -->\n<title>Facebook redesenha p\u00e1gina de configura\u00e7\u00f5es de seguran\u00e7a | Sobre a Meta<\/title>\n<meta name=\"robots\" content=\"index, follow, max-snippet:-1, max-image-preview:large, max-video-preview:-1\" \/>\n<link rel=\"canonical\" href=\"https:\/\/about.fb.com\/br\/news\/2017\/06\/facebook-redesenha-pagina-de-configuracoes-de-seguranca\/\" \/>\n<meta property=\"og:locale\" content=\"pt_BR\" \/>\n<meta property=\"og:type\" content=\"article\" \/>\n<meta property=\"og:title\" content=\"Facebook redesenha p\u00e1gina de configura\u00e7\u00f5es de seguran\u00e7a | Sobre a Meta\" \/>\n<meta property=\"og:description\" content=\"Por Heidi Shin, gerente de produto, Protect and Care No Facebook, trabalhamos o tempo todo para criar uma comunidade segura para as pessoas que usam nosso produtos. E seguran\u00e7a vai muito al\u00e9m de ter uma infraestrutura s\u00f3lida. Seguran\u00e7a significa tamb\u00e9m dar \u00e0s pessoas ferramentas simples e \u00fateis para ajud\u00e1-las a se proteger. Por isso, estamos disponibilizando uma nova p\u00e1gina para que voc\u00ea gerencie suas configura\u00e7\u00f5es de seguran\u00e7a, tornando mais f\u00e1cil o controle de sua prote\u00e7\u00e3o no Facebook. N\u00f3s sempre buscamos colocar as pessoas no centro das decis\u00f5es. Recentemente, fizemos pesquisas para compreender melhor como as pessoas usam as configura\u00e7\u00f5es de seguran\u00e7a oferecidas pelo Facebook. N\u00f3s identificamos dois temas comuns: As ferramentas mais importantes relacionadas \u00e0 seguran\u00e7a devem ser facilmente identificadas. As configura\u00e7\u00f5es de seguran\u00e7a precisam ser facilmente compreendidas. Destacando as op\u00e7\u00f5es de configura\u00e7\u00e3o Muitas pessoas querem melhorar sua seguran\u00e7a, mas simplesmente n\u00e3o sabem por onde come\u00e7ar. Por essa raz\u00e3o, estamos destacando algumas ferramentas, para que elas fiquem mais acess\u00edveis \u00e0s pessoas. Agora, quando voc\u00ea entrar em sua p\u00e1gina de configura\u00e7\u00f5es de seguran\u00e7a, voc\u00ea ver\u00e1 itens como a autentica\u00e7\u00e3o em duas etapas do Facebook e os Contatos de Confian\u00e7a no topo das recomenda\u00e7\u00f5es da se\u00e7\u00e3o. Essas recomenda\u00e7\u00f5es s\u00e3o customizadas para atender \u00e0s necessidades de cada pessoa. N\u00f3s tamb\u00e9m agrupamos ferramentas similares em m\u00f3dulos, simplificando o layout da p\u00e1gina para um uso mais f\u00e1cil. Aumentando a usabilidade Tornamos os termos usados na nossa configura\u00e7\u00e3o de seguran\u00e7a mais consistentes com os de outros servi\u00e7os online. Nosso sistema de \u201cTwo-factor authentication\u201d (\u201cautentica\u00e7\u00e3o em duas etapas\u201d) era originalmente chamado de \u201clogin approvals\u201d (\u201caprova\u00e7\u00f5es de login\u201d). Ap\u00f3s nossa pesquisa mostrar que o termo mais conhecido era a express\u00e3o \u201cautentica\u00e7\u00e3o em duas etapas\u201d, ajustamos o nome da ferramenta na p\u00e1gina de configura\u00e7\u00e3o de seguran\u00e7a. O objetivo \u00e9 fazer com que as pessoas encontrem as funcionalidades mais facilmente e habilitem essas e outras fun\u00e7\u00f5es para ampliar sua seguran\u00e7a no Facebook, como fazem em outros servi\u00e7os online. Tamb\u00e9m analisamos fun\u00e7\u00f5es que as pessoas costumavam clicar, mas normalmente n\u00e3o habilitavam. Descobrimos que era a descri\u00e7\u00e3o da ferramenta, e n\u00e3o ela mesma, que estava desencorajando as pessoas a concluir a a\u00e7\u00e3o. Isso motivou um redesenho completo da se\u00e7\u00e3o \u201cOnde voc\u00ea est\u00e1 conectado\u201d, que agora tem um formato mais simples. A se\u00e7\u00e3o agora mostra diretamente o dispositivo, a localiza\u00e7\u00e3o e a data de login de cada lugar que voc\u00ea se conectou ao Facebook, ent\u00e3o voc\u00ea facilmente pode identificar se h\u00e1 algo errado ali. A colabora\u00e7\u00e3o entre engenharia, pesquisa, design e outras fun\u00e7\u00f5es \u00e9 fundamental para garantir uma formata\u00e7\u00e3o inteligente de produto. Mais que isso, \u00e9 essencial o envolvimento das pessoas que est\u00e3o usando esses produtos, ent\u00e3o vamos continuar a ouvir suas necessidades e usar o feedback que recebemos para melhorar as ferramentas que oferecemos. Para encontrar suas configura\u00e7\u00f5es no Facebook, clique na seta do lado superior direito da tela, selecione \u201cConfigura\u00e7\u00f5es\u201d e, ent\u00e3o, clique em \u201cSeguran\u00e7a\u201d na barra de op\u00e7\u00f5es do lado esquerdo da tela. Se tiver coment\u00e1rios ou quiser aprender mais sobre como se manter seguro no Facebook, visite nossa P\u00e1gina de Seguran\u00e7a: https:\/\/www.facebook.com\/security\/.\" \/>\n<meta property=\"og:url\" content=\"https:\/\/about.fb.com\/br\/news\/2017\/06\/facebook-redesenha-pagina-de-configuracoes-de-seguranca\/\" \/>\n<meta property=\"og:site_name\" content=\"Sobre a Meta\" \/>\n<meta property=\"article:published_time\" content=\"2017-06-01T15:58:09+00:00\" \/>\n<meta property=\"article:modified_time\" content=\"2021-06-17T13:10:48+00:00\" \/>\n<meta property=\"og:image\" content=\"https:\/\/about.fb.com\/br\/wp-content\/uploads\/sites\/3\/2017\/06\/screen-shot-2017-06-01-at-12-50-33-pm-1.png\" \/>\n<meta name=\"author\" content=\"facebookbr\" \/>\n<meta name=\"twitter:card\" content=\"summary_large_image\" \/>\n<meta name=\"twitter:label1\" content=\"Written by\" \/>\n\t<meta name=\"twitter:data1\" content=\"Meta\" \/>\n\t<meta name=\"twitter:label2\" content=\"Est. reading time\" \/>\n\t<meta name=\"twitter:data2\" content=\"3 minutos\" \/>\n<script type=\"application\/ld+json\" class=\"yoast-schema-graph\">{\"@context\":\"https:\/\/schema.org\",\"@graph\":[{\"@type\":\"Article\",\"@id\":\"https:\/\/about.fb.com\/br\/news\/2017\/06\/facebook-redesenha-pagina-de-configuracoes-de-seguranca\/#article\",\"isPartOf\":{\"@id\":\"https:\/\/about.fb.com\/br\/news\/2017\/06\/facebook-redesenha-pagina-de-configuracoes-de-seguranca\/\"},\"author\":\"Facebook company\",\"headline\":\"Facebook redesenha p\u00e1gina de configura\u00e7\u00f5es de seguran\u00e7a\",\"datePublished\":\"2017-06-01T15:58:09+00:00\",\"dateModified\":\"2021-06-17T13:10:48+00:00\",\"mainEntityOfPage\":{\"@id\":\"https:\/\/about.fb.com\/br\/news\/2017\/06\/facebook-redesenha-pagina-de-configuracoes-de-seguranca\/\"},\"wordCount\":590,\"publisher\":{\"@id\":\"https:\/\/about.fb.com\/br\/#organization\"},\"image\":{\"@id\":\"https:\/\/about.fb.com\/br\/news\/2017\/06\/facebook-redesenha-pagina-de-configuracoes-de-seguranca\/#primaryimage\"},\"thumbnailUrl\":\"https:\/\/about.fb.com\/br\/wp-content\/uploads\/sites\/3\/2017\/06\/screen-shot-2017-06-01-at-12-50-33-pm-1.png\",\"keywords\":[\"Central de seguran\u00e7a\",\"Verifica\u00e7\u00e3o de seguran\u00e7a\"],\"articleSection\":[\"Recent News\"],\"inLanguage\":\"pt-BR\"},{\"@type\":\"WebPage\",\"@id\":\"https:\/\/about.fb.com\/br\/news\/2017\/06\/facebook-redesenha-pagina-de-configuracoes-de-seguranca\/\",\"url\":\"https:\/\/about.fb.com\/br\/news\/2017\/06\/facebook-redesenha-pagina-de-configuracoes-de-seguranca\/\",\"name\":\"Facebook redesenha p\u00e1gina de configura\u00e7\u00f5es de seguran\u00e7a | Sobre a Meta\",\"isPartOf\":{\"@id\":\"https:\/\/about.fb.com\/br\/#website\"},\"primaryImageOfPage\":{\"@id\":\"https:\/\/about.fb.com\/br\/news\/2017\/06\/facebook-redesenha-pagina-de-configuracoes-de-seguranca\/#primaryimage\"},\"image\":{\"@id\":\"https:\/\/about.fb.com\/br\/news\/2017\/06\/facebook-redesenha-pagina-de-configuracoes-de-seguranca\/#primaryimage\"},\"thumbnailUrl\":\"https:\/\/about.fb.com\/br\/wp-content\/uploads\/sites\/3\/2017\/06\/screen-shot-2017-06-01-at-12-50-33-pm-1.png\",\"datePublished\":\"2017-06-01T15:58:09+00:00\",\"dateModified\":\"2021-06-17T13:10:48+00:00\",\"breadcrumb\":{\"@id\":\"https:\/\/about.fb.com\/br\/news\/2017\/06\/facebook-redesenha-pagina-de-configuracoes-de-seguranca\/#breadcrumb\"},\"inLanguage\":\"pt-BR\",\"potentialAction\":[{\"@type\":\"ReadAction\",\"target\":[\"https:\/\/about.fb.com\/br\/news\/2017\/06\/facebook-redesenha-pagina-de-configuracoes-de-seguranca\/\"]}],\"author\":\"Sobre a Meta\"},{\"@type\":\"ImageObject\",\"inLanguage\":\"pt-BR\",\"@id\":\"https:\/\/about.fb.com\/br\/news\/2017\/06\/facebook-redesenha-pagina-de-configuracoes-de-seguranca\/#primaryimage\",\"url\":\"https:\/\/about.fb.com\/br\/wp-content\/uploads\/sites\/3\/2017\/06\/screen-shot-2017-06-01-at-12-50-33-pm-1.png\",\"contentUrl\":\"https:\/\/about.fb.com\/br\/wp-content\/uploads\/sites\/3\/2017\/06\/screen-shot-2017-06-01-at-12-50-33-pm-1.png\"},{\"@type\":\"BreadcrumbList\",\"@id\":\"https:\/\/about.fb.com\/br\/news\/2017\/06\/facebook-redesenha-pagina-de-configuracoes-de-seguranca\/#breadcrumb\",\"itemListElement\":[{\"@type\":\"ListItem\",\"position\":1,\"name\":\"Home\",\"item\":\"https:\/\/about.fb.com\/br\/\"},{\"@type\":\"ListItem\",\"position\":2,\"name\":\"Facebook redesenha p\u00e1gina de configura\u00e7\u00f5es de seguran\u00e7a\"}]},{\"@type\":\"WebSite\",\"@id\":\"https:\/\/about.fb.com\/br\/#website\",\"url\":\"https:\/\/about.fb.com\/news\/\",\"name\":\"Sobre a Meta\",\"description\":\"\",\"publisher\":{\"@id\":\"https:\/\/about.fb.com\/br\/#organization\"},\"potentialAction\":[{\"@type\":\"SearchAction\",\"target\":{\"@type\":\"EntryPoint\",\"urlTemplate\":\"https:\/\/about.fb.com\/br\/?s={search_term_string}\"},\"query-input\":{\"@type\":\"PropertyValueSpecification\",\"valueRequired\":true,\"valueName\":\"search_term_string\"}}],\"inLanguage\":\"pt-BR\",\"alternateName\":[\"Meta Newsroom\",\"Meta\"]},{\"@type\":\"Organization\",\"@id\":\"https:\/\/about.fb.com\/br\/#organization\",\"name\":\"Meta\",\"url\":\"https:\/\/about.fb.com\/br\/\",\"logo\":{\"@type\":\"ImageObject\",\"inLanguage\":\"pt-BR\",\"@id\":\"https:\/\/about.fb.com\/br\/#\/schema\/logo\/image\/\",\"url\":\"https:\/\/about.fb.com\/br\/wp-content\/uploads\/sites\/11\/2021\/10\/meta-social-16x9-1.jpg?fit=8000%2C4500\",\"contentUrl\":\"https:\/\/about.fb.com\/br\/wp-content\/uploads\/sites\/11\/2021\/10\/meta-social-16x9-1.jpg?fit=8000%2C4500\",\"width\":8000,\"height\":4500,\"caption\":\"Meta\"},\"image\":{\"@id\":\"https:\/\/about.fb.com\/br\/#\/schema\/logo\/image\/\"}}]}<\/script>\n<!-- \/ Yoast SEO plugin. -->","yoast_head_json":{"title":"Facebook redesenha p\u00e1gina de configura\u00e7\u00f5es de seguran\u00e7a | Sobre a Meta","robots":{"index":"index","follow":"follow","max-snippet":"max-snippet:-1","max-image-preview":"max-image-preview:large","max-video-preview":"max-video-preview:-1"},"canonical":"https:\/\/about.fb.com\/br\/news\/2017\/06\/facebook-redesenha-pagina-de-configuracoes-de-seguranca\/","og_locale":"pt_BR","og_type":"article","og_title":"Facebook redesenha p\u00e1gina de configura\u00e7\u00f5es de seguran\u00e7a | Sobre a Meta","og_description":"Por Heidi Shin, gerente de produto, Protect and Care No Facebook, trabalhamos o tempo todo para criar uma comunidade segura para as pessoas que usam nosso produtos. E seguran\u00e7a vai muito al\u00e9m de ter uma infraestrutura s\u00f3lida. Seguran\u00e7a significa tamb\u00e9m dar \u00e0s pessoas ferramentas simples e \u00fateis para ajud\u00e1-las a se proteger. Por isso, estamos disponibilizando uma nova p\u00e1gina para que voc\u00ea gerencie suas configura\u00e7\u00f5es de seguran\u00e7a, tornando mais f\u00e1cil o controle de sua prote\u00e7\u00e3o no Facebook. N\u00f3s sempre buscamos colocar as pessoas no centro das decis\u00f5es. Recentemente, fizemos pesquisas para compreender melhor como as pessoas usam as configura\u00e7\u00f5es de seguran\u00e7a oferecidas pelo Facebook. N\u00f3s identificamos dois temas comuns: As ferramentas mais importantes relacionadas \u00e0 seguran\u00e7a devem ser facilmente identificadas. As configura\u00e7\u00f5es de seguran\u00e7a precisam ser facilmente compreendidas. Destacando as op\u00e7\u00f5es de configura\u00e7\u00e3o Muitas pessoas querem melhorar sua seguran\u00e7a, mas simplesmente n\u00e3o sabem por onde come\u00e7ar. Por essa raz\u00e3o, estamos destacando algumas ferramentas, para que elas fiquem mais acess\u00edveis \u00e0s pessoas. Agora, quando voc\u00ea entrar em sua p\u00e1gina de configura\u00e7\u00f5es de seguran\u00e7a, voc\u00ea ver\u00e1 itens como a autentica\u00e7\u00e3o em duas etapas do Facebook e os Contatos de Confian\u00e7a no topo das recomenda\u00e7\u00f5es da se\u00e7\u00e3o. Essas recomenda\u00e7\u00f5es s\u00e3o customizadas para atender \u00e0s necessidades de cada pessoa. N\u00f3s tamb\u00e9m agrupamos ferramentas similares em m\u00f3dulos, simplificando o layout da p\u00e1gina para um uso mais f\u00e1cil. Aumentando a usabilidade Tornamos os termos usados na nossa configura\u00e7\u00e3o de seguran\u00e7a mais consistentes com os de outros servi\u00e7os online. Nosso sistema de \u201cTwo-factor authentication\u201d (\u201cautentica\u00e7\u00e3o em duas etapas\u201d) era originalmente chamado de \u201clogin approvals\u201d (\u201caprova\u00e7\u00f5es de login\u201d). Ap\u00f3s nossa pesquisa mostrar que o termo mais conhecido era a express\u00e3o \u201cautentica\u00e7\u00e3o em duas etapas\u201d, ajustamos o nome da ferramenta na p\u00e1gina de configura\u00e7\u00e3o de seguran\u00e7a. O objetivo \u00e9 fazer com que as pessoas encontrem as funcionalidades mais facilmente e habilitem essas e outras fun\u00e7\u00f5es para ampliar sua seguran\u00e7a no Facebook, como fazem em outros servi\u00e7os online. Tamb\u00e9m analisamos fun\u00e7\u00f5es que as pessoas costumavam clicar, mas normalmente n\u00e3o habilitavam. Descobrimos que era a descri\u00e7\u00e3o da ferramenta, e n\u00e3o ela mesma, que estava desencorajando as pessoas a concluir a a\u00e7\u00e3o. Isso motivou um redesenho completo da se\u00e7\u00e3o \u201cOnde voc\u00ea est\u00e1 conectado\u201d, que agora tem um formato mais simples. A se\u00e7\u00e3o agora mostra diretamente o dispositivo, a localiza\u00e7\u00e3o e a data de login de cada lugar que voc\u00ea se conectou ao Facebook, ent\u00e3o voc\u00ea facilmente pode identificar se h\u00e1 algo errado ali. A colabora\u00e7\u00e3o entre engenharia, pesquisa, design e outras fun\u00e7\u00f5es \u00e9 fundamental para garantir uma formata\u00e7\u00e3o inteligente de produto. Mais que isso, \u00e9 essencial o envolvimento das pessoas que est\u00e3o usando esses produtos, ent\u00e3o vamos continuar a ouvir suas necessidades e usar o feedback que recebemos para melhorar as ferramentas que oferecemos. Para encontrar suas configura\u00e7\u00f5es no Facebook, clique na seta do lado superior direito da tela, selecione \u201cConfigura\u00e7\u00f5es\u201d e, ent\u00e3o, clique em \u201cSeguran\u00e7a\u201d na barra de op\u00e7\u00f5es do lado esquerdo da tela. Se tiver coment\u00e1rios ou quiser aprender mais sobre como se manter seguro no Facebook, visite nossa P\u00e1gina de Seguran\u00e7a: https:\/\/www.facebook.com\/security\/.","og_url":"https:\/\/about.fb.com\/br\/news\/2017\/06\/facebook-redesenha-pagina-de-configuracoes-de-seguranca\/","og_site_name":"Sobre a Meta","article_published_time":"2017-06-01T15:58:09+00:00","article_modified_time":"2021-06-17T13:10:48+00:00","og_image":[{"url":"https:\/\/about.fb.com\/br\/wp-content\/uploads\/sites\/3\/2017\/06\/screen-shot-2017-06-01-at-12-50-33-pm-1.png","type":"","width":"","height":""}],"author":"facebookbr","twitter_card":"summary_large_image","twitter_misc":{"Written by":"Meta","Est. reading time":"3 minutos"},"schema":{"@context":"https:\/\/schema.org","@graph":[{"@type":"Article","@id":"https:\/\/about.fb.com\/br\/news\/2017\/06\/facebook-redesenha-pagina-de-configuracoes-de-seguranca\/#article","isPartOf":{"@id":"https:\/\/about.fb.com\/br\/news\/2017\/06\/facebook-redesenha-pagina-de-configuracoes-de-seguranca\/"},"author":"Facebook company","headline":"Facebook redesenha p\u00e1gina de configura\u00e7\u00f5es de seguran\u00e7a","datePublished":"2017-06-01T15:58:09+00:00","dateModified":"2021-06-17T13:10:48+00:00","mainEntityOfPage":{"@id":"https:\/\/about.fb.com\/br\/news\/2017\/06\/facebook-redesenha-pagina-de-configuracoes-de-seguranca\/"},"wordCount":590,"publisher":{"@id":"https:\/\/about.fb.com\/br\/#organization"},"image":{"@id":"https:\/\/about.fb.com\/br\/news\/2017\/06\/facebook-redesenha-pagina-de-configuracoes-de-seguranca\/#primaryimage"},"thumbnailUrl":"https:\/\/about.fb.com\/br\/wp-content\/uploads\/sites\/3\/2017\/06\/screen-shot-2017-06-01-at-12-50-33-pm-1.png","keywords":["Central de seguran\u00e7a","Verifica\u00e7\u00e3o de seguran\u00e7a"],"articleSection":["Recent News"],"inLanguage":"pt-BR"},{"@type":"WebPage","@id":"https:\/\/about.fb.com\/br\/news\/2017\/06\/facebook-redesenha-pagina-de-configuracoes-de-seguranca\/","url":"https:\/\/about.fb.com\/br\/news\/2017\/06\/facebook-redesenha-pagina-de-configuracoes-de-seguranca\/","name":"Facebook redesenha p\u00e1gina de configura\u00e7\u00f5es de seguran\u00e7a | Sobre a Meta","isPartOf":{"@id":"https:\/\/about.fb.com\/br\/#website"},"primaryImageOfPage":{"@id":"https:\/\/about.fb.com\/br\/news\/2017\/06\/facebook-redesenha-pagina-de-configuracoes-de-seguranca\/#primaryimage"},"image":{"@id":"https:\/\/about.fb.com\/br\/news\/2017\/06\/facebook-redesenha-pagina-de-configuracoes-de-seguranca\/#primaryimage"},"thumbnailUrl":"https:\/\/about.fb.com\/br\/wp-content\/uploads\/sites\/3\/2017\/06\/screen-shot-2017-06-01-at-12-50-33-pm-1.png","datePublished":"2017-06-01T15:58:09+00:00","dateModified":"2021-06-17T13:10:48+00:00","breadcrumb":{"@id":"https:\/\/about.fb.com\/br\/news\/2017\/06\/facebook-redesenha-pagina-de-configuracoes-de-seguranca\/#breadcrumb"},"inLanguage":"pt-BR","potentialAction":[{"@type":"ReadAction","target":["https:\/\/about.fb.com\/br\/news\/2017\/06\/facebook-redesenha-pagina-de-configuracoes-de-seguranca\/"]}],"author":"Sobre a Meta"},{"@type":"ImageObject","inLanguage":"pt-BR","@id":"https:\/\/about.fb.com\/br\/news\/2017\/06\/facebook-redesenha-pagina-de-configuracoes-de-seguranca\/#primaryimage","url":"https:\/\/about.fb.com\/br\/wp-content\/uploads\/sites\/3\/2017\/06\/screen-shot-2017-06-01-at-12-50-33-pm-1.png","contentUrl":"https:\/\/about.fb.com\/br\/wp-content\/uploads\/sites\/3\/2017\/06\/screen-shot-2017-06-01-at-12-50-33-pm-1.png"},{"@type":"BreadcrumbList","@id":"https:\/\/about.fb.com\/br\/news\/2017\/06\/facebook-redesenha-pagina-de-configuracoes-de-seguranca\/#breadcrumb","itemListElement":[{"@type":"ListItem","position":1,"name":"Home","item":"https:\/\/about.fb.com\/br\/"},{"@type":"ListItem","position":2,"name":"Facebook redesenha p\u00e1gina de configura\u00e7\u00f5es de seguran\u00e7a"}]},{"@type":"WebSite","@id":"https:\/\/about.fb.com\/br\/#website","url":"https:\/\/about.fb.com\/news\/","name":"Sobre a Meta","description":"","publisher":{"@id":"https:\/\/about.fb.com\/br\/#organization"},"potentialAction":[{"@type":"SearchAction","target":{"@type":"EntryPoint","urlTemplate":"https:\/\/about.fb.com\/br\/?s={search_term_string}"},"query-input":{"@type":"PropertyValueSpecification","valueRequired":true,"valueName":"search_term_string"}}],"inLanguage":"pt-BR","alternateName":["Meta Newsroom","Meta"]},{"@type":"Organization","@id":"https:\/\/about.fb.com\/br\/#organization","name":"Meta","url":"https:\/\/about.fb.com\/br\/","logo":{"@type":"ImageObject","inLanguage":"pt-BR","@id":"https:\/\/about.fb.com\/br\/#\/schema\/logo\/image\/","url":"https:\/\/about.fb.com\/br\/wp-content\/uploads\/sites\/11\/2021\/10\/meta-social-16x9-1.jpg?fit=8000%2C4500","contentUrl":"https:\/\/about.fb.com\/br\/wp-content\/uploads\/sites\/11\/2021\/10\/meta-social-16x9-1.jpg?fit=8000%2C4500","width":8000,"height":4500,"caption":"Meta"},"image":{"@id":"https:\/\/about.fb.com\/br\/#\/schema\/logo\/image\/"}}]}},"jetpack_featured_media_url":"","jetpack-related-posts":[{"id":26752,"url":"https:\/\/about.fb.com\/br\/news\/2025\/10\/mes-da-conscientizacao-sobre-ciberseguranca-ajudando-idosos-a-evitar-golpes-online\/","url_meta":{"origin":6012,"position":0},"title":"M\u00eas da Conscientiza\u00e7\u00e3o sobre Ciberseguran\u00e7a: Ajudando idosos a evitar golpes online","author":"Meta","date":"21\/10\/2025","format":false,"excerpt":"O Relat\u00f3rio de Crimes Cibern\u00e9ticos de 2024 do FBI indica que adultos com 60 anos ou mais nos EUA perderam um valor combinado de 4,8 bilh\u00f5es de d\u00f3lares em golpes somente em\u00a0 2024. Criminosos usam uma variedade de t\u00e1ticas para ganhar a confian\u00e7a das pessoas e, em determinadas circunst\u00e2ncias, comprometem\u2026","rel":"","context":"In &quot;Dados e Privacidade&quot;","block_context":{"text":"Dados e Privacidade","link":"https:\/\/about.fb.com\/br\/news\/category\/temas-home\/dados-e-privacidade\/"},"img":{"alt_text":"","src":"https:\/\/about.fb.com\/br\/wp-content\/uploads\/sites\/11\/2025\/10\/Cybersecurity-Awareness-Month_Header.jpg?fit=1920%2C1080&resize=350%2C200","width":350,"height":200,"srcset":"https:\/\/about.fb.com\/br\/wp-content\/uploads\/sites\/11\/2025\/10\/Cybersecurity-Awareness-Month_Header.jpg?fit=1920%2C1080&resize=350%2C200 1x, https:\/\/about.fb.com\/br\/wp-content\/uploads\/sites\/11\/2025\/10\/Cybersecurity-Awareness-Month_Header.jpg?fit=1920%2C1080&resize=525%2C300 1.5x, https:\/\/about.fb.com\/br\/wp-content\/uploads\/sites\/11\/2025\/10\/Cybersecurity-Awareness-Month_Header.jpg?fit=1920%2C1080&resize=700%2C400 2x, https:\/\/about.fb.com\/br\/wp-content\/uploads\/sites\/11\/2025\/10\/Cybersecurity-Awareness-Month_Header.jpg?fit=1920%2C1080&resize=1050%2C600 3x, https:\/\/about.fb.com\/br\/wp-content\/uploads\/sites\/11\/2025\/10\/Cybersecurity-Awareness-Month_Header.jpg?fit=1920%2C1080&resize=1400%2C800 4x"},"classes":[]},{"id":26501,"url":"https:\/\/about.fb.com\/br\/news\/2025\/06\/apresentamos-chaves-de-acesso-no-facebook-para-facilitar-o-login\/","url_meta":{"origin":6012,"position":1},"title":"Apresentamos chaves de acesso no Facebook para facilitar o login","author":"Meta","date":"18\/06\/2025","format":false,"excerpt":"Estamos introduzindo as chaves de acesso no Facebook para dispositivos m\u00f3veis, oferecendo outra ferramenta para proteger sua privacidade e seguran\u00e7a. As chaves de acesso s\u00e3o uma nova maneira de verificar sua identidade e fazer login na sua conta com mais facilidade e seguran\u00e7a do que usando as senhas tradicionais. Em\u2026","rel":"","context":"In &quot;Facebook&quot;","block_context":{"text":"Facebook","link":"https:\/\/about.fb.com\/br\/news\/category\/technologies\/facebook\/"},"img":{"alt_text":"","src":"https:\/\/about.fb.com\/br\/wp-content\/uploads\/sites\/11\/2025\/06\/Meta_FB-Chaves-de-Acesso.jpg?fit=1280%2C720&resize=350%2C200","width":350,"height":200,"srcset":"https:\/\/about.fb.com\/br\/wp-content\/uploads\/sites\/11\/2025\/06\/Meta_FB-Chaves-de-Acesso.jpg?fit=1280%2C720&resize=350%2C200 1x, https:\/\/about.fb.com\/br\/wp-content\/uploads\/sites\/11\/2025\/06\/Meta_FB-Chaves-de-Acesso.jpg?fit=1280%2C720&resize=525%2C300 1.5x, https:\/\/about.fb.com\/br\/wp-content\/uploads\/sites\/11\/2025\/06\/Meta_FB-Chaves-de-Acesso.jpg?fit=1280%2C720&resize=700%2C400 2x, https:\/\/about.fb.com\/br\/wp-content\/uploads\/sites\/11\/2025\/06\/Meta_FB-Chaves-de-Acesso.jpg?fit=1280%2C720&resize=1050%2C600 3x"},"classes":[]},{"id":27104,"url":"https:\/\/about.fb.com\/br\/news\/2026\/04\/conta-meta-a-maneira-mais-simples-de-acessar-seus-apps-e-dispositivos\/","url_meta":{"origin":6012,"position":2},"title":"Conta Meta: a maneira mais simples de acessar seus apps e dispositivos","author":"Meta","date":"23\/04\/2026","format":false,"excerpt":"Mais pessoas do que nunca est\u00e3o usando as tecnologias da Meta, e nos \u00faltimos anos criamos novos apps e dispositivos que se tornaram parte da forma como as pessoas se conectam \u2014 do Threads \u00e0 Meta AI e aos \u00f3culos com IA. Com tantas maneiras de criar, aprender e se\u2026","rel":"","context":"In &quot;Meta&quot;","block_context":{"text":"Meta","link":"https:\/\/about.fb.com\/br\/news\/category\/temas-home\/meta\/"},"img":{"alt_text":"","src":"https:\/\/about.fb.com\/br\/wp-content\/uploads\/sites\/11\/2026\/04\/02_A-Central-Place-for-Settings_Carousel-01.jpg?resize=350%2C200","width":350,"height":200,"srcset":"https:\/\/about.fb.com\/br\/wp-content\/uploads\/sites\/11\/2026\/04\/02_A-Central-Place-for-Settings_Carousel-01.jpg?resize=350%2C200 1x, https:\/\/about.fb.com\/br\/wp-content\/uploads\/sites\/11\/2026\/04\/02_A-Central-Place-for-Settings_Carousel-01.jpg?resize=525%2C300 1.5x, https:\/\/about.fb.com\/br\/wp-content\/uploads\/sites\/11\/2026\/04\/02_A-Central-Place-for-Settings_Carousel-01.jpg?resize=700%2C400 2x, https:\/\/about.fb.com\/br\/wp-content\/uploads\/sites\/11\/2026\/04\/02_A-Central-Place-for-Settings_Carousel-01.jpg?resize=1050%2C600 3x, https:\/\/about.fb.com\/br\/wp-content\/uploads\/sites\/11\/2026\/04\/02_A-Central-Place-for-Settings_Carousel-01.jpg?resize=1400%2C800 4x"},"classes":[]},{"id":26975,"url":"https:\/\/about.fb.com\/br\/news\/2026\/01\/protecao-de-privacidade-mais-recente-do-whatsapp-configuracoes-rigorosas-da-conta\/","url_meta":{"origin":6012,"position":3},"title":"Prote\u00e7\u00e3o de privacidade mais recente do WhatsApp: configura\u00e7\u00f5es rigorosas da conta","author":"Meta","date":"27\/01\/2026","format":false,"excerpt":"N\u00f3s acreditamos que as pessoas devem conseguir ter conversas privadas no WhatsApp, assim como fazem na vida real. Sempre defenderemos o direito \u00e0 privacidade para todos, come\u00e7ando com a criptografia de ponta a ponta padr\u00e3o. Contudo, para al\u00e9m disso, sabemos que algumas pessoas que usam nossos servi\u00e7os, como jornalistas ou\u2026","rel":"","context":"In &quot;WhatsApp&quot;","block_context":{"text":"WhatsApp","link":"https:\/\/about.fb.com\/br\/news\/category\/technologies\/whatsapp\/"},"img":{"alt_text":"","src":"https:\/\/about.fb.com\/br\/wp-content\/uploads\/sites\/11\/2026\/01\/WhatsApp_Protecao-de-Seguranca.jpg?fit=1920%2C1080&resize=350%2C200","width":350,"height":200,"srcset":"https:\/\/about.fb.com\/br\/wp-content\/uploads\/sites\/11\/2026\/01\/WhatsApp_Protecao-de-Seguranca.jpg?fit=1920%2C1080&resize=350%2C200 1x, https:\/\/about.fb.com\/br\/wp-content\/uploads\/sites\/11\/2026\/01\/WhatsApp_Protecao-de-Seguranca.jpg?fit=1920%2C1080&resize=525%2C300 1.5x, https:\/\/about.fb.com\/br\/wp-content\/uploads\/sites\/11\/2026\/01\/WhatsApp_Protecao-de-Seguranca.jpg?fit=1920%2C1080&resize=700%2C400 2x, https:\/\/about.fb.com\/br\/wp-content\/uploads\/sites\/11\/2026\/01\/WhatsApp_Protecao-de-Seguranca.jpg?fit=1920%2C1080&resize=1050%2C600 3x, https:\/\/about.fb.com\/br\/wp-content\/uploads\/sites\/11\/2026\/01\/WhatsApp_Protecao-de-Seguranca.jpg?fit=1920%2C1080&resize=1400%2C800 4x"},"classes":[]},{"id":26838,"url":"https:\/\/about.fb.com\/br\/news\/2025\/12\/facilitando-o-acesso-ao-suporte-de-conta-no-facebook-e-instagram\/","url_meta":{"origin":6012,"position":4},"title":"Facilitando o acesso ao suporte de conta no Facebook e Instagram","author":"Meta","date":"04\/12\/2025","format":false,"excerpt":"\u00a0 Destaque Estamos tornando mais f\u00e1cil\u00a0 o acesso ao\u00a0 nosso\u00a0 suporte de conta 24 horas no Facebook e Instagram,com novas ferramentas,\u00a0 incluindo\u00a0 um hub de suporte centralizado. No \u00faltimo ano, novos casos de invas\u00e3o de contas diminu\u00edram mais de 30% globalmente no Facebook e Instagram, e a recupera\u00e7\u00e3o de contas\u2026","rel":"","context":"In &quot;Feed - Categorias&quot;","block_context":{"text":"Feed - Categorias","link":"https:\/\/about.fb.com\/br\/news\/category\/technologies\/"},"img":{"alt_text":"","src":"https:\/\/about.fb.com\/br\/wp-content\/uploads\/sites\/11\/2025\/12\/01_Support-Hubsmall-entry_Carousel-01.gif?resize=350%2C200","width":350,"height":200,"srcset":"https:\/\/about.fb.com\/br\/wp-content\/uploads\/sites\/11\/2025\/12\/01_Support-Hubsmall-entry_Carousel-01.gif?resize=350%2C200 1x, https:\/\/about.fb.com\/br\/wp-content\/uploads\/sites\/11\/2025\/12\/01_Support-Hubsmall-entry_Carousel-01.gif?resize=525%2C300 1.5x, https:\/\/about.fb.com\/br\/wp-content\/uploads\/sites\/11\/2025\/12\/01_Support-Hubsmall-entry_Carousel-01.gif?resize=700%2C400 2x"},"classes":[]},{"id":26432,"url":"https:\/\/about.fb.com\/br\/news\/2025\/05\/pais-brasileiros-apoiam-aprovacao-parental-para-download-de-apps-via-lojas-de-aplicativos\/","url_meta":{"origin":6012,"position":5},"title":"Pais brasileiros apoiam aprova\u00e7\u00e3o parental para download de apps via lojas de aplicativos","author":"Meta","date":"27\/05\/2025","format":false,"excerpt":"Criar filhos adolescentes no mundo digital n\u00e3o \u00e9 uma tarefa f\u00e1cil. Estudos recentes feitos nos Estados Unidos mostram que os adolescentes hoje usam, em m\u00e9dia, 40 aplicativos por semana, mudando de um para o outro com fluidez. Pode parecer imposs\u00edvel para os pais acompanhar todos os aplicativos que seus filhos\u2026","rel":"","context":"In &quot;Recent News&quot;","block_context":{"text":"Recent News","link":"https:\/\/about.fb.com\/br\/news\/category\/recent-news\/"},"img":{"alt_text":"","src":"","width":0,"height":0},"classes":[]}],"jetpack_sharing_enabled":true,"amp_enabled":true,"_links":{"self":[{"href":"https:\/\/about.fb.com\/br\/wp-json\/wp\/v2\/posts\/6012","targetHints":{"allow":["GET"]}}],"collection":[{"href":"https:\/\/about.fb.com\/br\/wp-json\/wp\/v2\/posts"}],"about":[{"href":"https:\/\/about.fb.com\/br\/wp-json\/wp\/v2\/types\/post"}],"author":[{"embeddable":true,"href":"https:\/\/about.fb.com\/br\/wp-json\/wp\/v2\/users\/81109636"}],"replies":[{"embeddable":true,"href":"https:\/\/about.fb.com\/br\/wp-json\/wp\/v2\/comments?post=6012"}],"version-history":[{"count":3,"href":"https:\/\/about.fb.com\/br\/wp-json\/wp\/v2\/posts\/6012\/revisions"}],"predecessor-version":[{"id":8080,"href":"https:\/\/about.fb.com\/br\/wp-json\/wp\/v2\/posts\/6012\/revisions\/8080"}],"wp:attachment":[{"href":"https:\/\/about.fb.com\/br\/wp-json\/wp\/v2\/media?parent=6012"}],"wp:term":[{"taxonomy":"category","embeddable":true,"href":"https:\/\/about.fb.com\/br\/wp-json\/wp\/v2\/categories?post=6012"},{"taxonomy":"post_tag","embeddable":true,"href":"https:\/\/about.fb.com\/br\/wp-json\/wp\/v2\/tags?post=6012"}],"curies":[{"name":"wp","href":"https:\/\/api.w.org\/{rel}","templated":true}]}}