{"id":5905,"date":"2017-03-29T16:35:21","date_gmt":"2017-03-29T19:35:21","guid":{"rendered":"http:\/\/br.newsroom.fb.com\/?p=5905"},"modified":"2021-06-17T10:10:49","modified_gmt":"2021-06-17T13:10:49","slug":"live-360-e-lancado-para-todos-os-perfis-e-paginas","status":"publish","type":"post","link":"https:\/\/about.fb.com\/br\/news\/2017\/03\/live-360-e-lancado-para-todos-os-perfis-e-paginas\/","title":{"rendered":"Live 360 \u00e9 lan\u00e7ado para todos os Perfis e P\u00e1ginas"},"content":{"rendered":"<p><img data-recalc-dims=\"1\" loading=\"lazy\" decoding=\"async\" class=\"aligncenter size-large wp-image-5906\" src=\"https:\/\/about.fb.com\/br\/wp-content\/uploads\/sites\/3\/2017\/03\/capa-1.png?resize=960%2C415\" alt=\"\" width=\"960\" height=\"415\" \/><\/p>\n<p><i>Por <a href=\"https:\/\/www.facebook.com\/cpgupta561\">Chetan Gupta<\/a>, gerente de produto <\/i>e <a href=\"https:\/\/www.facebook.com\/intellectualamoeba\">Abesh Thakur<\/a>, <i>gerente de produto<\/i><\/p>\n<p>Desde o <a href=\"https:\/\/media.fb.com\/2016\/12\/12\/introducing-live-360\/\">lan\u00e7amento do Live 360<\/a> em dezembro, vimos a autenticidade do Facebook Live e a natureza imersiva das m\u00eddias em 360 graus que juntas transportam as pessoas a momentos e experi\u00eancias no momento exato em que eles acontecem. Hoje, anunciamos a disponibilidade do Live 360 globalmente para todos os Perfis e P\u00e1ginas. Agora, qualquer pessoa com uma c\u00e2mera 360 pode transmitir ao vivo em 360 graus no Facebook.<\/p>\n<p><b>C\u00e2meras compat\u00edveis<\/b><\/p>\n<p>Para criar essa experi\u00eancia, estamos integrando v\u00e1rias das principais c\u00e2meras 360 para que entrar ao vivo em 360 graus no Facebook seja f\u00e1cil, confi\u00e1vel e divertido.<\/p>\n<p>Para transmitir ao vivo no Facebook com uma c\u00e2mera 360, basta seguir algumas etapas simples: fa\u00e7a o login no Facebook, defina a privacidade do post e escreva uma descri\u00e7\u00e3o e, ao iniciar, visualize os coment\u00e1rios e rea\u00e7\u00f5es &#8211; tudo diretamente a partir da interface da c\u00e2mera. Dentre as c\u00e2meras compat\u00edveis atualmente est\u00e3o Samsung Gear 360 (2017), Giroptic IO, Insta360 e ALLie Camera, bem como op\u00e7\u00f5es mais profissionais como Z Cam S1 e Nokia Ozo. Continuaremos a trabalhar com outros fabricantes para integrar c\u00e2meras adicionais.<\/p>\n<p><img data-recalc-dims=\"1\" loading=\"lazy\" decoding=\"async\" class=\"aligncenter size-full wp-image-5907\" src=\"https:\/\/about.fb.com\/br\/wp-content\/uploads\/sites\/3\/2017\/03\/item-13-1.png?resize=692%2C189\" alt=\"\" width=\"692\" height=\"189\" \/><b>\u00c1udio espacial para Live 360<\/b><\/p>\n<p>Com o lan\u00e7amento global do Live 360, tamb\u00e9m estamos lan\u00e7ando o <a href=\"https:\/\/media.fb.com\/2016\/10\/07\/introducing-spatial-audio-for-360-videos-on-facebook\/\">\u00e1udio espacial<\/a>, que d\u00e1 aos espectadores a capacidade de experimentar som em 360 graus, tal como na vida real. C\u00e2meras com suporte integrado para \u00e1udio espacial no Live 360 est\u00e3o chegando em breve e tamb\u00e9m vamos incluir maneiras de adicionar esse \u00e1udio manualmente atrav\u00e9s de um microfone ambisonic. Saiba mais no nosso grupo <a href=\"https:\/\/www.facebook.com\/groups\/1812020965695437\/\">Facebook Spatial Workstation<\/a>.<\/p>\n<p><b>Come\u00e7ando<\/b><br \/>\n<b> <\/b><br \/>\nPara iniciar uma transmiss\u00e3o Live 360 no Facebook, basta seguir os passos com uma das c\u00e2meras m\u00f3veis listadas acima ou gerar um stream para c\u00e2meras aut\u00f4nomas <a href=\"https:\/\/www.facebook.com\/live\/create\">aqui<\/a>. Voc\u00ea tamb\u00e9m pode visitar nosso site <a href=\"https:\/\/facebook360.fb.com\/live360\">https:\/\/facebook360.fb.com\/live360<\/a> para baixar nosso passo a passo e verificar algumas pr\u00e1ticas recomendadas para aproveitar o m\u00e1ximo do Live 360.<\/p>\n<p><img data-recalc-dims=\"1\" loading=\"lazy\" decoding=\"async\" class=\"aligncenter size-full wp-image-5908\" src=\"https:\/\/about.fb.com\/br\/wp-content\/uploads\/sites\/3\/2017\/03\/item-23-1.png?resize=915%2C501\" alt=\"\" width=\"915\" height=\"501\" \/><br \/>\nEstamos ansiosos para ver como as pessoas v\u00e3o usar todas as maneiras que o Live 360 oferece para compartilhar o mundo ao redor com amigos e audi\u00eancias.<\/p>\n<p><strong>Downloads:<\/strong><\/p>\n<p><a href=\"https:\/\/fbookmedia.files.wordpress.com\/2017\/03\/facebook-live-3601.zip\">Imagens do produto e c\u00e2meras<\/a><\/p>\n","protected":false},"excerpt":{"rendered":"Por Chetan Gupta, gerente de produto e Abesh Thakur, gerente de produto Desde o lan\u00e7amento do Live 360 em dezembro, vimos a autenticidade do Facebook Live e a natureza imersiva das m\u00eddias em 360 graus que juntas transportam as pessoas a momentos e experi\u00eancias no momento exato em que eles acontecem. Hoje, anunciamos a disponibilidade do Live 360 globalmente para todos os Perfis e P\u00e1ginas. Agora, qualquer pessoa com uma c\u00e2mera 360 pode transmitir ao vivo em 360 graus no Facebook. C\u00e2meras compat\u00edveis Para criar essa experi\u00eancia, estamos integrando v\u00e1rias das principais c\u00e2meras 360 para que entrar ao vivo em 360 graus no Facebook seja f\u00e1cil, confi\u00e1vel e divertido. Para transmitir ao vivo no Facebook com uma c\u00e2mera 360, basta seguir algumas etapas simples: fa\u00e7a o login no Facebook, defina a privacidade do post e escreva uma descri\u00e7\u00e3o e, ao iniciar, visualize os coment\u00e1rios e rea\u00e7\u00f5es &#8211; tudo diretamente a partir da interface da c\u00e2mera. Dentre as c\u00e2meras compat\u00edveis atualmente est\u00e3o Samsung Gear 360 (2017), Giroptic IO, Insta360 e ALLie Camera, bem como op\u00e7\u00f5es mais profissionais como Z Cam S1 e Nokia Ozo. Continuaremos a trabalhar com outros fabricantes para integrar c\u00e2meras adicionais. \u00c1udio espacial para Live 360 Com o lan\u00e7amento global do Live 360, tamb\u00e9m estamos lan\u00e7ando o \u00e1udio espacial, que d\u00e1 aos espectadores a capacidade de experimentar som em 360 graus, tal como na vida real. C\u00e2meras com suporte integrado para \u00e1udio espacial no Live 360 est\u00e3o chegando em breve e tamb\u00e9m vamos incluir maneiras de adicionar esse \u00e1udio manualmente atrav\u00e9s de um microfone ambisonic. Saiba mais no nosso grupo Facebook Spatial Workstation. Come\u00e7ando Para iniciar uma transmiss\u00e3o Live 360 no Facebook, basta seguir os passos com uma das c\u00e2meras m\u00f3veis listadas acima ou gerar um stream para c\u00e2meras aut\u00f4nomas aqui. Voc\u00ea tamb\u00e9m pode visitar nosso site <a href=\"https:\/\/facebook360.fb.com\/live360\" rel=\"nofollow\">https:\/\/facebook360.fb.com\/live360<\/a> para baixar nosso passo a passo e verificar algumas pr\u00e1ticas recomendadas para aproveitar o m\u00e1ximo do Live 360. Estamos ansiosos para ver como as pessoas v\u00e3o usar todas as maneiras que o Live 360 oferece para compartilhar o mundo ao redor com amigos e audi\u00eancias. Downloads: Imagens do produto e c\u00e2meras","protected":false},"author":81109636,"featured_media":0,"comment_status":"closed","ping_status":"closed","sticky":false,"template":"","format":"standard","meta":{"_jetpack_memberships_contains_paid_content":false,"footnotes":""},"categories":[1],"tags":[396541872,12071,396541901],"class_list":["post-5905","post","type-post","status-publish","format-standard","hentry","category-recent-news","tag-facebook-live","tag-live","tag-live-audio"],"yoast_head":"<!-- This site is optimized with the Yoast SEO plugin v27.2 - https:\/\/yoast.com\/product\/yoast-seo-wordpress\/ -->\n<title>Live 360 \u00e9 lan\u00e7ado para todos os Perfis e P\u00e1ginas | Sobre a Meta<\/title>\n<meta name=\"robots\" content=\"index, follow, max-snippet:-1, max-image-preview:large, max-video-preview:-1\" \/>\n<link rel=\"canonical\" href=\"https:\/\/about.fb.com\/br\/news\/2017\/03\/live-360-e-lancado-para-todos-os-perfis-e-paginas\/\" \/>\n<meta property=\"og:locale\" content=\"pt_BR\" \/>\n<meta property=\"og:type\" content=\"article\" \/>\n<meta property=\"og:title\" content=\"Live 360 \u00e9 lan\u00e7ado para todos os Perfis e P\u00e1ginas | Sobre a Meta\" \/>\n<meta property=\"og:description\" content=\"Por Chetan Gupta, gerente de produto e Abesh Thakur, gerente de produto Desde o lan\u00e7amento do Live 360 em dezembro, vimos a autenticidade do Facebook Live e a natureza imersiva das m\u00eddias em 360 graus que juntas transportam as pessoas a momentos e experi\u00eancias no momento exato em que eles acontecem. Hoje, anunciamos a disponibilidade do Live 360 globalmente para todos os Perfis e P\u00e1ginas. Agora, qualquer pessoa com uma c\u00e2mera 360 pode transmitir ao vivo em 360 graus no Facebook. C\u00e2meras compat\u00edveis Para criar essa experi\u00eancia, estamos integrando v\u00e1rias das principais c\u00e2meras 360 para que entrar ao vivo em 360 graus no Facebook seja f\u00e1cil, confi\u00e1vel e divertido. Para transmitir ao vivo no Facebook com uma c\u00e2mera 360, basta seguir algumas etapas simples: fa\u00e7a o login no Facebook, defina a privacidade do post e escreva uma descri\u00e7\u00e3o e, ao iniciar, visualize os coment\u00e1rios e rea\u00e7\u00f5es &#8211; tudo diretamente a partir da interface da c\u00e2mera. Dentre as c\u00e2meras compat\u00edveis atualmente est\u00e3o Samsung Gear 360 (2017), Giroptic IO, Insta360 e ALLie Camera, bem como op\u00e7\u00f5es mais profissionais como Z Cam S1 e Nokia Ozo. Continuaremos a trabalhar com outros fabricantes para integrar c\u00e2meras adicionais. \u00c1udio espacial para Live 360 Com o lan\u00e7amento global do Live 360, tamb\u00e9m estamos lan\u00e7ando o \u00e1udio espacial, que d\u00e1 aos espectadores a capacidade de experimentar som em 360 graus, tal como na vida real. C\u00e2meras com suporte integrado para \u00e1udio espacial no Live 360 est\u00e3o chegando em breve e tamb\u00e9m vamos incluir maneiras de adicionar esse \u00e1udio manualmente atrav\u00e9s de um microfone ambisonic. Saiba mais no nosso grupo Facebook Spatial Workstation. Come\u00e7ando Para iniciar uma transmiss\u00e3o Live 360 no Facebook, basta seguir os passos com uma das c\u00e2meras m\u00f3veis listadas acima ou gerar um stream para c\u00e2meras aut\u00f4nomas aqui. Voc\u00ea tamb\u00e9m pode visitar nosso site https:\/\/facebook360.fb.com\/live360 para baixar nosso passo a passo e verificar algumas pr\u00e1ticas recomendadas para aproveitar o m\u00e1ximo do Live 360. Estamos ansiosos para ver como as pessoas v\u00e3o usar todas as maneiras que o Live 360 oferece para compartilhar o mundo ao redor com amigos e audi\u00eancias. Downloads: Imagens do produto e c\u00e2meras\" \/>\n<meta property=\"og:url\" content=\"https:\/\/about.fb.com\/br\/news\/2017\/03\/live-360-e-lancado-para-todos-os-perfis-e-paginas\/\" \/>\n<meta property=\"og:site_name\" content=\"Sobre a Meta\" \/>\n<meta property=\"article:published_time\" content=\"2017-03-29T19:35:21+00:00\" \/>\n<meta property=\"article:modified_time\" content=\"2021-06-17T13:10:49+00:00\" \/>\n<meta property=\"og:image\" content=\"https:\/\/about.fb.com\/br\/wp-content\/uploads\/sites\/3\/2017\/03\/capa-1.png\" \/>\n<meta name=\"author\" content=\"facebookbr\" \/>\n<meta name=\"twitter:card\" content=\"summary_large_image\" \/>\n<meta name=\"twitter:label1\" content=\"Written by\" \/>\n\t<meta name=\"twitter:data1\" content=\"Meta\" \/>\n\t<meta name=\"twitter:label2\" content=\"Est. reading time\" \/>\n\t<meta name=\"twitter:data2\" content=\"2 minutos\" \/>\n<script type=\"application\/ld+json\" class=\"yoast-schema-graph\">{\"@context\":\"https:\/\/schema.org\",\"@graph\":[{\"@type\":\"Article\",\"@id\":\"https:\/\/about.fb.com\/br\/news\/2017\/03\/live-360-e-lancado-para-todos-os-perfis-e-paginas\/#article\",\"isPartOf\":{\"@id\":\"https:\/\/about.fb.com\/br\/news\/2017\/03\/live-360-e-lancado-para-todos-os-perfis-e-paginas\/\"},\"author\":\"Facebook company\",\"headline\":\"Live 360 \u00e9 lan\u00e7ado para todos os Perfis e P\u00e1ginas\",\"datePublished\":\"2017-03-29T19:35:21+00:00\",\"dateModified\":\"2021-06-17T13:10:49+00:00\",\"mainEntityOfPage\":{\"@id\":\"https:\/\/about.fb.com\/br\/news\/2017\/03\/live-360-e-lancado-para-todos-os-perfis-e-paginas\/\"},\"wordCount\":390,\"publisher\":{\"@id\":\"https:\/\/about.fb.com\/br\/#organization\"},\"image\":{\"@id\":\"https:\/\/about.fb.com\/br\/news\/2017\/03\/live-360-e-lancado-para-todos-os-perfis-e-paginas\/#primaryimage\"},\"thumbnailUrl\":\"https:\/\/about.fb.com\/br\/wp-content\/uploads\/sites\/3\/2017\/03\/capa-1.png\",\"keywords\":[\"Facebook Live\",\"Live\",\"Live Audio\"],\"articleSection\":[\"Recent News\"],\"inLanguage\":\"pt-BR\"},{\"@type\":\"WebPage\",\"@id\":\"https:\/\/about.fb.com\/br\/news\/2017\/03\/live-360-e-lancado-para-todos-os-perfis-e-paginas\/\",\"url\":\"https:\/\/about.fb.com\/br\/news\/2017\/03\/live-360-e-lancado-para-todos-os-perfis-e-paginas\/\",\"name\":\"Live 360 \u00e9 lan\u00e7ado para todos os Perfis e P\u00e1ginas | Sobre a Meta\",\"isPartOf\":{\"@id\":\"https:\/\/about.fb.com\/br\/#website\"},\"primaryImageOfPage\":{\"@id\":\"https:\/\/about.fb.com\/br\/news\/2017\/03\/live-360-e-lancado-para-todos-os-perfis-e-paginas\/#primaryimage\"},\"image\":{\"@id\":\"https:\/\/about.fb.com\/br\/news\/2017\/03\/live-360-e-lancado-para-todos-os-perfis-e-paginas\/#primaryimage\"},\"thumbnailUrl\":\"https:\/\/about.fb.com\/br\/wp-content\/uploads\/sites\/3\/2017\/03\/capa-1.png\",\"datePublished\":\"2017-03-29T19:35:21+00:00\",\"dateModified\":\"2021-06-17T13:10:49+00:00\",\"breadcrumb\":{\"@id\":\"https:\/\/about.fb.com\/br\/news\/2017\/03\/live-360-e-lancado-para-todos-os-perfis-e-paginas\/#breadcrumb\"},\"inLanguage\":\"pt-BR\",\"potentialAction\":[{\"@type\":\"ReadAction\",\"target\":[\"https:\/\/about.fb.com\/br\/news\/2017\/03\/live-360-e-lancado-para-todos-os-perfis-e-paginas\/\"]}],\"author\":\"Sobre a Meta\"},{\"@type\":\"ImageObject\",\"inLanguage\":\"pt-BR\",\"@id\":\"https:\/\/about.fb.com\/br\/news\/2017\/03\/live-360-e-lancado-para-todos-os-perfis-e-paginas\/#primaryimage\",\"url\":\"https:\/\/about.fb.com\/br\/wp-content\/uploads\/sites\/3\/2017\/03\/capa-1.png\",\"contentUrl\":\"https:\/\/about.fb.com\/br\/wp-content\/uploads\/sites\/3\/2017\/03\/capa-1.png\"},{\"@type\":\"BreadcrumbList\",\"@id\":\"https:\/\/about.fb.com\/br\/news\/2017\/03\/live-360-e-lancado-para-todos-os-perfis-e-paginas\/#breadcrumb\",\"itemListElement\":[{\"@type\":\"ListItem\",\"position\":1,\"name\":\"Home\",\"item\":\"https:\/\/about.fb.com\/br\/\"},{\"@type\":\"ListItem\",\"position\":2,\"name\":\"Live 360 \u00e9 lan\u00e7ado para todos os Perfis e P\u00e1ginas\"}]},{\"@type\":\"WebSite\",\"@id\":\"https:\/\/about.fb.com\/br\/#website\",\"url\":\"https:\/\/about.fb.com\/news\/\",\"name\":\"Sobre a Meta\",\"description\":\"\",\"publisher\":{\"@id\":\"https:\/\/about.fb.com\/br\/#organization\"},\"potentialAction\":[{\"@type\":\"SearchAction\",\"target\":{\"@type\":\"EntryPoint\",\"urlTemplate\":\"https:\/\/about.fb.com\/br\/?s={search_term_string}\"},\"query-input\":{\"@type\":\"PropertyValueSpecification\",\"valueRequired\":true,\"valueName\":\"search_term_string\"}}],\"inLanguage\":\"pt-BR\",\"alternateName\":[\"Meta Newsroom\",\"Meta\"]},{\"@type\":\"Organization\",\"@id\":\"https:\/\/about.fb.com\/br\/#organization\",\"name\":\"Meta\",\"url\":\"https:\/\/about.fb.com\/br\/\",\"logo\":{\"@type\":\"ImageObject\",\"inLanguage\":\"pt-BR\",\"@id\":\"https:\/\/about.fb.com\/br\/#\/schema\/logo\/image\/\",\"url\":\"https:\/\/about.fb.com\/br\/wp-content\/uploads\/sites\/11\/2021\/10\/meta-social-16x9-1.jpg?fit=8000%2C4500\",\"contentUrl\":\"https:\/\/about.fb.com\/br\/wp-content\/uploads\/sites\/11\/2021\/10\/meta-social-16x9-1.jpg?fit=8000%2C4500\",\"width\":8000,\"height\":4500,\"caption\":\"Meta\"},\"image\":{\"@id\":\"https:\/\/about.fb.com\/br\/#\/schema\/logo\/image\/\"}}]}<\/script>\n<!-- \/ Yoast SEO plugin. -->","yoast_head_json":{"title":"Live 360 \u00e9 lan\u00e7ado para todos os Perfis e P\u00e1ginas | Sobre a Meta","robots":{"index":"index","follow":"follow","max-snippet":"max-snippet:-1","max-image-preview":"max-image-preview:large","max-video-preview":"max-video-preview:-1"},"canonical":"https:\/\/about.fb.com\/br\/news\/2017\/03\/live-360-e-lancado-para-todos-os-perfis-e-paginas\/","og_locale":"pt_BR","og_type":"article","og_title":"Live 360 \u00e9 lan\u00e7ado para todos os Perfis e P\u00e1ginas | Sobre a Meta","og_description":"Por Chetan Gupta, gerente de produto e Abesh Thakur, gerente de produto Desde o lan\u00e7amento do Live 360 em dezembro, vimos a autenticidade do Facebook Live e a natureza imersiva das m\u00eddias em 360 graus que juntas transportam as pessoas a momentos e experi\u00eancias no momento exato em que eles acontecem. Hoje, anunciamos a disponibilidade do Live 360 globalmente para todos os Perfis e P\u00e1ginas. Agora, qualquer pessoa com uma c\u00e2mera 360 pode transmitir ao vivo em 360 graus no Facebook. C\u00e2meras compat\u00edveis Para criar essa experi\u00eancia, estamos integrando v\u00e1rias das principais c\u00e2meras 360 para que entrar ao vivo em 360 graus no Facebook seja f\u00e1cil, confi\u00e1vel e divertido. Para transmitir ao vivo no Facebook com uma c\u00e2mera 360, basta seguir algumas etapas simples: fa\u00e7a o login no Facebook, defina a privacidade do post e escreva uma descri\u00e7\u00e3o e, ao iniciar, visualize os coment\u00e1rios e rea\u00e7\u00f5es &#8211; tudo diretamente a partir da interface da c\u00e2mera. Dentre as c\u00e2meras compat\u00edveis atualmente est\u00e3o Samsung Gear 360 (2017), Giroptic IO, Insta360 e ALLie Camera, bem como op\u00e7\u00f5es mais profissionais como Z Cam S1 e Nokia Ozo. Continuaremos a trabalhar com outros fabricantes para integrar c\u00e2meras adicionais. \u00c1udio espacial para Live 360 Com o lan\u00e7amento global do Live 360, tamb\u00e9m estamos lan\u00e7ando o \u00e1udio espacial, que d\u00e1 aos espectadores a capacidade de experimentar som em 360 graus, tal como na vida real. C\u00e2meras com suporte integrado para \u00e1udio espacial no Live 360 est\u00e3o chegando em breve e tamb\u00e9m vamos incluir maneiras de adicionar esse \u00e1udio manualmente atrav\u00e9s de um microfone ambisonic. Saiba mais no nosso grupo Facebook Spatial Workstation. Come\u00e7ando Para iniciar uma transmiss\u00e3o Live 360 no Facebook, basta seguir os passos com uma das c\u00e2meras m\u00f3veis listadas acima ou gerar um stream para c\u00e2meras aut\u00f4nomas aqui. Voc\u00ea tamb\u00e9m pode visitar nosso site https:\/\/facebook360.fb.com\/live360 para baixar nosso passo a passo e verificar algumas pr\u00e1ticas recomendadas para aproveitar o m\u00e1ximo do Live 360. Estamos ansiosos para ver como as pessoas v\u00e3o usar todas as maneiras que o Live 360 oferece para compartilhar o mundo ao redor com amigos e audi\u00eancias. Downloads: Imagens do produto e c\u00e2meras","og_url":"https:\/\/about.fb.com\/br\/news\/2017\/03\/live-360-e-lancado-para-todos-os-perfis-e-paginas\/","og_site_name":"Sobre a Meta","article_published_time":"2017-03-29T19:35:21+00:00","article_modified_time":"2021-06-17T13:10:49+00:00","og_image":[{"url":"https:\/\/about.fb.com\/br\/wp-content\/uploads\/sites\/3\/2017\/03\/capa-1.png","type":"","width":"","height":""}],"author":"facebookbr","twitter_card":"summary_large_image","twitter_misc":{"Written by":"Meta","Est. reading time":"2 minutos"},"schema":{"@context":"https:\/\/schema.org","@graph":[{"@type":"Article","@id":"https:\/\/about.fb.com\/br\/news\/2017\/03\/live-360-e-lancado-para-todos-os-perfis-e-paginas\/#article","isPartOf":{"@id":"https:\/\/about.fb.com\/br\/news\/2017\/03\/live-360-e-lancado-para-todos-os-perfis-e-paginas\/"},"author":"Facebook company","headline":"Live 360 \u00e9 lan\u00e7ado para todos os Perfis e P\u00e1ginas","datePublished":"2017-03-29T19:35:21+00:00","dateModified":"2021-06-17T13:10:49+00:00","mainEntityOfPage":{"@id":"https:\/\/about.fb.com\/br\/news\/2017\/03\/live-360-e-lancado-para-todos-os-perfis-e-paginas\/"},"wordCount":390,"publisher":{"@id":"https:\/\/about.fb.com\/br\/#organization"},"image":{"@id":"https:\/\/about.fb.com\/br\/news\/2017\/03\/live-360-e-lancado-para-todos-os-perfis-e-paginas\/#primaryimage"},"thumbnailUrl":"https:\/\/about.fb.com\/br\/wp-content\/uploads\/sites\/3\/2017\/03\/capa-1.png","keywords":["Facebook Live","Live","Live Audio"],"articleSection":["Recent News"],"inLanguage":"pt-BR"},{"@type":"WebPage","@id":"https:\/\/about.fb.com\/br\/news\/2017\/03\/live-360-e-lancado-para-todos-os-perfis-e-paginas\/","url":"https:\/\/about.fb.com\/br\/news\/2017\/03\/live-360-e-lancado-para-todos-os-perfis-e-paginas\/","name":"Live 360 \u00e9 lan\u00e7ado para todos os Perfis e P\u00e1ginas | Sobre a Meta","isPartOf":{"@id":"https:\/\/about.fb.com\/br\/#website"},"primaryImageOfPage":{"@id":"https:\/\/about.fb.com\/br\/news\/2017\/03\/live-360-e-lancado-para-todos-os-perfis-e-paginas\/#primaryimage"},"image":{"@id":"https:\/\/about.fb.com\/br\/news\/2017\/03\/live-360-e-lancado-para-todos-os-perfis-e-paginas\/#primaryimage"},"thumbnailUrl":"https:\/\/about.fb.com\/br\/wp-content\/uploads\/sites\/3\/2017\/03\/capa-1.png","datePublished":"2017-03-29T19:35:21+00:00","dateModified":"2021-06-17T13:10:49+00:00","breadcrumb":{"@id":"https:\/\/about.fb.com\/br\/news\/2017\/03\/live-360-e-lancado-para-todos-os-perfis-e-paginas\/#breadcrumb"},"inLanguage":"pt-BR","potentialAction":[{"@type":"ReadAction","target":["https:\/\/about.fb.com\/br\/news\/2017\/03\/live-360-e-lancado-para-todos-os-perfis-e-paginas\/"]}],"author":"Sobre a Meta"},{"@type":"ImageObject","inLanguage":"pt-BR","@id":"https:\/\/about.fb.com\/br\/news\/2017\/03\/live-360-e-lancado-para-todos-os-perfis-e-paginas\/#primaryimage","url":"https:\/\/about.fb.com\/br\/wp-content\/uploads\/sites\/3\/2017\/03\/capa-1.png","contentUrl":"https:\/\/about.fb.com\/br\/wp-content\/uploads\/sites\/3\/2017\/03\/capa-1.png"},{"@type":"BreadcrumbList","@id":"https:\/\/about.fb.com\/br\/news\/2017\/03\/live-360-e-lancado-para-todos-os-perfis-e-paginas\/#breadcrumb","itemListElement":[{"@type":"ListItem","position":1,"name":"Home","item":"https:\/\/about.fb.com\/br\/"},{"@type":"ListItem","position":2,"name":"Live 360 \u00e9 lan\u00e7ado para todos os Perfis e P\u00e1ginas"}]},{"@type":"WebSite","@id":"https:\/\/about.fb.com\/br\/#website","url":"https:\/\/about.fb.com\/news\/","name":"Sobre a Meta","description":"","publisher":{"@id":"https:\/\/about.fb.com\/br\/#organization"},"potentialAction":[{"@type":"SearchAction","target":{"@type":"EntryPoint","urlTemplate":"https:\/\/about.fb.com\/br\/?s={search_term_string}"},"query-input":{"@type":"PropertyValueSpecification","valueRequired":true,"valueName":"search_term_string"}}],"inLanguage":"pt-BR","alternateName":["Meta Newsroom","Meta"]},{"@type":"Organization","@id":"https:\/\/about.fb.com\/br\/#organization","name":"Meta","url":"https:\/\/about.fb.com\/br\/","logo":{"@type":"ImageObject","inLanguage":"pt-BR","@id":"https:\/\/about.fb.com\/br\/#\/schema\/logo\/image\/","url":"https:\/\/about.fb.com\/br\/wp-content\/uploads\/sites\/11\/2021\/10\/meta-social-16x9-1.jpg?fit=8000%2C4500","contentUrl":"https:\/\/about.fb.com\/br\/wp-content\/uploads\/sites\/11\/2021\/10\/meta-social-16x9-1.jpg?fit=8000%2C4500","width":8000,"height":4500,"caption":"Meta"},"image":{"@id":"https:\/\/about.fb.com\/br\/#\/schema\/logo\/image\/"}}]}},"jetpack_featured_media_url":"","jetpack-related-posts":[{"id":26182,"url":"https:\/\/about.fb.com\/br\/news\/2025\/02\/atualizando-nossa-politica-de-armazenamento-de-lives-no-facebook\/","url_meta":{"origin":5905,"position":0},"title":"Atualizando nossa pol\u00edtica de armazenamento de Lives no Facebook","author":"Meta","date":"18\/02\/2025","format":false,"excerpt":"Pessoas em todo o mundo usam o Facebook Live para compartilhar suas experi\u00eancias com suas comunidades em tempo real. Como a maioria das visualiza\u00e7\u00f5es de v\u00eddeos ao vivo ocorrem nas primeiras semanas ap\u00f3s a transmiss\u00e3o, estamos atualizando por quanto tempo as Lives podem ser armazenadas no Facebook. A partir de\u2026","rel":"","context":"In &quot;Facebook&quot;","block_context":{"text":"Facebook","link":"https:\/\/about.fb.com\/br\/news\/category\/technologies\/facebook\/"},"img":{"alt_text":"","src":"https:\/\/about.fb.com\/br\/wp-content\/uploads\/sites\/11\/2025\/02\/Download-Live-Videos.jpg?fit=1280%2C720&resize=350%2C200","width":350,"height":200,"srcset":"https:\/\/about.fb.com\/br\/wp-content\/uploads\/sites\/11\/2025\/02\/Download-Live-Videos.jpg?fit=1280%2C720&resize=350%2C200 1x, https:\/\/about.fb.com\/br\/wp-content\/uploads\/sites\/11\/2025\/02\/Download-Live-Videos.jpg?fit=1280%2C720&resize=525%2C300 1.5x, https:\/\/about.fb.com\/br\/wp-content\/uploads\/sites\/11\/2025\/02\/Download-Live-Videos.jpg?fit=1280%2C720&resize=700%2C400 2x, https:\/\/about.fb.com\/br\/wp-content\/uploads\/sites\/11\/2025\/02\/Download-Live-Videos.jpg?fit=1280%2C720&resize=1050%2C600 3x"},"classes":[]},{"id":26696,"url":"https:\/\/about.fb.com\/br\/news\/2025\/10\/desempenho-potencializado-por-ia-para-o-agora-e-o-futuro\/","url_meta":{"origin":5905,"position":1},"title":"Desempenho potencializado por IA para o agora e o futuro","author":"Meta","date":"02\/10\/2025","format":false,"excerpt":"Para os profissionais de marketing, cada ponto de desempenho incremental pode significar a diferen\u00e7a entre empatar e bater recordes. Por isso, a Meta continua investindo em solu\u00e7\u00f5es l\u00edderes com IA, incluindo o Advantage+ e a infraestrutura que o sustenta, para ajudar empresas, anunciantes e ag\u00eancias a expandirem rapidamente. Estamos escrevendo\u2026","rel":"","context":"In &quot;Meta&quot;","block_context":{"text":"Meta","link":"https:\/\/about.fb.com\/br\/news\/category\/temas-home\/meta\/"},"img":{"alt_text":"","src":"https:\/\/about.fb.com\/br\/wp-content\/uploads\/sites\/11\/2025\/07\/Logo-Meta-1.jpg?fit=633%2C356&resize=350%2C200","width":350,"height":200,"srcset":"https:\/\/about.fb.com\/br\/wp-content\/uploads\/sites\/11\/2025\/07\/Logo-Meta-1.jpg?fit=633%2C356&resize=350%2C200 1x, https:\/\/about.fb.com\/br\/wp-content\/uploads\/sites\/11\/2025\/07\/Logo-Meta-1.jpg?fit=633%2C356&resize=525%2C300 1.5x"},"classes":[]},{"id":26838,"url":"https:\/\/about.fb.com\/br\/news\/2025\/12\/facilitando-o-acesso-ao-suporte-de-conta-no-facebook-e-instagram\/","url_meta":{"origin":5905,"position":2},"title":"Facilitando o acesso ao suporte de conta no Facebook e Instagram","author":"Meta","date":"04\/12\/2025","format":false,"excerpt":"\u00a0 Destaque Estamos tornando mais f\u00e1cil\u00a0 o acesso ao\u00a0 nosso\u00a0 suporte de conta 24 horas no Facebook e Instagram,com novas ferramentas,\u00a0 incluindo\u00a0 um hub de suporte centralizado. No \u00faltimo ano, novos casos de invas\u00e3o de contas diminu\u00edram mais de 30% globalmente no Facebook e Instagram, e a recupera\u00e7\u00e3o de contas\u2026","rel":"","context":"In &quot;Feed - Categorias&quot;","block_context":{"text":"Feed - Categorias","link":"https:\/\/about.fb.com\/br\/news\/category\/technologies\/"},"img":{"alt_text":"","src":"https:\/\/about.fb.com\/br\/wp-content\/uploads\/sites\/11\/2025\/12\/01_Support-Hubsmall-entry_Carousel-01.gif?resize=350%2C200","width":350,"height":200,"srcset":"https:\/\/about.fb.com\/br\/wp-content\/uploads\/sites\/11\/2025\/12\/01_Support-Hubsmall-entry_Carousel-01.gif?resize=350%2C200 1x, https:\/\/about.fb.com\/br\/wp-content\/uploads\/sites\/11\/2025\/12\/01_Support-Hubsmall-entry_Carousel-01.gif?resize=525%2C300 1.5x, https:\/\/about.fb.com\/br\/wp-content\/uploads\/sites\/11\/2025\/12\/01_Support-Hubsmall-entry_Carousel-01.gif?resize=700%2C400 2x"},"classes":[]},{"id":26525,"url":"https:\/\/about.fb.com\/br\/news\/2025\/07\/combatendo-conteudo-nao-original-para-proteger-e-elevar-criadores-no-facebook\/","url_meta":{"origin":5905,"position":3},"title":"Combatendo conte\u00fado n\u00e3o original para proteger e elevar Criadores no Facebook","author":"Meta","date":"14\/07\/2025","format":false,"excerpt":"Acreditamos que os criadores devem ser celebrados por suas vozes e perspectivas \u00fanicas, e n\u00e3o ofuscados por imitadores e contas falsas. Recentemente, lan\u00e7amos uma iniciativa de longo prazo para tornar o Feed mais relevante e ajudar criadores aut\u00eanticos a se destacarem, come\u00e7ando pela redu\u00e7\u00e3o do conte\u00fado com spam. Estamos avan\u00e7ando\u2026","rel":"","context":"In &quot;Facebook&quot;","block_context":{"text":"Facebook","link":"https:\/\/about.fb.com\/br\/news\/category\/technologies\/facebook\/"},"img":{"alt_text":"","src":"https:\/\/about.fb.com\/br\/wp-content\/uploads\/sites\/11\/2025\/07\/Logo-Meta-1.jpg?fit=633%2C356&resize=350%2C200","width":350,"height":200,"srcset":"https:\/\/about.fb.com\/br\/wp-content\/uploads\/sites\/11\/2025\/07\/Logo-Meta-1.jpg?fit=633%2C356&resize=350%2C200 1x, https:\/\/about.fb.com\/br\/wp-content\/uploads\/sites\/11\/2025\/07\/Logo-Meta-1.jpg?fit=633%2C356&resize=525%2C300 1.5x"},"classes":[]},{"id":26634,"url":"https:\/\/about.fb.com\/br\/news\/2025\/09\/meta-connect-2025-a-evolucao-dos-oculos-inteligentes-o-avanco-do-metaverso-e-muito-mais\/","url_meta":{"origin":5905,"position":4},"title":"Meta Connect 2025: A Evolu\u00e7\u00e3o dos \u00d3culos Inteligentes, o Avan\u00e7o do Metaverso e Muito Mais","author":"Meta","date":"17\/09\/2025","format":false,"excerpt":"Mark Zuckerberg e Diplo sa\u00edram correndo do palco do Connect \u2013 literalmente \u2013 para dar in\u00edcio \u00e0 after party, e n\u00f3s estamos aqui para recapitular todas as novidades que voc\u00ea pode ter perdido. Mas antes, vamos falar sobre outra dupla din\u00e2mica que est\u00e1 conquistando o mundo: \u00f3culos e intelig\u00eancia artificial.\u2026","rel":"","context":"In &quot;Meta&quot;","block_context":{"text":"Meta","link":"https:\/\/about.fb.com\/br\/news\/category\/temas-home\/meta\/"},"img":{"alt_text":"","src":"https:\/\/about.fb.com\/br\/wp-content\/uploads\/sites\/11\/2025\/09\/Meta-Connect-2025-Dark-background-1x1-1.png?fit=4500%2C4500&resize=350%2C200","width":350,"height":200,"srcset":"https:\/\/about.fb.com\/br\/wp-content\/uploads\/sites\/11\/2025\/09\/Meta-Connect-2025-Dark-background-1x1-1.png?fit=4500%2C4500&resize=350%2C200 1x, https:\/\/about.fb.com\/br\/wp-content\/uploads\/sites\/11\/2025\/09\/Meta-Connect-2025-Dark-background-1x1-1.png?fit=4500%2C4500&resize=525%2C300 1.5x, https:\/\/about.fb.com\/br\/wp-content\/uploads\/sites\/11\/2025\/09\/Meta-Connect-2025-Dark-background-1x1-1.png?fit=4500%2C4500&resize=700%2C400 2x, https:\/\/about.fb.com\/br\/wp-content\/uploads\/sites\/11\/2025\/09\/Meta-Connect-2025-Dark-background-1x1-1.png?fit=4500%2C4500&resize=1050%2C600 3x, https:\/\/about.fb.com\/br\/wp-content\/uploads\/sites\/11\/2025\/09\/Meta-Connect-2025-Dark-background-1x1-1.png?fit=4500%2C4500&resize=1400%2C800 4x"},"classes":[]},{"id":26869,"url":"https:\/\/about.fb.com\/br\/news\/2025\/12\/novas-ferramentas-com-ia-para-escalar-parcerias-entre-criadores-e-marcas\/","url_meta":{"origin":5905,"position":5},"title":"Novas ferramentas com IA para escalar parcerias entre criadores e marcas","author":"Meta","date":"11\/12\/2025","format":false,"excerpt":"[Atualizado em 30 de janeiro de 2026] Estamos compartilhando atualiza\u00e7\u00f5es adicionais que facilitam para as marcas descobrirem, avaliarem e se conectarem com criadores para campanhas de an\u00fancios em parceria usando o Marketplace de Criadores do Instagram. Expandindo o Marketplace de Criadores para empresas globalmente: A partir de hoje, estamos ampliando\u2026","rel":"","context":"In &quot;Meta&quot;","block_context":{"text":"Meta","link":"https:\/\/about.fb.com\/br\/news\/category\/temas-home\/meta\/"},"img":{"alt_text":"","src":"https:\/\/about.fb.com\/br\/wp-content\/uploads\/sites\/11\/2025\/07\/Logo-Meta-1.jpg?fit=633%2C356&resize=350%2C200","width":350,"height":200,"srcset":"https:\/\/about.fb.com\/br\/wp-content\/uploads\/sites\/11\/2025\/07\/Logo-Meta-1.jpg?fit=633%2C356&resize=350%2C200 1x, https:\/\/about.fb.com\/br\/wp-content\/uploads\/sites\/11\/2025\/07\/Logo-Meta-1.jpg?fit=633%2C356&resize=525%2C300 1.5x"},"classes":[]}],"jetpack_sharing_enabled":true,"amp_enabled":true,"_links":{"self":[{"href":"https:\/\/about.fb.com\/br\/wp-json\/wp\/v2\/posts\/5905","targetHints":{"allow":["GET"]}}],"collection":[{"href":"https:\/\/about.fb.com\/br\/wp-json\/wp\/v2\/posts"}],"about":[{"href":"https:\/\/about.fb.com\/br\/wp-json\/wp\/v2\/types\/post"}],"author":[{"embeddable":true,"href":"https:\/\/about.fb.com\/br\/wp-json\/wp\/v2\/users\/81109636"}],"replies":[{"embeddable":true,"href":"https:\/\/about.fb.com\/br\/wp-json\/wp\/v2\/comments?post=5905"}],"version-history":[{"count":2,"href":"https:\/\/about.fb.com\/br\/wp-json\/wp\/v2\/posts\/5905\/revisions"}],"predecessor-version":[{"id":8130,"href":"https:\/\/about.fb.com\/br\/wp-json\/wp\/v2\/posts\/5905\/revisions\/8130"}],"wp:attachment":[{"href":"https:\/\/about.fb.com\/br\/wp-json\/wp\/v2\/media?parent=5905"}],"wp:term":[{"taxonomy":"category","embeddable":true,"href":"https:\/\/about.fb.com\/br\/wp-json\/wp\/v2\/categories?post=5905"},{"taxonomy":"post_tag","embeddable":true,"href":"https:\/\/about.fb.com\/br\/wp-json\/wp\/v2\/tags?post=5905"}],"curies":[{"name":"wp","href":"https:\/\/api.w.org\/{rel}","templated":true}]}}