{"id":5896,"date":"2017-03-28T10:05:06","date_gmt":"2017-03-28T13:05:06","guid":{"rendered":"http:\/\/br.newsroom.fb.com\/?p=5896"},"modified":"2021-06-17T10:10:49","modified_gmt":"2021-06-17T13:10:49","slug":"mais-formas-de-compartilhar-com-a-camera-do-facebook","status":"publish","type":"post","link":"https:\/\/about.fb.com\/br\/news\/2017\/03\/mais-formas-de-compartilhar-com-a-camera-do-facebook\/","title":{"rendered":"Mais formas de compartilhar com a c\u00e2mera do Facebook"},"content":{"rendered":"<p><em>Por <a href=\"https:\/\/www.facebook.com\/hayesconnor?fref=ts\">Connor Hayes<\/a>, gerente de produto<\/em><\/p>\n<p><em><strong>Atualiza\u00e7\u00e3o em 15 de agosto de 2017:<\/strong><\/em>\u00a0Ao longo dos \u00faltimos meses, vimos as pessoas usarem a C\u00e2mera do Facebook e seus efeitos criativos para mostrar aos amigos e familiares o que elas estavam fazendo. Hoje, anunciamos novas formas de capturar e compartilhar momentos com a C\u00e2mera do Facebook em dispositivos iOS e Android:<\/p>\n<ul>\n<li><b>Live:<\/b> Agora voc\u00ea pode entrar ao vivo pela C\u00e2mera do Facebook e usar todos os efeitos criativos dela para o Facebook Live tamb\u00e9m. Quando estiver ao vivo, seu v\u00eddeo aparecer\u00e1 em Sua Hist\u00f3ria para o p\u00fablico que voc\u00ea selecionou. Voc\u00ea pode entrar ao vivo apenas pelo Stories ou optar por tamb\u00e9m criar um post em sua linha do tempo. Saiba mais <a href=\"https:\/\/www.facebook.com\/help\/162347444215311\">aqui<\/a>.<\/li>\n<li><b>GIF:<\/b> As pessoas poder\u00e3o em breve dar vida \u00e0s imagens, criando v\u00eddeos em loop de 2 segundos com a C\u00e2mera do Facebook. Voc\u00ea pode compartilhar o conte\u00fado no Feed de Not\u00edcias, em Sua Hist\u00f3ria ou enviar pelo Direct.<\/li>\n<li><b>Texto:<\/b> Estamos adicionando tamb\u00e9m uma op\u00e7\u00e3o para tornar as atualiza\u00e7\u00f5es de texto mais visuais, a partir de mensagens em tela cheia que incluem um fundo colorido. Elas podem ser compartilhadas no Feed de Not\u00edcias, em Sua Hist\u00f3ria ou diretamente pelo Direct.<\/li>\n<\/ul>\n<p><em><strong>Originalmente publicado em 28 de mar\u00e7o de 2017:<\/strong><\/p>\n<p><\/em>Queremos que seja r\u00e1pido, divertido e f\u00e1cil para as pessoas compartilharem fotos e v\u00eddeos criativos com quem quiserem, quando quiserem \u2013 e quanto mais compartilhamos uns com os outros, mais aberta e conectada pode ser a nossa comunidade. <strong>Hoje estamos lan\u00e7ando globalmente uma nova c\u00e2mera com efeitos e duas maneiras adicionais de compartilhar as fotos e os v\u00eddeos que voc\u00ea captura<\/strong>.<\/p>\n<p><strong>Efeitos da c\u00e2mera: Deixe sua c\u00e2mera falar por si <\/strong><br \/>\nPara experimentar a nova c\u00e2mera, a partir desta semana as pessoas com iOS e Android precisam apenas tocar no \u00edcone da c\u00e2mera no canto superior esquerdo do aplicativo do Facebook ou deslizar a tela para o lado direito do Feed de Not\u00edcias.<\/p>\n<p><img data-recalc-dims=\"1\" loading=\"lazy\" decoding=\"async\" class=\"aligncenter size-full wp-image-5897\" src=\"https:\/\/about.fb.com\/br\/wp-content\/uploads\/sites\/3\/2017\/03\/item-12-1.png?resize=960%2C849\" alt=\"\" width=\"960\" height=\"849\" \/><\/p>\n<p>A c\u00e2mera do Facebook traz dezenas de efeitos, como m\u00e1scaras, molduras e filtros interativos que voc\u00ea pode aplicar a suas fotos e v\u00eddeos. Os efeitos reativos permitem que voc\u00ea interaja com objetos din\u00e2micos &#8211; como neve caindo &#8211; e os efeitos de estilo aplicam um filtro art\u00edstico ao seu v\u00eddeo em tempo real, permitindo que voc\u00ea transforme sua selfie em uma obra de arte ao estilo Picasso.<\/p>\n<p>Tamb\u00e9m estamos realizando parcerias com marcas para criar m\u00e1scaras para lan\u00e7amento de filmes, como \u2018Alien: Covenant\u2019, \u2018Meu Malvado Favorito 3\u2019, \u2018Guardi\u00f5es da Gal\u00e1xia Vol. 2\u2019, \u2018Power Rangers\u2019, \u2018Smurfs: A Vila Perdida\u2019 e \u2018Mulher Maravilha\u2019.<\/p>\n<p><img data-recalc-dims=\"1\" loading=\"lazy\" decoding=\"async\" class=\"aligncenter size-large wp-image-5898\" src=\"https:\/\/about.fb.com\/br\/wp-content\/uploads\/sites\/3\/2017\/03\/item-22-1.png?resize=960%2C534\" alt=\"\" width=\"960\" height=\"534\" \/><\/p>\n<p><img data-recalc-dims=\"1\" loading=\"lazy\" decoding=\"async\" class=\"aligncenter size-large wp-image-5899\" src=\"https:\/\/about.fb.com\/br\/wp-content\/uploads\/sites\/3\/2017\/03\/item-32-1.png?resize=960%2C534\" alt=\"\" width=\"960\" height=\"534\" \/><\/p>\n<p>Al\u00e9m disso, estamos adicionando artes de artistas visuais convidados como <a href=\"http:\/\/www.hattiestewart.com\/\">Hattie Stewart<\/a> e <a href=\"https:\/\/www.coupland.com\/\">Douglas Coupland<\/a>. Atualizaremos regularmente os efeitos criativos na c\u00e2mera para oferecer novas experi\u00eancias divertidas.<\/p>\n<p><img data-recalc-dims=\"1\" loading=\"lazy\" decoding=\"async\" class=\"aligncenter size-full wp-image-5900\" src=\"https:\/\/about.fb.com\/br\/wp-content\/uploads\/sites\/3\/2017\/03\/item-41-1.png?resize=960%2C849\" alt=\"\" width=\"960\" height=\"849\" \/><\/p>\n<p><strong>Stories: Mostre aos amigos o que voc\u00ea est\u00e1 fazendo<\/strong><br \/>\nA comunidade do Instagram nos mostrou que pode ser <a href=\"http:\/\/blog.instagram.com\/post\/148348940287\/160802-stories\">divertido compartilhar coisas que desaparecem depois de um dia<\/a>. Por isso, no principal app do Facebook, tamb\u00e9m estamos lan\u00e7ando o Facebook Stories, que permite compartilhar v\u00e1rias fotos e v\u00eddeos como parte de uma cole\u00e7\u00e3o visual no topo do Feed de Not\u00edcias. Seus amigos podem ver as fotos ou os v\u00eddeos da sua hist\u00f3ria por 24 horas e esse conte\u00fado n\u00e3o aparecer\u00e1 na sua linha do tempo ou no Feed de Not\u00edcias, a menos que voc\u00ea poste ele l\u00e1 tamb\u00e9m.<\/p>\n<p>Para adicionar \u00e0 sua hist\u00f3ria, toque no \u00edcone &#8220;Sua Hist\u00f3ria&#8221; na barra do Stories localizada na parte superior do Feed de Not\u00edcias.<\/p>\n<p><img data-recalc-dims=\"1\" loading=\"lazy\" decoding=\"async\" class=\"aligncenter wp-image-5901\" src=\"https:\/\/about.fb.com\/br\/wp-content\/uploads\/sites\/3\/2017\/03\/item-51-1.png?resize=431%2C766\" alt=\"\" width=\"431\" height=\"766\" \/><\/p>\n<p><strong>Direct: Compartilhe facilmente com quem voc\u00ea quiser<\/strong><br \/>\nAl\u00e9m de compartilhar em sua Hist\u00f3ria, sabemos que voc\u00ea pode querer compartilhar suas fotos e v\u00eddeos com amigos espec\u00edficos e por um tempo limitado. Para isso, tamb\u00e9m adicionamos o Direct. Quando voc\u00ea envia uma foto ou v\u00eddeo por meio do Direct, seus amigos poder\u00e3o ver aquele conte\u00fado ao abr\u00ed-lo, reproduz\u00ed-lo mais uma vez ou escrever uma resposta. Quando a conversa na foto ou no v\u00eddeo terminar, o conte\u00fado n\u00e3o estar\u00e1 mais vis\u00edvel no Direct.<\/p>\n<p><img data-recalc-dims=\"1\" loading=\"lazy\" decoding=\"async\" class=\"aligncenter wp-image-5902\" src=\"https:\/\/about.fb.com\/br\/wp-content\/uploads\/sites\/3\/2017\/03\/item-61-1.png?resize=461%2C819\" alt=\"\" width=\"461\" height=\"819\" \/><\/p>\n<p>Nos pr\u00f3ximos meses, planejamos lan\u00e7ar novas maneiras para que a comunidade do Facebook possa criar suas pr\u00f3prias molduras e efeitos para qualquer foto ou v\u00eddeo criado com a nova c\u00e2mera. Nosso objetivo \u00e9 que a c\u00e2mera seja um lar de centenas de efeitos din\u00e2micos e divertidos para levar \u00e0s pessoas novas formas de se conectar com amigos, fam\u00edlia e a comunidade.<\/p>\n<p>Esperamos que com a nova c\u00e2mera do Facebook, o Stories e o Direct, seja mais f\u00e1cil do que nunca ver o mundo atrav\u00e9s dos olhos um do outro, e n\u00e3o podemos esperar para ver as fotos e os v\u00eddeos que ser\u00e3o criados. Enquanto isso, aqui est\u00e1 uma das minhas hist\u00f3rias em meu disfarce de ilha tropical, me escondendo do trabalho com meu gato Ebi.<\/p>\n<p><img data-recalc-dims=\"1\" loading=\"lazy\" decoding=\"async\" class=\"aligncenter wp-image-5903\" src=\"https:\/\/about.fb.com\/br\/wp-content\/uploads\/sites\/3\/2017\/03\/item-7_final-1.png?resize=478%2C977\" alt=\"\" width=\"478\" height=\"977\" \/><\/p>\n<p>&nbsp;<\/p>\n","protected":false},"excerpt":{"rendered":"Por Connor Hayes, gerente de produto Atualiza\u00e7\u00e3o em 15 de agosto de 2017:\u00a0Ao longo dos \u00faltimos meses, vimos as pessoas usarem a C\u00e2mera do Facebook e seus efeitos criativos para mostrar aos amigos e familiares o que elas estavam fazendo. Hoje, anunciamos novas formas de capturar e compartilhar momentos com a C\u00e2mera do Facebook em dispositivos iOS e Android: Live: Agora voc\u00ea pode entrar ao vivo pela C\u00e2mera do Facebook e usar todos os efeitos criativos dela para o Facebook Live tamb\u00e9m. Quando estiver ao vivo, seu v\u00eddeo aparecer\u00e1 em Sua Hist\u00f3ria para o p\u00fablico que voc\u00ea selecionou. Voc\u00ea pode entrar ao vivo apenas pelo Stories ou optar por tamb\u00e9m criar um post em sua linha do tempo. Saiba mais aqui. GIF: As pessoas poder\u00e3o em breve dar vida \u00e0s imagens, criando v\u00eddeos em loop de 2 segundos com a C\u00e2mera do Facebook. Voc\u00ea pode compartilhar o conte\u00fado no Feed de Not\u00edcias, em Sua Hist\u00f3ria ou enviar pelo Direct. Texto: Estamos adicionando tamb\u00e9m uma op\u00e7\u00e3o para tornar as atualiza\u00e7\u00f5es de texto mais visuais, a partir de mensagens em tela cheia que incluem um fundo colorido. Elas podem ser compartilhadas no Feed de Not\u00edcias, em Sua Hist\u00f3ria ou diretamente pelo Direct. Originalmente publicado em 28 de mar\u00e7o de 2017: Queremos que seja r\u00e1pido, divertido e f\u00e1cil para as pessoas compartilharem fotos e v\u00eddeos criativos com quem quiserem, quando quiserem \u2013 e quanto mais compartilhamos uns com os outros, mais aberta e conectada pode ser a nossa comunidade. Hoje estamos lan\u00e7ando globalmente uma nova c\u00e2mera com efeitos e duas maneiras adicionais de compartilhar as fotos e os v\u00eddeos que voc\u00ea captura. Efeitos da c\u00e2mera: Deixe sua c\u00e2mera falar por si Para experimentar a nova c\u00e2mera, a partir desta semana as pessoas com iOS e Android precisam apenas tocar no \u00edcone da c\u00e2mera no canto superior esquerdo do aplicativo do Facebook ou deslizar a tela para o lado direito do Feed de Not\u00edcias. A c\u00e2mera do Facebook traz dezenas de efeitos, como m\u00e1scaras, molduras e filtros interativos que voc\u00ea pode aplicar a suas fotos e v\u00eddeos. Os efeitos reativos permitem que voc\u00ea interaja com objetos din\u00e2micos &#8211; como neve caindo &#8211; e os efeitos de estilo aplicam um filtro art\u00edstico ao seu v\u00eddeo em tempo real, permitindo que voc\u00ea transforme sua selfie em uma obra de arte ao estilo Picasso. Tamb\u00e9m estamos realizando parcerias com marcas para criar m\u00e1scaras para lan\u00e7amento de filmes, como \u2018Alien: Covenant\u2019, \u2018Meu Malvado Favorito 3\u2019, \u2018Guardi\u00f5es da Gal\u00e1xia Vol. 2\u2019, \u2018Power Rangers\u2019, \u2018Smurfs: A Vila Perdida\u2019 e \u2018Mulher Maravilha\u2019. Al\u00e9m disso, estamos adicionando artes de artistas visuais convidados como Hattie Stewart e Douglas Coupland. Atualizaremos regularmente os efeitos criativos na c\u00e2mera para oferecer novas experi\u00eancias divertidas. Stories: Mostre aos amigos o que voc\u00ea est\u00e1 fazendo A comunidade do Instagram nos mostrou que pode ser divertido compartilhar coisas que desaparecem depois de um dia. Por isso, no principal app do Facebook, tamb\u00e9m estamos lan\u00e7ando o Facebook Stories, que permite compartilhar v\u00e1rias fotos e v\u00eddeos como parte de uma cole\u00e7\u00e3o visual no topo do Feed de Not\u00edcias. Seus amigos podem ver as fotos ou os v\u00eddeos da sua hist\u00f3ria por 24 horas e esse conte\u00fado n\u00e3o aparecer\u00e1 na sua linha do tempo ou no Feed de Not\u00edcias, a menos que voc\u00ea poste ele l\u00e1 tamb\u00e9m. Para adicionar \u00e0 sua hist\u00f3ria, toque no \u00edcone &#8220;Sua Hist\u00f3ria&#8221; na barra do Stories localizada na parte superior do Feed de Not\u00edcias. Direct: Compartilhe facilmente com quem voc\u00ea quiser Al\u00e9m de compartilhar em sua Hist\u00f3ria, sabemos que voc\u00ea pode querer compartilhar suas fotos e v\u00eddeos com amigos espec\u00edficos e por um tempo limitado. Para isso, tamb\u00e9m adicionamos o Direct. Quando voc\u00ea envia uma foto ou v\u00eddeo por meio do Direct, seus amigos poder\u00e3o ver aquele conte\u00fado ao abr\u00ed-lo, reproduz\u00ed-lo mais uma vez ou escrever uma resposta. Quando a conversa na foto ou no v\u00eddeo terminar, o conte\u00fado n\u00e3o estar\u00e1 mais vis\u00edvel no Direct. Nos pr\u00f3ximos meses, planejamos lan\u00e7ar novas maneiras para que a comunidade do Facebook possa criar suas pr\u00f3prias molduras e efeitos para qualquer foto ou v\u00eddeo criado com a nova c\u00e2mera. Nosso objetivo \u00e9 que a c\u00e2mera seja um lar de centenas de efeitos din\u00e2micos e divertidos para levar \u00e0s pessoas novas formas de se conectar com amigos, fam\u00edlia e a comunidade. Esperamos que com a nova c\u00e2mera do Facebook, o Stories e o Direct, seja mais f\u00e1cil do que nunca ver o mundo atrav\u00e9s dos olhos um do outro, e n\u00e3o podemos esperar para ver as fotos e os v\u00eddeos que ser\u00e3o criados. Enquanto isso, aqui est\u00e1 uma das minhas hist\u00f3rias em meu disfarce de ilha tropical, me escondendo do trabalho com meu gato Ebi. &nbsp;","protected":false},"author":81109636,"featured_media":0,"comment_status":"closed","ping_status":"closed","sticky":false,"template":"","format":"standard","meta":{"_jetpack_memberships_contains_paid_content":false,"footnotes":""},"categories":[1],"tags":[396541928,396541929,396541927,396541930,412],"class_list":["post-5896","post","type-post","status-publish","format-standard","hentry","category-recent-news","tag-direct","tag-facebook-camera","tag-facebook-stories","tag-fotos","tag-video"],"yoast_head":"<!-- This site is optimized with the Yoast SEO plugin v27.2 - https:\/\/yoast.com\/product\/yoast-seo-wordpress\/ -->\n<title>Mais formas de compartilhar com a c\u00e2mera do Facebook | Sobre a Meta<\/title>\n<meta name=\"robots\" content=\"index, follow, max-snippet:-1, max-image-preview:large, max-video-preview:-1\" \/>\n<link rel=\"canonical\" href=\"https:\/\/about.fb.com\/br\/news\/2017\/03\/mais-formas-de-compartilhar-com-a-camera-do-facebook\/\" \/>\n<meta property=\"og:locale\" content=\"pt_BR\" \/>\n<meta property=\"og:type\" content=\"article\" \/>\n<meta property=\"og:title\" content=\"Mais formas de compartilhar com a c\u00e2mera do Facebook | Sobre a Meta\" \/>\n<meta property=\"og:description\" content=\"Por Connor Hayes, gerente de produto Atualiza\u00e7\u00e3o em 15 de agosto de 2017:\u00a0Ao longo dos \u00faltimos meses, vimos as pessoas usarem a C\u00e2mera do Facebook e seus efeitos criativos para mostrar aos amigos e familiares o que elas estavam fazendo. Hoje, anunciamos novas formas de capturar e compartilhar momentos com a C\u00e2mera do Facebook em dispositivos iOS e Android: Live: Agora voc\u00ea pode entrar ao vivo pela C\u00e2mera do Facebook e usar todos os efeitos criativos dela para o Facebook Live tamb\u00e9m. Quando estiver ao vivo, seu v\u00eddeo aparecer\u00e1 em Sua Hist\u00f3ria para o p\u00fablico que voc\u00ea selecionou. Voc\u00ea pode entrar ao vivo apenas pelo Stories ou optar por tamb\u00e9m criar um post em sua linha do tempo. Saiba mais aqui. GIF: As pessoas poder\u00e3o em breve dar vida \u00e0s imagens, criando v\u00eddeos em loop de 2 segundos com a C\u00e2mera do Facebook. Voc\u00ea pode compartilhar o conte\u00fado no Feed de Not\u00edcias, em Sua Hist\u00f3ria ou enviar pelo Direct. Texto: Estamos adicionando tamb\u00e9m uma op\u00e7\u00e3o para tornar as atualiza\u00e7\u00f5es de texto mais visuais, a partir de mensagens em tela cheia que incluem um fundo colorido. Elas podem ser compartilhadas no Feed de Not\u00edcias, em Sua Hist\u00f3ria ou diretamente pelo Direct. Originalmente publicado em 28 de mar\u00e7o de 2017: Queremos que seja r\u00e1pido, divertido e f\u00e1cil para as pessoas compartilharem fotos e v\u00eddeos criativos com quem quiserem, quando quiserem \u2013 e quanto mais compartilhamos uns com os outros, mais aberta e conectada pode ser a nossa comunidade. Hoje estamos lan\u00e7ando globalmente uma nova c\u00e2mera com efeitos e duas maneiras adicionais de compartilhar as fotos e os v\u00eddeos que voc\u00ea captura. Efeitos da c\u00e2mera: Deixe sua c\u00e2mera falar por si Para experimentar a nova c\u00e2mera, a partir desta semana as pessoas com iOS e Android precisam apenas tocar no \u00edcone da c\u00e2mera no canto superior esquerdo do aplicativo do Facebook ou deslizar a tela para o lado direito do Feed de Not\u00edcias. A c\u00e2mera do Facebook traz dezenas de efeitos, como m\u00e1scaras, molduras e filtros interativos que voc\u00ea pode aplicar a suas fotos e v\u00eddeos. Os efeitos reativos permitem que voc\u00ea interaja com objetos din\u00e2micos &#8211; como neve caindo &#8211; e os efeitos de estilo aplicam um filtro art\u00edstico ao seu v\u00eddeo em tempo real, permitindo que voc\u00ea transforme sua selfie em uma obra de arte ao estilo Picasso. Tamb\u00e9m estamos realizando parcerias com marcas para criar m\u00e1scaras para lan\u00e7amento de filmes, como \u2018Alien: Covenant\u2019, \u2018Meu Malvado Favorito 3\u2019, \u2018Guardi\u00f5es da Gal\u00e1xia Vol. 2\u2019, \u2018Power Rangers\u2019, \u2018Smurfs: A Vila Perdida\u2019 e \u2018Mulher Maravilha\u2019. Al\u00e9m disso, estamos adicionando artes de artistas visuais convidados como Hattie Stewart e Douglas Coupland. Atualizaremos regularmente os efeitos criativos na c\u00e2mera para oferecer novas experi\u00eancias divertidas. Stories: Mostre aos amigos o que voc\u00ea est\u00e1 fazendo A comunidade do Instagram nos mostrou que pode ser divertido compartilhar coisas que desaparecem depois de um dia. Por isso, no principal app do Facebook, tamb\u00e9m estamos lan\u00e7ando o Facebook Stories, que permite compartilhar v\u00e1rias fotos e v\u00eddeos como parte de uma cole\u00e7\u00e3o visual no topo do Feed de Not\u00edcias. Seus amigos podem ver as fotos ou os v\u00eddeos da sua hist\u00f3ria por 24 horas e esse conte\u00fado n\u00e3o aparecer\u00e1 na sua linha do tempo ou no Feed de Not\u00edcias, a menos que voc\u00ea poste ele l\u00e1 tamb\u00e9m. Para adicionar \u00e0 sua hist\u00f3ria, toque no \u00edcone &#8220;Sua Hist\u00f3ria&#8221; na barra do Stories localizada na parte superior do Feed de Not\u00edcias. Direct: Compartilhe facilmente com quem voc\u00ea quiser Al\u00e9m de compartilhar em sua Hist\u00f3ria, sabemos que voc\u00ea pode querer compartilhar suas fotos e v\u00eddeos com amigos espec\u00edficos e por um tempo limitado. Para isso, tamb\u00e9m adicionamos o Direct. Quando voc\u00ea envia uma foto ou v\u00eddeo por meio do Direct, seus amigos poder\u00e3o ver aquele conte\u00fado ao abr\u00ed-lo, reproduz\u00ed-lo mais uma vez ou escrever uma resposta. Quando a conversa na foto ou no v\u00eddeo terminar, o conte\u00fado n\u00e3o estar\u00e1 mais vis\u00edvel no Direct. Nos pr\u00f3ximos meses, planejamos lan\u00e7ar novas maneiras para que a comunidade do Facebook possa criar suas pr\u00f3prias molduras e efeitos para qualquer foto ou v\u00eddeo criado com a nova c\u00e2mera. Nosso objetivo \u00e9 que a c\u00e2mera seja um lar de centenas de efeitos din\u00e2micos e divertidos para levar \u00e0s pessoas novas formas de se conectar com amigos, fam\u00edlia e a comunidade. Esperamos que com a nova c\u00e2mera do Facebook, o Stories e o Direct, seja mais f\u00e1cil do que nunca ver o mundo atrav\u00e9s dos olhos um do outro, e n\u00e3o podemos esperar para ver as fotos e os v\u00eddeos que ser\u00e3o criados. Enquanto isso, aqui est\u00e1 uma das minhas hist\u00f3rias em meu disfarce de ilha tropical, me escondendo do trabalho com meu gato Ebi. &nbsp;\" \/>\n<meta property=\"og:url\" content=\"https:\/\/about.fb.com\/br\/news\/2017\/03\/mais-formas-de-compartilhar-com-a-camera-do-facebook\/\" \/>\n<meta property=\"og:site_name\" content=\"Sobre a Meta\" \/>\n<meta property=\"article:published_time\" content=\"2017-03-28T13:05:06+00:00\" \/>\n<meta property=\"article:modified_time\" content=\"2021-06-17T13:10:49+00:00\" \/>\n<meta property=\"og:image\" content=\"https:\/\/about.fb.com\/br\/wp-content\/uploads\/sites\/3\/2017\/03\/item-12-1.png\" \/>\n<meta name=\"author\" content=\"facebookbr\" \/>\n<meta name=\"twitter:card\" content=\"summary_large_image\" \/>\n<meta name=\"twitter:label1\" content=\"Written by\" \/>\n\t<meta name=\"twitter:data1\" content=\"Meta\" \/>\n\t<meta name=\"twitter:label2\" content=\"Est. reading time\" \/>\n\t<meta name=\"twitter:data2\" content=\"4 minutos\" \/>\n<script type=\"application\/ld+json\" class=\"yoast-schema-graph\">{\"@context\":\"https:\/\/schema.org\",\"@graph\":[{\"@type\":\"Article\",\"@id\":\"https:\/\/about.fb.com\/br\/news\/2017\/03\/mais-formas-de-compartilhar-com-a-camera-do-facebook\/#article\",\"isPartOf\":{\"@id\":\"https:\/\/about.fb.com\/br\/news\/2017\/03\/mais-formas-de-compartilhar-com-a-camera-do-facebook\/\"},\"author\":\"Facebook company\",\"headline\":\"Mais formas de compartilhar com a c\u00e2mera do Facebook\",\"datePublished\":\"2017-03-28T13:05:06+00:00\",\"dateModified\":\"2021-06-17T13:10:49+00:00\",\"mainEntityOfPage\":{\"@id\":\"https:\/\/about.fb.com\/br\/news\/2017\/03\/mais-formas-de-compartilhar-com-a-camera-do-facebook\/\"},\"wordCount\":864,\"publisher\":{\"@id\":\"https:\/\/about.fb.com\/br\/#organization\"},\"image\":{\"@id\":\"https:\/\/about.fb.com\/br\/news\/2017\/03\/mais-formas-de-compartilhar-com-a-camera-do-facebook\/#primaryimage\"},\"thumbnailUrl\":\"https:\/\/about.fb.com\/br\/wp-content\/uploads\/sites\/3\/2017\/03\/item-12-1.png\",\"keywords\":[\"Direct\",\"Facebook Camera\",\"Facebook Stories\",\"fotos\",\"V\u00eddeo\"],\"articleSection\":[\"Recent News\"],\"inLanguage\":\"pt-BR\"},{\"@type\":\"WebPage\",\"@id\":\"https:\/\/about.fb.com\/br\/news\/2017\/03\/mais-formas-de-compartilhar-com-a-camera-do-facebook\/\",\"url\":\"https:\/\/about.fb.com\/br\/news\/2017\/03\/mais-formas-de-compartilhar-com-a-camera-do-facebook\/\",\"name\":\"Mais formas de compartilhar com a c\u00e2mera do Facebook | Sobre a Meta\",\"isPartOf\":{\"@id\":\"https:\/\/about.fb.com\/br\/#website\"},\"primaryImageOfPage\":{\"@id\":\"https:\/\/about.fb.com\/br\/news\/2017\/03\/mais-formas-de-compartilhar-com-a-camera-do-facebook\/#primaryimage\"},\"image\":{\"@id\":\"https:\/\/about.fb.com\/br\/news\/2017\/03\/mais-formas-de-compartilhar-com-a-camera-do-facebook\/#primaryimage\"},\"thumbnailUrl\":\"https:\/\/about.fb.com\/br\/wp-content\/uploads\/sites\/3\/2017\/03\/item-12-1.png\",\"datePublished\":\"2017-03-28T13:05:06+00:00\",\"dateModified\":\"2021-06-17T13:10:49+00:00\",\"breadcrumb\":{\"@id\":\"https:\/\/about.fb.com\/br\/news\/2017\/03\/mais-formas-de-compartilhar-com-a-camera-do-facebook\/#breadcrumb\"},\"inLanguage\":\"pt-BR\",\"potentialAction\":[{\"@type\":\"ReadAction\",\"target\":[\"https:\/\/about.fb.com\/br\/news\/2017\/03\/mais-formas-de-compartilhar-com-a-camera-do-facebook\/\"]}],\"author\":\"Sobre a Meta\"},{\"@type\":\"ImageObject\",\"inLanguage\":\"pt-BR\",\"@id\":\"https:\/\/about.fb.com\/br\/news\/2017\/03\/mais-formas-de-compartilhar-com-a-camera-do-facebook\/#primaryimage\",\"url\":\"https:\/\/about.fb.com\/br\/wp-content\/uploads\/sites\/3\/2017\/03\/item-12-1.png\",\"contentUrl\":\"https:\/\/about.fb.com\/br\/wp-content\/uploads\/sites\/3\/2017\/03\/item-12-1.png\"},{\"@type\":\"BreadcrumbList\",\"@id\":\"https:\/\/about.fb.com\/br\/news\/2017\/03\/mais-formas-de-compartilhar-com-a-camera-do-facebook\/#breadcrumb\",\"itemListElement\":[{\"@type\":\"ListItem\",\"position\":1,\"name\":\"Home\",\"item\":\"https:\/\/about.fb.com\/br\/\"},{\"@type\":\"ListItem\",\"position\":2,\"name\":\"Mais formas de compartilhar com a c\u00e2mera do Facebook\"}]},{\"@type\":\"WebSite\",\"@id\":\"https:\/\/about.fb.com\/br\/#website\",\"url\":\"https:\/\/about.fb.com\/news\/\",\"name\":\"Sobre a Meta\",\"description\":\"\",\"publisher\":{\"@id\":\"https:\/\/about.fb.com\/br\/#organization\"},\"potentialAction\":[{\"@type\":\"SearchAction\",\"target\":{\"@type\":\"EntryPoint\",\"urlTemplate\":\"https:\/\/about.fb.com\/br\/?s={search_term_string}\"},\"query-input\":{\"@type\":\"PropertyValueSpecification\",\"valueRequired\":true,\"valueName\":\"search_term_string\"}}],\"inLanguage\":\"pt-BR\",\"alternateName\":[\"Meta Newsroom\",\"Meta\"]},{\"@type\":\"Organization\",\"@id\":\"https:\/\/about.fb.com\/br\/#organization\",\"name\":\"Meta\",\"url\":\"https:\/\/about.fb.com\/br\/\",\"logo\":{\"@type\":\"ImageObject\",\"inLanguage\":\"pt-BR\",\"@id\":\"https:\/\/about.fb.com\/br\/#\/schema\/logo\/image\/\",\"url\":\"https:\/\/about.fb.com\/br\/wp-content\/uploads\/sites\/11\/2021\/10\/meta-social-16x9-1.jpg?fit=8000%2C4500\",\"contentUrl\":\"https:\/\/about.fb.com\/br\/wp-content\/uploads\/sites\/11\/2021\/10\/meta-social-16x9-1.jpg?fit=8000%2C4500\",\"width\":8000,\"height\":4500,\"caption\":\"Meta\"},\"image\":{\"@id\":\"https:\/\/about.fb.com\/br\/#\/schema\/logo\/image\/\"}}]}<\/script>\n<!-- \/ Yoast SEO plugin. -->","yoast_head_json":{"title":"Mais formas de compartilhar com a c\u00e2mera do Facebook | Sobre a Meta","robots":{"index":"index","follow":"follow","max-snippet":"max-snippet:-1","max-image-preview":"max-image-preview:large","max-video-preview":"max-video-preview:-1"},"canonical":"https:\/\/about.fb.com\/br\/news\/2017\/03\/mais-formas-de-compartilhar-com-a-camera-do-facebook\/","og_locale":"pt_BR","og_type":"article","og_title":"Mais formas de compartilhar com a c\u00e2mera do Facebook | Sobre a Meta","og_description":"Por Connor Hayes, gerente de produto Atualiza\u00e7\u00e3o em 15 de agosto de 2017:\u00a0Ao longo dos \u00faltimos meses, vimos as pessoas usarem a C\u00e2mera do Facebook e seus efeitos criativos para mostrar aos amigos e familiares o que elas estavam fazendo. Hoje, anunciamos novas formas de capturar e compartilhar momentos com a C\u00e2mera do Facebook em dispositivos iOS e Android: Live: Agora voc\u00ea pode entrar ao vivo pela C\u00e2mera do Facebook e usar todos os efeitos criativos dela para o Facebook Live tamb\u00e9m. Quando estiver ao vivo, seu v\u00eddeo aparecer\u00e1 em Sua Hist\u00f3ria para o p\u00fablico que voc\u00ea selecionou. Voc\u00ea pode entrar ao vivo apenas pelo Stories ou optar por tamb\u00e9m criar um post em sua linha do tempo. Saiba mais aqui. GIF: As pessoas poder\u00e3o em breve dar vida \u00e0s imagens, criando v\u00eddeos em loop de 2 segundos com a C\u00e2mera do Facebook. Voc\u00ea pode compartilhar o conte\u00fado no Feed de Not\u00edcias, em Sua Hist\u00f3ria ou enviar pelo Direct. Texto: Estamos adicionando tamb\u00e9m uma op\u00e7\u00e3o para tornar as atualiza\u00e7\u00f5es de texto mais visuais, a partir de mensagens em tela cheia que incluem um fundo colorido. Elas podem ser compartilhadas no Feed de Not\u00edcias, em Sua Hist\u00f3ria ou diretamente pelo Direct. Originalmente publicado em 28 de mar\u00e7o de 2017: Queremos que seja r\u00e1pido, divertido e f\u00e1cil para as pessoas compartilharem fotos e v\u00eddeos criativos com quem quiserem, quando quiserem \u2013 e quanto mais compartilhamos uns com os outros, mais aberta e conectada pode ser a nossa comunidade. Hoje estamos lan\u00e7ando globalmente uma nova c\u00e2mera com efeitos e duas maneiras adicionais de compartilhar as fotos e os v\u00eddeos que voc\u00ea captura. Efeitos da c\u00e2mera: Deixe sua c\u00e2mera falar por si Para experimentar a nova c\u00e2mera, a partir desta semana as pessoas com iOS e Android precisam apenas tocar no \u00edcone da c\u00e2mera no canto superior esquerdo do aplicativo do Facebook ou deslizar a tela para o lado direito do Feed de Not\u00edcias. A c\u00e2mera do Facebook traz dezenas de efeitos, como m\u00e1scaras, molduras e filtros interativos que voc\u00ea pode aplicar a suas fotos e v\u00eddeos. Os efeitos reativos permitem que voc\u00ea interaja com objetos din\u00e2micos &#8211; como neve caindo &#8211; e os efeitos de estilo aplicam um filtro art\u00edstico ao seu v\u00eddeo em tempo real, permitindo que voc\u00ea transforme sua selfie em uma obra de arte ao estilo Picasso. Tamb\u00e9m estamos realizando parcerias com marcas para criar m\u00e1scaras para lan\u00e7amento de filmes, como \u2018Alien: Covenant\u2019, \u2018Meu Malvado Favorito 3\u2019, \u2018Guardi\u00f5es da Gal\u00e1xia Vol. 2\u2019, \u2018Power Rangers\u2019, \u2018Smurfs: A Vila Perdida\u2019 e \u2018Mulher Maravilha\u2019. Al\u00e9m disso, estamos adicionando artes de artistas visuais convidados como Hattie Stewart e Douglas Coupland. Atualizaremos regularmente os efeitos criativos na c\u00e2mera para oferecer novas experi\u00eancias divertidas. Stories: Mostre aos amigos o que voc\u00ea est\u00e1 fazendo A comunidade do Instagram nos mostrou que pode ser divertido compartilhar coisas que desaparecem depois de um dia. Por isso, no principal app do Facebook, tamb\u00e9m estamos lan\u00e7ando o Facebook Stories, que permite compartilhar v\u00e1rias fotos e v\u00eddeos como parte de uma cole\u00e7\u00e3o visual no topo do Feed de Not\u00edcias. Seus amigos podem ver as fotos ou os v\u00eddeos da sua hist\u00f3ria por 24 horas e esse conte\u00fado n\u00e3o aparecer\u00e1 na sua linha do tempo ou no Feed de Not\u00edcias, a menos que voc\u00ea poste ele l\u00e1 tamb\u00e9m. Para adicionar \u00e0 sua hist\u00f3ria, toque no \u00edcone &#8220;Sua Hist\u00f3ria&#8221; na barra do Stories localizada na parte superior do Feed de Not\u00edcias. Direct: Compartilhe facilmente com quem voc\u00ea quiser Al\u00e9m de compartilhar em sua Hist\u00f3ria, sabemos que voc\u00ea pode querer compartilhar suas fotos e v\u00eddeos com amigos espec\u00edficos e por um tempo limitado. Para isso, tamb\u00e9m adicionamos o Direct. Quando voc\u00ea envia uma foto ou v\u00eddeo por meio do Direct, seus amigos poder\u00e3o ver aquele conte\u00fado ao abr\u00ed-lo, reproduz\u00ed-lo mais uma vez ou escrever uma resposta. Quando a conversa na foto ou no v\u00eddeo terminar, o conte\u00fado n\u00e3o estar\u00e1 mais vis\u00edvel no Direct. Nos pr\u00f3ximos meses, planejamos lan\u00e7ar novas maneiras para que a comunidade do Facebook possa criar suas pr\u00f3prias molduras e efeitos para qualquer foto ou v\u00eddeo criado com a nova c\u00e2mera. Nosso objetivo \u00e9 que a c\u00e2mera seja um lar de centenas de efeitos din\u00e2micos e divertidos para levar \u00e0s pessoas novas formas de se conectar com amigos, fam\u00edlia e a comunidade. Esperamos que com a nova c\u00e2mera do Facebook, o Stories e o Direct, seja mais f\u00e1cil do que nunca ver o mundo atrav\u00e9s dos olhos um do outro, e n\u00e3o podemos esperar para ver as fotos e os v\u00eddeos que ser\u00e3o criados. Enquanto isso, aqui est\u00e1 uma das minhas hist\u00f3rias em meu disfarce de ilha tropical, me escondendo do trabalho com meu gato Ebi. &nbsp;","og_url":"https:\/\/about.fb.com\/br\/news\/2017\/03\/mais-formas-de-compartilhar-com-a-camera-do-facebook\/","og_site_name":"Sobre a Meta","article_published_time":"2017-03-28T13:05:06+00:00","article_modified_time":"2021-06-17T13:10:49+00:00","og_image":[{"url":"https:\/\/about.fb.com\/br\/wp-content\/uploads\/sites\/3\/2017\/03\/item-12-1.png","type":"","width":"","height":""}],"author":"facebookbr","twitter_card":"summary_large_image","twitter_misc":{"Written by":"Meta","Est. reading time":"4 minutos"},"schema":{"@context":"https:\/\/schema.org","@graph":[{"@type":"Article","@id":"https:\/\/about.fb.com\/br\/news\/2017\/03\/mais-formas-de-compartilhar-com-a-camera-do-facebook\/#article","isPartOf":{"@id":"https:\/\/about.fb.com\/br\/news\/2017\/03\/mais-formas-de-compartilhar-com-a-camera-do-facebook\/"},"author":"Facebook company","headline":"Mais formas de compartilhar com a c\u00e2mera do Facebook","datePublished":"2017-03-28T13:05:06+00:00","dateModified":"2021-06-17T13:10:49+00:00","mainEntityOfPage":{"@id":"https:\/\/about.fb.com\/br\/news\/2017\/03\/mais-formas-de-compartilhar-com-a-camera-do-facebook\/"},"wordCount":864,"publisher":{"@id":"https:\/\/about.fb.com\/br\/#organization"},"image":{"@id":"https:\/\/about.fb.com\/br\/news\/2017\/03\/mais-formas-de-compartilhar-com-a-camera-do-facebook\/#primaryimage"},"thumbnailUrl":"https:\/\/about.fb.com\/br\/wp-content\/uploads\/sites\/3\/2017\/03\/item-12-1.png","keywords":["Direct","Facebook Camera","Facebook Stories","fotos","V\u00eddeo"],"articleSection":["Recent News"],"inLanguage":"pt-BR"},{"@type":"WebPage","@id":"https:\/\/about.fb.com\/br\/news\/2017\/03\/mais-formas-de-compartilhar-com-a-camera-do-facebook\/","url":"https:\/\/about.fb.com\/br\/news\/2017\/03\/mais-formas-de-compartilhar-com-a-camera-do-facebook\/","name":"Mais formas de compartilhar com a c\u00e2mera do Facebook | Sobre a Meta","isPartOf":{"@id":"https:\/\/about.fb.com\/br\/#website"},"primaryImageOfPage":{"@id":"https:\/\/about.fb.com\/br\/news\/2017\/03\/mais-formas-de-compartilhar-com-a-camera-do-facebook\/#primaryimage"},"image":{"@id":"https:\/\/about.fb.com\/br\/news\/2017\/03\/mais-formas-de-compartilhar-com-a-camera-do-facebook\/#primaryimage"},"thumbnailUrl":"https:\/\/about.fb.com\/br\/wp-content\/uploads\/sites\/3\/2017\/03\/item-12-1.png","datePublished":"2017-03-28T13:05:06+00:00","dateModified":"2021-06-17T13:10:49+00:00","breadcrumb":{"@id":"https:\/\/about.fb.com\/br\/news\/2017\/03\/mais-formas-de-compartilhar-com-a-camera-do-facebook\/#breadcrumb"},"inLanguage":"pt-BR","potentialAction":[{"@type":"ReadAction","target":["https:\/\/about.fb.com\/br\/news\/2017\/03\/mais-formas-de-compartilhar-com-a-camera-do-facebook\/"]}],"author":"Sobre a Meta"},{"@type":"ImageObject","inLanguage":"pt-BR","@id":"https:\/\/about.fb.com\/br\/news\/2017\/03\/mais-formas-de-compartilhar-com-a-camera-do-facebook\/#primaryimage","url":"https:\/\/about.fb.com\/br\/wp-content\/uploads\/sites\/3\/2017\/03\/item-12-1.png","contentUrl":"https:\/\/about.fb.com\/br\/wp-content\/uploads\/sites\/3\/2017\/03\/item-12-1.png"},{"@type":"BreadcrumbList","@id":"https:\/\/about.fb.com\/br\/news\/2017\/03\/mais-formas-de-compartilhar-com-a-camera-do-facebook\/#breadcrumb","itemListElement":[{"@type":"ListItem","position":1,"name":"Home","item":"https:\/\/about.fb.com\/br\/"},{"@type":"ListItem","position":2,"name":"Mais formas de compartilhar com a c\u00e2mera do Facebook"}]},{"@type":"WebSite","@id":"https:\/\/about.fb.com\/br\/#website","url":"https:\/\/about.fb.com\/news\/","name":"Sobre a Meta","description":"","publisher":{"@id":"https:\/\/about.fb.com\/br\/#organization"},"potentialAction":[{"@type":"SearchAction","target":{"@type":"EntryPoint","urlTemplate":"https:\/\/about.fb.com\/br\/?s={search_term_string}"},"query-input":{"@type":"PropertyValueSpecification","valueRequired":true,"valueName":"search_term_string"}}],"inLanguage":"pt-BR","alternateName":["Meta Newsroom","Meta"]},{"@type":"Organization","@id":"https:\/\/about.fb.com\/br\/#organization","name":"Meta","url":"https:\/\/about.fb.com\/br\/","logo":{"@type":"ImageObject","inLanguage":"pt-BR","@id":"https:\/\/about.fb.com\/br\/#\/schema\/logo\/image\/","url":"https:\/\/about.fb.com\/br\/wp-content\/uploads\/sites\/11\/2021\/10\/meta-social-16x9-1.jpg?fit=8000%2C4500","contentUrl":"https:\/\/about.fb.com\/br\/wp-content\/uploads\/sites\/11\/2021\/10\/meta-social-16x9-1.jpg?fit=8000%2C4500","width":8000,"height":4500,"caption":"Meta"},"image":{"@id":"https:\/\/about.fb.com\/br\/#\/schema\/logo\/image\/"}}]}},"jetpack_featured_media_url":"","jetpack-related-posts":[{"id":26182,"url":"https:\/\/about.fb.com\/br\/news\/2025\/02\/atualizando-nossa-politica-de-armazenamento-de-lives-no-facebook\/","url_meta":{"origin":5896,"position":0},"title":"Atualizando nossa pol\u00edtica de armazenamento de Lives no Facebook","author":"Meta","date":"18\/02\/2025","format":false,"excerpt":"Pessoas em todo o mundo usam o Facebook Live para compartilhar suas experi\u00eancias com suas comunidades em tempo real. Como a maioria das visualiza\u00e7\u00f5es de v\u00eddeos ao vivo ocorrem nas primeiras semanas ap\u00f3s a transmiss\u00e3o, estamos atualizando por quanto tempo as Lives podem ser armazenadas no Facebook. A partir de\u2026","rel":"","context":"In &quot;Facebook&quot;","block_context":{"text":"Facebook","link":"https:\/\/about.fb.com\/br\/news\/category\/technologies\/facebook\/"},"img":{"alt_text":"","src":"https:\/\/about.fb.com\/br\/wp-content\/uploads\/sites\/11\/2025\/02\/Download-Live-Videos.jpg?fit=1280%2C720&resize=350%2C200","width":350,"height":200,"srcset":"https:\/\/about.fb.com\/br\/wp-content\/uploads\/sites\/11\/2025\/02\/Download-Live-Videos.jpg?fit=1280%2C720&resize=350%2C200 1x, https:\/\/about.fb.com\/br\/wp-content\/uploads\/sites\/11\/2025\/02\/Download-Live-Videos.jpg?fit=1280%2C720&resize=525%2C300 1.5x, https:\/\/about.fb.com\/br\/wp-content\/uploads\/sites\/11\/2025\/02\/Download-Live-Videos.jpg?fit=1280%2C720&resize=700%2C400 2x, https:\/\/about.fb.com\/br\/wp-content\/uploads\/sites\/11\/2025\/02\/Download-Live-Videos.jpg?fit=1280%2C720&resize=1050%2C600 3x"},"classes":[]},{"id":26320,"url":"https:\/\/about.fb.com\/br\/news\/2025\/04\/apresentando-o-edits-um-app-para-criacao-de-videos-simplificado\/","url_meta":{"origin":5896,"position":1},"title":"Apresentando o Edits: Um App Para Cria\u00e7\u00e3o de V\u00eddeos Simplificado","author":"Meta","date":"22\/04\/2025","format":false,"excerpt":"Hoje, lan\u00e7amos o Edits, um novo aplicativo para cria\u00e7\u00e3o de v\u00eddeos que te ajuda a criar v\u00eddeos incr\u00edveis diretamente no seu celular. Se voc\u00ea \u00e9 apaixonado por fazer v\u00eddeos, o Edits tem as ferramentas necess\u00e1rias para auxiliar no seu processo de cria\u00e7\u00e3o, e tudo em um s\u00f3 lugar. Este \u00e9\u2026","rel":"","context":"In &quot;Meta&quot;","block_context":{"text":"Meta","link":"https:\/\/about.fb.com\/br\/news\/category\/temas-home\/meta\/"},"img":{"alt_text":"","src":"https:\/\/about.fb.com\/br\/wp-content\/uploads\/sites\/11\/2025\/04\/Apresentacao1-1.gif?fit=1920%2C1080&resize=350%2C200","width":350,"height":200,"srcset":"https:\/\/about.fb.com\/br\/wp-content\/uploads\/sites\/11\/2025\/04\/Apresentacao1-1.gif?fit=1920%2C1080&resize=350%2C200 1x, https:\/\/about.fb.com\/br\/wp-content\/uploads\/sites\/11\/2025\/04\/Apresentacao1-1.gif?fit=1920%2C1080&resize=525%2C300 1.5x, https:\/\/about.fb.com\/br\/wp-content\/uploads\/sites\/11\/2025\/04\/Apresentacao1-1.gif?fit=1920%2C1080&resize=700%2C400 2x, https:\/\/about.fb.com\/br\/wp-content\/uploads\/sites\/11\/2025\/04\/Apresentacao1-1.gif?fit=1920%2C1080&resize=1050%2C600 3x, https:\/\/about.fb.com\/br\/wp-content\/uploads\/sites\/11\/2025\/04\/Apresentacao1-1.gif?fit=1920%2C1080&resize=1400%2C800 4x"},"classes":[]},{"id":26678,"url":"https:\/\/about.fb.com\/br\/news\/2025\/09\/apresentando-o-vibes-uma-nova-forma-de-descobrir-e-criar-videos-com-ia\/","url_meta":{"origin":5896,"position":2},"title":"Apresentando o Vibes: uma nova forma de descobrir e criar v\u00eddeos com IA","author":"Meta","date":"25\/09\/2025","format":false,"excerpt":"Hoje estamos lan\u00e7ando a pr\u00f3xima vers\u00e3o do app Meta AI, incluindo uma pr\u00e9via do Vibes e um novo feed \u2013 tamb\u00e9m dispon\u00edvel em meta.ai \u2013, onde voc\u00ea pode criar e compartilhar v\u00eddeos curtos gerados por IA. O Vibes foi pensado para facilitar a busca por inspira\u00e7\u00e3o criativa e experimentar as\u2026","rel":"","context":"In &quot;Meta AI&quot;","block_context":{"text":"Meta AI","link":"https:\/\/about.fb.com\/br\/news\/category\/technologies\/meta-ai\/"},"img":{"alt_text":"","src":"https:\/\/about.fb.com\/br\/wp-content\/uploads\/sites\/11\/2025\/09\/Vibes_header.gif?fit=960%2C538&resize=350%2C200","width":350,"height":200,"srcset":"https:\/\/about.fb.com\/br\/wp-content\/uploads\/sites\/11\/2025\/09\/Vibes_header.gif?fit=960%2C538&resize=350%2C200 1x, https:\/\/about.fb.com\/br\/wp-content\/uploads\/sites\/11\/2025\/09\/Vibes_header.gif?fit=960%2C538&resize=525%2C300 1.5x, https:\/\/about.fb.com\/br\/wp-content\/uploads\/sites\/11\/2025\/09\/Vibes_header.gif?fit=960%2C538&resize=700%2C400 2x"},"classes":[]},{"id":26696,"url":"https:\/\/about.fb.com\/br\/news\/2025\/10\/desempenho-potencializado-por-ia-para-o-agora-e-o-futuro\/","url_meta":{"origin":5896,"position":3},"title":"Desempenho potencializado por IA para o agora e o futuro","author":"Meta","date":"02\/10\/2025","format":false,"excerpt":"Para os profissionais de marketing, cada ponto de desempenho incremental pode significar a diferen\u00e7a entre empatar e bater recordes. Por isso, a Meta continua investindo em solu\u00e7\u00f5es l\u00edderes com IA, incluindo o Advantage+ e a infraestrutura que o sustenta, para ajudar empresas, anunciantes e ag\u00eancias a expandirem rapidamente. Estamos escrevendo\u2026","rel":"","context":"In &quot;Meta&quot;","block_context":{"text":"Meta","link":"https:\/\/about.fb.com\/br\/news\/category\/temas-home\/meta\/"},"img":{"alt_text":"","src":"https:\/\/about.fb.com\/br\/wp-content\/uploads\/sites\/11\/2025\/07\/Logo-Meta-1.jpg?fit=633%2C356&resize=350%2C200","width":350,"height":200,"srcset":"https:\/\/about.fb.com\/br\/wp-content\/uploads\/sites\/11\/2025\/07\/Logo-Meta-1.jpg?fit=633%2C356&resize=350%2C200 1x, https:\/\/about.fb.com\/br\/wp-content\/uploads\/sites\/11\/2025\/07\/Logo-Meta-1.jpg?fit=633%2C356&resize=525%2C300 1.5x"},"classes":[]},{"id":26854,"url":"https:\/\/about.fb.com\/br\/news\/2025\/12\/facilitando-a-criacao-descoberta-e-compartilhamento-de-conteudo-no-facebook\/","url_meta":{"origin":5896,"position":4},"title":"Facilitando a cria\u00e7\u00e3o, descoberta e compartilhamento de conte\u00fado no Facebook","author":"Meta","date":"09\/12\/2025","format":false,"excerpt":"O foco do Facebook sempre foi facilitar a conex\u00e3o com as pessoas e coisas que voc\u00ea ama. Hoje, apresentamos melhorias que ajudam a eliminar distra\u00e7\u00f5es, permitindo que voc\u00ea atualize seu perfil, encontre novos conte\u00fados pela busca e aproveite fotos e v\u00eddeos no Feed. Feed mais inteligente, limpo e navega\u00e7\u00e3o simplificada\u2026","rel":"","context":"In &quot;Facebook&quot;","block_context":{"text":"Facebook","link":"https:\/\/about.fb.com\/br\/news\/category\/technologies\/facebook\/"},"img":{"alt_text":"","src":"https:\/\/about.fb.com\/br\/wp-content\/uploads\/sites\/11\/2025\/12\/Facebook-Profile-Simplification_Header.png?fit=1920%2C1080&resize=350%2C200","width":350,"height":200,"srcset":"https:\/\/about.fb.com\/br\/wp-content\/uploads\/sites\/11\/2025\/12\/Facebook-Profile-Simplification_Header.png?fit=1920%2C1080&resize=350%2C200 1x, https:\/\/about.fb.com\/br\/wp-content\/uploads\/sites\/11\/2025\/12\/Facebook-Profile-Simplification_Header.png?fit=1920%2C1080&resize=525%2C300 1.5x, https:\/\/about.fb.com\/br\/wp-content\/uploads\/sites\/11\/2025\/12\/Facebook-Profile-Simplification_Header.png?fit=1920%2C1080&resize=700%2C400 2x, https:\/\/about.fb.com\/br\/wp-content\/uploads\/sites\/11\/2025\/12\/Facebook-Profile-Simplification_Header.png?fit=1920%2C1080&resize=1050%2C600 3x, https:\/\/about.fb.com\/br\/wp-content\/uploads\/sites\/11\/2025\/12\/Facebook-Profile-Simplification_Header.png?fit=1920%2C1080&resize=1400%2C800 4x"},"classes":[]},{"id":26525,"url":"https:\/\/about.fb.com\/br\/news\/2025\/07\/combatendo-conteudo-nao-original-para-proteger-e-elevar-criadores-no-facebook\/","url_meta":{"origin":5896,"position":5},"title":"Combatendo conte\u00fado n\u00e3o original para proteger e elevar Criadores no Facebook","author":"Meta","date":"14\/07\/2025","format":false,"excerpt":"Acreditamos que os criadores devem ser celebrados por suas vozes e perspectivas \u00fanicas, e n\u00e3o ofuscados por imitadores e contas falsas. Recentemente, lan\u00e7amos uma iniciativa de longo prazo para tornar o Feed mais relevante e ajudar criadores aut\u00eanticos a se destacarem, come\u00e7ando pela redu\u00e7\u00e3o do conte\u00fado com spam. Estamos avan\u00e7ando\u2026","rel":"","context":"In &quot;Facebook&quot;","block_context":{"text":"Facebook","link":"https:\/\/about.fb.com\/br\/news\/category\/technologies\/facebook\/"},"img":{"alt_text":"","src":"https:\/\/about.fb.com\/br\/wp-content\/uploads\/sites\/11\/2025\/07\/Logo-Meta-1.jpg?fit=633%2C356&resize=350%2C200","width":350,"height":200,"srcset":"https:\/\/about.fb.com\/br\/wp-content\/uploads\/sites\/11\/2025\/07\/Logo-Meta-1.jpg?fit=633%2C356&resize=350%2C200 1x, https:\/\/about.fb.com\/br\/wp-content\/uploads\/sites\/11\/2025\/07\/Logo-Meta-1.jpg?fit=633%2C356&resize=525%2C300 1.5x"},"classes":[]}],"jetpack_sharing_enabled":true,"amp_enabled":true,"_links":{"self":[{"href":"https:\/\/about.fb.com\/br\/wp-json\/wp\/v2\/posts\/5896","targetHints":{"allow":["GET"]}}],"collection":[{"href":"https:\/\/about.fb.com\/br\/wp-json\/wp\/v2\/posts"}],"about":[{"href":"https:\/\/about.fb.com\/br\/wp-json\/wp\/v2\/types\/post"}],"author":[{"embeddable":true,"href":"https:\/\/about.fb.com\/br\/wp-json\/wp\/v2\/users\/81109636"}],"replies":[{"embeddable":true,"href":"https:\/\/about.fb.com\/br\/wp-json\/wp\/v2\/comments?post=5896"}],"version-history":[{"count":4,"href":"https:\/\/about.fb.com\/br\/wp-json\/wp\/v2\/posts\/5896\/revisions"}],"predecessor-version":[{"id":8138,"href":"https:\/\/about.fb.com\/br\/wp-json\/wp\/v2\/posts\/5896\/revisions\/8138"}],"wp:attachment":[{"href":"https:\/\/about.fb.com\/br\/wp-json\/wp\/v2\/media?parent=5896"}],"wp:term":[{"taxonomy":"category","embeddable":true,"href":"https:\/\/about.fb.com\/br\/wp-json\/wp\/v2\/categories?post=5896"},{"taxonomy":"post_tag","embeddable":true,"href":"https:\/\/about.fb.com\/br\/wp-json\/wp\/v2\/tags?post=5896"}],"curies":[{"name":"wp","href":"https:\/\/api.w.org\/{rel}","templated":true}]}}