{"id":5820,"date":"2017-03-02T17:20:55","date_gmt":"2017-03-02T20:20:55","guid":{"rendered":"http:\/\/br.newsroom.fb.com\/?p=5820"},"modified":"2021-06-17T10:11:01","modified_gmt":"2021-06-17T13:11:01","slug":"no-brasil-carnaval-gera-cerca-de-1-bilhao-de-interacoes-no-facebook-e-no-instagram","status":"publish","type":"post","link":"https:\/\/about.fb.com\/br\/news\/2017\/03\/no-brasil-carnaval-gera-cerca-de-1-bilhao-de-interacoes-no-facebook-e-no-instagram\/","title":{"rendered":"No Brasil, Carnaval gera cerca de 1 bilh\u00e3o de intera\u00e7\u00f5es no Facebook e no Instagram"},"content":{"rendered":"<p><i>Mais de 63 milh\u00f5es de pessoas no pa\u00eds <\/i><i>interagiram com conte\u00fado sobre o Carnaval no Facebook e 21 milh\u00f5es no Instagram, entre 24 de fevereiro e 1\u00ba de mar\u00e7o.<\/i><\/p>\n<p>O Carnaval, maior festa do mundo, gerou mais de 900 milh\u00f5es de intera\u00e7\u00f5es no Facebook e 400 milh\u00f5es no Instagram em menos de uma semana. Apenas no Brasil, foram <b>63 milh\u00f5es de pessoas <\/b>que interagiram cerca de <b>710 milh\u00f5es de vezes <\/b>com conte\u00fado relacionado \u00e0 folia <b>no Facebook<\/b> e <b>287 milh\u00f5es de intera\u00e7\u00f5es <\/b>feitas por <b>21 milh\u00f5es de pessoas no Instagram<\/b>.<\/p>\n<p><b>No Instagram, Bruna Marquezine<\/b> foi a campe\u00e3 com a <a href=\"https:\/\/www.instagram.com\/p\/BQ9GAfUAXd5\/\">foto<\/a> e <b>Ivete Sangalo <\/b>com o<a href=\"https:\/\/www.instagram.com\/p\/BRBcM5nlXm5\/?taken-by=ivetesangalo\"> v\u00eddeo<\/a> mais popular. <b>Eva <\/b>e<b> Inter, ambos de Salvador, <\/b>foram os blocos mais mencionados tanto no Instagram quanto no Facebook.<\/p>\n<p>Confira abaixo as listas dos conte\u00fados mais populares relacionados ao Carnaval 2017 no Facebook e Instagram:<\/p>\n<p><b>Top 5 fotos mais populares relacionadas ao Carnaval no Instagram<\/b>, com destaque para Bruna Marquezine e Ivete Sangalo, que aparecem duas vezes na lista. Bruna fez sucesso com o seu look carnavalesco para o Baile da Favorita e Ivete chamou aten\u00e7\u00e3o como enredo da escola de samba Grande Rio:<\/p>\n<p>1) Bruna Marquezine (@brumarquezine) &#8211; <a href=\"https:\/\/www.instagram.com\/p\/BQ9GAfUAXd5\/\">https:\/\/www.instagram.com\/p\/BQ9GAfUAXd5\/<\/a><br \/>\n2) Ivete Sangalo (@ivetesangalo) &#8211; <a href=\"https:\/\/www.instagram.com\/p\/BRBcM5nlXm5\/\">https:\/\/www.instagram.com\/p\/BRBcM5nlXm5\/<\/a><br \/>\n3) Candice Swanepoel (@angelcandices) &#8211; <a href=\"https:\/\/www.instagram.com\/p\/BQ_WUDgDobu\/?taken-by=angelcandices\">https:\/\/www.instagram.com\/p\/BQ_WUDgDobu\/<\/a><br \/>\n4) Bruna Marquezine (@brumarquezine) &#8211; <a href=\"https:\/\/www.instagram.com\/p\/BQ9F6bTAdNX\/\">https:\/\/www.instagram.com\/p\/BQ9F6bTAdNX\/<\/a><br \/>\n5) Ivete Sangalo (@ivetesangalo) &#8211; <a href=\"https:\/\/www.instagram.com\/p\/BQ_3GeolpKc\/\">https:\/\/www.instagram.com\/p\/BQ_3GeolpKc\/<\/a><\/p>\n<p>O<b> v\u00eddeo mais popular no Instagram<\/b> \u00e9 o de Ivete Sangalo curtindo o carnaval de Salvador na Pipoca (@ivetesangalo): <a href=\"https:\/\/www.instagram.com\/p\/BRFZ6Anlux_\/\">https:\/\/www.instagram.com\/p\/BRFZ6Anlux_\/<\/a><br \/>\nEm segundo lugar, vem Anitta (@anitta): <a href=\"https:\/\/www.instagram.com\/p\/BQ6jnEKla0W\/\">https:\/\/www.instagram.com\/p\/BQ6jnEKla0W\/<\/a><\/p>\n<p><b>No Facebook, os TOP 3 posts com mais intera\u00e7\u00f5es relacionados ao Carnaval:<\/b><\/p>\n<p>1) Ivete Sangalo &#8211; <a href=\"https:\/\/www.facebook.com\/10155157381828530\">https:\/\/www.facebook.com\/10155157381828530<\/a><br \/>\n2) Anitta &#8211; <a href=\"https:\/\/www.facebook.com\/1444507855609772\">https:\/\/www.facebook.com\/1444507855609772<\/a><br \/>\n3) Claudia Leitte (v\u00eddeo pelo Facebook Live) &#8211; <a href=\"https:\/\/www.facebook.com\/10154231040922201\">https:\/\/www.facebook.com\/10154231040922201<\/a><\/p>\n<p><b>No Instagram, as Escolas de Samba mais mencionadas:<\/b><\/p>\n<p>1) Acad\u00eamicos da Grande Rio (RJ)<br \/>\n2) Portela (RJ)<br \/>\n3) Unidos da Tijuca (RJ)<br \/>\n4) \u00c1guia de Ouro (SP)<br \/>\n5) Vai-Vai (SP)<\/p>\n<p><b>No Facebook, a campe\u00e3 Portela lidera o ranking de Escolas de Samba mais mencionadas:<\/b><\/p>\n<p>1) Portela (Rio de Janeiro)<br \/>\n2) Unidos Da Tijuca (Rio de Janeiro)<br \/>\n3) \u00c1guia De Ouro (S\u00e3o Paulo)<br \/>\n4) Acad\u00eamicos Do Tatuap\u00e9 (S\u00e3o Paulo)<br \/>\n5) Vai-Vai (S\u00e3o Paulo)<\/p>\n<p>&nbsp;<\/p>\n<p><em><b>** Os dados foram coletados entre 24 de fevereiro e 1\u00ba de mar\u00e7o.\u00a0<\/b><\/em><\/p>\n","protected":false},"excerpt":{"rendered":"Mais de 63 milh\u00f5es de pessoas no pa\u00eds interagiram com conte\u00fado sobre o Carnaval no Facebook e 21 milh\u00f5es no Instagram, entre 24 de fevereiro e 1\u00ba de mar\u00e7o. O Carnaval, maior festa do mundo, gerou mais de 900 milh\u00f5es de intera\u00e7\u00f5es no Facebook e 400 milh\u00f5es no Instagram em menos de uma semana. Apenas no Brasil, foram 63 milh\u00f5es de pessoas que interagiram cerca de 710 milh\u00f5es de vezes com conte\u00fado relacionado \u00e0 folia no Facebook e 287 milh\u00f5es de intera\u00e7\u00f5es feitas por 21 milh\u00f5es de pessoas no Instagram. No Instagram, Bruna Marquezine foi a campe\u00e3 com a foto e Ivete Sangalo com o v\u00eddeo mais popular. Eva e Inter, ambos de Salvador, foram os blocos mais mencionados tanto no Instagram quanto no Facebook. Confira abaixo as listas dos conte\u00fados mais populares relacionados ao Carnaval 2017 no Facebook e Instagram: Top 5 fotos mais populares relacionadas ao Carnaval no Instagram, com destaque para Bruna Marquezine e Ivete Sangalo, que aparecem duas vezes na lista. Bruna fez sucesso com o seu look carnavalesco para o Baile da Favorita e Ivete chamou aten\u00e7\u00e3o como enredo da escola de samba Grande Rio: 1) Bruna Marquezine (@brumarquezine) &#8211; <a href=\"https:\/\/www.instagram.com\/p\/BQ9GAfUAXd5\/\" rel=\"nofollow\">https:\/\/www.instagram.com\/p\/BQ9GAfUAXd5\/<\/a> 2) Ivete Sangalo (@ivetesangalo) &#8211; <a href=\"https:\/\/www.instagram.com\/p\/BRBcM5nlXm5\/\" rel=\"nofollow\">https:\/\/www.instagram.com\/p\/BRBcM5nlXm5\/<\/a> 3) Candice Swanepoel (@angelcandices) &#8211; <a href=\"https:\/\/www.instagram.com\/p\/BQ_WUDgDobu\/\" rel=\"nofollow\">https:\/\/www.instagram.com\/p\/BQ_WUDgDobu\/<\/a> 4) Bruna Marquezine (@brumarquezine) &#8211; <a href=\"https:\/\/www.instagram.com\/p\/BQ9F6bTAdNX\/\" rel=\"nofollow\">https:\/\/www.instagram.com\/p\/BQ9F6bTAdNX\/<\/a> 5) Ivete Sangalo (@ivetesangalo) &#8211; <a href=\"https:\/\/www.instagram.com\/p\/BQ_3GeolpKc\/\" rel=\"nofollow\">https:\/\/www.instagram.com\/p\/BQ_3GeolpKc\/<\/a> O v\u00eddeo mais popular no Instagram \u00e9 o de Ivete Sangalo curtindo o carnaval de Salvador na Pipoca (@ivetesangalo): <a href=\"https:\/\/www.instagram.com\/p\/BRFZ6Anlux_\/\" rel=\"nofollow\">https:\/\/www.instagram.com\/p\/BRFZ6Anlux_\/<\/a> Em segundo lugar, vem Anitta (@anitta): <a href=\"https:\/\/www.instagram.com\/p\/BQ6jnEKla0W\/\" rel=\"nofollow\">https:\/\/www.instagram.com\/p\/BQ6jnEKla0W\/<\/a> No Facebook, os TOP 3 posts com mais intera\u00e7\u00f5es relacionados ao Carnaval: 1) Ivete Sangalo &#8211; <a href=\"https:\/\/www.facebook.com\/10155157381828530\" rel=\"nofollow\">https:\/\/www.facebook.com\/10155157381828530<\/a> 2) Anitta &#8211; <a href=\"https:\/\/www.facebook.com\/1444507855609772\" rel=\"nofollow\">https:\/\/www.facebook.com\/1444507855609772<\/a> 3) Claudia Leitte (v\u00eddeo pelo Facebook Live) &#8211; <a href=\"https:\/\/www.facebook.com\/10154231040922201\" rel=\"nofollow\">https:\/\/www.facebook.com\/10154231040922201<\/a> No Instagram, as Escolas de Samba mais mencionadas: 1) Acad\u00eamicos da Grande Rio (RJ) 2) Portela (RJ) 3) Unidos da Tijuca (RJ) 4) \u00c1guia de Ouro (SP) 5) Vai-Vai (SP) No Facebook, a campe\u00e3 Portela lidera o ranking de Escolas de Samba mais mencionadas: 1) Portela (Rio de Janeiro) 2) Unidos Da Tijuca (Rio de Janeiro) 3) \u00c1guia De Ouro (S\u00e3o Paulo) 4) Acad\u00eamicos Do Tatuap\u00e9 (S\u00e3o Paulo) 5) Vai-Vai (S\u00e3o Paulo) &nbsp; ** Os dados foram coletados entre 24 de fevereiro e 1\u00ba de mar\u00e7o.\u00a0","protected":false},"author":81109636,"featured_media":0,"comment_status":"closed","ping_status":"closed","sticky":false,"template":"","format":"standard","meta":{"_jetpack_memberships_contains_paid_content":false,"footnotes":""},"categories":[1],"tags":[396541082,396532422,396541872,396541888,396541917],"class_list":["post-5820","post","type-post","status-publish","format-standard","hentry","category-recent-news","tag-carnaval","tag-facebook","tag-facebook-live","tag-instagram","tag-instagram-stories"],"yoast_head":"<!-- This site is optimized with the Yoast SEO plugin v27.2 - https:\/\/yoast.com\/product\/yoast-seo-wordpress\/ -->\n<title>No Brasil, Carnaval gera cerca de 1 bilh\u00e3o de intera\u00e7\u00f5es no Facebook e no Instagram | Sobre a Meta<\/title>\n<meta name=\"robots\" content=\"index, follow, max-snippet:-1, max-image-preview:large, max-video-preview:-1\" \/>\n<link rel=\"canonical\" href=\"https:\/\/about.fb.com\/br\/news\/2017\/03\/no-brasil-carnaval-gera-cerca-de-1-bilhao-de-interacoes-no-facebook-e-no-instagram\/\" \/>\n<meta property=\"og:locale\" content=\"pt_BR\" \/>\n<meta property=\"og:type\" content=\"article\" \/>\n<meta property=\"og:title\" content=\"No Brasil, Carnaval gera cerca de 1 bilh\u00e3o de intera\u00e7\u00f5es no Facebook e no Instagram | Sobre a Meta\" \/>\n<meta property=\"og:description\" content=\"Mais de 63 milh\u00f5es de pessoas no pa\u00eds interagiram com conte\u00fado sobre o Carnaval no Facebook e 21 milh\u00f5es no Instagram, entre 24 de fevereiro e 1\u00ba de mar\u00e7o. O Carnaval, maior festa do mundo, gerou mais de 900 milh\u00f5es de intera\u00e7\u00f5es no Facebook e 400 milh\u00f5es no Instagram em menos de uma semana. Apenas no Brasil, foram 63 milh\u00f5es de pessoas que interagiram cerca de 710 milh\u00f5es de vezes com conte\u00fado relacionado \u00e0 folia no Facebook e 287 milh\u00f5es de intera\u00e7\u00f5es feitas por 21 milh\u00f5es de pessoas no Instagram. No Instagram, Bruna Marquezine foi a campe\u00e3 com a foto e Ivete Sangalo com o v\u00eddeo mais popular. Eva e Inter, ambos de Salvador, foram os blocos mais mencionados tanto no Instagram quanto no Facebook. Confira abaixo as listas dos conte\u00fados mais populares relacionados ao Carnaval 2017 no Facebook e Instagram: Top 5 fotos mais populares relacionadas ao Carnaval no Instagram, com destaque para Bruna Marquezine e Ivete Sangalo, que aparecem duas vezes na lista. Bruna fez sucesso com o seu look carnavalesco para o Baile da Favorita e Ivete chamou aten\u00e7\u00e3o como enredo da escola de samba Grande Rio: 1) Bruna Marquezine (@brumarquezine) &#8211; https:\/\/www.instagram.com\/p\/BQ9GAfUAXd5\/ 2) Ivete Sangalo (@ivetesangalo) &#8211; https:\/\/www.instagram.com\/p\/BRBcM5nlXm5\/ 3) Candice Swanepoel (@angelcandices) &#8211; https:\/\/www.instagram.com\/p\/BQ_WUDgDobu\/ 4) Bruna Marquezine (@brumarquezine) &#8211; https:\/\/www.instagram.com\/p\/BQ9F6bTAdNX\/ 5) Ivete Sangalo (@ivetesangalo) &#8211; https:\/\/www.instagram.com\/p\/BQ_3GeolpKc\/ O v\u00eddeo mais popular no Instagram \u00e9 o de Ivete Sangalo curtindo o carnaval de Salvador na Pipoca (@ivetesangalo): https:\/\/www.instagram.com\/p\/BRFZ6Anlux_\/ Em segundo lugar, vem Anitta (@anitta): https:\/\/www.instagram.com\/p\/BQ6jnEKla0W\/ No Facebook, os TOP 3 posts com mais intera\u00e7\u00f5es relacionados ao Carnaval: 1) Ivete Sangalo &#8211; https:\/\/www.facebook.com\/10155157381828530 2) Anitta &#8211; https:\/\/www.facebook.com\/1444507855609772 3) Claudia Leitte (v\u00eddeo pelo Facebook Live) &#8211; https:\/\/www.facebook.com\/10154231040922201 No Instagram, as Escolas de Samba mais mencionadas: 1) Acad\u00eamicos da Grande Rio (RJ) 2) Portela (RJ) 3) Unidos da Tijuca (RJ) 4) \u00c1guia de Ouro (SP) 5) Vai-Vai (SP) No Facebook, a campe\u00e3 Portela lidera o ranking de Escolas de Samba mais mencionadas: 1) Portela (Rio de Janeiro) 2) Unidos Da Tijuca (Rio de Janeiro) 3) \u00c1guia De Ouro (S\u00e3o Paulo) 4) Acad\u00eamicos Do Tatuap\u00e9 (S\u00e3o Paulo) 5) Vai-Vai (S\u00e3o Paulo) &nbsp; ** Os dados foram coletados entre 24 de fevereiro e 1\u00ba de mar\u00e7o.\u00a0\" \/>\n<meta property=\"og:url\" content=\"https:\/\/about.fb.com\/br\/news\/2017\/03\/no-brasil-carnaval-gera-cerca-de-1-bilhao-de-interacoes-no-facebook-e-no-instagram\/\" \/>\n<meta property=\"og:site_name\" content=\"Sobre a Meta\" \/>\n<meta property=\"article:published_time\" content=\"2017-03-02T20:20:55+00:00\" \/>\n<meta property=\"article:modified_time\" content=\"2021-06-17T13:11:01+00:00\" \/>\n<meta property=\"og:image\" content=\"https:\/\/about.fb.com\/br\/wp-content\/uploads\/sites\/11\/2021\/10\/meta-social-16x9-1.jpg?resize=1024,576\" \/>\n\t<meta property=\"og:image:width\" content=\"1024\" \/>\n\t<meta property=\"og:image:height\" content=\"576\" \/>\n\t<meta property=\"og:image:type\" content=\"image\/jpeg\" \/>\n<meta name=\"author\" content=\"facebookbr\" \/>\n<meta name=\"twitter:card\" content=\"summary_large_image\" \/>\n<meta name=\"twitter:label1\" content=\"Written by\" \/>\n\t<meta name=\"twitter:data1\" content=\"Meta\" \/>\n\t<meta name=\"twitter:label2\" content=\"Est. reading time\" \/>\n\t<meta name=\"twitter:data2\" content=\"2 minutos\" \/>\n<script type=\"application\/ld+json\" class=\"yoast-schema-graph\">{\"@context\":\"https:\/\/schema.org\",\"@graph\":[{\"@type\":\"Article\",\"@id\":\"https:\/\/about.fb.com\/br\/news\/2017\/03\/no-brasil-carnaval-gera-cerca-de-1-bilhao-de-interacoes-no-facebook-e-no-instagram\/#article\",\"isPartOf\":{\"@id\":\"https:\/\/about.fb.com\/br\/news\/2017\/03\/no-brasil-carnaval-gera-cerca-de-1-bilhao-de-interacoes-no-facebook-e-no-instagram\/\"},\"author\":\"Facebook company\",\"headline\":\"No Brasil, Carnaval gera cerca de 1 bilh\u00e3o de intera\u00e7\u00f5es no Facebook e no Instagram\",\"datePublished\":\"2017-03-02T20:20:55+00:00\",\"dateModified\":\"2021-06-17T13:11:01+00:00\",\"mainEntityOfPage\":{\"@id\":\"https:\/\/about.fb.com\/br\/news\/2017\/03\/no-brasil-carnaval-gera-cerca-de-1-bilhao-de-interacoes-no-facebook-e-no-instagram\/\"},\"wordCount\":422,\"publisher\":{\"@id\":\"https:\/\/about.fb.com\/br\/#organization\"},\"keywords\":[\"Carnaval\",\"Facebook\",\"Facebook Live\",\"Instagram\",\"Instagram Stories\"],\"articleSection\":[\"Recent News\"],\"inLanguage\":\"pt-BR\"},{\"@type\":\"WebPage\",\"@id\":\"https:\/\/about.fb.com\/br\/news\/2017\/03\/no-brasil-carnaval-gera-cerca-de-1-bilhao-de-interacoes-no-facebook-e-no-instagram\/\",\"url\":\"https:\/\/about.fb.com\/br\/news\/2017\/03\/no-brasil-carnaval-gera-cerca-de-1-bilhao-de-interacoes-no-facebook-e-no-instagram\/\",\"name\":\"No Brasil, Carnaval gera cerca de 1 bilh\u00e3o de intera\u00e7\u00f5es no Facebook e no Instagram | Sobre a Meta\",\"isPartOf\":{\"@id\":\"https:\/\/about.fb.com\/br\/#website\"},\"datePublished\":\"2017-03-02T20:20:55+00:00\",\"dateModified\":\"2021-06-17T13:11:01+00:00\",\"breadcrumb\":{\"@id\":\"https:\/\/about.fb.com\/br\/news\/2017\/03\/no-brasil-carnaval-gera-cerca-de-1-bilhao-de-interacoes-no-facebook-e-no-instagram\/#breadcrumb\"},\"inLanguage\":\"pt-BR\",\"potentialAction\":[{\"@type\":\"ReadAction\",\"target\":[\"https:\/\/about.fb.com\/br\/news\/2017\/03\/no-brasil-carnaval-gera-cerca-de-1-bilhao-de-interacoes-no-facebook-e-no-instagram\/\"]}],\"author\":\"Sobre a Meta\"},{\"@type\":\"BreadcrumbList\",\"@id\":\"https:\/\/about.fb.com\/br\/news\/2017\/03\/no-brasil-carnaval-gera-cerca-de-1-bilhao-de-interacoes-no-facebook-e-no-instagram\/#breadcrumb\",\"itemListElement\":[{\"@type\":\"ListItem\",\"position\":1,\"name\":\"Home\",\"item\":\"https:\/\/about.fb.com\/br\/\"},{\"@type\":\"ListItem\",\"position\":2,\"name\":\"No Brasil, Carnaval gera cerca de 1 bilh\u00e3o de intera\u00e7\u00f5es no Facebook e no Instagram\"}]},{\"@type\":\"WebSite\",\"@id\":\"https:\/\/about.fb.com\/br\/#website\",\"url\":\"https:\/\/about.fb.com\/news\/\",\"name\":\"Sobre a Meta\",\"description\":\"\",\"publisher\":{\"@id\":\"https:\/\/about.fb.com\/br\/#organization\"},\"potentialAction\":[{\"@type\":\"SearchAction\",\"target\":{\"@type\":\"EntryPoint\",\"urlTemplate\":\"https:\/\/about.fb.com\/br\/?s={search_term_string}\"},\"query-input\":{\"@type\":\"PropertyValueSpecification\",\"valueRequired\":true,\"valueName\":\"search_term_string\"}}],\"inLanguage\":\"pt-BR\",\"alternateName\":[\"Meta Newsroom\",\"Meta\"]},{\"@type\":\"Organization\",\"@id\":\"https:\/\/about.fb.com\/br\/#organization\",\"name\":\"Meta\",\"url\":\"https:\/\/about.fb.com\/br\/\",\"logo\":{\"@type\":\"ImageObject\",\"inLanguage\":\"pt-BR\",\"@id\":\"https:\/\/about.fb.com\/br\/#\/schema\/logo\/image\/\",\"url\":\"https:\/\/about.fb.com\/br\/wp-content\/uploads\/sites\/11\/2021\/10\/meta-social-16x9-1.jpg?fit=8000%2C4500\",\"contentUrl\":\"https:\/\/about.fb.com\/br\/wp-content\/uploads\/sites\/11\/2021\/10\/meta-social-16x9-1.jpg?fit=8000%2C4500\",\"width\":8000,\"height\":4500,\"caption\":\"Meta\"},\"image\":{\"@id\":\"https:\/\/about.fb.com\/br\/#\/schema\/logo\/image\/\"}}]}<\/script>\n<!-- \/ Yoast SEO plugin. -->","yoast_head_json":{"title":"No Brasil, Carnaval gera cerca de 1 bilh\u00e3o de intera\u00e7\u00f5es no Facebook e no Instagram | Sobre a Meta","robots":{"index":"index","follow":"follow","max-snippet":"max-snippet:-1","max-image-preview":"max-image-preview:large","max-video-preview":"max-video-preview:-1"},"canonical":"https:\/\/about.fb.com\/br\/news\/2017\/03\/no-brasil-carnaval-gera-cerca-de-1-bilhao-de-interacoes-no-facebook-e-no-instagram\/","og_locale":"pt_BR","og_type":"article","og_title":"No Brasil, Carnaval gera cerca de 1 bilh\u00e3o de intera\u00e7\u00f5es no Facebook e no Instagram | Sobre a Meta","og_description":"Mais de 63 milh\u00f5es de pessoas no pa\u00eds interagiram com conte\u00fado sobre o Carnaval no Facebook e 21 milh\u00f5es no Instagram, entre 24 de fevereiro e 1\u00ba de mar\u00e7o. O Carnaval, maior festa do mundo, gerou mais de 900 milh\u00f5es de intera\u00e7\u00f5es no Facebook e 400 milh\u00f5es no Instagram em menos de uma semana. Apenas no Brasil, foram 63 milh\u00f5es de pessoas que interagiram cerca de 710 milh\u00f5es de vezes com conte\u00fado relacionado \u00e0 folia no Facebook e 287 milh\u00f5es de intera\u00e7\u00f5es feitas por 21 milh\u00f5es de pessoas no Instagram. No Instagram, Bruna Marquezine foi a campe\u00e3 com a foto e Ivete Sangalo com o v\u00eddeo mais popular. Eva e Inter, ambos de Salvador, foram os blocos mais mencionados tanto no Instagram quanto no Facebook. Confira abaixo as listas dos conte\u00fados mais populares relacionados ao Carnaval 2017 no Facebook e Instagram: Top 5 fotos mais populares relacionadas ao Carnaval no Instagram, com destaque para Bruna Marquezine e Ivete Sangalo, que aparecem duas vezes na lista. Bruna fez sucesso com o seu look carnavalesco para o Baile da Favorita e Ivete chamou aten\u00e7\u00e3o como enredo da escola de samba Grande Rio: 1) Bruna Marquezine (@brumarquezine) &#8211; https:\/\/www.instagram.com\/p\/BQ9GAfUAXd5\/ 2) Ivete Sangalo (@ivetesangalo) &#8211; https:\/\/www.instagram.com\/p\/BRBcM5nlXm5\/ 3) Candice Swanepoel (@angelcandices) &#8211; https:\/\/www.instagram.com\/p\/BQ_WUDgDobu\/ 4) Bruna Marquezine (@brumarquezine) &#8211; https:\/\/www.instagram.com\/p\/BQ9F6bTAdNX\/ 5) Ivete Sangalo (@ivetesangalo) &#8211; https:\/\/www.instagram.com\/p\/BQ_3GeolpKc\/ O v\u00eddeo mais popular no Instagram \u00e9 o de Ivete Sangalo curtindo o carnaval de Salvador na Pipoca (@ivetesangalo): https:\/\/www.instagram.com\/p\/BRFZ6Anlux_\/ Em segundo lugar, vem Anitta (@anitta): https:\/\/www.instagram.com\/p\/BQ6jnEKla0W\/ No Facebook, os TOP 3 posts com mais intera\u00e7\u00f5es relacionados ao Carnaval: 1) Ivete Sangalo &#8211; https:\/\/www.facebook.com\/10155157381828530 2) Anitta &#8211; https:\/\/www.facebook.com\/1444507855609772 3) Claudia Leitte (v\u00eddeo pelo Facebook Live) &#8211; https:\/\/www.facebook.com\/10154231040922201 No Instagram, as Escolas de Samba mais mencionadas: 1) Acad\u00eamicos da Grande Rio (RJ) 2) Portela (RJ) 3) Unidos da Tijuca (RJ) 4) \u00c1guia de Ouro (SP) 5) Vai-Vai (SP) No Facebook, a campe\u00e3 Portela lidera o ranking de Escolas de Samba mais mencionadas: 1) Portela (Rio de Janeiro) 2) Unidos Da Tijuca (Rio de Janeiro) 3) \u00c1guia De Ouro (S\u00e3o Paulo) 4) Acad\u00eamicos Do Tatuap\u00e9 (S\u00e3o Paulo) 5) Vai-Vai (S\u00e3o Paulo) &nbsp; ** Os dados foram coletados entre 24 de fevereiro e 1\u00ba de mar\u00e7o.\u00a0","og_url":"https:\/\/about.fb.com\/br\/news\/2017\/03\/no-brasil-carnaval-gera-cerca-de-1-bilhao-de-interacoes-no-facebook-e-no-instagram\/","og_site_name":"Sobre a Meta","article_published_time":"2017-03-02T20:20:55+00:00","article_modified_time":"2021-06-17T13:11:01+00:00","og_image":[{"width":1024,"height":576,"url":"https:\/\/about.fb.com\/br\/wp-content\/uploads\/sites\/11\/2021\/10\/meta-social-16x9-1.jpg?resize=1024,576","type":"image\/jpeg"}],"author":"facebookbr","twitter_card":"summary_large_image","twitter_misc":{"Written by":"Meta","Est. reading time":"2 minutos"},"schema":{"@context":"https:\/\/schema.org","@graph":[{"@type":"Article","@id":"https:\/\/about.fb.com\/br\/news\/2017\/03\/no-brasil-carnaval-gera-cerca-de-1-bilhao-de-interacoes-no-facebook-e-no-instagram\/#article","isPartOf":{"@id":"https:\/\/about.fb.com\/br\/news\/2017\/03\/no-brasil-carnaval-gera-cerca-de-1-bilhao-de-interacoes-no-facebook-e-no-instagram\/"},"author":"Facebook company","headline":"No Brasil, Carnaval gera cerca de 1 bilh\u00e3o de intera\u00e7\u00f5es no Facebook e no Instagram","datePublished":"2017-03-02T20:20:55+00:00","dateModified":"2021-06-17T13:11:01+00:00","mainEntityOfPage":{"@id":"https:\/\/about.fb.com\/br\/news\/2017\/03\/no-brasil-carnaval-gera-cerca-de-1-bilhao-de-interacoes-no-facebook-e-no-instagram\/"},"wordCount":422,"publisher":{"@id":"https:\/\/about.fb.com\/br\/#organization"},"keywords":["Carnaval","Facebook","Facebook Live","Instagram","Instagram Stories"],"articleSection":["Recent News"],"inLanguage":"pt-BR"},{"@type":"WebPage","@id":"https:\/\/about.fb.com\/br\/news\/2017\/03\/no-brasil-carnaval-gera-cerca-de-1-bilhao-de-interacoes-no-facebook-e-no-instagram\/","url":"https:\/\/about.fb.com\/br\/news\/2017\/03\/no-brasil-carnaval-gera-cerca-de-1-bilhao-de-interacoes-no-facebook-e-no-instagram\/","name":"No Brasil, Carnaval gera cerca de 1 bilh\u00e3o de intera\u00e7\u00f5es no Facebook e no Instagram | Sobre a Meta","isPartOf":{"@id":"https:\/\/about.fb.com\/br\/#website"},"datePublished":"2017-03-02T20:20:55+00:00","dateModified":"2021-06-17T13:11:01+00:00","breadcrumb":{"@id":"https:\/\/about.fb.com\/br\/news\/2017\/03\/no-brasil-carnaval-gera-cerca-de-1-bilhao-de-interacoes-no-facebook-e-no-instagram\/#breadcrumb"},"inLanguage":"pt-BR","potentialAction":[{"@type":"ReadAction","target":["https:\/\/about.fb.com\/br\/news\/2017\/03\/no-brasil-carnaval-gera-cerca-de-1-bilhao-de-interacoes-no-facebook-e-no-instagram\/"]}],"author":"Sobre a Meta"},{"@type":"BreadcrumbList","@id":"https:\/\/about.fb.com\/br\/news\/2017\/03\/no-brasil-carnaval-gera-cerca-de-1-bilhao-de-interacoes-no-facebook-e-no-instagram\/#breadcrumb","itemListElement":[{"@type":"ListItem","position":1,"name":"Home","item":"https:\/\/about.fb.com\/br\/"},{"@type":"ListItem","position":2,"name":"No Brasil, Carnaval gera cerca de 1 bilh\u00e3o de intera\u00e7\u00f5es no Facebook e no Instagram"}]},{"@type":"WebSite","@id":"https:\/\/about.fb.com\/br\/#website","url":"https:\/\/about.fb.com\/news\/","name":"Sobre a Meta","description":"","publisher":{"@id":"https:\/\/about.fb.com\/br\/#organization"},"potentialAction":[{"@type":"SearchAction","target":{"@type":"EntryPoint","urlTemplate":"https:\/\/about.fb.com\/br\/?s={search_term_string}"},"query-input":{"@type":"PropertyValueSpecification","valueRequired":true,"valueName":"search_term_string"}}],"inLanguage":"pt-BR","alternateName":["Meta Newsroom","Meta"]},{"@type":"Organization","@id":"https:\/\/about.fb.com\/br\/#organization","name":"Meta","url":"https:\/\/about.fb.com\/br\/","logo":{"@type":"ImageObject","inLanguage":"pt-BR","@id":"https:\/\/about.fb.com\/br\/#\/schema\/logo\/image\/","url":"https:\/\/about.fb.com\/br\/wp-content\/uploads\/sites\/11\/2021\/10\/meta-social-16x9-1.jpg?fit=8000%2C4500","contentUrl":"https:\/\/about.fb.com\/br\/wp-content\/uploads\/sites\/11\/2021\/10\/meta-social-16x9-1.jpg?fit=8000%2C4500","width":8000,"height":4500,"caption":"Meta"},"image":{"@id":"https:\/\/about.fb.com\/br\/#\/schema\/logo\/image\/"}}]}},"jetpack_featured_media_url":"","jetpack-related-posts":[{"id":26390,"url":"https:\/\/about.fb.com\/br\/news\/2025\/05\/meta-apresenta-novas-solucoes-para-criadores-e-marcas\/","url_meta":{"origin":5820,"position":0},"title":"Meta apresenta novas solu\u00e7\u00f5es para criadores e marcas","author":"Meta","date":"08\/05\/2025","format":false,"excerpt":"Com bilh\u00f5es de intera\u00e7\u00f5es di\u00e1rias, a Meta \u00e9 o lugar onde as pessoas descobrem, se conectam e compram. Nossos diversos formatos e posicionamentos de an\u00fancios ajudam as mensagens a serem vistas e ouvidas. Somente os Reels geram 4,5 bilh\u00f5es de compartilhamentos por dia. Hoje, anunciamos novas solu\u00e7\u00f5es de marketing com\u2026","rel":"","context":"In &quot;Meta&quot;","block_context":{"text":"Meta","link":"https:\/\/about.fb.com\/br\/news\/category\/temas-home\/meta\/"},"img":{"alt_text":"","src":"https:\/\/about.fb.com\/br\/wp-content\/uploads\/sites\/11\/2025\/05\/495518465_1208029907787418_2711818781208175959_n.gif?resize=350%2C200","width":350,"height":200},"classes":[]},{"id":26598,"url":"https:\/\/about.fb.com\/br\/news\/2025\/08\/26598-pesquisa-revela-o-impacto-da-meta-nas-mpmes-da-america-latina\/","url_meta":{"origin":5820,"position":1},"title":"Pesquisa revela o impacto da Meta nas MPMEs da Am\u00e9rica Latina","author":"Meta","date":"26\/08\/2025","format":false,"excerpt":"As ferramentas da Meta n\u00e3o apenas conectam as MPMEs da Am\u00e9rica Latina aos seus clientes, como tamb\u00e9m criam novas oportunidades de crescimento. 9 em cada 10 empresas que utilizaram um ou mais produtos da Meta relataram aumento de receita. Aumento de receita por pa\u00eds: Argentina: 84% das empresas que usam\u2026","rel":"","context":"In &quot;Meta&quot;","block_context":{"text":"Meta","link":"https:\/\/about.fb.com\/br\/news\/category\/temas-home\/meta\/"},"img":{"alt_text":"","src":"https:\/\/about.fb.com\/br\/wp-content\/uploads\/sites\/11\/2025\/08\/Portada_Sin-texto.jpg?fit=3544%2C3544&resize=350%2C200","width":350,"height":200,"srcset":"https:\/\/about.fb.com\/br\/wp-content\/uploads\/sites\/11\/2025\/08\/Portada_Sin-texto.jpg?fit=3544%2C3544&resize=350%2C200 1x, https:\/\/about.fb.com\/br\/wp-content\/uploads\/sites\/11\/2025\/08\/Portada_Sin-texto.jpg?fit=3544%2C3544&resize=525%2C300 1.5x, https:\/\/about.fb.com\/br\/wp-content\/uploads\/sites\/11\/2025\/08\/Portada_Sin-texto.jpg?fit=3544%2C3544&resize=700%2C400 2x, https:\/\/about.fb.com\/br\/wp-content\/uploads\/sites\/11\/2025\/08\/Portada_Sin-texto.jpg?fit=3544%2C3544&resize=1050%2C600 3x, https:\/\/about.fb.com\/br\/wp-content\/uploads\/sites\/11\/2025\/08\/Portada_Sin-texto.jpg?fit=3544%2C3544&resize=1400%2C800 4x"},"classes":[]},{"id":26696,"url":"https:\/\/about.fb.com\/br\/news\/2025\/10\/desempenho-potencializado-por-ia-para-o-agora-e-o-futuro\/","url_meta":{"origin":5820,"position":2},"title":"Desempenho potencializado por IA para o agora e o futuro","author":"Meta","date":"02\/10\/2025","format":false,"excerpt":"Para os profissionais de marketing, cada ponto de desempenho incremental pode significar a diferen\u00e7a entre empatar e bater recordes. Por isso, a Meta continua investindo em solu\u00e7\u00f5es l\u00edderes com IA, incluindo o Advantage+ e a infraestrutura que o sustenta, para ajudar empresas, anunciantes e ag\u00eancias a expandirem rapidamente. Estamos escrevendo\u2026","rel":"","context":"In &quot;Meta&quot;","block_context":{"text":"Meta","link":"https:\/\/about.fb.com\/br\/news\/category\/temas-home\/meta\/"},"img":{"alt_text":"","src":"https:\/\/about.fb.com\/br\/wp-content\/uploads\/sites\/11\/2025\/07\/Logo-Meta-1.jpg?fit=633%2C356&resize=350%2C200","width":350,"height":200,"srcset":"https:\/\/about.fb.com\/br\/wp-content\/uploads\/sites\/11\/2025\/07\/Logo-Meta-1.jpg?fit=633%2C356&resize=350%2C200 1x, https:\/\/about.fb.com\/br\/wp-content\/uploads\/sites\/11\/2025\/07\/Logo-Meta-1.jpg?fit=633%2C356&resize=525%2C300 1.5x"},"classes":[]},{"id":26313,"url":"https:\/\/about.fb.com\/br\/news\/2025\/04\/o-caso-da-ftc-contra-a-meta-e-fragil-e-ignora-a-realidade\/","url_meta":{"origin":5820,"position":3},"title":"O caso da FTC contra a Meta \u00e9 fr\u00e1gil e ignora a realidade","author":"Meta","date":"14\/04\/2025","format":false,"excerpt":"Por Jennifer Newstead, Chief Legal Officer Na segunda-feira, 14 de abril, come\u00e7ar\u00e1 o julgamento do fr\u00e1gil processo antitruste movido pela FTC, tentando desfazer as aquisi\u00e7\u00f5es do Instagram e do WhatsApp que foram aprovadas h\u00e1 mais de 10 anos. O caso da FTC ignora como o mercado realmente funciona e busca\u2026","rel":"","context":"In &quot;Facebook&quot;","block_context":{"text":"Facebook","link":"https:\/\/about.fb.com\/br\/news\/category\/technologies\/facebook\/"},"img":{"alt_text":"","src":"https:\/\/about.fb.com\/br\/wp-content\/uploads\/sites\/11\/2025\/04\/Screenshot-2025-04-14-at-10.35.14.png?fit=1568%2C878&resize=350%2C200","width":350,"height":200,"srcset":"https:\/\/about.fb.com\/br\/wp-content\/uploads\/sites\/11\/2025\/04\/Screenshot-2025-04-14-at-10.35.14.png?fit=1568%2C878&resize=350%2C200 1x, https:\/\/about.fb.com\/br\/wp-content\/uploads\/sites\/11\/2025\/04\/Screenshot-2025-04-14-at-10.35.14.png?fit=1568%2C878&resize=525%2C300 1.5x, https:\/\/about.fb.com\/br\/wp-content\/uploads\/sites\/11\/2025\/04\/Screenshot-2025-04-14-at-10.35.14.png?fit=1568%2C878&resize=700%2C400 2x, https:\/\/about.fb.com\/br\/wp-content\/uploads\/sites\/11\/2025\/04\/Screenshot-2025-04-14-at-10.35.14.png?fit=1568%2C878&resize=1050%2C600 3x, https:\/\/about.fb.com\/br\/wp-content\/uploads\/sites\/11\/2025\/04\/Screenshot-2025-04-14-at-10.35.14.png?fit=1568%2C878&resize=1400%2C800 4x"},"classes":[]},{"id":26295,"url":"https:\/\/about.fb.com\/br\/news\/2025\/04\/conta-de-adolescente-no-instagram-tera-novas-restricoes-e-chega-ao-facebook-e-o-messenger\/","url_meta":{"origin":5820,"position":4},"title":"Conta de Adolescente no Instagram ter\u00e1 novas restri\u00e7\u00f5es e chega ao Facebook e o Messenger","author":"Meta","date":"08\/04\/2025","format":false,"excerpt":"Atualiza\u00e7\u00e3o 25\/09\/2025: H\u00e1 um ano, lan\u00e7amos as Contas de Adolescente \u2014 um passo significativo para ajudar a manter os adolescentes seguros em nossos aplicativos. As Contas de Adolescente j\u00e1 foram implementadas globalmente no Instagram e est\u00e3o se expandindo tamb\u00e9m para adolescentes em todo o mundo no Facebook e Messenger. As\u2026","rel":"","context":"In &quot;Recent News&quot;","block_context":{"text":"Recent News","link":"https:\/\/about.fb.com\/br\/news\/category\/recent-news\/"},"img":{"alt_text":"","src":"https:\/\/about.fb.com\/br\/wp-content\/uploads\/sites\/11\/2025\/04\/05_pt_BR.png?resize=350%2C200","width":350,"height":200},"classes":[]},{"id":26275,"url":"https:\/\/about.fb.com\/br\/news\/2025\/04\/aproveitando-o-poder-da-ia-para-alcancar-os-clientes-onde-quer-que-eles-estejam\/","url_meta":{"origin":5820,"position":5},"title":"Aproveitando o poder da IA para alcan\u00e7ar os clientes onde quer que eles estejam","author":"Meta","date":"03\/04\/2025","format":false,"excerpt":"O crescimento de qualquer neg\u00f3cio de varejo ou e-commerce depende da capacidade de manter suas margens conforme o neg\u00f3cio cresce. Por isso, os profissionais de marketing precisam estar sempre em busca de ganhos incrementais de performance. Para ajudar cada empresa a crescer de forma lucrativa, continuamos investindo em modelos de\u2026","rel":"","context":"In &quot;Meta&quot;","block_context":{"text":"Meta","link":"https:\/\/about.fb.com\/br\/news\/category\/temas-home\/meta\/"},"img":{"alt_text":"","src":"https:\/\/about.fb.com\/br\/wp-content\/uploads\/sites\/11\/2025\/04\/485121855_1189326955964321_7014225153082356620_n.gif?resize=350%2C200","width":350,"height":200,"srcset":"https:\/\/about.fb.com\/br\/wp-content\/uploads\/sites\/11\/2025\/04\/485121855_1189326955964321_7014225153082356620_n.gif?resize=350%2C200 1x, https:\/\/about.fb.com\/br\/wp-content\/uploads\/sites\/11\/2025\/04\/485121855_1189326955964321_7014225153082356620_n.gif?resize=525%2C300 1.5x, https:\/\/about.fb.com\/br\/wp-content\/uploads\/sites\/11\/2025\/04\/485121855_1189326955964321_7014225153082356620_n.gif?resize=700%2C400 2x"},"classes":[]}],"jetpack_sharing_enabled":true,"amp_enabled":true,"_links":{"self":[{"href":"https:\/\/about.fb.com\/br\/wp-json\/wp\/v2\/posts\/5820","targetHints":{"allow":["GET"]}}],"collection":[{"href":"https:\/\/about.fb.com\/br\/wp-json\/wp\/v2\/posts"}],"about":[{"href":"https:\/\/about.fb.com\/br\/wp-json\/wp\/v2\/types\/post"}],"author":[{"embeddable":true,"href":"https:\/\/about.fb.com\/br\/wp-json\/wp\/v2\/users\/81109636"}],"replies":[{"embeddable":true,"href":"https:\/\/about.fb.com\/br\/wp-json\/wp\/v2\/comments?post=5820"}],"version-history":[{"count":3,"href":"https:\/\/about.fb.com\/br\/wp-json\/wp\/v2\/posts\/5820\/revisions"}],"predecessor-version":[{"id":5823,"href":"https:\/\/about.fb.com\/br\/wp-json\/wp\/v2\/posts\/5820\/revisions\/5823"}],"wp:attachment":[{"href":"https:\/\/about.fb.com\/br\/wp-json\/wp\/v2\/media?parent=5820"}],"wp:term":[{"taxonomy":"category","embeddable":true,"href":"https:\/\/about.fb.com\/br\/wp-json\/wp\/v2\/categories?post=5820"},{"taxonomy":"post_tag","embeddable":true,"href":"https:\/\/about.fb.com\/br\/wp-json\/wp\/v2\/tags?post=5820"}],"curies":[{"name":"wp","href":"https:\/\/api.w.org\/{rel}","templated":true}]}}