{"id":5746,"date":"2016-12-08T10:45:02","date_gmt":"2016-12-08T13:45:02","guid":{"rendered":"http:\/\/br.newsroom.fb.com\/?p=5746"},"modified":"2021-06-17T10:11:02","modified_gmt":"2021-06-17T13:11:02","slug":"retrospectiva-facebook-2016","status":"publish","type":"post","link":"https:\/\/about.fb.com\/br\/news\/2016\/12\/retrospectiva-facebook-2016\/","title":{"rendered":"Retrospectiva Facebook 2016"},"content":{"rendered":"<!-- Embed not found -->\n<p><em>Por Sheida Neman, Analista de Dados<\/em><\/p>\n<p>Todos os dias as pessoas se voltam para o Facebook para compartilhar os momentos que mais importam para elas. Hoje, estamos destacando os t\u00f3picos mais comentados sobre temas globais no ano de 2016 no Facebook. Aqui est\u00e1 a lista global:<\/p>\n<ol>\n<li>Elei\u00e7\u00f5es presidenciais nos EUA<\/li>\n<li>Pol\u00edtica brasileira<\/li>\n<li>Pokemon Go<\/li>\n<li>Movimento Black Lives Matter<\/li>\n<li>Rodrigo Duterte &amp; Elei\u00e7\u00f5es presidenciais nas Filipinas<\/li>\n<li>Olimp\u00edadas do Rio<\/li>\n<li>Brexit<\/li>\n<li>Super Bowl<\/li>\n<li>David Bowie<\/li>\n<li>Muhammad Ali<\/li>\n<\/ol>\n<p>No Brasil, o &#8220;Impeachment&#8221; foi o evento mais discutido de 2016, seguido pelo Jogos Ol\u00edmpicos do Rio de Janeiro. Isso mostra que os brasileiros utilizam o Facebook para debater os maiores assuntos e ocorr\u00eancias do pa\u00eds. A lista dos principais momentos do ano no Brasil \u00e9:<\/p>\n<ol>\n<li>Impeachment<\/li>\n<li>Jogos Ol\u00edmpicos de 2016 do Rio de Janeiro<\/li>\n<li>Pokemon Go<\/li>\n<li>Carnaval<\/li>\n<li>Acidente de avi\u00e3o da Associa\u00e7\u00e3o Chapecoense de Futebol<\/li>\n<li>Elei\u00e7\u00f5es nos EUA<\/li>\n<li>Opera\u00e7\u00e3o Lava-Jato<\/li>\n<li>Zika<\/li>\n<li>David Bowie<\/li>\n<li>Fidel Castro<\/li>\n<\/ol>\n<p>Em abril, disponibilizamos o Facebook Live para mais pessoas e o mundo come\u00e7ou a transmitir o que acontecia ao seu redor. Ent\u00e3o, tamb\u00e9m estamos compartilhando, pela primeira, uma lista dos v\u00eddeos ao vivo mais assistidos no mundo todos:<\/p>\n<ol>\n<li>Candace Payne, <a href=\"https:\/\/www.facebook.com\/candaceSpayne\/videos\/10209653193067040\/\">Chewbacca Mom<\/a><\/li>\n<li>Ted Yoder, <a href=\"https:\/\/www.facebook.com\/tedyoder\/videos\/10153787061705895\/\">Soundscapes<\/a><\/li>\n<li>Buzzfeed, <a href=\"https:\/\/www.facebook.com\/BuzzFeed\/videos\/10155300775200329\/\">Countdown to the next presidential election<\/a><\/li>\n<li>Atlanta Buzz, <a href=\"https:\/\/www.facebook.com\/atlbuzz\/videos\/10155052739929832\/\">People are lining up to hug police officers in Dallas<\/a><\/li>\n<li>NBC News,<a href=\"https:\/\/www.facebook.com\/NBCNews\/videos\/1562519697101388\/\"> Election results<\/a><\/li>\n<li>Under the Hood, <a href=\"https:\/\/www.facebook.com\/underthehoodshow\/videos\/10154331966844898\/\">Video of a truck completely carved out of wood<\/a><\/li>\n<li>Viral Thread, <a href=\"https:\/\/www.facebook.com\/viralthread\/videos\/1090741781067663\/\">Population count from US to CA<\/a><\/li>\n<li>CNN, <a href=\"https:\/\/www.facebook.com\/cnn\/videos\/10155576641936509\/\">Election results on Empire State building<\/a><\/li>\n<li>Dena Blizzard, <a href=\"https:\/\/www.facebook.com\/denablizzard\/videos\/924079277703563\/\">Pokemon Go for moms &#8220;Chardonnay Go&#8221;<\/a><\/li>\n<li>Super Deluxe, <a href=\"https:\/\/www.facebook.com\/superdeluxevideo\/videos\/362440490767174\/\">Election map<\/a><\/li>\n<\/ol>\n<p><img data-recalc-dims=\"1\" loading=\"lazy\" decoding=\"async\" class=\"aligncenter size-full wp-image-5748\" src=\"https:\/\/about.fb.com\/br\/wp-content\/uploads\/sites\/3\/2016\/12\/live-screenshot-candence1-e1481204146768-1.jpg?resize=517%2C517\" alt=\"live-screenshot-candence\" width=\"517\" height=\"517\" \/><br \/>\nO Brasil tamb\u00e9m come\u00e7ou a transmitir ao vivo no Facebook em 2016. E, tamb\u00e9m pela primeira vez, estamos compartilhando a lista dos Lives brasileiros mais assistidos no ano:<\/p>\n<ol>\n<li>Luana Piovani &#8211; <i><a href=\"https:\/\/www.facebook.com\/luanapiovanioficial\/videos\/753016071468286\/\">&#8220;Sobre a carta de Jenifer Aniston&#8221;<\/a><\/i><\/li>\n<li><a href=\"https:\/\/www.facebook.com\/vicentinifotografias\/videos\/871526726317952\/\">Vicentini Fotografias<\/a><\/li>\n<li>Eduardo Costa &#8211; <i><a href=\"https:\/\/www.facebook.com\/eduardocostaoficial\/videos\/1211259885563242\/\">&#8220;Ao Vivo&#8221;<\/a><\/i><\/li>\n<li>Canal da F\u00e9 &#8211; <i><a href=\"https:\/\/www.facebook.com\/canaldafeoficial\/videos\/822432137857259\/\">&#8220;Estamos em ora\u00e7\u00e3o por voc\u00ea e sua fam\u00edlia&#8221; <\/a><\/i><\/li>\n<li>Felipe Massa &#8211; <i><a href=\"https:\/\/www.facebook.com\/massafelipe19\/videos\/582078005299670\/\">&#8220;Felipinho vs Ricciardo Race&#8221;<\/a><\/i> e<br \/>\nAssocia\u00e7\u00e3o Chapecoense de Futebol &#8211; <a href=\"https:\/\/www.facebook.com\/AChapeF\/videos\/1502279529801128\/?__mref=message_bubble\"><i>&#8220;Ao Vivo&#8221;<\/i><\/a><\/li>\n<\/ol>\n<p><b>&#8220;Sua retrospectiva do ano&#8221;<\/b><br \/>\nEste m\u00eas, as pessoas tamb\u00e9m ver\u00e3o um v\u00eddeo personalizado em seu feed de not\u00edcias com seus momentos mais significativos de 2016, que poder\u00e3o ser editados e compartilhados com a fam\u00edlia e amigos. Tamb\u00e9m \u00e9 poss\u00edvel acessar seu v\u00eddeo visitando: <a href=\"http:\/\/facebook.com\/yearinreview2016\">facebook.com\/yearinreview2016<\/a>.<\/p>\n<!-- Embed not found -->\n<p><b>Metodologia<\/b><br \/>\nOs 10 melhores momentos do Ano desta retrospectiva foram medidos pela frequ\u00eancia com que um t\u00f3pico foi mencionado em postagens no Facebook feitas entre 1 de janeiro e 27 de novembro de 2016. Para enumerar essa lista, as men\u00e7\u00f5es foram analisadas de forma agregada e anonimizada e depois classificadas para criar um instant\u00e2neo do ano no Facebook. Os 10 melhores v\u00eddeos ao vivo foram medidos pelo total de visualiza\u00e7\u00f5es cumulativas.<\/p>\n<p>O Facebook \u00e9 uma plataforma para todas as id\u00e9ias e vozes, e todos os meses os 111 milh\u00f5es de brasileiros se conectam com aquilo que mais importa para eles, de seus amigos e familiares a suas causas preferidas e tamb\u00e9m suas marcas e produtivos favoritos. Queremos dar a todos o poder de compartilhar aquilo que mais importa para eles, como os momentos mais importantes de sua vida.<\/p>\n","protected":false},"excerpt":{"rendered":"Por Sheida Neman, Analista de Dados Todos os dias as pessoas se voltam para o Facebook para compartilhar os momentos que mais importam para elas. Hoje, estamos destacando os t\u00f3picos mais comentados sobre temas globais no ano de 2016 no Facebook. Aqui est\u00e1 a lista global: Elei\u00e7\u00f5es presidenciais nos EUA Pol\u00edtica brasileira Pokemon Go Movimento Black Lives Matter Rodrigo Duterte &amp; Elei\u00e7\u00f5es presidenciais nas Filipinas Olimp\u00edadas do Rio Brexit Super Bowl David Bowie Muhammad Ali No Brasil, o &#8220;Impeachment&#8221; foi o evento mais discutido de 2016, seguido pelo Jogos Ol\u00edmpicos do Rio de Janeiro. Isso mostra que os brasileiros utilizam o Facebook para debater os maiores assuntos e ocorr\u00eancias do pa\u00eds. A lista dos principais momentos do ano no Brasil \u00e9: Impeachment Jogos Ol\u00edmpicos de 2016 do Rio de Janeiro Pokemon Go Carnaval Acidente de avi\u00e3o da Associa\u00e7\u00e3o Chapecoense de Futebol Elei\u00e7\u00f5es nos EUA Opera\u00e7\u00e3o Lava-Jato Zika David Bowie Fidel Castro Em abril, disponibilizamos o Facebook Live para mais pessoas e o mundo come\u00e7ou a transmitir o que acontecia ao seu redor. Ent\u00e3o, tamb\u00e9m estamos compartilhando, pela primeira, uma lista dos v\u00eddeos ao vivo mais assistidos no mundo todos: Candace Payne, Chewbacca Mom Ted Yoder, Soundscapes Buzzfeed, Countdown to the next presidential election Atlanta Buzz, People are lining up to hug police officers in Dallas NBC News, Election results Under the Hood, Video of a truck completely carved out of wood Viral Thread, Population count from US to CA CNN, Election results on Empire State building Dena Blizzard, Pokemon Go for moms &#8220;Chardonnay Go&#8221; Super Deluxe, Election map O Brasil tamb\u00e9m come\u00e7ou a transmitir ao vivo no Facebook em 2016. E, tamb\u00e9m pela primeira vez, estamos compartilhando a lista dos Lives brasileiros mais assistidos no ano: Luana Piovani &#8211; &#8220;Sobre a carta de Jenifer Aniston&#8221; Vicentini Fotografias Eduardo Costa &#8211; &#8220;Ao Vivo&#8221; Canal da F\u00e9 &#8211; &#8220;Estamos em ora\u00e7\u00e3o por voc\u00ea e sua fam\u00edlia&#8221; Felipe Massa &#8211; &#8220;Felipinho vs Ricciardo Race&#8221; e Associa\u00e7\u00e3o Chapecoense de Futebol &#8211; &#8220;Ao Vivo&#8221; &#8220;Sua retrospectiva do ano&#8221; Este m\u00eas, as pessoas tamb\u00e9m ver\u00e3o um v\u00eddeo personalizado em seu feed de not\u00edcias com seus momentos mais significativos de 2016, que poder\u00e3o ser editados e compartilhados com a fam\u00edlia e amigos. Tamb\u00e9m \u00e9 poss\u00edvel acessar seu v\u00eddeo visitando: facebook.com\/yearinreview2016. Metodologia Os 10 melhores momentos do Ano desta retrospectiva foram medidos pela frequ\u00eancia com que um t\u00f3pico foi mencionado em postagens no Facebook feitas entre 1 de janeiro e 27 de novembro de 2016. Para enumerar essa lista, as men\u00e7\u00f5es foram analisadas de forma agregada e anonimizada e depois classificadas para criar um instant\u00e2neo do ano no Facebook. Os 10 melhores v\u00eddeos ao vivo foram medidos pelo total de visualiza\u00e7\u00f5es cumulativas. O Facebook \u00e9 uma plataforma para todas as id\u00e9ias e vozes, e todos os meses os 111 milh\u00f5es de brasileiros se conectam com aquilo que mais importa para eles, de seus amigos e familiares a suas causas preferidas e tamb\u00e9m suas marcas e produtivos favoritos. Queremos dar a todos o poder de compartilhar aquilo que mais importa para eles, como os momentos mais importantes de sua vida.","protected":false},"author":81109636,"featured_media":0,"comment_status":"closed","ping_status":"closed","sticky":false,"template":"","format":"standard","meta":{"_jetpack_memberships_contains_paid_content":false,"footnotes":""},"categories":[1],"tags":[396532422,396541872,396541894,396528467],"class_list":["post-5746","post","type-post","status-publish","format-standard","hentry","category-recent-news","tag-facebook","tag-facebook-live","tag-hashtags","tag-year-in-review"],"yoast_head":"<!-- This site is optimized with the Yoast SEO plugin v27.2 - https:\/\/yoast.com\/product\/yoast-seo-wordpress\/ -->\n<title>Retrospectiva Facebook 2016 | Sobre a Meta<\/title>\n<meta name=\"robots\" content=\"index, follow, max-snippet:-1, max-image-preview:large, max-video-preview:-1\" \/>\n<link rel=\"canonical\" href=\"https:\/\/about.fb.com\/br\/news\/2016\/12\/retrospectiva-facebook-2016\/\" \/>\n<meta property=\"og:locale\" content=\"pt_BR\" \/>\n<meta property=\"og:type\" content=\"article\" \/>\n<meta property=\"og:title\" content=\"Retrospectiva Facebook 2016 | Sobre a Meta\" \/>\n<meta property=\"og:description\" content=\"Por Sheida Neman, Analista de Dados Todos os dias as pessoas se voltam para o Facebook para compartilhar os momentos que mais importam para elas. Hoje, estamos destacando os t\u00f3picos mais comentados sobre temas globais no ano de 2016 no Facebook. Aqui est\u00e1 a lista global: Elei\u00e7\u00f5es presidenciais nos EUA Pol\u00edtica brasileira Pokemon Go Movimento Black Lives Matter Rodrigo Duterte &amp; Elei\u00e7\u00f5es presidenciais nas Filipinas Olimp\u00edadas do Rio Brexit Super Bowl David Bowie Muhammad Ali No Brasil, o &#8220;Impeachment&#8221; foi o evento mais discutido de 2016, seguido pelo Jogos Ol\u00edmpicos do Rio de Janeiro. Isso mostra que os brasileiros utilizam o Facebook para debater os maiores assuntos e ocorr\u00eancias do pa\u00eds. A lista dos principais momentos do ano no Brasil \u00e9: Impeachment Jogos Ol\u00edmpicos de 2016 do Rio de Janeiro Pokemon Go Carnaval Acidente de avi\u00e3o da Associa\u00e7\u00e3o Chapecoense de Futebol Elei\u00e7\u00f5es nos EUA Opera\u00e7\u00e3o Lava-Jato Zika David Bowie Fidel Castro Em abril, disponibilizamos o Facebook Live para mais pessoas e o mundo come\u00e7ou a transmitir o que acontecia ao seu redor. Ent\u00e3o, tamb\u00e9m estamos compartilhando, pela primeira, uma lista dos v\u00eddeos ao vivo mais assistidos no mundo todos: Candace Payne, Chewbacca Mom Ted Yoder, Soundscapes Buzzfeed, Countdown to the next presidential election Atlanta Buzz, People are lining up to hug police officers in Dallas NBC News, Election results Under the Hood, Video of a truck completely carved out of wood Viral Thread, Population count from US to CA CNN, Election results on Empire State building Dena Blizzard, Pokemon Go for moms &#8220;Chardonnay Go&#8221; Super Deluxe, Election map O Brasil tamb\u00e9m come\u00e7ou a transmitir ao vivo no Facebook em 2016. E, tamb\u00e9m pela primeira vez, estamos compartilhando a lista dos Lives brasileiros mais assistidos no ano: Luana Piovani &#8211; &#8220;Sobre a carta de Jenifer Aniston&#8221; Vicentini Fotografias Eduardo Costa &#8211; &#8220;Ao Vivo&#8221; Canal da F\u00e9 &#8211; &#8220;Estamos em ora\u00e7\u00e3o por voc\u00ea e sua fam\u00edlia&#8221; Felipe Massa &#8211; &#8220;Felipinho vs Ricciardo Race&#8221; e Associa\u00e7\u00e3o Chapecoense de Futebol &#8211; &#8220;Ao Vivo&#8221; &#8220;Sua retrospectiva do ano&#8221; Este m\u00eas, as pessoas tamb\u00e9m ver\u00e3o um v\u00eddeo personalizado em seu feed de not\u00edcias com seus momentos mais significativos de 2016, que poder\u00e3o ser editados e compartilhados com a fam\u00edlia e amigos. Tamb\u00e9m \u00e9 poss\u00edvel acessar seu v\u00eddeo visitando: facebook.com\/yearinreview2016. Metodologia Os 10 melhores momentos do Ano desta retrospectiva foram medidos pela frequ\u00eancia com que um t\u00f3pico foi mencionado em postagens no Facebook feitas entre 1 de janeiro e 27 de novembro de 2016. Para enumerar essa lista, as men\u00e7\u00f5es foram analisadas de forma agregada e anonimizada e depois classificadas para criar um instant\u00e2neo do ano no Facebook. Os 10 melhores v\u00eddeos ao vivo foram medidos pelo total de visualiza\u00e7\u00f5es cumulativas. O Facebook \u00e9 uma plataforma para todas as id\u00e9ias e vozes, e todos os meses os 111 milh\u00f5es de brasileiros se conectam com aquilo que mais importa para eles, de seus amigos e familiares a suas causas preferidas e tamb\u00e9m suas marcas e produtivos favoritos. Queremos dar a todos o poder de compartilhar aquilo que mais importa para eles, como os momentos mais importantes de sua vida.\" \/>\n<meta property=\"og:url\" content=\"https:\/\/about.fb.com\/br\/news\/2016\/12\/retrospectiva-facebook-2016\/\" \/>\n<meta property=\"og:site_name\" content=\"Sobre a Meta\" \/>\n<meta property=\"article:published_time\" content=\"2016-12-08T13:45:02+00:00\" \/>\n<meta property=\"article:modified_time\" content=\"2021-06-17T13:11:02+00:00\" \/>\n<meta property=\"og:image\" content=\"https:\/\/about.fb.com\/br\/wp-content\/uploads\/sites\/3\/2016\/12\/live-screenshot-candence1-e1481204146768-1.jpg\" \/>\n<meta name=\"author\" content=\"facebookbr\" \/>\n<meta name=\"twitter:card\" content=\"summary_large_image\" \/>\n<meta name=\"twitter:label1\" content=\"Written by\" \/>\n\t<meta name=\"twitter:data1\" content=\"Meta\" \/>\n\t<meta name=\"twitter:label2\" content=\"Est. reading time\" \/>\n\t<meta name=\"twitter:data2\" content=\"3 minutos\" \/>\n<script type=\"application\/ld+json\" class=\"yoast-schema-graph\">{\"@context\":\"https:\/\/schema.org\",\"@graph\":[{\"@type\":\"Article\",\"@id\":\"https:\/\/about.fb.com\/br\/news\/2016\/12\/retrospectiva-facebook-2016\/#article\",\"isPartOf\":{\"@id\":\"https:\/\/about.fb.com\/br\/news\/2016\/12\/retrospectiva-facebook-2016\/\"},\"author\":\"Facebook company\",\"headline\":\"Retrospectiva Facebook 2016\",\"datePublished\":\"2016-12-08T13:45:02+00:00\",\"dateModified\":\"2021-06-17T13:11:02+00:00\",\"mainEntityOfPage\":{\"@id\":\"https:\/\/about.fb.com\/br\/news\/2016\/12\/retrospectiva-facebook-2016\/\"},\"wordCount\":597,\"publisher\":{\"@id\":\"https:\/\/about.fb.com\/br\/#organization\"},\"image\":{\"@id\":\"https:\/\/about.fb.com\/br\/news\/2016\/12\/retrospectiva-facebook-2016\/#primaryimage\"},\"thumbnailUrl\":\"https:\/\/about.fb.com\/br\/wp-content\/uploads\/sites\/3\/2016\/12\/live-screenshot-candence1-e1481204146768-1.jpg\",\"keywords\":[\"Facebook\",\"Facebook Live\",\"hashtags\",\"Year in Review\"],\"articleSection\":[\"Recent News\"],\"inLanguage\":\"pt-BR\"},{\"@type\":\"WebPage\",\"@id\":\"https:\/\/about.fb.com\/br\/news\/2016\/12\/retrospectiva-facebook-2016\/\",\"url\":\"https:\/\/about.fb.com\/br\/news\/2016\/12\/retrospectiva-facebook-2016\/\",\"name\":\"Retrospectiva Facebook 2016 | Sobre a Meta\",\"isPartOf\":{\"@id\":\"https:\/\/about.fb.com\/br\/#website\"},\"primaryImageOfPage\":{\"@id\":\"https:\/\/about.fb.com\/br\/news\/2016\/12\/retrospectiva-facebook-2016\/#primaryimage\"},\"image\":{\"@id\":\"https:\/\/about.fb.com\/br\/news\/2016\/12\/retrospectiva-facebook-2016\/#primaryimage\"},\"thumbnailUrl\":\"https:\/\/about.fb.com\/br\/wp-content\/uploads\/sites\/3\/2016\/12\/live-screenshot-candence1-e1481204146768-1.jpg\",\"datePublished\":\"2016-12-08T13:45:02+00:00\",\"dateModified\":\"2021-06-17T13:11:02+00:00\",\"breadcrumb\":{\"@id\":\"https:\/\/about.fb.com\/br\/news\/2016\/12\/retrospectiva-facebook-2016\/#breadcrumb\"},\"inLanguage\":\"pt-BR\",\"potentialAction\":[{\"@type\":\"ReadAction\",\"target\":[\"https:\/\/about.fb.com\/br\/news\/2016\/12\/retrospectiva-facebook-2016\/\"]}],\"author\":\"Sobre a Meta\"},{\"@type\":\"ImageObject\",\"inLanguage\":\"pt-BR\",\"@id\":\"https:\/\/about.fb.com\/br\/news\/2016\/12\/retrospectiva-facebook-2016\/#primaryimage\",\"url\":\"https:\/\/about.fb.com\/br\/wp-content\/uploads\/sites\/3\/2016\/12\/live-screenshot-candence1-e1481204146768-1.jpg\",\"contentUrl\":\"https:\/\/about.fb.com\/br\/wp-content\/uploads\/sites\/3\/2016\/12\/live-screenshot-candence1-e1481204146768-1.jpg\"},{\"@type\":\"BreadcrumbList\",\"@id\":\"https:\/\/about.fb.com\/br\/news\/2016\/12\/retrospectiva-facebook-2016\/#breadcrumb\",\"itemListElement\":[{\"@type\":\"ListItem\",\"position\":1,\"name\":\"Home\",\"item\":\"https:\/\/about.fb.com\/br\/\"},{\"@type\":\"ListItem\",\"position\":2,\"name\":\"Retrospectiva Facebook 2016\"}]},{\"@type\":\"WebSite\",\"@id\":\"https:\/\/about.fb.com\/br\/#website\",\"url\":\"https:\/\/about.fb.com\/news\/\",\"name\":\"Sobre a Meta\",\"description\":\"\",\"publisher\":{\"@id\":\"https:\/\/about.fb.com\/br\/#organization\"},\"potentialAction\":[{\"@type\":\"SearchAction\",\"target\":{\"@type\":\"EntryPoint\",\"urlTemplate\":\"https:\/\/about.fb.com\/br\/?s={search_term_string}\"},\"query-input\":{\"@type\":\"PropertyValueSpecification\",\"valueRequired\":true,\"valueName\":\"search_term_string\"}}],\"inLanguage\":\"pt-BR\",\"alternateName\":[\"Meta Newsroom\",\"Meta\"]},{\"@type\":\"Organization\",\"@id\":\"https:\/\/about.fb.com\/br\/#organization\",\"name\":\"Meta\",\"url\":\"https:\/\/about.fb.com\/br\/\",\"logo\":{\"@type\":\"ImageObject\",\"inLanguage\":\"pt-BR\",\"@id\":\"https:\/\/about.fb.com\/br\/#\/schema\/logo\/image\/\",\"url\":\"https:\/\/about.fb.com\/br\/wp-content\/uploads\/sites\/11\/2021\/10\/meta-social-16x9-1.jpg?fit=8000%2C4500\",\"contentUrl\":\"https:\/\/about.fb.com\/br\/wp-content\/uploads\/sites\/11\/2021\/10\/meta-social-16x9-1.jpg?fit=8000%2C4500\",\"width\":8000,\"height\":4500,\"caption\":\"Meta\"},\"image\":{\"@id\":\"https:\/\/about.fb.com\/br\/#\/schema\/logo\/image\/\"}}]}<\/script>\n<!-- \/ Yoast SEO plugin. -->","yoast_head_json":{"title":"Retrospectiva Facebook 2016 | Sobre a Meta","robots":{"index":"index","follow":"follow","max-snippet":"max-snippet:-1","max-image-preview":"max-image-preview:large","max-video-preview":"max-video-preview:-1"},"canonical":"https:\/\/about.fb.com\/br\/news\/2016\/12\/retrospectiva-facebook-2016\/","og_locale":"pt_BR","og_type":"article","og_title":"Retrospectiva Facebook 2016 | Sobre a Meta","og_description":"Por Sheida Neman, Analista de Dados Todos os dias as pessoas se voltam para o Facebook para compartilhar os momentos que mais importam para elas. Hoje, estamos destacando os t\u00f3picos mais comentados sobre temas globais no ano de 2016 no Facebook. Aqui est\u00e1 a lista global: Elei\u00e7\u00f5es presidenciais nos EUA Pol\u00edtica brasileira Pokemon Go Movimento Black Lives Matter Rodrigo Duterte &amp; Elei\u00e7\u00f5es presidenciais nas Filipinas Olimp\u00edadas do Rio Brexit Super Bowl David Bowie Muhammad Ali No Brasil, o &#8220;Impeachment&#8221; foi o evento mais discutido de 2016, seguido pelo Jogos Ol\u00edmpicos do Rio de Janeiro. Isso mostra que os brasileiros utilizam o Facebook para debater os maiores assuntos e ocorr\u00eancias do pa\u00eds. A lista dos principais momentos do ano no Brasil \u00e9: Impeachment Jogos Ol\u00edmpicos de 2016 do Rio de Janeiro Pokemon Go Carnaval Acidente de avi\u00e3o da Associa\u00e7\u00e3o Chapecoense de Futebol Elei\u00e7\u00f5es nos EUA Opera\u00e7\u00e3o Lava-Jato Zika David Bowie Fidel Castro Em abril, disponibilizamos o Facebook Live para mais pessoas e o mundo come\u00e7ou a transmitir o que acontecia ao seu redor. Ent\u00e3o, tamb\u00e9m estamos compartilhando, pela primeira, uma lista dos v\u00eddeos ao vivo mais assistidos no mundo todos: Candace Payne, Chewbacca Mom Ted Yoder, Soundscapes Buzzfeed, Countdown to the next presidential election Atlanta Buzz, People are lining up to hug police officers in Dallas NBC News, Election results Under the Hood, Video of a truck completely carved out of wood Viral Thread, Population count from US to CA CNN, Election results on Empire State building Dena Blizzard, Pokemon Go for moms &#8220;Chardonnay Go&#8221; Super Deluxe, Election map O Brasil tamb\u00e9m come\u00e7ou a transmitir ao vivo no Facebook em 2016. E, tamb\u00e9m pela primeira vez, estamos compartilhando a lista dos Lives brasileiros mais assistidos no ano: Luana Piovani &#8211; &#8220;Sobre a carta de Jenifer Aniston&#8221; Vicentini Fotografias Eduardo Costa &#8211; &#8220;Ao Vivo&#8221; Canal da F\u00e9 &#8211; &#8220;Estamos em ora\u00e7\u00e3o por voc\u00ea e sua fam\u00edlia&#8221; Felipe Massa &#8211; &#8220;Felipinho vs Ricciardo Race&#8221; e Associa\u00e7\u00e3o Chapecoense de Futebol &#8211; &#8220;Ao Vivo&#8221; &#8220;Sua retrospectiva do ano&#8221; Este m\u00eas, as pessoas tamb\u00e9m ver\u00e3o um v\u00eddeo personalizado em seu feed de not\u00edcias com seus momentos mais significativos de 2016, que poder\u00e3o ser editados e compartilhados com a fam\u00edlia e amigos. Tamb\u00e9m \u00e9 poss\u00edvel acessar seu v\u00eddeo visitando: facebook.com\/yearinreview2016. Metodologia Os 10 melhores momentos do Ano desta retrospectiva foram medidos pela frequ\u00eancia com que um t\u00f3pico foi mencionado em postagens no Facebook feitas entre 1 de janeiro e 27 de novembro de 2016. Para enumerar essa lista, as men\u00e7\u00f5es foram analisadas de forma agregada e anonimizada e depois classificadas para criar um instant\u00e2neo do ano no Facebook. Os 10 melhores v\u00eddeos ao vivo foram medidos pelo total de visualiza\u00e7\u00f5es cumulativas. O Facebook \u00e9 uma plataforma para todas as id\u00e9ias e vozes, e todos os meses os 111 milh\u00f5es de brasileiros se conectam com aquilo que mais importa para eles, de seus amigos e familiares a suas causas preferidas e tamb\u00e9m suas marcas e produtivos favoritos. Queremos dar a todos o poder de compartilhar aquilo que mais importa para eles, como os momentos mais importantes de sua vida.","og_url":"https:\/\/about.fb.com\/br\/news\/2016\/12\/retrospectiva-facebook-2016\/","og_site_name":"Sobre a Meta","article_published_time":"2016-12-08T13:45:02+00:00","article_modified_time":"2021-06-17T13:11:02+00:00","og_image":[{"url":"https:\/\/about.fb.com\/br\/wp-content\/uploads\/sites\/3\/2016\/12\/live-screenshot-candence1-e1481204146768-1.jpg","type":"","width":"","height":""}],"author":"facebookbr","twitter_card":"summary_large_image","twitter_misc":{"Written by":"Meta","Est. reading time":"3 minutos"},"schema":{"@context":"https:\/\/schema.org","@graph":[{"@type":"Article","@id":"https:\/\/about.fb.com\/br\/news\/2016\/12\/retrospectiva-facebook-2016\/#article","isPartOf":{"@id":"https:\/\/about.fb.com\/br\/news\/2016\/12\/retrospectiva-facebook-2016\/"},"author":"Facebook company","headline":"Retrospectiva Facebook 2016","datePublished":"2016-12-08T13:45:02+00:00","dateModified":"2021-06-17T13:11:02+00:00","mainEntityOfPage":{"@id":"https:\/\/about.fb.com\/br\/news\/2016\/12\/retrospectiva-facebook-2016\/"},"wordCount":597,"publisher":{"@id":"https:\/\/about.fb.com\/br\/#organization"},"image":{"@id":"https:\/\/about.fb.com\/br\/news\/2016\/12\/retrospectiva-facebook-2016\/#primaryimage"},"thumbnailUrl":"https:\/\/about.fb.com\/br\/wp-content\/uploads\/sites\/3\/2016\/12\/live-screenshot-candence1-e1481204146768-1.jpg","keywords":["Facebook","Facebook Live","hashtags","Year in Review"],"articleSection":["Recent News"],"inLanguage":"pt-BR"},{"@type":"WebPage","@id":"https:\/\/about.fb.com\/br\/news\/2016\/12\/retrospectiva-facebook-2016\/","url":"https:\/\/about.fb.com\/br\/news\/2016\/12\/retrospectiva-facebook-2016\/","name":"Retrospectiva Facebook 2016 | Sobre a Meta","isPartOf":{"@id":"https:\/\/about.fb.com\/br\/#website"},"primaryImageOfPage":{"@id":"https:\/\/about.fb.com\/br\/news\/2016\/12\/retrospectiva-facebook-2016\/#primaryimage"},"image":{"@id":"https:\/\/about.fb.com\/br\/news\/2016\/12\/retrospectiva-facebook-2016\/#primaryimage"},"thumbnailUrl":"https:\/\/about.fb.com\/br\/wp-content\/uploads\/sites\/3\/2016\/12\/live-screenshot-candence1-e1481204146768-1.jpg","datePublished":"2016-12-08T13:45:02+00:00","dateModified":"2021-06-17T13:11:02+00:00","breadcrumb":{"@id":"https:\/\/about.fb.com\/br\/news\/2016\/12\/retrospectiva-facebook-2016\/#breadcrumb"},"inLanguage":"pt-BR","potentialAction":[{"@type":"ReadAction","target":["https:\/\/about.fb.com\/br\/news\/2016\/12\/retrospectiva-facebook-2016\/"]}],"author":"Sobre a Meta"},{"@type":"ImageObject","inLanguage":"pt-BR","@id":"https:\/\/about.fb.com\/br\/news\/2016\/12\/retrospectiva-facebook-2016\/#primaryimage","url":"https:\/\/about.fb.com\/br\/wp-content\/uploads\/sites\/3\/2016\/12\/live-screenshot-candence1-e1481204146768-1.jpg","contentUrl":"https:\/\/about.fb.com\/br\/wp-content\/uploads\/sites\/3\/2016\/12\/live-screenshot-candence1-e1481204146768-1.jpg"},{"@type":"BreadcrumbList","@id":"https:\/\/about.fb.com\/br\/news\/2016\/12\/retrospectiva-facebook-2016\/#breadcrumb","itemListElement":[{"@type":"ListItem","position":1,"name":"Home","item":"https:\/\/about.fb.com\/br\/"},{"@type":"ListItem","position":2,"name":"Retrospectiva Facebook 2016"}]},{"@type":"WebSite","@id":"https:\/\/about.fb.com\/br\/#website","url":"https:\/\/about.fb.com\/news\/","name":"Sobre a Meta","description":"","publisher":{"@id":"https:\/\/about.fb.com\/br\/#organization"},"potentialAction":[{"@type":"SearchAction","target":{"@type":"EntryPoint","urlTemplate":"https:\/\/about.fb.com\/br\/?s={search_term_string}"},"query-input":{"@type":"PropertyValueSpecification","valueRequired":true,"valueName":"search_term_string"}}],"inLanguage":"pt-BR","alternateName":["Meta Newsroom","Meta"]},{"@type":"Organization","@id":"https:\/\/about.fb.com\/br\/#organization","name":"Meta","url":"https:\/\/about.fb.com\/br\/","logo":{"@type":"ImageObject","inLanguage":"pt-BR","@id":"https:\/\/about.fb.com\/br\/#\/schema\/logo\/image\/","url":"https:\/\/about.fb.com\/br\/wp-content\/uploads\/sites\/11\/2021\/10\/meta-social-16x9-1.jpg?fit=8000%2C4500","contentUrl":"https:\/\/about.fb.com\/br\/wp-content\/uploads\/sites\/11\/2021\/10\/meta-social-16x9-1.jpg?fit=8000%2C4500","width":8000,"height":4500,"caption":"Meta"},"image":{"@id":"https:\/\/about.fb.com\/br\/#\/schema\/logo\/image\/"}}]}},"jetpack_featured_media_url":"","jetpack-related-posts":[{"id":26182,"url":"https:\/\/about.fb.com\/br\/news\/2025\/02\/atualizando-nossa-politica-de-armazenamento-de-lives-no-facebook\/","url_meta":{"origin":5746,"position":0},"title":"Atualizando nossa pol\u00edtica de armazenamento de Lives no Facebook","author":"Meta","date":"18\/02\/2025","format":false,"excerpt":"Pessoas em todo o mundo usam o Facebook Live para compartilhar suas experi\u00eancias com suas comunidades em tempo real. Como a maioria das visualiza\u00e7\u00f5es de v\u00eddeos ao vivo ocorrem nas primeiras semanas ap\u00f3s a transmiss\u00e3o, estamos atualizando por quanto tempo as Lives podem ser armazenadas no Facebook. A partir de\u2026","rel":"","context":"In &quot;Facebook&quot;","block_context":{"text":"Facebook","link":"https:\/\/about.fb.com\/br\/news\/category\/technologies\/facebook\/"},"img":{"alt_text":"","src":"https:\/\/about.fb.com\/br\/wp-content\/uploads\/sites\/11\/2025\/02\/Download-Live-Videos.jpg?fit=1280%2C720&resize=350%2C200","width":350,"height":200,"srcset":"https:\/\/about.fb.com\/br\/wp-content\/uploads\/sites\/11\/2025\/02\/Download-Live-Videos.jpg?fit=1280%2C720&resize=350%2C200 1x, https:\/\/about.fb.com\/br\/wp-content\/uploads\/sites\/11\/2025\/02\/Download-Live-Videos.jpg?fit=1280%2C720&resize=525%2C300 1.5x, https:\/\/about.fb.com\/br\/wp-content\/uploads\/sites\/11\/2025\/02\/Download-Live-Videos.jpg?fit=1280%2C720&resize=700%2C400 2x, https:\/\/about.fb.com\/br\/wp-content\/uploads\/sites\/11\/2025\/02\/Download-Live-Videos.jpg?fit=1280%2C720&resize=1050%2C600 3x"},"classes":[]},{"id":26501,"url":"https:\/\/about.fb.com\/br\/news\/2025\/06\/apresentamos-chaves-de-acesso-no-facebook-para-facilitar-o-login\/","url_meta":{"origin":5746,"position":1},"title":"Apresentamos chaves de acesso no Facebook para facilitar o login","author":"Meta","date":"18\/06\/2025","format":false,"excerpt":"Estamos introduzindo as chaves de acesso no Facebook para dispositivos m\u00f3veis, oferecendo outra ferramenta para proteger sua privacidade e seguran\u00e7a. As chaves de acesso s\u00e3o uma nova maneira de verificar sua identidade e fazer login na sua conta com mais facilidade e seguran\u00e7a do que usando as senhas tradicionais. Em\u2026","rel":"","context":"In &quot;Facebook&quot;","block_context":{"text":"Facebook","link":"https:\/\/about.fb.com\/br\/news\/category\/technologies\/facebook\/"},"img":{"alt_text":"","src":"https:\/\/about.fb.com\/br\/wp-content\/uploads\/sites\/11\/2025\/06\/Meta_FB-Chaves-de-Acesso.jpg?fit=1280%2C720&resize=350%2C200","width":350,"height":200,"srcset":"https:\/\/about.fb.com\/br\/wp-content\/uploads\/sites\/11\/2025\/06\/Meta_FB-Chaves-de-Acesso.jpg?fit=1280%2C720&resize=350%2C200 1x, https:\/\/about.fb.com\/br\/wp-content\/uploads\/sites\/11\/2025\/06\/Meta_FB-Chaves-de-Acesso.jpg?fit=1280%2C720&resize=525%2C300 1.5x, https:\/\/about.fb.com\/br\/wp-content\/uploads\/sites\/11\/2025\/06\/Meta_FB-Chaves-de-Acesso.jpg?fit=1280%2C720&resize=700%2C400 2x, https:\/\/about.fb.com\/br\/wp-content\/uploads\/sites\/11\/2025\/06\/Meta_FB-Chaves-de-Acesso.jpg?fit=1280%2C720&resize=1050%2C600 3x"},"classes":[]},{"id":26809,"url":"https:\/\/about.fb.com\/br\/news\/2025\/11\/protecao-de-conteudo-seu-novo-guardiao-da-criatividade-no-facebook\/","url_meta":{"origin":5746,"position":2},"title":"Prote\u00e7\u00e3o de conte\u00fado: Seu novo guardi\u00e3o da criatividade no Facebook","author":"Meta","date":"17\/11\/2025","format":false,"excerpt":"O Facebook est\u00e1 lan\u00e7ando a prote\u00e7\u00e3o de conte\u00fado, uma nova ferramenta para criadores que protege automaticamente seus Reels originais, alerta quando conte\u00fados correspondentes a esses Reels s\u00e3o detectados no Facebook ou Instagram e ajuda voc\u00ea a tomar medidas caso seu trabalho seja usado sem permiss\u00e3o. Seu trabalho original \u00e9 a\u2026","rel":"","context":"In &quot;Facebook&quot;","block_context":{"text":"Facebook","link":"https:\/\/about.fb.com\/br\/news\/category\/technologies\/facebook\/"},"img":{"alt_text":"","src":"https:\/\/about.fb.com\/br\/wp-content\/uploads\/sites\/11\/2025\/07\/Logo-Meta-1.jpg?fit=633%2C356&resize=350%2C200","width":350,"height":200,"srcset":"https:\/\/about.fb.com\/br\/wp-content\/uploads\/sites\/11\/2025\/07\/Logo-Meta-1.jpg?fit=633%2C356&resize=350%2C200 1x, https:\/\/about.fb.com\/br\/wp-content\/uploads\/sites\/11\/2025\/07\/Logo-Meta-1.jpg?fit=633%2C356&resize=525%2C300 1.5x"},"classes":[]},{"id":26710,"url":"https:\/\/about.fb.com\/br\/news\/2025\/10\/encontrar-e-compartilhar-reels-no-facebook-ficou-mais-facil-e-divertido\/","url_meta":{"origin":5746,"position":3},"title":"Encontrar e compartilhar Reels no Facebook ficou mais f\u00e1cil e divertido","author":"Meta","date":"07\/10\/2025","format":false,"excerpt":"A magia do Facebook sempre esteve em conectar pessoas. Por isso, estamos lan\u00e7ando recursos que tornam ainda mais f\u00e1cil se conectar com amigos atrav\u00e9s do conte\u00fado que voc\u00ea gosta. Atualizamos nosso mecanismo de recomenda\u00e7\u00f5es para que voc\u00ea veja mais do que te interessa e estamos lan\u00e7ando v\u00e1rias funcionalidades que d\u00e3o\u2026","rel":"","context":"In &quot;Facebook&quot;","block_context":{"text":"Facebook","link":"https:\/\/about.fb.com\/br\/news\/category\/technologies\/facebook\/"},"img":{"alt_text":"","src":"https:\/\/about.fb.com\/br\/wp-content\/uploads\/sites\/11\/2025\/10\/Facebooks-upgraded-recommendations_Header.gif?fit=1914%2C1074&resize=350%2C200","width":350,"height":200,"srcset":"https:\/\/about.fb.com\/br\/wp-content\/uploads\/sites\/11\/2025\/10\/Facebooks-upgraded-recommendations_Header.gif?fit=1914%2C1074&resize=350%2C200 1x, https:\/\/about.fb.com\/br\/wp-content\/uploads\/sites\/11\/2025\/10\/Facebooks-upgraded-recommendations_Header.gif?fit=1914%2C1074&resize=525%2C300 1.5x, https:\/\/about.fb.com\/br\/wp-content\/uploads\/sites\/11\/2025\/10\/Facebooks-upgraded-recommendations_Header.gif?fit=1914%2C1074&resize=700%2C400 2x, https:\/\/about.fb.com\/br\/wp-content\/uploads\/sites\/11\/2025\/10\/Facebooks-upgraded-recommendations_Header.gif?fit=1914%2C1074&resize=1050%2C600 3x, https:\/\/about.fb.com\/br\/wp-content\/uploads\/sites\/11\/2025\/10\/Facebooks-upgraded-recommendations_Header.gif?fit=1914%2C1074&resize=1400%2C800 4x"},"classes":[]},{"id":27012,"url":"https:\/\/about.fb.com\/br\/news\/2026\/03\/recompensando-criadores-originais-no-facebook\/","url_meta":{"origin":5746,"position":4},"title":"Recompensando Criadores Originais no Facebook","author":"Meta","date":"13\/03\/2026","format":false,"excerpt":"No \u00faltimo ano, tornamos o Feed e o Reels do Facebook mais relevantes ao reduzir conte\u00fados com caracter\u00edsticas de spam e dificultar que copycats e imitadores abafem as vozes aut\u00eanticas de criadores. Hoje, estamos compartilhando nosso progresso e destacando como criadores que publicam conte\u00fado original est\u00e3o sendo recompensados no Facebook.\u2026","rel":"","context":"In &quot;Facebook&quot;","block_context":{"text":"Facebook","link":"https:\/\/about.fb.com\/br\/news\/category\/technologies\/facebook\/"},"img":{"alt_text":"","src":"https:\/\/about.fb.com\/br\/wp-content\/uploads\/sites\/11\/2026\/03\/Originality-on-Facebook_Header.jpg?fit=1920%2C1080&resize=350%2C200","width":350,"height":200,"srcset":"https:\/\/about.fb.com\/br\/wp-content\/uploads\/sites\/11\/2026\/03\/Originality-on-Facebook_Header.jpg?fit=1920%2C1080&resize=350%2C200 1x, https:\/\/about.fb.com\/br\/wp-content\/uploads\/sites\/11\/2026\/03\/Originality-on-Facebook_Header.jpg?fit=1920%2C1080&resize=525%2C300 1.5x, https:\/\/about.fb.com\/br\/wp-content\/uploads\/sites\/11\/2026\/03\/Originality-on-Facebook_Header.jpg?fit=1920%2C1080&resize=700%2C400 2x, https:\/\/about.fb.com\/br\/wp-content\/uploads\/sites\/11\/2026\/03\/Originality-on-Facebook_Header.jpg?fit=1920%2C1080&resize=1050%2C600 3x, https:\/\/about.fb.com\/br\/wp-content\/uploads\/sites\/11\/2026\/03\/Originality-on-Facebook_Header.jpg?fit=1920%2C1080&resize=1400%2C800 4x"},"classes":[]},{"id":26525,"url":"https:\/\/about.fb.com\/br\/news\/2025\/07\/combatendo-conteudo-nao-original-para-proteger-e-elevar-criadores-no-facebook\/","url_meta":{"origin":5746,"position":5},"title":"Combatendo conte\u00fado n\u00e3o original para proteger e elevar Criadores no Facebook","author":"Meta","date":"14\/07\/2025","format":false,"excerpt":"Acreditamos que os criadores devem ser celebrados por suas vozes e perspectivas \u00fanicas, e n\u00e3o ofuscados por imitadores e contas falsas. Recentemente, lan\u00e7amos uma iniciativa de longo prazo para tornar o Feed mais relevante e ajudar criadores aut\u00eanticos a se destacarem, come\u00e7ando pela redu\u00e7\u00e3o do conte\u00fado com spam. Estamos avan\u00e7ando\u2026","rel":"","context":"In &quot;Facebook&quot;","block_context":{"text":"Facebook","link":"https:\/\/about.fb.com\/br\/news\/category\/technologies\/facebook\/"},"img":{"alt_text":"","src":"https:\/\/about.fb.com\/br\/wp-content\/uploads\/sites\/11\/2025\/07\/Logo-Meta-1.jpg?fit=633%2C356&resize=350%2C200","width":350,"height":200,"srcset":"https:\/\/about.fb.com\/br\/wp-content\/uploads\/sites\/11\/2025\/07\/Logo-Meta-1.jpg?fit=633%2C356&resize=350%2C200 1x, https:\/\/about.fb.com\/br\/wp-content\/uploads\/sites\/11\/2025\/07\/Logo-Meta-1.jpg?fit=633%2C356&resize=525%2C300 1.5x"},"classes":[]}],"jetpack_sharing_enabled":true,"amp_enabled":true,"_links":{"self":[{"href":"https:\/\/about.fb.com\/br\/wp-json\/wp\/v2\/posts\/5746","targetHints":{"allow":["GET"]}}],"collection":[{"href":"https:\/\/about.fb.com\/br\/wp-json\/wp\/v2\/posts"}],"about":[{"href":"https:\/\/about.fb.com\/br\/wp-json\/wp\/v2\/types\/post"}],"author":[{"embeddable":true,"href":"https:\/\/about.fb.com\/br\/wp-json\/wp\/v2\/users\/81109636"}],"replies":[{"embeddable":true,"href":"https:\/\/about.fb.com\/br\/wp-json\/wp\/v2\/comments?post=5746"}],"version-history":[{"count":5,"href":"https:\/\/about.fb.com\/br\/wp-json\/wp\/v2\/posts\/5746\/revisions"}],"predecessor-version":[{"id":8199,"href":"https:\/\/about.fb.com\/br\/wp-json\/wp\/v2\/posts\/5746\/revisions\/8199"}],"wp:attachment":[{"href":"https:\/\/about.fb.com\/br\/wp-json\/wp\/v2\/media?parent=5746"}],"wp:term":[{"taxonomy":"category","embeddable":true,"href":"https:\/\/about.fb.com\/br\/wp-json\/wp\/v2\/categories?post=5746"},{"taxonomy":"post_tag","embeddable":true,"href":"https:\/\/about.fb.com\/br\/wp-json\/wp\/v2\/tags?post=5746"}],"curies":[{"name":"wp","href":"https:\/\/api.w.org\/{rel}","templated":true}]}}