{"id":5533,"date":"2016-07-21T13:32:54","date_gmt":"2016-07-21T16:32:54","guid":{"rendered":"http:\/\/br.newsroom.fb.com\/?p=5533"},"modified":"2021-06-17T10:11:05","modified_gmt":"2021-06-17T13:11:05","slug":"primeiro-voo-do-aquila-um-grande-marco-para-conectar-bilhoes-de-pessoas","status":"publish","type":"post","link":"https:\/\/about.fb.com\/br\/news\/2016\/07\/primeiro-voo-do-aquila-um-grande-marco-para-conectar-bilhoes-de-pessoas\/","title":{"rendered":"Primeiro voo do Aquila: Um grande marco para conectar bilh\u00f5es de pessoas"},"content":{"rendered":"<p><img data-recalc-dims=\"1\" loading=\"lazy\" decoding=\"async\" class=\"alignnone size-full wp-image-5538\" src=\"https:\/\/about.fb.com\/br\/wp-content\/uploads\/sites\/3\/2016\/07\/09-1.jpg?resize=960%2C640\" alt=\"09\" width=\"960\" height=\"640\" \/><\/p>\n<p><em>Autor: Jay Parikh<\/em><\/p>\n<p>A internet pode oferecer oportunidades e experi\u00eancias que mudam a vida das pessoas, mas ainda existem 4 bilh\u00f5es de pessoas sem acesso \u00e0 rede, o que representa 60% da popula\u00e7\u00e3o mundial. Desse total, 1.6 bilh\u00e3o das pessoas sem conex\u00e3o moram em lugares remotos, sem acesso \u00e0 rede de banda larga m\u00f3vel, onde implementar tecnologias existentes \u00e9 t\u00e3o desafiador e caro que demoraria anos para garantir internet \u00e0 um custo acess\u00edvel. Como parte do nosso comprometimento com o Internet.org, n\u00f3s formamos o Facebook Connectivity Lab para desenvolver novas tecnologias &#8211; incluindo avi\u00f5es, sat\u00e9lites e sistemas de comunica\u00e7\u00e3o wireless &#8211; para ajudar as pessoas a resolver esses desafios mais rapidamente.<\/p>\n<p>Hoje, o Connectivity Lab anunciou um marco no trabalho: o primeiro teste completo do Aquila, nosso avi\u00e3o n\u00e3o tripulado de alta altitude. O Aquila \u00e9 movido a energia solar e pode levar internet economicamente acess\u00edvel para centenas de milh\u00f5es de pessoas, nos lugares mais dif\u00edceis de alcan\u00e7ar do planeta. Quando completo, o Aquila ser\u00e1 capaz de circular por uma regi\u00e3o de mais de 96 kms de di\u00e2metro, garantindo conectividade em uma altitude de mais de 60 mil p\u00e9s usando comunica\u00e7\u00e3o a laser e sistema de ondas milim\u00e9tricas. O Aquila foi desenhado para ser hiper eficiente, para voar at\u00e9 tr\u00eas meses por vez. A aeronave tem uma envergadura de um avi\u00e3o comercial, mas consome apenas 5 mil watts de energia em velocidade de cruzeiro &#8211; o equivalente a um secador de cabelo ou um microondas.<\/p>\n<p><img data-recalc-dims=\"1\" loading=\"lazy\" decoding=\"async\" class=\"alignnone size-full wp-image-5536\" src=\"https:\/\/about.fb.com\/br\/wp-content\/uploads\/sites\/3\/2016\/07\/05-1.jpg?resize=960%2C640\" alt=\"05\" width=\"960\" height=\"640\" \/><br \/>\nN\u00f3s voamos com uma vers\u00e3o com escala de 1\/5 do Aquila por diversos meses, mas essa foi a primeira vez que voamos com uma vers\u00e3o do tamanho original. Esse voo teste foi programado para verificar o nosso modelo operacional e design da aeronave. Para checar a capacidade completa do design do Aquila, vamos test\u00e1-lo at\u00e9 o limite em uma s\u00e9rie de testes nos pr\u00f3ximos meses e anos. Falhas s\u00e3o esperadas, algumas vezes at\u00e9 planejadas e aprendemos cada vez mais quanto mais o levamos at\u00e9 o limite.<\/p>\n<p>Esse foi o primeiro teste funcional de baixa altitude e tivemos tanto sucesso que acabamos voando o Aquila por mais de 90 minutos &#8211; tr\u00eas vezes mais do que o planejado originalmente. N\u00f3s conseguimos verificar diversos modelos de performance e componentes, incluindo aerodin\u00e2mica, baterias, controles de sistema e treinamento de equipe. Nos nossos pr\u00f3ximos voos, vamos fazer o Aquila voar mais r\u00e1pido, mais longe e mais alto. Eventualmente, ele ir\u00e1 voar a mais de 60 mil p\u00e9s. Cada teste ir\u00e1 nos ajudar a aprender e nos mover mais r\u00e1pido em dire\u00e7\u00e3o ao nosso objetivo.<\/p>\n<p><img data-recalc-dims=\"1\" loading=\"lazy\" decoding=\"async\" class=\"alignnone size-full wp-image-5537\" src=\"https:\/\/about.fb.com\/br\/wp-content\/uploads\/sites\/3\/2016\/07\/06-1.jpg?resize=960%2C640\" alt=\"06\" width=\"960\" height=\"640\" \/><br \/>\nEstamos empolgados com este primeiro voo bem-sucedido, mas ainda temos muito trabalho pela frente. Na verdade, para alcan\u00e7ar nosso objetivo de conseguir sobrevoar uma regi\u00e3o remota e entregar conectividade durante at\u00e9 tr\u00eas meses de cada vez, n\u00f3s precisaremos quebrar o recorde mundial de voo n\u00e3o tripulado movido por energia solar, que atualmente tem autonomia de duas semanas. Isso ir\u00e1 exigir significativos avan\u00e7os em ci\u00eancia e engenharia para ser alcan\u00e7ado. E tamb\u00e9m ir\u00e1 exigir que n\u00f3s trabalhemos em conjunto com operadoras, governos e outros parceiros para implantar estas aeronaves nas regi\u00f5es onde ser\u00e3o mais efetivas.<\/p>\n<p>Mas acreditamos que este trabalho nunca foi t\u00e3o importante. Novas tecnologias como o Aquila t\u00eam o potencial de trazer acesso, voz e oportunidade para bilh\u00f5es de pessoas ao redor do mundo, e faz\u00ea-lo mais r\u00e1pido e mais rent\u00e1vel do que jamais foi poss\u00edvel antes.<\/p>\n","protected":false},"excerpt":{"rendered":"Autor: Jay Parikh A internet pode oferecer oportunidades e experi\u00eancias que mudam a vida das pessoas, mas ainda existem 4 bilh\u00f5es de pessoas sem acesso \u00e0 rede, o que representa 60% da popula\u00e7\u00e3o mundial. Desse total, 1.6 bilh\u00e3o das pessoas sem conex\u00e3o moram em lugares remotos, sem acesso \u00e0 rede de banda larga m\u00f3vel, onde implementar tecnologias existentes \u00e9 t\u00e3o desafiador e caro que demoraria anos para garantir internet \u00e0 um custo acess\u00edvel. Como parte do nosso comprometimento com o Internet.org, n\u00f3s formamos o Facebook Connectivity Lab para desenvolver novas tecnologias &#8211; incluindo avi\u00f5es, sat\u00e9lites e sistemas de comunica\u00e7\u00e3o wireless &#8211; para ajudar as pessoas a resolver esses desafios mais rapidamente. Hoje, o Connectivity Lab anunciou um marco no trabalho: o primeiro teste completo do Aquila, nosso avi\u00e3o n\u00e3o tripulado de alta altitude. O Aquila \u00e9 movido a energia solar e pode levar internet economicamente acess\u00edvel para centenas de milh\u00f5es de pessoas, nos lugares mais dif\u00edceis de alcan\u00e7ar do planeta. Quando completo, o Aquila ser\u00e1 capaz de circular por uma regi\u00e3o de mais de 96 kms de di\u00e2metro, garantindo conectividade em uma altitude de mais de 60 mil p\u00e9s usando comunica\u00e7\u00e3o a laser e sistema de ondas milim\u00e9tricas. O Aquila foi desenhado para ser hiper eficiente, para voar at\u00e9 tr\u00eas meses por vez. A aeronave tem uma envergadura de um avi\u00e3o comercial, mas consome apenas 5 mil watts de energia em velocidade de cruzeiro &#8211; o equivalente a um secador de cabelo ou um microondas. N\u00f3s voamos com uma vers\u00e3o com escala de 1\/5 do Aquila por diversos meses, mas essa foi a primeira vez que voamos com uma vers\u00e3o do tamanho original. Esse voo teste foi programado para verificar o nosso modelo operacional e design da aeronave. Para checar a capacidade completa do design do Aquila, vamos test\u00e1-lo at\u00e9 o limite em uma s\u00e9rie de testes nos pr\u00f3ximos meses e anos. Falhas s\u00e3o esperadas, algumas vezes at\u00e9 planejadas e aprendemos cada vez mais quanto mais o levamos at\u00e9 o limite. Esse foi o primeiro teste funcional de baixa altitude e tivemos tanto sucesso que acabamos voando o Aquila por mais de 90 minutos &#8211; tr\u00eas vezes mais do que o planejado originalmente. N\u00f3s conseguimos verificar diversos modelos de performance e componentes, incluindo aerodin\u00e2mica, baterias, controles de sistema e treinamento de equipe. Nos nossos pr\u00f3ximos voos, vamos fazer o Aquila voar mais r\u00e1pido, mais longe e mais alto. Eventualmente, ele ir\u00e1 voar a mais de 60 mil p\u00e9s. Cada teste ir\u00e1 nos ajudar a aprender e nos mover mais r\u00e1pido em dire\u00e7\u00e3o ao nosso objetivo. Estamos empolgados com este primeiro voo bem-sucedido, mas ainda temos muito trabalho pela frente. Na verdade, para alcan\u00e7ar nosso objetivo de conseguir sobrevoar uma regi\u00e3o remota e entregar conectividade durante at\u00e9 tr\u00eas meses de cada vez, n\u00f3s precisaremos quebrar o recorde mundial de voo n\u00e3o tripulado movido por energia solar, que atualmente tem autonomia de duas semanas. Isso ir\u00e1 exigir significativos avan\u00e7os em ci\u00eancia e engenharia para ser alcan\u00e7ado. E tamb\u00e9m ir\u00e1 exigir que n\u00f3s trabalhemos em conjunto com operadoras, governos e outros parceiros para implantar estas aeronaves nas regi\u00f5es onde ser\u00e3o mais efetivas. Mas acreditamos que este trabalho nunca foi t\u00e3o importante. Novas tecnologias como o Aquila t\u00eam o potencial de trazer acesso, voz e oportunidade para bilh\u00f5es de pessoas ao redor do mundo, e faz\u00ea-lo mais r\u00e1pido e mais rent\u00e1vel do que jamais foi poss\u00edvel antes.","protected":false},"author":81109636,"featured_media":0,"comment_status":"closed","ping_status":"closed","sticky":false,"template":"","format":"standard","meta":{"_jetpack_memberships_contains_paid_content":false,"footnotes":""},"categories":[1],"tags":[],"class_list":["post-5533","post","type-post","status-publish","format-standard","hentry","category-recent-news"],"yoast_head":"<!-- This site is optimized with the Yoast SEO plugin v27.2 - https:\/\/yoast.com\/product\/yoast-seo-wordpress\/ -->\n<title>Primeiro voo do Aquila: Um grande marco para conectar bilh\u00f5es de pessoas | Sobre a Meta<\/title>\n<meta name=\"robots\" content=\"index, follow, max-snippet:-1, max-image-preview:large, max-video-preview:-1\" \/>\n<link rel=\"canonical\" href=\"https:\/\/about.fb.com\/br\/news\/2016\/07\/primeiro-voo-do-aquila-um-grande-marco-para-conectar-bilhoes-de-pessoas\/\" \/>\n<meta property=\"og:locale\" content=\"pt_BR\" \/>\n<meta property=\"og:type\" content=\"article\" \/>\n<meta property=\"og:title\" content=\"Primeiro voo do Aquila: Um grande marco para conectar bilh\u00f5es de pessoas | Sobre a Meta\" \/>\n<meta property=\"og:description\" content=\"Autor: Jay Parikh A internet pode oferecer oportunidades e experi\u00eancias que mudam a vida das pessoas, mas ainda existem 4 bilh\u00f5es de pessoas sem acesso \u00e0 rede, o que representa 60% da popula\u00e7\u00e3o mundial. Desse total, 1.6 bilh\u00e3o das pessoas sem conex\u00e3o moram em lugares remotos, sem acesso \u00e0 rede de banda larga m\u00f3vel, onde implementar tecnologias existentes \u00e9 t\u00e3o desafiador e caro que demoraria anos para garantir internet \u00e0 um custo acess\u00edvel. Como parte do nosso comprometimento com o Internet.org, n\u00f3s formamos o Facebook Connectivity Lab para desenvolver novas tecnologias &#8211; incluindo avi\u00f5es, sat\u00e9lites e sistemas de comunica\u00e7\u00e3o wireless &#8211; para ajudar as pessoas a resolver esses desafios mais rapidamente. Hoje, o Connectivity Lab anunciou um marco no trabalho: o primeiro teste completo do Aquila, nosso avi\u00e3o n\u00e3o tripulado de alta altitude. O Aquila \u00e9 movido a energia solar e pode levar internet economicamente acess\u00edvel para centenas de milh\u00f5es de pessoas, nos lugares mais dif\u00edceis de alcan\u00e7ar do planeta. Quando completo, o Aquila ser\u00e1 capaz de circular por uma regi\u00e3o de mais de 96 kms de di\u00e2metro, garantindo conectividade em uma altitude de mais de 60 mil p\u00e9s usando comunica\u00e7\u00e3o a laser e sistema de ondas milim\u00e9tricas. O Aquila foi desenhado para ser hiper eficiente, para voar at\u00e9 tr\u00eas meses por vez. A aeronave tem uma envergadura de um avi\u00e3o comercial, mas consome apenas 5 mil watts de energia em velocidade de cruzeiro &#8211; o equivalente a um secador de cabelo ou um microondas. N\u00f3s voamos com uma vers\u00e3o com escala de 1\/5 do Aquila por diversos meses, mas essa foi a primeira vez que voamos com uma vers\u00e3o do tamanho original. Esse voo teste foi programado para verificar o nosso modelo operacional e design da aeronave. Para checar a capacidade completa do design do Aquila, vamos test\u00e1-lo at\u00e9 o limite em uma s\u00e9rie de testes nos pr\u00f3ximos meses e anos. Falhas s\u00e3o esperadas, algumas vezes at\u00e9 planejadas e aprendemos cada vez mais quanto mais o levamos at\u00e9 o limite. Esse foi o primeiro teste funcional de baixa altitude e tivemos tanto sucesso que acabamos voando o Aquila por mais de 90 minutos &#8211; tr\u00eas vezes mais do que o planejado originalmente. N\u00f3s conseguimos verificar diversos modelos de performance e componentes, incluindo aerodin\u00e2mica, baterias, controles de sistema e treinamento de equipe. Nos nossos pr\u00f3ximos voos, vamos fazer o Aquila voar mais r\u00e1pido, mais longe e mais alto. Eventualmente, ele ir\u00e1 voar a mais de 60 mil p\u00e9s. Cada teste ir\u00e1 nos ajudar a aprender e nos mover mais r\u00e1pido em dire\u00e7\u00e3o ao nosso objetivo. Estamos empolgados com este primeiro voo bem-sucedido, mas ainda temos muito trabalho pela frente. Na verdade, para alcan\u00e7ar nosso objetivo de conseguir sobrevoar uma regi\u00e3o remota e entregar conectividade durante at\u00e9 tr\u00eas meses de cada vez, n\u00f3s precisaremos quebrar o recorde mundial de voo n\u00e3o tripulado movido por energia solar, que atualmente tem autonomia de duas semanas. Isso ir\u00e1 exigir significativos avan\u00e7os em ci\u00eancia e engenharia para ser alcan\u00e7ado. E tamb\u00e9m ir\u00e1 exigir que n\u00f3s trabalhemos em conjunto com operadoras, governos e outros parceiros para implantar estas aeronaves nas regi\u00f5es onde ser\u00e3o mais efetivas. Mas acreditamos que este trabalho nunca foi t\u00e3o importante. Novas tecnologias como o Aquila t\u00eam o potencial de trazer acesso, voz e oportunidade para bilh\u00f5es de pessoas ao redor do mundo, e faz\u00ea-lo mais r\u00e1pido e mais rent\u00e1vel do que jamais foi poss\u00edvel antes.\" \/>\n<meta property=\"og:url\" content=\"https:\/\/about.fb.com\/br\/news\/2016\/07\/primeiro-voo-do-aquila-um-grande-marco-para-conectar-bilhoes-de-pessoas\/\" \/>\n<meta property=\"og:site_name\" content=\"Sobre a Meta\" \/>\n<meta property=\"article:published_time\" content=\"2016-07-21T16:32:54+00:00\" \/>\n<meta property=\"article:modified_time\" content=\"2021-06-17T13:11:05+00:00\" \/>\n<meta property=\"og:image\" content=\"https:\/\/about.fb.com\/br\/wp-content\/uploads\/sites\/3\/2016\/07\/09-1.jpg\" \/>\n<meta name=\"author\" content=\"facebookbr\" \/>\n<meta name=\"twitter:card\" content=\"summary_large_image\" \/>\n<meta name=\"twitter:label1\" content=\"Written by\" \/>\n\t<meta name=\"twitter:data1\" content=\"Meta\" \/>\n\t<meta name=\"twitter:label2\" content=\"Est. reading time\" \/>\n\t<meta name=\"twitter:data2\" content=\"3 minutos\" \/>\n<script type=\"application\/ld+json\" class=\"yoast-schema-graph\">{\"@context\":\"https:\/\/schema.org\",\"@graph\":[{\"@type\":\"Article\",\"@id\":\"https:\/\/about.fb.com\/br\/news\/2016\/07\/primeiro-voo-do-aquila-um-grande-marco-para-conectar-bilhoes-de-pessoas\/#article\",\"isPartOf\":{\"@id\":\"https:\/\/about.fb.com\/br\/news\/2016\/07\/primeiro-voo-do-aquila-um-grande-marco-para-conectar-bilhoes-de-pessoas\/\"},\"author\":\"Facebook company\",\"headline\":\"Primeiro voo do Aquila: Um grande marco para conectar bilh\u00f5es de pessoas\",\"datePublished\":\"2016-07-21T16:32:54+00:00\",\"dateModified\":\"2021-06-17T13:11:05+00:00\",\"mainEntityOfPage\":{\"@id\":\"https:\/\/about.fb.com\/br\/news\/2016\/07\/primeiro-voo-do-aquila-um-grande-marco-para-conectar-bilhoes-de-pessoas\/\"},\"wordCount\":622,\"publisher\":{\"@id\":\"https:\/\/about.fb.com\/br\/#organization\"},\"image\":{\"@id\":\"https:\/\/about.fb.com\/br\/news\/2016\/07\/primeiro-voo-do-aquila-um-grande-marco-para-conectar-bilhoes-de-pessoas\/#primaryimage\"},\"thumbnailUrl\":\"https:\/\/about.fb.com\/br\/wp-content\/uploads\/sites\/3\/2016\/07\/09-1.jpg\",\"articleSection\":[\"Recent News\"],\"inLanguage\":\"pt-BR\"},{\"@type\":\"WebPage\",\"@id\":\"https:\/\/about.fb.com\/br\/news\/2016\/07\/primeiro-voo-do-aquila-um-grande-marco-para-conectar-bilhoes-de-pessoas\/\",\"url\":\"https:\/\/about.fb.com\/br\/news\/2016\/07\/primeiro-voo-do-aquila-um-grande-marco-para-conectar-bilhoes-de-pessoas\/\",\"name\":\"Primeiro voo do Aquila: Um grande marco para conectar bilh\u00f5es de pessoas | Sobre a Meta\",\"isPartOf\":{\"@id\":\"https:\/\/about.fb.com\/br\/#website\"},\"primaryImageOfPage\":{\"@id\":\"https:\/\/about.fb.com\/br\/news\/2016\/07\/primeiro-voo-do-aquila-um-grande-marco-para-conectar-bilhoes-de-pessoas\/#primaryimage\"},\"image\":{\"@id\":\"https:\/\/about.fb.com\/br\/news\/2016\/07\/primeiro-voo-do-aquila-um-grande-marco-para-conectar-bilhoes-de-pessoas\/#primaryimage\"},\"thumbnailUrl\":\"https:\/\/about.fb.com\/br\/wp-content\/uploads\/sites\/3\/2016\/07\/09-1.jpg\",\"datePublished\":\"2016-07-21T16:32:54+00:00\",\"dateModified\":\"2021-06-17T13:11:05+00:00\",\"breadcrumb\":{\"@id\":\"https:\/\/about.fb.com\/br\/news\/2016\/07\/primeiro-voo-do-aquila-um-grande-marco-para-conectar-bilhoes-de-pessoas\/#breadcrumb\"},\"inLanguage\":\"pt-BR\",\"potentialAction\":[{\"@type\":\"ReadAction\",\"target\":[\"https:\/\/about.fb.com\/br\/news\/2016\/07\/primeiro-voo-do-aquila-um-grande-marco-para-conectar-bilhoes-de-pessoas\/\"]}],\"author\":\"Sobre a Meta\"},{\"@type\":\"ImageObject\",\"inLanguage\":\"pt-BR\",\"@id\":\"https:\/\/about.fb.com\/br\/news\/2016\/07\/primeiro-voo-do-aquila-um-grande-marco-para-conectar-bilhoes-de-pessoas\/#primaryimage\",\"url\":\"https:\/\/about.fb.com\/br\/wp-content\/uploads\/sites\/3\/2016\/07\/09-1.jpg\",\"contentUrl\":\"https:\/\/about.fb.com\/br\/wp-content\/uploads\/sites\/3\/2016\/07\/09-1.jpg\"},{\"@type\":\"BreadcrumbList\",\"@id\":\"https:\/\/about.fb.com\/br\/news\/2016\/07\/primeiro-voo-do-aquila-um-grande-marco-para-conectar-bilhoes-de-pessoas\/#breadcrumb\",\"itemListElement\":[{\"@type\":\"ListItem\",\"position\":1,\"name\":\"Home\",\"item\":\"https:\/\/about.fb.com\/br\/\"},{\"@type\":\"ListItem\",\"position\":2,\"name\":\"Primeiro voo do Aquila: Um grande marco para conectar bilh\u00f5es de pessoas\"}]},{\"@type\":\"WebSite\",\"@id\":\"https:\/\/about.fb.com\/br\/#website\",\"url\":\"https:\/\/about.fb.com\/news\/\",\"name\":\"Sobre a Meta\",\"description\":\"\",\"publisher\":{\"@id\":\"https:\/\/about.fb.com\/br\/#organization\"},\"potentialAction\":[{\"@type\":\"SearchAction\",\"target\":{\"@type\":\"EntryPoint\",\"urlTemplate\":\"https:\/\/about.fb.com\/br\/?s={search_term_string}\"},\"query-input\":{\"@type\":\"PropertyValueSpecification\",\"valueRequired\":true,\"valueName\":\"search_term_string\"}}],\"inLanguage\":\"pt-BR\",\"alternateName\":[\"Meta Newsroom\",\"Meta\"]},{\"@type\":\"Organization\",\"@id\":\"https:\/\/about.fb.com\/br\/#organization\",\"name\":\"Meta\",\"url\":\"https:\/\/about.fb.com\/br\/\",\"logo\":{\"@type\":\"ImageObject\",\"inLanguage\":\"pt-BR\",\"@id\":\"https:\/\/about.fb.com\/br\/#\/schema\/logo\/image\/\",\"url\":\"https:\/\/about.fb.com\/br\/wp-content\/uploads\/sites\/11\/2021\/10\/meta-social-16x9-1.jpg?fit=8000%2C4500\",\"contentUrl\":\"https:\/\/about.fb.com\/br\/wp-content\/uploads\/sites\/11\/2021\/10\/meta-social-16x9-1.jpg?fit=8000%2C4500\",\"width\":8000,\"height\":4500,\"caption\":\"Meta\"},\"image\":{\"@id\":\"https:\/\/about.fb.com\/br\/#\/schema\/logo\/image\/\"}}]}<\/script>\n<!-- \/ Yoast SEO plugin. -->","yoast_head_json":{"title":"Primeiro voo do Aquila: Um grande marco para conectar bilh\u00f5es de pessoas | Sobre a Meta","robots":{"index":"index","follow":"follow","max-snippet":"max-snippet:-1","max-image-preview":"max-image-preview:large","max-video-preview":"max-video-preview:-1"},"canonical":"https:\/\/about.fb.com\/br\/news\/2016\/07\/primeiro-voo-do-aquila-um-grande-marco-para-conectar-bilhoes-de-pessoas\/","og_locale":"pt_BR","og_type":"article","og_title":"Primeiro voo do Aquila: Um grande marco para conectar bilh\u00f5es de pessoas | Sobre a Meta","og_description":"Autor: Jay Parikh A internet pode oferecer oportunidades e experi\u00eancias que mudam a vida das pessoas, mas ainda existem 4 bilh\u00f5es de pessoas sem acesso \u00e0 rede, o que representa 60% da popula\u00e7\u00e3o mundial. Desse total, 1.6 bilh\u00e3o das pessoas sem conex\u00e3o moram em lugares remotos, sem acesso \u00e0 rede de banda larga m\u00f3vel, onde implementar tecnologias existentes \u00e9 t\u00e3o desafiador e caro que demoraria anos para garantir internet \u00e0 um custo acess\u00edvel. Como parte do nosso comprometimento com o Internet.org, n\u00f3s formamos o Facebook Connectivity Lab para desenvolver novas tecnologias &#8211; incluindo avi\u00f5es, sat\u00e9lites e sistemas de comunica\u00e7\u00e3o wireless &#8211; para ajudar as pessoas a resolver esses desafios mais rapidamente. Hoje, o Connectivity Lab anunciou um marco no trabalho: o primeiro teste completo do Aquila, nosso avi\u00e3o n\u00e3o tripulado de alta altitude. O Aquila \u00e9 movido a energia solar e pode levar internet economicamente acess\u00edvel para centenas de milh\u00f5es de pessoas, nos lugares mais dif\u00edceis de alcan\u00e7ar do planeta. Quando completo, o Aquila ser\u00e1 capaz de circular por uma regi\u00e3o de mais de 96 kms de di\u00e2metro, garantindo conectividade em uma altitude de mais de 60 mil p\u00e9s usando comunica\u00e7\u00e3o a laser e sistema de ondas milim\u00e9tricas. O Aquila foi desenhado para ser hiper eficiente, para voar at\u00e9 tr\u00eas meses por vez. A aeronave tem uma envergadura de um avi\u00e3o comercial, mas consome apenas 5 mil watts de energia em velocidade de cruzeiro &#8211; o equivalente a um secador de cabelo ou um microondas. N\u00f3s voamos com uma vers\u00e3o com escala de 1\/5 do Aquila por diversos meses, mas essa foi a primeira vez que voamos com uma vers\u00e3o do tamanho original. Esse voo teste foi programado para verificar o nosso modelo operacional e design da aeronave. Para checar a capacidade completa do design do Aquila, vamos test\u00e1-lo at\u00e9 o limite em uma s\u00e9rie de testes nos pr\u00f3ximos meses e anos. Falhas s\u00e3o esperadas, algumas vezes at\u00e9 planejadas e aprendemos cada vez mais quanto mais o levamos at\u00e9 o limite. Esse foi o primeiro teste funcional de baixa altitude e tivemos tanto sucesso que acabamos voando o Aquila por mais de 90 minutos &#8211; tr\u00eas vezes mais do que o planejado originalmente. N\u00f3s conseguimos verificar diversos modelos de performance e componentes, incluindo aerodin\u00e2mica, baterias, controles de sistema e treinamento de equipe. Nos nossos pr\u00f3ximos voos, vamos fazer o Aquila voar mais r\u00e1pido, mais longe e mais alto. Eventualmente, ele ir\u00e1 voar a mais de 60 mil p\u00e9s. Cada teste ir\u00e1 nos ajudar a aprender e nos mover mais r\u00e1pido em dire\u00e7\u00e3o ao nosso objetivo. Estamos empolgados com este primeiro voo bem-sucedido, mas ainda temos muito trabalho pela frente. Na verdade, para alcan\u00e7ar nosso objetivo de conseguir sobrevoar uma regi\u00e3o remota e entregar conectividade durante at\u00e9 tr\u00eas meses de cada vez, n\u00f3s precisaremos quebrar o recorde mundial de voo n\u00e3o tripulado movido por energia solar, que atualmente tem autonomia de duas semanas. Isso ir\u00e1 exigir significativos avan\u00e7os em ci\u00eancia e engenharia para ser alcan\u00e7ado. E tamb\u00e9m ir\u00e1 exigir que n\u00f3s trabalhemos em conjunto com operadoras, governos e outros parceiros para implantar estas aeronaves nas regi\u00f5es onde ser\u00e3o mais efetivas. Mas acreditamos que este trabalho nunca foi t\u00e3o importante. Novas tecnologias como o Aquila t\u00eam o potencial de trazer acesso, voz e oportunidade para bilh\u00f5es de pessoas ao redor do mundo, e faz\u00ea-lo mais r\u00e1pido e mais rent\u00e1vel do que jamais foi poss\u00edvel antes.","og_url":"https:\/\/about.fb.com\/br\/news\/2016\/07\/primeiro-voo-do-aquila-um-grande-marco-para-conectar-bilhoes-de-pessoas\/","og_site_name":"Sobre a Meta","article_published_time":"2016-07-21T16:32:54+00:00","article_modified_time":"2021-06-17T13:11:05+00:00","og_image":[{"url":"https:\/\/about.fb.com\/br\/wp-content\/uploads\/sites\/3\/2016\/07\/09-1.jpg","type":"","width":"","height":""}],"author":"facebookbr","twitter_card":"summary_large_image","twitter_misc":{"Written by":"Meta","Est. reading time":"3 minutos"},"schema":{"@context":"https:\/\/schema.org","@graph":[{"@type":"Article","@id":"https:\/\/about.fb.com\/br\/news\/2016\/07\/primeiro-voo-do-aquila-um-grande-marco-para-conectar-bilhoes-de-pessoas\/#article","isPartOf":{"@id":"https:\/\/about.fb.com\/br\/news\/2016\/07\/primeiro-voo-do-aquila-um-grande-marco-para-conectar-bilhoes-de-pessoas\/"},"author":"Facebook company","headline":"Primeiro voo do Aquila: Um grande marco para conectar bilh\u00f5es de pessoas","datePublished":"2016-07-21T16:32:54+00:00","dateModified":"2021-06-17T13:11:05+00:00","mainEntityOfPage":{"@id":"https:\/\/about.fb.com\/br\/news\/2016\/07\/primeiro-voo-do-aquila-um-grande-marco-para-conectar-bilhoes-de-pessoas\/"},"wordCount":622,"publisher":{"@id":"https:\/\/about.fb.com\/br\/#organization"},"image":{"@id":"https:\/\/about.fb.com\/br\/news\/2016\/07\/primeiro-voo-do-aquila-um-grande-marco-para-conectar-bilhoes-de-pessoas\/#primaryimage"},"thumbnailUrl":"https:\/\/about.fb.com\/br\/wp-content\/uploads\/sites\/3\/2016\/07\/09-1.jpg","articleSection":["Recent News"],"inLanguage":"pt-BR"},{"@type":"WebPage","@id":"https:\/\/about.fb.com\/br\/news\/2016\/07\/primeiro-voo-do-aquila-um-grande-marco-para-conectar-bilhoes-de-pessoas\/","url":"https:\/\/about.fb.com\/br\/news\/2016\/07\/primeiro-voo-do-aquila-um-grande-marco-para-conectar-bilhoes-de-pessoas\/","name":"Primeiro voo do Aquila: Um grande marco para conectar bilh\u00f5es de pessoas | Sobre a Meta","isPartOf":{"@id":"https:\/\/about.fb.com\/br\/#website"},"primaryImageOfPage":{"@id":"https:\/\/about.fb.com\/br\/news\/2016\/07\/primeiro-voo-do-aquila-um-grande-marco-para-conectar-bilhoes-de-pessoas\/#primaryimage"},"image":{"@id":"https:\/\/about.fb.com\/br\/news\/2016\/07\/primeiro-voo-do-aquila-um-grande-marco-para-conectar-bilhoes-de-pessoas\/#primaryimage"},"thumbnailUrl":"https:\/\/about.fb.com\/br\/wp-content\/uploads\/sites\/3\/2016\/07\/09-1.jpg","datePublished":"2016-07-21T16:32:54+00:00","dateModified":"2021-06-17T13:11:05+00:00","breadcrumb":{"@id":"https:\/\/about.fb.com\/br\/news\/2016\/07\/primeiro-voo-do-aquila-um-grande-marco-para-conectar-bilhoes-de-pessoas\/#breadcrumb"},"inLanguage":"pt-BR","potentialAction":[{"@type":"ReadAction","target":["https:\/\/about.fb.com\/br\/news\/2016\/07\/primeiro-voo-do-aquila-um-grande-marco-para-conectar-bilhoes-de-pessoas\/"]}],"author":"Sobre a Meta"},{"@type":"ImageObject","inLanguage":"pt-BR","@id":"https:\/\/about.fb.com\/br\/news\/2016\/07\/primeiro-voo-do-aquila-um-grande-marco-para-conectar-bilhoes-de-pessoas\/#primaryimage","url":"https:\/\/about.fb.com\/br\/wp-content\/uploads\/sites\/3\/2016\/07\/09-1.jpg","contentUrl":"https:\/\/about.fb.com\/br\/wp-content\/uploads\/sites\/3\/2016\/07\/09-1.jpg"},{"@type":"BreadcrumbList","@id":"https:\/\/about.fb.com\/br\/news\/2016\/07\/primeiro-voo-do-aquila-um-grande-marco-para-conectar-bilhoes-de-pessoas\/#breadcrumb","itemListElement":[{"@type":"ListItem","position":1,"name":"Home","item":"https:\/\/about.fb.com\/br\/"},{"@type":"ListItem","position":2,"name":"Primeiro voo do Aquila: Um grande marco para conectar bilh\u00f5es de pessoas"}]},{"@type":"WebSite","@id":"https:\/\/about.fb.com\/br\/#website","url":"https:\/\/about.fb.com\/news\/","name":"Sobre a Meta","description":"","publisher":{"@id":"https:\/\/about.fb.com\/br\/#organization"},"potentialAction":[{"@type":"SearchAction","target":{"@type":"EntryPoint","urlTemplate":"https:\/\/about.fb.com\/br\/?s={search_term_string}"},"query-input":{"@type":"PropertyValueSpecification","valueRequired":true,"valueName":"search_term_string"}}],"inLanguage":"pt-BR","alternateName":["Meta Newsroom","Meta"]},{"@type":"Organization","@id":"https:\/\/about.fb.com\/br\/#organization","name":"Meta","url":"https:\/\/about.fb.com\/br\/","logo":{"@type":"ImageObject","inLanguage":"pt-BR","@id":"https:\/\/about.fb.com\/br\/#\/schema\/logo\/image\/","url":"https:\/\/about.fb.com\/br\/wp-content\/uploads\/sites\/11\/2021\/10\/meta-social-16x9-1.jpg?fit=8000%2C4500","contentUrl":"https:\/\/about.fb.com\/br\/wp-content\/uploads\/sites\/11\/2021\/10\/meta-social-16x9-1.jpg?fit=8000%2C4500","width":8000,"height":4500,"caption":"Meta"},"image":{"@id":"https:\/\/about.fb.com\/br\/#\/schema\/logo\/image\/"}}]}},"jetpack_featured_media_url":"","jetpack-related-posts":[{"id":26363,"url":"https:\/\/about.fb.com\/br\/news\/2025\/04\/nova-escola-esta-entre-os-vencedores-do-llama-impact-grants-usando-ia-para-impulsionar-educacao-publica-no-brasil\/","url_meta":{"origin":5533,"position":0},"title":"Nova Escola est\u00e1 entre os vencedores do Llama Impact Grants, usando IA para impulsionar educa\u00e7\u00e3o p\u00fablica no Brasil","author":"Meta","date":"29\/04\/2025","format":false,"excerpt":"Estamos animados em anunciar os 10 vencedores internacionais da segunda edi\u00e7\u00e3o do Llama Impact Grants. As bolsas somam mais de US$ 1,5 milh\u00e3o em premia\u00e7\u00f5es e t\u00eam como objetivo impulsionar a inova\u00e7\u00e3o em empresas, startups e universidades que utilizam o Llama para gerar valor econ\u00f4mico e social. Representando o Brasil\u2026","rel":"","context":"In &quot;Recent News&quot;","block_context":{"text":"Recent News","link":"https:\/\/about.fb.com\/br\/news\/category\/recent-news\/"},"img":{"alt_text":"","src":"https:\/\/about.fb.com\/br\/wp-content\/uploads\/sites\/11\/2025\/04\/Llama-Grant-Winners_Header.png?fit=1920%2C1080&resize=350%2C200","width":350,"height":200,"srcset":"https:\/\/about.fb.com\/br\/wp-content\/uploads\/sites\/11\/2025\/04\/Llama-Grant-Winners_Header.png?fit=1920%2C1080&resize=350%2C200 1x, https:\/\/about.fb.com\/br\/wp-content\/uploads\/sites\/11\/2025\/04\/Llama-Grant-Winners_Header.png?fit=1920%2C1080&resize=525%2C300 1.5x, https:\/\/about.fb.com\/br\/wp-content\/uploads\/sites\/11\/2025\/04\/Llama-Grant-Winners_Header.png?fit=1920%2C1080&resize=700%2C400 2x, https:\/\/about.fb.com\/br\/wp-content\/uploads\/sites\/11\/2025\/04\/Llama-Grant-Winners_Header.png?fit=1920%2C1080&resize=1050%2C600 3x, https:\/\/about.fb.com\/br\/wp-content\/uploads\/sites\/11\/2025\/04\/Llama-Grant-Winners_Header.png?fit=1920%2C1080&resize=1400%2C800 4x"},"classes":[]},{"id":26390,"url":"https:\/\/about.fb.com\/br\/news\/2025\/05\/meta-apresenta-novas-solucoes-para-criadores-e-marcas\/","url_meta":{"origin":5533,"position":1},"title":"Meta apresenta novas solu\u00e7\u00f5es para criadores e marcas","author":"Meta","date":"08\/05\/2025","format":false,"excerpt":"Com bilh\u00f5es de intera\u00e7\u00f5es di\u00e1rias, a Meta \u00e9 o lugar onde as pessoas descobrem, se conectam e compram. Nossos diversos formatos e posicionamentos de an\u00fancios ajudam as mensagens a serem vistas e ouvidas. Somente os Reels geram 4,5 bilh\u00f5es de compartilhamentos por dia. Hoje, anunciamos novas solu\u00e7\u00f5es de marketing com\u2026","rel":"","context":"In &quot;Meta&quot;","block_context":{"text":"Meta","link":"https:\/\/about.fb.com\/br\/news\/category\/temas-home\/meta\/"},"img":{"alt_text":"","src":"https:\/\/about.fb.com\/br\/wp-content\/uploads\/sites\/11\/2025\/05\/495518465_1208029907787418_2711818781208175959_n.gif?resize=350%2C200","width":350,"height":200},"classes":[]},{"id":26613,"url":"https:\/\/about.fb.com\/br\/news\/2025\/09\/da-cultura-a-conversao-com-as-ferramentas-de-construcao-de-marca-da-meta\/","url_meta":{"origin":5533,"position":2},"title":"Da Cultura \u00e0 Convers\u00e3o com as Ferramentas de Constru\u00e7\u00e3o de Marca da Meta","author":"Meta","date":"11\/09\/2025","format":false,"excerpt":"Hoje, no Meta Brand Building Summit, estamos anunciando novas atualiza\u00e7\u00f5es de produtos que ajudam as marcas a se conectar com a cultura que acontece em nossos aplicativos, facilitando como nunca antes a participa\u00e7\u00e3o nas conversas que mais ressoam com seu p\u00fablico. A cultura n\u00e3o \u00e9 algo que possa ser programado\u2026","rel":"","context":"In &quot;Meta&quot;","block_context":{"text":"Meta","link":"https:\/\/about.fb.com\/br\/news\/category\/temas-home\/meta\/"},"img":{"alt_text":"","src":"https:\/\/about.fb.com\/br\/wp-content\/uploads\/sites\/11\/2025\/07\/Logo-Meta-1.jpg?fit=633%2C356&resize=350%2C200","width":350,"height":200,"srcset":"https:\/\/about.fb.com\/br\/wp-content\/uploads\/sites\/11\/2025\/07\/Logo-Meta-1.jpg?fit=633%2C356&resize=350%2C200 1x, https:\/\/about.fb.com\/br\/wp-content\/uploads\/sites\/11\/2025\/07\/Logo-Meta-1.jpg?fit=633%2C356&resize=525%2C300 1.5x"},"classes":[]},{"id":27001,"url":"https:\/\/about.fb.com\/br\/news\/2026\/03\/combatendo-golpistas-e-protegendo-pessoas-com-novas-tecnologias-e-parcerias\/","url_meta":{"origin":5533,"position":3},"title":"Combatendo golpistas e protegendo pessoas com novas tecnologias e parcerias","author":"Meta","date":"11\/03\/2026","format":false,"excerpt":"Os golpistas est\u00e3o constantemente evoluindo suas t\u00e1ticas \u2014 e n\u00f3s tamb\u00e9m. Todos os dias, criminosos usam m\u00e9todos cada vez mais sofisticados para enganar pessoas em nossas plataformas e pela Internet. Por isso, estamos anunciando novos investimentos em IA avan\u00e7ada, ferramentas para ajudar as pessoas a identificarem e evitarem golpistas, al\u00e9m\u2026","rel":"","context":"In &quot;Combatendo Desinforma\u00e7\u00e3o&quot;","block_context":{"text":"Combatendo Desinforma\u00e7\u00e3o","link":"https:\/\/about.fb.com\/br\/news\/category\/temas-home\/combatendo-desinformacao\/"},"img":{"alt_text":"","src":"https:\/\/about.fb.com\/br\/wp-content\/uploads\/sites\/11\/2026\/03\/Scams.jpg?fit=819%2C460&resize=350%2C200","width":350,"height":200,"srcset":"https:\/\/about.fb.com\/br\/wp-content\/uploads\/sites\/11\/2026\/03\/Scams.jpg?fit=819%2C460&resize=350%2C200 1x, https:\/\/about.fb.com\/br\/wp-content\/uploads\/sites\/11\/2026\/03\/Scams.jpg?fit=819%2C460&resize=525%2C300 1.5x, https:\/\/about.fb.com\/br\/wp-content\/uploads\/sites\/11\/2026\/03\/Scams.jpg?fit=819%2C460&resize=700%2C400 2x"},"classes":[]},{"id":26851,"url":"https:\/\/about.fb.com\/br\/news\/2025\/12\/trazendo-mais-noticias-e-conteudo-em-tempo-real-para-a-meta-ai\/","url_meta":{"origin":5533,"position":4},"title":"Trazendo mais not\u00edcias e conte\u00fado em tempo real para a Meta AI","author":"Meta","date":"05\/12\/2025","format":false,"excerpt":"Estamos ampliando a oferta de conte\u00fado em tempo real na Meta AI \u2014 de not\u00edcias globais e de \u00faltima hora a entretenimento, lifestyle e muito mais. Agora, ao fazer perguntas relacionadas a not\u00edcias, voc\u00ea receber\u00e1 informa\u00e7\u00f5es e links de uma variedade maior de fontes, ajudando a encontrar conte\u00fados relevantes e\u2026","rel":"","context":"In &quot;Meta AI&quot;","block_context":{"text":"Meta AI","link":"https:\/\/about.fb.com\/br\/news\/category\/technologies\/meta-ai\/"},"img":{"alt_text":"","src":"https:\/\/about.fb.com\/br\/wp-content\/uploads\/sites\/11\/2025\/12\/News-and-Content-to-Meta-AI_Header.jpg?fit=1920%2C1080&resize=350%2C200","width":350,"height":200,"srcset":"https:\/\/about.fb.com\/br\/wp-content\/uploads\/sites\/11\/2025\/12\/News-and-Content-to-Meta-AI_Header.jpg?fit=1920%2C1080&resize=350%2C200 1x, https:\/\/about.fb.com\/br\/wp-content\/uploads\/sites\/11\/2025\/12\/News-and-Content-to-Meta-AI_Header.jpg?fit=1920%2C1080&resize=525%2C300 1.5x, https:\/\/about.fb.com\/br\/wp-content\/uploads\/sites\/11\/2025\/12\/News-and-Content-to-Meta-AI_Header.jpg?fit=1920%2C1080&resize=700%2C400 2x, https:\/\/about.fb.com\/br\/wp-content\/uploads\/sites\/11\/2025\/12\/News-and-Content-to-Meta-AI_Header.jpg?fit=1920%2C1080&resize=1050%2C600 3x, https:\/\/about.fb.com\/br\/wp-content\/uploads\/sites\/11\/2025\/12\/News-and-Content-to-Meta-AI_Header.jpg?fit=1920%2C1080&resize=1400%2C800 4x"},"classes":[]},{"id":26290,"url":"https:\/\/about.fb.com\/br\/news\/2025\/04\/modelos-llama-4\/","url_meta":{"origin":5533,"position":5},"title":"A Cole\u00e7\u00e3o de Modelos Llama 4: o In\u00edcio de uma nova era de inova\u00e7\u00e3o em IA multimodal nativa","author":"Meta","date":"05\/04\/2025","format":false,"excerpt":"\u00c0 medida que mais pessoas continuam a usar a intelig\u00eancia artificial para melhorar suas vidas di\u00e1rias, \u00e9 importante que os modelos e sistemas l\u00edderes estejam dispon\u00edveis abertamente para que todos possam construir o futuro das experi\u00eancias personalizadas. Hoje, estamos entusiasmados em anunciar a su\u00edte de modelos mais avan\u00e7ada que suporta\u2026","rel":"","context":"In &quot;Meta&quot;","block_context":{"text":"Meta","link":"https:\/\/about.fb.com\/br\/news\/category\/temas-home\/meta\/"},"img":{"alt_text":"","src":"https:\/\/about.fb.com\/br\/wp-content\/uploads\/sites\/11\/2025\/04\/Llama4.png?fit=1920%2C1080&resize=350%2C200","width":350,"height":200,"srcset":"https:\/\/about.fb.com\/br\/wp-content\/uploads\/sites\/11\/2025\/04\/Llama4.png?fit=1920%2C1080&resize=350%2C200 1x, https:\/\/about.fb.com\/br\/wp-content\/uploads\/sites\/11\/2025\/04\/Llama4.png?fit=1920%2C1080&resize=525%2C300 1.5x, https:\/\/about.fb.com\/br\/wp-content\/uploads\/sites\/11\/2025\/04\/Llama4.png?fit=1920%2C1080&resize=700%2C400 2x, https:\/\/about.fb.com\/br\/wp-content\/uploads\/sites\/11\/2025\/04\/Llama4.png?fit=1920%2C1080&resize=1050%2C600 3x, https:\/\/about.fb.com\/br\/wp-content\/uploads\/sites\/11\/2025\/04\/Llama4.png?fit=1920%2C1080&resize=1400%2C800 4x"},"classes":[]}],"jetpack_sharing_enabled":true,"amp_enabled":true,"_links":{"self":[{"href":"https:\/\/about.fb.com\/br\/wp-json\/wp\/v2\/posts\/5533","targetHints":{"allow":["GET"]}}],"collection":[{"href":"https:\/\/about.fb.com\/br\/wp-json\/wp\/v2\/posts"}],"about":[{"href":"https:\/\/about.fb.com\/br\/wp-json\/wp\/v2\/types\/post"}],"author":[{"embeddable":true,"href":"https:\/\/about.fb.com\/br\/wp-json\/wp\/v2\/users\/81109636"}],"replies":[{"embeddable":true,"href":"https:\/\/about.fb.com\/br\/wp-json\/wp\/v2\/comments?post=5533"}],"version-history":[{"count":6,"href":"https:\/\/about.fb.com\/br\/wp-json\/wp\/v2\/posts\/5533\/revisions"}],"predecessor-version":[{"id":8234,"href":"https:\/\/about.fb.com\/br\/wp-json\/wp\/v2\/posts\/5533\/revisions\/8234"}],"wp:attachment":[{"href":"https:\/\/about.fb.com\/br\/wp-json\/wp\/v2\/media?parent=5533"}],"wp:term":[{"taxonomy":"category","embeddable":true,"href":"https:\/\/about.fb.com\/br\/wp-json\/wp\/v2\/categories?post=5533"},{"taxonomy":"post_tag","embeddable":true,"href":"https:\/\/about.fb.com\/br\/wp-json\/wp\/v2\/tags?post=5533"}],"curies":[{"name":"wp","href":"https:\/\/api.w.org\/{rel}","templated":true}]}}