{"id":5259,"date":"2016-02-16T18:53:08","date_gmt":"2016-02-16T21:53:08","guid":{"rendered":"http:\/\/br.newsroom.fb.com\/?p=5259"},"modified":"2021-06-17T10:11:11","modified_gmt":"2021-06-17T13:11:11","slug":"facebook-e-instagram-somam-mais-de-1-bilhao-de-interacoes-durante-o-carnaval","status":"publish","type":"post","link":"https:\/\/about.fb.com\/br\/news\/2016\/02\/facebook-e-instagram-somam-mais-de-1-bilhao-de-interacoes-durante-o-carnaval\/","title":{"rendered":"Facebook e Instagram somam mais de 1 bilh\u00e3o de intera\u00e7\u00f5es durante o Carnaval"},"content":{"rendered":"<p><img data-recalc-dims=\"1\" loading=\"lazy\" decoding=\"async\" class=\"aligncenter size-thumbnail wp-image-5260\" src=\"https:\/\/about.fb.com\/br\/wp-content\/uploads\/sites\/3\/2016\/02\/12755097_1250886034926732_1991387709_o-1.jpg?resize=600%2C400\" alt=\"12755097_1250886034926732_1991387709_o\" width=\"600\" height=\"400\" \/><\/p>\n<p>O Carnaval no Brasil gerou <b>mais de um bilh\u00e3o de intera\u00e7\u00f5es<\/b> no Facebook e no Instagram, entre os dias 5 e 14 de fevereiro, tornando-se um dos maiores momentos sociais do ano. Pessoas no Brasil e ao redor mundo usaram as plataformas para compartilhar com amigos e com familiares suas experi\u00eancias do Carnaval, da avenida aos bloquinhos de rua, ou para interagir enquanto assistiam aos desfiles pela TV.<\/p>\n<p>No Facebook, <b>100 milh\u00f5es de pessoas<\/b> ao redor do mundo geraram <b>770 milh\u00f5es de intera\u00e7\u00f5es <\/b>(posts, curtidas, coment\u00e1rio e compartilhamentos) globalmente sobre o Carnaval. No Brasil, foram <b>55 milh\u00f5es de pessoas <\/b>respons\u00e1veis por <b>610 milh\u00f5es de intera\u00e7\u00f5es<\/b>.<\/p>\n<div class=\"fb-video\" data-allowfullscreen=\"true\" data-href=\"https:\/\/www.facebook.com\/fbmedia\/videos\/1022237064484379\/\" style=\"background-color: #fff; display: inline-block;\"><\/div>\n<p>J\u00e1 no Instagram, <b>48 milh\u00f5es de pessoas<\/b> geraram <b>311 milh\u00f5es de intera\u00e7\u00f5es<\/b> globalmente. O Brasil liderou a maior parte dessas conversas, com <b>21 milh\u00f5es de brasileiros <\/b>respons\u00e1veis por <b>188 milh\u00f5es de intera\u00e7\u00f5es<\/b>. Durante os dias de folia, <b>8,5 milh\u00f5es de fotos<\/b> relacionadas ao Carnaval foram postadas no Instagram no mundo todo.<\/p>\n<p>Rainhas e escolas de samba invadiram grande parte dessa conversa. Veja abaixo os cinco mais comentados no Facebook.<\/p>\n<p><strong>Rainhas mais comentadas no Facebook:<\/strong><\/p>\n<p>1. <a href=\"https:\/\/www.facebook.com\/ClaudiaLeitte\/?fref=ts\">Claudia Leitte<\/a><br \/>\n2. <a href=\"https:\/\/www.facebook.com\/viviane.araujo.75286?fref=ts\">Viviane Araujo<\/a><br \/>\n3. <a href=\"https:\/\/www.facebook.com\/oficialsabrinasato\">Sabrina Sato<\/a><br \/>\n4. Cris Vianna<br \/>\n5. <a href=\"https:\/\/www.facebook.com\/GracyanneBarbosa\/\">Gracyanne Barbosa<\/a><\/p>\n<p><strong>Escolas de samba mais comentadas no Facebook:<\/strong><\/p>\n<p>1. <a href=\"https:\/\/www.facebook.com\/GRESEPMangueira\">Esta\u00e7\u00e3o Primeira de Mangueira<\/a><br \/>\n2. <a href=\"https:\/\/www.facebook.com\/salgueirooriginal\">Acad\u00eamicos do Salgueiro<\/a><br \/>\n3. <a href=\"https:\/\/www.facebook.com\/PortelaNoAr\">Portela<\/a><br \/>\n4. <a href=\"https:\/\/www.facebook.com\/GRES.BeijaFlordeNilopolisOficial\">Beija-Flor de Nil\u00f3polis<\/a><br \/>\n5. <a href=\"https:\/\/www.facebook.com\/unidosdevilaisabeloficial\">Unidos de Vila Isabel<\/a><\/p>\n<p><strong>Blocos de rua mais comentados:<\/strong><\/p>\n<p>1. Galo da Madrugada<br \/>\n2. Bloco Me Namora<br \/>\n3. Largadinho<br \/>\n4. Monobloco<br \/>\n5. Timbalada<\/p>\n","protected":false},"excerpt":{"rendered":"O Carnaval no Brasil gerou mais de um bilh\u00e3o de intera\u00e7\u00f5es no Facebook e no Instagram, entre os dias 5 e 14 de fevereiro, tornando-se um dos maiores momentos sociais do ano. Pessoas no Brasil e ao redor mundo usaram as plataformas para compartilhar com amigos e com familiares suas experi\u00eancias do Carnaval, da avenida aos bloquinhos de rua, ou para interagir enquanto assistiam aos desfiles pela TV. No Facebook, 100 milh\u00f5es de pessoas ao redor do mundo geraram 770 milh\u00f5es de intera\u00e7\u00f5es (posts, curtidas, coment\u00e1rio e compartilhamentos) globalmente sobre o Carnaval. No Brasil, foram 55 milh\u00f5es de pessoas respons\u00e1veis por 610 milh\u00f5es de intera\u00e7\u00f5es. J\u00e1 no Instagram, 48 milh\u00f5es de pessoas geraram 311 milh\u00f5es de intera\u00e7\u00f5es globalmente. O Brasil liderou a maior parte dessas conversas, com 21 milh\u00f5es de brasileiros respons\u00e1veis por 188 milh\u00f5es de intera\u00e7\u00f5es. Durante os dias de folia, 8,5 milh\u00f5es de fotos relacionadas ao Carnaval foram postadas no Instagram no mundo todo. Rainhas e escolas de samba invadiram grande parte dessa conversa. Veja abaixo os cinco mais comentados no Facebook. Rainhas mais comentadas no Facebook: 1. Claudia Leitte 2. Viviane Araujo 3. Sabrina Sato 4. Cris Vianna 5. Gracyanne Barbosa Escolas de samba mais comentadas no Facebook: 1. Esta\u00e7\u00e3o Primeira de Mangueira 2. Acad\u00eamicos do Salgueiro 3. Portela 4. Beija-Flor de Nil\u00f3polis 5. Unidos de Vila Isabel Blocos de rua mais comentados: 1. Galo da Madrugada 2. Bloco Me Namora 3. Largadinho 4. Monobloco 5. Timbalada","protected":false},"author":81109636,"featured_media":0,"comment_status":"closed","ping_status":"closed","sticky":false,"template":"","format":"standard","meta":{"_jetpack_newsletter_access":"","_jetpack_dont_email_post_to_subs":false,"_jetpack_newsletter_tier_id":0,"_jetpack_memberships_contains_paywalled_content":false,"_jetpack_feature_clip_id":0,"_jetpack_memberships_contains_paid_content":false,"footnotes":"","jetpack_post_was_ever_published":false},"categories":[1],"tags":[396541082],"class_list":["post-5259","post","type-post","status-publish","format-standard","hentry","category-recent-news","tag-carnaval"],"yoast_head":"<!-- This site is optimized with the Yoast SEO plugin v27.2 - https:\/\/yoast.com\/product\/yoast-seo-wordpress\/ -->\n<title>Facebook e Instagram somam mais de 1 bilh\u00e3o de intera\u00e7\u00f5es durante o Carnaval | Sobre a Meta<\/title>\n<meta name=\"robots\" content=\"index, follow, max-snippet:-1, max-image-preview:large, max-video-preview:-1\" \/>\n<link rel=\"canonical\" href=\"https:\/\/about.fb.com\/br\/news\/2016\/02\/facebook-e-instagram-somam-mais-de-1-bilhao-de-interacoes-durante-o-carnaval\/\" \/>\n<meta property=\"og:locale\" content=\"pt_BR\" \/>\n<meta property=\"og:type\" content=\"article\" \/>\n<meta property=\"og:title\" content=\"Facebook e Instagram somam mais de 1 bilh\u00e3o de intera\u00e7\u00f5es durante o Carnaval | Sobre a Meta\" \/>\n<meta property=\"og:description\" content=\"O Carnaval no Brasil gerou mais de um bilh\u00e3o de intera\u00e7\u00f5es no Facebook e no Instagram, entre os dias 5 e 14 de fevereiro, tornando-se um dos maiores momentos sociais do ano. Pessoas no Brasil e ao redor mundo usaram as plataformas para compartilhar com amigos e com familiares suas experi\u00eancias do Carnaval, da avenida aos bloquinhos de rua, ou para interagir enquanto assistiam aos desfiles pela TV. No Facebook, 100 milh\u00f5es de pessoas ao redor do mundo geraram 770 milh\u00f5es de intera\u00e7\u00f5es (posts, curtidas, coment\u00e1rio e compartilhamentos) globalmente sobre o Carnaval. No Brasil, foram 55 milh\u00f5es de pessoas respons\u00e1veis por 610 milh\u00f5es de intera\u00e7\u00f5es. J\u00e1 no Instagram, 48 milh\u00f5es de pessoas geraram 311 milh\u00f5es de intera\u00e7\u00f5es globalmente. O Brasil liderou a maior parte dessas conversas, com 21 milh\u00f5es de brasileiros respons\u00e1veis por 188 milh\u00f5es de intera\u00e7\u00f5es. Durante os dias de folia, 8,5 milh\u00f5es de fotos relacionadas ao Carnaval foram postadas no Instagram no mundo todo. Rainhas e escolas de samba invadiram grande parte dessa conversa. Veja abaixo os cinco mais comentados no Facebook. Rainhas mais comentadas no Facebook: 1. Claudia Leitte 2. Viviane Araujo 3. Sabrina Sato 4. Cris Vianna 5. Gracyanne Barbosa Escolas de samba mais comentadas no Facebook: 1. Esta\u00e7\u00e3o Primeira de Mangueira 2. Acad\u00eamicos do Salgueiro 3. Portela 4. Beija-Flor de Nil\u00f3polis 5. Unidos de Vila Isabel Blocos de rua mais comentados: 1. Galo da Madrugada 2. Bloco Me Namora 3. Largadinho 4. Monobloco 5. Timbalada\" \/>\n<meta property=\"og:url\" content=\"https:\/\/about.fb.com\/br\/news\/2016\/02\/facebook-e-instagram-somam-mais-de-1-bilhao-de-interacoes-durante-o-carnaval\/\" \/>\n<meta property=\"og:site_name\" content=\"Sobre a Meta\" \/>\n<meta property=\"article:published_time\" content=\"2016-02-16T21:53:08+00:00\" \/>\n<meta property=\"article:modified_time\" content=\"2021-06-17T13:11:11+00:00\" \/>\n<meta property=\"og:image\" content=\"https:\/\/about.fb.com\/br\/wp-content\/uploads\/sites\/3\/2016\/02\/12755097_1250886034926732_1991387709_o-1.jpg\" \/>\n<meta name=\"author\" content=\"facebookbr\" \/>\n<meta name=\"twitter:card\" content=\"summary_large_image\" \/>\n<meta name=\"twitter:label1\" content=\"Written by\" \/>\n\t<meta name=\"twitter:data1\" content=\"Meta\" \/>\n\t<meta name=\"twitter:label2\" content=\"Est. reading time\" \/>\n\t<meta name=\"twitter:data2\" content=\"1 minuto\" \/>\n<script type=\"application\/ld+json\" class=\"yoast-schema-graph\">{\"@context\":\"https:\/\/schema.org\",\"@graph\":[{\"@type\":\"Article\",\"@id\":\"https:\/\/about.fb.com\/br\/news\/2016\/02\/facebook-e-instagram-somam-mais-de-1-bilhao-de-interacoes-durante-o-carnaval\/#article\",\"isPartOf\":{\"@id\":\"https:\/\/about.fb.com\/br\/news\/2016\/02\/facebook-e-instagram-somam-mais-de-1-bilhao-de-interacoes-durante-o-carnaval\/\"},\"author\":\"Facebook company\",\"headline\":\"Facebook e Instagram somam mais de 1 bilh\u00e3o de intera\u00e7\u00f5es durante o Carnaval\",\"datePublished\":\"2016-02-16T21:53:08+00:00\",\"dateModified\":\"2021-06-17T13:11:11+00:00\",\"mainEntityOfPage\":{\"@id\":\"https:\/\/about.fb.com\/br\/news\/2016\/02\/facebook-e-instagram-somam-mais-de-1-bilhao-de-interacoes-durante-o-carnaval\/\"},\"wordCount\":258,\"publisher\":{\"@id\":\"https:\/\/about.fb.com\/br\/#organization\"},\"image\":{\"@id\":\"https:\/\/about.fb.com\/br\/news\/2016\/02\/facebook-e-instagram-somam-mais-de-1-bilhao-de-interacoes-durante-o-carnaval\/#primaryimage\"},\"thumbnailUrl\":\"https:\/\/about.fb.com\/br\/wp-content\/uploads\/sites\/3\/2016\/02\/12755097_1250886034926732_1991387709_o-1.jpg\",\"keywords\":[\"Carnaval\"],\"articleSection\":[\"Recent News\"],\"inLanguage\":\"pt-BR\"},{\"@type\":\"WebPage\",\"@id\":\"https:\/\/about.fb.com\/br\/news\/2016\/02\/facebook-e-instagram-somam-mais-de-1-bilhao-de-interacoes-durante-o-carnaval\/\",\"url\":\"https:\/\/about.fb.com\/br\/news\/2016\/02\/facebook-e-instagram-somam-mais-de-1-bilhao-de-interacoes-durante-o-carnaval\/\",\"name\":\"Facebook e Instagram somam mais de 1 bilh\u00e3o de intera\u00e7\u00f5es durante o Carnaval | Sobre a Meta\",\"isPartOf\":{\"@id\":\"https:\/\/about.fb.com\/br\/#website\"},\"primaryImageOfPage\":{\"@id\":\"https:\/\/about.fb.com\/br\/news\/2016\/02\/facebook-e-instagram-somam-mais-de-1-bilhao-de-interacoes-durante-o-carnaval\/#primaryimage\"},\"image\":{\"@id\":\"https:\/\/about.fb.com\/br\/news\/2016\/02\/facebook-e-instagram-somam-mais-de-1-bilhao-de-interacoes-durante-o-carnaval\/#primaryimage\"},\"thumbnailUrl\":\"https:\/\/about.fb.com\/br\/wp-content\/uploads\/sites\/3\/2016\/02\/12755097_1250886034926732_1991387709_o-1.jpg\",\"datePublished\":\"2016-02-16T21:53:08+00:00\",\"dateModified\":\"2021-06-17T13:11:11+00:00\",\"breadcrumb\":{\"@id\":\"https:\/\/about.fb.com\/br\/news\/2016\/02\/facebook-e-instagram-somam-mais-de-1-bilhao-de-interacoes-durante-o-carnaval\/#breadcrumb\"},\"inLanguage\":\"pt-BR\",\"potentialAction\":[{\"@type\":\"ReadAction\",\"target\":[\"https:\/\/about.fb.com\/br\/news\/2016\/02\/facebook-e-instagram-somam-mais-de-1-bilhao-de-interacoes-durante-o-carnaval\/\"]}],\"author\":\"Sobre a Meta\"},{\"@type\":\"ImageObject\",\"inLanguage\":\"pt-BR\",\"@id\":\"https:\/\/about.fb.com\/br\/news\/2016\/02\/facebook-e-instagram-somam-mais-de-1-bilhao-de-interacoes-durante-o-carnaval\/#primaryimage\",\"url\":\"https:\/\/about.fb.com\/br\/wp-content\/uploads\/sites\/3\/2016\/02\/12755097_1250886034926732_1991387709_o-1.jpg\",\"contentUrl\":\"https:\/\/about.fb.com\/br\/wp-content\/uploads\/sites\/3\/2016\/02\/12755097_1250886034926732_1991387709_o-1.jpg\"},{\"@type\":\"BreadcrumbList\",\"@id\":\"https:\/\/about.fb.com\/br\/news\/2016\/02\/facebook-e-instagram-somam-mais-de-1-bilhao-de-interacoes-durante-o-carnaval\/#breadcrumb\",\"itemListElement\":[{\"@type\":\"ListItem\",\"position\":1,\"name\":\"Home\",\"item\":\"https:\/\/about.fb.com\/br\/\"},{\"@type\":\"ListItem\",\"position\":2,\"name\":\"Facebook e Instagram somam mais de 1 bilh\u00e3o de intera\u00e7\u00f5es durante o Carnaval\"}]},{\"@type\":\"WebSite\",\"@id\":\"https:\/\/about.fb.com\/br\/#website\",\"url\":\"https:\/\/about.fb.com\/news\/\",\"name\":\"Sobre a Meta\",\"description\":\"\",\"publisher\":{\"@id\":\"https:\/\/about.fb.com\/br\/#organization\"},\"potentialAction\":[{\"@type\":\"SearchAction\",\"target\":{\"@type\":\"EntryPoint\",\"urlTemplate\":\"https:\/\/about.fb.com\/br\/?s={search_term_string}\"},\"query-input\":{\"@type\":\"PropertyValueSpecification\",\"valueRequired\":true,\"valueName\":\"search_term_string\"}}],\"inLanguage\":\"pt-BR\",\"alternateName\":[\"Meta Newsroom\",\"Meta\"]},{\"@type\":\"Organization\",\"@id\":\"https:\/\/about.fb.com\/br\/#organization\",\"name\":\"Meta\",\"url\":\"https:\/\/about.fb.com\/br\/\",\"logo\":{\"@type\":\"ImageObject\",\"inLanguage\":\"pt-BR\",\"@id\":\"https:\/\/about.fb.com\/br\/#\/schema\/logo\/image\/\",\"url\":\"https:\/\/about.fb.com\/br\/wp-content\/uploads\/sites\/11\/2021\/10\/meta-social-16x9-1.jpg?fit=8000%2C4500\",\"contentUrl\":\"https:\/\/about.fb.com\/br\/wp-content\/uploads\/sites\/11\/2021\/10\/meta-social-16x9-1.jpg?fit=8000%2C4500\",\"width\":8000,\"height\":4500,\"caption\":\"Meta\"},\"image\":{\"@id\":\"https:\/\/about.fb.com\/br\/#\/schema\/logo\/image\/\"}}]}<\/script>\n<!-- \/ Yoast SEO plugin. -->","yoast_head_json":{"title":"Facebook e Instagram somam mais de 1 bilh\u00e3o de intera\u00e7\u00f5es durante o Carnaval | Sobre a Meta","robots":{"index":"index","follow":"follow","max-snippet":"max-snippet:-1","max-image-preview":"max-image-preview:large","max-video-preview":"max-video-preview:-1"},"canonical":"https:\/\/about.fb.com\/br\/news\/2016\/02\/facebook-e-instagram-somam-mais-de-1-bilhao-de-interacoes-durante-o-carnaval\/","og_locale":"pt_BR","og_type":"article","og_title":"Facebook e Instagram somam mais de 1 bilh\u00e3o de intera\u00e7\u00f5es durante o Carnaval | Sobre a Meta","og_description":"O Carnaval no Brasil gerou mais de um bilh\u00e3o de intera\u00e7\u00f5es no Facebook e no Instagram, entre os dias 5 e 14 de fevereiro, tornando-se um dos maiores momentos sociais do ano. Pessoas no Brasil e ao redor mundo usaram as plataformas para compartilhar com amigos e com familiares suas experi\u00eancias do Carnaval, da avenida aos bloquinhos de rua, ou para interagir enquanto assistiam aos desfiles pela TV. No Facebook, 100 milh\u00f5es de pessoas ao redor do mundo geraram 770 milh\u00f5es de intera\u00e7\u00f5es (posts, curtidas, coment\u00e1rio e compartilhamentos) globalmente sobre o Carnaval. No Brasil, foram 55 milh\u00f5es de pessoas respons\u00e1veis por 610 milh\u00f5es de intera\u00e7\u00f5es. J\u00e1 no Instagram, 48 milh\u00f5es de pessoas geraram 311 milh\u00f5es de intera\u00e7\u00f5es globalmente. O Brasil liderou a maior parte dessas conversas, com 21 milh\u00f5es de brasileiros respons\u00e1veis por 188 milh\u00f5es de intera\u00e7\u00f5es. Durante os dias de folia, 8,5 milh\u00f5es de fotos relacionadas ao Carnaval foram postadas no Instagram no mundo todo. Rainhas e escolas de samba invadiram grande parte dessa conversa. Veja abaixo os cinco mais comentados no Facebook. Rainhas mais comentadas no Facebook: 1. Claudia Leitte 2. Viviane Araujo 3. Sabrina Sato 4. Cris Vianna 5. Gracyanne Barbosa Escolas de samba mais comentadas no Facebook: 1. Esta\u00e7\u00e3o Primeira de Mangueira 2. Acad\u00eamicos do Salgueiro 3. Portela 4. Beija-Flor de Nil\u00f3polis 5. Unidos de Vila Isabel Blocos de rua mais comentados: 1. Galo da Madrugada 2. Bloco Me Namora 3. Largadinho 4. Monobloco 5. Timbalada","og_url":"https:\/\/about.fb.com\/br\/news\/2016\/02\/facebook-e-instagram-somam-mais-de-1-bilhao-de-interacoes-durante-o-carnaval\/","og_site_name":"Sobre a Meta","article_published_time":"2016-02-16T21:53:08+00:00","article_modified_time":"2021-06-17T13:11:11+00:00","og_image":[{"url":"https:\/\/about.fb.com\/br\/wp-content\/uploads\/sites\/3\/2016\/02\/12755097_1250886034926732_1991387709_o-1.jpg","type":"","width":"","height":""}],"author":"facebookbr","twitter_card":"summary_large_image","twitter_misc":{"Written by":"Meta","Est. reading time":"1 minuto"},"schema":{"@context":"https:\/\/schema.org","@graph":[{"@type":"Article","@id":"https:\/\/about.fb.com\/br\/news\/2016\/02\/facebook-e-instagram-somam-mais-de-1-bilhao-de-interacoes-durante-o-carnaval\/#article","isPartOf":{"@id":"https:\/\/about.fb.com\/br\/news\/2016\/02\/facebook-e-instagram-somam-mais-de-1-bilhao-de-interacoes-durante-o-carnaval\/"},"author":"Facebook company","headline":"Facebook e Instagram somam mais de 1 bilh\u00e3o de intera\u00e7\u00f5es durante o Carnaval","datePublished":"2016-02-16T21:53:08+00:00","dateModified":"2021-06-17T13:11:11+00:00","mainEntityOfPage":{"@id":"https:\/\/about.fb.com\/br\/news\/2016\/02\/facebook-e-instagram-somam-mais-de-1-bilhao-de-interacoes-durante-o-carnaval\/"},"wordCount":258,"publisher":{"@id":"https:\/\/about.fb.com\/br\/#organization"},"image":{"@id":"https:\/\/about.fb.com\/br\/news\/2016\/02\/facebook-e-instagram-somam-mais-de-1-bilhao-de-interacoes-durante-o-carnaval\/#primaryimage"},"thumbnailUrl":"https:\/\/about.fb.com\/br\/wp-content\/uploads\/sites\/3\/2016\/02\/12755097_1250886034926732_1991387709_o-1.jpg","keywords":["Carnaval"],"articleSection":["Recent News"],"inLanguage":"pt-BR"},{"@type":"WebPage","@id":"https:\/\/about.fb.com\/br\/news\/2016\/02\/facebook-e-instagram-somam-mais-de-1-bilhao-de-interacoes-durante-o-carnaval\/","url":"https:\/\/about.fb.com\/br\/news\/2016\/02\/facebook-e-instagram-somam-mais-de-1-bilhao-de-interacoes-durante-o-carnaval\/","name":"Facebook e Instagram somam mais de 1 bilh\u00e3o de intera\u00e7\u00f5es durante o Carnaval | Sobre a Meta","isPartOf":{"@id":"https:\/\/about.fb.com\/br\/#website"},"primaryImageOfPage":{"@id":"https:\/\/about.fb.com\/br\/news\/2016\/02\/facebook-e-instagram-somam-mais-de-1-bilhao-de-interacoes-durante-o-carnaval\/#primaryimage"},"image":{"@id":"https:\/\/about.fb.com\/br\/news\/2016\/02\/facebook-e-instagram-somam-mais-de-1-bilhao-de-interacoes-durante-o-carnaval\/#primaryimage"},"thumbnailUrl":"https:\/\/about.fb.com\/br\/wp-content\/uploads\/sites\/3\/2016\/02\/12755097_1250886034926732_1991387709_o-1.jpg","datePublished":"2016-02-16T21:53:08+00:00","dateModified":"2021-06-17T13:11:11+00:00","breadcrumb":{"@id":"https:\/\/about.fb.com\/br\/news\/2016\/02\/facebook-e-instagram-somam-mais-de-1-bilhao-de-interacoes-durante-o-carnaval\/#breadcrumb"},"inLanguage":"pt-BR","potentialAction":[{"@type":"ReadAction","target":["https:\/\/about.fb.com\/br\/news\/2016\/02\/facebook-e-instagram-somam-mais-de-1-bilhao-de-interacoes-durante-o-carnaval\/"]}],"author":"Sobre a Meta"},{"@type":"ImageObject","inLanguage":"pt-BR","@id":"https:\/\/about.fb.com\/br\/news\/2016\/02\/facebook-e-instagram-somam-mais-de-1-bilhao-de-interacoes-durante-o-carnaval\/#primaryimage","url":"https:\/\/about.fb.com\/br\/wp-content\/uploads\/sites\/3\/2016\/02\/12755097_1250886034926732_1991387709_o-1.jpg","contentUrl":"https:\/\/about.fb.com\/br\/wp-content\/uploads\/sites\/3\/2016\/02\/12755097_1250886034926732_1991387709_o-1.jpg"},{"@type":"BreadcrumbList","@id":"https:\/\/about.fb.com\/br\/news\/2016\/02\/facebook-e-instagram-somam-mais-de-1-bilhao-de-interacoes-durante-o-carnaval\/#breadcrumb","itemListElement":[{"@type":"ListItem","position":1,"name":"Home","item":"https:\/\/about.fb.com\/br\/"},{"@type":"ListItem","position":2,"name":"Facebook e Instagram somam mais de 1 bilh\u00e3o de intera\u00e7\u00f5es durante o Carnaval"}]},{"@type":"WebSite","@id":"https:\/\/about.fb.com\/br\/#website","url":"https:\/\/about.fb.com\/news\/","name":"Sobre a Meta","description":"","publisher":{"@id":"https:\/\/about.fb.com\/br\/#organization"},"potentialAction":[{"@type":"SearchAction","target":{"@type":"EntryPoint","urlTemplate":"https:\/\/about.fb.com\/br\/?s={search_term_string}"},"query-input":{"@type":"PropertyValueSpecification","valueRequired":true,"valueName":"search_term_string"}}],"inLanguage":"pt-BR","alternateName":["Meta Newsroom","Meta"]},{"@type":"Organization","@id":"https:\/\/about.fb.com\/br\/#organization","name":"Meta","url":"https:\/\/about.fb.com\/br\/","logo":{"@type":"ImageObject","inLanguage":"pt-BR","@id":"https:\/\/about.fb.com\/br\/#\/schema\/logo\/image\/","url":"https:\/\/about.fb.com\/br\/wp-content\/uploads\/sites\/11\/2021\/10\/meta-social-16x9-1.jpg?fit=8000%2C4500","contentUrl":"https:\/\/about.fb.com\/br\/wp-content\/uploads\/sites\/11\/2021\/10\/meta-social-16x9-1.jpg?fit=8000%2C4500","width":8000,"height":4500,"caption":"Meta"},"image":{"@id":"https:\/\/about.fb.com\/br\/#\/schema\/logo\/image\/"}}]}},"jetpack-related-posts":[{"id":27406,"url":"https:\/\/about.fb.com\/br\/news\/2026\/07\/futebol-2026-um-momento-historico-nas-plataformas-da-meta\/","url_meta":{"origin":5259,"position":0},"title":"Futebol 2026: Um momento hist\u00f3rico nas plataformas da Meta","author":"Meta","date":"20\/07\/2026","format":false,"excerpt":"O torneio de futebol deste ano n\u00e3o foi apenas o maior evento esportivo do planeta \u2014 tornou-se tamb\u00e9m um dos maiores momentos da hist\u00f3ria da Meta. Desde recordes de mensagens enviadas no WhatsApp a um alcance hist\u00f3rico no Instagram, a competi\u00e7\u00e3o se destacou em cada canto da nossa fam\u00edlia de\u2026","rel":"","context":"In &quot;Instagram&quot;","block_context":{"text":"Instagram","link":"https:\/\/about.fb.com\/br\/news\/category\/technologies\/instagram\/"},"img":{"alt_text":"","src":"https:\/\/about.fb.com\/br\/wp-content\/uploads\/sites\/11\/2026\/07\/The-2026-Summer-of-Football_A-Record-Breaking-Moment-Across-Meta_Header-1.jpg?fit=960%2C540&resize=350%2C200","width":350,"height":200,"srcset":"https:\/\/about.fb.com\/br\/wp-content\/uploads\/sites\/11\/2026\/07\/The-2026-Summer-of-Football_A-Record-Breaking-Moment-Across-Meta_Header-1.jpg?fit=960%2C540&resize=350%2C200 1x, https:\/\/about.fb.com\/br\/wp-content\/uploads\/sites\/11\/2026\/07\/The-2026-Summer-of-Football_A-Record-Breaking-Moment-Across-Meta_Header-1.jpg?fit=960%2C540&resize=525%2C300 1.5x, https:\/\/about.fb.com\/br\/wp-content\/uploads\/sites\/11\/2026\/07\/The-2026-Summer-of-Football_A-Record-Breaking-Moment-Across-Meta_Header-1.jpg?fit=960%2C540&resize=700%2C400 2x"},"classes":[]},{"id":27189,"url":"https:\/\/about.fb.com\/br\/news\/2026\/05\/protegendo-jogadores-e-torcedores-durante-a-copa-do-mundo-da-fifa-2026\/","url_meta":{"origin":5259,"position":1},"title":"Protegendo jogadores e torcedores durante a Copa do Mundo da FIFA 2026\u2122","author":"Meta","date":"28\/05\/2026","format":false,"excerpt":"Nos pr\u00f3ximos meses, torcedores de futebol ao redor do mundo usar\u00e3o nossos aplicativos para se conectar e viver juntos a Copa do Mundo da FIFA 2026\u2122. Enquanto a maioria estar\u00e1 torcendo por seus times e jogadores favoritos, infelizmente pode haver atores mal-intencionados que tentar\u00e3o atrair outras pessoas para golpes ou\u2026","rel":"","context":"In &quot;Recent News&quot;","block_context":{"text":"Recent News","link":"https:\/\/about.fb.com\/br\/news\/category\/recent-news\/"},"img":{"alt_text":"","src":"https:\/\/about.fb.com\/br\/wp-content\/uploads\/sites\/11\/2026\/05\/HIDDEN_.png?resize=350%2C200","width":350,"height":200,"srcset":"https:\/\/about.fb.com\/br\/wp-content\/uploads\/sites\/11\/2026\/05\/HIDDEN_.png?resize=350%2C200 1x, https:\/\/about.fb.com\/br\/wp-content\/uploads\/sites\/11\/2026\/05\/HIDDEN_.png?resize=525%2C300 1.5x, https:\/\/about.fb.com\/br\/wp-content\/uploads\/sites\/11\/2026\/05\/HIDDEN_.png?resize=700%2C400 2x, https:\/\/about.fb.com\/br\/wp-content\/uploads\/sites\/11\/2026\/05\/HIDDEN_.png?resize=1050%2C600 3x"},"classes":[]},{"id":27213,"url":"https:\/\/about.fb.com\/br\/news\/2026\/06\/avancos-nas-configuracoes-de-conteudo-adequado-a-idade-nas-contas-de-adolescente\/","url_meta":{"origin":5259,"position":2},"title":"Avan\u00e7os nas configura\u00e7\u00f5es de conte\u00fado adequado \u00e0 idade nas Contas de Adolescente","author":"Meta","date":"02\/06\/2026","format":false,"excerpt":"Em mar\u00e7o deste ano, anunciamos que as Contas de Adolescente do Instagram no Brasil teriam novas configura\u00e7\u00f5es de conte\u00fado definidas por padr\u00e3o. Inspiradas em crit\u00e9rios de classifica\u00e7\u00e3o indicativa de filmes e no feedback de pais, as \u201cconfigura\u00e7\u00f5es de conte\u00fado 13+\u201d foram desenvolvidas para ajudar os adolescentes a verem conte\u00fado apropriado\u2026","rel":"","context":"In &quot;Recent News&quot;","block_context":{"text":"Recent News","link":"https:\/\/about.fb.com\/br\/news\/category\/recent-news\/"},"img":{"alt_text":"","src":"","width":0,"height":0},"classes":[]},{"id":26574,"url":"https:\/\/about.fb.com\/br\/news\/2025\/08\/apresentando-o-app-meta-ai-uma-nova-forma-de-acessar-seu-assistente-de-inteligencia-artificial\/","url_meta":{"origin":5259,"position":3},"title":"Apresentando o app Meta AI: uma nova forma de acessar seu assistente de intelig\u00eancia artificial","author":"Meta","date":"11\/08\/2025","format":false,"excerpt":"Estamos lan\u00e7ando no Brasil o novo app Meta AI, desenvolvido com o Llama, um primeiro passo na constru\u00e7\u00e3o de uma IA mais pessoal. Pessoas ao redor do mundo j\u00e1 utilizam a Meta AI diariamente no WhatsApp, Instagram, Facebook e Messenger. Agora, elas tamb\u00e9m poder\u00e3o optar por interagir com uma IA\u2026","rel":"","context":"In &quot;Meta AI&quot;","block_context":{"text":"Meta AI","link":"https:\/\/about.fb.com\/br\/news\/category\/technologies\/meta-ai\/"},"img":{"alt_text":"","src":"https:\/\/about.fb.com\/br\/wp-content\/uploads\/sites\/11\/2025\/08\/C50-Brazil-Launch_Header.gif?fit=1920%2C1080&resize=350%2C200","width":350,"height":200,"srcset":"https:\/\/about.fb.com\/br\/wp-content\/uploads\/sites\/11\/2025\/08\/C50-Brazil-Launch_Header.gif?fit=1920%2C1080&resize=350%2C200 1x, https:\/\/about.fb.com\/br\/wp-content\/uploads\/sites\/11\/2025\/08\/C50-Brazil-Launch_Header.gif?fit=1920%2C1080&resize=525%2C300 1.5x, https:\/\/about.fb.com\/br\/wp-content\/uploads\/sites\/11\/2025\/08\/C50-Brazil-Launch_Header.gif?fit=1920%2C1080&resize=700%2C400 2x, https:\/\/about.fb.com\/br\/wp-content\/uploads\/sites\/11\/2025\/08\/C50-Brazil-Launch_Header.gif?fit=1920%2C1080&resize=1050%2C600 3x, https:\/\/about.fb.com\/br\/wp-content\/uploads\/sites\/11\/2025\/08\/C50-Brazil-Launch_Header.gif?fit=1920%2C1080&resize=1400%2C800 4x"},"classes":[]},{"id":27127,"url":"https:\/\/about.fb.com\/br\/news\/2026\/05\/novas-medidas-para-garantir-que-adolescentes-tenham-experiencias-adequadas-a-faixa-etaria\/","url_meta":{"origin":5259,"position":4},"title":"Novas medidas para garantir que adolescentes tenham experi\u00eancias adequadas \u00e0 faixa et\u00e1ria","author":"Meta","date":"05\/05\/2026","format":false,"excerpt":"Queremos que os jovens tenham viv\u00eancias online seguras e positivas. \u00c9 por isso que colocamos os adolescentes automaticamente em experi\u00eancias adequadas \u00e0 idade, como as Contas de Adolescente. Hoje, compartilhamos atualiza\u00e7\u00f5es sobre nossos esfor\u00e7os para ajudar a garantir que menores de idade n\u00e3o estejam utilizando nossos apps de forma inadequada\u2026","rel":"","context":"In &quot;Facebook&quot;","block_context":{"text":"Facebook","link":"https:\/\/about.fb.com\/br\/news\/category\/technologies\/facebook\/"},"img":{"alt_text":"","src":"https:\/\/about.fb.com\/br\/wp-content\/uploads\/sites\/11\/2026\/05\/AI-Age-Assurance_Header-1.jpg?fit=1920%2C1080&resize=350%2C200","width":350,"height":200,"srcset":"https:\/\/about.fb.com\/br\/wp-content\/uploads\/sites\/11\/2026\/05\/AI-Age-Assurance_Header-1.jpg?fit=1920%2C1080&resize=350%2C200 1x, https:\/\/about.fb.com\/br\/wp-content\/uploads\/sites\/11\/2026\/05\/AI-Age-Assurance_Header-1.jpg?fit=1920%2C1080&resize=525%2C300 1.5x, https:\/\/about.fb.com\/br\/wp-content\/uploads\/sites\/11\/2026\/05\/AI-Age-Assurance_Header-1.jpg?fit=1920%2C1080&resize=700%2C400 2x, https:\/\/about.fb.com\/br\/wp-content\/uploads\/sites\/11\/2026\/05\/AI-Age-Assurance_Header-1.jpg?fit=1920%2C1080&resize=1050%2C600 3x, https:\/\/about.fb.com\/br\/wp-content\/uploads\/sites\/11\/2026\/05\/AI-Age-Assurance_Header-1.jpg?fit=1920%2C1080&resize=1400%2C800 4x"},"classes":[]},{"id":26869,"url":"https:\/\/about.fb.com\/br\/news\/2025\/12\/novas-ferramentas-com-ia-para-escalar-parcerias-entre-criadores-e-marcas\/","url_meta":{"origin":5259,"position":5},"title":"Novas ferramentas com IA para escalar parcerias entre criadores e marcas","author":"Meta","date":"11\/12\/2025","format":false,"excerpt":"[Atualizado em 30 de janeiro de 2026] Estamos compartilhando atualiza\u00e7\u00f5es adicionais que facilitam para as marcas descobrirem, avaliarem e se conectarem com criadores para campanhas de an\u00fancios em parceria usando o Marketplace de Criadores do Instagram. Expandindo o Marketplace de Criadores para empresas globalmente: A partir de hoje, estamos ampliando\u2026","rel":"","context":"In &quot;Meta&quot;","block_context":{"text":"Meta","link":"https:\/\/about.fb.com\/br\/news\/category\/temas-home\/meta\/"},"img":{"alt_text":"","src":"https:\/\/about.fb.com\/br\/wp-content\/uploads\/sites\/11\/2025\/07\/Logo-Meta-1.jpg?fit=633%2C356&resize=350%2C200","width":350,"height":200,"srcset":"https:\/\/about.fb.com\/br\/wp-content\/uploads\/sites\/11\/2025\/07\/Logo-Meta-1.jpg?fit=633%2C356&resize=350%2C200 1x, https:\/\/about.fb.com\/br\/wp-content\/uploads\/sites\/11\/2025\/07\/Logo-Meta-1.jpg?fit=633%2C356&resize=525%2C300 1.5x"},"classes":[]}],"jetpack_sharing_enabled":true,"amp_enabled":true,"jetpack_featured_media_url":"","_links":{"self":[{"href":"https:\/\/about.fb.com\/br\/wp-json\/wp\/v2\/posts\/5259","targetHints":{"allow":["GET"]}}],"collection":[{"href":"https:\/\/about.fb.com\/br\/wp-json\/wp\/v2\/posts"}],"about":[{"href":"https:\/\/about.fb.com\/br\/wp-json\/wp\/v2\/types\/post"}],"author":[{"embeddable":true,"href":"https:\/\/about.fb.com\/br\/wp-json\/wp\/v2\/users\/81109636"}],"replies":[{"embeddable":true,"href":"https:\/\/about.fb.com\/br\/wp-json\/wp\/v2\/comments?post=5259"}],"version-history":[{"count":4,"href":"https:\/\/about.fb.com\/br\/wp-json\/wp\/v2\/posts\/5259\/revisions"}],"predecessor-version":[{"id":8275,"href":"https:\/\/about.fb.com\/br\/wp-json\/wp\/v2\/posts\/5259\/revisions\/8275"}],"wp:attachment":[{"href":"https:\/\/about.fb.com\/br\/wp-json\/wp\/v2\/media?parent=5259"}],"wp:term":[{"taxonomy":"category","embeddable":true,"href":"https:\/\/about.fb.com\/br\/wp-json\/wp\/v2\/categories?post=5259"},{"taxonomy":"post_tag","embeddable":true,"href":"https:\/\/about.fb.com\/br\/wp-json\/wp\/v2\/tags?post=5259"}],"curies":[{"name":"wp","href":"https:\/\/api.w.org\/{rel}","templated":true}]}}