{"id":3211,"date":"2015-06-25T19:17:40","date_gmt":"2015-06-25T22:17:40","guid":{"rendered":"http:\/\/br.newsroom.fb.com\/?p=3211"},"modified":"2021-06-17T10:11:23","modified_gmt":"2021-06-17T13:11:23","slug":"vote-nas-estrelas-da-copa-america-no-facebook","status":"publish","type":"post","link":"https:\/\/about.fb.com\/br\/news\/2015\/06\/vote-nas-estrelas-da-copa-america-no-facebook\/","title":{"rendered":"Vote nas estrelas da Copa Am\u00e9rica no Facebook"},"content":{"rendered":"<p>Os torcedores da Am\u00e9rica Latina poder\u00e3o votar no Facebook nos melhores jogadores e times da Copa Am\u00e9rica 2015, al\u00e9m de escolher a revela\u00e7\u00e3o do campeonato.<\/p>\n<p><img data-recalc-dims=\"1\" loading=\"lazy\" decoding=\"async\" class=\"aligncenter size-full wp-image-3212\" src=\"https:\/\/about.fb.com\/br\/wp-content\/uploads\/sites\/3\/2015\/06\/screen-shot-2015-06-25-at-18-02-47-1.png?resize=509%2C358\" alt=\"Copa Am\u00e9rica\" width=\"509\" height=\"358\" \/><\/p>\n<p>O Facebook \u00e9 o est\u00e1dio virtual da Copa Am\u00e9rica 2015, com <a href=\"http:\/\/br.newsroom.fb.com\/news\/2015\/06\/118-milhoes-de-interacoes-no-facebook-sobre-a-copa-america\/\" target=\"_blank\" rel=\"noopener noreferrer\">118 milh\u00f5es de intera\u00e7\u00f5es geradas<\/a> por 32 milh\u00f5es de pessoas em todo o mundo, apenas na fase de grupos.<\/p>\n<p>Com a Copa entrando na reta final, o Facebook tamb\u00e9m ser\u00e1 o lugar onde os torcedores v\u00e3o poder discutir e votar, a partir desta semana, nas estrelas do campeonato nas seguintes categorias:<\/p>\n<p><strong>. Goleador da Copa<\/strong><\/p>\n<p><strong>. Melhor goleiro<\/strong>. Ser\u00e1 escolhido entre os goleiros dos times que v\u00e3o disputar a final, com base no menor n\u00famero de gols sofridos durante toda a Copa.<\/p>\n<p><strong>. Fair Play<\/strong>. Ser\u00e1 a sele\u00e7\u00e3o com o menor saldo de faltas e cart\u00f5es, com base no ranking da Conmebol.<\/p>\n<p><strong>. Jogador revela\u00e7\u00e3o<\/strong>. O melhor jovem jogador da Copa ser\u00e1 escolhido pelos torcedores votando diretamente no Facebook.<\/p>\n<p>Como participar?<\/p>\n<p>Basta ir \u00e0 p\u00e1gina da Copa Am\u00e9rica no Facebook <a href=\"https:\/\/www.facebook.com\/copaamerica\" target=\"_blank\" rel=\"noopener noreferrer\">https:\/\/www.facebook.com\/copaamerica<\/a><\/p>\n<p><strong>A Copa no Facebook<\/strong><\/p>\n<p>Seja no est\u00e1dio, assistindo ao jogo pela TV ou na fila do supermercado, o Facebook permite que os torcedores interajam em tempo real com os jogadores e outros f\u00e3s do esporte ao redor do mundo.<\/p>\n<p>O Facebook \u00e9 a maior comunidade de torcedores de esportes no mundo, com 650 milh\u00f5es de pessoas conectadas a p\u00e1ginas de esportes. E a Copa Am\u00e9rica no Chile se mostra como uma das maiores e mais apaixonantes conversas do ano no Facebook na Am\u00e9rica Latina.<\/p>\n","protected":false},"excerpt":{"rendered":"Os torcedores da Am\u00e9rica Latina poder\u00e3o votar no Facebook nos melhores jogadores e times da Copa Am\u00e9rica 2015, al\u00e9m de escolher a revela\u00e7\u00e3o do campeonato. O Facebook \u00e9 o est\u00e1dio virtual da Copa Am\u00e9rica 2015, com 118 milh\u00f5es de intera\u00e7\u00f5es geradas por 32 milh\u00f5es de pessoas em todo o mundo, apenas na fase de grupos. Com a Copa entrando na reta final, o Facebook tamb\u00e9m ser\u00e1 o lugar onde os torcedores v\u00e3o poder discutir e votar, a partir desta semana, nas estrelas do campeonato nas seguintes categorias: . Goleador da Copa . Melhor goleiro. Ser\u00e1 escolhido entre os goleiros dos times que v\u00e3o disputar a final, com base no menor n\u00famero de gols sofridos durante toda a Copa. . Fair Play. Ser\u00e1 a sele\u00e7\u00e3o com o menor saldo de faltas e cart\u00f5es, com base no ranking da Conmebol. . Jogador revela\u00e7\u00e3o. O melhor jovem jogador da Copa ser\u00e1 escolhido pelos torcedores votando diretamente no Facebook. Como participar? Basta ir \u00e0 p\u00e1gina da Copa Am\u00e9rica no Facebook <a href=\"https:\/\/www.facebook.com\/copaamerica\" rel=\"nofollow\">https:\/\/www.facebook.com\/copaamerica<\/a> A Copa no Facebook Seja no est\u00e1dio, assistindo ao jogo pela TV ou na fila do supermercado, o Facebook permite que os torcedores interajam em tempo real com os jogadores e outros f\u00e3s do esporte ao redor do mundo. O Facebook \u00e9 a maior comunidade de torcedores de esportes no mundo, com 650 milh\u00f5es de pessoas conectadas a p\u00e1ginas de esportes. E a Copa Am\u00e9rica no Chile se mostra como uma das maiores e mais apaixonantes conversas do ano no Facebook na Am\u00e9rica Latina.","protected":false},"author":81109636,"featured_media":0,"comment_status":"closed","ping_status":"closed","sticky":false,"template":"","format":"standard","meta":{"_jetpack_memberships_contains_paid_content":false,"footnotes":""},"categories":[1],"tags":[426660],"class_list":["post-3211","post","type-post","status-publish","format-standard","hentry","category-recent-news","tag-copa-america"],"yoast_head":"<!-- This site is optimized with the Yoast SEO plugin v27.2 - https:\/\/yoast.com\/product\/yoast-seo-wordpress\/ -->\n<title>Vote nas estrelas da Copa Am\u00e9rica no Facebook | Sobre a Meta<\/title>\n<meta name=\"robots\" content=\"index, follow, max-snippet:-1, max-image-preview:large, max-video-preview:-1\" \/>\n<link rel=\"canonical\" href=\"https:\/\/about.fb.com\/br\/news\/2015\/06\/vote-nas-estrelas-da-copa-america-no-facebook\/\" \/>\n<meta property=\"og:locale\" content=\"pt_BR\" \/>\n<meta property=\"og:type\" content=\"article\" \/>\n<meta property=\"og:title\" content=\"Vote nas estrelas da Copa Am\u00e9rica no Facebook | Sobre a Meta\" \/>\n<meta property=\"og:description\" content=\"Os torcedores da Am\u00e9rica Latina poder\u00e3o votar no Facebook nos melhores jogadores e times da Copa Am\u00e9rica 2015, al\u00e9m de escolher a revela\u00e7\u00e3o do campeonato. O Facebook \u00e9 o est\u00e1dio virtual da Copa Am\u00e9rica 2015, com 118 milh\u00f5es de intera\u00e7\u00f5es geradas por 32 milh\u00f5es de pessoas em todo o mundo, apenas na fase de grupos. Com a Copa entrando na reta final, o Facebook tamb\u00e9m ser\u00e1 o lugar onde os torcedores v\u00e3o poder discutir e votar, a partir desta semana, nas estrelas do campeonato nas seguintes categorias: . Goleador da Copa . Melhor goleiro. Ser\u00e1 escolhido entre os goleiros dos times que v\u00e3o disputar a final, com base no menor n\u00famero de gols sofridos durante toda a Copa. . Fair Play. Ser\u00e1 a sele\u00e7\u00e3o com o menor saldo de faltas e cart\u00f5es, com base no ranking da Conmebol. . Jogador revela\u00e7\u00e3o. O melhor jovem jogador da Copa ser\u00e1 escolhido pelos torcedores votando diretamente no Facebook. Como participar? Basta ir \u00e0 p\u00e1gina da Copa Am\u00e9rica no Facebook https:\/\/www.facebook.com\/copaamerica A Copa no Facebook Seja no est\u00e1dio, assistindo ao jogo pela TV ou na fila do supermercado, o Facebook permite que os torcedores interajam em tempo real com os jogadores e outros f\u00e3s do esporte ao redor do mundo. O Facebook \u00e9 a maior comunidade de torcedores de esportes no mundo, com 650 milh\u00f5es de pessoas conectadas a p\u00e1ginas de esportes. E a Copa Am\u00e9rica no Chile se mostra como uma das maiores e mais apaixonantes conversas do ano no Facebook na Am\u00e9rica Latina.\" \/>\n<meta property=\"og:url\" content=\"https:\/\/about.fb.com\/br\/news\/2015\/06\/vote-nas-estrelas-da-copa-america-no-facebook\/\" \/>\n<meta property=\"og:site_name\" content=\"Sobre a Meta\" \/>\n<meta property=\"article:published_time\" content=\"2015-06-25T22:17:40+00:00\" \/>\n<meta property=\"article:modified_time\" content=\"2021-06-17T13:11:23+00:00\" \/>\n<meta property=\"og:image\" content=\"https:\/\/about.fb.com\/br\/wp-content\/uploads\/sites\/3\/2015\/06\/screen-shot-2015-06-25-at-18-02-47-1.png\" \/>\n<meta name=\"author\" content=\"facebookbr\" \/>\n<meta name=\"twitter:card\" content=\"summary_large_image\" \/>\n<meta name=\"twitter:label1\" content=\"Written by\" \/>\n\t<meta name=\"twitter:data1\" content=\"Meta\" \/>\n\t<meta name=\"twitter:label2\" content=\"Est. reading time\" \/>\n\t<meta name=\"twitter:data2\" content=\"1 minuto\" \/>\n<script type=\"application\/ld+json\" class=\"yoast-schema-graph\">{\"@context\":\"https:\/\/schema.org\",\"@graph\":[{\"@type\":\"Article\",\"@id\":\"https:\/\/about.fb.com\/br\/news\/2015\/06\/vote-nas-estrelas-da-copa-america-no-facebook\/#article\",\"isPartOf\":{\"@id\":\"https:\/\/about.fb.com\/br\/news\/2015\/06\/vote-nas-estrelas-da-copa-america-no-facebook\/\"},\"author\":\"Facebook company\",\"headline\":\"Vote nas estrelas da Copa Am\u00e9rica no Facebook\",\"datePublished\":\"2015-06-25T22:17:40+00:00\",\"dateModified\":\"2021-06-17T13:11:23+00:00\",\"mainEntityOfPage\":{\"@id\":\"https:\/\/about.fb.com\/br\/news\/2015\/06\/vote-nas-estrelas-da-copa-america-no-facebook\/\"},\"wordCount\":277,\"publisher\":{\"@id\":\"https:\/\/about.fb.com\/br\/#organization\"},\"image\":{\"@id\":\"https:\/\/about.fb.com\/br\/news\/2015\/06\/vote-nas-estrelas-da-copa-america-no-facebook\/#primaryimage\"},\"thumbnailUrl\":\"https:\/\/about.fb.com\/br\/wp-content\/uploads\/sites\/3\/2015\/06\/screen-shot-2015-06-25-at-18-02-47-1.png\",\"keywords\":[\"Copa Am\u00e9rica\"],\"articleSection\":[\"Recent News\"],\"inLanguage\":\"pt-BR\"},{\"@type\":\"WebPage\",\"@id\":\"https:\/\/about.fb.com\/br\/news\/2015\/06\/vote-nas-estrelas-da-copa-america-no-facebook\/\",\"url\":\"https:\/\/about.fb.com\/br\/news\/2015\/06\/vote-nas-estrelas-da-copa-america-no-facebook\/\",\"name\":\"Vote nas estrelas da Copa Am\u00e9rica no Facebook | Sobre a Meta\",\"isPartOf\":{\"@id\":\"https:\/\/about.fb.com\/br\/#website\"},\"primaryImageOfPage\":{\"@id\":\"https:\/\/about.fb.com\/br\/news\/2015\/06\/vote-nas-estrelas-da-copa-america-no-facebook\/#primaryimage\"},\"image\":{\"@id\":\"https:\/\/about.fb.com\/br\/news\/2015\/06\/vote-nas-estrelas-da-copa-america-no-facebook\/#primaryimage\"},\"thumbnailUrl\":\"https:\/\/about.fb.com\/br\/wp-content\/uploads\/sites\/3\/2015\/06\/screen-shot-2015-06-25-at-18-02-47-1.png\",\"datePublished\":\"2015-06-25T22:17:40+00:00\",\"dateModified\":\"2021-06-17T13:11:23+00:00\",\"breadcrumb\":{\"@id\":\"https:\/\/about.fb.com\/br\/news\/2015\/06\/vote-nas-estrelas-da-copa-america-no-facebook\/#breadcrumb\"},\"inLanguage\":\"pt-BR\",\"potentialAction\":[{\"@type\":\"ReadAction\",\"target\":[\"https:\/\/about.fb.com\/br\/news\/2015\/06\/vote-nas-estrelas-da-copa-america-no-facebook\/\"]}],\"author\":\"Sobre a Meta\"},{\"@type\":\"ImageObject\",\"inLanguage\":\"pt-BR\",\"@id\":\"https:\/\/about.fb.com\/br\/news\/2015\/06\/vote-nas-estrelas-da-copa-america-no-facebook\/#primaryimage\",\"url\":\"https:\/\/about.fb.com\/br\/wp-content\/uploads\/sites\/3\/2015\/06\/screen-shot-2015-06-25-at-18-02-47-1.png\",\"contentUrl\":\"https:\/\/about.fb.com\/br\/wp-content\/uploads\/sites\/3\/2015\/06\/screen-shot-2015-06-25-at-18-02-47-1.png\"},{\"@type\":\"BreadcrumbList\",\"@id\":\"https:\/\/about.fb.com\/br\/news\/2015\/06\/vote-nas-estrelas-da-copa-america-no-facebook\/#breadcrumb\",\"itemListElement\":[{\"@type\":\"ListItem\",\"position\":1,\"name\":\"Home\",\"item\":\"https:\/\/about.fb.com\/br\/\"},{\"@type\":\"ListItem\",\"position\":2,\"name\":\"Vote nas estrelas da Copa Am\u00e9rica no Facebook\"}]},{\"@type\":\"WebSite\",\"@id\":\"https:\/\/about.fb.com\/br\/#website\",\"url\":\"https:\/\/about.fb.com\/news\/\",\"name\":\"Sobre a Meta\",\"description\":\"\",\"publisher\":{\"@id\":\"https:\/\/about.fb.com\/br\/#organization\"},\"potentialAction\":[{\"@type\":\"SearchAction\",\"target\":{\"@type\":\"EntryPoint\",\"urlTemplate\":\"https:\/\/about.fb.com\/br\/?s={search_term_string}\"},\"query-input\":{\"@type\":\"PropertyValueSpecification\",\"valueRequired\":true,\"valueName\":\"search_term_string\"}}],\"inLanguage\":\"pt-BR\",\"alternateName\":[\"Meta Newsroom\",\"Meta\"]},{\"@type\":\"Organization\",\"@id\":\"https:\/\/about.fb.com\/br\/#organization\",\"name\":\"Meta\",\"url\":\"https:\/\/about.fb.com\/br\/\",\"logo\":{\"@type\":\"ImageObject\",\"inLanguage\":\"pt-BR\",\"@id\":\"https:\/\/about.fb.com\/br\/#\/schema\/logo\/image\/\",\"url\":\"https:\/\/about.fb.com\/br\/wp-content\/uploads\/sites\/11\/2021\/10\/meta-social-16x9-1.jpg?fit=8000%2C4500\",\"contentUrl\":\"https:\/\/about.fb.com\/br\/wp-content\/uploads\/sites\/11\/2021\/10\/meta-social-16x9-1.jpg?fit=8000%2C4500\",\"width\":8000,\"height\":4500,\"caption\":\"Meta\"},\"image\":{\"@id\":\"https:\/\/about.fb.com\/br\/#\/schema\/logo\/image\/\"}}]}<\/script>\n<!-- \/ Yoast SEO plugin. -->","yoast_head_json":{"title":"Vote nas estrelas da Copa Am\u00e9rica no Facebook | Sobre a Meta","robots":{"index":"index","follow":"follow","max-snippet":"max-snippet:-1","max-image-preview":"max-image-preview:large","max-video-preview":"max-video-preview:-1"},"canonical":"https:\/\/about.fb.com\/br\/news\/2015\/06\/vote-nas-estrelas-da-copa-america-no-facebook\/","og_locale":"pt_BR","og_type":"article","og_title":"Vote nas estrelas da Copa Am\u00e9rica no Facebook | Sobre a Meta","og_description":"Os torcedores da Am\u00e9rica Latina poder\u00e3o votar no Facebook nos melhores jogadores e times da Copa Am\u00e9rica 2015, al\u00e9m de escolher a revela\u00e7\u00e3o do campeonato. O Facebook \u00e9 o est\u00e1dio virtual da Copa Am\u00e9rica 2015, com 118 milh\u00f5es de intera\u00e7\u00f5es geradas por 32 milh\u00f5es de pessoas em todo o mundo, apenas na fase de grupos. Com a Copa entrando na reta final, o Facebook tamb\u00e9m ser\u00e1 o lugar onde os torcedores v\u00e3o poder discutir e votar, a partir desta semana, nas estrelas do campeonato nas seguintes categorias: . Goleador da Copa . Melhor goleiro. Ser\u00e1 escolhido entre os goleiros dos times que v\u00e3o disputar a final, com base no menor n\u00famero de gols sofridos durante toda a Copa. . Fair Play. Ser\u00e1 a sele\u00e7\u00e3o com o menor saldo de faltas e cart\u00f5es, com base no ranking da Conmebol. . Jogador revela\u00e7\u00e3o. O melhor jovem jogador da Copa ser\u00e1 escolhido pelos torcedores votando diretamente no Facebook. Como participar? Basta ir \u00e0 p\u00e1gina da Copa Am\u00e9rica no Facebook https:\/\/www.facebook.com\/copaamerica A Copa no Facebook Seja no est\u00e1dio, assistindo ao jogo pela TV ou na fila do supermercado, o Facebook permite que os torcedores interajam em tempo real com os jogadores e outros f\u00e3s do esporte ao redor do mundo. O Facebook \u00e9 a maior comunidade de torcedores de esportes no mundo, com 650 milh\u00f5es de pessoas conectadas a p\u00e1ginas de esportes. E a Copa Am\u00e9rica no Chile se mostra como uma das maiores e mais apaixonantes conversas do ano no Facebook na Am\u00e9rica Latina.","og_url":"https:\/\/about.fb.com\/br\/news\/2015\/06\/vote-nas-estrelas-da-copa-america-no-facebook\/","og_site_name":"Sobre a Meta","article_published_time":"2015-06-25T22:17:40+00:00","article_modified_time":"2021-06-17T13:11:23+00:00","og_image":[{"url":"https:\/\/about.fb.com\/br\/wp-content\/uploads\/sites\/3\/2015\/06\/screen-shot-2015-06-25-at-18-02-47-1.png","type":"","width":"","height":""}],"author":"facebookbr","twitter_card":"summary_large_image","twitter_misc":{"Written by":"Meta","Est. reading time":"1 minuto"},"schema":{"@context":"https:\/\/schema.org","@graph":[{"@type":"Article","@id":"https:\/\/about.fb.com\/br\/news\/2015\/06\/vote-nas-estrelas-da-copa-america-no-facebook\/#article","isPartOf":{"@id":"https:\/\/about.fb.com\/br\/news\/2015\/06\/vote-nas-estrelas-da-copa-america-no-facebook\/"},"author":"Facebook company","headline":"Vote nas estrelas da Copa Am\u00e9rica no Facebook","datePublished":"2015-06-25T22:17:40+00:00","dateModified":"2021-06-17T13:11:23+00:00","mainEntityOfPage":{"@id":"https:\/\/about.fb.com\/br\/news\/2015\/06\/vote-nas-estrelas-da-copa-america-no-facebook\/"},"wordCount":277,"publisher":{"@id":"https:\/\/about.fb.com\/br\/#organization"},"image":{"@id":"https:\/\/about.fb.com\/br\/news\/2015\/06\/vote-nas-estrelas-da-copa-america-no-facebook\/#primaryimage"},"thumbnailUrl":"https:\/\/about.fb.com\/br\/wp-content\/uploads\/sites\/3\/2015\/06\/screen-shot-2015-06-25-at-18-02-47-1.png","keywords":["Copa Am\u00e9rica"],"articleSection":["Recent News"],"inLanguage":"pt-BR"},{"@type":"WebPage","@id":"https:\/\/about.fb.com\/br\/news\/2015\/06\/vote-nas-estrelas-da-copa-america-no-facebook\/","url":"https:\/\/about.fb.com\/br\/news\/2015\/06\/vote-nas-estrelas-da-copa-america-no-facebook\/","name":"Vote nas estrelas da Copa Am\u00e9rica no Facebook | Sobre a Meta","isPartOf":{"@id":"https:\/\/about.fb.com\/br\/#website"},"primaryImageOfPage":{"@id":"https:\/\/about.fb.com\/br\/news\/2015\/06\/vote-nas-estrelas-da-copa-america-no-facebook\/#primaryimage"},"image":{"@id":"https:\/\/about.fb.com\/br\/news\/2015\/06\/vote-nas-estrelas-da-copa-america-no-facebook\/#primaryimage"},"thumbnailUrl":"https:\/\/about.fb.com\/br\/wp-content\/uploads\/sites\/3\/2015\/06\/screen-shot-2015-06-25-at-18-02-47-1.png","datePublished":"2015-06-25T22:17:40+00:00","dateModified":"2021-06-17T13:11:23+00:00","breadcrumb":{"@id":"https:\/\/about.fb.com\/br\/news\/2015\/06\/vote-nas-estrelas-da-copa-america-no-facebook\/#breadcrumb"},"inLanguage":"pt-BR","potentialAction":[{"@type":"ReadAction","target":["https:\/\/about.fb.com\/br\/news\/2015\/06\/vote-nas-estrelas-da-copa-america-no-facebook\/"]}],"author":"Sobre a Meta"},{"@type":"ImageObject","inLanguage":"pt-BR","@id":"https:\/\/about.fb.com\/br\/news\/2015\/06\/vote-nas-estrelas-da-copa-america-no-facebook\/#primaryimage","url":"https:\/\/about.fb.com\/br\/wp-content\/uploads\/sites\/3\/2015\/06\/screen-shot-2015-06-25-at-18-02-47-1.png","contentUrl":"https:\/\/about.fb.com\/br\/wp-content\/uploads\/sites\/3\/2015\/06\/screen-shot-2015-06-25-at-18-02-47-1.png"},{"@type":"BreadcrumbList","@id":"https:\/\/about.fb.com\/br\/news\/2015\/06\/vote-nas-estrelas-da-copa-america-no-facebook\/#breadcrumb","itemListElement":[{"@type":"ListItem","position":1,"name":"Home","item":"https:\/\/about.fb.com\/br\/"},{"@type":"ListItem","position":2,"name":"Vote nas estrelas da Copa Am\u00e9rica no Facebook"}]},{"@type":"WebSite","@id":"https:\/\/about.fb.com\/br\/#website","url":"https:\/\/about.fb.com\/news\/","name":"Sobre a Meta","description":"","publisher":{"@id":"https:\/\/about.fb.com\/br\/#organization"},"potentialAction":[{"@type":"SearchAction","target":{"@type":"EntryPoint","urlTemplate":"https:\/\/about.fb.com\/br\/?s={search_term_string}"},"query-input":{"@type":"PropertyValueSpecification","valueRequired":true,"valueName":"search_term_string"}}],"inLanguage":"pt-BR","alternateName":["Meta Newsroom","Meta"]},{"@type":"Organization","@id":"https:\/\/about.fb.com\/br\/#organization","name":"Meta","url":"https:\/\/about.fb.com\/br\/","logo":{"@type":"ImageObject","inLanguage":"pt-BR","@id":"https:\/\/about.fb.com\/br\/#\/schema\/logo\/image\/","url":"https:\/\/about.fb.com\/br\/wp-content\/uploads\/sites\/11\/2021\/10\/meta-social-16x9-1.jpg?fit=8000%2C4500","contentUrl":"https:\/\/about.fb.com\/br\/wp-content\/uploads\/sites\/11\/2021\/10\/meta-social-16x9-1.jpg?fit=8000%2C4500","width":8000,"height":4500,"caption":"Meta"},"image":{"@id":"https:\/\/about.fb.com\/br\/#\/schema\/logo\/image\/"}}]}},"jetpack_featured_media_url":"","jetpack-related-posts":[{"id":26413,"url":"https:\/\/about.fb.com\/br\/news\/2025\/05\/expandindo-o-cabo-submarino-malbec-para-o-sul-do-brasil\/","url_meta":{"origin":3211,"position":0},"title":"Expandindo o cabo submarino Malbec para o sul do Brasil","author":"Meta","date":"20\/05\/2025","format":false,"excerpt":"Hoje, estamos animados em anunciar a expans\u00e3o do Malbec, um cabo submarino de 2,5 mil quil\u00f4metros que fornece conectividade entre o Cone Sul da Am\u00e9rica do Sul e o Brasil, at\u00e9 a cidade de Porto Alegre (RS). Desenvolvido pela Meta em conjunto com a empresa de infraestrutura digital neutra V.tal,\u2026","rel":"","context":"In &quot;Recent News&quot;","block_context":{"text":"Recent News","link":"https:\/\/about.fb.com\/br\/news\/category\/recent-news\/"},"img":{"alt_text":"","src":"https:\/\/about.fb.com\/br\/wp-content\/uploads\/sites\/11\/2025\/05\/WhatsApp-Image-2025-05-20-at-09.36.21.jpeg?fit=4160%2C2773&resize=350%2C200","width":350,"height":200,"srcset":"https:\/\/about.fb.com\/br\/wp-content\/uploads\/sites\/11\/2025\/05\/WhatsApp-Image-2025-05-20-at-09.36.21.jpeg?fit=4160%2C2773&resize=350%2C200 1x, https:\/\/about.fb.com\/br\/wp-content\/uploads\/sites\/11\/2025\/05\/WhatsApp-Image-2025-05-20-at-09.36.21.jpeg?fit=4160%2C2773&resize=525%2C300 1.5x, https:\/\/about.fb.com\/br\/wp-content\/uploads\/sites\/11\/2025\/05\/WhatsApp-Image-2025-05-20-at-09.36.21.jpeg?fit=4160%2C2773&resize=700%2C400 2x, https:\/\/about.fb.com\/br\/wp-content\/uploads\/sites\/11\/2025\/05\/WhatsApp-Image-2025-05-20-at-09.36.21.jpeg?fit=4160%2C2773&resize=1050%2C600 3x, https:\/\/about.fb.com\/br\/wp-content\/uploads\/sites\/11\/2025\/05\/WhatsApp-Image-2025-05-20-at-09.36.21.jpeg?fit=4160%2C2773&resize=1400%2C800 4x"},"classes":[]},{"id":26525,"url":"https:\/\/about.fb.com\/br\/news\/2025\/07\/combatendo-conteudo-nao-original-para-proteger-e-elevar-criadores-no-facebook\/","url_meta":{"origin":3211,"position":1},"title":"Combatendo conte\u00fado n\u00e3o original para proteger e elevar Criadores no Facebook","author":"Meta","date":"14\/07\/2025","format":false,"excerpt":"Acreditamos que os criadores devem ser celebrados por suas vozes e perspectivas \u00fanicas, e n\u00e3o ofuscados por imitadores e contas falsas. Recentemente, lan\u00e7amos uma iniciativa de longo prazo para tornar o Feed mais relevante e ajudar criadores aut\u00eanticos a se destacarem, come\u00e7ando pela redu\u00e7\u00e3o do conte\u00fado com spam. Estamos avan\u00e7ando\u2026","rel":"","context":"In &quot;Facebook&quot;","block_context":{"text":"Facebook","link":"https:\/\/about.fb.com\/br\/news\/category\/technologies\/facebook\/"},"img":{"alt_text":"","src":"https:\/\/about.fb.com\/br\/wp-content\/uploads\/sites\/11\/2025\/07\/Logo-Meta-1.jpg?fit=633%2C356&resize=350%2C200","width":350,"height":200,"srcset":"https:\/\/about.fb.com\/br\/wp-content\/uploads\/sites\/11\/2025\/07\/Logo-Meta-1.jpg?fit=633%2C356&resize=350%2C200 1x, https:\/\/about.fb.com\/br\/wp-content\/uploads\/sites\/11\/2025\/07\/Logo-Meta-1.jpg?fit=633%2C356&resize=525%2C300 1.5x"},"classes":[]},{"id":26887,"url":"https:\/\/about.fb.com\/br\/news\/2025\/12\/novo-estudo-revela-o-impacto-potencial-da-inteligencia-artificial-no-brasil-e-na-america-latina\/","url_meta":{"origin":3211,"position":2},"title":"Novo estudo revela o impacto potencial da Intelig\u00eancia Artificial no Brasil e na Am\u00e9rica Latina","author":"Meta","date":"18\/12\/2025","format":false,"excerpt":"Um novo estudo realizado pela Linux Foundation, encomendado pela Meta, apresenta dados e informa\u00e7\u00f5es sobre o cen\u00e1rio do mercado de Intelig\u00eancia Artificial (IA) na Am\u00e9rica Latina, e revela os principais desafios e oportunidades para que a regi\u00e3o possa alavancar essa tecnologia e promover um desenvolvimento tecnol\u00f3gico mais equitativo. Segundo o\u2026","rel":"","context":"In &quot;Impacto Econ\u00f4mico&quot;","block_context":{"text":"Impacto Econ\u00f4mico","link":"https:\/\/about.fb.com\/br\/news\/category\/temas-home\/impacto-economico\/"},"img":{"alt_text":"","src":"https:\/\/about.fb.com\/br\/wp-content\/uploads\/sites\/11\/2025\/12\/Economic-and-Workforce-Impacts-of-OS-AI-Linux-Foundation-paper-1.jpg?fit=1920%2C1080&resize=350%2C200","width":350,"height":200,"srcset":"https:\/\/about.fb.com\/br\/wp-content\/uploads\/sites\/11\/2025\/12\/Economic-and-Workforce-Impacts-of-OS-AI-Linux-Foundation-paper-1.jpg?fit=1920%2C1080&resize=350%2C200 1x, https:\/\/about.fb.com\/br\/wp-content\/uploads\/sites\/11\/2025\/12\/Economic-and-Workforce-Impacts-of-OS-AI-Linux-Foundation-paper-1.jpg?fit=1920%2C1080&resize=525%2C300 1.5x, https:\/\/about.fb.com\/br\/wp-content\/uploads\/sites\/11\/2025\/12\/Economic-and-Workforce-Impacts-of-OS-AI-Linux-Foundation-paper-1.jpg?fit=1920%2C1080&resize=700%2C400 2x, https:\/\/about.fb.com\/br\/wp-content\/uploads\/sites\/11\/2025\/12\/Economic-and-Workforce-Impacts-of-OS-AI-Linux-Foundation-paper-1.jpg?fit=1920%2C1080&resize=1050%2C600 3x, https:\/\/about.fb.com\/br\/wp-content\/uploads\/sites\/11\/2025\/12\/Economic-and-Workforce-Impacts-of-OS-AI-Linux-Foundation-paper-1.jpg?fit=1920%2C1080&resize=1400%2C800 4x"},"classes":[]},{"id":26598,"url":"https:\/\/about.fb.com\/br\/news\/2025\/08\/26598-pesquisa-revela-o-impacto-da-meta-nas-mpmes-da-america-latina\/","url_meta":{"origin":3211,"position":3},"title":"Pesquisa revela o impacto da Meta nas MPMEs da Am\u00e9rica Latina","author":"Meta","date":"26\/08\/2025","format":false,"excerpt":"As ferramentas da Meta n\u00e3o apenas conectam as MPMEs da Am\u00e9rica Latina aos seus clientes, como tamb\u00e9m criam novas oportunidades de crescimento. 9 em cada 10 empresas que utilizaram um ou mais produtos da Meta relataram aumento de receita. Aumento de receita por pa\u00eds: Argentina: 84% das empresas que usam\u2026","rel":"","context":"In &quot;Meta&quot;","block_context":{"text":"Meta","link":"https:\/\/about.fb.com\/br\/news\/category\/temas-home\/meta\/"},"img":{"alt_text":"","src":"https:\/\/about.fb.com\/br\/wp-content\/uploads\/sites\/11\/2025\/08\/Portada_Sin-texto.jpg?fit=3544%2C3544&resize=350%2C200","width":350,"height":200,"srcset":"https:\/\/about.fb.com\/br\/wp-content\/uploads\/sites\/11\/2025\/08\/Portada_Sin-texto.jpg?fit=3544%2C3544&resize=350%2C200 1x, https:\/\/about.fb.com\/br\/wp-content\/uploads\/sites\/11\/2025\/08\/Portada_Sin-texto.jpg?fit=3544%2C3544&resize=525%2C300 1.5x, https:\/\/about.fb.com\/br\/wp-content\/uploads\/sites\/11\/2025\/08\/Portada_Sin-texto.jpg?fit=3544%2C3544&resize=700%2C400 2x, https:\/\/about.fb.com\/br\/wp-content\/uploads\/sites\/11\/2025\/08\/Portada_Sin-texto.jpg?fit=3544%2C3544&resize=1050%2C600 3x, https:\/\/about.fb.com\/br\/wp-content\/uploads\/sites\/11\/2025\/08\/Portada_Sin-texto.jpg?fit=3544%2C3544&resize=1400%2C800 4x"},"classes":[]},{"id":27025,"url":"https:\/\/about.fb.com\/br\/news\/2026\/03\/apresentando-uma-nova-era-de-descoberta-de-produtos-impulsionada-por-ia-e-criadores\/","url_meta":{"origin":3211,"position":4},"title":"Apresentando uma nova era de descoberta de produtos impulsionada por IA e criadores","author":"Meta","date":"25\/03\/2026","format":false,"excerpt":"Todos os dias, bilh\u00f5es de pessoas acessam os aplicativos da Meta para descobrir algo novo \u2014 um produto que um criador adora, uma marca que chama sua aten\u00e7\u00e3o ou um estilo que elas nem sabiam que estavam procurando.A IA est\u00e1 ajudando a impulsionar esses momentos de descoberta, seja exibindo conte\u00fados\u2026","rel":"","context":"In &quot;Recent News&quot;","block_context":{"text":"Recent News","link":"https:\/\/about.fb.com\/br\/news\/category\/recent-news\/"},"img":{"alt_text":"","src":"https:\/\/about.fb.com\/br\/wp-content\/uploads\/sites\/11\/2026\/03\/newsroom-shoptalk.gif?w=312&resize=350%2C200","width":350,"height":200},"classes":[]},{"id":26367,"url":"https:\/\/about.fb.com\/br\/news\/2025\/05\/insights-dos-resultados-do-1o-trimestre-da-meta-para-impulsionar-o-desempenho-dos-negocios\/","url_meta":{"origin":3211,"position":5},"title":"Insights dos resultados do 1\u00ba trimestre da Meta para impulsionar o desempenho dos neg\u00f3cios","author":"Meta","date":"02\/05\/2025","format":false,"excerpt":"Hoje, estamos compartilhando alguns insights importantes sobre ganhos de performance com o uso de produtos de an\u00fancios baseados em intelig\u00eancia artificial, v\u00eddeos e Reels, al\u00e9m de a\u00e7\u00f5es que as empresas podem adotar para atrair mais clientes e aproveitar ao m\u00e1ximo cada investimento em marketing. As dicas se baseiam nos destaques\u2026","rel":"","context":"In &quot;Meta&quot;","block_context":{"text":"Meta","link":"https:\/\/about.fb.com\/br\/news\/category\/temas-home\/meta\/"},"img":{"alt_text":"","src":"https:\/\/about.fb.com\/br\/wp-content\/uploads\/sites\/11\/2025\/05\/capa.png?fit=1920%2C1080&resize=350%2C200","width":350,"height":200,"srcset":"https:\/\/about.fb.com\/br\/wp-content\/uploads\/sites\/11\/2025\/05\/capa.png?fit=1920%2C1080&resize=350%2C200 1x, https:\/\/about.fb.com\/br\/wp-content\/uploads\/sites\/11\/2025\/05\/capa.png?fit=1920%2C1080&resize=525%2C300 1.5x, https:\/\/about.fb.com\/br\/wp-content\/uploads\/sites\/11\/2025\/05\/capa.png?fit=1920%2C1080&resize=700%2C400 2x, https:\/\/about.fb.com\/br\/wp-content\/uploads\/sites\/11\/2025\/05\/capa.png?fit=1920%2C1080&resize=1050%2C600 3x, https:\/\/about.fb.com\/br\/wp-content\/uploads\/sites\/11\/2025\/05\/capa.png?fit=1920%2C1080&resize=1400%2C800 4x"},"classes":[]}],"jetpack_sharing_enabled":true,"amp_enabled":true,"_links":{"self":[{"href":"https:\/\/about.fb.com\/br\/wp-json\/wp\/v2\/posts\/3211","targetHints":{"allow":["GET"]}}],"collection":[{"href":"https:\/\/about.fb.com\/br\/wp-json\/wp\/v2\/posts"}],"about":[{"href":"https:\/\/about.fb.com\/br\/wp-json\/wp\/v2\/types\/post"}],"author":[{"embeddable":true,"href":"https:\/\/about.fb.com\/br\/wp-json\/wp\/v2\/users\/81109636"}],"replies":[{"embeddable":true,"href":"https:\/\/about.fb.com\/br\/wp-json\/wp\/v2\/comments?post=3211"}],"version-history":[{"count":3,"href":"https:\/\/about.fb.com\/br\/wp-json\/wp\/v2\/posts\/3211\/revisions"}],"predecessor-version":[{"id":8329,"href":"https:\/\/about.fb.com\/br\/wp-json\/wp\/v2\/posts\/3211\/revisions\/8329"}],"wp:attachment":[{"href":"https:\/\/about.fb.com\/br\/wp-json\/wp\/v2\/media?parent=3211"}],"wp:term":[{"taxonomy":"category","embeddable":true,"href":"https:\/\/about.fb.com\/br\/wp-json\/wp\/v2\/categories?post=3211"},{"taxonomy":"post_tag","embeddable":true,"href":"https:\/\/about.fb.com\/br\/wp-json\/wp\/v2\/tags?post=3211"}],"curies":[{"name":"wp","href":"https:\/\/api.w.org\/{rel}","templated":true}]}}