{"id":3113,"date":"2014-09-07T19:14:33","date_gmt":"2014-09-07T19:14:33","guid":{"rendered":"http:\/\/br.newsroom.fb.com\/?p=3113"},"modified":"2021-06-17T10:11:24","modified_gmt":"2021-06-17T13:11:24","slug":"as-novidades-de-videos-do-facebook","status":"publish","type":"post","link":"https:\/\/about.fb.com\/br\/news\/2014\/09\/as-novidades-de-videos-do-facebook\/","title":{"rendered":"As novidades de V\u00eddeos do Facebook"},"content":{"rendered":"<p><em>Por <\/em><a href=\"https:\/\/www.facebook.com\/fidji.simo?fref=ts\"><em>Fidji Simo,<\/em><\/a><em> Diretor de Gest\u00e3o de Produtos, V\u00eddeo<\/em><\/p>\n<p>V\u00eddeos s\u00e3o a maneira mais envolvente e imersiva de contar a sua hist\u00f3ria. Seja registrando as \u00faltimas not\u00edcias, os primeiros passos de um beb\u00ea ou contribuindo com o\u00a0<a href=\"https:\/\/newsroom.fb.com\/news\/2014\/08\/the-ice-bucket-challenge-on-facebook\/\">desafio a favor da caridade<\/a> de um amigo, \u00e9 um excelente meio para contar hist\u00f3rias. V\u00eddeos carregados diretamente ao Facebook s\u00e3o uma parte cada vez mais importante do Feed de Not\u00edcias; e mais pessoas do que nunca est\u00e3o compartilhando, descobrindo e interagindo com v\u00eddeos com os quais se importam.<\/p>\n<p>O aumento nas visualiza\u00e7\u00f5es de v\u00eddeos ultrapassou os 50% entre maio e julho deste ano e, desde ent\u00e3o, houve uma m\u00e9dia de mais de 1 bilh\u00e3o de visualiza\u00e7\u00f5es no Facebook todos os dias. O v\u00eddeo no Facebook foi desenvolvido primeiro para dispositivos m\u00f3veis<strong>, <\/strong> e agora mais de 65% das visualiza\u00e7\u00f5es de v\u00eddeo s\u00e3o em dispositivos m\u00f3veis. E estamos apenas come\u00e7ando.<\/p>\n<p>Durante o ano anterior, fizemos diversas melhorias para facilitar a descoberta e compartilhamento de excelentes v\u00eddeos no Facebook. E com uma atualiza\u00e7\u00e3o que come\u00e7ar\u00e1 a ser liberada essa semana, as pessoas poder\u00e3o ver quantas visualiza\u00e7\u00f5es um v\u00eddeo do Facebook teve. <a href=\"https:\/\/www.facebook.com\/help\/203759166332864\">As visualiza\u00e7\u00f5es ser\u00e3o exibidas<\/a> em v\u00eddeos p\u00fablicos de pessoas e P\u00e1ginas, para ajudar pessoas a descobrirem v\u00eddeos novos e populares.<\/p>\n<p><img data-recalc-dims=\"1\" loading=\"lazy\" decoding=\"async\" class=\"aligncenter size-full wp-image-3114\" src=\"https:\/\/about.fb.com\/br\/wp-content\/uploads\/sites\/3\/2014\/09\/view-count.png?resize=368%2C722\" alt=\"view-count\" width=\"368\" height=\"722\" \/><\/p>\n<p>No ano passado, <a href=\"https:\/\/newsroom.fb.com\/news\/2013\/09\/an-easier-way-to-watch-video\/\">v\u00eddeos come\u00e7aram a ganhar vida<\/a> com reprodu\u00e7\u00f5es autom\u00e1ticas enquanto as pessoas rolavam pelo Feed de Not\u00edcias. Essa atualiza\u00e7\u00e3o foi liberada aos poucos para que pud\u00e9ssemos receber coment\u00e1rios e fazer adapta\u00e7\u00f5es. Hoje, as pessoas nos EUA e em muitos pa\u00edses do mundo todo assistem a v\u00eddeos em reprodu\u00e7\u00e3o autom\u00e1tica no\u00a0Feed de Not\u00edcias. As configura\u00e7\u00f5es da reprodu\u00e7\u00e3o autom\u00e1tica podem ser\u00a0<a href=\"https:\/\/www.facebook.com\/help\/633446180035470\">personalizadas com facilidade<\/a> tanto em dispositivos m\u00f3veis quanto na Web.<\/p>\n<p><a href=\"https:\/\/newsroom.fb.com\/news\/2014\/06\/news-feed-fyi-showing-better-videos\/\">A classifica\u00e7\u00e3o de v\u00eddeos para o Feed de Not\u00edcias<\/a> foi aperfei\u00e7oada em junho para mostrar mais v\u00eddeos relevantes e interessante para as pessoas. Outro recurso atualmente em teste em dispositivos m\u00f3veis que tem como objetivo ajudar pessoas a descobrirem novos v\u00eddeos: agora, quando algu\u00e9m termina de assistir a um v\u00eddeo, podemos mostrar outros v\u00eddeos relacionados que podem ser do interesse dela.<\/p>\n<p><img data-recalc-dims=\"1\" loading=\"lazy\" decoding=\"async\" class=\"aligncenter size-full wp-image-3115\" src=\"https:\/\/about.fb.com\/br\/wp-content\/uploads\/sites\/3\/2014\/09\/related.png?resize=340%2C667\" alt=\"related\" width=\"340\" height=\"667\" \/><\/p>\n<p>Editores e figuras p\u00fablicas tamb\u00e9m est\u00e3o criando e compartilhando outros \u00f3timos conte\u00fados de v\u00eddeo no Facebook, desde v\u00eddeos de reportagens de organiza\u00e7\u00f5es em primeira m\u00e3o at\u00e9 v\u00eddeos de lan\u00e7amento e bastidores de figuras p\u00fablicas. Editores agora t\u00eam <a href=\"https:\/\/www.facebook.com\/business\/news\/Coming-Soon-Video-Metrics\">m\u00e9tricas mais detalhadas<\/a> e ferramentas melhores para ajud\u00e1-los a alcan\u00e7arem os seus p\u00fablicos no Facebook. A <a href=\"https:\/\/www.facebook.com\/help\/1496002820644748\">Chamada para a\u00e7\u00e3o<\/a> \u00e9 uma dessas ferramentas, que permite que criadores de conte\u00fado convidem pessoas para visitar um destino, como um site, depois do fim do v\u00eddeo para saber mais, assistir a outros v\u00eddeos ou realizar uma compra.<\/p>\n<p>O objetivo do Feed de Not\u00edcias \u00e9 exibir as hist\u00f3rias certas para as pessoas certas na hora certa, de pessoas e conte\u00fados do seu interesse. Al\u00e9m disso, mais pessoas do que nunca est\u00e3o vendo, compartilhando e se expressando por meio\u00a0de um v\u00eddeo no Facebook. Estamos empenhados em tornar o Facebook o melhor lugar para se compartilhar, descobrir e assistir a v\u00eddeos, e continuaremos levando em conta coment\u00e1rios para melhorar os v\u00eddeos no Facebook.<\/p>\n","protected":false},"excerpt":{"rendered":"O aumento nas visualiza\u00e7\u00f5es de v\u00eddeos ultrapassou os 50% entre maio e julho deste ano, e desde ent\u00e3o, houve uma m\u00e9dia de mais de 1 bilh\u00e3o de visualiza\u00e7\u00f5es no Facebook todos os dias.","protected":false},"author":60068712,"featured_media":0,"comment_status":"closed","ping_status":"closed","sticky":false,"template":"","format":"standard","meta":{"_jetpack_memberships_contains_paid_content":false,"footnotes":""},"categories":[1],"tags":[],"class_list":["post-3113","post","type-post","status-publish","format-standard","hentry","category-recent-news"],"yoast_head":"<!-- This site is optimized with the Yoast SEO plugin v27.2 - https:\/\/yoast.com\/product\/yoast-seo-wordpress\/ -->\n<title>As novidades de V\u00eddeos do Facebook | Sobre a Meta<\/title>\n<meta name=\"robots\" content=\"index, follow, max-snippet:-1, max-image-preview:large, max-video-preview:-1\" \/>\n<link rel=\"canonical\" href=\"https:\/\/about.fb.com\/br\/news\/2014\/09\/as-novidades-de-videos-do-facebook\/\" \/>\n<meta property=\"og:locale\" content=\"pt_BR\" \/>\n<meta property=\"og:type\" content=\"article\" \/>\n<meta property=\"og:title\" content=\"As novidades de V\u00eddeos do Facebook | Sobre a Meta\" \/>\n<meta property=\"og:description\" content=\"O aumento nas visualiza\u00e7\u00f5es de v\u00eddeos ultrapassou os 50% entre maio e julho deste ano, e desde ent\u00e3o, houve uma m\u00e9dia de mais de 1 bilh\u00e3o de visualiza\u00e7\u00f5es no Facebook todos os dias.\" \/>\n<meta property=\"og:url\" content=\"https:\/\/about.fb.com\/br\/news\/2014\/09\/as-novidades-de-videos-do-facebook\/\" \/>\n<meta property=\"og:site_name\" content=\"Sobre a Meta\" \/>\n<meta property=\"article:published_time\" content=\"2014-09-07T19:14:33+00:00\" \/>\n<meta property=\"article:modified_time\" content=\"2021-06-17T13:11:24+00:00\" \/>\n<meta property=\"og:image\" content=\"https:\/\/about.fb.com\/br\/wp-content\/uploads\/sites\/3\/2014\/09\/view-count.png\" \/>\n<meta name=\"twitter:card\" content=\"summary_large_image\" \/>\n<meta name=\"twitter:label1\" content=\"Written by\" \/>\n\t<meta name=\"twitter:data1\" content=\"Meta\" \/>\n\t<meta name=\"twitter:label2\" content=\"Est. reading time\" \/>\n\t<meta name=\"twitter:data2\" content=\"3 minutos\" \/>\n<script type=\"application\/ld+json\" class=\"yoast-schema-graph\">{\"@context\":\"https:\/\/schema.org\",\"@graph\":[{\"@type\":\"Article\",\"@id\":\"https:\/\/about.fb.com\/br\/news\/2014\/09\/as-novidades-de-videos-do-facebook\/#article\",\"isPartOf\":{\"@id\":\"https:\/\/about.fb.com\/br\/news\/2014\/09\/as-novidades-de-videos-do-facebook\/\"},\"author\":\"Facebook company\",\"headline\":\"As novidades de V\u00eddeos do Facebook\",\"datePublished\":\"2014-09-07T19:14:33+00:00\",\"dateModified\":\"2021-06-17T13:11:24+00:00\",\"mainEntityOfPage\":{\"@id\":\"https:\/\/about.fb.com\/br\/news\/2014\/09\/as-novidades-de-videos-do-facebook\/\"},\"wordCount\":599,\"publisher\":{\"@id\":\"https:\/\/about.fb.com\/br\/#organization\"},\"image\":{\"@id\":\"https:\/\/about.fb.com\/br\/news\/2014\/09\/as-novidades-de-videos-do-facebook\/#primaryimage\"},\"thumbnailUrl\":\"https:\/\/about.fb.com\/br\/wp-content\/uploads\/sites\/3\/2014\/09\/view-count.png\",\"articleSection\":[\"Recent News\"],\"inLanguage\":\"pt-BR\"},{\"@type\":\"WebPage\",\"@id\":\"https:\/\/about.fb.com\/br\/news\/2014\/09\/as-novidades-de-videos-do-facebook\/\",\"url\":\"https:\/\/about.fb.com\/br\/news\/2014\/09\/as-novidades-de-videos-do-facebook\/\",\"name\":\"As novidades de V\u00eddeos do Facebook | Sobre a Meta\",\"isPartOf\":{\"@id\":\"https:\/\/about.fb.com\/br\/#website\"},\"primaryImageOfPage\":{\"@id\":\"https:\/\/about.fb.com\/br\/news\/2014\/09\/as-novidades-de-videos-do-facebook\/#primaryimage\"},\"image\":{\"@id\":\"https:\/\/about.fb.com\/br\/news\/2014\/09\/as-novidades-de-videos-do-facebook\/#primaryimage\"},\"thumbnailUrl\":\"https:\/\/about.fb.com\/br\/wp-content\/uploads\/sites\/3\/2014\/09\/view-count.png\",\"datePublished\":\"2014-09-07T19:14:33+00:00\",\"dateModified\":\"2021-06-17T13:11:24+00:00\",\"breadcrumb\":{\"@id\":\"https:\/\/about.fb.com\/br\/news\/2014\/09\/as-novidades-de-videos-do-facebook\/#breadcrumb\"},\"inLanguage\":\"pt-BR\",\"potentialAction\":[{\"@type\":\"ReadAction\",\"target\":[\"https:\/\/about.fb.com\/br\/news\/2014\/09\/as-novidades-de-videos-do-facebook\/\"]}],\"author\":\"Sobre a Meta\"},{\"@type\":\"ImageObject\",\"inLanguage\":\"pt-BR\",\"@id\":\"https:\/\/about.fb.com\/br\/news\/2014\/09\/as-novidades-de-videos-do-facebook\/#primaryimage\",\"url\":\"https:\/\/about.fb.com\/br\/wp-content\/uploads\/sites\/3\/2014\/09\/view-count.png\",\"contentUrl\":\"https:\/\/about.fb.com\/br\/wp-content\/uploads\/sites\/3\/2014\/09\/view-count.png\"},{\"@type\":\"BreadcrumbList\",\"@id\":\"https:\/\/about.fb.com\/br\/news\/2014\/09\/as-novidades-de-videos-do-facebook\/#breadcrumb\",\"itemListElement\":[{\"@type\":\"ListItem\",\"position\":1,\"name\":\"Home\",\"item\":\"https:\/\/about.fb.com\/br\/\"},{\"@type\":\"ListItem\",\"position\":2,\"name\":\"As novidades de V\u00eddeos do Facebook\"}]},{\"@type\":\"WebSite\",\"@id\":\"https:\/\/about.fb.com\/br\/#website\",\"url\":\"https:\/\/about.fb.com\/news\/\",\"name\":\"Sobre a Meta\",\"description\":\"\",\"publisher\":{\"@id\":\"https:\/\/about.fb.com\/br\/#organization\"},\"potentialAction\":[{\"@type\":\"SearchAction\",\"target\":{\"@type\":\"EntryPoint\",\"urlTemplate\":\"https:\/\/about.fb.com\/br\/?s={search_term_string}\"},\"query-input\":{\"@type\":\"PropertyValueSpecification\",\"valueRequired\":true,\"valueName\":\"search_term_string\"}}],\"inLanguage\":\"pt-BR\",\"alternateName\":[\"Meta Newsroom\",\"Meta\"]},{\"@type\":\"Organization\",\"@id\":\"https:\/\/about.fb.com\/br\/#organization\",\"name\":\"Meta\",\"url\":\"https:\/\/about.fb.com\/br\/\",\"logo\":{\"@type\":\"ImageObject\",\"inLanguage\":\"pt-BR\",\"@id\":\"https:\/\/about.fb.com\/br\/#\/schema\/logo\/image\/\",\"url\":\"https:\/\/about.fb.com\/br\/wp-content\/uploads\/sites\/11\/2021\/10\/meta-social-16x9-1.jpg?fit=8000%2C4500\",\"contentUrl\":\"https:\/\/about.fb.com\/br\/wp-content\/uploads\/sites\/11\/2021\/10\/meta-social-16x9-1.jpg?fit=8000%2C4500\",\"width\":8000,\"height\":4500,\"caption\":\"Meta\"},\"image\":{\"@id\":\"https:\/\/about.fb.com\/br\/#\/schema\/logo\/image\/\"}}]}<\/script>\n<!-- \/ Yoast SEO plugin. -->","yoast_head_json":{"title":"As novidades de V\u00eddeos do Facebook | Sobre a Meta","robots":{"index":"index","follow":"follow","max-snippet":"max-snippet:-1","max-image-preview":"max-image-preview:large","max-video-preview":"max-video-preview:-1"},"canonical":"https:\/\/about.fb.com\/br\/news\/2014\/09\/as-novidades-de-videos-do-facebook\/","og_locale":"pt_BR","og_type":"article","og_title":"As novidades de V\u00eddeos do Facebook | Sobre a Meta","og_description":"O aumento nas visualiza\u00e7\u00f5es de v\u00eddeos ultrapassou os 50% entre maio e julho deste ano, e desde ent\u00e3o, houve uma m\u00e9dia de mais de 1 bilh\u00e3o de visualiza\u00e7\u00f5es no Facebook todos os dias.","og_url":"https:\/\/about.fb.com\/br\/news\/2014\/09\/as-novidades-de-videos-do-facebook\/","og_site_name":"Sobre a Meta","article_published_time":"2014-09-07T19:14:33+00:00","article_modified_time":"2021-06-17T13:11:24+00:00","og_image":[{"url":"https:\/\/about.fb.com\/br\/wp-content\/uploads\/sites\/3\/2014\/09\/view-count.png","type":"","width":"","height":""}],"twitter_card":"summary_large_image","twitter_misc":{"Written by":"Meta","Est. reading time":"3 minutos"},"schema":{"@context":"https:\/\/schema.org","@graph":[{"@type":"Article","@id":"https:\/\/about.fb.com\/br\/news\/2014\/09\/as-novidades-de-videos-do-facebook\/#article","isPartOf":{"@id":"https:\/\/about.fb.com\/br\/news\/2014\/09\/as-novidades-de-videos-do-facebook\/"},"author":"Facebook company","headline":"As novidades de V\u00eddeos do Facebook","datePublished":"2014-09-07T19:14:33+00:00","dateModified":"2021-06-17T13:11:24+00:00","mainEntityOfPage":{"@id":"https:\/\/about.fb.com\/br\/news\/2014\/09\/as-novidades-de-videos-do-facebook\/"},"wordCount":599,"publisher":{"@id":"https:\/\/about.fb.com\/br\/#organization"},"image":{"@id":"https:\/\/about.fb.com\/br\/news\/2014\/09\/as-novidades-de-videos-do-facebook\/#primaryimage"},"thumbnailUrl":"https:\/\/about.fb.com\/br\/wp-content\/uploads\/sites\/3\/2014\/09\/view-count.png","articleSection":["Recent News"],"inLanguage":"pt-BR"},{"@type":"WebPage","@id":"https:\/\/about.fb.com\/br\/news\/2014\/09\/as-novidades-de-videos-do-facebook\/","url":"https:\/\/about.fb.com\/br\/news\/2014\/09\/as-novidades-de-videos-do-facebook\/","name":"As novidades de V\u00eddeos do Facebook | Sobre a Meta","isPartOf":{"@id":"https:\/\/about.fb.com\/br\/#website"},"primaryImageOfPage":{"@id":"https:\/\/about.fb.com\/br\/news\/2014\/09\/as-novidades-de-videos-do-facebook\/#primaryimage"},"image":{"@id":"https:\/\/about.fb.com\/br\/news\/2014\/09\/as-novidades-de-videos-do-facebook\/#primaryimage"},"thumbnailUrl":"https:\/\/about.fb.com\/br\/wp-content\/uploads\/sites\/3\/2014\/09\/view-count.png","datePublished":"2014-09-07T19:14:33+00:00","dateModified":"2021-06-17T13:11:24+00:00","breadcrumb":{"@id":"https:\/\/about.fb.com\/br\/news\/2014\/09\/as-novidades-de-videos-do-facebook\/#breadcrumb"},"inLanguage":"pt-BR","potentialAction":[{"@type":"ReadAction","target":["https:\/\/about.fb.com\/br\/news\/2014\/09\/as-novidades-de-videos-do-facebook\/"]}],"author":"Sobre a Meta"},{"@type":"ImageObject","inLanguage":"pt-BR","@id":"https:\/\/about.fb.com\/br\/news\/2014\/09\/as-novidades-de-videos-do-facebook\/#primaryimage","url":"https:\/\/about.fb.com\/br\/wp-content\/uploads\/sites\/3\/2014\/09\/view-count.png","contentUrl":"https:\/\/about.fb.com\/br\/wp-content\/uploads\/sites\/3\/2014\/09\/view-count.png"},{"@type":"BreadcrumbList","@id":"https:\/\/about.fb.com\/br\/news\/2014\/09\/as-novidades-de-videos-do-facebook\/#breadcrumb","itemListElement":[{"@type":"ListItem","position":1,"name":"Home","item":"https:\/\/about.fb.com\/br\/"},{"@type":"ListItem","position":2,"name":"As novidades de V\u00eddeos do Facebook"}]},{"@type":"WebSite","@id":"https:\/\/about.fb.com\/br\/#website","url":"https:\/\/about.fb.com\/news\/","name":"Sobre a Meta","description":"","publisher":{"@id":"https:\/\/about.fb.com\/br\/#organization"},"potentialAction":[{"@type":"SearchAction","target":{"@type":"EntryPoint","urlTemplate":"https:\/\/about.fb.com\/br\/?s={search_term_string}"},"query-input":{"@type":"PropertyValueSpecification","valueRequired":true,"valueName":"search_term_string"}}],"inLanguage":"pt-BR","alternateName":["Meta Newsroom","Meta"]},{"@type":"Organization","@id":"https:\/\/about.fb.com\/br\/#organization","name":"Meta","url":"https:\/\/about.fb.com\/br\/","logo":{"@type":"ImageObject","inLanguage":"pt-BR","@id":"https:\/\/about.fb.com\/br\/#\/schema\/logo\/image\/","url":"https:\/\/about.fb.com\/br\/wp-content\/uploads\/sites\/11\/2021\/10\/meta-social-16x9-1.jpg?fit=8000%2C4500","contentUrl":"https:\/\/about.fb.com\/br\/wp-content\/uploads\/sites\/11\/2021\/10\/meta-social-16x9-1.jpg?fit=8000%2C4500","width":8000,"height":4500,"caption":"Meta"},"image":{"@id":"https:\/\/about.fb.com\/br\/#\/schema\/logo\/image\/"}}]}},"jetpack_featured_media_url":"","jetpack-related-posts":[{"id":26182,"url":"https:\/\/about.fb.com\/br\/news\/2025\/02\/atualizando-nossa-politica-de-armazenamento-de-lives-no-facebook\/","url_meta":{"origin":3113,"position":0},"title":"Atualizando nossa pol\u00edtica de armazenamento de Lives no Facebook","author":"Meta","date":"18\/02\/2025","format":false,"excerpt":"Pessoas em todo o mundo usam o Facebook Live para compartilhar suas experi\u00eancias com suas comunidades em tempo real. Como a maioria das visualiza\u00e7\u00f5es de v\u00eddeos ao vivo ocorrem nas primeiras semanas ap\u00f3s a transmiss\u00e3o, estamos atualizando por quanto tempo as Lives podem ser armazenadas no Facebook. A partir de\u2026","rel":"","context":"In &quot;Facebook&quot;","block_context":{"text":"Facebook","link":"https:\/\/about.fb.com\/br\/news\/category\/technologies\/facebook\/"},"img":{"alt_text":"","src":"https:\/\/about.fb.com\/br\/wp-content\/uploads\/sites\/11\/2025\/02\/Download-Live-Videos.jpg?fit=1280%2C720&resize=350%2C200","width":350,"height":200,"srcset":"https:\/\/about.fb.com\/br\/wp-content\/uploads\/sites\/11\/2025\/02\/Download-Live-Videos.jpg?fit=1280%2C720&resize=350%2C200 1x, https:\/\/about.fb.com\/br\/wp-content\/uploads\/sites\/11\/2025\/02\/Download-Live-Videos.jpg?fit=1280%2C720&resize=525%2C300 1.5x, https:\/\/about.fb.com\/br\/wp-content\/uploads\/sites\/11\/2025\/02\/Download-Live-Videos.jpg?fit=1280%2C720&resize=700%2C400 2x, https:\/\/about.fb.com\/br\/wp-content\/uploads\/sites\/11\/2025\/02\/Download-Live-Videos.jpg?fit=1280%2C720&resize=1050%2C600 3x"},"classes":[]},{"id":26809,"url":"https:\/\/about.fb.com\/br\/news\/2025\/11\/protecao-de-conteudo-seu-novo-guardiao-da-criatividade-no-facebook\/","url_meta":{"origin":3113,"position":1},"title":"Prote\u00e7\u00e3o de conte\u00fado: Seu novo guardi\u00e3o da criatividade no Facebook","author":"Meta","date":"17\/11\/2025","format":false,"excerpt":"O Facebook est\u00e1 lan\u00e7ando a prote\u00e7\u00e3o de conte\u00fado, uma nova ferramenta para criadores que protege automaticamente seus Reels originais, alerta quando conte\u00fados correspondentes a esses Reels s\u00e3o detectados no Facebook ou Instagram e ajuda voc\u00ea a tomar medidas caso seu trabalho seja usado sem permiss\u00e3o. Seu trabalho original \u00e9 a\u2026","rel":"","context":"In &quot;Facebook&quot;","block_context":{"text":"Facebook","link":"https:\/\/about.fb.com\/br\/news\/category\/technologies\/facebook\/"},"img":{"alt_text":"","src":"https:\/\/about.fb.com\/br\/wp-content\/uploads\/sites\/11\/2025\/07\/Logo-Meta-1.jpg?fit=633%2C356&resize=350%2C200","width":350,"height":200,"srcset":"https:\/\/about.fb.com\/br\/wp-content\/uploads\/sites\/11\/2025\/07\/Logo-Meta-1.jpg?fit=633%2C356&resize=350%2C200 1x, https:\/\/about.fb.com\/br\/wp-content\/uploads\/sites\/11\/2025\/07\/Logo-Meta-1.jpg?fit=633%2C356&resize=525%2C300 1.5x"},"classes":[]},{"id":27047,"url":"https:\/\/about.fb.com\/br\/news\/2026\/03\/da-cultura-aos-negocios-como-a-ia-esta-impulsionando-conexoes-personalizadas-e-crescimento\/","url_meta":{"origin":3113,"position":2},"title":"Da cultura aos neg\u00f3cios: como a IA est\u00e1 impulsionando conex\u00f5es personalizadas e crescimento","author":"Meta","date":"26\/03\/2026","format":false,"excerpt":"Esta semana, a ind\u00fastria publicit\u00e1ria se reuniu no\u00a0Shoptalk\u00a0e no\u00a0IAB Newfronts\u00a0para explorar o futuro do e-commerce e da publicidade. Embora esses eventos foquem em diferentes partes da jornada do cliente, eles enfatizam um desafio compartilhado por todos os profissionais de marketing: capturar a aten\u00e7\u00e3o e transform\u00e1-la em a\u00e7\u00e3o significativa est\u00e1 mais\u2026","rel":"","context":"In &quot;Recent News&quot;","block_context":{"text":"Recent News","link":"https:\/\/about.fb.com\/br\/news\/category\/recent-news\/"},"img":{"alt_text":"","src":"https:\/\/about.fb.com\/br\/wp-content\/uploads\/sites\/11\/2026\/03\/Product-video-generation-tool-for-catalog-product-video.gif?resize=350%2C200","width":350,"height":200,"srcset":"https:\/\/about.fb.com\/br\/wp-content\/uploads\/sites\/11\/2026\/03\/Product-video-generation-tool-for-catalog-product-video.gif?resize=350%2C200 1x, https:\/\/about.fb.com\/br\/wp-content\/uploads\/sites\/11\/2026\/03\/Product-video-generation-tool-for-catalog-product-video.gif?resize=525%2C300 1.5x, https:\/\/about.fb.com\/br\/wp-content\/uploads\/sites\/11\/2026\/03\/Product-video-generation-tool-for-catalog-product-video.gif?resize=700%2C400 2x, https:\/\/about.fb.com\/br\/wp-content\/uploads\/sites\/11\/2026\/03\/Product-video-generation-tool-for-catalog-product-video.gif?resize=1050%2C600 3x"},"classes":[]},{"id":26501,"url":"https:\/\/about.fb.com\/br\/news\/2025\/06\/apresentamos-chaves-de-acesso-no-facebook-para-facilitar-o-login\/","url_meta":{"origin":3113,"position":3},"title":"Apresentamos chaves de acesso no Facebook para facilitar o login","author":"Meta","date":"18\/06\/2025","format":false,"excerpt":"Estamos introduzindo as chaves de acesso no Facebook para dispositivos m\u00f3veis, oferecendo outra ferramenta para proteger sua privacidade e seguran\u00e7a. As chaves de acesso s\u00e3o uma nova maneira de verificar sua identidade e fazer login na sua conta com mais facilidade e seguran\u00e7a do que usando as senhas tradicionais. Em\u2026","rel":"","context":"In &quot;Facebook&quot;","block_context":{"text":"Facebook","link":"https:\/\/about.fb.com\/br\/news\/category\/technologies\/facebook\/"},"img":{"alt_text":"","src":"https:\/\/about.fb.com\/br\/wp-content\/uploads\/sites\/11\/2025\/06\/Meta_FB-Chaves-de-Acesso.jpg?fit=1280%2C720&resize=350%2C200","width":350,"height":200,"srcset":"https:\/\/about.fb.com\/br\/wp-content\/uploads\/sites\/11\/2025\/06\/Meta_FB-Chaves-de-Acesso.jpg?fit=1280%2C720&resize=350%2C200 1x, https:\/\/about.fb.com\/br\/wp-content\/uploads\/sites\/11\/2025\/06\/Meta_FB-Chaves-de-Acesso.jpg?fit=1280%2C720&resize=525%2C300 1.5x, https:\/\/about.fb.com\/br\/wp-content\/uploads\/sites\/11\/2025\/06\/Meta_FB-Chaves-de-Acesso.jpg?fit=1280%2C720&resize=700%2C400 2x, https:\/\/about.fb.com\/br\/wp-content\/uploads\/sites\/11\/2025\/06\/Meta_FB-Chaves-de-Acesso.jpg?fit=1280%2C720&resize=1050%2C600 3x"},"classes":[]},{"id":26525,"url":"https:\/\/about.fb.com\/br\/news\/2025\/07\/combatendo-conteudo-nao-original-para-proteger-e-elevar-criadores-no-facebook\/","url_meta":{"origin":3113,"position":4},"title":"Combatendo conte\u00fado n\u00e3o original para proteger e elevar Criadores no Facebook","author":"Meta","date":"14\/07\/2025","format":false,"excerpt":"Acreditamos que os criadores devem ser celebrados por suas vozes e perspectivas \u00fanicas, e n\u00e3o ofuscados por imitadores e contas falsas. Recentemente, lan\u00e7amos uma iniciativa de longo prazo para tornar o Feed mais relevante e ajudar criadores aut\u00eanticos a se destacarem, come\u00e7ando pela redu\u00e7\u00e3o do conte\u00fado com spam. Estamos avan\u00e7ando\u2026","rel":"","context":"In &quot;Facebook&quot;","block_context":{"text":"Facebook","link":"https:\/\/about.fb.com\/br\/news\/category\/technologies\/facebook\/"},"img":{"alt_text":"","src":"https:\/\/about.fb.com\/br\/wp-content\/uploads\/sites\/11\/2025\/07\/Logo-Meta-1.jpg?fit=633%2C356&resize=350%2C200","width":350,"height":200,"srcset":"https:\/\/about.fb.com\/br\/wp-content\/uploads\/sites\/11\/2025\/07\/Logo-Meta-1.jpg?fit=633%2C356&resize=350%2C200 1x, https:\/\/about.fb.com\/br\/wp-content\/uploads\/sites\/11\/2025\/07\/Logo-Meta-1.jpg?fit=633%2C356&resize=525%2C300 1.5x"},"classes":[]},{"id":26390,"url":"https:\/\/about.fb.com\/br\/news\/2025\/05\/meta-apresenta-novas-solucoes-para-criadores-e-marcas\/","url_meta":{"origin":3113,"position":5},"title":"Meta apresenta novas solu\u00e7\u00f5es para criadores e marcas","author":"Meta","date":"08\/05\/2025","format":false,"excerpt":"Com bilh\u00f5es de intera\u00e7\u00f5es di\u00e1rias, a Meta \u00e9 o lugar onde as pessoas descobrem, se conectam e compram. Nossos diversos formatos e posicionamentos de an\u00fancios ajudam as mensagens a serem vistas e ouvidas. Somente os Reels geram 4,5 bilh\u00f5es de compartilhamentos por dia. Hoje, anunciamos novas solu\u00e7\u00f5es de marketing com\u2026","rel":"","context":"In &quot;Meta&quot;","block_context":{"text":"Meta","link":"https:\/\/about.fb.com\/br\/news\/category\/temas-home\/meta\/"},"img":{"alt_text":"","src":"https:\/\/about.fb.com\/br\/wp-content\/uploads\/sites\/11\/2025\/05\/495518465_1208029907787418_2711818781208175959_n.gif?resize=350%2C200","width":350,"height":200},"classes":[]}],"jetpack_sharing_enabled":true,"amp_enabled":true,"_links":{"self":[{"href":"https:\/\/about.fb.com\/br\/wp-json\/wp\/v2\/posts\/3113","targetHints":{"allow":["GET"]}}],"collection":[{"href":"https:\/\/about.fb.com\/br\/wp-json\/wp\/v2\/posts"}],"about":[{"href":"https:\/\/about.fb.com\/br\/wp-json\/wp\/v2\/types\/post"}],"author":[{"embeddable":true,"href":"https:\/\/about.fb.com\/br\/wp-json\/wp\/v2\/users\/60068712"}],"replies":[{"embeddable":true,"href":"https:\/\/about.fb.com\/br\/wp-json\/wp\/v2\/comments?post=3113"}],"version-history":[{"count":4,"href":"https:\/\/about.fb.com\/br\/wp-json\/wp\/v2\/posts\/3113\/revisions"}],"predecessor-version":[{"id":8348,"href":"https:\/\/about.fb.com\/br\/wp-json\/wp\/v2\/posts\/3113\/revisions\/8348"}],"wp:attachment":[{"href":"https:\/\/about.fb.com\/br\/wp-json\/wp\/v2\/media?parent=3113"}],"wp:term":[{"taxonomy":"category","embeddable":true,"href":"https:\/\/about.fb.com\/br\/wp-json\/wp\/v2\/categories?post=3113"},{"taxonomy":"post_tag","embeddable":true,"href":"https:\/\/about.fb.com\/br\/wp-json\/wp\/v2\/tags?post=3113"}],"curies":[{"name":"wp","href":"https:\/\/api.w.org\/{rel}","templated":true}]}}