{"id":27483,"date":"2026-09-02T10:26:46","date_gmt":"2026-09-02T13:26:46","guid":{"rendered":"https:\/\/about.fb.com\/br\/?p=27483"},"modified":"2026-09-02T10:26:46","modified_gmt":"2026-09-02T13:26:46","slug":"edits-lanca-nova-tipografia-100-pintada-a-mao-por-artista-brasileiro","status":"publish","type":"post","link":"https:\/\/about.fb.com\/br\/news\/2026\/09\/edits-lanca-nova-tipografia-100-pintada-a-mao-por-artista-brasileiro\/","title":{"rendered":"Edits lan\u00e7a nova tipografia 100% pintada \u00e0 m\u00e3o por artista brasileiro"},"content":{"rendered":"<p><span style=\"font-weight: 400\">O Instagram convidou o artista brasileiro Filipe Grimaldi para levar seu olhar sobre o letrismo vernacular sul-americano ao aplicativo Edits. O resultado \u00e9 a BOTECO, uma tipografia inspirada nos letreiros pintados \u00e0 m\u00e3o que fazem parte da paisagem urbana do Brasil e da Am\u00e9rica Latina \u2014 agora dispon\u00edvel para criadores de todo o mundo usarem em seus Reels.\u00a0<\/span><\/p>\n<p><b>A ess\u00eancia da fonte Boteco<\/b><\/p>\n<p><span style=\"font-weight: 400\">Para criar a BOTECO, Grimaldi pintou todo o alfabeto \u00e0 m\u00e3o antes de digitalizar e adaptar cada caractere para o uso no Edits. O processo teve como ponto de partida a sua pesquisa de fotografias vintage da d\u00e9cada dos anos 1950, que ajudaram a resgatar elementos visuais presentes em com\u00e9rcios populares, placas e letreiros de rua.<\/span><\/p>\n<p><span style=\"font-weight: 400\">O resultado \u00e9 uma tipografia que combina:<\/span><\/p>\n<ul>\n<li style=\"font-weight: 400\"><b>Versatilidade e legibilidade:<\/b><span style=\"font-weight: 400\"> a <\/span><i><span style=\"font-weight: 400\">BOTECO<\/span><\/i><span style=\"font-weight: 400\"> combina tra\u00e7os finos e grossos (Thick and Thin), funcionando tanto para t\u00edtulos de destaque quanto para textos mais longos no v\u00eddeo.<\/span><\/li>\n<li style=\"font-weight: 400\"><b>Est\u00e9tica popular latina:<\/b><span style=\"font-weight: 400\"> o preset <\/span><i><span style=\"font-weight: 400\">Popular Latino<\/span><\/i><span style=\"font-weight: 400\"> adiciona um degrad\u00ea vibrante ao interior das letras e uma sombra na base, inspirados na est\u00e9tica caracter\u00edstica dos letreiros de rua.<\/span><\/li>\n<li style=\"font-weight: 400\"><b>Personaliza\u00e7\u00e3o:<\/b><span style=\"font-weight: 400\"> as cores da tipografia e do preset podem ser ajustadas diretamente no Edits, permitindo adaptar o visual a diferentes tipos de cen\u00e1rios \u2013 dos mais claros ao mais escuro.<\/span>\n<ul>\n<li style=\"font-weight: 400\"><span style=\"font-weight: 400\">A fonte oferece tr\u00eas possibilidades de aplica\u00e7\u00e3o: a <\/span><i><span style=\"font-weight: 400\">BOTECO<\/span><\/i><span style=\"font-weight: 400\">, sem efeitos; o preset <\/span><i><span style=\"font-weight: 400\">Popular Latino<\/span><\/i><span style=\"font-weight: 400\">, com gradiente e sombra; e o efeito <\/span><i><span style=\"font-weight: 400\">Gradient<\/span><\/i><span style=\"font-weight: 400\">.<\/span><\/li>\n<\/ul>\n<\/li>\n<\/ul>\n<div id='gallery-1' class='gallery galleryid-27483 gallery-columns-2 gallery-size-medium'><figure class='gallery-item'>\n\t\t\t<div class='gallery-icon portrait'>\n\t\t\t\t<a href='https:\/\/about.fb.com\/br\/news\/2026\/09\/edits-lanca-nova-tipografia-100-pintada-a-mao-por-artista-brasileiro\/dsc08392\/'><img data-recalc-dims=\"1\" loading=\"lazy\" decoding=\"async\" width=\"200\" height=\"300\" src=\"https:\/\/about.fb.com\/br\/wp-content\/uploads\/sites\/11\/2026\/09\/DSC08392.jpg?fit=200%2C300&#038;resize=200%2C300\" class=\"attachment-medium size-medium\" alt=\"\" srcset=\"https:\/\/about.fb.com\/br\/wp-content\/uploads\/sites\/11\/2026\/09\/DSC08392.jpg?w=2832 2832w, https:\/\/about.fb.com\/br\/wp-content\/uploads\/sites\/11\/2026\/09\/DSC08392.jpg?w=267 267w, https:\/\/about.fb.com\/br\/wp-content\/uploads\/sites\/11\/2026\/09\/DSC08392.jpg?w=200 200w, https:\/\/about.fb.com\/br\/wp-content\/uploads\/sites\/11\/2026\/09\/DSC08392.jpg?w=768 768w, https:\/\/about.fb.com\/br\/wp-content\/uploads\/sites\/11\/2026\/09\/DSC08392.jpg?w=684 684w, https:\/\/about.fb.com\/br\/wp-content\/uploads\/sites\/11\/2026\/09\/DSC08392.jpg?w=1026 1026w, https:\/\/about.fb.com\/br\/wp-content\/uploads\/sites\/11\/2026\/09\/DSC08392.jpg?w=1368 1368w, https:\/\/about.fb.com\/br\/wp-content\/uploads\/sites\/11\/2026\/09\/DSC08392.jpg?w=721 721w, https:\/\/about.fb.com\/br\/wp-content\/uploads\/sites\/11\/2026\/09\/DSC08392.jpg?w=1443 1443w, https:\/\/about.fb.com\/br\/wp-content\/uploads\/sites\/11\/2026\/09\/DSC08392.jpg?w=401 401w, https:\/\/about.fb.com\/br\/wp-content\/uploads\/sites\/11\/2026\/09\/DSC08392.jpg?w=1920 1920w\" sizes=\"auto, (max-width: 200px) 100vw, 200px\" \/><\/a>\n\t\t\t<\/div><\/figure><figure class='gallery-item'>\n\t\t\t<div class='gallery-icon portrait'>\n\t\t\t\t<a href='https:\/\/about.fb.com\/br\/news\/2026\/09\/edits-lanca-nova-tipografia-100-pintada-a-mao-por-artista-brasileiro\/dsc08331\/'><img data-recalc-dims=\"1\" loading=\"lazy\" decoding=\"async\" width=\"200\" height=\"300\" src=\"https:\/\/about.fb.com\/br\/wp-content\/uploads\/sites\/11\/2026\/09\/DSC08331.jpg?fit=200%2C300&#038;resize=200%2C300\" class=\"attachment-medium size-medium\" alt=\"\" srcset=\"https:\/\/about.fb.com\/br\/wp-content\/uploads\/sites\/11\/2026\/09\/DSC08331.jpg?w=2832 2832w, https:\/\/about.fb.com\/br\/wp-content\/uploads\/sites\/11\/2026\/09\/DSC08331.jpg?w=267 267w, https:\/\/about.fb.com\/br\/wp-content\/uploads\/sites\/11\/2026\/09\/DSC08331.jpg?w=200 200w, https:\/\/about.fb.com\/br\/wp-content\/uploads\/sites\/11\/2026\/09\/DSC08331.jpg?w=768 768w, https:\/\/about.fb.com\/br\/wp-content\/uploads\/sites\/11\/2026\/09\/DSC08331.jpg?w=684 684w, https:\/\/about.fb.com\/br\/wp-content\/uploads\/sites\/11\/2026\/09\/DSC08331.jpg?w=1026 1026w, https:\/\/about.fb.com\/br\/wp-content\/uploads\/sites\/11\/2026\/09\/DSC08331.jpg?w=1368 1368w, https:\/\/about.fb.com\/br\/wp-content\/uploads\/sites\/11\/2026\/09\/DSC08331.jpg?w=721 721w, https:\/\/about.fb.com\/br\/wp-content\/uploads\/sites\/11\/2026\/09\/DSC08331.jpg?w=1443 1443w, https:\/\/about.fb.com\/br\/wp-content\/uploads\/sites\/11\/2026\/09\/DSC08331.jpg?w=401 401w, https:\/\/about.fb.com\/br\/wp-content\/uploads\/sites\/11\/2026\/09\/DSC08331.jpg?w=1920 1920w\" sizes=\"auto, (max-width: 200px) 100vw, 200px\" \/><\/a>\n\t\t\t<\/div><\/figure>\n\t\t<\/div>\n\n<h4><b>Do vernacular ao digital<\/b><\/h4>\n<p><span style=\"font-weight: 400\">A cria\u00e7\u00e3o da BOTECO parte de uma pesquisa que acompanha o trabalho de Grimaldi h\u00e1 anos. O artista investiga o letrismo vernacular sul-americano \u2014 conjunto de letras, s\u00edmbolos e t\u00e9cnicas pintadas \u00e0 m\u00e3o que ajudam a construir a identidade visual de cidades brasileiras e latino-americanas.<\/span><\/p>\n<blockquote><p><span style=\"font-weight: 400\">\u201cNo momento em que soube da possibilidade de eu, como letrista, poder colocar um alfabeto dentro do Edits, pensei que gostaria de fazer aquilo manualmente. N\u00e3o s\u00f3 para representar os pintores de letras, mas tamb\u00e9m para coroar a est\u00e9tica latina que a gente tanto pesquisa. Pintei todo o alfabeto, digitalizamos, vetorizamos, programamos e adicionamos efeitos incr\u00edveis com o time de design do Instagram. Processo muito rico, com resultado fant\u00e1stico e para todos os criadores.\u201d \u2013 Filipe Grimaldi.<\/span><\/p><\/blockquote>\n<p><span style=\"font-weight: 400\">Com a BOTECO, uma est\u00e9tica que nasceu nas ruas ganha uma nova possibilidade de express\u00e3o no ambiente digital. A tipografia leva para o Edits refer\u00eancias da cultura visual popular brasileira e sul-americana, conectando mem\u00f3ria, design e cria\u00e7\u00e3o de conte\u00fado.<\/span><\/p>\n<p><span style=\"font-weight: 400\">A fonte <\/span><b>BOTECO j\u00e1 est\u00e1 dispon\u00edvel no Edits<\/b><span style=\"font-weight: 400\">. Experimente a nova tipografia no seu pr\u00f3ximo Reels.<\/span><\/p>\n","protected":false},"excerpt":{"rendered":"O Instagram convidou o artista brasileiro Filipe Grimaldi para levar seu olhar sobre o letrismo vernacular sul-americano ao aplicativo Edits. O resultado \u00e9 a BOTECO, uma tipografia inspirada nos letreiros pintados \u00e0 m\u00e3o que fazem parte da paisagem urbana do Brasil e da Am\u00e9rica Latina \u2014 agora dispon\u00edvel para criadores de todo o mundo usarem em seus Reels.\u00a0 A ess\u00eancia da fonte Boteco Para criar a BOTECO, Grimaldi pintou todo o alfabeto \u00e0 m\u00e3o antes de digitalizar e adaptar cada caractere para o uso no Edits. O processo teve como ponto de partida a sua pesquisa de fotografias vintage da d\u00e9cada dos anos 1950, que ajudaram a resgatar elementos visuais presentes em com\u00e9rcios populares, placas e letreiros de rua. O resultado \u00e9 uma tipografia que combina: Versatilidade e legibilidade: a BOTECO combina tra\u00e7os finos e grossos (Thick and Thin), funcionando tanto para t\u00edtulos de destaque quanto para textos mais longos no v\u00eddeo. Est\u00e9tica popular latina: o preset Popular Latino adiciona um degrad\u00ea vibrante ao interior das letras e uma sombra na base, inspirados na est\u00e9tica caracter\u00edstica dos letreiros de rua. Personaliza\u00e7\u00e3o: as cores da tipografia e do preset podem ser ajustadas diretamente no Edits, permitindo adaptar o visual a diferentes tipos de cen\u00e1rios \u2013 dos mais claros ao mais escuro. A fonte oferece tr\u00eas possibilidades de aplica\u00e7\u00e3o: a BOTECO, sem efeitos; o preset Popular Latino, com gradiente e sombra; e o efeito Gradient. Do vernacular ao digital A cria\u00e7\u00e3o da BOTECO parte de uma pesquisa que acompanha o trabalho de Grimaldi h\u00e1 anos. O artista investiga o letrismo vernacular sul-americano \u2014 conjunto de letras, s\u00edmbolos e t\u00e9cnicas pintadas \u00e0 m\u00e3o que ajudam a construir a identidade visual de cidades brasileiras e latino-americanas. \u201cNo momento em que soube da possibilidade de eu, como letrista, poder colocar um alfabeto dentro do Edits, pensei que gostaria de fazer aquilo manualmente. N\u00e3o s\u00f3 para representar os pintores de letras, mas tamb\u00e9m para coroar a est\u00e9tica latina que a gente tanto pesquisa. Pintei todo o alfabeto, digitalizamos, vetorizamos, programamos e adicionamos efeitos incr\u00edveis com o time de design do Instagram. Processo muito rico, com resultado fant\u00e1stico e para todos os criadores.\u201d \u2013 Filipe Grimaldi. Com a BOTECO, uma est\u00e9tica que nasceu nas ruas ganha uma nova possibilidade de express\u00e3o no ambiente digital. A tipografia leva para o Edits refer\u00eancias da cultura visual popular brasileira e sul-americana, conectando mem\u00f3ria, design e cria\u00e7\u00e3o de conte\u00fado. A fonte BOTECO j\u00e1 est\u00e1 dispon\u00edvel no Edits. Experimente a nova tipografia no seu pr\u00f3ximo Reels.","protected":false},"author":164097234,"featured_media":27485,"comment_status":"closed","ping_status":"closed","sticky":false,"template":"","format":"standard","meta":{"_jetpack_newsletter_access":"","_jetpack_dont_email_post_to_subs":false,"_jetpack_newsletter_tier_id":0,"_jetpack_memberships_contains_paywalled_content":false,"_jetpack_feature_clip_id":0,"_jetpack_memberships_contains_paid_content":false,"footnotes":"","jetpack_post_was_ever_published":false},"categories":[396542117,1],"tags":[],"class_list":["post-27483","post","type-post","status-publish","format-standard","has-post-thumbnail","hentry","category-instagram","category-recent-news"],"yoast_head":"<!-- This site is optimized with the Yoast SEO plugin v27.2 - https:\/\/yoast.com\/product\/yoast-seo-wordpress\/ -->\n<title>Edits lan\u00e7a nova tipografia 100% pintada \u00e0 m\u00e3o por artista brasileiro | Sobre a Meta<\/title>\n<meta name=\"robots\" content=\"index, follow, max-snippet:-1, max-image-preview:large, max-video-preview:-1\" \/>\n<link rel=\"canonical\" href=\"https:\/\/about.fb.com\/br\/news\/2026\/09\/edits-lanca-nova-tipografia-100-pintada-a-mao-por-artista-brasileiro\/\" \/>\n<meta property=\"og:locale\" content=\"pt_BR\" \/>\n<meta property=\"og:type\" content=\"article\" \/>\n<meta property=\"og:title\" content=\"Edits lan\u00e7a nova tipografia 100% pintada \u00e0 m\u00e3o por artista brasileiro | Sobre a Meta\" \/>\n<meta property=\"og:description\" content=\"O Instagram convidou o artista brasileiro Filipe Grimaldi para levar seu olhar sobre o letrismo vernacular sul-americano ao aplicativo Edits. O resultado \u00e9 a BOTECO, uma tipografia inspirada nos letreiros pintados \u00e0 m\u00e3o que fazem parte da paisagem urbana do Brasil e da Am\u00e9rica Latina \u2014 agora dispon\u00edvel para criadores de todo o mundo usarem em seus Reels.\u00a0 A ess\u00eancia da fonte Boteco Para criar a BOTECO, Grimaldi pintou todo o alfabeto \u00e0 m\u00e3o antes de digitalizar e adaptar cada caractere para o uso no Edits. O processo teve como ponto de partida a sua pesquisa de fotografias vintage da d\u00e9cada dos anos 1950, que ajudaram a resgatar elementos visuais presentes em com\u00e9rcios populares, placas e letreiros de rua. O resultado \u00e9 uma tipografia que combina: Versatilidade e legibilidade: a BOTECO combina tra\u00e7os finos e grossos (Thick and Thin), funcionando tanto para t\u00edtulos de destaque quanto para textos mais longos no v\u00eddeo. Est\u00e9tica popular latina: o preset Popular Latino adiciona um degrad\u00ea vibrante ao interior das letras e uma sombra na base, inspirados na est\u00e9tica caracter\u00edstica dos letreiros de rua. Personaliza\u00e7\u00e3o: as cores da tipografia e do preset podem ser ajustadas diretamente no Edits, permitindo adaptar o visual a diferentes tipos de cen\u00e1rios \u2013 dos mais claros ao mais escuro. A fonte oferece tr\u00eas possibilidades de aplica\u00e7\u00e3o: a BOTECO, sem efeitos; o preset Popular Latino, com gradiente e sombra; e o efeito Gradient. Do vernacular ao digital A cria\u00e7\u00e3o da BOTECO parte de uma pesquisa que acompanha o trabalho de Grimaldi h\u00e1 anos. O artista investiga o letrismo vernacular sul-americano \u2014 conjunto de letras, s\u00edmbolos e t\u00e9cnicas pintadas \u00e0 m\u00e3o que ajudam a construir a identidade visual de cidades brasileiras e latino-americanas. \u201cNo momento em que soube da possibilidade de eu, como letrista, poder colocar um alfabeto dentro do Edits, pensei que gostaria de fazer aquilo manualmente. N\u00e3o s\u00f3 para representar os pintores de letras, mas tamb\u00e9m para coroar a est\u00e9tica latina que a gente tanto pesquisa. Pintei todo o alfabeto, digitalizamos, vetorizamos, programamos e adicionamos efeitos incr\u00edveis com o time de design do Instagram. Processo muito rico, com resultado fant\u00e1stico e para todos os criadores.\u201d \u2013 Filipe Grimaldi. Com a BOTECO, uma est\u00e9tica que nasceu nas ruas ganha uma nova possibilidade de express\u00e3o no ambiente digital. A tipografia leva para o Edits refer\u00eancias da cultura visual popular brasileira e sul-americana, conectando mem\u00f3ria, design e cria\u00e7\u00e3o de conte\u00fado. A fonte BOTECO j\u00e1 est\u00e1 dispon\u00edvel no Edits. Experimente a nova tipografia no seu pr\u00f3ximo Reels.\" \/>\n<meta property=\"og:url\" content=\"https:\/\/about.fb.com\/br\/news\/2026\/09\/edits-lanca-nova-tipografia-100-pintada-a-mao-por-artista-brasileiro\/\" \/>\n<meta property=\"og:site_name\" content=\"Sobre a Meta\" \/>\n<meta property=\"article:published_time\" content=\"2026-09-02T13:26:46+00:00\" \/>\n<meta property=\"og:image\" content=\"https:\/\/about.fb.com\/br\/wp-content\/uploads\/sites\/11\/2026\/09\/DSC08571.jpg?resize=1024,684\" \/>\n\t<meta property=\"og:image:width\" content=\"1024\" \/>\n\t<meta property=\"og:image:height\" content=\"684\" \/>\n\t<meta property=\"og:image:type\" content=\"image\/jpeg\" \/>\n<meta name=\"author\" content=\"vivilusor\" \/>\n<meta name=\"twitter:card\" content=\"summary_large_image\" \/>\n<meta name=\"twitter:label1\" content=\"Written by\" \/>\n\t<meta name=\"twitter:data1\" content=\"Meta\" \/>\n\t<meta name=\"twitter:label2\" content=\"Est. reading time\" \/>\n\t<meta name=\"twitter:data2\" content=\"3 minutos\" \/>\n<script type=\"application\/ld+json\" class=\"yoast-schema-graph\">{\"@context\":\"https:\/\/schema.org\",\"@graph\":[{\"@type\":\"Article\",\"@id\":\"https:\/\/about.fb.com\/br\/news\/2026\/09\/edits-lanca-nova-tipografia-100-pintada-a-mao-por-artista-brasileiro\/#article\",\"isPartOf\":{\"@id\":\"https:\/\/about.fb.com\/br\/news\/2026\/09\/edits-lanca-nova-tipografia-100-pintada-a-mao-por-artista-brasileiro\/\"},\"author\":\"Facebook company\",\"headline\":\"Edits lan\u00e7a nova tipografia 100% pintada \u00e0 m\u00e3o por artista brasileiro\",\"datePublished\":\"2026-09-02T13:26:46+00:00\",\"mainEntityOfPage\":{\"@id\":\"https:\/\/about.fb.com\/br\/news\/2026\/09\/edits-lanca-nova-tipografia-100-pintada-a-mao-por-artista-brasileiro\/\"},\"wordCount\":454,\"publisher\":{\"@id\":\"https:\/\/about.fb.com\/br\/#organization\"},\"image\":{\"@id\":\"https:\/\/about.fb.com\/br\/news\/2026\/09\/edits-lanca-nova-tipografia-100-pintada-a-mao-por-artista-brasileiro\/#primaryimage\"},\"thumbnailUrl\":\"https:\/\/about.fb.com\/br\/wp-content\/uploads\/sites\/11\/2026\/09\/DSC08571.jpg?fit=4240%2C2832\",\"articleSection\":[\"Instagram\",\"Recent News\"],\"inLanguage\":\"pt-BR\"},{\"@type\":\"WebPage\",\"@id\":\"https:\/\/about.fb.com\/br\/news\/2026\/09\/edits-lanca-nova-tipografia-100-pintada-a-mao-por-artista-brasileiro\/\",\"url\":\"https:\/\/about.fb.com\/br\/news\/2026\/09\/edits-lanca-nova-tipografia-100-pintada-a-mao-por-artista-brasileiro\/\",\"name\":\"Edits lan\u00e7a nova tipografia 100% pintada \u00e0 m\u00e3o por artista brasileiro | Sobre a Meta\",\"isPartOf\":{\"@id\":\"https:\/\/about.fb.com\/br\/#website\"},\"primaryImageOfPage\":{\"@id\":\"https:\/\/about.fb.com\/br\/news\/2026\/09\/edits-lanca-nova-tipografia-100-pintada-a-mao-por-artista-brasileiro\/#primaryimage\"},\"image\":{\"@id\":\"https:\/\/about.fb.com\/br\/news\/2026\/09\/edits-lanca-nova-tipografia-100-pintada-a-mao-por-artista-brasileiro\/#primaryimage\"},\"thumbnailUrl\":\"https:\/\/about.fb.com\/br\/wp-content\/uploads\/sites\/11\/2026\/09\/DSC08571.jpg?fit=4240%2C2832\",\"datePublished\":\"2026-09-02T13:26:46+00:00\",\"breadcrumb\":{\"@id\":\"https:\/\/about.fb.com\/br\/news\/2026\/09\/edits-lanca-nova-tipografia-100-pintada-a-mao-por-artista-brasileiro\/#breadcrumb\"},\"inLanguage\":\"pt-BR\",\"potentialAction\":[{\"@type\":\"ReadAction\",\"target\":[\"https:\/\/about.fb.com\/br\/news\/2026\/09\/edits-lanca-nova-tipografia-100-pintada-a-mao-por-artista-brasileiro\/\"]}],\"author\":\"Sobre a Meta\"},{\"@type\":\"ImageObject\",\"inLanguage\":\"pt-BR\",\"@id\":\"https:\/\/about.fb.com\/br\/news\/2026\/09\/edits-lanca-nova-tipografia-100-pintada-a-mao-por-artista-brasileiro\/#primaryimage\",\"url\":\"https:\/\/about.fb.com\/br\/wp-content\/uploads\/sites\/11\/2026\/09\/DSC08571.jpg?fit=4240%2C2832\",\"contentUrl\":\"https:\/\/about.fb.com\/br\/wp-content\/uploads\/sites\/11\/2026\/09\/DSC08571.jpg?fit=4240%2C2832\",\"width\":4240,\"height\":2832},{\"@type\":\"BreadcrumbList\",\"@id\":\"https:\/\/about.fb.com\/br\/news\/2026\/09\/edits-lanca-nova-tipografia-100-pintada-a-mao-por-artista-brasileiro\/#breadcrumb\",\"itemListElement\":[{\"@type\":\"ListItem\",\"position\":1,\"name\":\"Home\",\"item\":\"https:\/\/about.fb.com\/br\/\"},{\"@type\":\"ListItem\",\"position\":2,\"name\":\"Edits lan\u00e7a nova tipografia 100% pintada \u00e0 m\u00e3o por artista brasileiro\"}]},{\"@type\":\"WebSite\",\"@id\":\"https:\/\/about.fb.com\/br\/#website\",\"url\":\"https:\/\/about.fb.com\/news\/\",\"name\":\"Sobre a Meta\",\"description\":\"\",\"publisher\":{\"@id\":\"https:\/\/about.fb.com\/br\/#organization\"},\"potentialAction\":[{\"@type\":\"SearchAction\",\"target\":{\"@type\":\"EntryPoint\",\"urlTemplate\":\"https:\/\/about.fb.com\/br\/?s={search_term_string}\"},\"query-input\":{\"@type\":\"PropertyValueSpecification\",\"valueRequired\":true,\"valueName\":\"search_term_string\"}}],\"inLanguage\":\"pt-BR\",\"alternateName\":[\"Meta Newsroom\",\"Meta\"]},{\"@type\":\"Organization\",\"@id\":\"https:\/\/about.fb.com\/br\/#organization\",\"name\":\"Meta\",\"url\":\"https:\/\/about.fb.com\/br\/\",\"logo\":{\"@type\":\"ImageObject\",\"inLanguage\":\"pt-BR\",\"@id\":\"https:\/\/about.fb.com\/br\/#\/schema\/logo\/image\/\",\"url\":\"https:\/\/about.fb.com\/br\/wp-content\/uploads\/sites\/11\/2021\/10\/meta-social-16x9-1.jpg?fit=8000%2C4500\",\"contentUrl\":\"https:\/\/about.fb.com\/br\/wp-content\/uploads\/sites\/11\/2021\/10\/meta-social-16x9-1.jpg?fit=8000%2C4500\",\"width\":8000,\"height\":4500,\"caption\":\"Meta\"},\"image\":{\"@id\":\"https:\/\/about.fb.com\/br\/#\/schema\/logo\/image\/\"}}]}<\/script>\n<!-- \/ Yoast SEO plugin. -->","yoast_head_json":{"title":"Edits lan\u00e7a nova tipografia 100% pintada \u00e0 m\u00e3o por artista brasileiro | Sobre a Meta","robots":{"index":"index","follow":"follow","max-snippet":"max-snippet:-1","max-image-preview":"max-image-preview:large","max-video-preview":"max-video-preview:-1"},"canonical":"https:\/\/about.fb.com\/br\/news\/2026\/09\/edits-lanca-nova-tipografia-100-pintada-a-mao-por-artista-brasileiro\/","og_locale":"pt_BR","og_type":"article","og_title":"Edits lan\u00e7a nova tipografia 100% pintada \u00e0 m\u00e3o por artista brasileiro | Sobre a Meta","og_description":"O Instagram convidou o artista brasileiro Filipe Grimaldi para levar seu olhar sobre o letrismo vernacular sul-americano ao aplicativo Edits. O resultado \u00e9 a BOTECO, uma tipografia inspirada nos letreiros pintados \u00e0 m\u00e3o que fazem parte da paisagem urbana do Brasil e da Am\u00e9rica Latina \u2014 agora dispon\u00edvel para criadores de todo o mundo usarem em seus Reels.\u00a0 A ess\u00eancia da fonte Boteco Para criar a BOTECO, Grimaldi pintou todo o alfabeto \u00e0 m\u00e3o antes de digitalizar e adaptar cada caractere para o uso no Edits. O processo teve como ponto de partida a sua pesquisa de fotografias vintage da d\u00e9cada dos anos 1950, que ajudaram a resgatar elementos visuais presentes em com\u00e9rcios populares, placas e letreiros de rua. O resultado \u00e9 uma tipografia que combina: Versatilidade e legibilidade: a BOTECO combina tra\u00e7os finos e grossos (Thick and Thin), funcionando tanto para t\u00edtulos de destaque quanto para textos mais longos no v\u00eddeo. Est\u00e9tica popular latina: o preset Popular Latino adiciona um degrad\u00ea vibrante ao interior das letras e uma sombra na base, inspirados na est\u00e9tica caracter\u00edstica dos letreiros de rua. Personaliza\u00e7\u00e3o: as cores da tipografia e do preset podem ser ajustadas diretamente no Edits, permitindo adaptar o visual a diferentes tipos de cen\u00e1rios \u2013 dos mais claros ao mais escuro. A fonte oferece tr\u00eas possibilidades de aplica\u00e7\u00e3o: a BOTECO, sem efeitos; o preset Popular Latino, com gradiente e sombra; e o efeito Gradient. Do vernacular ao digital A cria\u00e7\u00e3o da BOTECO parte de uma pesquisa que acompanha o trabalho de Grimaldi h\u00e1 anos. O artista investiga o letrismo vernacular sul-americano \u2014 conjunto de letras, s\u00edmbolos e t\u00e9cnicas pintadas \u00e0 m\u00e3o que ajudam a construir a identidade visual de cidades brasileiras e latino-americanas. \u201cNo momento em que soube da possibilidade de eu, como letrista, poder colocar um alfabeto dentro do Edits, pensei que gostaria de fazer aquilo manualmente. N\u00e3o s\u00f3 para representar os pintores de letras, mas tamb\u00e9m para coroar a est\u00e9tica latina que a gente tanto pesquisa. Pintei todo o alfabeto, digitalizamos, vetorizamos, programamos e adicionamos efeitos incr\u00edveis com o time de design do Instagram. Processo muito rico, com resultado fant\u00e1stico e para todos os criadores.\u201d \u2013 Filipe Grimaldi. Com a BOTECO, uma est\u00e9tica que nasceu nas ruas ganha uma nova possibilidade de express\u00e3o no ambiente digital. A tipografia leva para o Edits refer\u00eancias da cultura visual popular brasileira e sul-americana, conectando mem\u00f3ria, design e cria\u00e7\u00e3o de conte\u00fado. A fonte BOTECO j\u00e1 est\u00e1 dispon\u00edvel no Edits. Experimente a nova tipografia no seu pr\u00f3ximo Reels.","og_url":"https:\/\/about.fb.com\/br\/news\/2026\/09\/edits-lanca-nova-tipografia-100-pintada-a-mao-por-artista-brasileiro\/","og_site_name":"Sobre a Meta","article_published_time":"2026-09-02T13:26:46+00:00","og_image":[{"width":1024,"height":684,"url":"https:\/\/about.fb.com\/br\/wp-content\/uploads\/sites\/11\/2026\/09\/DSC08571.jpg?resize=1024,684","type":"image\/jpeg"}],"author":"vivilusor","twitter_card":"summary_large_image","twitter_misc":{"Written by":"Meta","Est. reading time":"3 minutos"},"schema":{"@context":"https:\/\/schema.org","@graph":[{"@type":"Article","@id":"https:\/\/about.fb.com\/br\/news\/2026\/09\/edits-lanca-nova-tipografia-100-pintada-a-mao-por-artista-brasileiro\/#article","isPartOf":{"@id":"https:\/\/about.fb.com\/br\/news\/2026\/09\/edits-lanca-nova-tipografia-100-pintada-a-mao-por-artista-brasileiro\/"},"author":"Facebook company","headline":"Edits lan\u00e7a nova tipografia 100% pintada \u00e0 m\u00e3o por artista brasileiro","datePublished":"2026-09-02T13:26:46+00:00","mainEntityOfPage":{"@id":"https:\/\/about.fb.com\/br\/news\/2026\/09\/edits-lanca-nova-tipografia-100-pintada-a-mao-por-artista-brasileiro\/"},"wordCount":454,"publisher":{"@id":"https:\/\/about.fb.com\/br\/#organization"},"image":{"@id":"https:\/\/about.fb.com\/br\/news\/2026\/09\/edits-lanca-nova-tipografia-100-pintada-a-mao-por-artista-brasileiro\/#primaryimage"},"thumbnailUrl":"https:\/\/about.fb.com\/br\/wp-content\/uploads\/sites\/11\/2026\/09\/DSC08571.jpg?fit=4240%2C2832","articleSection":["Instagram","Recent News"],"inLanguage":"pt-BR"},{"@type":"WebPage","@id":"https:\/\/about.fb.com\/br\/news\/2026\/09\/edits-lanca-nova-tipografia-100-pintada-a-mao-por-artista-brasileiro\/","url":"https:\/\/about.fb.com\/br\/news\/2026\/09\/edits-lanca-nova-tipografia-100-pintada-a-mao-por-artista-brasileiro\/","name":"Edits lan\u00e7a nova tipografia 100% pintada \u00e0 m\u00e3o por artista brasileiro | Sobre a Meta","isPartOf":{"@id":"https:\/\/about.fb.com\/br\/#website"},"primaryImageOfPage":{"@id":"https:\/\/about.fb.com\/br\/news\/2026\/09\/edits-lanca-nova-tipografia-100-pintada-a-mao-por-artista-brasileiro\/#primaryimage"},"image":{"@id":"https:\/\/about.fb.com\/br\/news\/2026\/09\/edits-lanca-nova-tipografia-100-pintada-a-mao-por-artista-brasileiro\/#primaryimage"},"thumbnailUrl":"https:\/\/about.fb.com\/br\/wp-content\/uploads\/sites\/11\/2026\/09\/DSC08571.jpg?fit=4240%2C2832","datePublished":"2026-09-02T13:26:46+00:00","breadcrumb":{"@id":"https:\/\/about.fb.com\/br\/news\/2026\/09\/edits-lanca-nova-tipografia-100-pintada-a-mao-por-artista-brasileiro\/#breadcrumb"},"inLanguage":"pt-BR","potentialAction":[{"@type":"ReadAction","target":["https:\/\/about.fb.com\/br\/news\/2026\/09\/edits-lanca-nova-tipografia-100-pintada-a-mao-por-artista-brasileiro\/"]}],"author":"Sobre a Meta"},{"@type":"ImageObject","inLanguage":"pt-BR","@id":"https:\/\/about.fb.com\/br\/news\/2026\/09\/edits-lanca-nova-tipografia-100-pintada-a-mao-por-artista-brasileiro\/#primaryimage","url":"https:\/\/about.fb.com\/br\/wp-content\/uploads\/sites\/11\/2026\/09\/DSC08571.jpg?fit=4240%2C2832","contentUrl":"https:\/\/about.fb.com\/br\/wp-content\/uploads\/sites\/11\/2026\/09\/DSC08571.jpg?fit=4240%2C2832","width":4240,"height":2832},{"@type":"BreadcrumbList","@id":"https:\/\/about.fb.com\/br\/news\/2026\/09\/edits-lanca-nova-tipografia-100-pintada-a-mao-por-artista-brasileiro\/#breadcrumb","itemListElement":[{"@type":"ListItem","position":1,"name":"Home","item":"https:\/\/about.fb.com\/br\/"},{"@type":"ListItem","position":2,"name":"Edits lan\u00e7a nova tipografia 100% pintada \u00e0 m\u00e3o por artista brasileiro"}]},{"@type":"WebSite","@id":"https:\/\/about.fb.com\/br\/#website","url":"https:\/\/about.fb.com\/news\/","name":"Sobre a Meta","description":"","publisher":{"@id":"https:\/\/about.fb.com\/br\/#organization"},"potentialAction":[{"@type":"SearchAction","target":{"@type":"EntryPoint","urlTemplate":"https:\/\/about.fb.com\/br\/?s={search_term_string}"},"query-input":{"@type":"PropertyValueSpecification","valueRequired":true,"valueName":"search_term_string"}}],"inLanguage":"pt-BR","alternateName":["Meta Newsroom","Meta"]},{"@type":"Organization","@id":"https:\/\/about.fb.com\/br\/#organization","name":"Meta","url":"https:\/\/about.fb.com\/br\/","logo":{"@type":"ImageObject","inLanguage":"pt-BR","@id":"https:\/\/about.fb.com\/br\/#\/schema\/logo\/image\/","url":"https:\/\/about.fb.com\/br\/wp-content\/uploads\/sites\/11\/2021\/10\/meta-social-16x9-1.jpg?fit=8000%2C4500","contentUrl":"https:\/\/about.fb.com\/br\/wp-content\/uploads\/sites\/11\/2021\/10\/meta-social-16x9-1.jpg?fit=8000%2C4500","width":8000,"height":4500,"caption":"Meta"},"image":{"@id":"https:\/\/about.fb.com\/br\/#\/schema\/logo\/image\/"}}]}},"jetpack-related-posts":[{"id":26823,"url":"https:\/\/about.fb.com\/br\/news\/2025\/11\/nossos-novos-modelos-sam-facilitam-a-deteccao-de-objetos-e-a-criacao-de-reconstrucoes-3d\/","url_meta":{"origin":27483,"position":0},"title":"Nossos Novos Modelos SAM Facilitam a Detec\u00e7\u00e3o de Objetos e a Cria\u00e7\u00e3o de Reconstru\u00e7\u00f5es 3D","author":"Meta","date":"19\/11\/2025","format":false,"excerpt":"Hoje, estamos animados em anunciar o SAM 3 e o SAM 3D, as mais novas adi\u00e7\u00f5es \u00e0 nossa Segment Anything Collection. O SAM 3 permite a detec\u00e7\u00e3o e o rastreamento de objetos em imagens e v\u00eddeos usando prompts de texto, e o SAM 3D possibilita a reconstru\u00e7\u00e3o 3D de objetos\u2026","rel":"","context":"In &quot;Meta&quot;","block_context":{"text":"Meta","link":"https:\/\/about.fb.com\/br\/news\/category\/temas-home\/meta\/"},"img":{"alt_text":"","src":"https:\/\/about.fb.com\/br\/wp-content\/uploads\/sites\/11\/2025\/11\/SAM3_Header-1-1.gif?fit=960%2C540&resize=350%2C200","width":350,"height":200,"srcset":"https:\/\/about.fb.com\/br\/wp-content\/uploads\/sites\/11\/2025\/11\/SAM3_Header-1-1.gif?fit=960%2C540&resize=350%2C200 1x, https:\/\/about.fb.com\/br\/wp-content\/uploads\/sites\/11\/2025\/11\/SAM3_Header-1-1.gif?fit=960%2C540&resize=525%2C300 1.5x, https:\/\/about.fb.com\/br\/wp-content\/uploads\/sites\/11\/2025\/11\/SAM3_Header-1-1.gif?fit=960%2C540&resize=700%2C400 2x"},"classes":[]},{"id":27284,"url":"https:\/\/about.fb.com\/br\/news\/2026\/06\/iniciativas-para-manter-pais-brasileiros-informados-sobre-as-contas-de-adolescente-e-supervisao-parental-no-instagram\/","url_meta":{"origin":27483,"position":1},"title":"Iniciativas para manter pais brasileiros informados sobre as Contas de Adolescente e supervis\u00e3o parental no Instagram","author":"Meta","date":"15\/06\/2026","format":false,"excerpt":"Um dos principais objetivos do trabalho da Meta voltado \u00e0 seguran\u00e7a dos adolescentes que utilizam nossos aplicativos \u00e9 dar mais tranquilidade aos pais. Primeiro, com uma experi\u00eancia desenvolvida especificamente para jovens de 13 a 17 anos que j\u00e1 tem configura\u00e7\u00f5es mais protegidas por padr\u00e3o, sem que pais e respons\u00e1veis precisem\u2026","rel":"","context":"In &quot;Instagram&quot;","block_context":{"text":"Instagram","link":"https:\/\/about.fb.com\/br\/news\/category\/technologies\/instagram\/"},"img":{"alt_text":"","src":"https:\/\/about.fb.com\/br\/wp-content\/uploads\/sites\/11\/2026\/06\/Screenshot-2026-06-15-at-15.06.47.png?fit=1730%2C952&resize=350%2C200","width":350,"height":200,"srcset":"https:\/\/about.fb.com\/br\/wp-content\/uploads\/sites\/11\/2026\/06\/Screenshot-2026-06-15-at-15.06.47.png?fit=1730%2C952&resize=350%2C200 1x, https:\/\/about.fb.com\/br\/wp-content\/uploads\/sites\/11\/2026\/06\/Screenshot-2026-06-15-at-15.06.47.png?fit=1730%2C952&resize=525%2C300 1.5x, https:\/\/about.fb.com\/br\/wp-content\/uploads\/sites\/11\/2026\/06\/Screenshot-2026-06-15-at-15.06.47.png?fit=1730%2C952&resize=700%2C400 2x, https:\/\/about.fb.com\/br\/wp-content\/uploads\/sites\/11\/2026\/06\/Screenshot-2026-06-15-at-15.06.47.png?fit=1730%2C952&resize=1050%2C600 3x, https:\/\/about.fb.com\/br\/wp-content\/uploads\/sites\/11\/2026\/06\/Screenshot-2026-06-15-at-15.06.47.png?fit=1730%2C952&resize=1400%2C800 4x"},"classes":[]},{"id":26919,"url":"https:\/\/about.fb.com\/br\/news\/2026\/01\/a-trajetoria-da-meta-na-protecao-dos-adolescentes-e-no-apoio-aos-pais\/","url_meta":{"origin":27483,"position":2},"title":"A trajet\u00f3ria da Meta na prote\u00e7\u00e3o dos adolescentes e no apoio aos pais","author":"Meta","date":"16\/01\/2026","format":false,"excerpt":"Recentemente, v\u00e1rias a\u00e7\u00f5es judiciais nos Estados Unidos tentaram colocar a culpa pelos problemas de sa\u00fade mental dos adolescentes exclusivamente nas empresas de redes sociais. Mas isso simplifica demais uma quest\u00e3o s\u00e9ria. Cl\u00ednicos e pesquisadores afirmam que a sa\u00fade mental \u00e9 um tema profundamente complexo e multifacetado, e as tend\u00eancias sobre\u2026","rel":"","context":"In &quot;Fortalecendo Comunidades&quot;","block_context":{"text":"Fortalecendo Comunidades","link":"https:\/\/about.fb.com\/br\/news\/category\/temas-home\/comunidades\/"},"img":{"alt_text":"","src":"https:\/\/about.fb.com\/br\/wp-content\/uploads\/sites\/11\/2026\/01\/Metas-Record-of-Protecting-Teens-and-Supporting-Parents_Header.jpg?fit=1920%2C1080&resize=350%2C200","width":350,"height":200,"srcset":"https:\/\/about.fb.com\/br\/wp-content\/uploads\/sites\/11\/2026\/01\/Metas-Record-of-Protecting-Teens-and-Supporting-Parents_Header.jpg?fit=1920%2C1080&resize=350%2C200 1x, https:\/\/about.fb.com\/br\/wp-content\/uploads\/sites\/11\/2026\/01\/Metas-Record-of-Protecting-Teens-and-Supporting-Parents_Header.jpg?fit=1920%2C1080&resize=525%2C300 1.5x, https:\/\/about.fb.com\/br\/wp-content\/uploads\/sites\/11\/2026\/01\/Metas-Record-of-Protecting-Teens-and-Supporting-Parents_Header.jpg?fit=1920%2C1080&resize=700%2C400 2x, https:\/\/about.fb.com\/br\/wp-content\/uploads\/sites\/11\/2026\/01\/Metas-Record-of-Protecting-Teens-and-Supporting-Parents_Header.jpg?fit=1920%2C1080&resize=1050%2C600 3x, https:\/\/about.fb.com\/br\/wp-content\/uploads\/sites\/11\/2026\/01\/Metas-Record-of-Protecting-Teens-and-Supporting-Parents_Header.jpg?fit=1920%2C1080&resize=1400%2C800 4x"},"classes":[]},{"id":26738,"url":"https:\/\/about.fb.com\/br\/news\/2025\/10\/apresentando-o-instagram-rings-reconhecendo-e-celebrando-a-criatividade\/","url_meta":{"origin":27483,"position":3},"title":"Apresentando o Instagram Rings: Reconhecendo e Celebrando a Criatividade","author":"Meta","date":"16\/10\/2025","format":false,"excerpt":"Estamos animados para compartilhar uma novidade: Rings \u2013 um pr\u00eamio do Instagram que celebra quem n\u00e3o tem medo de ousar criativamente e faz as coisas do seu jeito. Pessoas que unem outras atrav\u00e9s da criatividade e merecem reconhecimento. Rings n\u00e3o \u00e9 sobre homenagear um tipo espec\u00edfico de conte\u00fado \u2013 \u00e9\u2026","rel":"","context":"In &quot;Recent News&quot;","block_context":{"text":"Recent News","link":"https:\/\/about.fb.com\/br\/news\/category\/recent-news\/"},"img":{"alt_text":"","src":"https:\/\/about.fb.com\/br\/wp-content\/uploads\/sites\/11\/2025\/10\/RINGS_Hero-Comms-Image_16-9.png?fit=4000%2C2250&resize=350%2C200","width":350,"height":200,"srcset":"https:\/\/about.fb.com\/br\/wp-content\/uploads\/sites\/11\/2025\/10\/RINGS_Hero-Comms-Image_16-9.png?fit=4000%2C2250&resize=350%2C200 1x, https:\/\/about.fb.com\/br\/wp-content\/uploads\/sites\/11\/2025\/10\/RINGS_Hero-Comms-Image_16-9.png?fit=4000%2C2250&resize=525%2C300 1.5x, https:\/\/about.fb.com\/br\/wp-content\/uploads\/sites\/11\/2025\/10\/RINGS_Hero-Comms-Image_16-9.png?fit=4000%2C2250&resize=700%2C400 2x, https:\/\/about.fb.com\/br\/wp-content\/uploads\/sites\/11\/2025\/10\/RINGS_Hero-Comms-Image_16-9.png?fit=4000%2C2250&resize=1050%2C600 3x, https:\/\/about.fb.com\/br\/wp-content\/uploads\/sites\/11\/2025\/10\/RINGS_Hero-Comms-Image_16-9.png?fit=4000%2C2250&resize=1400%2C800 4x"},"classes":[]},{"id":27033,"url":"https:\/\/about.fb.com\/br\/news\/2026\/03\/tela-consciente-instagram-traz-novas-protecoes-de-conteudo-a-contas-de-adolescente-no-brasil\/","url_meta":{"origin":27483,"position":4},"title":"Tela Consciente: Instagram traz novas prote\u00e7\u00f5es de conte\u00fado a Contas de Adolescente no Brasil","author":"Meta","date":"24\/03\/2026","format":false,"excerpt":"Diante da variedade de aplicativos, sites e dispositivos que os adolescentes utilizam com as mais diversas finalidades, exercer a parentalidade no mundo digital de hoje em dia pode ser desafiador. Para aliviar a sobrecarga de m\u00e3es e pais \u2014 e dar a eles a tranquilidade de que seus filhos adolescentes\u2026","rel":"","context":"In &quot;Recent News&quot;","block_context":{"text":"Recent News","link":"https:\/\/about.fb.com\/br\/news\/category\/recent-news\/"},"img":{"alt_text":"","src":"https:\/\/about.fb.com\/br\/wp-content\/uploads\/sites\/11\/2025\/07\/Logo-Meta-1.jpg?fit=633%2C356&resize=350%2C200","width":350,"height":200,"srcset":"https:\/\/about.fb.com\/br\/wp-content\/uploads\/sites\/11\/2025\/07\/Logo-Meta-1.jpg?fit=633%2C356&resize=350%2C200 1x, https:\/\/about.fb.com\/br\/wp-content\/uploads\/sites\/11\/2025\/07\/Logo-Meta-1.jpg?fit=633%2C356&resize=525%2C300 1.5x"},"classes":[]},{"id":26869,"url":"https:\/\/about.fb.com\/br\/news\/2025\/12\/novas-ferramentas-com-ia-para-escalar-parcerias-entre-criadores-e-marcas\/","url_meta":{"origin":27483,"position":5},"title":"Novas ferramentas com IA para escalar parcerias entre criadores e marcas","author":"Meta","date":"11\/12\/2025","format":false,"excerpt":"[Atualizado em 30 de janeiro de 2026] Estamos compartilhando atualiza\u00e7\u00f5es adicionais que facilitam para as marcas descobrirem, avaliarem e se conectarem com criadores para campanhas de an\u00fancios em parceria usando o Marketplace de Criadores do Instagram. Expandindo o Marketplace de Criadores para empresas globalmente: A partir de hoje, estamos ampliando\u2026","rel":"","context":"In &quot;Meta&quot;","block_context":{"text":"Meta","link":"https:\/\/about.fb.com\/br\/news\/category\/temas-home\/meta\/"},"img":{"alt_text":"","src":"https:\/\/about.fb.com\/br\/wp-content\/uploads\/sites\/11\/2025\/07\/Logo-Meta-1.jpg?fit=633%2C356&resize=350%2C200","width":350,"height":200,"srcset":"https:\/\/about.fb.com\/br\/wp-content\/uploads\/sites\/11\/2025\/07\/Logo-Meta-1.jpg?fit=633%2C356&resize=350%2C200 1x, https:\/\/about.fb.com\/br\/wp-content\/uploads\/sites\/11\/2025\/07\/Logo-Meta-1.jpg?fit=633%2C356&resize=525%2C300 1.5x"},"classes":[]}],"jetpack_sharing_enabled":true,"amp_enabled":true,"jetpack_featured_media_url":"https:\/\/about.fb.com\/br\/wp-content\/uploads\/sites\/11\/2026\/09\/DSC08571.jpg?fit=4240%2C2832","_links":{"self":[{"href":"https:\/\/about.fb.com\/br\/wp-json\/wp\/v2\/posts\/27483","targetHints":{"allow":["GET"]}}],"collection":[{"href":"https:\/\/about.fb.com\/br\/wp-json\/wp\/v2\/posts"}],"about":[{"href":"https:\/\/about.fb.com\/br\/wp-json\/wp\/v2\/types\/post"}],"author":[{"embeddable":true,"href":"https:\/\/about.fb.com\/br\/wp-json\/wp\/v2\/users\/164097234"}],"replies":[{"embeddable":true,"href":"https:\/\/about.fb.com\/br\/wp-json\/wp\/v2\/comments?post=27483"}],"version-history":[{"count":3,"href":"https:\/\/about.fb.com\/br\/wp-json\/wp\/v2\/posts\/27483\/revisions"}],"predecessor-version":[{"id":27489,"href":"https:\/\/about.fb.com\/br\/wp-json\/wp\/v2\/posts\/27483\/revisions\/27489"}],"wp:featuredmedia":[{"embeddable":true,"href":"https:\/\/about.fb.com\/br\/wp-json\/wp\/v2\/media\/27485"}],"wp:attachment":[{"href":"https:\/\/about.fb.com\/br\/wp-json\/wp\/v2\/media?parent=27483"}],"wp:term":[{"taxonomy":"category","embeddable":true,"href":"https:\/\/about.fb.com\/br\/wp-json\/wp\/v2\/categories?post=27483"},{"taxonomy":"post_tag","embeddable":true,"href":"https:\/\/about.fb.com\/br\/wp-json\/wp\/v2\/tags?post=27483"}],"curies":[{"name":"wp","href":"https:\/\/api.w.org\/{rel}","templated":true}]}}