{"id":27268,"date":"2026-06-08T10:21:53","date_gmt":"2026-06-08T13:21:53","guid":{"rendered":"https:\/\/about.fb.com\/br\/?p=27268"},"modified":"2026-08-20T09:19:24","modified_gmt":"2026-08-20T12:19:24","slug":"nosso-trabalho-para-as-eleicoes-de-2026-no-brasil","status":"publish","type":"post","link":"https:\/\/about.fb.com\/br\/news\/2026\/06\/nosso-trabalho-para-as-eleicoes-de-2026-no-brasil\/","title":{"rendered":"Nosso trabalho para proteger as elei\u00e7\u00f5es de 2026 no Brasil"},"content":{"rendered":"<p><em><strong>Atualizado em 19 de agosto de 2026<\/strong><\/em><\/p>\n<p>Neste <strong><a href=\"https:\/\/about.fb.com\/br\/wp-content\/uploads\/sites\/11\/2026\/06\/Medidas_da_Meta_Integridade_Eleitoral_Brasil_2026_CLEAN.pdf\">link<\/a><\/strong>, disponibilizamos nosso Plano de Conformidade para as elei\u00e7\u00f5es brasileiras de 2026. A vers\u00e3o p\u00fablica do documento suprime trechos confidenciais do plano entregue ao Tribunal Superior Eleitoral (TSE).<\/p>\n<p><em><strong>Atualizado em 17 de agosto de 2026<\/strong><\/em><\/p>\n<p><span style=\"font-weight: 400\">Em julho de 2026, firmamos um<\/span><a href=\"https:\/\/l.facebook.com\/l.php?u=https%3A%2F%2Fwww.tse.jus.br%2Fcomunicacao%2Fnoticias%2F2026%2FJulho%2Feleicoes-2026-parceria-entre-tse-e-facebook-preve-canais-de-denuncia-e-comunicacao-direta-com-eleitores&amp;h=AUCExILmHdAIW2THEB0xsy2hcrUnB7Bmo27E_uFES_Fjtb3fsVT_8Yxwo8MTrw7NRcSiQ-K1kuBrdlNrIMBL7MBNg9sf09sCGZoYdsD1b-GAv1QrcnKWUgpOK4aWhgofEjMJ-WzJ7bNgvWepfQ\"> <span style=\"font-weight: 400\">Memorando de Entendimento com o Tribunal Superior Eleitoral<\/span><\/a><span style=\"font-weight: 400\">. Esses acordos s\u00e3o celebrados a cada ciclo eleitoral desde 2018, em uma coopera\u00e7\u00e3o volunt\u00e1ria. Neste ano, renovamos a parceria e a participa\u00e7\u00e3o no Programa Permanente de Enfrentamento \u00e0 Desinforma\u00e7\u00e3o da Justi\u00e7a Eleitoral, com a\u00e7\u00f5es que abrangem Facebook, Instagram, Threads e WhatsApp. Dentre as a\u00e7\u00f5es previstas no acordo, destacamos:<\/span><\/p>\n<ul>\n<li style=\"font-weight: 400\"><b>Canais de den\u00fancia: <\/b><span style=\"font-weight: 400\">Disponibilizamos um canal de den\u00fancias integrado ao Sistema de Alertas de Desinforma\u00e7\u00e3o Eleitoral (SIADE) do TSE, permitindo o encaminhamento e a an\u00e1lise c\u00e9lere de conte\u00fados com potencial violador de nossas pol\u00edticas. No caso do WhatsApp, o canal tamb\u00e9m recebe den\u00fancias sobre contas suspeitas de realizar disparos em massa na plataforma.<\/span><\/li>\n<li style=\"font-weight: 400\"><b>Divulga\u00e7\u00e3o de informa\u00e7\u00f5es oficiais:<\/b><span style=\"font-weight: 400\"> Como em ciclos anteriores, todos os usu\u00e1rios do Facebook e do Instagram no Brasil receber\u00e3o um alerta no feed com informa\u00e7\u00f5es oficiais do TSE. Em abril deste ano, usu\u00e1rios maiores de 16 anos j\u00e1 receberam o lembrete para se registrarem para votar.\u00a0<\/span><\/li>\n<li style=\"font-weight: 400\"><b>Transpar\u00eancia de an\u00fancios:<\/b><span style=\"font-weight: 400\"> O acordo prev\u00ea o acesso \u00e0 <\/span><a href=\"https:\/\/www.facebook.com\/ads\/library\/?active_status=active&amp;ad_type=political_and_issue_ads&amp;country=BR&amp;is_targeted_country=false&amp;media_type=all&amp;sort_data[mode]=total_impressions&amp;sort_data[direction]=desc\"><span style=\"font-weight: 400\">Biblioteca de An\u00fancios da Meta<\/span><\/a><span style=\"font-weight: 400\"> por meio da API. Com isso, o Tribunal poder\u00e1 acessar conte\u00fados patrocinados ativos e inativos sobre elei\u00e7\u00f5es ou pol\u00edtica no Facebook e no Instagram \u2014 incluindo informa\u00e7\u00f5es sobre gastos, alcance, segmenta\u00e7\u00e3o de p\u00fablico, anunciantes e entidades financiadoras\u00a0<\/span><\/li>\n<li style=\"font-weight: 400\"><b>Capacita\u00e7\u00e3o:<\/b><span style=\"font-weight: 400\"> O memorando prev\u00ea, ainda, a realiza\u00e7\u00e3o de semin\u00e1rios, sob supervis\u00e3o da Escola Judici\u00e1ria Eleitoral (EJE), voltados a servidores do TSE, dos Tribunais Regionais Eleitorais (TREs) e a representantes de partidos pol\u00edticos, abordando boas pr\u00e1ticas e medidas de combate \u00e0 desinforma\u00e7\u00e3o adotadas pelas plataformas da Meta. Tamb\u00e9m temos a <\/span><a href=\"https:\/\/www.facebook.com\/government-nonprofits\/brasil2026\"><span style=\"font-weight: 400\">Central de Elei\u00e7\u00f5es<\/span><\/a><span style=\"font-weight: 400\">, um recurso educacional online atualizado para partidos e candidatos, com informa\u00e7\u00f5es relevantes e boas pr\u00e1ticas sobre o uso das nossas plataformas.\u00a0<\/span><\/li>\n<\/ul>\n<p><span style=\"font-weight: 400\">J\u00e1 em cumprimento \u00e0<\/span><a href=\"https:\/\/l.facebook.com\/l.php?u=https%3A%2F%2Fwww.tse.jus.br%2Flegislacao%2Fcompilada%2Fprt%2F2026%2Fportaria-no-463-de-27-de-julho-de-2026&amp;h=AUA4M7VLODysOA0qHS9DI5lMiSJZFJ8WHb8mzNoX8l6mLSc5VhL4fRPyggsdvb94faGXM49HSqcOpof9ovPf-qXigI0gGqopw9_XFKOsGeFzv_oyq3ku442jztTm-Hr7ML7jkZoBTHNGW-gqzA\"> <span style=\"font-weight: 400\">Portaria n\u00ba 463, de 27 de julho de 2026<\/span><\/a><span style=\"font-weight: 400\">, publicada pelo TSE, apresentamos na \u00faltima semana nosso Plano de Conformidade, que detalha as medidas adotadas pela Meta para prevenir e mitigar riscos \u00e0 integridade do processo eleitoral em nossas plataformas. A entrega refor\u00e7a nosso compromisso cont\u00ednuo com elei\u00e7\u00f5es seguras no Brasil \u2014 um trabalho que constru\u00edmos e aprimoramos a cada ciclo, em di\u00e1logo permanente com as autoridades eleitorais e a sociedade.\u00a0<\/span><\/p>\n<p><em><strong>Publicado originalmente em 08 de junho de 2026<\/strong><\/em><\/p>\n<p><span style=\"font-weight: 400\">Na Meta, temos o compromisso cont\u00ednuo de proteger a integridade do processo eleitoral em nossas plataformas. Embora cada ciclo seja \u00fanico, desenvolvemos uma abordagem abrangente para as elei\u00e7\u00f5es, seguindo medidas rigorosas que temos adotado ao longo dos anos: aplicar nossas pol\u00edticas de conte\u00fado, apoiar a liberdade de express\u00e3o, incentivar a participa\u00e7\u00e3o c\u00edvica e fornecer transpar\u00eancia l\u00edder no setor para publicidade sobre temas sociais, elei\u00e7\u00f5es ou pol\u00edtica.\u00a0<\/span><\/p>\n<p><span style=\"font-weight: 400\">Na \u00faltima d\u00e9cada, investimos mais de US$ 30 bilh\u00f5es em \u00e1reas ligadas \u00e0 seguran\u00e7a, incluindo para proteger processos eleitorais. Nossa estrat\u00e9gia \u00e9 consistente e estamos sempre nos adaptando para enfrentar novos desafios, para garantir que nossas plataformas sejam espa\u00e7os seguros para o debate p\u00fablico.<\/span><\/p>\n<p><span style=\"font-weight: 400\">Aplicamos nas nossas plataformas regras que pro\u00edbem conte\u00fado com\u00a0 <\/span><a href=\"https:\/\/transparency.meta.com\/policies\/community-standards\/coordinating-harm-promoting-crime\/\"><span style=\"font-weight: 400\">interfer\u00eancia eleitoral<\/span><\/a><span style=\"font-weight: 400\">, viol\u00eancia pol\u00edtica e informa\u00e7\u00f5es imprecisas sobre quando, onde e como votar em uma elei\u00e7\u00e3o.\u00a0 Como sempre, aplicamos proativamente nossas pol\u00edticas e <\/span><a href=\"https:\/\/transparency.meta.com\/policies\/community-standards\/misinformation\/\"><span style=\"font-weight: 400\">removemos<\/span><\/a><span style=\"font-weight: 400\"> conte\u00fado que as viola.\u00a0<\/span><\/p>\n<h4><b>Transpar\u00eancia l\u00edder no setor para an\u00fancios pol\u00edticos<\/b><\/h4>\n<p><span style=\"font-weight: 400\">Desde 2018, a publicidade sobre pol\u00edtica e elei\u00e7\u00f5es veiculada nos nossos aplicativos no Brasil \u00e9 identificada. Os anunciantes que desejam fazer esse tipo de propaganda em nossas plataformas devem passar por um processo de verifica\u00e7\u00e3o de sua identidade e incluir um aviso de \u201cpago por\u201d ou \u201cpropaganda eleitoral\u201d. Em 2020, essa autoriza\u00e7\u00e3o passou a ser obrigat\u00f3ria e, em 2022, expandimos essa exig\u00eancia para conte\u00fados pagos sobre temas sociais.\u00a0<\/span><\/p>\n<p><span style=\"font-weight: 400\">Esses an\u00fancios s\u00e3o armazenados na nossa <\/span><a href=\"https:\/\/www.facebook.com\/ads\/library\/?active_status=active&amp;ad_type=political_and_issue_ads&amp;country=BR&amp;is_targeted_country=false&amp;media_type=all&amp;sort_data[mode]=total_impressions&amp;sort_data[direction]=desc\"><span style=\"font-weight: 400\">Biblioteca de An\u00fancios<\/span><\/a><span style=\"font-weight: 400\">, que \u00e9 p\u00fablica, por sete anos. A ferramenta \u00e9 aberta e disponibiliza a qualquer pessoa informa\u00e7\u00f5es detalhadas sobre esse tipo de publicidade no Facebook, Instagram e Threads, apontando a conta de origem do an\u00fancio, dados demogr\u00e1ficos da audi\u00eancia e faixa estimativa de gastos, entre outras informa\u00e7\u00f5es.\u00a0<\/span><\/p>\n<p><span style=\"font-weight: 400\">Exigimos que os anunciantes de todo o mundo informem quando utilizarem Intelig\u00eancia Artificial (IA) ou m\u00e9todos digitais para criar ou alterar um an\u00fancio publicit\u00e1rio sobre pol\u00edtica, elei\u00e7\u00f5es ou temas sociais em determinados casos. Quando um anunciante nos informa sobre isso, adicionamos informa\u00e7\u00f5es no an\u00fancio e em nossa Biblioteca de An\u00fancios.\u00a0<\/span><\/p>\n<p><span style=\"font-weight: 400\">Para conferir ainda mais transpar\u00eancia, estamos adicionando mais informa\u00e7\u00f5es aos an\u00fancios que detectamos terem sido criados com ferramentas de IA de terceiros. Essas e outras informa\u00e7\u00f5es ser\u00e3o fornecidas em &#8220;Sobre este an\u00fancio&#8221;. Leia mais <\/span><a href=\"https:\/\/about.fb.com\/br\/news\/2025\/02\/aumentando-a-transparencia-da-ia-generativa-nos-produtos-de-anuncios-da-meta\/\"><span style=\"font-weight: 400\">aqui.<\/span><\/a><\/p>\n<h4><b>Combate \u00e0 desinforma\u00e7\u00e3o<\/b><\/h4>\n<p><span style=\"font-weight: 400\">Removemos conte\u00fados no Facebook, Instagram e Threads que desestimulam o voto ou interferem no processo de vota\u00e7\u00e3o, como informa\u00e7\u00f5es incorretas sobre a data da elei\u00e7\u00e3o ou n\u00famero dos candidatos, sejam eles criados por pessoas ou IA. Nossas pol\u00edticas exigem que conte\u00fados criados por intelig\u00eancia artificial, ainda que org\u00e2nicos, sejam rotulados. Tamb\u00e9m n\u00e3o permitimos conte\u00fado que possa levar a danos f\u00edsicos no mundo real.\u00a0<\/span><\/p>\n<p><span style=\"font-weight: 400\">No Brasil, atualmente trabalhamos com nossos parceiros independentes de verifica\u00e7\u00e3o de fatos para checar a veracidade de conte\u00fados no Facebook, Instagram e Threads que n\u00e3o violam as nossas pol\u00edticas.\u00a0<\/span><\/p>\n<p><span style=\"font-weight: 400\">O WhatsApp, por sua vez, oferece uma maneira simples de pesquisar na internet a veracidade de mensagens encaminhadas com frequ\u00eancia. Ao tocar ou clicar na lupa exibida ao lado de uma mensagem frequentemente encaminhada, os usu\u00e1rios podem carregar essa mensagem em um navegador e encontrar not\u00edcias ou outras fontes de informa\u00e7\u00e3o. Al\u00e9m disso, o WhatsApp limita intencionalmente o encaminhamento de conte\u00fado para conter viralidade.\u00a0<\/span><\/p>\n<h4><b>Prontid\u00e3o Operacional<\/b><\/h4>\n<p><span style=\"font-weight: 400\">Como fazemos desde 2018, ativaremos nosso Centro de Opera\u00e7\u00f5es para Elei\u00e7\u00f5es no Brasil. Essa iniciativa re\u00fane especialistas de diversas \u00e1reas da Meta, entre elas intelig\u00eancia de amea\u00e7as, ci\u00eancia de dados, engenharia, pesquisa, opera\u00e7\u00f5es, jur\u00eddica e pol\u00edticas p\u00fablicas, para acompanhamento dos acontecimentos em tempo real.<\/span><\/p>\n<p><span style=\"font-weight: 400\">A Meta tamb\u00e9m trabalha para capacitar candidatos e suas campanhas em todo o Brasil para explicar nossas a\u00e7\u00f5es para conter desinforma\u00e7\u00e3o, compartilhar detalhes sobre o funcionamento dos aplicativos da empresa e informa\u00e7\u00f5es sobre nossas regras de conte\u00fado.<\/span><\/p>\n<p><span style=\"font-weight: 400\">Seguimos trabalhando em parceria com as autoridades para garantir a integridade das elei\u00e7\u00f5es, em conformidade com as resolu\u00e7\u00f5es do Tribunal Superior Eleitoral (TSE).\u00a0<\/span><\/p>\n<h4><b>Informa\u00e7\u00f5es Oficiais<\/b><\/h4>\n<p><span style=\"font-weight: 400\">Assim como em anos anteriores, a Meta est\u00e1 exibindo aos usu\u00e1rios do Facebook e Instagram no Brasil um aviso que vai conect\u00e1-los com informa\u00e7\u00f5es confi\u00e1veis da Justi\u00e7a Eleitoral \u200b\u200bsobre o T\u00edtulo Eleitoral e a sua regulariza\u00e7\u00e3o. O primeiro lembrete foi apresentado no final de abril aos usu\u00e1rios maiores de 16 anos, para as pessoas se registrarem para votar nas elei\u00e7\u00f5es. Lembretes sobre os dias de vota\u00e7\u00e3o ser\u00e3o exibidos para o primeiro e o segundo turnos.\u00a0<\/span><\/p>\n<p><span style=\"font-weight: 400\">Essa iniciativa refor\u00e7a o di\u00e1logo constante da Meta com as autoridades e governos, e\u00a0 faz parte dos esfor\u00e7os cont\u00ednuos da companhia de colabora\u00e7\u00e3o com o TSE.\u00a0<\/span><\/p>\n<p><img data-recalc-dims=\"1\" loading=\"lazy\" decoding=\"async\" class=\"aligncenter size-large wp-image-27335\" src=\"https:\/\/about.fb.com\/br\/wp-content\/uploads\/sites\/11\/2026\/06\/Captura-de-tela-2026-07-06-124959.png?w=411&#038;resize=411%2C418\" alt=\"\" width=\"411\" height=\"418\" srcset=\"https:\/\/about.fb.com\/br\/wp-content\/uploads\/sites\/11\/2026\/06\/Captura-de-tela-2026-07-06-124959.png?w=411 411w, https:\/\/about.fb.com\/br\/wp-content\/uploads\/sites\/11\/2026\/06\/Captura-de-tela-2026-07-06-124959.png?w=393 393w, https:\/\/about.fb.com\/br\/wp-content\/uploads\/sites\/11\/2026\/06\/Captura-de-tela-2026-07-06-124959.png?w=295 295w\" sizes=\"auto, (max-width: 411px) 100vw, 411px\" \/><\/p>\n<h4><b>Combate a golpes<\/b><\/h4>\n<p><span style=\"font-weight: 400\">Estamos focados em proteger as pessoas de golpes \u2014 incluindo aqueles que usam indevidamente imagens de pol\u00edticos \u2014 e revisamos e atualizamos continuamente nossa abordagem, <\/span><a href=\"https:\/\/about.fb.com\/br\/news\/2026\/02\/meta-toma-medidas-legais-contra-anunciantes-fraudulentos-no-brasil\/\"><span style=\"font-weight: 400\">intensificando-a por meio de a\u00e7\u00f5es judiciais<\/span><\/a><span style=\"font-weight: 400\">. \u00c9 contra nossas pol\u00edticas apresentar an\u00fancios em nossas plataformas que usem imagens de figuras p\u00fablicas para aplicar golpes ou fraudar pessoas. Continuamos a destinar recursos substanciais para combater conte\u00fados fraudulentos, suspendendo e excluindo contas, P\u00e1ginas e an\u00fancios que violam nossas pol\u00edticas.\u00a0<\/span><\/p>\n<p><span style=\"font-weight: 400\">Sabemos que os golpistas s\u00e3o oportunistas e podem usar as elei\u00e7\u00f5es para atrair pessoas a interagir com conte\u00fado sob o pretexto de campanhas pol\u00edticas. Para ajudar a educar as pessoas sobre como identificar e evitar essas amea\u00e7as, desenvolvemos recursos em nossa <\/span><span style=\"font-weight: 400\">Central <\/span><a href=\"https:\/\/www.meta.com\/gb\/safety\/scam-prevention\/?utm_source=about.meta.com&amp;utm_medium=redirect\"><span style=\"font-weight: 400\">de Preven\u00e7\u00e3o de Golpes<\/span><\/a><span style=\"font-weight: 400\">. Tamb\u00e9m estamos usando <\/span><a href=\"https:\/\/about.fb.com\/news\/2024\/10\/testing-combat-scams-restore-compromised-accounts\/\"><span style=\"font-weight: 400\">tecnologia de reconhecimento facial<\/span><\/a><span style=\"font-weight: 400\"> para detectar e prevenir an\u00fancios &#8220;celeb-bait&#8221; que usam imagens de figuras p\u00fablicas para fraudar pessoas, e removemos contas impostoras que as pessoas denunciam estar se passando por elas ou por outras pessoas.\u00a0<\/span><\/p>\n<p><span style=\"font-weight: 400\">Para mais informa\u00e7\u00f5es sobre como trabalhamos para proteger as elei\u00e7\u00f5es no Brasil e no mundo, visite nosso <\/span><a href=\"https:\/\/www.meta.com\/pt-br\/actions\/preparing-for-elections-with-meta\/?srsltid=AfmBOooDBXvEF_wjYR0Wd3Zcvq0CH5odNGK8SEUa7iYFlm6ISdm5skob\"><span style=\"font-weight: 400\">site<\/span><\/a><span style=\"font-weight: 400\">.<\/span><\/p>\n<p>&nbsp;<\/p>\n","protected":false},"excerpt":{"rendered":"Atualizado em 19 de agosto de 2026 Neste link, disponibilizamos nosso Plano de Conformidade para as elei\u00e7\u00f5es brasileiras de 2026. A vers\u00e3o p\u00fablica do documento suprime trechos confidenciais do plano entregue ao Tribunal Superior Eleitoral (TSE). Atualizado em 17 de agosto de 2026 Em julho de 2026, firmamos um Memorando de Entendimento com o Tribunal Superior Eleitoral. Esses acordos s\u00e3o celebrados a cada ciclo eleitoral desde 2018, em uma coopera\u00e7\u00e3o volunt\u00e1ria. Neste ano, renovamos a parceria e a participa\u00e7\u00e3o no Programa Permanente de Enfrentamento \u00e0 Desinforma\u00e7\u00e3o da Justi\u00e7a Eleitoral, com a\u00e7\u00f5es que abrangem Facebook, Instagram, Threads e WhatsApp. Dentre as a\u00e7\u00f5es previstas no acordo, destacamos: Canais de den\u00fancia: Disponibilizamos um canal de den\u00fancias integrado ao Sistema de Alertas de Desinforma\u00e7\u00e3o Eleitoral (SIADE) do TSE, permitindo o encaminhamento e a an\u00e1lise c\u00e9lere de conte\u00fados com potencial violador de nossas pol\u00edticas. No caso do WhatsApp, o canal tamb\u00e9m recebe den\u00fancias sobre contas suspeitas de realizar disparos em massa na plataforma. Divulga\u00e7\u00e3o de informa\u00e7\u00f5es oficiais: Como em ciclos anteriores, todos os usu\u00e1rios do Facebook e do Instagram no Brasil receber\u00e3o um alerta no feed com informa\u00e7\u00f5es oficiais do TSE. Em abril deste ano, usu\u00e1rios maiores de 16 anos j\u00e1 receberam o lembrete para se registrarem para votar.\u00a0 Transpar\u00eancia de an\u00fancios: O acordo prev\u00ea o acesso \u00e0 Biblioteca de An\u00fancios da Meta por meio da API. Com isso, o Tribunal poder\u00e1 acessar conte\u00fados patrocinados ativos e inativos sobre elei\u00e7\u00f5es ou pol\u00edtica no Facebook e no Instagram \u2014 incluindo informa\u00e7\u00f5es sobre gastos, alcance, segmenta\u00e7\u00e3o de p\u00fablico, anunciantes e entidades financiadoras\u00a0 Capacita\u00e7\u00e3o: O memorando prev\u00ea, ainda, a realiza\u00e7\u00e3o de semin\u00e1rios, sob supervis\u00e3o da Escola Judici\u00e1ria Eleitoral (EJE), voltados a servidores do TSE, dos Tribunais Regionais Eleitorais (TREs) e a representantes de partidos pol\u00edticos, abordando boas pr\u00e1ticas e medidas de combate \u00e0 desinforma\u00e7\u00e3o adotadas pelas plataformas da Meta. Tamb\u00e9m temos a Central de Elei\u00e7\u00f5es, um recurso educacional online atualizado para partidos e candidatos, com informa\u00e7\u00f5es relevantes e boas pr\u00e1ticas sobre o uso das nossas plataformas.\u00a0 J\u00e1 em cumprimento \u00e0 Portaria n\u00ba 463, de 27 de julho de 2026, publicada pelo TSE, apresentamos na \u00faltima semana nosso Plano de Conformidade, que detalha as medidas adotadas pela Meta para prevenir e mitigar riscos \u00e0 integridade do processo eleitoral em nossas plataformas. A entrega refor\u00e7a nosso compromisso cont\u00ednuo com elei\u00e7\u00f5es seguras no Brasil \u2014 um trabalho que constru\u00edmos e aprimoramos a cada ciclo, em di\u00e1logo permanente com as autoridades eleitorais e a sociedade.\u00a0 Publicado originalmente em 08 de junho de 2026 Na Meta, temos o compromisso cont\u00ednuo de proteger a integridade do processo eleitoral em nossas plataformas. Embora cada ciclo seja \u00fanico, desenvolvemos uma abordagem abrangente para as elei\u00e7\u00f5es, seguindo medidas rigorosas que temos adotado ao longo dos anos: aplicar nossas pol\u00edticas de conte\u00fado, apoiar a liberdade de express\u00e3o, incentivar a participa\u00e7\u00e3o c\u00edvica e fornecer transpar\u00eancia l\u00edder no setor para publicidade sobre temas sociais, elei\u00e7\u00f5es ou pol\u00edtica.\u00a0 Na \u00faltima d\u00e9cada, investimos mais de US$ 30 bilh\u00f5es em \u00e1reas ligadas \u00e0 seguran\u00e7a, incluindo para proteger processos eleitorais. Nossa estrat\u00e9gia \u00e9 consistente e estamos sempre nos adaptando para enfrentar novos desafios, para garantir que nossas plataformas sejam espa\u00e7os seguros para o debate p\u00fablico. Aplicamos nas nossas plataformas regras que pro\u00edbem conte\u00fado com\u00a0 interfer\u00eancia eleitoral, viol\u00eancia pol\u00edtica e informa\u00e7\u00f5es imprecisas sobre quando, onde e como votar em uma elei\u00e7\u00e3o.\u00a0 Como sempre, aplicamos proativamente nossas pol\u00edticas e removemos conte\u00fado que as viola.\u00a0 Transpar\u00eancia l\u00edder no setor para an\u00fancios pol\u00edticos Desde 2018, a publicidade sobre pol\u00edtica e elei\u00e7\u00f5es veiculada nos nossos aplicativos no Brasil \u00e9 identificada. Os anunciantes que desejam fazer esse tipo de propaganda em nossas plataformas devem passar por um processo de verifica\u00e7\u00e3o de sua identidade e incluir um aviso de \u201cpago por\u201d ou \u201cpropaganda eleitoral\u201d. Em 2020, essa autoriza\u00e7\u00e3o passou a ser obrigat\u00f3ria e, em 2022, expandimos essa exig\u00eancia para conte\u00fados pagos sobre temas sociais.\u00a0 Esses an\u00fancios s\u00e3o armazenados na nossa Biblioteca de An\u00fancios, que \u00e9 p\u00fablica, por sete anos. A ferramenta \u00e9 aberta e disponibiliza a qualquer pessoa informa\u00e7\u00f5es detalhadas sobre esse tipo de publicidade no Facebook, Instagram e Threads, apontando a conta de origem do an\u00fancio, dados demogr\u00e1ficos da audi\u00eancia e faixa estimativa de gastos, entre outras informa\u00e7\u00f5es.\u00a0 Exigimos que os anunciantes de todo o mundo informem quando utilizarem Intelig\u00eancia Artificial (IA) ou m\u00e9todos digitais para criar ou alterar um an\u00fancio publicit\u00e1rio sobre pol\u00edtica, elei\u00e7\u00f5es ou temas sociais em determinados casos. Quando um anunciante nos informa sobre isso, adicionamos informa\u00e7\u00f5es no an\u00fancio e em nossa Biblioteca de An\u00fancios.\u00a0 Para conferir ainda mais transpar\u00eancia, estamos adicionando mais informa\u00e7\u00f5es aos an\u00fancios que detectamos terem sido criados com ferramentas de IA de terceiros. Essas e outras informa\u00e7\u00f5es ser\u00e3o fornecidas em &#8220;Sobre este an\u00fancio&#8221;. Leia mais aqui. Combate \u00e0 desinforma\u00e7\u00e3o Removemos conte\u00fados no Facebook, Instagram e Threads que desestimulam o voto ou interferem no processo de vota\u00e7\u00e3o, como informa\u00e7\u00f5es incorretas sobre a data da elei\u00e7\u00e3o ou n\u00famero dos candidatos, sejam eles criados por pessoas ou IA. Nossas pol\u00edticas exigem que conte\u00fados criados por intelig\u00eancia artificial, ainda que org\u00e2nicos, sejam rotulados. Tamb\u00e9m n\u00e3o permitimos conte\u00fado que possa levar a danos f\u00edsicos no mundo real.\u00a0 No Brasil, atualmente trabalhamos com nossos parceiros independentes de verifica\u00e7\u00e3o de fatos para checar a veracidade de conte\u00fados no Facebook, Instagram e Threads que n\u00e3o violam as nossas pol\u00edticas.\u00a0 O WhatsApp, por sua vez, oferece uma maneira simples de pesquisar na internet a veracidade de mensagens encaminhadas com frequ\u00eancia. Ao tocar ou clicar na lupa exibida ao lado de uma mensagem frequentemente encaminhada, os usu\u00e1rios podem carregar essa mensagem em um navegador e encontrar not\u00edcias ou outras fontes de informa\u00e7\u00e3o. Al\u00e9m disso, o WhatsApp limita intencionalmente o encaminhamento de conte\u00fado para conter viralidade.\u00a0 Prontid\u00e3o Operacional Como fazemos desde 2018, ativaremos nosso Centro de Opera\u00e7\u00f5es para Elei\u00e7\u00f5es no Brasil. Essa iniciativa re\u00fane especialistas de diversas \u00e1reas da Meta, entre elas intelig\u00eancia de amea\u00e7as, ci\u00eancia de dados, engenharia, pesquisa, opera\u00e7\u00f5es, jur\u00eddica e pol\u00edticas p\u00fablicas, para acompanhamento dos acontecimentos em tempo real. A Meta tamb\u00e9m trabalha para capacitar candidatos e suas campanhas em todo o Brasil para explicar nossas a\u00e7\u00f5es para conter desinforma\u00e7\u00e3o, compartilhar detalhes sobre o funcionamento dos aplicativos da empresa e informa\u00e7\u00f5es sobre nossas regras de conte\u00fado. Seguimos trabalhando em parceria com as autoridades para garantir a integridade das elei\u00e7\u00f5es, em conformidade com as resolu\u00e7\u00f5es do Tribunal Superior Eleitoral (TSE).\u00a0 Informa\u00e7\u00f5es Oficiais Assim como em anos anteriores, a Meta est\u00e1 exibindo aos usu\u00e1rios do Facebook e Instagram no Brasil um aviso que vai conect\u00e1-los com informa\u00e7\u00f5es confi\u00e1veis da Justi\u00e7a Eleitoral \u200b\u200bsobre o T\u00edtulo Eleitoral e a sua regulariza\u00e7\u00e3o. O primeiro lembrete foi apresentado no final de abril aos usu\u00e1rios maiores de 16 anos, para as pessoas se registrarem para votar nas elei\u00e7\u00f5es. Lembretes sobre os dias de vota\u00e7\u00e3o ser\u00e3o exibidos para o primeiro e o segundo turnos.\u00a0 Essa iniciativa refor\u00e7a o di\u00e1logo constante da Meta com as autoridades e governos, e\u00a0 faz parte dos esfor\u00e7os cont\u00ednuos da companhia de colabora\u00e7\u00e3o com o TSE.\u00a0 Combate a golpes Estamos focados em proteger as pessoas de golpes \u2014 incluindo aqueles que usam indevidamente imagens de pol\u00edticos \u2014 e revisamos e atualizamos continuamente nossa abordagem, intensificando-a por meio de a\u00e7\u00f5es judiciais. \u00c9 contra nossas pol\u00edticas apresentar an\u00fancios em nossas plataformas que usem imagens de figuras p\u00fablicas para aplicar golpes ou fraudar pessoas. Continuamos a destinar recursos substanciais para combater conte\u00fados fraudulentos, suspendendo e excluindo contas, P\u00e1ginas e an\u00fancios que violam nossas pol\u00edticas.\u00a0 Sabemos que os golpistas s\u00e3o oportunistas e podem usar as elei\u00e7\u00f5es para atrair pessoas a interagir com conte\u00fado sob o pretexto de campanhas pol\u00edticas. Para ajudar a educar as pessoas sobre como identificar e evitar essas amea\u00e7as, desenvolvemos recursos em nossa Central de Preven\u00e7\u00e3o de Golpes. Tamb\u00e9m estamos usando tecnologia de reconhecimento facial para detectar e prevenir an\u00fancios &#8220;celeb-bait&#8221; que usam imagens de figuras p\u00fablicas para fraudar pessoas, e removemos contas impostoras que as pessoas denunciam estar se passando por elas ou por outras pessoas.\u00a0 Para mais informa\u00e7\u00f5es sobre como trabalhamos para proteger as elei\u00e7\u00f5es no Brasil e no mundo, visite nosso site. &nbsp;","protected":false},"author":164097234,"featured_media":0,"comment_status":"closed","ping_status":"closed","sticky":false,"template":"","format":"standard","meta":{"_jetpack_newsletter_access":"","_jetpack_dont_email_post_to_subs":false,"_jetpack_newsletter_tier_id":0,"_jetpack_memberships_contains_paywalled_content":false,"_jetpack_feature_clip_id":0,"_jetpack_memberships_contains_paid_content":false,"footnotes":"","jetpack_post_was_ever_published":false},"categories":[396542114],"tags":[],"class_list":["post-27268","post","type-post","status-publish","format-standard","hentry","category-meta"],"yoast_head":"<!-- This site is optimized with the Yoast SEO plugin v27.2 - https:\/\/yoast.com\/product\/yoast-seo-wordpress\/ -->\n<title>Nosso trabalho para proteger as elei\u00e7\u00f5es de 2026 no Brasil | Sobre a Meta<\/title>\n<meta name=\"robots\" content=\"index, follow, max-snippet:-1, max-image-preview:large, max-video-preview:-1\" \/>\n<link rel=\"canonical\" href=\"https:\/\/about.fb.com\/br\/news\/2026\/06\/nosso-trabalho-para-as-eleicoes-de-2026-no-brasil\/\" \/>\n<meta property=\"og:locale\" content=\"pt_BR\" \/>\n<meta property=\"og:type\" content=\"article\" \/>\n<meta property=\"og:title\" content=\"Nosso trabalho para proteger as elei\u00e7\u00f5es de 2026 no Brasil | Sobre a Meta\" \/>\n<meta property=\"og:description\" content=\"Atualizado em 19 de agosto de 2026 Neste link, disponibilizamos nosso Plano de Conformidade para as elei\u00e7\u00f5es brasileiras de 2026. A vers\u00e3o p\u00fablica do documento suprime trechos confidenciais do plano entregue ao Tribunal Superior Eleitoral (TSE). Atualizado em 17 de agosto de 2026 Em julho de 2026, firmamos um Memorando de Entendimento com o Tribunal Superior Eleitoral. Esses acordos s\u00e3o celebrados a cada ciclo eleitoral desde 2018, em uma coopera\u00e7\u00e3o volunt\u00e1ria. Neste ano, renovamos a parceria e a participa\u00e7\u00e3o no Programa Permanente de Enfrentamento \u00e0 Desinforma\u00e7\u00e3o da Justi\u00e7a Eleitoral, com a\u00e7\u00f5es que abrangem Facebook, Instagram, Threads e WhatsApp. Dentre as a\u00e7\u00f5es previstas no acordo, destacamos: Canais de den\u00fancia: Disponibilizamos um canal de den\u00fancias integrado ao Sistema de Alertas de Desinforma\u00e7\u00e3o Eleitoral (SIADE) do TSE, permitindo o encaminhamento e a an\u00e1lise c\u00e9lere de conte\u00fados com potencial violador de nossas pol\u00edticas. No caso do WhatsApp, o canal tamb\u00e9m recebe den\u00fancias sobre contas suspeitas de realizar disparos em massa na plataforma. Divulga\u00e7\u00e3o de informa\u00e7\u00f5es oficiais: Como em ciclos anteriores, todos os usu\u00e1rios do Facebook e do Instagram no Brasil receber\u00e3o um alerta no feed com informa\u00e7\u00f5es oficiais do TSE. Em abril deste ano, usu\u00e1rios maiores de 16 anos j\u00e1 receberam o lembrete para se registrarem para votar.\u00a0 Transpar\u00eancia de an\u00fancios: O acordo prev\u00ea o acesso \u00e0 Biblioteca de An\u00fancios da Meta por meio da API. Com isso, o Tribunal poder\u00e1 acessar conte\u00fados patrocinados ativos e inativos sobre elei\u00e7\u00f5es ou pol\u00edtica no Facebook e no Instagram \u2014 incluindo informa\u00e7\u00f5es sobre gastos, alcance, segmenta\u00e7\u00e3o de p\u00fablico, anunciantes e entidades financiadoras\u00a0 Capacita\u00e7\u00e3o: O memorando prev\u00ea, ainda, a realiza\u00e7\u00e3o de semin\u00e1rios, sob supervis\u00e3o da Escola Judici\u00e1ria Eleitoral (EJE), voltados a servidores do TSE, dos Tribunais Regionais Eleitorais (TREs) e a representantes de partidos pol\u00edticos, abordando boas pr\u00e1ticas e medidas de combate \u00e0 desinforma\u00e7\u00e3o adotadas pelas plataformas da Meta. Tamb\u00e9m temos a Central de Elei\u00e7\u00f5es, um recurso educacional online atualizado para partidos e candidatos, com informa\u00e7\u00f5es relevantes e boas pr\u00e1ticas sobre o uso das nossas plataformas.\u00a0 J\u00e1 em cumprimento \u00e0 Portaria n\u00ba 463, de 27 de julho de 2026, publicada pelo TSE, apresentamos na \u00faltima semana nosso Plano de Conformidade, que detalha as medidas adotadas pela Meta para prevenir e mitigar riscos \u00e0 integridade do processo eleitoral em nossas plataformas. A entrega refor\u00e7a nosso compromisso cont\u00ednuo com elei\u00e7\u00f5es seguras no Brasil \u2014 um trabalho que constru\u00edmos e aprimoramos a cada ciclo, em di\u00e1logo permanente com as autoridades eleitorais e a sociedade.\u00a0 Publicado originalmente em 08 de junho de 2026 Na Meta, temos o compromisso cont\u00ednuo de proteger a integridade do processo eleitoral em nossas plataformas. Embora cada ciclo seja \u00fanico, desenvolvemos uma abordagem abrangente para as elei\u00e7\u00f5es, seguindo medidas rigorosas que temos adotado ao longo dos anos: aplicar nossas pol\u00edticas de conte\u00fado, apoiar a liberdade de express\u00e3o, incentivar a participa\u00e7\u00e3o c\u00edvica e fornecer transpar\u00eancia l\u00edder no setor para publicidade sobre temas sociais, elei\u00e7\u00f5es ou pol\u00edtica.\u00a0 Na \u00faltima d\u00e9cada, investimos mais de US$ 30 bilh\u00f5es em \u00e1reas ligadas \u00e0 seguran\u00e7a, incluindo para proteger processos eleitorais. Nossa estrat\u00e9gia \u00e9 consistente e estamos sempre nos adaptando para enfrentar novos desafios, para garantir que nossas plataformas sejam espa\u00e7os seguros para o debate p\u00fablico. Aplicamos nas nossas plataformas regras que pro\u00edbem conte\u00fado com\u00a0 interfer\u00eancia eleitoral, viol\u00eancia pol\u00edtica e informa\u00e7\u00f5es imprecisas sobre quando, onde e como votar em uma elei\u00e7\u00e3o.\u00a0 Como sempre, aplicamos proativamente nossas pol\u00edticas e removemos conte\u00fado que as viola.\u00a0 Transpar\u00eancia l\u00edder no setor para an\u00fancios pol\u00edticos Desde 2018, a publicidade sobre pol\u00edtica e elei\u00e7\u00f5es veiculada nos nossos aplicativos no Brasil \u00e9 identificada. Os anunciantes que desejam fazer esse tipo de propaganda em nossas plataformas devem passar por um processo de verifica\u00e7\u00e3o de sua identidade e incluir um aviso de \u201cpago por\u201d ou \u201cpropaganda eleitoral\u201d. Em 2020, essa autoriza\u00e7\u00e3o passou a ser obrigat\u00f3ria e, em 2022, expandimos essa exig\u00eancia para conte\u00fados pagos sobre temas sociais.\u00a0 Esses an\u00fancios s\u00e3o armazenados na nossa Biblioteca de An\u00fancios, que \u00e9 p\u00fablica, por sete anos. A ferramenta \u00e9 aberta e disponibiliza a qualquer pessoa informa\u00e7\u00f5es detalhadas sobre esse tipo de publicidade no Facebook, Instagram e Threads, apontando a conta de origem do an\u00fancio, dados demogr\u00e1ficos da audi\u00eancia e faixa estimativa de gastos, entre outras informa\u00e7\u00f5es.\u00a0 Exigimos que os anunciantes de todo o mundo informem quando utilizarem Intelig\u00eancia Artificial (IA) ou m\u00e9todos digitais para criar ou alterar um an\u00fancio publicit\u00e1rio sobre pol\u00edtica, elei\u00e7\u00f5es ou temas sociais em determinados casos. Quando um anunciante nos informa sobre isso, adicionamos informa\u00e7\u00f5es no an\u00fancio e em nossa Biblioteca de An\u00fancios.\u00a0 Para conferir ainda mais transpar\u00eancia, estamos adicionando mais informa\u00e7\u00f5es aos an\u00fancios que detectamos terem sido criados com ferramentas de IA de terceiros. Essas e outras informa\u00e7\u00f5es ser\u00e3o fornecidas em &#8220;Sobre este an\u00fancio&#8221;. Leia mais aqui. Combate \u00e0 desinforma\u00e7\u00e3o Removemos conte\u00fados no Facebook, Instagram e Threads que desestimulam o voto ou interferem no processo de vota\u00e7\u00e3o, como informa\u00e7\u00f5es incorretas sobre a data da elei\u00e7\u00e3o ou n\u00famero dos candidatos, sejam eles criados por pessoas ou IA. Nossas pol\u00edticas exigem que conte\u00fados criados por intelig\u00eancia artificial, ainda que org\u00e2nicos, sejam rotulados. Tamb\u00e9m n\u00e3o permitimos conte\u00fado que possa levar a danos f\u00edsicos no mundo real.\u00a0 No Brasil, atualmente trabalhamos com nossos parceiros independentes de verifica\u00e7\u00e3o de fatos para checar a veracidade de conte\u00fados no Facebook, Instagram e Threads que n\u00e3o violam as nossas pol\u00edticas.\u00a0 O WhatsApp, por sua vez, oferece uma maneira simples de pesquisar na internet a veracidade de mensagens encaminhadas com frequ\u00eancia. Ao tocar ou clicar na lupa exibida ao lado de uma mensagem frequentemente encaminhada, os usu\u00e1rios podem carregar essa mensagem em um navegador e encontrar not\u00edcias ou outras fontes de informa\u00e7\u00e3o. Al\u00e9m disso, o WhatsApp limita intencionalmente o encaminhamento de conte\u00fado para conter viralidade.\u00a0 Prontid\u00e3o Operacional Como fazemos desde 2018, ativaremos nosso Centro de Opera\u00e7\u00f5es para Elei\u00e7\u00f5es no Brasil. Essa iniciativa re\u00fane especialistas de diversas \u00e1reas da Meta, entre elas intelig\u00eancia de amea\u00e7as, ci\u00eancia de dados, engenharia, pesquisa, opera\u00e7\u00f5es, jur\u00eddica e pol\u00edticas p\u00fablicas, para acompanhamento dos acontecimentos em tempo real. A Meta tamb\u00e9m trabalha para capacitar candidatos e suas campanhas em todo o Brasil para explicar nossas a\u00e7\u00f5es para conter desinforma\u00e7\u00e3o, compartilhar detalhes sobre o funcionamento dos aplicativos da empresa e informa\u00e7\u00f5es sobre nossas regras de conte\u00fado. Seguimos trabalhando em parceria com as autoridades para garantir a integridade das elei\u00e7\u00f5es, em conformidade com as resolu\u00e7\u00f5es do Tribunal Superior Eleitoral (TSE).\u00a0 Informa\u00e7\u00f5es Oficiais Assim como em anos anteriores, a Meta est\u00e1 exibindo aos usu\u00e1rios do Facebook e Instagram no Brasil um aviso que vai conect\u00e1-los com informa\u00e7\u00f5es confi\u00e1veis da Justi\u00e7a Eleitoral \u200b\u200bsobre o T\u00edtulo Eleitoral e a sua regulariza\u00e7\u00e3o. O primeiro lembrete foi apresentado no final de abril aos usu\u00e1rios maiores de 16 anos, para as pessoas se registrarem para votar nas elei\u00e7\u00f5es. Lembretes sobre os dias de vota\u00e7\u00e3o ser\u00e3o exibidos para o primeiro e o segundo turnos.\u00a0 Essa iniciativa refor\u00e7a o di\u00e1logo constante da Meta com as autoridades e governos, e\u00a0 faz parte dos esfor\u00e7os cont\u00ednuos da companhia de colabora\u00e7\u00e3o com o TSE.\u00a0 Combate a golpes Estamos focados em proteger as pessoas de golpes \u2014 incluindo aqueles que usam indevidamente imagens de pol\u00edticos \u2014 e revisamos e atualizamos continuamente nossa abordagem, intensificando-a por meio de a\u00e7\u00f5es judiciais. \u00c9 contra nossas pol\u00edticas apresentar an\u00fancios em nossas plataformas que usem imagens de figuras p\u00fablicas para aplicar golpes ou fraudar pessoas. Continuamos a destinar recursos substanciais para combater conte\u00fados fraudulentos, suspendendo e excluindo contas, P\u00e1ginas e an\u00fancios que violam nossas pol\u00edticas.\u00a0 Sabemos que os golpistas s\u00e3o oportunistas e podem usar as elei\u00e7\u00f5es para atrair pessoas a interagir com conte\u00fado sob o pretexto de campanhas pol\u00edticas. Para ajudar a educar as pessoas sobre como identificar e evitar essas amea\u00e7as, desenvolvemos recursos em nossa Central de Preven\u00e7\u00e3o de Golpes. Tamb\u00e9m estamos usando tecnologia de reconhecimento facial para detectar e prevenir an\u00fancios &#8220;celeb-bait&#8221; que usam imagens de figuras p\u00fablicas para fraudar pessoas, e removemos contas impostoras que as pessoas denunciam estar se passando por elas ou por outras pessoas.\u00a0 Para mais informa\u00e7\u00f5es sobre como trabalhamos para proteger as elei\u00e7\u00f5es no Brasil e no mundo, visite nosso site. &nbsp;\" \/>\n<meta property=\"og:url\" content=\"https:\/\/about.fb.com\/br\/news\/2026\/06\/nosso-trabalho-para-as-eleicoes-de-2026-no-brasil\/\" \/>\n<meta property=\"og:site_name\" content=\"Sobre a Meta\" \/>\n<meta property=\"article:published_time\" content=\"2026-06-08T13:21:53+00:00\" \/>\n<meta property=\"article:modified_time\" content=\"2026-08-20T12:19:24+00:00\" \/>\n<meta property=\"og:image\" content=\"https:\/\/about.fb.com\/br\/wp-content\/uploads\/sites\/11\/2026\/06\/Captura-de-tela-2026-07-06-124959.png?w=411\" \/>\n<meta name=\"author\" content=\"vivilusor\" \/>\n<meta name=\"twitter:card\" content=\"summary_large_image\" \/>\n<meta name=\"twitter:label1\" content=\"Written by\" \/>\n\t<meta name=\"twitter:data1\" content=\"Meta\" \/>\n\t<meta name=\"twitter:label2\" content=\"Est. reading time\" \/>\n\t<meta name=\"twitter:data2\" content=\"8 minutos\" \/>\n<script type=\"application\/ld+json\" class=\"yoast-schema-graph\">{\"@context\":\"https:\/\/schema.org\",\"@graph\":[{\"@type\":\"Article\",\"@id\":\"https:\/\/about.fb.com\/br\/news\/2026\/06\/nosso-trabalho-para-as-eleicoes-de-2026-no-brasil\/#article\",\"isPartOf\":{\"@id\":\"https:\/\/about.fb.com\/br\/news\/2026\/06\/nosso-trabalho-para-as-eleicoes-de-2026-no-brasil\/\"},\"author\":\"Facebook company\",\"headline\":\"Nosso trabalho para proteger as elei\u00e7\u00f5es de 2026 no Brasil\",\"datePublished\":\"2026-06-08T13:21:53+00:00\",\"dateModified\":\"2026-08-20T12:19:24+00:00\",\"mainEntityOfPage\":{\"@id\":\"https:\/\/about.fb.com\/br\/news\/2026\/06\/nosso-trabalho-para-as-eleicoes-de-2026-no-brasil\/\"},\"wordCount\":1487,\"publisher\":{\"@id\":\"https:\/\/about.fb.com\/br\/#organization\"},\"image\":{\"@id\":\"https:\/\/about.fb.com\/br\/news\/2026\/06\/nosso-trabalho-para-as-eleicoes-de-2026-no-brasil\/#primaryimage\"},\"thumbnailUrl\":\"https:\/\/about.fb.com\/br\/wp-content\/uploads\/sites\/11\/2026\/06\/Captura-de-tela-2026-07-06-124959.png?w=411\",\"articleSection\":[\"Meta\"],\"inLanguage\":\"pt-BR\"},{\"@type\":\"WebPage\",\"@id\":\"https:\/\/about.fb.com\/br\/news\/2026\/06\/nosso-trabalho-para-as-eleicoes-de-2026-no-brasil\/\",\"url\":\"https:\/\/about.fb.com\/br\/news\/2026\/06\/nosso-trabalho-para-as-eleicoes-de-2026-no-brasil\/\",\"name\":\"Nosso trabalho para proteger as elei\u00e7\u00f5es de 2026 no Brasil | Sobre a Meta\",\"isPartOf\":{\"@id\":\"https:\/\/about.fb.com\/br\/#website\"},\"primaryImageOfPage\":{\"@id\":\"https:\/\/about.fb.com\/br\/news\/2026\/06\/nosso-trabalho-para-as-eleicoes-de-2026-no-brasil\/#primaryimage\"},\"image\":{\"@id\":\"https:\/\/about.fb.com\/br\/news\/2026\/06\/nosso-trabalho-para-as-eleicoes-de-2026-no-brasil\/#primaryimage\"},\"thumbnailUrl\":\"https:\/\/about.fb.com\/br\/wp-content\/uploads\/sites\/11\/2026\/06\/Captura-de-tela-2026-07-06-124959.png?w=411\",\"datePublished\":\"2026-06-08T13:21:53+00:00\",\"dateModified\":\"2026-08-20T12:19:24+00:00\",\"breadcrumb\":{\"@id\":\"https:\/\/about.fb.com\/br\/news\/2026\/06\/nosso-trabalho-para-as-eleicoes-de-2026-no-brasil\/#breadcrumb\"},\"inLanguage\":\"pt-BR\",\"potentialAction\":[{\"@type\":\"ReadAction\",\"target\":[\"https:\/\/about.fb.com\/br\/news\/2026\/06\/nosso-trabalho-para-as-eleicoes-de-2026-no-brasil\/\"]}],\"author\":\"Sobre a Meta\"},{\"@type\":\"ImageObject\",\"inLanguage\":\"pt-BR\",\"@id\":\"https:\/\/about.fb.com\/br\/news\/2026\/06\/nosso-trabalho-para-as-eleicoes-de-2026-no-brasil\/#primaryimage\",\"url\":\"https:\/\/about.fb.com\/br\/wp-content\/uploads\/sites\/11\/2026\/06\/Captura-de-tela-2026-07-06-124959.png?w=411\",\"contentUrl\":\"https:\/\/about.fb.com\/br\/wp-content\/uploads\/sites\/11\/2026\/06\/Captura-de-tela-2026-07-06-124959.png?w=411\"},{\"@type\":\"BreadcrumbList\",\"@id\":\"https:\/\/about.fb.com\/br\/news\/2026\/06\/nosso-trabalho-para-as-eleicoes-de-2026-no-brasil\/#breadcrumb\",\"itemListElement\":[{\"@type\":\"ListItem\",\"position\":1,\"name\":\"Home\",\"item\":\"https:\/\/about.fb.com\/br\/\"},{\"@type\":\"ListItem\",\"position\":2,\"name\":\"Nosso trabalho para proteger as elei\u00e7\u00f5es de 2026 no Brasil\"}]},{\"@type\":\"WebSite\",\"@id\":\"https:\/\/about.fb.com\/br\/#website\",\"url\":\"https:\/\/about.fb.com\/news\/\",\"name\":\"Sobre a Meta\",\"description\":\"\",\"publisher\":{\"@id\":\"https:\/\/about.fb.com\/br\/#organization\"},\"potentialAction\":[{\"@type\":\"SearchAction\",\"target\":{\"@type\":\"EntryPoint\",\"urlTemplate\":\"https:\/\/about.fb.com\/br\/?s={search_term_string}\"},\"query-input\":{\"@type\":\"PropertyValueSpecification\",\"valueRequired\":true,\"valueName\":\"search_term_string\"}}],\"inLanguage\":\"pt-BR\",\"alternateName\":[\"Meta Newsroom\",\"Meta\"]},{\"@type\":\"Organization\",\"@id\":\"https:\/\/about.fb.com\/br\/#organization\",\"name\":\"Meta\",\"url\":\"https:\/\/about.fb.com\/br\/\",\"logo\":{\"@type\":\"ImageObject\",\"inLanguage\":\"pt-BR\",\"@id\":\"https:\/\/about.fb.com\/br\/#\/schema\/logo\/image\/\",\"url\":\"https:\/\/about.fb.com\/br\/wp-content\/uploads\/sites\/11\/2021\/10\/meta-social-16x9-1.jpg?fit=8000%2C4500\",\"contentUrl\":\"https:\/\/about.fb.com\/br\/wp-content\/uploads\/sites\/11\/2021\/10\/meta-social-16x9-1.jpg?fit=8000%2C4500\",\"width\":8000,\"height\":4500,\"caption\":\"Meta\"},\"image\":{\"@id\":\"https:\/\/about.fb.com\/br\/#\/schema\/logo\/image\/\"}}]}<\/script>\n<!-- \/ Yoast SEO plugin. -->","yoast_head_json":{"title":"Nosso trabalho para proteger as elei\u00e7\u00f5es de 2026 no Brasil | Sobre a Meta","robots":{"index":"index","follow":"follow","max-snippet":"max-snippet:-1","max-image-preview":"max-image-preview:large","max-video-preview":"max-video-preview:-1"},"canonical":"https:\/\/about.fb.com\/br\/news\/2026\/06\/nosso-trabalho-para-as-eleicoes-de-2026-no-brasil\/","og_locale":"pt_BR","og_type":"article","og_title":"Nosso trabalho para proteger as elei\u00e7\u00f5es de 2026 no Brasil | Sobre a Meta","og_description":"Atualizado em 19 de agosto de 2026 Neste link, disponibilizamos nosso Plano de Conformidade para as elei\u00e7\u00f5es brasileiras de 2026. A vers\u00e3o p\u00fablica do documento suprime trechos confidenciais do plano entregue ao Tribunal Superior Eleitoral (TSE). Atualizado em 17 de agosto de 2026 Em julho de 2026, firmamos um Memorando de Entendimento com o Tribunal Superior Eleitoral. Esses acordos s\u00e3o celebrados a cada ciclo eleitoral desde 2018, em uma coopera\u00e7\u00e3o volunt\u00e1ria. Neste ano, renovamos a parceria e a participa\u00e7\u00e3o no Programa Permanente de Enfrentamento \u00e0 Desinforma\u00e7\u00e3o da Justi\u00e7a Eleitoral, com a\u00e7\u00f5es que abrangem Facebook, Instagram, Threads e WhatsApp. Dentre as a\u00e7\u00f5es previstas no acordo, destacamos: Canais de den\u00fancia: Disponibilizamos um canal de den\u00fancias integrado ao Sistema de Alertas de Desinforma\u00e7\u00e3o Eleitoral (SIADE) do TSE, permitindo o encaminhamento e a an\u00e1lise c\u00e9lere de conte\u00fados com potencial violador de nossas pol\u00edticas. No caso do WhatsApp, o canal tamb\u00e9m recebe den\u00fancias sobre contas suspeitas de realizar disparos em massa na plataforma. Divulga\u00e7\u00e3o de informa\u00e7\u00f5es oficiais: Como em ciclos anteriores, todos os usu\u00e1rios do Facebook e do Instagram no Brasil receber\u00e3o um alerta no feed com informa\u00e7\u00f5es oficiais do TSE. Em abril deste ano, usu\u00e1rios maiores de 16 anos j\u00e1 receberam o lembrete para se registrarem para votar.\u00a0 Transpar\u00eancia de an\u00fancios: O acordo prev\u00ea o acesso \u00e0 Biblioteca de An\u00fancios da Meta por meio da API. Com isso, o Tribunal poder\u00e1 acessar conte\u00fados patrocinados ativos e inativos sobre elei\u00e7\u00f5es ou pol\u00edtica no Facebook e no Instagram \u2014 incluindo informa\u00e7\u00f5es sobre gastos, alcance, segmenta\u00e7\u00e3o de p\u00fablico, anunciantes e entidades financiadoras\u00a0 Capacita\u00e7\u00e3o: O memorando prev\u00ea, ainda, a realiza\u00e7\u00e3o de semin\u00e1rios, sob supervis\u00e3o da Escola Judici\u00e1ria Eleitoral (EJE), voltados a servidores do TSE, dos Tribunais Regionais Eleitorais (TREs) e a representantes de partidos pol\u00edticos, abordando boas pr\u00e1ticas e medidas de combate \u00e0 desinforma\u00e7\u00e3o adotadas pelas plataformas da Meta. Tamb\u00e9m temos a Central de Elei\u00e7\u00f5es, um recurso educacional online atualizado para partidos e candidatos, com informa\u00e7\u00f5es relevantes e boas pr\u00e1ticas sobre o uso das nossas plataformas.\u00a0 J\u00e1 em cumprimento \u00e0 Portaria n\u00ba 463, de 27 de julho de 2026, publicada pelo TSE, apresentamos na \u00faltima semana nosso Plano de Conformidade, que detalha as medidas adotadas pela Meta para prevenir e mitigar riscos \u00e0 integridade do processo eleitoral em nossas plataformas. A entrega refor\u00e7a nosso compromisso cont\u00ednuo com elei\u00e7\u00f5es seguras no Brasil \u2014 um trabalho que constru\u00edmos e aprimoramos a cada ciclo, em di\u00e1logo permanente com as autoridades eleitorais e a sociedade.\u00a0 Publicado originalmente em 08 de junho de 2026 Na Meta, temos o compromisso cont\u00ednuo de proteger a integridade do processo eleitoral em nossas plataformas. Embora cada ciclo seja \u00fanico, desenvolvemos uma abordagem abrangente para as elei\u00e7\u00f5es, seguindo medidas rigorosas que temos adotado ao longo dos anos: aplicar nossas pol\u00edticas de conte\u00fado, apoiar a liberdade de express\u00e3o, incentivar a participa\u00e7\u00e3o c\u00edvica e fornecer transpar\u00eancia l\u00edder no setor para publicidade sobre temas sociais, elei\u00e7\u00f5es ou pol\u00edtica.\u00a0 Na \u00faltima d\u00e9cada, investimos mais de US$ 30 bilh\u00f5es em \u00e1reas ligadas \u00e0 seguran\u00e7a, incluindo para proteger processos eleitorais. Nossa estrat\u00e9gia \u00e9 consistente e estamos sempre nos adaptando para enfrentar novos desafios, para garantir que nossas plataformas sejam espa\u00e7os seguros para o debate p\u00fablico. Aplicamos nas nossas plataformas regras que pro\u00edbem conte\u00fado com\u00a0 interfer\u00eancia eleitoral, viol\u00eancia pol\u00edtica e informa\u00e7\u00f5es imprecisas sobre quando, onde e como votar em uma elei\u00e7\u00e3o.\u00a0 Como sempre, aplicamos proativamente nossas pol\u00edticas e removemos conte\u00fado que as viola.\u00a0 Transpar\u00eancia l\u00edder no setor para an\u00fancios pol\u00edticos Desde 2018, a publicidade sobre pol\u00edtica e elei\u00e7\u00f5es veiculada nos nossos aplicativos no Brasil \u00e9 identificada. Os anunciantes que desejam fazer esse tipo de propaganda em nossas plataformas devem passar por um processo de verifica\u00e7\u00e3o de sua identidade e incluir um aviso de \u201cpago por\u201d ou \u201cpropaganda eleitoral\u201d. Em 2020, essa autoriza\u00e7\u00e3o passou a ser obrigat\u00f3ria e, em 2022, expandimos essa exig\u00eancia para conte\u00fados pagos sobre temas sociais.\u00a0 Esses an\u00fancios s\u00e3o armazenados na nossa Biblioteca de An\u00fancios, que \u00e9 p\u00fablica, por sete anos. A ferramenta \u00e9 aberta e disponibiliza a qualquer pessoa informa\u00e7\u00f5es detalhadas sobre esse tipo de publicidade no Facebook, Instagram e Threads, apontando a conta de origem do an\u00fancio, dados demogr\u00e1ficos da audi\u00eancia e faixa estimativa de gastos, entre outras informa\u00e7\u00f5es.\u00a0 Exigimos que os anunciantes de todo o mundo informem quando utilizarem Intelig\u00eancia Artificial (IA) ou m\u00e9todos digitais para criar ou alterar um an\u00fancio publicit\u00e1rio sobre pol\u00edtica, elei\u00e7\u00f5es ou temas sociais em determinados casos. Quando um anunciante nos informa sobre isso, adicionamos informa\u00e7\u00f5es no an\u00fancio e em nossa Biblioteca de An\u00fancios.\u00a0 Para conferir ainda mais transpar\u00eancia, estamos adicionando mais informa\u00e7\u00f5es aos an\u00fancios que detectamos terem sido criados com ferramentas de IA de terceiros. Essas e outras informa\u00e7\u00f5es ser\u00e3o fornecidas em &#8220;Sobre este an\u00fancio&#8221;. Leia mais aqui. Combate \u00e0 desinforma\u00e7\u00e3o Removemos conte\u00fados no Facebook, Instagram e Threads que desestimulam o voto ou interferem no processo de vota\u00e7\u00e3o, como informa\u00e7\u00f5es incorretas sobre a data da elei\u00e7\u00e3o ou n\u00famero dos candidatos, sejam eles criados por pessoas ou IA. Nossas pol\u00edticas exigem que conte\u00fados criados por intelig\u00eancia artificial, ainda que org\u00e2nicos, sejam rotulados. Tamb\u00e9m n\u00e3o permitimos conte\u00fado que possa levar a danos f\u00edsicos no mundo real.\u00a0 No Brasil, atualmente trabalhamos com nossos parceiros independentes de verifica\u00e7\u00e3o de fatos para checar a veracidade de conte\u00fados no Facebook, Instagram e Threads que n\u00e3o violam as nossas pol\u00edticas.\u00a0 O WhatsApp, por sua vez, oferece uma maneira simples de pesquisar na internet a veracidade de mensagens encaminhadas com frequ\u00eancia. Ao tocar ou clicar na lupa exibida ao lado de uma mensagem frequentemente encaminhada, os usu\u00e1rios podem carregar essa mensagem em um navegador e encontrar not\u00edcias ou outras fontes de informa\u00e7\u00e3o. Al\u00e9m disso, o WhatsApp limita intencionalmente o encaminhamento de conte\u00fado para conter viralidade.\u00a0 Prontid\u00e3o Operacional Como fazemos desde 2018, ativaremos nosso Centro de Opera\u00e7\u00f5es para Elei\u00e7\u00f5es no Brasil. Essa iniciativa re\u00fane especialistas de diversas \u00e1reas da Meta, entre elas intelig\u00eancia de amea\u00e7as, ci\u00eancia de dados, engenharia, pesquisa, opera\u00e7\u00f5es, jur\u00eddica e pol\u00edticas p\u00fablicas, para acompanhamento dos acontecimentos em tempo real. A Meta tamb\u00e9m trabalha para capacitar candidatos e suas campanhas em todo o Brasil para explicar nossas a\u00e7\u00f5es para conter desinforma\u00e7\u00e3o, compartilhar detalhes sobre o funcionamento dos aplicativos da empresa e informa\u00e7\u00f5es sobre nossas regras de conte\u00fado. Seguimos trabalhando em parceria com as autoridades para garantir a integridade das elei\u00e7\u00f5es, em conformidade com as resolu\u00e7\u00f5es do Tribunal Superior Eleitoral (TSE).\u00a0 Informa\u00e7\u00f5es Oficiais Assim como em anos anteriores, a Meta est\u00e1 exibindo aos usu\u00e1rios do Facebook e Instagram no Brasil um aviso que vai conect\u00e1-los com informa\u00e7\u00f5es confi\u00e1veis da Justi\u00e7a Eleitoral \u200b\u200bsobre o T\u00edtulo Eleitoral e a sua regulariza\u00e7\u00e3o. O primeiro lembrete foi apresentado no final de abril aos usu\u00e1rios maiores de 16 anos, para as pessoas se registrarem para votar nas elei\u00e7\u00f5es. Lembretes sobre os dias de vota\u00e7\u00e3o ser\u00e3o exibidos para o primeiro e o segundo turnos.\u00a0 Essa iniciativa refor\u00e7a o di\u00e1logo constante da Meta com as autoridades e governos, e\u00a0 faz parte dos esfor\u00e7os cont\u00ednuos da companhia de colabora\u00e7\u00e3o com o TSE.\u00a0 Combate a golpes Estamos focados em proteger as pessoas de golpes \u2014 incluindo aqueles que usam indevidamente imagens de pol\u00edticos \u2014 e revisamos e atualizamos continuamente nossa abordagem, intensificando-a por meio de a\u00e7\u00f5es judiciais. \u00c9 contra nossas pol\u00edticas apresentar an\u00fancios em nossas plataformas que usem imagens de figuras p\u00fablicas para aplicar golpes ou fraudar pessoas. Continuamos a destinar recursos substanciais para combater conte\u00fados fraudulentos, suspendendo e excluindo contas, P\u00e1ginas e an\u00fancios que violam nossas pol\u00edticas.\u00a0 Sabemos que os golpistas s\u00e3o oportunistas e podem usar as elei\u00e7\u00f5es para atrair pessoas a interagir com conte\u00fado sob o pretexto de campanhas pol\u00edticas. Para ajudar a educar as pessoas sobre como identificar e evitar essas amea\u00e7as, desenvolvemos recursos em nossa Central de Preven\u00e7\u00e3o de Golpes. Tamb\u00e9m estamos usando tecnologia de reconhecimento facial para detectar e prevenir an\u00fancios &#8220;celeb-bait&#8221; que usam imagens de figuras p\u00fablicas para fraudar pessoas, e removemos contas impostoras que as pessoas denunciam estar se passando por elas ou por outras pessoas.\u00a0 Para mais informa\u00e7\u00f5es sobre como trabalhamos para proteger as elei\u00e7\u00f5es no Brasil e no mundo, visite nosso site. &nbsp;","og_url":"https:\/\/about.fb.com\/br\/news\/2026\/06\/nosso-trabalho-para-as-eleicoes-de-2026-no-brasil\/","og_site_name":"Sobre a Meta","article_published_time":"2026-06-08T13:21:53+00:00","article_modified_time":"2026-08-20T12:19:24+00:00","og_image":[{"url":"https:\/\/about.fb.com\/br\/wp-content\/uploads\/sites\/11\/2026\/06\/Captura-de-tela-2026-07-06-124959.png?w=411","type":"","width":"","height":""}],"author":"vivilusor","twitter_card":"summary_large_image","twitter_misc":{"Written by":"Meta","Est. reading time":"8 minutos"},"schema":{"@context":"https:\/\/schema.org","@graph":[{"@type":"Article","@id":"https:\/\/about.fb.com\/br\/news\/2026\/06\/nosso-trabalho-para-as-eleicoes-de-2026-no-brasil\/#article","isPartOf":{"@id":"https:\/\/about.fb.com\/br\/news\/2026\/06\/nosso-trabalho-para-as-eleicoes-de-2026-no-brasil\/"},"author":"Facebook company","headline":"Nosso trabalho para proteger as elei\u00e7\u00f5es de 2026 no Brasil","datePublished":"2026-06-08T13:21:53+00:00","dateModified":"2026-08-20T12:19:24+00:00","mainEntityOfPage":{"@id":"https:\/\/about.fb.com\/br\/news\/2026\/06\/nosso-trabalho-para-as-eleicoes-de-2026-no-brasil\/"},"wordCount":1487,"publisher":{"@id":"https:\/\/about.fb.com\/br\/#organization"},"image":{"@id":"https:\/\/about.fb.com\/br\/news\/2026\/06\/nosso-trabalho-para-as-eleicoes-de-2026-no-brasil\/#primaryimage"},"thumbnailUrl":"https:\/\/about.fb.com\/br\/wp-content\/uploads\/sites\/11\/2026\/06\/Captura-de-tela-2026-07-06-124959.png?w=411","articleSection":["Meta"],"inLanguage":"pt-BR"},{"@type":"WebPage","@id":"https:\/\/about.fb.com\/br\/news\/2026\/06\/nosso-trabalho-para-as-eleicoes-de-2026-no-brasil\/","url":"https:\/\/about.fb.com\/br\/news\/2026\/06\/nosso-trabalho-para-as-eleicoes-de-2026-no-brasil\/","name":"Nosso trabalho para proteger as elei\u00e7\u00f5es de 2026 no Brasil | Sobre a Meta","isPartOf":{"@id":"https:\/\/about.fb.com\/br\/#website"},"primaryImageOfPage":{"@id":"https:\/\/about.fb.com\/br\/news\/2026\/06\/nosso-trabalho-para-as-eleicoes-de-2026-no-brasil\/#primaryimage"},"image":{"@id":"https:\/\/about.fb.com\/br\/news\/2026\/06\/nosso-trabalho-para-as-eleicoes-de-2026-no-brasil\/#primaryimage"},"thumbnailUrl":"https:\/\/about.fb.com\/br\/wp-content\/uploads\/sites\/11\/2026\/06\/Captura-de-tela-2026-07-06-124959.png?w=411","datePublished":"2026-06-08T13:21:53+00:00","dateModified":"2026-08-20T12:19:24+00:00","breadcrumb":{"@id":"https:\/\/about.fb.com\/br\/news\/2026\/06\/nosso-trabalho-para-as-eleicoes-de-2026-no-brasil\/#breadcrumb"},"inLanguage":"pt-BR","potentialAction":[{"@type":"ReadAction","target":["https:\/\/about.fb.com\/br\/news\/2026\/06\/nosso-trabalho-para-as-eleicoes-de-2026-no-brasil\/"]}],"author":"Sobre a Meta"},{"@type":"ImageObject","inLanguage":"pt-BR","@id":"https:\/\/about.fb.com\/br\/news\/2026\/06\/nosso-trabalho-para-as-eleicoes-de-2026-no-brasil\/#primaryimage","url":"https:\/\/about.fb.com\/br\/wp-content\/uploads\/sites\/11\/2026\/06\/Captura-de-tela-2026-07-06-124959.png?w=411","contentUrl":"https:\/\/about.fb.com\/br\/wp-content\/uploads\/sites\/11\/2026\/06\/Captura-de-tela-2026-07-06-124959.png?w=411"},{"@type":"BreadcrumbList","@id":"https:\/\/about.fb.com\/br\/news\/2026\/06\/nosso-trabalho-para-as-eleicoes-de-2026-no-brasil\/#breadcrumb","itemListElement":[{"@type":"ListItem","position":1,"name":"Home","item":"https:\/\/about.fb.com\/br\/"},{"@type":"ListItem","position":2,"name":"Nosso trabalho para proteger as elei\u00e7\u00f5es de 2026 no Brasil"}]},{"@type":"WebSite","@id":"https:\/\/about.fb.com\/br\/#website","url":"https:\/\/about.fb.com\/news\/","name":"Sobre a Meta","description":"","publisher":{"@id":"https:\/\/about.fb.com\/br\/#organization"},"potentialAction":[{"@type":"SearchAction","target":{"@type":"EntryPoint","urlTemplate":"https:\/\/about.fb.com\/br\/?s={search_term_string}"},"query-input":{"@type":"PropertyValueSpecification","valueRequired":true,"valueName":"search_term_string"}}],"inLanguage":"pt-BR","alternateName":["Meta Newsroom","Meta"]},{"@type":"Organization","@id":"https:\/\/about.fb.com\/br\/#organization","name":"Meta","url":"https:\/\/about.fb.com\/br\/","logo":{"@type":"ImageObject","inLanguage":"pt-BR","@id":"https:\/\/about.fb.com\/br\/#\/schema\/logo\/image\/","url":"https:\/\/about.fb.com\/br\/wp-content\/uploads\/sites\/11\/2021\/10\/meta-social-16x9-1.jpg?fit=8000%2C4500","contentUrl":"https:\/\/about.fb.com\/br\/wp-content\/uploads\/sites\/11\/2021\/10\/meta-social-16x9-1.jpg?fit=8000%2C4500","width":8000,"height":4500,"caption":"Meta"},"image":{"@id":"https:\/\/about.fb.com\/br\/#\/schema\/logo\/image\/"}}]}},"jetpack-related-posts":[{"id":27260,"url":"https:\/\/about.fb.com\/br\/news\/2026\/06\/combatendo-spyware-uma-atualizacao-do-whatsapp\/","url_meta":{"origin":27268,"position":0},"title":"Combatendo Spyware: Uma Atualiza\u00e7\u00e3o do WhatsApp","author":"Meta","date":"08\/06\/2026","format":false,"excerpt":"No ano passado, o WhatsApp fez hist\u00f3ria ao garantir um veredito hist\u00f3rico e uma injun\u00e7\u00e3o permanente que pro\u00edbe a NSO Group \u2014 uma empresa de spyware inclu\u00edda na lista de restri\u00e7\u00f5es por a\u00e7\u00f5es contr\u00e1rias \u00e0 seguran\u00e7a nacional dos EUA \u2014 de atacar o WhatsApp e seus usu\u00e1rios. O tribunal foi\u2026","rel":"","context":"In &quot;Meta&quot;","block_context":{"text":"Meta","link":"https:\/\/about.fb.com\/br\/news\/category\/temas-home\/meta\/"},"img":{"alt_text":"","src":"","width":0,"height":0},"classes":[]},{"id":27419,"url":"https:\/\/about.fb.com\/br\/news\/2026\/07\/meta-ai-nao-apenas-pensa-ela-age\/","url_meta":{"origin":27268,"position":1},"title":"Meta AI n\u00e3o apenas pensa, ela age","author":"Meta","date":"24\/07\/2026","format":false,"excerpt":"No in\u00edcio deste m\u00eas, anunciamos nosso novo modelo, Muse Spark 1.1, que atua no app Meta AI e meta.ai. O modelo foi desenvolvido para planejar, trabalhar com seus apps e acompanhar tarefas do in\u00edcio ao fim, e s\u00e3o essas capacidades que tornam poss\u00edveis as novas funcionalidades da Meta AI. Com\u2026","rel":"","context":"In &quot;Meta&quot;","block_context":{"text":"Meta","link":"https:\/\/about.fb.com\/br\/news\/category\/temas-home\/meta\/"},"img":{"alt_text":"","src":"https:\/\/about.fb.com\/br\/wp-content\/uploads\/sites\/11\/2026\/07\/Meta-AI_logo.gif?fit=1920%2C1080&resize=350%2C200","width":350,"height":200,"srcset":"https:\/\/about.fb.com\/br\/wp-content\/uploads\/sites\/11\/2026\/07\/Meta-AI_logo.gif?fit=1920%2C1080&resize=350%2C200 1x, https:\/\/about.fb.com\/br\/wp-content\/uploads\/sites\/11\/2026\/07\/Meta-AI_logo.gif?fit=1920%2C1080&resize=525%2C300 1.5x, https:\/\/about.fb.com\/br\/wp-content\/uploads\/sites\/11\/2026\/07\/Meta-AI_logo.gif?fit=1920%2C1080&resize=700%2C400 2x, https:\/\/about.fb.com\/br\/wp-content\/uploads\/sites\/11\/2026\/07\/Meta-AI_logo.gif?fit=1920%2C1080&resize=1050%2C600 3x, https:\/\/about.fb.com\/br\/wp-content\/uploads\/sites\/11\/2026\/07\/Meta-AI_logo.gif?fit=1920%2C1080&resize=1400%2C800 4x"},"classes":[]},{"id":27437,"url":"https:\/\/about.fb.com\/br\/news\/2026\/08\/seus-grupos-agora-sao-ainda-melhores-apresentamos-as-novas-enquetes-o-comando-todos-e-muito-mais\/","url_meta":{"origin":27268,"position":2},"title":"Seus grupos agora s\u00e3o ainda melhores: apresentamos as novas enquetes, o comando @todos e muito mais","author":"Meta","date":"04\/08\/2026","format":false,"excerpt":"Os grupos do WhatsApp s\u00e3o ideais para manter contato com seu c\u00edrculo de amigos ou planejar sua liga de fantasia. E agora estamos aprimorando os grupos com novas atualiza\u00e7\u00f5es nas enquetes para agilizar a tomada de decis\u00f5es, men\u00e7\u00f5es @todos para chamar a aten\u00e7\u00e3o de todos e uma maneira mais simples\u2026","rel":"","context":"In &quot;Recent News&quot;","block_context":{"text":"Recent News","link":"https:\/\/about.fb.com\/br\/news\/category\/recent-news\/"},"img":{"alt_text":"","src":"https:\/\/about.fb.com\/br\/wp-content\/uploads\/sites\/11\/2026\/08\/Brazilian-Portuguese_WhatsApp_group-chat-updates.png?fit=1920%2C1080&resize=350%2C200","width":350,"height":200,"srcset":"https:\/\/about.fb.com\/br\/wp-content\/uploads\/sites\/11\/2026\/08\/Brazilian-Portuguese_WhatsApp_group-chat-updates.png?fit=1920%2C1080&resize=350%2C200 1x, https:\/\/about.fb.com\/br\/wp-content\/uploads\/sites\/11\/2026\/08\/Brazilian-Portuguese_WhatsApp_group-chat-updates.png?fit=1920%2C1080&resize=525%2C300 1.5x, https:\/\/about.fb.com\/br\/wp-content\/uploads\/sites\/11\/2026\/08\/Brazilian-Portuguese_WhatsApp_group-chat-updates.png?fit=1920%2C1080&resize=700%2C400 2x, https:\/\/about.fb.com\/br\/wp-content\/uploads\/sites\/11\/2026\/08\/Brazilian-Portuguese_WhatsApp_group-chat-updates.png?fit=1920%2C1080&resize=1050%2C600 3x, https:\/\/about.fb.com\/br\/wp-content\/uploads\/sites\/11\/2026\/08\/Brazilian-Portuguese_WhatsApp_group-chat-updates.png?fit=1920%2C1080&resize=1400%2C800 4x"},"classes":[]},{"id":27189,"url":"https:\/\/about.fb.com\/br\/news\/2026\/05\/protegendo-jogadores-e-torcedores-durante-a-copa-do-mundo-da-fifa-2026\/","url_meta":{"origin":27268,"position":3},"title":"Protegendo jogadores e torcedores durante a Copa do Mundo da FIFA 2026\u2122","author":"Meta","date":"28\/05\/2026","format":false,"excerpt":"Nos pr\u00f3ximos meses, torcedores de futebol ao redor do mundo usar\u00e3o nossos aplicativos para se conectar e viver juntos a Copa do Mundo da FIFA 2026\u2122. Enquanto a maioria estar\u00e1 torcendo por seus times e jogadores favoritos, infelizmente pode haver atores mal-intencionados que tentar\u00e3o atrair outras pessoas para golpes ou\u2026","rel":"","context":"In &quot;Recent News&quot;","block_context":{"text":"Recent News","link":"https:\/\/about.fb.com\/br\/news\/category\/recent-news\/"},"img":{"alt_text":"","src":"https:\/\/about.fb.com\/br\/wp-content\/uploads\/sites\/11\/2026\/05\/HIDDEN_.png?resize=350%2C200","width":350,"height":200,"srcset":"https:\/\/about.fb.com\/br\/wp-content\/uploads\/sites\/11\/2026\/05\/HIDDEN_.png?resize=350%2C200 1x, https:\/\/about.fb.com\/br\/wp-content\/uploads\/sites\/11\/2026\/05\/HIDDEN_.png?resize=525%2C300 1.5x, https:\/\/about.fb.com\/br\/wp-content\/uploads\/sites\/11\/2026\/05\/HIDDEN_.png?resize=700%2C400 2x, https:\/\/about.fb.com\/br\/wp-content\/uploads\/sites\/11\/2026\/05\/HIDDEN_.png?resize=1050%2C600 3x"},"classes":[]},{"id":27124,"url":"https:\/\/about.fb.com\/br\/news\/2026\/05\/apresentando-o-trending-now-do-threads-no-brasil\/","url_meta":{"origin":27268,"position":4},"title":"Apresentando o Trending Now do Threads no Brasil","author":"Meta","date":"04\/05\/2026","format":false,"excerpt":"Desde o lan\u00e7amento do Threads, sabemos que as pessoas querem poder descobrir os assuntos em alta para participar das conversas que s\u00e3o importantes para elas e, agora, estamos lan\u00e7ando o \"Trending Now\" no Brasil. O \u201cTrending Now\u201d pode ser encontrado na p\u00e1gina de busca e no feed \u201cPara Voc\u00ea\u201d do\u2026","rel":"","context":"In &quot;Recent News&quot;","block_context":{"text":"Recent News","link":"https:\/\/about.fb.com\/br\/news\/category\/recent-news\/"},"img":{"alt_text":"","src":"https:\/\/about.fb.com\/br\/wp-content\/uploads\/sites\/11\/2026\/05\/Trending_Now_Brazil_16x9.png?fit=3840%2C2160&resize=350%2C200","width":350,"height":200,"srcset":"https:\/\/about.fb.com\/br\/wp-content\/uploads\/sites\/11\/2026\/05\/Trending_Now_Brazil_16x9.png?fit=3840%2C2160&resize=350%2C200 1x, https:\/\/about.fb.com\/br\/wp-content\/uploads\/sites\/11\/2026\/05\/Trending_Now_Brazil_16x9.png?fit=3840%2C2160&resize=525%2C300 1.5x, https:\/\/about.fb.com\/br\/wp-content\/uploads\/sites\/11\/2026\/05\/Trending_Now_Brazil_16x9.png?fit=3840%2C2160&resize=700%2C400 2x, https:\/\/about.fb.com\/br\/wp-content\/uploads\/sites\/11\/2026\/05\/Trending_Now_Brazil_16x9.png?fit=3840%2C2160&resize=1050%2C600 3x, https:\/\/about.fb.com\/br\/wp-content\/uploads\/sites\/11\/2026\/05\/Trending_Now_Brazil_16x9.png?fit=3840%2C2160&resize=1400%2C800 4x"},"classes":[]},{"id":27228,"url":"https:\/\/about.fb.com\/br\/news\/2026\/06\/conversations-2026-apresentamos-o-meta-business-agent\/","url_meta":{"origin":27268,"position":5},"title":"Conversations 2026: apresentamos o Meta Business Agent","author":"Meta","date":"03\/06\/2026","format":false,"excerpt":"Os clientes esperam respostas instant\u00e2neas, mas nenhuma equipe pode estar em todos os lugares ao mesmo tempo. Hoje, na Conversations em Londres, estamos apresentando o Meta Business Agent, uma IA que permite que as empresas estejam presentes para cada cliente, em cada momento, como se tivessem uma equipe infinita por\u2026","rel":"","context":"In &quot;Recent News&quot;","block_context":{"text":"Recent News","link":"https:\/\/about.fb.com\/br\/news\/category\/recent-news\/"},"img":{"alt_text":"","src":"https:\/\/about.fb.com\/br\/wp-content\/uploads\/sites\/11\/2026\/06\/Brazilian-Portuguese_WhatsApp_conversation-2026-1.png?resize=350%2C200","width":350,"height":200,"srcset":"https:\/\/about.fb.com\/br\/wp-content\/uploads\/sites\/11\/2026\/06\/Brazilian-Portuguese_WhatsApp_conversation-2026-1.png?resize=350%2C200 1x, https:\/\/about.fb.com\/br\/wp-content\/uploads\/sites\/11\/2026\/06\/Brazilian-Portuguese_WhatsApp_conversation-2026-1.png?resize=525%2C300 1.5x, https:\/\/about.fb.com\/br\/wp-content\/uploads\/sites\/11\/2026\/06\/Brazilian-Portuguese_WhatsApp_conversation-2026-1.png?resize=700%2C400 2x, https:\/\/about.fb.com\/br\/wp-content\/uploads\/sites\/11\/2026\/06\/Brazilian-Portuguese_WhatsApp_conversation-2026-1.png?resize=1050%2C600 3x, https:\/\/about.fb.com\/br\/wp-content\/uploads\/sites\/11\/2026\/06\/Brazilian-Portuguese_WhatsApp_conversation-2026-1.png?resize=1400%2C800 4x"},"classes":[]}],"jetpack_sharing_enabled":true,"amp_enabled":true,"jetpack_featured_media_url":"","_links":{"self":[{"href":"https:\/\/about.fb.com\/br\/wp-json\/wp\/v2\/posts\/27268","targetHints":{"allow":["GET"]}}],"collection":[{"href":"https:\/\/about.fb.com\/br\/wp-json\/wp\/v2\/posts"}],"about":[{"href":"https:\/\/about.fb.com\/br\/wp-json\/wp\/v2\/types\/post"}],"author":[{"embeddable":true,"href":"https:\/\/about.fb.com\/br\/wp-json\/wp\/v2\/users\/164097234"}],"replies":[{"embeddable":true,"href":"https:\/\/about.fb.com\/br\/wp-json\/wp\/v2\/comments?post=27268"}],"version-history":[{"count":17,"href":"https:\/\/about.fb.com\/br\/wp-json\/wp\/v2\/posts\/27268\/revisions"}],"predecessor-version":[{"id":27471,"href":"https:\/\/about.fb.com\/br\/wp-json\/wp\/v2\/posts\/27268\/revisions\/27471"}],"wp:attachment":[{"href":"https:\/\/about.fb.com\/br\/wp-json\/wp\/v2\/media?parent=27268"}],"wp:term":[{"taxonomy":"category","embeddable":true,"href":"https:\/\/about.fb.com\/br\/wp-json\/wp\/v2\/categories?post=27268"},{"taxonomy":"post_tag","embeddable":true,"href":"https:\/\/about.fb.com\/br\/wp-json\/wp\/v2\/tags?post=27268"}],"curies":[{"name":"wp","href":"https:\/\/api.w.org\/{rel}","templated":true}]}}