{"id":27097,"date":"2026-04-23T09:37:34","date_gmt":"2026-04-23T12:37:34","guid":{"rendered":"https:\/\/about.fb.com\/br\/?p=27097"},"modified":"2026-04-23T09:37:34","modified_gmt":"2026-04-23T12:37:34","slug":"ajudando-pais-a-entender-as-conversas-que-seus-adolescentes-estao-tendo-com-ia","status":"publish","type":"post","link":"https:\/\/about.fb.com\/br\/news\/2026\/04\/ajudando-pais-a-entender-as-conversas-que-seus-adolescentes-estao-tendo-com-ia\/","title":{"rendered":"Ajudando pais a entender as conversas que seus adolescentes est\u00e3o tendo com IA"},"content":{"rendered":"<p><span style=\"font-weight: 400\">Em outubro do ano passado, <\/span><a href=\"https:\/\/about.fb.com\/br\/news\/2025\/10\/empoderando-os-pais-e-protegendo-os-adolescentes-a-abordagem-da-meta-para-a-seguranca-de-ia\/\"><span style=\"font-weight: 400\">anunciamos<\/span><\/a><span style=\"font-weight: 400\"> que est\u00e1vamos desenvolvendo novas formas de apoiar os pais na miss\u00e3o de acompanhar e orientar seus filhos adolescentes no universo da Intelig\u00eancia Artificial. Isso inclui fornecer aos pais informa\u00e7\u00f5es sobre os t\u00f3picos a respeito dos quais seus adolescentes t\u00eam interagido com o assistente de IA da Meta. Esses insights j\u00e1 est\u00e3o dispon\u00edveis para pais que supervisionam Contas de Adolescentes nos EUA, Reino Unido, Austr\u00e1lia, Canad\u00e1 e Brasil, e ser\u00e3o oferecidos nos demais pa\u00edses ao redor do mundo nas pr\u00f3ximas semanas.<\/span><\/p>\n<p><b>Dando aos pais mais visibilidade sobre as conversas dos adolescentes com IA<\/b><\/p>\n<p><span style=\"font-weight: 400\">Pais que usam a supervis\u00e3o no Facebook, Messenger ou Instagram agora ver\u00e3o uma nova aba de Insights na \u00e1rea de supervis\u00e3o, tanto no app quanto na web. A partir dela, os pais poder\u00e3o ver os t\u00f3picos sobre os quais seu adolescente tem perguntado \u00e0 Meta AI naquele aplicativo espec\u00edfico ao longo da \u00faltima semana. Os t\u00f3picos podem variar de Escola, Entretenimento e Estilo de Vida a Viagens, Escrita, e Sa\u00fade e Bem-Estar, entre outros.<\/span><\/p>\n\n    \n    <div \n        id=\"gallery-27098,27099-1-slideshow\" \n        class=\"jetpack-slideshow-window jetpack-slideshow jetpack-slideshow-black\" \n        data-trans=\"fade\" \n        data-autostart=\"true\" \n        data-gallery=\"[{&quot;src&quot;:&quot;https:\\\/\\\/about.fb.com\\\/br\\\/wp-content\\\/uploads\\\/sites\\\/11\\\/2026\\\/04\\\/01_Topic-Insights-Entry_Carousel-02_pt_BR.jpg?fit=1920%2C1672&quot;,&quot;id&quot;:&quot;27098&quot;,&quot;title&quot;:&quot;01_Topic Insights Entry_Carousel 02_pt_BR&quot;,&quot;alt&quot;:&quot;&quot;,&quot;caption&quot;:&quot;&quot;,&quot;itemprop&quot;:&quot;image&quot;},{&quot;src&quot;:&quot;https:\\\/\\\/about.fb.com\\\/br\\\/wp-content\\\/uploads\\\/sites\\\/11\\\/2026\\\/04\\\/01_Topic-Insights-Entry_Carousel-01_pt_BR.jpg?fit=1920%2C1672&quot;,&quot;id&quot;:&quot;27099&quot;,&quot;title&quot;:&quot;01_Topic Insights Entry_Carousel 01_pt_BR&quot;,&quot;alt&quot;:&quot;&quot;,&quot;caption&quot;:&quot;&quot;,&quot;itemprop&quot;:&quot;image&quot;}]\" \n        itemscope \n        itemtype=\"https:\/\/schema.org\/ImageGallery\">\n    <\/div>\n\n    <script type=\"text\/javascript\">\n    if (typeof jetpackSlideshowSettings === 'undefined') {\n        window.jetpackSlideshowSettings = {\n            spinner: 'https:\/\/about.fb.com\/br\/wp-content\/mu-plugins\/jetpack\/modules\/shortcodes\/img\/slideshow-loader.gif',\n            speed: '4000',\n            label_prev: 'Previous Slide',\n            label_stop: 'Pause Slideshow',\n            label_next: 'Next Slide'\n        };\n    }\n\n    jQuery(document).ready(function($) {\n        $('.jetpack-slideshow-noscript').remove();\n        var container = $('#gallery-27098,27099-1-slideshow');\n        if (!container.data('processed')) {\n            var slideshow = new JetpackSlideshow(\n                container,\n                container.data('trans'),\n                container.data('autostart')\n            );\n            slideshow.images = container.data('gallery');\n            slideshow.init();\n            container.data('processed', true);\n        }\n    });\n    <\/script>\n\n    \n<p><span style=\"font-weight: 400\">Os pais podem selecionar um t\u00f3pico para ver as diferentes categorias que se enquadram em cada um. Por exemplo: categorias dentro de Estilo de Vida incluem moda, alimenta\u00e7\u00e3o e feriados, e categorias dentro de Sa\u00fade e Bem-Estar incluem condicionamento f\u00edsico, sa\u00fade f\u00edsica e sa\u00fade mental.<\/span><\/p>\n<p><span style=\"font-weight: 400\">E este \u00e9 apenas o come\u00e7o. \u00c0 medida que disponibilizamos esses insights para pais ao redor do mundo, continuaremos ouvindo o feedback tanto de pais quanto de especialistas e exploraremos maneiras de torn\u00e1-los ainda mais valiosos.<\/span><\/p>\n<p><b>Complementando as prote\u00e7\u00f5es de seguran\u00e7a existentes para Contas de Adolescentes<\/b><\/p>\n<p><span style=\"font-weight: 400\">Esses novos insights complementam as prote\u00e7\u00f5es de seguran\u00e7a j\u00e1 incorporadas \u00e0s experi\u00eancias de IA para Contas de Adolescente, que foram inspiradas em crit\u00e9rios de classifica\u00e7\u00e3o indicativa de filmes para pessoas de 13 a 17 anos e no feedback de pais &#8211; o que significa, na pr\u00e1tica, que a Meta AI n\u00e3o deve fornecer respostas que pareceriam <\/span><a href=\"https:\/\/about.fb.com\/br\/news\/2026\/03\/tela-consciente-instagram-traz-novas-protecoes-de-conteudo-a-contas-de-adolescente-no-brasil\/\"><span style=\"font-weight: 400\">inadequadas em um filme recomendado para 13+<\/span><\/a><span style=\"font-weight: 400\">. Com isso, \u00e9 poss\u00edvel que a Meta AI n\u00e3o responda a certas perguntas e, em alguns casos, direcione os adolescentes a recursos alternativos. Ainda assim, mostraremos aos pais o t\u00f3pico sobre o qual seu adolescente estava perguntando, mesmo que a Meta AI n\u00e3o tenha respondido.<\/span><\/p>\n<p><span style=\"font-weight: 400\">Embora os insights tenham sido pensados para dar aos pais mais visibilidade dos t\u00f3picos gerais sobre os quais seus adolescentes est\u00e3o perguntando \u00e0 Meta AI, para quest\u00f5es sens\u00edveis relacionadas a suic\u00eddio e automutila\u00e7\u00e3o estamos indo al\u00e9m. Recentemente <\/span><a href=\"https:\/\/about.fb.com\/br\/news\/2026\/02\/novos-alertas-para-informar-aos-pais-se-seus-filhos-adolescentes-precisam-de-apoio\/\"><span style=\"font-weight: 400\">anunciamos<\/span><\/a><span style=\"font-weight: 400\"> que estamos desenvolvendo novos alertas para informar os pais caso seu adolescente tente se envolver em conversas relacionadas a suic\u00eddio ou automutila\u00e7\u00e3o com a Meta AI \u2014 e em breve teremos mais informa\u00e7\u00f5es para compartilhar sobre esses alertas.<\/span><\/p>\n<p><span style=\"font-weight: 400\">Esses novos insights e alertas proativos s\u00e3o apenas algumas das maneiras em que estamos trabalhando para tornar a supervis\u00e3o parental ainda mais valiosa. Elas s\u00e3o camadas adicionais que estamos construindo com base nos recursos de supervis\u00e3o j\u00e1 dispon\u00edveis, que \u2014 entre outras coisas \u2014 permitem que os pais definam limites de uso di\u00e1rio, programem pausas e vejam com quem seu adolescente tem conversado nos \u00faltimos sete dias.<\/span><\/p>\n<p><b>Ajudando pais a abordar conversas sobre IA<\/b><\/p>\n<p><span style=\"font-weight: 400\">Entendemos que a IA \u00e9 uma tecnologia nova e em evolu\u00e7\u00e3o, e que os pais nem sempre se sentem confiantes para conversar sobre isso com seus adolescentes. Por isso, trabalhamos com o Cyberbullying Research Center para desenvolver \u201ciniciadores de conversa\u201d: perguntas abertas que os pais podem fazer a seus adolescentes, projetadas para ajudar a iniciar conversas sem julgamento sobre suas experi\u00eancias com IA. Cada pergunta vem acompanhada de orienta\u00e7\u00f5es para os pais, explicando o que a pergunta espec\u00edfica busca abordar e como conduzir a conversa. Esses iniciadores de conversa est\u00e3o dispon\u00edveis no site da <\/span><a href=\"https:\/\/familycenter.meta.com\/br\/resources\/talk-to-your-teen-about-ai\/\"><span style=\"font-weight: 400\">Central da Fam\u00edlia<\/span><\/a><span style=\"font-weight: 400\">, e os pais tamb\u00e9m podem acess\u00e1-los por meio de um link na nova aba de Insights.<\/span><\/p>\n<p><b>Apresentando o novo Conselho de Especialistas em Bem-Estar em IA da Meta<\/b><\/p>\n<p><span style=\"font-weight: 400\">Por fim, estamos compartilhando mais informa\u00e7\u00f5es sobre o novo Conselho de Especialistas em Bem-Estar em IA da Meta \u2014 um grupo de especialistas que far\u00e1 contribui\u00e7\u00f5es cont\u00ednuas sobre nossas experi\u00eancias de IA para adolescentes, no intuito de ajudar a garantir que elas continuem seguras e adequadas \u00e0 idade. Temos um longo hist\u00f3rico de colabora\u00e7\u00e3o pr\u00f3xima com especialistas para orientar nossas pol\u00edticas e produtos, incluindo nossas experi\u00eancias de IA j\u00e1 existentes. Nossos Assessores para Assuntos Relacionados a Suic\u00eddio e Automutila\u00e7\u00e3o, Assessores de Juventude e Especialistas em Imagem Corporal tamb\u00e9m orientam sobre quest\u00f5es espec\u00edficas, e somos extremamente gratos por sua expertise.<\/span><\/p>\n<p><span style=\"font-weight: 400\">Nosso Conselho de Especialistas em Bem-Estar em IA \u00e9 formado por membros desses tr\u00eas grupos consultivos existentes, bem como por novos integrantes com expertise espec\u00edfica em IA respons\u00e1vel e \u00e9tica, afiliados ao afiliados ao Conselho Nacional de Preven\u00e7\u00e3o do Suic\u00eddio, \u00e0 Universidade de Michigan, \u00e0 Universidade Northeastern, \u00e0 Universidade do Texas e \u00e0 Universidade do Sul da Calif\u00f3rnia, entre outras institui\u00e7\u00f5es. As equipes da Meta se reunir\u00e3o regularmente com o Conselho de Especialistas em Bem-Estar em IA para compartilhar atualiza\u00e7\u00f5es sobre as mais recentes experi\u00eancias de IA que estamos construindo para adolescentes e coletar feedback para nossas equipes de pol\u00edticas e produto. Esse trabalho j\u00e1 come\u00e7ou, com o Conselho fornecendo contribui\u00e7\u00f5es valiosas no desenvolvimento dos novos insights para pais que estamos anunciando hoje.<\/span><\/p>\n<p>&nbsp;<\/p>\n","protected":false},"excerpt":{"rendered":"Em outubro do ano passado, anunciamos que est\u00e1vamos desenvolvendo novas formas de apoiar os pais na miss\u00e3o de acompanhar e orientar seus filhos adolescentes no universo da Intelig\u00eancia Artificial. Isso inclui fornecer aos pais informa\u00e7\u00f5es sobre os t\u00f3picos a respeito dos quais seus adolescentes t\u00eam interagido com o assistente de IA da Meta. Esses insights j\u00e1 est\u00e3o dispon\u00edveis para pais que supervisionam Contas de Adolescentes nos EUA, Reino Unido, Austr\u00e1lia, Canad\u00e1 e Brasil, e ser\u00e3o oferecidos nos demais pa\u00edses ao redor do mundo nas pr\u00f3ximas semanas. Dando aos pais mais visibilidade sobre as conversas dos adolescentes com IA Pais que usam a supervis\u00e3o no Facebook, Messenger ou Instagram agora ver\u00e3o uma nova aba de Insights na \u00e1rea de supervis\u00e3o, tanto no app quanto na web. A partir dela, os pais poder\u00e3o ver os t\u00f3picos sobre os quais seu adolescente tem perguntado \u00e0 Meta AI naquele aplicativo espec\u00edfico ao longo da \u00faltima semana. Os t\u00f3picos podem variar de Escola, Entretenimento e Estilo de Vida a Viagens, Escrita, e Sa\u00fade e Bem-Estar, entre outros. Os pais podem selecionar um t\u00f3pico para ver as diferentes categorias que se enquadram em cada um. Por exemplo: categorias dentro de Estilo de Vida incluem moda, alimenta\u00e7\u00e3o e feriados, e categorias dentro de Sa\u00fade e Bem-Estar incluem condicionamento f\u00edsico, sa\u00fade f\u00edsica e sa\u00fade mental. E este \u00e9 apenas o come\u00e7o. \u00c0 medida que disponibilizamos esses insights para pais ao redor do mundo, continuaremos ouvindo o feedback tanto de pais quanto de especialistas e exploraremos maneiras de torn\u00e1-los ainda mais valiosos. Complementando as prote\u00e7\u00f5es de seguran\u00e7a existentes para Contas de Adolescentes Esses novos insights complementam as prote\u00e7\u00f5es de seguran\u00e7a j\u00e1 incorporadas \u00e0s experi\u00eancias de IA para Contas de Adolescente, que foram inspiradas em crit\u00e9rios de classifica\u00e7\u00e3o indicativa de filmes para pessoas de 13 a 17 anos e no feedback de pais &#8211; o que significa, na pr\u00e1tica, que a Meta AI n\u00e3o deve fornecer respostas que pareceriam inadequadas em um filme recomendado para 13+. Com isso, \u00e9 poss\u00edvel que a Meta AI n\u00e3o responda a certas perguntas e, em alguns casos, direcione os adolescentes a recursos alternativos. Ainda assim, mostraremos aos pais o t\u00f3pico sobre o qual seu adolescente estava perguntando, mesmo que a Meta AI n\u00e3o tenha respondido. Embora os insights tenham sido pensados para dar aos pais mais visibilidade dos t\u00f3picos gerais sobre os quais seus adolescentes est\u00e3o perguntando \u00e0 Meta AI, para quest\u00f5es sens\u00edveis relacionadas a suic\u00eddio e automutila\u00e7\u00e3o estamos indo al\u00e9m. Recentemente anunciamos que estamos desenvolvendo novos alertas para informar os pais caso seu adolescente tente se envolver em conversas relacionadas a suic\u00eddio ou automutila\u00e7\u00e3o com a Meta AI \u2014 e em breve teremos mais informa\u00e7\u00f5es para compartilhar sobre esses alertas. Esses novos insights e alertas proativos s\u00e3o apenas algumas das maneiras em que estamos trabalhando para tornar a supervis\u00e3o parental ainda mais valiosa. Elas s\u00e3o camadas adicionais que estamos construindo com base nos recursos de supervis\u00e3o j\u00e1 dispon\u00edveis, que \u2014 entre outras coisas \u2014 permitem que os pais definam limites de uso di\u00e1rio, programem pausas e vejam com quem seu adolescente tem conversado nos \u00faltimos sete dias. Ajudando pais a abordar conversas sobre IA Entendemos que a IA \u00e9 uma tecnologia nova e em evolu\u00e7\u00e3o, e que os pais nem sempre se sentem confiantes para conversar sobre isso com seus adolescentes. Por isso, trabalhamos com o Cyberbullying Research Center para desenvolver \u201ciniciadores de conversa\u201d: perguntas abertas que os pais podem fazer a seus adolescentes, projetadas para ajudar a iniciar conversas sem julgamento sobre suas experi\u00eancias com IA. Cada pergunta vem acompanhada de orienta\u00e7\u00f5es para os pais, explicando o que a pergunta espec\u00edfica busca abordar e como conduzir a conversa. Esses iniciadores de conversa est\u00e3o dispon\u00edveis no site da Central da Fam\u00edlia, e os pais tamb\u00e9m podem acess\u00e1-los por meio de um link na nova aba de Insights. Apresentando o novo Conselho de Especialistas em Bem-Estar em IA da Meta Por fim, estamos compartilhando mais informa\u00e7\u00f5es sobre o novo Conselho de Especialistas em Bem-Estar em IA da Meta \u2014 um grupo de especialistas que far\u00e1 contribui\u00e7\u00f5es cont\u00ednuas sobre nossas experi\u00eancias de IA para adolescentes, no intuito de ajudar a garantir que elas continuem seguras e adequadas \u00e0 idade. Temos um longo hist\u00f3rico de colabora\u00e7\u00e3o pr\u00f3xima com especialistas para orientar nossas pol\u00edticas e produtos, incluindo nossas experi\u00eancias de IA j\u00e1 existentes. Nossos Assessores para Assuntos Relacionados a Suic\u00eddio e Automutila\u00e7\u00e3o, Assessores de Juventude e Especialistas em Imagem Corporal tamb\u00e9m orientam sobre quest\u00f5es espec\u00edficas, e somos extremamente gratos por sua expertise. Nosso Conselho de Especialistas em Bem-Estar em IA \u00e9 formado por membros desses tr\u00eas grupos consultivos existentes, bem como por novos integrantes com expertise espec\u00edfica em IA respons\u00e1vel e \u00e9tica, afiliados ao afiliados ao Conselho Nacional de Preven\u00e7\u00e3o do Suic\u00eddio, \u00e0 Universidade de Michigan, \u00e0 Universidade Northeastern, \u00e0 Universidade do Texas e \u00e0 Universidade do Sul da Calif\u00f3rnia, entre outras institui\u00e7\u00f5es. As equipes da Meta se reunir\u00e3o regularmente com o Conselho de Especialistas em Bem-Estar em IA para compartilhar atualiza\u00e7\u00f5es sobre as mais recentes experi\u00eancias de IA que estamos construindo para adolescentes e coletar feedback para nossas equipes de pol\u00edticas e produto. Esse trabalho j\u00e1 come\u00e7ou, com o Conselho fornecendo contribui\u00e7\u00f5es valiosas no desenvolvimento dos novos insights para pais que estamos anunciando hoje. &nbsp;","protected":false},"author":164097234,"featured_media":27103,"comment_status":"closed","ping_status":"closed","sticky":false,"template":"","format":"standard","meta":{"_jetpack_memberships_contains_paid_content":false,"footnotes":""},"categories":[396542115,396542111,396542117,396542259],"tags":[396542262,396542261,396542273],"class_list":["post-27097","post","type-post","status-publish","format-standard","has-post-thumbnail","hentry","category-facebook","category-comunidades","category-instagram","category-meta-ai","tag-conta-de-adolescente","tag-teen-accounts","tag-teens"],"yoast_head":"<!-- This site is optimized with the Yoast SEO plugin v27.2 - https:\/\/yoast.com\/product\/yoast-seo-wordpress\/ -->\n<title>Ajudando pais a entender as conversas que seus adolescentes est\u00e3o tendo com IA | Sobre a Meta<\/title>\n<meta name=\"robots\" content=\"index, follow, max-snippet:-1, max-image-preview:large, max-video-preview:-1\" \/>\n<link rel=\"canonical\" href=\"https:\/\/about.fb.com\/br\/news\/2026\/04\/ajudando-pais-a-entender-as-conversas-que-seus-adolescentes-estao-tendo-com-ia\/\" \/>\n<meta property=\"og:locale\" content=\"pt_BR\" \/>\n<meta property=\"og:type\" content=\"article\" \/>\n<meta property=\"og:title\" content=\"Ajudando pais a entender as conversas que seus adolescentes est\u00e3o tendo com IA | Sobre a Meta\" \/>\n<meta property=\"og:description\" content=\"Em outubro do ano passado, anunciamos que est\u00e1vamos desenvolvendo novas formas de apoiar os pais na miss\u00e3o de acompanhar e orientar seus filhos adolescentes no universo da Intelig\u00eancia Artificial. Isso inclui fornecer aos pais informa\u00e7\u00f5es sobre os t\u00f3picos a respeito dos quais seus adolescentes t\u00eam interagido com o assistente de IA da Meta. Esses insights j\u00e1 est\u00e3o dispon\u00edveis para pais que supervisionam Contas de Adolescentes nos EUA, Reino Unido, Austr\u00e1lia, Canad\u00e1 e Brasil, e ser\u00e3o oferecidos nos demais pa\u00edses ao redor do mundo nas pr\u00f3ximas semanas. Dando aos pais mais visibilidade sobre as conversas dos adolescentes com IA Pais que usam a supervis\u00e3o no Facebook, Messenger ou Instagram agora ver\u00e3o uma nova aba de Insights na \u00e1rea de supervis\u00e3o, tanto no app quanto na web. A partir dela, os pais poder\u00e3o ver os t\u00f3picos sobre os quais seu adolescente tem perguntado \u00e0 Meta AI naquele aplicativo espec\u00edfico ao longo da \u00faltima semana. Os t\u00f3picos podem variar de Escola, Entretenimento e Estilo de Vida a Viagens, Escrita, e Sa\u00fade e Bem-Estar, entre outros. Os pais podem selecionar um t\u00f3pico para ver as diferentes categorias que se enquadram em cada um. Por exemplo: categorias dentro de Estilo de Vida incluem moda, alimenta\u00e7\u00e3o e feriados, e categorias dentro de Sa\u00fade e Bem-Estar incluem condicionamento f\u00edsico, sa\u00fade f\u00edsica e sa\u00fade mental. E este \u00e9 apenas o come\u00e7o. \u00c0 medida que disponibilizamos esses insights para pais ao redor do mundo, continuaremos ouvindo o feedback tanto de pais quanto de especialistas e exploraremos maneiras de torn\u00e1-los ainda mais valiosos. Complementando as prote\u00e7\u00f5es de seguran\u00e7a existentes para Contas de Adolescentes Esses novos insights complementam as prote\u00e7\u00f5es de seguran\u00e7a j\u00e1 incorporadas \u00e0s experi\u00eancias de IA para Contas de Adolescente, que foram inspiradas em crit\u00e9rios de classifica\u00e7\u00e3o indicativa de filmes para pessoas de 13 a 17 anos e no feedback de pais &#8211; o que significa, na pr\u00e1tica, que a Meta AI n\u00e3o deve fornecer respostas que pareceriam inadequadas em um filme recomendado para 13+. Com isso, \u00e9 poss\u00edvel que a Meta AI n\u00e3o responda a certas perguntas e, em alguns casos, direcione os adolescentes a recursos alternativos. Ainda assim, mostraremos aos pais o t\u00f3pico sobre o qual seu adolescente estava perguntando, mesmo que a Meta AI n\u00e3o tenha respondido. Embora os insights tenham sido pensados para dar aos pais mais visibilidade dos t\u00f3picos gerais sobre os quais seus adolescentes est\u00e3o perguntando \u00e0 Meta AI, para quest\u00f5es sens\u00edveis relacionadas a suic\u00eddio e automutila\u00e7\u00e3o estamos indo al\u00e9m. Recentemente anunciamos que estamos desenvolvendo novos alertas para informar os pais caso seu adolescente tente se envolver em conversas relacionadas a suic\u00eddio ou automutila\u00e7\u00e3o com a Meta AI \u2014 e em breve teremos mais informa\u00e7\u00f5es para compartilhar sobre esses alertas. Esses novos insights e alertas proativos s\u00e3o apenas algumas das maneiras em que estamos trabalhando para tornar a supervis\u00e3o parental ainda mais valiosa. Elas s\u00e3o camadas adicionais que estamos construindo com base nos recursos de supervis\u00e3o j\u00e1 dispon\u00edveis, que \u2014 entre outras coisas \u2014 permitem que os pais definam limites de uso di\u00e1rio, programem pausas e vejam com quem seu adolescente tem conversado nos \u00faltimos sete dias. Ajudando pais a abordar conversas sobre IA Entendemos que a IA \u00e9 uma tecnologia nova e em evolu\u00e7\u00e3o, e que os pais nem sempre se sentem confiantes para conversar sobre isso com seus adolescentes. Por isso, trabalhamos com o Cyberbullying Research Center para desenvolver \u201ciniciadores de conversa\u201d: perguntas abertas que os pais podem fazer a seus adolescentes, projetadas para ajudar a iniciar conversas sem julgamento sobre suas experi\u00eancias com IA. Cada pergunta vem acompanhada de orienta\u00e7\u00f5es para os pais, explicando o que a pergunta espec\u00edfica busca abordar e como conduzir a conversa. Esses iniciadores de conversa est\u00e3o dispon\u00edveis no site da Central da Fam\u00edlia, e os pais tamb\u00e9m podem acess\u00e1-los por meio de um link na nova aba de Insights. Apresentando o novo Conselho de Especialistas em Bem-Estar em IA da Meta Por fim, estamos compartilhando mais informa\u00e7\u00f5es sobre o novo Conselho de Especialistas em Bem-Estar em IA da Meta \u2014 um grupo de especialistas que far\u00e1 contribui\u00e7\u00f5es cont\u00ednuas sobre nossas experi\u00eancias de IA para adolescentes, no intuito de ajudar a garantir que elas continuem seguras e adequadas \u00e0 idade. Temos um longo hist\u00f3rico de colabora\u00e7\u00e3o pr\u00f3xima com especialistas para orientar nossas pol\u00edticas e produtos, incluindo nossas experi\u00eancias de IA j\u00e1 existentes. Nossos Assessores para Assuntos Relacionados a Suic\u00eddio e Automutila\u00e7\u00e3o, Assessores de Juventude e Especialistas em Imagem Corporal tamb\u00e9m orientam sobre quest\u00f5es espec\u00edficas, e somos extremamente gratos por sua expertise. Nosso Conselho de Especialistas em Bem-Estar em IA \u00e9 formado por membros desses tr\u00eas grupos consultivos existentes, bem como por novos integrantes com expertise espec\u00edfica em IA respons\u00e1vel e \u00e9tica, afiliados ao afiliados ao Conselho Nacional de Preven\u00e7\u00e3o do Suic\u00eddio, \u00e0 Universidade de Michigan, \u00e0 Universidade Northeastern, \u00e0 Universidade do Texas e \u00e0 Universidade do Sul da Calif\u00f3rnia, entre outras institui\u00e7\u00f5es. As equipes da Meta se reunir\u00e3o regularmente com o Conselho de Especialistas em Bem-Estar em IA para compartilhar atualiza\u00e7\u00f5es sobre as mais recentes experi\u00eancias de IA que estamos construindo para adolescentes e coletar feedback para nossas equipes de pol\u00edticas e produto. Esse trabalho j\u00e1 come\u00e7ou, com o Conselho fornecendo contribui\u00e7\u00f5es valiosas no desenvolvimento dos novos insights para pais que estamos anunciando hoje. &nbsp;\" \/>\n<meta property=\"og:url\" content=\"https:\/\/about.fb.com\/br\/news\/2026\/04\/ajudando-pais-a-entender-as-conversas-que-seus-adolescentes-estao-tendo-com-ia\/\" \/>\n<meta property=\"og:site_name\" content=\"Sobre a Meta\" \/>\n<meta property=\"article:published_time\" content=\"2026-04-23T12:37:34+00:00\" \/>\n<meta property=\"og:image\" content=\"https:\/\/about.fb.com\/br\/wp-content\/uploads\/sites\/11\/2026\/04\/AI-Youth-Saftey_Header.jpg?resize=1024,576\" \/>\n\t<meta property=\"og:image:width\" content=\"1024\" \/>\n\t<meta property=\"og:image:height\" content=\"576\" \/>\n\t<meta property=\"og:image:type\" content=\"image\/jpeg\" \/>\n<meta name=\"author\" content=\"vivilusor\" \/>\n<meta name=\"twitter:card\" content=\"summary_large_image\" \/>\n<meta name=\"twitter:label1\" content=\"Written by\" \/>\n\t<meta name=\"twitter:data1\" content=\"Meta\" \/>\n\t<meta name=\"twitter:label2\" content=\"Est. reading time\" \/>\n\t<meta name=\"twitter:data2\" content=\"5 minutos\" \/>\n<script type=\"application\/ld+json\" class=\"yoast-schema-graph\">{\"@context\":\"https:\/\/schema.org\",\"@graph\":[{\"@type\":\"Article\",\"@id\":\"https:\/\/about.fb.com\/br\/news\/2026\/04\/ajudando-pais-a-entender-as-conversas-que-seus-adolescentes-estao-tendo-com-ia\/#article\",\"isPartOf\":{\"@id\":\"https:\/\/about.fb.com\/br\/news\/2026\/04\/ajudando-pais-a-entender-as-conversas-que-seus-adolescentes-estao-tendo-com-ia\/\"},\"author\":\"Facebook company\",\"headline\":\"Ajudando pais a entender as conversas que seus adolescentes est\u00e3o tendo com IA\",\"datePublished\":\"2026-04-23T12:37:34+00:00\",\"mainEntityOfPage\":{\"@id\":\"https:\/\/about.fb.com\/br\/news\/2026\/04\/ajudando-pais-a-entender-as-conversas-que-seus-adolescentes-estao-tendo-com-ia\/\"},\"wordCount\":964,\"publisher\":{\"@id\":\"https:\/\/about.fb.com\/br\/#organization\"},\"image\":{\"@id\":\"https:\/\/about.fb.com\/br\/news\/2026\/04\/ajudando-pais-a-entender-as-conversas-que-seus-adolescentes-estao-tendo-com-ia\/#primaryimage\"},\"thumbnailUrl\":\"https:\/\/about.fb.com\/br\/wp-content\/uploads\/sites\/11\/2026\/04\/AI-Youth-Saftey_Header.jpg?fit=1920%2C1080\",\"keywords\":[\"conta de adolescente\",\"teen accounts\",\"teens\"],\"articleSection\":[\"Facebook\",\"Fortalecendo Comunidades\",\"Instagram\",\"Meta AI\"],\"inLanguage\":\"pt-BR\"},{\"@type\":\"WebPage\",\"@id\":\"https:\/\/about.fb.com\/br\/news\/2026\/04\/ajudando-pais-a-entender-as-conversas-que-seus-adolescentes-estao-tendo-com-ia\/\",\"url\":\"https:\/\/about.fb.com\/br\/news\/2026\/04\/ajudando-pais-a-entender-as-conversas-que-seus-adolescentes-estao-tendo-com-ia\/\",\"name\":\"Ajudando pais a entender as conversas que seus adolescentes est\u00e3o tendo com IA | Sobre a Meta\",\"isPartOf\":{\"@id\":\"https:\/\/about.fb.com\/br\/#website\"},\"primaryImageOfPage\":{\"@id\":\"https:\/\/about.fb.com\/br\/news\/2026\/04\/ajudando-pais-a-entender-as-conversas-que-seus-adolescentes-estao-tendo-com-ia\/#primaryimage\"},\"image\":{\"@id\":\"https:\/\/about.fb.com\/br\/news\/2026\/04\/ajudando-pais-a-entender-as-conversas-que-seus-adolescentes-estao-tendo-com-ia\/#primaryimage\"},\"thumbnailUrl\":\"https:\/\/about.fb.com\/br\/wp-content\/uploads\/sites\/11\/2026\/04\/AI-Youth-Saftey_Header.jpg?fit=1920%2C1080\",\"datePublished\":\"2026-04-23T12:37:34+00:00\",\"breadcrumb\":{\"@id\":\"https:\/\/about.fb.com\/br\/news\/2026\/04\/ajudando-pais-a-entender-as-conversas-que-seus-adolescentes-estao-tendo-com-ia\/#breadcrumb\"},\"inLanguage\":\"pt-BR\",\"potentialAction\":[{\"@type\":\"ReadAction\",\"target\":[\"https:\/\/about.fb.com\/br\/news\/2026\/04\/ajudando-pais-a-entender-as-conversas-que-seus-adolescentes-estao-tendo-com-ia\/\"]}],\"author\":\"Sobre a Meta\"},{\"@type\":\"ImageObject\",\"inLanguage\":\"pt-BR\",\"@id\":\"https:\/\/about.fb.com\/br\/news\/2026\/04\/ajudando-pais-a-entender-as-conversas-que-seus-adolescentes-estao-tendo-com-ia\/#primaryimage\",\"url\":\"https:\/\/about.fb.com\/br\/wp-content\/uploads\/sites\/11\/2026\/04\/AI-Youth-Saftey_Header.jpg?fit=1920%2C1080\",\"contentUrl\":\"https:\/\/about.fb.com\/br\/wp-content\/uploads\/sites\/11\/2026\/04\/AI-Youth-Saftey_Header.jpg?fit=1920%2C1080\",\"width\":1920,\"height\":1080},{\"@type\":\"BreadcrumbList\",\"@id\":\"https:\/\/about.fb.com\/br\/news\/2026\/04\/ajudando-pais-a-entender-as-conversas-que-seus-adolescentes-estao-tendo-com-ia\/#breadcrumb\",\"itemListElement\":[{\"@type\":\"ListItem\",\"position\":1,\"name\":\"Home\",\"item\":\"https:\/\/about.fb.com\/br\/\"},{\"@type\":\"ListItem\",\"position\":2,\"name\":\"Ajudando pais a entender as conversas que seus adolescentes est\u00e3o tendo com IA\"}]},{\"@type\":\"WebSite\",\"@id\":\"https:\/\/about.fb.com\/br\/#website\",\"url\":\"https:\/\/about.fb.com\/news\/\",\"name\":\"Sobre a Meta\",\"description\":\"\",\"publisher\":{\"@id\":\"https:\/\/about.fb.com\/br\/#organization\"},\"potentialAction\":[{\"@type\":\"SearchAction\",\"target\":{\"@type\":\"EntryPoint\",\"urlTemplate\":\"https:\/\/about.fb.com\/br\/?s={search_term_string}\"},\"query-input\":{\"@type\":\"PropertyValueSpecification\",\"valueRequired\":true,\"valueName\":\"search_term_string\"}}],\"inLanguage\":\"pt-BR\",\"alternateName\":[\"Meta Newsroom\",\"Meta\"]},{\"@type\":\"Organization\",\"@id\":\"https:\/\/about.fb.com\/br\/#organization\",\"name\":\"Meta\",\"url\":\"https:\/\/about.fb.com\/br\/\",\"logo\":{\"@type\":\"ImageObject\",\"inLanguage\":\"pt-BR\",\"@id\":\"https:\/\/about.fb.com\/br\/#\/schema\/logo\/image\/\",\"url\":\"https:\/\/about.fb.com\/br\/wp-content\/uploads\/sites\/11\/2021\/10\/meta-social-16x9-1.jpg?fit=8000%2C4500\",\"contentUrl\":\"https:\/\/about.fb.com\/br\/wp-content\/uploads\/sites\/11\/2021\/10\/meta-social-16x9-1.jpg?fit=8000%2C4500\",\"width\":8000,\"height\":4500,\"caption\":\"Meta\"},\"image\":{\"@id\":\"https:\/\/about.fb.com\/br\/#\/schema\/logo\/image\/\"}}]}<\/script>\n<!-- \/ Yoast SEO plugin. -->","yoast_head_json":{"title":"Ajudando pais a entender as conversas que seus adolescentes est\u00e3o tendo com IA | Sobre a Meta","robots":{"index":"index","follow":"follow","max-snippet":"max-snippet:-1","max-image-preview":"max-image-preview:large","max-video-preview":"max-video-preview:-1"},"canonical":"https:\/\/about.fb.com\/br\/news\/2026\/04\/ajudando-pais-a-entender-as-conversas-que-seus-adolescentes-estao-tendo-com-ia\/","og_locale":"pt_BR","og_type":"article","og_title":"Ajudando pais a entender as conversas que seus adolescentes est\u00e3o tendo com IA | Sobre a Meta","og_description":"Em outubro do ano passado, anunciamos que est\u00e1vamos desenvolvendo novas formas de apoiar os pais na miss\u00e3o de acompanhar e orientar seus filhos adolescentes no universo da Intelig\u00eancia Artificial. Isso inclui fornecer aos pais informa\u00e7\u00f5es sobre os t\u00f3picos a respeito dos quais seus adolescentes t\u00eam interagido com o assistente de IA da Meta. Esses insights j\u00e1 est\u00e3o dispon\u00edveis para pais que supervisionam Contas de Adolescentes nos EUA, Reino Unido, Austr\u00e1lia, Canad\u00e1 e Brasil, e ser\u00e3o oferecidos nos demais pa\u00edses ao redor do mundo nas pr\u00f3ximas semanas. Dando aos pais mais visibilidade sobre as conversas dos adolescentes com IA Pais que usam a supervis\u00e3o no Facebook, Messenger ou Instagram agora ver\u00e3o uma nova aba de Insights na \u00e1rea de supervis\u00e3o, tanto no app quanto na web. A partir dela, os pais poder\u00e3o ver os t\u00f3picos sobre os quais seu adolescente tem perguntado \u00e0 Meta AI naquele aplicativo espec\u00edfico ao longo da \u00faltima semana. Os t\u00f3picos podem variar de Escola, Entretenimento e Estilo de Vida a Viagens, Escrita, e Sa\u00fade e Bem-Estar, entre outros. Os pais podem selecionar um t\u00f3pico para ver as diferentes categorias que se enquadram em cada um. Por exemplo: categorias dentro de Estilo de Vida incluem moda, alimenta\u00e7\u00e3o e feriados, e categorias dentro de Sa\u00fade e Bem-Estar incluem condicionamento f\u00edsico, sa\u00fade f\u00edsica e sa\u00fade mental. E este \u00e9 apenas o come\u00e7o. \u00c0 medida que disponibilizamos esses insights para pais ao redor do mundo, continuaremos ouvindo o feedback tanto de pais quanto de especialistas e exploraremos maneiras de torn\u00e1-los ainda mais valiosos. Complementando as prote\u00e7\u00f5es de seguran\u00e7a existentes para Contas de Adolescentes Esses novos insights complementam as prote\u00e7\u00f5es de seguran\u00e7a j\u00e1 incorporadas \u00e0s experi\u00eancias de IA para Contas de Adolescente, que foram inspiradas em crit\u00e9rios de classifica\u00e7\u00e3o indicativa de filmes para pessoas de 13 a 17 anos e no feedback de pais &#8211; o que significa, na pr\u00e1tica, que a Meta AI n\u00e3o deve fornecer respostas que pareceriam inadequadas em um filme recomendado para 13+. Com isso, \u00e9 poss\u00edvel que a Meta AI n\u00e3o responda a certas perguntas e, em alguns casos, direcione os adolescentes a recursos alternativos. Ainda assim, mostraremos aos pais o t\u00f3pico sobre o qual seu adolescente estava perguntando, mesmo que a Meta AI n\u00e3o tenha respondido. Embora os insights tenham sido pensados para dar aos pais mais visibilidade dos t\u00f3picos gerais sobre os quais seus adolescentes est\u00e3o perguntando \u00e0 Meta AI, para quest\u00f5es sens\u00edveis relacionadas a suic\u00eddio e automutila\u00e7\u00e3o estamos indo al\u00e9m. Recentemente anunciamos que estamos desenvolvendo novos alertas para informar os pais caso seu adolescente tente se envolver em conversas relacionadas a suic\u00eddio ou automutila\u00e7\u00e3o com a Meta AI \u2014 e em breve teremos mais informa\u00e7\u00f5es para compartilhar sobre esses alertas. Esses novos insights e alertas proativos s\u00e3o apenas algumas das maneiras em que estamos trabalhando para tornar a supervis\u00e3o parental ainda mais valiosa. Elas s\u00e3o camadas adicionais que estamos construindo com base nos recursos de supervis\u00e3o j\u00e1 dispon\u00edveis, que \u2014 entre outras coisas \u2014 permitem que os pais definam limites de uso di\u00e1rio, programem pausas e vejam com quem seu adolescente tem conversado nos \u00faltimos sete dias. Ajudando pais a abordar conversas sobre IA Entendemos que a IA \u00e9 uma tecnologia nova e em evolu\u00e7\u00e3o, e que os pais nem sempre se sentem confiantes para conversar sobre isso com seus adolescentes. Por isso, trabalhamos com o Cyberbullying Research Center para desenvolver \u201ciniciadores de conversa\u201d: perguntas abertas que os pais podem fazer a seus adolescentes, projetadas para ajudar a iniciar conversas sem julgamento sobre suas experi\u00eancias com IA. Cada pergunta vem acompanhada de orienta\u00e7\u00f5es para os pais, explicando o que a pergunta espec\u00edfica busca abordar e como conduzir a conversa. Esses iniciadores de conversa est\u00e3o dispon\u00edveis no site da Central da Fam\u00edlia, e os pais tamb\u00e9m podem acess\u00e1-los por meio de um link na nova aba de Insights. Apresentando o novo Conselho de Especialistas em Bem-Estar em IA da Meta Por fim, estamos compartilhando mais informa\u00e7\u00f5es sobre o novo Conselho de Especialistas em Bem-Estar em IA da Meta \u2014 um grupo de especialistas que far\u00e1 contribui\u00e7\u00f5es cont\u00ednuas sobre nossas experi\u00eancias de IA para adolescentes, no intuito de ajudar a garantir que elas continuem seguras e adequadas \u00e0 idade. Temos um longo hist\u00f3rico de colabora\u00e7\u00e3o pr\u00f3xima com especialistas para orientar nossas pol\u00edticas e produtos, incluindo nossas experi\u00eancias de IA j\u00e1 existentes. Nossos Assessores para Assuntos Relacionados a Suic\u00eddio e Automutila\u00e7\u00e3o, Assessores de Juventude e Especialistas em Imagem Corporal tamb\u00e9m orientam sobre quest\u00f5es espec\u00edficas, e somos extremamente gratos por sua expertise. Nosso Conselho de Especialistas em Bem-Estar em IA \u00e9 formado por membros desses tr\u00eas grupos consultivos existentes, bem como por novos integrantes com expertise espec\u00edfica em IA respons\u00e1vel e \u00e9tica, afiliados ao afiliados ao Conselho Nacional de Preven\u00e7\u00e3o do Suic\u00eddio, \u00e0 Universidade de Michigan, \u00e0 Universidade Northeastern, \u00e0 Universidade do Texas e \u00e0 Universidade do Sul da Calif\u00f3rnia, entre outras institui\u00e7\u00f5es. As equipes da Meta se reunir\u00e3o regularmente com o Conselho de Especialistas em Bem-Estar em IA para compartilhar atualiza\u00e7\u00f5es sobre as mais recentes experi\u00eancias de IA que estamos construindo para adolescentes e coletar feedback para nossas equipes de pol\u00edticas e produto. Esse trabalho j\u00e1 come\u00e7ou, com o Conselho fornecendo contribui\u00e7\u00f5es valiosas no desenvolvimento dos novos insights para pais que estamos anunciando hoje. &nbsp;","og_url":"https:\/\/about.fb.com\/br\/news\/2026\/04\/ajudando-pais-a-entender-as-conversas-que-seus-adolescentes-estao-tendo-com-ia\/","og_site_name":"Sobre a Meta","article_published_time":"2026-04-23T12:37:34+00:00","og_image":[{"width":1024,"height":576,"url":"https:\/\/about.fb.com\/br\/wp-content\/uploads\/sites\/11\/2026\/04\/AI-Youth-Saftey_Header.jpg?resize=1024,576","type":"image\/jpeg"}],"author":"vivilusor","twitter_card":"summary_large_image","twitter_misc":{"Written by":"Meta","Est. reading time":"5 minutos"},"schema":{"@context":"https:\/\/schema.org","@graph":[{"@type":"Article","@id":"https:\/\/about.fb.com\/br\/news\/2026\/04\/ajudando-pais-a-entender-as-conversas-que-seus-adolescentes-estao-tendo-com-ia\/#article","isPartOf":{"@id":"https:\/\/about.fb.com\/br\/news\/2026\/04\/ajudando-pais-a-entender-as-conversas-que-seus-adolescentes-estao-tendo-com-ia\/"},"author":"Facebook company","headline":"Ajudando pais a entender as conversas que seus adolescentes est\u00e3o tendo com IA","datePublished":"2026-04-23T12:37:34+00:00","mainEntityOfPage":{"@id":"https:\/\/about.fb.com\/br\/news\/2026\/04\/ajudando-pais-a-entender-as-conversas-que-seus-adolescentes-estao-tendo-com-ia\/"},"wordCount":964,"publisher":{"@id":"https:\/\/about.fb.com\/br\/#organization"},"image":{"@id":"https:\/\/about.fb.com\/br\/news\/2026\/04\/ajudando-pais-a-entender-as-conversas-que-seus-adolescentes-estao-tendo-com-ia\/#primaryimage"},"thumbnailUrl":"https:\/\/about.fb.com\/br\/wp-content\/uploads\/sites\/11\/2026\/04\/AI-Youth-Saftey_Header.jpg?fit=1920%2C1080","keywords":["conta de adolescente","teen accounts","teens"],"articleSection":["Facebook","Fortalecendo Comunidades","Instagram","Meta AI"],"inLanguage":"pt-BR"},{"@type":"WebPage","@id":"https:\/\/about.fb.com\/br\/news\/2026\/04\/ajudando-pais-a-entender-as-conversas-que-seus-adolescentes-estao-tendo-com-ia\/","url":"https:\/\/about.fb.com\/br\/news\/2026\/04\/ajudando-pais-a-entender-as-conversas-que-seus-adolescentes-estao-tendo-com-ia\/","name":"Ajudando pais a entender as conversas que seus adolescentes est\u00e3o tendo com IA | Sobre a Meta","isPartOf":{"@id":"https:\/\/about.fb.com\/br\/#website"},"primaryImageOfPage":{"@id":"https:\/\/about.fb.com\/br\/news\/2026\/04\/ajudando-pais-a-entender-as-conversas-que-seus-adolescentes-estao-tendo-com-ia\/#primaryimage"},"image":{"@id":"https:\/\/about.fb.com\/br\/news\/2026\/04\/ajudando-pais-a-entender-as-conversas-que-seus-adolescentes-estao-tendo-com-ia\/#primaryimage"},"thumbnailUrl":"https:\/\/about.fb.com\/br\/wp-content\/uploads\/sites\/11\/2026\/04\/AI-Youth-Saftey_Header.jpg?fit=1920%2C1080","datePublished":"2026-04-23T12:37:34+00:00","breadcrumb":{"@id":"https:\/\/about.fb.com\/br\/news\/2026\/04\/ajudando-pais-a-entender-as-conversas-que-seus-adolescentes-estao-tendo-com-ia\/#breadcrumb"},"inLanguage":"pt-BR","potentialAction":[{"@type":"ReadAction","target":["https:\/\/about.fb.com\/br\/news\/2026\/04\/ajudando-pais-a-entender-as-conversas-que-seus-adolescentes-estao-tendo-com-ia\/"]}],"author":"Sobre a Meta"},{"@type":"ImageObject","inLanguage":"pt-BR","@id":"https:\/\/about.fb.com\/br\/news\/2026\/04\/ajudando-pais-a-entender-as-conversas-que-seus-adolescentes-estao-tendo-com-ia\/#primaryimage","url":"https:\/\/about.fb.com\/br\/wp-content\/uploads\/sites\/11\/2026\/04\/AI-Youth-Saftey_Header.jpg?fit=1920%2C1080","contentUrl":"https:\/\/about.fb.com\/br\/wp-content\/uploads\/sites\/11\/2026\/04\/AI-Youth-Saftey_Header.jpg?fit=1920%2C1080","width":1920,"height":1080},{"@type":"BreadcrumbList","@id":"https:\/\/about.fb.com\/br\/news\/2026\/04\/ajudando-pais-a-entender-as-conversas-que-seus-adolescentes-estao-tendo-com-ia\/#breadcrumb","itemListElement":[{"@type":"ListItem","position":1,"name":"Home","item":"https:\/\/about.fb.com\/br\/"},{"@type":"ListItem","position":2,"name":"Ajudando pais a entender as conversas que seus adolescentes est\u00e3o tendo com IA"}]},{"@type":"WebSite","@id":"https:\/\/about.fb.com\/br\/#website","url":"https:\/\/about.fb.com\/news\/","name":"Sobre a Meta","description":"","publisher":{"@id":"https:\/\/about.fb.com\/br\/#organization"},"potentialAction":[{"@type":"SearchAction","target":{"@type":"EntryPoint","urlTemplate":"https:\/\/about.fb.com\/br\/?s={search_term_string}"},"query-input":{"@type":"PropertyValueSpecification","valueRequired":true,"valueName":"search_term_string"}}],"inLanguage":"pt-BR","alternateName":["Meta Newsroom","Meta"]},{"@type":"Organization","@id":"https:\/\/about.fb.com\/br\/#organization","name":"Meta","url":"https:\/\/about.fb.com\/br\/","logo":{"@type":"ImageObject","inLanguage":"pt-BR","@id":"https:\/\/about.fb.com\/br\/#\/schema\/logo\/image\/","url":"https:\/\/about.fb.com\/br\/wp-content\/uploads\/sites\/11\/2021\/10\/meta-social-16x9-1.jpg?fit=8000%2C4500","contentUrl":"https:\/\/about.fb.com\/br\/wp-content\/uploads\/sites\/11\/2021\/10\/meta-social-16x9-1.jpg?fit=8000%2C4500","width":8000,"height":4500,"caption":"Meta"},"image":{"@id":"https:\/\/about.fb.com\/br\/#\/schema\/logo\/image\/"}}]}},"jetpack_featured_media_url":"https:\/\/about.fb.com\/br\/wp-content\/uploads\/sites\/11\/2026\/04\/AI-Youth-Saftey_Header.jpg?fit=1920%2C1080","jetpack-related-posts":[{"id":26750,"url":"https:\/\/about.fb.com\/br\/news\/2025\/10\/empoderando-os-pais-e-protegendo-os-adolescentes-a-abordagem-da-meta-para-a-seguranca-de-ia\/","url_meta":{"origin":27097,"position":0},"title":"Empoderando os Pais e Protegendo os Adolescentes: A Abordagem da Meta para a Seguran\u00e7a de IA","author":"Meta","date":"17\/10\/2025","format":false,"excerpt":"Atualizado em 23 de janeiro de 2026, \u00e0s 14h (BRT): Em outubro, compartilhamos que estamos desenvolvendo novas ferramentas para dar aos pais mais visibilidade sobre como seus filhos adolescentes usam IA, al\u00e9m de mais controle sobre os personagens de IA com os quais eles podem interagir. Desde ent\u00e3o, come\u00e7amos a\u2026","rel":"","context":"In &quot;Fortalecendo Comunidades&quot;","block_context":{"text":"Fortalecendo Comunidades","link":"https:\/\/about.fb.com\/br\/news\/category\/temas-home\/comunidades\/"},"img":{"alt_text":"","src":"","width":0,"height":0},"classes":[]},{"id":26919,"url":"https:\/\/about.fb.com\/br\/news\/2026\/01\/a-trajetoria-da-meta-na-protecao-dos-adolescentes-e-no-apoio-aos-pais\/","url_meta":{"origin":27097,"position":1},"title":"A trajet\u00f3ria da Meta na prote\u00e7\u00e3o dos adolescentes e no apoio aos pais","author":"Meta","date":"16\/01\/2026","format":false,"excerpt":"Recentemente, v\u00e1rias a\u00e7\u00f5es judiciais nos Estados Unidos tentaram colocar a culpa pelos problemas de sa\u00fade mental dos adolescentes exclusivamente nas empresas de redes sociais. Mas isso simplifica demais uma quest\u00e3o s\u00e9ria. Cl\u00ednicos e pesquisadores afirmam que a sa\u00fade mental \u00e9 um tema profundamente complexo e multifacetado, e as tend\u00eancias sobre\u2026","rel":"","context":"In &quot;Fortalecendo Comunidades&quot;","block_context":{"text":"Fortalecendo Comunidades","link":"https:\/\/about.fb.com\/br\/news\/category\/temas-home\/comunidades\/"},"img":{"alt_text":"","src":"https:\/\/about.fb.com\/br\/wp-content\/uploads\/sites\/11\/2026\/01\/Metas-Record-of-Protecting-Teens-and-Supporting-Parents_Header.jpg?fit=1920%2C1080&resize=350%2C200","width":350,"height":200,"srcset":"https:\/\/about.fb.com\/br\/wp-content\/uploads\/sites\/11\/2026\/01\/Metas-Record-of-Protecting-Teens-and-Supporting-Parents_Header.jpg?fit=1920%2C1080&resize=350%2C200 1x, https:\/\/about.fb.com\/br\/wp-content\/uploads\/sites\/11\/2026\/01\/Metas-Record-of-Protecting-Teens-and-Supporting-Parents_Header.jpg?fit=1920%2C1080&resize=525%2C300 1.5x, https:\/\/about.fb.com\/br\/wp-content\/uploads\/sites\/11\/2026\/01\/Metas-Record-of-Protecting-Teens-and-Supporting-Parents_Header.jpg?fit=1920%2C1080&resize=700%2C400 2x, https:\/\/about.fb.com\/br\/wp-content\/uploads\/sites\/11\/2026\/01\/Metas-Record-of-Protecting-Teens-and-Supporting-Parents_Header.jpg?fit=1920%2C1080&resize=1050%2C600 3x, https:\/\/about.fb.com\/br\/wp-content\/uploads\/sites\/11\/2026\/01\/Metas-Record-of-Protecting-Teens-and-Supporting-Parents_Header.jpg?fit=1920%2C1080&resize=1400%2C800 4x"},"classes":[]},{"id":26295,"url":"https:\/\/about.fb.com\/br\/news\/2025\/04\/conta-de-adolescente-no-instagram-tera-novas-restricoes-e-chega-ao-facebook-e-o-messenger\/","url_meta":{"origin":27097,"position":2},"title":"Conta de Adolescente no Instagram ter\u00e1 novas restri\u00e7\u00f5es e chega ao Facebook e o Messenger","author":"Meta","date":"08\/04\/2025","format":false,"excerpt":"Atualiza\u00e7\u00e3o 25\/09\/2025: H\u00e1 um ano, lan\u00e7amos as Contas de Adolescente \u2014 um passo significativo para ajudar a manter os adolescentes seguros em nossos aplicativos. As Contas de Adolescente j\u00e1 foram implementadas globalmente no Instagram e est\u00e3o se expandindo tamb\u00e9m para adolescentes em todo o mundo no Facebook e Messenger. As\u2026","rel":"","context":"In &quot;Recent News&quot;","block_context":{"text":"Recent News","link":"https:\/\/about.fb.com\/br\/news\/category\/recent-news\/"},"img":{"alt_text":"","src":"https:\/\/about.fb.com\/br\/wp-content\/uploads\/sites\/11\/2025\/04\/05_pt_BR.png?resize=350%2C200","width":350,"height":200},"classes":[]},{"id":26987,"url":"https:\/\/about.fb.com\/br\/news\/2026\/02\/novos-alertas-para-informar-aos-pais-se-seus-filhos-adolescentes-precisam-de-apoio\/","url_meta":{"origin":27097,"position":3},"title":"Novos alertas para informar aos pais se seus filhos adolescentes precisam de apoio","author":"Meta","date":"26\/02\/2026","format":false,"excerpt":"Nas pr\u00f3ximas semanas, o Instagram come\u00e7ar\u00e1 a notificar os pais se seus filhos adolescentes tentarem repetidamente pesquisar termos relacionados a suic\u00eddio ou automutila\u00e7\u00e3o em um curto per\u00edodo. Essa \u00e9 a mais recente funcionalidade da Conta de Adolescente e dos recursos de supervis\u00e3o parental do Instagram.\u00a0 Entendemos como essas quest\u00f5es s\u00e3o\u2026","rel":"","context":"In &quot;Fortalecendo Comunidades&quot;","block_context":{"text":"Fortalecendo Comunidades","link":"https:\/\/about.fb.com\/br\/news\/category\/temas-home\/comunidades\/"},"img":{"alt_text":"","src":"https:\/\/about.fb.com\/br\/wp-content\/uploads\/sites\/11\/2026\/02\/New-Alerts-to-Let-Parents-Know-if-Their-Teen-May-Need-Support_Header.jpg?fit=1920%2C1080&resize=350%2C200","width":350,"height":200,"srcset":"https:\/\/about.fb.com\/br\/wp-content\/uploads\/sites\/11\/2026\/02\/New-Alerts-to-Let-Parents-Know-if-Their-Teen-May-Need-Support_Header.jpg?fit=1920%2C1080&resize=350%2C200 1x, https:\/\/about.fb.com\/br\/wp-content\/uploads\/sites\/11\/2026\/02\/New-Alerts-to-Let-Parents-Know-if-Their-Teen-May-Need-Support_Header.jpg?fit=1920%2C1080&resize=525%2C300 1.5x, https:\/\/about.fb.com\/br\/wp-content\/uploads\/sites\/11\/2026\/02\/New-Alerts-to-Let-Parents-Know-if-Their-Teen-May-Need-Support_Header.jpg?fit=1920%2C1080&resize=700%2C400 2x, https:\/\/about.fb.com\/br\/wp-content\/uploads\/sites\/11\/2026\/02\/New-Alerts-to-Let-Parents-Know-if-Their-Teen-May-Need-Support_Header.jpg?fit=1920%2C1080&resize=1050%2C600 3x, https:\/\/about.fb.com\/br\/wp-content\/uploads\/sites\/11\/2026\/02\/New-Alerts-to-Let-Parents-Know-if-Their-Teen-May-Need-Support_Header.jpg?fit=1920%2C1080&resize=1400%2C800 4x"},"classes":[]},{"id":26332,"url":"https:\/\/about.fb.com\/br\/news\/2025\/04\/trabalhando-junto-aos-pais-e-com-novas-tecnologias-para-inserir-mais-jovens-nas-contas-de-adolescente\/","url_meta":{"origin":27097,"position":4},"title":"Trabalhando junto aos pais e com novas tecnologias para inserir mais jovens nas Contas de Adolescente","author":"Meta","date":"22\/04\/2025","format":false,"excerpt":"Lan\u00e7amos as Contas de Adolescente no Instagram no ano passado para oferecer mais suporte aos pais e proporcionar a tranquilidade de que seus filhos est\u00e3o protegidos da maneira certa. Essa experi\u00eancia reformulada conta com prote\u00e7\u00f5es integradas que limitam quem pode entrar em contato com os adolescentes, o conte\u00fado que eles\u2026","rel":"","context":"In &quot;Recent News&quot;","block_context":{"text":"Recent News","link":"https:\/\/about.fb.com\/br\/news\/category\/recent-news\/"},"img":{"alt_text":"","src":"","width":0,"height":0},"classes":[]},{"id":26734,"url":"https:\/\/about.fb.com\/br\/news\/2025\/10\/conteudo-da-conta-de-adolescente-sera-alinhado-a-classificacao-indicativa-de-13-anos\/","url_meta":{"origin":27097,"position":5},"title":"Contas de adolescentes no Instagram ser\u00e3o inspiradas pelas classifica\u00e7\u00f5es indicativas de filmes para maiores de 13 anos","author":"Meta","date":"14\/10\/2025","format":false,"excerpt":"Hoje, anunciamos que as contas do Instagram para adolescentes passar\u00e3o a ser orientadas, por padr\u00e3o, pelas classifica\u00e7\u00f5es de filmes para maiores de 13 anos. Isso significa que os adolescentes ver\u00e3o conte\u00fado no Instagram semelhante ao que veriam em um filme apropriado para sua idade. Adolescentes menores de 18 anos ser\u00e3o\u2026","rel":"","context":"In &quot;Fortalecendo Comunidades&quot;","block_context":{"text":"Fortalecendo Comunidades","link":"https:\/\/about.fb.com\/br\/news\/category\/temas-home\/comunidades\/"},"img":{"alt_text":"","src":"","width":0,"height":0},"classes":[]}],"jetpack_sharing_enabled":true,"amp_enabled":true,"_links":{"self":[{"href":"https:\/\/about.fb.com\/br\/wp-json\/wp\/v2\/posts\/27097","targetHints":{"allow":["GET"]}}],"collection":[{"href":"https:\/\/about.fb.com\/br\/wp-json\/wp\/v2\/posts"}],"about":[{"href":"https:\/\/about.fb.com\/br\/wp-json\/wp\/v2\/types\/post"}],"author":[{"embeddable":true,"href":"https:\/\/about.fb.com\/br\/wp-json\/wp\/v2\/users\/164097234"}],"replies":[{"embeddable":true,"href":"https:\/\/about.fb.com\/br\/wp-json\/wp\/v2\/comments?post=27097"}],"version-history":[{"count":3,"href":"https:\/\/about.fb.com\/br\/wp-json\/wp\/v2\/posts\/27097\/revisions"}],"predecessor-version":[{"id":27102,"href":"https:\/\/about.fb.com\/br\/wp-json\/wp\/v2\/posts\/27097\/revisions\/27102"}],"wp:featuredmedia":[{"embeddable":true,"href":"https:\/\/about.fb.com\/br\/wp-json\/wp\/v2\/media\/27103"}],"wp:attachment":[{"href":"https:\/\/about.fb.com\/br\/wp-json\/wp\/v2\/media?parent=27097"}],"wp:term":[{"taxonomy":"category","embeddable":true,"href":"https:\/\/about.fb.com\/br\/wp-json\/wp\/v2\/categories?post=27097"},{"taxonomy":"post_tag","embeddable":true,"href":"https:\/\/about.fb.com\/br\/wp-json\/wp\/v2\/tags?post=27097"}],"curies":[{"name":"wp","href":"https:\/\/api.w.org\/{rel}","templated":true}]}}