{"id":26552,"date":"2025-07-30T14:57:13","date_gmt":"2025-07-30T17:57:13","guid":{"rendered":"https:\/\/about.fb.com\/br\/?p=26552"},"modified":"2025-07-31T10:30:22","modified_gmt":"2025-07-31T13:30:22","slug":"superinteligencia-pessoal-para-todos","status":"publish","type":"post","link":"https:\/\/about.fb.com\/br\/news\/2025\/07\/superinteligencia-pessoal-para-todos\/","title":{"rendered":"Superintelig\u00eancia pessoal para todos"},"content":{"rendered":"<p><span style=\"font-weight: 400\">Hoje, o fundador e CEO da Meta, Mark Zuckerberg, compartilhou sua vis\u00e3o de levar superintelig\u00eancia pessoal a todos. Acreditamos em colocar esse poder nas m\u00e3os das pessoas para direcion\u00e1-lo ao que elas valorizam em suas pr\u00f3prias vidas.<\/span><\/p>\n<p><span style=\"font-weight: 400\">Leia <\/span><a href=\"https:\/\/www.meta.com\/superintelligence\/\"><span style=\"font-weight: 400\">aqui<\/span><\/a><span style=\"font-weight: 400\"> a carta original na \u00edntegra e confira abaixo a tradu\u00e7\u00e3o para portugu\u00eas.<\/span><\/p>\n<blockquote><p><span style=\"font-weight: 400\">Nos \u00faltimos meses, come\u00e7amos a ver ind\u00edcios de que nossos sistemas de IA est\u00e3o se aprimorando por conta pr\u00f3pria. A evolu\u00e7\u00e3o ainda \u00e9 lenta, por enquanto, mas ineg\u00e1vel. O desenvolvimento da superintelig\u00eancia j\u00e1 est\u00e1 no horizonte.<\/span><\/p>\n<p><span style=\"font-weight: 400\">Parece claro que, nos pr\u00f3ximos anos, a IA vai melhorar todos os nossos sistemas atuais e possibilitar a cria\u00e7\u00e3o e descoberta de coisas que hoje nem conseguimos imaginar. Mas ainda est\u00e1 em aberto a quest\u00e3o sobre para onde iremos direcionar essa superintelig\u00eancia.<\/span><\/p>\n<p><span style=\"font-weight: 400\">Em alguns aspectos, essa ser\u00e1 uma nova era para a humanidade, mas em outros \u00e9 apenas a continua\u00e7\u00e3o de tend\u00eancias hist\u00f3ricas. H\u00e1 apenas 200 anos, 90% das pessoas eram agricultoras, cultivando alimentos para sobreviver. Com o tempo, os avan\u00e7os tecnol\u00f3gicos libertaram grande parte da humanidade da subsist\u00eancia, permitindo que nos dedic\u00e1ssemos mais \u00e0s atividades que escolhemos. A cada etapa, usamos esse ganho de produtividade para alcan\u00e7ar feitos antes inimagin\u00e1veis, expandindo os limites da ci\u00eancia e da sa\u00fade, e tamb\u00e9m passando mais tempo com a criatividade, a cultura, os relacionamentos e o prazer de viver.<\/span><\/p>\n<p><span style=\"font-weight: 400\">Tenho um enorme otimismo de que a superintelig\u00eancia vai ajudar a humanidade a acelerar o ritmo do nosso progresso. Mas talvez ainda mais importante seja o potencial da superintelig\u00eancia de inaugurar uma nova era de empoderamento pessoal, em que as pessoas ter\u00e3o mais autonomia para melhorar o mundo nos caminhos que escolherem.<\/span><\/p>\n<p><span style=\"font-weight: 400\">Por mais profunda que venha a ser a abund\u00e2ncia gerada pela IA, o impacto mais significativo em nossas vidas provavelmente vir\u00e1 do fato de cada pessoa ter acesso a uma superintelig\u00eancia pessoal, que ajude a alcan\u00e7ar seus objetivos, criar o que deseja ver no mundo, viver qualquer aventura, ser uma pessoa melhor para quem voc\u00ea ama e crescer rumo \u00e0 pessoa que aspira se tornar.<\/span><\/p>\n<p><span style=\"font-weight: 400\">A vis\u00e3o da Meta \u00e9 levar a superintelig\u00eancia pessoal a todos. Acreditamos em colocar esse poder nas m\u00e3os das pessoas, para que o direcionem ao que valorizam em suas pr\u00f3prias vidas.<\/span><\/p>\n<p><span style=\"font-weight: 400\">Essa abordagem \u00e9 diferente de outros players do setor, que acreditam que a superintelig\u00eancia deve ser centralizada e direcionada para automatizar todo o trabalho de valor, permitindo que a humanidade viva dos frutos gerados por esse sistema. Na Meta, acreditamos que o progresso sempre veio das pessoas buscando suas aspira\u00e7\u00f5es individuais. \u00c9 assim que ampliamos a prosperidade, a ci\u00eancia, a sa\u00fade e a cultura, e isso ser\u00e1 ainda mais importante no futuro.<\/span><\/p>\n<p><span style=\"font-weight: 400\">A interse\u00e7\u00e3o entre tecnologia e a forma como as pessoas vivem \u00e9 o foco da Meta, e isso s\u00f3 se tornar\u00e1 mais importante no futuro.<\/span><\/p>\n<p><span style=\"font-weight: 400\">Se as tend\u00eancias continuarem, \u00e9 de se esperar que as pessoas passem menos tempo em softwares de produtividade e mais tempo criando e se conectando. A superintelig\u00eancia pessoal que nos conhece profundamente, entende nossos objetivos e pode nos ajudar a alcan\u00e7\u00e1-los ser\u00e1, de longe, a mais \u00fatil. Dispositivos pessoais, como \u00f3culos que compreendem nosso contexto por verem o que vemos, ouvirem o que ouvimos e interagirem conosco ao longo do dia, v\u00e3o se tornar nossos principais dispositivos de computa\u00e7\u00e3o.<\/span><\/p>\n<p><span style=\"font-weight: 400\">Acreditamos que os benef\u00edcios da superintelig\u00eancia devem ser compartilhados com o mundo da forma mais ampla poss\u00edvel. Dito isso, a superintelig\u00eancia trar\u00e1 novas preocupa\u00e7\u00f5es relacionadas \u00e0 seguran\u00e7a. Precisaremos ser rigorosos na mitiga\u00e7\u00e3o desses riscos e cautelosos em rela\u00e7\u00e3o ao que decidimos tornar open source. Ainda assim, acreditamos que construir uma sociedade livre exige que busquemos dar o m\u00e1ximo de poder \u00e0s pessoas.<\/span><\/p>\n<p><span style=\"font-weight: 400\">O restante desta d\u00e9cada provavelmente ser\u00e1 o per\u00edodo decisivo para definir o caminho que essa tecnologia seguir\u00e1 e se a superintelig\u00eancia ser\u00e1 uma ferramenta de empoderamento pessoal ou uma for\u00e7a voltada a substituir grandes partes da sociedade.<\/span><\/p>\n<p><span style=\"font-weight: 400\">A Meta acredita profundamente na constru\u00e7\u00e3o de uma superintelig\u00eancia pessoal que empodere todas as pessoas. Temos os recursos e a expertise para desenvolver a infraestrutura massiva necess\u00e1ria, al\u00e9m da capacidade e determina\u00e7\u00e3o para levar novas tecnologias a bilh\u00f5es de pessoas por meio dos nossos produtos. Estou animado em direcionar os esfor\u00e7os da Meta para construir esse futuro.<\/span><\/p>\n<p><span style=\"font-weight: 400\">\u2013 Mark<\/span><\/p>\n<p><span style=\"font-weight: 400\">30 de julho de 2025<\/span><\/p><\/blockquote>\n","protected":false},"excerpt":{"rendered":"Hoje, o fundador e CEO da Meta, Mark Zuckerberg, compartilhou sua vis\u00e3o de levar superintelig\u00eancia pessoal a todos. Acreditamos em colocar esse poder nas m\u00e3os das pessoas para direcion\u00e1-lo ao que elas valorizam em suas pr\u00f3prias vidas. Leia aqui a carta original na \u00edntegra e confira abaixo a tradu\u00e7\u00e3o para portugu\u00eas. Nos \u00faltimos meses, come\u00e7amos a ver ind\u00edcios de que nossos sistemas de IA est\u00e3o se aprimorando por conta pr\u00f3pria. A evolu\u00e7\u00e3o ainda \u00e9 lenta, por enquanto, mas ineg\u00e1vel. O desenvolvimento da superintelig\u00eancia j\u00e1 est\u00e1 no horizonte. Parece claro que, nos pr\u00f3ximos anos, a IA vai melhorar todos os nossos sistemas atuais e possibilitar a cria\u00e7\u00e3o e descoberta de coisas que hoje nem conseguimos imaginar. Mas ainda est\u00e1 em aberto a quest\u00e3o sobre para onde iremos direcionar essa superintelig\u00eancia. Em alguns aspectos, essa ser\u00e1 uma nova era para a humanidade, mas em outros \u00e9 apenas a continua\u00e7\u00e3o de tend\u00eancias hist\u00f3ricas. H\u00e1 apenas 200 anos, 90% das pessoas eram agricultoras, cultivando alimentos para sobreviver. Com o tempo, os avan\u00e7os tecnol\u00f3gicos libertaram grande parte da humanidade da subsist\u00eancia, permitindo que nos dedic\u00e1ssemos mais \u00e0s atividades que escolhemos. A cada etapa, usamos esse ganho de produtividade para alcan\u00e7ar feitos antes inimagin\u00e1veis, expandindo os limites da ci\u00eancia e da sa\u00fade, e tamb\u00e9m passando mais tempo com a criatividade, a cultura, os relacionamentos e o prazer de viver. Tenho um enorme otimismo de que a superintelig\u00eancia vai ajudar a humanidade a acelerar o ritmo do nosso progresso. Mas talvez ainda mais importante seja o potencial da superintelig\u00eancia de inaugurar uma nova era de empoderamento pessoal, em que as pessoas ter\u00e3o mais autonomia para melhorar o mundo nos caminhos que escolherem. Por mais profunda que venha a ser a abund\u00e2ncia gerada pela IA, o impacto mais significativo em nossas vidas provavelmente vir\u00e1 do fato de cada pessoa ter acesso a uma superintelig\u00eancia pessoal, que ajude a alcan\u00e7ar seus objetivos, criar o que deseja ver no mundo, viver qualquer aventura, ser uma pessoa melhor para quem voc\u00ea ama e crescer rumo \u00e0 pessoa que aspira se tornar. A vis\u00e3o da Meta \u00e9 levar a superintelig\u00eancia pessoal a todos. Acreditamos em colocar esse poder nas m\u00e3os das pessoas, para que o direcionem ao que valorizam em suas pr\u00f3prias vidas. Essa abordagem \u00e9 diferente de outros players do setor, que acreditam que a superintelig\u00eancia deve ser centralizada e direcionada para automatizar todo o trabalho de valor, permitindo que a humanidade viva dos frutos gerados por esse sistema. Na Meta, acreditamos que o progresso sempre veio das pessoas buscando suas aspira\u00e7\u00f5es individuais. \u00c9 assim que ampliamos a prosperidade, a ci\u00eancia, a sa\u00fade e a cultura, e isso ser\u00e1 ainda mais importante no futuro. A interse\u00e7\u00e3o entre tecnologia e a forma como as pessoas vivem \u00e9 o foco da Meta, e isso s\u00f3 se tornar\u00e1 mais importante no futuro. Se as tend\u00eancias continuarem, \u00e9 de se esperar que as pessoas passem menos tempo em softwares de produtividade e mais tempo criando e se conectando. A superintelig\u00eancia pessoal que nos conhece profundamente, entende nossos objetivos e pode nos ajudar a alcan\u00e7\u00e1-los ser\u00e1, de longe, a mais \u00fatil. Dispositivos pessoais, como \u00f3culos que compreendem nosso contexto por verem o que vemos, ouvirem o que ouvimos e interagirem conosco ao longo do dia, v\u00e3o se tornar nossos principais dispositivos de computa\u00e7\u00e3o. Acreditamos que os benef\u00edcios da superintelig\u00eancia devem ser compartilhados com o mundo da forma mais ampla poss\u00edvel. Dito isso, a superintelig\u00eancia trar\u00e1 novas preocupa\u00e7\u00f5es relacionadas \u00e0 seguran\u00e7a. Precisaremos ser rigorosos na mitiga\u00e7\u00e3o desses riscos e cautelosos em rela\u00e7\u00e3o ao que decidimos tornar open source. Ainda assim, acreditamos que construir uma sociedade livre exige que busquemos dar o m\u00e1ximo de poder \u00e0s pessoas. O restante desta d\u00e9cada provavelmente ser\u00e1 o per\u00edodo decisivo para definir o caminho que essa tecnologia seguir\u00e1 e se a superintelig\u00eancia ser\u00e1 uma ferramenta de empoderamento pessoal ou uma for\u00e7a voltada a substituir grandes partes da sociedade. A Meta acredita profundamente na constru\u00e7\u00e3o de uma superintelig\u00eancia pessoal que empodere todas as pessoas. Temos os recursos e a expertise para desenvolver a infraestrutura massiva necess\u00e1ria, al\u00e9m da capacidade e determina\u00e7\u00e3o para levar novas tecnologias a bilh\u00f5es de pessoas por meio dos nossos produtos. Estou animado em direcionar os esfor\u00e7os da Meta para construir esse futuro. \u2013 Mark 30 de julho de 2025","protected":false},"author":164097234,"featured_media":26557,"comment_status":"closed","ping_status":"closed","sticky":false,"template":"","format":"standard","meta":{"_jetpack_memberships_contains_paid_content":false,"footnotes":""},"categories":[396542114,1,396542170],"tags":[],"class_list":["post-26552","post","type-post","status-publish","format-standard","has-post-thumbnail","hentry","category-meta","category-recent-news","category-tecnologia-e-inovacao"],"yoast_head":"<!-- This site is optimized with the Yoast SEO plugin v27.2 - https:\/\/yoast.com\/product\/yoast-seo-wordpress\/ -->\n<title>Superintelig\u00eancia pessoal para todos | Sobre a Meta<\/title>\n<meta name=\"robots\" content=\"index, follow, max-snippet:-1, max-image-preview:large, max-video-preview:-1\" \/>\n<link rel=\"canonical\" href=\"https:\/\/about.fb.com\/br\/news\/2025\/07\/superinteligencia-pessoal-para-todos\/\" \/>\n<meta property=\"og:locale\" content=\"pt_BR\" \/>\n<meta property=\"og:type\" content=\"article\" \/>\n<meta property=\"og:title\" content=\"Superintelig\u00eancia pessoal para todos | Sobre a Meta\" \/>\n<meta property=\"og:description\" content=\"Hoje, o fundador e CEO da Meta, Mark Zuckerberg, compartilhou sua vis\u00e3o de levar superintelig\u00eancia pessoal a todos. Acreditamos em colocar esse poder nas m\u00e3os das pessoas para direcion\u00e1-lo ao que elas valorizam em suas pr\u00f3prias vidas. Leia aqui a carta original na \u00edntegra e confira abaixo a tradu\u00e7\u00e3o para portugu\u00eas. Nos \u00faltimos meses, come\u00e7amos a ver ind\u00edcios de que nossos sistemas de IA est\u00e3o se aprimorando por conta pr\u00f3pria. A evolu\u00e7\u00e3o ainda \u00e9 lenta, por enquanto, mas ineg\u00e1vel. O desenvolvimento da superintelig\u00eancia j\u00e1 est\u00e1 no horizonte. Parece claro que, nos pr\u00f3ximos anos, a IA vai melhorar todos os nossos sistemas atuais e possibilitar a cria\u00e7\u00e3o e descoberta de coisas que hoje nem conseguimos imaginar. Mas ainda est\u00e1 em aberto a quest\u00e3o sobre para onde iremos direcionar essa superintelig\u00eancia. Em alguns aspectos, essa ser\u00e1 uma nova era para a humanidade, mas em outros \u00e9 apenas a continua\u00e7\u00e3o de tend\u00eancias hist\u00f3ricas. H\u00e1 apenas 200 anos, 90% das pessoas eram agricultoras, cultivando alimentos para sobreviver. Com o tempo, os avan\u00e7os tecnol\u00f3gicos libertaram grande parte da humanidade da subsist\u00eancia, permitindo que nos dedic\u00e1ssemos mais \u00e0s atividades que escolhemos. A cada etapa, usamos esse ganho de produtividade para alcan\u00e7ar feitos antes inimagin\u00e1veis, expandindo os limites da ci\u00eancia e da sa\u00fade, e tamb\u00e9m passando mais tempo com a criatividade, a cultura, os relacionamentos e o prazer de viver. Tenho um enorme otimismo de que a superintelig\u00eancia vai ajudar a humanidade a acelerar o ritmo do nosso progresso. Mas talvez ainda mais importante seja o potencial da superintelig\u00eancia de inaugurar uma nova era de empoderamento pessoal, em que as pessoas ter\u00e3o mais autonomia para melhorar o mundo nos caminhos que escolherem. Por mais profunda que venha a ser a abund\u00e2ncia gerada pela IA, o impacto mais significativo em nossas vidas provavelmente vir\u00e1 do fato de cada pessoa ter acesso a uma superintelig\u00eancia pessoal, que ajude a alcan\u00e7ar seus objetivos, criar o que deseja ver no mundo, viver qualquer aventura, ser uma pessoa melhor para quem voc\u00ea ama e crescer rumo \u00e0 pessoa que aspira se tornar. A vis\u00e3o da Meta \u00e9 levar a superintelig\u00eancia pessoal a todos. Acreditamos em colocar esse poder nas m\u00e3os das pessoas, para que o direcionem ao que valorizam em suas pr\u00f3prias vidas. Essa abordagem \u00e9 diferente de outros players do setor, que acreditam que a superintelig\u00eancia deve ser centralizada e direcionada para automatizar todo o trabalho de valor, permitindo que a humanidade viva dos frutos gerados por esse sistema. Na Meta, acreditamos que o progresso sempre veio das pessoas buscando suas aspira\u00e7\u00f5es individuais. \u00c9 assim que ampliamos a prosperidade, a ci\u00eancia, a sa\u00fade e a cultura, e isso ser\u00e1 ainda mais importante no futuro. A interse\u00e7\u00e3o entre tecnologia e a forma como as pessoas vivem \u00e9 o foco da Meta, e isso s\u00f3 se tornar\u00e1 mais importante no futuro. Se as tend\u00eancias continuarem, \u00e9 de se esperar que as pessoas passem menos tempo em softwares de produtividade e mais tempo criando e se conectando. A superintelig\u00eancia pessoal que nos conhece profundamente, entende nossos objetivos e pode nos ajudar a alcan\u00e7\u00e1-los ser\u00e1, de longe, a mais \u00fatil. Dispositivos pessoais, como \u00f3culos que compreendem nosso contexto por verem o que vemos, ouvirem o que ouvimos e interagirem conosco ao longo do dia, v\u00e3o se tornar nossos principais dispositivos de computa\u00e7\u00e3o. Acreditamos que os benef\u00edcios da superintelig\u00eancia devem ser compartilhados com o mundo da forma mais ampla poss\u00edvel. Dito isso, a superintelig\u00eancia trar\u00e1 novas preocupa\u00e7\u00f5es relacionadas \u00e0 seguran\u00e7a. Precisaremos ser rigorosos na mitiga\u00e7\u00e3o desses riscos e cautelosos em rela\u00e7\u00e3o ao que decidimos tornar open source. Ainda assim, acreditamos que construir uma sociedade livre exige que busquemos dar o m\u00e1ximo de poder \u00e0s pessoas. O restante desta d\u00e9cada provavelmente ser\u00e1 o per\u00edodo decisivo para definir o caminho que essa tecnologia seguir\u00e1 e se a superintelig\u00eancia ser\u00e1 uma ferramenta de empoderamento pessoal ou uma for\u00e7a voltada a substituir grandes partes da sociedade. A Meta acredita profundamente na constru\u00e7\u00e3o de uma superintelig\u00eancia pessoal que empodere todas as pessoas. Temos os recursos e a expertise para desenvolver a infraestrutura massiva necess\u00e1ria, al\u00e9m da capacidade e determina\u00e7\u00e3o para levar novas tecnologias a bilh\u00f5es de pessoas por meio dos nossos produtos. Estou animado em direcionar os esfor\u00e7os da Meta para construir esse futuro. \u2013 Mark 30 de julho de 2025\" \/>\n<meta property=\"og:url\" content=\"https:\/\/about.fb.com\/br\/news\/2025\/07\/superinteligencia-pessoal-para-todos\/\" \/>\n<meta property=\"og:site_name\" content=\"Sobre a Meta\" \/>\n<meta property=\"article:published_time\" content=\"2025-07-30T17:57:13+00:00\" \/>\n<meta property=\"article:modified_time\" content=\"2025-07-31T13:30:22+00:00\" \/>\n<meta property=\"og:image\" content=\"https:\/\/about.fb.com\/br\/wp-content\/uploads\/sites\/11\/2025\/07\/Logo-Meta-1.jpg?w=633\" \/>\n\t<meta property=\"og:image:width\" content=\"633\" \/>\n\t<meta property=\"og:image:height\" content=\"356\" \/>\n\t<meta property=\"og:image:type\" content=\"image\/jpeg\" \/>\n<meta name=\"author\" content=\"vivilusor\" \/>\n<meta name=\"twitter:card\" content=\"summary_large_image\" \/>\n<meta name=\"twitter:label1\" content=\"Written by\" \/>\n\t<meta name=\"twitter:data1\" content=\"Meta\" \/>\n\t<meta name=\"twitter:label2\" content=\"Est. reading time\" \/>\n\t<meta name=\"twitter:data2\" content=\"1 minuto\" \/>\n<script type=\"application\/ld+json\" class=\"yoast-schema-graph\">{\"@context\":\"https:\/\/schema.org\",\"@graph\":[{\"@type\":\"Article\",\"@id\":\"https:\/\/about.fb.com\/br\/news\/2025\/07\/superinteligencia-pessoal-para-todos\/#article\",\"isPartOf\":{\"@id\":\"https:\/\/about.fb.com\/br\/news\/2025\/07\/superinteligencia-pessoal-para-todos\/\"},\"author\":\"Facebook company\",\"headline\":\"Superintelig\u00eancia pessoal para todos\",\"datePublished\":\"2025-07-30T17:57:13+00:00\",\"dateModified\":\"2025-07-31T13:30:22+00:00\",\"mainEntityOfPage\":{\"@id\":\"https:\/\/about.fb.com\/br\/news\/2025\/07\/superinteligencia-pessoal-para-todos\/\"},\"wordCount\":771,\"publisher\":{\"@id\":\"https:\/\/about.fb.com\/br\/#organization\"},\"image\":{\"@id\":\"https:\/\/about.fb.com\/br\/news\/2025\/07\/superinteligencia-pessoal-para-todos\/#primaryimage\"},\"thumbnailUrl\":\"https:\/\/about.fb.com\/br\/wp-content\/uploads\/sites\/11\/2025\/07\/Logo-Meta-1.jpg?fit=633%2C356\",\"articleSection\":[\"Meta\",\"Recent News\",\"Tecnologia e Inova\u00e7\u00e3o\"],\"inLanguage\":\"pt-BR\"},{\"@type\":\"WebPage\",\"@id\":\"https:\/\/about.fb.com\/br\/news\/2025\/07\/superinteligencia-pessoal-para-todos\/\",\"url\":\"https:\/\/about.fb.com\/br\/news\/2025\/07\/superinteligencia-pessoal-para-todos\/\",\"name\":\"Superintelig\u00eancia pessoal para todos | Sobre a Meta\",\"isPartOf\":{\"@id\":\"https:\/\/about.fb.com\/br\/#website\"},\"primaryImageOfPage\":{\"@id\":\"https:\/\/about.fb.com\/br\/news\/2025\/07\/superinteligencia-pessoal-para-todos\/#primaryimage\"},\"image\":{\"@id\":\"https:\/\/about.fb.com\/br\/news\/2025\/07\/superinteligencia-pessoal-para-todos\/#primaryimage\"},\"thumbnailUrl\":\"https:\/\/about.fb.com\/br\/wp-content\/uploads\/sites\/11\/2025\/07\/Logo-Meta-1.jpg?fit=633%2C356\",\"datePublished\":\"2025-07-30T17:57:13+00:00\",\"dateModified\":\"2025-07-31T13:30:22+00:00\",\"breadcrumb\":{\"@id\":\"https:\/\/about.fb.com\/br\/news\/2025\/07\/superinteligencia-pessoal-para-todos\/#breadcrumb\"},\"inLanguage\":\"pt-BR\",\"potentialAction\":[{\"@type\":\"ReadAction\",\"target\":[\"https:\/\/about.fb.com\/br\/news\/2025\/07\/superinteligencia-pessoal-para-todos\/\"]}],\"author\":\"Sobre a Meta\"},{\"@type\":\"ImageObject\",\"inLanguage\":\"pt-BR\",\"@id\":\"https:\/\/about.fb.com\/br\/news\/2025\/07\/superinteligencia-pessoal-para-todos\/#primaryimage\",\"url\":\"https:\/\/about.fb.com\/br\/wp-content\/uploads\/sites\/11\/2025\/07\/Logo-Meta-1.jpg?fit=633%2C356\",\"contentUrl\":\"https:\/\/about.fb.com\/br\/wp-content\/uploads\/sites\/11\/2025\/07\/Logo-Meta-1.jpg?fit=633%2C356\",\"width\":633,\"height\":356},{\"@type\":\"BreadcrumbList\",\"@id\":\"https:\/\/about.fb.com\/br\/news\/2025\/07\/superinteligencia-pessoal-para-todos\/#breadcrumb\",\"itemListElement\":[{\"@type\":\"ListItem\",\"position\":1,\"name\":\"Home\",\"item\":\"https:\/\/about.fb.com\/br\/\"},{\"@type\":\"ListItem\",\"position\":2,\"name\":\"Superintelig\u00eancia pessoal para todos\"}]},{\"@type\":\"WebSite\",\"@id\":\"https:\/\/about.fb.com\/br\/#website\",\"url\":\"https:\/\/about.fb.com\/news\/\",\"name\":\"Sobre a Meta\",\"description\":\"\",\"publisher\":{\"@id\":\"https:\/\/about.fb.com\/br\/#organization\"},\"potentialAction\":[{\"@type\":\"SearchAction\",\"target\":{\"@type\":\"EntryPoint\",\"urlTemplate\":\"https:\/\/about.fb.com\/br\/?s={search_term_string}\"},\"query-input\":{\"@type\":\"PropertyValueSpecification\",\"valueRequired\":true,\"valueName\":\"search_term_string\"}}],\"inLanguage\":\"pt-BR\",\"alternateName\":[\"Meta Newsroom\",\"Meta\"]},{\"@type\":\"Organization\",\"@id\":\"https:\/\/about.fb.com\/br\/#organization\",\"name\":\"Meta\",\"url\":\"https:\/\/about.fb.com\/br\/\",\"logo\":{\"@type\":\"ImageObject\",\"inLanguage\":\"pt-BR\",\"@id\":\"https:\/\/about.fb.com\/br\/#\/schema\/logo\/image\/\",\"url\":\"https:\/\/about.fb.com\/br\/wp-content\/uploads\/sites\/11\/2021\/10\/meta-social-16x9-1.jpg?fit=8000%2C4500\",\"contentUrl\":\"https:\/\/about.fb.com\/br\/wp-content\/uploads\/sites\/11\/2021\/10\/meta-social-16x9-1.jpg?fit=8000%2C4500\",\"width\":8000,\"height\":4500,\"caption\":\"Meta\"},\"image\":{\"@id\":\"https:\/\/about.fb.com\/br\/#\/schema\/logo\/image\/\"}}]}<\/script>\n<!-- \/ Yoast SEO plugin. -->","yoast_head_json":{"title":"Superintelig\u00eancia pessoal para todos | Sobre a Meta","robots":{"index":"index","follow":"follow","max-snippet":"max-snippet:-1","max-image-preview":"max-image-preview:large","max-video-preview":"max-video-preview:-1"},"canonical":"https:\/\/about.fb.com\/br\/news\/2025\/07\/superinteligencia-pessoal-para-todos\/","og_locale":"pt_BR","og_type":"article","og_title":"Superintelig\u00eancia pessoal para todos | Sobre a Meta","og_description":"Hoje, o fundador e CEO da Meta, Mark Zuckerberg, compartilhou sua vis\u00e3o de levar superintelig\u00eancia pessoal a todos. Acreditamos em colocar esse poder nas m\u00e3os das pessoas para direcion\u00e1-lo ao que elas valorizam em suas pr\u00f3prias vidas. Leia aqui a carta original na \u00edntegra e confira abaixo a tradu\u00e7\u00e3o para portugu\u00eas. Nos \u00faltimos meses, come\u00e7amos a ver ind\u00edcios de que nossos sistemas de IA est\u00e3o se aprimorando por conta pr\u00f3pria. A evolu\u00e7\u00e3o ainda \u00e9 lenta, por enquanto, mas ineg\u00e1vel. O desenvolvimento da superintelig\u00eancia j\u00e1 est\u00e1 no horizonte. Parece claro que, nos pr\u00f3ximos anos, a IA vai melhorar todos os nossos sistemas atuais e possibilitar a cria\u00e7\u00e3o e descoberta de coisas que hoje nem conseguimos imaginar. Mas ainda est\u00e1 em aberto a quest\u00e3o sobre para onde iremos direcionar essa superintelig\u00eancia. Em alguns aspectos, essa ser\u00e1 uma nova era para a humanidade, mas em outros \u00e9 apenas a continua\u00e7\u00e3o de tend\u00eancias hist\u00f3ricas. H\u00e1 apenas 200 anos, 90% das pessoas eram agricultoras, cultivando alimentos para sobreviver. Com o tempo, os avan\u00e7os tecnol\u00f3gicos libertaram grande parte da humanidade da subsist\u00eancia, permitindo que nos dedic\u00e1ssemos mais \u00e0s atividades que escolhemos. A cada etapa, usamos esse ganho de produtividade para alcan\u00e7ar feitos antes inimagin\u00e1veis, expandindo os limites da ci\u00eancia e da sa\u00fade, e tamb\u00e9m passando mais tempo com a criatividade, a cultura, os relacionamentos e o prazer de viver. Tenho um enorme otimismo de que a superintelig\u00eancia vai ajudar a humanidade a acelerar o ritmo do nosso progresso. Mas talvez ainda mais importante seja o potencial da superintelig\u00eancia de inaugurar uma nova era de empoderamento pessoal, em que as pessoas ter\u00e3o mais autonomia para melhorar o mundo nos caminhos que escolherem. Por mais profunda que venha a ser a abund\u00e2ncia gerada pela IA, o impacto mais significativo em nossas vidas provavelmente vir\u00e1 do fato de cada pessoa ter acesso a uma superintelig\u00eancia pessoal, que ajude a alcan\u00e7ar seus objetivos, criar o que deseja ver no mundo, viver qualquer aventura, ser uma pessoa melhor para quem voc\u00ea ama e crescer rumo \u00e0 pessoa que aspira se tornar. A vis\u00e3o da Meta \u00e9 levar a superintelig\u00eancia pessoal a todos. Acreditamos em colocar esse poder nas m\u00e3os das pessoas, para que o direcionem ao que valorizam em suas pr\u00f3prias vidas. Essa abordagem \u00e9 diferente de outros players do setor, que acreditam que a superintelig\u00eancia deve ser centralizada e direcionada para automatizar todo o trabalho de valor, permitindo que a humanidade viva dos frutos gerados por esse sistema. Na Meta, acreditamos que o progresso sempre veio das pessoas buscando suas aspira\u00e7\u00f5es individuais. \u00c9 assim que ampliamos a prosperidade, a ci\u00eancia, a sa\u00fade e a cultura, e isso ser\u00e1 ainda mais importante no futuro. A interse\u00e7\u00e3o entre tecnologia e a forma como as pessoas vivem \u00e9 o foco da Meta, e isso s\u00f3 se tornar\u00e1 mais importante no futuro. Se as tend\u00eancias continuarem, \u00e9 de se esperar que as pessoas passem menos tempo em softwares de produtividade e mais tempo criando e se conectando. A superintelig\u00eancia pessoal que nos conhece profundamente, entende nossos objetivos e pode nos ajudar a alcan\u00e7\u00e1-los ser\u00e1, de longe, a mais \u00fatil. Dispositivos pessoais, como \u00f3culos que compreendem nosso contexto por verem o que vemos, ouvirem o que ouvimos e interagirem conosco ao longo do dia, v\u00e3o se tornar nossos principais dispositivos de computa\u00e7\u00e3o. Acreditamos que os benef\u00edcios da superintelig\u00eancia devem ser compartilhados com o mundo da forma mais ampla poss\u00edvel. Dito isso, a superintelig\u00eancia trar\u00e1 novas preocupa\u00e7\u00f5es relacionadas \u00e0 seguran\u00e7a. Precisaremos ser rigorosos na mitiga\u00e7\u00e3o desses riscos e cautelosos em rela\u00e7\u00e3o ao que decidimos tornar open source. Ainda assim, acreditamos que construir uma sociedade livre exige que busquemos dar o m\u00e1ximo de poder \u00e0s pessoas. O restante desta d\u00e9cada provavelmente ser\u00e1 o per\u00edodo decisivo para definir o caminho que essa tecnologia seguir\u00e1 e se a superintelig\u00eancia ser\u00e1 uma ferramenta de empoderamento pessoal ou uma for\u00e7a voltada a substituir grandes partes da sociedade. A Meta acredita profundamente na constru\u00e7\u00e3o de uma superintelig\u00eancia pessoal que empodere todas as pessoas. Temos os recursos e a expertise para desenvolver a infraestrutura massiva necess\u00e1ria, al\u00e9m da capacidade e determina\u00e7\u00e3o para levar novas tecnologias a bilh\u00f5es de pessoas por meio dos nossos produtos. Estou animado em direcionar os esfor\u00e7os da Meta para construir esse futuro. \u2013 Mark 30 de julho de 2025","og_url":"https:\/\/about.fb.com\/br\/news\/2025\/07\/superinteligencia-pessoal-para-todos\/","og_site_name":"Sobre a Meta","article_published_time":"2025-07-30T17:57:13+00:00","article_modified_time":"2025-07-31T13:30:22+00:00","og_image":[{"url":"https:\/\/about.fb.com\/br\/wp-content\/uploads\/sites\/11\/2025\/07\/Logo-Meta-1.jpg?w=633","width":633,"height":356,"type":"image\/jpeg"}],"author":"vivilusor","twitter_card":"summary_large_image","twitter_misc":{"Written by":"Meta","Est. reading time":"1 minuto"},"schema":{"@context":"https:\/\/schema.org","@graph":[{"@type":"Article","@id":"https:\/\/about.fb.com\/br\/news\/2025\/07\/superinteligencia-pessoal-para-todos\/#article","isPartOf":{"@id":"https:\/\/about.fb.com\/br\/news\/2025\/07\/superinteligencia-pessoal-para-todos\/"},"author":"Facebook company","headline":"Superintelig\u00eancia pessoal para todos","datePublished":"2025-07-30T17:57:13+00:00","dateModified":"2025-07-31T13:30:22+00:00","mainEntityOfPage":{"@id":"https:\/\/about.fb.com\/br\/news\/2025\/07\/superinteligencia-pessoal-para-todos\/"},"wordCount":771,"publisher":{"@id":"https:\/\/about.fb.com\/br\/#organization"},"image":{"@id":"https:\/\/about.fb.com\/br\/news\/2025\/07\/superinteligencia-pessoal-para-todos\/#primaryimage"},"thumbnailUrl":"https:\/\/about.fb.com\/br\/wp-content\/uploads\/sites\/11\/2025\/07\/Logo-Meta-1.jpg?fit=633%2C356","articleSection":["Meta","Recent News","Tecnologia e Inova\u00e7\u00e3o"],"inLanguage":"pt-BR"},{"@type":"WebPage","@id":"https:\/\/about.fb.com\/br\/news\/2025\/07\/superinteligencia-pessoal-para-todos\/","url":"https:\/\/about.fb.com\/br\/news\/2025\/07\/superinteligencia-pessoal-para-todos\/","name":"Superintelig\u00eancia pessoal para todos | Sobre a Meta","isPartOf":{"@id":"https:\/\/about.fb.com\/br\/#website"},"primaryImageOfPage":{"@id":"https:\/\/about.fb.com\/br\/news\/2025\/07\/superinteligencia-pessoal-para-todos\/#primaryimage"},"image":{"@id":"https:\/\/about.fb.com\/br\/news\/2025\/07\/superinteligencia-pessoal-para-todos\/#primaryimage"},"thumbnailUrl":"https:\/\/about.fb.com\/br\/wp-content\/uploads\/sites\/11\/2025\/07\/Logo-Meta-1.jpg?fit=633%2C356","datePublished":"2025-07-30T17:57:13+00:00","dateModified":"2025-07-31T13:30:22+00:00","breadcrumb":{"@id":"https:\/\/about.fb.com\/br\/news\/2025\/07\/superinteligencia-pessoal-para-todos\/#breadcrumb"},"inLanguage":"pt-BR","potentialAction":[{"@type":"ReadAction","target":["https:\/\/about.fb.com\/br\/news\/2025\/07\/superinteligencia-pessoal-para-todos\/"]}],"author":"Sobre a Meta"},{"@type":"ImageObject","inLanguage":"pt-BR","@id":"https:\/\/about.fb.com\/br\/news\/2025\/07\/superinteligencia-pessoal-para-todos\/#primaryimage","url":"https:\/\/about.fb.com\/br\/wp-content\/uploads\/sites\/11\/2025\/07\/Logo-Meta-1.jpg?fit=633%2C356","contentUrl":"https:\/\/about.fb.com\/br\/wp-content\/uploads\/sites\/11\/2025\/07\/Logo-Meta-1.jpg?fit=633%2C356","width":633,"height":356},{"@type":"BreadcrumbList","@id":"https:\/\/about.fb.com\/br\/news\/2025\/07\/superinteligencia-pessoal-para-todos\/#breadcrumb","itemListElement":[{"@type":"ListItem","position":1,"name":"Home","item":"https:\/\/about.fb.com\/br\/"},{"@type":"ListItem","position":2,"name":"Superintelig\u00eancia pessoal para todos"}]},{"@type":"WebSite","@id":"https:\/\/about.fb.com\/br\/#website","url":"https:\/\/about.fb.com\/news\/","name":"Sobre a Meta","description":"","publisher":{"@id":"https:\/\/about.fb.com\/br\/#organization"},"potentialAction":[{"@type":"SearchAction","target":{"@type":"EntryPoint","urlTemplate":"https:\/\/about.fb.com\/br\/?s={search_term_string}"},"query-input":{"@type":"PropertyValueSpecification","valueRequired":true,"valueName":"search_term_string"}}],"inLanguage":"pt-BR","alternateName":["Meta Newsroom","Meta"]},{"@type":"Organization","@id":"https:\/\/about.fb.com\/br\/#organization","name":"Meta","url":"https:\/\/about.fb.com\/br\/","logo":{"@type":"ImageObject","inLanguage":"pt-BR","@id":"https:\/\/about.fb.com\/br\/#\/schema\/logo\/image\/","url":"https:\/\/about.fb.com\/br\/wp-content\/uploads\/sites\/11\/2021\/10\/meta-social-16x9-1.jpg?fit=8000%2C4500","contentUrl":"https:\/\/about.fb.com\/br\/wp-content\/uploads\/sites\/11\/2021\/10\/meta-social-16x9-1.jpg?fit=8000%2C4500","width":8000,"height":4500,"caption":"Meta"},"image":{"@id":"https:\/\/about.fb.com\/br\/#\/schema\/logo\/image\/"}}]}},"jetpack_featured_media_url":"https:\/\/about.fb.com\/br\/wp-content\/uploads\/sites\/11\/2025\/07\/Logo-Meta-1.jpg?fit=633%2C356","jetpack-related-posts":[{"id":27074,"url":"https:\/\/about.fb.com\/br\/news\/2026\/04\/apresentamos-o-muse-spark-o-primeiro-modelo-do-msl-desenvolvido-para-priorizar-as-pessoas\/","url_meta":{"origin":26552,"position":0},"title":"Apresentamos o Muse Spark: O Primeiro Modelo do MSL, Desenvolvido para Priorizar as Pessoas","author":"Meta","date":"08\/04\/2026","format":false,"excerpt":"Hoje anunciamos o Muse Spark, o primeiro de uma nova s\u00e9rie de grandes modelos de linguagem criados pelo Meta Superintelligence Labs. Estamos a caminho da superintelig\u00eancia pessoal: um assistente capaz de ajudar qualquer pessoa, em qualquer lugar, com o que mais importa para ela. Um Novo Modelo: Muse Spark Nos\u2026","rel":"","context":"In &quot;Meta&quot;","block_context":{"text":"Meta","link":"https:\/\/about.fb.com\/br\/news\/category\/temas-home\/meta\/"},"img":{"alt_text":"","src":"https:\/\/about.fb.com\/br\/wp-content\/uploads\/sites\/11\/2026\/04\/Introducing-Muse-Spark_Header.gif?fit=1920%2C1080&resize=350%2C200","width":350,"height":200,"srcset":"https:\/\/about.fb.com\/br\/wp-content\/uploads\/sites\/11\/2026\/04\/Introducing-Muse-Spark_Header.gif?fit=1920%2C1080&resize=350%2C200 1x, https:\/\/about.fb.com\/br\/wp-content\/uploads\/sites\/11\/2026\/04\/Introducing-Muse-Spark_Header.gif?fit=1920%2C1080&resize=525%2C300 1.5x, https:\/\/about.fb.com\/br\/wp-content\/uploads\/sites\/11\/2026\/04\/Introducing-Muse-Spark_Header.gif?fit=1920%2C1080&resize=700%2C400 2x, https:\/\/about.fb.com\/br\/wp-content\/uploads\/sites\/11\/2026\/04\/Introducing-Muse-Spark_Header.gif?fit=1920%2C1080&resize=1050%2C600 3x, https:\/\/about.fb.com\/br\/wp-content\/uploads\/sites\/11\/2026\/04\/Introducing-Muse-Spark_Header.gif?fit=1920%2C1080&resize=1400%2C800 4x"},"classes":[]},{"id":26634,"url":"https:\/\/about.fb.com\/br\/news\/2025\/09\/meta-connect-2025-a-evolucao-dos-oculos-inteligentes-o-avanco-do-metaverso-e-muito-mais\/","url_meta":{"origin":26552,"position":1},"title":"Meta Connect 2025: A Evolu\u00e7\u00e3o dos \u00d3culos Inteligentes, o Avan\u00e7o do Metaverso e Muito Mais","author":"Meta","date":"17\/09\/2025","format":false,"excerpt":"Mark Zuckerberg e Diplo sa\u00edram correndo do palco do Connect \u2013 literalmente \u2013 para dar in\u00edcio \u00e0 after party, e n\u00f3s estamos aqui para recapitular todas as novidades que voc\u00ea pode ter perdido. Mas antes, vamos falar sobre outra dupla din\u00e2mica que est\u00e1 conquistando o mundo: \u00f3culos e intelig\u00eancia artificial.\u2026","rel":"","context":"In &quot;Meta&quot;","block_context":{"text":"Meta","link":"https:\/\/about.fb.com\/br\/news\/category\/temas-home\/meta\/"},"img":{"alt_text":"","src":"https:\/\/about.fb.com\/br\/wp-content\/uploads\/sites\/11\/2025\/09\/Meta-Connect-2025-Dark-background-1x1-1.png?fit=4500%2C4500&resize=350%2C200","width":350,"height":200,"srcset":"https:\/\/about.fb.com\/br\/wp-content\/uploads\/sites\/11\/2025\/09\/Meta-Connect-2025-Dark-background-1x1-1.png?fit=4500%2C4500&resize=350%2C200 1x, https:\/\/about.fb.com\/br\/wp-content\/uploads\/sites\/11\/2025\/09\/Meta-Connect-2025-Dark-background-1x1-1.png?fit=4500%2C4500&resize=525%2C300 1.5x, https:\/\/about.fb.com\/br\/wp-content\/uploads\/sites\/11\/2025\/09\/Meta-Connect-2025-Dark-background-1x1-1.png?fit=4500%2C4500&resize=700%2C400 2x, https:\/\/about.fb.com\/br\/wp-content\/uploads\/sites\/11\/2025\/09\/Meta-Connect-2025-Dark-background-1x1-1.png?fit=4500%2C4500&resize=1050%2C600 3x, https:\/\/about.fb.com\/br\/wp-content\/uploads\/sites\/11\/2025\/09\/Meta-Connect-2025-Dark-background-1x1-1.png?fit=4500%2C4500&resize=1400%2C800 4x"},"classes":[]},{"id":26583,"url":"https:\/\/about.fb.com\/br\/news\/2025\/08\/maximize-seus-resultados-com-novas-formas-de-impulsionar-as-vendas-nesta-temporada-de-compras\/","url_meta":{"origin":26552,"position":2},"title":"Maximize seus resultados com novas formas de impulsionar as vendas nesta temporada de compras","author":"Meta","date":"21\/08\/2025","format":false,"excerpt":"O ritmo da inova\u00e7\u00e3o em IA continua acelerando, e na Meta estamos investindo em pessoas, infraestrutura e ferramentas para levar a superintelig\u00eancia pessoal a todos. Para as empresas no ecossistema da Meta, isso significa investimentos em infraestruturas como Andromeda, GEM, Lattice, a su\u00edte Advantage+ e ferramentas de an\u00fancios com IA\u2026","rel":"","context":"In &quot;Meta&quot;","block_context":{"text":"Meta","link":"https:\/\/about.fb.com\/br\/news\/category\/temas-home\/meta\/"},"img":{"alt_text":"","src":"https:\/\/about.fb.com\/br\/wp-content\/uploads\/sites\/11\/2025\/07\/Logo-Meta-1.jpg?fit=633%2C356&resize=350%2C200","width":350,"height":200,"srcset":"https:\/\/about.fb.com\/br\/wp-content\/uploads\/sites\/11\/2025\/07\/Logo-Meta-1.jpg?fit=633%2C356&resize=350%2C200 1x, https:\/\/about.fb.com\/br\/wp-content\/uploads\/sites\/11\/2025\/07\/Logo-Meta-1.jpg?fit=633%2C356&resize=525%2C300 1.5x"},"classes":[]},{"id":27026,"url":"https:\/\/about.fb.com\/br\/news\/2026\/03\/reforcando-seu-suporte-e-sua-seguranca-nos-aplicativos-da-meta-com-ia\/","url_meta":{"origin":26552,"position":3},"title":"Refor\u00e7ando seu suporte e sua seguran\u00e7a nos aplicativos da Meta com IA","author":"Meta","date":"19\/03\/2026","format":false,"excerpt":"Hoje, estamos lan\u00e7ando novas ferramentas de IA para suporte e fiscaliza\u00e7\u00e3o de conte\u00fado em nossos aplicativos para que eles funcionem melhor para voc\u00ea. \u00c0 medida que a tecnologia avan\u00e7a, estamos aplicando IA de mais maneiras para que voc\u00ea tenha ajuda confi\u00e1vel e pr\u00e1tica quando precisar, e para que possamos identificar\u2026","rel":"","context":"In &quot;Recent News&quot;","block_context":{"text":"Recent News","link":"https:\/\/about.fb.com\/br\/news\/category\/recent-news\/"},"img":{"alt_text":"","src":"https:\/\/about.fb.com\/br\/wp-content\/uploads\/sites\/11\/2026\/03\/Boosting-Your-Support-and-Safety-on-Metas-Apps-With-AI_Header.jpg?fit=1920%2C1080&resize=350%2C200","width":350,"height":200,"srcset":"https:\/\/about.fb.com\/br\/wp-content\/uploads\/sites\/11\/2026\/03\/Boosting-Your-Support-and-Safety-on-Metas-Apps-With-AI_Header.jpg?fit=1920%2C1080&resize=350%2C200 1x, https:\/\/about.fb.com\/br\/wp-content\/uploads\/sites\/11\/2026\/03\/Boosting-Your-Support-and-Safety-on-Metas-Apps-With-AI_Header.jpg?fit=1920%2C1080&resize=525%2C300 1.5x, https:\/\/about.fb.com\/br\/wp-content\/uploads\/sites\/11\/2026\/03\/Boosting-Your-Support-and-Safety-on-Metas-Apps-With-AI_Header.jpg?fit=1920%2C1080&resize=700%2C400 2x, https:\/\/about.fb.com\/br\/wp-content\/uploads\/sites\/11\/2026\/03\/Boosting-Your-Support-and-Safety-on-Metas-Apps-With-AI_Header.jpg?fit=1920%2C1080&resize=1050%2C600 3x, https:\/\/about.fb.com\/br\/wp-content\/uploads\/sites\/11\/2026\/03\/Boosting-Your-Support-and-Safety-on-Metas-Apps-With-AI_Header.jpg?fit=1920%2C1080&resize=1400%2C800 4x"},"classes":[]},{"id":26367,"url":"https:\/\/about.fb.com\/br\/news\/2025\/05\/insights-dos-resultados-do-1o-trimestre-da-meta-para-impulsionar-o-desempenho-dos-negocios\/","url_meta":{"origin":26552,"position":4},"title":"Insights dos resultados do 1\u00ba trimestre da Meta para impulsionar o desempenho dos neg\u00f3cios","author":"Meta","date":"02\/05\/2025","format":false,"excerpt":"Hoje, estamos compartilhando alguns insights importantes sobre ganhos de performance com o uso de produtos de an\u00fancios baseados em intelig\u00eancia artificial, v\u00eddeos e Reels, al\u00e9m de a\u00e7\u00f5es que as empresas podem adotar para atrair mais clientes e aproveitar ao m\u00e1ximo cada investimento em marketing. As dicas se baseiam nos destaques\u2026","rel":"","context":"In &quot;Meta&quot;","block_context":{"text":"Meta","link":"https:\/\/about.fb.com\/br\/news\/category\/temas-home\/meta\/"},"img":{"alt_text":"","src":"https:\/\/about.fb.com\/br\/wp-content\/uploads\/sites\/11\/2025\/05\/capa.png?fit=1920%2C1080&resize=350%2C200","width":350,"height":200,"srcset":"https:\/\/about.fb.com\/br\/wp-content\/uploads\/sites\/11\/2025\/05\/capa.png?fit=1920%2C1080&resize=350%2C200 1x, https:\/\/about.fb.com\/br\/wp-content\/uploads\/sites\/11\/2025\/05\/capa.png?fit=1920%2C1080&resize=525%2C300 1.5x, https:\/\/about.fb.com\/br\/wp-content\/uploads\/sites\/11\/2025\/05\/capa.png?fit=1920%2C1080&resize=700%2C400 2x, https:\/\/about.fb.com\/br\/wp-content\/uploads\/sites\/11\/2025\/05\/capa.png?fit=1920%2C1080&resize=1050%2C600 3x, https:\/\/about.fb.com\/br\/wp-content\/uploads\/sites\/11\/2025\/05\/capa.png?fit=1920%2C1080&resize=1400%2C800 4x"},"classes":[]},{"id":26130,"url":"https:\/\/about.fb.com\/br\/news\/2025\/02\/aumentando-a-transparencia-da-ia-generativa-nos-produtos-de-anuncios-da-meta\/","url_meta":{"origin":26552,"position":5},"title":"Aumentando a transpar\u00eancia da IA generativa nos produtos de an\u00fancios da Meta","author":"Meta","date":"03\/02\/2025","format":false,"excerpt":"Na Meta, continuamos priorizando a transpar\u00eancia e a responsabilidade em nossas diretrizes para anunciantes. Desde o ano passado, come\u00e7amos a rotular os an\u00fancios criados ou significativamente editados com o uso dos nossos recursos de criativo de IA generativa, que est\u00e3o dispon\u00edveis nas ferramentas de marketing para anunciantes. Vou explicar a\u2026","rel":"","context":"In &quot;Meta&quot;","block_context":{"text":"Meta","link":"https:\/\/about.fb.com\/br\/news\/category\/temas-home\/meta\/"},"img":{"alt_text":"","src":"https:\/\/about.fb.com\/br\/wp-content\/uploads\/sites\/11\/2025\/02\/Transparency-Labels-for-Ads_Header.jpg?fit=1920%2C1080&resize=350%2C200","width":350,"height":200,"srcset":"https:\/\/about.fb.com\/br\/wp-content\/uploads\/sites\/11\/2025\/02\/Transparency-Labels-for-Ads_Header.jpg?fit=1920%2C1080&resize=350%2C200 1x, https:\/\/about.fb.com\/br\/wp-content\/uploads\/sites\/11\/2025\/02\/Transparency-Labels-for-Ads_Header.jpg?fit=1920%2C1080&resize=525%2C300 1.5x, https:\/\/about.fb.com\/br\/wp-content\/uploads\/sites\/11\/2025\/02\/Transparency-Labels-for-Ads_Header.jpg?fit=1920%2C1080&resize=700%2C400 2x, https:\/\/about.fb.com\/br\/wp-content\/uploads\/sites\/11\/2025\/02\/Transparency-Labels-for-Ads_Header.jpg?fit=1920%2C1080&resize=1050%2C600 3x, https:\/\/about.fb.com\/br\/wp-content\/uploads\/sites\/11\/2025\/02\/Transparency-Labels-for-Ads_Header.jpg?fit=1920%2C1080&resize=1400%2C800 4x"},"classes":[]}],"jetpack_sharing_enabled":true,"amp_enabled":true,"_links":{"self":[{"href":"https:\/\/about.fb.com\/br\/wp-json\/wp\/v2\/posts\/26552","targetHints":{"allow":["GET"]}}],"collection":[{"href":"https:\/\/about.fb.com\/br\/wp-json\/wp\/v2\/posts"}],"about":[{"href":"https:\/\/about.fb.com\/br\/wp-json\/wp\/v2\/types\/post"}],"author":[{"embeddable":true,"href":"https:\/\/about.fb.com\/br\/wp-json\/wp\/v2\/users\/164097234"}],"replies":[{"embeddable":true,"href":"https:\/\/about.fb.com\/br\/wp-json\/wp\/v2\/comments?post=26552"}],"version-history":[{"count":1,"href":"https:\/\/about.fb.com\/br\/wp-json\/wp\/v2\/posts\/26552\/revisions"}],"predecessor-version":[{"id":26553,"href":"https:\/\/about.fb.com\/br\/wp-json\/wp\/v2\/posts\/26552\/revisions\/26553"}],"wp:featuredmedia":[{"embeddable":true,"href":"https:\/\/about.fb.com\/br\/wp-json\/wp\/v2\/media\/26557"}],"wp:attachment":[{"href":"https:\/\/about.fb.com\/br\/wp-json\/wp\/v2\/media?parent=26552"}],"wp:term":[{"taxonomy":"category","embeddable":true,"href":"https:\/\/about.fb.com\/br\/wp-json\/wp\/v2\/categories?post=26552"},{"taxonomy":"post_tag","embeddable":true,"href":"https:\/\/about.fb.com\/br\/wp-json\/wp\/v2\/tags?post=26552"}],"curies":[{"name":"wp","href":"https:\/\/api.w.org\/{rel}","templated":true}]}}