{"id":26541,"date":"2025-07-25T11:20:58","date_gmt":"2025-07-25T14:20:58","guid":{"rendered":"https:\/\/about.fb.com\/br\/?p=26541"},"modified":"2025-07-25T12:18:37","modified_gmt":"2025-07-25T15:18:37","slug":"encerramento-da-publicidade-politica-eleitoral-e-de-questoes-sociais-na-ue-em-resposta-a-nova-regulacao-europeia","status":"publish","type":"post","link":"https:\/\/about.fb.com\/br\/news\/2025\/07\/encerramento-da-publicidade-politica-eleitoral-e-de-questoes-sociais-na-ue-em-resposta-a-nova-regulacao-europeia\/","title":{"rendered":"Encerramento da publicidade pol\u00edtica, eleitoral e de temas sociais na UE em resposta \u00e0 nova regula\u00e7\u00e3o europeia"},"content":{"rendered":"<p><span style=\"font-weight: 400\">A partir do in\u00edcio de outubro de 2025, deixaremos de permitir an\u00fancios pol\u00edticos, eleitorais e sobre <\/span><a href=\"https:\/\/www.facebook.com\/business\/help\/214754279118974?id=288762101909005\"><span style=\"font-weight: 400\">temas sociais<\/span><\/a><span style=\"font-weight: 400\"> em nossas plataformas na Uni\u00e3o Europeia. Esta \u00e9 uma decis\u00e3o dif\u00edcil \u2013 tomada em resposta \u00e0 nova regula\u00e7\u00e3o da UE sobre Transpar\u00eancia e Segmenta\u00e7\u00e3o da Publicidade Pol\u00edtica (TTPA), que imp\u00f5e desafios operacionais significativos e incertezas jur\u00eddicas.<\/span><\/p>\n<h4><b>Consequ\u00eancias n\u00e3o intencionais de uma regula\u00e7\u00e3o excessivamente onerosa<\/b><\/h4>\n<p><span style=\"font-weight: 400\">Continuamos acreditando que a publicidade pol\u00edtica online \u00e9 uma parte essencial da pol\u00edtica moderna, conectando as pessoas a informa\u00e7\u00f5es importantes sobre os pol\u00edticos que as representam e garantindo que os candidatos tenham uma forma acess\u00edvel de alcan\u00e7ar seu p\u00fablico. \u00c9 por isso que a Meta foi al\u00e9m de muitos de seus pares \u2013 e muito al\u00e9m do que \u00e9 exigido por lei \u2013 para garantir que os an\u00fancios pol\u00edticos exibidos em nossas plataformas sejam aut\u00eanticos e que as informa\u00e7\u00f5es sobre eles sejam transparentes.<\/span><\/p>\n<p><span style=\"font-weight: 400\">Desde 2018, disponibilizamos ferramentas que oferecem mais transpar\u00eancia para an\u00fancios sobre pol\u00edtica, elei\u00e7\u00f5es e temas sociais do que qualquer outra plataforma, online ou offline, al\u00e9m de outras prote\u00e7\u00f5es abrangentes. Os anunciantes que veiculam esses an\u00fancios precisam passar por um processo de autoriza\u00e7\u00e3o, para comprovar quem s\u00e3o e onde vivem, e incluir a frase \u201cpago por\u201d nesses an\u00fancios. Esses an\u00fancios s\u00e3o ent\u00e3o armazenados na nossa <\/span><a href=\"https:\/\/www.facebook.com\/ads\/library\"><span style=\"font-weight: 400\">Biblioteca de An\u00fancios<\/span><\/a><span style=\"font-weight: 400\">, dispon\u00edvel publicamente, onde qualquer pessoa pode acessar informa\u00e7\u00f5es sobre segmenta\u00e7\u00e3o e quanto foi gasto em cada an\u00fancio.<\/span><\/p>\n<p><span style=\"font-weight: 400\">Infelizmente, a TTPA introduz obriga\u00e7\u00f5es adicionais e significativas aos nossos processos e sistemas, criando um n\u00edvel insustent\u00e1vel de complexidade e incerteza jur\u00eddica para anunciantes e plataformas que atuam na UE. Por exemplo, a TTPA imp\u00f5e restri\u00e7\u00f5es extensas \u00e0 segmenta\u00e7\u00e3o e veicula\u00e7\u00e3o de an\u00fancios, limitando a forma como anunciantes de temas pol\u00edticos e sociais podem alcan\u00e7ar seus p\u00fablicos e fazendo com que as pessoas vejam an\u00fancios menos relevantes em nossas plataformas. Trata-se de mais uma amea\u00e7a aos princ\u00edpios da publicidade personalizada, desconsiderando os benef\u00edcios para os anunciantes e para as pessoas que desejam alcan\u00e7ar.<\/span><\/p>\n<p><span style=\"font-weight: 400\">Apesar do amplo di\u00e1logo com os legisladores para compartilhar essas preocupa\u00e7\u00f5es, fomos confrontados com uma escolha imposs\u00edvel: alterar nossos servi\u00e7os para oferecer um produto publicit\u00e1rio que n\u00e3o funciona para anunciantes nem para usu\u00e1rios, sem garantia de que nossa solu\u00e7\u00e3o seria considerada conforme, ou deixar de permitir an\u00fancios pol\u00edticos, eleitorais e sobre temas sociais na UE. <\/span><a href=\"https:\/\/blog.google\/around-the-globe\/google-europe\/political-advertising-in-eu\/\"><span style=\"font-weight: 400\">N\u00e3o somos a \u00fanica empresa<\/span><\/a><span style=\"font-weight: 400\"> a ter sido colocada nessa situa\u00e7\u00e3o. Mais uma vez, estamos vendo obriga\u00e7\u00f5es regulat\u00f3rias que, na pr\u00e1tica, removem produtos e servi\u00e7os populares do mercado, reduzindo a diversidade e a concorr\u00eancia.<\/span><\/p>\n<p><span style=\"font-weight: 400\">Nossa decis\u00e3o \u00e9 espec\u00edfica para a UE. Em outras regi\u00f5es, continuaremos a oferecer nossas ferramentas l\u00edderes do setor, que garantem publicidade pol\u00edtica aut\u00eantica e transparente. Isso tamb\u00e9m n\u00e3o impedir\u00e1 que as pessoas na UE continuem a debater pol\u00edtica em nossos servi\u00e7os, nem que pol\u00edticos, candidatos e detentores de cargos p\u00fablicos produzam e compartilhem conte\u00fado pol\u00edtico de forma org\u00e2nica. Eles apenas n\u00e3o poder\u00e3o amplificar esse conte\u00fado por meio de publicidade paga.<\/span><\/p>\n<p><span style=\"font-weight: 400\">Acreditamos que an\u00fancios personalizados s\u00e3o fundamentais para uma ampla variedade de anunciantes, incluindo aqueles envolvidos em campanhas para informar os eleitores sobre importantes temas sociais que moldam o debate p\u00fablico. Regula\u00e7\u00f5es como a TTPA prejudicam significativamente nossa capacidade de oferecer esses servi\u00e7os, impactando n\u00e3o apenas a efic\u00e1cia do alcance dos anunciantes, mas tamb\u00e9m a capacidade dos eleitores de acessar informa\u00e7\u00f5es completas.<\/span><\/p>\n","protected":false},"excerpt":{"rendered":"A partir do in\u00edcio de outubro de 2025, deixaremos de permitir an\u00fancios pol\u00edticos, eleitorais e sobre temas sociais em nossas plataformas na Uni\u00e3o Europeia. Esta \u00e9 uma decis\u00e3o dif\u00edcil \u2013 tomada em resposta \u00e0 nova regula\u00e7\u00e3o da UE sobre Transpar\u00eancia e Segmenta\u00e7\u00e3o da Publicidade Pol\u00edtica (TTPA), que imp\u00f5e desafios operacionais significativos e incertezas jur\u00eddicas. Consequ\u00eancias n\u00e3o intencionais de uma regula\u00e7\u00e3o excessivamente onerosa Continuamos acreditando que a publicidade pol\u00edtica online \u00e9 uma parte essencial da pol\u00edtica moderna, conectando as pessoas a informa\u00e7\u00f5es importantes sobre os pol\u00edticos que as representam e garantindo que os candidatos tenham uma forma acess\u00edvel de alcan\u00e7ar seu p\u00fablico. \u00c9 por isso que a Meta foi al\u00e9m de muitos de seus pares \u2013 e muito al\u00e9m do que \u00e9 exigido por lei \u2013 para garantir que os an\u00fancios pol\u00edticos exibidos em nossas plataformas sejam aut\u00eanticos e que as informa\u00e7\u00f5es sobre eles sejam transparentes. Desde 2018, disponibilizamos ferramentas que oferecem mais transpar\u00eancia para an\u00fancios sobre pol\u00edtica, elei\u00e7\u00f5es e temas sociais do que qualquer outra plataforma, online ou offline, al\u00e9m de outras prote\u00e7\u00f5es abrangentes. Os anunciantes que veiculam esses an\u00fancios precisam passar por um processo de autoriza\u00e7\u00e3o, para comprovar quem s\u00e3o e onde vivem, e incluir a frase \u201cpago por\u201d nesses an\u00fancios. Esses an\u00fancios s\u00e3o ent\u00e3o armazenados na nossa Biblioteca de An\u00fancios, dispon\u00edvel publicamente, onde qualquer pessoa pode acessar informa\u00e7\u00f5es sobre segmenta\u00e7\u00e3o e quanto foi gasto em cada an\u00fancio. Infelizmente, a TTPA introduz obriga\u00e7\u00f5es adicionais e significativas aos nossos processos e sistemas, criando um n\u00edvel insustent\u00e1vel de complexidade e incerteza jur\u00eddica para anunciantes e plataformas que atuam na UE. Por exemplo, a TTPA imp\u00f5e restri\u00e7\u00f5es extensas \u00e0 segmenta\u00e7\u00e3o e veicula\u00e7\u00e3o de an\u00fancios, limitando a forma como anunciantes de temas pol\u00edticos e sociais podem alcan\u00e7ar seus p\u00fablicos e fazendo com que as pessoas vejam an\u00fancios menos relevantes em nossas plataformas. Trata-se de mais uma amea\u00e7a aos princ\u00edpios da publicidade personalizada, desconsiderando os benef\u00edcios para os anunciantes e para as pessoas que desejam alcan\u00e7ar. Apesar do amplo di\u00e1logo com os legisladores para compartilhar essas preocupa\u00e7\u00f5es, fomos confrontados com uma escolha imposs\u00edvel: alterar nossos servi\u00e7os para oferecer um produto publicit\u00e1rio que n\u00e3o funciona para anunciantes nem para usu\u00e1rios, sem garantia de que nossa solu\u00e7\u00e3o seria considerada conforme, ou deixar de permitir an\u00fancios pol\u00edticos, eleitorais e sobre temas sociais na UE. N\u00e3o somos a \u00fanica empresa a ter sido colocada nessa situa\u00e7\u00e3o. Mais uma vez, estamos vendo obriga\u00e7\u00f5es regulat\u00f3rias que, na pr\u00e1tica, removem produtos e servi\u00e7os populares do mercado, reduzindo a diversidade e a concorr\u00eancia. Nossa decis\u00e3o \u00e9 espec\u00edfica para a UE. Em outras regi\u00f5es, continuaremos a oferecer nossas ferramentas l\u00edderes do setor, que garantem publicidade pol\u00edtica aut\u00eantica e transparente. Isso tamb\u00e9m n\u00e3o impedir\u00e1 que as pessoas na UE continuem a debater pol\u00edtica em nossos servi\u00e7os, nem que pol\u00edticos, candidatos e detentores de cargos p\u00fablicos produzam e compartilhem conte\u00fado pol\u00edtico de forma org\u00e2nica. Eles apenas n\u00e3o poder\u00e3o amplificar esse conte\u00fado por meio de publicidade paga. Acreditamos que an\u00fancios personalizados s\u00e3o fundamentais para uma ampla variedade de anunciantes, incluindo aqueles envolvidos em campanhas para informar os eleitores sobre importantes temas sociais que moldam o debate p\u00fablico. Regula\u00e7\u00f5es como a TTPA prejudicam significativamente nossa capacidade de oferecer esses servi\u00e7os, impactando n\u00e3o apenas a efic\u00e1cia do alcance dos anunciantes, mas tamb\u00e9m a capacidade dos eleitores de acessar informa\u00e7\u00f5es completas.","protected":false},"author":164097234,"featured_media":0,"comment_status":"closed","ping_status":"closed","sticky":false,"template":"","format":"standard","meta":{"_jetpack_memberships_contains_paid_content":false,"footnotes":""},"categories":[210824851],"tags":[],"class_list":["post-26541","post","type-post","status-publish","format-standard","hentry","category-homepage-hidden"],"yoast_head":"<!-- This site is optimized with the Yoast SEO plugin v27.2 - https:\/\/yoast.com\/product\/yoast-seo-wordpress\/ -->\n<title>Encerramento da publicidade pol\u00edtica, eleitoral e de temas sociais na UE em resposta \u00e0 nova regula\u00e7\u00e3o europeia | Sobre a Meta<\/title>\n<meta name=\"robots\" content=\"index, follow, max-snippet:-1, max-image-preview:large, max-video-preview:-1\" \/>\n<link rel=\"canonical\" href=\"https:\/\/about.fb.com\/br\/news\/2025\/07\/encerramento-da-publicidade-politica-eleitoral-e-de-questoes-sociais-na-ue-em-resposta-a-nova-regulacao-europeia\/\" \/>\n<meta property=\"og:locale\" content=\"pt_BR\" \/>\n<meta property=\"og:type\" content=\"article\" \/>\n<meta property=\"og:title\" content=\"Encerramento da publicidade pol\u00edtica, eleitoral e de temas sociais na UE em resposta \u00e0 nova regula\u00e7\u00e3o europeia | Sobre a Meta\" \/>\n<meta property=\"og:description\" content=\"A partir do in\u00edcio de outubro de 2025, deixaremos de permitir an\u00fancios pol\u00edticos, eleitorais e sobre temas sociais em nossas plataformas na Uni\u00e3o Europeia. Esta \u00e9 uma decis\u00e3o dif\u00edcil \u2013 tomada em resposta \u00e0 nova regula\u00e7\u00e3o da UE sobre Transpar\u00eancia e Segmenta\u00e7\u00e3o da Publicidade Pol\u00edtica (TTPA), que imp\u00f5e desafios operacionais significativos e incertezas jur\u00eddicas. Consequ\u00eancias n\u00e3o intencionais de uma regula\u00e7\u00e3o excessivamente onerosa Continuamos acreditando que a publicidade pol\u00edtica online \u00e9 uma parte essencial da pol\u00edtica moderna, conectando as pessoas a informa\u00e7\u00f5es importantes sobre os pol\u00edticos que as representam e garantindo que os candidatos tenham uma forma acess\u00edvel de alcan\u00e7ar seu p\u00fablico. \u00c9 por isso que a Meta foi al\u00e9m de muitos de seus pares \u2013 e muito al\u00e9m do que \u00e9 exigido por lei \u2013 para garantir que os an\u00fancios pol\u00edticos exibidos em nossas plataformas sejam aut\u00eanticos e que as informa\u00e7\u00f5es sobre eles sejam transparentes. Desde 2018, disponibilizamos ferramentas que oferecem mais transpar\u00eancia para an\u00fancios sobre pol\u00edtica, elei\u00e7\u00f5es e temas sociais do que qualquer outra plataforma, online ou offline, al\u00e9m de outras prote\u00e7\u00f5es abrangentes. Os anunciantes que veiculam esses an\u00fancios precisam passar por um processo de autoriza\u00e7\u00e3o, para comprovar quem s\u00e3o e onde vivem, e incluir a frase \u201cpago por\u201d nesses an\u00fancios. Esses an\u00fancios s\u00e3o ent\u00e3o armazenados na nossa Biblioteca de An\u00fancios, dispon\u00edvel publicamente, onde qualquer pessoa pode acessar informa\u00e7\u00f5es sobre segmenta\u00e7\u00e3o e quanto foi gasto em cada an\u00fancio. Infelizmente, a TTPA introduz obriga\u00e7\u00f5es adicionais e significativas aos nossos processos e sistemas, criando um n\u00edvel insustent\u00e1vel de complexidade e incerteza jur\u00eddica para anunciantes e plataformas que atuam na UE. Por exemplo, a TTPA imp\u00f5e restri\u00e7\u00f5es extensas \u00e0 segmenta\u00e7\u00e3o e veicula\u00e7\u00e3o de an\u00fancios, limitando a forma como anunciantes de temas pol\u00edticos e sociais podem alcan\u00e7ar seus p\u00fablicos e fazendo com que as pessoas vejam an\u00fancios menos relevantes em nossas plataformas. Trata-se de mais uma amea\u00e7a aos princ\u00edpios da publicidade personalizada, desconsiderando os benef\u00edcios para os anunciantes e para as pessoas que desejam alcan\u00e7ar. Apesar do amplo di\u00e1logo com os legisladores para compartilhar essas preocupa\u00e7\u00f5es, fomos confrontados com uma escolha imposs\u00edvel: alterar nossos servi\u00e7os para oferecer um produto publicit\u00e1rio que n\u00e3o funciona para anunciantes nem para usu\u00e1rios, sem garantia de que nossa solu\u00e7\u00e3o seria considerada conforme, ou deixar de permitir an\u00fancios pol\u00edticos, eleitorais e sobre temas sociais na UE. N\u00e3o somos a \u00fanica empresa a ter sido colocada nessa situa\u00e7\u00e3o. Mais uma vez, estamos vendo obriga\u00e7\u00f5es regulat\u00f3rias que, na pr\u00e1tica, removem produtos e servi\u00e7os populares do mercado, reduzindo a diversidade e a concorr\u00eancia. Nossa decis\u00e3o \u00e9 espec\u00edfica para a UE. Em outras regi\u00f5es, continuaremos a oferecer nossas ferramentas l\u00edderes do setor, que garantem publicidade pol\u00edtica aut\u00eantica e transparente. Isso tamb\u00e9m n\u00e3o impedir\u00e1 que as pessoas na UE continuem a debater pol\u00edtica em nossos servi\u00e7os, nem que pol\u00edticos, candidatos e detentores de cargos p\u00fablicos produzam e compartilhem conte\u00fado pol\u00edtico de forma org\u00e2nica. Eles apenas n\u00e3o poder\u00e3o amplificar esse conte\u00fado por meio de publicidade paga. Acreditamos que an\u00fancios personalizados s\u00e3o fundamentais para uma ampla variedade de anunciantes, incluindo aqueles envolvidos em campanhas para informar os eleitores sobre importantes temas sociais que moldam o debate p\u00fablico. Regula\u00e7\u00f5es como a TTPA prejudicam significativamente nossa capacidade de oferecer esses servi\u00e7os, impactando n\u00e3o apenas a efic\u00e1cia do alcance dos anunciantes, mas tamb\u00e9m a capacidade dos eleitores de acessar informa\u00e7\u00f5es completas.\" \/>\n<meta property=\"og:url\" content=\"https:\/\/about.fb.com\/br\/news\/2025\/07\/encerramento-da-publicidade-politica-eleitoral-e-de-questoes-sociais-na-ue-em-resposta-a-nova-regulacao-europeia\/\" \/>\n<meta property=\"og:site_name\" content=\"Sobre a Meta\" \/>\n<meta property=\"article:published_time\" content=\"2025-07-25T14:20:58+00:00\" \/>\n<meta property=\"article:modified_time\" content=\"2025-07-25T15:18:37+00:00\" \/>\n<meta property=\"og:image\" content=\"https:\/\/about.fb.com\/br\/wp-content\/uploads\/sites\/11\/2021\/10\/meta-social-16x9-1.jpg?resize=1024,576\" \/>\n\t<meta property=\"og:image:width\" content=\"1024\" \/>\n\t<meta property=\"og:image:height\" content=\"576\" \/>\n\t<meta property=\"og:image:type\" content=\"image\/jpeg\" \/>\n<meta name=\"author\" content=\"vivilusor\" \/>\n<meta name=\"twitter:card\" content=\"summary_large_image\" \/>\n<meta name=\"twitter:label1\" content=\"Written by\" \/>\n\t<meta name=\"twitter:data1\" content=\"Meta\" \/>\n\t<meta name=\"twitter:label2\" content=\"Est. reading time\" \/>\n\t<meta name=\"twitter:data2\" content=\"3 minutos\" \/>\n<script type=\"application\/ld+json\" class=\"yoast-schema-graph\">{\"@context\":\"https:\/\/schema.org\",\"@graph\":[{\"@type\":\"Article\",\"@id\":\"https:\/\/about.fb.com\/br\/news\/2025\/07\/encerramento-da-publicidade-politica-eleitoral-e-de-questoes-sociais-na-ue-em-resposta-a-nova-regulacao-europeia\/#article\",\"isPartOf\":{\"@id\":\"https:\/\/about.fb.com\/br\/news\/2025\/07\/encerramento-da-publicidade-politica-eleitoral-e-de-questoes-sociais-na-ue-em-resposta-a-nova-regulacao-europeia\/\"},\"author\":\"Facebook company\",\"headline\":\"Encerramento da publicidade pol\u00edtica, eleitoral e de temas sociais na UE em resposta \u00e0 nova regula\u00e7\u00e3o europeia\",\"datePublished\":\"2025-07-25T14:20:58+00:00\",\"dateModified\":\"2025-07-25T15:18:37+00:00\",\"mainEntityOfPage\":{\"@id\":\"https:\/\/about.fb.com\/br\/news\/2025\/07\/encerramento-da-publicidade-politica-eleitoral-e-de-questoes-sociais-na-ue-em-resposta-a-nova-regulacao-europeia\/\"},\"wordCount\":655,\"publisher\":{\"@id\":\"https:\/\/about.fb.com\/br\/#organization\"},\"articleSection\":[\"Homepage - Hidden\"],\"inLanguage\":\"pt-BR\"},{\"@type\":\"WebPage\",\"@id\":\"https:\/\/about.fb.com\/br\/news\/2025\/07\/encerramento-da-publicidade-politica-eleitoral-e-de-questoes-sociais-na-ue-em-resposta-a-nova-regulacao-europeia\/\",\"url\":\"https:\/\/about.fb.com\/br\/news\/2025\/07\/encerramento-da-publicidade-politica-eleitoral-e-de-questoes-sociais-na-ue-em-resposta-a-nova-regulacao-europeia\/\",\"name\":\"Encerramento da publicidade pol\u00edtica, eleitoral e de temas sociais na UE em resposta \u00e0 nova regula\u00e7\u00e3o europeia | Sobre a Meta\",\"isPartOf\":{\"@id\":\"https:\/\/about.fb.com\/br\/#website\"},\"datePublished\":\"2025-07-25T14:20:58+00:00\",\"dateModified\":\"2025-07-25T15:18:37+00:00\",\"breadcrumb\":{\"@id\":\"https:\/\/about.fb.com\/br\/news\/2025\/07\/encerramento-da-publicidade-politica-eleitoral-e-de-questoes-sociais-na-ue-em-resposta-a-nova-regulacao-europeia\/#breadcrumb\"},\"inLanguage\":\"pt-BR\",\"potentialAction\":[{\"@type\":\"ReadAction\",\"target\":[\"https:\/\/about.fb.com\/br\/news\/2025\/07\/encerramento-da-publicidade-politica-eleitoral-e-de-questoes-sociais-na-ue-em-resposta-a-nova-regulacao-europeia\/\"]}],\"author\":\"Sobre a Meta\"},{\"@type\":\"BreadcrumbList\",\"@id\":\"https:\/\/about.fb.com\/br\/news\/2025\/07\/encerramento-da-publicidade-politica-eleitoral-e-de-questoes-sociais-na-ue-em-resposta-a-nova-regulacao-europeia\/#breadcrumb\",\"itemListElement\":[{\"@type\":\"ListItem\",\"position\":1,\"name\":\"Home\",\"item\":\"https:\/\/about.fb.com\/br\/\"},{\"@type\":\"ListItem\",\"position\":2,\"name\":\"Encerramento da publicidade pol\u00edtica, eleitoral e de temas sociais na UE em resposta \u00e0 nova regula\u00e7\u00e3o europeia\"}]},{\"@type\":\"WebSite\",\"@id\":\"https:\/\/about.fb.com\/br\/#website\",\"url\":\"https:\/\/about.fb.com\/news\/\",\"name\":\"Sobre a Meta\",\"description\":\"\",\"publisher\":{\"@id\":\"https:\/\/about.fb.com\/br\/#organization\"},\"potentialAction\":[{\"@type\":\"SearchAction\",\"target\":{\"@type\":\"EntryPoint\",\"urlTemplate\":\"https:\/\/about.fb.com\/br\/?s={search_term_string}\"},\"query-input\":{\"@type\":\"PropertyValueSpecification\",\"valueRequired\":true,\"valueName\":\"search_term_string\"}}],\"inLanguage\":\"pt-BR\",\"alternateName\":[\"Meta Newsroom\",\"Meta\"]},{\"@type\":\"Organization\",\"@id\":\"https:\/\/about.fb.com\/br\/#organization\",\"name\":\"Meta\",\"url\":\"https:\/\/about.fb.com\/br\/\",\"logo\":{\"@type\":\"ImageObject\",\"inLanguage\":\"pt-BR\",\"@id\":\"https:\/\/about.fb.com\/br\/#\/schema\/logo\/image\/\",\"url\":\"https:\/\/about.fb.com\/br\/wp-content\/uploads\/sites\/11\/2021\/10\/meta-social-16x9-1.jpg?fit=8000%2C4500\",\"contentUrl\":\"https:\/\/about.fb.com\/br\/wp-content\/uploads\/sites\/11\/2021\/10\/meta-social-16x9-1.jpg?fit=8000%2C4500\",\"width\":8000,\"height\":4500,\"caption\":\"Meta\"},\"image\":{\"@id\":\"https:\/\/about.fb.com\/br\/#\/schema\/logo\/image\/\"}}]}<\/script>\n<!-- \/ Yoast SEO plugin. -->","yoast_head_json":{"title":"Encerramento da publicidade pol\u00edtica, eleitoral e de temas sociais na UE em resposta \u00e0 nova regula\u00e7\u00e3o europeia | Sobre a Meta","robots":{"index":"index","follow":"follow","max-snippet":"max-snippet:-1","max-image-preview":"max-image-preview:large","max-video-preview":"max-video-preview:-1"},"canonical":"https:\/\/about.fb.com\/br\/news\/2025\/07\/encerramento-da-publicidade-politica-eleitoral-e-de-questoes-sociais-na-ue-em-resposta-a-nova-regulacao-europeia\/","og_locale":"pt_BR","og_type":"article","og_title":"Encerramento da publicidade pol\u00edtica, eleitoral e de temas sociais na UE em resposta \u00e0 nova regula\u00e7\u00e3o europeia | Sobre a Meta","og_description":"A partir do in\u00edcio de outubro de 2025, deixaremos de permitir an\u00fancios pol\u00edticos, eleitorais e sobre temas sociais em nossas plataformas na Uni\u00e3o Europeia. Esta \u00e9 uma decis\u00e3o dif\u00edcil \u2013 tomada em resposta \u00e0 nova regula\u00e7\u00e3o da UE sobre Transpar\u00eancia e Segmenta\u00e7\u00e3o da Publicidade Pol\u00edtica (TTPA), que imp\u00f5e desafios operacionais significativos e incertezas jur\u00eddicas. Consequ\u00eancias n\u00e3o intencionais de uma regula\u00e7\u00e3o excessivamente onerosa Continuamos acreditando que a publicidade pol\u00edtica online \u00e9 uma parte essencial da pol\u00edtica moderna, conectando as pessoas a informa\u00e7\u00f5es importantes sobre os pol\u00edticos que as representam e garantindo que os candidatos tenham uma forma acess\u00edvel de alcan\u00e7ar seu p\u00fablico. \u00c9 por isso que a Meta foi al\u00e9m de muitos de seus pares \u2013 e muito al\u00e9m do que \u00e9 exigido por lei \u2013 para garantir que os an\u00fancios pol\u00edticos exibidos em nossas plataformas sejam aut\u00eanticos e que as informa\u00e7\u00f5es sobre eles sejam transparentes. Desde 2018, disponibilizamos ferramentas que oferecem mais transpar\u00eancia para an\u00fancios sobre pol\u00edtica, elei\u00e7\u00f5es e temas sociais do que qualquer outra plataforma, online ou offline, al\u00e9m de outras prote\u00e7\u00f5es abrangentes. Os anunciantes que veiculam esses an\u00fancios precisam passar por um processo de autoriza\u00e7\u00e3o, para comprovar quem s\u00e3o e onde vivem, e incluir a frase \u201cpago por\u201d nesses an\u00fancios. Esses an\u00fancios s\u00e3o ent\u00e3o armazenados na nossa Biblioteca de An\u00fancios, dispon\u00edvel publicamente, onde qualquer pessoa pode acessar informa\u00e7\u00f5es sobre segmenta\u00e7\u00e3o e quanto foi gasto em cada an\u00fancio. Infelizmente, a TTPA introduz obriga\u00e7\u00f5es adicionais e significativas aos nossos processos e sistemas, criando um n\u00edvel insustent\u00e1vel de complexidade e incerteza jur\u00eddica para anunciantes e plataformas que atuam na UE. Por exemplo, a TTPA imp\u00f5e restri\u00e7\u00f5es extensas \u00e0 segmenta\u00e7\u00e3o e veicula\u00e7\u00e3o de an\u00fancios, limitando a forma como anunciantes de temas pol\u00edticos e sociais podem alcan\u00e7ar seus p\u00fablicos e fazendo com que as pessoas vejam an\u00fancios menos relevantes em nossas plataformas. Trata-se de mais uma amea\u00e7a aos princ\u00edpios da publicidade personalizada, desconsiderando os benef\u00edcios para os anunciantes e para as pessoas que desejam alcan\u00e7ar. Apesar do amplo di\u00e1logo com os legisladores para compartilhar essas preocupa\u00e7\u00f5es, fomos confrontados com uma escolha imposs\u00edvel: alterar nossos servi\u00e7os para oferecer um produto publicit\u00e1rio que n\u00e3o funciona para anunciantes nem para usu\u00e1rios, sem garantia de que nossa solu\u00e7\u00e3o seria considerada conforme, ou deixar de permitir an\u00fancios pol\u00edticos, eleitorais e sobre temas sociais na UE. N\u00e3o somos a \u00fanica empresa a ter sido colocada nessa situa\u00e7\u00e3o. Mais uma vez, estamos vendo obriga\u00e7\u00f5es regulat\u00f3rias que, na pr\u00e1tica, removem produtos e servi\u00e7os populares do mercado, reduzindo a diversidade e a concorr\u00eancia. Nossa decis\u00e3o \u00e9 espec\u00edfica para a UE. Em outras regi\u00f5es, continuaremos a oferecer nossas ferramentas l\u00edderes do setor, que garantem publicidade pol\u00edtica aut\u00eantica e transparente. Isso tamb\u00e9m n\u00e3o impedir\u00e1 que as pessoas na UE continuem a debater pol\u00edtica em nossos servi\u00e7os, nem que pol\u00edticos, candidatos e detentores de cargos p\u00fablicos produzam e compartilhem conte\u00fado pol\u00edtico de forma org\u00e2nica. Eles apenas n\u00e3o poder\u00e3o amplificar esse conte\u00fado por meio de publicidade paga. Acreditamos que an\u00fancios personalizados s\u00e3o fundamentais para uma ampla variedade de anunciantes, incluindo aqueles envolvidos em campanhas para informar os eleitores sobre importantes temas sociais que moldam o debate p\u00fablico. Regula\u00e7\u00f5es como a TTPA prejudicam significativamente nossa capacidade de oferecer esses servi\u00e7os, impactando n\u00e3o apenas a efic\u00e1cia do alcance dos anunciantes, mas tamb\u00e9m a capacidade dos eleitores de acessar informa\u00e7\u00f5es completas.","og_url":"https:\/\/about.fb.com\/br\/news\/2025\/07\/encerramento-da-publicidade-politica-eleitoral-e-de-questoes-sociais-na-ue-em-resposta-a-nova-regulacao-europeia\/","og_site_name":"Sobre a Meta","article_published_time":"2025-07-25T14:20:58+00:00","article_modified_time":"2025-07-25T15:18:37+00:00","og_image":[{"width":1024,"height":576,"url":"https:\/\/about.fb.com\/br\/wp-content\/uploads\/sites\/11\/2021\/10\/meta-social-16x9-1.jpg?resize=1024,576","type":"image\/jpeg"}],"author":"vivilusor","twitter_card":"summary_large_image","twitter_misc":{"Written by":"Meta","Est. reading time":"3 minutos"},"schema":{"@context":"https:\/\/schema.org","@graph":[{"@type":"Article","@id":"https:\/\/about.fb.com\/br\/news\/2025\/07\/encerramento-da-publicidade-politica-eleitoral-e-de-questoes-sociais-na-ue-em-resposta-a-nova-regulacao-europeia\/#article","isPartOf":{"@id":"https:\/\/about.fb.com\/br\/news\/2025\/07\/encerramento-da-publicidade-politica-eleitoral-e-de-questoes-sociais-na-ue-em-resposta-a-nova-regulacao-europeia\/"},"author":"Facebook company","headline":"Encerramento da publicidade pol\u00edtica, eleitoral e de temas sociais na UE em resposta \u00e0 nova regula\u00e7\u00e3o europeia","datePublished":"2025-07-25T14:20:58+00:00","dateModified":"2025-07-25T15:18:37+00:00","mainEntityOfPage":{"@id":"https:\/\/about.fb.com\/br\/news\/2025\/07\/encerramento-da-publicidade-politica-eleitoral-e-de-questoes-sociais-na-ue-em-resposta-a-nova-regulacao-europeia\/"},"wordCount":655,"publisher":{"@id":"https:\/\/about.fb.com\/br\/#organization"},"articleSection":["Homepage - Hidden"],"inLanguage":"pt-BR"},{"@type":"WebPage","@id":"https:\/\/about.fb.com\/br\/news\/2025\/07\/encerramento-da-publicidade-politica-eleitoral-e-de-questoes-sociais-na-ue-em-resposta-a-nova-regulacao-europeia\/","url":"https:\/\/about.fb.com\/br\/news\/2025\/07\/encerramento-da-publicidade-politica-eleitoral-e-de-questoes-sociais-na-ue-em-resposta-a-nova-regulacao-europeia\/","name":"Encerramento da publicidade pol\u00edtica, eleitoral e de temas sociais na UE em resposta \u00e0 nova regula\u00e7\u00e3o europeia | Sobre a Meta","isPartOf":{"@id":"https:\/\/about.fb.com\/br\/#website"},"datePublished":"2025-07-25T14:20:58+00:00","dateModified":"2025-07-25T15:18:37+00:00","breadcrumb":{"@id":"https:\/\/about.fb.com\/br\/news\/2025\/07\/encerramento-da-publicidade-politica-eleitoral-e-de-questoes-sociais-na-ue-em-resposta-a-nova-regulacao-europeia\/#breadcrumb"},"inLanguage":"pt-BR","potentialAction":[{"@type":"ReadAction","target":["https:\/\/about.fb.com\/br\/news\/2025\/07\/encerramento-da-publicidade-politica-eleitoral-e-de-questoes-sociais-na-ue-em-resposta-a-nova-regulacao-europeia\/"]}],"author":"Sobre a Meta"},{"@type":"BreadcrumbList","@id":"https:\/\/about.fb.com\/br\/news\/2025\/07\/encerramento-da-publicidade-politica-eleitoral-e-de-questoes-sociais-na-ue-em-resposta-a-nova-regulacao-europeia\/#breadcrumb","itemListElement":[{"@type":"ListItem","position":1,"name":"Home","item":"https:\/\/about.fb.com\/br\/"},{"@type":"ListItem","position":2,"name":"Encerramento da publicidade pol\u00edtica, eleitoral e de temas sociais na UE em resposta \u00e0 nova regula\u00e7\u00e3o europeia"}]},{"@type":"WebSite","@id":"https:\/\/about.fb.com\/br\/#website","url":"https:\/\/about.fb.com\/news\/","name":"Sobre a Meta","description":"","publisher":{"@id":"https:\/\/about.fb.com\/br\/#organization"},"potentialAction":[{"@type":"SearchAction","target":{"@type":"EntryPoint","urlTemplate":"https:\/\/about.fb.com\/br\/?s={search_term_string}"},"query-input":{"@type":"PropertyValueSpecification","valueRequired":true,"valueName":"search_term_string"}}],"inLanguage":"pt-BR","alternateName":["Meta Newsroom","Meta"]},{"@type":"Organization","@id":"https:\/\/about.fb.com\/br\/#organization","name":"Meta","url":"https:\/\/about.fb.com\/br\/","logo":{"@type":"ImageObject","inLanguage":"pt-BR","@id":"https:\/\/about.fb.com\/br\/#\/schema\/logo\/image\/","url":"https:\/\/about.fb.com\/br\/wp-content\/uploads\/sites\/11\/2021\/10\/meta-social-16x9-1.jpg?fit=8000%2C4500","contentUrl":"https:\/\/about.fb.com\/br\/wp-content\/uploads\/sites\/11\/2021\/10\/meta-social-16x9-1.jpg?fit=8000%2C4500","width":8000,"height":4500,"caption":"Meta"},"image":{"@id":"https:\/\/about.fb.com\/br\/#\/schema\/logo\/image\/"}}]}},"jetpack_featured_media_url":"","jetpack-related-posts":[{"id":26774,"url":"https:\/\/about.fb.com\/br\/news\/2025\/10\/febraban-e-meta-se-unem-em-campanha-de-conscientizacao-contra-tentativas-de-golpes-online\/","url_meta":{"origin":26541,"position":0},"title":"Febraban e Meta se unem em campanha de conscientiza\u00e7\u00e3o contra tentativas de golpes online","author":"Meta","date":"22\/10\/2025","format":false,"excerpt":"Hoje estamos lan\u00e7ando a campanha \u201cDiga n\u00e3o aos golpes: Sua Seguran\u00e7a \u00e9 Coisa S\u00e9ria\u201d em parceria com a Febraban (Federa\u00e7\u00e3o Brasileira de Bancos),\u00a0 com o objetivo disseminar informa\u00e7\u00f5es \u00fateis de forma leve e acess\u00edvel para conscientizar o p\u00fablico sobre tentativas de golpes e fraudes online.\u00a0 A a\u00e7\u00e3o faz parte da\u2026","rel":"","context":"In &quot;Fortalecendo Comunidades&quot;","block_context":{"text":"Fortalecendo Comunidades","link":"https:\/\/about.fb.com\/br\/news\/category\/temas-home\/comunidades\/"},"img":{"alt_text":"","src":"https:\/\/about.fb.com\/br\/wp-content\/uploads\/sites\/11\/2025\/07\/Logo-Meta-1.jpg?fit=633%2C356&resize=350%2C200","width":350,"height":200,"srcset":"https:\/\/about.fb.com\/br\/wp-content\/uploads\/sites\/11\/2025\/07\/Logo-Meta-1.jpg?fit=633%2C356&resize=350%2C200 1x, https:\/\/about.fb.com\/br\/wp-content\/uploads\/sites\/11\/2025\/07\/Logo-Meta-1.jpg?fit=633%2C356&resize=525%2C300 1.5x"},"classes":[]},{"id":26734,"url":"https:\/\/about.fb.com\/br\/news\/2025\/10\/conteudo-da-conta-de-adolescente-sera-alinhado-a-classificacao-indicativa-de-13-anos\/","url_meta":{"origin":26541,"position":1},"title":"Contas de adolescentes no Instagram ser\u00e3o inspiradas pelas classifica\u00e7\u00f5es indicativas de filmes para maiores de 13 anos","author":"Meta","date":"14\/10\/2025","format":false,"excerpt":"Hoje, anunciamos que as contas do Instagram para adolescentes passar\u00e3o a ser orientadas, por padr\u00e3o, pelas classifica\u00e7\u00f5es de filmes para maiores de 13 anos. Isso significa que os adolescentes ver\u00e3o conte\u00fado no Instagram semelhante ao que veriam em um filme apropriado para sua idade. Adolescentes menores de 18 anos ser\u00e3o\u2026","rel":"","context":"In &quot;Fortalecendo Comunidades&quot;","block_context":{"text":"Fortalecendo Comunidades","link":"https:\/\/about.fb.com\/br\/news\/category\/temas-home\/comunidades\/"},"img":{"alt_text":"","src":"","width":0,"height":0},"classes":[]},{"id":26084,"url":"https:\/\/about.fb.com\/br\/news\/2025\/01\/mais-expressao-e-menos-erros\/","url_meta":{"origin":26541,"position":2},"title":"Mais express\u00e3o e menos erros","author":"Meta","date":"07\/01\/2025","format":false,"excerpt":"As plataformas da Meta s\u00e3o constru\u00eddas para serem lugares em que as pessoas podem se expressar livremente. Isso pode ser um pouco ca\u00f3tico. Em plataformas nas quais bilh\u00f5es de pessoas podem ter voz, tudo o que \u00e9 bom, ruim e feio est\u00e1 exposto. Mas isso \u00e9 a livre express\u00e3o.\u00a0 Em\u2026","rel":"","context":"In &quot;Recent News&quot;","block_context":{"text":"Recent News","link":"https:\/\/about.fb.com\/br\/news\/category\/recent-news\/"},"img":{"alt_text":"","src":"","width":0,"height":0},"classes":[]},{"id":27033,"url":"https:\/\/about.fb.com\/br\/news\/2026\/03\/tela-consciente-instagram-traz-novas-protecoes-de-conteudo-a-contas-de-adolescente-no-brasil\/","url_meta":{"origin":26541,"position":3},"title":"Tela Consciente: Instagram traz novas prote\u00e7\u00f5es de conte\u00fado a Contas de Adolescente no Brasil","author":"Meta","date":"24\/03\/2026","format":false,"excerpt":"Diante da variedade de aplicativos, sites e dispositivos que os adolescentes utilizam com as mais diversas finalidades, exercer a parentalidade no mundo digital de hoje em dia pode ser desafiador. Para aliviar a sobrecarga de m\u00e3es e pais \u2014 e dar a eles a tranquilidade de que seus filhos adolescentes\u2026","rel":"","context":"In &quot;Recent News&quot;","block_context":{"text":"Recent News","link":"https:\/\/about.fb.com\/br\/news\/category\/recent-news\/"},"img":{"alt_text":"","src":"https:\/\/about.fb.com\/br\/wp-content\/uploads\/sites\/11\/2025\/07\/Logo-Meta-1.jpg?fit=633%2C356&resize=350%2C200","width":350,"height":200,"srcset":"https:\/\/about.fb.com\/br\/wp-content\/uploads\/sites\/11\/2025\/07\/Logo-Meta-1.jpg?fit=633%2C356&resize=350%2C200 1x, https:\/\/about.fb.com\/br\/wp-content\/uploads\/sites\/11\/2025\/07\/Logo-Meta-1.jpg?fit=633%2C356&resize=525%2C300 1.5x"},"classes":[]},{"id":26834,"url":"https:\/\/about.fb.com\/br\/news\/2025\/12\/golpes-sao-ruins-para-os-negocios-nossos-esforcos-continuos-para-combater-fraudes\/","url_meta":{"origin":26541,"position":4},"title":"Golpes S\u00e3o Ruins para os Neg\u00f3cios: Nossos esfor\u00e7os cont\u00ednuos para combater fraudes","author":"Meta","date":"03\/12\/2025","format":false,"excerpt":"O aumento dos golpes est\u00e1 ocorrendo em toda a internet \u2014 desde aplicativos de namoro e jogos online, at\u00e9 plataformas de criptomoedas e mensagens de texto. Ningu\u00e9m gosta disso. Nem as pessoas que utilizam nossos servi\u00e7os. Nem os anunciantes. E certamente nem n\u00f3s. Os criminosos sofisticados por tr\u00e1s dos golpes\u2026","rel":"","context":"In &quot;Fortalecendo Comunidades&quot;","block_context":{"text":"Fortalecendo Comunidades","link":"https:\/\/about.fb.com\/br\/news\/category\/temas-home\/comunidades\/"},"img":{"alt_text":"","src":"https:\/\/about.fb.com\/br\/wp-content\/uploads\/sites\/11\/2025\/12\/GASA-Scams-Work_Header.jpg?fit=1920%2C1080&resize=350%2C200","width":350,"height":200,"srcset":"https:\/\/about.fb.com\/br\/wp-content\/uploads\/sites\/11\/2025\/12\/GASA-Scams-Work_Header.jpg?fit=1920%2C1080&resize=350%2C200 1x, https:\/\/about.fb.com\/br\/wp-content\/uploads\/sites\/11\/2025\/12\/GASA-Scams-Work_Header.jpg?fit=1920%2C1080&resize=525%2C300 1.5x, https:\/\/about.fb.com\/br\/wp-content\/uploads\/sites\/11\/2025\/12\/GASA-Scams-Work_Header.jpg?fit=1920%2C1080&resize=700%2C400 2x, https:\/\/about.fb.com\/br\/wp-content\/uploads\/sites\/11\/2025\/12\/GASA-Scams-Work_Header.jpg?fit=1920%2C1080&resize=1050%2C600 3x, https:\/\/about.fb.com\/br\/wp-content\/uploads\/sites\/11\/2025\/12\/GASA-Scams-Work_Header.jpg?fit=1920%2C1080&resize=1400%2C800 4x"},"classes":[]},{"id":26214,"url":"https:\/\/about.fb.com\/br\/news\/2025\/03\/26214\/","url_meta":{"origin":26541,"position":5},"title":"Iniciando os testes para Notas da Comunidade no Facebook, Instagram e Threads","author":"Meta","date":"13\/03\/2025","format":false,"excerpt":"Em janeiro, a Meta anunciou que encerrar\u00e1 o programa com organiza\u00e7\u00f5es independentes de verifica\u00e7\u00e3o de fatos e passar\u00e1 a adotar um sistema de Notas da Comunidade baseado em colabora\u00e7\u00e3o coletiva, come\u00e7ando nos Estados Unidos. A partir de 18 de mar\u00e7o, vamos come\u00e7ar a testar essa nova abordagem, permitindo que os\u2026","rel":"","context":"In &quot;Recent News&quot;","block_context":{"text":"Recent News","link":"https:\/\/about.fb.com\/br\/news\/category\/recent-news\/"},"img":{"alt_text":"","src":"https:\/\/about.fb.com\/br\/wp-content\/uploads\/sites\/11\/2025\/03\/03_Rating_Carousel-030.jpg?resize=350%2C200","width":350,"height":200,"srcset":"https:\/\/about.fb.com\/br\/wp-content\/uploads\/sites\/11\/2025\/03\/03_Rating_Carousel-030.jpg?resize=350%2C200 1x, https:\/\/about.fb.com\/br\/wp-content\/uploads\/sites\/11\/2025\/03\/03_Rating_Carousel-030.jpg?resize=525%2C300 1.5x, https:\/\/about.fb.com\/br\/wp-content\/uploads\/sites\/11\/2025\/03\/03_Rating_Carousel-030.jpg?resize=700%2C400 2x, https:\/\/about.fb.com\/br\/wp-content\/uploads\/sites\/11\/2025\/03\/03_Rating_Carousel-030.jpg?resize=1050%2C600 3x, https:\/\/about.fb.com\/br\/wp-content\/uploads\/sites\/11\/2025\/03\/03_Rating_Carousel-030.jpg?resize=1400%2C800 4x"},"classes":[]}],"jetpack_sharing_enabled":true,"amp_enabled":true,"_links":{"self":[{"href":"https:\/\/about.fb.com\/br\/wp-json\/wp\/v2\/posts\/26541","targetHints":{"allow":["GET"]}}],"collection":[{"href":"https:\/\/about.fb.com\/br\/wp-json\/wp\/v2\/posts"}],"about":[{"href":"https:\/\/about.fb.com\/br\/wp-json\/wp\/v2\/types\/post"}],"author":[{"embeddable":true,"href":"https:\/\/about.fb.com\/br\/wp-json\/wp\/v2\/users\/164097234"}],"replies":[{"embeddable":true,"href":"https:\/\/about.fb.com\/br\/wp-json\/wp\/v2\/comments?post=26541"}],"version-history":[{"count":3,"href":"https:\/\/about.fb.com\/br\/wp-json\/wp\/v2\/posts\/26541\/revisions"}],"predecessor-version":[{"id":26544,"href":"https:\/\/about.fb.com\/br\/wp-json\/wp\/v2\/posts\/26541\/revisions\/26544"}],"wp:attachment":[{"href":"https:\/\/about.fb.com\/br\/wp-json\/wp\/v2\/media?parent=26541"}],"wp:term":[{"taxonomy":"category","embeddable":true,"href":"https:\/\/about.fb.com\/br\/wp-json\/wp\/v2\/categories?post=26541"},{"taxonomy":"post_tag","embeddable":true,"href":"https:\/\/about.fb.com\/br\/wp-json\/wp\/v2\/tags?post=26541"}],"curies":[{"name":"wp","href":"https:\/\/api.w.org\/{rel}","templated":true}]}}