{"id":26538,"date":"2025-07-23T08:50:25","date_gmt":"2025-07-23T11:50:25","guid":{"rendered":"https:\/\/about.fb.com\/br\/?p=26538"},"modified":"2025-07-30T16:07:18","modified_gmt":"2025-07-30T19:07:18","slug":"expandindo-as-protecoes-da-conta-de-adolescente-e-recursos-de-seguranca-infantil","status":"publish","type":"post","link":"https:\/\/about.fb.com\/br\/news\/2025\/07\/expandindo-as-protecoes-da-conta-de-adolescente-e-recursos-de-seguranca-infantil\/","title":{"rendered":"Expandindo as prote\u00e7\u00f5es da Conta de Adolescente e recursos de seguran\u00e7a para menores"},"content":{"rendered":"<p><span style=\"font-weight: 400\">Na Meta, trabalhamos para proteger os jovens contra danos diretos e indiretos. Nossos esfor\u00e7os v\u00e3o desde as <\/span><a href=\"https:\/\/about.fb.com\/br\/news\/2025\/02\/introduzindo-conta-de-adolescente-no-brasil\/\"><span style=\"font-weight: 400\">Contas de Adolescente<\/span><\/a><span style=\"font-weight: 400\">, desenvolvidas para proporcionar aos adolescentes experi\u00eancias adequadas \u00e0 sua idade e evitar contatos indesejados, at\u00e9 nossa sofisticada tecnologia que identifica e remove conte\u00fado de explora\u00e7\u00e3o. Hoje, estamos anunciando uma s\u00e9rie de atualiza\u00e7\u00f5es para ampliar esses esfor\u00e7os e compartilhando novos dados sobre o impacto de nossas ferramentas de seguran\u00e7a mais recentes.<\/span><\/p>\n<h4><b>Protegendo os adolescentes de contatos potencialmente inseguros ou indesejados<\/b><\/h4>\n<p><span style=\"font-weight: 400\">Adicionamos novos recursos de seguran\u00e7a \u00e0s mensagens diretas nas Contas de Adolescente para dar aos jovens mais contexto sobre as contas com as quais est\u00e3o trocando mensagens e ajud\u00e1-los a identificar poss\u00edveis golpistas. Agora, os adolescentes tamb\u00e9m encontrar\u00e3o novas op\u00e7\u00f5es para visualizar dicas de seguran\u00e7a e bloquear uma conta, al\u00e9m de informa\u00e7\u00f5es como o m\u00eas e o ano em que a conta foi criada no Instagram, exibidas em destaque na parte superior das novas conversas.<\/span><\/p>\n<p><span style=\"font-weight: 400\">Lan\u00e7amos tamb\u00e9m uma nova op\u00e7\u00e3o de bloqueio e den\u00fancia nas mensagens diretas, para que as pessoas possam realizar as duas a\u00e7\u00f5es ao mesmo tempo. Embora sempre tenhamos incentivado as pessoas a bloquear e denunciar, a nova op\u00e7\u00e3o combinada tornar\u00e1 esse processo mais f\u00e1cil e ajudar\u00e1 a garantir que as contas de poss\u00edveis violadores de nossas pol\u00edticas sejam denunciadas para que possamos analis\u00e1-las e tomar as medidas necess\u00e1rias.<\/span><\/p>\n<p><span style=\"font-weight: 400\">Esses novos recursos complementam os avisos de seguran\u00e7a que mostramos para lembrar as pessoas a serem cautelosas ao usar as mensagens privadas e a bloquear e denunciar qualquer situa\u00e7\u00e3o que as deixe desconfort\u00e1veis &#8211; e estamos satisfeitos em ver os adolescentes respondendo a eles. Somente em junho, 1 milh\u00e3o de contas foram bloqueadas e 1 milh\u00e3o foram denunciadas ap\u00f3s a visualiza\u00e7\u00e3o de um aviso de seguran\u00e7a pela outra parte.\u00a0<\/span><\/p>\n<p><span style=\"font-weight: 400\">Em junho, os adolescentes tamb\u00e9m visualizaram nosso novo <\/span><a href=\"https:\/\/about.fb.com\/news\/2024\/10\/instagram-campaign-protect-teens-sextortion-scams\/\"><span style=\"font-weight: 400\">Aviso de Localiza\u00e7\u00e3o no Instagram<\/span><\/a><span style=\"font-weight: 400\"> 1 milh\u00e3o de vezes, sendo que 1 em cada 10 clicou no aviso para saber mais sobre as medidas que poderiam tomar. Esse aviso permite que as pessoas saibam quando est\u00e3o conversando com algu\u00e9m que pode estar em um pa\u00eds diferente e foi criado para ajudar a proteger as pessoas de poss\u00edveis golpistas de sextors\u00e3o que, muitas vezes, mentem sobre o local onde moram.\u00a0<\/span><\/p>\n<p><span style=\"font-weight: 400\">Desde que lan\u00e7amos globalmente nosso <\/span><a href=\"https:\/\/about.fb.com\/news\/2024\/04\/new-tools-to-help-protect-against-sextortion-and-intimate-image-abuse\/\"><span style=\"font-weight: 400\">recurso de prote\u00e7\u00e3o contra nudez<\/span><\/a><span style=\"font-weight: 400\">, 99% das pessoas, inclusive adolescentes, o mantiveram ativado e, em junho, mais de 40% das imagens borradas recebidas em mensagens diretas permaneceram borradas, reduzindo significativamente a exposi\u00e7\u00e3o \u00e0 nudez indesejada. A prote\u00e7\u00e3o contra nudez, <\/span><a href=\"https:\/\/about.fb.com\/br\/news\/2025\/04\/conta-de-adolescente-no-instagram-tera-novas-restricoes-e-chega-ao-facebook-e-o-messenger\/\"><span style=\"font-weight: 400\">ativada por padr\u00e3o para adolescentes<\/span><\/a><span style=\"font-weight: 400\">, tamb\u00e9m incentiva as pessoas a pensar duas vezes antes de encaminhar imagens suspeitas de nudez. Em maio, as pessoas optaram por n\u00e3o encaminhar as imagens em cerca de 45% das vezes ap\u00f3s ver esse aviso.<\/span><\/p>\n<h4><b>Prote\u00e7\u00e3o refor\u00e7ada para contas gerenciadas por adultos que representam crian\u00e7as\u00a0<\/b><\/h4>\n<p><span style=\"font-weight: 400\">Tamb\u00e9m estamos refor\u00e7ando nossas prote\u00e7\u00f5es para contas administradas por adultos que representam principalmente crian\u00e7as. Isso inclui adultos que compartilham regularmente fotos e v\u00eddeos de seus filhos e adultos &#8211; por exemplo, pais ou gerentes de talentos &#8211; que administram contas que representam adolescentes ou crian\u00e7as menores de 13 anos. Embora seja preciso ter pelo menos 13 anos para usar o Instagram, <\/span><a href=\"https:\/\/help.instagram.com\/517920941588885?helpref=faq_content\"><span style=\"font-weight: 400\">permitimos<\/span><\/a><span style=\"font-weight: 400\"> que adultos administrem contas que representem crian\u00e7as menores de 13 anos desde que esteja indicado na bio da conta que a conta \u00e9 gerenciada por maiores. Se tomarmos conhecimento de que a conta est\u00e1 sendo administrada pela pr\u00f3pria crian\u00e7a, ela ser\u00e1 removida.<\/span><\/p>\n<p><span style=\"font-weight: 400\">Embora essas contas sejam, em sua maioria, usadas de forma adequada, infelizmente h\u00e1 pessoas que podem tentar se aproveitar delas, deixando coment\u00e1rios de cunho sexual em suas publica\u00e7\u00f5es ou solicitando imagens \u00edntimas nas mensagens diretas, em uma clara viola\u00e7\u00e3o de nossas <\/span><a href=\"https:\/\/transparency.meta.com\/en-gb\/policies\/community-standards\/child-sexual-exploitation-abuse-nudity\/\"><span style=\"font-weight: 400\">regras<\/span><\/a><span style=\"font-weight: 400\">. Hoje estamos anunciando medidas para ajudar a evitar esse abuso.<\/span><\/p>\n<p><span style=\"font-weight: 400\">Primeiramente, estamos estendendo algumas <\/span><a href=\"https:\/\/about.fb.com\/br\/news\/2025\/02\/introduzindo-conta-de-adolescente-no-brasil\/\"><span style=\"font-weight: 400\">prote\u00e7\u00f5es da Conta de Adolescente<\/span><\/a><span style=\"font-weight: 400\"> para contas gerenciadas por adultos que representem principalmente crian\u00e7as. Isso inclui colocar automaticamente essas contas em nossas configura\u00e7\u00f5es de mensagens mais r\u00edgidas para evitar mensagens indesejadas e ativar o recurso Palavras Ocultas, que filtra coment\u00e1rios ofensivos. Mostraremos a essas contas uma notifica\u00e7\u00e3o na parte superior de seu Feed do Instagram, informando que atualizamos suas configura\u00e7\u00f5es de seguran\u00e7a e solicitando que elas tamb\u00e9m revisem as configura\u00e7\u00f5es de privacidade de suas contas. Essas altera\u00e7\u00f5es ser\u00e3o implementadas nos pr\u00f3ximos meses.<\/span><\/p>\n<p><span style=\"font-weight: 400\">Tamb\u00e9m queremos evitar que adultos potencialmente suspeitos, por exemplo, adultos que tenham sido bloqueados por adolescentes, encontrem essas contas. Evitaremos recomend\u00e1-las a adultos potencialmente suspeitos e vice-versa; tornaremos mais dif\u00edcil que elas se encontrem na Busca e ocultaremos coment\u00e1rios de adultos potencialmente suspeitos em suas publica\u00e7\u00f5es. Isso se baseia na <\/span><a href=\"https:\/\/help.instagram.com\/478012211024479\"><span style=\"font-weight: 400\">atualiza\u00e7\u00e3o<\/span><\/a><span style=\"font-weight: 400\"> do ano passado para impedir que contas que representam principalmente crian\u00e7as ofere\u00e7am assinaturas ou recebam presentes.<\/span><\/p>\n<h4><b>Tomando medidas contra contas nocivas em toda a Internet<\/b><\/h4>\n<p><span style=\"font-weight: 400\">Al\u00e9m dessas novas prote\u00e7\u00f5es, tamb\u00e9m continuamos a tomar medidas agressivas contra contas que violam nossas regras. No in\u00edcio deste ano, nossas equipes de especialistas removeram quase 135.000 contas do Instagram por deixarem coment\u00e1rios de cunho sexual ou solicitarem imagens \u00edntimas de contas gerenciadas por adultos com crian\u00e7as menores de 13 anos representadas. Tamb\u00e9m removemos mais 500.000 contas do Facebook e do Instagram que estavam vinculadas a essas contas originais. Informamos \u00e0s pessoas que removemos uma conta que havia interagido de forma inadequada com seu conte\u00fado, incentivando-as a serem cautelosas, bloquearem e denunciarem.<\/span><\/p>\n<p><span style=\"font-weight: 400\">Pessoas que visam explorar crian\u00e7as n\u00e3o se restringem a uma \u00fanica plataforma, e \u00e9 por isso que tamb\u00e9m compartilhamos informa\u00e7\u00f5es sobre essas contas com outras empresas de tecnologia por meio do programa <\/span><a href=\"https:\/\/about.fb.com\/news\/2023\/11\/lantern-program-protecting-children-online\/\"><span style=\"font-weight: 400\">Lantern da Tech Coalition<\/span><\/a><span style=\"font-weight: 400\">.<\/span><\/p>\n","protected":false},"excerpt":{"rendered":"Na Meta, trabalhamos para proteger os jovens contra danos diretos e indiretos. Nossos esfor\u00e7os v\u00e3o desde as Contas de Adolescente, desenvolvidas para proporcionar aos adolescentes experi\u00eancias adequadas \u00e0 sua idade e evitar contatos indesejados, at\u00e9 nossa sofisticada tecnologia que identifica e remove conte\u00fado de explora\u00e7\u00e3o. Hoje, estamos anunciando uma s\u00e9rie de atualiza\u00e7\u00f5es para ampliar esses esfor\u00e7os e compartilhando novos dados sobre o impacto de nossas ferramentas de seguran\u00e7a mais recentes. Protegendo os adolescentes de contatos potencialmente inseguros ou indesejados Adicionamos novos recursos de seguran\u00e7a \u00e0s mensagens diretas nas Contas de Adolescente para dar aos jovens mais contexto sobre as contas com as quais est\u00e3o trocando mensagens e ajud\u00e1-los a identificar poss\u00edveis golpistas. Agora, os adolescentes tamb\u00e9m encontrar\u00e3o novas op\u00e7\u00f5es para visualizar dicas de seguran\u00e7a e bloquear uma conta, al\u00e9m de informa\u00e7\u00f5es como o m\u00eas e o ano em que a conta foi criada no Instagram, exibidas em destaque na parte superior das novas conversas. Lan\u00e7amos tamb\u00e9m uma nova op\u00e7\u00e3o de bloqueio e den\u00fancia nas mensagens diretas, para que as pessoas possam realizar as duas a\u00e7\u00f5es ao mesmo tempo. Embora sempre tenhamos incentivado as pessoas a bloquear e denunciar, a nova op\u00e7\u00e3o combinada tornar\u00e1 esse processo mais f\u00e1cil e ajudar\u00e1 a garantir que as contas de poss\u00edveis violadores de nossas pol\u00edticas sejam denunciadas para que possamos analis\u00e1-las e tomar as medidas necess\u00e1rias. Esses novos recursos complementam os avisos de seguran\u00e7a que mostramos para lembrar as pessoas a serem cautelosas ao usar as mensagens privadas e a bloquear e denunciar qualquer situa\u00e7\u00e3o que as deixe desconfort\u00e1veis &#8211; e estamos satisfeitos em ver os adolescentes respondendo a eles. Somente em junho, 1 milh\u00e3o de contas foram bloqueadas e 1 milh\u00e3o foram denunciadas ap\u00f3s a visualiza\u00e7\u00e3o de um aviso de seguran\u00e7a pela outra parte.\u00a0 Em junho, os adolescentes tamb\u00e9m visualizaram nosso novo Aviso de Localiza\u00e7\u00e3o no Instagram 1 milh\u00e3o de vezes, sendo que 1 em cada 10 clicou no aviso para saber mais sobre as medidas que poderiam tomar. Esse aviso permite que as pessoas saibam quando est\u00e3o conversando com algu\u00e9m que pode estar em um pa\u00eds diferente e foi criado para ajudar a proteger as pessoas de poss\u00edveis golpistas de sextors\u00e3o que, muitas vezes, mentem sobre o local onde moram.\u00a0 Desde que lan\u00e7amos globalmente nosso recurso de prote\u00e7\u00e3o contra nudez, 99% das pessoas, inclusive adolescentes, o mantiveram ativado e, em junho, mais de 40% das imagens borradas recebidas em mensagens diretas permaneceram borradas, reduzindo significativamente a exposi\u00e7\u00e3o \u00e0 nudez indesejada. A prote\u00e7\u00e3o contra nudez, ativada por padr\u00e3o para adolescentes, tamb\u00e9m incentiva as pessoas a pensar duas vezes antes de encaminhar imagens suspeitas de nudez. Em maio, as pessoas optaram por n\u00e3o encaminhar as imagens em cerca de 45% das vezes ap\u00f3s ver esse aviso. Prote\u00e7\u00e3o refor\u00e7ada para contas gerenciadas por adultos que representam crian\u00e7as\u00a0 Tamb\u00e9m estamos refor\u00e7ando nossas prote\u00e7\u00f5es para contas administradas por adultos que representam principalmente crian\u00e7as. Isso inclui adultos que compartilham regularmente fotos e v\u00eddeos de seus filhos e adultos &#8211; por exemplo, pais ou gerentes de talentos &#8211; que administram contas que representam adolescentes ou crian\u00e7as menores de 13 anos. Embora seja preciso ter pelo menos 13 anos para usar o Instagram, permitimos que adultos administrem contas que representem crian\u00e7as menores de 13 anos desde que esteja indicado na bio da conta que a conta \u00e9 gerenciada por maiores. Se tomarmos conhecimento de que a conta est\u00e1 sendo administrada pela pr\u00f3pria crian\u00e7a, ela ser\u00e1 removida. Embora essas contas sejam, em sua maioria, usadas de forma adequada, infelizmente h\u00e1 pessoas que podem tentar se aproveitar delas, deixando coment\u00e1rios de cunho sexual em suas publica\u00e7\u00f5es ou solicitando imagens \u00edntimas nas mensagens diretas, em uma clara viola\u00e7\u00e3o de nossas regras. Hoje estamos anunciando medidas para ajudar a evitar esse abuso. Primeiramente, estamos estendendo algumas prote\u00e7\u00f5es da Conta de Adolescente para contas gerenciadas por adultos que representem principalmente crian\u00e7as. Isso inclui colocar automaticamente essas contas em nossas configura\u00e7\u00f5es de mensagens mais r\u00edgidas para evitar mensagens indesejadas e ativar o recurso Palavras Ocultas, que filtra coment\u00e1rios ofensivos. Mostraremos a essas contas uma notifica\u00e7\u00e3o na parte superior de seu Feed do Instagram, informando que atualizamos suas configura\u00e7\u00f5es de seguran\u00e7a e solicitando que elas tamb\u00e9m revisem as configura\u00e7\u00f5es de privacidade de suas contas. Essas altera\u00e7\u00f5es ser\u00e3o implementadas nos pr\u00f3ximos meses. Tamb\u00e9m queremos evitar que adultos potencialmente suspeitos, por exemplo, adultos que tenham sido bloqueados por adolescentes, encontrem essas contas. Evitaremos recomend\u00e1-las a adultos potencialmente suspeitos e vice-versa; tornaremos mais dif\u00edcil que elas se encontrem na Busca e ocultaremos coment\u00e1rios de adultos potencialmente suspeitos em suas publica\u00e7\u00f5es. Isso se baseia na atualiza\u00e7\u00e3o do ano passado para impedir que contas que representam principalmente crian\u00e7as ofere\u00e7am assinaturas ou recebam presentes. Tomando medidas contra contas nocivas em toda a Internet Al\u00e9m dessas novas prote\u00e7\u00f5es, tamb\u00e9m continuamos a tomar medidas agressivas contra contas que violam nossas regras. No in\u00edcio deste ano, nossas equipes de especialistas removeram quase 135.000 contas do Instagram por deixarem coment\u00e1rios de cunho sexual ou solicitarem imagens \u00edntimas de contas gerenciadas por adultos com crian\u00e7as menores de 13 anos representadas. Tamb\u00e9m removemos mais 500.000 contas do Facebook e do Instagram que estavam vinculadas a essas contas originais. Informamos \u00e0s pessoas que removemos uma conta que havia interagido de forma inadequada com seu conte\u00fado, incentivando-as a serem cautelosas, bloquearem e denunciarem. Pessoas que visam explorar crian\u00e7as n\u00e3o se restringem a uma \u00fanica plataforma, e \u00e9 por isso que tamb\u00e9m compartilhamos informa\u00e7\u00f5es sobre essas contas com outras empresas de tecnologia por meio do programa Lantern da Tech Coalition.","protected":false},"author":164097234,"featured_media":26557,"comment_status":"closed","ping_status":"closed","sticky":false,"template":"","format":"standard","meta":{"_jetpack_memberships_contains_paid_content":false,"footnotes":""},"categories":[1],"tags":[],"class_list":["post-26538","post","type-post","status-publish","format-standard","has-post-thumbnail","hentry","category-recent-news"],"yoast_head":"<!-- This site is optimized with the Yoast SEO plugin v27.2 - https:\/\/yoast.com\/product\/yoast-seo-wordpress\/ -->\n<title>Expandindo as prote\u00e7\u00f5es da Conta de Adolescente e recursos de seguran\u00e7a para menores | Sobre a Meta<\/title>\n<meta name=\"robots\" content=\"index, follow, max-snippet:-1, max-image-preview:large, max-video-preview:-1\" \/>\n<link rel=\"canonical\" href=\"https:\/\/about.fb.com\/br\/news\/2025\/07\/expandindo-as-protecoes-da-conta-de-adolescente-e-recursos-de-seguranca-infantil\/\" \/>\n<meta property=\"og:locale\" content=\"pt_BR\" \/>\n<meta property=\"og:type\" content=\"article\" \/>\n<meta property=\"og:title\" content=\"Expandindo as prote\u00e7\u00f5es da Conta de Adolescente e recursos de seguran\u00e7a para menores | Sobre a Meta\" \/>\n<meta property=\"og:description\" content=\"Na Meta, trabalhamos para proteger os jovens contra danos diretos e indiretos. Nossos esfor\u00e7os v\u00e3o desde as Contas de Adolescente, desenvolvidas para proporcionar aos adolescentes experi\u00eancias adequadas \u00e0 sua idade e evitar contatos indesejados, at\u00e9 nossa sofisticada tecnologia que identifica e remove conte\u00fado de explora\u00e7\u00e3o. Hoje, estamos anunciando uma s\u00e9rie de atualiza\u00e7\u00f5es para ampliar esses esfor\u00e7os e compartilhando novos dados sobre o impacto de nossas ferramentas de seguran\u00e7a mais recentes. Protegendo os adolescentes de contatos potencialmente inseguros ou indesejados Adicionamos novos recursos de seguran\u00e7a \u00e0s mensagens diretas nas Contas de Adolescente para dar aos jovens mais contexto sobre as contas com as quais est\u00e3o trocando mensagens e ajud\u00e1-los a identificar poss\u00edveis golpistas. Agora, os adolescentes tamb\u00e9m encontrar\u00e3o novas op\u00e7\u00f5es para visualizar dicas de seguran\u00e7a e bloquear uma conta, al\u00e9m de informa\u00e7\u00f5es como o m\u00eas e o ano em que a conta foi criada no Instagram, exibidas em destaque na parte superior das novas conversas. Lan\u00e7amos tamb\u00e9m uma nova op\u00e7\u00e3o de bloqueio e den\u00fancia nas mensagens diretas, para que as pessoas possam realizar as duas a\u00e7\u00f5es ao mesmo tempo. Embora sempre tenhamos incentivado as pessoas a bloquear e denunciar, a nova op\u00e7\u00e3o combinada tornar\u00e1 esse processo mais f\u00e1cil e ajudar\u00e1 a garantir que as contas de poss\u00edveis violadores de nossas pol\u00edticas sejam denunciadas para que possamos analis\u00e1-las e tomar as medidas necess\u00e1rias. Esses novos recursos complementam os avisos de seguran\u00e7a que mostramos para lembrar as pessoas a serem cautelosas ao usar as mensagens privadas e a bloquear e denunciar qualquer situa\u00e7\u00e3o que as deixe desconfort\u00e1veis &#8211; e estamos satisfeitos em ver os adolescentes respondendo a eles. Somente em junho, 1 milh\u00e3o de contas foram bloqueadas e 1 milh\u00e3o foram denunciadas ap\u00f3s a visualiza\u00e7\u00e3o de um aviso de seguran\u00e7a pela outra parte.\u00a0 Em junho, os adolescentes tamb\u00e9m visualizaram nosso novo Aviso de Localiza\u00e7\u00e3o no Instagram 1 milh\u00e3o de vezes, sendo que 1 em cada 10 clicou no aviso para saber mais sobre as medidas que poderiam tomar. Esse aviso permite que as pessoas saibam quando est\u00e3o conversando com algu\u00e9m que pode estar em um pa\u00eds diferente e foi criado para ajudar a proteger as pessoas de poss\u00edveis golpistas de sextors\u00e3o que, muitas vezes, mentem sobre o local onde moram.\u00a0 Desde que lan\u00e7amos globalmente nosso recurso de prote\u00e7\u00e3o contra nudez, 99% das pessoas, inclusive adolescentes, o mantiveram ativado e, em junho, mais de 40% das imagens borradas recebidas em mensagens diretas permaneceram borradas, reduzindo significativamente a exposi\u00e7\u00e3o \u00e0 nudez indesejada. A prote\u00e7\u00e3o contra nudez, ativada por padr\u00e3o para adolescentes, tamb\u00e9m incentiva as pessoas a pensar duas vezes antes de encaminhar imagens suspeitas de nudez. Em maio, as pessoas optaram por n\u00e3o encaminhar as imagens em cerca de 45% das vezes ap\u00f3s ver esse aviso. Prote\u00e7\u00e3o refor\u00e7ada para contas gerenciadas por adultos que representam crian\u00e7as\u00a0 Tamb\u00e9m estamos refor\u00e7ando nossas prote\u00e7\u00f5es para contas administradas por adultos que representam principalmente crian\u00e7as. Isso inclui adultos que compartilham regularmente fotos e v\u00eddeos de seus filhos e adultos &#8211; por exemplo, pais ou gerentes de talentos &#8211; que administram contas que representam adolescentes ou crian\u00e7as menores de 13 anos. Embora seja preciso ter pelo menos 13 anos para usar o Instagram, permitimos que adultos administrem contas que representem crian\u00e7as menores de 13 anos desde que esteja indicado na bio da conta que a conta \u00e9 gerenciada por maiores. Se tomarmos conhecimento de que a conta est\u00e1 sendo administrada pela pr\u00f3pria crian\u00e7a, ela ser\u00e1 removida. Embora essas contas sejam, em sua maioria, usadas de forma adequada, infelizmente h\u00e1 pessoas que podem tentar se aproveitar delas, deixando coment\u00e1rios de cunho sexual em suas publica\u00e7\u00f5es ou solicitando imagens \u00edntimas nas mensagens diretas, em uma clara viola\u00e7\u00e3o de nossas regras. Hoje estamos anunciando medidas para ajudar a evitar esse abuso. Primeiramente, estamos estendendo algumas prote\u00e7\u00f5es da Conta de Adolescente para contas gerenciadas por adultos que representem principalmente crian\u00e7as. Isso inclui colocar automaticamente essas contas em nossas configura\u00e7\u00f5es de mensagens mais r\u00edgidas para evitar mensagens indesejadas e ativar o recurso Palavras Ocultas, que filtra coment\u00e1rios ofensivos. Mostraremos a essas contas uma notifica\u00e7\u00e3o na parte superior de seu Feed do Instagram, informando que atualizamos suas configura\u00e7\u00f5es de seguran\u00e7a e solicitando que elas tamb\u00e9m revisem as configura\u00e7\u00f5es de privacidade de suas contas. Essas altera\u00e7\u00f5es ser\u00e3o implementadas nos pr\u00f3ximos meses. Tamb\u00e9m queremos evitar que adultos potencialmente suspeitos, por exemplo, adultos que tenham sido bloqueados por adolescentes, encontrem essas contas. Evitaremos recomend\u00e1-las a adultos potencialmente suspeitos e vice-versa; tornaremos mais dif\u00edcil que elas se encontrem na Busca e ocultaremos coment\u00e1rios de adultos potencialmente suspeitos em suas publica\u00e7\u00f5es. Isso se baseia na atualiza\u00e7\u00e3o do ano passado para impedir que contas que representam principalmente crian\u00e7as ofere\u00e7am assinaturas ou recebam presentes. Tomando medidas contra contas nocivas em toda a Internet Al\u00e9m dessas novas prote\u00e7\u00f5es, tamb\u00e9m continuamos a tomar medidas agressivas contra contas que violam nossas regras. No in\u00edcio deste ano, nossas equipes de especialistas removeram quase 135.000 contas do Instagram por deixarem coment\u00e1rios de cunho sexual ou solicitarem imagens \u00edntimas de contas gerenciadas por adultos com crian\u00e7as menores de 13 anos representadas. Tamb\u00e9m removemos mais 500.000 contas do Facebook e do Instagram que estavam vinculadas a essas contas originais. Informamos \u00e0s pessoas que removemos uma conta que havia interagido de forma inadequada com seu conte\u00fado, incentivando-as a serem cautelosas, bloquearem e denunciarem. Pessoas que visam explorar crian\u00e7as n\u00e3o se restringem a uma \u00fanica plataforma, e \u00e9 por isso que tamb\u00e9m compartilhamos informa\u00e7\u00f5es sobre essas contas com outras empresas de tecnologia por meio do programa Lantern da Tech Coalition.\" \/>\n<meta property=\"og:url\" content=\"https:\/\/about.fb.com\/br\/news\/2025\/07\/expandindo-as-protecoes-da-conta-de-adolescente-e-recursos-de-seguranca-infantil\/\" \/>\n<meta property=\"og:site_name\" content=\"Sobre a Meta\" \/>\n<meta property=\"article:published_time\" content=\"2025-07-23T11:50:25+00:00\" \/>\n<meta property=\"article:modified_time\" content=\"2025-07-30T19:07:18+00:00\" \/>\n<meta property=\"og:image\" content=\"https:\/\/about.fb.com\/br\/wp-content\/uploads\/sites\/11\/2025\/07\/Logo-Meta-1.jpg?w=633\" \/>\n\t<meta property=\"og:image:width\" content=\"633\" \/>\n\t<meta property=\"og:image:height\" content=\"356\" \/>\n\t<meta property=\"og:image:type\" content=\"image\/jpeg\" \/>\n<meta name=\"author\" content=\"vivilusor\" \/>\n<meta name=\"twitter:card\" content=\"summary_large_image\" \/>\n<meta name=\"twitter:label1\" content=\"Written by\" \/>\n\t<meta name=\"twitter:data1\" content=\"Meta\" \/>\n\t<meta name=\"twitter:label2\" content=\"Est. reading time\" \/>\n\t<meta name=\"twitter:data2\" content=\"6 minutos\" \/>\n<script type=\"application\/ld+json\" class=\"yoast-schema-graph\">{\"@context\":\"https:\/\/schema.org\",\"@graph\":[{\"@type\":\"Article\",\"@id\":\"https:\/\/about.fb.com\/br\/news\/2025\/07\/expandindo-as-protecoes-da-conta-de-adolescente-e-recursos-de-seguranca-infantil\/#article\",\"isPartOf\":{\"@id\":\"https:\/\/about.fb.com\/br\/news\/2025\/07\/expandindo-as-protecoes-da-conta-de-adolescente-e-recursos-de-seguranca-infantil\/\"},\"author\":\"Facebook company\",\"headline\":\"Expandindo as prote\u00e7\u00f5es da Conta de Adolescente e recursos de seguran\u00e7a para menores\",\"datePublished\":\"2025-07-23T11:50:25+00:00\",\"dateModified\":\"2025-07-30T19:07:18+00:00\",\"mainEntityOfPage\":{\"@id\":\"https:\/\/about.fb.com\/br\/news\/2025\/07\/expandindo-as-protecoes-da-conta-de-adolescente-e-recursos-de-seguranca-infantil\/\"},\"wordCount\":1007,\"publisher\":{\"@id\":\"https:\/\/about.fb.com\/br\/#organization\"},\"image\":{\"@id\":\"https:\/\/about.fb.com\/br\/news\/2025\/07\/expandindo-as-protecoes-da-conta-de-adolescente-e-recursos-de-seguranca-infantil\/#primaryimage\"},\"thumbnailUrl\":\"https:\/\/about.fb.com\/br\/wp-content\/uploads\/sites\/11\/2025\/07\/Logo-Meta-1.jpg?fit=633%2C356\",\"articleSection\":[\"Recent News\"],\"inLanguage\":\"pt-BR\"},{\"@type\":\"WebPage\",\"@id\":\"https:\/\/about.fb.com\/br\/news\/2025\/07\/expandindo-as-protecoes-da-conta-de-adolescente-e-recursos-de-seguranca-infantil\/\",\"url\":\"https:\/\/about.fb.com\/br\/news\/2025\/07\/expandindo-as-protecoes-da-conta-de-adolescente-e-recursos-de-seguranca-infantil\/\",\"name\":\"Expandindo as prote\u00e7\u00f5es da Conta de Adolescente e recursos de seguran\u00e7a para menores | Sobre a Meta\",\"isPartOf\":{\"@id\":\"https:\/\/about.fb.com\/br\/#website\"},\"primaryImageOfPage\":{\"@id\":\"https:\/\/about.fb.com\/br\/news\/2025\/07\/expandindo-as-protecoes-da-conta-de-adolescente-e-recursos-de-seguranca-infantil\/#primaryimage\"},\"image\":{\"@id\":\"https:\/\/about.fb.com\/br\/news\/2025\/07\/expandindo-as-protecoes-da-conta-de-adolescente-e-recursos-de-seguranca-infantil\/#primaryimage\"},\"thumbnailUrl\":\"https:\/\/about.fb.com\/br\/wp-content\/uploads\/sites\/11\/2025\/07\/Logo-Meta-1.jpg?fit=633%2C356\",\"datePublished\":\"2025-07-23T11:50:25+00:00\",\"dateModified\":\"2025-07-30T19:07:18+00:00\",\"breadcrumb\":{\"@id\":\"https:\/\/about.fb.com\/br\/news\/2025\/07\/expandindo-as-protecoes-da-conta-de-adolescente-e-recursos-de-seguranca-infantil\/#breadcrumb\"},\"inLanguage\":\"pt-BR\",\"potentialAction\":[{\"@type\":\"ReadAction\",\"target\":[\"https:\/\/about.fb.com\/br\/news\/2025\/07\/expandindo-as-protecoes-da-conta-de-adolescente-e-recursos-de-seguranca-infantil\/\"]}],\"author\":\"Sobre a Meta\"},{\"@type\":\"ImageObject\",\"inLanguage\":\"pt-BR\",\"@id\":\"https:\/\/about.fb.com\/br\/news\/2025\/07\/expandindo-as-protecoes-da-conta-de-adolescente-e-recursos-de-seguranca-infantil\/#primaryimage\",\"url\":\"https:\/\/about.fb.com\/br\/wp-content\/uploads\/sites\/11\/2025\/07\/Logo-Meta-1.jpg?fit=633%2C356\",\"contentUrl\":\"https:\/\/about.fb.com\/br\/wp-content\/uploads\/sites\/11\/2025\/07\/Logo-Meta-1.jpg?fit=633%2C356\",\"width\":633,\"height\":356},{\"@type\":\"BreadcrumbList\",\"@id\":\"https:\/\/about.fb.com\/br\/news\/2025\/07\/expandindo-as-protecoes-da-conta-de-adolescente-e-recursos-de-seguranca-infantil\/#breadcrumb\",\"itemListElement\":[{\"@type\":\"ListItem\",\"position\":1,\"name\":\"Home\",\"item\":\"https:\/\/about.fb.com\/br\/\"},{\"@type\":\"ListItem\",\"position\":2,\"name\":\"Expandindo as prote\u00e7\u00f5es da Conta de Adolescente e recursos de seguran\u00e7a para menores\"}]},{\"@type\":\"WebSite\",\"@id\":\"https:\/\/about.fb.com\/br\/#website\",\"url\":\"https:\/\/about.fb.com\/news\/\",\"name\":\"Sobre a Meta\",\"description\":\"\",\"publisher\":{\"@id\":\"https:\/\/about.fb.com\/br\/#organization\"},\"potentialAction\":[{\"@type\":\"SearchAction\",\"target\":{\"@type\":\"EntryPoint\",\"urlTemplate\":\"https:\/\/about.fb.com\/br\/?s={search_term_string}\"},\"query-input\":{\"@type\":\"PropertyValueSpecification\",\"valueRequired\":true,\"valueName\":\"search_term_string\"}}],\"inLanguage\":\"pt-BR\",\"alternateName\":[\"Meta Newsroom\",\"Meta\"]},{\"@type\":\"Organization\",\"@id\":\"https:\/\/about.fb.com\/br\/#organization\",\"name\":\"Meta\",\"url\":\"https:\/\/about.fb.com\/br\/\",\"logo\":{\"@type\":\"ImageObject\",\"inLanguage\":\"pt-BR\",\"@id\":\"https:\/\/about.fb.com\/br\/#\/schema\/logo\/image\/\",\"url\":\"https:\/\/about.fb.com\/br\/wp-content\/uploads\/sites\/11\/2021\/10\/meta-social-16x9-1.jpg?fit=8000%2C4500\",\"contentUrl\":\"https:\/\/about.fb.com\/br\/wp-content\/uploads\/sites\/11\/2021\/10\/meta-social-16x9-1.jpg?fit=8000%2C4500\",\"width\":8000,\"height\":4500,\"caption\":\"Meta\"},\"image\":{\"@id\":\"https:\/\/about.fb.com\/br\/#\/schema\/logo\/image\/\"}}]}<\/script>\n<!-- \/ Yoast SEO plugin. -->","yoast_head_json":{"title":"Expandindo as prote\u00e7\u00f5es da Conta de Adolescente e recursos de seguran\u00e7a para menores | Sobre a Meta","robots":{"index":"index","follow":"follow","max-snippet":"max-snippet:-1","max-image-preview":"max-image-preview:large","max-video-preview":"max-video-preview:-1"},"canonical":"https:\/\/about.fb.com\/br\/news\/2025\/07\/expandindo-as-protecoes-da-conta-de-adolescente-e-recursos-de-seguranca-infantil\/","og_locale":"pt_BR","og_type":"article","og_title":"Expandindo as prote\u00e7\u00f5es da Conta de Adolescente e recursos de seguran\u00e7a para menores | Sobre a Meta","og_description":"Na Meta, trabalhamos para proteger os jovens contra danos diretos e indiretos. Nossos esfor\u00e7os v\u00e3o desde as Contas de Adolescente, desenvolvidas para proporcionar aos adolescentes experi\u00eancias adequadas \u00e0 sua idade e evitar contatos indesejados, at\u00e9 nossa sofisticada tecnologia que identifica e remove conte\u00fado de explora\u00e7\u00e3o. Hoje, estamos anunciando uma s\u00e9rie de atualiza\u00e7\u00f5es para ampliar esses esfor\u00e7os e compartilhando novos dados sobre o impacto de nossas ferramentas de seguran\u00e7a mais recentes. Protegendo os adolescentes de contatos potencialmente inseguros ou indesejados Adicionamos novos recursos de seguran\u00e7a \u00e0s mensagens diretas nas Contas de Adolescente para dar aos jovens mais contexto sobre as contas com as quais est\u00e3o trocando mensagens e ajud\u00e1-los a identificar poss\u00edveis golpistas. Agora, os adolescentes tamb\u00e9m encontrar\u00e3o novas op\u00e7\u00f5es para visualizar dicas de seguran\u00e7a e bloquear uma conta, al\u00e9m de informa\u00e7\u00f5es como o m\u00eas e o ano em que a conta foi criada no Instagram, exibidas em destaque na parte superior das novas conversas. Lan\u00e7amos tamb\u00e9m uma nova op\u00e7\u00e3o de bloqueio e den\u00fancia nas mensagens diretas, para que as pessoas possam realizar as duas a\u00e7\u00f5es ao mesmo tempo. Embora sempre tenhamos incentivado as pessoas a bloquear e denunciar, a nova op\u00e7\u00e3o combinada tornar\u00e1 esse processo mais f\u00e1cil e ajudar\u00e1 a garantir que as contas de poss\u00edveis violadores de nossas pol\u00edticas sejam denunciadas para que possamos analis\u00e1-las e tomar as medidas necess\u00e1rias. Esses novos recursos complementam os avisos de seguran\u00e7a que mostramos para lembrar as pessoas a serem cautelosas ao usar as mensagens privadas e a bloquear e denunciar qualquer situa\u00e7\u00e3o que as deixe desconfort\u00e1veis &#8211; e estamos satisfeitos em ver os adolescentes respondendo a eles. Somente em junho, 1 milh\u00e3o de contas foram bloqueadas e 1 milh\u00e3o foram denunciadas ap\u00f3s a visualiza\u00e7\u00e3o de um aviso de seguran\u00e7a pela outra parte.\u00a0 Em junho, os adolescentes tamb\u00e9m visualizaram nosso novo Aviso de Localiza\u00e7\u00e3o no Instagram 1 milh\u00e3o de vezes, sendo que 1 em cada 10 clicou no aviso para saber mais sobre as medidas que poderiam tomar. Esse aviso permite que as pessoas saibam quando est\u00e3o conversando com algu\u00e9m que pode estar em um pa\u00eds diferente e foi criado para ajudar a proteger as pessoas de poss\u00edveis golpistas de sextors\u00e3o que, muitas vezes, mentem sobre o local onde moram.\u00a0 Desde que lan\u00e7amos globalmente nosso recurso de prote\u00e7\u00e3o contra nudez, 99% das pessoas, inclusive adolescentes, o mantiveram ativado e, em junho, mais de 40% das imagens borradas recebidas em mensagens diretas permaneceram borradas, reduzindo significativamente a exposi\u00e7\u00e3o \u00e0 nudez indesejada. A prote\u00e7\u00e3o contra nudez, ativada por padr\u00e3o para adolescentes, tamb\u00e9m incentiva as pessoas a pensar duas vezes antes de encaminhar imagens suspeitas de nudez. Em maio, as pessoas optaram por n\u00e3o encaminhar as imagens em cerca de 45% das vezes ap\u00f3s ver esse aviso. Prote\u00e7\u00e3o refor\u00e7ada para contas gerenciadas por adultos que representam crian\u00e7as\u00a0 Tamb\u00e9m estamos refor\u00e7ando nossas prote\u00e7\u00f5es para contas administradas por adultos que representam principalmente crian\u00e7as. Isso inclui adultos que compartilham regularmente fotos e v\u00eddeos de seus filhos e adultos &#8211; por exemplo, pais ou gerentes de talentos &#8211; que administram contas que representam adolescentes ou crian\u00e7as menores de 13 anos. Embora seja preciso ter pelo menos 13 anos para usar o Instagram, permitimos que adultos administrem contas que representem crian\u00e7as menores de 13 anos desde que esteja indicado na bio da conta que a conta \u00e9 gerenciada por maiores. Se tomarmos conhecimento de que a conta est\u00e1 sendo administrada pela pr\u00f3pria crian\u00e7a, ela ser\u00e1 removida. Embora essas contas sejam, em sua maioria, usadas de forma adequada, infelizmente h\u00e1 pessoas que podem tentar se aproveitar delas, deixando coment\u00e1rios de cunho sexual em suas publica\u00e7\u00f5es ou solicitando imagens \u00edntimas nas mensagens diretas, em uma clara viola\u00e7\u00e3o de nossas regras. Hoje estamos anunciando medidas para ajudar a evitar esse abuso. Primeiramente, estamos estendendo algumas prote\u00e7\u00f5es da Conta de Adolescente para contas gerenciadas por adultos que representem principalmente crian\u00e7as. Isso inclui colocar automaticamente essas contas em nossas configura\u00e7\u00f5es de mensagens mais r\u00edgidas para evitar mensagens indesejadas e ativar o recurso Palavras Ocultas, que filtra coment\u00e1rios ofensivos. Mostraremos a essas contas uma notifica\u00e7\u00e3o na parte superior de seu Feed do Instagram, informando que atualizamos suas configura\u00e7\u00f5es de seguran\u00e7a e solicitando que elas tamb\u00e9m revisem as configura\u00e7\u00f5es de privacidade de suas contas. Essas altera\u00e7\u00f5es ser\u00e3o implementadas nos pr\u00f3ximos meses. Tamb\u00e9m queremos evitar que adultos potencialmente suspeitos, por exemplo, adultos que tenham sido bloqueados por adolescentes, encontrem essas contas. Evitaremos recomend\u00e1-las a adultos potencialmente suspeitos e vice-versa; tornaremos mais dif\u00edcil que elas se encontrem na Busca e ocultaremos coment\u00e1rios de adultos potencialmente suspeitos em suas publica\u00e7\u00f5es. Isso se baseia na atualiza\u00e7\u00e3o do ano passado para impedir que contas que representam principalmente crian\u00e7as ofere\u00e7am assinaturas ou recebam presentes. Tomando medidas contra contas nocivas em toda a Internet Al\u00e9m dessas novas prote\u00e7\u00f5es, tamb\u00e9m continuamos a tomar medidas agressivas contra contas que violam nossas regras. No in\u00edcio deste ano, nossas equipes de especialistas removeram quase 135.000 contas do Instagram por deixarem coment\u00e1rios de cunho sexual ou solicitarem imagens \u00edntimas de contas gerenciadas por adultos com crian\u00e7as menores de 13 anos representadas. Tamb\u00e9m removemos mais 500.000 contas do Facebook e do Instagram que estavam vinculadas a essas contas originais. Informamos \u00e0s pessoas que removemos uma conta que havia interagido de forma inadequada com seu conte\u00fado, incentivando-as a serem cautelosas, bloquearem e denunciarem. Pessoas que visam explorar crian\u00e7as n\u00e3o se restringem a uma \u00fanica plataforma, e \u00e9 por isso que tamb\u00e9m compartilhamos informa\u00e7\u00f5es sobre essas contas com outras empresas de tecnologia por meio do programa Lantern da Tech Coalition.","og_url":"https:\/\/about.fb.com\/br\/news\/2025\/07\/expandindo-as-protecoes-da-conta-de-adolescente-e-recursos-de-seguranca-infantil\/","og_site_name":"Sobre a Meta","article_published_time":"2025-07-23T11:50:25+00:00","article_modified_time":"2025-07-30T19:07:18+00:00","og_image":[{"url":"https:\/\/about.fb.com\/br\/wp-content\/uploads\/sites\/11\/2025\/07\/Logo-Meta-1.jpg?w=633","width":633,"height":356,"type":"image\/jpeg"}],"author":"vivilusor","twitter_card":"summary_large_image","twitter_misc":{"Written by":"Meta","Est. reading time":"6 minutos"},"schema":{"@context":"https:\/\/schema.org","@graph":[{"@type":"Article","@id":"https:\/\/about.fb.com\/br\/news\/2025\/07\/expandindo-as-protecoes-da-conta-de-adolescente-e-recursos-de-seguranca-infantil\/#article","isPartOf":{"@id":"https:\/\/about.fb.com\/br\/news\/2025\/07\/expandindo-as-protecoes-da-conta-de-adolescente-e-recursos-de-seguranca-infantil\/"},"author":"Facebook company","headline":"Expandindo as prote\u00e7\u00f5es da Conta de Adolescente e recursos de seguran\u00e7a para menores","datePublished":"2025-07-23T11:50:25+00:00","dateModified":"2025-07-30T19:07:18+00:00","mainEntityOfPage":{"@id":"https:\/\/about.fb.com\/br\/news\/2025\/07\/expandindo-as-protecoes-da-conta-de-adolescente-e-recursos-de-seguranca-infantil\/"},"wordCount":1007,"publisher":{"@id":"https:\/\/about.fb.com\/br\/#organization"},"image":{"@id":"https:\/\/about.fb.com\/br\/news\/2025\/07\/expandindo-as-protecoes-da-conta-de-adolescente-e-recursos-de-seguranca-infantil\/#primaryimage"},"thumbnailUrl":"https:\/\/about.fb.com\/br\/wp-content\/uploads\/sites\/11\/2025\/07\/Logo-Meta-1.jpg?fit=633%2C356","articleSection":["Recent News"],"inLanguage":"pt-BR"},{"@type":"WebPage","@id":"https:\/\/about.fb.com\/br\/news\/2025\/07\/expandindo-as-protecoes-da-conta-de-adolescente-e-recursos-de-seguranca-infantil\/","url":"https:\/\/about.fb.com\/br\/news\/2025\/07\/expandindo-as-protecoes-da-conta-de-adolescente-e-recursos-de-seguranca-infantil\/","name":"Expandindo as prote\u00e7\u00f5es da Conta de Adolescente e recursos de seguran\u00e7a para menores | Sobre a Meta","isPartOf":{"@id":"https:\/\/about.fb.com\/br\/#website"},"primaryImageOfPage":{"@id":"https:\/\/about.fb.com\/br\/news\/2025\/07\/expandindo-as-protecoes-da-conta-de-adolescente-e-recursos-de-seguranca-infantil\/#primaryimage"},"image":{"@id":"https:\/\/about.fb.com\/br\/news\/2025\/07\/expandindo-as-protecoes-da-conta-de-adolescente-e-recursos-de-seguranca-infantil\/#primaryimage"},"thumbnailUrl":"https:\/\/about.fb.com\/br\/wp-content\/uploads\/sites\/11\/2025\/07\/Logo-Meta-1.jpg?fit=633%2C356","datePublished":"2025-07-23T11:50:25+00:00","dateModified":"2025-07-30T19:07:18+00:00","breadcrumb":{"@id":"https:\/\/about.fb.com\/br\/news\/2025\/07\/expandindo-as-protecoes-da-conta-de-adolescente-e-recursos-de-seguranca-infantil\/#breadcrumb"},"inLanguage":"pt-BR","potentialAction":[{"@type":"ReadAction","target":["https:\/\/about.fb.com\/br\/news\/2025\/07\/expandindo-as-protecoes-da-conta-de-adolescente-e-recursos-de-seguranca-infantil\/"]}],"author":"Sobre a Meta"},{"@type":"ImageObject","inLanguage":"pt-BR","@id":"https:\/\/about.fb.com\/br\/news\/2025\/07\/expandindo-as-protecoes-da-conta-de-adolescente-e-recursos-de-seguranca-infantil\/#primaryimage","url":"https:\/\/about.fb.com\/br\/wp-content\/uploads\/sites\/11\/2025\/07\/Logo-Meta-1.jpg?fit=633%2C356","contentUrl":"https:\/\/about.fb.com\/br\/wp-content\/uploads\/sites\/11\/2025\/07\/Logo-Meta-1.jpg?fit=633%2C356","width":633,"height":356},{"@type":"BreadcrumbList","@id":"https:\/\/about.fb.com\/br\/news\/2025\/07\/expandindo-as-protecoes-da-conta-de-adolescente-e-recursos-de-seguranca-infantil\/#breadcrumb","itemListElement":[{"@type":"ListItem","position":1,"name":"Home","item":"https:\/\/about.fb.com\/br\/"},{"@type":"ListItem","position":2,"name":"Expandindo as prote\u00e7\u00f5es da Conta de Adolescente e recursos de seguran\u00e7a para menores"}]},{"@type":"WebSite","@id":"https:\/\/about.fb.com\/br\/#website","url":"https:\/\/about.fb.com\/news\/","name":"Sobre a Meta","description":"","publisher":{"@id":"https:\/\/about.fb.com\/br\/#organization"},"potentialAction":[{"@type":"SearchAction","target":{"@type":"EntryPoint","urlTemplate":"https:\/\/about.fb.com\/br\/?s={search_term_string}"},"query-input":{"@type":"PropertyValueSpecification","valueRequired":true,"valueName":"search_term_string"}}],"inLanguage":"pt-BR","alternateName":["Meta Newsroom","Meta"]},{"@type":"Organization","@id":"https:\/\/about.fb.com\/br\/#organization","name":"Meta","url":"https:\/\/about.fb.com\/br\/","logo":{"@type":"ImageObject","inLanguage":"pt-BR","@id":"https:\/\/about.fb.com\/br\/#\/schema\/logo\/image\/","url":"https:\/\/about.fb.com\/br\/wp-content\/uploads\/sites\/11\/2021\/10\/meta-social-16x9-1.jpg?fit=8000%2C4500","contentUrl":"https:\/\/about.fb.com\/br\/wp-content\/uploads\/sites\/11\/2021\/10\/meta-social-16x9-1.jpg?fit=8000%2C4500","width":8000,"height":4500,"caption":"Meta"},"image":{"@id":"https:\/\/about.fb.com\/br\/#\/schema\/logo\/image\/"}}]}},"jetpack_featured_media_url":"https:\/\/about.fb.com\/br\/wp-content\/uploads\/sites\/11\/2025\/07\/Logo-Meta-1.jpg?fit=633%2C356","jetpack-related-posts":[{"id":26295,"url":"https:\/\/about.fb.com\/br\/news\/2025\/04\/conta-de-adolescente-no-instagram-tera-novas-restricoes-e-chega-ao-facebook-e-o-messenger\/","url_meta":{"origin":26538,"position":0},"title":"Conta de Adolescente no Instagram ter\u00e1 novas restri\u00e7\u00f5es e chega ao Facebook e o Messenger","author":"Meta","date":"08\/04\/2025","format":false,"excerpt":"Atualiza\u00e7\u00e3o 25\/09\/2025: H\u00e1 um ano, lan\u00e7amos as Contas de Adolescente \u2014 um passo significativo para ajudar a manter os adolescentes seguros em nossos aplicativos. As Contas de Adolescente j\u00e1 foram implementadas globalmente no Instagram e est\u00e3o se expandindo tamb\u00e9m para adolescentes em todo o mundo no Facebook e Messenger. As\u2026","rel":"","context":"In &quot;Recent News&quot;","block_context":{"text":"Recent News","link":"https:\/\/about.fb.com\/br\/news\/category\/recent-news\/"},"img":{"alt_text":"","src":"https:\/\/about.fb.com\/br\/wp-content\/uploads\/sites\/11\/2025\/04\/05_pt_BR.png?resize=350%2C200","width":350,"height":200},"classes":[]},{"id":27019,"url":"https:\/\/about.fb.com\/br\/news\/2026\/03\/nossas-medidas-para-dar-apoio-as-familias-no-brasil\/","url_meta":{"origin":26538,"position":1},"title":"Nossas medidas para dar apoio \u00e0s fam\u00edlias no Brasil","author":"Meta","date":"17\/03\/2026","format":false,"excerpt":"O Estatuto Digital da Crian\u00e7a e do Adolescente (ECA Digital) entra em vigor hoje (17) no Brasil. Como parte do nosso trabalho para cumprir a lei, estamos implementando recursos adicionais \u00e0s prote\u00e7\u00f5es j\u00e1 existentes nas Contas de Adolescentes para dar aos pais mais formas de supervisionar o uso que seus\u2026","rel":"","context":"In &quot;Recent News&quot;","block_context":{"text":"Recent News","link":"https:\/\/about.fb.com\/br\/news\/category\/recent-news\/"},"img":{"alt_text":"","src":"","width":0,"height":0},"classes":[]},{"id":26491,"url":"https:\/\/about.fb.com\/br\/news\/2025\/06\/tela-consciente-em-brasilia-caminhos-para-facilitar-a-supervisao-parental-online-de-adolescentes\/","url_meta":{"origin":26538,"position":2},"title":"Tela Consciente em Bras\u00edlia: caminhos para facilitar a supervis\u00e3o parental online de adolescentes","author":"Meta","date":"17\/06\/2025","format":false,"excerpt":"Em 12 de junho, a Meta reuniu em Bras\u00edlia autoridades, executivos de empresas e representantes da academia e sociedade civil para a segunda edi\u00e7\u00e3o do Tela Consciente, um debate sobre como apoiar as fam\u00edlias no uso consciente das plataformas digitais por adolescentes. O evento teve como foco os desafios e\u2026","rel":"","context":"In &quot;Recent News&quot;","block_context":{"text":"Recent News","link":"https:\/\/about.fb.com\/br\/news\/category\/recent-news\/"},"img":{"alt_text":"","src":"https:\/\/about.fb.com\/br\/wp-content\/uploads\/sites\/11\/2025\/06\/@leannabdon-1.jpg?fit=4500%2C3000&resize=350%2C200","width":350,"height":200,"srcset":"https:\/\/about.fb.com\/br\/wp-content\/uploads\/sites\/11\/2025\/06\/@leannabdon-1.jpg?fit=4500%2C3000&resize=350%2C200 1x, https:\/\/about.fb.com\/br\/wp-content\/uploads\/sites\/11\/2025\/06\/@leannabdon-1.jpg?fit=4500%2C3000&resize=525%2C300 1.5x, https:\/\/about.fb.com\/br\/wp-content\/uploads\/sites\/11\/2025\/06\/@leannabdon-1.jpg?fit=4500%2C3000&resize=700%2C400 2x, https:\/\/about.fb.com\/br\/wp-content\/uploads\/sites\/11\/2025\/06\/@leannabdon-1.jpg?fit=4500%2C3000&resize=1050%2C600 3x, https:\/\/about.fb.com\/br\/wp-content\/uploads\/sites\/11\/2025\/06\/@leannabdon-1.jpg?fit=4500%2C3000&resize=1400%2C800 4x"},"classes":[]},{"id":26169,"url":"https:\/\/about.fb.com\/br\/news\/2025\/02\/introduzindo-conta-de-adolescente-no-brasil\/","url_meta":{"origin":26538,"position":3},"title":"Introduzindo Conta de Adolescente no Brasil","author":"Meta","date":"11\/02\/2025","format":false,"excerpt":"Hoje, estamos animados em anunciar que come\u00e7amos a implementar gradualmente a Conta de Adolescente do Instagram no Brasil. Pensamos constantemente em como podemos continuar a promover experi\u00eancias adequadas \u00e0 idade para os adolescentes\u00a0 e, ao mesmo tempo, dar aos pais a tranquilidade de saber que seus filhos est\u00e3o seguros e\u2026","rel":"","context":"In &quot;Recent News&quot;","block_context":{"text":"Recent News","link":"https:\/\/about.fb.com\/br\/news\/category\/recent-news\/"},"img":{"alt_text":"","src":"https:\/\/about.fb.com\/br\/wp-content\/uploads\/sites\/11\/2025\/02\/Copy-of-ROW_Teen_QPs_pt_BR.png?fit=5760%2C3840&resize=350%2C200","width":350,"height":200,"srcset":"https:\/\/about.fb.com\/br\/wp-content\/uploads\/sites\/11\/2025\/02\/Copy-of-ROW_Teen_QPs_pt_BR.png?fit=5760%2C3840&resize=350%2C200 1x, https:\/\/about.fb.com\/br\/wp-content\/uploads\/sites\/11\/2025\/02\/Copy-of-ROW_Teen_QPs_pt_BR.png?fit=5760%2C3840&resize=525%2C300 1.5x, https:\/\/about.fb.com\/br\/wp-content\/uploads\/sites\/11\/2025\/02\/Copy-of-ROW_Teen_QPs_pt_BR.png?fit=5760%2C3840&resize=700%2C400 2x, https:\/\/about.fb.com\/br\/wp-content\/uploads\/sites\/11\/2025\/02\/Copy-of-ROW_Teen_QPs_pt_BR.png?fit=5760%2C3840&resize=1050%2C600 3x, https:\/\/about.fb.com\/br\/wp-content\/uploads\/sites\/11\/2025\/02\/Copy-of-ROW_Teen_QPs_pt_BR.png?fit=5760%2C3840&resize=1400%2C800 4x"},"classes":[]},{"id":26332,"url":"https:\/\/about.fb.com\/br\/news\/2025\/04\/trabalhando-junto-aos-pais-e-com-novas-tecnologias-para-inserir-mais-jovens-nas-contas-de-adolescente\/","url_meta":{"origin":26538,"position":4},"title":"Trabalhando junto aos pais e com novas tecnologias para inserir mais jovens nas Contas de Adolescente","author":"Meta","date":"22\/04\/2025","format":false,"excerpt":"Lan\u00e7amos as Contas de Adolescente no Instagram no ano passado para oferecer mais suporte aos pais e proporcionar a tranquilidade de que seus filhos est\u00e3o protegidos da maneira certa. Essa experi\u00eancia reformulada conta com prote\u00e7\u00f5es integradas que limitam quem pode entrar em contato com os adolescentes, o conte\u00fado que eles\u2026","rel":"","context":"In &quot;Recent News&quot;","block_context":{"text":"Recent News","link":"https:\/\/about.fb.com\/br\/news\/category\/recent-news\/"},"img":{"alt_text":"","src":"","width":0,"height":0},"classes":[]},{"id":26919,"url":"https:\/\/about.fb.com\/br\/news\/2026\/01\/a-trajetoria-da-meta-na-protecao-dos-adolescentes-e-no-apoio-aos-pais\/","url_meta":{"origin":26538,"position":5},"title":"A trajet\u00f3ria da Meta na prote\u00e7\u00e3o dos adolescentes e no apoio aos pais","author":"Meta","date":"16\/01\/2026","format":false,"excerpt":"Recentemente, v\u00e1rias a\u00e7\u00f5es judiciais nos Estados Unidos tentaram colocar a culpa pelos problemas de sa\u00fade mental dos adolescentes exclusivamente nas empresas de redes sociais. Mas isso simplifica demais uma quest\u00e3o s\u00e9ria. Cl\u00ednicos e pesquisadores afirmam que a sa\u00fade mental \u00e9 um tema profundamente complexo e multifacetado, e as tend\u00eancias sobre\u2026","rel":"","context":"In &quot;Fortalecendo Comunidades&quot;","block_context":{"text":"Fortalecendo Comunidades","link":"https:\/\/about.fb.com\/br\/news\/category\/temas-home\/comunidades\/"},"img":{"alt_text":"","src":"https:\/\/about.fb.com\/br\/wp-content\/uploads\/sites\/11\/2026\/01\/Metas-Record-of-Protecting-Teens-and-Supporting-Parents_Header.jpg?fit=1920%2C1080&resize=350%2C200","width":350,"height":200,"srcset":"https:\/\/about.fb.com\/br\/wp-content\/uploads\/sites\/11\/2026\/01\/Metas-Record-of-Protecting-Teens-and-Supporting-Parents_Header.jpg?fit=1920%2C1080&resize=350%2C200 1x, https:\/\/about.fb.com\/br\/wp-content\/uploads\/sites\/11\/2026\/01\/Metas-Record-of-Protecting-Teens-and-Supporting-Parents_Header.jpg?fit=1920%2C1080&resize=525%2C300 1.5x, https:\/\/about.fb.com\/br\/wp-content\/uploads\/sites\/11\/2026\/01\/Metas-Record-of-Protecting-Teens-and-Supporting-Parents_Header.jpg?fit=1920%2C1080&resize=700%2C400 2x, https:\/\/about.fb.com\/br\/wp-content\/uploads\/sites\/11\/2026\/01\/Metas-Record-of-Protecting-Teens-and-Supporting-Parents_Header.jpg?fit=1920%2C1080&resize=1050%2C600 3x, https:\/\/about.fb.com\/br\/wp-content\/uploads\/sites\/11\/2026\/01\/Metas-Record-of-Protecting-Teens-and-Supporting-Parents_Header.jpg?fit=1920%2C1080&resize=1400%2C800 4x"},"classes":[]}],"jetpack_sharing_enabled":true,"amp_enabled":true,"_links":{"self":[{"href":"https:\/\/about.fb.com\/br\/wp-json\/wp\/v2\/posts\/26538","targetHints":{"allow":["GET"]}}],"collection":[{"href":"https:\/\/about.fb.com\/br\/wp-json\/wp\/v2\/posts"}],"about":[{"href":"https:\/\/about.fb.com\/br\/wp-json\/wp\/v2\/types\/post"}],"author":[{"embeddable":true,"href":"https:\/\/about.fb.com\/br\/wp-json\/wp\/v2\/users\/164097234"}],"replies":[{"embeddable":true,"href":"https:\/\/about.fb.com\/br\/wp-json\/wp\/v2\/comments?post=26538"}],"version-history":[{"count":4,"href":"https:\/\/about.fb.com\/br\/wp-json\/wp\/v2\/posts\/26538\/revisions"}],"predecessor-version":[{"id":26546,"href":"https:\/\/about.fb.com\/br\/wp-json\/wp\/v2\/posts\/26538\/revisions\/26546"}],"wp:featuredmedia":[{"embeddable":true,"href":"https:\/\/about.fb.com\/br\/wp-json\/wp\/v2\/media\/26557"}],"wp:attachment":[{"href":"https:\/\/about.fb.com\/br\/wp-json\/wp\/v2\/media?parent=26538"}],"wp:term":[{"taxonomy":"category","embeddable":true,"href":"https:\/\/about.fb.com\/br\/wp-json\/wp\/v2\/categories?post=26538"},{"taxonomy":"post_tag","embeddable":true,"href":"https:\/\/about.fb.com\/br\/wp-json\/wp\/v2\/tags?post=26538"}],"curies":[{"name":"wp","href":"https:\/\/api.w.org\/{rel}","templated":true}]}}