{"id":25925,"date":"2024-10-09T12:01:35","date_gmt":"2024-10-09T15:01:35","guid":{"rendered":"https:\/\/about.fb.com\/br\/?p=25925"},"modified":"2024-11-04T15:23:53","modified_gmt":"2024-11-04T18:23:53","slug":"meta-ai-chega-ao-brasil-assistente-de-inteligencia-artificial-comeca-a-ser-disponibilizado-no-pais","status":"publish","type":"post","link":"https:\/\/about.fb.com\/br\/news\/2024\/10\/meta-ai-chega-ao-brasil-assistente-de-inteligencia-artificial-comeca-a-ser-disponibilizado-no-pais\/","title":{"rendered":"Meta AI chega ao Brasil: assistente de intelig\u00eancia artificial come\u00e7a a ser disponibilizado no pa\u00eds"},"content":{"rendered":"<p><span style=\"font-weight: 400\">Hoje, estamos iniciando o lan\u00e7amento gradual do assistente de intelig\u00eancia artificial Meta AI no Brasil em toda a nossa fam\u00edlia de aplicativos e tamb\u00e9m no <\/span><a href=\"http:\/\/meta.ai\"><span style=\"font-weight: 400\">meta.ai<\/span><\/a><span style=\"font-weight: 400\">, pelo navegador. A Meta AI \u00e9 um dos principais assistentes de IA do mundo para realizar tarefas, aprender, criar e conectar-se com as coisas que s\u00e3o importantes para voc\u00ea. A Meta AI est\u00e1 a caminho de ser o assistente de IA mais usado no mundo at\u00e9 o fim deste ano, com quase 500 milh\u00f5es de usu\u00e1rios ativos por m\u00eas atualmente.<\/span><\/p>\n<p><img data-recalc-dims=\"1\" loading=\"lazy\" decoding=\"async\" class=\"aligncenter size-large wp-image-25945\" src=\"https:\/\/about.fb.com\/br\/wp-content\/uploads\/sites\/11\/2024\/10\/WWW_Portuguese_Brazil.png?w=960&#038;resize=960%2C624\" alt=\"\" width=\"960\" height=\"624\" srcset=\"https:\/\/about.fb.com\/br\/wp-content\/uploads\/sites\/11\/2024\/10\/WWW_Portuguese_Brazil.png?w=2560 2560w, https:\/\/about.fb.com\/br\/wp-content\/uploads\/sites\/11\/2024\/10\/WWW_Portuguese_Brazil.png?w=600 600w, https:\/\/about.fb.com\/br\/wp-content\/uploads\/sites\/11\/2024\/10\/WWW_Portuguese_Brazil.png?w=300 300w, https:\/\/about.fb.com\/br\/wp-content\/uploads\/sites\/11\/2024\/10\/WWW_Portuguese_Brazil.png?w=768 768w, https:\/\/about.fb.com\/br\/wp-content\/uploads\/sites\/11\/2024\/10\/WWW_Portuguese_Brazil.png?w=1024 1024w, https:\/\/about.fb.com\/br\/wp-content\/uploads\/sites\/11\/2024\/10\/WWW_Portuguese_Brazil.png?w=1536 1536w, https:\/\/about.fb.com\/br\/wp-content\/uploads\/sites\/11\/2024\/10\/WWW_Portuguese_Brazil.png?w=2048 2048w, https:\/\/about.fb.com\/br\/wp-content\/uploads\/sites\/11\/2024\/10\/WWW_Portuguese_Brazil.png?w=1662 1662w, https:\/\/about.fb.com\/br\/wp-content\/uploads\/sites\/11\/2024\/10\/WWW_Portuguese_Brazil.png?w=800 800w, https:\/\/about.fb.com\/br\/wp-content\/uploads\/sites\/11\/2024\/10\/WWW_Portuguese_Brazil.png?w=1920 1920w\" sizes=\"auto, (max-width: 960px) 100vw, 960px\" \/><\/p>\n<p><b>Fa\u00e7a a Meta AI trabalhar para voc\u00ea<\/b><\/p>\n<p><span style=\"font-weight: 400\">Planejando uma noite com amigos? Pe\u00e7a \u00e0 Meta AI para recomendar restaurantes com \u00f3timas vistas e op\u00e7\u00f5es veganas para voc\u00ea e seus amigos considerarem. Organizando uma viagem de fim de semana? Pe\u00e7a \u00e0 Meta AI para lhe dar ideias de lugares para conhecer ao longo do caminho. Preparando-se para uma prova? Pe\u00e7a \u00e0 Meta AI na web para criar um teste de m\u00faltipla escolha. Mudando para seu primeiro apartamento? Pe\u00e7a \u00e0 Meta AI para \u201cimaginar\u201d a est\u00e9tica que voc\u00ea deseja para que possa criar um painel de refer\u00eancias com imagens geradas por IA para se inspirar em suas compras de m\u00f3veis.<\/span><\/p>\n\n    \n    <div \n        id=\"gallery-25944,25940,25943,25941-1-slideshow\" \n        class=\"jetpack-slideshow-window jetpack-slideshow jetpack-slideshow-black\" \n        data-trans=\"fade\" \n        data-autostart=\"true\" \n        data-gallery=\"[{&quot;src&quot;:&quot;https:\\\/\\\/about.fb.com\\\/br\\\/wp-content\\\/uploads\\\/sites\\\/11\\\/2024\\\/10\\\/WA_Portuguese_Brazil.jpg?fit=461%2C1024&quot;,&quot;id&quot;:&quot;25944&quot;,&quot;title&quot;:&quot;WA_Portuguese_Brazil&quot;,&quot;alt&quot;:&quot;&quot;,&quot;caption&quot;:&quot;&quot;,&quot;itemprop&quot;:&quot;image&quot;},{&quot;src&quot;:&quot;https:\\\/\\\/about.fb.com\\\/br\\\/wp-content\\\/uploads\\\/sites\\\/11\\\/2024\\\/10\\\/FBM_Portuguese_Brazil.jpg?fit=461%2C1024&quot;,&quot;id&quot;:&quot;25940&quot;,&quot;title&quot;:&quot;FBM_Portuguese_Brazil&quot;,&quot;alt&quot;:&quot;&quot;,&quot;caption&quot;:&quot;&quot;,&quot;itemprop&quot;:&quot;image&quot;},{&quot;src&quot;:&quot;https:\\\/\\\/about.fb.com\\\/br\\\/wp-content\\\/uploads\\\/sites\\\/11\\\/2024\\\/10\\\/MSGR_Portuguese_Brazil.jpg?fit=461%2C1024&quot;,&quot;id&quot;:&quot;25943&quot;,&quot;title&quot;:&quot;MSGR_Portuguese_Brazil&quot;,&quot;alt&quot;:&quot;&quot;,&quot;caption&quot;:&quot;&quot;,&quot;itemprop&quot;:&quot;image&quot;},{&quot;src&quot;:&quot;https:\\\/\\\/about.fb.com\\\/br\\\/wp-content\\\/uploads\\\/sites\\\/11\\\/2024\\\/10\\\/IGD_Portuguese_Brazil.jpg?fit=461%2C1024&quot;,&quot;id&quot;:&quot;25941&quot;,&quot;title&quot;:&quot;IGD_Portuguese_Brazil&quot;,&quot;alt&quot;:&quot;&quot;,&quot;caption&quot;:&quot;&quot;,&quot;itemprop&quot;:&quot;image&quot;}]\" \n        itemscope \n        itemtype=\"https:\/\/schema.org\/ImageGallery\">\n    <\/div>\n\n    <script type=\"text\/javascript\">\n    if (typeof jetpackSlideshowSettings === 'undefined') {\n        window.jetpackSlideshowSettings = {\n            spinner: 'https:\/\/about.fb.com\/br\/wp-content\/mu-plugins\/jetpack\/modules\/shortcodes\/img\/slideshow-loader.gif',\n            speed: '4000',\n            label_prev: 'Previous Slide',\n            label_stop: 'Pause Slideshow',\n            label_next: 'Next Slide'\n        };\n    }\n\n    jQuery(document).ready(function($) {\n        $('.jetpack-slideshow-noscript').remove();\n        var container = $('#gallery-25944,25940,25943,25941-1-slideshow');\n        if (!container.data('processed')) {\n            var slideshow = new JetpackSlideshow(\n                container,\n                container.data('trans'),\n                container.data('autostart')\n            );\n            slideshow.images = container.data('gallery');\n            slideshow.init();\n            container.data('processed', true);\n        }\n    });\n    <\/script>\n\n    \n<p><b>Integra\u00e7\u00e3o perfeita de pesquisa nos aplicativos que voc\u00ea conhece e adora<\/b><\/p>\n<p><span style=\"font-weight: 400\">A Meta AI tamb\u00e9m est\u00e1 dispon\u00edvel em pesquisas em nossa fam\u00edlia de aplicativos. Voc\u00ea pode acessar informa\u00e7\u00f5es de toda a web sem precisar alternar entre aplicativos. Digamos que voc\u00ea esteja planejando come\u00e7ar uma horta. Usando a pesquisa nos aplicativos da Meta, voc\u00ea pode pedir \u00e0 Meta AI um guia passo a passo sobre como preparar e quais vegetais plantar.<\/span><\/p>\n<p><b>Meta IA no feed<\/b><\/p>\n<p><span style=\"font-weight: 400\">Voc\u00ea tamb\u00e9m pode acessar a Meta AI ao navegar pelo feed do Facebook. Encontrou uma postagem na qual voc\u00ea est\u00e1 interessado? Voc\u00ea pode pedir mais informa\u00e7\u00f5es \u00e0 Meta AI diretamente na postagem. Se voc\u00ea vir uma foto da aurora boreal na Isl\u00e2ndia, pode perguntar \u00e0 Meta AI qual \u00e9poca do ano \u00e9 melhor para observ\u00e1-la.\u00a0<\/span><\/p>\n<p><b>Desperte sua criatividade com o recurso <\/b><b><i>Imagine<\/i><\/b><b> da Meta AI<\/b><\/p>\n<p><span style=\"font-weight: 400\">Usando a palavra <\/span><i><span style=\"font-weight: 400\">imagine<\/span><\/i><span style=\"font-weight: 400\"> ao interagir diretamente com a Meta AI ou em um bate-papo em grupo, voc\u00ea pode criar e compartilhar imagens. <\/span><i><span style=\"font-weight: 400\">Imagine<\/span><\/i><span style=\"font-weight: 400\"> \u00e9 o nosso recurso de gera\u00e7\u00e3o de imagem a partir de texto que permitir\u00e1 que voc\u00ea desperte sua criatividade &#8211; voc\u00ea pode criar um convite personalizado e divertido para a festa de anivers\u00e1rio do seu filho ou combinar com seus amigos para criar imagens divertidas. E n\u00e3o para por a\u00ed. Descobriu uma imagem que voc\u00ea ama? Pe\u00e7a \u00e0 Meta AI para anim\u00e1-la ou ajust\u00e1-la com amigos, pedindo \u00e0 Meta AI para alterar o prompt.<\/span><\/p>\n<p><img data-recalc-dims=\"1\" loading=\"lazy\" decoding=\"async\" class=\"aligncenter size-large wp-image-25939\" src=\"https:\/\/about.fb.com\/br\/wp-content\/uploads\/sites\/11\/2024\/10\/Approved_-Brazil.jpg?w=960&#038;resize=960%2C960\" alt=\"\" width=\"960\" height=\"960\" srcset=\"https:\/\/about.fb.com\/br\/wp-content\/uploads\/sites\/11\/2024\/10\/Approved_-Brazil.jpg?w=1080 1080w, https:\/\/about.fb.com\/br\/wp-content\/uploads\/sites\/11\/2024\/10\/Approved_-Brazil.jpg?w=400 400w, https:\/\/about.fb.com\/br\/wp-content\/uploads\/sites\/11\/2024\/10\/Approved_-Brazil.jpg?w=300 300w, https:\/\/about.fb.com\/br\/wp-content\/uploads\/sites\/11\/2024\/10\/Approved_-Brazil.jpg?w=768 768w, https:\/\/about.fb.com\/br\/wp-content\/uploads\/sites\/11\/2024\/10\/Approved_-Brazil.jpg?w=1024 1024w, https:\/\/about.fb.com\/br\/wp-content\/uploads\/sites\/11\/2024\/10\/Approved_-Brazil.jpg?w=220 220w, https:\/\/about.fb.com\/br\/wp-content\/uploads\/sites\/11\/2024\/10\/Approved_-Brazil.jpg?w=600 600w\" sizes=\"auto, (max-width: 960px) 100vw, 960px\" \/><\/p>\n<p><span style=\"font-weight: 400\">A Meta AI est\u00e1 dentro dos aplicativos da Meta que voc\u00ea usa todos os dias, como WhatsApp, Instagram, Facebook e Messenger. Basta tocar no \u00edcone do c\u00edrculo azul da Meta AI onde quer que voc\u00ea o veja ou digitar \u2018@Meta AI\u2019 em uma mensagem de grupo para us\u00e1-la com amigos.<\/span><\/p>\n","protected":false},"excerpt":{"rendered":"Hoje, estamos iniciando o lan\u00e7amento gradual do assistente de intelig\u00eancia artificial Meta AI no Brasil em toda a nossa fam\u00edlia de aplicativos e tamb\u00e9m no meta.ai, pelo navegador. A Meta AI \u00e9 um dos principais assistentes de IA do mundo para realizar tarefas, aprender, criar e conectar-se com as coisas que s\u00e3o importantes para voc\u00ea. A Meta AI est\u00e1 a caminho de ser o assistente de IA mais usado no mundo at\u00e9 o fim deste ano, com quase 500 milh\u00f5es de usu\u00e1rios ativos por m\u00eas atualmente. Fa\u00e7a a Meta AI trabalhar para voc\u00ea Planejando uma noite com amigos? Pe\u00e7a \u00e0 Meta AI para recomendar restaurantes com \u00f3timas vistas e op\u00e7\u00f5es veganas para voc\u00ea e seus amigos considerarem. Organizando uma viagem de fim de semana? Pe\u00e7a \u00e0 Meta AI para lhe dar ideias de lugares para conhecer ao longo do caminho. Preparando-se para uma prova? Pe\u00e7a \u00e0 Meta AI na web para criar um teste de m\u00faltipla escolha. Mudando para seu primeiro apartamento? Pe\u00e7a \u00e0 Meta AI para \u201cimaginar\u201d a est\u00e9tica que voc\u00ea deseja para que possa criar um painel de refer\u00eancias com imagens geradas por IA para se inspirar em suas compras de m\u00f3veis. Integra\u00e7\u00e3o perfeita de pesquisa nos aplicativos que voc\u00ea conhece e adora A Meta AI tamb\u00e9m est\u00e1 dispon\u00edvel em pesquisas em nossa fam\u00edlia de aplicativos. Voc\u00ea pode acessar informa\u00e7\u00f5es de toda a web sem precisar alternar entre aplicativos. Digamos que voc\u00ea esteja planejando come\u00e7ar uma horta. Usando a pesquisa nos aplicativos da Meta, voc\u00ea pode pedir \u00e0 Meta AI um guia passo a passo sobre como preparar e quais vegetais plantar. Meta IA no feed Voc\u00ea tamb\u00e9m pode acessar a Meta AI ao navegar pelo feed do Facebook. Encontrou uma postagem na qual voc\u00ea est\u00e1 interessado? Voc\u00ea pode pedir mais informa\u00e7\u00f5es \u00e0 Meta AI diretamente na postagem. Se voc\u00ea vir uma foto da aurora boreal na Isl\u00e2ndia, pode perguntar \u00e0 Meta AI qual \u00e9poca do ano \u00e9 melhor para observ\u00e1-la.\u00a0 Desperte sua criatividade com o recurso Imagine da Meta AI Usando a palavra imagine ao interagir diretamente com a Meta AI ou em um bate-papo em grupo, voc\u00ea pode criar e compartilhar imagens. Imagine \u00e9 o nosso recurso de gera\u00e7\u00e3o de imagem a partir de texto que permitir\u00e1 que voc\u00ea desperte sua criatividade &#8211; voc\u00ea pode criar um convite personalizado e divertido para a festa de anivers\u00e1rio do seu filho ou combinar com seus amigos para criar imagens divertidas. E n\u00e3o para por a\u00ed. Descobriu uma imagem que voc\u00ea ama? Pe\u00e7a \u00e0 Meta AI para anim\u00e1-la ou ajust\u00e1-la com amigos, pedindo \u00e0 Meta AI para alterar o prompt. A Meta AI est\u00e1 dentro dos aplicativos da Meta que voc\u00ea usa todos os dias, como WhatsApp, Instagram, Facebook e Messenger. Basta tocar no \u00edcone do c\u00edrculo azul da Meta AI onde quer que voc\u00ea o veja ou digitar \u2018@Meta AI\u2019 em uma mensagem de grupo para us\u00e1-la com amigos.","protected":false},"author":164097234,"featured_media":25938,"comment_status":"closed","ping_status":"closed","sticky":false,"template":"","format":"standard","meta":{"_jetpack_memberships_contains_paid_content":false,"footnotes":""},"categories":[396542114,1,396542170],"tags":[],"class_list":["post-25925","post","type-post","status-publish","format-standard","has-post-thumbnail","hentry","category-meta","category-recent-news","category-tecnologia-e-inovacao"],"yoast_head":"<!-- This site is optimized with the Yoast SEO plugin v27.2 - https:\/\/yoast.com\/product\/yoast-seo-wordpress\/ -->\n<title>Meta AI chega ao Brasil: assistente de intelig\u00eancia artificial come\u00e7a a ser disponibilizado no pa\u00eds | Sobre a Meta<\/title>\n<meta name=\"robots\" content=\"index, follow, max-snippet:-1, max-image-preview:large, max-video-preview:-1\" \/>\n<link rel=\"canonical\" href=\"https:\/\/about.fb.com\/br\/news\/2024\/10\/meta-ai-chega-ao-brasil-assistente-de-inteligencia-artificial-comeca-a-ser-disponibilizado-no-pais\/\" \/>\n<meta property=\"og:locale\" content=\"pt_BR\" \/>\n<meta property=\"og:type\" content=\"article\" \/>\n<meta property=\"og:title\" content=\"Meta AI chega ao Brasil: assistente de intelig\u00eancia artificial come\u00e7a a ser disponibilizado no pa\u00eds | Sobre a Meta\" \/>\n<meta property=\"og:description\" content=\"Hoje, estamos iniciando o lan\u00e7amento gradual do assistente de intelig\u00eancia artificial Meta AI no Brasil em toda a nossa fam\u00edlia de aplicativos e tamb\u00e9m no meta.ai, pelo navegador. A Meta AI \u00e9 um dos principais assistentes de IA do mundo para realizar tarefas, aprender, criar e conectar-se com as coisas que s\u00e3o importantes para voc\u00ea. A Meta AI est\u00e1 a caminho de ser o assistente de IA mais usado no mundo at\u00e9 o fim deste ano, com quase 500 milh\u00f5es de usu\u00e1rios ativos por m\u00eas atualmente. Fa\u00e7a a Meta AI trabalhar para voc\u00ea Planejando uma noite com amigos? Pe\u00e7a \u00e0 Meta AI para recomendar restaurantes com \u00f3timas vistas e op\u00e7\u00f5es veganas para voc\u00ea e seus amigos considerarem. Organizando uma viagem de fim de semana? Pe\u00e7a \u00e0 Meta AI para lhe dar ideias de lugares para conhecer ao longo do caminho. Preparando-se para uma prova? Pe\u00e7a \u00e0 Meta AI na web para criar um teste de m\u00faltipla escolha. Mudando para seu primeiro apartamento? Pe\u00e7a \u00e0 Meta AI para \u201cimaginar\u201d a est\u00e9tica que voc\u00ea deseja para que possa criar um painel de refer\u00eancias com imagens geradas por IA para se inspirar em suas compras de m\u00f3veis. Integra\u00e7\u00e3o perfeita de pesquisa nos aplicativos que voc\u00ea conhece e adora A Meta AI tamb\u00e9m est\u00e1 dispon\u00edvel em pesquisas em nossa fam\u00edlia de aplicativos. Voc\u00ea pode acessar informa\u00e7\u00f5es de toda a web sem precisar alternar entre aplicativos. Digamos que voc\u00ea esteja planejando come\u00e7ar uma horta. Usando a pesquisa nos aplicativos da Meta, voc\u00ea pode pedir \u00e0 Meta AI um guia passo a passo sobre como preparar e quais vegetais plantar. Meta IA no feed Voc\u00ea tamb\u00e9m pode acessar a Meta AI ao navegar pelo feed do Facebook. Encontrou uma postagem na qual voc\u00ea est\u00e1 interessado? Voc\u00ea pode pedir mais informa\u00e7\u00f5es \u00e0 Meta AI diretamente na postagem. Se voc\u00ea vir uma foto da aurora boreal na Isl\u00e2ndia, pode perguntar \u00e0 Meta AI qual \u00e9poca do ano \u00e9 melhor para observ\u00e1-la.\u00a0 Desperte sua criatividade com o recurso Imagine da Meta AI Usando a palavra imagine ao interagir diretamente com a Meta AI ou em um bate-papo em grupo, voc\u00ea pode criar e compartilhar imagens. Imagine \u00e9 o nosso recurso de gera\u00e7\u00e3o de imagem a partir de texto que permitir\u00e1 que voc\u00ea desperte sua criatividade &#8211; voc\u00ea pode criar um convite personalizado e divertido para a festa de anivers\u00e1rio do seu filho ou combinar com seus amigos para criar imagens divertidas. E n\u00e3o para por a\u00ed. Descobriu uma imagem que voc\u00ea ama? Pe\u00e7a \u00e0 Meta AI para anim\u00e1-la ou ajust\u00e1-la com amigos, pedindo \u00e0 Meta AI para alterar o prompt. A Meta AI est\u00e1 dentro dos aplicativos da Meta que voc\u00ea usa todos os dias, como WhatsApp, Instagram, Facebook e Messenger. Basta tocar no \u00edcone do c\u00edrculo azul da Meta AI onde quer que voc\u00ea o veja ou digitar \u2018@Meta AI\u2019 em uma mensagem de grupo para us\u00e1-la com amigos.\" \/>\n<meta property=\"og:url\" content=\"https:\/\/about.fb.com\/br\/news\/2024\/10\/meta-ai-chega-ao-brasil-assistente-de-inteligencia-artificial-comeca-a-ser-disponibilizado-no-pais\/\" \/>\n<meta property=\"og:site_name\" content=\"Sobre a Meta\" \/>\n<meta property=\"article:published_time\" content=\"2024-10-09T15:01:35+00:00\" \/>\n<meta property=\"article:modified_time\" content=\"2024-11-04T18:23:53+00:00\" \/>\n<meta property=\"og:image\" content=\"https:\/\/about.fb.com\/br\/wp-content\/uploads\/sites\/11\/2024\/10\/Meta-AI-Expasion_Header.gif?fit=960%2C540\" \/>\n\t<meta property=\"og:image:width\" content=\"960\" \/>\n\t<meta property=\"og:image:height\" content=\"540\" \/>\n\t<meta property=\"og:image:type\" content=\"image\/gif\" \/>\n<meta name=\"author\" content=\"vivilusor\" \/>\n<meta name=\"twitter:card\" content=\"summary_large_image\" \/>\n<meta name=\"twitter:label1\" content=\"Written by\" \/>\n\t<meta name=\"twitter:data1\" content=\"Meta\" \/>\n\t<meta name=\"twitter:label2\" content=\"Est. reading time\" \/>\n\t<meta name=\"twitter:data2\" content=\"3 minutos\" \/>\n<script type=\"application\/ld+json\" class=\"yoast-schema-graph\">{\"@context\":\"https:\/\/schema.org\",\"@graph\":[{\"@type\":\"Article\",\"@id\":\"https:\/\/about.fb.com\/br\/news\/2024\/10\/meta-ai-chega-ao-brasil-assistente-de-inteligencia-artificial-comeca-a-ser-disponibilizado-no-pais\/#article\",\"isPartOf\":{\"@id\":\"https:\/\/about.fb.com\/br\/news\/2024\/10\/meta-ai-chega-ao-brasil-assistente-de-inteligencia-artificial-comeca-a-ser-disponibilizado-no-pais\/\"},\"author\":\"Facebook company\",\"headline\":\"Meta AI chega ao Brasil: assistente de intelig\u00eancia artificial come\u00e7a a ser disponibilizado no pa\u00eds\",\"datePublished\":\"2024-10-09T15:01:35+00:00\",\"dateModified\":\"2024-11-04T18:23:53+00:00\",\"mainEntityOfPage\":{\"@id\":\"https:\/\/about.fb.com\/br\/news\/2024\/10\/meta-ai-chega-ao-brasil-assistente-de-inteligencia-artificial-comeca-a-ser-disponibilizado-no-pais\/\"},\"wordCount\":529,\"publisher\":{\"@id\":\"https:\/\/about.fb.com\/br\/#organization\"},\"image\":{\"@id\":\"https:\/\/about.fb.com\/br\/news\/2024\/10\/meta-ai-chega-ao-brasil-assistente-de-inteligencia-artificial-comeca-a-ser-disponibilizado-no-pais\/#primaryimage\"},\"thumbnailUrl\":\"https:\/\/about.fb.com\/br\/wp-content\/uploads\/sites\/11\/2024\/10\/Meta-AI-Expasion_Header.gif?fit=1920%2C1080\",\"articleSection\":[\"Meta\",\"Recent News\",\"Tecnologia e Inova\u00e7\u00e3o\"],\"inLanguage\":\"pt-BR\"},{\"@type\":\"WebPage\",\"@id\":\"https:\/\/about.fb.com\/br\/news\/2024\/10\/meta-ai-chega-ao-brasil-assistente-de-inteligencia-artificial-comeca-a-ser-disponibilizado-no-pais\/\",\"url\":\"https:\/\/about.fb.com\/br\/news\/2024\/10\/meta-ai-chega-ao-brasil-assistente-de-inteligencia-artificial-comeca-a-ser-disponibilizado-no-pais\/\",\"name\":\"Meta AI chega ao Brasil: assistente de intelig\u00eancia artificial come\u00e7a a ser disponibilizado no pa\u00eds | Sobre a Meta\",\"isPartOf\":{\"@id\":\"https:\/\/about.fb.com\/br\/#website\"},\"primaryImageOfPage\":{\"@id\":\"https:\/\/about.fb.com\/br\/news\/2024\/10\/meta-ai-chega-ao-brasil-assistente-de-inteligencia-artificial-comeca-a-ser-disponibilizado-no-pais\/#primaryimage\"},\"image\":{\"@id\":\"https:\/\/about.fb.com\/br\/news\/2024\/10\/meta-ai-chega-ao-brasil-assistente-de-inteligencia-artificial-comeca-a-ser-disponibilizado-no-pais\/#primaryimage\"},\"thumbnailUrl\":\"https:\/\/about.fb.com\/br\/wp-content\/uploads\/sites\/11\/2024\/10\/Meta-AI-Expasion_Header.gif?fit=1920%2C1080\",\"datePublished\":\"2024-10-09T15:01:35+00:00\",\"dateModified\":\"2024-11-04T18:23:53+00:00\",\"breadcrumb\":{\"@id\":\"https:\/\/about.fb.com\/br\/news\/2024\/10\/meta-ai-chega-ao-brasil-assistente-de-inteligencia-artificial-comeca-a-ser-disponibilizado-no-pais\/#breadcrumb\"},\"inLanguage\":\"pt-BR\",\"potentialAction\":[{\"@type\":\"ReadAction\",\"target\":[\"https:\/\/about.fb.com\/br\/news\/2024\/10\/meta-ai-chega-ao-brasil-assistente-de-inteligencia-artificial-comeca-a-ser-disponibilizado-no-pais\/\"]}],\"author\":\"Sobre a Meta\"},{\"@type\":\"ImageObject\",\"inLanguage\":\"pt-BR\",\"@id\":\"https:\/\/about.fb.com\/br\/news\/2024\/10\/meta-ai-chega-ao-brasil-assistente-de-inteligencia-artificial-comeca-a-ser-disponibilizado-no-pais\/#primaryimage\",\"url\":\"https:\/\/about.fb.com\/br\/wp-content\/uploads\/sites\/11\/2024\/10\/Meta-AI-Expasion_Header.gif?fit=1920%2C1080\",\"contentUrl\":\"https:\/\/about.fb.com\/br\/wp-content\/uploads\/sites\/11\/2024\/10\/Meta-AI-Expasion_Header.gif?fit=1920%2C1080\",\"width\":1920,\"height\":1080},{\"@type\":\"BreadcrumbList\",\"@id\":\"https:\/\/about.fb.com\/br\/news\/2024\/10\/meta-ai-chega-ao-brasil-assistente-de-inteligencia-artificial-comeca-a-ser-disponibilizado-no-pais\/#breadcrumb\",\"itemListElement\":[{\"@type\":\"ListItem\",\"position\":1,\"name\":\"Home\",\"item\":\"https:\/\/about.fb.com\/br\/\"},{\"@type\":\"ListItem\",\"position\":2,\"name\":\"Meta AI chega ao Brasil: assistente de intelig\u00eancia artificial come\u00e7a a ser disponibilizado no pa\u00eds\"}]},{\"@type\":\"WebSite\",\"@id\":\"https:\/\/about.fb.com\/br\/#website\",\"url\":\"https:\/\/about.fb.com\/news\/\",\"name\":\"Sobre a Meta\",\"description\":\"\",\"publisher\":{\"@id\":\"https:\/\/about.fb.com\/br\/#organization\"},\"potentialAction\":[{\"@type\":\"SearchAction\",\"target\":{\"@type\":\"EntryPoint\",\"urlTemplate\":\"https:\/\/about.fb.com\/br\/?s={search_term_string}\"},\"query-input\":{\"@type\":\"PropertyValueSpecification\",\"valueRequired\":true,\"valueName\":\"search_term_string\"}}],\"inLanguage\":\"pt-BR\",\"alternateName\":[\"Meta Newsroom\",\"Meta\"]},{\"@type\":\"Organization\",\"@id\":\"https:\/\/about.fb.com\/br\/#organization\",\"name\":\"Meta\",\"url\":\"https:\/\/about.fb.com\/br\/\",\"logo\":{\"@type\":\"ImageObject\",\"inLanguage\":\"pt-BR\",\"@id\":\"https:\/\/about.fb.com\/br\/#\/schema\/logo\/image\/\",\"url\":\"https:\/\/about.fb.com\/br\/wp-content\/uploads\/sites\/11\/2021\/10\/meta-social-16x9-1.jpg?fit=8000%2C4500\",\"contentUrl\":\"https:\/\/about.fb.com\/br\/wp-content\/uploads\/sites\/11\/2021\/10\/meta-social-16x9-1.jpg?fit=8000%2C4500\",\"width\":8000,\"height\":4500,\"caption\":\"Meta\"},\"image\":{\"@id\":\"https:\/\/about.fb.com\/br\/#\/schema\/logo\/image\/\"}}]}<\/script>\n<!-- \/ Yoast SEO plugin. -->","yoast_head_json":{"title":"Meta AI chega ao Brasil: assistente de intelig\u00eancia artificial come\u00e7a a ser disponibilizado no pa\u00eds | Sobre a Meta","robots":{"index":"index","follow":"follow","max-snippet":"max-snippet:-1","max-image-preview":"max-image-preview:large","max-video-preview":"max-video-preview:-1"},"canonical":"https:\/\/about.fb.com\/br\/news\/2024\/10\/meta-ai-chega-ao-brasil-assistente-de-inteligencia-artificial-comeca-a-ser-disponibilizado-no-pais\/","og_locale":"pt_BR","og_type":"article","og_title":"Meta AI chega ao Brasil: assistente de intelig\u00eancia artificial come\u00e7a a ser disponibilizado no pa\u00eds | Sobre a Meta","og_description":"Hoje, estamos iniciando o lan\u00e7amento gradual do assistente de intelig\u00eancia artificial Meta AI no Brasil em toda a nossa fam\u00edlia de aplicativos e tamb\u00e9m no meta.ai, pelo navegador. A Meta AI \u00e9 um dos principais assistentes de IA do mundo para realizar tarefas, aprender, criar e conectar-se com as coisas que s\u00e3o importantes para voc\u00ea. A Meta AI est\u00e1 a caminho de ser o assistente de IA mais usado no mundo at\u00e9 o fim deste ano, com quase 500 milh\u00f5es de usu\u00e1rios ativos por m\u00eas atualmente. Fa\u00e7a a Meta AI trabalhar para voc\u00ea Planejando uma noite com amigos? Pe\u00e7a \u00e0 Meta AI para recomendar restaurantes com \u00f3timas vistas e op\u00e7\u00f5es veganas para voc\u00ea e seus amigos considerarem. Organizando uma viagem de fim de semana? Pe\u00e7a \u00e0 Meta AI para lhe dar ideias de lugares para conhecer ao longo do caminho. Preparando-se para uma prova? Pe\u00e7a \u00e0 Meta AI na web para criar um teste de m\u00faltipla escolha. Mudando para seu primeiro apartamento? Pe\u00e7a \u00e0 Meta AI para \u201cimaginar\u201d a est\u00e9tica que voc\u00ea deseja para que possa criar um painel de refer\u00eancias com imagens geradas por IA para se inspirar em suas compras de m\u00f3veis. Integra\u00e7\u00e3o perfeita de pesquisa nos aplicativos que voc\u00ea conhece e adora A Meta AI tamb\u00e9m est\u00e1 dispon\u00edvel em pesquisas em nossa fam\u00edlia de aplicativos. Voc\u00ea pode acessar informa\u00e7\u00f5es de toda a web sem precisar alternar entre aplicativos. Digamos que voc\u00ea esteja planejando come\u00e7ar uma horta. Usando a pesquisa nos aplicativos da Meta, voc\u00ea pode pedir \u00e0 Meta AI um guia passo a passo sobre como preparar e quais vegetais plantar. Meta IA no feed Voc\u00ea tamb\u00e9m pode acessar a Meta AI ao navegar pelo feed do Facebook. Encontrou uma postagem na qual voc\u00ea est\u00e1 interessado? Voc\u00ea pode pedir mais informa\u00e7\u00f5es \u00e0 Meta AI diretamente na postagem. Se voc\u00ea vir uma foto da aurora boreal na Isl\u00e2ndia, pode perguntar \u00e0 Meta AI qual \u00e9poca do ano \u00e9 melhor para observ\u00e1-la.\u00a0 Desperte sua criatividade com o recurso Imagine da Meta AI Usando a palavra imagine ao interagir diretamente com a Meta AI ou em um bate-papo em grupo, voc\u00ea pode criar e compartilhar imagens. Imagine \u00e9 o nosso recurso de gera\u00e7\u00e3o de imagem a partir de texto que permitir\u00e1 que voc\u00ea desperte sua criatividade &#8211; voc\u00ea pode criar um convite personalizado e divertido para a festa de anivers\u00e1rio do seu filho ou combinar com seus amigos para criar imagens divertidas. E n\u00e3o para por a\u00ed. Descobriu uma imagem que voc\u00ea ama? Pe\u00e7a \u00e0 Meta AI para anim\u00e1-la ou ajust\u00e1-la com amigos, pedindo \u00e0 Meta AI para alterar o prompt. A Meta AI est\u00e1 dentro dos aplicativos da Meta que voc\u00ea usa todos os dias, como WhatsApp, Instagram, Facebook e Messenger. Basta tocar no \u00edcone do c\u00edrculo azul da Meta AI onde quer que voc\u00ea o veja ou digitar \u2018@Meta AI\u2019 em uma mensagem de grupo para us\u00e1-la com amigos.","og_url":"https:\/\/about.fb.com\/br\/news\/2024\/10\/meta-ai-chega-ao-brasil-assistente-de-inteligencia-artificial-comeca-a-ser-disponibilizado-no-pais\/","og_site_name":"Sobre a Meta","article_published_time":"2024-10-09T15:01:35+00:00","article_modified_time":"2024-11-04T18:23:53+00:00","og_image":[{"url":"https:\/\/about.fb.com\/br\/wp-content\/uploads\/sites\/11\/2024\/10\/Meta-AI-Expasion_Header.gif?fit=960%2C540","width":960,"height":540,"type":"image\/gif"}],"author":"vivilusor","twitter_card":"summary_large_image","twitter_misc":{"Written by":"Meta","Est. reading time":"3 minutos"},"schema":{"@context":"https:\/\/schema.org","@graph":[{"@type":"Article","@id":"https:\/\/about.fb.com\/br\/news\/2024\/10\/meta-ai-chega-ao-brasil-assistente-de-inteligencia-artificial-comeca-a-ser-disponibilizado-no-pais\/#article","isPartOf":{"@id":"https:\/\/about.fb.com\/br\/news\/2024\/10\/meta-ai-chega-ao-brasil-assistente-de-inteligencia-artificial-comeca-a-ser-disponibilizado-no-pais\/"},"author":"Facebook company","headline":"Meta AI chega ao Brasil: assistente de intelig\u00eancia artificial come\u00e7a a ser disponibilizado no pa\u00eds","datePublished":"2024-10-09T15:01:35+00:00","dateModified":"2024-11-04T18:23:53+00:00","mainEntityOfPage":{"@id":"https:\/\/about.fb.com\/br\/news\/2024\/10\/meta-ai-chega-ao-brasil-assistente-de-inteligencia-artificial-comeca-a-ser-disponibilizado-no-pais\/"},"wordCount":529,"publisher":{"@id":"https:\/\/about.fb.com\/br\/#organization"},"image":{"@id":"https:\/\/about.fb.com\/br\/news\/2024\/10\/meta-ai-chega-ao-brasil-assistente-de-inteligencia-artificial-comeca-a-ser-disponibilizado-no-pais\/#primaryimage"},"thumbnailUrl":"https:\/\/about.fb.com\/br\/wp-content\/uploads\/sites\/11\/2024\/10\/Meta-AI-Expasion_Header.gif?fit=1920%2C1080","articleSection":["Meta","Recent News","Tecnologia e Inova\u00e7\u00e3o"],"inLanguage":"pt-BR"},{"@type":"WebPage","@id":"https:\/\/about.fb.com\/br\/news\/2024\/10\/meta-ai-chega-ao-brasil-assistente-de-inteligencia-artificial-comeca-a-ser-disponibilizado-no-pais\/","url":"https:\/\/about.fb.com\/br\/news\/2024\/10\/meta-ai-chega-ao-brasil-assistente-de-inteligencia-artificial-comeca-a-ser-disponibilizado-no-pais\/","name":"Meta AI chega ao Brasil: assistente de intelig\u00eancia artificial come\u00e7a a ser disponibilizado no pa\u00eds | Sobre a Meta","isPartOf":{"@id":"https:\/\/about.fb.com\/br\/#website"},"primaryImageOfPage":{"@id":"https:\/\/about.fb.com\/br\/news\/2024\/10\/meta-ai-chega-ao-brasil-assistente-de-inteligencia-artificial-comeca-a-ser-disponibilizado-no-pais\/#primaryimage"},"image":{"@id":"https:\/\/about.fb.com\/br\/news\/2024\/10\/meta-ai-chega-ao-brasil-assistente-de-inteligencia-artificial-comeca-a-ser-disponibilizado-no-pais\/#primaryimage"},"thumbnailUrl":"https:\/\/about.fb.com\/br\/wp-content\/uploads\/sites\/11\/2024\/10\/Meta-AI-Expasion_Header.gif?fit=1920%2C1080","datePublished":"2024-10-09T15:01:35+00:00","dateModified":"2024-11-04T18:23:53+00:00","breadcrumb":{"@id":"https:\/\/about.fb.com\/br\/news\/2024\/10\/meta-ai-chega-ao-brasil-assistente-de-inteligencia-artificial-comeca-a-ser-disponibilizado-no-pais\/#breadcrumb"},"inLanguage":"pt-BR","potentialAction":[{"@type":"ReadAction","target":["https:\/\/about.fb.com\/br\/news\/2024\/10\/meta-ai-chega-ao-brasil-assistente-de-inteligencia-artificial-comeca-a-ser-disponibilizado-no-pais\/"]}],"author":"Sobre a Meta"},{"@type":"ImageObject","inLanguage":"pt-BR","@id":"https:\/\/about.fb.com\/br\/news\/2024\/10\/meta-ai-chega-ao-brasil-assistente-de-inteligencia-artificial-comeca-a-ser-disponibilizado-no-pais\/#primaryimage","url":"https:\/\/about.fb.com\/br\/wp-content\/uploads\/sites\/11\/2024\/10\/Meta-AI-Expasion_Header.gif?fit=1920%2C1080","contentUrl":"https:\/\/about.fb.com\/br\/wp-content\/uploads\/sites\/11\/2024\/10\/Meta-AI-Expasion_Header.gif?fit=1920%2C1080","width":1920,"height":1080},{"@type":"BreadcrumbList","@id":"https:\/\/about.fb.com\/br\/news\/2024\/10\/meta-ai-chega-ao-brasil-assistente-de-inteligencia-artificial-comeca-a-ser-disponibilizado-no-pais\/#breadcrumb","itemListElement":[{"@type":"ListItem","position":1,"name":"Home","item":"https:\/\/about.fb.com\/br\/"},{"@type":"ListItem","position":2,"name":"Meta AI chega ao Brasil: assistente de intelig\u00eancia artificial come\u00e7a a ser disponibilizado no pa\u00eds"}]},{"@type":"WebSite","@id":"https:\/\/about.fb.com\/br\/#website","url":"https:\/\/about.fb.com\/news\/","name":"Sobre a Meta","description":"","publisher":{"@id":"https:\/\/about.fb.com\/br\/#organization"},"potentialAction":[{"@type":"SearchAction","target":{"@type":"EntryPoint","urlTemplate":"https:\/\/about.fb.com\/br\/?s={search_term_string}"},"query-input":{"@type":"PropertyValueSpecification","valueRequired":true,"valueName":"search_term_string"}}],"inLanguage":"pt-BR","alternateName":["Meta Newsroom","Meta"]},{"@type":"Organization","@id":"https:\/\/about.fb.com\/br\/#organization","name":"Meta","url":"https:\/\/about.fb.com\/br\/","logo":{"@type":"ImageObject","inLanguage":"pt-BR","@id":"https:\/\/about.fb.com\/br\/#\/schema\/logo\/image\/","url":"https:\/\/about.fb.com\/br\/wp-content\/uploads\/sites\/11\/2021\/10\/meta-social-16x9-1.jpg?fit=8000%2C4500","contentUrl":"https:\/\/about.fb.com\/br\/wp-content\/uploads\/sites\/11\/2021\/10\/meta-social-16x9-1.jpg?fit=8000%2C4500","width":8000,"height":4500,"caption":"Meta"},"image":{"@id":"https:\/\/about.fb.com\/br\/#\/schema\/logo\/image\/"}}]}},"jetpack_featured_media_url":"https:\/\/about.fb.com\/br\/wp-content\/uploads\/sites\/11\/2024\/10\/Meta-AI-Expasion_Header.gif?fit=1920%2C1080","jetpack-related-posts":[{"id":26574,"url":"https:\/\/about.fb.com\/br\/news\/2025\/08\/apresentando-o-app-meta-ai-uma-nova-forma-de-acessar-seu-assistente-de-inteligencia-artificial\/","url_meta":{"origin":25925,"position":0},"title":"Apresentando o app Meta AI: uma nova forma de acessar seu assistente de intelig\u00eancia artificial","author":"Meta","date":"11\/08\/2025","format":false,"excerpt":"Estamos lan\u00e7ando no Brasil o novo app Meta AI, desenvolvido com o Llama, um primeiro passo na constru\u00e7\u00e3o de uma IA mais pessoal. Pessoas ao redor do mundo j\u00e1 utilizam a Meta AI diariamente no WhatsApp, Instagram, Facebook e Messenger. Agora, elas tamb\u00e9m poder\u00e3o optar por interagir com uma IA\u2026","rel":"","context":"In &quot;Meta AI&quot;","block_context":{"text":"Meta AI","link":"https:\/\/about.fb.com\/br\/news\/category\/technologies\/meta-ai\/"},"img":{"alt_text":"","src":"https:\/\/about.fb.com\/br\/wp-content\/uploads\/sites\/11\/2025\/08\/C50-Brazil-Launch_Header.gif?fit=1920%2C1080&resize=350%2C200","width":350,"height":200,"srcset":"https:\/\/about.fb.com\/br\/wp-content\/uploads\/sites\/11\/2025\/08\/C50-Brazil-Launch_Header.gif?fit=1920%2C1080&resize=350%2C200 1x, https:\/\/about.fb.com\/br\/wp-content\/uploads\/sites\/11\/2025\/08\/C50-Brazil-Launch_Header.gif?fit=1920%2C1080&resize=525%2C300 1.5x, https:\/\/about.fb.com\/br\/wp-content\/uploads\/sites\/11\/2025\/08\/C50-Brazil-Launch_Header.gif?fit=1920%2C1080&resize=700%2C400 2x, https:\/\/about.fb.com\/br\/wp-content\/uploads\/sites\/11\/2025\/08\/C50-Brazil-Launch_Header.gif?fit=1920%2C1080&resize=1050%2C600 3x, https:\/\/about.fb.com\/br\/wp-content\/uploads\/sites\/11\/2025\/08\/C50-Brazil-Launch_Header.gif?fit=1920%2C1080&resize=1400%2C800 4x"},"classes":[]},{"id":26121,"url":"https:\/\/about.fb.com\/br\/news\/2025\/01\/construindo-um-assistente-mais-inteligente-e-personalizado\/","url_meta":{"origin":25925,"position":1},"title":"Construindo um assistente mais inteligente e personalizado","author":"Meta","date":"30\/01\/2025","format":false,"excerpt":"\u00c0 medida que a Meta AI est\u00e1 no caminho para se tornar o assistente de IA mais usado, nossa vis\u00e3o \u00e9 transform\u00e1-la em uma das experi\u00eancias de intelig\u00eancia artificial mais personalizadas j\u00e1 criadas. Uma das \u00e1reas em que estamos come\u00e7ando a focar s\u00e3o novos recursos que oferecem informa\u00e7\u00f5es e recomenda\u00e7\u00f5es\u2026","rel":"","context":"In &quot;Meta&quot;","block_context":{"text":"Meta","link":"https:\/\/about.fb.com\/br\/news\/category\/temas-home\/meta\/"},"img":{"alt_text":"","src":"https:\/\/about.fb.com\/br\/wp-content\/uploads\/sites\/11\/2025\/01\/Meta-AI-Personalization-Intro_Header.jpg?fit=1920%2C1080&resize=350%2C200","width":350,"height":200,"srcset":"https:\/\/about.fb.com\/br\/wp-content\/uploads\/sites\/11\/2025\/01\/Meta-AI-Personalization-Intro_Header.jpg?fit=1920%2C1080&resize=350%2C200 1x, https:\/\/about.fb.com\/br\/wp-content\/uploads\/sites\/11\/2025\/01\/Meta-AI-Personalization-Intro_Header.jpg?fit=1920%2C1080&resize=525%2C300 1.5x, https:\/\/about.fb.com\/br\/wp-content\/uploads\/sites\/11\/2025\/01\/Meta-AI-Personalization-Intro_Header.jpg?fit=1920%2C1080&resize=700%2C400 2x, https:\/\/about.fb.com\/br\/wp-content\/uploads\/sites\/11\/2025\/01\/Meta-AI-Personalization-Intro_Header.jpg?fit=1920%2C1080&resize=1050%2C600 3x, https:\/\/about.fb.com\/br\/wp-content\/uploads\/sites\/11\/2025\/01\/Meta-AI-Personalization-Intro_Header.jpg?fit=1920%2C1080&resize=1400%2C800 4x"},"classes":[]},{"id":27074,"url":"https:\/\/about.fb.com\/br\/news\/2026\/04\/apresentamos-o-muse-spark-o-primeiro-modelo-do-msl-desenvolvido-para-priorizar-as-pessoas\/","url_meta":{"origin":25925,"position":2},"title":"Apresentamos o Muse Spark: O Primeiro Modelo do MSL, Desenvolvido para Priorizar as Pessoas","author":"Meta","date":"08\/04\/2026","format":false,"excerpt":"Hoje anunciamos o Muse Spark, o primeiro de uma nova s\u00e9rie de grandes modelos de linguagem criados pelo Meta Superintelligence Labs. Estamos a caminho da superintelig\u00eancia pessoal: um assistente capaz de ajudar qualquer pessoa, em qualquer lugar, com o que mais importa para ela. Um Novo Modelo: Muse Spark Nos\u2026","rel":"","context":"In &quot;Meta&quot;","block_context":{"text":"Meta","link":"https:\/\/about.fb.com\/br\/news\/category\/temas-home\/meta\/"},"img":{"alt_text":"","src":"https:\/\/about.fb.com\/br\/wp-content\/uploads\/sites\/11\/2026\/04\/Introducing-Muse-Spark_Header.gif?fit=1920%2C1080&resize=350%2C200","width":350,"height":200,"srcset":"https:\/\/about.fb.com\/br\/wp-content\/uploads\/sites\/11\/2026\/04\/Introducing-Muse-Spark_Header.gif?fit=1920%2C1080&resize=350%2C200 1x, https:\/\/about.fb.com\/br\/wp-content\/uploads\/sites\/11\/2026\/04\/Introducing-Muse-Spark_Header.gif?fit=1920%2C1080&resize=525%2C300 1.5x, https:\/\/about.fb.com\/br\/wp-content\/uploads\/sites\/11\/2026\/04\/Introducing-Muse-Spark_Header.gif?fit=1920%2C1080&resize=700%2C400 2x, https:\/\/about.fb.com\/br\/wp-content\/uploads\/sites\/11\/2026\/04\/Introducing-Muse-Spark_Header.gif?fit=1920%2C1080&resize=1050%2C600 3x, https:\/\/about.fb.com\/br\/wp-content\/uploads\/sites\/11\/2026\/04\/Introducing-Muse-Spark_Header.gif?fit=1920%2C1080&resize=1400%2C800 4x"},"classes":[]},{"id":26678,"url":"https:\/\/about.fb.com\/br\/news\/2025\/09\/apresentando-o-vibes-uma-nova-forma-de-descobrir-e-criar-videos-com-ia\/","url_meta":{"origin":25925,"position":3},"title":"Apresentando o Vibes: uma nova forma de descobrir e criar v\u00eddeos com IA","author":"Meta","date":"25\/09\/2025","format":false,"excerpt":"Hoje estamos lan\u00e7ando a pr\u00f3xima vers\u00e3o do app Meta AI, incluindo uma pr\u00e9via do Vibes e um novo feed \u2013 tamb\u00e9m dispon\u00edvel em meta.ai \u2013, onde voc\u00ea pode criar e compartilhar v\u00eddeos curtos gerados por IA. O Vibes foi pensado para facilitar a busca por inspira\u00e7\u00e3o criativa e experimentar as\u2026","rel":"","context":"In &quot;Meta AI&quot;","block_context":{"text":"Meta AI","link":"https:\/\/about.fb.com\/br\/news\/category\/technologies\/meta-ai\/"},"img":{"alt_text":"","src":"https:\/\/about.fb.com\/br\/wp-content\/uploads\/sites\/11\/2025\/09\/Vibes_header.gif?fit=960%2C538&resize=350%2C200","width":350,"height":200,"srcset":"https:\/\/about.fb.com\/br\/wp-content\/uploads\/sites\/11\/2025\/09\/Vibes_header.gif?fit=960%2C538&resize=350%2C200 1x, https:\/\/about.fb.com\/br\/wp-content\/uploads\/sites\/11\/2025\/09\/Vibes_header.gif?fit=960%2C538&resize=525%2C300 1.5x, https:\/\/about.fb.com\/br\/wp-content\/uploads\/sites\/11\/2025\/09\/Vibes_header.gif?fit=960%2C538&resize=700%2C400 2x"},"classes":[]},{"id":26337,"url":"https:\/\/about.fb.com\/br\/news\/2025\/04\/meta-lanca-campanha-agiliza-ai-com-meta-ai-estrelada-por-shawn-mendes\/","url_meta":{"origin":25925,"position":4},"title":"Meta lan\u00e7a campanha \u2018Agiliza a\u00ed com Meta AI\u2019, estrelada por Shawn Mendes","author":"Meta","date":"23\/04\/2025","format":false,"excerpt":"A Meta, empresa controladora do WhatsApp, Instagram, Facebook e Threads, acaba de lan\u00e7ar a campanha \u201cAgiliza a\u00ed com Meta AI\u201d, idealizada pela Droga5, que convida os brasileiros a explorarem as in\u00fameras possibilidades que o assistente virtual oferece para facilitar a rotina. Dispon\u00edvel gratuitamente nos aplicativos da empresa desde o fim\u2026","rel":"","context":"In &quot;Meta&quot;","block_context":{"text":"Meta","link":"https:\/\/about.fb.com\/br\/news\/category\/temas-home\/meta\/"},"img":{"alt_text":"","src":"https:\/\/about.fb.com\/br\/wp-content\/uploads\/sites\/11\/2025\/04\/ALLTYPE-169_-copiar.jpg?fit=1920%2C1080&resize=350%2C200","width":350,"height":200,"srcset":"https:\/\/about.fb.com\/br\/wp-content\/uploads\/sites\/11\/2025\/04\/ALLTYPE-169_-copiar.jpg?fit=1920%2C1080&resize=350%2C200 1x, https:\/\/about.fb.com\/br\/wp-content\/uploads\/sites\/11\/2025\/04\/ALLTYPE-169_-copiar.jpg?fit=1920%2C1080&resize=525%2C300 1.5x, https:\/\/about.fb.com\/br\/wp-content\/uploads\/sites\/11\/2025\/04\/ALLTYPE-169_-copiar.jpg?fit=1920%2C1080&resize=700%2C400 2x, https:\/\/about.fb.com\/br\/wp-content\/uploads\/sites\/11\/2025\/04\/ALLTYPE-169_-copiar.jpg?fit=1920%2C1080&resize=1050%2C600 3x, https:\/\/about.fb.com\/br\/wp-content\/uploads\/sites\/11\/2025\/04\/ALLTYPE-169_-copiar.jpg?fit=1920%2C1080&resize=1400%2C800 4x"},"classes":[]},{"id":27026,"url":"https:\/\/about.fb.com\/br\/news\/2026\/03\/reforcando-seu-suporte-e-sua-seguranca-nos-aplicativos-da-meta-com-ia\/","url_meta":{"origin":25925,"position":5},"title":"Refor\u00e7ando seu suporte e sua seguran\u00e7a nos aplicativos da Meta com IA","author":"Meta","date":"19\/03\/2026","format":false,"excerpt":"Hoje, estamos lan\u00e7ando novas ferramentas de IA para suporte e fiscaliza\u00e7\u00e3o de conte\u00fado em nossos aplicativos para que eles funcionem melhor para voc\u00ea. \u00c0 medida que a tecnologia avan\u00e7a, estamos aplicando IA de mais maneiras para que voc\u00ea tenha ajuda confi\u00e1vel e pr\u00e1tica quando precisar, e para que possamos identificar\u2026","rel":"","context":"In &quot;Recent News&quot;","block_context":{"text":"Recent News","link":"https:\/\/about.fb.com\/br\/news\/category\/recent-news\/"},"img":{"alt_text":"","src":"https:\/\/about.fb.com\/br\/wp-content\/uploads\/sites\/11\/2026\/03\/Boosting-Your-Support-and-Safety-on-Metas-Apps-With-AI_Header.jpg?fit=1920%2C1080&resize=350%2C200","width":350,"height":200,"srcset":"https:\/\/about.fb.com\/br\/wp-content\/uploads\/sites\/11\/2026\/03\/Boosting-Your-Support-and-Safety-on-Metas-Apps-With-AI_Header.jpg?fit=1920%2C1080&resize=350%2C200 1x, https:\/\/about.fb.com\/br\/wp-content\/uploads\/sites\/11\/2026\/03\/Boosting-Your-Support-and-Safety-on-Metas-Apps-With-AI_Header.jpg?fit=1920%2C1080&resize=525%2C300 1.5x, https:\/\/about.fb.com\/br\/wp-content\/uploads\/sites\/11\/2026\/03\/Boosting-Your-Support-and-Safety-on-Metas-Apps-With-AI_Header.jpg?fit=1920%2C1080&resize=700%2C400 2x, https:\/\/about.fb.com\/br\/wp-content\/uploads\/sites\/11\/2026\/03\/Boosting-Your-Support-and-Safety-on-Metas-Apps-With-AI_Header.jpg?fit=1920%2C1080&resize=1050%2C600 3x, https:\/\/about.fb.com\/br\/wp-content\/uploads\/sites\/11\/2026\/03\/Boosting-Your-Support-and-Safety-on-Metas-Apps-With-AI_Header.jpg?fit=1920%2C1080&resize=1400%2C800 4x"},"classes":[]}],"jetpack_sharing_enabled":true,"amp_enabled":true,"_links":{"self":[{"href":"https:\/\/about.fb.com\/br\/wp-json\/wp\/v2\/posts\/25925","targetHints":{"allow":["GET"]}}],"collection":[{"href":"https:\/\/about.fb.com\/br\/wp-json\/wp\/v2\/posts"}],"about":[{"href":"https:\/\/about.fb.com\/br\/wp-json\/wp\/v2\/types\/post"}],"author":[{"embeddable":true,"href":"https:\/\/about.fb.com\/br\/wp-json\/wp\/v2\/users\/164097234"}],"replies":[{"embeddable":true,"href":"https:\/\/about.fb.com\/br\/wp-json\/wp\/v2\/comments?post=25925"}],"version-history":[{"count":2,"href":"https:\/\/about.fb.com\/br\/wp-json\/wp\/v2\/posts\/25925\/revisions"}],"predecessor-version":[{"id":25946,"href":"https:\/\/about.fb.com\/br\/wp-json\/wp\/v2\/posts\/25925\/revisions\/25946"}],"wp:featuredmedia":[{"embeddable":true,"href":"https:\/\/about.fb.com\/br\/wp-json\/wp\/v2\/media\/25938"}],"wp:attachment":[{"href":"https:\/\/about.fb.com\/br\/wp-json\/wp\/v2\/media?parent=25925"}],"wp:term":[{"taxonomy":"category","embeddable":true,"href":"https:\/\/about.fb.com\/br\/wp-json\/wp\/v2\/categories?post=25925"},{"taxonomy":"post_tag","embeddable":true,"href":"https:\/\/about.fb.com\/br\/wp-json\/wp\/v2\/tags?post=25925"}],"curies":[{"name":"wp","href":"https:\/\/api.w.org\/{rel}","templated":true}]}}