{"id":25044,"date":"2023-07-27T15:44:02","date_gmt":"2023-07-27T18:44:02","guid":{"rendered":"https:\/\/about.fb.com\/br\/?p=25044"},"modified":"2023-07-27T15:44:02","modified_gmt":"2023-07-27T18:44:02","slug":"estudos-inovadores-podem-nos-ajudar-a-responder-as-perguntas-mais-dificeis-sobre-redes-sociais-e-democracia","status":"publish","type":"post","link":"https:\/\/about.fb.com\/br\/news\/2023\/07\/estudos-inovadores-podem-nos-ajudar-a-responder-as-perguntas-mais-dificeis-sobre-redes-sociais-e-democracia\/","title":{"rendered":"Estudos inovadores podem nos ajudar a responder \u00e0s perguntas mais dif\u00edceis sobre redes sociais e democracia"},"content":{"rendered":"<p><span style=\"font-weight: 400\">\u00c0 medida que as plataformas de rede social possibilitaram \u00e0s pessoas se conectarem umas com as outras, se expressarem livremente e constru\u00edrem e fazerem parte de comunidades sem fronteiras, o debate pol\u00edtico online entrou em erup\u00e7\u00e3o. Plataformas como o Facebook e o Instagram se tornaram um palco do debate democr\u00e1tico \u2013 entre cidad\u00e3os, candidatos e eleitores, e para ativistas e grupos de <\/span><i><span style=\"font-weight: 400\">advocacy<\/span><\/i><span style=\"font-weight: 400\">. Muito disso \u00e9 positivo \u2013 embora estridente, bagun\u00e7ado e, muitas vezes, intenso.\u00a0<\/span><\/p>\n<p><span style=\"font-weight: 400\">Mas, com essas tecnologias sendo t\u00e3o novas e seu surgimento ocorrendo durante um per\u00edodo de profunda e ampla disrup\u00e7\u00e3o econ\u00f4mica, pol\u00edtica e tecnol\u00f3gica, nossa compreens\u00e3o do papel das redes sociais na sociedade ainda \u00e9 imperfeita e incompleta. Estamos diante de uma s\u00e9rie de quest\u00f5es importantes para as quais ainda n\u00e3o h\u00e1 respostas definitivas com base em evid\u00eancias emp\u00edricas claras. As redes sociais nos tornam mais polarizados como sociedade ou apenas refletem divis\u00f5es que j\u00e1 existem? Ajudam as pessoas a se informarem melhor sobre pol\u00edtica, ou menos? Como isso afeta as atitudes das pessoas em rela\u00e7\u00e3o aos governos e \u00e0 democracia?<\/span><\/p>\n<p><span style=\"font-weight: 400\">Hoje temos novas evid\u00eancias para nos ajudar a responder a algumas dessas perguntas. Antes da elei\u00e7\u00e3o presidencial dos EUA, em 2020, houve uma oportunidade de criar uma base de evid\u00eancias para que os pesquisadores pudessem se aprofundar nessas e em outras quest\u00f5es, bem como uma forte demanda dos acad\u00eamicos para realizar estudos. Esse foi o impulso por tr\u00e1s de uma parceria de pesquisa sem precedentes entre a Meta e acad\u00eamicos externos para entender melhor o impacto do Facebook e do Instagram nas principais atitudes e comportamentos pol\u00edticos durante esse per\u00edodo eleitoral. O resultado disso foi uma s\u00e9rie de estudos, dos quais os quatro primeiros est\u00e3o sendo publicados hoje. A inten\u00e7\u00e3o \u00e9 que mais artigos \u2013 16 no total \u2013 sejam publicados no futuro.\u00a0<\/span><\/p>\n<p><span style=\"font-weight: 400\">Os artigos publicados hoje contemplam estudos sobre os efeitos da classifica\u00e7\u00e3o algor\u00edtmica e da viralidade, a preval\u00eancia e os efeitos da exposi\u00e7\u00e3o de informa\u00e7\u00f5es semelhantes no Facebook e a segrega\u00e7\u00e3o ideol\u00f3gica na exposi\u00e7\u00e3o a not\u00edcias.. Embora as perguntas sobre o impacto das redes sociais nas principais atitudes, cren\u00e7as e comportamentos pol\u00edticos n\u00e3o estejam totalmente solucionadas, as descobertas desses experimentos se somam a um corpo de pesquisa crescente que mostra que h\u00e1 poucas evid\u00eancias de que os principais recursos das plataformas da Meta, sozinhos, causem polariza\u00e7\u00e3o &#8216;afetiva&#8217; prejudicial ou tenham efeitos significativos sobre esses resultados. Eles tamb\u00e9m contestam a afirma\u00e7\u00e3o comum de que a capacidade de compartilhamento de conte\u00fado nas redes sociais impulsione a polariza\u00e7\u00e3o.<\/span><\/p>\n<p><span style=\"font-weight: 400\">Por exemplo, o resumo de um artigo da revista Nature afirma que as descobertas &#8220;desafiam as vis\u00f5es sobre at\u00e9 que ponto as &#8216;c\u00e2maras de eco&#8217; das redes sociais impulsionam a polariza\u00e7\u00e3o pol\u00edtica&#8221;. Al\u00e9m disso, os co-l\u00edderes da pesquisa afirmaram que &#8220;o conte\u00fado compartilhado no Facebook surtiu uma diminui\u00e7\u00e3o no conhecimento de not\u00edcias entre os participantes do estudo e n\u00e3o afetou significativamente a polariza\u00e7\u00e3o pol\u00edtica ou outras atitudes individuais de teor pol\u00edtico&#8221;.<\/span><\/p>\n<p><span style=\"font-weight: 400\">Uma nova perspectiva tamb\u00e9m \u00e9 lan\u00e7ada sobre a declara\u00e7\u00e3o t\u00e3o difundida de que as redes sociais \u2013 e os algoritmos da Meta, especificamente \u2013 apresentam \u00e0s pessoas um conte\u00fado que as mant\u00e9m divididas e, portanto, as polariza. Um dos artigos mostra que h\u00e1 uma segrega\u00e7\u00e3o ideol\u00f3gica consider\u00e1vel no consumo de not\u00edcias pol\u00edticas, refletindo uma intera\u00e7\u00e3o\u00a0 complexa entre fatores algor\u00edtmicos e sociais. Apesar disso, quando os participantes do experimento viam uma quantidade reduzida de conte\u00fado de fontes que refor\u00e7assem seus pontos de vista, eles eram realmente mais propensos a se envolver com o conte\u00fado que viam. E, mesmo assim, n\u00e3o houve impacto detect\u00e1vel na polariza\u00e7\u00e3o, atitudes\u00a0 ou cren\u00e7as pol\u00edticas.<\/span><\/p>\n<p><a href=\"https:\/\/journalism.wisc.edu\/staff\/michael-wagner\/\"><span style=\"font-weight: 400\">Michael Wagner,<\/span><\/a><span style=\"font-weight: 400\"> professor da Universidade de Wisconsin, acompanhou todo o processo de pesquisa para documentar e comentar publicamente o desenvolvimento do estudo como um observador independente. E, conforme Dr. Wagner descreve em sua introdu\u00e7\u00e3o aos artigos, as mudan\u00e7as no que os usu\u00e1rios viram em seus feeds ou se encontraram conte\u00fado compartilhado &#8220;n\u00e3o reduziram a polariza\u00e7\u00e3o ou melhoraram o conhecimento pol\u00edtico durante a elei\u00e7\u00e3o americana<\/span><\/p>\n<p><span style=\"font-weight: 400\">Continuaremos a analisar esses artigos na \u00edntegra, bem como aqueles que esperamos que sejam publicados nos pr\u00f3ximos meses.\u00a0\u00a0<\/span><\/p>\n<p><span style=\"font-weight: 400\">Esta \u00e9 a primeira vez que a Meta, ou qualquer outra empresa de tecnologia, firma uma parceria desse tipo para estudar, de forma transparente, seu impacto nas elei\u00e7\u00f5es. Os pesquisadores externos tinham total independ\u00eancia operacional e intelectual durante o processo. Eles n\u00e3o foram pagos pela Meta e tamb\u00e9m n\u00e3o responderam para n\u00f3s. Firmamos com eles os mesmos contratos que assinamos com outros pesquisadores independentes que usam nossos dados, que s\u00e3o divulgados publicamente no<\/span><a href=\"https:\/\/socialscience.one\/research-data-agreement\"><span style=\"font-weight: 400\"> site da Social Science One<\/span><\/a><span style=\"font-weight: 400\">.<\/span><\/p>\n<p><span style=\"font-weight: 400\">O projeto US 2020 \u00e9 uma parceria entre pesquisadores da Meta e acad\u00eamicos externos liderados pela professora <\/span><a href=\"https:\/\/commstudies.utexas.edu\/faculty\/natalie-jomini-stroud\"><span style=\"font-weight: 400\">Talia Jomini Stroud<\/span><\/a><span style=\"font-weight: 400\">, fundadora e atual diretora do <\/span><a href=\"https:\/\/mediaengagement.org\/\"><span style=\"font-weight: 400\">Centro de Engajamento de M\u00eddia<\/span><\/a><span style=\"font-weight: 400\"> da Universidade do Texas, em Austin, e pelo professor <\/span><a href=\"https:\/\/wp.nyu.edu\/fas-joshuatucker\/\"><span style=\"font-weight: 400\">Joshua A. Tucker<\/span><\/a><span style=\"font-weight: 400\">, co-diretor do <\/span><a href=\"https:\/\/csmapnyu.org\/\"><span style=\"font-weight: 400\">Centro de Redes Sociais e Pol\u00edtica<\/span><\/a><span style=\"font-weight: 400\"> na Universidade de Nova York. Os professores Stroud e Tucker selecionaram 15 pesquisadores adicionais para colaborar neste esfor\u00e7o, com base em seus conhecimentos. Os pesquisadores internos da Meta desenharam os estudos em conjunto com esses parceiros externos. \u00c9 importante ressaltar que nem os pesquisadores da Meta nem\u00a0 a empresa como um todo t\u00eam autoridade para restringir os achados \u2013 independentemente de serem favor\u00e1veis, ou n\u00e3o, para a empresa.\u00a0<\/span><\/p>\n<p><span style=\"font-weight: 400\">Conforme <\/span><a href=\"https:\/\/medium.com\/@2020_election_research_project\/a-proposal-for-understanding-social-medias-impact-on-elections-4ca5b7aae10\"><span style=\"font-weight: 400\">explicado por quatro dos principais pesquisadores neste texto<\/span><\/a><span style=\"font-weight: 400\">, o intuito do projeto quando foi anunciado era de superar dois grandes obst\u00e1culos que impediram pesquisas pr\u00e9vias sobre essas quest\u00f5es. Em primeiro lugar, que &#8220;a crescente preocupa\u00e7\u00e3o p\u00fablica e as obriga\u00e7\u00f5es legais relacionadas \u00e0 privacidade de dados levaram as empresas de redes sociais a restringir o acesso a dados usados anteriormente por pesquisadores externos&#8221;. E, em segundo lugar, que &#8220;\u00e9 dif\u00edcil realizar um estudo cient\u00edfico rigoroso sobre o impacto das redes sociais ap\u00f3s o ocorrido&#8221;.<\/span><\/p>\n<p><span style=\"font-weight: 400\">Para endere\u00e7ar\u00a0 essas quest\u00f5es, os dados foram coletados durante o per\u00edodo eleitoral \u2013 e n\u00e3o depois \u2013 e solicitamos o consentimento expl\u00edcito e notificamos aqueles que optaram por fazer parte da pesquisa que analisa dados individuais. Isso significa que os participantes da pesquisa consentiram tanto com o uso de seus dados quanto com informa\u00e7\u00f5es sobre como e por que seus dados seriam utilizados. Al\u00e9m disso, como parte dos estudos, os pesquisadores tamb\u00e9m analisaram dados agregados de usu\u00e1rios no Facebook e no Instagram para ajud\u00e1-los a entender os padr\u00f5es. Os estudos \u2013 e a linguagem de consentimento \u2013 tamb\u00e9m foram revisados e aprovados por um Comit\u00ea de \u00c9tica em Pesquisa (CEP) para garantir que seguissem altos padr\u00f5es \u00e9ticos.<\/span><\/p>\n<p><span style=\"font-weight: 400\">Os resultados foram apresentados abertamente em peri\u00f3dicos acad\u00eamicos, o que significa que estar\u00e3o dispon\u00edveis gratuitamente ao p\u00fablico. A Meta e os pesquisadores tamb\u00e9m documentaram planos de estudo e hip\u00f3teses com anteced\u00eancia por meio de um <\/span><a href=\"https:\/\/www.pnas.org\/content\/115\/11\/2600\"><span style=\"font-weight: 400\">processo de pr\u00e9-registro<\/span><\/a><span style=\"font-weight: 400\"> e esses compromissos iniciais ser\u00e3o lan\u00e7ados ap\u00f3s a publica\u00e7\u00e3o dos estudos. Isso significa que as pessoas poder\u00e3o verificar se fizemos o que dissemos que far\u00edamos \u2013 e que n\u00e3o escondemos nenhum dos resultados. Al\u00e9m disso, para executar suas pr\u00f3prias an\u00e1lises e verificar melhor o nosso dever de casa, planejamos fornecer dados n\u00e3o identificados (ou seja, dados que n\u00e3o podem ser vinculados a um indiv\u00edduo) nos estudos que realizamos. Esses dados fundamentais ser\u00e3o <\/span><a href=\"https:\/\/www.icpsr.umich.edu\/web\/about\/cms\/4535\"><span style=\"font-weight: 400\">arquivados<\/span><\/a><span style=\"font-weight: 400\"> pelo Cons\u00f3rcio Interuniversit\u00e1rio de Pesquisa Pol\u00edtica e Social (ICPSR), parte do Instituto de Pesquisa Social da Universidade de Michigan, onde estar\u00e3o dispon\u00edveis para que outros pesquisadores executem suas pr\u00f3prias an\u00e1lises e verifiquem a validade dos resultados.\u00a0<\/span><\/p>\n<p><span style=\"font-weight: 400\">No ano passado, os produtos de transpar\u00eancia da Meta foram usados para aprofundar pesquisas acad\u00eamicas sobre elei\u00e7\u00f5es, polariza\u00e7\u00e3o, viol\u00eancia digital, desinforma\u00e7\u00e3o e quest\u00f5es sociais urgentes em dezenas de publica\u00e7\u00f5es. Recentemente, anunciamos que os pesquisadores podem solicitar acesso \u00e0s vers\u00f5es beta de um novo conjunto de ferramentas de pesquisa: a Meta Content Library e a API. A Biblioteca inclui dados de publica\u00e7\u00f5es, p\u00e1ginas, grupos e eventos p\u00fablicos no Facebook. Para o Instagram, incluir\u00e1 postagens p\u00fablicas e dados de contas de criadores e empresas. Os dados da Biblioteca podem ser pesquisados, explorados e filtrados em uma interface gr\u00e1fica do usu\u00e1rio ou por meio de uma API program\u00e1tica.<\/span><\/p>\n<p><span style=\"font-weight: 400\">A pesquisa publicada nesses artigos n\u00e3o resolver\u00e1 todos os debates sobre redes sociais e democracia, mas esperamos e torcemos para que ela avance a compreens\u00e3o da sociedade sobre essas quest\u00f5es. Suas descobertas ser\u00e3o extremamente valiosas para n\u00f3s, e esperamos que tamb\u00e9m ajudem os pol\u00edticos a definir as regras do uso da internet \u2013 para o benef\u00edcio de nossa democracia e da sociedade como um todo. <\/span><\/p>\n","protected":false},"excerpt":{"rendered":"\u00c0 medida que as plataformas de rede social possibilitaram \u00e0s pessoas se conectarem umas com as outras, se expressarem livremente e constru\u00edrem e fazerem parte de comunidades sem fronteiras, o debate pol\u00edtico online entrou em erup\u00e7\u00e3o. Plataformas como o Facebook e o Instagram se tornaram um palco do debate democr\u00e1tico \u2013 entre cidad\u00e3os, candidatos e eleitores, e para ativistas e grupos de advocacy. Muito disso \u00e9 positivo \u2013 embora estridente, bagun\u00e7ado e, muitas vezes, intenso.\u00a0 Mas, com essas tecnologias sendo t\u00e3o novas e seu surgimento ocorrendo durante um per\u00edodo de profunda e ampla disrup\u00e7\u00e3o econ\u00f4mica, pol\u00edtica e tecnol\u00f3gica, nossa compreens\u00e3o do papel das redes sociais na sociedade ainda \u00e9 imperfeita e incompleta. Estamos diante de uma s\u00e9rie de quest\u00f5es importantes para as quais ainda n\u00e3o h\u00e1 respostas definitivas com base em evid\u00eancias emp\u00edricas claras. As redes sociais nos tornam mais polarizados como sociedade ou apenas refletem divis\u00f5es que j\u00e1 existem? Ajudam as pessoas a se informarem melhor sobre pol\u00edtica, ou menos? Como isso afeta as atitudes das pessoas em rela\u00e7\u00e3o aos governos e \u00e0 democracia? Hoje temos novas evid\u00eancias para nos ajudar a responder a algumas dessas perguntas. Antes da elei\u00e7\u00e3o presidencial dos EUA, em 2020, houve uma oportunidade de criar uma base de evid\u00eancias para que os pesquisadores pudessem se aprofundar nessas e em outras quest\u00f5es, bem como uma forte demanda dos acad\u00eamicos para realizar estudos. Esse foi o impulso por tr\u00e1s de uma parceria de pesquisa sem precedentes entre a Meta e acad\u00eamicos externos para entender melhor o impacto do Facebook e do Instagram nas principais atitudes e comportamentos pol\u00edticos durante esse per\u00edodo eleitoral. O resultado disso foi uma s\u00e9rie de estudos, dos quais os quatro primeiros est\u00e3o sendo publicados hoje. A inten\u00e7\u00e3o \u00e9 que mais artigos \u2013 16 no total \u2013 sejam publicados no futuro.\u00a0 Os artigos publicados hoje contemplam estudos sobre os efeitos da classifica\u00e7\u00e3o algor\u00edtmica e da viralidade, a preval\u00eancia e os efeitos da exposi\u00e7\u00e3o de informa\u00e7\u00f5es semelhantes no Facebook e a segrega\u00e7\u00e3o ideol\u00f3gica na exposi\u00e7\u00e3o a not\u00edcias.. Embora as perguntas sobre o impacto das redes sociais nas principais atitudes, cren\u00e7as e comportamentos pol\u00edticos n\u00e3o estejam totalmente solucionadas, as descobertas desses experimentos se somam a um corpo de pesquisa crescente que mostra que h\u00e1 poucas evid\u00eancias de que os principais recursos das plataformas da Meta, sozinhos, causem polariza\u00e7\u00e3o &#8216;afetiva&#8217; prejudicial ou tenham efeitos significativos sobre esses resultados. Eles tamb\u00e9m contestam a afirma\u00e7\u00e3o comum de que a capacidade de compartilhamento de conte\u00fado nas redes sociais impulsione a polariza\u00e7\u00e3o. Por exemplo, o resumo de um artigo da revista Nature afirma que as descobertas &#8220;desafiam as vis\u00f5es sobre at\u00e9 que ponto as &#8216;c\u00e2maras de eco&#8217; das redes sociais impulsionam a polariza\u00e7\u00e3o pol\u00edtica&#8221;. Al\u00e9m disso, os co-l\u00edderes da pesquisa afirmaram que &#8220;o conte\u00fado compartilhado no Facebook surtiu uma diminui\u00e7\u00e3o no conhecimento de not\u00edcias entre os participantes do estudo e n\u00e3o afetou significativamente a polariza\u00e7\u00e3o pol\u00edtica ou outras atitudes individuais de teor pol\u00edtico&#8221;. Uma nova perspectiva tamb\u00e9m \u00e9 lan\u00e7ada sobre a declara\u00e7\u00e3o t\u00e3o difundida de que as redes sociais \u2013 e os algoritmos da Meta, especificamente \u2013 apresentam \u00e0s pessoas um conte\u00fado que as mant\u00e9m divididas e, portanto, as polariza. Um dos artigos mostra que h\u00e1 uma segrega\u00e7\u00e3o ideol\u00f3gica consider\u00e1vel no consumo de not\u00edcias pol\u00edticas, refletindo uma intera\u00e7\u00e3o\u00a0 complexa entre fatores algor\u00edtmicos e sociais. Apesar disso, quando os participantes do experimento viam uma quantidade reduzida de conte\u00fado de fontes que refor\u00e7assem seus pontos de vista, eles eram realmente mais propensos a se envolver com o conte\u00fado que viam. E, mesmo assim, n\u00e3o houve impacto detect\u00e1vel na polariza\u00e7\u00e3o, atitudes\u00a0 ou cren\u00e7as pol\u00edticas. Michael Wagner, professor da Universidade de Wisconsin, acompanhou todo o processo de pesquisa para documentar e comentar publicamente o desenvolvimento do estudo como um observador independente. E, conforme Dr. Wagner descreve em sua introdu\u00e7\u00e3o aos artigos, as mudan\u00e7as no que os usu\u00e1rios viram em seus feeds ou se encontraram conte\u00fado compartilhado &#8220;n\u00e3o reduziram a polariza\u00e7\u00e3o ou melhoraram o conhecimento pol\u00edtico durante a elei\u00e7\u00e3o americana Continuaremos a analisar esses artigos na \u00edntegra, bem como aqueles que esperamos que sejam publicados nos pr\u00f3ximos meses.\u00a0\u00a0 Esta \u00e9 a primeira vez que a Meta, ou qualquer outra empresa de tecnologia, firma uma parceria desse tipo para estudar, de forma transparente, seu impacto nas elei\u00e7\u00f5es. Os pesquisadores externos tinham total independ\u00eancia operacional e intelectual durante o processo. Eles n\u00e3o foram pagos pela Meta e tamb\u00e9m n\u00e3o responderam para n\u00f3s. Firmamos com eles os mesmos contratos que assinamos com outros pesquisadores independentes que usam nossos dados, que s\u00e3o divulgados publicamente no site da Social Science One. O projeto US 2020 \u00e9 uma parceria entre pesquisadores da Meta e acad\u00eamicos externos liderados pela professora Talia Jomini Stroud, fundadora e atual diretora do Centro de Engajamento de M\u00eddia da Universidade do Texas, em Austin, e pelo professor Joshua A. Tucker, co-diretor do Centro de Redes Sociais e Pol\u00edtica na Universidade de Nova York. Os professores Stroud e Tucker selecionaram 15 pesquisadores adicionais para colaborar neste esfor\u00e7o, com base em seus conhecimentos. Os pesquisadores internos da Meta desenharam os estudos em conjunto com esses parceiros externos. \u00c9 importante ressaltar que nem os pesquisadores da Meta nem\u00a0 a empresa como um todo t\u00eam autoridade para restringir os achados \u2013 independentemente de serem favor\u00e1veis, ou n\u00e3o, para a empresa.\u00a0 Conforme explicado por quatro dos principais pesquisadores neste texto, o intuito do projeto quando foi anunciado era de superar dois grandes obst\u00e1culos que impediram pesquisas pr\u00e9vias sobre essas quest\u00f5es. Em primeiro lugar, que &#8220;a crescente preocupa\u00e7\u00e3o p\u00fablica e as obriga\u00e7\u00f5es legais relacionadas \u00e0 privacidade de dados levaram as empresas de redes sociais a restringir o acesso a dados usados anteriormente por pesquisadores externos&#8221;. E, em segundo lugar, que &#8220;\u00e9 dif\u00edcil realizar um estudo cient\u00edfico rigoroso sobre o impacto das redes sociais ap\u00f3s o ocorrido&#8221;. Para endere\u00e7ar\u00a0 essas quest\u00f5es, os dados foram coletados durante o per\u00edodo eleitoral \u2013 e n\u00e3o depois \u2013 e solicitamos o consentimento expl\u00edcito e notificamos aqueles que optaram por fazer parte da pesquisa que analisa dados individuais. Isso significa que os participantes da pesquisa consentiram tanto com o uso de seus dados quanto com informa\u00e7\u00f5es sobre como e por que seus dados seriam utilizados. Al\u00e9m disso, como parte dos estudos, os pesquisadores tamb\u00e9m analisaram dados agregados de usu\u00e1rios no Facebook e no Instagram para ajud\u00e1-los a entender os padr\u00f5es. Os estudos \u2013 e a linguagem de consentimento \u2013 tamb\u00e9m foram revisados e aprovados por um Comit\u00ea de \u00c9tica em Pesquisa (CEP) para garantir que seguissem altos padr\u00f5es \u00e9ticos. Os resultados foram apresentados abertamente em peri\u00f3dicos acad\u00eamicos, o que significa que estar\u00e3o dispon\u00edveis gratuitamente ao p\u00fablico. A Meta e os pesquisadores tamb\u00e9m documentaram planos de estudo e hip\u00f3teses com anteced\u00eancia por meio de um processo de pr\u00e9-registro e esses compromissos iniciais ser\u00e3o lan\u00e7ados ap\u00f3s a publica\u00e7\u00e3o dos estudos. Isso significa que as pessoas poder\u00e3o verificar se fizemos o que dissemos que far\u00edamos \u2013 e que n\u00e3o escondemos nenhum dos resultados. Al\u00e9m disso, para executar suas pr\u00f3prias an\u00e1lises e verificar melhor o nosso dever de casa, planejamos fornecer dados n\u00e3o identificados (ou seja, dados que n\u00e3o podem ser vinculados a um indiv\u00edduo) nos estudos que realizamos. Esses dados fundamentais ser\u00e3o arquivados pelo Cons\u00f3rcio Interuniversit\u00e1rio de Pesquisa Pol\u00edtica e Social (ICPSR), parte do Instituto de Pesquisa Social da Universidade de Michigan, onde estar\u00e3o dispon\u00edveis para que outros pesquisadores executem suas pr\u00f3prias an\u00e1lises e verifiquem a validade dos resultados.\u00a0 No ano passado, os produtos de transpar\u00eancia da Meta foram usados para aprofundar pesquisas acad\u00eamicas sobre elei\u00e7\u00f5es, polariza\u00e7\u00e3o, viol\u00eancia digital, desinforma\u00e7\u00e3o e quest\u00f5es sociais urgentes em dezenas de publica\u00e7\u00f5es. Recentemente, anunciamos que os pesquisadores podem solicitar acesso \u00e0s vers\u00f5es beta de um novo conjunto de ferramentas de pesquisa: a Meta Content Library e a API. A Biblioteca inclui dados de publica\u00e7\u00f5es, p\u00e1ginas, grupos e eventos p\u00fablicos no Facebook. Para o Instagram, incluir\u00e1 postagens p\u00fablicas e dados de contas de criadores e empresas. Os dados da Biblioteca podem ser pesquisados, explorados e filtrados em uma interface gr\u00e1fica do usu\u00e1rio ou por meio de uma API program\u00e1tica. A pesquisa publicada nesses artigos n\u00e3o resolver\u00e1 todos os debates sobre redes sociais e democracia, mas esperamos e torcemos para que ela avance a compreens\u00e3o da sociedade sobre essas quest\u00f5es. Suas descobertas ser\u00e3o extremamente valiosas para n\u00f3s, e esperamos que tamb\u00e9m ajudem os pol\u00edticos a definir as regras do uso da internet \u2013 para o benef\u00edcio de nossa democracia e da sociedade como um todo.","protected":false},"author":164097222,"featured_media":25045,"comment_status":"closed","ping_status":"closed","sticky":false,"template":"","format":"standard","meta":{"_jetpack_memberships_contains_paid_content":false,"footnotes":""},"categories":[396542114,1],"tags":[],"class_list":["post-25044","post","type-post","status-publish","format-standard","has-post-thumbnail","hentry","category-meta","category-recent-news"],"yoast_head":"<!-- This site is optimized with the Yoast SEO plugin v27.2 - https:\/\/yoast.com\/product\/yoast-seo-wordpress\/ -->\n<title>Estudos inovadores podem nos ajudar a responder \u00e0s perguntas mais dif\u00edceis sobre redes sociais e democracia | Sobre a Meta<\/title>\n<meta name=\"robots\" content=\"index, follow, max-snippet:-1, max-image-preview:large, max-video-preview:-1\" \/>\n<link rel=\"canonical\" href=\"https:\/\/about.fb.com\/br\/news\/2023\/07\/estudos-inovadores-podem-nos-ajudar-a-responder-as-perguntas-mais-dificeis-sobre-redes-sociais-e-democracia\/\" \/>\n<meta property=\"og:locale\" content=\"pt_BR\" \/>\n<meta property=\"og:type\" content=\"article\" \/>\n<meta property=\"og:title\" content=\"Estudos inovadores podem nos ajudar a responder \u00e0s perguntas mais dif\u00edceis sobre redes sociais e democracia | Sobre a Meta\" \/>\n<meta property=\"og:description\" content=\"\u00c0 medida que as plataformas de rede social possibilitaram \u00e0s pessoas se conectarem umas com as outras, se expressarem livremente e constru\u00edrem e fazerem parte de comunidades sem fronteiras, o debate pol\u00edtico online entrou em erup\u00e7\u00e3o. Plataformas como o Facebook e o Instagram se tornaram um palco do debate democr\u00e1tico \u2013 entre cidad\u00e3os, candidatos e eleitores, e para ativistas e grupos de advocacy. Muito disso \u00e9 positivo \u2013 embora estridente, bagun\u00e7ado e, muitas vezes, intenso.\u00a0 Mas, com essas tecnologias sendo t\u00e3o novas e seu surgimento ocorrendo durante um per\u00edodo de profunda e ampla disrup\u00e7\u00e3o econ\u00f4mica, pol\u00edtica e tecnol\u00f3gica, nossa compreens\u00e3o do papel das redes sociais na sociedade ainda \u00e9 imperfeita e incompleta. Estamos diante de uma s\u00e9rie de quest\u00f5es importantes para as quais ainda n\u00e3o h\u00e1 respostas definitivas com base em evid\u00eancias emp\u00edricas claras. As redes sociais nos tornam mais polarizados como sociedade ou apenas refletem divis\u00f5es que j\u00e1 existem? Ajudam as pessoas a se informarem melhor sobre pol\u00edtica, ou menos? Como isso afeta as atitudes das pessoas em rela\u00e7\u00e3o aos governos e \u00e0 democracia? Hoje temos novas evid\u00eancias para nos ajudar a responder a algumas dessas perguntas. Antes da elei\u00e7\u00e3o presidencial dos EUA, em 2020, houve uma oportunidade de criar uma base de evid\u00eancias para que os pesquisadores pudessem se aprofundar nessas e em outras quest\u00f5es, bem como uma forte demanda dos acad\u00eamicos para realizar estudos. Esse foi o impulso por tr\u00e1s de uma parceria de pesquisa sem precedentes entre a Meta e acad\u00eamicos externos para entender melhor o impacto do Facebook e do Instagram nas principais atitudes e comportamentos pol\u00edticos durante esse per\u00edodo eleitoral. O resultado disso foi uma s\u00e9rie de estudos, dos quais os quatro primeiros est\u00e3o sendo publicados hoje. A inten\u00e7\u00e3o \u00e9 que mais artigos \u2013 16 no total \u2013 sejam publicados no futuro.\u00a0 Os artigos publicados hoje contemplam estudos sobre os efeitos da classifica\u00e7\u00e3o algor\u00edtmica e da viralidade, a preval\u00eancia e os efeitos da exposi\u00e7\u00e3o de informa\u00e7\u00f5es semelhantes no Facebook e a segrega\u00e7\u00e3o ideol\u00f3gica na exposi\u00e7\u00e3o a not\u00edcias.. Embora as perguntas sobre o impacto das redes sociais nas principais atitudes, cren\u00e7as e comportamentos pol\u00edticos n\u00e3o estejam totalmente solucionadas, as descobertas desses experimentos se somam a um corpo de pesquisa crescente que mostra que h\u00e1 poucas evid\u00eancias de que os principais recursos das plataformas da Meta, sozinhos, causem polariza\u00e7\u00e3o &#8216;afetiva&#8217; prejudicial ou tenham efeitos significativos sobre esses resultados. Eles tamb\u00e9m contestam a afirma\u00e7\u00e3o comum de que a capacidade de compartilhamento de conte\u00fado nas redes sociais impulsione a polariza\u00e7\u00e3o. Por exemplo, o resumo de um artigo da revista Nature afirma que as descobertas &#8220;desafiam as vis\u00f5es sobre at\u00e9 que ponto as &#8216;c\u00e2maras de eco&#8217; das redes sociais impulsionam a polariza\u00e7\u00e3o pol\u00edtica&#8221;. Al\u00e9m disso, os co-l\u00edderes da pesquisa afirmaram que &#8220;o conte\u00fado compartilhado no Facebook surtiu uma diminui\u00e7\u00e3o no conhecimento de not\u00edcias entre os participantes do estudo e n\u00e3o afetou significativamente a polariza\u00e7\u00e3o pol\u00edtica ou outras atitudes individuais de teor pol\u00edtico&#8221;. Uma nova perspectiva tamb\u00e9m \u00e9 lan\u00e7ada sobre a declara\u00e7\u00e3o t\u00e3o difundida de que as redes sociais \u2013 e os algoritmos da Meta, especificamente \u2013 apresentam \u00e0s pessoas um conte\u00fado que as mant\u00e9m divididas e, portanto, as polariza. Um dos artigos mostra que h\u00e1 uma segrega\u00e7\u00e3o ideol\u00f3gica consider\u00e1vel no consumo de not\u00edcias pol\u00edticas, refletindo uma intera\u00e7\u00e3o\u00a0 complexa entre fatores algor\u00edtmicos e sociais. Apesar disso, quando os participantes do experimento viam uma quantidade reduzida de conte\u00fado de fontes que refor\u00e7assem seus pontos de vista, eles eram realmente mais propensos a se envolver com o conte\u00fado que viam. E, mesmo assim, n\u00e3o houve impacto detect\u00e1vel na polariza\u00e7\u00e3o, atitudes\u00a0 ou cren\u00e7as pol\u00edticas. Michael Wagner, professor da Universidade de Wisconsin, acompanhou todo o processo de pesquisa para documentar e comentar publicamente o desenvolvimento do estudo como um observador independente. E, conforme Dr. Wagner descreve em sua introdu\u00e7\u00e3o aos artigos, as mudan\u00e7as no que os usu\u00e1rios viram em seus feeds ou se encontraram conte\u00fado compartilhado &#8220;n\u00e3o reduziram a polariza\u00e7\u00e3o ou melhoraram o conhecimento pol\u00edtico durante a elei\u00e7\u00e3o americana Continuaremos a analisar esses artigos na \u00edntegra, bem como aqueles que esperamos que sejam publicados nos pr\u00f3ximos meses.\u00a0\u00a0 Esta \u00e9 a primeira vez que a Meta, ou qualquer outra empresa de tecnologia, firma uma parceria desse tipo para estudar, de forma transparente, seu impacto nas elei\u00e7\u00f5es. Os pesquisadores externos tinham total independ\u00eancia operacional e intelectual durante o processo. Eles n\u00e3o foram pagos pela Meta e tamb\u00e9m n\u00e3o responderam para n\u00f3s. Firmamos com eles os mesmos contratos que assinamos com outros pesquisadores independentes que usam nossos dados, que s\u00e3o divulgados publicamente no site da Social Science One. O projeto US 2020 \u00e9 uma parceria entre pesquisadores da Meta e acad\u00eamicos externos liderados pela professora Talia Jomini Stroud, fundadora e atual diretora do Centro de Engajamento de M\u00eddia da Universidade do Texas, em Austin, e pelo professor Joshua A. Tucker, co-diretor do Centro de Redes Sociais e Pol\u00edtica na Universidade de Nova York. Os professores Stroud e Tucker selecionaram 15 pesquisadores adicionais para colaborar neste esfor\u00e7o, com base em seus conhecimentos. Os pesquisadores internos da Meta desenharam os estudos em conjunto com esses parceiros externos. \u00c9 importante ressaltar que nem os pesquisadores da Meta nem\u00a0 a empresa como um todo t\u00eam autoridade para restringir os achados \u2013 independentemente de serem favor\u00e1veis, ou n\u00e3o, para a empresa.\u00a0 Conforme explicado por quatro dos principais pesquisadores neste texto, o intuito do projeto quando foi anunciado era de superar dois grandes obst\u00e1culos que impediram pesquisas pr\u00e9vias sobre essas quest\u00f5es. Em primeiro lugar, que &#8220;a crescente preocupa\u00e7\u00e3o p\u00fablica e as obriga\u00e7\u00f5es legais relacionadas \u00e0 privacidade de dados levaram as empresas de redes sociais a restringir o acesso a dados usados anteriormente por pesquisadores externos&#8221;. E, em segundo lugar, que &#8220;\u00e9 dif\u00edcil realizar um estudo cient\u00edfico rigoroso sobre o impacto das redes sociais ap\u00f3s o ocorrido&#8221;. Para endere\u00e7ar\u00a0 essas quest\u00f5es, os dados foram coletados durante o per\u00edodo eleitoral \u2013 e n\u00e3o depois \u2013 e solicitamos o consentimento expl\u00edcito e notificamos aqueles que optaram por fazer parte da pesquisa que analisa dados individuais. Isso significa que os participantes da pesquisa consentiram tanto com o uso de seus dados quanto com informa\u00e7\u00f5es sobre como e por que seus dados seriam utilizados. Al\u00e9m disso, como parte dos estudos, os pesquisadores tamb\u00e9m analisaram dados agregados de usu\u00e1rios no Facebook e no Instagram para ajud\u00e1-los a entender os padr\u00f5es. Os estudos \u2013 e a linguagem de consentimento \u2013 tamb\u00e9m foram revisados e aprovados por um Comit\u00ea de \u00c9tica em Pesquisa (CEP) para garantir que seguissem altos padr\u00f5es \u00e9ticos. Os resultados foram apresentados abertamente em peri\u00f3dicos acad\u00eamicos, o que significa que estar\u00e3o dispon\u00edveis gratuitamente ao p\u00fablico. A Meta e os pesquisadores tamb\u00e9m documentaram planos de estudo e hip\u00f3teses com anteced\u00eancia por meio de um processo de pr\u00e9-registro e esses compromissos iniciais ser\u00e3o lan\u00e7ados ap\u00f3s a publica\u00e7\u00e3o dos estudos. Isso significa que as pessoas poder\u00e3o verificar se fizemos o que dissemos que far\u00edamos \u2013 e que n\u00e3o escondemos nenhum dos resultados. Al\u00e9m disso, para executar suas pr\u00f3prias an\u00e1lises e verificar melhor o nosso dever de casa, planejamos fornecer dados n\u00e3o identificados (ou seja, dados que n\u00e3o podem ser vinculados a um indiv\u00edduo) nos estudos que realizamos. Esses dados fundamentais ser\u00e3o arquivados pelo Cons\u00f3rcio Interuniversit\u00e1rio de Pesquisa Pol\u00edtica e Social (ICPSR), parte do Instituto de Pesquisa Social da Universidade de Michigan, onde estar\u00e3o dispon\u00edveis para que outros pesquisadores executem suas pr\u00f3prias an\u00e1lises e verifiquem a validade dos resultados.\u00a0 No ano passado, os produtos de transpar\u00eancia da Meta foram usados para aprofundar pesquisas acad\u00eamicas sobre elei\u00e7\u00f5es, polariza\u00e7\u00e3o, viol\u00eancia digital, desinforma\u00e7\u00e3o e quest\u00f5es sociais urgentes em dezenas de publica\u00e7\u00f5es. Recentemente, anunciamos que os pesquisadores podem solicitar acesso \u00e0s vers\u00f5es beta de um novo conjunto de ferramentas de pesquisa: a Meta Content Library e a API. A Biblioteca inclui dados de publica\u00e7\u00f5es, p\u00e1ginas, grupos e eventos p\u00fablicos no Facebook. Para o Instagram, incluir\u00e1 postagens p\u00fablicas e dados de contas de criadores e empresas. Os dados da Biblioteca podem ser pesquisados, explorados e filtrados em uma interface gr\u00e1fica do usu\u00e1rio ou por meio de uma API program\u00e1tica. A pesquisa publicada nesses artigos n\u00e3o resolver\u00e1 todos os debates sobre redes sociais e democracia, mas esperamos e torcemos para que ela avance a compreens\u00e3o da sociedade sobre essas quest\u00f5es. Suas descobertas ser\u00e3o extremamente valiosas para n\u00f3s, e esperamos que tamb\u00e9m ajudem os pol\u00edticos a definir as regras do uso da internet \u2013 para o benef\u00edcio de nossa democracia e da sociedade como um todo.\" \/>\n<meta property=\"og:url\" content=\"https:\/\/about.fb.com\/br\/news\/2023\/07\/estudos-inovadores-podem-nos-ajudar-a-responder-as-perguntas-mais-dificeis-sobre-redes-sociais-e-democracia\/\" \/>\n<meta property=\"og:site_name\" content=\"Sobre a Meta\" \/>\n<meta property=\"article:published_time\" content=\"2023-07-27T18:44:02+00:00\" \/>\n<meta property=\"og:image\" content=\"https:\/\/about.fb.com\/br\/wp-content\/uploads\/sites\/11\/2023\/07\/Imagem1-3.jpg?resize=1024,576\" \/>\n\t<meta property=\"og:image:width\" content=\"1024\" \/>\n\t<meta property=\"og:image:height\" content=\"576\" \/>\n\t<meta property=\"og:image:type\" content=\"image\/jpeg\" \/>\n<meta name=\"author\" content=\"vivianlusor\" \/>\n<meta name=\"twitter:card\" content=\"summary_large_image\" \/>\n<meta name=\"twitter:label1\" content=\"Written by\" \/>\n\t<meta name=\"twitter:data1\" content=\"Meta\" \/>\n\t<meta name=\"twitter:label2\" content=\"Est. reading time\" \/>\n\t<meta name=\"twitter:data2\" content=\"7 minutos\" \/>\n<script type=\"application\/ld+json\" class=\"yoast-schema-graph\">{\"@context\":\"https:\/\/schema.org\",\"@graph\":[{\"@type\":\"Article\",\"@id\":\"https:\/\/about.fb.com\/br\/news\/2023\/07\/estudos-inovadores-podem-nos-ajudar-a-responder-as-perguntas-mais-dificeis-sobre-redes-sociais-e-democracia\/#article\",\"isPartOf\":{\"@id\":\"https:\/\/about.fb.com\/br\/news\/2023\/07\/estudos-inovadores-podem-nos-ajudar-a-responder-as-perguntas-mais-dificeis-sobre-redes-sociais-e-democracia\/\"},\"author\":\"Facebook company\",\"headline\":\"Estudos inovadores podem nos ajudar a responder \u00e0s perguntas mais dif\u00edceis sobre redes sociais e democracia\",\"datePublished\":\"2023-07-27T18:44:02+00:00\",\"mainEntityOfPage\":{\"@id\":\"https:\/\/about.fb.com\/br\/news\/2023\/07\/estudos-inovadores-podem-nos-ajudar-a-responder-as-perguntas-mais-dificeis-sobre-redes-sociais-e-democracia\/\"},\"wordCount\":1560,\"publisher\":{\"@id\":\"https:\/\/about.fb.com\/br\/#organization\"},\"image\":{\"@id\":\"https:\/\/about.fb.com\/br\/news\/2023\/07\/estudos-inovadores-podem-nos-ajudar-a-responder-as-perguntas-mais-dificeis-sobre-redes-sociais-e-democracia\/#primaryimage\"},\"thumbnailUrl\":\"https:\/\/about.fb.com\/br\/wp-content\/uploads\/sites\/11\/2023\/07\/Imagem1-3.jpg?fit=1920%2C1080\",\"articleSection\":[\"Meta\",\"Recent News\"],\"inLanguage\":\"pt-BR\"},{\"@type\":\"WebPage\",\"@id\":\"https:\/\/about.fb.com\/br\/news\/2023\/07\/estudos-inovadores-podem-nos-ajudar-a-responder-as-perguntas-mais-dificeis-sobre-redes-sociais-e-democracia\/\",\"url\":\"https:\/\/about.fb.com\/br\/news\/2023\/07\/estudos-inovadores-podem-nos-ajudar-a-responder-as-perguntas-mais-dificeis-sobre-redes-sociais-e-democracia\/\",\"name\":\"Estudos inovadores podem nos ajudar a responder \u00e0s perguntas mais dif\u00edceis sobre redes sociais e democracia | Sobre a Meta\",\"isPartOf\":{\"@id\":\"https:\/\/about.fb.com\/br\/#website\"},\"primaryImageOfPage\":{\"@id\":\"https:\/\/about.fb.com\/br\/news\/2023\/07\/estudos-inovadores-podem-nos-ajudar-a-responder-as-perguntas-mais-dificeis-sobre-redes-sociais-e-democracia\/#primaryimage\"},\"image\":{\"@id\":\"https:\/\/about.fb.com\/br\/news\/2023\/07\/estudos-inovadores-podem-nos-ajudar-a-responder-as-perguntas-mais-dificeis-sobre-redes-sociais-e-democracia\/#primaryimage\"},\"thumbnailUrl\":\"https:\/\/about.fb.com\/br\/wp-content\/uploads\/sites\/11\/2023\/07\/Imagem1-3.jpg?fit=1920%2C1080\",\"datePublished\":\"2023-07-27T18:44:02+00:00\",\"breadcrumb\":{\"@id\":\"https:\/\/about.fb.com\/br\/news\/2023\/07\/estudos-inovadores-podem-nos-ajudar-a-responder-as-perguntas-mais-dificeis-sobre-redes-sociais-e-democracia\/#breadcrumb\"},\"inLanguage\":\"pt-BR\",\"potentialAction\":[{\"@type\":\"ReadAction\",\"target\":[\"https:\/\/about.fb.com\/br\/news\/2023\/07\/estudos-inovadores-podem-nos-ajudar-a-responder-as-perguntas-mais-dificeis-sobre-redes-sociais-e-democracia\/\"]}],\"author\":\"Sobre a Meta\"},{\"@type\":\"ImageObject\",\"inLanguage\":\"pt-BR\",\"@id\":\"https:\/\/about.fb.com\/br\/news\/2023\/07\/estudos-inovadores-podem-nos-ajudar-a-responder-as-perguntas-mais-dificeis-sobre-redes-sociais-e-democracia\/#primaryimage\",\"url\":\"https:\/\/about.fb.com\/br\/wp-content\/uploads\/sites\/11\/2023\/07\/Imagem1-3.jpg?fit=1920%2C1080\",\"contentUrl\":\"https:\/\/about.fb.com\/br\/wp-content\/uploads\/sites\/11\/2023\/07\/Imagem1-3.jpg?fit=1920%2C1080\",\"width\":1920,\"height\":1080},{\"@type\":\"BreadcrumbList\",\"@id\":\"https:\/\/about.fb.com\/br\/news\/2023\/07\/estudos-inovadores-podem-nos-ajudar-a-responder-as-perguntas-mais-dificeis-sobre-redes-sociais-e-democracia\/#breadcrumb\",\"itemListElement\":[{\"@type\":\"ListItem\",\"position\":1,\"name\":\"Home\",\"item\":\"https:\/\/about.fb.com\/br\/\"},{\"@type\":\"ListItem\",\"position\":2,\"name\":\"Estudos inovadores podem nos ajudar a responder \u00e0s perguntas mais dif\u00edceis sobre redes sociais e democracia\"}]},{\"@type\":\"WebSite\",\"@id\":\"https:\/\/about.fb.com\/br\/#website\",\"url\":\"https:\/\/about.fb.com\/news\/\",\"name\":\"Sobre a Meta\",\"description\":\"\",\"publisher\":{\"@id\":\"https:\/\/about.fb.com\/br\/#organization\"},\"potentialAction\":[{\"@type\":\"SearchAction\",\"target\":{\"@type\":\"EntryPoint\",\"urlTemplate\":\"https:\/\/about.fb.com\/br\/?s={search_term_string}\"},\"query-input\":{\"@type\":\"PropertyValueSpecification\",\"valueRequired\":true,\"valueName\":\"search_term_string\"}}],\"inLanguage\":\"pt-BR\",\"alternateName\":[\"Meta Newsroom\",\"Meta\"]},{\"@type\":\"Organization\",\"@id\":\"https:\/\/about.fb.com\/br\/#organization\",\"name\":\"Meta\",\"url\":\"https:\/\/about.fb.com\/br\/\",\"logo\":{\"@type\":\"ImageObject\",\"inLanguage\":\"pt-BR\",\"@id\":\"https:\/\/about.fb.com\/br\/#\/schema\/logo\/image\/\",\"url\":\"https:\/\/about.fb.com\/br\/wp-content\/uploads\/sites\/11\/2021\/10\/meta-social-16x9-1.jpg?fit=8000%2C4500\",\"contentUrl\":\"https:\/\/about.fb.com\/br\/wp-content\/uploads\/sites\/11\/2021\/10\/meta-social-16x9-1.jpg?fit=8000%2C4500\",\"width\":8000,\"height\":4500,\"caption\":\"Meta\"},\"image\":{\"@id\":\"https:\/\/about.fb.com\/br\/#\/schema\/logo\/image\/\"}}]}<\/script>\n<!-- \/ Yoast SEO plugin. -->","yoast_head_json":{"title":"Estudos inovadores podem nos ajudar a responder \u00e0s perguntas mais dif\u00edceis sobre redes sociais e democracia | Sobre a Meta","robots":{"index":"index","follow":"follow","max-snippet":"max-snippet:-1","max-image-preview":"max-image-preview:large","max-video-preview":"max-video-preview:-1"},"canonical":"https:\/\/about.fb.com\/br\/news\/2023\/07\/estudos-inovadores-podem-nos-ajudar-a-responder-as-perguntas-mais-dificeis-sobre-redes-sociais-e-democracia\/","og_locale":"pt_BR","og_type":"article","og_title":"Estudos inovadores podem nos ajudar a responder \u00e0s perguntas mais dif\u00edceis sobre redes sociais e democracia | Sobre a Meta","og_description":"\u00c0 medida que as plataformas de rede social possibilitaram \u00e0s pessoas se conectarem umas com as outras, se expressarem livremente e constru\u00edrem e fazerem parte de comunidades sem fronteiras, o debate pol\u00edtico online entrou em erup\u00e7\u00e3o. Plataformas como o Facebook e o Instagram se tornaram um palco do debate democr\u00e1tico \u2013 entre cidad\u00e3os, candidatos e eleitores, e para ativistas e grupos de advocacy. Muito disso \u00e9 positivo \u2013 embora estridente, bagun\u00e7ado e, muitas vezes, intenso.\u00a0 Mas, com essas tecnologias sendo t\u00e3o novas e seu surgimento ocorrendo durante um per\u00edodo de profunda e ampla disrup\u00e7\u00e3o econ\u00f4mica, pol\u00edtica e tecnol\u00f3gica, nossa compreens\u00e3o do papel das redes sociais na sociedade ainda \u00e9 imperfeita e incompleta. Estamos diante de uma s\u00e9rie de quest\u00f5es importantes para as quais ainda n\u00e3o h\u00e1 respostas definitivas com base em evid\u00eancias emp\u00edricas claras. As redes sociais nos tornam mais polarizados como sociedade ou apenas refletem divis\u00f5es que j\u00e1 existem? Ajudam as pessoas a se informarem melhor sobre pol\u00edtica, ou menos? Como isso afeta as atitudes das pessoas em rela\u00e7\u00e3o aos governos e \u00e0 democracia? Hoje temos novas evid\u00eancias para nos ajudar a responder a algumas dessas perguntas. Antes da elei\u00e7\u00e3o presidencial dos EUA, em 2020, houve uma oportunidade de criar uma base de evid\u00eancias para que os pesquisadores pudessem se aprofundar nessas e em outras quest\u00f5es, bem como uma forte demanda dos acad\u00eamicos para realizar estudos. Esse foi o impulso por tr\u00e1s de uma parceria de pesquisa sem precedentes entre a Meta e acad\u00eamicos externos para entender melhor o impacto do Facebook e do Instagram nas principais atitudes e comportamentos pol\u00edticos durante esse per\u00edodo eleitoral. O resultado disso foi uma s\u00e9rie de estudos, dos quais os quatro primeiros est\u00e3o sendo publicados hoje. A inten\u00e7\u00e3o \u00e9 que mais artigos \u2013 16 no total \u2013 sejam publicados no futuro.\u00a0 Os artigos publicados hoje contemplam estudos sobre os efeitos da classifica\u00e7\u00e3o algor\u00edtmica e da viralidade, a preval\u00eancia e os efeitos da exposi\u00e7\u00e3o de informa\u00e7\u00f5es semelhantes no Facebook e a segrega\u00e7\u00e3o ideol\u00f3gica na exposi\u00e7\u00e3o a not\u00edcias.. Embora as perguntas sobre o impacto das redes sociais nas principais atitudes, cren\u00e7as e comportamentos pol\u00edticos n\u00e3o estejam totalmente solucionadas, as descobertas desses experimentos se somam a um corpo de pesquisa crescente que mostra que h\u00e1 poucas evid\u00eancias de que os principais recursos das plataformas da Meta, sozinhos, causem polariza\u00e7\u00e3o &#8216;afetiva&#8217; prejudicial ou tenham efeitos significativos sobre esses resultados. Eles tamb\u00e9m contestam a afirma\u00e7\u00e3o comum de que a capacidade de compartilhamento de conte\u00fado nas redes sociais impulsione a polariza\u00e7\u00e3o. Por exemplo, o resumo de um artigo da revista Nature afirma que as descobertas &#8220;desafiam as vis\u00f5es sobre at\u00e9 que ponto as &#8216;c\u00e2maras de eco&#8217; das redes sociais impulsionam a polariza\u00e7\u00e3o pol\u00edtica&#8221;. Al\u00e9m disso, os co-l\u00edderes da pesquisa afirmaram que &#8220;o conte\u00fado compartilhado no Facebook surtiu uma diminui\u00e7\u00e3o no conhecimento de not\u00edcias entre os participantes do estudo e n\u00e3o afetou significativamente a polariza\u00e7\u00e3o pol\u00edtica ou outras atitudes individuais de teor pol\u00edtico&#8221;. Uma nova perspectiva tamb\u00e9m \u00e9 lan\u00e7ada sobre a declara\u00e7\u00e3o t\u00e3o difundida de que as redes sociais \u2013 e os algoritmos da Meta, especificamente \u2013 apresentam \u00e0s pessoas um conte\u00fado que as mant\u00e9m divididas e, portanto, as polariza. Um dos artigos mostra que h\u00e1 uma segrega\u00e7\u00e3o ideol\u00f3gica consider\u00e1vel no consumo de not\u00edcias pol\u00edticas, refletindo uma intera\u00e7\u00e3o\u00a0 complexa entre fatores algor\u00edtmicos e sociais. Apesar disso, quando os participantes do experimento viam uma quantidade reduzida de conte\u00fado de fontes que refor\u00e7assem seus pontos de vista, eles eram realmente mais propensos a se envolver com o conte\u00fado que viam. E, mesmo assim, n\u00e3o houve impacto detect\u00e1vel na polariza\u00e7\u00e3o, atitudes\u00a0 ou cren\u00e7as pol\u00edticas. Michael Wagner, professor da Universidade de Wisconsin, acompanhou todo o processo de pesquisa para documentar e comentar publicamente o desenvolvimento do estudo como um observador independente. E, conforme Dr. Wagner descreve em sua introdu\u00e7\u00e3o aos artigos, as mudan\u00e7as no que os usu\u00e1rios viram em seus feeds ou se encontraram conte\u00fado compartilhado &#8220;n\u00e3o reduziram a polariza\u00e7\u00e3o ou melhoraram o conhecimento pol\u00edtico durante a elei\u00e7\u00e3o americana Continuaremos a analisar esses artigos na \u00edntegra, bem como aqueles que esperamos que sejam publicados nos pr\u00f3ximos meses.\u00a0\u00a0 Esta \u00e9 a primeira vez que a Meta, ou qualquer outra empresa de tecnologia, firma uma parceria desse tipo para estudar, de forma transparente, seu impacto nas elei\u00e7\u00f5es. Os pesquisadores externos tinham total independ\u00eancia operacional e intelectual durante o processo. Eles n\u00e3o foram pagos pela Meta e tamb\u00e9m n\u00e3o responderam para n\u00f3s. Firmamos com eles os mesmos contratos que assinamos com outros pesquisadores independentes que usam nossos dados, que s\u00e3o divulgados publicamente no site da Social Science One. O projeto US 2020 \u00e9 uma parceria entre pesquisadores da Meta e acad\u00eamicos externos liderados pela professora Talia Jomini Stroud, fundadora e atual diretora do Centro de Engajamento de M\u00eddia da Universidade do Texas, em Austin, e pelo professor Joshua A. Tucker, co-diretor do Centro de Redes Sociais e Pol\u00edtica na Universidade de Nova York. Os professores Stroud e Tucker selecionaram 15 pesquisadores adicionais para colaborar neste esfor\u00e7o, com base em seus conhecimentos. Os pesquisadores internos da Meta desenharam os estudos em conjunto com esses parceiros externos. \u00c9 importante ressaltar que nem os pesquisadores da Meta nem\u00a0 a empresa como um todo t\u00eam autoridade para restringir os achados \u2013 independentemente de serem favor\u00e1veis, ou n\u00e3o, para a empresa.\u00a0 Conforme explicado por quatro dos principais pesquisadores neste texto, o intuito do projeto quando foi anunciado era de superar dois grandes obst\u00e1culos que impediram pesquisas pr\u00e9vias sobre essas quest\u00f5es. Em primeiro lugar, que &#8220;a crescente preocupa\u00e7\u00e3o p\u00fablica e as obriga\u00e7\u00f5es legais relacionadas \u00e0 privacidade de dados levaram as empresas de redes sociais a restringir o acesso a dados usados anteriormente por pesquisadores externos&#8221;. E, em segundo lugar, que &#8220;\u00e9 dif\u00edcil realizar um estudo cient\u00edfico rigoroso sobre o impacto das redes sociais ap\u00f3s o ocorrido&#8221;. Para endere\u00e7ar\u00a0 essas quest\u00f5es, os dados foram coletados durante o per\u00edodo eleitoral \u2013 e n\u00e3o depois \u2013 e solicitamos o consentimento expl\u00edcito e notificamos aqueles que optaram por fazer parte da pesquisa que analisa dados individuais. Isso significa que os participantes da pesquisa consentiram tanto com o uso de seus dados quanto com informa\u00e7\u00f5es sobre como e por que seus dados seriam utilizados. Al\u00e9m disso, como parte dos estudos, os pesquisadores tamb\u00e9m analisaram dados agregados de usu\u00e1rios no Facebook e no Instagram para ajud\u00e1-los a entender os padr\u00f5es. Os estudos \u2013 e a linguagem de consentimento \u2013 tamb\u00e9m foram revisados e aprovados por um Comit\u00ea de \u00c9tica em Pesquisa (CEP) para garantir que seguissem altos padr\u00f5es \u00e9ticos. Os resultados foram apresentados abertamente em peri\u00f3dicos acad\u00eamicos, o que significa que estar\u00e3o dispon\u00edveis gratuitamente ao p\u00fablico. A Meta e os pesquisadores tamb\u00e9m documentaram planos de estudo e hip\u00f3teses com anteced\u00eancia por meio de um processo de pr\u00e9-registro e esses compromissos iniciais ser\u00e3o lan\u00e7ados ap\u00f3s a publica\u00e7\u00e3o dos estudos. Isso significa que as pessoas poder\u00e3o verificar se fizemos o que dissemos que far\u00edamos \u2013 e que n\u00e3o escondemos nenhum dos resultados. Al\u00e9m disso, para executar suas pr\u00f3prias an\u00e1lises e verificar melhor o nosso dever de casa, planejamos fornecer dados n\u00e3o identificados (ou seja, dados que n\u00e3o podem ser vinculados a um indiv\u00edduo) nos estudos que realizamos. Esses dados fundamentais ser\u00e3o arquivados pelo Cons\u00f3rcio Interuniversit\u00e1rio de Pesquisa Pol\u00edtica e Social (ICPSR), parte do Instituto de Pesquisa Social da Universidade de Michigan, onde estar\u00e3o dispon\u00edveis para que outros pesquisadores executem suas pr\u00f3prias an\u00e1lises e verifiquem a validade dos resultados.\u00a0 No ano passado, os produtos de transpar\u00eancia da Meta foram usados para aprofundar pesquisas acad\u00eamicas sobre elei\u00e7\u00f5es, polariza\u00e7\u00e3o, viol\u00eancia digital, desinforma\u00e7\u00e3o e quest\u00f5es sociais urgentes em dezenas de publica\u00e7\u00f5es. Recentemente, anunciamos que os pesquisadores podem solicitar acesso \u00e0s vers\u00f5es beta de um novo conjunto de ferramentas de pesquisa: a Meta Content Library e a API. A Biblioteca inclui dados de publica\u00e7\u00f5es, p\u00e1ginas, grupos e eventos p\u00fablicos no Facebook. Para o Instagram, incluir\u00e1 postagens p\u00fablicas e dados de contas de criadores e empresas. Os dados da Biblioteca podem ser pesquisados, explorados e filtrados em uma interface gr\u00e1fica do usu\u00e1rio ou por meio de uma API program\u00e1tica. A pesquisa publicada nesses artigos n\u00e3o resolver\u00e1 todos os debates sobre redes sociais e democracia, mas esperamos e torcemos para que ela avance a compreens\u00e3o da sociedade sobre essas quest\u00f5es. Suas descobertas ser\u00e3o extremamente valiosas para n\u00f3s, e esperamos que tamb\u00e9m ajudem os pol\u00edticos a definir as regras do uso da internet \u2013 para o benef\u00edcio de nossa democracia e da sociedade como um todo.","og_url":"https:\/\/about.fb.com\/br\/news\/2023\/07\/estudos-inovadores-podem-nos-ajudar-a-responder-as-perguntas-mais-dificeis-sobre-redes-sociais-e-democracia\/","og_site_name":"Sobre a Meta","article_published_time":"2023-07-27T18:44:02+00:00","og_image":[{"width":1024,"height":576,"url":"https:\/\/about.fb.com\/br\/wp-content\/uploads\/sites\/11\/2023\/07\/Imagem1-3.jpg?resize=1024,576","type":"image\/jpeg"}],"author":"vivianlusor","twitter_card":"summary_large_image","twitter_misc":{"Written by":"Meta","Est. reading time":"7 minutos"},"schema":{"@context":"https:\/\/schema.org","@graph":[{"@type":"Article","@id":"https:\/\/about.fb.com\/br\/news\/2023\/07\/estudos-inovadores-podem-nos-ajudar-a-responder-as-perguntas-mais-dificeis-sobre-redes-sociais-e-democracia\/#article","isPartOf":{"@id":"https:\/\/about.fb.com\/br\/news\/2023\/07\/estudos-inovadores-podem-nos-ajudar-a-responder-as-perguntas-mais-dificeis-sobre-redes-sociais-e-democracia\/"},"author":"Facebook company","headline":"Estudos inovadores podem nos ajudar a responder \u00e0s perguntas mais dif\u00edceis sobre redes sociais e democracia","datePublished":"2023-07-27T18:44:02+00:00","mainEntityOfPage":{"@id":"https:\/\/about.fb.com\/br\/news\/2023\/07\/estudos-inovadores-podem-nos-ajudar-a-responder-as-perguntas-mais-dificeis-sobre-redes-sociais-e-democracia\/"},"wordCount":1560,"publisher":{"@id":"https:\/\/about.fb.com\/br\/#organization"},"image":{"@id":"https:\/\/about.fb.com\/br\/news\/2023\/07\/estudos-inovadores-podem-nos-ajudar-a-responder-as-perguntas-mais-dificeis-sobre-redes-sociais-e-democracia\/#primaryimage"},"thumbnailUrl":"https:\/\/about.fb.com\/br\/wp-content\/uploads\/sites\/11\/2023\/07\/Imagem1-3.jpg?fit=1920%2C1080","articleSection":["Meta","Recent News"],"inLanguage":"pt-BR"},{"@type":"WebPage","@id":"https:\/\/about.fb.com\/br\/news\/2023\/07\/estudos-inovadores-podem-nos-ajudar-a-responder-as-perguntas-mais-dificeis-sobre-redes-sociais-e-democracia\/","url":"https:\/\/about.fb.com\/br\/news\/2023\/07\/estudos-inovadores-podem-nos-ajudar-a-responder-as-perguntas-mais-dificeis-sobre-redes-sociais-e-democracia\/","name":"Estudos inovadores podem nos ajudar a responder \u00e0s perguntas mais dif\u00edceis sobre redes sociais e democracia | Sobre a Meta","isPartOf":{"@id":"https:\/\/about.fb.com\/br\/#website"},"primaryImageOfPage":{"@id":"https:\/\/about.fb.com\/br\/news\/2023\/07\/estudos-inovadores-podem-nos-ajudar-a-responder-as-perguntas-mais-dificeis-sobre-redes-sociais-e-democracia\/#primaryimage"},"image":{"@id":"https:\/\/about.fb.com\/br\/news\/2023\/07\/estudos-inovadores-podem-nos-ajudar-a-responder-as-perguntas-mais-dificeis-sobre-redes-sociais-e-democracia\/#primaryimage"},"thumbnailUrl":"https:\/\/about.fb.com\/br\/wp-content\/uploads\/sites\/11\/2023\/07\/Imagem1-3.jpg?fit=1920%2C1080","datePublished":"2023-07-27T18:44:02+00:00","breadcrumb":{"@id":"https:\/\/about.fb.com\/br\/news\/2023\/07\/estudos-inovadores-podem-nos-ajudar-a-responder-as-perguntas-mais-dificeis-sobre-redes-sociais-e-democracia\/#breadcrumb"},"inLanguage":"pt-BR","potentialAction":[{"@type":"ReadAction","target":["https:\/\/about.fb.com\/br\/news\/2023\/07\/estudos-inovadores-podem-nos-ajudar-a-responder-as-perguntas-mais-dificeis-sobre-redes-sociais-e-democracia\/"]}],"author":"Sobre a Meta"},{"@type":"ImageObject","inLanguage":"pt-BR","@id":"https:\/\/about.fb.com\/br\/news\/2023\/07\/estudos-inovadores-podem-nos-ajudar-a-responder-as-perguntas-mais-dificeis-sobre-redes-sociais-e-democracia\/#primaryimage","url":"https:\/\/about.fb.com\/br\/wp-content\/uploads\/sites\/11\/2023\/07\/Imagem1-3.jpg?fit=1920%2C1080","contentUrl":"https:\/\/about.fb.com\/br\/wp-content\/uploads\/sites\/11\/2023\/07\/Imagem1-3.jpg?fit=1920%2C1080","width":1920,"height":1080},{"@type":"BreadcrumbList","@id":"https:\/\/about.fb.com\/br\/news\/2023\/07\/estudos-inovadores-podem-nos-ajudar-a-responder-as-perguntas-mais-dificeis-sobre-redes-sociais-e-democracia\/#breadcrumb","itemListElement":[{"@type":"ListItem","position":1,"name":"Home","item":"https:\/\/about.fb.com\/br\/"},{"@type":"ListItem","position":2,"name":"Estudos inovadores podem nos ajudar a responder \u00e0s perguntas mais dif\u00edceis sobre redes sociais e democracia"}]},{"@type":"WebSite","@id":"https:\/\/about.fb.com\/br\/#website","url":"https:\/\/about.fb.com\/news\/","name":"Sobre a Meta","description":"","publisher":{"@id":"https:\/\/about.fb.com\/br\/#organization"},"potentialAction":[{"@type":"SearchAction","target":{"@type":"EntryPoint","urlTemplate":"https:\/\/about.fb.com\/br\/?s={search_term_string}"},"query-input":{"@type":"PropertyValueSpecification","valueRequired":true,"valueName":"search_term_string"}}],"inLanguage":"pt-BR","alternateName":["Meta Newsroom","Meta"]},{"@type":"Organization","@id":"https:\/\/about.fb.com\/br\/#organization","name":"Meta","url":"https:\/\/about.fb.com\/br\/","logo":{"@type":"ImageObject","inLanguage":"pt-BR","@id":"https:\/\/about.fb.com\/br\/#\/schema\/logo\/image\/","url":"https:\/\/about.fb.com\/br\/wp-content\/uploads\/sites\/11\/2021\/10\/meta-social-16x9-1.jpg?fit=8000%2C4500","contentUrl":"https:\/\/about.fb.com\/br\/wp-content\/uploads\/sites\/11\/2021\/10\/meta-social-16x9-1.jpg?fit=8000%2C4500","width":8000,"height":4500,"caption":"Meta"},"image":{"@id":"https:\/\/about.fb.com\/br\/#\/schema\/logo\/image\/"}}]}},"jetpack_featured_media_url":"https:\/\/about.fb.com\/br\/wp-content\/uploads\/sites\/11\/2023\/07\/Imagem1-3.jpg?fit=1920%2C1080","jetpack-related-posts":[{"id":26541,"url":"https:\/\/about.fb.com\/br\/news\/2025\/07\/encerramento-da-publicidade-politica-eleitoral-e-de-questoes-sociais-na-ue-em-resposta-a-nova-regulacao-europeia\/","url_meta":{"origin":25044,"position":0},"title":"Encerramento da publicidade pol\u00edtica, eleitoral e de temas sociais na UE em resposta \u00e0 nova regula\u00e7\u00e3o europeia","author":"Meta","date":"25\/07\/2025","format":false,"excerpt":"A partir do in\u00edcio de outubro de 2025, deixaremos de permitir an\u00fancios pol\u00edticos, eleitorais e sobre temas sociais em nossas plataformas na Uni\u00e3o Europeia. Esta \u00e9 uma decis\u00e3o dif\u00edcil \u2013 tomada em resposta \u00e0 nova regula\u00e7\u00e3o da UE sobre Transpar\u00eancia e Segmenta\u00e7\u00e3o da Publicidade Pol\u00edtica (TTPA), que imp\u00f5e desafios operacionais\u2026","rel":"","context":"In &quot;Homepage - Hidden&quot;","block_context":{"text":"Homepage - Hidden","link":"https:\/\/about.fb.com\/br\/news\/category\/homepage-hidden\/"},"img":{"alt_text":"","src":"","width":0,"height":0},"classes":[]},{"id":26084,"url":"https:\/\/about.fb.com\/br\/news\/2025\/01\/mais-expressao-e-menos-erros\/","url_meta":{"origin":25044,"position":1},"title":"Mais express\u00e3o e menos erros","author":"Meta","date":"07\/01\/2025","format":false,"excerpt":"As plataformas da Meta s\u00e3o constru\u00eddas para serem lugares em que as pessoas podem se expressar livremente. Isso pode ser um pouco ca\u00f3tico. Em plataformas nas quais bilh\u00f5es de pessoas podem ter voz, tudo o que \u00e9 bom, ruim e feio est\u00e1 exposto. Mas isso \u00e9 a livre express\u00e3o.\u00a0 Em\u2026","rel":"","context":"In &quot;Recent News&quot;","block_context":{"text":"Recent News","link":"https:\/\/about.fb.com\/br\/news\/category\/recent-news\/"},"img":{"alt_text":"","src":"","width":0,"height":0},"classes":[]},{"id":26491,"url":"https:\/\/about.fb.com\/br\/news\/2025\/06\/tela-consciente-em-brasilia-caminhos-para-facilitar-a-supervisao-parental-online-de-adolescentes\/","url_meta":{"origin":25044,"position":2},"title":"Tela Consciente em Bras\u00edlia: caminhos para facilitar a supervis\u00e3o parental online de adolescentes","author":"Meta","date":"17\/06\/2025","format":false,"excerpt":"Em 12 de junho, a Meta reuniu em Bras\u00edlia autoridades, executivos de empresas e representantes da academia e sociedade civil para a segunda edi\u00e7\u00e3o do Tela Consciente, um debate sobre como apoiar as fam\u00edlias no uso consciente das plataformas digitais por adolescentes. O evento teve como foco os desafios e\u2026","rel":"","context":"In &quot;Recent News&quot;","block_context":{"text":"Recent News","link":"https:\/\/about.fb.com\/br\/news\/category\/recent-news\/"},"img":{"alt_text":"","src":"https:\/\/about.fb.com\/br\/wp-content\/uploads\/sites\/11\/2025\/06\/@leannabdon-1.jpg?fit=4500%2C3000&resize=350%2C200","width":350,"height":200,"srcset":"https:\/\/about.fb.com\/br\/wp-content\/uploads\/sites\/11\/2025\/06\/@leannabdon-1.jpg?fit=4500%2C3000&resize=350%2C200 1x, https:\/\/about.fb.com\/br\/wp-content\/uploads\/sites\/11\/2025\/06\/@leannabdon-1.jpg?fit=4500%2C3000&resize=525%2C300 1.5x, https:\/\/about.fb.com\/br\/wp-content\/uploads\/sites\/11\/2025\/06\/@leannabdon-1.jpg?fit=4500%2C3000&resize=700%2C400 2x, https:\/\/about.fb.com\/br\/wp-content\/uploads\/sites\/11\/2025\/06\/@leannabdon-1.jpg?fit=4500%2C3000&resize=1050%2C600 3x, https:\/\/about.fb.com\/br\/wp-content\/uploads\/sites\/11\/2025\/06\/@leannabdon-1.jpg?fit=4500%2C3000&resize=1400%2C800 4x"},"classes":[]},{"id":26919,"url":"https:\/\/about.fb.com\/br\/news\/2026\/01\/a-trajetoria-da-meta-na-protecao-dos-adolescentes-e-no-apoio-aos-pais\/","url_meta":{"origin":25044,"position":3},"title":"A trajet\u00f3ria da Meta na prote\u00e7\u00e3o dos adolescentes e no apoio aos pais","author":"Meta","date":"16\/01\/2026","format":false,"excerpt":"Recentemente, v\u00e1rias a\u00e7\u00f5es judiciais nos Estados Unidos tentaram colocar a culpa pelos problemas de sa\u00fade mental dos adolescentes exclusivamente nas empresas de redes sociais. Mas isso simplifica demais uma quest\u00e3o s\u00e9ria. Cl\u00ednicos e pesquisadores afirmam que a sa\u00fade mental \u00e9 um tema profundamente complexo e multifacetado, e as tend\u00eancias sobre\u2026","rel":"","context":"In &quot;Fortalecendo Comunidades&quot;","block_context":{"text":"Fortalecendo Comunidades","link":"https:\/\/about.fb.com\/br\/news\/category\/temas-home\/comunidades\/"},"img":{"alt_text":"","src":"https:\/\/about.fb.com\/br\/wp-content\/uploads\/sites\/11\/2026\/01\/Metas-Record-of-Protecting-Teens-and-Supporting-Parents_Header.jpg?fit=1920%2C1080&resize=350%2C200","width":350,"height":200,"srcset":"https:\/\/about.fb.com\/br\/wp-content\/uploads\/sites\/11\/2026\/01\/Metas-Record-of-Protecting-Teens-and-Supporting-Parents_Header.jpg?fit=1920%2C1080&resize=350%2C200 1x, https:\/\/about.fb.com\/br\/wp-content\/uploads\/sites\/11\/2026\/01\/Metas-Record-of-Protecting-Teens-and-Supporting-Parents_Header.jpg?fit=1920%2C1080&resize=525%2C300 1.5x, https:\/\/about.fb.com\/br\/wp-content\/uploads\/sites\/11\/2026\/01\/Metas-Record-of-Protecting-Teens-and-Supporting-Parents_Header.jpg?fit=1920%2C1080&resize=700%2C400 2x, https:\/\/about.fb.com\/br\/wp-content\/uploads\/sites\/11\/2026\/01\/Metas-Record-of-Protecting-Teens-and-Supporting-Parents_Header.jpg?fit=1920%2C1080&resize=1050%2C600 3x, https:\/\/about.fb.com\/br\/wp-content\/uploads\/sites\/11\/2026\/01\/Metas-Record-of-Protecting-Teens-and-Supporting-Parents_Header.jpg?fit=1920%2C1080&resize=1400%2C800 4x"},"classes":[]},{"id":26834,"url":"https:\/\/about.fb.com\/br\/news\/2025\/12\/golpes-sao-ruins-para-os-negocios-nossos-esforcos-continuos-para-combater-fraudes\/","url_meta":{"origin":25044,"position":4},"title":"Golpes S\u00e3o Ruins para os Neg\u00f3cios: Nossos esfor\u00e7os cont\u00ednuos para combater fraudes","author":"Meta","date":"03\/12\/2025","format":false,"excerpt":"O aumento dos golpes est\u00e1 ocorrendo em toda a internet \u2014 desde aplicativos de namoro e jogos online, at\u00e9 plataformas de criptomoedas e mensagens de texto. Ningu\u00e9m gosta disso. Nem as pessoas que utilizam nossos servi\u00e7os. Nem os anunciantes. E certamente nem n\u00f3s. Os criminosos sofisticados por tr\u00e1s dos golpes\u2026","rel":"","context":"In &quot;Fortalecendo Comunidades&quot;","block_context":{"text":"Fortalecendo Comunidades","link":"https:\/\/about.fb.com\/br\/news\/category\/temas-home\/comunidades\/"},"img":{"alt_text":"","src":"https:\/\/about.fb.com\/br\/wp-content\/uploads\/sites\/11\/2025\/12\/GASA-Scams-Work_Header.jpg?fit=1920%2C1080&resize=350%2C200","width":350,"height":200,"srcset":"https:\/\/about.fb.com\/br\/wp-content\/uploads\/sites\/11\/2025\/12\/GASA-Scams-Work_Header.jpg?fit=1920%2C1080&resize=350%2C200 1x, https:\/\/about.fb.com\/br\/wp-content\/uploads\/sites\/11\/2025\/12\/GASA-Scams-Work_Header.jpg?fit=1920%2C1080&resize=525%2C300 1.5x, https:\/\/about.fb.com\/br\/wp-content\/uploads\/sites\/11\/2025\/12\/GASA-Scams-Work_Header.jpg?fit=1920%2C1080&resize=700%2C400 2x, https:\/\/about.fb.com\/br\/wp-content\/uploads\/sites\/11\/2025\/12\/GASA-Scams-Work_Header.jpg?fit=1920%2C1080&resize=1050%2C600 3x, https:\/\/about.fb.com\/br\/wp-content\/uploads\/sites\/11\/2025\/12\/GASA-Scams-Work_Header.jpg?fit=1920%2C1080&resize=1400%2C800 4x"},"classes":[]},{"id":26997,"url":"https:\/\/about.fb.com\/br\/news\/2026\/03\/simplificando-a-mensuracao-de-anuncios-para-um-mundo-social-first\/","url_meta":{"origin":25044,"position":5},"title":"Simplificando a Mensura\u00e7\u00e3o de An\u00fancios para um Mundo Social-First","author":"Meta","date":"03\/03\/2026","format":false,"excerpt":"Ao mensurar o impacto dos seus an\u00fancios digitais, os anunciantes devem buscar responder \u00e0 pergunta: \"Quais resultados este an\u00fancio ou campanha gerou que n\u00e3o teriam acontecido de outra forma?\" Experimentos de incrementalidade, como o Conversion Lift da Meta, s\u00e3o a melhor maneira de abordar essa quest\u00e3o, e acreditamos que testes\u2026","rel":"","context":"In &quot;Recent News&quot;","block_context":{"text":"Recent News","link":"https:\/\/about.fb.com\/br\/news\/category\/recent-news\/"},"img":{"alt_text":"","src":"","width":0,"height":0},"classes":[]}],"jetpack_sharing_enabled":true,"amp_enabled":true,"_links":{"self":[{"href":"https:\/\/about.fb.com\/br\/wp-json\/wp\/v2\/posts\/25044","targetHints":{"allow":["GET"]}}],"collection":[{"href":"https:\/\/about.fb.com\/br\/wp-json\/wp\/v2\/posts"}],"about":[{"href":"https:\/\/about.fb.com\/br\/wp-json\/wp\/v2\/types\/post"}],"author":[{"embeddable":true,"href":"https:\/\/about.fb.com\/br\/wp-json\/wp\/v2\/users\/164097222"}],"replies":[{"embeddable":true,"href":"https:\/\/about.fb.com\/br\/wp-json\/wp\/v2\/comments?post=25044"}],"version-history":[{"count":1,"href":"https:\/\/about.fb.com\/br\/wp-json\/wp\/v2\/posts\/25044\/revisions"}],"predecessor-version":[{"id":25046,"href":"https:\/\/about.fb.com\/br\/wp-json\/wp\/v2\/posts\/25044\/revisions\/25046"}],"wp:featuredmedia":[{"embeddable":true,"href":"https:\/\/about.fb.com\/br\/wp-json\/wp\/v2\/media\/25045"}],"wp:attachment":[{"href":"https:\/\/about.fb.com\/br\/wp-json\/wp\/v2\/media?parent=25044"}],"wp:term":[{"taxonomy":"category","embeddable":true,"href":"https:\/\/about.fb.com\/br\/wp-json\/wp\/v2\/categories?post=25044"},{"taxonomy":"post_tag","embeddable":true,"href":"https:\/\/about.fb.com\/br\/wp-json\/wp\/v2\/tags?post=25044"}],"curies":[{"name":"wp","href":"https:\/\/api.w.org\/{rel}","templated":true}]}}