{"id":25022,"date":"2023-07-18T13:09:50","date_gmt":"2023-07-18T16:09:50","guid":{"rendered":"https:\/\/about.fb.com\/br\/?p=25022"},"modified":"2023-07-18T13:11:20","modified_gmt":"2023-07-18T16:11:20","slug":"meta-e-microsoft-anunciam-a-proxima-geracao-do-llama","status":"publish","type":"post","link":"https:\/\/about.fb.com\/br\/news\/2023\/07\/meta-e-microsoft-anunciam-a-proxima-geracao-do-llama\/","title":{"rendered":"Meta e Microsoft anunciam a pr\u00f3xima gera\u00e7\u00e3o do Llama"},"content":{"rendered":"<p><span style=\"font-weight: 400\">Os recentes avan\u00e7os em intelig\u00eancia artificial, principalmente na \u00e1rea de IA generativa, capturaram a imagina\u00e7\u00e3o do p\u00fablico e revelaram o que os especialistas que desenvolvem essas tecnologias j\u00e1 sabiam h\u00e1 muito tempo: elas t\u00eam o potencial de ajudar as pessoas a fazer coisas incr\u00edveis, seja para criar uma era de oportunidades econ\u00f4micas e sociais ou oferecer aos indiv\u00edduos, criadores e empresas novas maneiras de se expressar e conectar-se com as pessoas.<\/span><\/p>\n<p><span style=\"font-weight: 400\">Acreditamos que uma abordagem aberta \u00e9 o caminho certo para o desenvolvimento dos modelos de IA atuais, especialmente aqueles que est\u00e3o inseridos no contexto generativo, \u00e1rea em que a tecnologia est\u00e1 avan\u00e7ando rapidamente. Ao disponibilizar os modelos de IA de forma aberta, eles podem beneficiar diversos grupos. Conceder \u00e0s empresas, \u00e0s startups, aos empreendedores e aos pesquisadores acesso a ferramentas desenvolvidas em uma escala que seria um desafio construir por conta pr\u00f3pria &#8211; com o apoio do poder de computa\u00e7\u00e3o que, de outra forma, eles n\u00e3o teriam acesso -, abrir\u00e1 um mundo de oportunidades para que experimentem, inovem de maneiras empolgantes e, por fim, se beneficiem econ\u00f4mica e socialmente.<\/span><\/p>\n<p><span style=\"font-weight: 400\">Acreditamos que esse \u00e9 o meio mais seguro. Promover acesso aos modelos atuais de IA significa que uma gera\u00e7\u00e3o de desenvolvedores e pesquisadores poder\u00e1 test\u00e1-los, identificando e solucionando quest\u00f5es rapidamente, como uma comunidade. Ao analisar como essas ferramentas s\u00e3o utilizadas por outras pessoas, nossas pr\u00f3prias equipes poder\u00e3o aprender com elas para aprimor\u00e1-las e consertar vulnerabilidades.<\/span><\/p>\n<p><span style=\"font-weight: 400\">H\u00e1 mais de uma d\u00e9cada, a Meta tem colocado a pesquisa explorat\u00f3ria, o c\u00f3digo aberto e a colabora\u00e7\u00e3o com parceiros acad\u00eamicos e do setor no centro de seus esfor\u00e7os de IA. Pudemos notar, previamente, como a inova\u00e7\u00e3o aberta pode propagar tecnologias que beneficiam mais pessoas. Dezenas de modelos de linguagem j\u00e1 foram lan\u00e7ados e est\u00e3o impulsionando a evolu\u00e7\u00e3o de desenvolvedores e pesquisadores. Os modelos est\u00e3o sendo utilizados pelas empresas como componentes essenciais para novas experi\u00eancias geradoras baseadas em IA. Ficamos impressionados com a enorme demanda pelo Llama 1 por parte dos pesquisadores \u2013 registramos mais de 100.000 solicita\u00e7\u00f5es de acesso ao modelo de linguagem \u2013 e com as coisas incr\u00edveis que a comunidade alcan\u00e7ou <\/span><a href=\"https:\/\/github.com\/ggerganov\/llama.cpp\"><span style=\"font-weight: 400\">ao construir a partir dele<\/span><\/a><span style=\"font-weight: 400\">.<\/span><\/p>\n<p><span style=\"font-weight: 400\">Agora, estamos prontos para abrir o c\u00f3digo da pr\u00f3xima vers\u00e3o do Llama 2 e <\/span><a href=\"https:\/\/ai.meta.com\/llama\/\"><span style=\"font-weight: 400\">disponibiliz\u00e1-lo para pesquisas e uso comercial<\/span><\/a><span style=\"font-weight: 400\">. Estamos incluindo par\u00e2metros do modelo e c\u00f3digo inicial para o modelo pr\u00e9-treinado, bem como vers\u00f5es de conversa\u00e7\u00e3o com ajustes finos. Conforme Satya Nadella, CEO da Microsoft, anunciou no palco do Microsoft Inspire, estamos levando nossa parceria para o pr\u00f3ximo n\u00edvel, tendo a Microsoft como nossa parceira preferencial para a comercializa\u00e7\u00e3o do Llama 2 e expans\u00e3o de nossos esfor\u00e7os em IA generativa. A partir de hoje, o Llama 2 estar\u00e1 dispon\u00edvel no cat\u00e1logo de modelos de IA do Azure, permitindo que os desenvolvedores que usam o Microsoft Azure criem com ele e aproveitem suas ferramentas nativas da nuvem para filtragem de conte\u00fado e recursos de seguran\u00e7a. A tecnologia tamb\u00e9m \u00e9 otimizada para ser executada localmente no Windows, oferecendo aos desenvolvedores um fluxo de trabalho cont\u00ednuo \u00e0 medida que levam experi\u00eancias de IA generativa aos clientes em diferentes plataformas. O Llama 2 estar\u00e1 dispon\u00edvel na Amazon Web Services (AWS), na Hugging Face e tamb\u00e9m em outros provedores.<\/span><\/p>\n<p><span style=\"font-weight: 400\">Pessoas e empresas t\u00eam se beneficiado da parceria de longa data entre a Microsoft e a Meta, pois, juntos, apresentamos um <\/span><a href=\"https:\/\/research.facebook.com\/blog\/2017\/09\/facebook-and-microsoft-introduce-new-open-ecosystem-for-interchangeable-ai-frameworks\/\"><span style=\"font-weight: 400\">ecossistema aberto<\/span><\/a><span style=\"font-weight: 400\"> para estruturas de IA interoper\u00e1veis e escrevemos artigos de pesquisa em coautoria para alavancar a IA de \u00faltima gera\u00e7\u00e3o. Colaboramos para ampliar a ado\u00e7\u00e3o do <\/span><a href=\"https:\/\/ai.meta.com\/blog\/pytorch-foundation\/\"><span style=\"font-weight: 400\">PyTorch<\/span><\/a><span style=\"font-weight: 400\"> \u2013 a principal estrutura de IA atual criada pela Meta e pela comunidade de IA \u2013 no Azure, al\u00e9m de estarmos entre os membros fundadores da PyTorch Foundation. A Microsoft e a Meta recentemente juntaram-se a um grupo de apoiadores que endossam a <\/span><a href=\"https:\/\/partnershiponai.org\/pai-announces-meta-and-microsoft-to-join-framework-for-collective-action-on-synthetic-media\/\"><span style=\"font-weight: 400\">estrutura da <\/span><i><span style=\"font-weight: 400\">Partnership on AI<\/span><\/i><\/a><span style=\"font-weight: 400\">, organiza\u00e7\u00e3o sem fins lucrativos comprometida com o uso respons\u00e1vel da intelig\u00eancia artificial, para viabilizar um movimento coletivo na cria\u00e7\u00e3o e no compartilhamento de m\u00eddia sint\u00e9tica. Nossa parceria se estende para al\u00e9m da IA, compreendendo tamb\u00e9m o metaverso, a fim de <\/span><a href=\"https:\/\/blogs.microsoft.com\/pt\/blog\/2022\/10\/11\/microsoft-and-meta-partner-to-deliver-immersive-experiences-for-the-future-of-work-and-play\/\"><span style=\"font-weight: 400\">proporcionar experi\u00eancias imersivas<\/span><\/a><span style=\"font-weight: 400\"> para o futuro do trabalho e do lazer.<\/span><\/p>\n<p><span style=\"font-weight: 400\">Com a expans\u00e3o dessa parceria, a Microsoft e a Meta est\u00e3o apoiando uma abordagem de inova\u00e7\u00e3o aberta para fornecer mais acesso a tecnologias de IA fundamentais, que beneficiam empresas ao redor do mundo. N\u00e3o s\u00f3 a Meta e a Microsoft acreditam na democratiza\u00e7\u00e3o do acesso a modelos atuais de IA, mas tamb\u00e9m uma <\/span><a href=\"https:\/\/ai.meta.com\/llama\/\"><span style=\"font-weight: 400\">ampla gama de diversos apoiadores<\/span><\/a><span style=\"font-weight: 400\"> em todo o mundo, incluindo empresas que nos deram feedback inicial e est\u00e3o animadas para criar novos produtos a partir do Llama 2, como provedores de nuvem que ir\u00e3o incorporar o Llama 2 em suas ofertas para os clientes, institui\u00e7\u00f5es de pesquisa que est\u00e3o colaborando conosco na implanta\u00e7\u00e3o segura e respons\u00e1vel de grandes modelos generativos e pessoas da \u00e1rea tecnol\u00f3gica, acad\u00eamica e pol\u00edtica que, assim como n\u00f3s, enxergam benef\u00edcios neste processo.<\/span><\/p>\n<p><b>Foco na Responsabilidade<\/b><\/p>\n<p><span style=\"font-weight: 400\">Nossa abordagem de c\u00f3digo aberto promove a transpar\u00eancia e o livre acesso. Sabemos que, embora a IA tenha conduzido enormes avan\u00e7os na sociedade, ela tamb\u00e9m oferece riscos. Estamos comprometidos com a constru\u00e7\u00e3o respons\u00e1vel, fornecendo diversos recursos para ajudar aqueles que usam o Llama 2 a fazer o mesmo.\u00a0<\/span><\/p>\n<ul>\n<li><b>A\u00e7\u00f5es do time de riscos:<\/b><span style=\"font-weight: 400\"> Os nossos modelos ajustados tiveram a seguran\u00e7a testada por meio de esfor\u00e7os internos e externos. A equipe trabalhou para gerar comandos contradit\u00f3rios para facilitar o ajuste fino do modelo. Al\u00e9m disso, uma equipe terceirizada foi contratada para realizar testes contradit\u00f3rios externos em nossos modelos ajustados, para identificar, de forma semelhante, lacunas no desempenho. Esses processos de ajuste fino de seguran\u00e7a s\u00e3o iterativos e, em vista disso, continuaremos investindo em seguran\u00e7a por meio de ajustes finos e avalia\u00e7\u00f5es comparativas, al\u00e9m do nosso plano de lan\u00e7ar modelos atualizados com base nesses esfor\u00e7os.<\/span><\/li>\n<li><b>Esquema de transpar\u00eancia:<\/b><span style=\"font-weight: 400\"> Explicamos os nossos m\u00e9todos de ajuste fino e avalia\u00e7\u00e3o do modelo e identificamos suas defici\u00eancias. Nosso esquema de transpar\u00eancia, que se encontra no <\/span><a href=\"https:\/\/ai.meta.com\/research\/publications\/llama-2-open-foundation-and-fine-tuned-chat-models\/\"><span style=\"font-weight: 400\">documento de pesquisa<\/span><\/a><span style=\"font-weight: 400\">, revela os desafios e problemas conhecidos que enfrentamos, al\u00e9m de fornecer informa\u00e7\u00f5es sobre as atenua\u00e7\u00f5es adotadas e as que pretendemos explorar no futuro.<\/span><\/li>\n<li><b>Guia de uso respons\u00e1vel:<\/b><span style=\"font-weight: 400\"> Criamos <\/span><a href=\"https:\/\/ai.meta.com\/llama\/responsible-use-guide\"><span style=\"font-weight: 400\">este guia<\/span><\/a><span style=\"font-weight: 400\"> como um recurso para apoiar os desenvolvedores com as pr\u00e1ticas recomendadas de desenvolvimento respons\u00e1vel e avalia\u00e7\u00f5es de seguran\u00e7a. O guia descreve as pr\u00e1ticas que refletem as pesquisas atuais e de ponta sobre a IA generativa respons\u00e1vel, discutidas no setor e na comunidade de pesquisa de IA.<\/span><\/li>\n<li><b>Pol\u00edtica de uso aceit\u00e1vel: <\/b><span style=\"font-weight: 400\">Implementamos uma <\/span><a href=\"http:\/\/ai.meta.com\/llama\/use-policy\"><span style=\"font-weight: 400\">pol\u00edtica<\/span><\/a><span style=\"font-weight: 400\"> que pro\u00edbe determinados tipos de uso, para ajudar a garantir que esses modelos estejam sendo usados de forma justa e respons\u00e1vel.<\/span><\/li>\n<\/ul>\n<p><span style=\"font-weight: 400\">A Meta tamb\u00e9m criou novas iniciativas para aproveitar a percep\u00e7\u00e3o e a criatividade de indiv\u00edduos, pesquisadores e desenvolvedores de todo o mundo, a fim de obter feedback sobre o desempenho dos modelos e como eles podem ser aprimorados.<\/span><\/p>\n<ul>\n<li><b>Comunidade de pesquisa em IA de inova\u00e7\u00e3o aberta:<\/b><span style=\"font-weight: 400\"> Hoje tamb\u00e9m lan\u00e7amos um novo <\/span><a href=\"https:\/\/ai.meta.com\/llama\/open-innovation-ai-research-community\"><span style=\"font-weight: 400\">programa de parceria para pesquisadores acad\u00eamicos<\/span><\/a><span style=\"font-weight: 400\"> com o objetivo de aprofundar nosso entendimento sobre o desenvolvimento respons\u00e1vel e o compartilhamento de grandes modelos de linguagem. Os pesquisadores podem se inscrever para participar de uma comunidade de profissionais para compartilhar aprendizados sobre esse importante tema, visando que esta comunidade forme uma agenda de pesquisa a ser seguida no futuro.<\/span><\/li>\n<li><b>Desafio Llama para Impacto Social:<\/b><span style=\"font-weight: 400\"> Queremos estimular a comunidade de inova\u00e7\u00e3o que deseja usar o Llama para resolver problemas dif\u00edceis. Estamos lan\u00e7ando um desafio para incentivar um conjunto diversificado de entidades p\u00fablicas, sem fins lucrativos e com fins lucrativos a usar o Llama 2 para enfrentar desafios ambientais, educacionais e outras quest\u00f5es importantes. <\/span><a href=\"https:\/\/ai.meta.com\/llama\/llama-impact-challenge\"><span style=\"font-weight: 400\">As regras<\/span><\/a><span style=\"font-weight: 400\"> estar\u00e3o dispon\u00edveis antes do in\u00edcio do desafio.<\/span><\/li>\n<\/ul>\n<p><b>Conclus\u00e3o<\/b><\/p>\n<p><span style=\"font-weight: 400\">Ao longo da hist\u00f3ria da nossa empresa, vivenciamos os benef\u00edcios de uma abordagem de ci\u00eancia aberta ao inovar em outras \u00e1reas de neg\u00f3cio. Nossos engenheiros desenvolveram e compartilharam estruturas que agora s\u00e3o padr\u00f5es do setor, como o React, uma estrutura l\u00edder para a cria\u00e7\u00e3o de aplicativos m\u00f3veis e websites, e o PyTorch, que agora \u00e9 a estrutura l\u00edder para IA. Essas estruturas se tornaram bases comumente usadas por todo o setor de tecnologia, e acreditamos que o compartilhamento aberto de grandes modelos atuais de linguagem tamb\u00e9m dar\u00e1 suporte ao desenvolvimento de IA generativa com mais utilidade e seguran\u00e7a.<\/span><\/p>\n<p><span style=\"font-weight: 400\">Estamos ansiosos para ver o que o mundo construir\u00e1 com o Llama 2!<\/span><\/p>\n","protected":false},"excerpt":{"rendered":"Os recentes avan\u00e7os em intelig\u00eancia artificial, principalmente na \u00e1rea de IA generativa, capturaram a imagina\u00e7\u00e3o do p\u00fablico e revelaram o que os especialistas que desenvolvem essas tecnologias j\u00e1 sabiam h\u00e1 muito tempo: elas t\u00eam o potencial de ajudar as pessoas a fazer coisas incr\u00edveis, seja para criar uma era de oportunidades econ\u00f4micas e sociais ou oferecer aos indiv\u00edduos, criadores e empresas novas maneiras de se expressar e conectar-se com as pessoas. Acreditamos que uma abordagem aberta \u00e9 o caminho certo para o desenvolvimento dos modelos de IA atuais, especialmente aqueles que est\u00e3o inseridos no contexto generativo, \u00e1rea em que a tecnologia est\u00e1 avan\u00e7ando rapidamente. Ao disponibilizar os modelos de IA de forma aberta, eles podem beneficiar diversos grupos. Conceder \u00e0s empresas, \u00e0s startups, aos empreendedores e aos pesquisadores acesso a ferramentas desenvolvidas em uma escala que seria um desafio construir por conta pr\u00f3pria &#8211; com o apoio do poder de computa\u00e7\u00e3o que, de outra forma, eles n\u00e3o teriam acesso -, abrir\u00e1 um mundo de oportunidades para que experimentem, inovem de maneiras empolgantes e, por fim, se beneficiem econ\u00f4mica e socialmente. Acreditamos que esse \u00e9 o meio mais seguro. Promover acesso aos modelos atuais de IA significa que uma gera\u00e7\u00e3o de desenvolvedores e pesquisadores poder\u00e1 test\u00e1-los, identificando e solucionando quest\u00f5es rapidamente, como uma comunidade. Ao analisar como essas ferramentas s\u00e3o utilizadas por outras pessoas, nossas pr\u00f3prias equipes poder\u00e3o aprender com elas para aprimor\u00e1-las e consertar vulnerabilidades. H\u00e1 mais de uma d\u00e9cada, a Meta tem colocado a pesquisa explorat\u00f3ria, o c\u00f3digo aberto e a colabora\u00e7\u00e3o com parceiros acad\u00eamicos e do setor no centro de seus esfor\u00e7os de IA. Pudemos notar, previamente, como a inova\u00e7\u00e3o aberta pode propagar tecnologias que beneficiam mais pessoas. Dezenas de modelos de linguagem j\u00e1 foram lan\u00e7ados e est\u00e3o impulsionando a evolu\u00e7\u00e3o de desenvolvedores e pesquisadores. Os modelos est\u00e3o sendo utilizados pelas empresas como componentes essenciais para novas experi\u00eancias geradoras baseadas em IA. Ficamos impressionados com a enorme demanda pelo Llama 1 por parte dos pesquisadores \u2013 registramos mais de 100.000 solicita\u00e7\u00f5es de acesso ao modelo de linguagem \u2013 e com as coisas incr\u00edveis que a comunidade alcan\u00e7ou ao construir a partir dele. Agora, estamos prontos para abrir o c\u00f3digo da pr\u00f3xima vers\u00e3o do Llama 2 e disponibiliz\u00e1-lo para pesquisas e uso comercial. Estamos incluindo par\u00e2metros do modelo e c\u00f3digo inicial para o modelo pr\u00e9-treinado, bem como vers\u00f5es de conversa\u00e7\u00e3o com ajustes finos. Conforme Satya Nadella, CEO da Microsoft, anunciou no palco do Microsoft Inspire, estamos levando nossa parceria para o pr\u00f3ximo n\u00edvel, tendo a Microsoft como nossa parceira preferencial para a comercializa\u00e7\u00e3o do Llama 2 e expans\u00e3o de nossos esfor\u00e7os em IA generativa. A partir de hoje, o Llama 2 estar\u00e1 dispon\u00edvel no cat\u00e1logo de modelos de IA do Azure, permitindo que os desenvolvedores que usam o Microsoft Azure criem com ele e aproveitem suas ferramentas nativas da nuvem para filtragem de conte\u00fado e recursos de seguran\u00e7a. A tecnologia tamb\u00e9m \u00e9 otimizada para ser executada localmente no Windows, oferecendo aos desenvolvedores um fluxo de trabalho cont\u00ednuo \u00e0 medida que levam experi\u00eancias de IA generativa aos clientes em diferentes plataformas. O Llama 2 estar\u00e1 dispon\u00edvel na Amazon Web Services (AWS), na Hugging Face e tamb\u00e9m em outros provedores. Pessoas e empresas t\u00eam se beneficiado da parceria de longa data entre a Microsoft e a Meta, pois, juntos, apresentamos um ecossistema aberto para estruturas de IA interoper\u00e1veis e escrevemos artigos de pesquisa em coautoria para alavancar a IA de \u00faltima gera\u00e7\u00e3o. Colaboramos para ampliar a ado\u00e7\u00e3o do PyTorch \u2013 a principal estrutura de IA atual criada pela Meta e pela comunidade de IA \u2013 no Azure, al\u00e9m de estarmos entre os membros fundadores da PyTorch Foundation. A Microsoft e a Meta recentemente juntaram-se a um grupo de apoiadores que endossam a estrutura da Partnership on AI, organiza\u00e7\u00e3o sem fins lucrativos comprometida com o uso respons\u00e1vel da intelig\u00eancia artificial, para viabilizar um movimento coletivo na cria\u00e7\u00e3o e no compartilhamento de m\u00eddia sint\u00e9tica. Nossa parceria se estende para al\u00e9m da IA, compreendendo tamb\u00e9m o metaverso, a fim de proporcionar experi\u00eancias imersivas para o futuro do trabalho e do lazer. Com a expans\u00e3o dessa parceria, a Microsoft e a Meta est\u00e3o apoiando uma abordagem de inova\u00e7\u00e3o aberta para fornecer mais acesso a tecnologias de IA fundamentais, que beneficiam empresas ao redor do mundo. N\u00e3o s\u00f3 a Meta e a Microsoft acreditam na democratiza\u00e7\u00e3o do acesso a modelos atuais de IA, mas tamb\u00e9m uma ampla gama de diversos apoiadores em todo o mundo, incluindo empresas que nos deram feedback inicial e est\u00e3o animadas para criar novos produtos a partir do Llama 2, como provedores de nuvem que ir\u00e3o incorporar o Llama 2 em suas ofertas para os clientes, institui\u00e7\u00f5es de pesquisa que est\u00e3o colaborando conosco na implanta\u00e7\u00e3o segura e respons\u00e1vel de grandes modelos generativos e pessoas da \u00e1rea tecnol\u00f3gica, acad\u00eamica e pol\u00edtica que, assim como n\u00f3s, enxergam benef\u00edcios neste processo. Foco na Responsabilidade Nossa abordagem de c\u00f3digo aberto promove a transpar\u00eancia e o livre acesso. Sabemos que, embora a IA tenha conduzido enormes avan\u00e7os na sociedade, ela tamb\u00e9m oferece riscos. Estamos comprometidos com a constru\u00e7\u00e3o respons\u00e1vel, fornecendo diversos recursos para ajudar aqueles que usam o Llama 2 a fazer o mesmo.\u00a0 A\u00e7\u00f5es do time de riscos: Os nossos modelos ajustados tiveram a seguran\u00e7a testada por meio de esfor\u00e7os internos e externos. A equipe trabalhou para gerar comandos contradit\u00f3rios para facilitar o ajuste fino do modelo. Al\u00e9m disso, uma equipe terceirizada foi contratada para realizar testes contradit\u00f3rios externos em nossos modelos ajustados, para identificar, de forma semelhante, lacunas no desempenho. Esses processos de ajuste fino de seguran\u00e7a s\u00e3o iterativos e, em vista disso, continuaremos investindo em seguran\u00e7a por meio de ajustes finos e avalia\u00e7\u00f5es comparativas, al\u00e9m do nosso plano de lan\u00e7ar modelos atualizados com base nesses esfor\u00e7os. Esquema de transpar\u00eancia: Explicamos os nossos m\u00e9todos de ajuste fino e avalia\u00e7\u00e3o do modelo e identificamos suas defici\u00eancias. Nosso esquema de transpar\u00eancia, que se encontra no documento de pesquisa, revela os desafios e problemas conhecidos que enfrentamos, al\u00e9m de fornecer informa\u00e7\u00f5es sobre as atenua\u00e7\u00f5es adotadas e as que pretendemos explorar no futuro. Guia de uso respons\u00e1vel: Criamos este guia como um recurso para apoiar os desenvolvedores com as pr\u00e1ticas recomendadas de desenvolvimento respons\u00e1vel e avalia\u00e7\u00f5es de seguran\u00e7a. O guia descreve as pr\u00e1ticas que refletem as pesquisas atuais e de ponta sobre a IA generativa respons\u00e1vel, discutidas no setor e na comunidade de pesquisa de IA. Pol\u00edtica de uso aceit\u00e1vel: Implementamos uma pol\u00edtica que pro\u00edbe determinados tipos de uso, para ajudar a garantir que esses modelos estejam sendo usados de forma justa e respons\u00e1vel. A Meta tamb\u00e9m criou novas iniciativas para aproveitar a percep\u00e7\u00e3o e a criatividade de indiv\u00edduos, pesquisadores e desenvolvedores de todo o mundo, a fim de obter feedback sobre o desempenho dos modelos e como eles podem ser aprimorados. Comunidade de pesquisa em IA de inova\u00e7\u00e3o aberta: Hoje tamb\u00e9m lan\u00e7amos um novo programa de parceria para pesquisadores acad\u00eamicos com o objetivo de aprofundar nosso entendimento sobre o desenvolvimento respons\u00e1vel e o compartilhamento de grandes modelos de linguagem. Os pesquisadores podem se inscrever para participar de uma comunidade de profissionais para compartilhar aprendizados sobre esse importante tema, visando que esta comunidade forme uma agenda de pesquisa a ser seguida no futuro. Desafio Llama para Impacto Social: Queremos estimular a comunidade de inova\u00e7\u00e3o que deseja usar o Llama para resolver problemas dif\u00edceis. Estamos lan\u00e7ando um desafio para incentivar um conjunto diversificado de entidades p\u00fablicas, sem fins lucrativos e com fins lucrativos a usar o Llama 2 para enfrentar desafios ambientais, educacionais e outras quest\u00f5es importantes. As regras estar\u00e3o dispon\u00edveis antes do in\u00edcio do desafio. Conclus\u00e3o Ao longo da hist\u00f3ria da nossa empresa, vivenciamos os benef\u00edcios de uma abordagem de ci\u00eancia aberta ao inovar em outras \u00e1reas de neg\u00f3cio. Nossos engenheiros desenvolveram e compartilharam estruturas que agora s\u00e3o padr\u00f5es do setor, como o React, uma estrutura l\u00edder para a cria\u00e7\u00e3o de aplicativos m\u00f3veis e websites, e o PyTorch, que agora \u00e9 a estrutura l\u00edder para IA. Essas estruturas se tornaram bases comumente usadas por todo o setor de tecnologia, e acreditamos que o compartilhamento aberto de grandes modelos atuais de linguagem tamb\u00e9m dar\u00e1 suporte ao desenvolvimento de IA generativa com mais utilidade e seguran\u00e7a. Estamos ansiosos para ver o que o mundo construir\u00e1 com o Llama 2!","protected":false},"author":164097222,"featured_media":25023,"comment_status":"closed","ping_status":"closed","sticky":false,"template":"","format":"standard","meta":{"_jetpack_memberships_contains_paid_content":false,"footnotes":""},"categories":[396542114,1,396542170],"tags":[396542241,396541945],"class_list":["post-25022","post","type-post","status-publish","format-standard","has-post-thumbnail","hentry","category-meta","category-recent-news","category-tecnologia-e-inovacao","tag-aprendizado-de-maquina","tag-inteligencia-artificial"],"yoast_head":"<!-- This site is optimized with the Yoast SEO plugin v27.2 - https:\/\/yoast.com\/product\/yoast-seo-wordpress\/ -->\n<title>Meta e Microsoft anunciam a pr\u00f3xima gera\u00e7\u00e3o do Llama | Sobre a Meta<\/title>\n<meta name=\"robots\" content=\"index, follow, max-snippet:-1, max-image-preview:large, max-video-preview:-1\" \/>\n<link rel=\"canonical\" href=\"https:\/\/about.fb.com\/br\/news\/2023\/07\/meta-e-microsoft-anunciam-a-proxima-geracao-do-llama\/\" \/>\n<meta property=\"og:locale\" content=\"pt_BR\" \/>\n<meta property=\"og:type\" content=\"article\" \/>\n<meta property=\"og:title\" content=\"Meta e Microsoft anunciam a pr\u00f3xima gera\u00e7\u00e3o do Llama | Sobre a Meta\" \/>\n<meta property=\"og:description\" content=\"Os recentes avan\u00e7os em intelig\u00eancia artificial, principalmente na \u00e1rea de IA generativa, capturaram a imagina\u00e7\u00e3o do p\u00fablico e revelaram o que os especialistas que desenvolvem essas tecnologias j\u00e1 sabiam h\u00e1 muito tempo: elas t\u00eam o potencial de ajudar as pessoas a fazer coisas incr\u00edveis, seja para criar uma era de oportunidades econ\u00f4micas e sociais ou oferecer aos indiv\u00edduos, criadores e empresas novas maneiras de se expressar e conectar-se com as pessoas. Acreditamos que uma abordagem aberta \u00e9 o caminho certo para o desenvolvimento dos modelos de IA atuais, especialmente aqueles que est\u00e3o inseridos no contexto generativo, \u00e1rea em que a tecnologia est\u00e1 avan\u00e7ando rapidamente. Ao disponibilizar os modelos de IA de forma aberta, eles podem beneficiar diversos grupos. Conceder \u00e0s empresas, \u00e0s startups, aos empreendedores e aos pesquisadores acesso a ferramentas desenvolvidas em uma escala que seria um desafio construir por conta pr\u00f3pria &#8211; com o apoio do poder de computa\u00e7\u00e3o que, de outra forma, eles n\u00e3o teriam acesso -, abrir\u00e1 um mundo de oportunidades para que experimentem, inovem de maneiras empolgantes e, por fim, se beneficiem econ\u00f4mica e socialmente. Acreditamos que esse \u00e9 o meio mais seguro. Promover acesso aos modelos atuais de IA significa que uma gera\u00e7\u00e3o de desenvolvedores e pesquisadores poder\u00e1 test\u00e1-los, identificando e solucionando quest\u00f5es rapidamente, como uma comunidade. Ao analisar como essas ferramentas s\u00e3o utilizadas por outras pessoas, nossas pr\u00f3prias equipes poder\u00e3o aprender com elas para aprimor\u00e1-las e consertar vulnerabilidades. H\u00e1 mais de uma d\u00e9cada, a Meta tem colocado a pesquisa explorat\u00f3ria, o c\u00f3digo aberto e a colabora\u00e7\u00e3o com parceiros acad\u00eamicos e do setor no centro de seus esfor\u00e7os de IA. Pudemos notar, previamente, como a inova\u00e7\u00e3o aberta pode propagar tecnologias que beneficiam mais pessoas. Dezenas de modelos de linguagem j\u00e1 foram lan\u00e7ados e est\u00e3o impulsionando a evolu\u00e7\u00e3o de desenvolvedores e pesquisadores. Os modelos est\u00e3o sendo utilizados pelas empresas como componentes essenciais para novas experi\u00eancias geradoras baseadas em IA. Ficamos impressionados com a enorme demanda pelo Llama 1 por parte dos pesquisadores \u2013 registramos mais de 100.000 solicita\u00e7\u00f5es de acesso ao modelo de linguagem \u2013 e com as coisas incr\u00edveis que a comunidade alcan\u00e7ou ao construir a partir dele. Agora, estamos prontos para abrir o c\u00f3digo da pr\u00f3xima vers\u00e3o do Llama 2 e disponibiliz\u00e1-lo para pesquisas e uso comercial. Estamos incluindo par\u00e2metros do modelo e c\u00f3digo inicial para o modelo pr\u00e9-treinado, bem como vers\u00f5es de conversa\u00e7\u00e3o com ajustes finos. Conforme Satya Nadella, CEO da Microsoft, anunciou no palco do Microsoft Inspire, estamos levando nossa parceria para o pr\u00f3ximo n\u00edvel, tendo a Microsoft como nossa parceira preferencial para a comercializa\u00e7\u00e3o do Llama 2 e expans\u00e3o de nossos esfor\u00e7os em IA generativa. A partir de hoje, o Llama 2 estar\u00e1 dispon\u00edvel no cat\u00e1logo de modelos de IA do Azure, permitindo que os desenvolvedores que usam o Microsoft Azure criem com ele e aproveitem suas ferramentas nativas da nuvem para filtragem de conte\u00fado e recursos de seguran\u00e7a. A tecnologia tamb\u00e9m \u00e9 otimizada para ser executada localmente no Windows, oferecendo aos desenvolvedores um fluxo de trabalho cont\u00ednuo \u00e0 medida que levam experi\u00eancias de IA generativa aos clientes em diferentes plataformas. O Llama 2 estar\u00e1 dispon\u00edvel na Amazon Web Services (AWS), na Hugging Face e tamb\u00e9m em outros provedores. Pessoas e empresas t\u00eam se beneficiado da parceria de longa data entre a Microsoft e a Meta, pois, juntos, apresentamos um ecossistema aberto para estruturas de IA interoper\u00e1veis e escrevemos artigos de pesquisa em coautoria para alavancar a IA de \u00faltima gera\u00e7\u00e3o. Colaboramos para ampliar a ado\u00e7\u00e3o do PyTorch \u2013 a principal estrutura de IA atual criada pela Meta e pela comunidade de IA \u2013 no Azure, al\u00e9m de estarmos entre os membros fundadores da PyTorch Foundation. A Microsoft e a Meta recentemente juntaram-se a um grupo de apoiadores que endossam a estrutura da Partnership on AI, organiza\u00e7\u00e3o sem fins lucrativos comprometida com o uso respons\u00e1vel da intelig\u00eancia artificial, para viabilizar um movimento coletivo na cria\u00e7\u00e3o e no compartilhamento de m\u00eddia sint\u00e9tica. Nossa parceria se estende para al\u00e9m da IA, compreendendo tamb\u00e9m o metaverso, a fim de proporcionar experi\u00eancias imersivas para o futuro do trabalho e do lazer. Com a expans\u00e3o dessa parceria, a Microsoft e a Meta est\u00e3o apoiando uma abordagem de inova\u00e7\u00e3o aberta para fornecer mais acesso a tecnologias de IA fundamentais, que beneficiam empresas ao redor do mundo. N\u00e3o s\u00f3 a Meta e a Microsoft acreditam na democratiza\u00e7\u00e3o do acesso a modelos atuais de IA, mas tamb\u00e9m uma ampla gama de diversos apoiadores em todo o mundo, incluindo empresas que nos deram feedback inicial e est\u00e3o animadas para criar novos produtos a partir do Llama 2, como provedores de nuvem que ir\u00e3o incorporar o Llama 2 em suas ofertas para os clientes, institui\u00e7\u00f5es de pesquisa que est\u00e3o colaborando conosco na implanta\u00e7\u00e3o segura e respons\u00e1vel de grandes modelos generativos e pessoas da \u00e1rea tecnol\u00f3gica, acad\u00eamica e pol\u00edtica que, assim como n\u00f3s, enxergam benef\u00edcios neste processo. Foco na Responsabilidade Nossa abordagem de c\u00f3digo aberto promove a transpar\u00eancia e o livre acesso. Sabemos que, embora a IA tenha conduzido enormes avan\u00e7os na sociedade, ela tamb\u00e9m oferece riscos. Estamos comprometidos com a constru\u00e7\u00e3o respons\u00e1vel, fornecendo diversos recursos para ajudar aqueles que usam o Llama 2 a fazer o mesmo.\u00a0 A\u00e7\u00f5es do time de riscos: Os nossos modelos ajustados tiveram a seguran\u00e7a testada por meio de esfor\u00e7os internos e externos. A equipe trabalhou para gerar comandos contradit\u00f3rios para facilitar o ajuste fino do modelo. Al\u00e9m disso, uma equipe terceirizada foi contratada para realizar testes contradit\u00f3rios externos em nossos modelos ajustados, para identificar, de forma semelhante, lacunas no desempenho. Esses processos de ajuste fino de seguran\u00e7a s\u00e3o iterativos e, em vista disso, continuaremos investindo em seguran\u00e7a por meio de ajustes finos e avalia\u00e7\u00f5es comparativas, al\u00e9m do nosso plano de lan\u00e7ar modelos atualizados com base nesses esfor\u00e7os. Esquema de transpar\u00eancia: Explicamos os nossos m\u00e9todos de ajuste fino e avalia\u00e7\u00e3o do modelo e identificamos suas defici\u00eancias. Nosso esquema de transpar\u00eancia, que se encontra no documento de pesquisa, revela os desafios e problemas conhecidos que enfrentamos, al\u00e9m de fornecer informa\u00e7\u00f5es sobre as atenua\u00e7\u00f5es adotadas e as que pretendemos explorar no futuro. Guia de uso respons\u00e1vel: Criamos este guia como um recurso para apoiar os desenvolvedores com as pr\u00e1ticas recomendadas de desenvolvimento respons\u00e1vel e avalia\u00e7\u00f5es de seguran\u00e7a. O guia descreve as pr\u00e1ticas que refletem as pesquisas atuais e de ponta sobre a IA generativa respons\u00e1vel, discutidas no setor e na comunidade de pesquisa de IA. Pol\u00edtica de uso aceit\u00e1vel: Implementamos uma pol\u00edtica que pro\u00edbe determinados tipos de uso, para ajudar a garantir que esses modelos estejam sendo usados de forma justa e respons\u00e1vel. A Meta tamb\u00e9m criou novas iniciativas para aproveitar a percep\u00e7\u00e3o e a criatividade de indiv\u00edduos, pesquisadores e desenvolvedores de todo o mundo, a fim de obter feedback sobre o desempenho dos modelos e como eles podem ser aprimorados. Comunidade de pesquisa em IA de inova\u00e7\u00e3o aberta: Hoje tamb\u00e9m lan\u00e7amos um novo programa de parceria para pesquisadores acad\u00eamicos com o objetivo de aprofundar nosso entendimento sobre o desenvolvimento respons\u00e1vel e o compartilhamento de grandes modelos de linguagem. Os pesquisadores podem se inscrever para participar de uma comunidade de profissionais para compartilhar aprendizados sobre esse importante tema, visando que esta comunidade forme uma agenda de pesquisa a ser seguida no futuro. Desafio Llama para Impacto Social: Queremos estimular a comunidade de inova\u00e7\u00e3o que deseja usar o Llama para resolver problemas dif\u00edceis. Estamos lan\u00e7ando um desafio para incentivar um conjunto diversificado de entidades p\u00fablicas, sem fins lucrativos e com fins lucrativos a usar o Llama 2 para enfrentar desafios ambientais, educacionais e outras quest\u00f5es importantes. As regras estar\u00e3o dispon\u00edveis antes do in\u00edcio do desafio. Conclus\u00e3o Ao longo da hist\u00f3ria da nossa empresa, vivenciamos os benef\u00edcios de uma abordagem de ci\u00eancia aberta ao inovar em outras \u00e1reas de neg\u00f3cio. Nossos engenheiros desenvolveram e compartilharam estruturas que agora s\u00e3o padr\u00f5es do setor, como o React, uma estrutura l\u00edder para a cria\u00e7\u00e3o de aplicativos m\u00f3veis e websites, e o PyTorch, que agora \u00e9 a estrutura l\u00edder para IA. Essas estruturas se tornaram bases comumente usadas por todo o setor de tecnologia, e acreditamos que o compartilhamento aberto de grandes modelos atuais de linguagem tamb\u00e9m dar\u00e1 suporte ao desenvolvimento de IA generativa com mais utilidade e seguran\u00e7a. Estamos ansiosos para ver o que o mundo construir\u00e1 com o Llama 2!\" \/>\n<meta property=\"og:url\" content=\"https:\/\/about.fb.com\/br\/news\/2023\/07\/meta-e-microsoft-anunciam-a-proxima-geracao-do-llama\/\" \/>\n<meta property=\"og:site_name\" content=\"Sobre a Meta\" \/>\n<meta property=\"article:published_time\" content=\"2023-07-18T16:09:50+00:00\" \/>\n<meta property=\"article:modified_time\" content=\"2023-07-18T16:11:20+00:00\" \/>\n<meta property=\"og:image\" content=\"https:\/\/about.fb.com\/br\/wp-content\/uploads\/sites\/11\/2023\/07\/Llama.jpg?fit=960%2C540\" \/>\n\t<meta property=\"og:image:width\" content=\"960\" \/>\n\t<meta property=\"og:image:height\" content=\"540\" \/>\n\t<meta property=\"og:image:type\" content=\"image\/jpeg\" \/>\n<meta name=\"author\" content=\"vivianlusor\" \/>\n<meta name=\"twitter:card\" content=\"summary_large_image\" \/>\n<meta name=\"twitter:label1\" content=\"Written by\" \/>\n\t<meta name=\"twitter:data1\" content=\"Meta\" \/>\n\t<meta name=\"twitter:label2\" content=\"Est. reading time\" \/>\n\t<meta name=\"twitter:data2\" content=\"6 minutos\" \/>\n<script type=\"application\/ld+json\" class=\"yoast-schema-graph\">{\"@context\":\"https:\/\/schema.org\",\"@graph\":[{\"@type\":\"Article\",\"@id\":\"https:\/\/about.fb.com\/br\/news\/2023\/07\/meta-e-microsoft-anunciam-a-proxima-geracao-do-llama\/#article\",\"isPartOf\":{\"@id\":\"https:\/\/about.fb.com\/br\/news\/2023\/07\/meta-e-microsoft-anunciam-a-proxima-geracao-do-llama\/\"},\"author\":\"Facebook company\",\"headline\":\"Meta e Microsoft anunciam a pr\u00f3xima gera\u00e7\u00e3o do Llama\",\"datePublished\":\"2023-07-18T16:09:50+00:00\",\"dateModified\":\"2023-07-18T16:11:20+00:00\",\"mainEntityOfPage\":{\"@id\":\"https:\/\/about.fb.com\/br\/news\/2023\/07\/meta-e-microsoft-anunciam-a-proxima-geracao-do-llama\/\"},\"wordCount\":1517,\"publisher\":{\"@id\":\"https:\/\/about.fb.com\/br\/#organization\"},\"image\":{\"@id\":\"https:\/\/about.fb.com\/br\/news\/2023\/07\/meta-e-microsoft-anunciam-a-proxima-geracao-do-llama\/#primaryimage\"},\"thumbnailUrl\":\"https:\/\/about.fb.com\/br\/wp-content\/uploads\/sites\/11\/2023\/07\/Llama.jpg?fit=960%2C540\",\"keywords\":[\"Aprendizado de m\u00e1quina\",\"intelig\u00eancia artificial\"],\"articleSection\":[\"Meta\",\"Recent News\",\"Tecnologia e Inova\u00e7\u00e3o\"],\"inLanguage\":\"pt-BR\"},{\"@type\":\"WebPage\",\"@id\":\"https:\/\/about.fb.com\/br\/news\/2023\/07\/meta-e-microsoft-anunciam-a-proxima-geracao-do-llama\/\",\"url\":\"https:\/\/about.fb.com\/br\/news\/2023\/07\/meta-e-microsoft-anunciam-a-proxima-geracao-do-llama\/\",\"name\":\"Meta e Microsoft anunciam a pr\u00f3xima gera\u00e7\u00e3o do Llama | Sobre a Meta\",\"isPartOf\":{\"@id\":\"https:\/\/about.fb.com\/br\/#website\"},\"primaryImageOfPage\":{\"@id\":\"https:\/\/about.fb.com\/br\/news\/2023\/07\/meta-e-microsoft-anunciam-a-proxima-geracao-do-llama\/#primaryimage\"},\"image\":{\"@id\":\"https:\/\/about.fb.com\/br\/news\/2023\/07\/meta-e-microsoft-anunciam-a-proxima-geracao-do-llama\/#primaryimage\"},\"thumbnailUrl\":\"https:\/\/about.fb.com\/br\/wp-content\/uploads\/sites\/11\/2023\/07\/Llama.jpg?fit=960%2C540\",\"datePublished\":\"2023-07-18T16:09:50+00:00\",\"dateModified\":\"2023-07-18T16:11:20+00:00\",\"breadcrumb\":{\"@id\":\"https:\/\/about.fb.com\/br\/news\/2023\/07\/meta-e-microsoft-anunciam-a-proxima-geracao-do-llama\/#breadcrumb\"},\"inLanguage\":\"pt-BR\",\"potentialAction\":[{\"@type\":\"ReadAction\",\"target\":[\"https:\/\/about.fb.com\/br\/news\/2023\/07\/meta-e-microsoft-anunciam-a-proxima-geracao-do-llama\/\"]}],\"author\":\"Sobre a Meta\"},{\"@type\":\"ImageObject\",\"inLanguage\":\"pt-BR\",\"@id\":\"https:\/\/about.fb.com\/br\/news\/2023\/07\/meta-e-microsoft-anunciam-a-proxima-geracao-do-llama\/#primaryimage\",\"url\":\"https:\/\/about.fb.com\/br\/wp-content\/uploads\/sites\/11\/2023\/07\/Llama.jpg?fit=960%2C540\",\"contentUrl\":\"https:\/\/about.fb.com\/br\/wp-content\/uploads\/sites\/11\/2023\/07\/Llama.jpg?fit=960%2C540\",\"width\":960,\"height\":540},{\"@type\":\"BreadcrumbList\",\"@id\":\"https:\/\/about.fb.com\/br\/news\/2023\/07\/meta-e-microsoft-anunciam-a-proxima-geracao-do-llama\/#breadcrumb\",\"itemListElement\":[{\"@type\":\"ListItem\",\"position\":1,\"name\":\"Home\",\"item\":\"https:\/\/about.fb.com\/br\/\"},{\"@type\":\"ListItem\",\"position\":2,\"name\":\"Meta e Microsoft anunciam a pr\u00f3xima gera\u00e7\u00e3o do Llama\"}]},{\"@type\":\"WebSite\",\"@id\":\"https:\/\/about.fb.com\/br\/#website\",\"url\":\"https:\/\/about.fb.com\/news\/\",\"name\":\"Sobre a Meta\",\"description\":\"\",\"publisher\":{\"@id\":\"https:\/\/about.fb.com\/br\/#organization\"},\"potentialAction\":[{\"@type\":\"SearchAction\",\"target\":{\"@type\":\"EntryPoint\",\"urlTemplate\":\"https:\/\/about.fb.com\/br\/?s={search_term_string}\"},\"query-input\":{\"@type\":\"PropertyValueSpecification\",\"valueRequired\":true,\"valueName\":\"search_term_string\"}}],\"inLanguage\":\"pt-BR\",\"alternateName\":[\"Meta Newsroom\",\"Meta\"]},{\"@type\":\"Organization\",\"@id\":\"https:\/\/about.fb.com\/br\/#organization\",\"name\":\"Meta\",\"url\":\"https:\/\/about.fb.com\/br\/\",\"logo\":{\"@type\":\"ImageObject\",\"inLanguage\":\"pt-BR\",\"@id\":\"https:\/\/about.fb.com\/br\/#\/schema\/logo\/image\/\",\"url\":\"https:\/\/about.fb.com\/br\/wp-content\/uploads\/sites\/11\/2021\/10\/meta-social-16x9-1.jpg?fit=8000%2C4500\",\"contentUrl\":\"https:\/\/about.fb.com\/br\/wp-content\/uploads\/sites\/11\/2021\/10\/meta-social-16x9-1.jpg?fit=8000%2C4500\",\"width\":8000,\"height\":4500,\"caption\":\"Meta\"},\"image\":{\"@id\":\"https:\/\/about.fb.com\/br\/#\/schema\/logo\/image\/\"}}]}<\/script>\n<!-- \/ Yoast SEO plugin. -->","yoast_head_json":{"title":"Meta e Microsoft anunciam a pr\u00f3xima gera\u00e7\u00e3o do Llama | Sobre a Meta","robots":{"index":"index","follow":"follow","max-snippet":"max-snippet:-1","max-image-preview":"max-image-preview:large","max-video-preview":"max-video-preview:-1"},"canonical":"https:\/\/about.fb.com\/br\/news\/2023\/07\/meta-e-microsoft-anunciam-a-proxima-geracao-do-llama\/","og_locale":"pt_BR","og_type":"article","og_title":"Meta e Microsoft anunciam a pr\u00f3xima gera\u00e7\u00e3o do Llama | Sobre a Meta","og_description":"Os recentes avan\u00e7os em intelig\u00eancia artificial, principalmente na \u00e1rea de IA generativa, capturaram a imagina\u00e7\u00e3o do p\u00fablico e revelaram o que os especialistas que desenvolvem essas tecnologias j\u00e1 sabiam h\u00e1 muito tempo: elas t\u00eam o potencial de ajudar as pessoas a fazer coisas incr\u00edveis, seja para criar uma era de oportunidades econ\u00f4micas e sociais ou oferecer aos indiv\u00edduos, criadores e empresas novas maneiras de se expressar e conectar-se com as pessoas. Acreditamos que uma abordagem aberta \u00e9 o caminho certo para o desenvolvimento dos modelos de IA atuais, especialmente aqueles que est\u00e3o inseridos no contexto generativo, \u00e1rea em que a tecnologia est\u00e1 avan\u00e7ando rapidamente. Ao disponibilizar os modelos de IA de forma aberta, eles podem beneficiar diversos grupos. Conceder \u00e0s empresas, \u00e0s startups, aos empreendedores e aos pesquisadores acesso a ferramentas desenvolvidas em uma escala que seria um desafio construir por conta pr\u00f3pria &#8211; com o apoio do poder de computa\u00e7\u00e3o que, de outra forma, eles n\u00e3o teriam acesso -, abrir\u00e1 um mundo de oportunidades para que experimentem, inovem de maneiras empolgantes e, por fim, se beneficiem econ\u00f4mica e socialmente. Acreditamos que esse \u00e9 o meio mais seguro. Promover acesso aos modelos atuais de IA significa que uma gera\u00e7\u00e3o de desenvolvedores e pesquisadores poder\u00e1 test\u00e1-los, identificando e solucionando quest\u00f5es rapidamente, como uma comunidade. Ao analisar como essas ferramentas s\u00e3o utilizadas por outras pessoas, nossas pr\u00f3prias equipes poder\u00e3o aprender com elas para aprimor\u00e1-las e consertar vulnerabilidades. H\u00e1 mais de uma d\u00e9cada, a Meta tem colocado a pesquisa explorat\u00f3ria, o c\u00f3digo aberto e a colabora\u00e7\u00e3o com parceiros acad\u00eamicos e do setor no centro de seus esfor\u00e7os de IA. Pudemos notar, previamente, como a inova\u00e7\u00e3o aberta pode propagar tecnologias que beneficiam mais pessoas. Dezenas de modelos de linguagem j\u00e1 foram lan\u00e7ados e est\u00e3o impulsionando a evolu\u00e7\u00e3o de desenvolvedores e pesquisadores. Os modelos est\u00e3o sendo utilizados pelas empresas como componentes essenciais para novas experi\u00eancias geradoras baseadas em IA. Ficamos impressionados com a enorme demanda pelo Llama 1 por parte dos pesquisadores \u2013 registramos mais de 100.000 solicita\u00e7\u00f5es de acesso ao modelo de linguagem \u2013 e com as coisas incr\u00edveis que a comunidade alcan\u00e7ou ao construir a partir dele. Agora, estamos prontos para abrir o c\u00f3digo da pr\u00f3xima vers\u00e3o do Llama 2 e disponibiliz\u00e1-lo para pesquisas e uso comercial. Estamos incluindo par\u00e2metros do modelo e c\u00f3digo inicial para o modelo pr\u00e9-treinado, bem como vers\u00f5es de conversa\u00e7\u00e3o com ajustes finos. Conforme Satya Nadella, CEO da Microsoft, anunciou no palco do Microsoft Inspire, estamos levando nossa parceria para o pr\u00f3ximo n\u00edvel, tendo a Microsoft como nossa parceira preferencial para a comercializa\u00e7\u00e3o do Llama 2 e expans\u00e3o de nossos esfor\u00e7os em IA generativa. A partir de hoje, o Llama 2 estar\u00e1 dispon\u00edvel no cat\u00e1logo de modelos de IA do Azure, permitindo que os desenvolvedores que usam o Microsoft Azure criem com ele e aproveitem suas ferramentas nativas da nuvem para filtragem de conte\u00fado e recursos de seguran\u00e7a. A tecnologia tamb\u00e9m \u00e9 otimizada para ser executada localmente no Windows, oferecendo aos desenvolvedores um fluxo de trabalho cont\u00ednuo \u00e0 medida que levam experi\u00eancias de IA generativa aos clientes em diferentes plataformas. O Llama 2 estar\u00e1 dispon\u00edvel na Amazon Web Services (AWS), na Hugging Face e tamb\u00e9m em outros provedores. Pessoas e empresas t\u00eam se beneficiado da parceria de longa data entre a Microsoft e a Meta, pois, juntos, apresentamos um ecossistema aberto para estruturas de IA interoper\u00e1veis e escrevemos artigos de pesquisa em coautoria para alavancar a IA de \u00faltima gera\u00e7\u00e3o. Colaboramos para ampliar a ado\u00e7\u00e3o do PyTorch \u2013 a principal estrutura de IA atual criada pela Meta e pela comunidade de IA \u2013 no Azure, al\u00e9m de estarmos entre os membros fundadores da PyTorch Foundation. A Microsoft e a Meta recentemente juntaram-se a um grupo de apoiadores que endossam a estrutura da Partnership on AI, organiza\u00e7\u00e3o sem fins lucrativos comprometida com o uso respons\u00e1vel da intelig\u00eancia artificial, para viabilizar um movimento coletivo na cria\u00e7\u00e3o e no compartilhamento de m\u00eddia sint\u00e9tica. Nossa parceria se estende para al\u00e9m da IA, compreendendo tamb\u00e9m o metaverso, a fim de proporcionar experi\u00eancias imersivas para o futuro do trabalho e do lazer. Com a expans\u00e3o dessa parceria, a Microsoft e a Meta est\u00e3o apoiando uma abordagem de inova\u00e7\u00e3o aberta para fornecer mais acesso a tecnologias de IA fundamentais, que beneficiam empresas ao redor do mundo. N\u00e3o s\u00f3 a Meta e a Microsoft acreditam na democratiza\u00e7\u00e3o do acesso a modelos atuais de IA, mas tamb\u00e9m uma ampla gama de diversos apoiadores em todo o mundo, incluindo empresas que nos deram feedback inicial e est\u00e3o animadas para criar novos produtos a partir do Llama 2, como provedores de nuvem que ir\u00e3o incorporar o Llama 2 em suas ofertas para os clientes, institui\u00e7\u00f5es de pesquisa que est\u00e3o colaborando conosco na implanta\u00e7\u00e3o segura e respons\u00e1vel de grandes modelos generativos e pessoas da \u00e1rea tecnol\u00f3gica, acad\u00eamica e pol\u00edtica que, assim como n\u00f3s, enxergam benef\u00edcios neste processo. Foco na Responsabilidade Nossa abordagem de c\u00f3digo aberto promove a transpar\u00eancia e o livre acesso. Sabemos que, embora a IA tenha conduzido enormes avan\u00e7os na sociedade, ela tamb\u00e9m oferece riscos. Estamos comprometidos com a constru\u00e7\u00e3o respons\u00e1vel, fornecendo diversos recursos para ajudar aqueles que usam o Llama 2 a fazer o mesmo.\u00a0 A\u00e7\u00f5es do time de riscos: Os nossos modelos ajustados tiveram a seguran\u00e7a testada por meio de esfor\u00e7os internos e externos. A equipe trabalhou para gerar comandos contradit\u00f3rios para facilitar o ajuste fino do modelo. Al\u00e9m disso, uma equipe terceirizada foi contratada para realizar testes contradit\u00f3rios externos em nossos modelos ajustados, para identificar, de forma semelhante, lacunas no desempenho. Esses processos de ajuste fino de seguran\u00e7a s\u00e3o iterativos e, em vista disso, continuaremos investindo em seguran\u00e7a por meio de ajustes finos e avalia\u00e7\u00f5es comparativas, al\u00e9m do nosso plano de lan\u00e7ar modelos atualizados com base nesses esfor\u00e7os. Esquema de transpar\u00eancia: Explicamos os nossos m\u00e9todos de ajuste fino e avalia\u00e7\u00e3o do modelo e identificamos suas defici\u00eancias. Nosso esquema de transpar\u00eancia, que se encontra no documento de pesquisa, revela os desafios e problemas conhecidos que enfrentamos, al\u00e9m de fornecer informa\u00e7\u00f5es sobre as atenua\u00e7\u00f5es adotadas e as que pretendemos explorar no futuro. Guia de uso respons\u00e1vel: Criamos este guia como um recurso para apoiar os desenvolvedores com as pr\u00e1ticas recomendadas de desenvolvimento respons\u00e1vel e avalia\u00e7\u00f5es de seguran\u00e7a. O guia descreve as pr\u00e1ticas que refletem as pesquisas atuais e de ponta sobre a IA generativa respons\u00e1vel, discutidas no setor e na comunidade de pesquisa de IA. Pol\u00edtica de uso aceit\u00e1vel: Implementamos uma pol\u00edtica que pro\u00edbe determinados tipos de uso, para ajudar a garantir que esses modelos estejam sendo usados de forma justa e respons\u00e1vel. A Meta tamb\u00e9m criou novas iniciativas para aproveitar a percep\u00e7\u00e3o e a criatividade de indiv\u00edduos, pesquisadores e desenvolvedores de todo o mundo, a fim de obter feedback sobre o desempenho dos modelos e como eles podem ser aprimorados. Comunidade de pesquisa em IA de inova\u00e7\u00e3o aberta: Hoje tamb\u00e9m lan\u00e7amos um novo programa de parceria para pesquisadores acad\u00eamicos com o objetivo de aprofundar nosso entendimento sobre o desenvolvimento respons\u00e1vel e o compartilhamento de grandes modelos de linguagem. Os pesquisadores podem se inscrever para participar de uma comunidade de profissionais para compartilhar aprendizados sobre esse importante tema, visando que esta comunidade forme uma agenda de pesquisa a ser seguida no futuro. Desafio Llama para Impacto Social: Queremos estimular a comunidade de inova\u00e7\u00e3o que deseja usar o Llama para resolver problemas dif\u00edceis. Estamos lan\u00e7ando um desafio para incentivar um conjunto diversificado de entidades p\u00fablicas, sem fins lucrativos e com fins lucrativos a usar o Llama 2 para enfrentar desafios ambientais, educacionais e outras quest\u00f5es importantes. As regras estar\u00e3o dispon\u00edveis antes do in\u00edcio do desafio. Conclus\u00e3o Ao longo da hist\u00f3ria da nossa empresa, vivenciamos os benef\u00edcios de uma abordagem de ci\u00eancia aberta ao inovar em outras \u00e1reas de neg\u00f3cio. Nossos engenheiros desenvolveram e compartilharam estruturas que agora s\u00e3o padr\u00f5es do setor, como o React, uma estrutura l\u00edder para a cria\u00e7\u00e3o de aplicativos m\u00f3veis e websites, e o PyTorch, que agora \u00e9 a estrutura l\u00edder para IA. Essas estruturas se tornaram bases comumente usadas por todo o setor de tecnologia, e acreditamos que o compartilhamento aberto de grandes modelos atuais de linguagem tamb\u00e9m dar\u00e1 suporte ao desenvolvimento de IA generativa com mais utilidade e seguran\u00e7a. Estamos ansiosos para ver o que o mundo construir\u00e1 com o Llama 2!","og_url":"https:\/\/about.fb.com\/br\/news\/2023\/07\/meta-e-microsoft-anunciam-a-proxima-geracao-do-llama\/","og_site_name":"Sobre a Meta","article_published_time":"2023-07-18T16:09:50+00:00","article_modified_time":"2023-07-18T16:11:20+00:00","og_image":[{"url":"https:\/\/about.fb.com\/br\/wp-content\/uploads\/sites\/11\/2023\/07\/Llama.jpg?fit=960%2C540","width":960,"height":540,"type":"image\/jpeg"}],"author":"vivianlusor","twitter_card":"summary_large_image","twitter_misc":{"Written by":"Meta","Est. reading time":"6 minutos"},"schema":{"@context":"https:\/\/schema.org","@graph":[{"@type":"Article","@id":"https:\/\/about.fb.com\/br\/news\/2023\/07\/meta-e-microsoft-anunciam-a-proxima-geracao-do-llama\/#article","isPartOf":{"@id":"https:\/\/about.fb.com\/br\/news\/2023\/07\/meta-e-microsoft-anunciam-a-proxima-geracao-do-llama\/"},"author":"Facebook company","headline":"Meta e Microsoft anunciam a pr\u00f3xima gera\u00e7\u00e3o do Llama","datePublished":"2023-07-18T16:09:50+00:00","dateModified":"2023-07-18T16:11:20+00:00","mainEntityOfPage":{"@id":"https:\/\/about.fb.com\/br\/news\/2023\/07\/meta-e-microsoft-anunciam-a-proxima-geracao-do-llama\/"},"wordCount":1517,"publisher":{"@id":"https:\/\/about.fb.com\/br\/#organization"},"image":{"@id":"https:\/\/about.fb.com\/br\/news\/2023\/07\/meta-e-microsoft-anunciam-a-proxima-geracao-do-llama\/#primaryimage"},"thumbnailUrl":"https:\/\/about.fb.com\/br\/wp-content\/uploads\/sites\/11\/2023\/07\/Llama.jpg?fit=960%2C540","keywords":["Aprendizado de m\u00e1quina","intelig\u00eancia artificial"],"articleSection":["Meta","Recent News","Tecnologia e Inova\u00e7\u00e3o"],"inLanguage":"pt-BR"},{"@type":"WebPage","@id":"https:\/\/about.fb.com\/br\/news\/2023\/07\/meta-e-microsoft-anunciam-a-proxima-geracao-do-llama\/","url":"https:\/\/about.fb.com\/br\/news\/2023\/07\/meta-e-microsoft-anunciam-a-proxima-geracao-do-llama\/","name":"Meta e Microsoft anunciam a pr\u00f3xima gera\u00e7\u00e3o do Llama | Sobre a Meta","isPartOf":{"@id":"https:\/\/about.fb.com\/br\/#website"},"primaryImageOfPage":{"@id":"https:\/\/about.fb.com\/br\/news\/2023\/07\/meta-e-microsoft-anunciam-a-proxima-geracao-do-llama\/#primaryimage"},"image":{"@id":"https:\/\/about.fb.com\/br\/news\/2023\/07\/meta-e-microsoft-anunciam-a-proxima-geracao-do-llama\/#primaryimage"},"thumbnailUrl":"https:\/\/about.fb.com\/br\/wp-content\/uploads\/sites\/11\/2023\/07\/Llama.jpg?fit=960%2C540","datePublished":"2023-07-18T16:09:50+00:00","dateModified":"2023-07-18T16:11:20+00:00","breadcrumb":{"@id":"https:\/\/about.fb.com\/br\/news\/2023\/07\/meta-e-microsoft-anunciam-a-proxima-geracao-do-llama\/#breadcrumb"},"inLanguage":"pt-BR","potentialAction":[{"@type":"ReadAction","target":["https:\/\/about.fb.com\/br\/news\/2023\/07\/meta-e-microsoft-anunciam-a-proxima-geracao-do-llama\/"]}],"author":"Sobre a Meta"},{"@type":"ImageObject","inLanguage":"pt-BR","@id":"https:\/\/about.fb.com\/br\/news\/2023\/07\/meta-e-microsoft-anunciam-a-proxima-geracao-do-llama\/#primaryimage","url":"https:\/\/about.fb.com\/br\/wp-content\/uploads\/sites\/11\/2023\/07\/Llama.jpg?fit=960%2C540","contentUrl":"https:\/\/about.fb.com\/br\/wp-content\/uploads\/sites\/11\/2023\/07\/Llama.jpg?fit=960%2C540","width":960,"height":540},{"@type":"BreadcrumbList","@id":"https:\/\/about.fb.com\/br\/news\/2023\/07\/meta-e-microsoft-anunciam-a-proxima-geracao-do-llama\/#breadcrumb","itemListElement":[{"@type":"ListItem","position":1,"name":"Home","item":"https:\/\/about.fb.com\/br\/"},{"@type":"ListItem","position":2,"name":"Meta e Microsoft anunciam a pr\u00f3xima gera\u00e7\u00e3o do Llama"}]},{"@type":"WebSite","@id":"https:\/\/about.fb.com\/br\/#website","url":"https:\/\/about.fb.com\/news\/","name":"Sobre a Meta","description":"","publisher":{"@id":"https:\/\/about.fb.com\/br\/#organization"},"potentialAction":[{"@type":"SearchAction","target":{"@type":"EntryPoint","urlTemplate":"https:\/\/about.fb.com\/br\/?s={search_term_string}"},"query-input":{"@type":"PropertyValueSpecification","valueRequired":true,"valueName":"search_term_string"}}],"inLanguage":"pt-BR","alternateName":["Meta Newsroom","Meta"]},{"@type":"Organization","@id":"https:\/\/about.fb.com\/br\/#organization","name":"Meta","url":"https:\/\/about.fb.com\/br\/","logo":{"@type":"ImageObject","inLanguage":"pt-BR","@id":"https:\/\/about.fb.com\/br\/#\/schema\/logo\/image\/","url":"https:\/\/about.fb.com\/br\/wp-content\/uploads\/sites\/11\/2021\/10\/meta-social-16x9-1.jpg?fit=8000%2C4500","contentUrl":"https:\/\/about.fb.com\/br\/wp-content\/uploads\/sites\/11\/2021\/10\/meta-social-16x9-1.jpg?fit=8000%2C4500","width":8000,"height":4500,"caption":"Meta"},"image":{"@id":"https:\/\/about.fb.com\/br\/#\/schema\/logo\/image\/"}}]}},"jetpack_featured_media_url":"https:\/\/about.fb.com\/br\/wp-content\/uploads\/sites\/11\/2023\/07\/Llama.jpg?fit=960%2C540","jetpack-related-posts":[{"id":26130,"url":"https:\/\/about.fb.com\/br\/news\/2025\/02\/aumentando-a-transparencia-da-ia-generativa-nos-produtos-de-anuncios-da-meta\/","url_meta":{"origin":25022,"position":0},"title":"Aumentando a transpar\u00eancia da IA generativa nos produtos de an\u00fancios da Meta","author":"Meta","date":"03\/02\/2025","format":false,"excerpt":"Na Meta, continuamos priorizando a transpar\u00eancia e a responsabilidade em nossas diretrizes para anunciantes. Desde o ano passado, come\u00e7amos a rotular os an\u00fancios criados ou significativamente editados com o uso dos nossos recursos de criativo de IA generativa, que est\u00e3o dispon\u00edveis nas ferramentas de marketing para anunciantes. Vou explicar a\u2026","rel":"","context":"In &quot;Meta&quot;","block_context":{"text":"Meta","link":"https:\/\/about.fb.com\/br\/news\/category\/temas-home\/meta\/"},"img":{"alt_text":"","src":"https:\/\/about.fb.com\/br\/wp-content\/uploads\/sites\/11\/2025\/02\/Transparency-Labels-for-Ads_Header.jpg?fit=1920%2C1080&resize=350%2C200","width":350,"height":200,"srcset":"https:\/\/about.fb.com\/br\/wp-content\/uploads\/sites\/11\/2025\/02\/Transparency-Labels-for-Ads_Header.jpg?fit=1920%2C1080&resize=350%2C200 1x, https:\/\/about.fb.com\/br\/wp-content\/uploads\/sites\/11\/2025\/02\/Transparency-Labels-for-Ads_Header.jpg?fit=1920%2C1080&resize=525%2C300 1.5x, https:\/\/about.fb.com\/br\/wp-content\/uploads\/sites\/11\/2025\/02\/Transparency-Labels-for-Ads_Header.jpg?fit=1920%2C1080&resize=700%2C400 2x, https:\/\/about.fb.com\/br\/wp-content\/uploads\/sites\/11\/2025\/02\/Transparency-Labels-for-Ads_Header.jpg?fit=1920%2C1080&resize=1050%2C600 3x, https:\/\/about.fb.com\/br\/wp-content\/uploads\/sites\/11\/2025\/02\/Transparency-Labels-for-Ads_Header.jpg?fit=1920%2C1080&resize=1400%2C800 4x"},"classes":[]},{"id":26166,"url":"https:\/\/about.fb.com\/br\/news\/2025\/02\/anunciando-o-programa-de-parceria-em-tecnologia-de-linguagem\/","url_meta":{"origin":25022,"position":1},"title":"Anunciando o Programa de Parceria em Tecnologia de Linguagem","author":"Meta","date":"07\/02\/2025","format":false,"excerpt":"A equipe do Fundamental AI Research (FAIR) da Meta est\u00e1 focada em alcan\u00e7ar a intelig\u00eancia avan\u00e7ada de m\u00e1quina (AMI, na sigla em ingl\u00eas) \u2014 uma IA que pode usar o racioc\u00ednio humano para realizar tarefas cognitivamente exigentes, como a tradu\u00e7\u00e3o \u2014 e us\u00e1-la para impulsionar produtos e inova\u00e7\u00f5es que beneficiem\u2026","rel":"","context":"In &quot;Meta&quot;","block_context":{"text":"Meta","link":"https:\/\/about.fb.com\/br\/news\/category\/temas-home\/meta\/"},"img":{"alt_text":"","src":"","width":0,"height":0},"classes":[]},{"id":26887,"url":"https:\/\/about.fb.com\/br\/news\/2025\/12\/novo-estudo-revela-o-impacto-potencial-da-inteligencia-artificial-no-brasil-e-na-america-latina\/","url_meta":{"origin":25022,"position":2},"title":"Novo estudo revela o impacto potencial da Intelig\u00eancia Artificial no Brasil e na Am\u00e9rica Latina","author":"Meta","date":"18\/12\/2025","format":false,"excerpt":"Um novo estudo realizado pela Linux Foundation, encomendado pela Meta, apresenta dados e informa\u00e7\u00f5es sobre o cen\u00e1rio do mercado de Intelig\u00eancia Artificial (IA) na Am\u00e9rica Latina, e revela os principais desafios e oportunidades para que a regi\u00e3o possa alavancar essa tecnologia e promover um desenvolvimento tecnol\u00f3gico mais equitativo. Segundo o\u2026","rel":"","context":"In &quot;Impacto Econ\u00f4mico&quot;","block_context":{"text":"Impacto Econ\u00f4mico","link":"https:\/\/about.fb.com\/br\/news\/category\/temas-home\/impacto-economico\/"},"img":{"alt_text":"","src":"https:\/\/about.fb.com\/br\/wp-content\/uploads\/sites\/11\/2025\/12\/Economic-and-Workforce-Impacts-of-OS-AI-Linux-Foundation-paper-1.jpg?fit=1920%2C1080&resize=350%2C200","width":350,"height":200,"srcset":"https:\/\/about.fb.com\/br\/wp-content\/uploads\/sites\/11\/2025\/12\/Economic-and-Workforce-Impacts-of-OS-AI-Linux-Foundation-paper-1.jpg?fit=1920%2C1080&resize=350%2C200 1x, https:\/\/about.fb.com\/br\/wp-content\/uploads\/sites\/11\/2025\/12\/Economic-and-Workforce-Impacts-of-OS-AI-Linux-Foundation-paper-1.jpg?fit=1920%2C1080&resize=525%2C300 1.5x, https:\/\/about.fb.com\/br\/wp-content\/uploads\/sites\/11\/2025\/12\/Economic-and-Workforce-Impacts-of-OS-AI-Linux-Foundation-paper-1.jpg?fit=1920%2C1080&resize=700%2C400 2x, https:\/\/about.fb.com\/br\/wp-content\/uploads\/sites\/11\/2025\/12\/Economic-and-Workforce-Impacts-of-OS-AI-Linux-Foundation-paper-1.jpg?fit=1920%2C1080&resize=1050%2C600 3x, https:\/\/about.fb.com\/br\/wp-content\/uploads\/sites\/11\/2025\/12\/Economic-and-Workforce-Impacts-of-OS-AI-Linux-Foundation-paper-1.jpg?fit=1920%2C1080&resize=1400%2C800 4x"},"classes":[]},{"id":26157,"url":"https:\/\/about.fb.com\/br\/news\/2025\/02\/avancando-na-inteligencia-de-maquina-por-meio-de-pesquisas-centradas-no-ser-humano\/","url_meta":{"origin":25022,"position":3},"title":"Avan\u00e7ando na intelig\u00eancia de m\u00e1quina por meio de pesquisas centradas no ser humano","author":"Meta","date":"07\/02\/2025","format":false,"excerpt":"A equipe do Fundamental AI Research (FAIR) da Meta est\u00e1 focada em alcan\u00e7ar intelig\u00eancia avan\u00e7ada de m\u00e1quina (AMI na sigla em ingl\u00eas) e us\u00e1-la para impulsionar produtos e inova\u00e7\u00e3o para o benef\u00edcio de todos. Hoje, estamos animados em compartilhar algumas de nossas pesquisas e modelos mais recentes que apoiam nossa\u2026","rel":"","context":"In &quot;Meta&quot;","block_context":{"text":"Meta","link":"https:\/\/about.fb.com\/br\/news\/category\/temas-home\/meta\/"},"img":{"alt_text":"","src":"https:\/\/about.fb.com\/br\/wp-content\/uploads\/sites\/11\/2025\/02\/476277621_1657111108571585_1619174158963619715_n.jpg?fit=1920%2C1080&resize=350%2C200","width":350,"height":200,"srcset":"https:\/\/about.fb.com\/br\/wp-content\/uploads\/sites\/11\/2025\/02\/476277621_1657111108571585_1619174158963619715_n.jpg?fit=1920%2C1080&resize=350%2C200 1x, https:\/\/about.fb.com\/br\/wp-content\/uploads\/sites\/11\/2025\/02\/476277621_1657111108571585_1619174158963619715_n.jpg?fit=1920%2C1080&resize=525%2C300 1.5x, https:\/\/about.fb.com\/br\/wp-content\/uploads\/sites\/11\/2025\/02\/476277621_1657111108571585_1619174158963619715_n.jpg?fit=1920%2C1080&resize=700%2C400 2x, https:\/\/about.fb.com\/br\/wp-content\/uploads\/sites\/11\/2025\/02\/476277621_1657111108571585_1619174158963619715_n.jpg?fit=1920%2C1080&resize=1050%2C600 3x, https:\/\/about.fb.com\/br\/wp-content\/uploads\/sites\/11\/2025\/02\/476277621_1657111108571585_1619174158963619715_n.jpg?fit=1920%2C1080&resize=1400%2C800 4x"},"classes":[]},{"id":27074,"url":"https:\/\/about.fb.com\/br\/news\/2026\/04\/apresentamos-o-muse-spark-o-primeiro-modelo-do-msl-desenvolvido-para-priorizar-as-pessoas\/","url_meta":{"origin":25022,"position":4},"title":"Apresentamos o Muse Spark: O Primeiro Modelo do MSL, Desenvolvido para Priorizar as Pessoas","author":"Meta","date":"08\/04\/2026","format":false,"excerpt":"Hoje anunciamos o Muse Spark, o primeiro de uma nova s\u00e9rie de grandes modelos de linguagem criados pelo Meta Superintelligence Labs. Estamos a caminho da superintelig\u00eancia pessoal: um assistente capaz de ajudar qualquer pessoa, em qualquer lugar, com o que mais importa para ela. Um Novo Modelo: Muse Spark Nos\u2026","rel":"","context":"In &quot;Meta&quot;","block_context":{"text":"Meta","link":"https:\/\/about.fb.com\/br\/news\/category\/temas-home\/meta\/"},"img":{"alt_text":"","src":"https:\/\/about.fb.com\/br\/wp-content\/uploads\/sites\/11\/2026\/04\/Introducing-Muse-Spark_Header.gif?fit=1920%2C1080&resize=350%2C200","width":350,"height":200,"srcset":"https:\/\/about.fb.com\/br\/wp-content\/uploads\/sites\/11\/2026\/04\/Introducing-Muse-Spark_Header.gif?fit=1920%2C1080&resize=350%2C200 1x, https:\/\/about.fb.com\/br\/wp-content\/uploads\/sites\/11\/2026\/04\/Introducing-Muse-Spark_Header.gif?fit=1920%2C1080&resize=525%2C300 1.5x, https:\/\/about.fb.com\/br\/wp-content\/uploads\/sites\/11\/2026\/04\/Introducing-Muse-Spark_Header.gif?fit=1920%2C1080&resize=700%2C400 2x, https:\/\/about.fb.com\/br\/wp-content\/uploads\/sites\/11\/2026\/04\/Introducing-Muse-Spark_Header.gif?fit=1920%2C1080&resize=1050%2C600 3x, https:\/\/about.fb.com\/br\/wp-content\/uploads\/sites\/11\/2026\/04\/Introducing-Muse-Spark_Header.gif?fit=1920%2C1080&resize=1400%2C800 4x"},"classes":[]},{"id":26290,"url":"https:\/\/about.fb.com\/br\/news\/2025\/04\/modelos-llama-4\/","url_meta":{"origin":25022,"position":5},"title":"A Cole\u00e7\u00e3o de Modelos Llama 4: o In\u00edcio de uma nova era de inova\u00e7\u00e3o em IA multimodal nativa","author":"Meta","date":"05\/04\/2025","format":false,"excerpt":"\u00c0 medida que mais pessoas continuam a usar a intelig\u00eancia artificial para melhorar suas vidas di\u00e1rias, \u00e9 importante que os modelos e sistemas l\u00edderes estejam dispon\u00edveis abertamente para que todos possam construir o futuro das experi\u00eancias personalizadas. Hoje, estamos entusiasmados em anunciar a su\u00edte de modelos mais avan\u00e7ada que suporta\u2026","rel":"","context":"In &quot;Meta&quot;","block_context":{"text":"Meta","link":"https:\/\/about.fb.com\/br\/news\/category\/temas-home\/meta\/"},"img":{"alt_text":"","src":"https:\/\/about.fb.com\/br\/wp-content\/uploads\/sites\/11\/2025\/04\/Llama4.png?fit=1920%2C1080&resize=350%2C200","width":350,"height":200,"srcset":"https:\/\/about.fb.com\/br\/wp-content\/uploads\/sites\/11\/2025\/04\/Llama4.png?fit=1920%2C1080&resize=350%2C200 1x, https:\/\/about.fb.com\/br\/wp-content\/uploads\/sites\/11\/2025\/04\/Llama4.png?fit=1920%2C1080&resize=525%2C300 1.5x, https:\/\/about.fb.com\/br\/wp-content\/uploads\/sites\/11\/2025\/04\/Llama4.png?fit=1920%2C1080&resize=700%2C400 2x, https:\/\/about.fb.com\/br\/wp-content\/uploads\/sites\/11\/2025\/04\/Llama4.png?fit=1920%2C1080&resize=1050%2C600 3x, https:\/\/about.fb.com\/br\/wp-content\/uploads\/sites\/11\/2025\/04\/Llama4.png?fit=1920%2C1080&resize=1400%2C800 4x"},"classes":[]}],"jetpack_sharing_enabled":true,"amp_enabled":true,"_links":{"self":[{"href":"https:\/\/about.fb.com\/br\/wp-json\/wp\/v2\/posts\/25022","targetHints":{"allow":["GET"]}}],"collection":[{"href":"https:\/\/about.fb.com\/br\/wp-json\/wp\/v2\/posts"}],"about":[{"href":"https:\/\/about.fb.com\/br\/wp-json\/wp\/v2\/types\/post"}],"author":[{"embeddable":true,"href":"https:\/\/about.fb.com\/br\/wp-json\/wp\/v2\/users\/164097222"}],"replies":[{"embeddable":true,"href":"https:\/\/about.fb.com\/br\/wp-json\/wp\/v2\/comments?post=25022"}],"version-history":[{"count":2,"href":"https:\/\/about.fb.com\/br\/wp-json\/wp\/v2\/posts\/25022\/revisions"}],"predecessor-version":[{"id":25025,"href":"https:\/\/about.fb.com\/br\/wp-json\/wp\/v2\/posts\/25022\/revisions\/25025"}],"wp:featuredmedia":[{"embeddable":true,"href":"https:\/\/about.fb.com\/br\/wp-json\/wp\/v2\/media\/25023"}],"wp:attachment":[{"href":"https:\/\/about.fb.com\/br\/wp-json\/wp\/v2\/media?parent=25022"}],"wp:term":[{"taxonomy":"category","embeddable":true,"href":"https:\/\/about.fb.com\/br\/wp-json\/wp\/v2\/categories?post=25022"},{"taxonomy":"post_tag","embeddable":true,"href":"https:\/\/about.fb.com\/br\/wp-json\/wp\/v2\/tags?post=25022"}],"curies":[{"name":"wp","href":"https:\/\/api.w.org\/{rel}","templated":true}]}}