{"id":24140,"date":"2022-07-21T10:11:38","date_gmt":"2022-07-21T13:11:38","guid":{"rendered":"https:\/\/about.fb.com\/br\/?p=24140"},"modified":"2022-07-21T15:19:28","modified_gmt":"2022-07-21T18:19:28","slug":"apresentando-as-abas-pagina-inicial-e-feeds-no-facebook","status":"publish","type":"post","link":"https:\/\/about.fb.com\/br\/news\/2022\/07\/apresentando-as-abas-pagina-inicial-e-feeds-no-facebook\/","title":{"rendered":"Apresentando as abas P\u00e1gina Inicial e Feeds no Facebook"},"content":{"rendered":"<p><span style=\"font-weight: 400\">Hoje, Mark Zuckerberg anunciou que estamos facilitando o controle do conte\u00fado que voc\u00ea v\u00ea e descobre no Facebook. Estamos apresentando o Feeds, uma nova aba que permite que voc\u00ea veja facilmente as postagens mais recentes de seus amigos, P\u00e1ginas e grupos. Voc\u00ea pode selecionar uma lista de amigos e P\u00e1ginas <\/span><a href=\"https:\/\/www.facebook.com\/help\/1634545223376778\"><span style=\"font-weight: 400\">favoritos<\/span><\/a><span style=\"font-weight: 400\"> que mais lhe interessam e filtrar o conte\u00fado deles nesta nova aba. Tamb\u00e9m estamos nomeando a aba principal &#8211; a primeira coisa que voc\u00ea v\u00ea quando abre o aplicativo &#8211; para &#8220;P\u00e1gina Inicial&#8221;. Ela \u00e9 o ponto de partida para conex\u00f5es, entretenimento e descoberta no Facebook.<\/span><\/p>\n<p><b>Feeds: fique por dentro das novidades<\/b><\/p>\n<p><span style=\"font-weight: 400\">Entendemos que voc\u00ea pode querer mais op\u00e7\u00f5es quando se trata de classificar e ver seu conte\u00fado. H\u00e1 momentos em que voc\u00ea pode saber exatamente o que est\u00e1 procurando \u2013 digamos, as \u00faltimas publica\u00e7\u00f5es de seus grupos \u2013 ou que pode querer encontrar conte\u00fado novo e divertido. \u00c0 medida que a P\u00e1gina Inicial se torna mais um mecanismo de descoberta para voc\u00ea encontrar e seguir novos conte\u00fados e criadores por meio de recomenda\u00e7\u00f5es, a aba Feeds oferece uma maneira f\u00e1cil de acessar o conte\u00fado das pessoas e comunidades com as quais voc\u00ea j\u00e1 est\u00e1 conectado no Facebook. N\u00e3o h\u00e1 postagens sugeridas para voc\u00ea nos Feeds. Os an\u00fancios est\u00e3o inclu\u00eddos.<\/span><\/p>\n<p><span style=\"font-weight: 400\"><img data-recalc-dims=\"1\" loading=\"lazy\" decoding=\"async\" class=\"aligncenter size-large wp-image-24142\" src=\"https:\/\/about.fb.com\/br\/wp-content\/uploads\/sites\/11\/2022\/07\/HomeandFeeds_Android.png?w=890&#038;resize=890%2C501\" alt=\"\" width=\"890\" height=\"501\" srcset=\"https:\/\/about.fb.com\/br\/wp-content\/uploads\/sites\/11\/2022\/07\/HomeandFeeds_Android.png?w=4000 4000w, https:\/\/about.fb.com\/br\/wp-content\/uploads\/sites\/11\/2022\/07\/HomeandFeeds_Android.png?w=600 600w, https:\/\/about.fb.com\/br\/wp-content\/uploads\/sites\/11\/2022\/07\/HomeandFeeds_Android.png?w=300 300w, https:\/\/about.fb.com\/br\/wp-content\/uploads\/sites\/11\/2022\/07\/HomeandFeeds_Android.png?w=768 768w, https:\/\/about.fb.com\/br\/wp-content\/uploads\/sites\/11\/2022\/07\/HomeandFeeds_Android.png?w=1024 1024w, https:\/\/about.fb.com\/br\/wp-content\/uploads\/sites\/11\/2022\/07\/HomeandFeeds_Android.png?w=1536 1536w, https:\/\/about.fb.com\/br\/wp-content\/uploads\/sites\/11\/2022\/07\/HomeandFeeds_Android.png?w=2048 2048w, https:\/\/about.fb.com\/br\/wp-content\/uploads\/sites\/11\/2022\/07\/HomeandFeeds_Android.png?w=1920 1920w, https:\/\/about.fb.com\/br\/wp-content\/uploads\/sites\/11\/2022\/07\/HomeandFeeds_Android.png?w=800 800w, https:\/\/about.fb.com\/br\/wp-content\/uploads\/sites\/11\/2022\/07\/HomeandFeeds_Android.png?w=2880 2880w\" sizes=\"auto, (max-width: 890px) 100vw, 890px\" \/>A partir de hoje, algumas pessoas ver\u00e3o o Feeds como uma aba na barra de atalhos. No iOS, essa barra fica na parte inferior do aplicativo e, no Android, na parte superior. Esperamos que essas atualiza\u00e7\u00f5es sejam lan\u00e7adas globalmente na pr\u00f3xima semana. As abas na barra de atalhos mudam com base nas partes do aplicativo que voc\u00ea mais usa. Voc\u00ea tamb\u00e9m pode <\/span><a href=\"https:\/\/www.facebook.com\/help\/2741283262582983\/\"><span style=\"font-weight: 400\">personalizar<\/span><\/a><span style=\"font-weight: 400\"> e fixar uma aba na barra de atalhos, tornando sua posi\u00e7\u00e3o permanente.<\/span><\/p>\n<p><b><img data-recalc-dims=\"1\" loading=\"lazy\" decoding=\"async\" class=\"aligncenter size-large wp-image-24143\" src=\"https:\/\/about.fb.com\/br\/wp-content\/uploads\/sites\/11\/2022\/07\/fb.sharepoint.png?w=360&#038;resize=360%2C720\" alt=\"\" width=\"360\" height=\"720\" srcset=\"https:\/\/about.fb.com\/br\/wp-content\/uploads\/sites\/11\/2022\/07\/fb.sharepoint.png?w=360 360w, https:\/\/about.fb.com\/br\/wp-content\/uploads\/sites\/11\/2022\/07\/fb.sharepoint.png?w=200 200w, https:\/\/about.fb.com\/br\/wp-content\/uploads\/sites\/11\/2022\/07\/fb.sharepoint.png?w=150 150w, https:\/\/about.fb.com\/br\/wp-content\/uploads\/sites\/11\/2022\/07\/fb.sharepoint.png?w=300 300w\" sizes=\"auto, (max-width: 360px) 100vw, 360px\" \/><\/b><\/p>\n<p><b>P\u00e1gina Inicial: onde est\u00e3o as novas descobertas<\/b><\/p>\n<p><span style=\"font-weight: 400\">Estamos apresentando o nome P\u00e1gina Inicial para a aba que voc\u00ea v\u00ea quando abre o aplicativo do Facebook. \u00c9 aqui que voc\u00ea descobrir\u00e1 novos conte\u00fados por meio de recomenda\u00e7\u00f5es, al\u00e9m de se conectar com seus amigos e familiares. Nela, voc\u00ea tamb\u00e9m pode criar Reels, ver o que suas conex\u00f5es est\u00e3o compartilhando no Feed e nos Stories e criar uma comunidade sobre novos interesses em comum. Seu Feed \u00e9 personalizado de forma exclusiva por meio de nosso sistema de classifica\u00e7\u00e3o de aprendizado de m\u00e1quina. Esse sistema leva em considera\u00e7\u00e3o milhares de sinais para ajudar a eliminar a desordem e classificar o conte\u00fado na ordem mais relevante para voc\u00ea. Estamos investindo em intelig\u00eancia artificial para melhor entregar o conte\u00fado recomendado nesta experi\u00eancia ranqueada.<\/span><\/p>\n<p><span style=\"font-weight: 400\">Embora a P\u00e1gina Inicial seja onde voc\u00ea encontrar\u00e1 cada vez mais uma comunidade por meio de suas paix\u00f5es e interesses, voc\u00ea pode continuar se mantendo atualizado sobre as pessoas e comunidades que mais lhe interessam nos Feeds.<\/span><\/p>\n","protected":false},"excerpt":{"rendered":"Hoje, Mark Zuckerberg anunciou que estamos facilitando o controle do conte\u00fado que voc\u00ea v\u00ea e descobre no Facebook. Estamos apresentando o Feeds, uma nova aba que permite que voc\u00ea veja facilmente as postagens mais recentes de seus amigos, P\u00e1ginas e grupos. Voc\u00ea pode selecionar uma lista de amigos e P\u00e1ginas favoritos que mais lhe interessam e filtrar o conte\u00fado deles nesta nova aba. Tamb\u00e9m estamos nomeando a aba principal &#8211; a primeira coisa que voc\u00ea v\u00ea quando abre o aplicativo &#8211; para &#8220;P\u00e1gina Inicial&#8221;. Ela \u00e9 o ponto de partida para conex\u00f5es, entretenimento e descoberta no Facebook. Feeds: fique por dentro das novidades Entendemos que voc\u00ea pode querer mais op\u00e7\u00f5es quando se trata de classificar e ver seu conte\u00fado. H\u00e1 momentos em que voc\u00ea pode saber exatamente o que est\u00e1 procurando \u2013 digamos, as \u00faltimas publica\u00e7\u00f5es de seus grupos \u2013 ou que pode querer encontrar conte\u00fado novo e divertido. \u00c0 medida que a P\u00e1gina Inicial se torna mais um mecanismo de descoberta para voc\u00ea encontrar e seguir novos conte\u00fados e criadores por meio de recomenda\u00e7\u00f5es, a aba Feeds oferece uma maneira f\u00e1cil de acessar o conte\u00fado das pessoas e comunidades com as quais voc\u00ea j\u00e1 est\u00e1 conectado no Facebook. N\u00e3o h\u00e1 postagens sugeridas para voc\u00ea nos Feeds. Os an\u00fancios est\u00e3o inclu\u00eddos. A partir de hoje, algumas pessoas ver\u00e3o o Feeds como uma aba na barra de atalhos. No iOS, essa barra fica na parte inferior do aplicativo e, no Android, na parte superior. Esperamos que essas atualiza\u00e7\u00f5es sejam lan\u00e7adas globalmente na pr\u00f3xima semana. As abas na barra de atalhos mudam com base nas partes do aplicativo que voc\u00ea mais usa. Voc\u00ea tamb\u00e9m pode personalizar e fixar uma aba na barra de atalhos, tornando sua posi\u00e7\u00e3o permanente. P\u00e1gina Inicial: onde est\u00e3o as novas descobertas Estamos apresentando o nome P\u00e1gina Inicial para a aba que voc\u00ea v\u00ea quando abre o aplicativo do Facebook. \u00c9 aqui que voc\u00ea descobrir\u00e1 novos conte\u00fados por meio de recomenda\u00e7\u00f5es, al\u00e9m de se conectar com seus amigos e familiares. Nela, voc\u00ea tamb\u00e9m pode criar Reels, ver o que suas conex\u00f5es est\u00e3o compartilhando no Feed e nos Stories e criar uma comunidade sobre novos interesses em comum. Seu Feed \u00e9 personalizado de forma exclusiva por meio de nosso sistema de classifica\u00e7\u00e3o de aprendizado de m\u00e1quina. Esse sistema leva em considera\u00e7\u00e3o milhares de sinais para ajudar a eliminar a desordem e classificar o conte\u00fado na ordem mais relevante para voc\u00ea. Estamos investindo em intelig\u00eancia artificial para melhor entregar o conte\u00fado recomendado nesta experi\u00eancia ranqueada. Embora a P\u00e1gina Inicial seja onde voc\u00ea encontrar\u00e1 cada vez mais uma comunidade por meio de suas paix\u00f5es e interesses, voc\u00ea pode continuar se mantendo atualizado sobre as pessoas e comunidades que mais lhe interessam nos Feeds.","protected":false},"author":81109636,"featured_media":24146,"comment_status":"closed","ping_status":"closed","sticky":false,"template":"","format":"standard","meta":{"_jetpack_memberships_contains_paid_content":false,"footnotes":""},"categories":[396542115,1],"tags":[],"class_list":["post-24140","post","type-post","status-publish","format-standard","has-post-thumbnail","hentry","category-facebook","category-recent-news"],"yoast_head":"<!-- This site is optimized with the Yoast SEO plugin v27.2 - https:\/\/yoast.com\/product\/yoast-seo-wordpress\/ -->\n<title>Apresentando as abas P\u00e1gina Inicial e Feeds no Facebook | Sobre a Meta<\/title>\n<meta name=\"robots\" content=\"index, follow, max-snippet:-1, max-image-preview:large, max-video-preview:-1\" \/>\n<link rel=\"canonical\" href=\"https:\/\/about.fb.com\/br\/news\/2022\/07\/apresentando-as-abas-pagina-inicial-e-feeds-no-facebook\/\" \/>\n<meta property=\"og:locale\" content=\"pt_BR\" \/>\n<meta property=\"og:type\" content=\"article\" \/>\n<meta property=\"og:title\" content=\"Apresentando as abas P\u00e1gina Inicial e Feeds no Facebook | Sobre a Meta\" \/>\n<meta property=\"og:description\" content=\"Hoje, Mark Zuckerberg anunciou que estamos facilitando o controle do conte\u00fado que voc\u00ea v\u00ea e descobre no Facebook. Estamos apresentando o Feeds, uma nova aba que permite que voc\u00ea veja facilmente as postagens mais recentes de seus amigos, P\u00e1ginas e grupos. Voc\u00ea pode selecionar uma lista de amigos e P\u00e1ginas favoritos que mais lhe interessam e filtrar o conte\u00fado deles nesta nova aba. Tamb\u00e9m estamos nomeando a aba principal &#8211; a primeira coisa que voc\u00ea v\u00ea quando abre o aplicativo &#8211; para &#8220;P\u00e1gina Inicial&#8221;. Ela \u00e9 o ponto de partida para conex\u00f5es, entretenimento e descoberta no Facebook. Feeds: fique por dentro das novidades Entendemos que voc\u00ea pode querer mais op\u00e7\u00f5es quando se trata de classificar e ver seu conte\u00fado. H\u00e1 momentos em que voc\u00ea pode saber exatamente o que est\u00e1 procurando \u2013 digamos, as \u00faltimas publica\u00e7\u00f5es de seus grupos \u2013 ou que pode querer encontrar conte\u00fado novo e divertido. \u00c0 medida que a P\u00e1gina Inicial se torna mais um mecanismo de descoberta para voc\u00ea encontrar e seguir novos conte\u00fados e criadores por meio de recomenda\u00e7\u00f5es, a aba Feeds oferece uma maneira f\u00e1cil de acessar o conte\u00fado das pessoas e comunidades com as quais voc\u00ea j\u00e1 est\u00e1 conectado no Facebook. N\u00e3o h\u00e1 postagens sugeridas para voc\u00ea nos Feeds. Os an\u00fancios est\u00e3o inclu\u00eddos. A partir de hoje, algumas pessoas ver\u00e3o o Feeds como uma aba na barra de atalhos. No iOS, essa barra fica na parte inferior do aplicativo e, no Android, na parte superior. Esperamos que essas atualiza\u00e7\u00f5es sejam lan\u00e7adas globalmente na pr\u00f3xima semana. As abas na barra de atalhos mudam com base nas partes do aplicativo que voc\u00ea mais usa. Voc\u00ea tamb\u00e9m pode personalizar e fixar uma aba na barra de atalhos, tornando sua posi\u00e7\u00e3o permanente. P\u00e1gina Inicial: onde est\u00e3o as novas descobertas Estamos apresentando o nome P\u00e1gina Inicial para a aba que voc\u00ea v\u00ea quando abre o aplicativo do Facebook. \u00c9 aqui que voc\u00ea descobrir\u00e1 novos conte\u00fados por meio de recomenda\u00e7\u00f5es, al\u00e9m de se conectar com seus amigos e familiares. Nela, voc\u00ea tamb\u00e9m pode criar Reels, ver o que suas conex\u00f5es est\u00e3o compartilhando no Feed e nos Stories e criar uma comunidade sobre novos interesses em comum. Seu Feed \u00e9 personalizado de forma exclusiva por meio de nosso sistema de classifica\u00e7\u00e3o de aprendizado de m\u00e1quina. Esse sistema leva em considera\u00e7\u00e3o milhares de sinais para ajudar a eliminar a desordem e classificar o conte\u00fado na ordem mais relevante para voc\u00ea. Estamos investindo em intelig\u00eancia artificial para melhor entregar o conte\u00fado recomendado nesta experi\u00eancia ranqueada. Embora a P\u00e1gina Inicial seja onde voc\u00ea encontrar\u00e1 cada vez mais uma comunidade por meio de suas paix\u00f5es e interesses, voc\u00ea pode continuar se mantendo atualizado sobre as pessoas e comunidades que mais lhe interessam nos Feeds.\" \/>\n<meta property=\"og:url\" content=\"https:\/\/about.fb.com\/br\/news\/2022\/07\/apresentando-as-abas-pagina-inicial-e-feeds-no-facebook\/\" \/>\n<meta property=\"og:site_name\" content=\"Sobre a Meta\" \/>\n<meta property=\"article:published_time\" content=\"2022-07-21T13:11:38+00:00\" \/>\n<meta property=\"article:modified_time\" content=\"2022-07-21T18:19:28+00:00\" \/>\n<meta property=\"og:image\" content=\"https:\/\/about.fb.com\/br\/wp-content\/uploads\/sites\/11\/2022\/07\/Introducing-Home-and-Feeds-on-Facebook_Header.png?resize=1024,576\" \/>\n\t<meta property=\"og:image:width\" content=\"1024\" \/>\n\t<meta property=\"og:image:height\" content=\"576\" \/>\n\t<meta property=\"og:image:type\" content=\"image\/png\" \/>\n<meta name=\"author\" content=\"facebookbr\" \/>\n<meta name=\"twitter:card\" content=\"summary_large_image\" \/>\n<meta name=\"twitter:label1\" content=\"Written by\" \/>\n\t<meta name=\"twitter:data1\" content=\"Meta\" \/>\n\t<meta name=\"twitter:label2\" content=\"Est. reading time\" \/>\n\t<meta name=\"twitter:data2\" content=\"3 minutos\" \/>\n<script type=\"application\/ld+json\" class=\"yoast-schema-graph\">{\"@context\":\"https:\/\/schema.org\",\"@graph\":[{\"@type\":\"Article\",\"@id\":\"https:\/\/about.fb.com\/br\/news\/2022\/07\/apresentando-as-abas-pagina-inicial-e-feeds-no-facebook\/#article\",\"isPartOf\":{\"@id\":\"https:\/\/about.fb.com\/br\/news\/2022\/07\/apresentando-as-abas-pagina-inicial-e-feeds-no-facebook\/\"},\"author\":\"Facebook company\",\"headline\":\"Apresentando as abas P\u00e1gina Inicial e Feeds no Facebook\",\"datePublished\":\"2022-07-21T13:11:38+00:00\",\"dateModified\":\"2022-07-21T18:19:28+00:00\",\"mainEntityOfPage\":{\"@id\":\"https:\/\/about.fb.com\/br\/news\/2022\/07\/apresentando-as-abas-pagina-inicial-e-feeds-no-facebook\/\"},\"wordCount\":499,\"publisher\":{\"@id\":\"https:\/\/about.fb.com\/br\/#organization\"},\"image\":{\"@id\":\"https:\/\/about.fb.com\/br\/news\/2022\/07\/apresentando-as-abas-pagina-inicial-e-feeds-no-facebook\/#primaryimage\"},\"thumbnailUrl\":\"https:\/\/about.fb.com\/br\/wp-content\/uploads\/sites\/11\/2022\/07\/Introducing-Home-and-Feeds-on-Facebook_Header.png?fit=1920%2C1080\",\"articleSection\":[\"Facebook\",\"Recent News\"],\"inLanguage\":\"pt-BR\"},{\"@type\":\"WebPage\",\"@id\":\"https:\/\/about.fb.com\/br\/news\/2022\/07\/apresentando-as-abas-pagina-inicial-e-feeds-no-facebook\/\",\"url\":\"https:\/\/about.fb.com\/br\/news\/2022\/07\/apresentando-as-abas-pagina-inicial-e-feeds-no-facebook\/\",\"name\":\"Apresentando as abas P\u00e1gina Inicial e Feeds no Facebook | Sobre a Meta\",\"isPartOf\":{\"@id\":\"https:\/\/about.fb.com\/br\/#website\"},\"primaryImageOfPage\":{\"@id\":\"https:\/\/about.fb.com\/br\/news\/2022\/07\/apresentando-as-abas-pagina-inicial-e-feeds-no-facebook\/#primaryimage\"},\"image\":{\"@id\":\"https:\/\/about.fb.com\/br\/news\/2022\/07\/apresentando-as-abas-pagina-inicial-e-feeds-no-facebook\/#primaryimage\"},\"thumbnailUrl\":\"https:\/\/about.fb.com\/br\/wp-content\/uploads\/sites\/11\/2022\/07\/Introducing-Home-and-Feeds-on-Facebook_Header.png?fit=1920%2C1080\",\"datePublished\":\"2022-07-21T13:11:38+00:00\",\"dateModified\":\"2022-07-21T18:19:28+00:00\",\"breadcrumb\":{\"@id\":\"https:\/\/about.fb.com\/br\/news\/2022\/07\/apresentando-as-abas-pagina-inicial-e-feeds-no-facebook\/#breadcrumb\"},\"inLanguage\":\"pt-BR\",\"potentialAction\":[{\"@type\":\"ReadAction\",\"target\":[\"https:\/\/about.fb.com\/br\/news\/2022\/07\/apresentando-as-abas-pagina-inicial-e-feeds-no-facebook\/\"]}],\"author\":\"Sobre a Meta\"},{\"@type\":\"ImageObject\",\"inLanguage\":\"pt-BR\",\"@id\":\"https:\/\/about.fb.com\/br\/news\/2022\/07\/apresentando-as-abas-pagina-inicial-e-feeds-no-facebook\/#primaryimage\",\"url\":\"https:\/\/about.fb.com\/br\/wp-content\/uploads\/sites\/11\/2022\/07\/Introducing-Home-and-Feeds-on-Facebook_Header.png?fit=1920%2C1080\",\"contentUrl\":\"https:\/\/about.fb.com\/br\/wp-content\/uploads\/sites\/11\/2022\/07\/Introducing-Home-and-Feeds-on-Facebook_Header.png?fit=1920%2C1080\",\"width\":1920,\"height\":1080},{\"@type\":\"BreadcrumbList\",\"@id\":\"https:\/\/about.fb.com\/br\/news\/2022\/07\/apresentando-as-abas-pagina-inicial-e-feeds-no-facebook\/#breadcrumb\",\"itemListElement\":[{\"@type\":\"ListItem\",\"position\":1,\"name\":\"Home\",\"item\":\"https:\/\/about.fb.com\/br\/\"},{\"@type\":\"ListItem\",\"position\":2,\"name\":\"Apresentando as abas P\u00e1gina Inicial e Feeds no Facebook\"}]},{\"@type\":\"WebSite\",\"@id\":\"https:\/\/about.fb.com\/br\/#website\",\"url\":\"https:\/\/about.fb.com\/news\/\",\"name\":\"Sobre a Meta\",\"description\":\"\",\"publisher\":{\"@id\":\"https:\/\/about.fb.com\/br\/#organization\"},\"potentialAction\":[{\"@type\":\"SearchAction\",\"target\":{\"@type\":\"EntryPoint\",\"urlTemplate\":\"https:\/\/about.fb.com\/br\/?s={search_term_string}\"},\"query-input\":{\"@type\":\"PropertyValueSpecification\",\"valueRequired\":true,\"valueName\":\"search_term_string\"}}],\"inLanguage\":\"pt-BR\",\"alternateName\":[\"Meta Newsroom\",\"Meta\"]},{\"@type\":\"Organization\",\"@id\":\"https:\/\/about.fb.com\/br\/#organization\",\"name\":\"Meta\",\"url\":\"https:\/\/about.fb.com\/br\/\",\"logo\":{\"@type\":\"ImageObject\",\"inLanguage\":\"pt-BR\",\"@id\":\"https:\/\/about.fb.com\/br\/#\/schema\/logo\/image\/\",\"url\":\"https:\/\/about.fb.com\/br\/wp-content\/uploads\/sites\/11\/2021\/10\/meta-social-16x9-1.jpg?fit=8000%2C4500\",\"contentUrl\":\"https:\/\/about.fb.com\/br\/wp-content\/uploads\/sites\/11\/2021\/10\/meta-social-16x9-1.jpg?fit=8000%2C4500\",\"width\":8000,\"height\":4500,\"caption\":\"Meta\"},\"image\":{\"@id\":\"https:\/\/about.fb.com\/br\/#\/schema\/logo\/image\/\"}}]}<\/script>\n<!-- \/ Yoast SEO plugin. -->","yoast_head_json":{"title":"Apresentando as abas P\u00e1gina Inicial e Feeds no Facebook | Sobre a Meta","robots":{"index":"index","follow":"follow","max-snippet":"max-snippet:-1","max-image-preview":"max-image-preview:large","max-video-preview":"max-video-preview:-1"},"canonical":"https:\/\/about.fb.com\/br\/news\/2022\/07\/apresentando-as-abas-pagina-inicial-e-feeds-no-facebook\/","og_locale":"pt_BR","og_type":"article","og_title":"Apresentando as abas P\u00e1gina Inicial e Feeds no Facebook | Sobre a Meta","og_description":"Hoje, Mark Zuckerberg anunciou que estamos facilitando o controle do conte\u00fado que voc\u00ea v\u00ea e descobre no Facebook. Estamos apresentando o Feeds, uma nova aba que permite que voc\u00ea veja facilmente as postagens mais recentes de seus amigos, P\u00e1ginas e grupos. Voc\u00ea pode selecionar uma lista de amigos e P\u00e1ginas favoritos que mais lhe interessam e filtrar o conte\u00fado deles nesta nova aba. Tamb\u00e9m estamos nomeando a aba principal &#8211; a primeira coisa que voc\u00ea v\u00ea quando abre o aplicativo &#8211; para &#8220;P\u00e1gina Inicial&#8221;. Ela \u00e9 o ponto de partida para conex\u00f5es, entretenimento e descoberta no Facebook. Feeds: fique por dentro das novidades Entendemos que voc\u00ea pode querer mais op\u00e7\u00f5es quando se trata de classificar e ver seu conte\u00fado. H\u00e1 momentos em que voc\u00ea pode saber exatamente o que est\u00e1 procurando \u2013 digamos, as \u00faltimas publica\u00e7\u00f5es de seus grupos \u2013 ou que pode querer encontrar conte\u00fado novo e divertido. \u00c0 medida que a P\u00e1gina Inicial se torna mais um mecanismo de descoberta para voc\u00ea encontrar e seguir novos conte\u00fados e criadores por meio de recomenda\u00e7\u00f5es, a aba Feeds oferece uma maneira f\u00e1cil de acessar o conte\u00fado das pessoas e comunidades com as quais voc\u00ea j\u00e1 est\u00e1 conectado no Facebook. N\u00e3o h\u00e1 postagens sugeridas para voc\u00ea nos Feeds. Os an\u00fancios est\u00e3o inclu\u00eddos. A partir de hoje, algumas pessoas ver\u00e3o o Feeds como uma aba na barra de atalhos. No iOS, essa barra fica na parte inferior do aplicativo e, no Android, na parte superior. Esperamos que essas atualiza\u00e7\u00f5es sejam lan\u00e7adas globalmente na pr\u00f3xima semana. As abas na barra de atalhos mudam com base nas partes do aplicativo que voc\u00ea mais usa. Voc\u00ea tamb\u00e9m pode personalizar e fixar uma aba na barra de atalhos, tornando sua posi\u00e7\u00e3o permanente. P\u00e1gina Inicial: onde est\u00e3o as novas descobertas Estamos apresentando o nome P\u00e1gina Inicial para a aba que voc\u00ea v\u00ea quando abre o aplicativo do Facebook. \u00c9 aqui que voc\u00ea descobrir\u00e1 novos conte\u00fados por meio de recomenda\u00e7\u00f5es, al\u00e9m de se conectar com seus amigos e familiares. Nela, voc\u00ea tamb\u00e9m pode criar Reels, ver o que suas conex\u00f5es est\u00e3o compartilhando no Feed e nos Stories e criar uma comunidade sobre novos interesses em comum. Seu Feed \u00e9 personalizado de forma exclusiva por meio de nosso sistema de classifica\u00e7\u00e3o de aprendizado de m\u00e1quina. Esse sistema leva em considera\u00e7\u00e3o milhares de sinais para ajudar a eliminar a desordem e classificar o conte\u00fado na ordem mais relevante para voc\u00ea. Estamos investindo em intelig\u00eancia artificial para melhor entregar o conte\u00fado recomendado nesta experi\u00eancia ranqueada. Embora a P\u00e1gina Inicial seja onde voc\u00ea encontrar\u00e1 cada vez mais uma comunidade por meio de suas paix\u00f5es e interesses, voc\u00ea pode continuar se mantendo atualizado sobre as pessoas e comunidades que mais lhe interessam nos Feeds.","og_url":"https:\/\/about.fb.com\/br\/news\/2022\/07\/apresentando-as-abas-pagina-inicial-e-feeds-no-facebook\/","og_site_name":"Sobre a Meta","article_published_time":"2022-07-21T13:11:38+00:00","article_modified_time":"2022-07-21T18:19:28+00:00","og_image":[{"width":1024,"height":576,"url":"https:\/\/about.fb.com\/br\/wp-content\/uploads\/sites\/11\/2022\/07\/Introducing-Home-and-Feeds-on-Facebook_Header.png?resize=1024,576","type":"image\/png"}],"author":"facebookbr","twitter_card":"summary_large_image","twitter_misc":{"Written by":"Meta","Est. reading time":"3 minutos"},"schema":{"@context":"https:\/\/schema.org","@graph":[{"@type":"Article","@id":"https:\/\/about.fb.com\/br\/news\/2022\/07\/apresentando-as-abas-pagina-inicial-e-feeds-no-facebook\/#article","isPartOf":{"@id":"https:\/\/about.fb.com\/br\/news\/2022\/07\/apresentando-as-abas-pagina-inicial-e-feeds-no-facebook\/"},"author":"Facebook company","headline":"Apresentando as abas P\u00e1gina Inicial e Feeds no Facebook","datePublished":"2022-07-21T13:11:38+00:00","dateModified":"2022-07-21T18:19:28+00:00","mainEntityOfPage":{"@id":"https:\/\/about.fb.com\/br\/news\/2022\/07\/apresentando-as-abas-pagina-inicial-e-feeds-no-facebook\/"},"wordCount":499,"publisher":{"@id":"https:\/\/about.fb.com\/br\/#organization"},"image":{"@id":"https:\/\/about.fb.com\/br\/news\/2022\/07\/apresentando-as-abas-pagina-inicial-e-feeds-no-facebook\/#primaryimage"},"thumbnailUrl":"https:\/\/about.fb.com\/br\/wp-content\/uploads\/sites\/11\/2022\/07\/Introducing-Home-and-Feeds-on-Facebook_Header.png?fit=1920%2C1080","articleSection":["Facebook","Recent News"],"inLanguage":"pt-BR"},{"@type":"WebPage","@id":"https:\/\/about.fb.com\/br\/news\/2022\/07\/apresentando-as-abas-pagina-inicial-e-feeds-no-facebook\/","url":"https:\/\/about.fb.com\/br\/news\/2022\/07\/apresentando-as-abas-pagina-inicial-e-feeds-no-facebook\/","name":"Apresentando as abas P\u00e1gina Inicial e Feeds no Facebook | Sobre a Meta","isPartOf":{"@id":"https:\/\/about.fb.com\/br\/#website"},"primaryImageOfPage":{"@id":"https:\/\/about.fb.com\/br\/news\/2022\/07\/apresentando-as-abas-pagina-inicial-e-feeds-no-facebook\/#primaryimage"},"image":{"@id":"https:\/\/about.fb.com\/br\/news\/2022\/07\/apresentando-as-abas-pagina-inicial-e-feeds-no-facebook\/#primaryimage"},"thumbnailUrl":"https:\/\/about.fb.com\/br\/wp-content\/uploads\/sites\/11\/2022\/07\/Introducing-Home-and-Feeds-on-Facebook_Header.png?fit=1920%2C1080","datePublished":"2022-07-21T13:11:38+00:00","dateModified":"2022-07-21T18:19:28+00:00","breadcrumb":{"@id":"https:\/\/about.fb.com\/br\/news\/2022\/07\/apresentando-as-abas-pagina-inicial-e-feeds-no-facebook\/#breadcrumb"},"inLanguage":"pt-BR","potentialAction":[{"@type":"ReadAction","target":["https:\/\/about.fb.com\/br\/news\/2022\/07\/apresentando-as-abas-pagina-inicial-e-feeds-no-facebook\/"]}],"author":"Sobre a Meta"},{"@type":"ImageObject","inLanguage":"pt-BR","@id":"https:\/\/about.fb.com\/br\/news\/2022\/07\/apresentando-as-abas-pagina-inicial-e-feeds-no-facebook\/#primaryimage","url":"https:\/\/about.fb.com\/br\/wp-content\/uploads\/sites\/11\/2022\/07\/Introducing-Home-and-Feeds-on-Facebook_Header.png?fit=1920%2C1080","contentUrl":"https:\/\/about.fb.com\/br\/wp-content\/uploads\/sites\/11\/2022\/07\/Introducing-Home-and-Feeds-on-Facebook_Header.png?fit=1920%2C1080","width":1920,"height":1080},{"@type":"BreadcrumbList","@id":"https:\/\/about.fb.com\/br\/news\/2022\/07\/apresentando-as-abas-pagina-inicial-e-feeds-no-facebook\/#breadcrumb","itemListElement":[{"@type":"ListItem","position":1,"name":"Home","item":"https:\/\/about.fb.com\/br\/"},{"@type":"ListItem","position":2,"name":"Apresentando as abas P\u00e1gina Inicial e Feeds no Facebook"}]},{"@type":"WebSite","@id":"https:\/\/about.fb.com\/br\/#website","url":"https:\/\/about.fb.com\/news\/","name":"Sobre a Meta","description":"","publisher":{"@id":"https:\/\/about.fb.com\/br\/#organization"},"potentialAction":[{"@type":"SearchAction","target":{"@type":"EntryPoint","urlTemplate":"https:\/\/about.fb.com\/br\/?s={search_term_string}"},"query-input":{"@type":"PropertyValueSpecification","valueRequired":true,"valueName":"search_term_string"}}],"inLanguage":"pt-BR","alternateName":["Meta Newsroom","Meta"]},{"@type":"Organization","@id":"https:\/\/about.fb.com\/br\/#organization","name":"Meta","url":"https:\/\/about.fb.com\/br\/","logo":{"@type":"ImageObject","inLanguage":"pt-BR","@id":"https:\/\/about.fb.com\/br\/#\/schema\/logo\/image\/","url":"https:\/\/about.fb.com\/br\/wp-content\/uploads\/sites\/11\/2021\/10\/meta-social-16x9-1.jpg?fit=8000%2C4500","contentUrl":"https:\/\/about.fb.com\/br\/wp-content\/uploads\/sites\/11\/2021\/10\/meta-social-16x9-1.jpg?fit=8000%2C4500","width":8000,"height":4500,"caption":"Meta"},"image":{"@id":"https:\/\/about.fb.com\/br\/#\/schema\/logo\/image\/"}}]}},"jetpack_featured_media_url":"https:\/\/about.fb.com\/br\/wp-content\/uploads\/sites\/11\/2022\/07\/Introducing-Home-and-Feeds-on-Facebook_Header.png?fit=1920%2C1080","jetpack-related-posts":[{"id":26182,"url":"https:\/\/about.fb.com\/br\/news\/2025\/02\/atualizando-nossa-politica-de-armazenamento-de-lives-no-facebook\/","url_meta":{"origin":24140,"position":0},"title":"Atualizando nossa pol\u00edtica de armazenamento de Lives no Facebook","author":"Meta","date":"18\/02\/2025","format":false,"excerpt":"Pessoas em todo o mundo usam o Facebook Live para compartilhar suas experi\u00eancias com suas comunidades em tempo real. Como a maioria das visualiza\u00e7\u00f5es de v\u00eddeos ao vivo ocorrem nas primeiras semanas ap\u00f3s a transmiss\u00e3o, estamos atualizando por quanto tempo as Lives podem ser armazenadas no Facebook. A partir de\u2026","rel":"","context":"In &quot;Facebook&quot;","block_context":{"text":"Facebook","link":"https:\/\/about.fb.com\/br\/news\/category\/technologies\/facebook\/"},"img":{"alt_text":"","src":"https:\/\/about.fb.com\/br\/wp-content\/uploads\/sites\/11\/2025\/02\/Download-Live-Videos.jpg?fit=1280%2C720&resize=350%2C200","width":350,"height":200,"srcset":"https:\/\/about.fb.com\/br\/wp-content\/uploads\/sites\/11\/2025\/02\/Download-Live-Videos.jpg?fit=1280%2C720&resize=350%2C200 1x, https:\/\/about.fb.com\/br\/wp-content\/uploads\/sites\/11\/2025\/02\/Download-Live-Videos.jpg?fit=1280%2C720&resize=525%2C300 1.5x, https:\/\/about.fb.com\/br\/wp-content\/uploads\/sites\/11\/2025\/02\/Download-Live-Videos.jpg?fit=1280%2C720&resize=700%2C400 2x, https:\/\/about.fb.com\/br\/wp-content\/uploads\/sites\/11\/2025\/02\/Download-Live-Videos.jpg?fit=1280%2C720&resize=1050%2C600 3x"},"classes":[]},{"id":26470,"url":"https:\/\/about.fb.com\/br\/news\/2025\/06\/ajudamos-voce-a-encontrar-mais-canais-e-empresas-no-whatsapp\/","url_meta":{"origin":24140,"position":1},"title":"Ajudamos voc\u00ea a encontrar mais canais e empresas no WhatsApp","author":"Meta","date":"16\/06\/2025","format":false,"excerpt":"Estamos lan\u00e7ando hoje novos recursos para a aba Atualiza\u00e7\u00f5es, onde voc\u00ea encontra os canais e o status. Nos \u00faltimos dois anos, trabalhamos para que essa aba se tornasse um espa\u00e7o em que voc\u00ea pode encontrar coisas novas no WhatsApp. Agora, ela j\u00e1 \u00e9 usada por 1,5 bilh\u00e3o de pessoas todos\u2026","rel":"","context":"In &quot;Recent News&quot;","block_context":{"text":"Recent News","link":"https:\/\/about.fb.com\/br\/news\/category\/recent-news\/"},"img":{"alt_text":"","src":"https:\/\/about.fb.com\/br\/wp-content\/uploads\/sites\/11\/2025\/06\/Brazilian-Portuguese_helping-you-find-more-channels-and-businesses-on-whatsapp-1.pt_BR.png?fit=1920%2C1080&resize=350%2C200","width":350,"height":200,"srcset":"https:\/\/about.fb.com\/br\/wp-content\/uploads\/sites\/11\/2025\/06\/Brazilian-Portuguese_helping-you-find-more-channels-and-businesses-on-whatsapp-1.pt_BR.png?fit=1920%2C1080&resize=350%2C200 1x, https:\/\/about.fb.com\/br\/wp-content\/uploads\/sites\/11\/2025\/06\/Brazilian-Portuguese_helping-you-find-more-channels-and-businesses-on-whatsapp-1.pt_BR.png?fit=1920%2C1080&resize=525%2C300 1.5x, https:\/\/about.fb.com\/br\/wp-content\/uploads\/sites\/11\/2025\/06\/Brazilian-Portuguese_helping-you-find-more-channels-and-businesses-on-whatsapp-1.pt_BR.png?fit=1920%2C1080&resize=700%2C400 2x, https:\/\/about.fb.com\/br\/wp-content\/uploads\/sites\/11\/2025\/06\/Brazilian-Portuguese_helping-you-find-more-channels-and-businesses-on-whatsapp-1.pt_BR.png?fit=1920%2C1080&resize=1050%2C600 3x, https:\/\/about.fb.com\/br\/wp-content\/uploads\/sites\/11\/2025\/06\/Brazilian-Portuguese_helping-you-find-more-channels-and-businesses-on-whatsapp-1.pt_BR.png?fit=1920%2C1080&resize=1400%2C800 4x"},"classes":[]},{"id":26854,"url":"https:\/\/about.fb.com\/br\/news\/2025\/12\/facilitando-a-criacao-descoberta-e-compartilhamento-de-conteudo-no-facebook\/","url_meta":{"origin":24140,"position":2},"title":"Facilitando a cria\u00e7\u00e3o, descoberta e compartilhamento de conte\u00fado no Facebook","author":"Meta","date":"09\/12\/2025","format":false,"excerpt":"O foco do Facebook sempre foi facilitar a conex\u00e3o com as pessoas e coisas que voc\u00ea ama. Hoje, apresentamos melhorias que ajudam a eliminar distra\u00e7\u00f5es, permitindo que voc\u00ea atualize seu perfil, encontre novos conte\u00fados pela busca e aproveite fotos e v\u00eddeos no Feed. Feed mais inteligente, limpo e navega\u00e7\u00e3o simplificada\u2026","rel":"","context":"In &quot;Facebook&quot;","block_context":{"text":"Facebook","link":"https:\/\/about.fb.com\/br\/news\/category\/technologies\/facebook\/"},"img":{"alt_text":"","src":"https:\/\/about.fb.com\/br\/wp-content\/uploads\/sites\/11\/2025\/12\/Facebook-Profile-Simplification_Header.png?fit=1920%2C1080&resize=350%2C200","width":350,"height":200,"srcset":"https:\/\/about.fb.com\/br\/wp-content\/uploads\/sites\/11\/2025\/12\/Facebook-Profile-Simplification_Header.png?fit=1920%2C1080&resize=350%2C200 1x, https:\/\/about.fb.com\/br\/wp-content\/uploads\/sites\/11\/2025\/12\/Facebook-Profile-Simplification_Header.png?fit=1920%2C1080&resize=525%2C300 1.5x, https:\/\/about.fb.com\/br\/wp-content\/uploads\/sites\/11\/2025\/12\/Facebook-Profile-Simplification_Header.png?fit=1920%2C1080&resize=700%2C400 2x, https:\/\/about.fb.com\/br\/wp-content\/uploads\/sites\/11\/2025\/12\/Facebook-Profile-Simplification_Header.png?fit=1920%2C1080&resize=1050%2C600 3x, https:\/\/about.fb.com\/br\/wp-content\/uploads\/sites\/11\/2025\/12\/Facebook-Profile-Simplification_Header.png?fit=1920%2C1080&resize=1400%2C800 4x"},"classes":[]},{"id":26710,"url":"https:\/\/about.fb.com\/br\/news\/2025\/10\/encontrar-e-compartilhar-reels-no-facebook-ficou-mais-facil-e-divertido\/","url_meta":{"origin":24140,"position":3},"title":"Encontrar e compartilhar Reels no Facebook ficou mais f\u00e1cil e divertido","author":"Meta","date":"07\/10\/2025","format":false,"excerpt":"A magia do Facebook sempre esteve em conectar pessoas. Por isso, estamos lan\u00e7ando recursos que tornam ainda mais f\u00e1cil se conectar com amigos atrav\u00e9s do conte\u00fado que voc\u00ea gosta. Atualizamos nosso mecanismo de recomenda\u00e7\u00f5es para que voc\u00ea veja mais do que te interessa e estamos lan\u00e7ando v\u00e1rias funcionalidades que d\u00e3o\u2026","rel":"","context":"In &quot;Facebook&quot;","block_context":{"text":"Facebook","link":"https:\/\/about.fb.com\/br\/news\/category\/technologies\/facebook\/"},"img":{"alt_text":"","src":"https:\/\/about.fb.com\/br\/wp-content\/uploads\/sites\/11\/2025\/10\/Facebooks-upgraded-recommendations_Header.gif?fit=1914%2C1074&resize=350%2C200","width":350,"height":200,"srcset":"https:\/\/about.fb.com\/br\/wp-content\/uploads\/sites\/11\/2025\/10\/Facebooks-upgraded-recommendations_Header.gif?fit=1914%2C1074&resize=350%2C200 1x, https:\/\/about.fb.com\/br\/wp-content\/uploads\/sites\/11\/2025\/10\/Facebooks-upgraded-recommendations_Header.gif?fit=1914%2C1074&resize=525%2C300 1.5x, https:\/\/about.fb.com\/br\/wp-content\/uploads\/sites\/11\/2025\/10\/Facebooks-upgraded-recommendations_Header.gif?fit=1914%2C1074&resize=700%2C400 2x, https:\/\/about.fb.com\/br\/wp-content\/uploads\/sites\/11\/2025\/10\/Facebooks-upgraded-recommendations_Header.gif?fit=1914%2C1074&resize=1050%2C600 3x, https:\/\/about.fb.com\/br\/wp-content\/uploads\/sites\/11\/2025\/10\/Facebooks-upgraded-recommendations_Header.gif?fit=1914%2C1074&resize=1400%2C800 4x"},"classes":[]},{"id":26574,"url":"https:\/\/about.fb.com\/br\/news\/2025\/08\/apresentando-o-app-meta-ai-uma-nova-forma-de-acessar-seu-assistente-de-inteligencia-artificial\/","url_meta":{"origin":24140,"position":4},"title":"Apresentando o app Meta AI: uma nova forma de acessar seu assistente de intelig\u00eancia artificial","author":"Meta","date":"11\/08\/2025","format":false,"excerpt":"Estamos lan\u00e7ando no Brasil o novo app Meta AI, desenvolvido com o Llama, um primeiro passo na constru\u00e7\u00e3o de uma IA mais pessoal. Pessoas ao redor do mundo j\u00e1 utilizam a Meta AI diariamente no WhatsApp, Instagram, Facebook e Messenger. Agora, elas tamb\u00e9m poder\u00e3o optar por interagir com uma IA\u2026","rel":"","context":"In &quot;Meta AI&quot;","block_context":{"text":"Meta AI","link":"https:\/\/about.fb.com\/br\/news\/category\/technologies\/meta-ai\/"},"img":{"alt_text":"","src":"https:\/\/about.fb.com\/br\/wp-content\/uploads\/sites\/11\/2025\/08\/C50-Brazil-Launch_Header.gif?fit=1920%2C1080&resize=350%2C200","width":350,"height":200,"srcset":"https:\/\/about.fb.com\/br\/wp-content\/uploads\/sites\/11\/2025\/08\/C50-Brazil-Launch_Header.gif?fit=1920%2C1080&resize=350%2C200 1x, https:\/\/about.fb.com\/br\/wp-content\/uploads\/sites\/11\/2025\/08\/C50-Brazil-Launch_Header.gif?fit=1920%2C1080&resize=525%2C300 1.5x, https:\/\/about.fb.com\/br\/wp-content\/uploads\/sites\/11\/2025\/08\/C50-Brazil-Launch_Header.gif?fit=1920%2C1080&resize=700%2C400 2x, https:\/\/about.fb.com\/br\/wp-content\/uploads\/sites\/11\/2025\/08\/C50-Brazil-Launch_Header.gif?fit=1920%2C1080&resize=1050%2C600 3x, https:\/\/about.fb.com\/br\/wp-content\/uploads\/sites\/11\/2025\/08\/C50-Brazil-Launch_Header.gif?fit=1920%2C1080&resize=1400%2C800 4x"},"classes":[]},{"id":26525,"url":"https:\/\/about.fb.com\/br\/news\/2025\/07\/combatendo-conteudo-nao-original-para-proteger-e-elevar-criadores-no-facebook\/","url_meta":{"origin":24140,"position":5},"title":"Combatendo conte\u00fado n\u00e3o original para proteger e elevar Criadores no Facebook","author":"Meta","date":"14\/07\/2025","format":false,"excerpt":"Acreditamos que os criadores devem ser celebrados por suas vozes e perspectivas \u00fanicas, e n\u00e3o ofuscados por imitadores e contas falsas. Recentemente, lan\u00e7amos uma iniciativa de longo prazo para tornar o Feed mais relevante e ajudar criadores aut\u00eanticos a se destacarem, come\u00e7ando pela redu\u00e7\u00e3o do conte\u00fado com spam. Estamos avan\u00e7ando\u2026","rel":"","context":"In &quot;Facebook&quot;","block_context":{"text":"Facebook","link":"https:\/\/about.fb.com\/br\/news\/category\/technologies\/facebook\/"},"img":{"alt_text":"","src":"https:\/\/about.fb.com\/br\/wp-content\/uploads\/sites\/11\/2025\/07\/Logo-Meta-1.jpg?fit=633%2C356&resize=350%2C200","width":350,"height":200,"srcset":"https:\/\/about.fb.com\/br\/wp-content\/uploads\/sites\/11\/2025\/07\/Logo-Meta-1.jpg?fit=633%2C356&resize=350%2C200 1x, https:\/\/about.fb.com\/br\/wp-content\/uploads\/sites\/11\/2025\/07\/Logo-Meta-1.jpg?fit=633%2C356&resize=525%2C300 1.5x"},"classes":[]}],"jetpack_sharing_enabled":true,"amp_enabled":true,"_links":{"self":[{"href":"https:\/\/about.fb.com\/br\/wp-json\/wp\/v2\/posts\/24140","targetHints":{"allow":["GET"]}}],"collection":[{"href":"https:\/\/about.fb.com\/br\/wp-json\/wp\/v2\/posts"}],"about":[{"href":"https:\/\/about.fb.com\/br\/wp-json\/wp\/v2\/types\/post"}],"author":[{"embeddable":true,"href":"https:\/\/about.fb.com\/br\/wp-json\/wp\/v2\/users\/81109636"}],"replies":[{"embeddable":true,"href":"https:\/\/about.fb.com\/br\/wp-json\/wp\/v2\/comments?post=24140"}],"version-history":[{"count":2,"href":"https:\/\/about.fb.com\/br\/wp-json\/wp\/v2\/posts\/24140\/revisions"}],"predecessor-version":[{"id":24144,"href":"https:\/\/about.fb.com\/br\/wp-json\/wp\/v2\/posts\/24140\/revisions\/24144"}],"wp:featuredmedia":[{"embeddable":true,"href":"https:\/\/about.fb.com\/br\/wp-json\/wp\/v2\/media\/24146"}],"wp:attachment":[{"href":"https:\/\/about.fb.com\/br\/wp-json\/wp\/v2\/media?parent=24140"}],"wp:term":[{"taxonomy":"category","embeddable":true,"href":"https:\/\/about.fb.com\/br\/wp-json\/wp\/v2\/categories?post=24140"},{"taxonomy":"post_tag","embeddable":true,"href":"https:\/\/about.fb.com\/br\/wp-json\/wp\/v2\/tags?post=24140"}],"curies":[{"name":"wp","href":"https:\/\/api.w.org\/{rel}","templated":true}]}}