{"id":24071,"date":"2022-06-30T11:00:21","date_gmt":"2022-06-30T14:00:21","guid":{"rendered":"https:\/\/about.fb.com\/br\/?p=24071"},"modified":"2022-06-30T11:00:42","modified_gmt":"2022-06-30T14:00:42","slug":"reuters-e-uol-confere-sao-novos-parceiros-do-programa-de-checagem-de-fatos-da-meta-no-brasil","status":"publish","type":"post","link":"https:\/\/about.fb.com\/br\/news\/2022\/06\/reuters-e-uol-confere-sao-novos-parceiros-do-programa-de-checagem-de-fatos-da-meta-no-brasil\/","title":{"rendered":"Reuters e UOL Confere s\u00e3o novos parceiros do programa de checagem de fatos da Meta no Brasil"},"content":{"rendered":"<p><span style=\"font-weight: 400\">A Meta anuncia hoje que Reuters Fact Check e <\/span><a href=\"https:\/\/noticias.uol.com.br\/confere\/\"><span style=\"font-weight: 400\">UOL Confere<\/span><\/a><span style=\"font-weight: 400\">, divis\u00e3o do UOL para checagem de informa\u00e7\u00f5es, s\u00e3o os novos integrantes de seu programa de verifica\u00e7\u00e3o de fatos no Brasil, aumentando para seis o n\u00famero de parceiros da iniciativa no pa\u00eds e expandindo a capacidade de checagem de conte\u00fados postados no Facebook e no Instagram meses antes das elei\u00e7\u00f5es.<\/span><\/p>\n<p><span style=\"font-weight: 400\">Pelo programa de verifica\u00e7\u00e3o de fatos da Meta, conte\u00fados no Facebook e no Instagram marcados como falsos, alterados ou parcialmente falsos t\u00eam sua distribui\u00e7\u00e3o reduzida no feed. Os usu\u00e1rios que ainda assim visualizarem esses conte\u00fados em seus feeds, os ver\u00e3o cobertos com um r\u00f3tulo e um link direcionando para a verifica\u00e7\u00e3o de fatos. Al\u00e9m disso, se tentarem compartilhar o conte\u00fado em sua timeline, os usu\u00e1rios receber\u00e3o um alerta de que se trata de um conte\u00fado n\u00e3o confi\u00e1vel.<\/span><\/p>\n<p><span style=\"font-weight: 400\">P\u00e1ginas, Grupos, contas e websites que repetidamente compartilham not\u00edcias falsas tamb\u00e9m passam por restri\u00e7\u00f5es, incluindo a redu\u00e7\u00e3o do alcance de todo o seu conte\u00fado.<\/span><\/p>\n<p><span style=\"font-weight: 400\">&#8220;A chegada da Reuters Fact Check e do UOL Confere ao nosso programa de verifica\u00e7\u00e3o de fatos no Brasil refor\u00e7a nosso compromisso em combater a desinforma\u00e7\u00e3o e acontece em um momento importante, alguns meses antes das elei\u00e7\u00f5es, quando sabemos que \u00e9 ainda mais importante o combate a not\u00edcias falsas para assegurar a integridade do processo democr\u00e1tico&#8221;, diz a gerente de Parcerias Estrat\u00e9gicas da Meta com Ve\u00edculos de Not\u00edcias na Am\u00e9rica Latina Dulce Ramos.<\/span><\/p>\n<p><span style=\"font-weight: 400\">A Reuters Fact Check e o UOL Confere ter\u00e3o acesso a conte\u00fados no Facebook e no Instagram como posts para not\u00edcias, fotos e v\u00eddeos denunciados como falsos pela comunidade ou identificados a partir de uma s\u00e9rie de sinais, para analisar sua veracidade. No Brasil, Ag\u00eancia Lupa, Aos Fatos, Agence France Presse (AFP) e Estad\u00e3o Verifica tamb\u00e9m s\u00e3o parceiros do programa de verifica\u00e7\u00e3o da Meta, que foi lan\u00e7ado no pa\u00eds em maio de 2018.<\/span><\/p>\n<p><span style=\"font-weight: 400\">\u201cA dissemina\u00e7\u00e3o de desinforma\u00e7\u00e3o \u00e9 um desafio cr\u00edtico em todo o mundo, particularmente no contexto de elei\u00e7\u00f5es. A Reuters est\u00e1 comprometida em fornecer not\u00edcias imparciais e baseadas em fatos, e combater a desinforma\u00e7\u00e3o \u00e9 parte dessa miss\u00e3o. Expandir nossa parceria de checagem com a Meta no Brasil nos permitir\u00e1 entregar informa\u00e7\u00e3o precisa e verificada para ajudar as pessoas a tomarem decis\u00f5es melhores nesta elei\u00e7\u00e3o&#8221;, afirma a editora de checagem de fatos da Reuters, Christina Anagnostopoulos.<\/span><\/p>\n<p><span style=\"font-weight: 400\">\u201cA parceria com a Meta \u00e9 muito importante dentro de nossa estrat\u00e9gia de aumentar o volume de checagens de not\u00edcias. \u00c9 uma medida que considero fundamental para, ao mesmo tempo, minimizar o impacto da desinforma\u00e7\u00e3o e alertar o p\u00fablico a n\u00e3o acreditar em tudo o que recebe, l\u00ea ou v\u00ea\u201d, diz o diretor de conte\u00fado do UOL, Murilo Garavello.<\/span><\/p>\n<p><span style=\"font-weight: 400\">O programa de verifica\u00e7\u00e3o de fatos da Meta faz parte de uma<\/span><a href=\"https:\/\/br.newsroom.fb.com\/news\/2018\/05\/questoes-complexas-qual-e-a-estrategia-do-facebook-para-combater-noticias-falsas\/\"> <span style=\"font-weight: 400\">ampla estrat\u00e9gia da empresa<\/span><\/a><span style=\"font-weight: 400\"> para combater a desinforma\u00e7\u00e3o baseada em tr\u00eas pilares: remover contas e postagens que violam as regras de conte\u00fado, o que chamamos de <\/span><a href=\"https:\/\/transparency.fb.com\/pt-br\/policies\/community-standards\"><span style=\"font-weight: 400\">Padr\u00f5es da Comunidade<\/span><\/a><span style=\"font-weight: 400\">; reduzir o alcance de conte\u00fados de baixa qualidade; e informar as pessoas, dando mais contexto sobre o que veem, para que possam tomar decis\u00f5es mais conscientes sobre o consumo e o compartilhamento de conte\u00fados.<\/span><\/p>\n<p><span style=\"font-weight: 400\">Reuters Fact Check e UOL Confere fazem parte da rede global de organiza\u00e7\u00f5es de checagem certificadas e auditadas pela entidade apartid\u00e1ria<\/span><a href=\"https:\/\/www.poynter.org\/ifcn\/\"> <span style=\"font-weight: 400\">International Fact-Checking Network \u2013 Poynter<\/span><\/a><span style=\"font-weight: 400\">. Em todos os pa\u00edses em que a Meta tem a ferramenta de verifica\u00e7\u00e3o de fatos, a empresa trabalha com membros da IFCN, cujo selo garante que os verificadores est\u00e3o comprometidos com a imparcialidade e a transpar\u00eancia de suas fontes de informa\u00e7\u00e3o e metodologia de checagem (saiba mais<\/span><a href=\"https:\/\/www.poynter.org\/international-fact-checking-network-fact-checkers-code-principles\"> <span style=\"font-weight: 400\">aqui<\/span><\/a><span style=\"font-weight: 400\">).<\/span><\/p>\n<p><span style=\"font-weight: 400\">O programa de verifica\u00e7\u00e3o de fatos da Meta foi lan\u00e7ado em 2016 nos Estados Unidos. Desde ent\u00e3o, foi expandindo para dezenas de pa\u00edses e atualmente inclui mais de 80 parceiros em todo o mundo checando conte\u00fado em mais de 60 idiomas.<\/span><\/p>\n","protected":false},"excerpt":{"rendered":"A Meta anuncia hoje que Reuters Fact Check e UOL Confere, divis\u00e3o do UOL para checagem de informa\u00e7\u00f5es, s\u00e3o os novos integrantes de seu programa de verifica\u00e7\u00e3o de fatos no Brasil, aumentando para seis o n\u00famero de parceiros da iniciativa no pa\u00eds e expandindo a capacidade de checagem de conte\u00fados postados no Facebook e no Instagram meses antes das elei\u00e7\u00f5es. Pelo programa de verifica\u00e7\u00e3o de fatos da Meta, conte\u00fados no Facebook e no Instagram marcados como falsos, alterados ou parcialmente falsos t\u00eam sua distribui\u00e7\u00e3o reduzida no feed. Os usu\u00e1rios que ainda assim visualizarem esses conte\u00fados em seus feeds, os ver\u00e3o cobertos com um r\u00f3tulo e um link direcionando para a verifica\u00e7\u00e3o de fatos. Al\u00e9m disso, se tentarem compartilhar o conte\u00fado em sua timeline, os usu\u00e1rios receber\u00e3o um alerta de que se trata de um conte\u00fado n\u00e3o confi\u00e1vel. P\u00e1ginas, Grupos, contas e websites que repetidamente compartilham not\u00edcias falsas tamb\u00e9m passam por restri\u00e7\u00f5es, incluindo a redu\u00e7\u00e3o do alcance de todo o seu conte\u00fado. &#8220;A chegada da Reuters Fact Check e do UOL Confere ao nosso programa de verifica\u00e7\u00e3o de fatos no Brasil refor\u00e7a nosso compromisso em combater a desinforma\u00e7\u00e3o e acontece em um momento importante, alguns meses antes das elei\u00e7\u00f5es, quando sabemos que \u00e9 ainda mais importante o combate a not\u00edcias falsas para assegurar a integridade do processo democr\u00e1tico&#8221;, diz a gerente de Parcerias Estrat\u00e9gicas da Meta com Ve\u00edculos de Not\u00edcias na Am\u00e9rica Latina Dulce Ramos. A Reuters Fact Check e o UOL Confere ter\u00e3o acesso a conte\u00fados no Facebook e no Instagram como posts para not\u00edcias, fotos e v\u00eddeos denunciados como falsos pela comunidade ou identificados a partir de uma s\u00e9rie de sinais, para analisar sua veracidade. No Brasil, Ag\u00eancia Lupa, Aos Fatos, Agence France Presse (AFP) e Estad\u00e3o Verifica tamb\u00e9m s\u00e3o parceiros do programa de verifica\u00e7\u00e3o da Meta, que foi lan\u00e7ado no pa\u00eds em maio de 2018. \u201cA dissemina\u00e7\u00e3o de desinforma\u00e7\u00e3o \u00e9 um desafio cr\u00edtico em todo o mundo, particularmente no contexto de elei\u00e7\u00f5es. A Reuters est\u00e1 comprometida em fornecer not\u00edcias imparciais e baseadas em fatos, e combater a desinforma\u00e7\u00e3o \u00e9 parte dessa miss\u00e3o. Expandir nossa parceria de checagem com a Meta no Brasil nos permitir\u00e1 entregar informa\u00e7\u00e3o precisa e verificada para ajudar as pessoas a tomarem decis\u00f5es melhores nesta elei\u00e7\u00e3o&#8221;, afirma a editora de checagem de fatos da Reuters, Christina Anagnostopoulos. \u201cA parceria com a Meta \u00e9 muito importante dentro de nossa estrat\u00e9gia de aumentar o volume de checagens de not\u00edcias. \u00c9 uma medida que considero fundamental para, ao mesmo tempo, minimizar o impacto da desinforma\u00e7\u00e3o e alertar o p\u00fablico a n\u00e3o acreditar em tudo o que recebe, l\u00ea ou v\u00ea\u201d, diz o diretor de conte\u00fado do UOL, Murilo Garavello. O programa de verifica\u00e7\u00e3o de fatos da Meta faz parte de uma ampla estrat\u00e9gia da empresa para combater a desinforma\u00e7\u00e3o baseada em tr\u00eas pilares: remover contas e postagens que violam as regras de conte\u00fado, o que chamamos de Padr\u00f5es da Comunidade; reduzir o alcance de conte\u00fados de baixa qualidade; e informar as pessoas, dando mais contexto sobre o que veem, para que possam tomar decis\u00f5es mais conscientes sobre o consumo e o compartilhamento de conte\u00fados. Reuters Fact Check e UOL Confere fazem parte da rede global de organiza\u00e7\u00f5es de checagem certificadas e auditadas pela entidade apartid\u00e1ria International Fact-Checking Network \u2013 Poynter. Em todos os pa\u00edses em que a Meta tem a ferramenta de verifica\u00e7\u00e3o de fatos, a empresa trabalha com membros da IFCN, cujo selo garante que os verificadores est\u00e3o comprometidos com a imparcialidade e a transpar\u00eancia de suas fontes de informa\u00e7\u00e3o e metodologia de checagem (saiba mais aqui). O programa de verifica\u00e7\u00e3o de fatos da Meta foi lan\u00e7ado em 2016 nos Estados Unidos. Desde ent\u00e3o, foi expandindo para dezenas de pa\u00edses e atualmente inclui mais de 80 parceiros em todo o mundo checando conte\u00fado em mais de 60 idiomas.","protected":false},"author":81109636,"featured_media":0,"comment_status":"closed","ping_status":"closed","sticky":false,"template":"","format":"standard","meta":{"_jetpack_memberships_contains_paid_content":false,"footnotes":""},"categories":[396542172,396542169,396542114,1,396542170],"tags":[],"class_list":["post-24071","post","type-post","status-publish","format-standard","hentry","category-combatendo-desinformacao","category-dados-e-privacidade","category-meta","category-recent-news","category-tecnologia-e-inovacao"],"yoast_head":"<!-- This site is optimized with the Yoast SEO plugin v27.2 - https:\/\/yoast.com\/product\/yoast-seo-wordpress\/ -->\n<title>Reuters e UOL Confere s\u00e3o novos parceiros do programa de checagem de fatos da Meta no Brasil | Sobre a Meta<\/title>\n<meta name=\"robots\" content=\"index, follow, max-snippet:-1, max-image-preview:large, max-video-preview:-1\" \/>\n<link rel=\"canonical\" href=\"https:\/\/about.fb.com\/br\/news\/2022\/06\/reuters-e-uol-confere-sao-novos-parceiros-do-programa-de-checagem-de-fatos-da-meta-no-brasil\/\" \/>\n<meta property=\"og:locale\" content=\"pt_BR\" \/>\n<meta property=\"og:type\" content=\"article\" \/>\n<meta property=\"og:title\" content=\"Reuters e UOL Confere s\u00e3o novos parceiros do programa de checagem de fatos da Meta no Brasil | Sobre a Meta\" \/>\n<meta property=\"og:description\" content=\"A Meta anuncia hoje que Reuters Fact Check e UOL Confere, divis\u00e3o do UOL para checagem de informa\u00e7\u00f5es, s\u00e3o os novos integrantes de seu programa de verifica\u00e7\u00e3o de fatos no Brasil, aumentando para seis o n\u00famero de parceiros da iniciativa no pa\u00eds e expandindo a capacidade de checagem de conte\u00fados postados no Facebook e no Instagram meses antes das elei\u00e7\u00f5es. Pelo programa de verifica\u00e7\u00e3o de fatos da Meta, conte\u00fados no Facebook e no Instagram marcados como falsos, alterados ou parcialmente falsos t\u00eam sua distribui\u00e7\u00e3o reduzida no feed. Os usu\u00e1rios que ainda assim visualizarem esses conte\u00fados em seus feeds, os ver\u00e3o cobertos com um r\u00f3tulo e um link direcionando para a verifica\u00e7\u00e3o de fatos. Al\u00e9m disso, se tentarem compartilhar o conte\u00fado em sua timeline, os usu\u00e1rios receber\u00e3o um alerta de que se trata de um conte\u00fado n\u00e3o confi\u00e1vel. P\u00e1ginas, Grupos, contas e websites que repetidamente compartilham not\u00edcias falsas tamb\u00e9m passam por restri\u00e7\u00f5es, incluindo a redu\u00e7\u00e3o do alcance de todo o seu conte\u00fado. &#8220;A chegada da Reuters Fact Check e do UOL Confere ao nosso programa de verifica\u00e7\u00e3o de fatos no Brasil refor\u00e7a nosso compromisso em combater a desinforma\u00e7\u00e3o e acontece em um momento importante, alguns meses antes das elei\u00e7\u00f5es, quando sabemos que \u00e9 ainda mais importante o combate a not\u00edcias falsas para assegurar a integridade do processo democr\u00e1tico&#8221;, diz a gerente de Parcerias Estrat\u00e9gicas da Meta com Ve\u00edculos de Not\u00edcias na Am\u00e9rica Latina Dulce Ramos. A Reuters Fact Check e o UOL Confere ter\u00e3o acesso a conte\u00fados no Facebook e no Instagram como posts para not\u00edcias, fotos e v\u00eddeos denunciados como falsos pela comunidade ou identificados a partir de uma s\u00e9rie de sinais, para analisar sua veracidade. No Brasil, Ag\u00eancia Lupa, Aos Fatos, Agence France Presse (AFP) e Estad\u00e3o Verifica tamb\u00e9m s\u00e3o parceiros do programa de verifica\u00e7\u00e3o da Meta, que foi lan\u00e7ado no pa\u00eds em maio de 2018. \u201cA dissemina\u00e7\u00e3o de desinforma\u00e7\u00e3o \u00e9 um desafio cr\u00edtico em todo o mundo, particularmente no contexto de elei\u00e7\u00f5es. A Reuters est\u00e1 comprometida em fornecer not\u00edcias imparciais e baseadas em fatos, e combater a desinforma\u00e7\u00e3o \u00e9 parte dessa miss\u00e3o. Expandir nossa parceria de checagem com a Meta no Brasil nos permitir\u00e1 entregar informa\u00e7\u00e3o precisa e verificada para ajudar as pessoas a tomarem decis\u00f5es melhores nesta elei\u00e7\u00e3o&#8221;, afirma a editora de checagem de fatos da Reuters, Christina Anagnostopoulos. \u201cA parceria com a Meta \u00e9 muito importante dentro de nossa estrat\u00e9gia de aumentar o volume de checagens de not\u00edcias. \u00c9 uma medida que considero fundamental para, ao mesmo tempo, minimizar o impacto da desinforma\u00e7\u00e3o e alertar o p\u00fablico a n\u00e3o acreditar em tudo o que recebe, l\u00ea ou v\u00ea\u201d, diz o diretor de conte\u00fado do UOL, Murilo Garavello. O programa de verifica\u00e7\u00e3o de fatos da Meta faz parte de uma ampla estrat\u00e9gia da empresa para combater a desinforma\u00e7\u00e3o baseada em tr\u00eas pilares: remover contas e postagens que violam as regras de conte\u00fado, o que chamamos de Padr\u00f5es da Comunidade; reduzir o alcance de conte\u00fados de baixa qualidade; e informar as pessoas, dando mais contexto sobre o que veem, para que possam tomar decis\u00f5es mais conscientes sobre o consumo e o compartilhamento de conte\u00fados. Reuters Fact Check e UOL Confere fazem parte da rede global de organiza\u00e7\u00f5es de checagem certificadas e auditadas pela entidade apartid\u00e1ria International Fact-Checking Network \u2013 Poynter. Em todos os pa\u00edses em que a Meta tem a ferramenta de verifica\u00e7\u00e3o de fatos, a empresa trabalha com membros da IFCN, cujo selo garante que os verificadores est\u00e3o comprometidos com a imparcialidade e a transpar\u00eancia de suas fontes de informa\u00e7\u00e3o e metodologia de checagem (saiba mais aqui). O programa de verifica\u00e7\u00e3o de fatos da Meta foi lan\u00e7ado em 2016 nos Estados Unidos. Desde ent\u00e3o, foi expandindo para dezenas de pa\u00edses e atualmente inclui mais de 80 parceiros em todo o mundo checando conte\u00fado em mais de 60 idiomas.\" \/>\n<meta property=\"og:url\" content=\"https:\/\/about.fb.com\/br\/news\/2022\/06\/reuters-e-uol-confere-sao-novos-parceiros-do-programa-de-checagem-de-fatos-da-meta-no-brasil\/\" \/>\n<meta property=\"og:site_name\" content=\"Sobre a Meta\" \/>\n<meta property=\"article:published_time\" content=\"2022-06-30T14:00:21+00:00\" \/>\n<meta property=\"article:modified_time\" content=\"2022-06-30T14:00:42+00:00\" \/>\n<meta property=\"og:image\" content=\"https:\/\/about.fb.com\/br\/wp-content\/uploads\/sites\/11\/2021\/10\/meta-social-16x9-1.jpg?resize=1024,576\" \/>\n\t<meta property=\"og:image:width\" content=\"1024\" \/>\n\t<meta property=\"og:image:height\" content=\"576\" \/>\n\t<meta property=\"og:image:type\" content=\"image\/jpeg\" \/>\n<meta name=\"author\" content=\"facebookbr\" \/>\n<meta name=\"twitter:card\" content=\"summary_large_image\" \/>\n<meta name=\"twitter:label1\" content=\"Written by\" \/>\n\t<meta name=\"twitter:data1\" content=\"Meta\" \/>\n\t<meta name=\"twitter:label2\" content=\"Est. reading time\" \/>\n\t<meta name=\"twitter:data2\" content=\"3 minutos\" \/>\n<script type=\"application\/ld+json\" class=\"yoast-schema-graph\">{\"@context\":\"https:\/\/schema.org\",\"@graph\":[{\"@type\":\"Article\",\"@id\":\"https:\/\/about.fb.com\/br\/news\/2022\/06\/reuters-e-uol-confere-sao-novos-parceiros-do-programa-de-checagem-de-fatos-da-meta-no-brasil\/#article\",\"isPartOf\":{\"@id\":\"https:\/\/about.fb.com\/br\/news\/2022\/06\/reuters-e-uol-confere-sao-novos-parceiros-do-programa-de-checagem-de-fatos-da-meta-no-brasil\/\"},\"author\":\"Facebook company\",\"headline\":\"Reuters e UOL Confere s\u00e3o novos parceiros do programa de checagem de fatos da Meta no Brasil\",\"datePublished\":\"2022-06-30T14:00:21+00:00\",\"dateModified\":\"2022-06-30T14:00:42+00:00\",\"mainEntityOfPage\":{\"@id\":\"https:\/\/about.fb.com\/br\/news\/2022\/06\/reuters-e-uol-confere-sao-novos-parceiros-do-programa-de-checagem-de-fatos-da-meta-no-brasil\/\"},\"wordCount\":728,\"publisher\":{\"@id\":\"https:\/\/about.fb.com\/br\/#organization\"},\"articleSection\":[\"Combatendo Desinforma\u00e7\u00e3o\",\"Dados e Privacidade\",\"Meta\",\"Recent News\",\"Tecnologia e Inova\u00e7\u00e3o\"],\"inLanguage\":\"pt-BR\"},{\"@type\":\"WebPage\",\"@id\":\"https:\/\/about.fb.com\/br\/news\/2022\/06\/reuters-e-uol-confere-sao-novos-parceiros-do-programa-de-checagem-de-fatos-da-meta-no-brasil\/\",\"url\":\"https:\/\/about.fb.com\/br\/news\/2022\/06\/reuters-e-uol-confere-sao-novos-parceiros-do-programa-de-checagem-de-fatos-da-meta-no-brasil\/\",\"name\":\"Reuters e UOL Confere s\u00e3o novos parceiros do programa de checagem de fatos da Meta no Brasil | Sobre a Meta\",\"isPartOf\":{\"@id\":\"https:\/\/about.fb.com\/br\/#website\"},\"datePublished\":\"2022-06-30T14:00:21+00:00\",\"dateModified\":\"2022-06-30T14:00:42+00:00\",\"breadcrumb\":{\"@id\":\"https:\/\/about.fb.com\/br\/news\/2022\/06\/reuters-e-uol-confere-sao-novos-parceiros-do-programa-de-checagem-de-fatos-da-meta-no-brasil\/#breadcrumb\"},\"inLanguage\":\"pt-BR\",\"potentialAction\":[{\"@type\":\"ReadAction\",\"target\":[\"https:\/\/about.fb.com\/br\/news\/2022\/06\/reuters-e-uol-confere-sao-novos-parceiros-do-programa-de-checagem-de-fatos-da-meta-no-brasil\/\"]}],\"author\":\"Sobre a Meta\"},{\"@type\":\"BreadcrumbList\",\"@id\":\"https:\/\/about.fb.com\/br\/news\/2022\/06\/reuters-e-uol-confere-sao-novos-parceiros-do-programa-de-checagem-de-fatos-da-meta-no-brasil\/#breadcrumb\",\"itemListElement\":[{\"@type\":\"ListItem\",\"position\":1,\"name\":\"Home\",\"item\":\"https:\/\/about.fb.com\/br\/\"},{\"@type\":\"ListItem\",\"position\":2,\"name\":\"Reuters e UOL Confere s\u00e3o novos parceiros do programa de checagem de fatos da Meta no Brasil\"}]},{\"@type\":\"WebSite\",\"@id\":\"https:\/\/about.fb.com\/br\/#website\",\"url\":\"https:\/\/about.fb.com\/news\/\",\"name\":\"Sobre a Meta\",\"description\":\"\",\"publisher\":{\"@id\":\"https:\/\/about.fb.com\/br\/#organization\"},\"potentialAction\":[{\"@type\":\"SearchAction\",\"target\":{\"@type\":\"EntryPoint\",\"urlTemplate\":\"https:\/\/about.fb.com\/br\/?s={search_term_string}\"},\"query-input\":{\"@type\":\"PropertyValueSpecification\",\"valueRequired\":true,\"valueName\":\"search_term_string\"}}],\"inLanguage\":\"pt-BR\",\"alternateName\":[\"Meta Newsroom\",\"Meta\"]},{\"@type\":\"Organization\",\"@id\":\"https:\/\/about.fb.com\/br\/#organization\",\"name\":\"Meta\",\"url\":\"https:\/\/about.fb.com\/br\/\",\"logo\":{\"@type\":\"ImageObject\",\"inLanguage\":\"pt-BR\",\"@id\":\"https:\/\/about.fb.com\/br\/#\/schema\/logo\/image\/\",\"url\":\"https:\/\/about.fb.com\/br\/wp-content\/uploads\/sites\/11\/2021\/10\/meta-social-16x9-1.jpg?fit=8000%2C4500\",\"contentUrl\":\"https:\/\/about.fb.com\/br\/wp-content\/uploads\/sites\/11\/2021\/10\/meta-social-16x9-1.jpg?fit=8000%2C4500\",\"width\":8000,\"height\":4500,\"caption\":\"Meta\"},\"image\":{\"@id\":\"https:\/\/about.fb.com\/br\/#\/schema\/logo\/image\/\"}}]}<\/script>\n<!-- \/ Yoast SEO plugin. -->","yoast_head_json":{"title":"Reuters e UOL Confere s\u00e3o novos parceiros do programa de checagem de fatos da Meta no Brasil | Sobre a Meta","robots":{"index":"index","follow":"follow","max-snippet":"max-snippet:-1","max-image-preview":"max-image-preview:large","max-video-preview":"max-video-preview:-1"},"canonical":"https:\/\/about.fb.com\/br\/news\/2022\/06\/reuters-e-uol-confere-sao-novos-parceiros-do-programa-de-checagem-de-fatos-da-meta-no-brasil\/","og_locale":"pt_BR","og_type":"article","og_title":"Reuters e UOL Confere s\u00e3o novos parceiros do programa de checagem de fatos da Meta no Brasil | Sobre a Meta","og_description":"A Meta anuncia hoje que Reuters Fact Check e UOL Confere, divis\u00e3o do UOL para checagem de informa\u00e7\u00f5es, s\u00e3o os novos integrantes de seu programa de verifica\u00e7\u00e3o de fatos no Brasil, aumentando para seis o n\u00famero de parceiros da iniciativa no pa\u00eds e expandindo a capacidade de checagem de conte\u00fados postados no Facebook e no Instagram meses antes das elei\u00e7\u00f5es. Pelo programa de verifica\u00e7\u00e3o de fatos da Meta, conte\u00fados no Facebook e no Instagram marcados como falsos, alterados ou parcialmente falsos t\u00eam sua distribui\u00e7\u00e3o reduzida no feed. Os usu\u00e1rios que ainda assim visualizarem esses conte\u00fados em seus feeds, os ver\u00e3o cobertos com um r\u00f3tulo e um link direcionando para a verifica\u00e7\u00e3o de fatos. Al\u00e9m disso, se tentarem compartilhar o conte\u00fado em sua timeline, os usu\u00e1rios receber\u00e3o um alerta de que se trata de um conte\u00fado n\u00e3o confi\u00e1vel. P\u00e1ginas, Grupos, contas e websites que repetidamente compartilham not\u00edcias falsas tamb\u00e9m passam por restri\u00e7\u00f5es, incluindo a redu\u00e7\u00e3o do alcance de todo o seu conte\u00fado. &#8220;A chegada da Reuters Fact Check e do UOL Confere ao nosso programa de verifica\u00e7\u00e3o de fatos no Brasil refor\u00e7a nosso compromisso em combater a desinforma\u00e7\u00e3o e acontece em um momento importante, alguns meses antes das elei\u00e7\u00f5es, quando sabemos que \u00e9 ainda mais importante o combate a not\u00edcias falsas para assegurar a integridade do processo democr\u00e1tico&#8221;, diz a gerente de Parcerias Estrat\u00e9gicas da Meta com Ve\u00edculos de Not\u00edcias na Am\u00e9rica Latina Dulce Ramos. A Reuters Fact Check e o UOL Confere ter\u00e3o acesso a conte\u00fados no Facebook e no Instagram como posts para not\u00edcias, fotos e v\u00eddeos denunciados como falsos pela comunidade ou identificados a partir de uma s\u00e9rie de sinais, para analisar sua veracidade. No Brasil, Ag\u00eancia Lupa, Aos Fatos, Agence France Presse (AFP) e Estad\u00e3o Verifica tamb\u00e9m s\u00e3o parceiros do programa de verifica\u00e7\u00e3o da Meta, que foi lan\u00e7ado no pa\u00eds em maio de 2018. \u201cA dissemina\u00e7\u00e3o de desinforma\u00e7\u00e3o \u00e9 um desafio cr\u00edtico em todo o mundo, particularmente no contexto de elei\u00e7\u00f5es. A Reuters est\u00e1 comprometida em fornecer not\u00edcias imparciais e baseadas em fatos, e combater a desinforma\u00e7\u00e3o \u00e9 parte dessa miss\u00e3o. Expandir nossa parceria de checagem com a Meta no Brasil nos permitir\u00e1 entregar informa\u00e7\u00e3o precisa e verificada para ajudar as pessoas a tomarem decis\u00f5es melhores nesta elei\u00e7\u00e3o&#8221;, afirma a editora de checagem de fatos da Reuters, Christina Anagnostopoulos. \u201cA parceria com a Meta \u00e9 muito importante dentro de nossa estrat\u00e9gia de aumentar o volume de checagens de not\u00edcias. \u00c9 uma medida que considero fundamental para, ao mesmo tempo, minimizar o impacto da desinforma\u00e7\u00e3o e alertar o p\u00fablico a n\u00e3o acreditar em tudo o que recebe, l\u00ea ou v\u00ea\u201d, diz o diretor de conte\u00fado do UOL, Murilo Garavello. O programa de verifica\u00e7\u00e3o de fatos da Meta faz parte de uma ampla estrat\u00e9gia da empresa para combater a desinforma\u00e7\u00e3o baseada em tr\u00eas pilares: remover contas e postagens que violam as regras de conte\u00fado, o que chamamos de Padr\u00f5es da Comunidade; reduzir o alcance de conte\u00fados de baixa qualidade; e informar as pessoas, dando mais contexto sobre o que veem, para que possam tomar decis\u00f5es mais conscientes sobre o consumo e o compartilhamento de conte\u00fados. Reuters Fact Check e UOL Confere fazem parte da rede global de organiza\u00e7\u00f5es de checagem certificadas e auditadas pela entidade apartid\u00e1ria International Fact-Checking Network \u2013 Poynter. Em todos os pa\u00edses em que a Meta tem a ferramenta de verifica\u00e7\u00e3o de fatos, a empresa trabalha com membros da IFCN, cujo selo garante que os verificadores est\u00e3o comprometidos com a imparcialidade e a transpar\u00eancia de suas fontes de informa\u00e7\u00e3o e metodologia de checagem (saiba mais aqui). O programa de verifica\u00e7\u00e3o de fatos da Meta foi lan\u00e7ado em 2016 nos Estados Unidos. Desde ent\u00e3o, foi expandindo para dezenas de pa\u00edses e atualmente inclui mais de 80 parceiros em todo o mundo checando conte\u00fado em mais de 60 idiomas.","og_url":"https:\/\/about.fb.com\/br\/news\/2022\/06\/reuters-e-uol-confere-sao-novos-parceiros-do-programa-de-checagem-de-fatos-da-meta-no-brasil\/","og_site_name":"Sobre a Meta","article_published_time":"2022-06-30T14:00:21+00:00","article_modified_time":"2022-06-30T14:00:42+00:00","og_image":[{"width":1024,"height":576,"url":"https:\/\/about.fb.com\/br\/wp-content\/uploads\/sites\/11\/2021\/10\/meta-social-16x9-1.jpg?resize=1024,576","type":"image\/jpeg"}],"author":"facebookbr","twitter_card":"summary_large_image","twitter_misc":{"Written by":"Meta","Est. reading time":"3 minutos"},"schema":{"@context":"https:\/\/schema.org","@graph":[{"@type":"Article","@id":"https:\/\/about.fb.com\/br\/news\/2022\/06\/reuters-e-uol-confere-sao-novos-parceiros-do-programa-de-checagem-de-fatos-da-meta-no-brasil\/#article","isPartOf":{"@id":"https:\/\/about.fb.com\/br\/news\/2022\/06\/reuters-e-uol-confere-sao-novos-parceiros-do-programa-de-checagem-de-fatos-da-meta-no-brasil\/"},"author":"Facebook company","headline":"Reuters e UOL Confere s\u00e3o novos parceiros do programa de checagem de fatos da Meta no Brasil","datePublished":"2022-06-30T14:00:21+00:00","dateModified":"2022-06-30T14:00:42+00:00","mainEntityOfPage":{"@id":"https:\/\/about.fb.com\/br\/news\/2022\/06\/reuters-e-uol-confere-sao-novos-parceiros-do-programa-de-checagem-de-fatos-da-meta-no-brasil\/"},"wordCount":728,"publisher":{"@id":"https:\/\/about.fb.com\/br\/#organization"},"articleSection":["Combatendo Desinforma\u00e7\u00e3o","Dados e Privacidade","Meta","Recent News","Tecnologia e Inova\u00e7\u00e3o"],"inLanguage":"pt-BR"},{"@type":"WebPage","@id":"https:\/\/about.fb.com\/br\/news\/2022\/06\/reuters-e-uol-confere-sao-novos-parceiros-do-programa-de-checagem-de-fatos-da-meta-no-brasil\/","url":"https:\/\/about.fb.com\/br\/news\/2022\/06\/reuters-e-uol-confere-sao-novos-parceiros-do-programa-de-checagem-de-fatos-da-meta-no-brasil\/","name":"Reuters e UOL Confere s\u00e3o novos parceiros do programa de checagem de fatos da Meta no Brasil | Sobre a Meta","isPartOf":{"@id":"https:\/\/about.fb.com\/br\/#website"},"datePublished":"2022-06-30T14:00:21+00:00","dateModified":"2022-06-30T14:00:42+00:00","breadcrumb":{"@id":"https:\/\/about.fb.com\/br\/news\/2022\/06\/reuters-e-uol-confere-sao-novos-parceiros-do-programa-de-checagem-de-fatos-da-meta-no-brasil\/#breadcrumb"},"inLanguage":"pt-BR","potentialAction":[{"@type":"ReadAction","target":["https:\/\/about.fb.com\/br\/news\/2022\/06\/reuters-e-uol-confere-sao-novos-parceiros-do-programa-de-checagem-de-fatos-da-meta-no-brasil\/"]}],"author":"Sobre a Meta"},{"@type":"BreadcrumbList","@id":"https:\/\/about.fb.com\/br\/news\/2022\/06\/reuters-e-uol-confere-sao-novos-parceiros-do-programa-de-checagem-de-fatos-da-meta-no-brasil\/#breadcrumb","itemListElement":[{"@type":"ListItem","position":1,"name":"Home","item":"https:\/\/about.fb.com\/br\/"},{"@type":"ListItem","position":2,"name":"Reuters e UOL Confere s\u00e3o novos parceiros do programa de checagem de fatos da Meta no Brasil"}]},{"@type":"WebSite","@id":"https:\/\/about.fb.com\/br\/#website","url":"https:\/\/about.fb.com\/news\/","name":"Sobre a Meta","description":"","publisher":{"@id":"https:\/\/about.fb.com\/br\/#organization"},"potentialAction":[{"@type":"SearchAction","target":{"@type":"EntryPoint","urlTemplate":"https:\/\/about.fb.com\/br\/?s={search_term_string}"},"query-input":{"@type":"PropertyValueSpecification","valueRequired":true,"valueName":"search_term_string"}}],"inLanguage":"pt-BR","alternateName":["Meta Newsroom","Meta"]},{"@type":"Organization","@id":"https:\/\/about.fb.com\/br\/#organization","name":"Meta","url":"https:\/\/about.fb.com\/br\/","logo":{"@type":"ImageObject","inLanguage":"pt-BR","@id":"https:\/\/about.fb.com\/br\/#\/schema\/logo\/image\/","url":"https:\/\/about.fb.com\/br\/wp-content\/uploads\/sites\/11\/2021\/10\/meta-social-16x9-1.jpg?fit=8000%2C4500","contentUrl":"https:\/\/about.fb.com\/br\/wp-content\/uploads\/sites\/11\/2021\/10\/meta-social-16x9-1.jpg?fit=8000%2C4500","width":8000,"height":4500,"caption":"Meta"},"image":{"@id":"https:\/\/about.fb.com\/br\/#\/schema\/logo\/image\/"}}]}},"jetpack_featured_media_url":"","jetpack-related-posts":[{"id":26214,"url":"https:\/\/about.fb.com\/br\/news\/2025\/03\/26214\/","url_meta":{"origin":24071,"position":0},"title":"Iniciando os testes para Notas da Comunidade no Facebook, Instagram e Threads","author":"Meta","date":"13\/03\/2025","format":false,"excerpt":"Em janeiro, a Meta anunciou que encerrar\u00e1 o programa com organiza\u00e7\u00f5es independentes de verifica\u00e7\u00e3o de fatos e passar\u00e1 a adotar um sistema de Notas da Comunidade baseado em colabora\u00e7\u00e3o coletiva, come\u00e7ando nos Estados Unidos. A partir de 18 de mar\u00e7o, vamos come\u00e7ar a testar essa nova abordagem, permitindo que os\u2026","rel":"","context":"In &quot;Recent News&quot;","block_context":{"text":"Recent News","link":"https:\/\/about.fb.com\/br\/news\/category\/recent-news\/"},"img":{"alt_text":"","src":"https:\/\/about.fb.com\/br\/wp-content\/uploads\/sites\/11\/2025\/03\/03_Rating_Carousel-030.jpg?resize=350%2C200","width":350,"height":200,"srcset":"https:\/\/about.fb.com\/br\/wp-content\/uploads\/sites\/11\/2025\/03\/03_Rating_Carousel-030.jpg?resize=350%2C200 1x, https:\/\/about.fb.com\/br\/wp-content\/uploads\/sites\/11\/2025\/03\/03_Rating_Carousel-030.jpg?resize=525%2C300 1.5x, https:\/\/about.fb.com\/br\/wp-content\/uploads\/sites\/11\/2025\/03\/03_Rating_Carousel-030.jpg?resize=700%2C400 2x, https:\/\/about.fb.com\/br\/wp-content\/uploads\/sites\/11\/2025\/03\/03_Rating_Carousel-030.jpg?resize=1050%2C600 3x, https:\/\/about.fb.com\/br\/wp-content\/uploads\/sites\/11\/2025\/03\/03_Rating_Carousel-030.jpg?resize=1400%2C800 4x"},"classes":[]},{"id":26121,"url":"https:\/\/about.fb.com\/br\/news\/2025\/01\/construindo-um-assistente-mais-inteligente-e-personalizado\/","url_meta":{"origin":24071,"position":1},"title":"Construindo um assistente mais inteligente e personalizado","author":"Meta","date":"30\/01\/2025","format":false,"excerpt":"\u00c0 medida que a Meta AI est\u00e1 no caminho para se tornar o assistente de IA mais usado, nossa vis\u00e3o \u00e9 transform\u00e1-la em uma das experi\u00eancias de intelig\u00eancia artificial mais personalizadas j\u00e1 criadas. Uma das \u00e1reas em que estamos come\u00e7ando a focar s\u00e3o novos recursos que oferecem informa\u00e7\u00f5es e recomenda\u00e7\u00f5es\u2026","rel":"","context":"In &quot;Meta&quot;","block_context":{"text":"Meta","link":"https:\/\/about.fb.com\/br\/news\/category\/temas-home\/meta\/"},"img":{"alt_text":"","src":"https:\/\/about.fb.com\/br\/wp-content\/uploads\/sites\/11\/2025\/01\/Meta-AI-Personalization-Intro_Header.jpg?fit=1920%2C1080&resize=350%2C200","width":350,"height":200,"srcset":"https:\/\/about.fb.com\/br\/wp-content\/uploads\/sites\/11\/2025\/01\/Meta-AI-Personalization-Intro_Header.jpg?fit=1920%2C1080&resize=350%2C200 1x, https:\/\/about.fb.com\/br\/wp-content\/uploads\/sites\/11\/2025\/01\/Meta-AI-Personalization-Intro_Header.jpg?fit=1920%2C1080&resize=525%2C300 1.5x, https:\/\/about.fb.com\/br\/wp-content\/uploads\/sites\/11\/2025\/01\/Meta-AI-Personalization-Intro_Header.jpg?fit=1920%2C1080&resize=700%2C400 2x, https:\/\/about.fb.com\/br\/wp-content\/uploads\/sites\/11\/2025\/01\/Meta-AI-Personalization-Intro_Header.jpg?fit=1920%2C1080&resize=1050%2C600 3x, https:\/\/about.fb.com\/br\/wp-content\/uploads\/sites\/11\/2025\/01\/Meta-AI-Personalization-Intro_Header.jpg?fit=1920%2C1080&resize=1400%2C800 4x"},"classes":[]},{"id":26380,"url":"https:\/\/about.fb.com\/br\/news\/2025\/05\/protecao-contra-golpes-de-investimento-e-pagamento-on-line\/","url_meta":{"origin":24071,"position":2},"title":"Prote\u00e7\u00e3o contra golpes de investimento e pagamento on-line","author":"Meta","date":"07\/05\/2025","format":false,"excerpt":"Geralmente, golpistas tentam tirar vantagem de eventos e cen\u00e1rios atuais para aplicar golpes relacionados a investimentos e pagamentos. Eles se aproveitam de temores de recess\u00e3o, mudan\u00e7as no com\u00e9rcio global, volatilidade do mercado de a\u00e7\u00f5es ou novos comportamentos em rela\u00e7\u00e3o a criptomoedas para buscar seus alvos. Esses golpes s\u00e3o projetados para\u2026","rel":"","context":"In &quot;Recent News&quot;","block_context":{"text":"Recent News","link":"https:\/\/about.fb.com\/br\/news\/category\/recent-news\/"},"img":{"alt_text":"","src":"https:\/\/about.fb.com\/br\/wp-content\/uploads\/sites\/11\/2025\/05\/WhatsApp-Image-2025-05-06-at-17.56.41.jpeg?resize=350%2C200","width":350,"height":200,"srcset":"https:\/\/about.fb.com\/br\/wp-content\/uploads\/sites\/11\/2025\/05\/WhatsApp-Image-2025-05-06-at-17.56.41.jpeg?resize=350%2C200 1x, https:\/\/about.fb.com\/br\/wp-content\/uploads\/sites\/11\/2025\/05\/WhatsApp-Image-2025-05-06-at-17.56.41.jpeg?resize=525%2C300 1.5x, https:\/\/about.fb.com\/br\/wp-content\/uploads\/sites\/11\/2025\/05\/WhatsApp-Image-2025-05-06-at-17.56.41.jpeg?resize=700%2C400 2x, https:\/\/about.fb.com\/br\/wp-content\/uploads\/sites\/11\/2025\/05\/WhatsApp-Image-2025-05-06-at-17.56.41.jpeg?resize=1050%2C600 3x, https:\/\/about.fb.com\/br\/wp-content\/uploads\/sites\/11\/2025\/05\/WhatsApp-Image-2025-05-06-at-17.56.41.jpeg?resize=1400%2C800 4x"},"classes":[]},{"id":26927,"url":"https:\/\/about.fb.com\/br\/news\/2026\/01\/anuncios-no-threads-um-ano-depois-agora-alcancando-todos-os-usuarios-e-mercados-globalmente\/","url_meta":{"origin":24071,"position":3},"title":"An\u00fancios no Threads: um ano depois \u2013 agora alcan\u00e7ando todos os usu\u00e1rios e mercados globalmente","author":"Meta","date":"21\/01\/2026","format":false,"excerpt":"Dois anos ap\u00f3s seu lan\u00e7amento, o Threads deixou de ser apenas um novo aplicativo social para se tornar uma plataforma de conversas em r\u00e1pida expans\u00e3o, com comunidades e vozes pr\u00f3prias. Com mais de 400 milh\u00f5es de usu\u00e1rios ativos mensais, o Threads est\u00e1 se consolidando como um dos principais espa\u00e7os para\u2026","rel":"","context":"In &quot;Recent News&quot;","block_context":{"text":"Recent News","link":"https:\/\/about.fb.com\/br\/news\/category\/recent-news\/"},"img":{"alt_text":"","src":"https:\/\/about.fb.com\/br\/wp-content\/uploads\/sites\/11\/2026\/01\/download.gif?fit=640%2C360&resize=350%2C200","width":350,"height":200,"srcset":"https:\/\/about.fb.com\/br\/wp-content\/uploads\/sites\/11\/2026\/01\/download.gif?fit=640%2C360&resize=350%2C200 1x, https:\/\/about.fb.com\/br\/wp-content\/uploads\/sites\/11\/2026\/01\/download.gif?fit=640%2C360&resize=525%2C300 1.5x"},"classes":[]},{"id":26084,"url":"https:\/\/about.fb.com\/br\/news\/2025\/01\/mais-expressao-e-menos-erros\/","url_meta":{"origin":24071,"position":4},"title":"Mais express\u00e3o e menos erros","author":"Meta","date":"07\/01\/2025","format":false,"excerpt":"As plataformas da Meta s\u00e3o constru\u00eddas para serem lugares em que as pessoas podem se expressar livremente. Isso pode ser um pouco ca\u00f3tico. Em plataformas nas quais bilh\u00f5es de pessoas podem ter voz, tudo o que \u00e9 bom, ruim e feio est\u00e1 exposto. Mas isso \u00e9 a livre express\u00e3o.\u00a0 Em\u2026","rel":"","context":"In &quot;Recent News&quot;","block_context":{"text":"Recent News","link":"https:\/\/about.fb.com\/br\/news\/category\/recent-news\/"},"img":{"alt_text":"","src":"","width":0,"height":0},"classes":[]},{"id":26869,"url":"https:\/\/about.fb.com\/br\/news\/2025\/12\/novas-ferramentas-com-ia-para-escalar-parcerias-entre-criadores-e-marcas\/","url_meta":{"origin":24071,"position":5},"title":"Novas ferramentas com IA para escalar parcerias entre criadores e marcas","author":"Meta","date":"11\/12\/2025","format":false,"excerpt":"[Atualizado em 30 de janeiro de 2026] Estamos compartilhando atualiza\u00e7\u00f5es adicionais que facilitam para as marcas descobrirem, avaliarem e se conectarem com criadores para campanhas de an\u00fancios em parceria usando o Marketplace de Criadores do Instagram. Expandindo o Marketplace de Criadores para empresas globalmente: A partir de hoje, estamos ampliando\u2026","rel":"","context":"In &quot;Meta&quot;","block_context":{"text":"Meta","link":"https:\/\/about.fb.com\/br\/news\/category\/temas-home\/meta\/"},"img":{"alt_text":"","src":"https:\/\/about.fb.com\/br\/wp-content\/uploads\/sites\/11\/2025\/07\/Logo-Meta-1.jpg?fit=633%2C356&resize=350%2C200","width":350,"height":200,"srcset":"https:\/\/about.fb.com\/br\/wp-content\/uploads\/sites\/11\/2025\/07\/Logo-Meta-1.jpg?fit=633%2C356&resize=350%2C200 1x, https:\/\/about.fb.com\/br\/wp-content\/uploads\/sites\/11\/2025\/07\/Logo-Meta-1.jpg?fit=633%2C356&resize=525%2C300 1.5x"},"classes":[]}],"jetpack_sharing_enabled":true,"amp_enabled":true,"_links":{"self":[{"href":"https:\/\/about.fb.com\/br\/wp-json\/wp\/v2\/posts\/24071","targetHints":{"allow":["GET"]}}],"collection":[{"href":"https:\/\/about.fb.com\/br\/wp-json\/wp\/v2\/posts"}],"about":[{"href":"https:\/\/about.fb.com\/br\/wp-json\/wp\/v2\/types\/post"}],"author":[{"embeddable":true,"href":"https:\/\/about.fb.com\/br\/wp-json\/wp\/v2\/users\/81109636"}],"replies":[{"embeddable":true,"href":"https:\/\/about.fb.com\/br\/wp-json\/wp\/v2\/comments?post=24071"}],"version-history":[{"count":1,"href":"https:\/\/about.fb.com\/br\/wp-json\/wp\/v2\/posts\/24071\/revisions"}],"predecessor-version":[{"id":24072,"href":"https:\/\/about.fb.com\/br\/wp-json\/wp\/v2\/posts\/24071\/revisions\/24072"}],"wp:attachment":[{"href":"https:\/\/about.fb.com\/br\/wp-json\/wp\/v2\/media?parent=24071"}],"wp:term":[{"taxonomy":"category","embeddable":true,"href":"https:\/\/about.fb.com\/br\/wp-json\/wp\/v2\/categories?post=24071"},{"taxonomy":"post_tag","embeddable":true,"href":"https:\/\/about.fb.com\/br\/wp-json\/wp\/v2\/tags?post=24071"}],"curies":[{"name":"wp","href":"https:\/\/api.w.org\/{rel}","templated":true}]}}