{"id":23609,"date":"2022-01-28T17:06:13","date_gmt":"2022-01-28T20:06:13","guid":{"rendered":"https:\/\/about.fb.com\/br\/?p=23609"},"modified":"2022-03-09T18:28:06","modified_gmt":"2022-03-09T21:28:06","slug":"relembrando-nossos-esforcos-de-privacidade-no-dia-da-privacidade-de-dados","status":"publish","type":"post","link":"https:\/\/about.fb.com\/br\/news\/2022\/01\/relembrando-nossos-esforcos-de-privacidade-no-dia-da-privacidade-de-dados\/","title":{"rendered":"Relembrando nossos esfor\u00e7os no Dia da Privacidade de Dados"},"content":{"rendered":"<ul>\n<li>\n<p dir=\"ltr\" role=\"presentation\"><strong>Estamos celebrando o Dia da Privacidade de Dados com o lan\u00e7amento de <a href=\"https:\/\/about.fb.com\/br\/news\/2022\/01\/se-expresse-nos-bate-papos-criptografados-de-ponta-a-ponta-do-messenger\/\">atualiza\u00e7\u00f5es de criptografia no Messenger<\/a> e fazendo novos investimentos em <a href=\"https:\/\/www.facebook.com\/MetaIreland\/posts\/10159936882278011\">pesquisas sobre privacidade.<\/a><\/strong><\/p>\n<\/li>\n<li>\n<p dir=\"ltr\" role=\"presentation\"><strong>Estamos relembrando, ainda, alguns progressos que realizamos no ano passado para incorporar a privacidade em todas as vertentes da nossa empresa. De atualiza\u00e7\u00f5es no\u00a0 uso da nossa tecnologia de reconhecimento facial at\u00e9 mensagens tempor\u00e1rias no WhatsApp, 2021 foi um ano importante para a Meta em termos de privacidade.<\/strong><\/p>\n<\/li>\n<li>\n<p dir=\"ltr\" role=\"presentation\"><strong>Vamos construir em cima desta base e continuaremos defendendo regula\u00e7\u00f5es de privacidade atualizadas ao redor do mundo.<\/strong><\/p>\n<\/li>\n<\/ul>\n<p dir=\"ltr\">Come\u00e7amos 2022 comemorando o Dia da Privacidade de Dados, uma celebra\u00e7\u00e3o que tem o objetivo de\u00a0 aumentar a conscientiza\u00e7\u00e3o das pessoas sobre a import\u00e2ncia da privacidade. Abaixo, compartilhamos alguns dos progressos que fizemos no \u00faltimo ano e os novos investimentos para melhorar nossas tecnologias e as pr\u00e1ticas de privacidade.<\/p>\n<ul>\n<li>\n<p dir=\"ltr\" role=\"presentation\"><strong>Lan\u00e7amos a nossa primeira Atualiza\u00e7\u00e3o do Progresso em Privacidade:<\/strong> Em abril, lan\u00e7amos uma an\u00e1lise detalhada do trabalho que estamos realizando para proteger a privacidade das pessoas e dar\u00a0 maior controle para que fa\u00e7am suas pr\u00f3prias escolhas. Nossa primeira <a href=\"https:\/\/about.facebook.com\/privacy-progress?_ga=2.28330556.1823041615.1641845387-696830244.1641591269\">Atualiza\u00e7\u00e3o do Progresso em Privacidade<\/a> mostra nosso trabalho para incorporar a privacidade em todas as opera\u00e7\u00f5es da nossa empresa, os resultados alcan\u00e7ados e as solu\u00e7\u00f5es tecnol\u00f3gicas em que estamos investindo para tratar de privacidade em escala. Este trabalho \u00e9 cont\u00ednuo, e seguiremos fornecendo novas atualiza\u00e7\u00f5es.<\/p>\n<\/li>\n<li>\n<p dir=\"ltr\" role=\"presentation\"><strong>Apresentamos como estamos pensando em nossas tecnologias dedicadas aumentar a privacidade:<\/strong> N\u00f3s acreditamos que <a href=\"https:\/\/about.fb.com\/news\/2021\/08\/privacy-enhancing-technologies-and-ads\/\">tecnologias dedicadas aumentar a privacidade<\/a>, ou PETs (sigla em ingl\u00eas, Privacy-Enhancing Technologies), apoiar\u00e3o a pr\u00f3xima gera\u00e7\u00e3o da publicidade digital. Por isso, estamos investindo em um esfor\u00e7o de longo prazo com acad\u00eamicos, organiza\u00e7\u00f5es globais e desenvolvedores para criar solu\u00e7\u00f5es e melhores pr\u00e1ticas. Em agosto, falamos sobre como algumas dessas tecnologias poderiam funcionar e nossos investimentos nesta \u00e1rea.<\/p>\n<\/li>\n<li>\n<p dir=\"ltr\" role=\"presentation\"><strong>Oferecemos mais op\u00e7\u00f5es de privacidade no Whatsapp:<\/strong> Enquanto mensagens enviadas e recebidas, criptografadas de ponta a ponta, s\u00e3o armazenadas em seu dispositivo, as pessoas tamb\u00e9m querem uma forma de restaurar suas conversas na ocasi\u00e3o de perderem seus telefones. Em outubro, come\u00e7amos a implantar uma camada de seguran\u00e7a extra e opcional para proteger c\u00f3pias de mensagens criptografadas de ponta a ponta. Os <a href=\"https:\/\/blog.whatsapp.com\/end-to-end-encrypted-backups-on-whatsapp\">backups protegidos com a criptografia de ponta a ponta (E2EE)<\/a>\u00a0 est\u00e3o dispon\u00edveis apenas para voc\u00ea; nem o Whatsapp, nem o provedor de servi\u00e7o de backup conseguem ler suas mensagens salvas ou acessar a chave solicitada para destrav\u00e1-las. E, em dezembro, <a href=\"https:\/\/about.fb.com\/news\/2021\/12\/whatsapp-default-disappearing-messages-multiple-durations\/\">n\u00f3s implementamos <\/a>uma op\u00e7\u00e3o para que usu\u00e1rios do Whatsapp pudessem ativar as mensagens tempor\u00e1rias por padr\u00e3o em todas as novas conversas. Quando essa op\u00e7\u00e3o estiver habilitada, as conversas privadas iniciadas por voc\u00ea ou por outra pessoa desaparecer\u00e3o pelo per\u00edodo que voc\u00ea escolher (24 horas, 7 dias ou 90 dias) e tamb\u00e9m poder\u00e1 ser ativada em grupos que voc\u00ea criar.<\/p>\n<\/li>\n<li>\n<p dir=\"ltr\" role=\"presentation\"><strong>Compartilhamos como utilizaremos o reconhecimento facial no futuro:<\/strong> Em novembro, anunciamos que ir\u00edamos <a href=\"https:\/\/about.fb.com\/br\/news\/2021\/11\/uma-atualizacao-sobre-nosso-uso-de-reconhecimento-facial\/\">desativar o sistema de Reconhecimento Facial <\/a>no Facebook como parte de um movimento da empresa para limitar o uso do reconhecimento facial em nossos produtos. Ainda enxergamos essa tecnologia como uma ferramenta poderosa, por exemplo, para pessoas que precisam verificar sua identidade ou para evitar fraude e falsidade ideol\u00f3gica. Continuaremos nosso trabalho nesses casos espec\u00edficos, engajando com especialistas externos, e ponderando outros casos espec\u00edficos em que o reconhecimento facial pode ser \u00fatil, ainda que frente \u00e0s crescentes preocupa\u00e7\u00f5es sobre o uso dessa tecnologia.<\/p>\n<\/li>\n<li>\n<p dir=\"ltr\" role=\"presentation\"><strong>Tivemos importantes conversas sobre privacidade:\u00a0<\/strong> Em <a href=\"https:\/\/about.fb.com\/news\/2020\/12\/introducing-privacy-conversations-with-erin-egan\/\">dezembro de 2020<\/a>, lan\u00e7amos uma s\u00e9rie de v\u00eddeos com Erin Egan, nossa Chief Privacy Officer (CPO) para Pol\u00edticas P\u00fablicas. Durante o ano de 2021, Erin conduziu uma s\u00e9rie de conversas aprofundadas com alguns dos principais especialistas em privacidade do mundo, para discutir sobre temas essenciais relacionados \u00e0s pol\u00edticas de privacidade. Nestas conversas, exploramos quest\u00f5es variadas, como o futuro da legisla\u00e7\u00e3o de privacidade e como construir privacidade de usu\u00e1rios em comunidades virtuais. Tais conversas s\u00e3o importantes e continuaremos engajando com nossos stakeholders.<\/p>\n<\/li>\n<li>\n<p dir=\"ltr\" role=\"presentation\"><strong>Atualiza\u00e7\u00f5es de criptografia no Messenger:<\/strong> Anunciamos, no ano passado, novos testes em <a href=\"https:\/\/about.fb.com\/br\/news\/2022\/01\/se-expresse-nos-bate-papos-criptografados-de-ponta-a-ponta-do-messenger\/\">conversas criptografadas de ponta a ponta do Messenger<\/a> para grupos e liga\u00e7\u00f5es em v\u00eddeo ou voz. Esses recursos agora est\u00e3o totalmente implementados. Tamb\u00e9m atualizamos nossas configura\u00e7\u00f5es de mensagens tempor\u00e1rias para conversas criptografadas de ponta a ponta, e estamos inserindo uma nova notifica\u00e7\u00e3o, caso uma pessoa tire uma foto de sua mensagem tempor\u00e1ria, assim como acontece no Modo Tempor\u00e1rio.<\/p>\n<\/li>\n<li>\n<p dir=\"ltr\" role=\"presentation\"><strong>Apoiando o esfor\u00e7o de constru\u00e7\u00e3o da cultura de prote\u00e7\u00e3o de dados no Brasil:<\/strong> Em novembro de 2021, disponibilizamos em portugu\u00eas dois recursos importantes do <a href=\"https:\/\/www.ttclabs.net\/br\/visual-explainer\/designing-data-transparency-for-all\">The Trust, Transparency and Control Labs (TTC Labs)<\/a>, um esfor\u00e7o de toda a ind\u00fastria para criar solu\u00e7\u00f5es inovadoras e que coloquem as pessoas no controle de suas privacidades: um guia de design focado na transpar\u00eancia e um guia de design focado na privacidade de adolescentes. Os documentos do TTC Labs s\u00e3o o resultado de um trabalho coletivo de centenas de organiza\u00e7\u00f5es, incluindo grandes empresas globais, startups, organiza\u00e7\u00f5es civis e institui\u00e7\u00f5es acad\u00eamicas.<\/p>\n<\/li>\n<\/ul>\n<p dir=\"ltr\">Estes s\u00e3o alguns dos progressos em privacidade que tivemos no ano passado. Desde melhorias na <a href=\"https:\/\/about.instagram.com\/pt-br\/blog\/announcements\/giving-young-people-a-safer-more-private-experience\">seguran\u00e7a para jovens no Instagram<\/a>, passando por novos investimentos em pesquisas de privacidade, at\u00e9 o delineamento de como estamos <a href=\"https:\/\/about.fb.com\/br\/news\/2021\/09\/construindo-o-metaverso-com-responsabilidade\/\">construindo o metaverso com responsabilidade<\/a>, este \u00faltimo ano foi importante para a privacidade na Meta e para as pessoas que utilizam nossos aplicativos e tecnologias.<\/p>\n<p dir=\"ltr\">Temos o compromisso de evoluir nessas quest\u00f5es importantes. Desde a defesa de regula\u00e7\u00f5es de privacidade em toda a ind\u00fastria at\u00e9 a garantia da integridade do fluxo internacional de dados, ainda h\u00e1 trabalho a ser feito. Privacidade \u00e9 uma parte fundamental de tudo o que fazemos na Meta e entendemos que esse compromisso significa darmos foco a este tema e estarmos sempre \u00e0 procura de melhorias relacionadas \u00e0 privacidade.<\/p>\n","protected":false},"excerpt":{"rendered":"Estamos celebrando o Dia da Privacidade de Dados com o lan\u00e7amento de atualiza\u00e7\u00f5es de criptografia no Messenger e fazendo novos investimentos em pesquisas sobre privacidade. Estamos relembrando, ainda, alguns progressos que realizamos no ano passado para incorporar a privacidade em todas as vertentes da nossa empresa. De atualiza\u00e7\u00f5es no\u00a0 uso da nossa tecnologia de reconhecimento facial at\u00e9 mensagens tempor\u00e1rias no WhatsApp, 2021 foi um ano importante para a Meta em termos de privacidade. Vamos construir em cima desta base e continuaremos defendendo regula\u00e7\u00f5es de privacidade atualizadas ao redor do mundo. Come\u00e7amos 2022 comemorando o Dia da Privacidade de Dados, uma celebra\u00e7\u00e3o que tem o objetivo de\u00a0 aumentar a conscientiza\u00e7\u00e3o das pessoas sobre a import\u00e2ncia da privacidade. Abaixo, compartilhamos alguns dos progressos que fizemos no \u00faltimo ano e os novos investimentos para melhorar nossas tecnologias e as pr\u00e1ticas de privacidade. Lan\u00e7amos a nossa primeira Atualiza\u00e7\u00e3o do Progresso em Privacidade: Em abril, lan\u00e7amos uma an\u00e1lise detalhada do trabalho que estamos realizando para proteger a privacidade das pessoas e dar\u00a0 maior controle para que fa\u00e7am suas pr\u00f3prias escolhas. Nossa primeira Atualiza\u00e7\u00e3o do Progresso em Privacidade mostra nosso trabalho para incorporar a privacidade em todas as opera\u00e7\u00f5es da nossa empresa, os resultados alcan\u00e7ados e as solu\u00e7\u00f5es tecnol\u00f3gicas em que estamos investindo para tratar de privacidade em escala. Este trabalho \u00e9 cont\u00ednuo, e seguiremos fornecendo novas atualiza\u00e7\u00f5es. Apresentamos como estamos pensando em nossas tecnologias dedicadas aumentar a privacidade: N\u00f3s acreditamos que tecnologias dedicadas aumentar a privacidade, ou PETs (sigla em ingl\u00eas, Privacy-Enhancing Technologies), apoiar\u00e3o a pr\u00f3xima gera\u00e7\u00e3o da publicidade digital. Por isso, estamos investindo em um esfor\u00e7o de longo prazo com acad\u00eamicos, organiza\u00e7\u00f5es globais e desenvolvedores para criar solu\u00e7\u00f5es e melhores pr\u00e1ticas. Em agosto, falamos sobre como algumas dessas tecnologias poderiam funcionar e nossos investimentos nesta \u00e1rea. Oferecemos mais op\u00e7\u00f5es de privacidade no Whatsapp: Enquanto mensagens enviadas e recebidas, criptografadas de ponta a ponta, s\u00e3o armazenadas em seu dispositivo, as pessoas tamb\u00e9m querem uma forma de restaurar suas conversas na ocasi\u00e3o de perderem seus telefones. Em outubro, come\u00e7amos a implantar uma camada de seguran\u00e7a extra e opcional para proteger c\u00f3pias de mensagens criptografadas de ponta a ponta. Os backups protegidos com a criptografia de ponta a ponta (E2EE)\u00a0 est\u00e3o dispon\u00edveis apenas para voc\u00ea; nem o Whatsapp, nem o provedor de servi\u00e7o de backup conseguem ler suas mensagens salvas ou acessar a chave solicitada para destrav\u00e1-las. E, em dezembro, n\u00f3s implementamos uma op\u00e7\u00e3o para que usu\u00e1rios do Whatsapp pudessem ativar as mensagens tempor\u00e1rias por padr\u00e3o em todas as novas conversas. Quando essa op\u00e7\u00e3o estiver habilitada, as conversas privadas iniciadas por voc\u00ea ou por outra pessoa desaparecer\u00e3o pelo per\u00edodo que voc\u00ea escolher (24 horas, 7 dias ou 90 dias) e tamb\u00e9m poder\u00e1 ser ativada em grupos que voc\u00ea criar. Compartilhamos como utilizaremos o reconhecimento facial no futuro: Em novembro, anunciamos que ir\u00edamos desativar o sistema de Reconhecimento Facial no Facebook como parte de um movimento da empresa para limitar o uso do reconhecimento facial em nossos produtos. Ainda enxergamos essa tecnologia como uma ferramenta poderosa, por exemplo, para pessoas que precisam verificar sua identidade ou para evitar fraude e falsidade ideol\u00f3gica. Continuaremos nosso trabalho nesses casos espec\u00edficos, engajando com especialistas externos, e ponderando outros casos espec\u00edficos em que o reconhecimento facial pode ser \u00fatil, ainda que frente \u00e0s crescentes preocupa\u00e7\u00f5es sobre o uso dessa tecnologia. Tivemos importantes conversas sobre privacidade:\u00a0 Em dezembro de 2020, lan\u00e7amos uma s\u00e9rie de v\u00eddeos com Erin Egan, nossa Chief Privacy Officer (CPO) para Pol\u00edticas P\u00fablicas. Durante o ano de 2021, Erin conduziu uma s\u00e9rie de conversas aprofundadas com alguns dos principais especialistas em privacidade do mundo, para discutir sobre temas essenciais relacionados \u00e0s pol\u00edticas de privacidade. Nestas conversas, exploramos quest\u00f5es variadas, como o futuro da legisla\u00e7\u00e3o de privacidade e como construir privacidade de usu\u00e1rios em comunidades virtuais. Tais conversas s\u00e3o importantes e continuaremos engajando com nossos stakeholders. Atualiza\u00e7\u00f5es de criptografia no Messenger: Anunciamos, no ano passado, novos testes em conversas criptografadas de ponta a ponta do Messenger para grupos e liga\u00e7\u00f5es em v\u00eddeo ou voz. Esses recursos agora est\u00e3o totalmente implementados. Tamb\u00e9m atualizamos nossas configura\u00e7\u00f5es de mensagens tempor\u00e1rias para conversas criptografadas de ponta a ponta, e estamos inserindo uma nova notifica\u00e7\u00e3o, caso uma pessoa tire uma foto de sua mensagem tempor\u00e1ria, assim como acontece no Modo Tempor\u00e1rio. Apoiando o esfor\u00e7o de constru\u00e7\u00e3o da cultura de prote\u00e7\u00e3o de dados no Brasil: Em novembro de 2021, disponibilizamos em portugu\u00eas dois recursos importantes do The Trust, Transparency and Control Labs (TTC Labs), um esfor\u00e7o de toda a ind\u00fastria para criar solu\u00e7\u00f5es inovadoras e que coloquem as pessoas no controle de suas privacidades: um guia de design focado na transpar\u00eancia e um guia de design focado na privacidade de adolescentes. Os documentos do TTC Labs s\u00e3o o resultado de um trabalho coletivo de centenas de organiza\u00e7\u00f5es, incluindo grandes empresas globais, startups, organiza\u00e7\u00f5es civis e institui\u00e7\u00f5es acad\u00eamicas. Estes s\u00e3o alguns dos progressos em privacidade que tivemos no ano passado. Desde melhorias na seguran\u00e7a para jovens no Instagram, passando por novos investimentos em pesquisas de privacidade, at\u00e9 o delineamento de como estamos construindo o metaverso com responsabilidade, este \u00faltimo ano foi importante para a privacidade na Meta e para as pessoas que utilizam nossos aplicativos e tecnologias. Temos o compromisso de evoluir nessas quest\u00f5es importantes. Desde a defesa de regula\u00e7\u00f5es de privacidade em toda a ind\u00fastria at\u00e9 a garantia da integridade do fluxo internacional de dados, ainda h\u00e1 trabalho a ser feito. Privacidade \u00e9 uma parte fundamental de tudo o que fazemos na Meta e entendemos que esse compromisso significa darmos foco a este tema e estarmos sempre \u00e0 procura de melhorias relacionadas \u00e0 privacidade.","protected":false},"author":81109636,"featured_media":23611,"comment_status":"closed","ping_status":"closed","sticky":false,"template":"","format":"standard","meta":{"_jetpack_memberships_contains_paid_content":false,"footnotes":""},"categories":[396542169,396542114,1],"tags":[],"class_list":["post-23609","post","type-post","status-publish","format-standard","has-post-thumbnail","hentry","category-dados-e-privacidade","category-meta","category-recent-news"],"yoast_head":"<!-- This site is optimized with the Yoast SEO plugin v27.2 - https:\/\/yoast.com\/product\/yoast-seo-wordpress\/ -->\n<title>Relembrando nossos esfor\u00e7os no Dia da Privacidade de Dados | Sobre a Meta<\/title>\n<meta name=\"robots\" content=\"index, follow, max-snippet:-1, max-image-preview:large, max-video-preview:-1\" \/>\n<link rel=\"canonical\" href=\"https:\/\/about.fb.com\/br\/news\/2022\/01\/relembrando-nossos-esforcos-de-privacidade-no-dia-da-privacidade-de-dados\/\" \/>\n<meta property=\"og:locale\" content=\"pt_BR\" \/>\n<meta property=\"og:type\" content=\"article\" \/>\n<meta property=\"og:title\" content=\"Relembrando nossos esfor\u00e7os no Dia da Privacidade de Dados | Sobre a Meta\" \/>\n<meta property=\"og:description\" content=\"Estamos celebrando o Dia da Privacidade de Dados com o lan\u00e7amento de atualiza\u00e7\u00f5es de criptografia no Messenger e fazendo novos investimentos em pesquisas sobre privacidade. Estamos relembrando, ainda, alguns progressos que realizamos no ano passado para incorporar a privacidade em todas as vertentes da nossa empresa. De atualiza\u00e7\u00f5es no\u00a0 uso da nossa tecnologia de reconhecimento facial at\u00e9 mensagens tempor\u00e1rias no WhatsApp, 2021 foi um ano importante para a Meta em termos de privacidade. Vamos construir em cima desta base e continuaremos defendendo regula\u00e7\u00f5es de privacidade atualizadas ao redor do mundo. Come\u00e7amos 2022 comemorando o Dia da Privacidade de Dados, uma celebra\u00e7\u00e3o que tem o objetivo de\u00a0 aumentar a conscientiza\u00e7\u00e3o das pessoas sobre a import\u00e2ncia da privacidade. Abaixo, compartilhamos alguns dos progressos que fizemos no \u00faltimo ano e os novos investimentos para melhorar nossas tecnologias e as pr\u00e1ticas de privacidade. Lan\u00e7amos a nossa primeira Atualiza\u00e7\u00e3o do Progresso em Privacidade: Em abril, lan\u00e7amos uma an\u00e1lise detalhada do trabalho que estamos realizando para proteger a privacidade das pessoas e dar\u00a0 maior controle para que fa\u00e7am suas pr\u00f3prias escolhas. Nossa primeira Atualiza\u00e7\u00e3o do Progresso em Privacidade mostra nosso trabalho para incorporar a privacidade em todas as opera\u00e7\u00f5es da nossa empresa, os resultados alcan\u00e7ados e as solu\u00e7\u00f5es tecnol\u00f3gicas em que estamos investindo para tratar de privacidade em escala. Este trabalho \u00e9 cont\u00ednuo, e seguiremos fornecendo novas atualiza\u00e7\u00f5es. Apresentamos como estamos pensando em nossas tecnologias dedicadas aumentar a privacidade: N\u00f3s acreditamos que tecnologias dedicadas aumentar a privacidade, ou PETs (sigla em ingl\u00eas, Privacy-Enhancing Technologies), apoiar\u00e3o a pr\u00f3xima gera\u00e7\u00e3o da publicidade digital. Por isso, estamos investindo em um esfor\u00e7o de longo prazo com acad\u00eamicos, organiza\u00e7\u00f5es globais e desenvolvedores para criar solu\u00e7\u00f5es e melhores pr\u00e1ticas. Em agosto, falamos sobre como algumas dessas tecnologias poderiam funcionar e nossos investimentos nesta \u00e1rea. Oferecemos mais op\u00e7\u00f5es de privacidade no Whatsapp: Enquanto mensagens enviadas e recebidas, criptografadas de ponta a ponta, s\u00e3o armazenadas em seu dispositivo, as pessoas tamb\u00e9m querem uma forma de restaurar suas conversas na ocasi\u00e3o de perderem seus telefones. Em outubro, come\u00e7amos a implantar uma camada de seguran\u00e7a extra e opcional para proteger c\u00f3pias de mensagens criptografadas de ponta a ponta. Os backups protegidos com a criptografia de ponta a ponta (E2EE)\u00a0 est\u00e3o dispon\u00edveis apenas para voc\u00ea; nem o Whatsapp, nem o provedor de servi\u00e7o de backup conseguem ler suas mensagens salvas ou acessar a chave solicitada para destrav\u00e1-las. E, em dezembro, n\u00f3s implementamos uma op\u00e7\u00e3o para que usu\u00e1rios do Whatsapp pudessem ativar as mensagens tempor\u00e1rias por padr\u00e3o em todas as novas conversas. Quando essa op\u00e7\u00e3o estiver habilitada, as conversas privadas iniciadas por voc\u00ea ou por outra pessoa desaparecer\u00e3o pelo per\u00edodo que voc\u00ea escolher (24 horas, 7 dias ou 90 dias) e tamb\u00e9m poder\u00e1 ser ativada em grupos que voc\u00ea criar. Compartilhamos como utilizaremos o reconhecimento facial no futuro: Em novembro, anunciamos que ir\u00edamos desativar o sistema de Reconhecimento Facial no Facebook como parte de um movimento da empresa para limitar o uso do reconhecimento facial em nossos produtos. Ainda enxergamos essa tecnologia como uma ferramenta poderosa, por exemplo, para pessoas que precisam verificar sua identidade ou para evitar fraude e falsidade ideol\u00f3gica. Continuaremos nosso trabalho nesses casos espec\u00edficos, engajando com especialistas externos, e ponderando outros casos espec\u00edficos em que o reconhecimento facial pode ser \u00fatil, ainda que frente \u00e0s crescentes preocupa\u00e7\u00f5es sobre o uso dessa tecnologia. Tivemos importantes conversas sobre privacidade:\u00a0 Em dezembro de 2020, lan\u00e7amos uma s\u00e9rie de v\u00eddeos com Erin Egan, nossa Chief Privacy Officer (CPO) para Pol\u00edticas P\u00fablicas. Durante o ano de 2021, Erin conduziu uma s\u00e9rie de conversas aprofundadas com alguns dos principais especialistas em privacidade do mundo, para discutir sobre temas essenciais relacionados \u00e0s pol\u00edticas de privacidade. Nestas conversas, exploramos quest\u00f5es variadas, como o futuro da legisla\u00e7\u00e3o de privacidade e como construir privacidade de usu\u00e1rios em comunidades virtuais. Tais conversas s\u00e3o importantes e continuaremos engajando com nossos stakeholders. Atualiza\u00e7\u00f5es de criptografia no Messenger: Anunciamos, no ano passado, novos testes em conversas criptografadas de ponta a ponta do Messenger para grupos e liga\u00e7\u00f5es em v\u00eddeo ou voz. Esses recursos agora est\u00e3o totalmente implementados. Tamb\u00e9m atualizamos nossas configura\u00e7\u00f5es de mensagens tempor\u00e1rias para conversas criptografadas de ponta a ponta, e estamos inserindo uma nova notifica\u00e7\u00e3o, caso uma pessoa tire uma foto de sua mensagem tempor\u00e1ria, assim como acontece no Modo Tempor\u00e1rio. Apoiando o esfor\u00e7o de constru\u00e7\u00e3o da cultura de prote\u00e7\u00e3o de dados no Brasil: Em novembro de 2021, disponibilizamos em portugu\u00eas dois recursos importantes do The Trust, Transparency and Control Labs (TTC Labs), um esfor\u00e7o de toda a ind\u00fastria para criar solu\u00e7\u00f5es inovadoras e que coloquem as pessoas no controle de suas privacidades: um guia de design focado na transpar\u00eancia e um guia de design focado na privacidade de adolescentes. Os documentos do TTC Labs s\u00e3o o resultado de um trabalho coletivo de centenas de organiza\u00e7\u00f5es, incluindo grandes empresas globais, startups, organiza\u00e7\u00f5es civis e institui\u00e7\u00f5es acad\u00eamicas. Estes s\u00e3o alguns dos progressos em privacidade que tivemos no ano passado. Desde melhorias na seguran\u00e7a para jovens no Instagram, passando por novos investimentos em pesquisas de privacidade, at\u00e9 o delineamento de como estamos construindo o metaverso com responsabilidade, este \u00faltimo ano foi importante para a privacidade na Meta e para as pessoas que utilizam nossos aplicativos e tecnologias. Temos o compromisso de evoluir nessas quest\u00f5es importantes. Desde a defesa de regula\u00e7\u00f5es de privacidade em toda a ind\u00fastria at\u00e9 a garantia da integridade do fluxo internacional de dados, ainda h\u00e1 trabalho a ser feito. Privacidade \u00e9 uma parte fundamental de tudo o que fazemos na Meta e entendemos que esse compromisso significa darmos foco a este tema e estarmos sempre \u00e0 procura de melhorias relacionadas \u00e0 privacidade.\" \/>\n<meta property=\"og:url\" content=\"https:\/\/about.fb.com\/br\/news\/2022\/01\/relembrando-nossos-esforcos-de-privacidade-no-dia-da-privacidade-de-dados\/\" \/>\n<meta property=\"og:site_name\" content=\"Sobre a Meta\" \/>\n<meta property=\"article:published_time\" content=\"2022-01-28T20:06:13+00:00\" \/>\n<meta property=\"article:modified_time\" content=\"2022-03-09T21:28:06+00:00\" \/>\n<meta property=\"og:image\" content=\"https:\/\/about.fb.com\/br\/wp-content\/uploads\/sites\/11\/2022\/01\/Ringing-In-the-New-Year-with-Data-Privacy-Day_header.jpg?resize=1024,576\" \/>\n\t<meta property=\"og:image:width\" content=\"1024\" \/>\n\t<meta property=\"og:image:height\" content=\"576\" \/>\n\t<meta property=\"og:image:type\" content=\"image\/jpeg\" \/>\n<meta name=\"author\" content=\"facebookbr\" \/>\n<meta name=\"twitter:card\" content=\"summary_large_image\" \/>\n<meta name=\"twitter:label1\" content=\"Written by\" \/>\n\t<meta name=\"twitter:data1\" content=\"Meta\" \/>\n\t<meta name=\"twitter:label2\" content=\"Est. reading time\" \/>\n\t<meta name=\"twitter:data2\" content=\"5 minutos\" \/>\n<script type=\"application\/ld+json\" class=\"yoast-schema-graph\">{\"@context\":\"https:\/\/schema.org\",\"@graph\":[{\"@type\":\"Article\",\"@id\":\"https:\/\/about.fb.com\/br\/news\/2022\/01\/relembrando-nossos-esforcos-de-privacidade-no-dia-da-privacidade-de-dados\/#article\",\"isPartOf\":{\"@id\":\"https:\/\/about.fb.com\/br\/news\/2022\/01\/relembrando-nossos-esforcos-de-privacidade-no-dia-da-privacidade-de-dados\/\"},\"author\":\"Facebook company\",\"headline\":\"Relembrando nossos esfor\u00e7os no Dia da Privacidade de Dados\",\"datePublished\":\"2022-01-28T20:06:13+00:00\",\"dateModified\":\"2022-03-09T21:28:06+00:00\",\"mainEntityOfPage\":{\"@id\":\"https:\/\/about.fb.com\/br\/news\/2022\/01\/relembrando-nossos-esforcos-de-privacidade-no-dia-da-privacidade-de-dados\/\"},\"wordCount\":1023,\"publisher\":{\"@id\":\"https:\/\/about.fb.com\/br\/#organization\"},\"image\":{\"@id\":\"https:\/\/about.fb.com\/br\/news\/2022\/01\/relembrando-nossos-esforcos-de-privacidade-no-dia-da-privacidade-de-dados\/#primaryimage\"},\"thumbnailUrl\":\"https:\/\/about.fb.com\/br\/wp-content\/uploads\/sites\/11\/2022\/01\/Ringing-In-the-New-Year-with-Data-Privacy-Day_header.jpg?fit=1536%2C864\",\"articleSection\":[\"Dados e Privacidade\",\"Meta\",\"Recent News\"],\"inLanguage\":\"pt-BR\"},{\"@type\":\"WebPage\",\"@id\":\"https:\/\/about.fb.com\/br\/news\/2022\/01\/relembrando-nossos-esforcos-de-privacidade-no-dia-da-privacidade-de-dados\/\",\"url\":\"https:\/\/about.fb.com\/br\/news\/2022\/01\/relembrando-nossos-esforcos-de-privacidade-no-dia-da-privacidade-de-dados\/\",\"name\":\"Relembrando nossos esfor\u00e7os no Dia da Privacidade de Dados | Sobre a Meta\",\"isPartOf\":{\"@id\":\"https:\/\/about.fb.com\/br\/#website\"},\"primaryImageOfPage\":{\"@id\":\"https:\/\/about.fb.com\/br\/news\/2022\/01\/relembrando-nossos-esforcos-de-privacidade-no-dia-da-privacidade-de-dados\/#primaryimage\"},\"image\":{\"@id\":\"https:\/\/about.fb.com\/br\/news\/2022\/01\/relembrando-nossos-esforcos-de-privacidade-no-dia-da-privacidade-de-dados\/#primaryimage\"},\"thumbnailUrl\":\"https:\/\/about.fb.com\/br\/wp-content\/uploads\/sites\/11\/2022\/01\/Ringing-In-the-New-Year-with-Data-Privacy-Day_header.jpg?fit=1536%2C864\",\"datePublished\":\"2022-01-28T20:06:13+00:00\",\"dateModified\":\"2022-03-09T21:28:06+00:00\",\"breadcrumb\":{\"@id\":\"https:\/\/about.fb.com\/br\/news\/2022\/01\/relembrando-nossos-esforcos-de-privacidade-no-dia-da-privacidade-de-dados\/#breadcrumb\"},\"inLanguage\":\"pt-BR\",\"potentialAction\":[{\"@type\":\"ReadAction\",\"target\":[\"https:\/\/about.fb.com\/br\/news\/2022\/01\/relembrando-nossos-esforcos-de-privacidade-no-dia-da-privacidade-de-dados\/\"]}],\"author\":\"Sobre a Meta\"},{\"@type\":\"ImageObject\",\"inLanguage\":\"pt-BR\",\"@id\":\"https:\/\/about.fb.com\/br\/news\/2022\/01\/relembrando-nossos-esforcos-de-privacidade-no-dia-da-privacidade-de-dados\/#primaryimage\",\"url\":\"https:\/\/about.fb.com\/br\/wp-content\/uploads\/sites\/11\/2022\/01\/Ringing-In-the-New-Year-with-Data-Privacy-Day_header.jpg?fit=1536%2C864\",\"contentUrl\":\"https:\/\/about.fb.com\/br\/wp-content\/uploads\/sites\/11\/2022\/01\/Ringing-In-the-New-Year-with-Data-Privacy-Day_header.jpg?fit=1536%2C864\",\"width\":1536,\"height\":864},{\"@type\":\"BreadcrumbList\",\"@id\":\"https:\/\/about.fb.com\/br\/news\/2022\/01\/relembrando-nossos-esforcos-de-privacidade-no-dia-da-privacidade-de-dados\/#breadcrumb\",\"itemListElement\":[{\"@type\":\"ListItem\",\"position\":1,\"name\":\"Home\",\"item\":\"https:\/\/about.fb.com\/br\/\"},{\"@type\":\"ListItem\",\"position\":2,\"name\":\"Relembrando nossos esfor\u00e7os no Dia da Privacidade de Dados\"}]},{\"@type\":\"WebSite\",\"@id\":\"https:\/\/about.fb.com\/br\/#website\",\"url\":\"https:\/\/about.fb.com\/news\/\",\"name\":\"Sobre a Meta\",\"description\":\"\",\"publisher\":{\"@id\":\"https:\/\/about.fb.com\/br\/#organization\"},\"potentialAction\":[{\"@type\":\"SearchAction\",\"target\":{\"@type\":\"EntryPoint\",\"urlTemplate\":\"https:\/\/about.fb.com\/br\/?s={search_term_string}\"},\"query-input\":{\"@type\":\"PropertyValueSpecification\",\"valueRequired\":true,\"valueName\":\"search_term_string\"}}],\"inLanguage\":\"pt-BR\",\"alternateName\":[\"Meta Newsroom\",\"Meta\"]},{\"@type\":\"Organization\",\"@id\":\"https:\/\/about.fb.com\/br\/#organization\",\"name\":\"Meta\",\"url\":\"https:\/\/about.fb.com\/br\/\",\"logo\":{\"@type\":\"ImageObject\",\"inLanguage\":\"pt-BR\",\"@id\":\"https:\/\/about.fb.com\/br\/#\/schema\/logo\/image\/\",\"url\":\"https:\/\/about.fb.com\/br\/wp-content\/uploads\/sites\/11\/2021\/10\/meta-social-16x9-1.jpg?fit=8000%2C4500\",\"contentUrl\":\"https:\/\/about.fb.com\/br\/wp-content\/uploads\/sites\/11\/2021\/10\/meta-social-16x9-1.jpg?fit=8000%2C4500\",\"width\":8000,\"height\":4500,\"caption\":\"Meta\"},\"image\":{\"@id\":\"https:\/\/about.fb.com\/br\/#\/schema\/logo\/image\/\"}}]}<\/script>\n<!-- \/ Yoast SEO plugin. -->","yoast_head_json":{"title":"Relembrando nossos esfor\u00e7os no Dia da Privacidade de Dados | Sobre a Meta","robots":{"index":"index","follow":"follow","max-snippet":"max-snippet:-1","max-image-preview":"max-image-preview:large","max-video-preview":"max-video-preview:-1"},"canonical":"https:\/\/about.fb.com\/br\/news\/2022\/01\/relembrando-nossos-esforcos-de-privacidade-no-dia-da-privacidade-de-dados\/","og_locale":"pt_BR","og_type":"article","og_title":"Relembrando nossos esfor\u00e7os no Dia da Privacidade de Dados | Sobre a Meta","og_description":"Estamos celebrando o Dia da Privacidade de Dados com o lan\u00e7amento de atualiza\u00e7\u00f5es de criptografia no Messenger e fazendo novos investimentos em pesquisas sobre privacidade. Estamos relembrando, ainda, alguns progressos que realizamos no ano passado para incorporar a privacidade em todas as vertentes da nossa empresa. De atualiza\u00e7\u00f5es no\u00a0 uso da nossa tecnologia de reconhecimento facial at\u00e9 mensagens tempor\u00e1rias no WhatsApp, 2021 foi um ano importante para a Meta em termos de privacidade. Vamos construir em cima desta base e continuaremos defendendo regula\u00e7\u00f5es de privacidade atualizadas ao redor do mundo. Come\u00e7amos 2022 comemorando o Dia da Privacidade de Dados, uma celebra\u00e7\u00e3o que tem o objetivo de\u00a0 aumentar a conscientiza\u00e7\u00e3o das pessoas sobre a import\u00e2ncia da privacidade. Abaixo, compartilhamos alguns dos progressos que fizemos no \u00faltimo ano e os novos investimentos para melhorar nossas tecnologias e as pr\u00e1ticas de privacidade. Lan\u00e7amos a nossa primeira Atualiza\u00e7\u00e3o do Progresso em Privacidade: Em abril, lan\u00e7amos uma an\u00e1lise detalhada do trabalho que estamos realizando para proteger a privacidade das pessoas e dar\u00a0 maior controle para que fa\u00e7am suas pr\u00f3prias escolhas. Nossa primeira Atualiza\u00e7\u00e3o do Progresso em Privacidade mostra nosso trabalho para incorporar a privacidade em todas as opera\u00e7\u00f5es da nossa empresa, os resultados alcan\u00e7ados e as solu\u00e7\u00f5es tecnol\u00f3gicas em que estamos investindo para tratar de privacidade em escala. Este trabalho \u00e9 cont\u00ednuo, e seguiremos fornecendo novas atualiza\u00e7\u00f5es. Apresentamos como estamos pensando em nossas tecnologias dedicadas aumentar a privacidade: N\u00f3s acreditamos que tecnologias dedicadas aumentar a privacidade, ou PETs (sigla em ingl\u00eas, Privacy-Enhancing Technologies), apoiar\u00e3o a pr\u00f3xima gera\u00e7\u00e3o da publicidade digital. Por isso, estamos investindo em um esfor\u00e7o de longo prazo com acad\u00eamicos, organiza\u00e7\u00f5es globais e desenvolvedores para criar solu\u00e7\u00f5es e melhores pr\u00e1ticas. Em agosto, falamos sobre como algumas dessas tecnologias poderiam funcionar e nossos investimentos nesta \u00e1rea. Oferecemos mais op\u00e7\u00f5es de privacidade no Whatsapp: Enquanto mensagens enviadas e recebidas, criptografadas de ponta a ponta, s\u00e3o armazenadas em seu dispositivo, as pessoas tamb\u00e9m querem uma forma de restaurar suas conversas na ocasi\u00e3o de perderem seus telefones. Em outubro, come\u00e7amos a implantar uma camada de seguran\u00e7a extra e opcional para proteger c\u00f3pias de mensagens criptografadas de ponta a ponta. Os backups protegidos com a criptografia de ponta a ponta (E2EE)\u00a0 est\u00e3o dispon\u00edveis apenas para voc\u00ea; nem o Whatsapp, nem o provedor de servi\u00e7o de backup conseguem ler suas mensagens salvas ou acessar a chave solicitada para destrav\u00e1-las. E, em dezembro, n\u00f3s implementamos uma op\u00e7\u00e3o para que usu\u00e1rios do Whatsapp pudessem ativar as mensagens tempor\u00e1rias por padr\u00e3o em todas as novas conversas. Quando essa op\u00e7\u00e3o estiver habilitada, as conversas privadas iniciadas por voc\u00ea ou por outra pessoa desaparecer\u00e3o pelo per\u00edodo que voc\u00ea escolher (24 horas, 7 dias ou 90 dias) e tamb\u00e9m poder\u00e1 ser ativada em grupos que voc\u00ea criar. Compartilhamos como utilizaremos o reconhecimento facial no futuro: Em novembro, anunciamos que ir\u00edamos desativar o sistema de Reconhecimento Facial no Facebook como parte de um movimento da empresa para limitar o uso do reconhecimento facial em nossos produtos. Ainda enxergamos essa tecnologia como uma ferramenta poderosa, por exemplo, para pessoas que precisam verificar sua identidade ou para evitar fraude e falsidade ideol\u00f3gica. Continuaremos nosso trabalho nesses casos espec\u00edficos, engajando com especialistas externos, e ponderando outros casos espec\u00edficos em que o reconhecimento facial pode ser \u00fatil, ainda que frente \u00e0s crescentes preocupa\u00e7\u00f5es sobre o uso dessa tecnologia. Tivemos importantes conversas sobre privacidade:\u00a0 Em dezembro de 2020, lan\u00e7amos uma s\u00e9rie de v\u00eddeos com Erin Egan, nossa Chief Privacy Officer (CPO) para Pol\u00edticas P\u00fablicas. Durante o ano de 2021, Erin conduziu uma s\u00e9rie de conversas aprofundadas com alguns dos principais especialistas em privacidade do mundo, para discutir sobre temas essenciais relacionados \u00e0s pol\u00edticas de privacidade. Nestas conversas, exploramos quest\u00f5es variadas, como o futuro da legisla\u00e7\u00e3o de privacidade e como construir privacidade de usu\u00e1rios em comunidades virtuais. Tais conversas s\u00e3o importantes e continuaremos engajando com nossos stakeholders. Atualiza\u00e7\u00f5es de criptografia no Messenger: Anunciamos, no ano passado, novos testes em conversas criptografadas de ponta a ponta do Messenger para grupos e liga\u00e7\u00f5es em v\u00eddeo ou voz. Esses recursos agora est\u00e3o totalmente implementados. Tamb\u00e9m atualizamos nossas configura\u00e7\u00f5es de mensagens tempor\u00e1rias para conversas criptografadas de ponta a ponta, e estamos inserindo uma nova notifica\u00e7\u00e3o, caso uma pessoa tire uma foto de sua mensagem tempor\u00e1ria, assim como acontece no Modo Tempor\u00e1rio. Apoiando o esfor\u00e7o de constru\u00e7\u00e3o da cultura de prote\u00e7\u00e3o de dados no Brasil: Em novembro de 2021, disponibilizamos em portugu\u00eas dois recursos importantes do The Trust, Transparency and Control Labs (TTC Labs), um esfor\u00e7o de toda a ind\u00fastria para criar solu\u00e7\u00f5es inovadoras e que coloquem as pessoas no controle de suas privacidades: um guia de design focado na transpar\u00eancia e um guia de design focado na privacidade de adolescentes. Os documentos do TTC Labs s\u00e3o o resultado de um trabalho coletivo de centenas de organiza\u00e7\u00f5es, incluindo grandes empresas globais, startups, organiza\u00e7\u00f5es civis e institui\u00e7\u00f5es acad\u00eamicas. Estes s\u00e3o alguns dos progressos em privacidade que tivemos no ano passado. Desde melhorias na seguran\u00e7a para jovens no Instagram, passando por novos investimentos em pesquisas de privacidade, at\u00e9 o delineamento de como estamos construindo o metaverso com responsabilidade, este \u00faltimo ano foi importante para a privacidade na Meta e para as pessoas que utilizam nossos aplicativos e tecnologias. Temos o compromisso de evoluir nessas quest\u00f5es importantes. Desde a defesa de regula\u00e7\u00f5es de privacidade em toda a ind\u00fastria at\u00e9 a garantia da integridade do fluxo internacional de dados, ainda h\u00e1 trabalho a ser feito. Privacidade \u00e9 uma parte fundamental de tudo o que fazemos na Meta e entendemos que esse compromisso significa darmos foco a este tema e estarmos sempre \u00e0 procura de melhorias relacionadas \u00e0 privacidade.","og_url":"https:\/\/about.fb.com\/br\/news\/2022\/01\/relembrando-nossos-esforcos-de-privacidade-no-dia-da-privacidade-de-dados\/","og_site_name":"Sobre a Meta","article_published_time":"2022-01-28T20:06:13+00:00","article_modified_time":"2022-03-09T21:28:06+00:00","og_image":[{"width":1024,"height":576,"url":"https:\/\/about.fb.com\/br\/wp-content\/uploads\/sites\/11\/2022\/01\/Ringing-In-the-New-Year-with-Data-Privacy-Day_header.jpg?resize=1024,576","type":"image\/jpeg"}],"author":"facebookbr","twitter_card":"summary_large_image","twitter_misc":{"Written by":"Meta","Est. reading time":"5 minutos"},"schema":{"@context":"https:\/\/schema.org","@graph":[{"@type":"Article","@id":"https:\/\/about.fb.com\/br\/news\/2022\/01\/relembrando-nossos-esforcos-de-privacidade-no-dia-da-privacidade-de-dados\/#article","isPartOf":{"@id":"https:\/\/about.fb.com\/br\/news\/2022\/01\/relembrando-nossos-esforcos-de-privacidade-no-dia-da-privacidade-de-dados\/"},"author":"Facebook company","headline":"Relembrando nossos esfor\u00e7os no Dia da Privacidade de Dados","datePublished":"2022-01-28T20:06:13+00:00","dateModified":"2022-03-09T21:28:06+00:00","mainEntityOfPage":{"@id":"https:\/\/about.fb.com\/br\/news\/2022\/01\/relembrando-nossos-esforcos-de-privacidade-no-dia-da-privacidade-de-dados\/"},"wordCount":1023,"publisher":{"@id":"https:\/\/about.fb.com\/br\/#organization"},"image":{"@id":"https:\/\/about.fb.com\/br\/news\/2022\/01\/relembrando-nossos-esforcos-de-privacidade-no-dia-da-privacidade-de-dados\/#primaryimage"},"thumbnailUrl":"https:\/\/about.fb.com\/br\/wp-content\/uploads\/sites\/11\/2022\/01\/Ringing-In-the-New-Year-with-Data-Privacy-Day_header.jpg?fit=1536%2C864","articleSection":["Dados e Privacidade","Meta","Recent News"],"inLanguage":"pt-BR"},{"@type":"WebPage","@id":"https:\/\/about.fb.com\/br\/news\/2022\/01\/relembrando-nossos-esforcos-de-privacidade-no-dia-da-privacidade-de-dados\/","url":"https:\/\/about.fb.com\/br\/news\/2022\/01\/relembrando-nossos-esforcos-de-privacidade-no-dia-da-privacidade-de-dados\/","name":"Relembrando nossos esfor\u00e7os no Dia da Privacidade de Dados | Sobre a Meta","isPartOf":{"@id":"https:\/\/about.fb.com\/br\/#website"},"primaryImageOfPage":{"@id":"https:\/\/about.fb.com\/br\/news\/2022\/01\/relembrando-nossos-esforcos-de-privacidade-no-dia-da-privacidade-de-dados\/#primaryimage"},"image":{"@id":"https:\/\/about.fb.com\/br\/news\/2022\/01\/relembrando-nossos-esforcos-de-privacidade-no-dia-da-privacidade-de-dados\/#primaryimage"},"thumbnailUrl":"https:\/\/about.fb.com\/br\/wp-content\/uploads\/sites\/11\/2022\/01\/Ringing-In-the-New-Year-with-Data-Privacy-Day_header.jpg?fit=1536%2C864","datePublished":"2022-01-28T20:06:13+00:00","dateModified":"2022-03-09T21:28:06+00:00","breadcrumb":{"@id":"https:\/\/about.fb.com\/br\/news\/2022\/01\/relembrando-nossos-esforcos-de-privacidade-no-dia-da-privacidade-de-dados\/#breadcrumb"},"inLanguage":"pt-BR","potentialAction":[{"@type":"ReadAction","target":["https:\/\/about.fb.com\/br\/news\/2022\/01\/relembrando-nossos-esforcos-de-privacidade-no-dia-da-privacidade-de-dados\/"]}],"author":"Sobre a Meta"},{"@type":"ImageObject","inLanguage":"pt-BR","@id":"https:\/\/about.fb.com\/br\/news\/2022\/01\/relembrando-nossos-esforcos-de-privacidade-no-dia-da-privacidade-de-dados\/#primaryimage","url":"https:\/\/about.fb.com\/br\/wp-content\/uploads\/sites\/11\/2022\/01\/Ringing-In-the-New-Year-with-Data-Privacy-Day_header.jpg?fit=1536%2C864","contentUrl":"https:\/\/about.fb.com\/br\/wp-content\/uploads\/sites\/11\/2022\/01\/Ringing-In-the-New-Year-with-Data-Privacy-Day_header.jpg?fit=1536%2C864","width":1536,"height":864},{"@type":"BreadcrumbList","@id":"https:\/\/about.fb.com\/br\/news\/2022\/01\/relembrando-nossos-esforcos-de-privacidade-no-dia-da-privacidade-de-dados\/#breadcrumb","itemListElement":[{"@type":"ListItem","position":1,"name":"Home","item":"https:\/\/about.fb.com\/br\/"},{"@type":"ListItem","position":2,"name":"Relembrando nossos esfor\u00e7os no Dia da Privacidade de Dados"}]},{"@type":"WebSite","@id":"https:\/\/about.fb.com\/br\/#website","url":"https:\/\/about.fb.com\/news\/","name":"Sobre a Meta","description":"","publisher":{"@id":"https:\/\/about.fb.com\/br\/#organization"},"potentialAction":[{"@type":"SearchAction","target":{"@type":"EntryPoint","urlTemplate":"https:\/\/about.fb.com\/br\/?s={search_term_string}"},"query-input":{"@type":"PropertyValueSpecification","valueRequired":true,"valueName":"search_term_string"}}],"inLanguage":"pt-BR","alternateName":["Meta Newsroom","Meta"]},{"@type":"Organization","@id":"https:\/\/about.fb.com\/br\/#organization","name":"Meta","url":"https:\/\/about.fb.com\/br\/","logo":{"@type":"ImageObject","inLanguage":"pt-BR","@id":"https:\/\/about.fb.com\/br\/#\/schema\/logo\/image\/","url":"https:\/\/about.fb.com\/br\/wp-content\/uploads\/sites\/11\/2021\/10\/meta-social-16x9-1.jpg?fit=8000%2C4500","contentUrl":"https:\/\/about.fb.com\/br\/wp-content\/uploads\/sites\/11\/2021\/10\/meta-social-16x9-1.jpg?fit=8000%2C4500","width":8000,"height":4500,"caption":"Meta"},"image":{"@id":"https:\/\/about.fb.com\/br\/#\/schema\/logo\/image\/"}}]}},"jetpack_featured_media_url":"https:\/\/about.fb.com\/br\/wp-content\/uploads\/sites\/11\/2022\/01\/Ringing-In-the-New-Year-with-Data-Privacy-Day_header.jpg?fit=1536%2C864","jetpack-related-posts":[{"id":26118,"url":"https:\/\/about.fb.com\/br\/news\/2025\/01\/refletindo-sobre-o-investimento-de-us-8-bilhoes-da-meta-em-privacidade\/","url_meta":{"origin":23609,"position":0},"title":"Refletindo sobre o investimento de US$ 8 bilh\u00f5es da Meta em privacidade","author":"Meta","date":"28\/01\/2025","format":false,"excerpt":"Nos \u00faltimos anos, na Meta, destacamos o Dia da Privacidade de Dados com uma retrospectiva de nossos marcos de privacidade do ano anterior. Quando olhamos para tr\u00e1s, para nossas inova\u00e7\u00f5es tecnol\u00f3gicas de 2024, o denominador comum em todas elas \u00e9 uma base s\u00f3lida de privacidade. Essa base s\u00f3 foi poss\u00edvel\u2026","rel":"","context":"In &quot;Recent News&quot;","block_context":{"text":"Recent News","link":"https:\/\/about.fb.com\/br\/news\/category\/recent-news\/"},"img":{"alt_text":"","src":"","width":0,"height":0},"classes":[]},{"id":26470,"url":"https:\/\/about.fb.com\/br\/news\/2025\/06\/ajudamos-voce-a-encontrar-mais-canais-e-empresas-no-whatsapp\/","url_meta":{"origin":23609,"position":1},"title":"Ajudamos voc\u00ea a encontrar mais canais e empresas no WhatsApp","author":"Meta","date":"16\/06\/2025","format":false,"excerpt":"Estamos lan\u00e7ando hoje novos recursos para a aba Atualiza\u00e7\u00f5es, onde voc\u00ea encontra os canais e o status. Nos \u00faltimos dois anos, trabalhamos para que essa aba se tornasse um espa\u00e7o em que voc\u00ea pode encontrar coisas novas no WhatsApp. Agora, ela j\u00e1 \u00e9 usada por 1,5 bilh\u00e3o de pessoas todos\u2026","rel":"","context":"In &quot;Recent News&quot;","block_context":{"text":"Recent News","link":"https:\/\/about.fb.com\/br\/news\/category\/recent-news\/"},"img":{"alt_text":"","src":"https:\/\/about.fb.com\/br\/wp-content\/uploads\/sites\/11\/2025\/06\/Brazilian-Portuguese_helping-you-find-more-channels-and-businesses-on-whatsapp-1.pt_BR.png?fit=1920%2C1080&resize=350%2C200","width":350,"height":200,"srcset":"https:\/\/about.fb.com\/br\/wp-content\/uploads\/sites\/11\/2025\/06\/Brazilian-Portuguese_helping-you-find-more-channels-and-businesses-on-whatsapp-1.pt_BR.png?fit=1920%2C1080&resize=350%2C200 1x, https:\/\/about.fb.com\/br\/wp-content\/uploads\/sites\/11\/2025\/06\/Brazilian-Portuguese_helping-you-find-more-channels-and-businesses-on-whatsapp-1.pt_BR.png?fit=1920%2C1080&resize=525%2C300 1.5x, https:\/\/about.fb.com\/br\/wp-content\/uploads\/sites\/11\/2025\/06\/Brazilian-Portuguese_helping-you-find-more-channels-and-businesses-on-whatsapp-1.pt_BR.png?fit=1920%2C1080&resize=700%2C400 2x, https:\/\/about.fb.com\/br\/wp-content\/uploads\/sites\/11\/2025\/06\/Brazilian-Portuguese_helping-you-find-more-channels-and-businesses-on-whatsapp-1.pt_BR.png?fit=1920%2C1080&resize=1050%2C600 3x, https:\/\/about.fb.com\/br\/wp-content\/uploads\/sites\/11\/2025\/06\/Brazilian-Portuguese_helping-you-find-more-channels-and-businesses-on-whatsapp-1.pt_BR.png?fit=1920%2C1080&resize=1400%2C800 4x"},"classes":[]},{"id":26692,"url":"https:\/\/about.fb.com\/br\/news\/2025\/10\/melhorando-suas-recomendacoes-em-nossos-aplicativos-com-ia-na-meta\/","url_meta":{"origin":23609,"position":2},"title":"Melhorando suas recomenda\u00e7\u00f5es em nossos aplicativos com IA na Meta","author":"Meta","date":"01\/10\/2025","format":false,"excerpt":"Mais de 1 bilh\u00e3o de pessoas usam Meta AI todo m\u00eas. Continuamos a melhorar a forma como nossos produtos de IA se mostram relevantes para voc\u00ea, entendem seus objetivos e ajudam a realizar tarefas de maneira mais eficiente. Tamb\u00e9m estamos usando Meta AI, bem como outros recursos de IA para\u2026","rel":"","context":"In &quot;Meta&quot;","block_context":{"text":"Meta","link":"https:\/\/about.fb.com\/br\/news\/category\/temas-home\/meta\/"},"img":{"alt_text":"","src":"https:\/\/about.fb.com\/br\/wp-content\/uploads\/sites\/11\/2025\/10\/Meta-Privacy-Update_Header.jpg?fit=1920%2C1080&resize=350%2C200","width":350,"height":200,"srcset":"https:\/\/about.fb.com\/br\/wp-content\/uploads\/sites\/11\/2025\/10\/Meta-Privacy-Update_Header.jpg?fit=1920%2C1080&resize=350%2C200 1x, https:\/\/about.fb.com\/br\/wp-content\/uploads\/sites\/11\/2025\/10\/Meta-Privacy-Update_Header.jpg?fit=1920%2C1080&resize=525%2C300 1.5x, https:\/\/about.fb.com\/br\/wp-content\/uploads\/sites\/11\/2025\/10\/Meta-Privacy-Update_Header.jpg?fit=1920%2C1080&resize=700%2C400 2x, https:\/\/about.fb.com\/br\/wp-content\/uploads\/sites\/11\/2025\/10\/Meta-Privacy-Update_Header.jpg?fit=1920%2C1080&resize=1050%2C600 3x, https:\/\/about.fb.com\/br\/wp-content\/uploads\/sites\/11\/2025\/10\/Meta-Privacy-Update_Header.jpg?fit=1920%2C1080&resize=1400%2C800 4x"},"classes":[]},{"id":26776,"url":"https:\/\/about.fb.com\/br\/news\/2025\/10\/fique-por-dentro-das-conversas-com-os-resumos-privados-de-mensagens\/","url_meta":{"origin":23609,"position":3},"title":"Fique por dentro das conversas com os resumos privados de mensagens","author":"Meta","date":"13\/10\/2025","format":false,"excerpt":"Todos j\u00e1 passamos por essa situa\u00e7\u00e3o: aquele momento em que voc\u00ea est\u00e1 correndo de uma reuni\u00e3o para a outra, tentando se atualizar depois de passar horas em um voo sem Wi-Fi ou simplesmente com mensagens demais para ler. \u00c0s vezes, tudo o que voc\u00ea precisa \u00e9 ficar por dentro do\u2026","rel":"","context":"In &quot;WhatsApp&quot;","block_context":{"text":"WhatsApp","link":"https:\/\/about.fb.com\/br\/news\/category\/technologies\/whatsapp\/"},"img":{"alt_text":"","src":"https:\/\/about.fb.com\/br\/wp-content\/uploads\/sites\/11\/2025\/10\/560785433_1346342276984081_8287918595290981758_n-1.png?fit=1920%2C1080&resize=350%2C200","width":350,"height":200,"srcset":"https:\/\/about.fb.com\/br\/wp-content\/uploads\/sites\/11\/2025\/10\/560785433_1346342276984081_8287918595290981758_n-1.png?fit=1920%2C1080&resize=350%2C200 1x, https:\/\/about.fb.com\/br\/wp-content\/uploads\/sites\/11\/2025\/10\/560785433_1346342276984081_8287918595290981758_n-1.png?fit=1920%2C1080&resize=525%2C300 1.5x, https:\/\/about.fb.com\/br\/wp-content\/uploads\/sites\/11\/2025\/10\/560785433_1346342276984081_8287918595290981758_n-1.png?fit=1920%2C1080&resize=700%2C400 2x, https:\/\/about.fb.com\/br\/wp-content\/uploads\/sites\/11\/2025\/10\/560785433_1346342276984081_8287918595290981758_n-1.png?fit=1920%2C1080&resize=1050%2C600 3x, https:\/\/about.fb.com\/br\/wp-content\/uploads\/sites\/11\/2025\/10\/560785433_1346342276984081_8287918595290981758_n-1.png?fit=1920%2C1080&resize=1400%2C800 4x"},"classes":[]},{"id":26895,"url":"https:\/\/about.fb.com\/br\/news\/2025\/12\/ajudando-bilhoes-de-pessoas-a-celebrar-o-ano-novo-no-whatsapp\/","url_meta":{"origin":23609,"position":4},"title":"Ajudando bilh\u00f5es de pessoas a celebrar o Ano Novo no WhatsApp","author":"Meta","date":"29\/12\/2025","format":false,"excerpt":"O Ano Novo \u00e9 o dia mais importante para o WhatsApp. A cada ano, batemos novos recordes de mensagens e liga\u00e7\u00f5es entre amigos e familiares. Em um dia comum, promovemos o envio de 100 bilh\u00f5es de mensagens e 2 bilh\u00f5es de liga\u00e7\u00f5es, mas as 24 horas em que o mundo\u2026","rel":"","context":"In &quot;Recent News&quot;","block_context":{"text":"Recent News","link":"https:\/\/about.fb.com\/br\/news\/category\/recent-news\/"},"img":{"alt_text":"","src":"https:\/\/about.fb.com\/br\/wp-content\/uploads\/sites\/11\/2025\/12\/597777742_1672249653829860_6610202159098060728_n.jpg?fit=1600%2C900&resize=350%2C200","width":350,"height":200,"srcset":"https:\/\/about.fb.com\/br\/wp-content\/uploads\/sites\/11\/2025\/12\/597777742_1672249653829860_6610202159098060728_n.jpg?fit=1600%2C900&resize=350%2C200 1x, https:\/\/about.fb.com\/br\/wp-content\/uploads\/sites\/11\/2025\/12\/597777742_1672249653829860_6610202159098060728_n.jpg?fit=1600%2C900&resize=525%2C300 1.5x, https:\/\/about.fb.com\/br\/wp-content\/uploads\/sites\/11\/2025\/12\/597777742_1672249653829860_6610202159098060728_n.jpg?fit=1600%2C900&resize=700%2C400 2x, https:\/\/about.fb.com\/br\/wp-content\/uploads\/sites\/11\/2025\/12\/597777742_1672249653829860_6610202159098060728_n.jpg?fit=1600%2C900&resize=1050%2C600 3x, https:\/\/about.fb.com\/br\/wp-content\/uploads\/sites\/11\/2025\/12\/597777742_1672249653829860_6610202159098060728_n.jpg?fit=1600%2C900&resize=1400%2C800 4x"},"classes":[]},{"id":26975,"url":"https:\/\/about.fb.com\/br\/news\/2026\/01\/protecao-de-privacidade-mais-recente-do-whatsapp-configuracoes-rigorosas-da-conta\/","url_meta":{"origin":23609,"position":5},"title":"Prote\u00e7\u00e3o de privacidade mais recente do WhatsApp: configura\u00e7\u00f5es rigorosas da conta","author":"Meta","date":"27\/01\/2026","format":false,"excerpt":"N\u00f3s acreditamos que as pessoas devem conseguir ter conversas privadas no WhatsApp, assim como fazem na vida real. Sempre defenderemos o direito \u00e0 privacidade para todos, come\u00e7ando com a criptografia de ponta a ponta padr\u00e3o. Contudo, para al\u00e9m disso, sabemos que algumas pessoas que usam nossos servi\u00e7os, como jornalistas ou\u2026","rel":"","context":"In &quot;WhatsApp&quot;","block_context":{"text":"WhatsApp","link":"https:\/\/about.fb.com\/br\/news\/category\/technologies\/whatsapp\/"},"img":{"alt_text":"","src":"https:\/\/about.fb.com\/br\/wp-content\/uploads\/sites\/11\/2026\/01\/WhatsApp_Protecao-de-Seguranca.jpg?fit=1920%2C1080&resize=350%2C200","width":350,"height":200,"srcset":"https:\/\/about.fb.com\/br\/wp-content\/uploads\/sites\/11\/2026\/01\/WhatsApp_Protecao-de-Seguranca.jpg?fit=1920%2C1080&resize=350%2C200 1x, https:\/\/about.fb.com\/br\/wp-content\/uploads\/sites\/11\/2026\/01\/WhatsApp_Protecao-de-Seguranca.jpg?fit=1920%2C1080&resize=525%2C300 1.5x, https:\/\/about.fb.com\/br\/wp-content\/uploads\/sites\/11\/2026\/01\/WhatsApp_Protecao-de-Seguranca.jpg?fit=1920%2C1080&resize=700%2C400 2x, https:\/\/about.fb.com\/br\/wp-content\/uploads\/sites\/11\/2026\/01\/WhatsApp_Protecao-de-Seguranca.jpg?fit=1920%2C1080&resize=1050%2C600 3x, https:\/\/about.fb.com\/br\/wp-content\/uploads\/sites\/11\/2026\/01\/WhatsApp_Protecao-de-Seguranca.jpg?fit=1920%2C1080&resize=1400%2C800 4x"},"classes":[]}],"jetpack_sharing_enabled":true,"amp_enabled":true,"_links":{"self":[{"href":"https:\/\/about.fb.com\/br\/wp-json\/wp\/v2\/posts\/23609","targetHints":{"allow":["GET"]}}],"collection":[{"href":"https:\/\/about.fb.com\/br\/wp-json\/wp\/v2\/posts"}],"about":[{"href":"https:\/\/about.fb.com\/br\/wp-json\/wp\/v2\/types\/post"}],"author":[{"embeddable":true,"href":"https:\/\/about.fb.com\/br\/wp-json\/wp\/v2\/users\/81109636"}],"replies":[{"embeddable":true,"href":"https:\/\/about.fb.com\/br\/wp-json\/wp\/v2\/comments?post=23609"}],"version-history":[{"count":8,"href":"https:\/\/about.fb.com\/br\/wp-json\/wp\/v2\/posts\/23609\/revisions"}],"predecessor-version":[{"id":23762,"href":"https:\/\/about.fb.com\/br\/wp-json\/wp\/v2\/posts\/23609\/revisions\/23762"}],"wp:featuredmedia":[{"embeddable":true,"href":"https:\/\/about.fb.com\/br\/wp-json\/wp\/v2\/media\/23611"}],"wp:attachment":[{"href":"https:\/\/about.fb.com\/br\/wp-json\/wp\/v2\/media?parent=23609"}],"wp:term":[{"taxonomy":"category","embeddable":true,"href":"https:\/\/about.fb.com\/br\/wp-json\/wp\/v2\/categories?post=23609"},{"taxonomy":"post_tag","embeddable":true,"href":"https:\/\/about.fb.com\/br\/wp-json\/wp\/v2\/tags?post=23609"}],"curies":[{"name":"wp","href":"https:\/\/api.w.org\/{rel}","templated":true}]}}