{"id":23297,"date":"2021-10-08T12:00:38","date_gmt":"2021-10-08T15:00:38","guid":{"rendered":"https:\/\/about.fb.com\/br\/?p=23297"},"modified":"2022-03-09T18:33:15","modified_gmt":"2022-03-09T21:33:15","slug":"restringindo-a-listagem-de-terras-da-amazonia-no-marketplace","status":"publish","type":"post","link":"https:\/\/about.fb.com\/br\/news\/2021\/10\/restringindo-a-listagem-de-terras-da-amazonia-no-marketplace\/","title":{"rendered":"Restringindo a listagem de terras da Amaz\u00f4nia no Marketplace"},"content":{"rendered":"<p><span style=\"font-weight: 400\">Estamos comprometidos com a sustentabilidade e com a prote\u00e7\u00e3o de terras em \u00e1reas de conserva\u00e7\u00e3o ecol\u00f3gica. Hoje, estamos anunciando medidas para inibir as tentativas de vender terras em \u00e1reas de conserva\u00e7\u00e3o ecol\u00f3gica dentro da floresta amaz\u00f4nica no Facebook Marketplace.<\/span><\/p>\n<p><span style=\"font-weight: 400\">Estamos atualizando nossas <\/span><a href=\"https:\/\/www.facebook.com\/policies_center\/commerce\"><span style=\"font-weight: 400\">pol\u00edticas de com\u00e9rcio<\/span><\/a><span style=\"font-weight: 400\"> para proibir explicitamente a compra ou venda de qualquer tipo de terras em \u00e1reas de conserva\u00e7\u00e3o ecol\u00f3gica em nossos produtos de com\u00e9rcio no Facebook, Instagram e WhatsApp.<\/span><\/p>\n<p><span style=\"font-weight: 400\">A partir de agora, analisaremos as listagens no Facebook Marketplace com base em um banco de dados oficial de \u00e1reas protegidas de uma organiza\u00e7\u00e3o internacional para identificar quais podem violar essa nova pol\u00edtica. As \u00e1reas protegidas s\u00e3o cruciais para a conserva\u00e7\u00e3o de habitats e ecossistemas, e s\u00e3o cr\u00edticas para enfrentar a crise global da natureza. Com base em crit\u00e9rios espec\u00edficos, o Facebook buscar\u00e1 identificar e bloquear novas listagens no Marketplace nessas \u00e1reas. Ao usar fontes de informa\u00e7\u00f5es complementares como esse banco de dados, estamos adicionando outra barreira para as pessoas que tentam vender essas terras no Marketplace. Estamos anunciando essas atualiza\u00e7\u00f5es hoje e come\u00e7aremos a aplic\u00e1-las gradualmente. Com o tempo, iremos observar como esse processo funciona e faremos as melhorias apropriadas.<\/span><\/p>\n<p><span style=\"font-weight: 400\">Nossas pol\u00edticas de com\u00e9rcio continuam exigindo que os compradores e vendedores cumpram todas as leis e regulamentos aplic\u00e1veis \u200b\u200bao usar as superf\u00edcies de com\u00e9rcio do Facebook.<\/span><\/p>\n<p><span style=\"font-weight: 400\">Esses s\u00e3o alguns dos primeiros passos que o Facebook est\u00e1 tomando para endere\u00e7ar esta quest\u00e3o. Assim como em outras iniciativas de integridade, continuaremos trabalhando para evitar que as pessoas burlem a aplica\u00e7\u00e3o de nossas pol\u00edticas. A venda de terras em \u00e1reas de conserva\u00e7\u00e3o acontece em outras plataformas e tamb\u00e9m offline, mas estamos comprometidos a continuar trabalhando com parceiros de sustentabilidade e autoridades para endere\u00e7ar esse tema em nossos aplicativos da melhor forma poss\u00edvel no longo prazo.<\/span><\/p>\n","protected":false},"excerpt":{"rendered":"Estamos comprometidos com a sustentabilidade e com a prote\u00e7\u00e3o de terras em \u00e1reas de conserva\u00e7\u00e3o ecol\u00f3gica. Hoje, estamos anunciando medidas para inibir as tentativas de vender terras em \u00e1reas de conserva\u00e7\u00e3o ecol\u00f3gica dentro da floresta amaz\u00f4nica no Facebook Marketplace. Estamos atualizando nossas pol\u00edticas de com\u00e9rcio para proibir explicitamente a compra ou venda de qualquer tipo de terras em \u00e1reas de conserva\u00e7\u00e3o ecol\u00f3gica em nossos produtos de com\u00e9rcio no Facebook, Instagram e WhatsApp. A partir de agora, analisaremos as listagens no Facebook Marketplace com base em um banco de dados oficial de \u00e1reas protegidas de uma organiza\u00e7\u00e3o internacional para identificar quais podem violar essa nova pol\u00edtica. As \u00e1reas protegidas s\u00e3o cruciais para a conserva\u00e7\u00e3o de habitats e ecossistemas, e s\u00e3o cr\u00edticas para enfrentar a crise global da natureza. Com base em crit\u00e9rios espec\u00edficos, o Facebook buscar\u00e1 identificar e bloquear novas listagens no Marketplace nessas \u00e1reas. Ao usar fontes de informa\u00e7\u00f5es complementares como esse banco de dados, estamos adicionando outra barreira para as pessoas que tentam vender essas terras no Marketplace. Estamos anunciando essas atualiza\u00e7\u00f5es hoje e come\u00e7aremos a aplic\u00e1-las gradualmente. Com o tempo, iremos observar como esse processo funciona e faremos as melhorias apropriadas. Nossas pol\u00edticas de com\u00e9rcio continuam exigindo que os compradores e vendedores cumpram todas as leis e regulamentos aplic\u00e1veis \u200b\u200bao usar as superf\u00edcies de com\u00e9rcio do Facebook. Esses s\u00e3o alguns dos primeiros passos que o Facebook est\u00e1 tomando para endere\u00e7ar esta quest\u00e3o. Assim como em outras iniciativas de integridade, continuaremos trabalhando para evitar que as pessoas burlem a aplica\u00e7\u00e3o de nossas pol\u00edticas. A venda de terras em \u00e1reas de conserva\u00e7\u00e3o acontece em outras plataformas e tamb\u00e9m offline, mas estamos comprometidos a continuar trabalhando com parceiros de sustentabilidade e autoridades para endere\u00e7ar esse tema em nossos aplicativos da melhor forma poss\u00edvel no longo prazo.","protected":false},"author":81109636,"featured_media":23298,"comment_status":"closed","ping_status":"closed","sticky":false,"template":"","format":"standard","meta":{"_jetpack_memberships_contains_paid_content":false,"footnotes":""},"categories":[396542115,1],"tags":[],"class_list":["post-23297","post","type-post","status-publish","format-standard","has-post-thumbnail","hentry","category-facebook","category-recent-news"],"yoast_head":"<!-- This site is optimized with the Yoast SEO plugin v27.2 - https:\/\/yoast.com\/product\/yoast-seo-wordpress\/ -->\n<title>Restringindo a listagem de terras da Amaz\u00f4nia no Marketplace | Sobre a Meta<\/title>\n<meta name=\"robots\" content=\"index, follow, max-snippet:-1, max-image-preview:large, max-video-preview:-1\" \/>\n<link rel=\"canonical\" href=\"https:\/\/about.fb.com\/br\/news\/2021\/10\/restringindo-a-listagem-de-terras-da-amazonia-no-marketplace\/\" \/>\n<meta property=\"og:locale\" content=\"pt_BR\" \/>\n<meta property=\"og:type\" content=\"article\" \/>\n<meta property=\"og:title\" content=\"Restringindo a listagem de terras da Amaz\u00f4nia no Marketplace | Sobre a Meta\" \/>\n<meta property=\"og:description\" content=\"Estamos comprometidos com a sustentabilidade e com a prote\u00e7\u00e3o de terras em \u00e1reas de conserva\u00e7\u00e3o ecol\u00f3gica. Hoje, estamos anunciando medidas para inibir as tentativas de vender terras em \u00e1reas de conserva\u00e7\u00e3o ecol\u00f3gica dentro da floresta amaz\u00f4nica no Facebook Marketplace. Estamos atualizando nossas pol\u00edticas de com\u00e9rcio para proibir explicitamente a compra ou venda de qualquer tipo de terras em \u00e1reas de conserva\u00e7\u00e3o ecol\u00f3gica em nossos produtos de com\u00e9rcio no Facebook, Instagram e WhatsApp. A partir de agora, analisaremos as listagens no Facebook Marketplace com base em um banco de dados oficial de \u00e1reas protegidas de uma organiza\u00e7\u00e3o internacional para identificar quais podem violar essa nova pol\u00edtica. As \u00e1reas protegidas s\u00e3o cruciais para a conserva\u00e7\u00e3o de habitats e ecossistemas, e s\u00e3o cr\u00edticas para enfrentar a crise global da natureza. Com base em crit\u00e9rios espec\u00edficos, o Facebook buscar\u00e1 identificar e bloquear novas listagens no Marketplace nessas \u00e1reas. Ao usar fontes de informa\u00e7\u00f5es complementares como esse banco de dados, estamos adicionando outra barreira para as pessoas que tentam vender essas terras no Marketplace. Estamos anunciando essas atualiza\u00e7\u00f5es hoje e come\u00e7aremos a aplic\u00e1-las gradualmente. Com o tempo, iremos observar como esse processo funciona e faremos as melhorias apropriadas. Nossas pol\u00edticas de com\u00e9rcio continuam exigindo que os compradores e vendedores cumpram todas as leis e regulamentos aplic\u00e1veis \u200b\u200bao usar as superf\u00edcies de com\u00e9rcio do Facebook. Esses s\u00e3o alguns dos primeiros passos que o Facebook est\u00e1 tomando para endere\u00e7ar esta quest\u00e3o. Assim como em outras iniciativas de integridade, continuaremos trabalhando para evitar que as pessoas burlem a aplica\u00e7\u00e3o de nossas pol\u00edticas. A venda de terras em \u00e1reas de conserva\u00e7\u00e3o acontece em outras plataformas e tamb\u00e9m offline, mas estamos comprometidos a continuar trabalhando com parceiros de sustentabilidade e autoridades para endere\u00e7ar esse tema em nossos aplicativos da melhor forma poss\u00edvel no longo prazo.\" \/>\n<meta property=\"og:url\" content=\"https:\/\/about.fb.com\/br\/news\/2021\/10\/restringindo-a-listagem-de-terras-da-amazonia-no-marketplace\/\" \/>\n<meta property=\"og:site_name\" content=\"Sobre a Meta\" \/>\n<meta property=\"article:published_time\" content=\"2021-10-08T15:00:38+00:00\" \/>\n<meta property=\"article:modified_time\" content=\"2022-03-09T21:33:15+00:00\" \/>\n<meta property=\"og:image\" content=\"https:\/\/about.fb.com\/br\/wp-content\/uploads\/sites\/11\/2021\/10\/WhatsApp-Image-2021-10-07-at-13.49.11.jpeg?resize=1024,576\" \/>\n\t<meta property=\"og:image:width\" content=\"1024\" \/>\n\t<meta property=\"og:image:height\" content=\"576\" \/>\n\t<meta property=\"og:image:type\" content=\"image\/jpeg\" \/>\n<meta name=\"author\" content=\"facebookbr\" \/>\n<meta name=\"twitter:card\" content=\"summary_large_image\" \/>\n<meta name=\"twitter:label1\" content=\"Written by\" \/>\n\t<meta name=\"twitter:data1\" content=\"Meta\" \/>\n\t<meta name=\"twitter:label2\" content=\"Est. reading time\" \/>\n\t<meta name=\"twitter:data2\" content=\"2 minutos\" \/>\n<script type=\"application\/ld+json\" class=\"yoast-schema-graph\">{\"@context\":\"https:\/\/schema.org\",\"@graph\":[{\"@type\":\"Article\",\"@id\":\"https:\/\/about.fb.com\/br\/news\/2021\/10\/restringindo-a-listagem-de-terras-da-amazonia-no-marketplace\/#article\",\"isPartOf\":{\"@id\":\"https:\/\/about.fb.com\/br\/news\/2021\/10\/restringindo-a-listagem-de-terras-da-amazonia-no-marketplace\/\"},\"author\":\"Facebook company\",\"headline\":\"Restringindo a listagem de terras da Amaz\u00f4nia no Marketplace\",\"datePublished\":\"2021-10-08T15:00:38+00:00\",\"dateModified\":\"2022-03-09T21:33:15+00:00\",\"mainEntityOfPage\":{\"@id\":\"https:\/\/about.fb.com\/br\/news\/2021\/10\/restringindo-a-listagem-de-terras-da-amazonia-no-marketplace\/\"},\"wordCount\":342,\"publisher\":{\"@id\":\"https:\/\/about.fb.com\/br\/#organization\"},\"image\":{\"@id\":\"https:\/\/about.fb.com\/br\/news\/2021\/10\/restringindo-a-listagem-de-terras-da-amazonia-no-marketplace\/#primaryimage\"},\"thumbnailUrl\":\"https:\/\/about.fb.com\/br\/wp-content\/uploads\/sites\/11\/2021\/10\/WhatsApp-Image-2021-10-07-at-13.49.11.jpeg?fit=1280%2C720\",\"articleSection\":[\"Facebook\",\"Recent News\"],\"inLanguage\":\"pt-BR\"},{\"@type\":\"WebPage\",\"@id\":\"https:\/\/about.fb.com\/br\/news\/2021\/10\/restringindo-a-listagem-de-terras-da-amazonia-no-marketplace\/\",\"url\":\"https:\/\/about.fb.com\/br\/news\/2021\/10\/restringindo-a-listagem-de-terras-da-amazonia-no-marketplace\/\",\"name\":\"Restringindo a listagem de terras da Amaz\u00f4nia no Marketplace | Sobre a Meta\",\"isPartOf\":{\"@id\":\"https:\/\/about.fb.com\/br\/#website\"},\"primaryImageOfPage\":{\"@id\":\"https:\/\/about.fb.com\/br\/news\/2021\/10\/restringindo-a-listagem-de-terras-da-amazonia-no-marketplace\/#primaryimage\"},\"image\":{\"@id\":\"https:\/\/about.fb.com\/br\/news\/2021\/10\/restringindo-a-listagem-de-terras-da-amazonia-no-marketplace\/#primaryimage\"},\"thumbnailUrl\":\"https:\/\/about.fb.com\/br\/wp-content\/uploads\/sites\/11\/2021\/10\/WhatsApp-Image-2021-10-07-at-13.49.11.jpeg?fit=1280%2C720\",\"datePublished\":\"2021-10-08T15:00:38+00:00\",\"dateModified\":\"2022-03-09T21:33:15+00:00\",\"breadcrumb\":{\"@id\":\"https:\/\/about.fb.com\/br\/news\/2021\/10\/restringindo-a-listagem-de-terras-da-amazonia-no-marketplace\/#breadcrumb\"},\"inLanguage\":\"pt-BR\",\"potentialAction\":[{\"@type\":\"ReadAction\",\"target\":[\"https:\/\/about.fb.com\/br\/news\/2021\/10\/restringindo-a-listagem-de-terras-da-amazonia-no-marketplace\/\"]}],\"author\":\"Sobre a Meta\"},{\"@type\":\"ImageObject\",\"inLanguage\":\"pt-BR\",\"@id\":\"https:\/\/about.fb.com\/br\/news\/2021\/10\/restringindo-a-listagem-de-terras-da-amazonia-no-marketplace\/#primaryimage\",\"url\":\"https:\/\/about.fb.com\/br\/wp-content\/uploads\/sites\/11\/2021\/10\/WhatsApp-Image-2021-10-07-at-13.49.11.jpeg?fit=1280%2C720\",\"contentUrl\":\"https:\/\/about.fb.com\/br\/wp-content\/uploads\/sites\/11\/2021\/10\/WhatsApp-Image-2021-10-07-at-13.49.11.jpeg?fit=1280%2C720\",\"width\":1280,\"height\":720},{\"@type\":\"BreadcrumbList\",\"@id\":\"https:\/\/about.fb.com\/br\/news\/2021\/10\/restringindo-a-listagem-de-terras-da-amazonia-no-marketplace\/#breadcrumb\",\"itemListElement\":[{\"@type\":\"ListItem\",\"position\":1,\"name\":\"Home\",\"item\":\"https:\/\/about.fb.com\/br\/\"},{\"@type\":\"ListItem\",\"position\":2,\"name\":\"Restringindo a listagem de terras da Amaz\u00f4nia no Marketplace\"}]},{\"@type\":\"WebSite\",\"@id\":\"https:\/\/about.fb.com\/br\/#website\",\"url\":\"https:\/\/about.fb.com\/news\/\",\"name\":\"Sobre a Meta\",\"description\":\"\",\"publisher\":{\"@id\":\"https:\/\/about.fb.com\/br\/#organization\"},\"potentialAction\":[{\"@type\":\"SearchAction\",\"target\":{\"@type\":\"EntryPoint\",\"urlTemplate\":\"https:\/\/about.fb.com\/br\/?s={search_term_string}\"},\"query-input\":{\"@type\":\"PropertyValueSpecification\",\"valueRequired\":true,\"valueName\":\"search_term_string\"}}],\"inLanguage\":\"pt-BR\",\"alternateName\":[\"Meta Newsroom\",\"Meta\"]},{\"@type\":\"Organization\",\"@id\":\"https:\/\/about.fb.com\/br\/#organization\",\"name\":\"Meta\",\"url\":\"https:\/\/about.fb.com\/br\/\",\"logo\":{\"@type\":\"ImageObject\",\"inLanguage\":\"pt-BR\",\"@id\":\"https:\/\/about.fb.com\/br\/#\/schema\/logo\/image\/\",\"url\":\"https:\/\/about.fb.com\/br\/wp-content\/uploads\/sites\/11\/2021\/10\/meta-social-16x9-1.jpg?fit=8000%2C4500\",\"contentUrl\":\"https:\/\/about.fb.com\/br\/wp-content\/uploads\/sites\/11\/2021\/10\/meta-social-16x9-1.jpg?fit=8000%2C4500\",\"width\":8000,\"height\":4500,\"caption\":\"Meta\"},\"image\":{\"@id\":\"https:\/\/about.fb.com\/br\/#\/schema\/logo\/image\/\"}}]}<\/script>\n<!-- \/ Yoast SEO plugin. -->","yoast_head_json":{"title":"Restringindo a listagem de terras da Amaz\u00f4nia no Marketplace | Sobre a Meta","robots":{"index":"index","follow":"follow","max-snippet":"max-snippet:-1","max-image-preview":"max-image-preview:large","max-video-preview":"max-video-preview:-1"},"canonical":"https:\/\/about.fb.com\/br\/news\/2021\/10\/restringindo-a-listagem-de-terras-da-amazonia-no-marketplace\/","og_locale":"pt_BR","og_type":"article","og_title":"Restringindo a listagem de terras da Amaz\u00f4nia no Marketplace | Sobre a Meta","og_description":"Estamos comprometidos com a sustentabilidade e com a prote\u00e7\u00e3o de terras em \u00e1reas de conserva\u00e7\u00e3o ecol\u00f3gica. Hoje, estamos anunciando medidas para inibir as tentativas de vender terras em \u00e1reas de conserva\u00e7\u00e3o ecol\u00f3gica dentro da floresta amaz\u00f4nica no Facebook Marketplace. Estamos atualizando nossas pol\u00edticas de com\u00e9rcio para proibir explicitamente a compra ou venda de qualquer tipo de terras em \u00e1reas de conserva\u00e7\u00e3o ecol\u00f3gica em nossos produtos de com\u00e9rcio no Facebook, Instagram e WhatsApp. A partir de agora, analisaremos as listagens no Facebook Marketplace com base em um banco de dados oficial de \u00e1reas protegidas de uma organiza\u00e7\u00e3o internacional para identificar quais podem violar essa nova pol\u00edtica. As \u00e1reas protegidas s\u00e3o cruciais para a conserva\u00e7\u00e3o de habitats e ecossistemas, e s\u00e3o cr\u00edticas para enfrentar a crise global da natureza. Com base em crit\u00e9rios espec\u00edficos, o Facebook buscar\u00e1 identificar e bloquear novas listagens no Marketplace nessas \u00e1reas. Ao usar fontes de informa\u00e7\u00f5es complementares como esse banco de dados, estamos adicionando outra barreira para as pessoas que tentam vender essas terras no Marketplace. Estamos anunciando essas atualiza\u00e7\u00f5es hoje e come\u00e7aremos a aplic\u00e1-las gradualmente. Com o tempo, iremos observar como esse processo funciona e faremos as melhorias apropriadas. Nossas pol\u00edticas de com\u00e9rcio continuam exigindo que os compradores e vendedores cumpram todas as leis e regulamentos aplic\u00e1veis \u200b\u200bao usar as superf\u00edcies de com\u00e9rcio do Facebook. Esses s\u00e3o alguns dos primeiros passos que o Facebook est\u00e1 tomando para endere\u00e7ar esta quest\u00e3o. Assim como em outras iniciativas de integridade, continuaremos trabalhando para evitar que as pessoas burlem a aplica\u00e7\u00e3o de nossas pol\u00edticas. A venda de terras em \u00e1reas de conserva\u00e7\u00e3o acontece em outras plataformas e tamb\u00e9m offline, mas estamos comprometidos a continuar trabalhando com parceiros de sustentabilidade e autoridades para endere\u00e7ar esse tema em nossos aplicativos da melhor forma poss\u00edvel no longo prazo.","og_url":"https:\/\/about.fb.com\/br\/news\/2021\/10\/restringindo-a-listagem-de-terras-da-amazonia-no-marketplace\/","og_site_name":"Sobre a Meta","article_published_time":"2021-10-08T15:00:38+00:00","article_modified_time":"2022-03-09T21:33:15+00:00","og_image":[{"width":1024,"height":576,"url":"https:\/\/about.fb.com\/br\/wp-content\/uploads\/sites\/11\/2021\/10\/WhatsApp-Image-2021-10-07-at-13.49.11.jpeg?resize=1024,576","type":"image\/jpeg"}],"author":"facebookbr","twitter_card":"summary_large_image","twitter_misc":{"Written by":"Meta","Est. reading time":"2 minutos"},"schema":{"@context":"https:\/\/schema.org","@graph":[{"@type":"Article","@id":"https:\/\/about.fb.com\/br\/news\/2021\/10\/restringindo-a-listagem-de-terras-da-amazonia-no-marketplace\/#article","isPartOf":{"@id":"https:\/\/about.fb.com\/br\/news\/2021\/10\/restringindo-a-listagem-de-terras-da-amazonia-no-marketplace\/"},"author":"Facebook company","headline":"Restringindo a listagem de terras da Amaz\u00f4nia no Marketplace","datePublished":"2021-10-08T15:00:38+00:00","dateModified":"2022-03-09T21:33:15+00:00","mainEntityOfPage":{"@id":"https:\/\/about.fb.com\/br\/news\/2021\/10\/restringindo-a-listagem-de-terras-da-amazonia-no-marketplace\/"},"wordCount":342,"publisher":{"@id":"https:\/\/about.fb.com\/br\/#organization"},"image":{"@id":"https:\/\/about.fb.com\/br\/news\/2021\/10\/restringindo-a-listagem-de-terras-da-amazonia-no-marketplace\/#primaryimage"},"thumbnailUrl":"https:\/\/about.fb.com\/br\/wp-content\/uploads\/sites\/11\/2021\/10\/WhatsApp-Image-2021-10-07-at-13.49.11.jpeg?fit=1280%2C720","articleSection":["Facebook","Recent News"],"inLanguage":"pt-BR"},{"@type":"WebPage","@id":"https:\/\/about.fb.com\/br\/news\/2021\/10\/restringindo-a-listagem-de-terras-da-amazonia-no-marketplace\/","url":"https:\/\/about.fb.com\/br\/news\/2021\/10\/restringindo-a-listagem-de-terras-da-amazonia-no-marketplace\/","name":"Restringindo a listagem de terras da Amaz\u00f4nia no Marketplace | Sobre a Meta","isPartOf":{"@id":"https:\/\/about.fb.com\/br\/#website"},"primaryImageOfPage":{"@id":"https:\/\/about.fb.com\/br\/news\/2021\/10\/restringindo-a-listagem-de-terras-da-amazonia-no-marketplace\/#primaryimage"},"image":{"@id":"https:\/\/about.fb.com\/br\/news\/2021\/10\/restringindo-a-listagem-de-terras-da-amazonia-no-marketplace\/#primaryimage"},"thumbnailUrl":"https:\/\/about.fb.com\/br\/wp-content\/uploads\/sites\/11\/2021\/10\/WhatsApp-Image-2021-10-07-at-13.49.11.jpeg?fit=1280%2C720","datePublished":"2021-10-08T15:00:38+00:00","dateModified":"2022-03-09T21:33:15+00:00","breadcrumb":{"@id":"https:\/\/about.fb.com\/br\/news\/2021\/10\/restringindo-a-listagem-de-terras-da-amazonia-no-marketplace\/#breadcrumb"},"inLanguage":"pt-BR","potentialAction":[{"@type":"ReadAction","target":["https:\/\/about.fb.com\/br\/news\/2021\/10\/restringindo-a-listagem-de-terras-da-amazonia-no-marketplace\/"]}],"author":"Sobre a Meta"},{"@type":"ImageObject","inLanguage":"pt-BR","@id":"https:\/\/about.fb.com\/br\/news\/2021\/10\/restringindo-a-listagem-de-terras-da-amazonia-no-marketplace\/#primaryimage","url":"https:\/\/about.fb.com\/br\/wp-content\/uploads\/sites\/11\/2021\/10\/WhatsApp-Image-2021-10-07-at-13.49.11.jpeg?fit=1280%2C720","contentUrl":"https:\/\/about.fb.com\/br\/wp-content\/uploads\/sites\/11\/2021\/10\/WhatsApp-Image-2021-10-07-at-13.49.11.jpeg?fit=1280%2C720","width":1280,"height":720},{"@type":"BreadcrumbList","@id":"https:\/\/about.fb.com\/br\/news\/2021\/10\/restringindo-a-listagem-de-terras-da-amazonia-no-marketplace\/#breadcrumb","itemListElement":[{"@type":"ListItem","position":1,"name":"Home","item":"https:\/\/about.fb.com\/br\/"},{"@type":"ListItem","position":2,"name":"Restringindo a listagem de terras da Amaz\u00f4nia no Marketplace"}]},{"@type":"WebSite","@id":"https:\/\/about.fb.com\/br\/#website","url":"https:\/\/about.fb.com\/news\/","name":"Sobre a Meta","description":"","publisher":{"@id":"https:\/\/about.fb.com\/br\/#organization"},"potentialAction":[{"@type":"SearchAction","target":{"@type":"EntryPoint","urlTemplate":"https:\/\/about.fb.com\/br\/?s={search_term_string}"},"query-input":{"@type":"PropertyValueSpecification","valueRequired":true,"valueName":"search_term_string"}}],"inLanguage":"pt-BR","alternateName":["Meta Newsroom","Meta"]},{"@type":"Organization","@id":"https:\/\/about.fb.com\/br\/#organization","name":"Meta","url":"https:\/\/about.fb.com\/br\/","logo":{"@type":"ImageObject","inLanguage":"pt-BR","@id":"https:\/\/about.fb.com\/br\/#\/schema\/logo\/image\/","url":"https:\/\/about.fb.com\/br\/wp-content\/uploads\/sites\/11\/2021\/10\/meta-social-16x9-1.jpg?fit=8000%2C4500","contentUrl":"https:\/\/about.fb.com\/br\/wp-content\/uploads\/sites\/11\/2021\/10\/meta-social-16x9-1.jpg?fit=8000%2C4500","width":8000,"height":4500,"caption":"Meta"},"image":{"@id":"https:\/\/about.fb.com\/br\/#\/schema\/logo\/image\/"}}]}},"jetpack_featured_media_url":"https:\/\/about.fb.com\/br\/wp-content\/uploads\/sites\/11\/2021\/10\/WhatsApp-Image-2021-10-07-at-13.49.11.jpeg?fit=1280%2C720","jetpack-related-posts":[{"id":26257,"url":"https:\/\/about.fb.com\/br\/news\/2025\/03\/novas-ferramentas-de-marketing-com-criadores-para-impulsionar-seu-negocio\/","url_meta":{"origin":23297,"position":0},"title":"Novas ferramentas de marketing com criadores para impulsionar seu neg\u00f3cio","author":"Meta","date":"25\/03\/2025","format":false,"excerpt":"Os criadores de conte\u00fado s\u00e3o pot\u00eancias influentes. Eles possuem um ponto de vista aut\u00eantico que o p\u00fablico deseja consumir e s\u00e3o extremamente talentosos no que fazem. Encontrar o criador ideal para contar a hist\u00f3ria da sua marca \u00e9 fundamental para o sucesso de uma campanha \u2013 53% das pessoas entrevistadas\u2026","rel":"","context":"In &quot;Meta&quot;","block_context":{"text":"Meta","link":"https:\/\/about.fb.com\/br\/news\/category\/temas-home\/meta\/"},"img":{"alt_text":"","src":"https:\/\/about.fb.com\/br\/wp-content\/uploads\/sites\/11\/2025\/03\/486522289_1855176755295072_5704983731428616907_n.png?resize=350%2C200","width":350,"height":200,"srcset":"https:\/\/about.fb.com\/br\/wp-content\/uploads\/sites\/11\/2025\/03\/486522289_1855176755295072_5704983731428616907_n.png?resize=350%2C200 1x, https:\/\/about.fb.com\/br\/wp-content\/uploads\/sites\/11\/2025\/03\/486522289_1855176755295072_5704983731428616907_n.png?resize=525%2C300 1.5x, https:\/\/about.fb.com\/br\/wp-content\/uploads\/sites\/11\/2025\/03\/486522289_1855176755295072_5704983731428616907_n.png?resize=700%2C400 2x, https:\/\/about.fb.com\/br\/wp-content\/uploads\/sites\/11\/2025\/03\/486522289_1855176755295072_5704983731428616907_n.png?resize=1050%2C600 3x, https:\/\/about.fb.com\/br\/wp-content\/uploads\/sites\/11\/2025\/03\/486522289_1855176755295072_5704983731428616907_n.png?resize=1400%2C800 4x"},"classes":[]},{"id":26869,"url":"https:\/\/about.fb.com\/br\/news\/2025\/12\/novas-ferramentas-com-ia-para-escalar-parcerias-entre-criadores-e-marcas\/","url_meta":{"origin":23297,"position":1},"title":"Novas ferramentas com IA para escalar parcerias entre criadores e marcas","author":"Meta","date":"11\/12\/2025","format":false,"excerpt":"[Atualizado em 30 de janeiro de 2026] Estamos compartilhando atualiza\u00e7\u00f5es adicionais que facilitam para as marcas descobrirem, avaliarem e se conectarem com criadores para campanhas de an\u00fancios em parceria usando o Marketplace de Criadores do Instagram. Expandindo o Marketplace de Criadores para empresas globalmente: A partir de hoje, estamos ampliando\u2026","rel":"","context":"In &quot;Meta&quot;","block_context":{"text":"Meta","link":"https:\/\/about.fb.com\/br\/news\/category\/temas-home\/meta\/"},"img":{"alt_text":"","src":"https:\/\/about.fb.com\/br\/wp-content\/uploads\/sites\/11\/2025\/07\/Logo-Meta-1.jpg?fit=633%2C356&resize=350%2C200","width":350,"height":200,"srcset":"https:\/\/about.fb.com\/br\/wp-content\/uploads\/sites\/11\/2025\/07\/Logo-Meta-1.jpg?fit=633%2C356&resize=350%2C200 1x, https:\/\/about.fb.com\/br\/wp-content\/uploads\/sites\/11\/2025\/07\/Logo-Meta-1.jpg?fit=633%2C356&resize=525%2C300 1.5x"},"classes":[]},{"id":26390,"url":"https:\/\/about.fb.com\/br\/news\/2025\/05\/meta-apresenta-novas-solucoes-para-criadores-e-marcas\/","url_meta":{"origin":23297,"position":2},"title":"Meta apresenta novas solu\u00e7\u00f5es para criadores e marcas","author":"Meta","date":"08\/05\/2025","format":false,"excerpt":"Com bilh\u00f5es de intera\u00e7\u00f5es di\u00e1rias, a Meta \u00e9 o lugar onde as pessoas descobrem, se conectam e compram. Nossos diversos formatos e posicionamentos de an\u00fancios ajudam as mensagens a serem vistas e ouvidas. Somente os Reels geram 4,5 bilh\u00f5es de compartilhamentos por dia. Hoje, anunciamos novas solu\u00e7\u00f5es de marketing com\u2026","rel":"","context":"In &quot;Meta&quot;","block_context":{"text":"Meta","link":"https:\/\/about.fb.com\/br\/news\/category\/temas-home\/meta\/"},"img":{"alt_text":"","src":"https:\/\/about.fb.com\/br\/wp-content\/uploads\/sites\/11\/2025\/05\/495518465_1208029907787418_2711818781208175959_n.gif?resize=350%2C200","width":350,"height":200},"classes":[]},{"id":26696,"url":"https:\/\/about.fb.com\/br\/news\/2025\/10\/desempenho-potencializado-por-ia-para-o-agora-e-o-futuro\/","url_meta":{"origin":23297,"position":3},"title":"Desempenho potencializado por IA para o agora e o futuro","author":"Meta","date":"02\/10\/2025","format":false,"excerpt":"Para os profissionais de marketing, cada ponto de desempenho incremental pode significar a diferen\u00e7a entre empatar e bater recordes. Por isso, a Meta continua investindo em solu\u00e7\u00f5es l\u00edderes com IA, incluindo o Advantage+ e a infraestrutura que o sustenta, para ajudar empresas, anunciantes e ag\u00eancias a expandirem rapidamente. Estamos escrevendo\u2026","rel":"","context":"In &quot;Meta&quot;","block_context":{"text":"Meta","link":"https:\/\/about.fb.com\/br\/news\/category\/temas-home\/meta\/"},"img":{"alt_text":"","src":"https:\/\/about.fb.com\/br\/wp-content\/uploads\/sites\/11\/2025\/07\/Logo-Meta-1.jpg?fit=633%2C356&resize=350%2C200","width":350,"height":200,"srcset":"https:\/\/about.fb.com\/br\/wp-content\/uploads\/sites\/11\/2025\/07\/Logo-Meta-1.jpg?fit=633%2C356&resize=350%2C200 1x, https:\/\/about.fb.com\/br\/wp-content\/uploads\/sites\/11\/2025\/07\/Logo-Meta-1.jpg?fit=633%2C356&resize=525%2C300 1.5x"},"classes":[]},{"id":26380,"url":"https:\/\/about.fb.com\/br\/news\/2025\/05\/protecao-contra-golpes-de-investimento-e-pagamento-on-line\/","url_meta":{"origin":23297,"position":4},"title":"Prote\u00e7\u00e3o contra golpes de investimento e pagamento on-line","author":"Meta","date":"07\/05\/2025","format":false,"excerpt":"Geralmente, golpistas tentam tirar vantagem de eventos e cen\u00e1rios atuais para aplicar golpes relacionados a investimentos e pagamentos. Eles se aproveitam de temores de recess\u00e3o, mudan\u00e7as no com\u00e9rcio global, volatilidade do mercado de a\u00e7\u00f5es ou novos comportamentos em rela\u00e7\u00e3o a criptomoedas para buscar seus alvos. Esses golpes s\u00e3o projetados para\u2026","rel":"","context":"In &quot;Recent News&quot;","block_context":{"text":"Recent News","link":"https:\/\/about.fb.com\/br\/news\/category\/recent-news\/"},"img":{"alt_text":"","src":"https:\/\/about.fb.com\/br\/wp-content\/uploads\/sites\/11\/2025\/05\/WhatsApp-Image-2025-05-06-at-17.56.41.jpeg?resize=350%2C200","width":350,"height":200,"srcset":"https:\/\/about.fb.com\/br\/wp-content\/uploads\/sites\/11\/2025\/05\/WhatsApp-Image-2025-05-06-at-17.56.41.jpeg?resize=350%2C200 1x, https:\/\/about.fb.com\/br\/wp-content\/uploads\/sites\/11\/2025\/05\/WhatsApp-Image-2025-05-06-at-17.56.41.jpeg?resize=525%2C300 1.5x, https:\/\/about.fb.com\/br\/wp-content\/uploads\/sites\/11\/2025\/05\/WhatsApp-Image-2025-05-06-at-17.56.41.jpeg?resize=700%2C400 2x, https:\/\/about.fb.com\/br\/wp-content\/uploads\/sites\/11\/2025\/05\/WhatsApp-Image-2025-05-06-at-17.56.41.jpeg?resize=1050%2C600 3x, https:\/\/about.fb.com\/br\/wp-content\/uploads\/sites\/11\/2025\/05\/WhatsApp-Image-2025-05-06-at-17.56.41.jpeg?resize=1400%2C800 4x"},"classes":[]},{"id":27047,"url":"https:\/\/about.fb.com\/br\/news\/2026\/03\/da-cultura-aos-negocios-como-a-ia-esta-impulsionando-conexoes-personalizadas-e-crescimento\/","url_meta":{"origin":23297,"position":5},"title":"Da cultura aos neg\u00f3cios: como a IA est\u00e1 impulsionando conex\u00f5es personalizadas e crescimento","author":"Meta","date":"26\/03\/2026","format":false,"excerpt":"Esta semana, a ind\u00fastria publicit\u00e1ria se reuniu no\u00a0Shoptalk\u00a0e no\u00a0IAB Newfronts\u00a0para explorar o futuro do e-commerce e da publicidade. Embora esses eventos foquem em diferentes partes da jornada do cliente, eles enfatizam um desafio compartilhado por todos os profissionais de marketing: capturar a aten\u00e7\u00e3o e transform\u00e1-la em a\u00e7\u00e3o significativa est\u00e1 mais\u2026","rel":"","context":"In &quot;Recent News&quot;","block_context":{"text":"Recent News","link":"https:\/\/about.fb.com\/br\/news\/category\/recent-news\/"},"img":{"alt_text":"","src":"https:\/\/about.fb.com\/br\/wp-content\/uploads\/sites\/11\/2026\/03\/Product-video-generation-tool-for-catalog-product-video.gif?resize=350%2C200","width":350,"height":200,"srcset":"https:\/\/about.fb.com\/br\/wp-content\/uploads\/sites\/11\/2026\/03\/Product-video-generation-tool-for-catalog-product-video.gif?resize=350%2C200 1x, https:\/\/about.fb.com\/br\/wp-content\/uploads\/sites\/11\/2026\/03\/Product-video-generation-tool-for-catalog-product-video.gif?resize=525%2C300 1.5x, https:\/\/about.fb.com\/br\/wp-content\/uploads\/sites\/11\/2026\/03\/Product-video-generation-tool-for-catalog-product-video.gif?resize=700%2C400 2x, https:\/\/about.fb.com\/br\/wp-content\/uploads\/sites\/11\/2026\/03\/Product-video-generation-tool-for-catalog-product-video.gif?resize=1050%2C600 3x"},"classes":[]}],"jetpack_sharing_enabled":true,"amp_enabled":true,"_links":{"self":[{"href":"https:\/\/about.fb.com\/br\/wp-json\/wp\/v2\/posts\/23297","targetHints":{"allow":["GET"]}}],"collection":[{"href":"https:\/\/about.fb.com\/br\/wp-json\/wp\/v2\/posts"}],"about":[{"href":"https:\/\/about.fb.com\/br\/wp-json\/wp\/v2\/types\/post"}],"author":[{"embeddable":true,"href":"https:\/\/about.fb.com\/br\/wp-json\/wp\/v2\/users\/81109636"}],"replies":[{"embeddable":true,"href":"https:\/\/about.fb.com\/br\/wp-json\/wp\/v2\/comments?post=23297"}],"version-history":[{"count":3,"href":"https:\/\/about.fb.com\/br\/wp-json\/wp\/v2\/posts\/23297\/revisions"}],"predecessor-version":[{"id":23770,"href":"https:\/\/about.fb.com\/br\/wp-json\/wp\/v2\/posts\/23297\/revisions\/23770"}],"wp:featuredmedia":[{"embeddable":true,"href":"https:\/\/about.fb.com\/br\/wp-json\/wp\/v2\/media\/23298"}],"wp:attachment":[{"href":"https:\/\/about.fb.com\/br\/wp-json\/wp\/v2\/media?parent=23297"}],"wp:term":[{"taxonomy":"category","embeddable":true,"href":"https:\/\/about.fb.com\/br\/wp-json\/wp\/v2\/categories?post=23297"},{"taxonomy":"post_tag","embeddable":true,"href":"https:\/\/about.fb.com\/br\/wp-json\/wp\/v2\/tags?post=23297"}],"curies":[{"name":"wp","href":"https:\/\/api.w.org\/{rel}","templated":true}]}}