{"id":23266,"date":"2021-09-28T13:29:34","date_gmt":"2021-09-28T16:29:34","guid":{"rendered":"https:\/\/about.fb.com\/br\/?p=23266"},"modified":"2021-09-29T13:35:24","modified_gmt":"2021-09-29T16:35:24","slug":"explicando-as-pesquisas-que-fazemos-para-apoiar-familias","status":"publish","type":"post","link":"https:\/\/about.fb.com\/br\/news\/2021\/09\/explicando-as-pesquisas-que-fazemos-para-apoiar-familias\/","title":{"rendered":"Explicando as pesquisas que fazemos para apoiar fam\u00edlias"},"content":{"rendered":"<ul>\n<li style=\"font-weight: 400\"><span style=\"font-weight: 400\">Como o WSJ informou h\u00e1 quatro anos, o Facebook apresentou o Messenger Kids &#8211; e assim como outros neste espa\u00e7o, estamos interessados em entender a pr\u00f3xima gera\u00e7\u00e3o.<\/span><\/li>\n<li style=\"font-weight: 400\"><span style=\"font-weight: 400\">Foi reportado anteriormente que o Facebook acredita que os pais devem ter op\u00e7\u00f5es mais seguras e adequadas \u00e0 idade para seus filhos &#8211; e que realizamos pesquisas para nos assegurar que nossos produtos sejam os mais seguros poss\u00edveis.<\/span><\/li>\n<li style=\"font-weight: 400\"><span style=\"font-weight: 400\">Crian\u00e7as menores de 13 anos n\u00e3o s\u00e3o permitidas no Instagram e no Facebook; e nossos sistemas removem essas contas quando as encontramos. Foram 600 mil no Instagram apenas nos \u00faltimos tr\u00eas meses.<\/span><\/li>\n<li style=\"font-weight: 400\"><span style=\"font-weight: 400\">O WSJ cita um slide interno com detalhamentos por idade, sem notar que a mesma taxonomia de idade \u00e9 usada pelo <\/span><a href=\"https:\/\/ico.org.uk\/for-organisations\/guide-to-data-protection\/ico-codes-of-practice\/age-appropriate-design-a-code-of-practice-for-online-services\/annex-b-age-and-developmental-stages\/\"><span style=\"font-weight: 400\">Age Appropriate Design Code<\/span><\/a><span style=\"font-weight: 400\"> (C\u00f3digo de Design Adequado \u00e0 Idade) e pelos legisladores para entender como projetar produtos de maneira adequada para jovens.<\/span><\/li>\n<\/ul>\n<p><span style=\"font-weight: 400\">Hoje, o Wall Street Journal questionou novamente nossos motivos para fazer pesquisas sobre o uso das m\u00eddias sociais por jovens. Isso nada mais \u00e9 do que uma tentativa de reciclar reportagens anteriores. Como o pr\u00f3prio WSJ aportou h\u00e1 quatro anos, temos um produto no mercado, o Messenger Kids, que se destina a usu\u00e1rios mais jovens. N\u00f3s o desenvolvemos com a contribui\u00e7\u00e3o de pais e m\u00e3es para garantir que forne\u00e7a uma experi\u00eancia mais segura para as crian\u00e7as mais jovens, supervisionado e controlado pelos pais. N\u00e3o h\u00e1 nada de nefasto ou secreto neste trabalho.<\/span><\/p>\n<p><span style=\"font-weight: 400\">A mat\u00e9ria apresentou a imagem de um slide interno que chama a aten\u00e7\u00e3o porque \u00e9 apresentado sem contexto. Na realidade, \u00e9 simplesmente uma estrutura que os legisladores internacionais t\u00eam defendido que utilizemos. Tratam-se de faixas et\u00e1rias usadas pelo C\u00f3digo de Design Adequado \u00e0 Idade e por outros especialistas em pol\u00edticas p\u00fablicas. O t\u00edtulo &#8220;para onde estamos indo&#8221; reflete o movimento da ind\u00fastria e dos legisladores em dire\u00e7\u00e3o a essa taxonomia, n\u00e3o aos planos de produto do Facebook, como o contexto da nota interna deixa claro.<\/span><\/p>\n<p><span style=\"font-weight: 400\">As empresas que operam em um espa\u00e7o altamente competitivo &#8211; incluindo o Wall Street Journal &#8211; se esfor\u00e7am para atrair as gera\u00e7\u00f5es mais jovens. Considerando que nossos concorrentes est\u00e3o fazendo a mesma coisa, seria realmente noticioso se o Facebook <\/span><strong>n\u00e3o<\/strong><span style=\"font-weight: 400\"> fizesse esse trabalho. O WSJ tamb\u00e9m tira uma frase de uma apresenta\u00e7\u00e3o interna intitulada \u201cExplorando os encontros entre crian\u00e7as como uma alavanca de crescimento\u201d. Infelizmente, a linguagem que usamos era uma maneira insens\u00edvel de colocar uma quest\u00e3o s\u00e9ria e n\u00e3o reflete nossa abordagem para construir o aplicativo. Fazia parte de uma pesquisa para entender melhor como fam\u00edlias e crian\u00e7as estavam usando o aplicativo Messenger Kids para melhorar suas experi\u00eancias com ele. N\u00f3s constru\u00edmos o Messenger Kids para criar uma experi\u00eancia mais segura gerenciada pelos pais para as crian\u00e7as. E, como ouvimos de pais em todo o mundo, os encontros para brincadeiras virtuais no Messenger Kids se tornaram uma ferramenta essencial para muitas fam\u00edlias durante a pandemia.<\/span><\/p>\n<p><span style=\"font-weight: 400\">Queremos manter os jovens seguros em nossos aplicativos, e isso inclui garantir que aqueles que n\u00e3o t\u00eam idade suficiente para us\u00e1-los, n\u00e3o o fa\u00e7am. Continuaremos investindo em pesquisas para ter certeza de que fazemos esse trabalho de forma ainda mais eficaz.<\/span><\/p>\n<p>&nbsp;<\/p>\n","protected":false},"excerpt":{"rendered":"Como o WSJ informou h\u00e1 quatro anos, o Facebook apresentou o Messenger Kids &#8211; e assim como outros neste espa\u00e7o, estamos interessados em entender a pr\u00f3xima gera\u00e7\u00e3o. Foi reportado anteriormente que o Facebook acredita que os pais devem ter op\u00e7\u00f5es mais seguras e adequadas \u00e0 idade para seus filhos &#8211; e que realizamos pesquisas para nos assegurar que nossos produtos sejam os mais seguros poss\u00edveis. Crian\u00e7as menores de 13 anos n\u00e3o s\u00e3o permitidas no Instagram e no Facebook; e nossos sistemas removem essas contas quando as encontramos. Foram 600 mil no Instagram apenas nos \u00faltimos tr\u00eas meses. O WSJ cita um slide interno com detalhamentos por idade, sem notar que a mesma taxonomia de idade \u00e9 usada pelo Age Appropriate Design Code (C\u00f3digo de Design Adequado \u00e0 Idade) e pelos legisladores para entender como projetar produtos de maneira adequada para jovens. Hoje, o Wall Street Journal questionou novamente nossos motivos para fazer pesquisas sobre o uso das m\u00eddias sociais por jovens. Isso nada mais \u00e9 do que uma tentativa de reciclar reportagens anteriores. Como o pr\u00f3prio WSJ aportou h\u00e1 quatro anos, temos um produto no mercado, o Messenger Kids, que se destina a usu\u00e1rios mais jovens. N\u00f3s o desenvolvemos com a contribui\u00e7\u00e3o de pais e m\u00e3es para garantir que forne\u00e7a uma experi\u00eancia mais segura para as crian\u00e7as mais jovens, supervisionado e controlado pelos pais. N\u00e3o h\u00e1 nada de nefasto ou secreto neste trabalho. A mat\u00e9ria apresentou a imagem de um slide interno que chama a aten\u00e7\u00e3o porque \u00e9 apresentado sem contexto. Na realidade, \u00e9 simplesmente uma estrutura que os legisladores internacionais t\u00eam defendido que utilizemos. Tratam-se de faixas et\u00e1rias usadas pelo C\u00f3digo de Design Adequado \u00e0 Idade e por outros especialistas em pol\u00edticas p\u00fablicas. O t\u00edtulo &#8220;para onde estamos indo&#8221; reflete o movimento da ind\u00fastria e dos legisladores em dire\u00e7\u00e3o a essa taxonomia, n\u00e3o aos planos de produto do Facebook, como o contexto da nota interna deixa claro. As empresas que operam em um espa\u00e7o altamente competitivo &#8211; incluindo o Wall Street Journal &#8211; se esfor\u00e7am para atrair as gera\u00e7\u00f5es mais jovens. Considerando que nossos concorrentes est\u00e3o fazendo a mesma coisa, seria realmente noticioso se o Facebook n\u00e3o fizesse esse trabalho. O WSJ tamb\u00e9m tira uma frase de uma apresenta\u00e7\u00e3o interna intitulada \u201cExplorando os encontros entre crian\u00e7as como uma alavanca de crescimento\u201d. Infelizmente, a linguagem que usamos era uma maneira insens\u00edvel de colocar uma quest\u00e3o s\u00e9ria e n\u00e3o reflete nossa abordagem para construir o aplicativo. Fazia parte de uma pesquisa para entender melhor como fam\u00edlias e crian\u00e7as estavam usando o aplicativo Messenger Kids para melhorar suas experi\u00eancias com ele. N\u00f3s constru\u00edmos o Messenger Kids para criar uma experi\u00eancia mais segura gerenciada pelos pais para as crian\u00e7as. E, como ouvimos de pais em todo o mundo, os encontros para brincadeiras virtuais no Messenger Kids se tornaram uma ferramenta essencial para muitas fam\u00edlias durante a pandemia. Queremos manter os jovens seguros em nossos aplicativos, e isso inclui garantir que aqueles que n\u00e3o t\u00eam idade suficiente para us\u00e1-los, n\u00e3o o fa\u00e7am. Continuaremos investindo em pesquisas para ter certeza de que fazemos esse trabalho de forma ainda mais eficaz. &nbsp;","protected":false},"author":81109636,"featured_media":0,"comment_status":"closed","ping_status":"closed","sticky":false,"template":"","format":"standard","meta":{"_jetpack_memberships_contains_paid_content":false,"footnotes":""},"categories":[1],"tags":[],"class_list":["post-23266","post","type-post","status-publish","format-standard","hentry","category-recent-news"],"yoast_head":"<!-- This site is optimized with the Yoast SEO plugin v27.2 - https:\/\/yoast.com\/product\/yoast-seo-wordpress\/ -->\n<title>Explicando as pesquisas que fazemos para apoiar fam\u00edlias | Sobre a Meta<\/title>\n<meta name=\"robots\" content=\"index, follow, max-snippet:-1, max-image-preview:large, max-video-preview:-1\" \/>\n<link rel=\"canonical\" href=\"https:\/\/about.fb.com\/br\/news\/2021\/09\/explicando-as-pesquisas-que-fazemos-para-apoiar-familias\/\" \/>\n<meta property=\"og:locale\" content=\"pt_BR\" \/>\n<meta property=\"og:type\" content=\"article\" \/>\n<meta property=\"og:title\" content=\"Explicando as pesquisas que fazemos para apoiar fam\u00edlias | Sobre a Meta\" \/>\n<meta property=\"og:description\" content=\"Como o WSJ informou h\u00e1 quatro anos, o Facebook apresentou o Messenger Kids &#8211; e assim como outros neste espa\u00e7o, estamos interessados em entender a pr\u00f3xima gera\u00e7\u00e3o. Foi reportado anteriormente que o Facebook acredita que os pais devem ter op\u00e7\u00f5es mais seguras e adequadas \u00e0 idade para seus filhos &#8211; e que realizamos pesquisas para nos assegurar que nossos produtos sejam os mais seguros poss\u00edveis. Crian\u00e7as menores de 13 anos n\u00e3o s\u00e3o permitidas no Instagram e no Facebook; e nossos sistemas removem essas contas quando as encontramos. Foram 600 mil no Instagram apenas nos \u00faltimos tr\u00eas meses. O WSJ cita um slide interno com detalhamentos por idade, sem notar que a mesma taxonomia de idade \u00e9 usada pelo Age Appropriate Design Code (C\u00f3digo de Design Adequado \u00e0 Idade) e pelos legisladores para entender como projetar produtos de maneira adequada para jovens. Hoje, o Wall Street Journal questionou novamente nossos motivos para fazer pesquisas sobre o uso das m\u00eddias sociais por jovens. Isso nada mais \u00e9 do que uma tentativa de reciclar reportagens anteriores. Como o pr\u00f3prio WSJ aportou h\u00e1 quatro anos, temos um produto no mercado, o Messenger Kids, que se destina a usu\u00e1rios mais jovens. N\u00f3s o desenvolvemos com a contribui\u00e7\u00e3o de pais e m\u00e3es para garantir que forne\u00e7a uma experi\u00eancia mais segura para as crian\u00e7as mais jovens, supervisionado e controlado pelos pais. N\u00e3o h\u00e1 nada de nefasto ou secreto neste trabalho. A mat\u00e9ria apresentou a imagem de um slide interno que chama a aten\u00e7\u00e3o porque \u00e9 apresentado sem contexto. Na realidade, \u00e9 simplesmente uma estrutura que os legisladores internacionais t\u00eam defendido que utilizemos. Tratam-se de faixas et\u00e1rias usadas pelo C\u00f3digo de Design Adequado \u00e0 Idade e por outros especialistas em pol\u00edticas p\u00fablicas. O t\u00edtulo &#8220;para onde estamos indo&#8221; reflete o movimento da ind\u00fastria e dos legisladores em dire\u00e7\u00e3o a essa taxonomia, n\u00e3o aos planos de produto do Facebook, como o contexto da nota interna deixa claro. As empresas que operam em um espa\u00e7o altamente competitivo &#8211; incluindo o Wall Street Journal &#8211; se esfor\u00e7am para atrair as gera\u00e7\u00f5es mais jovens. Considerando que nossos concorrentes est\u00e3o fazendo a mesma coisa, seria realmente noticioso se o Facebook n\u00e3o fizesse esse trabalho. O WSJ tamb\u00e9m tira uma frase de uma apresenta\u00e7\u00e3o interna intitulada \u201cExplorando os encontros entre crian\u00e7as como uma alavanca de crescimento\u201d. Infelizmente, a linguagem que usamos era uma maneira insens\u00edvel de colocar uma quest\u00e3o s\u00e9ria e n\u00e3o reflete nossa abordagem para construir o aplicativo. Fazia parte de uma pesquisa para entender melhor como fam\u00edlias e crian\u00e7as estavam usando o aplicativo Messenger Kids para melhorar suas experi\u00eancias com ele. N\u00f3s constru\u00edmos o Messenger Kids para criar uma experi\u00eancia mais segura gerenciada pelos pais para as crian\u00e7as. E, como ouvimos de pais em todo o mundo, os encontros para brincadeiras virtuais no Messenger Kids se tornaram uma ferramenta essencial para muitas fam\u00edlias durante a pandemia. Queremos manter os jovens seguros em nossos aplicativos, e isso inclui garantir que aqueles que n\u00e3o t\u00eam idade suficiente para us\u00e1-los, n\u00e3o o fa\u00e7am. Continuaremos investindo em pesquisas para ter certeza de que fazemos esse trabalho de forma ainda mais eficaz. &nbsp;\" \/>\n<meta property=\"og:url\" content=\"https:\/\/about.fb.com\/br\/news\/2021\/09\/explicando-as-pesquisas-que-fazemos-para-apoiar-familias\/\" \/>\n<meta property=\"og:site_name\" content=\"Sobre a Meta\" \/>\n<meta property=\"article:published_time\" content=\"2021-09-28T16:29:34+00:00\" \/>\n<meta property=\"article:modified_time\" content=\"2021-09-29T16:35:24+00:00\" \/>\n<meta property=\"og:image\" content=\"https:\/\/about.fb.com\/br\/wp-content\/uploads\/sites\/11\/2021\/10\/meta-social-16x9-1.jpg?resize=1024,576\" \/>\n\t<meta property=\"og:image:width\" content=\"1024\" \/>\n\t<meta property=\"og:image:height\" content=\"576\" \/>\n\t<meta property=\"og:image:type\" content=\"image\/jpeg\" \/>\n<meta name=\"author\" content=\"facebookbr\" \/>\n<meta name=\"twitter:card\" content=\"summary_large_image\" \/>\n<meta name=\"twitter:label1\" content=\"Written by\" \/>\n\t<meta name=\"twitter:data1\" content=\"Meta\" \/>\n\t<meta name=\"twitter:label2\" content=\"Est. reading time\" \/>\n\t<meta name=\"twitter:data2\" content=\"3 minutos\" \/>\n<script type=\"application\/ld+json\" class=\"yoast-schema-graph\">{\"@context\":\"https:\/\/schema.org\",\"@graph\":[{\"@type\":\"Article\",\"@id\":\"https:\/\/about.fb.com\/br\/news\/2021\/09\/explicando-as-pesquisas-que-fazemos-para-apoiar-familias\/#article\",\"isPartOf\":{\"@id\":\"https:\/\/about.fb.com\/br\/news\/2021\/09\/explicando-as-pesquisas-que-fazemos-para-apoiar-familias\/\"},\"author\":\"Facebook company\",\"headline\":\"Explicando as pesquisas que fazemos para apoiar fam\u00edlias\",\"datePublished\":\"2021-09-28T16:29:34+00:00\",\"dateModified\":\"2021-09-29T16:35:24+00:00\",\"mainEntityOfPage\":{\"@id\":\"https:\/\/about.fb.com\/br\/news\/2021\/09\/explicando-as-pesquisas-que-fazemos-para-apoiar-familias\/\"},\"wordCount\":572,\"publisher\":{\"@id\":\"https:\/\/about.fb.com\/br\/#organization\"},\"articleSection\":[\"Recent News\"],\"inLanguage\":\"pt-BR\"},{\"@type\":\"WebPage\",\"@id\":\"https:\/\/about.fb.com\/br\/news\/2021\/09\/explicando-as-pesquisas-que-fazemos-para-apoiar-familias\/\",\"url\":\"https:\/\/about.fb.com\/br\/news\/2021\/09\/explicando-as-pesquisas-que-fazemos-para-apoiar-familias\/\",\"name\":\"Explicando as pesquisas que fazemos para apoiar fam\u00edlias | Sobre a Meta\",\"isPartOf\":{\"@id\":\"https:\/\/about.fb.com\/br\/#website\"},\"datePublished\":\"2021-09-28T16:29:34+00:00\",\"dateModified\":\"2021-09-29T16:35:24+00:00\",\"breadcrumb\":{\"@id\":\"https:\/\/about.fb.com\/br\/news\/2021\/09\/explicando-as-pesquisas-que-fazemos-para-apoiar-familias\/#breadcrumb\"},\"inLanguage\":\"pt-BR\",\"potentialAction\":[{\"@type\":\"ReadAction\",\"target\":[\"https:\/\/about.fb.com\/br\/news\/2021\/09\/explicando-as-pesquisas-que-fazemos-para-apoiar-familias\/\"]}],\"author\":\"Sobre a Meta\"},{\"@type\":\"BreadcrumbList\",\"@id\":\"https:\/\/about.fb.com\/br\/news\/2021\/09\/explicando-as-pesquisas-que-fazemos-para-apoiar-familias\/#breadcrumb\",\"itemListElement\":[{\"@type\":\"ListItem\",\"position\":1,\"name\":\"Home\",\"item\":\"https:\/\/about.fb.com\/br\/\"},{\"@type\":\"ListItem\",\"position\":2,\"name\":\"Explicando as pesquisas que fazemos para apoiar fam\u00edlias\"}]},{\"@type\":\"WebSite\",\"@id\":\"https:\/\/about.fb.com\/br\/#website\",\"url\":\"https:\/\/about.fb.com\/news\/\",\"name\":\"Sobre a Meta\",\"description\":\"\",\"publisher\":{\"@id\":\"https:\/\/about.fb.com\/br\/#organization\"},\"potentialAction\":[{\"@type\":\"SearchAction\",\"target\":{\"@type\":\"EntryPoint\",\"urlTemplate\":\"https:\/\/about.fb.com\/br\/?s={search_term_string}\"},\"query-input\":{\"@type\":\"PropertyValueSpecification\",\"valueRequired\":true,\"valueName\":\"search_term_string\"}}],\"inLanguage\":\"pt-BR\",\"alternateName\":[\"Meta Newsroom\",\"Meta\"]},{\"@type\":\"Organization\",\"@id\":\"https:\/\/about.fb.com\/br\/#organization\",\"name\":\"Meta\",\"url\":\"https:\/\/about.fb.com\/br\/\",\"logo\":{\"@type\":\"ImageObject\",\"inLanguage\":\"pt-BR\",\"@id\":\"https:\/\/about.fb.com\/br\/#\/schema\/logo\/image\/\",\"url\":\"https:\/\/about.fb.com\/br\/wp-content\/uploads\/sites\/11\/2021\/10\/meta-social-16x9-1.jpg?fit=8000%2C4500\",\"contentUrl\":\"https:\/\/about.fb.com\/br\/wp-content\/uploads\/sites\/11\/2021\/10\/meta-social-16x9-1.jpg?fit=8000%2C4500\",\"width\":8000,\"height\":4500,\"caption\":\"Meta\"},\"image\":{\"@id\":\"https:\/\/about.fb.com\/br\/#\/schema\/logo\/image\/\"}}]}<\/script>\n<!-- \/ Yoast SEO plugin. -->","yoast_head_json":{"title":"Explicando as pesquisas que fazemos para apoiar fam\u00edlias | Sobre a Meta","robots":{"index":"index","follow":"follow","max-snippet":"max-snippet:-1","max-image-preview":"max-image-preview:large","max-video-preview":"max-video-preview:-1"},"canonical":"https:\/\/about.fb.com\/br\/news\/2021\/09\/explicando-as-pesquisas-que-fazemos-para-apoiar-familias\/","og_locale":"pt_BR","og_type":"article","og_title":"Explicando as pesquisas que fazemos para apoiar fam\u00edlias | Sobre a Meta","og_description":"Como o WSJ informou h\u00e1 quatro anos, o Facebook apresentou o Messenger Kids &#8211; e assim como outros neste espa\u00e7o, estamos interessados em entender a pr\u00f3xima gera\u00e7\u00e3o. Foi reportado anteriormente que o Facebook acredita que os pais devem ter op\u00e7\u00f5es mais seguras e adequadas \u00e0 idade para seus filhos &#8211; e que realizamos pesquisas para nos assegurar que nossos produtos sejam os mais seguros poss\u00edveis. Crian\u00e7as menores de 13 anos n\u00e3o s\u00e3o permitidas no Instagram e no Facebook; e nossos sistemas removem essas contas quando as encontramos. Foram 600 mil no Instagram apenas nos \u00faltimos tr\u00eas meses. O WSJ cita um slide interno com detalhamentos por idade, sem notar que a mesma taxonomia de idade \u00e9 usada pelo Age Appropriate Design Code (C\u00f3digo de Design Adequado \u00e0 Idade) e pelos legisladores para entender como projetar produtos de maneira adequada para jovens. Hoje, o Wall Street Journal questionou novamente nossos motivos para fazer pesquisas sobre o uso das m\u00eddias sociais por jovens. Isso nada mais \u00e9 do que uma tentativa de reciclar reportagens anteriores. Como o pr\u00f3prio WSJ aportou h\u00e1 quatro anos, temos um produto no mercado, o Messenger Kids, que se destina a usu\u00e1rios mais jovens. N\u00f3s o desenvolvemos com a contribui\u00e7\u00e3o de pais e m\u00e3es para garantir que forne\u00e7a uma experi\u00eancia mais segura para as crian\u00e7as mais jovens, supervisionado e controlado pelos pais. N\u00e3o h\u00e1 nada de nefasto ou secreto neste trabalho. A mat\u00e9ria apresentou a imagem de um slide interno que chama a aten\u00e7\u00e3o porque \u00e9 apresentado sem contexto. Na realidade, \u00e9 simplesmente uma estrutura que os legisladores internacionais t\u00eam defendido que utilizemos. Tratam-se de faixas et\u00e1rias usadas pelo C\u00f3digo de Design Adequado \u00e0 Idade e por outros especialistas em pol\u00edticas p\u00fablicas. O t\u00edtulo &#8220;para onde estamos indo&#8221; reflete o movimento da ind\u00fastria e dos legisladores em dire\u00e7\u00e3o a essa taxonomia, n\u00e3o aos planos de produto do Facebook, como o contexto da nota interna deixa claro. As empresas que operam em um espa\u00e7o altamente competitivo &#8211; incluindo o Wall Street Journal &#8211; se esfor\u00e7am para atrair as gera\u00e7\u00f5es mais jovens. Considerando que nossos concorrentes est\u00e3o fazendo a mesma coisa, seria realmente noticioso se o Facebook n\u00e3o fizesse esse trabalho. O WSJ tamb\u00e9m tira uma frase de uma apresenta\u00e7\u00e3o interna intitulada \u201cExplorando os encontros entre crian\u00e7as como uma alavanca de crescimento\u201d. Infelizmente, a linguagem que usamos era uma maneira insens\u00edvel de colocar uma quest\u00e3o s\u00e9ria e n\u00e3o reflete nossa abordagem para construir o aplicativo. Fazia parte de uma pesquisa para entender melhor como fam\u00edlias e crian\u00e7as estavam usando o aplicativo Messenger Kids para melhorar suas experi\u00eancias com ele. N\u00f3s constru\u00edmos o Messenger Kids para criar uma experi\u00eancia mais segura gerenciada pelos pais para as crian\u00e7as. E, como ouvimos de pais em todo o mundo, os encontros para brincadeiras virtuais no Messenger Kids se tornaram uma ferramenta essencial para muitas fam\u00edlias durante a pandemia. Queremos manter os jovens seguros em nossos aplicativos, e isso inclui garantir que aqueles que n\u00e3o t\u00eam idade suficiente para us\u00e1-los, n\u00e3o o fa\u00e7am. Continuaremos investindo em pesquisas para ter certeza de que fazemos esse trabalho de forma ainda mais eficaz. &nbsp;","og_url":"https:\/\/about.fb.com\/br\/news\/2021\/09\/explicando-as-pesquisas-que-fazemos-para-apoiar-familias\/","og_site_name":"Sobre a Meta","article_published_time":"2021-09-28T16:29:34+00:00","article_modified_time":"2021-09-29T16:35:24+00:00","og_image":[{"width":1024,"height":576,"url":"https:\/\/about.fb.com\/br\/wp-content\/uploads\/sites\/11\/2021\/10\/meta-social-16x9-1.jpg?resize=1024,576","type":"image\/jpeg"}],"author":"facebookbr","twitter_card":"summary_large_image","twitter_misc":{"Written by":"Meta","Est. reading time":"3 minutos"},"schema":{"@context":"https:\/\/schema.org","@graph":[{"@type":"Article","@id":"https:\/\/about.fb.com\/br\/news\/2021\/09\/explicando-as-pesquisas-que-fazemos-para-apoiar-familias\/#article","isPartOf":{"@id":"https:\/\/about.fb.com\/br\/news\/2021\/09\/explicando-as-pesquisas-que-fazemos-para-apoiar-familias\/"},"author":"Facebook company","headline":"Explicando as pesquisas que fazemos para apoiar fam\u00edlias","datePublished":"2021-09-28T16:29:34+00:00","dateModified":"2021-09-29T16:35:24+00:00","mainEntityOfPage":{"@id":"https:\/\/about.fb.com\/br\/news\/2021\/09\/explicando-as-pesquisas-que-fazemos-para-apoiar-familias\/"},"wordCount":572,"publisher":{"@id":"https:\/\/about.fb.com\/br\/#organization"},"articleSection":["Recent News"],"inLanguage":"pt-BR"},{"@type":"WebPage","@id":"https:\/\/about.fb.com\/br\/news\/2021\/09\/explicando-as-pesquisas-que-fazemos-para-apoiar-familias\/","url":"https:\/\/about.fb.com\/br\/news\/2021\/09\/explicando-as-pesquisas-que-fazemos-para-apoiar-familias\/","name":"Explicando as pesquisas que fazemos para apoiar fam\u00edlias | Sobre a Meta","isPartOf":{"@id":"https:\/\/about.fb.com\/br\/#website"},"datePublished":"2021-09-28T16:29:34+00:00","dateModified":"2021-09-29T16:35:24+00:00","breadcrumb":{"@id":"https:\/\/about.fb.com\/br\/news\/2021\/09\/explicando-as-pesquisas-que-fazemos-para-apoiar-familias\/#breadcrumb"},"inLanguage":"pt-BR","potentialAction":[{"@type":"ReadAction","target":["https:\/\/about.fb.com\/br\/news\/2021\/09\/explicando-as-pesquisas-que-fazemos-para-apoiar-familias\/"]}],"author":"Sobre a Meta"},{"@type":"BreadcrumbList","@id":"https:\/\/about.fb.com\/br\/news\/2021\/09\/explicando-as-pesquisas-que-fazemos-para-apoiar-familias\/#breadcrumb","itemListElement":[{"@type":"ListItem","position":1,"name":"Home","item":"https:\/\/about.fb.com\/br\/"},{"@type":"ListItem","position":2,"name":"Explicando as pesquisas que fazemos para apoiar fam\u00edlias"}]},{"@type":"WebSite","@id":"https:\/\/about.fb.com\/br\/#website","url":"https:\/\/about.fb.com\/news\/","name":"Sobre a Meta","description":"","publisher":{"@id":"https:\/\/about.fb.com\/br\/#organization"},"potentialAction":[{"@type":"SearchAction","target":{"@type":"EntryPoint","urlTemplate":"https:\/\/about.fb.com\/br\/?s={search_term_string}"},"query-input":{"@type":"PropertyValueSpecification","valueRequired":true,"valueName":"search_term_string"}}],"inLanguage":"pt-BR","alternateName":["Meta Newsroom","Meta"]},{"@type":"Organization","@id":"https:\/\/about.fb.com\/br\/#organization","name":"Meta","url":"https:\/\/about.fb.com\/br\/","logo":{"@type":"ImageObject","inLanguage":"pt-BR","@id":"https:\/\/about.fb.com\/br\/#\/schema\/logo\/image\/","url":"https:\/\/about.fb.com\/br\/wp-content\/uploads\/sites\/11\/2021\/10\/meta-social-16x9-1.jpg?fit=8000%2C4500","contentUrl":"https:\/\/about.fb.com\/br\/wp-content\/uploads\/sites\/11\/2021\/10\/meta-social-16x9-1.jpg?fit=8000%2C4500","width":8000,"height":4500,"caption":"Meta"},"image":{"@id":"https:\/\/about.fb.com\/br\/#\/schema\/logo\/image\/"}}]}},"jetpack_featured_media_url":"","jetpack-related-posts":[{"id":26432,"url":"https:\/\/about.fb.com\/br\/news\/2025\/05\/pais-brasileiros-apoiam-aprovacao-parental-para-download-de-apps-via-lojas-de-aplicativos\/","url_meta":{"origin":23266,"position":0},"title":"Pais brasileiros apoiam aprova\u00e7\u00e3o parental para download de apps via lojas de aplicativos","author":"Meta","date":"27\/05\/2025","format":false,"excerpt":"Criar filhos adolescentes no mundo digital n\u00e3o \u00e9 uma tarefa f\u00e1cil. Estudos recentes feitos nos Estados Unidos mostram que os adolescentes hoje usam, em m\u00e9dia, 40 aplicativos por semana, mudando de um para o outro com fluidez. Pode parecer imposs\u00edvel para os pais acompanhar todos os aplicativos que seus filhos\u2026","rel":"","context":"In &quot;Recent News&quot;","block_context":{"text":"Recent News","link":"https:\/\/about.fb.com\/br\/news\/category\/recent-news\/"},"img":{"alt_text":"","src":"","width":0,"height":0},"classes":[]},{"id":26295,"url":"https:\/\/about.fb.com\/br\/news\/2025\/04\/conta-de-adolescente-no-instagram-tera-novas-restricoes-e-chega-ao-facebook-e-o-messenger\/","url_meta":{"origin":23266,"position":1},"title":"Conta de Adolescente no Instagram ter\u00e1 novas restri\u00e7\u00f5es e chega ao Facebook e o Messenger","author":"Meta","date":"08\/04\/2025","format":false,"excerpt":"Atualiza\u00e7\u00e3o 25\/09\/2025: H\u00e1 um ano, lan\u00e7amos as Contas de Adolescente \u2014 um passo significativo para ajudar a manter os adolescentes seguros em nossos aplicativos. As Contas de Adolescente j\u00e1 foram implementadas globalmente no Instagram e est\u00e3o se expandindo tamb\u00e9m para adolescentes em todo o mundo no Facebook e Messenger. As\u2026","rel":"","context":"In &quot;Recent News&quot;","block_context":{"text":"Recent News","link":"https:\/\/about.fb.com\/br\/news\/category\/recent-news\/"},"img":{"alt_text":"","src":"https:\/\/about.fb.com\/br\/wp-content\/uploads\/sites\/11\/2025\/04\/05_pt_BR.png?resize=350%2C200","width":350,"height":200},"classes":[]},{"id":27019,"url":"https:\/\/about.fb.com\/br\/news\/2026\/03\/nossas-medidas-para-dar-apoio-as-familias-no-brasil\/","url_meta":{"origin":23266,"position":2},"title":"Nossas medidas para dar apoio \u00e0s fam\u00edlias no Brasil","author":"Meta","date":"17\/03\/2026","format":false,"excerpt":"O Estatuto Digital da Crian\u00e7a e do Adolescente (ECA Digital) entra em vigor hoje (17) no Brasil. Como parte do nosso trabalho para cumprir a lei, estamos implementando recursos adicionais \u00e0s prote\u00e7\u00f5es j\u00e1 existentes nas Contas de Adolescentes para dar aos pais mais formas de supervisionar o uso que seus\u2026","rel":"","context":"In &quot;Recent News&quot;","block_context":{"text":"Recent News","link":"https:\/\/about.fb.com\/br\/news\/category\/recent-news\/"},"img":{"alt_text":"","src":"","width":0,"height":0},"classes":[]},{"id":26734,"url":"https:\/\/about.fb.com\/br\/news\/2025\/10\/conteudo-da-conta-de-adolescente-sera-alinhado-a-classificacao-indicativa-de-13-anos\/","url_meta":{"origin":23266,"position":3},"title":"Contas de adolescentes no Instagram ser\u00e3o inspiradas pelas classifica\u00e7\u00f5es indicativas de filmes para maiores de 13 anos","author":"Meta","date":"14\/10\/2025","format":false,"excerpt":"Hoje, anunciamos que as contas do Instagram para adolescentes passar\u00e3o a ser orientadas, por padr\u00e3o, pelas classifica\u00e7\u00f5es de filmes para maiores de 13 anos. Isso significa que os adolescentes ver\u00e3o conte\u00fado no Instagram semelhante ao que veriam em um filme apropriado para sua idade. Adolescentes menores de 18 anos ser\u00e3o\u2026","rel":"","context":"In &quot;Fortalecendo Comunidades&quot;","block_context":{"text":"Fortalecendo Comunidades","link":"https:\/\/about.fb.com\/br\/news\/category\/temas-home\/comunidades\/"},"img":{"alt_text":"","src":"","width":0,"height":0},"classes":[]},{"id":26169,"url":"https:\/\/about.fb.com\/br\/news\/2025\/02\/introduzindo-conta-de-adolescente-no-brasil\/","url_meta":{"origin":23266,"position":4},"title":"Introduzindo Conta de Adolescente no Brasil","author":"Meta","date":"11\/02\/2025","format":false,"excerpt":"Hoje, estamos animados em anunciar que come\u00e7amos a implementar gradualmente a Conta de Adolescente do Instagram no Brasil. Pensamos constantemente em como podemos continuar a promover experi\u00eancias adequadas \u00e0 idade para os adolescentes\u00a0 e, ao mesmo tempo, dar aos pais a tranquilidade de saber que seus filhos est\u00e3o seguros e\u2026","rel":"","context":"In &quot;Recent News&quot;","block_context":{"text":"Recent News","link":"https:\/\/about.fb.com\/br\/news\/category\/recent-news\/"},"img":{"alt_text":"","src":"https:\/\/about.fb.com\/br\/wp-content\/uploads\/sites\/11\/2025\/02\/Copy-of-ROW_Teen_QPs_pt_BR.png?fit=5760%2C3840&resize=350%2C200","width":350,"height":200,"srcset":"https:\/\/about.fb.com\/br\/wp-content\/uploads\/sites\/11\/2025\/02\/Copy-of-ROW_Teen_QPs_pt_BR.png?fit=5760%2C3840&resize=350%2C200 1x, https:\/\/about.fb.com\/br\/wp-content\/uploads\/sites\/11\/2025\/02\/Copy-of-ROW_Teen_QPs_pt_BR.png?fit=5760%2C3840&resize=525%2C300 1.5x, https:\/\/about.fb.com\/br\/wp-content\/uploads\/sites\/11\/2025\/02\/Copy-of-ROW_Teen_QPs_pt_BR.png?fit=5760%2C3840&resize=700%2C400 2x, https:\/\/about.fb.com\/br\/wp-content\/uploads\/sites\/11\/2025\/02\/Copy-of-ROW_Teen_QPs_pt_BR.png?fit=5760%2C3840&resize=1050%2C600 3x, https:\/\/about.fb.com\/br\/wp-content\/uploads\/sites\/11\/2025\/02\/Copy-of-ROW_Teen_QPs_pt_BR.png?fit=5760%2C3840&resize=1400%2C800 4x"},"classes":[]},{"id":26332,"url":"https:\/\/about.fb.com\/br\/news\/2025\/04\/trabalhando-junto-aos-pais-e-com-novas-tecnologias-para-inserir-mais-jovens-nas-contas-de-adolescente\/","url_meta":{"origin":23266,"position":5},"title":"Trabalhando junto aos pais e com novas tecnologias para inserir mais jovens nas Contas de Adolescente","author":"Meta","date":"22\/04\/2025","format":false,"excerpt":"Lan\u00e7amos as Contas de Adolescente no Instagram no ano passado para oferecer mais suporte aos pais e proporcionar a tranquilidade de que seus filhos est\u00e3o protegidos da maneira certa. Essa experi\u00eancia reformulada conta com prote\u00e7\u00f5es integradas que limitam quem pode entrar em contato com os adolescentes, o conte\u00fado que eles\u2026","rel":"","context":"In &quot;Recent News&quot;","block_context":{"text":"Recent News","link":"https:\/\/about.fb.com\/br\/news\/category\/recent-news\/"},"img":{"alt_text":"","src":"","width":0,"height":0},"classes":[]}],"jetpack_sharing_enabled":true,"amp_enabled":true,"_links":{"self":[{"href":"https:\/\/about.fb.com\/br\/wp-json\/wp\/v2\/posts\/23266","targetHints":{"allow":["GET"]}}],"collection":[{"href":"https:\/\/about.fb.com\/br\/wp-json\/wp\/v2\/posts"}],"about":[{"href":"https:\/\/about.fb.com\/br\/wp-json\/wp\/v2\/types\/post"}],"author":[{"embeddable":true,"href":"https:\/\/about.fb.com\/br\/wp-json\/wp\/v2\/users\/81109636"}],"replies":[{"embeddable":true,"href":"https:\/\/about.fb.com\/br\/wp-json\/wp\/v2\/comments?post=23266"}],"version-history":[{"count":2,"href":"https:\/\/about.fb.com\/br\/wp-json\/wp\/v2\/posts\/23266\/revisions"}],"predecessor-version":[{"id":23268,"href":"https:\/\/about.fb.com\/br\/wp-json\/wp\/v2\/posts\/23266\/revisions\/23268"}],"wp:attachment":[{"href":"https:\/\/about.fb.com\/br\/wp-json\/wp\/v2\/media?parent=23266"}],"wp:term":[{"taxonomy":"category","embeddable":true,"href":"https:\/\/about.fb.com\/br\/wp-json\/wp\/v2\/categories?post=23266"},{"taxonomy":"post_tag","embeddable":true,"href":"https:\/\/about.fb.com\/br\/wp-json\/wp\/v2\/tags?post=23266"}],"curies":[{"name":"wp","href":"https:\/\/api.w.org\/{rel}","templated":true}]}}