{"id":23206,"date":"2021-09-20T13:06:43","date_gmt":"2021-09-20T16:06:43","guid":{"rendered":"https:\/\/about.fb.com\/br\/?p=23206"},"modified":"2021-09-20T13:15:42","modified_gmt":"2021-09-20T16:15:42","slug":"facebook-na-assembleia-geral-da-onu-2021","status":"publish","type":"post","link":"https:\/\/about.fb.com\/br\/news\/2021\/09\/facebook-na-assembleia-geral-da-onu-2021\/","title":{"rendered":"Facebook na Assembl\u00e9ia Geral da ONU 2021"},"content":{"rendered":"<p><span style=\"font-weight: 400\">L\u00edderes de todo o mundo se reunir\u00e3o mais uma vez esta semana para a Assembleia Geral das Na\u00e7\u00f5es Unidas (AGNU). H\u00e1 muito o que discutir. Da pandemia de COVID-19 \u00e0s mudan\u00e7as clim\u00e1ticas e \u00e0s necessidades humanit\u00e1rias. Conforme refletido na <a href=\"https:\/\/www.un.org\/en\/un75\/common-agenda\">Agenda do Secret\u00e1rio-Geral da ONU<\/a>, o mundo enfrenta desafios significativos que requerem coopera\u00e7\u00e3o e a\u00e7\u00e3o coletiva de governos, organiza\u00e7\u00f5es internacionais e empresas privadas.\u00a0<\/span><\/p>\n<p><span style=\"font-weight: 400\">O Facebook tem orgulho de juntar-se a esse esfor\u00e7o e est\u00e1 comprometido com os princ\u00edpios do Pacto Global das Na\u00e7\u00f5es Unidas. Enquanto trabalhamos para progredir em dire\u00e7\u00e3o \u00e0s metas de desenvolvimento global por meio de parcerias e de nossas pr\u00f3prias opera\u00e7\u00f5es, estamos igualmente focados em preservar o futuro da internet livre e aberta. Tend\u00eancias em rela\u00e7\u00e3o \u00e0 soberania e localiza\u00e7\u00e3o de dados representam riscos significativos para oportunidades econ\u00f4micas, direitos humanos e seguran\u00e7a global. A ONU est\u00e1 posicionada de forma \u00fanica para fortalecer a governan\u00e7a da internet e evitar a fragmenta\u00e7\u00e3o, e \u00e9 por isso que estamos trabalhando juntos nessas frentes.<\/span><\/p>\n<p><span style=\"font-weight: 400\">Abaixo est\u00e3o algumas formas pelas quais estamos apoiando aos esfor\u00e7os da ONU:<\/span><\/p>\n<ul>\n<li style=\"font-weight: 400\"><span style=\"font-weight: 400\">Lan\u00e7amento de um novo conjunto de dados e mapas para ajudar os l\u00edderes de sa\u00fade p\u00fablica a fazerem uma melhor entrega das vacinas contra o COVID-19\u00a0<\/span><\/li>\n<li style=\"font-weight: 400\"><span style=\"font-weight: 400\">Combate \u00e0s mudan\u00e7as clim\u00e1ticas e desinforma\u00e7\u00e3o clim\u00e1tica com novas ferramentas e atividades nas nossas plataformas e por meio de um investimento de US $ 1 milh\u00e3o em um novo programa de bolsas clim\u00e1ticas<\/span><\/li>\n<li style=\"font-weight: 400\"><a href=\"https:\/\/about.fb.com\/sdg\/\"><span style=\"font-weight: 400\">Atualiza\u00e7\u00e3o<\/span><\/a><span style=\"font-weight: 400\"> do nosso progresso para atingir\u00a0 os Objetivos de Desenvolvimento Sustent\u00e1vel<\/span><\/li>\n<\/ul>\n<p><b>Novos dados para auxiliar na entrega das vacinas contra o COVID-19\u00a0<\/b><\/p>\n<p><span style=\"font-weight: 400\">Hoje estamos lan\u00e7ando um novo conjunto de mapas por meio de nosso programa Data for Good para ajudar os l\u00edderes de sa\u00fade p\u00fablica a entregarem as vacinas da melhor maneira e onde mais s\u00e3o necess\u00e1rias.Usando um conjunto de dados agregados sobre padr\u00f5es de mobilidade do Facebook, imagens de ruas detectadas por sat\u00e9lite e endere\u00e7os de unidades de sa\u00fade conhecidas de plataformas de crowdsourcing como o OpenStreetMap, este conjunto de mapas estimar\u00e1 a popula\u00e7\u00e3o atendida e o tempo de deslocamento necess\u00e1rio para todos os postos de sa\u00fade conhecidos globalmente. Institui\u00e7\u00f5es internacionais como a Organiza\u00e7\u00e3o Mundial da Sa\u00fade e o grupo de trabalho COVAX podem usar esses dados para identificar e atender \u00e0s popula\u00e7\u00f5es mais necessitadas.<\/span><\/p>\n<p><i><span style=\"font-weight: 400\">&#8220;Este novo conjunto de dados demonstra o potencial do banco de dados das redes sociais para melhor identificar a \u00e1rea de atendimento das unidades de sa\u00fade, que representa uma vari\u00e1vel cr\u00edtica para determinar o volume de doen\u00e7as infecciosas em \u00e1reas pobres em dados.<\/span><\/i><span style=\"font-weight: 400\">&#8221; &#8211; Dr. Daniel Weiss, Professor Associado de Ci\u00eancias da Sa\u00fade na Universidade de Curtin.<\/span><\/p>\n<p><b>Novos investimentos para ajudar no combate \u00e0s mudan\u00e7as clim\u00e1ticas<\/b><\/p>\n<p><span style=\"font-weight: 400\">Para melhor apoiar os esfor\u00e7os globais para <\/span><a href=\"https:\/\/about.fb.com\/br\/news\/2021\/09\/juntos-combatendo-a-mudanca-climatica\/\"><span style=\"font-weight: 400\">combater as mudan\u00e7as clim\u00e1ticas<\/span><\/a><span style=\"font-weight: 400\">, estamos expandindo o\u00a0<\/span><a href=\"https:\/\/about.fb.com\/br\/news\/2020\/09\/intensificando-a-luta-contra-as-mudancas-climaticas\/\"><span style=\"font-weight: 400\">Centro de Informa\u00e7\u00f5es da Ci\u00eancia do Clima<\/span><\/a><span style=\"font-weight: 400\"> para incluir novas ferramentas e atividades, e anunciando um investimento de US$ 1 milh\u00e3o em um novo programa de bolsas, em parceria com a International Fact Checking Network, para apoiar organiza\u00e7\u00f5es que trabalham para combater a desinforma\u00e7\u00e3o sobre o clima.\u00a0<\/span><\/p>\n<p><span style=\"font-weight: 400\">Al\u00e9m do trabalho que temos feito<\/span><span style=\"font-weight: 400\"> em nossas opera\u00e7\u00f5es diretas, incluindo<\/span><span style=\"font-weight: 400\"> alcan\u00e7armos <\/span><i><span style=\"font-weight: 400\">net zero<\/span><\/i><span style=\"font-weight: 400\"> para nossas opera\u00e7\u00f5es globais no ano passado e nosso recentemente compromisso de nos tornarmos\u00a0<\/span><i><span style=\"font-weight: 400\">water positive<\/span><\/i><span style=\"font-weight: 400\"> em 2030.<\/span><\/p>\n<p><b>Novos compromissos para ajudar a alcan\u00e7ar os objetivos de desenvolvimento sustent\u00e1vel<\/b><\/p>\n<p><span style=\"font-weight: 400\">Al\u00e9m de nosso compromisso com o Pacto Global da ONU, temos trabalhado com parceiros para atingir os Objetivos de Desenvolvimento Sustent\u00e1vel (ODS) da ONU at\u00e9 2030. Para ajudar a acompanhar nossos esfor\u00e7os, lan\u00e7amos recentemente um\u00a0<\/span><a href=\"https:\/\/about.fb.com\/sdg\/\"><span style=\"font-weight: 400\">novo site<\/span><\/a><span style=\"font-weight: 400\"> para mostrar como estamos usando nossos recursos e plataformas para promover o progresso global em \u00e1reas-chave como sa\u00fade, igualdade de g\u00eanero, crescimento econ\u00f4mico, inova\u00e7\u00e3o, a\u00e7\u00e3o clim\u00e1tica e parcerias.<\/span><\/p>\n<p><span style=\"font-weight: 400\">Ao longo da semana, vamos discutir como temos realizado parcerias com institui\u00e7\u00f5es dos setores p\u00fablico e privado para enfrentar esses desafios imediatos e nos preparar para o futuro. Junte-se a n\u00f3s nos seguintes eventos:<\/span><\/p>\n<ul>\n<li style=\"font-weight: 400\"><a href=\"https:\/\/facebookatunga.fb.com\/event\/social-good-for-business\/\">Let\u2019s Futureproof 2030 Success: Social Good for Business<\/a><\/li>\n<li style=\"font-weight: 400\"><a href=\"https:\/\/facebookatunga.fb.com\/event\/whatsapp-covid-response-and-recovery\/\">COVID Response: The Role of Tech in the Global Recovery<\/a><\/li>\n<li style=\"font-weight: 400\"><a href=\"https:\/\/facebookatunga.fb.com\/event\/shemeansbusiness-2\/\">SheMeansBusiness<\/a>: Unlocking women\u2019s potential for economic recovery<\/li>\n<li style=\"font-weight: 400\"><a href=\"https:\/\/facebookatunga.fb.com\/event\/facebook-reality-labs\/\">Immersive Technologies to Empower Sustainable &amp; Inclusive Cities<\/a><\/li>\n<li style=\"font-weight: 400\"><a href=\"https:\/\/facebookatunga.fb.com\/event\/building-confidence-in-vaccines\/\">Using Social Media to Build Confidence in Vaccines: Learnings from a Collaboration between UNICEF, Facebook, Yale and PGP<\/a><\/li>\n<li style=\"font-weight: 400\"><a href=\"https:\/\/facebookatunga.fb.com\/event\/fundamentally-flawed-impacts-of-internet-fragmentation-on-people-and-the-economy\/\">Fundamentally Flawed: Impacts of Internet Fragmentation on People and the Economy<\/a><\/li>\n<li style=\"font-weight: 400\"><a href=\"https:\/\/facebookatunga.fb.com\/event\/protecting-human-rights-defenders\/\">Protecting Human Rights Defenders from Online Surveillance &amp; Compromise<\/a><\/li>\n<li style=\"font-weight: 400\"><a href=\"https:\/\/facebookatunga.fb.com\/event\/communicating-climate-change\/\">Communicating Climate Change: How brands and individuals can collaborate to build a more sustainable world<\/a><\/li>\n<li style=\"font-weight: 400\"><a href=\"https:\/\/facebookatunga.fb.com\/event\/my-world-360o-media\/\">MY World 360\u00ba Media<\/a><\/li>\n<\/ul>\n<p><span style=\"font-weight: 400\">Para mais informa\u00e7\u00f5es e para participar de nossos eventos virtuais, visite <\/span><a href=\"https:\/\/facebookatunga.com\/\"><span style=\"font-weight: 400\">facebookatunga.com<\/span><\/a><span style=\"font-weight: 400\">.<\/span><\/p>\n","protected":false},"excerpt":{"rendered":"L\u00edderes de todo o mundo se reunir\u00e3o mais uma vez esta semana para a Assembleia Geral das Na\u00e7\u00f5es Unidas (AGNU). H\u00e1 muito o que discutir. Da pandemia de COVID-19 \u00e0s mudan\u00e7as clim\u00e1ticas e \u00e0s necessidades humanit\u00e1rias. Conforme refletido na Agenda do Secret\u00e1rio-Geral da ONU, o mundo enfrenta desafios significativos que requerem coopera\u00e7\u00e3o e a\u00e7\u00e3o coletiva de governos, organiza\u00e7\u00f5es internacionais e empresas privadas.\u00a0 O Facebook tem orgulho de juntar-se a esse esfor\u00e7o e est\u00e1 comprometido com os princ\u00edpios do Pacto Global das Na\u00e7\u00f5es Unidas. Enquanto trabalhamos para progredir em dire\u00e7\u00e3o \u00e0s metas de desenvolvimento global por meio de parcerias e de nossas pr\u00f3prias opera\u00e7\u00f5es, estamos igualmente focados em preservar o futuro da internet livre e aberta. Tend\u00eancias em rela\u00e7\u00e3o \u00e0 soberania e localiza\u00e7\u00e3o de dados representam riscos significativos para oportunidades econ\u00f4micas, direitos humanos e seguran\u00e7a global. A ONU est\u00e1 posicionada de forma \u00fanica para fortalecer a governan\u00e7a da internet e evitar a fragmenta\u00e7\u00e3o, e \u00e9 por isso que estamos trabalhando juntos nessas frentes. Abaixo est\u00e3o algumas formas pelas quais estamos apoiando aos esfor\u00e7os da ONU: Lan\u00e7amento de um novo conjunto de dados e mapas para ajudar os l\u00edderes de sa\u00fade p\u00fablica a fazerem uma melhor entrega das vacinas contra o COVID-19\u00a0 Combate \u00e0s mudan\u00e7as clim\u00e1ticas e desinforma\u00e7\u00e3o clim\u00e1tica com novas ferramentas e atividades nas nossas plataformas e por meio de um investimento de US $ 1 milh\u00e3o em um novo programa de bolsas clim\u00e1ticas Atualiza\u00e7\u00e3o do nosso progresso para atingir\u00a0 os Objetivos de Desenvolvimento Sustent\u00e1vel Novos dados para auxiliar na entrega das vacinas contra o COVID-19\u00a0 Hoje estamos lan\u00e7ando um novo conjunto de mapas por meio de nosso programa Data for Good para ajudar os l\u00edderes de sa\u00fade p\u00fablica a entregarem as vacinas da melhor maneira e onde mais s\u00e3o necess\u00e1rias.Usando um conjunto de dados agregados sobre padr\u00f5es de mobilidade do Facebook, imagens de ruas detectadas por sat\u00e9lite e endere\u00e7os de unidades de sa\u00fade conhecidas de plataformas de crowdsourcing como o OpenStreetMap, este conjunto de mapas estimar\u00e1 a popula\u00e7\u00e3o atendida e o tempo de deslocamento necess\u00e1rio para todos os postos de sa\u00fade conhecidos globalmente. Institui\u00e7\u00f5es internacionais como a Organiza\u00e7\u00e3o Mundial da Sa\u00fade e o grupo de trabalho COVAX podem usar esses dados para identificar e atender \u00e0s popula\u00e7\u00f5es mais necessitadas. &#8220;Este novo conjunto de dados demonstra o potencial do banco de dados das redes sociais para melhor identificar a \u00e1rea de atendimento das unidades de sa\u00fade, que representa uma vari\u00e1vel cr\u00edtica para determinar o volume de doen\u00e7as infecciosas em \u00e1reas pobres em dados.&#8221; &#8211; Dr. Daniel Weiss, Professor Associado de Ci\u00eancias da Sa\u00fade na Universidade de Curtin. Novos investimentos para ajudar no combate \u00e0s mudan\u00e7as clim\u00e1ticas Para melhor apoiar os esfor\u00e7os globais para combater as mudan\u00e7as clim\u00e1ticas, estamos expandindo o\u00a0Centro de Informa\u00e7\u00f5es da Ci\u00eancia do Clima para incluir novas ferramentas e atividades, e anunciando um investimento de US$ 1 milh\u00e3o em um novo programa de bolsas, em parceria com a International Fact Checking Network, para apoiar organiza\u00e7\u00f5es que trabalham para combater a desinforma\u00e7\u00e3o sobre o clima.\u00a0 Al\u00e9m do trabalho que temos feito em nossas opera\u00e7\u00f5es diretas, incluindo alcan\u00e7armos net zero para nossas opera\u00e7\u00f5es globais no ano passado e nosso recentemente compromisso de nos tornarmos\u00a0water positive em 2030. Novos compromissos para ajudar a alcan\u00e7ar os objetivos de desenvolvimento sustent\u00e1vel Al\u00e9m de nosso compromisso com o Pacto Global da ONU, temos trabalhado com parceiros para atingir os Objetivos de Desenvolvimento Sustent\u00e1vel (ODS) da ONU at\u00e9 2030. Para ajudar a acompanhar nossos esfor\u00e7os, lan\u00e7amos recentemente um\u00a0novo site para mostrar como estamos usando nossos recursos e plataformas para promover o progresso global em \u00e1reas-chave como sa\u00fade, igualdade de g\u00eanero, crescimento econ\u00f4mico, inova\u00e7\u00e3o, a\u00e7\u00e3o clim\u00e1tica e parcerias. Ao longo da semana, vamos discutir como temos realizado parcerias com institui\u00e7\u00f5es dos setores p\u00fablico e privado para enfrentar esses desafios imediatos e nos preparar para o futuro. Junte-se a n\u00f3s nos seguintes eventos: Let\u2019s Futureproof 2030 Success: Social Good for Business COVID Response: The Role of Tech in the Global Recovery SheMeansBusiness: Unlocking women\u2019s potential for economic recovery Immersive Technologies to Empower Sustainable &amp; Inclusive Cities Using Social Media to Build Confidence in Vaccines: Learnings from a Collaboration between UNICEF, Facebook, Yale and PGP Fundamentally Flawed: Impacts of Internet Fragmentation on People and the Economy Protecting Human Rights Defenders from Online Surveillance &amp; Compromise Communicating Climate Change: How brands and individuals can collaborate to build a more sustainable world MY World 360\u00ba Media Para mais informa\u00e7\u00f5es e para participar de nossos eventos virtuais, visite facebookatunga.com.","protected":false},"author":81109636,"featured_media":23209,"comment_status":"closed","ping_status":"closed","sticky":false,"template":"","format":"standard","meta":{"_jetpack_memberships_contains_paid_content":false,"footnotes":""},"categories":[396542114,396542170],"tags":[],"class_list":["post-23206","post","type-post","status-publish","format-standard","has-post-thumbnail","hentry","category-meta","category-tecnologia-e-inovacao"],"yoast_head":"<!-- This site is optimized with the Yoast SEO plugin v27.2 - https:\/\/yoast.com\/product\/yoast-seo-wordpress\/ -->\n<title>Facebook na Assembl\u00e9ia Geral da ONU 2021 | Sobre a Meta<\/title>\n<meta name=\"robots\" content=\"index, follow, max-snippet:-1, max-image-preview:large, max-video-preview:-1\" \/>\n<link rel=\"canonical\" href=\"https:\/\/about.fb.com\/br\/news\/2021\/09\/facebook-na-assembleia-geral-da-onu-2021\/\" \/>\n<meta property=\"og:locale\" content=\"pt_BR\" \/>\n<meta property=\"og:type\" content=\"article\" \/>\n<meta property=\"og:title\" content=\"Facebook na Assembl\u00e9ia Geral da ONU 2021 | Sobre a Meta\" \/>\n<meta property=\"og:description\" content=\"L\u00edderes de todo o mundo se reunir\u00e3o mais uma vez esta semana para a Assembleia Geral das Na\u00e7\u00f5es Unidas (AGNU). H\u00e1 muito o que discutir. Da pandemia de COVID-19 \u00e0s mudan\u00e7as clim\u00e1ticas e \u00e0s necessidades humanit\u00e1rias. Conforme refletido na Agenda do Secret\u00e1rio-Geral da ONU, o mundo enfrenta desafios significativos que requerem coopera\u00e7\u00e3o e a\u00e7\u00e3o coletiva de governos, organiza\u00e7\u00f5es internacionais e empresas privadas.\u00a0 O Facebook tem orgulho de juntar-se a esse esfor\u00e7o e est\u00e1 comprometido com os princ\u00edpios do Pacto Global das Na\u00e7\u00f5es Unidas. Enquanto trabalhamos para progredir em dire\u00e7\u00e3o \u00e0s metas de desenvolvimento global por meio de parcerias e de nossas pr\u00f3prias opera\u00e7\u00f5es, estamos igualmente focados em preservar o futuro da internet livre e aberta. Tend\u00eancias em rela\u00e7\u00e3o \u00e0 soberania e localiza\u00e7\u00e3o de dados representam riscos significativos para oportunidades econ\u00f4micas, direitos humanos e seguran\u00e7a global. A ONU est\u00e1 posicionada de forma \u00fanica para fortalecer a governan\u00e7a da internet e evitar a fragmenta\u00e7\u00e3o, e \u00e9 por isso que estamos trabalhando juntos nessas frentes. Abaixo est\u00e3o algumas formas pelas quais estamos apoiando aos esfor\u00e7os da ONU: Lan\u00e7amento de um novo conjunto de dados e mapas para ajudar os l\u00edderes de sa\u00fade p\u00fablica a fazerem uma melhor entrega das vacinas contra o COVID-19\u00a0 Combate \u00e0s mudan\u00e7as clim\u00e1ticas e desinforma\u00e7\u00e3o clim\u00e1tica com novas ferramentas e atividades nas nossas plataformas e por meio de um investimento de US $ 1 milh\u00e3o em um novo programa de bolsas clim\u00e1ticas Atualiza\u00e7\u00e3o do nosso progresso para atingir\u00a0 os Objetivos de Desenvolvimento Sustent\u00e1vel Novos dados para auxiliar na entrega das vacinas contra o COVID-19\u00a0 Hoje estamos lan\u00e7ando um novo conjunto de mapas por meio de nosso programa Data for Good para ajudar os l\u00edderes de sa\u00fade p\u00fablica a entregarem as vacinas da melhor maneira e onde mais s\u00e3o necess\u00e1rias.Usando um conjunto de dados agregados sobre padr\u00f5es de mobilidade do Facebook, imagens de ruas detectadas por sat\u00e9lite e endere\u00e7os de unidades de sa\u00fade conhecidas de plataformas de crowdsourcing como o OpenStreetMap, este conjunto de mapas estimar\u00e1 a popula\u00e7\u00e3o atendida e o tempo de deslocamento necess\u00e1rio para todos os postos de sa\u00fade conhecidos globalmente. Institui\u00e7\u00f5es internacionais como a Organiza\u00e7\u00e3o Mundial da Sa\u00fade e o grupo de trabalho COVAX podem usar esses dados para identificar e atender \u00e0s popula\u00e7\u00f5es mais necessitadas. &#8220;Este novo conjunto de dados demonstra o potencial do banco de dados das redes sociais para melhor identificar a \u00e1rea de atendimento das unidades de sa\u00fade, que representa uma vari\u00e1vel cr\u00edtica para determinar o volume de doen\u00e7as infecciosas em \u00e1reas pobres em dados.&#8221; &#8211; Dr. Daniel Weiss, Professor Associado de Ci\u00eancias da Sa\u00fade na Universidade de Curtin. Novos investimentos para ajudar no combate \u00e0s mudan\u00e7as clim\u00e1ticas Para melhor apoiar os esfor\u00e7os globais para combater as mudan\u00e7as clim\u00e1ticas, estamos expandindo o\u00a0Centro de Informa\u00e7\u00f5es da Ci\u00eancia do Clima para incluir novas ferramentas e atividades, e anunciando um investimento de US$ 1 milh\u00e3o em um novo programa de bolsas, em parceria com a International Fact Checking Network, para apoiar organiza\u00e7\u00f5es que trabalham para combater a desinforma\u00e7\u00e3o sobre o clima.\u00a0 Al\u00e9m do trabalho que temos feito em nossas opera\u00e7\u00f5es diretas, incluindo alcan\u00e7armos net zero para nossas opera\u00e7\u00f5es globais no ano passado e nosso recentemente compromisso de nos tornarmos\u00a0water positive em 2030. Novos compromissos para ajudar a alcan\u00e7ar os objetivos de desenvolvimento sustent\u00e1vel Al\u00e9m de nosso compromisso com o Pacto Global da ONU, temos trabalhado com parceiros para atingir os Objetivos de Desenvolvimento Sustent\u00e1vel (ODS) da ONU at\u00e9 2030. Para ajudar a acompanhar nossos esfor\u00e7os, lan\u00e7amos recentemente um\u00a0novo site para mostrar como estamos usando nossos recursos e plataformas para promover o progresso global em \u00e1reas-chave como sa\u00fade, igualdade de g\u00eanero, crescimento econ\u00f4mico, inova\u00e7\u00e3o, a\u00e7\u00e3o clim\u00e1tica e parcerias. Ao longo da semana, vamos discutir como temos realizado parcerias com institui\u00e7\u00f5es dos setores p\u00fablico e privado para enfrentar esses desafios imediatos e nos preparar para o futuro. Junte-se a n\u00f3s nos seguintes eventos: Let\u2019s Futureproof 2030 Success: Social Good for Business COVID Response: The Role of Tech in the Global Recovery SheMeansBusiness: Unlocking women\u2019s potential for economic recovery Immersive Technologies to Empower Sustainable &amp; Inclusive Cities Using Social Media to Build Confidence in Vaccines: Learnings from a Collaboration between UNICEF, Facebook, Yale and PGP Fundamentally Flawed: Impacts of Internet Fragmentation on People and the Economy Protecting Human Rights Defenders from Online Surveillance &amp; Compromise Communicating Climate Change: How brands and individuals can collaborate to build a more sustainable world MY World 360\u00ba Media Para mais informa\u00e7\u00f5es e para participar de nossos eventos virtuais, visite facebookatunga.com.\" \/>\n<meta property=\"og:url\" content=\"https:\/\/about.fb.com\/br\/news\/2021\/09\/facebook-na-assembleia-geral-da-onu-2021\/\" \/>\n<meta property=\"og:site_name\" content=\"Sobre a Meta\" \/>\n<meta property=\"article:published_time\" content=\"2021-09-20T16:06:43+00:00\" \/>\n<meta property=\"article:modified_time\" content=\"2021-09-20T16:15:42+00:00\" \/>\n<meta property=\"og:image\" content=\"https:\/\/about.fb.com\/br\/wp-content\/uploads\/sites\/11\/2021\/09\/NRP-UNGA-2021_Header.jpeg?fit=960%2C540\" \/>\n\t<meta property=\"og:image:width\" content=\"960\" \/>\n\t<meta property=\"og:image:height\" content=\"540\" \/>\n\t<meta property=\"og:image:type\" content=\"image\/jpeg\" \/>\n<meta name=\"author\" content=\"facebookbr\" \/>\n<meta name=\"twitter:card\" content=\"summary_large_image\" \/>\n<meta name=\"twitter:label1\" content=\"Written by\" \/>\n\t<meta name=\"twitter:data1\" content=\"Meta\" \/>\n\t<meta name=\"twitter:label2\" content=\"Est. reading time\" \/>\n\t<meta name=\"twitter:data2\" content=\"4 minutos\" \/>\n<script type=\"application\/ld+json\" class=\"yoast-schema-graph\">{\"@context\":\"https:\/\/schema.org\",\"@graph\":[{\"@type\":\"Article\",\"@id\":\"https:\/\/about.fb.com\/br\/news\/2021\/09\/facebook-na-assembleia-geral-da-onu-2021\/#article\",\"isPartOf\":{\"@id\":\"https:\/\/about.fb.com\/br\/news\/2021\/09\/facebook-na-assembleia-geral-da-onu-2021\/\"},\"author\":\"Facebook company\",\"headline\":\"Facebook na Assembl\u00e9ia Geral da ONU 2021\",\"datePublished\":\"2021-09-20T16:06:43+00:00\",\"dateModified\":\"2021-09-20T16:15:42+00:00\",\"mainEntityOfPage\":{\"@id\":\"https:\/\/about.fb.com\/br\/news\/2021\/09\/facebook-na-assembleia-geral-da-onu-2021\/\"},\"wordCount\":832,\"publisher\":{\"@id\":\"https:\/\/about.fb.com\/br\/#organization\"},\"image\":{\"@id\":\"https:\/\/about.fb.com\/br\/news\/2021\/09\/facebook-na-assembleia-geral-da-onu-2021\/#primaryimage\"},\"thumbnailUrl\":\"https:\/\/about.fb.com\/br\/wp-content\/uploads\/sites\/11\/2021\/09\/NRP-UNGA-2021_Header.jpeg?fit=1024%2C576\",\"articleSection\":[\"Meta\",\"Tecnologia e Inova\u00e7\u00e3o\"],\"inLanguage\":\"pt-BR\"},{\"@type\":\"WebPage\",\"@id\":\"https:\/\/about.fb.com\/br\/news\/2021\/09\/facebook-na-assembleia-geral-da-onu-2021\/\",\"url\":\"https:\/\/about.fb.com\/br\/news\/2021\/09\/facebook-na-assembleia-geral-da-onu-2021\/\",\"name\":\"Facebook na Assembl\u00e9ia Geral da ONU 2021 | Sobre a Meta\",\"isPartOf\":{\"@id\":\"https:\/\/about.fb.com\/br\/#website\"},\"primaryImageOfPage\":{\"@id\":\"https:\/\/about.fb.com\/br\/news\/2021\/09\/facebook-na-assembleia-geral-da-onu-2021\/#primaryimage\"},\"image\":{\"@id\":\"https:\/\/about.fb.com\/br\/news\/2021\/09\/facebook-na-assembleia-geral-da-onu-2021\/#primaryimage\"},\"thumbnailUrl\":\"https:\/\/about.fb.com\/br\/wp-content\/uploads\/sites\/11\/2021\/09\/NRP-UNGA-2021_Header.jpeg?fit=1024%2C576\",\"datePublished\":\"2021-09-20T16:06:43+00:00\",\"dateModified\":\"2021-09-20T16:15:42+00:00\",\"breadcrumb\":{\"@id\":\"https:\/\/about.fb.com\/br\/news\/2021\/09\/facebook-na-assembleia-geral-da-onu-2021\/#breadcrumb\"},\"inLanguage\":\"pt-BR\",\"potentialAction\":[{\"@type\":\"ReadAction\",\"target\":[\"https:\/\/about.fb.com\/br\/news\/2021\/09\/facebook-na-assembleia-geral-da-onu-2021\/\"]}],\"author\":\"Sobre a Meta\"},{\"@type\":\"ImageObject\",\"inLanguage\":\"pt-BR\",\"@id\":\"https:\/\/about.fb.com\/br\/news\/2021\/09\/facebook-na-assembleia-geral-da-onu-2021\/#primaryimage\",\"url\":\"https:\/\/about.fb.com\/br\/wp-content\/uploads\/sites\/11\/2021\/09\/NRP-UNGA-2021_Header.jpeg?fit=1024%2C576\",\"contentUrl\":\"https:\/\/about.fb.com\/br\/wp-content\/uploads\/sites\/11\/2021\/09\/NRP-UNGA-2021_Header.jpeg?fit=1024%2C576\",\"width\":1024,\"height\":576},{\"@type\":\"BreadcrumbList\",\"@id\":\"https:\/\/about.fb.com\/br\/news\/2021\/09\/facebook-na-assembleia-geral-da-onu-2021\/#breadcrumb\",\"itemListElement\":[{\"@type\":\"ListItem\",\"position\":1,\"name\":\"Home\",\"item\":\"https:\/\/about.fb.com\/br\/\"},{\"@type\":\"ListItem\",\"position\":2,\"name\":\"Facebook na Assembl\u00e9ia Geral da ONU 2021\"}]},{\"@type\":\"WebSite\",\"@id\":\"https:\/\/about.fb.com\/br\/#website\",\"url\":\"https:\/\/about.fb.com\/news\/\",\"name\":\"Sobre a Meta\",\"description\":\"\",\"publisher\":{\"@id\":\"https:\/\/about.fb.com\/br\/#organization\"},\"potentialAction\":[{\"@type\":\"SearchAction\",\"target\":{\"@type\":\"EntryPoint\",\"urlTemplate\":\"https:\/\/about.fb.com\/br\/?s={search_term_string}\"},\"query-input\":{\"@type\":\"PropertyValueSpecification\",\"valueRequired\":true,\"valueName\":\"search_term_string\"}}],\"inLanguage\":\"pt-BR\",\"alternateName\":[\"Meta Newsroom\",\"Meta\"]},{\"@type\":\"Organization\",\"@id\":\"https:\/\/about.fb.com\/br\/#organization\",\"name\":\"Meta\",\"url\":\"https:\/\/about.fb.com\/br\/\",\"logo\":{\"@type\":\"ImageObject\",\"inLanguage\":\"pt-BR\",\"@id\":\"https:\/\/about.fb.com\/br\/#\/schema\/logo\/image\/\",\"url\":\"https:\/\/about.fb.com\/br\/wp-content\/uploads\/sites\/11\/2021\/10\/meta-social-16x9-1.jpg?fit=8000%2C4500\",\"contentUrl\":\"https:\/\/about.fb.com\/br\/wp-content\/uploads\/sites\/11\/2021\/10\/meta-social-16x9-1.jpg?fit=8000%2C4500\",\"width\":8000,\"height\":4500,\"caption\":\"Meta\"},\"image\":{\"@id\":\"https:\/\/about.fb.com\/br\/#\/schema\/logo\/image\/\"}}]}<\/script>\n<!-- \/ Yoast SEO plugin. -->","yoast_head_json":{"title":"Facebook na Assembl\u00e9ia Geral da ONU 2021 | Sobre a Meta","robots":{"index":"index","follow":"follow","max-snippet":"max-snippet:-1","max-image-preview":"max-image-preview:large","max-video-preview":"max-video-preview:-1"},"canonical":"https:\/\/about.fb.com\/br\/news\/2021\/09\/facebook-na-assembleia-geral-da-onu-2021\/","og_locale":"pt_BR","og_type":"article","og_title":"Facebook na Assembl\u00e9ia Geral da ONU 2021 | Sobre a Meta","og_description":"L\u00edderes de todo o mundo se reunir\u00e3o mais uma vez esta semana para a Assembleia Geral das Na\u00e7\u00f5es Unidas (AGNU). H\u00e1 muito o que discutir. Da pandemia de COVID-19 \u00e0s mudan\u00e7as clim\u00e1ticas e \u00e0s necessidades humanit\u00e1rias. Conforme refletido na Agenda do Secret\u00e1rio-Geral da ONU, o mundo enfrenta desafios significativos que requerem coopera\u00e7\u00e3o e a\u00e7\u00e3o coletiva de governos, organiza\u00e7\u00f5es internacionais e empresas privadas.\u00a0 O Facebook tem orgulho de juntar-se a esse esfor\u00e7o e est\u00e1 comprometido com os princ\u00edpios do Pacto Global das Na\u00e7\u00f5es Unidas. Enquanto trabalhamos para progredir em dire\u00e7\u00e3o \u00e0s metas de desenvolvimento global por meio de parcerias e de nossas pr\u00f3prias opera\u00e7\u00f5es, estamos igualmente focados em preservar o futuro da internet livre e aberta. Tend\u00eancias em rela\u00e7\u00e3o \u00e0 soberania e localiza\u00e7\u00e3o de dados representam riscos significativos para oportunidades econ\u00f4micas, direitos humanos e seguran\u00e7a global. A ONU est\u00e1 posicionada de forma \u00fanica para fortalecer a governan\u00e7a da internet e evitar a fragmenta\u00e7\u00e3o, e \u00e9 por isso que estamos trabalhando juntos nessas frentes. Abaixo est\u00e3o algumas formas pelas quais estamos apoiando aos esfor\u00e7os da ONU: Lan\u00e7amento de um novo conjunto de dados e mapas para ajudar os l\u00edderes de sa\u00fade p\u00fablica a fazerem uma melhor entrega das vacinas contra o COVID-19\u00a0 Combate \u00e0s mudan\u00e7as clim\u00e1ticas e desinforma\u00e7\u00e3o clim\u00e1tica com novas ferramentas e atividades nas nossas plataformas e por meio de um investimento de US $ 1 milh\u00e3o em um novo programa de bolsas clim\u00e1ticas Atualiza\u00e7\u00e3o do nosso progresso para atingir\u00a0 os Objetivos de Desenvolvimento Sustent\u00e1vel Novos dados para auxiliar na entrega das vacinas contra o COVID-19\u00a0 Hoje estamos lan\u00e7ando um novo conjunto de mapas por meio de nosso programa Data for Good para ajudar os l\u00edderes de sa\u00fade p\u00fablica a entregarem as vacinas da melhor maneira e onde mais s\u00e3o necess\u00e1rias.Usando um conjunto de dados agregados sobre padr\u00f5es de mobilidade do Facebook, imagens de ruas detectadas por sat\u00e9lite e endere\u00e7os de unidades de sa\u00fade conhecidas de plataformas de crowdsourcing como o OpenStreetMap, este conjunto de mapas estimar\u00e1 a popula\u00e7\u00e3o atendida e o tempo de deslocamento necess\u00e1rio para todos os postos de sa\u00fade conhecidos globalmente. Institui\u00e7\u00f5es internacionais como a Organiza\u00e7\u00e3o Mundial da Sa\u00fade e o grupo de trabalho COVAX podem usar esses dados para identificar e atender \u00e0s popula\u00e7\u00f5es mais necessitadas. &#8220;Este novo conjunto de dados demonstra o potencial do banco de dados das redes sociais para melhor identificar a \u00e1rea de atendimento das unidades de sa\u00fade, que representa uma vari\u00e1vel cr\u00edtica para determinar o volume de doen\u00e7as infecciosas em \u00e1reas pobres em dados.&#8221; &#8211; Dr. Daniel Weiss, Professor Associado de Ci\u00eancias da Sa\u00fade na Universidade de Curtin. Novos investimentos para ajudar no combate \u00e0s mudan\u00e7as clim\u00e1ticas Para melhor apoiar os esfor\u00e7os globais para combater as mudan\u00e7as clim\u00e1ticas, estamos expandindo o\u00a0Centro de Informa\u00e7\u00f5es da Ci\u00eancia do Clima para incluir novas ferramentas e atividades, e anunciando um investimento de US$ 1 milh\u00e3o em um novo programa de bolsas, em parceria com a International Fact Checking Network, para apoiar organiza\u00e7\u00f5es que trabalham para combater a desinforma\u00e7\u00e3o sobre o clima.\u00a0 Al\u00e9m do trabalho que temos feito em nossas opera\u00e7\u00f5es diretas, incluindo alcan\u00e7armos net zero para nossas opera\u00e7\u00f5es globais no ano passado e nosso recentemente compromisso de nos tornarmos\u00a0water positive em 2030. Novos compromissos para ajudar a alcan\u00e7ar os objetivos de desenvolvimento sustent\u00e1vel Al\u00e9m de nosso compromisso com o Pacto Global da ONU, temos trabalhado com parceiros para atingir os Objetivos de Desenvolvimento Sustent\u00e1vel (ODS) da ONU at\u00e9 2030. Para ajudar a acompanhar nossos esfor\u00e7os, lan\u00e7amos recentemente um\u00a0novo site para mostrar como estamos usando nossos recursos e plataformas para promover o progresso global em \u00e1reas-chave como sa\u00fade, igualdade de g\u00eanero, crescimento econ\u00f4mico, inova\u00e7\u00e3o, a\u00e7\u00e3o clim\u00e1tica e parcerias. Ao longo da semana, vamos discutir como temos realizado parcerias com institui\u00e7\u00f5es dos setores p\u00fablico e privado para enfrentar esses desafios imediatos e nos preparar para o futuro. Junte-se a n\u00f3s nos seguintes eventos: Let\u2019s Futureproof 2030 Success: Social Good for Business COVID Response: The Role of Tech in the Global Recovery SheMeansBusiness: Unlocking women\u2019s potential for economic recovery Immersive Technologies to Empower Sustainable &amp; Inclusive Cities Using Social Media to Build Confidence in Vaccines: Learnings from a Collaboration between UNICEF, Facebook, Yale and PGP Fundamentally Flawed: Impacts of Internet Fragmentation on People and the Economy Protecting Human Rights Defenders from Online Surveillance &amp; Compromise Communicating Climate Change: How brands and individuals can collaborate to build a more sustainable world MY World 360\u00ba Media Para mais informa\u00e7\u00f5es e para participar de nossos eventos virtuais, visite facebookatunga.com.","og_url":"https:\/\/about.fb.com\/br\/news\/2021\/09\/facebook-na-assembleia-geral-da-onu-2021\/","og_site_name":"Sobre a Meta","article_published_time":"2021-09-20T16:06:43+00:00","article_modified_time":"2021-09-20T16:15:42+00:00","og_image":[{"url":"https:\/\/about.fb.com\/br\/wp-content\/uploads\/sites\/11\/2021\/09\/NRP-UNGA-2021_Header.jpeg?fit=960%2C540","width":960,"height":540,"type":"image\/jpeg"}],"author":"facebookbr","twitter_card":"summary_large_image","twitter_misc":{"Written by":"Meta","Est. reading time":"4 minutos"},"schema":{"@context":"https:\/\/schema.org","@graph":[{"@type":"Article","@id":"https:\/\/about.fb.com\/br\/news\/2021\/09\/facebook-na-assembleia-geral-da-onu-2021\/#article","isPartOf":{"@id":"https:\/\/about.fb.com\/br\/news\/2021\/09\/facebook-na-assembleia-geral-da-onu-2021\/"},"author":"Facebook company","headline":"Facebook na Assembl\u00e9ia Geral da ONU 2021","datePublished":"2021-09-20T16:06:43+00:00","dateModified":"2021-09-20T16:15:42+00:00","mainEntityOfPage":{"@id":"https:\/\/about.fb.com\/br\/news\/2021\/09\/facebook-na-assembleia-geral-da-onu-2021\/"},"wordCount":832,"publisher":{"@id":"https:\/\/about.fb.com\/br\/#organization"},"image":{"@id":"https:\/\/about.fb.com\/br\/news\/2021\/09\/facebook-na-assembleia-geral-da-onu-2021\/#primaryimage"},"thumbnailUrl":"https:\/\/about.fb.com\/br\/wp-content\/uploads\/sites\/11\/2021\/09\/NRP-UNGA-2021_Header.jpeg?fit=1024%2C576","articleSection":["Meta","Tecnologia e Inova\u00e7\u00e3o"],"inLanguage":"pt-BR"},{"@type":"WebPage","@id":"https:\/\/about.fb.com\/br\/news\/2021\/09\/facebook-na-assembleia-geral-da-onu-2021\/","url":"https:\/\/about.fb.com\/br\/news\/2021\/09\/facebook-na-assembleia-geral-da-onu-2021\/","name":"Facebook na Assembl\u00e9ia Geral da ONU 2021 | Sobre a Meta","isPartOf":{"@id":"https:\/\/about.fb.com\/br\/#website"},"primaryImageOfPage":{"@id":"https:\/\/about.fb.com\/br\/news\/2021\/09\/facebook-na-assembleia-geral-da-onu-2021\/#primaryimage"},"image":{"@id":"https:\/\/about.fb.com\/br\/news\/2021\/09\/facebook-na-assembleia-geral-da-onu-2021\/#primaryimage"},"thumbnailUrl":"https:\/\/about.fb.com\/br\/wp-content\/uploads\/sites\/11\/2021\/09\/NRP-UNGA-2021_Header.jpeg?fit=1024%2C576","datePublished":"2021-09-20T16:06:43+00:00","dateModified":"2021-09-20T16:15:42+00:00","breadcrumb":{"@id":"https:\/\/about.fb.com\/br\/news\/2021\/09\/facebook-na-assembleia-geral-da-onu-2021\/#breadcrumb"},"inLanguage":"pt-BR","potentialAction":[{"@type":"ReadAction","target":["https:\/\/about.fb.com\/br\/news\/2021\/09\/facebook-na-assembleia-geral-da-onu-2021\/"]}],"author":"Sobre a Meta"},{"@type":"ImageObject","inLanguage":"pt-BR","@id":"https:\/\/about.fb.com\/br\/news\/2021\/09\/facebook-na-assembleia-geral-da-onu-2021\/#primaryimage","url":"https:\/\/about.fb.com\/br\/wp-content\/uploads\/sites\/11\/2021\/09\/NRP-UNGA-2021_Header.jpeg?fit=1024%2C576","contentUrl":"https:\/\/about.fb.com\/br\/wp-content\/uploads\/sites\/11\/2021\/09\/NRP-UNGA-2021_Header.jpeg?fit=1024%2C576","width":1024,"height":576},{"@type":"BreadcrumbList","@id":"https:\/\/about.fb.com\/br\/news\/2021\/09\/facebook-na-assembleia-geral-da-onu-2021\/#breadcrumb","itemListElement":[{"@type":"ListItem","position":1,"name":"Home","item":"https:\/\/about.fb.com\/br\/"},{"@type":"ListItem","position":2,"name":"Facebook na Assembl\u00e9ia Geral da ONU 2021"}]},{"@type":"WebSite","@id":"https:\/\/about.fb.com\/br\/#website","url":"https:\/\/about.fb.com\/news\/","name":"Sobre a Meta","description":"","publisher":{"@id":"https:\/\/about.fb.com\/br\/#organization"},"potentialAction":[{"@type":"SearchAction","target":{"@type":"EntryPoint","urlTemplate":"https:\/\/about.fb.com\/br\/?s={search_term_string}"},"query-input":{"@type":"PropertyValueSpecification","valueRequired":true,"valueName":"search_term_string"}}],"inLanguage":"pt-BR","alternateName":["Meta Newsroom","Meta"]},{"@type":"Organization","@id":"https:\/\/about.fb.com\/br\/#organization","name":"Meta","url":"https:\/\/about.fb.com\/br\/","logo":{"@type":"ImageObject","inLanguage":"pt-BR","@id":"https:\/\/about.fb.com\/br\/#\/schema\/logo\/image\/","url":"https:\/\/about.fb.com\/br\/wp-content\/uploads\/sites\/11\/2021\/10\/meta-social-16x9-1.jpg?fit=8000%2C4500","contentUrl":"https:\/\/about.fb.com\/br\/wp-content\/uploads\/sites\/11\/2021\/10\/meta-social-16x9-1.jpg?fit=8000%2C4500","width":8000,"height":4500,"caption":"Meta"},"image":{"@id":"https:\/\/about.fb.com\/br\/#\/schema\/logo\/image\/"}}]}},"jetpack_featured_media_url":"https:\/\/about.fb.com\/br\/wp-content\/uploads\/sites\/11\/2021\/09\/NRP-UNGA-2021_Header.jpeg?fit=1024%2C576","jetpack-related-posts":[{"id":26166,"url":"https:\/\/about.fb.com\/br\/news\/2025\/02\/anunciando-o-programa-de-parceria-em-tecnologia-de-linguagem\/","url_meta":{"origin":23206,"position":0},"title":"Anunciando o Programa de Parceria em Tecnologia de Linguagem","author":"Meta","date":"07\/02\/2025","format":false,"excerpt":"A equipe do Fundamental AI Research (FAIR) da Meta est\u00e1 focada em alcan\u00e7ar a intelig\u00eancia avan\u00e7ada de m\u00e1quina (AMI, na sigla em ingl\u00eas) \u2014 uma IA que pode usar o racioc\u00ednio humano para realizar tarefas cognitivamente exigentes, como a tradu\u00e7\u00e3o \u2014 e us\u00e1-la para impulsionar produtos e inova\u00e7\u00f5es que beneficiem\u2026","rel":"","context":"In &quot;Meta&quot;","block_context":{"text":"Meta","link":"https:\/\/about.fb.com\/br\/news\/category\/temas-home\/meta\/"},"img":{"alt_text":"","src":"","width":0,"height":0},"classes":[]},{"id":26157,"url":"https:\/\/about.fb.com\/br\/news\/2025\/02\/avancando-na-inteligencia-de-maquina-por-meio-de-pesquisas-centradas-no-ser-humano\/","url_meta":{"origin":23206,"position":1},"title":"Avan\u00e7ando na intelig\u00eancia de m\u00e1quina por meio de pesquisas centradas no ser humano","author":"Meta","date":"07\/02\/2025","format":false,"excerpt":"A equipe do Fundamental AI Research (FAIR) da Meta est\u00e1 focada em alcan\u00e7ar intelig\u00eancia avan\u00e7ada de m\u00e1quina (AMI na sigla em ingl\u00eas) e us\u00e1-la para impulsionar produtos e inova\u00e7\u00e3o para o benef\u00edcio de todos. Hoje, estamos animados em compartilhar algumas de nossas pesquisas e modelos mais recentes que apoiam nossa\u2026","rel":"","context":"In &quot;Meta&quot;","block_context":{"text":"Meta","link":"https:\/\/about.fb.com\/br\/news\/category\/temas-home\/meta\/"},"img":{"alt_text":"","src":"https:\/\/about.fb.com\/br\/wp-content\/uploads\/sites\/11\/2025\/02\/476277621_1657111108571585_1619174158963619715_n.jpg?fit=1920%2C1080&resize=350%2C200","width":350,"height":200,"srcset":"https:\/\/about.fb.com\/br\/wp-content\/uploads\/sites\/11\/2025\/02\/476277621_1657111108571585_1619174158963619715_n.jpg?fit=1920%2C1080&resize=350%2C200 1x, https:\/\/about.fb.com\/br\/wp-content\/uploads\/sites\/11\/2025\/02\/476277621_1657111108571585_1619174158963619715_n.jpg?fit=1920%2C1080&resize=525%2C300 1.5x, https:\/\/about.fb.com\/br\/wp-content\/uploads\/sites\/11\/2025\/02\/476277621_1657111108571585_1619174158963619715_n.jpg?fit=1920%2C1080&resize=700%2C400 2x, https:\/\/about.fb.com\/br\/wp-content\/uploads\/sites\/11\/2025\/02\/476277621_1657111108571585_1619174158963619715_n.jpg?fit=1920%2C1080&resize=1050%2C600 3x, https:\/\/about.fb.com\/br\/wp-content\/uploads\/sites\/11\/2025\/02\/476277621_1657111108571585_1619174158963619715_n.jpg?fit=1920%2C1080&resize=1400%2C800 4x"},"classes":[]},{"id":26295,"url":"https:\/\/about.fb.com\/br\/news\/2025\/04\/conta-de-adolescente-no-instagram-tera-novas-restricoes-e-chega-ao-facebook-e-o-messenger\/","url_meta":{"origin":23206,"position":2},"title":"Conta de Adolescente no Instagram ter\u00e1 novas restri\u00e7\u00f5es e chega ao Facebook e o Messenger","author":"Meta","date":"08\/04\/2025","format":false,"excerpt":"Atualiza\u00e7\u00e3o 25\/09\/2025: H\u00e1 um ano, lan\u00e7amos as Contas de Adolescente \u2014 um passo significativo para ajudar a manter os adolescentes seguros em nossos aplicativos. As Contas de Adolescente j\u00e1 foram implementadas globalmente no Instagram e est\u00e3o se expandindo tamb\u00e9m para adolescentes em todo o mundo no Facebook e Messenger. As\u2026","rel":"","context":"In &quot;Recent News&quot;","block_context":{"text":"Recent News","link":"https:\/\/about.fb.com\/br\/news\/category\/recent-news\/"},"img":{"alt_text":"","src":"https:\/\/about.fb.com\/br\/wp-content\/uploads\/sites\/11\/2025\/04\/05_pt_BR.png?resize=350%2C200","width":350,"height":200},"classes":[]},{"id":26214,"url":"https:\/\/about.fb.com\/br\/news\/2025\/03\/26214\/","url_meta":{"origin":23206,"position":3},"title":"Iniciando os testes para Notas da Comunidade no Facebook, Instagram e Threads","author":"Meta","date":"13\/03\/2025","format":false,"excerpt":"Em janeiro, a Meta anunciou que encerrar\u00e1 o programa com organiza\u00e7\u00f5es independentes de verifica\u00e7\u00e3o de fatos e passar\u00e1 a adotar um sistema de Notas da Comunidade baseado em colabora\u00e7\u00e3o coletiva, come\u00e7ando nos Estados Unidos. A partir de 18 de mar\u00e7o, vamos come\u00e7ar a testar essa nova abordagem, permitindo que os\u2026","rel":"","context":"In &quot;Recent News&quot;","block_context":{"text":"Recent News","link":"https:\/\/about.fb.com\/br\/news\/category\/recent-news\/"},"img":{"alt_text":"","src":"https:\/\/about.fb.com\/br\/wp-content\/uploads\/sites\/11\/2025\/03\/03_Rating_Carousel-030.jpg?resize=350%2C200","width":350,"height":200,"srcset":"https:\/\/about.fb.com\/br\/wp-content\/uploads\/sites\/11\/2025\/03\/03_Rating_Carousel-030.jpg?resize=350%2C200 1x, https:\/\/about.fb.com\/br\/wp-content\/uploads\/sites\/11\/2025\/03\/03_Rating_Carousel-030.jpg?resize=525%2C300 1.5x, https:\/\/about.fb.com\/br\/wp-content\/uploads\/sites\/11\/2025\/03\/03_Rating_Carousel-030.jpg?resize=700%2C400 2x, https:\/\/about.fb.com\/br\/wp-content\/uploads\/sites\/11\/2025\/03\/03_Rating_Carousel-030.jpg?resize=1050%2C600 3x, https:\/\/about.fb.com\/br\/wp-content\/uploads\/sites\/11\/2025\/03\/03_Rating_Carousel-030.jpg?resize=1400%2C800 4x"},"classes":[]},{"id":26380,"url":"https:\/\/about.fb.com\/br\/news\/2025\/05\/protecao-contra-golpes-de-investimento-e-pagamento-on-line\/","url_meta":{"origin":23206,"position":4},"title":"Prote\u00e7\u00e3o contra golpes de investimento e pagamento on-line","author":"Meta","date":"07\/05\/2025","format":false,"excerpt":"Geralmente, golpistas tentam tirar vantagem de eventos e cen\u00e1rios atuais para aplicar golpes relacionados a investimentos e pagamentos. Eles se aproveitam de temores de recess\u00e3o, mudan\u00e7as no com\u00e9rcio global, volatilidade do mercado de a\u00e7\u00f5es ou novos comportamentos em rela\u00e7\u00e3o a criptomoedas para buscar seus alvos. Esses golpes s\u00e3o projetados para\u2026","rel":"","context":"In &quot;Recent News&quot;","block_context":{"text":"Recent News","link":"https:\/\/about.fb.com\/br\/news\/category\/recent-news\/"},"img":{"alt_text":"","src":"https:\/\/about.fb.com\/br\/wp-content\/uploads\/sites\/11\/2025\/05\/WhatsApp-Image-2025-05-06-at-17.56.41.jpeg?resize=350%2C200","width":350,"height":200,"srcset":"https:\/\/about.fb.com\/br\/wp-content\/uploads\/sites\/11\/2025\/05\/WhatsApp-Image-2025-05-06-at-17.56.41.jpeg?resize=350%2C200 1x, https:\/\/about.fb.com\/br\/wp-content\/uploads\/sites\/11\/2025\/05\/WhatsApp-Image-2025-05-06-at-17.56.41.jpeg?resize=525%2C300 1.5x, https:\/\/about.fb.com\/br\/wp-content\/uploads\/sites\/11\/2025\/05\/WhatsApp-Image-2025-05-06-at-17.56.41.jpeg?resize=700%2C400 2x, https:\/\/about.fb.com\/br\/wp-content\/uploads\/sites\/11\/2025\/05\/WhatsApp-Image-2025-05-06-at-17.56.41.jpeg?resize=1050%2C600 3x, https:\/\/about.fb.com\/br\/wp-content\/uploads\/sites\/11\/2025\/05\/WhatsApp-Image-2025-05-06-at-17.56.41.jpeg?resize=1400%2C800 4x"},"classes":[]},{"id":26583,"url":"https:\/\/about.fb.com\/br\/news\/2025\/08\/maximize-seus-resultados-com-novas-formas-de-impulsionar-as-vendas-nesta-temporada-de-compras\/","url_meta":{"origin":23206,"position":5},"title":"Maximize seus resultados com novas formas de impulsionar as vendas nesta temporada de compras","author":"Meta","date":"21\/08\/2025","format":false,"excerpt":"O ritmo da inova\u00e7\u00e3o em IA continua acelerando, e na Meta estamos investindo em pessoas, infraestrutura e ferramentas para levar a superintelig\u00eancia pessoal a todos. Para as empresas no ecossistema da Meta, isso significa investimentos em infraestruturas como Andromeda, GEM, Lattice, a su\u00edte Advantage+ e ferramentas de an\u00fancios com IA\u2026","rel":"","context":"In &quot;Meta&quot;","block_context":{"text":"Meta","link":"https:\/\/about.fb.com\/br\/news\/category\/temas-home\/meta\/"},"img":{"alt_text":"","src":"https:\/\/about.fb.com\/br\/wp-content\/uploads\/sites\/11\/2025\/07\/Logo-Meta-1.jpg?fit=633%2C356&resize=350%2C200","width":350,"height":200,"srcset":"https:\/\/about.fb.com\/br\/wp-content\/uploads\/sites\/11\/2025\/07\/Logo-Meta-1.jpg?fit=633%2C356&resize=350%2C200 1x, https:\/\/about.fb.com\/br\/wp-content\/uploads\/sites\/11\/2025\/07\/Logo-Meta-1.jpg?fit=633%2C356&resize=525%2C300 1.5x"},"classes":[]}],"jetpack_sharing_enabled":true,"amp_enabled":true,"_links":{"self":[{"href":"https:\/\/about.fb.com\/br\/wp-json\/wp\/v2\/posts\/23206","targetHints":{"allow":["GET"]}}],"collection":[{"href":"https:\/\/about.fb.com\/br\/wp-json\/wp\/v2\/posts"}],"about":[{"href":"https:\/\/about.fb.com\/br\/wp-json\/wp\/v2\/types\/post"}],"author":[{"embeddable":true,"href":"https:\/\/about.fb.com\/br\/wp-json\/wp\/v2\/users\/81109636"}],"replies":[{"embeddable":true,"href":"https:\/\/about.fb.com\/br\/wp-json\/wp\/v2\/comments?post=23206"}],"version-history":[{"count":3,"href":"https:\/\/about.fb.com\/br\/wp-json\/wp\/v2\/posts\/23206\/revisions"}],"predecessor-version":[{"id":23210,"href":"https:\/\/about.fb.com\/br\/wp-json\/wp\/v2\/posts\/23206\/revisions\/23210"}],"wp:featuredmedia":[{"embeddable":true,"href":"https:\/\/about.fb.com\/br\/wp-json\/wp\/v2\/media\/23209"}],"wp:attachment":[{"href":"https:\/\/about.fb.com\/br\/wp-json\/wp\/v2\/media?parent=23206"}],"wp:term":[{"taxonomy":"category","embeddable":true,"href":"https:\/\/about.fb.com\/br\/wp-json\/wp\/v2\/categories?post=23206"},{"taxonomy":"post_tag","embeddable":true,"href":"https:\/\/about.fb.com\/br\/wp-json\/wp\/v2\/tags?post=23206"}],"curies":[{"name":"wp","href":"https:\/\/api.w.org\/{rel}","templated":true}]}}