{"id":23037,"date":"2021-07-23T15:04:25","date_gmt":"2021-07-23T18:04:25","guid":{"rendered":"https:\/\/about.fb.com\/br\/?p=23037"},"modified":"2021-07-27T13:23:50","modified_gmt":"2021-07-27T16:23:50","slug":"conectando-fas-com-os-jogos","status":"publish","type":"post","link":"https:\/\/about.fb.com\/br\/news\/2021\/07\/conectando-fas-com-os-jogos\/","title":{"rendered":"Conectando f\u00e3s com os Jogos"},"content":{"rendered":"<p><span style=\"font-weight: 400\">Nas pr\u00f3ximas semanas, pessoas do mundo inteiro usar\u00e3o nossos aplicativos para vivenciarem os Jogos. Por isso, estamos lan\u00e7ando recursos no Facebook, Instagram e WhatsApp para ajudar as pessoas a descobrir conte\u00fado sobre as competi\u00e7\u00f5es e a torcer por suas equipes.<\/span><\/p>\n<p><b>Facebook<\/b><\/p>\n<p><span style=\"font-weight: 400\">No Facebook, teremos um <\/span><a href=\"https:\/\/www.facebook.com\/tokyo-2020-olympics\"><span style=\"font-weight: 400\">hub de informa\u00e7\u00f5es<\/span><\/a><span style=\"font-weight: 400\"> que reunir\u00e1 destaques de parceiros oficiais da transmiss\u00e3o ol\u00edmpica, uma vis\u00e3o geral da equipe e dos atletas, explica\u00e7\u00f5es de novas competi\u00e7\u00f5es dos Jogos, hist\u00f3ria ol\u00edmpica, al\u00e9m de destacar posts de amigos e muito mais. Os f\u00e3s podem visitar o hub <\/span><a href=\"https:\/\/www.facebook.com\/tokyo-2020-olympics\"><span style=\"font-weight: 400\">neste link<\/span><\/a><span style=\"font-weight: 400\"> ou clicando nos hashtags #Olympics ou #Tokyo2020.\u00a0<\/span><\/p>\n<p><b><img data-recalc-dims=\"1\" loading=\"lazy\" decoding=\"async\" class=\"aligncenter size-large wp-image-23042\" src=\"https:\/\/about.fb.com\/br\/wp-content\/uploads\/sites\/11\/2021\/07\/CD20_461_Olympics_Inline-FB.png?w=890&#038;resize=890%2C593\" alt=\"\" width=\"890\" height=\"593\" srcset=\"https:\/\/about.fb.com\/br\/wp-content\/uploads\/sites\/11\/2021\/07\/CD20_461_Olympics_Inline-FB.png?w=1920 1920w, https:\/\/about.fb.com\/br\/wp-content\/uploads\/sites\/11\/2021\/07\/CD20_461_Olympics_Inline-FB.png?w=600 600w, https:\/\/about.fb.com\/br\/wp-content\/uploads\/sites\/11\/2021\/07\/CD20_461_Olympics_Inline-FB.png?w=300 300w, https:\/\/about.fb.com\/br\/wp-content\/uploads\/sites\/11\/2021\/07\/CD20_461_Olympics_Inline-FB.png?w=768 768w, https:\/\/about.fb.com\/br\/wp-content\/uploads\/sites\/11\/2021\/07\/CD20_461_Olympics_Inline-FB.png?w=1024 1024w, https:\/\/about.fb.com\/br\/wp-content\/uploads\/sites\/11\/2021\/07\/CD20_461_Olympics_Inline-FB.png?w=1536 1536w, https:\/\/about.fb.com\/br\/wp-content\/uploads\/sites\/11\/2021\/07\/CD20_461_Olympics_Inline-FB.png?w=1620 1620w, https:\/\/about.fb.com\/br\/wp-content\/uploads\/sites\/11\/2021\/07\/CD20_461_Olympics_Inline-FB.png?w=800 800w\" sizes=\"auto, (max-width: 890px) 100vw, 890px\" \/>Instagram<\/b><\/p>\n<p><span style=\"font-weight: 400\">Por meio dos efeitos de realidade aumentada no Instagram, os f\u00e3s ter\u00e3o uma experi\u00eancia \u00fanica tanto nos Stories quanto no Reels. Com o efeito de RA, os f\u00e3s podem se divertir ao imitar os movimentos de Miraitowa, a mascote oficial das Olimp\u00edadas e ganhar medalhas por seus desempenhos. Este efeito j\u00e1 est\u00e1 dispon\u00edvel na conta <\/span><a href=\"https:\/\/www.instagram.com\/olympics\/\"><span style=\"font-weight: 400\">@olympics<\/span><\/a><span style=\"font-weight: 400\"> no Instagram. Outro efeito, dispon\u00edvel na conta <\/span><a href=\"https:\/\/www.instagram.com\/tokyo2020\/\"><span style=\"font-weight: 400\">@Tokyo2020<\/span><\/a><span style=\"font-weight: 400\"> no Instagram, apresenta o ritmo da m\u00fasica oficial dos Jogos Ol\u00edmpicos de T\u00f3quio 2020.\u00a0<\/span><\/p>\n<p><span style=\"font-weight: 400\">Al\u00e9m disso, os Reels na conta do <\/span><a href=\"https:\/\/www.instagram.com\/instagram\/\"><span style=\"font-weight: 400\">@instagram<\/span><\/a><span style=\"font-weight: 400\"> v\u00e3o levar <\/span><a href=\"https:\/\/www.instagram.com\/p\/CQ1MduPjDJN\/\"><span style=\"font-weight: 400\">os f\u00e3s para os bastidores<\/span><\/a><span style=\"font-weight: 400\"> dos Jogos mostrando onze atletas ol\u00edmpicos enquanto se preparam para T\u00f3quio.<\/span><\/p>\n<p><b>WhatsApp<\/b><\/p>\n<p><span style=\"font-weight: 400\">O <\/span><a href=\"https:\/\/wa.me\/message\/KQRHQU35FL7PE1\"><span style=\"font-weight: 400\">chatbot oficial dos Jogos Ol\u00edmpicos<\/span><\/a><span style=\"font-weight: 400\"> agora est\u00e1 dispon\u00edvel no WhatsApp (apenas em ingl\u00eas). Aproveitando o WhatsApp Business API, o chatbot compartilhar\u00e1 a programa\u00e7\u00e3o ol\u00edmpica, informa\u00e7\u00f5es da agenda das transmiss\u00f5es locais dos Jogos em todo o mundo, e as \u00faltimas not\u00edcias e informa\u00e7\u00f5es de medalhas. O chatbot tamb\u00e9m contar\u00e1 com adesivos oficiais e um quiz sobre os v\u00e1rios eventos ol\u00edmpicos. Al\u00e9m disso, os f\u00e3s tamb\u00e9m podem interagir com o chatbot para acessar a campanha das Olimp\u00edadas #StrongerTogether.<\/span><\/p>\n<p><b><img data-recalc-dims=\"1\" loading=\"lazy\" decoding=\"async\" class=\"aligncenter size-large wp-image-23053\" src=\"https:\/\/about.fb.com\/br\/wp-content\/uploads\/sites\/11\/2021\/07\/CD20_461_Olympics_Inline-WA.jpg?w=890&#038;resize=890%2C593\" alt=\"\" width=\"890\" height=\"593\" srcset=\"https:\/\/about.fb.com\/br\/wp-content\/uploads\/sites\/11\/2021\/07\/CD20_461_Olympics_Inline-WA.jpg?w=1920 1920w, https:\/\/about.fb.com\/br\/wp-content\/uploads\/sites\/11\/2021\/07\/CD20_461_Olympics_Inline-WA.jpg?w=600 600w, https:\/\/about.fb.com\/br\/wp-content\/uploads\/sites\/11\/2021\/07\/CD20_461_Olympics_Inline-WA.jpg?w=300 300w, https:\/\/about.fb.com\/br\/wp-content\/uploads\/sites\/11\/2021\/07\/CD20_461_Olympics_Inline-WA.jpg?w=768 768w, https:\/\/about.fb.com\/br\/wp-content\/uploads\/sites\/11\/2021\/07\/CD20_461_Olympics_Inline-WA.jpg?w=1024 1024w, https:\/\/about.fb.com\/br\/wp-content\/uploads\/sites\/11\/2021\/07\/CD20_461_Olympics_Inline-WA.jpg?w=1536 1536w, https:\/\/about.fb.com\/br\/wp-content\/uploads\/sites\/11\/2021\/07\/CD20_461_Olympics_Inline-WA.jpg?w=1620 1620w, https:\/\/about.fb.com\/br\/wp-content\/uploads\/sites\/11\/2021\/07\/CD20_461_Olympics_Inline-WA.jpg?w=800 800w\" sizes=\"auto, (max-width: 890px) 100vw, 890px\" \/>Conte\u00fado em v\u00eddeo<\/b><\/p>\n<p><span style=\"font-weight: 400\">Em pa\u00edses selecionados, os torcedores ter\u00e3o acesso aos destaques de T\u00f3quio 2020 e tamb\u00e9m aos perfis de atletas e \u00e0s entrevistas durante todo o decorrer dos Jogos atrav\u00e9s das P\u00e1ginas oficiais das emissoras ol\u00edmpicas no Facebook e das contas no Instagram. Entre essas emissoras, est\u00e3o a <\/span><a href=\"https:\/\/www.facebook.com\/nbcolympics\"><span style=\"font-weight: 400\">NBC Universal<\/span><\/a><span style=\"font-weight: 400\"> nos EUA, <\/span><a href=\"https:\/\/www.facebook.com\/Eurosport\"><span style=\"font-weight: 400\">Eurosport<\/span><\/a><span style=\"font-weight: 400\"> para algumas regi\u00f5es da Europa, e <\/span><a href=\"https:\/\/www.facebook.com\/beINSPORTS\/\"><span style=\"font-weight: 400\">beIN<\/span><\/a><span style=\"font-weight: 400\"> no Oriente M\u00e9dio e Norte da \u00c1frica. Em territ\u00f3rios selecionados, incluindo \u00cdndia, R\u00fassia, \u00c1frica Subsaariana e pa\u00edses de l\u00edngua espanhola da Am\u00e9rica Latina, os f\u00e3s v\u00e3o poder ver os destaques do dia dos Jogos na <\/span><a href=\"https:\/\/www.facebook.com\/olympics\"><span style=\"font-weight: 400\">P\u00e1gina oficial das Olimp\u00edadas no Facebook<\/span><\/a><span style=\"font-weight: 400\">.\u00a0\u00a0<\/span><\/p>\n<p><span style=\"font-weight: 400\">Estamos muito animados em conectar pessoas de todo o mundo com os Jogos e ajudar os f\u00e3s a torcerem por seus times e atletas favoritos nestas pr\u00f3ximas semanas em nossos aplicativos.<\/span><\/p>\n","protected":false},"excerpt":{"rendered":"Nas pr\u00f3ximas semanas, pessoas do mundo inteiro usar\u00e3o nossos aplicativos para vivenciarem os Jogos. Por isso, estamos lan\u00e7ando recursos no Facebook, Instagram e WhatsApp para ajudar as pessoas a descobrir conte\u00fado sobre as competi\u00e7\u00f5es e a torcer por suas equipes. Facebook No Facebook, teremos um hub de informa\u00e7\u00f5es que reunir\u00e1 destaques de parceiros oficiais da transmiss\u00e3o ol\u00edmpica, uma vis\u00e3o geral da equipe e dos atletas, explica\u00e7\u00f5es de novas competi\u00e7\u00f5es dos Jogos, hist\u00f3ria ol\u00edmpica, al\u00e9m de destacar posts de amigos e muito mais. Os f\u00e3s podem visitar o hub neste link ou clicando nos hashtags #Olympics ou #Tokyo2020.\u00a0 Instagram Por meio dos efeitos de realidade aumentada no Instagram, os f\u00e3s ter\u00e3o uma experi\u00eancia \u00fanica tanto nos Stories quanto no Reels. Com o efeito de RA, os f\u00e3s podem se divertir ao imitar os movimentos de Miraitowa, a mascote oficial das Olimp\u00edadas e ganhar medalhas por seus desempenhos. Este efeito j\u00e1 est\u00e1 dispon\u00edvel na conta @olympics no Instagram. Outro efeito, dispon\u00edvel na conta @Tokyo2020 no Instagram, apresenta o ritmo da m\u00fasica oficial dos Jogos Ol\u00edmpicos de T\u00f3quio 2020.\u00a0 Al\u00e9m disso, os Reels na conta do @instagram v\u00e3o levar os f\u00e3s para os bastidores dos Jogos mostrando onze atletas ol\u00edmpicos enquanto se preparam para T\u00f3quio. WhatsApp O chatbot oficial dos Jogos Ol\u00edmpicos agora est\u00e1 dispon\u00edvel no WhatsApp (apenas em ingl\u00eas). Aproveitando o WhatsApp Business API, o chatbot compartilhar\u00e1 a programa\u00e7\u00e3o ol\u00edmpica, informa\u00e7\u00f5es da agenda das transmiss\u00f5es locais dos Jogos em todo o mundo, e as \u00faltimas not\u00edcias e informa\u00e7\u00f5es de medalhas. O chatbot tamb\u00e9m contar\u00e1 com adesivos oficiais e um quiz sobre os v\u00e1rios eventos ol\u00edmpicos. Al\u00e9m disso, os f\u00e3s tamb\u00e9m podem interagir com o chatbot para acessar a campanha das Olimp\u00edadas #StrongerTogether. Conte\u00fado em v\u00eddeo Em pa\u00edses selecionados, os torcedores ter\u00e3o acesso aos destaques de T\u00f3quio 2020 e tamb\u00e9m aos perfis de atletas e \u00e0s entrevistas durante todo o decorrer dos Jogos atrav\u00e9s das P\u00e1ginas oficiais das emissoras ol\u00edmpicas no Facebook e das contas no Instagram. Entre essas emissoras, est\u00e3o a NBC Universal nos EUA, Eurosport para algumas regi\u00f5es da Europa, e beIN no Oriente M\u00e9dio e Norte da \u00c1frica. Em territ\u00f3rios selecionados, incluindo \u00cdndia, R\u00fassia, \u00c1frica Subsaariana e pa\u00edses de l\u00edngua espanhola da Am\u00e9rica Latina, os f\u00e3s v\u00e3o poder ver os destaques do dia dos Jogos na P\u00e1gina oficial das Olimp\u00edadas no Facebook.\u00a0\u00a0 Estamos muito animados em conectar pessoas de todo o mundo com os Jogos e ajudar os f\u00e3s a torcerem por seus times e atletas favoritos nestas pr\u00f3ximas semanas em nossos aplicativos.","protected":false},"author":81109636,"featured_media":23041,"comment_status":"closed","ping_status":"closed","sticky":false,"template":"","format":"standard","meta":{"_jetpack_memberships_contains_paid_content":false,"footnotes":""},"categories":[396542115,396542117,1,396542118],"tags":[],"class_list":["post-23037","post","type-post","status-publish","format-standard","has-post-thumbnail","hentry","category-facebook","category-instagram","category-recent-news","category-whatsapp"],"yoast_head":"<!-- This site is optimized with the Yoast SEO plugin v27.2 - https:\/\/yoast.com\/product\/yoast-seo-wordpress\/ -->\n<title>Conectando f\u00e3s com os Jogos | Sobre a Meta<\/title>\n<meta name=\"robots\" content=\"index, follow, max-snippet:-1, max-image-preview:large, max-video-preview:-1\" \/>\n<link rel=\"canonical\" href=\"https:\/\/about.fb.com\/br\/news\/2021\/07\/conectando-fas-com-os-jogos\/\" \/>\n<meta property=\"og:locale\" content=\"pt_BR\" \/>\n<meta property=\"og:type\" content=\"article\" \/>\n<meta property=\"og:title\" content=\"Conectando f\u00e3s com os Jogos | Sobre a Meta\" \/>\n<meta property=\"og:description\" content=\"Nas pr\u00f3ximas semanas, pessoas do mundo inteiro usar\u00e3o nossos aplicativos para vivenciarem os Jogos. Por isso, estamos lan\u00e7ando recursos no Facebook, Instagram e WhatsApp para ajudar as pessoas a descobrir conte\u00fado sobre as competi\u00e7\u00f5es e a torcer por suas equipes. Facebook No Facebook, teremos um hub de informa\u00e7\u00f5es que reunir\u00e1 destaques de parceiros oficiais da transmiss\u00e3o ol\u00edmpica, uma vis\u00e3o geral da equipe e dos atletas, explica\u00e7\u00f5es de novas competi\u00e7\u00f5es dos Jogos, hist\u00f3ria ol\u00edmpica, al\u00e9m de destacar posts de amigos e muito mais. Os f\u00e3s podem visitar o hub neste link ou clicando nos hashtags #Olympics ou #Tokyo2020.\u00a0 Instagram Por meio dos efeitos de realidade aumentada no Instagram, os f\u00e3s ter\u00e3o uma experi\u00eancia \u00fanica tanto nos Stories quanto no Reels. Com o efeito de RA, os f\u00e3s podem se divertir ao imitar os movimentos de Miraitowa, a mascote oficial das Olimp\u00edadas e ganhar medalhas por seus desempenhos. Este efeito j\u00e1 est\u00e1 dispon\u00edvel na conta @olympics no Instagram. Outro efeito, dispon\u00edvel na conta @Tokyo2020 no Instagram, apresenta o ritmo da m\u00fasica oficial dos Jogos Ol\u00edmpicos de T\u00f3quio 2020.\u00a0 Al\u00e9m disso, os Reels na conta do @instagram v\u00e3o levar os f\u00e3s para os bastidores dos Jogos mostrando onze atletas ol\u00edmpicos enquanto se preparam para T\u00f3quio. WhatsApp O chatbot oficial dos Jogos Ol\u00edmpicos agora est\u00e1 dispon\u00edvel no WhatsApp (apenas em ingl\u00eas). Aproveitando o WhatsApp Business API, o chatbot compartilhar\u00e1 a programa\u00e7\u00e3o ol\u00edmpica, informa\u00e7\u00f5es da agenda das transmiss\u00f5es locais dos Jogos em todo o mundo, e as \u00faltimas not\u00edcias e informa\u00e7\u00f5es de medalhas. O chatbot tamb\u00e9m contar\u00e1 com adesivos oficiais e um quiz sobre os v\u00e1rios eventos ol\u00edmpicos. Al\u00e9m disso, os f\u00e3s tamb\u00e9m podem interagir com o chatbot para acessar a campanha das Olimp\u00edadas #StrongerTogether. Conte\u00fado em v\u00eddeo Em pa\u00edses selecionados, os torcedores ter\u00e3o acesso aos destaques de T\u00f3quio 2020 e tamb\u00e9m aos perfis de atletas e \u00e0s entrevistas durante todo o decorrer dos Jogos atrav\u00e9s das P\u00e1ginas oficiais das emissoras ol\u00edmpicas no Facebook e das contas no Instagram. Entre essas emissoras, est\u00e3o a NBC Universal nos EUA, Eurosport para algumas regi\u00f5es da Europa, e beIN no Oriente M\u00e9dio e Norte da \u00c1frica. Em territ\u00f3rios selecionados, incluindo \u00cdndia, R\u00fassia, \u00c1frica Subsaariana e pa\u00edses de l\u00edngua espanhola da Am\u00e9rica Latina, os f\u00e3s v\u00e3o poder ver os destaques do dia dos Jogos na P\u00e1gina oficial das Olimp\u00edadas no Facebook.\u00a0\u00a0 Estamos muito animados em conectar pessoas de todo o mundo com os Jogos e ajudar os f\u00e3s a torcerem por seus times e atletas favoritos nestas pr\u00f3ximas semanas em nossos aplicativos.\" \/>\n<meta property=\"og:url\" content=\"https:\/\/about.fb.com\/br\/news\/2021\/07\/conectando-fas-com-os-jogos\/\" \/>\n<meta property=\"og:site_name\" content=\"Sobre a Meta\" \/>\n<meta property=\"article:published_time\" content=\"2021-07-23T18:04:25+00:00\" \/>\n<meta property=\"article:modified_time\" content=\"2021-07-27T16:23:50+00:00\" \/>\n<meta property=\"og:image\" content=\"https:\/\/about.fb.com\/br\/wp-content\/uploads\/sites\/11\/2021\/07\/CD20_461_Olympics_Header.jpeg?resize=1024,576\" \/>\n\t<meta property=\"og:image:width\" content=\"1024\" \/>\n\t<meta property=\"og:image:height\" content=\"576\" \/>\n\t<meta property=\"og:image:type\" content=\"image\/jpeg\" \/>\n<meta name=\"author\" content=\"facebookbr\" \/>\n<meta name=\"twitter:card\" content=\"summary_large_image\" \/>\n<meta name=\"twitter:label1\" content=\"Written by\" \/>\n\t<meta name=\"twitter:data1\" content=\"Meta\" \/>\n\t<meta name=\"twitter:label2\" content=\"Est. reading time\" \/>\n\t<meta name=\"twitter:data2\" content=\"3 minutos\" \/>\n<script type=\"application\/ld+json\" class=\"yoast-schema-graph\">{\"@context\":\"https:\/\/schema.org\",\"@graph\":[{\"@type\":\"Article\",\"@id\":\"https:\/\/about.fb.com\/br\/news\/2021\/07\/conectando-fas-com-os-jogos\/#article\",\"isPartOf\":{\"@id\":\"https:\/\/about.fb.com\/br\/news\/2021\/07\/conectando-fas-com-os-jogos\/\"},\"author\":\"Facebook company\",\"headline\":\"Conectando f\u00e3s com os Jogos\",\"datePublished\":\"2021-07-23T18:04:25+00:00\",\"dateModified\":\"2021-07-27T16:23:50+00:00\",\"mainEntityOfPage\":{\"@id\":\"https:\/\/about.fb.com\/br\/news\/2021\/07\/conectando-fas-com-os-jogos\/\"},\"wordCount\":486,\"publisher\":{\"@id\":\"https:\/\/about.fb.com\/br\/#organization\"},\"image\":{\"@id\":\"https:\/\/about.fb.com\/br\/news\/2021\/07\/conectando-fas-com-os-jogos\/#primaryimage\"},\"thumbnailUrl\":\"https:\/\/about.fb.com\/br\/wp-content\/uploads\/sites\/11\/2021\/07\/CD20_461_Olympics_Header.jpeg?fit=1920%2C1080\",\"articleSection\":[\"Facebook\",\"Instagram\",\"Recent News\",\"WhatsApp\"],\"inLanguage\":\"pt-BR\"},{\"@type\":\"WebPage\",\"@id\":\"https:\/\/about.fb.com\/br\/news\/2021\/07\/conectando-fas-com-os-jogos\/\",\"url\":\"https:\/\/about.fb.com\/br\/news\/2021\/07\/conectando-fas-com-os-jogos\/\",\"name\":\"Conectando f\u00e3s com os Jogos | Sobre a Meta\",\"isPartOf\":{\"@id\":\"https:\/\/about.fb.com\/br\/#website\"},\"primaryImageOfPage\":{\"@id\":\"https:\/\/about.fb.com\/br\/news\/2021\/07\/conectando-fas-com-os-jogos\/#primaryimage\"},\"image\":{\"@id\":\"https:\/\/about.fb.com\/br\/news\/2021\/07\/conectando-fas-com-os-jogos\/#primaryimage\"},\"thumbnailUrl\":\"https:\/\/about.fb.com\/br\/wp-content\/uploads\/sites\/11\/2021\/07\/CD20_461_Olympics_Header.jpeg?fit=1920%2C1080\",\"datePublished\":\"2021-07-23T18:04:25+00:00\",\"dateModified\":\"2021-07-27T16:23:50+00:00\",\"breadcrumb\":{\"@id\":\"https:\/\/about.fb.com\/br\/news\/2021\/07\/conectando-fas-com-os-jogos\/#breadcrumb\"},\"inLanguage\":\"pt-BR\",\"potentialAction\":[{\"@type\":\"ReadAction\",\"target\":[\"https:\/\/about.fb.com\/br\/news\/2021\/07\/conectando-fas-com-os-jogos\/\"]}],\"author\":\"Sobre a Meta\"},{\"@type\":\"ImageObject\",\"inLanguage\":\"pt-BR\",\"@id\":\"https:\/\/about.fb.com\/br\/news\/2021\/07\/conectando-fas-com-os-jogos\/#primaryimage\",\"url\":\"https:\/\/about.fb.com\/br\/wp-content\/uploads\/sites\/11\/2021\/07\/CD20_461_Olympics_Header.jpeg?fit=1920%2C1080\",\"contentUrl\":\"https:\/\/about.fb.com\/br\/wp-content\/uploads\/sites\/11\/2021\/07\/CD20_461_Olympics_Header.jpeg?fit=1920%2C1080\",\"width\":1920,\"height\":1080},{\"@type\":\"BreadcrumbList\",\"@id\":\"https:\/\/about.fb.com\/br\/news\/2021\/07\/conectando-fas-com-os-jogos\/#breadcrumb\",\"itemListElement\":[{\"@type\":\"ListItem\",\"position\":1,\"name\":\"Home\",\"item\":\"https:\/\/about.fb.com\/br\/\"},{\"@type\":\"ListItem\",\"position\":2,\"name\":\"Conectando f\u00e3s com os Jogos\"}]},{\"@type\":\"WebSite\",\"@id\":\"https:\/\/about.fb.com\/br\/#website\",\"url\":\"https:\/\/about.fb.com\/news\/\",\"name\":\"Sobre a Meta\",\"description\":\"\",\"publisher\":{\"@id\":\"https:\/\/about.fb.com\/br\/#organization\"},\"potentialAction\":[{\"@type\":\"SearchAction\",\"target\":{\"@type\":\"EntryPoint\",\"urlTemplate\":\"https:\/\/about.fb.com\/br\/?s={search_term_string}\"},\"query-input\":{\"@type\":\"PropertyValueSpecification\",\"valueRequired\":true,\"valueName\":\"search_term_string\"}}],\"inLanguage\":\"pt-BR\",\"alternateName\":[\"Meta Newsroom\",\"Meta\"]},{\"@type\":\"Organization\",\"@id\":\"https:\/\/about.fb.com\/br\/#organization\",\"name\":\"Meta\",\"url\":\"https:\/\/about.fb.com\/br\/\",\"logo\":{\"@type\":\"ImageObject\",\"inLanguage\":\"pt-BR\",\"@id\":\"https:\/\/about.fb.com\/br\/#\/schema\/logo\/image\/\",\"url\":\"https:\/\/about.fb.com\/br\/wp-content\/uploads\/sites\/11\/2021\/10\/meta-social-16x9-1.jpg?fit=8000%2C4500\",\"contentUrl\":\"https:\/\/about.fb.com\/br\/wp-content\/uploads\/sites\/11\/2021\/10\/meta-social-16x9-1.jpg?fit=8000%2C4500\",\"width\":8000,\"height\":4500,\"caption\":\"Meta\"},\"image\":{\"@id\":\"https:\/\/about.fb.com\/br\/#\/schema\/logo\/image\/\"}}]}<\/script>\n<!-- \/ Yoast SEO plugin. -->","yoast_head_json":{"title":"Conectando f\u00e3s com os Jogos | Sobre a Meta","robots":{"index":"index","follow":"follow","max-snippet":"max-snippet:-1","max-image-preview":"max-image-preview:large","max-video-preview":"max-video-preview:-1"},"canonical":"https:\/\/about.fb.com\/br\/news\/2021\/07\/conectando-fas-com-os-jogos\/","og_locale":"pt_BR","og_type":"article","og_title":"Conectando f\u00e3s com os Jogos | Sobre a Meta","og_description":"Nas pr\u00f3ximas semanas, pessoas do mundo inteiro usar\u00e3o nossos aplicativos para vivenciarem os Jogos. Por isso, estamos lan\u00e7ando recursos no Facebook, Instagram e WhatsApp para ajudar as pessoas a descobrir conte\u00fado sobre as competi\u00e7\u00f5es e a torcer por suas equipes. Facebook No Facebook, teremos um hub de informa\u00e7\u00f5es que reunir\u00e1 destaques de parceiros oficiais da transmiss\u00e3o ol\u00edmpica, uma vis\u00e3o geral da equipe e dos atletas, explica\u00e7\u00f5es de novas competi\u00e7\u00f5es dos Jogos, hist\u00f3ria ol\u00edmpica, al\u00e9m de destacar posts de amigos e muito mais. Os f\u00e3s podem visitar o hub neste link ou clicando nos hashtags #Olympics ou #Tokyo2020.\u00a0 Instagram Por meio dos efeitos de realidade aumentada no Instagram, os f\u00e3s ter\u00e3o uma experi\u00eancia \u00fanica tanto nos Stories quanto no Reels. Com o efeito de RA, os f\u00e3s podem se divertir ao imitar os movimentos de Miraitowa, a mascote oficial das Olimp\u00edadas e ganhar medalhas por seus desempenhos. Este efeito j\u00e1 est\u00e1 dispon\u00edvel na conta @olympics no Instagram. Outro efeito, dispon\u00edvel na conta @Tokyo2020 no Instagram, apresenta o ritmo da m\u00fasica oficial dos Jogos Ol\u00edmpicos de T\u00f3quio 2020.\u00a0 Al\u00e9m disso, os Reels na conta do @instagram v\u00e3o levar os f\u00e3s para os bastidores dos Jogos mostrando onze atletas ol\u00edmpicos enquanto se preparam para T\u00f3quio. WhatsApp O chatbot oficial dos Jogos Ol\u00edmpicos agora est\u00e1 dispon\u00edvel no WhatsApp (apenas em ingl\u00eas). Aproveitando o WhatsApp Business API, o chatbot compartilhar\u00e1 a programa\u00e7\u00e3o ol\u00edmpica, informa\u00e7\u00f5es da agenda das transmiss\u00f5es locais dos Jogos em todo o mundo, e as \u00faltimas not\u00edcias e informa\u00e7\u00f5es de medalhas. O chatbot tamb\u00e9m contar\u00e1 com adesivos oficiais e um quiz sobre os v\u00e1rios eventos ol\u00edmpicos. Al\u00e9m disso, os f\u00e3s tamb\u00e9m podem interagir com o chatbot para acessar a campanha das Olimp\u00edadas #StrongerTogether. Conte\u00fado em v\u00eddeo Em pa\u00edses selecionados, os torcedores ter\u00e3o acesso aos destaques de T\u00f3quio 2020 e tamb\u00e9m aos perfis de atletas e \u00e0s entrevistas durante todo o decorrer dos Jogos atrav\u00e9s das P\u00e1ginas oficiais das emissoras ol\u00edmpicas no Facebook e das contas no Instagram. Entre essas emissoras, est\u00e3o a NBC Universal nos EUA, Eurosport para algumas regi\u00f5es da Europa, e beIN no Oriente M\u00e9dio e Norte da \u00c1frica. Em territ\u00f3rios selecionados, incluindo \u00cdndia, R\u00fassia, \u00c1frica Subsaariana e pa\u00edses de l\u00edngua espanhola da Am\u00e9rica Latina, os f\u00e3s v\u00e3o poder ver os destaques do dia dos Jogos na P\u00e1gina oficial das Olimp\u00edadas no Facebook.\u00a0\u00a0 Estamos muito animados em conectar pessoas de todo o mundo com os Jogos e ajudar os f\u00e3s a torcerem por seus times e atletas favoritos nestas pr\u00f3ximas semanas em nossos aplicativos.","og_url":"https:\/\/about.fb.com\/br\/news\/2021\/07\/conectando-fas-com-os-jogos\/","og_site_name":"Sobre a Meta","article_published_time":"2021-07-23T18:04:25+00:00","article_modified_time":"2021-07-27T16:23:50+00:00","og_image":[{"width":1024,"height":576,"url":"https:\/\/about.fb.com\/br\/wp-content\/uploads\/sites\/11\/2021\/07\/CD20_461_Olympics_Header.jpeg?resize=1024,576","type":"image\/jpeg"}],"author":"facebookbr","twitter_card":"summary_large_image","twitter_misc":{"Written by":"Meta","Est. reading time":"3 minutos"},"schema":{"@context":"https:\/\/schema.org","@graph":[{"@type":"Article","@id":"https:\/\/about.fb.com\/br\/news\/2021\/07\/conectando-fas-com-os-jogos\/#article","isPartOf":{"@id":"https:\/\/about.fb.com\/br\/news\/2021\/07\/conectando-fas-com-os-jogos\/"},"author":"Facebook company","headline":"Conectando f\u00e3s com os Jogos","datePublished":"2021-07-23T18:04:25+00:00","dateModified":"2021-07-27T16:23:50+00:00","mainEntityOfPage":{"@id":"https:\/\/about.fb.com\/br\/news\/2021\/07\/conectando-fas-com-os-jogos\/"},"wordCount":486,"publisher":{"@id":"https:\/\/about.fb.com\/br\/#organization"},"image":{"@id":"https:\/\/about.fb.com\/br\/news\/2021\/07\/conectando-fas-com-os-jogos\/#primaryimage"},"thumbnailUrl":"https:\/\/about.fb.com\/br\/wp-content\/uploads\/sites\/11\/2021\/07\/CD20_461_Olympics_Header.jpeg?fit=1920%2C1080","articleSection":["Facebook","Instagram","Recent News","WhatsApp"],"inLanguage":"pt-BR"},{"@type":"WebPage","@id":"https:\/\/about.fb.com\/br\/news\/2021\/07\/conectando-fas-com-os-jogos\/","url":"https:\/\/about.fb.com\/br\/news\/2021\/07\/conectando-fas-com-os-jogos\/","name":"Conectando f\u00e3s com os Jogos | Sobre a Meta","isPartOf":{"@id":"https:\/\/about.fb.com\/br\/#website"},"primaryImageOfPage":{"@id":"https:\/\/about.fb.com\/br\/news\/2021\/07\/conectando-fas-com-os-jogos\/#primaryimage"},"image":{"@id":"https:\/\/about.fb.com\/br\/news\/2021\/07\/conectando-fas-com-os-jogos\/#primaryimage"},"thumbnailUrl":"https:\/\/about.fb.com\/br\/wp-content\/uploads\/sites\/11\/2021\/07\/CD20_461_Olympics_Header.jpeg?fit=1920%2C1080","datePublished":"2021-07-23T18:04:25+00:00","dateModified":"2021-07-27T16:23:50+00:00","breadcrumb":{"@id":"https:\/\/about.fb.com\/br\/news\/2021\/07\/conectando-fas-com-os-jogos\/#breadcrumb"},"inLanguage":"pt-BR","potentialAction":[{"@type":"ReadAction","target":["https:\/\/about.fb.com\/br\/news\/2021\/07\/conectando-fas-com-os-jogos\/"]}],"author":"Sobre a Meta"},{"@type":"ImageObject","inLanguage":"pt-BR","@id":"https:\/\/about.fb.com\/br\/news\/2021\/07\/conectando-fas-com-os-jogos\/#primaryimage","url":"https:\/\/about.fb.com\/br\/wp-content\/uploads\/sites\/11\/2021\/07\/CD20_461_Olympics_Header.jpeg?fit=1920%2C1080","contentUrl":"https:\/\/about.fb.com\/br\/wp-content\/uploads\/sites\/11\/2021\/07\/CD20_461_Olympics_Header.jpeg?fit=1920%2C1080","width":1920,"height":1080},{"@type":"BreadcrumbList","@id":"https:\/\/about.fb.com\/br\/news\/2021\/07\/conectando-fas-com-os-jogos\/#breadcrumb","itemListElement":[{"@type":"ListItem","position":1,"name":"Home","item":"https:\/\/about.fb.com\/br\/"},{"@type":"ListItem","position":2,"name":"Conectando f\u00e3s com os Jogos"}]},{"@type":"WebSite","@id":"https:\/\/about.fb.com\/br\/#website","url":"https:\/\/about.fb.com\/news\/","name":"Sobre a Meta","description":"","publisher":{"@id":"https:\/\/about.fb.com\/br\/#organization"},"potentialAction":[{"@type":"SearchAction","target":{"@type":"EntryPoint","urlTemplate":"https:\/\/about.fb.com\/br\/?s={search_term_string}"},"query-input":{"@type":"PropertyValueSpecification","valueRequired":true,"valueName":"search_term_string"}}],"inLanguage":"pt-BR","alternateName":["Meta Newsroom","Meta"]},{"@type":"Organization","@id":"https:\/\/about.fb.com\/br\/#organization","name":"Meta","url":"https:\/\/about.fb.com\/br\/","logo":{"@type":"ImageObject","inLanguage":"pt-BR","@id":"https:\/\/about.fb.com\/br\/#\/schema\/logo\/image\/","url":"https:\/\/about.fb.com\/br\/wp-content\/uploads\/sites\/11\/2021\/10\/meta-social-16x9-1.jpg?fit=8000%2C4500","contentUrl":"https:\/\/about.fb.com\/br\/wp-content\/uploads\/sites\/11\/2021\/10\/meta-social-16x9-1.jpg?fit=8000%2C4500","width":8000,"height":4500,"caption":"Meta"},"image":{"@id":"https:\/\/about.fb.com\/br\/#\/schema\/logo\/image\/"}}]}},"jetpack_featured_media_url":"https:\/\/about.fb.com\/br\/wp-content\/uploads\/sites\/11\/2021\/07\/CD20_461_Olympics_Header.jpeg?fit=1920%2C1080","jetpack-related-posts":[{"id":26696,"url":"https:\/\/about.fb.com\/br\/news\/2025\/10\/desempenho-potencializado-por-ia-para-o-agora-e-o-futuro\/","url_meta":{"origin":23037,"position":0},"title":"Desempenho potencializado por IA para o agora e o futuro","author":"Meta","date":"02\/10\/2025","format":false,"excerpt":"Para os profissionais de marketing, cada ponto de desempenho incremental pode significar a diferen\u00e7a entre empatar e bater recordes. Por isso, a Meta continua investindo em solu\u00e7\u00f5es l\u00edderes com IA, incluindo o Advantage+ e a infraestrutura que o sustenta, para ajudar empresas, anunciantes e ag\u00eancias a expandirem rapidamente. Estamos escrevendo\u2026","rel":"","context":"In &quot;Meta&quot;","block_context":{"text":"Meta","link":"https:\/\/about.fb.com\/br\/news\/category\/temas-home\/meta\/"},"img":{"alt_text":"","src":"https:\/\/about.fb.com\/br\/wp-content\/uploads\/sites\/11\/2025\/07\/Logo-Meta-1.jpg?fit=633%2C356&resize=350%2C200","width":350,"height":200,"srcset":"https:\/\/about.fb.com\/br\/wp-content\/uploads\/sites\/11\/2025\/07\/Logo-Meta-1.jpg?fit=633%2C356&resize=350%2C200 1x, https:\/\/about.fb.com\/br\/wp-content\/uploads\/sites\/11\/2025\/07\/Logo-Meta-1.jpg?fit=633%2C356&resize=525%2C300 1.5x"},"classes":[]},{"id":26390,"url":"https:\/\/about.fb.com\/br\/news\/2025\/05\/meta-apresenta-novas-solucoes-para-criadores-e-marcas\/","url_meta":{"origin":23037,"position":1},"title":"Meta apresenta novas solu\u00e7\u00f5es para criadores e marcas","author":"Meta","date":"08\/05\/2025","format":false,"excerpt":"Com bilh\u00f5es de intera\u00e7\u00f5es di\u00e1rias, a Meta \u00e9 o lugar onde as pessoas descobrem, se conectam e compram. Nossos diversos formatos e posicionamentos de an\u00fancios ajudam as mensagens a serem vistas e ouvidas. Somente os Reels geram 4,5 bilh\u00f5es de compartilhamentos por dia. Hoje, anunciamos novas solu\u00e7\u00f5es de marketing com\u2026","rel":"","context":"In &quot;Meta&quot;","block_context":{"text":"Meta","link":"https:\/\/about.fb.com\/br\/news\/category\/temas-home\/meta\/"},"img":{"alt_text":"","src":"https:\/\/about.fb.com\/br\/wp-content\/uploads\/sites\/11\/2025\/05\/495518465_1208029907787418_2711818781208175959_n.gif?resize=350%2C200","width":350,"height":200},"classes":[]},{"id":27047,"url":"https:\/\/about.fb.com\/br\/news\/2026\/03\/da-cultura-aos-negocios-como-a-ia-esta-impulsionando-conexoes-personalizadas-e-crescimento\/","url_meta":{"origin":23037,"position":2},"title":"Da cultura aos neg\u00f3cios: como a IA est\u00e1 impulsionando conex\u00f5es personalizadas e crescimento","author":"Meta","date":"26\/03\/2026","format":false,"excerpt":"Esta semana, a ind\u00fastria publicit\u00e1ria se reuniu no\u00a0Shoptalk\u00a0e no\u00a0IAB Newfronts\u00a0para explorar o futuro do e-commerce e da publicidade. Embora esses eventos foquem em diferentes partes da jornada do cliente, eles enfatizam um desafio compartilhado por todos os profissionais de marketing: capturar a aten\u00e7\u00e3o e transform\u00e1-la em a\u00e7\u00e3o significativa est\u00e1 mais\u2026","rel":"","context":"In &quot;Recent News&quot;","block_context":{"text":"Recent News","link":"https:\/\/about.fb.com\/br\/news\/category\/recent-news\/"},"img":{"alt_text":"","src":"https:\/\/about.fb.com\/br\/wp-content\/uploads\/sites\/11\/2026\/03\/Product-video-generation-tool-for-catalog-product-video.gif?resize=350%2C200","width":350,"height":200,"srcset":"https:\/\/about.fb.com\/br\/wp-content\/uploads\/sites\/11\/2026\/03\/Product-video-generation-tool-for-catalog-product-video.gif?resize=350%2C200 1x, https:\/\/about.fb.com\/br\/wp-content\/uploads\/sites\/11\/2026\/03\/Product-video-generation-tool-for-catalog-product-video.gif?resize=525%2C300 1.5x, https:\/\/about.fb.com\/br\/wp-content\/uploads\/sites\/11\/2026\/03\/Product-video-generation-tool-for-catalog-product-video.gif?resize=700%2C400 2x, https:\/\/about.fb.com\/br\/wp-content\/uploads\/sites\/11\/2026\/03\/Product-video-generation-tool-for-catalog-product-video.gif?resize=1050%2C600 3x"},"classes":[]},{"id":26313,"url":"https:\/\/about.fb.com\/br\/news\/2025\/04\/o-caso-da-ftc-contra-a-meta-e-fragil-e-ignora-a-realidade\/","url_meta":{"origin":23037,"position":3},"title":"O caso da FTC contra a Meta \u00e9 fr\u00e1gil e ignora a realidade","author":"Meta","date":"14\/04\/2025","format":false,"excerpt":"Por Jennifer Newstead, Chief Legal Officer Na segunda-feira, 14 de abril, come\u00e7ar\u00e1 o julgamento do fr\u00e1gil processo antitruste movido pela FTC, tentando desfazer as aquisi\u00e7\u00f5es do Instagram e do WhatsApp que foram aprovadas h\u00e1 mais de 10 anos. O caso da FTC ignora como o mercado realmente funciona e busca\u2026","rel":"","context":"In &quot;Facebook&quot;","block_context":{"text":"Facebook","link":"https:\/\/about.fb.com\/br\/news\/category\/technologies\/facebook\/"},"img":{"alt_text":"","src":"https:\/\/about.fb.com\/br\/wp-content\/uploads\/sites\/11\/2025\/04\/Screenshot-2025-04-14-at-10.35.14.png?fit=1568%2C878&resize=350%2C200","width":350,"height":200,"srcset":"https:\/\/about.fb.com\/br\/wp-content\/uploads\/sites\/11\/2025\/04\/Screenshot-2025-04-14-at-10.35.14.png?fit=1568%2C878&resize=350%2C200 1x, https:\/\/about.fb.com\/br\/wp-content\/uploads\/sites\/11\/2025\/04\/Screenshot-2025-04-14-at-10.35.14.png?fit=1568%2C878&resize=525%2C300 1.5x, https:\/\/about.fb.com\/br\/wp-content\/uploads\/sites\/11\/2025\/04\/Screenshot-2025-04-14-at-10.35.14.png?fit=1568%2C878&resize=700%2C400 2x, https:\/\/about.fb.com\/br\/wp-content\/uploads\/sites\/11\/2025\/04\/Screenshot-2025-04-14-at-10.35.14.png?fit=1568%2C878&resize=1050%2C600 3x, https:\/\/about.fb.com\/br\/wp-content\/uploads\/sites\/11\/2025\/04\/Screenshot-2025-04-14-at-10.35.14.png?fit=1568%2C878&resize=1400%2C800 4x"},"classes":[]},{"id":26869,"url":"https:\/\/about.fb.com\/br\/news\/2025\/12\/novas-ferramentas-com-ia-para-escalar-parcerias-entre-criadores-e-marcas\/","url_meta":{"origin":23037,"position":4},"title":"Novas ferramentas com IA para escalar parcerias entre criadores e marcas","author":"Meta","date":"11\/12\/2025","format":false,"excerpt":"[Atualizado em 30 de janeiro de 2026] Estamos compartilhando atualiza\u00e7\u00f5es adicionais que facilitam para as marcas descobrirem, avaliarem e se conectarem com criadores para campanhas de an\u00fancios em parceria usando o Marketplace de Criadores do Instagram. Expandindo o Marketplace de Criadores para empresas globalmente: A partir de hoje, estamos ampliando\u2026","rel":"","context":"In &quot;Meta&quot;","block_context":{"text":"Meta","link":"https:\/\/about.fb.com\/br\/news\/category\/temas-home\/meta\/"},"img":{"alt_text":"","src":"https:\/\/about.fb.com\/br\/wp-content\/uploads\/sites\/11\/2025\/07\/Logo-Meta-1.jpg?fit=633%2C356&resize=350%2C200","width":350,"height":200,"srcset":"https:\/\/about.fb.com\/br\/wp-content\/uploads\/sites\/11\/2025\/07\/Logo-Meta-1.jpg?fit=633%2C356&resize=350%2C200 1x, https:\/\/about.fb.com\/br\/wp-content\/uploads\/sites\/11\/2025\/07\/Logo-Meta-1.jpg?fit=633%2C356&resize=525%2C300 1.5x"},"classes":[]},{"id":26838,"url":"https:\/\/about.fb.com\/br\/news\/2025\/12\/facilitando-o-acesso-ao-suporte-de-conta-no-facebook-e-instagram\/","url_meta":{"origin":23037,"position":5},"title":"Facilitando o acesso ao suporte de conta no Facebook e Instagram","author":"Meta","date":"04\/12\/2025","format":false,"excerpt":"\u00a0 Destaque Estamos tornando mais f\u00e1cil\u00a0 o acesso ao\u00a0 nosso\u00a0 suporte de conta 24 horas no Facebook e Instagram,com novas ferramentas,\u00a0 incluindo\u00a0 um hub de suporte centralizado. No \u00faltimo ano, novos casos de invas\u00e3o de contas diminu\u00edram mais de 30% globalmente no Facebook e Instagram, e a recupera\u00e7\u00e3o de contas\u2026","rel":"","context":"In &quot;Feed - Categorias&quot;","block_context":{"text":"Feed - Categorias","link":"https:\/\/about.fb.com\/br\/news\/category\/technologies\/"},"img":{"alt_text":"","src":"https:\/\/about.fb.com\/br\/wp-content\/uploads\/sites\/11\/2025\/12\/01_Support-Hubsmall-entry_Carousel-01.gif?resize=350%2C200","width":350,"height":200,"srcset":"https:\/\/about.fb.com\/br\/wp-content\/uploads\/sites\/11\/2025\/12\/01_Support-Hubsmall-entry_Carousel-01.gif?resize=350%2C200 1x, https:\/\/about.fb.com\/br\/wp-content\/uploads\/sites\/11\/2025\/12\/01_Support-Hubsmall-entry_Carousel-01.gif?resize=525%2C300 1.5x, https:\/\/about.fb.com\/br\/wp-content\/uploads\/sites\/11\/2025\/12\/01_Support-Hubsmall-entry_Carousel-01.gif?resize=700%2C400 2x"},"classes":[]}],"jetpack_sharing_enabled":true,"amp_enabled":true,"_links":{"self":[{"href":"https:\/\/about.fb.com\/br\/wp-json\/wp\/v2\/posts\/23037","targetHints":{"allow":["GET"]}}],"collection":[{"href":"https:\/\/about.fb.com\/br\/wp-json\/wp\/v2\/posts"}],"about":[{"href":"https:\/\/about.fb.com\/br\/wp-json\/wp\/v2\/types\/post"}],"author":[{"embeddable":true,"href":"https:\/\/about.fb.com\/br\/wp-json\/wp\/v2\/users\/81109636"}],"replies":[{"embeddable":true,"href":"https:\/\/about.fb.com\/br\/wp-json\/wp\/v2\/comments?post=23037"}],"version-history":[{"count":4,"href":"https:\/\/about.fb.com\/br\/wp-json\/wp\/v2\/posts\/23037\/revisions"}],"predecessor-version":[{"id":23055,"href":"https:\/\/about.fb.com\/br\/wp-json\/wp\/v2\/posts\/23037\/revisions\/23055"}],"wp:featuredmedia":[{"embeddable":true,"href":"https:\/\/about.fb.com\/br\/wp-json\/wp\/v2\/media\/23041"}],"wp:attachment":[{"href":"https:\/\/about.fb.com\/br\/wp-json\/wp\/v2\/media?parent=23037"}],"wp:term":[{"taxonomy":"category","embeddable":true,"href":"https:\/\/about.fb.com\/br\/wp-json\/wp\/v2\/categories?post=23037"},{"taxonomy":"post_tag","embeddable":true,"href":"https:\/\/about.fb.com\/br\/wp-json\/wp\/v2\/tags?post=23037"}],"curies":[{"name":"wp","href":"https:\/\/api.w.org\/{rel}","templated":true}]}}