{"id":22834,"date":"2021-06-16T12:38:57","date_gmt":"2021-06-16T15:38:57","guid":{"rendered":"https:\/\/about.fb.com\/br\/?p=22834"},"modified":"2021-07-01T16:29:52","modified_gmt":"2021-07-01T19:29:52","slug":"novas-ferramentas-para-ajudar-lideres-de-comunidades-a-gerenciar-e-expandir-seus-grupos-no-facebook","status":"publish","type":"post","link":"https:\/\/about.fb.com\/br\/news\/2021\/06\/novas-ferramentas-para-ajudar-lideres-de-comunidades-a-gerenciar-e-expandir-seus-grupos-no-facebook\/","title":{"rendered":"Novas ferramentas para ajudar l\u00edderes de comunidades a gerenciar e expandir seus Grupos no Facebook"},"content":{"rendered":"<p><span style=\"font-weight: 400\">Anunciamos hoje v\u00e1rias ferramentas novas para empoderar os l\u00edderes de comunidade com base no feedback de administradores de grupos.\u00a0<\/span><\/p>\n<p><span style=\"font-weight: 400\">S\u00e3o mais de 70 milh\u00f5es de administradores e moderadores ativos cuidando de Grupos no Facebook em todo o mundo. O trabalho que eles fazem diariamente \u00e9 essencial para a nossa miss\u00e3o de criar comunidades e aproximar o mundo.<\/span><\/p>\n<p><span style=\"font-weight: 400\">H\u00e1 quatro anos, realizamos o primeiro Facebook Communities Summit em Chicago (EUA) para centenas de administradores de Grupos no Facebook, e anunciamos a nova miss\u00e3o da empresa, al\u00e9m de novos recursos para fortalecer suas comunidades na plataforma.<\/span><\/p>\n<p><span style=\"font-weight: 400\">Continuamos apoiando essas pessoas desde ent\u00e3o, e estas s\u00e3o algumas das novas ferramentas que estamos lan\u00e7ando:<\/span><\/p>\n<p><b>P\u00e1gina inicial do administrador: uma nova central para gerenciar a sua comunidade<\/b><\/p>\n<p><span style=\"font-weight: 400\">A <\/span><b>P\u00e1gina inicial do administrador<\/b><span style=\"font-weight: 400\"> \u00e9 um destino mais simples e intuitivo para todas as ferramentas, configura\u00e7\u00f5es e recursos que os administradores podem adaptar \u00e0s suas necessidades. Com a nova experi\u00eancia, \u00e9 poss\u00edvel:<\/span><\/p>\n<ul>\n<li style=\"font-weight: 400\"><span style=\"font-weight: 400\">Ver rapidamente as publica\u00e7\u00f5es, membros e coment\u00e1rios denunciados que precisam de aten\u00e7\u00e3o.<\/span><\/li>\n<li style=\"font-weight: 400\"><span style=\"font-weight: 400\">Encontrar as ferramentas importantes que est\u00e3o procurando gra\u00e7as a um layout reorganizado e mais claro que mostra o que est\u00e1 dispon\u00edvel em cada categoria.<\/span><\/li>\n<li style=\"font-weight: 400\"><span style=\"font-weight: 400\">Acessar novos recursos, conforme forem lan\u00e7ados.<\/span><\/li>\n<\/ul>\n<p><b><a href=\"https:\/\/about.fb.com\/br\/wp-content\/uploads\/sites\/11\/2021\/06\/01AdminHome-POR.jpg\"><img data-recalc-dims=\"1\" loading=\"lazy\" decoding=\"async\" class=\"aligncenter size-thumbnail wp-image-22835\" src=\"https:\/\/about.fb.com\/br\/wp-content\/uploads\/sites\/11\/2021\/06\/01AdminHome-POR.jpg?w=540&#038;resize=540%2C400\" alt=\"\" width=\"540\" height=\"400\" srcset=\"https:\/\/about.fb.com\/br\/wp-content\/uploads\/sites\/11\/2021\/06\/01AdminHome-POR.jpg?w=3364 3364w, https:\/\/about.fb.com\/br\/wp-content\/uploads\/sites\/11\/2021\/06\/01AdminHome-POR.jpg?w=540 540w, https:\/\/about.fb.com\/br\/wp-content\/uploads\/sites\/11\/2021\/06\/01AdminHome-POR.jpg?w=300 300w, https:\/\/about.fb.com\/br\/wp-content\/uploads\/sites\/11\/2021\/06\/01AdminHome-POR.jpg?w=768 768w, https:\/\/about.fb.com\/br\/wp-content\/uploads\/sites\/11\/2021\/06\/01AdminHome-POR.jpg?w=1024 1024w, https:\/\/about.fb.com\/br\/wp-content\/uploads\/sites\/11\/2021\/06\/01AdminHome-POR.jpg?w=1536 1536w, https:\/\/about.fb.com\/br\/wp-content\/uploads\/sites\/11\/2021\/06\/01AdminHome-POR.jpg?w=2048 2048w, https:\/\/about.fb.com\/br\/wp-content\/uploads\/sites\/11\/2021\/06\/01AdminHome-POR.jpg?w=264 264w, https:\/\/about.fb.com\/br\/wp-content\/uploads\/sites\/11\/2021\/06\/01AdminHome-POR.jpg?w=1458 1458w, https:\/\/about.fb.com\/br\/wp-content\/uploads\/sites\/11\/2021\/06\/01AdminHome-POR.jpg?w=800 800w, https:\/\/about.fb.com\/br\/wp-content\/uploads\/sites\/11\/2021\/06\/01AdminHome-POR.jpg?w=1920 1920w, https:\/\/about.fb.com\/br\/wp-content\/uploads\/sites\/11\/2021\/06\/01AdminHome-POR.jpg?w=2880 2880w\" sizes=\"auto, (max-width: 540px) 100vw, 540px\" \/><\/a>Novas ferramentas para ajudar a moderar conversas e poss\u00edveis conflitos<\/b><\/p>\n<p><span style=\"font-weight: 400\">Manter a seguran\u00e7a nos Grupos no Facebook \u00e9 uma prioridade, e os administradores s\u00e3o fundamentais para ajudar a preservar uma cultura segura e saud\u00e1vel nas suas comunidades. Ao apresentarmos a <\/span><b>modera\u00e7\u00e3o de coment\u00e1rios no Assistente do Administrador<\/b><span style=\"font-weight: 400\">, j\u00e1 dispon\u00edvel para desktop e dispositivos m\u00f3veis, permitimos a configura\u00e7\u00e3o de crit\u00e9rios para automatizar a modera\u00e7\u00e3o de publica\u00e7\u00f5es e coment\u00e1rios. Com ela, os administradores podem:<\/span><\/p>\n<ul>\n<li style=\"font-weight: 400\"><span style=\"font-weight: 400\">Restringir pessoas que n\u00e3o se qualificam para participar com base em v\u00e1rias op\u00e7\u00f5es (por exemplo, h\u00e1 quanto tempo t\u00eam uma conta do Facebook ou h\u00e1 quanto tempo s\u00e3o membros do Grupo).<\/span><\/li>\n<li style=\"font-weight: 400\"><span style=\"font-weight: 400\">Reduzir o conte\u00fado promocional, recusando publica\u00e7\u00f5es e coment\u00e1rios com links espec\u00edficos. Existe a op\u00e7\u00e3o de fornecer feedback para o autor, que poder\u00e1 editar a publica\u00e7\u00e3o e reenvi\u00e1-la para an\u00e1lise.<\/span><\/li>\n<li style=\"font-weight: 400\"><span style=\"font-weight: 400\">Usar crit\u00e9rios sugeridos pelo Facebook para ajudar a defender o Grupo de spam, manter discuss\u00f5es positivas e resolver conflitos. Os administradores podem procurar, adicionar e editar esses crit\u00e9rios para atender \u00e0s necessidades do Grupo. \u00c9 poss\u00edvel desfazer a\u00e7\u00f5es espec\u00edficas no Assistente do Administrador ou alterar e refinar crit\u00e9rios ao longo do tempo.<\/span><\/li>\n<\/ul>\n<p><span style=\"font-weight: 400\"><a href=\"https:\/\/about.fb.com\/br\/wp-content\/uploads\/sites\/11\/2021\/06\/02AdminAssist-POR.jpg\"><img data-recalc-dims=\"1\" loading=\"lazy\" decoding=\"async\" class=\"aligncenter size-thumbnail wp-image-22836\" src=\"https:\/\/about.fb.com\/br\/wp-content\/uploads\/sites\/11\/2021\/06\/02AdminAssist-POR.jpg?w=549&#038;resize=549%2C400\" alt=\"\" width=\"549\" height=\"400\" srcset=\"https:\/\/about.fb.com\/br\/wp-content\/uploads\/sites\/11\/2021\/06\/02AdminAssist-POR.jpg?w=2629 2629w, https:\/\/about.fb.com\/br\/wp-content\/uploads\/sites\/11\/2021\/06\/02AdminAssist-POR.jpg?w=549 549w, https:\/\/about.fb.com\/br\/wp-content\/uploads\/sites\/11\/2021\/06\/02AdminAssist-POR.jpg?w=300 300w, https:\/\/about.fb.com\/br\/wp-content\/uploads\/sites\/11\/2021\/06\/02AdminAssist-POR.jpg?w=768 768w, https:\/\/about.fb.com\/br\/wp-content\/uploads\/sites\/11\/2021\/06\/02AdminAssist-POR.jpg?w=1024 1024w, https:\/\/about.fb.com\/br\/wp-content\/uploads\/sites\/11\/2021\/06\/02AdminAssist-POR.jpg?w=1536 1536w, https:\/\/about.fb.com\/br\/wp-content\/uploads\/sites\/11\/2021\/06\/02AdminAssist-POR.jpg?w=2048 2048w, https:\/\/about.fb.com\/br\/wp-content\/uploads\/sites\/11\/2021\/06\/02AdminAssist-POR.jpg?w=1483 1483w, https:\/\/about.fb.com\/br\/wp-content\/uploads\/sites\/11\/2021\/06\/02AdminAssist-POR.jpg?w=800 800w, https:\/\/about.fb.com\/br\/wp-content\/uploads\/sites\/11\/2021\/06\/02AdminAssist-POR.jpg?w=1920 1920w\" sizes=\"auto, (max-width: 549px) 100vw, 549px\" \/><\/a>Tamb\u00e9m estamos testando um novo tipo de alerta de modera\u00e7\u00e3o chamado <\/span><b>Alertas da modera\u00e7\u00e3o.<\/b><span style=\"font-weight: 400\"> Esse recurso usa intelig\u00eancia artificial para detectar e notificar administradores quando houver conversas possivelmente controversas ou pouco saud\u00e1veis no Grupo. Assim, eles poder\u00e3o agir conforme necess\u00e1rio.<\/span><\/p>\n<p><span style=\"font-weight: 400\">Em situa\u00e7\u00f5es em que pode ser \u00fatil <\/span><b>diminuir o ritmo de uma conversa<\/b><span style=\"font-weight: 400\">, os administradores podem limitar temporariamente com que frequ\u00eancia membros espec\u00edficos podem comentar, al\u00e9m de controlar com que frequ\u00eancia coment\u00e1rios podem ser feitos em publica\u00e7\u00f5es selecionadas.<\/span><\/p>\n<div id='gallery-1' class='gallery galleryid-22834 gallery-columns-3 gallery-size-thumbnail'><figure class='gallery-item'>\n\t\t\t<div class='gallery-icon portrait'>\n\t\t\t\t<a href='https:\/\/about.fb.com\/br\/news\/2021\/06\/novas-ferramentas-para-ajudar-lideres-de-comunidades-a-gerenciar-e-expandir-seus-grupos-no-facebook\/04commentslowdown-por\/'><img data-recalc-dims=\"1\" loading=\"lazy\" decoding=\"async\" width=\"353\" height=\"400\" src=\"https:\/\/about.fb.com\/br\/wp-content\/uploads\/sites\/11\/2021\/06\/04CommentSlowdown-POR.jpg?fit=353%2C400&#038;resize=353%2C400\" class=\"attachment-thumbnail size-thumbnail\" alt=\"\" aria-describedby=\"gallery-1-22839\" srcset=\"https:\/\/about.fb.com\/br\/wp-content\/uploads\/sites\/11\/2021\/06\/04CommentSlowdown-POR.jpg?w=1688 1688w, https:\/\/about.fb.com\/br\/wp-content\/uploads\/sites\/11\/2021\/06\/04CommentSlowdown-POR.jpg?w=353 353w, https:\/\/about.fb.com\/br\/wp-content\/uploads\/sites\/11\/2021\/06\/04CommentSlowdown-POR.jpg?w=264 264w, https:\/\/about.fb.com\/br\/wp-content\/uploads\/sites\/11\/2021\/06\/04CommentSlowdown-POR.jpg?w=768 768w, https:\/\/about.fb.com\/br\/wp-content\/uploads\/sites\/11\/2021\/06\/04CommentSlowdown-POR.jpg?w=903 903w, https:\/\/about.fb.com\/br\/wp-content\/uploads\/sites\/11\/2021\/06\/04CommentSlowdown-POR.jpg?w=1354 1354w, https:\/\/about.fb.com\/br\/wp-content\/uploads\/sites\/11\/2021\/06\/04CommentSlowdown-POR.jpg?w=952 952w, https:\/\/about.fb.com\/br\/wp-content\/uploads\/sites\/11\/2021\/06\/04CommentSlowdown-POR.jpg?w=529 529w\" sizes=\"auto, (max-width: 353px) 100vw, 353px\" \/><\/a>\n\t\t\t<\/div>\n\t\t\t\t<figcaption class='wp-caption-text gallery-caption' id='gallery-1-22839'>\n\t\t\t\tLimitando coment\u00e1rio\n\t\t\t\t<\/figcaption><\/figure><figure class='gallery-item'>\n\t\t\t<div class='gallery-icon portrait'>\n\t\t\t\t<a href='https:\/\/about.fb.com\/br\/news\/2021\/06\/novas-ferramentas-para-ajudar-lideres-de-comunidades-a-gerenciar-e-expandir-seus-grupos-no-facebook\/03moderationalerts-por\/'><img data-recalc-dims=\"1\" loading=\"lazy\" decoding=\"async\" width=\"353\" height=\"400\" src=\"https:\/\/about.fb.com\/br\/wp-content\/uploads\/sites\/11\/2021\/06\/03ModerationAlerts-POR.jpg?fit=353%2C400&#038;resize=353%2C400\" class=\"attachment-thumbnail size-thumbnail\" alt=\"\" aria-describedby=\"gallery-1-22838\" srcset=\"https:\/\/about.fb.com\/br\/wp-content\/uploads\/sites\/11\/2021\/06\/03ModerationAlerts-POR.jpg?w=1688 1688w, https:\/\/about.fb.com\/br\/wp-content\/uploads\/sites\/11\/2021\/06\/03ModerationAlerts-POR.jpg?w=353 353w, https:\/\/about.fb.com\/br\/wp-content\/uploads\/sites\/11\/2021\/06\/03ModerationAlerts-POR.jpg?w=264 264w, https:\/\/about.fb.com\/br\/wp-content\/uploads\/sites\/11\/2021\/06\/03ModerationAlerts-POR.jpg?w=768 768w, https:\/\/about.fb.com\/br\/wp-content\/uploads\/sites\/11\/2021\/06\/03ModerationAlerts-POR.jpg?w=903 903w, https:\/\/about.fb.com\/br\/wp-content\/uploads\/sites\/11\/2021\/06\/03ModerationAlerts-POR.jpg?w=1354 1354w, https:\/\/about.fb.com\/br\/wp-content\/uploads\/sites\/11\/2021\/06\/03ModerationAlerts-POR.jpg?w=952 952w, https:\/\/about.fb.com\/br\/wp-content\/uploads\/sites\/11\/2021\/06\/03ModerationAlerts-POR.jpg?w=529 529w\" sizes=\"auto, (max-width: 353px) 100vw, 353px\" \/><\/a>\n\t\t\t<\/div>\n\t\t\t\t<figcaption class='wp-caption-text gallery-caption' id='gallery-1-22838'>\n\t\t\t\tAlerta de Conflito\n\t\t\t\t<\/figcaption><\/figure><figure class='gallery-item'>\n\t\t\t<div class='gallery-icon landscape'>\n\t\t\t\t<a href='https:\/\/about.fb.com\/br\/news\/2021\/06\/novas-ferramentas-para-ajudar-lideres-de-comunidades-a-gerenciar-e-expandir-seus-grupos-no-facebook\/02adminassist-por\/'><img data-recalc-dims=\"1\" loading=\"lazy\" decoding=\"async\" width=\"549\" height=\"400\" src=\"https:\/\/about.fb.com\/br\/wp-content\/uploads\/sites\/11\/2021\/06\/02AdminAssist-POR.jpg?fit=549%2C400&#038;resize=549%2C400\" class=\"attachment-thumbnail size-thumbnail\" alt=\"\" aria-describedby=\"gallery-1-22836\" srcset=\"https:\/\/about.fb.com\/br\/wp-content\/uploads\/sites\/11\/2021\/06\/02AdminAssist-POR.jpg?w=2629 2629w, https:\/\/about.fb.com\/br\/wp-content\/uploads\/sites\/11\/2021\/06\/02AdminAssist-POR.jpg?w=549 549w, https:\/\/about.fb.com\/br\/wp-content\/uploads\/sites\/11\/2021\/06\/02AdminAssist-POR.jpg?w=300 300w, https:\/\/about.fb.com\/br\/wp-content\/uploads\/sites\/11\/2021\/06\/02AdminAssist-POR.jpg?w=768 768w, https:\/\/about.fb.com\/br\/wp-content\/uploads\/sites\/11\/2021\/06\/02AdminAssist-POR.jpg?w=1024 1024w, https:\/\/about.fb.com\/br\/wp-content\/uploads\/sites\/11\/2021\/06\/02AdminAssist-POR.jpg?w=1536 1536w, https:\/\/about.fb.com\/br\/wp-content\/uploads\/sites\/11\/2021\/06\/02AdminAssist-POR.jpg?w=2048 2048w, https:\/\/about.fb.com\/br\/wp-content\/uploads\/sites\/11\/2021\/06\/02AdminAssist-POR.jpg?w=1483 1483w, https:\/\/about.fb.com\/br\/wp-content\/uploads\/sites\/11\/2021\/06\/02AdminAssist-POR.jpg?w=800 800w, https:\/\/about.fb.com\/br\/wp-content\/uploads\/sites\/11\/2021\/06\/02AdminAssist-POR.jpg?w=1920 1920w\" sizes=\"auto, (max-width: 549px) 100vw, 549px\" \/><\/a>\n\t\t\t<\/div>\n\t\t\t\t<figcaption class='wp-caption-text gallery-caption' id='gallery-1-22836'>\n\t\t\t\tAssistente do Moderador\n\t\t\t\t<\/figcaption><\/figure>\n\t\t<\/div>\n\n<p><b>Novas maneiras para os l\u00edderes refor\u00e7arem a cultura da comunidade<\/b><\/p>\n<p><span style=\"font-weight: 400\">\u00c9 importante que os administradores sejam capazes de definir, moldar e refor\u00e7ar a cultura de uma comunidade. Para isso, \u00e9 fundamental entender quem s\u00e3o os membros e estabelecer regras e normas claras para a comunidade seguir.<\/span><\/p>\n<p><span style=\"font-weight: 400\">Apresentamos o novo recurso <\/span><b>Resumo do membro<\/b><span style=\"font-weight: 400\">. Com ele, os administradores podem ver um resumo consolidado da atividade de cada membro no Grupo, como o n\u00famero de vezes que a pessoa publicou e comentou ou quando teve publica\u00e7\u00f5es removidas ou silenciadas no Grupo.<\/span><\/p>\n<p><span style=\"font-weight: 400\">Agora, os administradores podem <\/span><b>fazer uma apela\u00e7\u00e3o de viola\u00e7\u00f5es<\/b><span style=\"font-weight: 400\"> referentes a conte\u00fado publicado ou aprovado por eles ou por outros administradores, bem como conte\u00fado de membros. Essas apela\u00e7\u00f5es ser\u00e3o analisadas pelo Facebook para garantir que a decis\u00e3o certa seja tomada.<\/span><\/p>\n<p><span style=\"font-weight: 400\">A fim de facilitar o compartilhamento e a aplica\u00e7\u00e3o de regras em Grupos, os administradores e moderadores j\u00e1 podem <\/span><b>marcar as regras do Grupo<\/b><span style=\"font-weight: 400\"> em coment\u00e1rios e publica\u00e7\u00f5es. Al\u00e9m disso, os membros poder\u00e3o marcar regras espec\u00edficas do Grupo quando denunciarem publica\u00e7\u00f5es e coment\u00e1rios a administradores. Isso ajuda a simplificar a modera\u00e7\u00e3o da comunidade.<\/span><\/p>\n<p><span style=\"font-weight: 400\">Nos \u00faltimos meses, tamb\u00e9m fizemos v\u00e1rias atualiza\u00e7\u00f5es nas ferramentas para administradores com base no feedback espec\u00edfico que recebemos dessa comunidade. Isso inclui recursos como <\/span><b>coment\u00e1rios fixados, notifica\u00e7\u00f5es de avisos de administradores<\/b><span style=\"font-weight: 400\"> e uma s\u00e9rie de outros recursos sobre os quais voc\u00ea pode ler no <\/span><a href=\"https:\/\/www.facebook.com\/community\/whats-new\/new-tools-features-nurture-community\/\"><span style=\"font-weight: 400\">blog da comunidade<\/span><\/a><span style=\"font-weight: 400\">.<\/span><\/p>\n<div id='gallery-2' class='gallery galleryid-22834 gallery-columns-3 gallery-size-thumbnail'><figure class='gallery-item'>\n\t\t\t<div class='gallery-icon portrait'>\n\t\t\t\t<a href='https:\/\/about.fb.com\/br\/news\/2021\/06\/novas-ferramentas-para-ajudar-lideres-de-comunidades-a-gerenciar-e-expandir-seus-grupos-no-facebook\/05membersummary-por\/'><img data-recalc-dims=\"1\" loading=\"lazy\" decoding=\"async\" width=\"353\" height=\"400\" src=\"https:\/\/about.fb.com\/br\/wp-content\/uploads\/sites\/11\/2021\/06\/05MemberSummary-POR.jpg?fit=353%2C400&#038;resize=353%2C400\" class=\"attachment-thumbnail size-thumbnail\" alt=\"\" aria-describedby=\"gallery-2-22840\" srcset=\"https:\/\/about.fb.com\/br\/wp-content\/uploads\/sites\/11\/2021\/06\/05MemberSummary-POR.jpg?w=1688 1688w, https:\/\/about.fb.com\/br\/wp-content\/uploads\/sites\/11\/2021\/06\/05MemberSummary-POR.jpg?w=353 353w, https:\/\/about.fb.com\/br\/wp-content\/uploads\/sites\/11\/2021\/06\/05MemberSummary-POR.jpg?w=264 264w, https:\/\/about.fb.com\/br\/wp-content\/uploads\/sites\/11\/2021\/06\/05MemberSummary-POR.jpg?w=768 768w, https:\/\/about.fb.com\/br\/wp-content\/uploads\/sites\/11\/2021\/06\/05MemberSummary-POR.jpg?w=903 903w, https:\/\/about.fb.com\/br\/wp-content\/uploads\/sites\/11\/2021\/06\/05MemberSummary-POR.jpg?w=1354 1354w, https:\/\/about.fb.com\/br\/wp-content\/uploads\/sites\/11\/2021\/06\/05MemberSummary-POR.jpg?w=952 952w, https:\/\/about.fb.com\/br\/wp-content\/uploads\/sites\/11\/2021\/06\/05MemberSummary-POR.jpg?w=529 529w\" sizes=\"auto, (max-width: 353px) 100vw, 353px\" \/><\/a>\n\t\t\t<\/div>\n\t\t\t\t<figcaption class='wp-caption-text gallery-caption' id='gallery-2-22840'>\n\t\t\t\tResumo de Membro\n\t\t\t\t<\/figcaption><\/figure><figure class='gallery-item'>\n\t\t\t<div class='gallery-icon landscape'>\n\t\t\t\t<a href='https:\/\/about.fb.com\/br\/news\/2021\/06\/novas-ferramentas-para-ajudar-lideres-de-comunidades-a-gerenciar-e-expandir-seus-grupos-no-facebook\/07grouprules-por\/'><img data-recalc-dims=\"1\" loading=\"lazy\" decoding=\"async\" width=\"547\" height=\"400\" src=\"https:\/\/about.fb.com\/br\/wp-content\/uploads\/sites\/11\/2021\/06\/07GroupRules-POR.jpg?fit=547%2C400&#038;resize=547%2C400\" class=\"attachment-thumbnail size-thumbnail\" alt=\"\" aria-describedby=\"gallery-2-22841\" srcset=\"https:\/\/about.fb.com\/br\/wp-content\/uploads\/sites\/11\/2021\/06\/07GroupRules-POR.jpg?w=2621 2621w, https:\/\/about.fb.com\/br\/wp-content\/uploads\/sites\/11\/2021\/06\/07GroupRules-POR.jpg?w=547 547w, https:\/\/about.fb.com\/br\/wp-content\/uploads\/sites\/11\/2021\/06\/07GroupRules-POR.jpg?w=300 300w, https:\/\/about.fb.com\/br\/wp-content\/uploads\/sites\/11\/2021\/06\/07GroupRules-POR.jpg?w=768 768w, https:\/\/about.fb.com\/br\/wp-content\/uploads\/sites\/11\/2021\/06\/07GroupRules-POR.jpg?w=1024 1024w, https:\/\/about.fb.com\/br\/wp-content\/uploads\/sites\/11\/2021\/06\/07GroupRules-POR.jpg?w=1536 1536w, https:\/\/about.fb.com\/br\/wp-content\/uploads\/sites\/11\/2021\/06\/07GroupRules-POR.jpg?w=2048 2048w, https:\/\/about.fb.com\/br\/wp-content\/uploads\/sites\/11\/2021\/06\/07GroupRules-POR.jpg?w=1478 1478w, https:\/\/about.fb.com\/br\/wp-content\/uploads\/sites\/11\/2021\/06\/07GroupRules-POR.jpg?w=800 800w, https:\/\/about.fb.com\/br\/wp-content\/uploads\/sites\/11\/2021\/06\/07GroupRules-POR.jpg?w=1920 1920w\" sizes=\"auto, (max-width: 547px) 100vw, 547px\" \/><\/a>\n\t\t\t<\/div>\n\t\t\t\t<figcaption class='wp-caption-text gallery-caption' id='gallery-2-22841'>\n\t\t\t\tMarca\u00e7\u00e3o de Regras\n\t\t\t\t<\/figcaption><\/figure><figure class='gallery-item'>\n\t\t\t<div class='gallery-icon portrait'>\n\t\t\t\t<a href='https:\/\/about.fb.com\/br\/news\/2021\/06\/novas-ferramentas-para-ajudar-lideres-de-comunidades-a-gerenciar-e-expandir-seus-grupos-no-facebook\/09pinnedpost-por\/'><img data-recalc-dims=\"1\" loading=\"lazy\" decoding=\"async\" width=\"201\" height=\"400\" src=\"https:\/\/about.fb.com\/br\/wp-content\/uploads\/sites\/11\/2021\/06\/09PinnedPost-POR.jpg?fit=201%2C400&#038;resize=201%2C400\" class=\"attachment-thumbnail size-thumbnail\" alt=\"\" aria-describedby=\"gallery-2-22842\" srcset=\"https:\/\/about.fb.com\/br\/wp-content\/uploads\/sites\/11\/2021\/06\/09PinnedPost-POR.jpg?w=888 888w, https:\/\/about.fb.com\/br\/wp-content\/uploads\/sites\/11\/2021\/06\/09PinnedPost-POR.jpg?w=201 201w, https:\/\/about.fb.com\/br\/wp-content\/uploads\/sites\/11\/2021\/06\/09PinnedPost-POR.jpg?w=151 151w, https:\/\/about.fb.com\/br\/wp-content\/uploads\/sites\/11\/2021\/06\/09PinnedPost-POR.jpg?w=768 768w, https:\/\/about.fb.com\/br\/wp-content\/uploads\/sites\/11\/2021\/06\/09PinnedPost-POR.jpg?w=515 515w, https:\/\/about.fb.com\/br\/wp-content\/uploads\/sites\/11\/2021\/06\/09PinnedPost-POR.jpg?w=772 772w, https:\/\/about.fb.com\/br\/wp-content\/uploads\/sites\/11\/2021\/06\/09PinnedPost-POR.jpg?w=543 543w, https:\/\/about.fb.com\/br\/wp-content\/uploads\/sites\/11\/2021\/06\/09PinnedPost-POR.jpg?w=302 302w\" sizes=\"auto, (max-width: 201px) 100vw, 201px\" \/><\/a>\n\t\t\t<\/div>\n\t\t\t\t<figcaption class='wp-caption-text gallery-caption' id='gallery-2-22842'>\n\t\t\t\t Notifica\u00e7\u00f5es de avisos de administradores \n\t\t\t\t<\/figcaption><\/figure><figure class='gallery-item'>\n\t\t\t<div class='gallery-icon portrait'>\n\t\t\t\t<a href='https:\/\/about.fb.com\/br\/news\/2021\/06\/novas-ferramentas-para-ajudar-lideres-de-comunidades-a-gerenciar-e-expandir-seus-grupos-no-facebook\/06appeal-por\/'><img data-recalc-dims=\"1\" loading=\"lazy\" decoding=\"async\" width=\"353\" height=\"400\" src=\"https:\/\/about.fb.com\/br\/wp-content\/uploads\/sites\/11\/2021\/06\/06Appeal-POR.jpg?fit=353%2C400&#038;resize=353%2C400\" class=\"attachment-thumbnail size-thumbnail\" alt=\"\" aria-describedby=\"gallery-2-22843\" srcset=\"https:\/\/about.fb.com\/br\/wp-content\/uploads\/sites\/11\/2021\/06\/06Appeal-POR.jpg?w=1688 1688w, https:\/\/about.fb.com\/br\/wp-content\/uploads\/sites\/11\/2021\/06\/06Appeal-POR.jpg?w=353 353w, https:\/\/about.fb.com\/br\/wp-content\/uploads\/sites\/11\/2021\/06\/06Appeal-POR.jpg?w=264 264w, https:\/\/about.fb.com\/br\/wp-content\/uploads\/sites\/11\/2021\/06\/06Appeal-POR.jpg?w=768 768w, https:\/\/about.fb.com\/br\/wp-content\/uploads\/sites\/11\/2021\/06\/06Appeal-POR.jpg?w=903 903w, https:\/\/about.fb.com\/br\/wp-content\/uploads\/sites\/11\/2021\/06\/06Appeal-POR.jpg?w=1354 1354w, https:\/\/about.fb.com\/br\/wp-content\/uploads\/sites\/11\/2021\/06\/06Appeal-POR.jpg?w=952 952w, https:\/\/about.fb.com\/br\/wp-content\/uploads\/sites\/11\/2021\/06\/06Appeal-POR.jpg?w=529 529w\" sizes=\"auto, (max-width: 353px) 100vw, 353px\" \/><\/a>\n\t\t\t<\/div>\n\t\t\t\t<figcaption class='wp-caption-text gallery-caption' id='gallery-2-22843'>\n\t\t\t\tApela\u00e7\u00e3o de administrador\n\t\t\t\t<\/figcaption><\/figure><figure class='gallery-item'>\n\t\t\t<div class='gallery-icon portrait'>\n\t\t\t\t<a href='https:\/\/about.fb.com\/br\/news\/2021\/06\/novas-ferramentas-para-ajudar-lideres-de-comunidades-a-gerenciar-e-expandir-seus-grupos-no-facebook\/08pinnedcomment-por\/'><img data-recalc-dims=\"1\" loading=\"lazy\" decoding=\"async\" width=\"201\" height=\"400\" src=\"https:\/\/about.fb.com\/br\/wp-content\/uploads\/sites\/11\/2021\/06\/08PinnedComment-POR.jpg?fit=201%2C400&#038;resize=201%2C400\" class=\"attachment-thumbnail size-thumbnail\" alt=\"\" aria-describedby=\"gallery-2-22844\" srcset=\"https:\/\/about.fb.com\/br\/wp-content\/uploads\/sites\/11\/2021\/06\/08PinnedComment-POR.jpg?w=888 888w, https:\/\/about.fb.com\/br\/wp-content\/uploads\/sites\/11\/2021\/06\/08PinnedComment-POR.jpg?w=201 201w, https:\/\/about.fb.com\/br\/wp-content\/uploads\/sites\/11\/2021\/06\/08PinnedComment-POR.jpg?w=151 151w, https:\/\/about.fb.com\/br\/wp-content\/uploads\/sites\/11\/2021\/06\/08PinnedComment-POR.jpg?w=768 768w, https:\/\/about.fb.com\/br\/wp-content\/uploads\/sites\/11\/2021\/06\/08PinnedComment-POR.jpg?w=515 515w, https:\/\/about.fb.com\/br\/wp-content\/uploads\/sites\/11\/2021\/06\/08PinnedComment-POR.jpg?w=772 772w, https:\/\/about.fb.com\/br\/wp-content\/uploads\/sites\/11\/2021\/06\/08PinnedComment-POR.jpg?w=543 543w, https:\/\/about.fb.com\/br\/wp-content\/uploads\/sites\/11\/2021\/06\/08PinnedComment-POR.jpg?w=302 302w\" sizes=\"auto, (max-width: 201px) 100vw, 201px\" \/><\/a>\n\t\t\t<\/div>\n\t\t\t\t<figcaption class='wp-caption-text gallery-caption' id='gallery-2-22844'>\n\t\t\t\tComent\u00e1rio fixado\n\t\t\t\t<\/figcaption><\/figure>\n\t\t<\/div>\n\n<p><i><span style=\"font-weight: 400\">Aguardamos voc\u00ea quarta-feira, 16 de junho, \u00e0s 10h (hor\u00e1rio do Pac\u00edfico) para a transmiss\u00e3o ao vivo do Facebook \u2018&#8221;Community Connect: novas ferramentas para gerenciar e fortalecer o seu Grupo&#8221;. O evento ser\u00e1 transmitido em ingl\u00eas.<\/span><\/i><\/p>\n","protected":false},"excerpt":{"rendered":"Anunciamos hoje v\u00e1rias ferramentas novas para empoderar os l\u00edderes de comunidade com base no feedback de administradores de grupos.\u00a0 S\u00e3o mais de 70 milh\u00f5es de administradores e moderadores ativos cuidando de Grupos no Facebook em todo o mundo. O trabalho que eles fazem diariamente \u00e9 essencial para a nossa miss\u00e3o de criar comunidades e aproximar o mundo. H\u00e1 quatro anos, realizamos o primeiro Facebook Communities Summit em Chicago (EUA) para centenas de administradores de Grupos no Facebook, e anunciamos a nova miss\u00e3o da empresa, al\u00e9m de novos recursos para fortalecer suas comunidades na plataforma. Continuamos apoiando essas pessoas desde ent\u00e3o, e estas s\u00e3o algumas das novas ferramentas que estamos lan\u00e7ando: P\u00e1gina inicial do administrador: uma nova central para gerenciar a sua comunidade A P\u00e1gina inicial do administrador \u00e9 um destino mais simples e intuitivo para todas as ferramentas, configura\u00e7\u00f5es e recursos que os administradores podem adaptar \u00e0s suas necessidades. Com a nova experi\u00eancia, \u00e9 poss\u00edvel: Ver rapidamente as publica\u00e7\u00f5es, membros e coment\u00e1rios denunciados que precisam de aten\u00e7\u00e3o. Encontrar as ferramentas importantes que est\u00e3o procurando gra\u00e7as a um layout reorganizado e mais claro que mostra o que est\u00e1 dispon\u00edvel em cada categoria. Acessar novos recursos, conforme forem lan\u00e7ados. Novas ferramentas para ajudar a moderar conversas e poss\u00edveis conflitos Manter a seguran\u00e7a nos Grupos no Facebook \u00e9 uma prioridade, e os administradores s\u00e3o fundamentais para ajudar a preservar uma cultura segura e saud\u00e1vel nas suas comunidades. Ao apresentarmos a modera\u00e7\u00e3o de coment\u00e1rios no Assistente do Administrador, j\u00e1 dispon\u00edvel para desktop e dispositivos m\u00f3veis, permitimos a configura\u00e7\u00e3o de crit\u00e9rios para automatizar a modera\u00e7\u00e3o de publica\u00e7\u00f5es e coment\u00e1rios. Com ela, os administradores podem: Restringir pessoas que n\u00e3o se qualificam para participar com base em v\u00e1rias op\u00e7\u00f5es (por exemplo, h\u00e1 quanto tempo t\u00eam uma conta do Facebook ou h\u00e1 quanto tempo s\u00e3o membros do Grupo). Reduzir o conte\u00fado promocional, recusando publica\u00e7\u00f5es e coment\u00e1rios com links espec\u00edficos. Existe a op\u00e7\u00e3o de fornecer feedback para o autor, que poder\u00e1 editar a publica\u00e7\u00e3o e reenvi\u00e1-la para an\u00e1lise. Usar crit\u00e9rios sugeridos pelo Facebook para ajudar a defender o Grupo de spam, manter discuss\u00f5es positivas e resolver conflitos. Os administradores podem procurar, adicionar e editar esses crit\u00e9rios para atender \u00e0s necessidades do Grupo. \u00c9 poss\u00edvel desfazer a\u00e7\u00f5es espec\u00edficas no Assistente do Administrador ou alterar e refinar crit\u00e9rios ao longo do tempo. Tamb\u00e9m estamos testando um novo tipo de alerta de modera\u00e7\u00e3o chamado Alertas da modera\u00e7\u00e3o. Esse recurso usa intelig\u00eancia artificial para detectar e notificar administradores quando houver conversas possivelmente controversas ou pouco saud\u00e1veis no Grupo. Assim, eles poder\u00e3o agir conforme necess\u00e1rio. Em situa\u00e7\u00f5es em que pode ser \u00fatil diminuir o ritmo de uma conversa, os administradores podem limitar temporariamente com que frequ\u00eancia membros espec\u00edficos podem comentar, al\u00e9m de controlar com que frequ\u00eancia coment\u00e1rios podem ser feitos em publica\u00e7\u00f5es selecionadas. Novas maneiras para os l\u00edderes refor\u00e7arem a cultura da comunidade \u00c9 importante que os administradores sejam capazes de definir, moldar e refor\u00e7ar a cultura de uma comunidade. Para isso, \u00e9 fundamental entender quem s\u00e3o os membros e estabelecer regras e normas claras para a comunidade seguir. Apresentamos o novo recurso Resumo do membro. Com ele, os administradores podem ver um resumo consolidado da atividade de cada membro no Grupo, como o n\u00famero de vezes que a pessoa publicou e comentou ou quando teve publica\u00e7\u00f5es removidas ou silenciadas no Grupo. Agora, os administradores podem fazer uma apela\u00e7\u00e3o de viola\u00e7\u00f5es referentes a conte\u00fado publicado ou aprovado por eles ou por outros administradores, bem como conte\u00fado de membros. Essas apela\u00e7\u00f5es ser\u00e3o analisadas pelo Facebook para garantir que a decis\u00e3o certa seja tomada. A fim de facilitar o compartilhamento e a aplica\u00e7\u00e3o de regras em Grupos, os administradores e moderadores j\u00e1 podem marcar as regras do Grupo em coment\u00e1rios e publica\u00e7\u00f5es. Al\u00e9m disso, os membros poder\u00e3o marcar regras espec\u00edficas do Grupo quando denunciarem publica\u00e7\u00f5es e coment\u00e1rios a administradores. Isso ajuda a simplificar a modera\u00e7\u00e3o da comunidade. Nos \u00faltimos meses, tamb\u00e9m fizemos v\u00e1rias atualiza\u00e7\u00f5es nas ferramentas para administradores com base no feedback espec\u00edfico que recebemos dessa comunidade. Isso inclui recursos como coment\u00e1rios fixados, notifica\u00e7\u00f5es de avisos de administradores e uma s\u00e9rie de outros recursos sobre os quais voc\u00ea pode ler no blog da comunidade. Aguardamos voc\u00ea quarta-feira, 16 de junho, \u00e0s 10h (hor\u00e1rio do Pac\u00edfico) para a transmiss\u00e3o ao vivo do Facebook \u2018&#8221;Community Connect: novas ferramentas para gerenciar e fortalecer o seu Grupo&#8221;. O evento ser\u00e1 transmitido em ingl\u00eas.","protected":false},"author":81109636,"featured_media":22845,"comment_status":"closed","ping_status":"closed","sticky":false,"template":"","format":"standard","meta":{"_jetpack_memberships_contains_paid_content":false,"footnotes":""},"categories":[396542115,396542111,1],"tags":[],"class_list":["post-22834","post","type-post","status-publish","format-standard","has-post-thumbnail","hentry","category-facebook","category-comunidades","category-recent-news"],"yoast_head":"<!-- This site is optimized with the Yoast SEO plugin v27.2 - https:\/\/yoast.com\/product\/yoast-seo-wordpress\/ -->\n<title>Novas ferramentas para ajudar l\u00edderes de comunidades a gerenciar e expandir seus Grupos no Facebook | Sobre a Meta<\/title>\n<meta name=\"robots\" content=\"index, follow, max-snippet:-1, max-image-preview:large, max-video-preview:-1\" \/>\n<link rel=\"canonical\" href=\"https:\/\/about.fb.com\/br\/news\/2021\/06\/novas-ferramentas-para-ajudar-lideres-de-comunidades-a-gerenciar-e-expandir-seus-grupos-no-facebook\/\" \/>\n<meta property=\"og:locale\" content=\"pt_BR\" \/>\n<meta property=\"og:type\" content=\"article\" \/>\n<meta property=\"og:title\" content=\"Novas ferramentas para ajudar l\u00edderes de comunidades a gerenciar e expandir seus Grupos no Facebook | Sobre a Meta\" \/>\n<meta property=\"og:description\" content=\"Anunciamos hoje v\u00e1rias ferramentas novas para empoderar os l\u00edderes de comunidade com base no feedback de administradores de grupos.\u00a0 S\u00e3o mais de 70 milh\u00f5es de administradores e moderadores ativos cuidando de Grupos no Facebook em todo o mundo. O trabalho que eles fazem diariamente \u00e9 essencial para a nossa miss\u00e3o de criar comunidades e aproximar o mundo. H\u00e1 quatro anos, realizamos o primeiro Facebook Communities Summit em Chicago (EUA) para centenas de administradores de Grupos no Facebook, e anunciamos a nova miss\u00e3o da empresa, al\u00e9m de novos recursos para fortalecer suas comunidades na plataforma. Continuamos apoiando essas pessoas desde ent\u00e3o, e estas s\u00e3o algumas das novas ferramentas que estamos lan\u00e7ando: P\u00e1gina inicial do administrador: uma nova central para gerenciar a sua comunidade A P\u00e1gina inicial do administrador \u00e9 um destino mais simples e intuitivo para todas as ferramentas, configura\u00e7\u00f5es e recursos que os administradores podem adaptar \u00e0s suas necessidades. Com a nova experi\u00eancia, \u00e9 poss\u00edvel: Ver rapidamente as publica\u00e7\u00f5es, membros e coment\u00e1rios denunciados que precisam de aten\u00e7\u00e3o. Encontrar as ferramentas importantes que est\u00e3o procurando gra\u00e7as a um layout reorganizado e mais claro que mostra o que est\u00e1 dispon\u00edvel em cada categoria. Acessar novos recursos, conforme forem lan\u00e7ados. Novas ferramentas para ajudar a moderar conversas e poss\u00edveis conflitos Manter a seguran\u00e7a nos Grupos no Facebook \u00e9 uma prioridade, e os administradores s\u00e3o fundamentais para ajudar a preservar uma cultura segura e saud\u00e1vel nas suas comunidades. Ao apresentarmos a modera\u00e7\u00e3o de coment\u00e1rios no Assistente do Administrador, j\u00e1 dispon\u00edvel para desktop e dispositivos m\u00f3veis, permitimos a configura\u00e7\u00e3o de crit\u00e9rios para automatizar a modera\u00e7\u00e3o de publica\u00e7\u00f5es e coment\u00e1rios. Com ela, os administradores podem: Restringir pessoas que n\u00e3o se qualificam para participar com base em v\u00e1rias op\u00e7\u00f5es (por exemplo, h\u00e1 quanto tempo t\u00eam uma conta do Facebook ou h\u00e1 quanto tempo s\u00e3o membros do Grupo). Reduzir o conte\u00fado promocional, recusando publica\u00e7\u00f5es e coment\u00e1rios com links espec\u00edficos. Existe a op\u00e7\u00e3o de fornecer feedback para o autor, que poder\u00e1 editar a publica\u00e7\u00e3o e reenvi\u00e1-la para an\u00e1lise. Usar crit\u00e9rios sugeridos pelo Facebook para ajudar a defender o Grupo de spam, manter discuss\u00f5es positivas e resolver conflitos. Os administradores podem procurar, adicionar e editar esses crit\u00e9rios para atender \u00e0s necessidades do Grupo. \u00c9 poss\u00edvel desfazer a\u00e7\u00f5es espec\u00edficas no Assistente do Administrador ou alterar e refinar crit\u00e9rios ao longo do tempo. Tamb\u00e9m estamos testando um novo tipo de alerta de modera\u00e7\u00e3o chamado Alertas da modera\u00e7\u00e3o. Esse recurso usa intelig\u00eancia artificial para detectar e notificar administradores quando houver conversas possivelmente controversas ou pouco saud\u00e1veis no Grupo. Assim, eles poder\u00e3o agir conforme necess\u00e1rio. Em situa\u00e7\u00f5es em que pode ser \u00fatil diminuir o ritmo de uma conversa, os administradores podem limitar temporariamente com que frequ\u00eancia membros espec\u00edficos podem comentar, al\u00e9m de controlar com que frequ\u00eancia coment\u00e1rios podem ser feitos em publica\u00e7\u00f5es selecionadas. Novas maneiras para os l\u00edderes refor\u00e7arem a cultura da comunidade \u00c9 importante que os administradores sejam capazes de definir, moldar e refor\u00e7ar a cultura de uma comunidade. Para isso, \u00e9 fundamental entender quem s\u00e3o os membros e estabelecer regras e normas claras para a comunidade seguir. Apresentamos o novo recurso Resumo do membro. Com ele, os administradores podem ver um resumo consolidado da atividade de cada membro no Grupo, como o n\u00famero de vezes que a pessoa publicou e comentou ou quando teve publica\u00e7\u00f5es removidas ou silenciadas no Grupo. Agora, os administradores podem fazer uma apela\u00e7\u00e3o de viola\u00e7\u00f5es referentes a conte\u00fado publicado ou aprovado por eles ou por outros administradores, bem como conte\u00fado de membros. Essas apela\u00e7\u00f5es ser\u00e3o analisadas pelo Facebook para garantir que a decis\u00e3o certa seja tomada. A fim de facilitar o compartilhamento e a aplica\u00e7\u00e3o de regras em Grupos, os administradores e moderadores j\u00e1 podem marcar as regras do Grupo em coment\u00e1rios e publica\u00e7\u00f5es. Al\u00e9m disso, os membros poder\u00e3o marcar regras espec\u00edficas do Grupo quando denunciarem publica\u00e7\u00f5es e coment\u00e1rios a administradores. Isso ajuda a simplificar a modera\u00e7\u00e3o da comunidade. Nos \u00faltimos meses, tamb\u00e9m fizemos v\u00e1rias atualiza\u00e7\u00f5es nas ferramentas para administradores com base no feedback espec\u00edfico que recebemos dessa comunidade. Isso inclui recursos como coment\u00e1rios fixados, notifica\u00e7\u00f5es de avisos de administradores e uma s\u00e9rie de outros recursos sobre os quais voc\u00ea pode ler no blog da comunidade. Aguardamos voc\u00ea quarta-feira, 16 de junho, \u00e0s 10h (hor\u00e1rio do Pac\u00edfico) para a transmiss\u00e3o ao vivo do Facebook \u2018&#8221;Community Connect: novas ferramentas para gerenciar e fortalecer o seu Grupo&#8221;. O evento ser\u00e1 transmitido em ingl\u00eas.\" \/>\n<meta property=\"og:url\" content=\"https:\/\/about.fb.com\/br\/news\/2021\/06\/novas-ferramentas-para-ajudar-lideres-de-comunidades-a-gerenciar-e-expandir-seus-grupos-no-facebook\/\" \/>\n<meta property=\"og:site_name\" content=\"Sobre a Meta\" \/>\n<meta property=\"article:published_time\" content=\"2021-06-16T15:38:57+00:00\" \/>\n<meta property=\"article:modified_time\" content=\"2021-07-01T19:29:52+00:00\" \/>\n<meta property=\"og:image\" content=\"https:\/\/about.fb.com\/br\/wp-content\/uploads\/sites\/11\/2021\/06\/00NRP_GroupAdminTools_Header.jpg?resize=1024,576\" \/>\n\t<meta property=\"og:image:width\" content=\"1024\" \/>\n\t<meta property=\"og:image:height\" content=\"576\" \/>\n\t<meta property=\"og:image:type\" content=\"image\/jpeg\" \/>\n<meta name=\"author\" content=\"facebookbr\" \/>\n<meta name=\"twitter:card\" content=\"summary_large_image\" \/>\n<meta name=\"twitter:label1\" content=\"Written by\" \/>\n\t<meta name=\"twitter:data1\" content=\"Meta\" \/>\n\t<meta name=\"twitter:label2\" content=\"Est. reading time\" \/>\n\t<meta name=\"twitter:data2\" content=\"4 minutos\" \/>\n<script type=\"application\/ld+json\" class=\"yoast-schema-graph\">{\"@context\":\"https:\/\/schema.org\",\"@graph\":[{\"@type\":\"Article\",\"@id\":\"https:\/\/about.fb.com\/br\/news\/2021\/06\/novas-ferramentas-para-ajudar-lideres-de-comunidades-a-gerenciar-e-expandir-seus-grupos-no-facebook\/#article\",\"isPartOf\":{\"@id\":\"https:\/\/about.fb.com\/br\/news\/2021\/06\/novas-ferramentas-para-ajudar-lideres-de-comunidades-a-gerenciar-e-expandir-seus-grupos-no-facebook\/\"},\"author\":\"Facebook company\",\"headline\":\"Novas ferramentas para ajudar l\u00edderes de comunidades a gerenciar e expandir seus Grupos no Facebook\",\"datePublished\":\"2021-06-16T15:38:57+00:00\",\"dateModified\":\"2021-07-01T19:29:52+00:00\",\"mainEntityOfPage\":{\"@id\":\"https:\/\/about.fb.com\/br\/news\/2021\/06\/novas-ferramentas-para-ajudar-lideres-de-comunidades-a-gerenciar-e-expandir-seus-grupos-no-facebook\/\"},\"wordCount\":836,\"publisher\":{\"@id\":\"https:\/\/about.fb.com\/br\/#organization\"},\"image\":{\"@id\":\"https:\/\/about.fb.com\/br\/news\/2021\/06\/novas-ferramentas-para-ajudar-lideres-de-comunidades-a-gerenciar-e-expandir-seus-grupos-no-facebook\/#primaryimage\"},\"thumbnailUrl\":\"https:\/\/about.fb.com\/br\/wp-content\/uploads\/sites\/11\/2021\/06\/00NRP_GroupAdminTools_Header.jpg?fit=1920%2C1080\",\"articleSection\":[\"Facebook\",\"Fortalecendo Comunidades\",\"Recent News\"],\"inLanguage\":\"pt-BR\"},{\"@type\":\"WebPage\",\"@id\":\"https:\/\/about.fb.com\/br\/news\/2021\/06\/novas-ferramentas-para-ajudar-lideres-de-comunidades-a-gerenciar-e-expandir-seus-grupos-no-facebook\/\",\"url\":\"https:\/\/about.fb.com\/br\/news\/2021\/06\/novas-ferramentas-para-ajudar-lideres-de-comunidades-a-gerenciar-e-expandir-seus-grupos-no-facebook\/\",\"name\":\"Novas ferramentas para ajudar l\u00edderes de comunidades a gerenciar e expandir seus Grupos no Facebook | Sobre a Meta\",\"isPartOf\":{\"@id\":\"https:\/\/about.fb.com\/br\/#website\"},\"primaryImageOfPage\":{\"@id\":\"https:\/\/about.fb.com\/br\/news\/2021\/06\/novas-ferramentas-para-ajudar-lideres-de-comunidades-a-gerenciar-e-expandir-seus-grupos-no-facebook\/#primaryimage\"},\"image\":{\"@id\":\"https:\/\/about.fb.com\/br\/news\/2021\/06\/novas-ferramentas-para-ajudar-lideres-de-comunidades-a-gerenciar-e-expandir-seus-grupos-no-facebook\/#primaryimage\"},\"thumbnailUrl\":\"https:\/\/about.fb.com\/br\/wp-content\/uploads\/sites\/11\/2021\/06\/00NRP_GroupAdminTools_Header.jpg?fit=1920%2C1080\",\"datePublished\":\"2021-06-16T15:38:57+00:00\",\"dateModified\":\"2021-07-01T19:29:52+00:00\",\"breadcrumb\":{\"@id\":\"https:\/\/about.fb.com\/br\/news\/2021\/06\/novas-ferramentas-para-ajudar-lideres-de-comunidades-a-gerenciar-e-expandir-seus-grupos-no-facebook\/#breadcrumb\"},\"inLanguage\":\"pt-BR\",\"potentialAction\":[{\"@type\":\"ReadAction\",\"target\":[\"https:\/\/about.fb.com\/br\/news\/2021\/06\/novas-ferramentas-para-ajudar-lideres-de-comunidades-a-gerenciar-e-expandir-seus-grupos-no-facebook\/\"]}],\"author\":\"Sobre a Meta\"},{\"@type\":\"ImageObject\",\"inLanguage\":\"pt-BR\",\"@id\":\"https:\/\/about.fb.com\/br\/news\/2021\/06\/novas-ferramentas-para-ajudar-lideres-de-comunidades-a-gerenciar-e-expandir-seus-grupos-no-facebook\/#primaryimage\",\"url\":\"https:\/\/about.fb.com\/br\/wp-content\/uploads\/sites\/11\/2021\/06\/00NRP_GroupAdminTools_Header.jpg?fit=1920%2C1080\",\"contentUrl\":\"https:\/\/about.fb.com\/br\/wp-content\/uploads\/sites\/11\/2021\/06\/00NRP_GroupAdminTools_Header.jpg?fit=1920%2C1080\",\"width\":1920,\"height\":1080},{\"@type\":\"BreadcrumbList\",\"@id\":\"https:\/\/about.fb.com\/br\/news\/2021\/06\/novas-ferramentas-para-ajudar-lideres-de-comunidades-a-gerenciar-e-expandir-seus-grupos-no-facebook\/#breadcrumb\",\"itemListElement\":[{\"@type\":\"ListItem\",\"position\":1,\"name\":\"Home\",\"item\":\"https:\/\/about.fb.com\/br\/\"},{\"@type\":\"ListItem\",\"position\":2,\"name\":\"Novas ferramentas para ajudar l\u00edderes de comunidades a gerenciar e expandir seus Grupos no Facebook\"}]},{\"@type\":\"WebSite\",\"@id\":\"https:\/\/about.fb.com\/br\/#website\",\"url\":\"https:\/\/about.fb.com\/news\/\",\"name\":\"Sobre a Meta\",\"description\":\"\",\"publisher\":{\"@id\":\"https:\/\/about.fb.com\/br\/#organization\"},\"potentialAction\":[{\"@type\":\"SearchAction\",\"target\":{\"@type\":\"EntryPoint\",\"urlTemplate\":\"https:\/\/about.fb.com\/br\/?s={search_term_string}\"},\"query-input\":{\"@type\":\"PropertyValueSpecification\",\"valueRequired\":true,\"valueName\":\"search_term_string\"}}],\"inLanguage\":\"pt-BR\",\"alternateName\":[\"Meta Newsroom\",\"Meta\"]},{\"@type\":\"Organization\",\"@id\":\"https:\/\/about.fb.com\/br\/#organization\",\"name\":\"Meta\",\"url\":\"https:\/\/about.fb.com\/br\/\",\"logo\":{\"@type\":\"ImageObject\",\"inLanguage\":\"pt-BR\",\"@id\":\"https:\/\/about.fb.com\/br\/#\/schema\/logo\/image\/\",\"url\":\"https:\/\/about.fb.com\/br\/wp-content\/uploads\/sites\/11\/2021\/10\/meta-social-16x9-1.jpg?fit=8000%2C4500\",\"contentUrl\":\"https:\/\/about.fb.com\/br\/wp-content\/uploads\/sites\/11\/2021\/10\/meta-social-16x9-1.jpg?fit=8000%2C4500\",\"width\":8000,\"height\":4500,\"caption\":\"Meta\"},\"image\":{\"@id\":\"https:\/\/about.fb.com\/br\/#\/schema\/logo\/image\/\"}}]}<\/script>\n<!-- \/ Yoast SEO plugin. -->","yoast_head_json":{"title":"Novas ferramentas para ajudar l\u00edderes de comunidades a gerenciar e expandir seus Grupos no Facebook | Sobre a Meta","robots":{"index":"index","follow":"follow","max-snippet":"max-snippet:-1","max-image-preview":"max-image-preview:large","max-video-preview":"max-video-preview:-1"},"canonical":"https:\/\/about.fb.com\/br\/news\/2021\/06\/novas-ferramentas-para-ajudar-lideres-de-comunidades-a-gerenciar-e-expandir-seus-grupos-no-facebook\/","og_locale":"pt_BR","og_type":"article","og_title":"Novas ferramentas para ajudar l\u00edderes de comunidades a gerenciar e expandir seus Grupos no Facebook | Sobre a Meta","og_description":"Anunciamos hoje v\u00e1rias ferramentas novas para empoderar os l\u00edderes de comunidade com base no feedback de administradores de grupos.\u00a0 S\u00e3o mais de 70 milh\u00f5es de administradores e moderadores ativos cuidando de Grupos no Facebook em todo o mundo. O trabalho que eles fazem diariamente \u00e9 essencial para a nossa miss\u00e3o de criar comunidades e aproximar o mundo. H\u00e1 quatro anos, realizamos o primeiro Facebook Communities Summit em Chicago (EUA) para centenas de administradores de Grupos no Facebook, e anunciamos a nova miss\u00e3o da empresa, al\u00e9m de novos recursos para fortalecer suas comunidades na plataforma. Continuamos apoiando essas pessoas desde ent\u00e3o, e estas s\u00e3o algumas das novas ferramentas que estamos lan\u00e7ando: P\u00e1gina inicial do administrador: uma nova central para gerenciar a sua comunidade A P\u00e1gina inicial do administrador \u00e9 um destino mais simples e intuitivo para todas as ferramentas, configura\u00e7\u00f5es e recursos que os administradores podem adaptar \u00e0s suas necessidades. Com a nova experi\u00eancia, \u00e9 poss\u00edvel: Ver rapidamente as publica\u00e7\u00f5es, membros e coment\u00e1rios denunciados que precisam de aten\u00e7\u00e3o. Encontrar as ferramentas importantes que est\u00e3o procurando gra\u00e7as a um layout reorganizado e mais claro que mostra o que est\u00e1 dispon\u00edvel em cada categoria. Acessar novos recursos, conforme forem lan\u00e7ados. Novas ferramentas para ajudar a moderar conversas e poss\u00edveis conflitos Manter a seguran\u00e7a nos Grupos no Facebook \u00e9 uma prioridade, e os administradores s\u00e3o fundamentais para ajudar a preservar uma cultura segura e saud\u00e1vel nas suas comunidades. Ao apresentarmos a modera\u00e7\u00e3o de coment\u00e1rios no Assistente do Administrador, j\u00e1 dispon\u00edvel para desktop e dispositivos m\u00f3veis, permitimos a configura\u00e7\u00e3o de crit\u00e9rios para automatizar a modera\u00e7\u00e3o de publica\u00e7\u00f5es e coment\u00e1rios. Com ela, os administradores podem: Restringir pessoas que n\u00e3o se qualificam para participar com base em v\u00e1rias op\u00e7\u00f5es (por exemplo, h\u00e1 quanto tempo t\u00eam uma conta do Facebook ou h\u00e1 quanto tempo s\u00e3o membros do Grupo). Reduzir o conte\u00fado promocional, recusando publica\u00e7\u00f5es e coment\u00e1rios com links espec\u00edficos. Existe a op\u00e7\u00e3o de fornecer feedback para o autor, que poder\u00e1 editar a publica\u00e7\u00e3o e reenvi\u00e1-la para an\u00e1lise. Usar crit\u00e9rios sugeridos pelo Facebook para ajudar a defender o Grupo de spam, manter discuss\u00f5es positivas e resolver conflitos. Os administradores podem procurar, adicionar e editar esses crit\u00e9rios para atender \u00e0s necessidades do Grupo. \u00c9 poss\u00edvel desfazer a\u00e7\u00f5es espec\u00edficas no Assistente do Administrador ou alterar e refinar crit\u00e9rios ao longo do tempo. Tamb\u00e9m estamos testando um novo tipo de alerta de modera\u00e7\u00e3o chamado Alertas da modera\u00e7\u00e3o. Esse recurso usa intelig\u00eancia artificial para detectar e notificar administradores quando houver conversas possivelmente controversas ou pouco saud\u00e1veis no Grupo. Assim, eles poder\u00e3o agir conforme necess\u00e1rio. Em situa\u00e7\u00f5es em que pode ser \u00fatil diminuir o ritmo de uma conversa, os administradores podem limitar temporariamente com que frequ\u00eancia membros espec\u00edficos podem comentar, al\u00e9m de controlar com que frequ\u00eancia coment\u00e1rios podem ser feitos em publica\u00e7\u00f5es selecionadas. Novas maneiras para os l\u00edderes refor\u00e7arem a cultura da comunidade \u00c9 importante que os administradores sejam capazes de definir, moldar e refor\u00e7ar a cultura de uma comunidade. Para isso, \u00e9 fundamental entender quem s\u00e3o os membros e estabelecer regras e normas claras para a comunidade seguir. Apresentamos o novo recurso Resumo do membro. Com ele, os administradores podem ver um resumo consolidado da atividade de cada membro no Grupo, como o n\u00famero de vezes que a pessoa publicou e comentou ou quando teve publica\u00e7\u00f5es removidas ou silenciadas no Grupo. Agora, os administradores podem fazer uma apela\u00e7\u00e3o de viola\u00e7\u00f5es referentes a conte\u00fado publicado ou aprovado por eles ou por outros administradores, bem como conte\u00fado de membros. Essas apela\u00e7\u00f5es ser\u00e3o analisadas pelo Facebook para garantir que a decis\u00e3o certa seja tomada. A fim de facilitar o compartilhamento e a aplica\u00e7\u00e3o de regras em Grupos, os administradores e moderadores j\u00e1 podem marcar as regras do Grupo em coment\u00e1rios e publica\u00e7\u00f5es. Al\u00e9m disso, os membros poder\u00e3o marcar regras espec\u00edficas do Grupo quando denunciarem publica\u00e7\u00f5es e coment\u00e1rios a administradores. Isso ajuda a simplificar a modera\u00e7\u00e3o da comunidade. Nos \u00faltimos meses, tamb\u00e9m fizemos v\u00e1rias atualiza\u00e7\u00f5es nas ferramentas para administradores com base no feedback espec\u00edfico que recebemos dessa comunidade. Isso inclui recursos como coment\u00e1rios fixados, notifica\u00e7\u00f5es de avisos de administradores e uma s\u00e9rie de outros recursos sobre os quais voc\u00ea pode ler no blog da comunidade. Aguardamos voc\u00ea quarta-feira, 16 de junho, \u00e0s 10h (hor\u00e1rio do Pac\u00edfico) para a transmiss\u00e3o ao vivo do Facebook \u2018&#8221;Community Connect: novas ferramentas para gerenciar e fortalecer o seu Grupo&#8221;. O evento ser\u00e1 transmitido em ingl\u00eas.","og_url":"https:\/\/about.fb.com\/br\/news\/2021\/06\/novas-ferramentas-para-ajudar-lideres-de-comunidades-a-gerenciar-e-expandir-seus-grupos-no-facebook\/","og_site_name":"Sobre a Meta","article_published_time":"2021-06-16T15:38:57+00:00","article_modified_time":"2021-07-01T19:29:52+00:00","og_image":[{"width":1024,"height":576,"url":"https:\/\/about.fb.com\/br\/wp-content\/uploads\/sites\/11\/2021\/06\/00NRP_GroupAdminTools_Header.jpg?resize=1024,576","type":"image\/jpeg"}],"author":"facebookbr","twitter_card":"summary_large_image","twitter_misc":{"Written by":"Meta","Est. reading time":"4 minutos"},"schema":{"@context":"https:\/\/schema.org","@graph":[{"@type":"Article","@id":"https:\/\/about.fb.com\/br\/news\/2021\/06\/novas-ferramentas-para-ajudar-lideres-de-comunidades-a-gerenciar-e-expandir-seus-grupos-no-facebook\/#article","isPartOf":{"@id":"https:\/\/about.fb.com\/br\/news\/2021\/06\/novas-ferramentas-para-ajudar-lideres-de-comunidades-a-gerenciar-e-expandir-seus-grupos-no-facebook\/"},"author":"Facebook company","headline":"Novas ferramentas para ajudar l\u00edderes de comunidades a gerenciar e expandir seus Grupos no Facebook","datePublished":"2021-06-16T15:38:57+00:00","dateModified":"2021-07-01T19:29:52+00:00","mainEntityOfPage":{"@id":"https:\/\/about.fb.com\/br\/news\/2021\/06\/novas-ferramentas-para-ajudar-lideres-de-comunidades-a-gerenciar-e-expandir-seus-grupos-no-facebook\/"},"wordCount":836,"publisher":{"@id":"https:\/\/about.fb.com\/br\/#organization"},"image":{"@id":"https:\/\/about.fb.com\/br\/news\/2021\/06\/novas-ferramentas-para-ajudar-lideres-de-comunidades-a-gerenciar-e-expandir-seus-grupos-no-facebook\/#primaryimage"},"thumbnailUrl":"https:\/\/about.fb.com\/br\/wp-content\/uploads\/sites\/11\/2021\/06\/00NRP_GroupAdminTools_Header.jpg?fit=1920%2C1080","articleSection":["Facebook","Fortalecendo Comunidades","Recent News"],"inLanguage":"pt-BR"},{"@type":"WebPage","@id":"https:\/\/about.fb.com\/br\/news\/2021\/06\/novas-ferramentas-para-ajudar-lideres-de-comunidades-a-gerenciar-e-expandir-seus-grupos-no-facebook\/","url":"https:\/\/about.fb.com\/br\/news\/2021\/06\/novas-ferramentas-para-ajudar-lideres-de-comunidades-a-gerenciar-e-expandir-seus-grupos-no-facebook\/","name":"Novas ferramentas para ajudar l\u00edderes de comunidades a gerenciar e expandir seus Grupos no Facebook | Sobre a Meta","isPartOf":{"@id":"https:\/\/about.fb.com\/br\/#website"},"primaryImageOfPage":{"@id":"https:\/\/about.fb.com\/br\/news\/2021\/06\/novas-ferramentas-para-ajudar-lideres-de-comunidades-a-gerenciar-e-expandir-seus-grupos-no-facebook\/#primaryimage"},"image":{"@id":"https:\/\/about.fb.com\/br\/news\/2021\/06\/novas-ferramentas-para-ajudar-lideres-de-comunidades-a-gerenciar-e-expandir-seus-grupos-no-facebook\/#primaryimage"},"thumbnailUrl":"https:\/\/about.fb.com\/br\/wp-content\/uploads\/sites\/11\/2021\/06\/00NRP_GroupAdminTools_Header.jpg?fit=1920%2C1080","datePublished":"2021-06-16T15:38:57+00:00","dateModified":"2021-07-01T19:29:52+00:00","breadcrumb":{"@id":"https:\/\/about.fb.com\/br\/news\/2021\/06\/novas-ferramentas-para-ajudar-lideres-de-comunidades-a-gerenciar-e-expandir-seus-grupos-no-facebook\/#breadcrumb"},"inLanguage":"pt-BR","potentialAction":[{"@type":"ReadAction","target":["https:\/\/about.fb.com\/br\/news\/2021\/06\/novas-ferramentas-para-ajudar-lideres-de-comunidades-a-gerenciar-e-expandir-seus-grupos-no-facebook\/"]}],"author":"Sobre a Meta"},{"@type":"ImageObject","inLanguage":"pt-BR","@id":"https:\/\/about.fb.com\/br\/news\/2021\/06\/novas-ferramentas-para-ajudar-lideres-de-comunidades-a-gerenciar-e-expandir-seus-grupos-no-facebook\/#primaryimage","url":"https:\/\/about.fb.com\/br\/wp-content\/uploads\/sites\/11\/2021\/06\/00NRP_GroupAdminTools_Header.jpg?fit=1920%2C1080","contentUrl":"https:\/\/about.fb.com\/br\/wp-content\/uploads\/sites\/11\/2021\/06\/00NRP_GroupAdminTools_Header.jpg?fit=1920%2C1080","width":1920,"height":1080},{"@type":"BreadcrumbList","@id":"https:\/\/about.fb.com\/br\/news\/2021\/06\/novas-ferramentas-para-ajudar-lideres-de-comunidades-a-gerenciar-e-expandir-seus-grupos-no-facebook\/#breadcrumb","itemListElement":[{"@type":"ListItem","position":1,"name":"Home","item":"https:\/\/about.fb.com\/br\/"},{"@type":"ListItem","position":2,"name":"Novas ferramentas para ajudar l\u00edderes de comunidades a gerenciar e expandir seus Grupos no Facebook"}]},{"@type":"WebSite","@id":"https:\/\/about.fb.com\/br\/#website","url":"https:\/\/about.fb.com\/news\/","name":"Sobre a Meta","description":"","publisher":{"@id":"https:\/\/about.fb.com\/br\/#organization"},"potentialAction":[{"@type":"SearchAction","target":{"@type":"EntryPoint","urlTemplate":"https:\/\/about.fb.com\/br\/?s={search_term_string}"},"query-input":{"@type":"PropertyValueSpecification","valueRequired":true,"valueName":"search_term_string"}}],"inLanguage":"pt-BR","alternateName":["Meta Newsroom","Meta"]},{"@type":"Organization","@id":"https:\/\/about.fb.com\/br\/#organization","name":"Meta","url":"https:\/\/about.fb.com\/br\/","logo":{"@type":"ImageObject","inLanguage":"pt-BR","@id":"https:\/\/about.fb.com\/br\/#\/schema\/logo\/image\/","url":"https:\/\/about.fb.com\/br\/wp-content\/uploads\/sites\/11\/2021\/10\/meta-social-16x9-1.jpg?fit=8000%2C4500","contentUrl":"https:\/\/about.fb.com\/br\/wp-content\/uploads\/sites\/11\/2021\/10\/meta-social-16x9-1.jpg?fit=8000%2C4500","width":8000,"height":4500,"caption":"Meta"},"image":{"@id":"https:\/\/about.fb.com\/br\/#\/schema\/logo\/image\/"}}]}},"jetpack_featured_media_url":"https:\/\/about.fb.com\/br\/wp-content\/uploads\/sites\/11\/2021\/06\/00NRP_GroupAdminTools_Header.jpg?fit=1920%2C1080","jetpack-related-posts":[{"id":26854,"url":"https:\/\/about.fb.com\/br\/news\/2025\/12\/facilitando-a-criacao-descoberta-e-compartilhamento-de-conteudo-no-facebook\/","url_meta":{"origin":22834,"position":0},"title":"Facilitando a cria\u00e7\u00e3o, descoberta e compartilhamento de conte\u00fado no Facebook","author":"Meta","date":"09\/12\/2025","format":false,"excerpt":"O foco do Facebook sempre foi facilitar a conex\u00e3o com as pessoas e coisas que voc\u00ea ama. Hoje, apresentamos melhorias que ajudam a eliminar distra\u00e7\u00f5es, permitindo que voc\u00ea atualize seu perfil, encontre novos conte\u00fados pela busca e aproveite fotos e v\u00eddeos no Feed. Feed mais inteligente, limpo e navega\u00e7\u00e3o simplificada\u2026","rel":"","context":"In &quot;Facebook&quot;","block_context":{"text":"Facebook","link":"https:\/\/about.fb.com\/br\/news\/category\/technologies\/facebook\/"},"img":{"alt_text":"","src":"https:\/\/about.fb.com\/br\/wp-content\/uploads\/sites\/11\/2025\/12\/Facebook-Profile-Simplification_Header.png?fit=1920%2C1080&resize=350%2C200","width":350,"height":200,"srcset":"https:\/\/about.fb.com\/br\/wp-content\/uploads\/sites\/11\/2025\/12\/Facebook-Profile-Simplification_Header.png?fit=1920%2C1080&resize=350%2C200 1x, https:\/\/about.fb.com\/br\/wp-content\/uploads\/sites\/11\/2025\/12\/Facebook-Profile-Simplification_Header.png?fit=1920%2C1080&resize=525%2C300 1.5x, https:\/\/about.fb.com\/br\/wp-content\/uploads\/sites\/11\/2025\/12\/Facebook-Profile-Simplification_Header.png?fit=1920%2C1080&resize=700%2C400 2x, https:\/\/about.fb.com\/br\/wp-content\/uploads\/sites\/11\/2025\/12\/Facebook-Profile-Simplification_Header.png?fit=1920%2C1080&resize=1050%2C600 3x, https:\/\/about.fb.com\/br\/wp-content\/uploads\/sites\/11\/2025\/12\/Facebook-Profile-Simplification_Header.png?fit=1920%2C1080&resize=1400%2C800 4x"},"classes":[]},{"id":27097,"url":"https:\/\/about.fb.com\/br\/news\/2026\/04\/ajudando-pais-a-entender-as-conversas-que-seus-adolescentes-estao-tendo-com-ia\/","url_meta":{"origin":22834,"position":1},"title":"Ajudando pais a entender as conversas que seus adolescentes est\u00e3o tendo com IA","author":"Meta","date":"23\/04\/2026","format":false,"excerpt":"Em outubro do ano passado, anunciamos que est\u00e1vamos desenvolvendo novas formas de apoiar os pais na miss\u00e3o de acompanhar e orientar seus filhos adolescentes no universo da Intelig\u00eancia Artificial. Isso inclui fornecer aos pais informa\u00e7\u00f5es sobre os t\u00f3picos a respeito dos quais seus adolescentes t\u00eam interagido com o assistente de\u2026","rel":"","context":"In &quot;Facebook&quot;","block_context":{"text":"Facebook","link":"https:\/\/about.fb.com\/br\/news\/category\/technologies\/facebook\/"},"img":{"alt_text":"","src":"https:\/\/about.fb.com\/br\/wp-content\/uploads\/sites\/11\/2026\/04\/AI-Youth-Saftey_Header.jpg?fit=1920%2C1080&resize=350%2C200","width":350,"height":200,"srcset":"https:\/\/about.fb.com\/br\/wp-content\/uploads\/sites\/11\/2026\/04\/AI-Youth-Saftey_Header.jpg?fit=1920%2C1080&resize=350%2C200 1x, https:\/\/about.fb.com\/br\/wp-content\/uploads\/sites\/11\/2026\/04\/AI-Youth-Saftey_Header.jpg?fit=1920%2C1080&resize=525%2C300 1.5x, https:\/\/about.fb.com\/br\/wp-content\/uploads\/sites\/11\/2026\/04\/AI-Youth-Saftey_Header.jpg?fit=1920%2C1080&resize=700%2C400 2x, https:\/\/about.fb.com\/br\/wp-content\/uploads\/sites\/11\/2026\/04\/AI-Youth-Saftey_Header.jpg?fit=1920%2C1080&resize=1050%2C600 3x, https:\/\/about.fb.com\/br\/wp-content\/uploads\/sites\/11\/2026\/04\/AI-Youth-Saftey_Header.jpg?fit=1920%2C1080&resize=1400%2C800 4x"},"classes":[]},{"id":26752,"url":"https:\/\/about.fb.com\/br\/news\/2025\/10\/mes-da-conscientizacao-sobre-ciberseguranca-ajudando-idosos-a-evitar-golpes-online\/","url_meta":{"origin":22834,"position":2},"title":"M\u00eas da Conscientiza\u00e7\u00e3o sobre Ciberseguran\u00e7a: Ajudando idosos a evitar golpes online","author":"Meta","date":"21\/10\/2025","format":false,"excerpt":"O Relat\u00f3rio de Crimes Cibern\u00e9ticos de 2024 do FBI indica que adultos com 60 anos ou mais nos EUA perderam um valor combinado de 4,8 bilh\u00f5es de d\u00f3lares em golpes somente em\u00a0 2024. Criminosos usam uma variedade de t\u00e1ticas para ganhar a confian\u00e7a das pessoas e, em determinadas circunst\u00e2ncias, comprometem\u2026","rel":"","context":"In &quot;Dados e Privacidade&quot;","block_context":{"text":"Dados e Privacidade","link":"https:\/\/about.fb.com\/br\/news\/category\/temas-home\/dados-e-privacidade\/"},"img":{"alt_text":"","src":"https:\/\/about.fb.com\/br\/wp-content\/uploads\/sites\/11\/2025\/10\/Cybersecurity-Awareness-Month_Header.jpg?fit=1920%2C1080&resize=350%2C200","width":350,"height":200,"srcset":"https:\/\/about.fb.com\/br\/wp-content\/uploads\/sites\/11\/2025\/10\/Cybersecurity-Awareness-Month_Header.jpg?fit=1920%2C1080&resize=350%2C200 1x, https:\/\/about.fb.com\/br\/wp-content\/uploads\/sites\/11\/2025\/10\/Cybersecurity-Awareness-Month_Header.jpg?fit=1920%2C1080&resize=525%2C300 1.5x, https:\/\/about.fb.com\/br\/wp-content\/uploads\/sites\/11\/2025\/10\/Cybersecurity-Awareness-Month_Header.jpg?fit=1920%2C1080&resize=700%2C400 2x, https:\/\/about.fb.com\/br\/wp-content\/uploads\/sites\/11\/2025\/10\/Cybersecurity-Awareness-Month_Header.jpg?fit=1920%2C1080&resize=1050%2C600 3x, https:\/\/about.fb.com\/br\/wp-content\/uploads\/sites\/11\/2025\/10\/Cybersecurity-Awareness-Month_Header.jpg?fit=1920%2C1080&resize=1400%2C800 4x"},"classes":[]},{"id":26838,"url":"https:\/\/about.fb.com\/br\/news\/2025\/12\/facilitando-o-acesso-ao-suporte-de-conta-no-facebook-e-instagram\/","url_meta":{"origin":22834,"position":3},"title":"Facilitando o acesso ao suporte de conta no Facebook e Instagram","author":"Meta","date":"04\/12\/2025","format":false,"excerpt":"\u00a0 Destaque Estamos tornando mais f\u00e1cil\u00a0 o acesso ao\u00a0 nosso\u00a0 suporte de conta 24 horas no Facebook e Instagram,com novas ferramentas,\u00a0 incluindo\u00a0 um hub de suporte centralizado. No \u00faltimo ano, novos casos de invas\u00e3o de contas diminu\u00edram mais de 30% globalmente no Facebook e Instagram, e a recupera\u00e7\u00e3o de contas\u2026","rel":"","context":"In &quot;Feed - Categorias&quot;","block_context":{"text":"Feed - Categorias","link":"https:\/\/about.fb.com\/br\/news\/category\/technologies\/"},"img":{"alt_text":"","src":"https:\/\/about.fb.com\/br\/wp-content\/uploads\/sites\/11\/2025\/12\/01_Support-Hubsmall-entry_Carousel-01.gif?resize=350%2C200","width":350,"height":200,"srcset":"https:\/\/about.fb.com\/br\/wp-content\/uploads\/sites\/11\/2025\/12\/01_Support-Hubsmall-entry_Carousel-01.gif?resize=350%2C200 1x, https:\/\/about.fb.com\/br\/wp-content\/uploads\/sites\/11\/2025\/12\/01_Support-Hubsmall-entry_Carousel-01.gif?resize=525%2C300 1.5x, https:\/\/about.fb.com\/br\/wp-content\/uploads\/sites\/11\/2025\/12\/01_Support-Hubsmall-entry_Carousel-01.gif?resize=700%2C400 2x"},"classes":[]},{"id":26109,"url":"https:\/\/about.fb.com\/br\/news\/2025\/01\/apresentando-anuncios-no-threads-amplie-suas-campanhas-para-uma-comunidade-em-constante-crescimento\/","url_meta":{"origin":22834,"position":4},"title":"Apresentando an\u00fancios no Threads: Amplie suas campanhas para uma comunidade em constante crescimento","author":"Meta","date":"24\/01\/2025","format":false,"excerpt":"Atualiza\u00e7\u00e3o em 23 de abril de 2025: As pessoas v\u00eam aos aplicativos da Meta em busca de uma experi\u00eancia personalizada, que as ajude a descobrir neg\u00f3cios e conte\u00fados de que gostam \u2014 e os an\u00fancios s\u00e3o uma parte essencial para tornar isso poss\u00edvel. Para ajudar as pessoas a se conectarem\u2026","rel":"","context":"In &quot;Meta&quot;","block_context":{"text":"Meta","link":"https:\/\/about.fb.com\/br\/news\/category\/temas-home\/meta\/"},"img":{"alt_text":"","src":"https:\/\/about.fb.com\/br\/wp-content\/uploads\/sites\/11\/2025\/01\/asasasas.png?resize=350%2C200","width":350,"height":200},"classes":[]},{"id":26358,"url":"https:\/\/about.fb.com\/br\/news\/2025\/04\/tudo-o-que-anunciamos-no-nosso-primeiro-llamacon\/","url_meta":{"origin":22834,"position":5},"title":"Tudo o que anunciamos no nosso primeiro LlamaCon","author":"Meta","date":"29\/04\/2025","format":false,"excerpt":"O LlamaCon come\u00e7ou oficialmente. Nosso evento inaugural integra desenvolvedores do mundo todo que t\u00eam algo em comum: a paix\u00e3o por construir com o Llama. J\u00e1 se passaram pouco mais de dois anos desde o lan\u00e7amento do Llama. Nesse per\u00edodo, ultrapassamos a marca de um bilh\u00e3o de downloads e, o mais\u2026","rel":"","context":"In &quot;Recent News&quot;","block_context":{"text":"Recent News","link":"https:\/\/about.fb.com\/br\/news\/category\/recent-news\/"},"img":{"alt_text":"","src":"https:\/\/about.fb.com\/br\/wp-content\/uploads\/sites\/11\/2025\/04\/493340882_1363289474727356_6058337847885698893_n.png?fit=1920%2C1080&resize=350%2C200","width":350,"height":200,"srcset":"https:\/\/about.fb.com\/br\/wp-content\/uploads\/sites\/11\/2025\/04\/493340882_1363289474727356_6058337847885698893_n.png?fit=1920%2C1080&resize=350%2C200 1x, https:\/\/about.fb.com\/br\/wp-content\/uploads\/sites\/11\/2025\/04\/493340882_1363289474727356_6058337847885698893_n.png?fit=1920%2C1080&resize=525%2C300 1.5x, https:\/\/about.fb.com\/br\/wp-content\/uploads\/sites\/11\/2025\/04\/493340882_1363289474727356_6058337847885698893_n.png?fit=1920%2C1080&resize=700%2C400 2x, https:\/\/about.fb.com\/br\/wp-content\/uploads\/sites\/11\/2025\/04\/493340882_1363289474727356_6058337847885698893_n.png?fit=1920%2C1080&resize=1050%2C600 3x, https:\/\/about.fb.com\/br\/wp-content\/uploads\/sites\/11\/2025\/04\/493340882_1363289474727356_6058337847885698893_n.png?fit=1920%2C1080&resize=1400%2C800 4x"},"classes":[]}],"jetpack_sharing_enabled":true,"amp_enabled":true,"_links":{"self":[{"href":"https:\/\/about.fb.com\/br\/wp-json\/wp\/v2\/posts\/22834","targetHints":{"allow":["GET"]}}],"collection":[{"href":"https:\/\/about.fb.com\/br\/wp-json\/wp\/v2\/posts"}],"about":[{"href":"https:\/\/about.fb.com\/br\/wp-json\/wp\/v2\/types\/post"}],"author":[{"embeddable":true,"href":"https:\/\/about.fb.com\/br\/wp-json\/wp\/v2\/users\/81109636"}],"replies":[{"embeddable":true,"href":"https:\/\/about.fb.com\/br\/wp-json\/wp\/v2\/comments?post=22834"}],"version-history":[{"count":1,"href":"https:\/\/about.fb.com\/br\/wp-json\/wp\/v2\/posts\/22834\/revisions"}],"predecessor-version":[{"id":22846,"href":"https:\/\/about.fb.com\/br\/wp-json\/wp\/v2\/posts\/22834\/revisions\/22846"}],"wp:featuredmedia":[{"embeddable":true,"href":"https:\/\/about.fb.com\/br\/wp-json\/wp\/v2\/media\/22845"}],"wp:attachment":[{"href":"https:\/\/about.fb.com\/br\/wp-json\/wp\/v2\/media?parent=22834"}],"wp:term":[{"taxonomy":"category","embeddable":true,"href":"https:\/\/about.fb.com\/br\/wp-json\/wp\/v2\/categories?post=22834"},{"taxonomy":"post_tag","embeddable":true,"href":"https:\/\/about.fb.com\/br\/wp-json\/wp\/v2\/tags?post=22834"}],"curies":[{"name":"wp","href":"https:\/\/api.w.org\/{rel}","templated":true}]}}